{"id":458830,"date":"2013-12-06T23:04:21","date_gmt":"2013-12-07T00:04:21","guid":{"rendered":"http:\/\/www.eldigitaldeasturias.com\/noticias\/?p=458830"},"modified":"2013-12-06T23:04:21","modified_gmt":"2013-12-07T00:04:21","slug":"bayona-reclama-educacion-y-talento-ante-la-crisis-en-la-industria-del-cine","status":"publish","type":"post","link":"https:\/\/www.eldigitaldeasturias.com\/noticias\/bayona-reclama-educacion-y-talento-ante-la-crisis-en-la-industria-del-cine\/","title":{"rendered":"Bayona reclama \u00abeducaci\u00f3n\u00bb y \u00abtalento\u00bb ante la crisis en la industria del cine"},"content":{"rendered":"<p><img loading=\"lazy\" decoding=\"async\" class=\"alignleft size-medium wp-image-458831\" alt=\"5777147w\" src=\"https:\/\/www.eldigitaldeasturias.com\/noticias\/wp-content\/uploads\/2013\/12\/5777147w-360x262.jpg\" width=\"360\" height=\"262\" \/>Almer\u00eda, 6 dic (EFE).- El director de cine Juan Antonio Bayona ha reclamado hoy \u00abm\u00e1s educaci\u00f3n\u00bb en Espa\u00f1a respecto al cine y a la cultura en general, \u00abcomo la que tienen los franceses\u00bb y ha lamentado que existan profesionales en el pa\u00eds \u00abcon mucho talento, pero no haya la producci\u00f3n suficiente\u00bb para que trabajen.<\/p>\n<p>\u00abEs lo grave de la crisis\u00bb, ha asegurado en Almer\u00eda, donde ha participado en el XII festival internacional de cortometrajes Almer\u00eda en Corto, que ha incluido un encuentro con el p\u00fablico durante el que ha repasado su carrera desde sus inicios, cuando rodaba cortos y v\u00eddeos musicales.<\/p>\n<p>\u00abEstar\u00eda bien que tuvi\u00e9ramos la educaci\u00f3n respecto a la cultura que tienen los franceses\u00bb, aunque ha recordado que tambi\u00e9n se est\u00e1 haciendo \u00abmucho cine bueno espa\u00f1ol con cuatro duros\u00bb.<\/p>\n<p>Bayona (Barcelona, 1975) ha a\u00f1adido que \u00abla gente si tiene talento va a hacer cosas porque el talento es gratis. Lo que pasa es que hay que estimularlo y la educaci\u00f3n empieza en casa\u00bb.<\/p>\n<p>El director de \u00abLo imposible\u00bb, la pel\u00edcula m\u00e1s taquillera del cine espa\u00f1ol, con 131 millones de euros recaudados en todo el mundo, ha asegurado que en estos momentos \u00abhay una purga y no se rueda todo, y eso est\u00e1 bien, porque antes se rodaban algunas cosas sin mucho sentido\u00bb.<\/p>\n<p>Tambi\u00e9n ha insistido en la necesidad de \u00abser conscientes de lo que cuestan las cosas\u00bb, haciendo alusi\u00f3n a la pirater\u00eda, de la que ha dicho que \u00abno s\u00f3lo es el mal\u00bb para la industria cinematogr\u00e1fica aunque \u00abs\u00ed un agravante\u00bb.<\/p>\n<p>\u00abEl otro d\u00eda viendo el saqueo en Argentina pens\u00e9: esto es como la pirater\u00eda, pero en anal\u00f3gico\u00bb, ha manifestado, agregando que \u00abel problema no es en s\u00ed la pirater\u00eda. Si una persona puede pagar un euro por ver una pel\u00edcula, no lo paga y la ve gratis\u00bb.<\/p>\n<p>Bayona, que rueda en Dubl\u00edn su pr\u00f3xima pel\u00edcula, de la que no ha desvelado a\u00fan detalles, ha explicado que la pr\u00f3xima semana entregar\u00e1 el montaje del cap\u00edtulo que ha rodado en Inglaterra para la serie \u00abPenny Dreadful\u00bb, ambientada en el Londres victoriano.<\/p>\n<p>\u00abLa semana que viene entregamos el montaje y me queda la sensaci\u00f3n rara de entregar a un hijo a medio hacer\u00bb, ha bromeado, y ha a\u00f1adido que ha sido una experiencia \u00abinteresante por lo diferente que es el medio televisivo del cine\u00bb.<\/p>\n<p>Tambi\u00e9n ha explicado que \u00abla suerte de hacer cine es que puedes hacer m\u00e1s de una toma\u00bb, y que las suele repetir \u00abno porque el actor lo haya hecho mal, sino para saber hasta d\u00f3nde pueden llegar\u00bb.<\/p>\n<p>Bayona ha explicado que selecciona a sus actores teniendo en cuenta \u00abque lleven parte del personaje encima. Los actores no son buenos o malos, sino que les sienta mejor o peor el papel\u00bb.<\/p>\n<p>El director, ganador de dos premios Goya, ha dicho detestar los halagos porque \u00abdebilitan\u00bb aunque ha tenido \u00abla suerte\u00bb de haber nacido en Espa\u00f1a \u00aby haber llamado la atenci\u00f3n fuera. Pero quiero creer que me quiero quedar y trabajar aqu\u00ed porque hay un plantel de t\u00e9cnicos y profesionales estupendos\u00bb.<\/p>\n","protected":false},"excerpt":{"rendered":"<p>Almer\u00eda, 6 dic (EFE).- El director de cine Juan Antonio Bayona ha reclamado hoy \u00abm\u00e1s educaci\u00f3n\u00bb en Espa\u00f1a respecto al cine y a la cultura en general, \u00abcomo la que tienen los franceses\u00bb y ha lamentado que existan profesionales en el pa\u00eds \u00abcon mucho talento, pero no haya la producci\u00f3n suficiente\u00bb para que trabajen. \u00abEs [&hellip;]<\/p>\n","protected":false},"author":1,"featured_media":458831,"comment_status":"closed","ping_status":"open","sticky":false,"template":"","format":"standard","meta":{"footnotes":""},"categories":[50],"tags":[],"class_list":["post-458830","post","type-post","status-publish","format-standard","has-post-thumbnail","hentry","category-revista-de-ocio"],"aioseo_notices":[],"aioseo_head":"\n\t\t<!-- All in One SEO Pro 5.0.1 - aioseo.com -->\n\t<meta name=\"description\" content=\"Almer\u00eda, 6 dic (EFE).- El director de cine Juan Antonio Bayona ha reclamado hoy &quot;m\u00e1s educaci\u00f3n&quot; en Espa\u00f1a respecto al cine y a la cultura en general, &quot;como la que tienen los franceses&quot; y ha lamentado que existan profesionales en el pa\u00eds &quot;con mucho talento, pero no haya la producci\u00f3n suficiente&quot; para que trabajen. &quot;Es\" \/>\n\t<meta name=\"robots\" content=\"max-image-preview:large\" \/>\n\t<meta name=\"author\" content=\"El Digital de Asturias\"\/>\n\t<meta name=\"google-site-verification\" content=\"UA-38556648-1\" \/>\n\t<meta name=\"msvalidate.01\" content=\"7dfe9f3f1b24437ab69f4f2559babe99\" \/>\n\t<meta name=\"keywords\" content=\"revista de ocio\" \/>\n\t<link rel=\"canonical\" href=\"https:\/\/www.eldigitaldeasturias.com\/noticias\/bayona-reclama-educacion-y-talento-ante-la-crisis-en-la-industria-del-cine\/\" \/>\n\t<meta name=\"generator\" content=\"All in One SEO Pro (AIOSEO) 5.0.1\" \/>\n\t\t<meta property=\"og:locale\" content=\"es_ES\" \/>\n\t\t<meta property=\"og:site_name\" content=\"El Digital de Asturias\" \/>\n\t\t<meta property=\"og:type\" content=\"article\" \/>\n\t\t<meta property=\"og:title\" content=\"Bayona reclama \u00abeducaci\u00f3n\u00bb y \u00abtalento\u00bb ante la crisis en la industria del cine - El Digital de Asturias\" \/>\n\t\t<meta property=\"og:description\" content=\"Almer\u00eda, 6 dic (EFE).- El director de cine Juan Antonio Bayona ha reclamado hoy &quot;m\u00e1s educaci\u00f3n&quot; en Espa\u00f1a respecto al cine y a la cultura en general, &quot;como la que tienen los franceses&quot; y ha lamentado que existan profesionales en el pa\u00eds &quot;con mucho talento, pero no haya la producci\u00f3n suficiente&quot; para que trabajen. &quot;Es\" \/>\n\t\t<meta property=\"og:url\" content=\"https:\/\/www.eldigitaldeasturias.com\/noticias\/bayona-reclama-educacion-y-talento-ante-la-crisis-en-la-industria-del-cine\/\" \/>\n\t\t<meta property=\"article:tag\" content=\"revista de ocio\" \/>\n\t\t<meta property=\"article:published_time\" content=\"2013-12-07T00:04:21+00:00\" \/>\n\t\t<meta property=\"article:modified_time\" content=\"2013-12-07T00:04:21+00:00\" \/>\n\t\t<meta property=\"article:publisher\" content=\"https:\/\/facebook.com\/eldigitaldeasturias\" \/>\n\t\t<meta name=\"twitter:card\" content=\"summary_large_image\" \/>\n\t\t<meta name=\"twitter:title\" content=\"Bayona reclama \u00abeducaci\u00f3n\u00bb y \u00abtalento\u00bb ante la crisis en la industria del cine - El Digital de Asturias\" \/>\n\t\t<meta name=\"twitter:description\" content=\"Almer\u00eda, 6 dic (EFE).- El director de cine Juan Antonio Bayona ha reclamado hoy &quot;m\u00e1s educaci\u00f3n&quot; en Espa\u00f1a respecto al cine y a la cultura en general, &quot;como la que tienen los franceses&quot; y ha lamentado que existan profesionales en el pa\u00eds &quot;con mucho talento, pero no haya la producci\u00f3n suficiente&quot; para que trabajen. &quot;Es\" \/>\n\t\t<meta name=\"twitter:label1\" content=\"Escrito por\" \/>\n\t\t<meta name=\"twitter:data1\" content=\"El Digital de Asturias\" \/>\n\t\t<meta name=\"twitter:label2\" content=\"Tiempo de lectura estimado\" \/>\n\t\t<meta name=\"twitter:data2\" content=\"3 minutos\" \/>\n\t\t<script type=\"application\/ld+json\" class=\"aioseo-schema\">\n\t\t\t{\"@context\":\"https:\\\/\\\/schema.org\",\"@graph\":[{\"@type\":\"BlogPosting\",\"@id\":\"https:\\\/\\\/www.eldigitaldeasturias.com\\\/noticias\\\/bayona-reclama-educacion-y-talento-ante-la-crisis-en-la-industria-del-cine\\\/#blogposting\",\"name\":\"Bayona reclama \\u00abeducaci\\u00f3n\\u00bb y \\u00abtalento\\u00bb ante la crisis en la industria del cine - El Digital de Asturias\",\"headline\":\"Bayona reclama \\u00abeducaci\\u00f3n\\u00bb y \\u00abtalento\\u00bb ante la crisis en la industria del cine\",\"author\":{\"@id\":\"https:\\\/\\\/www.eldigitaldeasturias.com\\\/noticias\\\/author\\\/admin\\\/#author\"},\"publisher\":{\"@id\":\"https:\\\/\\\/www.eldigitaldeasturias.com\\\/noticias\\\/#organization\"},\"image\":{\"@type\":\"ImageObject\",\"url\":458831},\"datePublished\":\"2013-12-06T23:04:21+01:00\",\"dateModified\":\"2013-12-06T23:04:21+01:00\",\"inLanguage\":\"es-ES\",\"mainEntityOfPage\":{\"@id\":\"https:\\\/\\\/www.eldigitaldeasturias.com\\\/noticias\\\/bayona-reclama-educacion-y-talento-ante-la-crisis-en-la-industria-del-cine\\\/#webpage\"},\"isPartOf\":{\"@id\":\"https:\\\/\\\/www.eldigitaldeasturias.com\\\/noticias\\\/bayona-reclama-educacion-y-talento-ante-la-crisis-en-la-industria-del-cine\\\/#webpage\"},\"articleSection\":\"Revista de Ocio\"},{\"@type\":\"BreadcrumbList\",\"@id\":\"https:\\\/\\\/www.eldigitaldeasturias.com\\\/noticias\\\/bayona-reclama-educacion-y-talento-ante-la-crisis-en-la-industria-del-cine\\\/#breadcrumblist\",\"itemListElement\":[{\"@type\":\"ListItem\",\"@id\":\"https:\\\/\\\/www.eldigitaldeasturias.com\\\/noticias#listItem\",\"position\":1,\"name\":\"Home\",\"item\":\"https:\\\/\\\/www.eldigitaldeasturias.com\\\/noticias\",\"nextItem\":{\"@type\":\"ListItem\",\"@id\":\"https:\\\/\\\/www.eldigitaldeasturias.com\\\/noticias\\\/category\\\/revista-de-ocio\\\/#listItem\",\"name\":\"Revista de Ocio\"}},{\"@type\":\"ListItem\",\"@id\":\"https:\\\/\\\/www.eldigitaldeasturias.com\\\/noticias\\\/category\\\/revista-de-ocio\\\/#listItem\",\"position\":2,\"name\":\"Revista de Ocio\",\"item\":\"https:\\\/\\\/www.eldigitaldeasturias.com\\\/noticias\\\/category\\\/revista-de-ocio\\\/\",\"nextItem\":{\"@type\":\"ListItem\",\"@id\":\"https:\\\/\\\/www.eldigitaldeasturias.com\\\/noticias\\\/bayona-reclama-educacion-y-talento-ante-la-crisis-en-la-industria-del-cine\\\/#listItem\",\"name\":\"Bayona reclama \\u00abeducaci\\u00f3n\\u00bb y \\u00abtalento\\u00bb ante la crisis en la industria del cine\"},\"previousItem\":{\"@type\":\"ListItem\",\"@id\":\"https:\\\/\\\/www.eldigitaldeasturias.com\\\/noticias#listItem\",\"name\":\"Home\"}},{\"@type\":\"ListItem\",\"@id\":\"https:\\\/\\\/www.eldigitaldeasturias.com\\\/noticias\\\/bayona-reclama-educacion-y-talento-ante-la-crisis-en-la-industria-del-cine\\\/#listItem\",\"position\":3,\"name\":\"Bayona reclama \\u00abeducaci\\u00f3n\\u00bb y \\u00abtalento\\u00bb ante la crisis en la industria del cine\",\"previousItem\":{\"@type\":\"ListItem\",\"@id\":\"https:\\\/\\\/www.eldigitaldeasturias.com\\\/noticias\\\/category\\\/revista-de-ocio\\\/#listItem\",\"name\":\"Revista de Ocio\"}}]},{\"@type\":\"Organization\",\"@id\":\"https:\\\/\\\/www.eldigitaldeasturias.com\\\/noticias\\\/#organization\",\"name\":\"El Digital de Asturias\",\"description\":\"Hemeroteca\",\"url\":\"https:\\\/\\\/www.eldigitaldeasturias.com\\\/noticias\\\/\",\"email\":\"info@eldigitaldeasturias.com\",\"telephone\":\"+34652131393\",\"logo\":{\"@type\":\"ImageObject\",\"url\":\"https:\\\/\\\/www.eldigitaldeasturias.com\\\/noticias\\\/wp-content\\\/uploads\\\/2020\\\/12\\\/EDA.jpg\",\"@id\":\"https:\\\/\\\/www.eldigitaldeasturias.com\\\/noticias\\\/bayona-reclama-educacion-y-talento-ante-la-crisis-en-la-industria-del-cine\\\/#organizationLogo\"},\"image\":{\"@id\":\"https:\\\/\\\/www.eldigitaldeasturias.com\\\/noticias\\\/bayona-reclama-educacion-y-talento-ante-la-crisis-en-la-industria-del-cine\\\/#organizationLogo\"},\"sameAs\":[\"https:\\\/\\\/facebook.com\\\/eldigitaldeasturias\",\"https:\\\/\\\/www.youtube.com\\\/channel\\\/UCZP-2wLEB9Rv6erhFmqVnvg\"],\"address\":{\"@id\":\"https:\\\/\\\/www.eldigitaldeasturias.com\\\/noticias\\\/#postaladdress\",\"@type\":\"PostalAddress\",\"streetAddress\":\"san antonio 4\",\"postalCode\":\"33430\",\"addressLocality\":\"Cand\\u00e1s\",\"addressRegion\":\"Asturias\",\"addressCountry\":\"ES\"}},{\"@type\":\"Person\",\"@id\":\"https:\\\/\\\/www.eldigitaldeasturias.com\\\/noticias\\\/author\\\/admin\\\/#author\",\"url\":\"https:\\\/\\\/www.eldigitaldeasturias.com\\\/noticias\\\/author\\\/admin\\\/\",\"name\":\"El Digital de Asturias\",\"image\":{\"@type\":\"ImageObject\",\"@id\":\"https:\\\/\\\/www.eldigitaldeasturias.com\\\/noticias\\\/bayona-reclama-educacion-y-talento-ante-la-crisis-en-la-industria-del-cine\\\/#authorImage\",\"url\":\"https:\\\/\\\/secure.gravatar.com\\\/avatar\\\/df2aeffc32bcd13f8d26072ef8a91b623d677766deac7f97ca815868cd41bf5e?s=96&d=mm&r=g\",\"width\":96,\"height\":96,\"caption\":\"El Digital de Asturias\"}},{\"@type\":\"WebPage\",\"@id\":\"https:\\\/\\\/www.eldigitaldeasturias.com\\\/noticias\\\/bayona-reclama-educacion-y-talento-ante-la-crisis-en-la-industria-del-cine\\\/#webpage\",\"url\":\"https:\\\/\\\/www.eldigitaldeasturias.com\\\/noticias\\\/bayona-reclama-educacion-y-talento-ante-la-crisis-en-la-industria-del-cine\\\/\",\"name\":\"Bayona reclama \\u00abeducaci\\u00f3n\\u00bb y \\u00abtalento\\u00bb ante la crisis en la industria del cine - El Digital de Asturias\",\"description\":\"Almer\\u00eda, 6 dic (EFE).- El director de cine Juan Antonio Bayona ha reclamado hoy \\\"m\\u00e1s educaci\\u00f3n\\\" en Espa\\u00f1a respecto al cine y a la cultura en general, \\\"como la que tienen los franceses\\\" y ha lamentado que existan profesionales en el pa\\u00eds \\\"con mucho talento, pero no haya la producci\\u00f3n suficiente\\\" para que trabajen. \\\"Es\",\"inLanguage\":\"es-ES\",\"isPartOf\":{\"@id\":\"https:\\\/\\\/www.eldigitaldeasturias.com\\\/noticias\\\/#website\"},\"breadcrumb\":{\"@id\":\"https:\\\/\\\/www.eldigitaldeasturias.com\\\/noticias\\\/bayona-reclama-educacion-y-talento-ante-la-crisis-en-la-industria-del-cine\\\/#breadcrumblist\"},\"author\":{\"@id\":\"https:\\\/\\\/www.eldigitaldeasturias.com\\\/noticias\\\/author\\\/admin\\\/#author\"},\"creator\":{\"@id\":\"https:\\\/\\\/www.eldigitaldeasturias.com\\\/noticias\\\/author\\\/admin\\\/#author\"},\"image\":{\"@type\":\"ImageObject\",\"url\":458831,\"@id\":\"https:\\\/\\\/www.eldigitaldeasturias.com\\\/noticias\\\/bayona-reclama-educacion-y-talento-ante-la-crisis-en-la-industria-del-cine\\\/#mainImage\"},\"primaryImageOfPage\":{\"@id\":\"https:\\\/\\\/www.eldigitaldeasturias.com\\\/noticias\\\/bayona-reclama-educacion-y-talento-ante-la-crisis-en-la-industria-del-cine\\\/#mainImage\"},\"datePublished\":\"2013-12-06T23:04:21+01:00\",\"dateModified\":\"2013-12-06T23:04:21+01:00\"},{\"@type\":\"WebSite\",\"@id\":\"https:\\\/\\\/www.eldigitaldeasturias.com\\\/noticias\\\/#website\",\"url\":\"https:\\\/\\\/www.eldigitaldeasturias.com\\\/noticias\\\/\",\"name\":\"El Digital de Asturias - Diario de actualidad y noticias\",\"alternateName\":\"El Digital de Asturias - Diario de actualidad y noticias\",\"description\":\"Hemeroteca\",\"inLanguage\":\"es-ES\",\"publisher\":{\"@id\":\"https:\\\/\\\/www.eldigitaldeasturias.com\\\/noticias\\\/#organization\"}}]}\n\t\t<\/script>\n\t\t<!-- All in One SEO Pro -->\r\n\t\t<title>Bayona reclama \u00abeducaci\u00f3n\u00bb y \u00abtalento\u00bb ante la crisis en la industria del cine - El Digital de Asturias<\/title>\n\n","aioseo_head_json":{"title":"Bayona reclama \u00abeducaci\u00f3n\u00bb y \u00abtalento\u00bb ante la crisis en la industria del cine - El Digital de Asturias","description":"Almer\u00eda, 6 dic (EFE).- El director de cine Juan Antonio Bayona ha reclamado hoy \"m\u00e1s educaci\u00f3n\" en Espa\u00f1a respecto al cine y a la cultura en general, \"como la que tienen los franceses\" y ha lamentado que existan profesionales en el pa\u00eds \"con mucho talento, pero no haya la producci\u00f3n suficiente\" para que trabajen. \"Es","canonical_url":"https:\/\/www.eldigitaldeasturias.com\/noticias\/bayona-reclama-educacion-y-talento-ante-la-crisis-en-la-industria-del-cine\/","robots":"max-image-preview:large","keywords":"revista de ocio","webmasterTools":{"google-site-verification":"UA-38556648-1","msvalidate.01":"7dfe9f3f1b24437ab69f4f2559babe99","miscellaneous":""},"schema":{"@context":"https:\/\/schema.org","@graph":[{"@type":"BlogPosting","@id":"https:\/\/www.eldigitaldeasturias.com\/noticias\/bayona-reclama-educacion-y-talento-ante-la-crisis-en-la-industria-del-cine\/#blogposting","name":"Bayona reclama \u00abeducaci\u00f3n\u00bb y \u00abtalento\u00bb ante la crisis en la industria del cine - El Digital de Asturias","headline":"Bayona reclama \u00abeducaci\u00f3n\u00bb y \u00abtalento\u00bb ante la crisis en la industria del cine","author":{"@id":"https:\/\/www.eldigitaldeasturias.com\/noticias\/author\/admin\/#author"},"publisher":{"@id":"https:\/\/www.eldigitaldeasturias.com\/noticias\/#organization"},"image":{"@type":"ImageObject","url":458831},"datePublished":"2013-12-06T23:04:21+01:00","dateModified":"2013-12-06T23:04:21+01:00","inLanguage":"es-ES","mainEntityOfPage":{"@id":"https:\/\/www.eldigitaldeasturias.com\/noticias\/bayona-reclama-educacion-y-talento-ante-la-crisis-en-la-industria-del-cine\/#webpage"},"isPartOf":{"@id":"https:\/\/www.eldigitaldeasturias.com\/noticias\/bayona-reclama-educacion-y-talento-ante-la-crisis-en-la-industria-del-cine\/#webpage"},"articleSection":"Revista de Ocio"},{"@type":"BreadcrumbList","@id":"https:\/\/www.eldigitaldeasturias.com\/noticias\/bayona-reclama-educacion-y-talento-ante-la-crisis-en-la-industria-del-cine\/#breadcrumblist","itemListElement":[{"@type":"ListItem","@id":"https:\/\/www.eldigitaldeasturias.com\/noticias#listItem","position":1,"name":"Home","item":"https:\/\/www.eldigitaldeasturias.com\/noticias","nextItem":{"@type":"ListItem","@id":"https:\/\/www.eldigitaldeasturias.com\/noticias\/category\/revista-de-ocio\/#listItem","name":"Revista de Ocio"}},{"@type":"ListItem","@id":"https:\/\/www.eldigitaldeasturias.com\/noticias\/category\/revista-de-ocio\/#listItem","position":2,"name":"Revista de Ocio","item":"https:\/\/www.eldigitaldeasturias.com\/noticias\/category\/revista-de-ocio\/","nextItem":{"@type":"ListItem","@id":"https:\/\/www.eldigitaldeasturias.com\/noticias\/bayona-reclama-educacion-y-talento-ante-la-crisis-en-la-industria-del-cine\/#listItem","name":"Bayona reclama \u00abeducaci\u00f3n\u00bb y \u00abtalento\u00bb ante la crisis en la industria del cine"},"previousItem":{"@type":"ListItem","@id":"https:\/\/www.eldigitaldeasturias.com\/noticias#listItem","name":"Home"}},{"@type":"ListItem","@id":"https:\/\/www.eldigitaldeasturias.com\/noticias\/bayona-reclama-educacion-y-talento-ante-la-crisis-en-la-industria-del-cine\/#listItem","position":3,"name":"Bayona reclama \u00abeducaci\u00f3n\u00bb y \u00abtalento\u00bb ante la crisis en la industria del cine","previousItem":{"@type":"ListItem","@id":"https:\/\/www.eldigitaldeasturias.com\/noticias\/category\/revista-de-ocio\/#listItem","name":"Revista de Ocio"}}]},{"@type":"Organization","@id":"https:\/\/www.eldigitaldeasturias.com\/noticias\/#organization","name":"El Digital de Asturias","description":"Hemeroteca","url":"https:\/\/www.eldigitaldeasturias.com\/noticias\/","email":"info@eldigitaldeasturias.com","telephone":"+34652131393","logo":{"@type":"ImageObject","url":"https:\/\/www.eldigitaldeasturias.com\/noticias\/wp-content\/uploads\/2020\/12\/EDA.jpg","@id":"https:\/\/www.eldigitaldeasturias.com\/noticias\/bayona-reclama-educacion-y-talento-ante-la-crisis-en-la-industria-del-cine\/#organizationLogo"},"image":{"@id":"https:\/\/www.eldigitaldeasturias.com\/noticias\/bayona-reclama-educacion-y-talento-ante-la-crisis-en-la-industria-del-cine\/#organizationLogo"},"sameAs":["https:\/\/facebook.com\/eldigitaldeasturias","https:\/\/www.youtube.com\/channel\/UCZP-2wLEB9Rv6erhFmqVnvg"],"address":{"@id":"https:\/\/www.eldigitaldeasturias.com\/noticias\/#postaladdress","@type":"PostalAddress","streetAddress":"san antonio 4","postalCode":"33430","addressLocality":"Cand\u00e1s","addressRegion":"Asturias","addressCountry":"ES"}},{"@type":"Person","@id":"https:\/\/www.eldigitaldeasturias.com\/noticias\/author\/admin\/#author","url":"https:\/\/www.eldigitaldeasturias.com\/noticias\/author\/admin\/","name":"El Digital de Asturias","image":{"@type":"ImageObject","@id":"https:\/\/www.eldigitaldeasturias.com\/noticias\/bayona-reclama-educacion-y-talento-ante-la-crisis-en-la-industria-del-cine\/#authorImage","url":"https:\/\/secure.gravatar.com\/avatar\/df2aeffc32bcd13f8d26072ef8a91b623d677766deac7f97ca815868cd41bf5e?s=96&d=mm&r=g","width":96,"height":96,"caption":"El Digital de Asturias"}},{"@type":"WebPage","@id":"https:\/\/www.eldigitaldeasturias.com\/noticias\/bayona-reclama-educacion-y-talento-ante-la-crisis-en-la-industria-del-cine\/#webpage","url":"https:\/\/www.eldigitaldeasturias.com\/noticias\/bayona-reclama-educacion-y-talento-ante-la-crisis-en-la-industria-del-cine\/","name":"Bayona reclama \u00abeducaci\u00f3n\u00bb y \u00abtalento\u00bb ante la crisis en la industria del cine - El Digital de Asturias","description":"Almer\u00eda, 6 dic (EFE).- El director de cine Juan Antonio Bayona ha reclamado hoy \"m\u00e1s educaci\u00f3n\" en Espa\u00f1a respecto al cine y a la cultura en general, \"como la que tienen los franceses\" y ha lamentado que existan profesionales en el pa\u00eds \"con mucho talento, pero no haya la producci\u00f3n suficiente\" para que trabajen. \"Es","inLanguage":"es-ES","isPartOf":{"@id":"https:\/\/www.eldigitaldeasturias.com\/noticias\/#website"},"breadcrumb":{"@id":"https:\/\/www.eldigitaldeasturias.com\/noticias\/bayona-reclama-educacion-y-talento-ante-la-crisis-en-la-industria-del-cine\/#breadcrumblist"},"author":{"@id":"https:\/\/www.eldigitaldeasturias.com\/noticias\/author\/admin\/#author"},"creator":{"@id":"https:\/\/www.eldigitaldeasturias.com\/noticias\/author\/admin\/#author"},"image":{"@type":"ImageObject","url":458831,"@id":"https:\/\/www.eldigitaldeasturias.com\/noticias\/bayona-reclama-educacion-y-talento-ante-la-crisis-en-la-industria-del-cine\/#mainImage"},"primaryImageOfPage":{"@id":"https:\/\/www.eldigitaldeasturias.com\/noticias\/bayona-reclama-educacion-y-talento-ante-la-crisis-en-la-industria-del-cine\/#mainImage"},"datePublished":"2013-12-06T23:04:21+01:00","dateModified":"2013-12-06T23:04:21+01:00"},{"@type":"WebSite","@id":"https:\/\/www.eldigitaldeasturias.com\/noticias\/#website","url":"https:\/\/www.eldigitaldeasturias.com\/noticias\/","name":"El Digital de Asturias - Diario de actualidad y noticias","alternateName":"El Digital de Asturias - Diario de actualidad y noticias","description":"Hemeroteca","inLanguage":"es-ES","publisher":{"@id":"https:\/\/www.eldigitaldeasturias.com\/noticias\/#organization"}}]},"og:locale":"es_ES","og:site_name":"El Digital de Asturias","og:type":"article","og:title":"Bayona reclama \u00abeducaci\u00f3n\u00bb y \u00abtalento\u00bb ante la crisis en la industria del cine - El Digital de Asturias","og:description":"Almer\u00eda, 6 dic (EFE).- El director de cine Juan Antonio Bayona ha reclamado hoy &quot;m\u00e1s educaci\u00f3n&quot; en Espa\u00f1a respecto al cine y a la cultura en general, &quot;como la que tienen los franceses&quot; y ha lamentado que existan profesionales en el pa\u00eds &quot;con mucho talento, pero no haya la producci\u00f3n suficiente&quot; para que trabajen. &quot;Es","og:url":"https:\/\/www.eldigitaldeasturias.com\/noticias\/bayona-reclama-educacion-y-talento-ante-la-crisis-en-la-industria-del-cine\/","article:tag":["revista de ocio"],"article:published_time":"2013-12-07T00:04:21+00:00","article:modified_time":"2013-12-07T00:04:21+00:00","article:publisher":"https:\/\/facebook.com\/eldigitaldeasturias","twitter:card":"summary_large_image","twitter:title":"Bayona reclama \u00abeducaci\u00f3n\u00bb y \u00abtalento\u00bb ante la crisis en la industria del cine - El Digital de Asturias","twitter:description":"Almer\u00eda, 6 dic (EFE).- El director de cine Juan Antonio Bayona ha reclamado hoy &quot;m\u00e1s educaci\u00f3n&quot; en Espa\u00f1a respecto al cine y a la cultura en general, &quot;como la que tienen los franceses&quot; y ha lamentado que existan profesionales en el pa\u00eds &quot;con mucho talento, pero no haya la producci\u00f3n suficiente&quot; para que trabajen. &quot;Es","twitter:label1":"Escrito por","twitter:data1":"El Digital de Asturias","twitter:label2":"Tiempo de lectura estimado","twitter:data2":"3 minutos"},"aioseo_meta_data":{"post_id":"458830","title":null,"description":null,"keywords":null,"keyphrases":null,"primary_term":null,"canonical_url":null,"og_title":null,"og_description":null,"og_object_type":"default","og_image_type":"default","og_image_url":null,"og_image_width":null,"og_image_height":null,"og_image_custom_url":null,"og_image_custom_fields":null,"og_video":null,"og_custom_url":null,"og_article_section":null,"og_article_tags":null,"twitter_use_og":true,"twitter_card":"default","twitter_image_type":"default","twitter_image_url":null,"twitter_image_custom_url":null,"twitter_image_custom_fields":null,"twitter_title":null,"twitter_description":null,"schema":{"blockGraphs":[],"customGraphs":[],"default":{"data":{"Article":[],"Course":[],"Dataset":[],"FAQPage":[],"Movie":[],"Person":[],"Product":[],"ProductReview":[],"Car":[],"Recipe":[],"Service":[],"SoftwareApplication":[],"WebPage":[]},"graphName":"","isEnabled":true},"graphs":[],"defaultGraph":"","defaultPostTypeGraph":""},"schema_type":null,"schema_type_options":null,"pillar_content":false,"robots_default":true,"robots_noindex":false,"robots_noarchive":false,"robots_nosnippet":false,"robots_nofollow":false,"robots_noimageindex":false,"robots_noodp":false,"robots_notranslate":false,"robots_max_snippet":null,"robots_max_videopreview":null,"robots_max_imagepreview":"none","priority":null,"frequency":null,"local_seo":null,"seo_analyzer_scan_date":"2026-05-30 06:56:58","breadcrumb_settings":null,"limit_modified_date":false,"open_ai":null,"ai":null,"created":"2020-11-14 22:46:25","updated":"2026-05-30 06:56:58","focus_keyword":null,"additional_keywords":null,"truseo_locale":null},"aioseo_breadcrumb":"<div class=\"aioseo-breadcrumbs\"><span class=\"aioseo-breadcrumb\">\n\t<a href=\"https:\/\/www.eldigitaldeasturias.com\/noticias\" title=\"Home\">Home<\/a>\n<\/span><span class=\"aioseo-breadcrumb-separator\">\u2013<\/span><span class=\"aioseo-breadcrumb\">\n\t<a href=\"https:\/\/www.eldigitaldeasturias.com\/noticias\/category\/revista-de-ocio\/\" title=\"Revista de Ocio\">Revista de Ocio<\/a>\n<\/span><span class=\"aioseo-breadcrumb-separator\">\u2013<\/span><span class=\"aioseo-breadcrumb\">\n\t<a href=\"https:\/\/www.eldigitaldeasturias.com\/noticias\/bayona-reclama-educacion-y-talento-ante-la-crisis-en-la-industria-del-cine\/\" title=\"Bayona reclama \u00abeducaci\u00f3n\u00bb y \u00abtalento\u00bb ante la crisis en la industria del cine\">Bayona reclama \u00abeducaci\u00f3n\u00bb y \u00abtalento\u00bb ante la crisis en la industria del cine<\/a>\n<\/span><\/div>","aioseo_breadcrumb_json":[{"label":"Home","link":"https:\/\/www.eldigitaldeasturias.com\/noticias"},{"label":"Revista de Ocio","link":"https:\/\/www.eldigitaldeasturias.com\/noticias\/category\/revista-de-ocio\/"},{"label":"Bayona reclama \u00abeducaci\u00f3n\u00bb y \u00abtalento\u00bb ante la crisis en la industria del cine","link":"https:\/\/www.eldigitaldeasturias.com\/noticias\/bayona-reclama-educacion-y-talento-ante-la-crisis-en-la-industria-del-cine\/"}],"_links":{"self":[{"href":"https:\/\/www.eldigitaldeasturias.com\/noticias\/wp-json\/wp\/v2\/posts\/458830","targetHints":{"allow":["GET"]}}],"collection":[{"href":"https:\/\/www.eldigitaldeasturias.com\/noticias\/wp-json\/wp\/v2\/posts"}],"about":[{"href":"https:\/\/www.eldigitaldeasturias.com\/noticias\/wp-json\/wp\/v2\/types\/post"}],"author":[{"embeddable":true,"href":"https:\/\/www.eldigitaldeasturias.com\/noticias\/wp-json\/wp\/v2\/users\/1"}],"replies":[{"embeddable":true,"href":"https:\/\/www.eldigitaldeasturias.com\/noticias\/wp-json\/wp\/v2\/comments?post=458830"}],"version-history":[{"count":0,"href":"https:\/\/www.eldigitaldeasturias.com\/noticias\/wp-json\/wp\/v2\/posts\/458830\/revisions"}],"wp:attachment":[{"href":"https:\/\/www.eldigitaldeasturias.com\/noticias\/wp-json\/wp\/v2\/media?parent=458830"}],"wp:term":[{"taxonomy":"category","embeddable":true,"href":"https:\/\/www.eldigitaldeasturias.com\/noticias\/wp-json\/wp\/v2\/categories?post=458830"},{"taxonomy":"post_tag","embeddable":true,"href":"https:\/\/www.eldigitaldeasturias.com\/noticias\/wp-json\/wp\/v2\/tags?post=458830"}],"curies":[{"name":"wp","href":"https:\/\/api.w.org\/{rel}","templated":true}]}}