{"id":458821,"date":"2013-12-06T22:57:07","date_gmt":"2013-12-06T23:57:07","guid":{"rendered":"http:\/\/www.eldigitaldeasturias.com\/noticias\/?p=458821"},"modified":"2013-12-06T22:57:07","modified_gmt":"2013-12-06T23:57:07","slug":"los-patios-de-cordoba-ano-uno-despues-de-la-unesco","status":"publish","type":"post","link":"https:\/\/www.eldigitaldeasturias.com\/noticias\/los-patios-de-cordoba-ano-uno-despues-de-la-unesco\/","title":{"rendered":"Los Patios de C\u00f3rdoba, a\u00f1o uno despu\u00e9s de la Unesco"},"content":{"rendered":"<p><img loading=\"lazy\" decoding=\"async\" class=\"alignleft size-medium wp-image-458822\" alt=\"5776657w\" src=\"https:\/\/www.eldigitaldeasturias.com\/noticias\/wp-content\/uploads\/2013\/12\/5776657w-360x247.jpg\" width=\"360\" height=\"247\" \/>C\u00f3rdoba, 6 dic (EFE).- El 6 de diciembre del 2012 ser\u00e1 para siempre una fecha hist\u00f3rica para la ciudad de C\u00f3rdoba, puesto que fue entonces cuando alcanz\u00f3 su tercera distinci\u00f3n como Patrimonio de la Humanidad por parte de la Unesco, y el primero que lograba por una tradici\u00f3n ligada exclusivamente a su idiosincrasia, los patios.<\/p>\n<p>Gitanillas, claveles, balcones floreados, y sobre todo sus cuidadores, vecinos an\u00f3nimos que han desarrollado durante a\u00f1os el cuidado de los patios, se han convertido desde hace un a\u00f1o en protagonistas del desarrollo tur\u00edstico de C\u00f3rdoba, a la luz de un galard\u00f3n que desat\u00f3 el j\u00fabilo en la ciudad en la ma\u00f1ana del 6 de diciembre del 2012.<\/p>\n<p>Era el tercero que recog\u00eda C\u00f3rdoba, tras el que ya ten\u00eda la Mezquita Catedral y el Casco Hist\u00f3rico, pero tambi\u00e9n el m\u00e1s especial, puesto que los patios son una tradici\u00f3n cien por cien cordobesa, y una manifestaci\u00f3n \u00fanica labrada muy en parte por el trabajo de la ciudadan\u00eda.<\/p>\n<p>Es esta caracter\u00edstica la que recuerda hoy el alcalde de C\u00f3rdoba, Jos\u00e9 Antonio Nieto, quien ha explicado a Efe que los patios son \u00abuna reafirmaci\u00f3n de un cierto orgullo\u00bb cordob\u00e9s, al haber creado de la nada una fiesta popular que s\u00f3lo se da en esta ciudad y \u00aben ning\u00fan otro sitio\u00bb.<\/p>\n<p>Nieto nunca olvidar\u00e1 la ma\u00f1ana del 6 de diciembre, que llegaba despu\u00e9s de una jornada entera de nervios, finalmente con la alegr\u00eda de saber que los patios cordobeses eran Patrimonio Inmaterial de la Humanidad, algo que, para \u00e9l, quedar\u00e1 para siempre \u00aben la retina\u00bb de muchos ciudadanos.<\/p>\n<p>Porque para el alcalde, los patios son una v\u00eda para establecer un v\u00ednculo de toda la ciudad con el casco hist\u00f3rico y mantener una tradici\u00f3n ancestral de C\u00f3rdoba, que se remonta a la \u00e9poca romana, y que hoy se sigue realizando con mucho cari\u00f1o y la implicaci\u00f3n personal de muchas familias.<\/p>\n<p>A estas personas ha dedicado el premio el regidor, que ha destacado que en este a\u00f1o se ha trabajado intensamente por colocar a los patios en el centro de la oferta tur\u00edstica cordobesa.<\/p>\n<p>El primer fruto recogido del premio fue la \u00abespectacular\u00bb edici\u00f3n del concurso de patios del 2013, que tuvo un n\u00famero de visitas alt\u00edsimo, y que para el a\u00f1o que viene quieren potenciar a\u00fan m\u00e1s desde el Ayuntamiento.<\/p>\n<p>Adem\u00e1s, la declaraci\u00f3n llevaba implicado el compromiso por parte de las administraciones es de cuidar y consolidar esta fiesta, para lo cual la Junta de Andaluc\u00eda y el Ayuntamiento est\u00e1n trabajando en un plan tur\u00edstico que pivotar\u00e1 alrededor de los patios.<\/p>\n<p>\u00abQueremos que toda la promoci\u00f3n al exterior tenga siempre presente ese festival de los patios. Hemos entendido que la declaraci\u00f3n era el arranque de una nueva etapa para dimensionar a los patios\u00bb, apunta el alcalde.<\/p>\n<p>Y, aunque no se puede negar que los patios son hoy en d\u00eda mucho m\u00e1s conocidos que hace un a\u00f1o, no todo son \u00abpalmaditas en la espalda\u00bb entre los amantes de esta fiesta.<\/p>\n<p>La puntilla la pone, por ejemplo, Rafael Bar\u00f3n, miembro de la Asociaci\u00f3n de Patios \u00abClaveles y Gitanillas\u00bb, quien se\u00f1ala que esperaba \u00abalgo m\u00e1s\u00bb tanto de las instituciones como de los cordobeses en este a\u00f1o uno despu\u00e9s de la Unesco.<\/p>\n<p>Bar\u00f3n reconoce el \u00aborgullo\u00bb que sienten desde la asociaci\u00f3n por la declaraci\u00f3n de Patrimonio Inmaterial, conseguido tras muchos a\u00f1os trabajando en la fiesta m\u00e1s singular de C\u00f3rdoba, pero esperaba mayor colaboraci\u00f3n de instituciones y ciudadan\u00eda con los propietarios y cuidadores, ya que son los que mantienen estos recintos.<\/p>\n<p>En cualquier caso, agradece el premio, porque ha servido para venga mucha gente y se conozca la fiesta fuera de la provincia, y para que los cuidadores tengan que trabajar m\u00e1s con el mismo cari\u00f1o de siempre.<\/p>\n<p>\u00abNo vamos a cambiar de actitud. Por mucha gente que venga siempre vamos a tener las puertas abiertas en estos patios tan emblem\u00e1ticos\u00bb, finaliza Bar\u00f3n.<\/p>\n<p>Lo dice desde su patio cordob\u00e9s, que en pleno diciembre y a pesar del fr\u00edo, sigue siendo un espect\u00e1culo para los sentidos. Puro Patrimonio Inmaterial de la Humanidad.<\/p>\n<p>Juan Velasco<\/p>\n","protected":false},"excerpt":{"rendered":"<p>C\u00f3rdoba, 6 dic (EFE).- El 6 de diciembre del 2012 ser\u00e1 para siempre una fecha hist\u00f3rica para la ciudad de C\u00f3rdoba, puesto que fue entonces cuando alcanz\u00f3 su tercera distinci\u00f3n como Patrimonio de la Humanidad por parte de la Unesco, y el primero que lograba por una tradici\u00f3n ligada exclusivamente a su idiosincrasia, los patios. [&hellip;]<\/p>\n","protected":false},"author":1,"featured_media":458822,"comment_status":"closed","ping_status":"open","sticky":false,"template":"","format":"standard","meta":{"footnotes":""},"categories":[28],"tags":[],"class_list":["post-458821","post","type-post","status-publish","format-standard","has-post-thumbnail","hentry","category-sociedad"],"aioseo_notices":[],"aioseo_head":"\n\t\t<!-- All in One SEO Pro 5.0.1 - aioseo.com -->\n\t<meta name=\"description\" content=\"C\u00f3rdoba, 6 dic (EFE).- El 6 de diciembre del 2012 ser\u00e1 para siempre una fecha hist\u00f3rica para la ciudad de C\u00f3rdoba, puesto que fue entonces cuando alcanz\u00f3 su tercera distinci\u00f3n como Patrimonio de la Humanidad por parte de la Unesco, y el primero que lograba por una tradici\u00f3n ligada exclusivamente a su idiosincrasia, los patios.\" \/>\n\t<meta name=\"robots\" content=\"max-image-preview:large\" \/>\n\t<meta name=\"author\" content=\"El Digital de Asturias\"\/>\n\t<meta name=\"google-site-verification\" content=\"UA-38556648-1\" \/>\n\t<meta name=\"msvalidate.01\" content=\"7dfe9f3f1b24437ab69f4f2559babe99\" \/>\n\t<meta name=\"keywords\" content=\"sociedad\" \/>\n\t<link rel=\"canonical\" href=\"https:\/\/www.eldigitaldeasturias.com\/noticias\/los-patios-de-cordoba-ano-uno-despues-de-la-unesco\/\" \/>\n\t<meta name=\"generator\" content=\"All in One SEO Pro (AIOSEO) 5.0.1\" \/>\n\t\t<meta property=\"og:locale\" content=\"es_ES\" \/>\n\t\t<meta property=\"og:site_name\" content=\"El Digital de Asturias\" \/>\n\t\t<meta property=\"og:type\" content=\"article\" \/>\n\t\t<meta property=\"og:title\" content=\"Los Patios de C\u00f3rdoba, a\u00f1o uno despu\u00e9s de la Unesco - El Digital de Asturias\" \/>\n\t\t<meta property=\"og:description\" content=\"C\u00f3rdoba, 6 dic (EFE).- El 6 de diciembre del 2012 ser\u00e1 para siempre una fecha hist\u00f3rica para la ciudad de C\u00f3rdoba, puesto que fue entonces cuando alcanz\u00f3 su tercera distinci\u00f3n como Patrimonio de la Humanidad por parte de la Unesco, y el primero que lograba por una tradici\u00f3n ligada exclusivamente a su idiosincrasia, los patios.\" \/>\n\t\t<meta property=\"og:url\" content=\"https:\/\/www.eldigitaldeasturias.com\/noticias\/los-patios-de-cordoba-ano-uno-despues-de-la-unesco\/\" \/>\n\t\t<meta property=\"article:tag\" content=\"sociedad\" \/>\n\t\t<meta property=\"article:published_time\" content=\"2013-12-06T23:57:07+00:00\" \/>\n\t\t<meta property=\"article:modified_time\" content=\"2013-12-06T23:57:07+00:00\" \/>\n\t\t<meta property=\"article:publisher\" content=\"https:\/\/facebook.com\/eldigitaldeasturias\" \/>\n\t\t<meta name=\"twitter:card\" content=\"summary_large_image\" \/>\n\t\t<meta name=\"twitter:title\" content=\"Los Patios de C\u00f3rdoba, a\u00f1o uno despu\u00e9s de la Unesco - El Digital de Asturias\" \/>\n\t\t<meta name=\"twitter:description\" content=\"C\u00f3rdoba, 6 dic (EFE).- El 6 de diciembre del 2012 ser\u00e1 para siempre una fecha hist\u00f3rica para la ciudad de C\u00f3rdoba, puesto que fue entonces cuando alcanz\u00f3 su tercera distinci\u00f3n como Patrimonio de la Humanidad por parte de la Unesco, y el primero que lograba por una tradici\u00f3n ligada exclusivamente a su idiosincrasia, los patios.\" \/>\n\t\t<meta name=\"twitter:label1\" content=\"Escrito por\" \/>\n\t\t<meta name=\"twitter:data1\" content=\"El Digital de Asturias\" \/>\n\t\t<meta name=\"twitter:label2\" content=\"Tiempo de lectura estimado\" \/>\n\t\t<meta name=\"twitter:data2\" content=\"4 minutos\" \/>\n\t\t<script type=\"application\/ld+json\" class=\"aioseo-schema\">\n\t\t\t{\"@context\":\"https:\\\/\\\/schema.org\",\"@graph\":[{\"@type\":\"BlogPosting\",\"@id\":\"https:\\\/\\\/www.eldigitaldeasturias.com\\\/noticias\\\/los-patios-de-cordoba-ano-uno-despues-de-la-unesco\\\/#blogposting\",\"name\":\"Los Patios de C\\u00f3rdoba, a\\u00f1o uno despu\\u00e9s de la Unesco - El Digital de Asturias\",\"headline\":\"Los Patios de C\\u00f3rdoba, a\\u00f1o uno despu\\u00e9s de la Unesco\",\"author\":{\"@id\":\"https:\\\/\\\/www.eldigitaldeasturias.com\\\/noticias\\\/author\\\/admin\\\/#author\"},\"publisher\":{\"@id\":\"https:\\\/\\\/www.eldigitaldeasturias.com\\\/noticias\\\/#organization\"},\"image\":{\"@type\":\"ImageObject\",\"url\":458822},\"datePublished\":\"2013-12-06T22:57:07+01:00\",\"dateModified\":\"2013-12-06T22:57:07+01:00\",\"inLanguage\":\"es-ES\",\"mainEntityOfPage\":{\"@id\":\"https:\\\/\\\/www.eldigitaldeasturias.com\\\/noticias\\\/los-patios-de-cordoba-ano-uno-despues-de-la-unesco\\\/#webpage\"},\"isPartOf\":{\"@id\":\"https:\\\/\\\/www.eldigitaldeasturias.com\\\/noticias\\\/los-patios-de-cordoba-ano-uno-despues-de-la-unesco\\\/#webpage\"},\"articleSection\":\"Sociedad\"},{\"@type\":\"BreadcrumbList\",\"@id\":\"https:\\\/\\\/www.eldigitaldeasturias.com\\\/noticias\\\/los-patios-de-cordoba-ano-uno-despues-de-la-unesco\\\/#breadcrumblist\",\"itemListElement\":[{\"@type\":\"ListItem\",\"@id\":\"https:\\\/\\\/www.eldigitaldeasturias.com\\\/noticias#listItem\",\"position\":1,\"name\":\"Home\",\"item\":\"https:\\\/\\\/www.eldigitaldeasturias.com\\\/noticias\",\"nextItem\":{\"@type\":\"ListItem\",\"@id\":\"https:\\\/\\\/www.eldigitaldeasturias.com\\\/noticias\\\/category\\\/sociedad\\\/#listItem\",\"name\":\"Sociedad\"}},{\"@type\":\"ListItem\",\"@id\":\"https:\\\/\\\/www.eldigitaldeasturias.com\\\/noticias\\\/category\\\/sociedad\\\/#listItem\",\"position\":2,\"name\":\"Sociedad\",\"item\":\"https:\\\/\\\/www.eldigitaldeasturias.com\\\/noticias\\\/category\\\/sociedad\\\/\",\"nextItem\":{\"@type\":\"ListItem\",\"@id\":\"https:\\\/\\\/www.eldigitaldeasturias.com\\\/noticias\\\/los-patios-de-cordoba-ano-uno-despues-de-la-unesco\\\/#listItem\",\"name\":\"Los Patios de C\\u00f3rdoba, a\\u00f1o uno despu\\u00e9s de la Unesco\"},\"previousItem\":{\"@type\":\"ListItem\",\"@id\":\"https:\\\/\\\/www.eldigitaldeasturias.com\\\/noticias#listItem\",\"name\":\"Home\"}},{\"@type\":\"ListItem\",\"@id\":\"https:\\\/\\\/www.eldigitaldeasturias.com\\\/noticias\\\/los-patios-de-cordoba-ano-uno-despues-de-la-unesco\\\/#listItem\",\"position\":3,\"name\":\"Los Patios de C\\u00f3rdoba, a\\u00f1o uno despu\\u00e9s de la Unesco\",\"previousItem\":{\"@type\":\"ListItem\",\"@id\":\"https:\\\/\\\/www.eldigitaldeasturias.com\\\/noticias\\\/category\\\/sociedad\\\/#listItem\",\"name\":\"Sociedad\"}}]},{\"@type\":\"Organization\",\"@id\":\"https:\\\/\\\/www.eldigitaldeasturias.com\\\/noticias\\\/#organization\",\"name\":\"El Digital de Asturias\",\"description\":\"Hemeroteca\",\"url\":\"https:\\\/\\\/www.eldigitaldeasturias.com\\\/noticias\\\/\",\"email\":\"info@eldigitaldeasturias.com\",\"telephone\":\"+34652131393\",\"logo\":{\"@type\":\"ImageObject\",\"url\":\"https:\\\/\\\/www.eldigitaldeasturias.com\\\/noticias\\\/wp-content\\\/uploads\\\/2020\\\/12\\\/EDA.jpg\",\"@id\":\"https:\\\/\\\/www.eldigitaldeasturias.com\\\/noticias\\\/los-patios-de-cordoba-ano-uno-despues-de-la-unesco\\\/#organizationLogo\"},\"image\":{\"@id\":\"https:\\\/\\\/www.eldigitaldeasturias.com\\\/noticias\\\/los-patios-de-cordoba-ano-uno-despues-de-la-unesco\\\/#organizationLogo\"},\"sameAs\":[\"https:\\\/\\\/facebook.com\\\/eldigitaldeasturias\",\"https:\\\/\\\/www.youtube.com\\\/channel\\\/UCZP-2wLEB9Rv6erhFmqVnvg\"],\"address\":{\"@id\":\"https:\\\/\\\/www.eldigitaldeasturias.com\\\/noticias\\\/#postaladdress\",\"@type\":\"PostalAddress\",\"streetAddress\":\"san antonio 4\",\"postalCode\":\"33430\",\"addressLocality\":\"Cand\\u00e1s\",\"addressRegion\":\"Asturias\",\"addressCountry\":\"ES\"}},{\"@type\":\"Person\",\"@id\":\"https:\\\/\\\/www.eldigitaldeasturias.com\\\/noticias\\\/author\\\/admin\\\/#author\",\"url\":\"https:\\\/\\\/www.eldigitaldeasturias.com\\\/noticias\\\/author\\\/admin\\\/\",\"name\":\"El Digital de Asturias\",\"image\":{\"@type\":\"ImageObject\",\"@id\":\"https:\\\/\\\/www.eldigitaldeasturias.com\\\/noticias\\\/los-patios-de-cordoba-ano-uno-despues-de-la-unesco\\\/#authorImage\",\"url\":\"https:\\\/\\\/secure.gravatar.com\\\/avatar\\\/df2aeffc32bcd13f8d26072ef8a91b623d677766deac7f97ca815868cd41bf5e?s=96&d=mm&r=g\",\"width\":96,\"height\":96,\"caption\":\"El Digital de Asturias\"}},{\"@type\":\"WebPage\",\"@id\":\"https:\\\/\\\/www.eldigitaldeasturias.com\\\/noticias\\\/los-patios-de-cordoba-ano-uno-despues-de-la-unesco\\\/#webpage\",\"url\":\"https:\\\/\\\/www.eldigitaldeasturias.com\\\/noticias\\\/los-patios-de-cordoba-ano-uno-despues-de-la-unesco\\\/\",\"name\":\"Los Patios de C\\u00f3rdoba, a\\u00f1o uno despu\\u00e9s de la Unesco - El Digital de Asturias\",\"description\":\"C\\u00f3rdoba, 6 dic (EFE).- El 6 de diciembre del 2012 ser\\u00e1 para siempre una fecha hist\\u00f3rica para la ciudad de C\\u00f3rdoba, puesto que fue entonces cuando alcanz\\u00f3 su tercera distinci\\u00f3n como Patrimonio de la Humanidad por parte de la Unesco, y el primero que lograba por una tradici\\u00f3n ligada exclusivamente a su idiosincrasia, los patios.\",\"inLanguage\":\"es-ES\",\"isPartOf\":{\"@id\":\"https:\\\/\\\/www.eldigitaldeasturias.com\\\/noticias\\\/#website\"},\"breadcrumb\":{\"@id\":\"https:\\\/\\\/www.eldigitaldeasturias.com\\\/noticias\\\/los-patios-de-cordoba-ano-uno-despues-de-la-unesco\\\/#breadcrumblist\"},\"author\":{\"@id\":\"https:\\\/\\\/www.eldigitaldeasturias.com\\\/noticias\\\/author\\\/admin\\\/#author\"},\"creator\":{\"@id\":\"https:\\\/\\\/www.eldigitaldeasturias.com\\\/noticias\\\/author\\\/admin\\\/#author\"},\"image\":{\"@type\":\"ImageObject\",\"url\":458822,\"@id\":\"https:\\\/\\\/www.eldigitaldeasturias.com\\\/noticias\\\/los-patios-de-cordoba-ano-uno-despues-de-la-unesco\\\/#mainImage\"},\"primaryImageOfPage\":{\"@id\":\"https:\\\/\\\/www.eldigitaldeasturias.com\\\/noticias\\\/los-patios-de-cordoba-ano-uno-despues-de-la-unesco\\\/#mainImage\"},\"datePublished\":\"2013-12-06T22:57:07+01:00\",\"dateModified\":\"2013-12-06T22:57:07+01:00\"},{\"@type\":\"WebSite\",\"@id\":\"https:\\\/\\\/www.eldigitaldeasturias.com\\\/noticias\\\/#website\",\"url\":\"https:\\\/\\\/www.eldigitaldeasturias.com\\\/noticias\\\/\",\"name\":\"El Digital de Asturias - Diario de actualidad y noticias\",\"alternateName\":\"El Digital de Asturias - Diario de actualidad y noticias\",\"description\":\"Hemeroteca\",\"inLanguage\":\"es-ES\",\"publisher\":{\"@id\":\"https:\\\/\\\/www.eldigitaldeasturias.com\\\/noticias\\\/#organization\"}}]}\n\t\t<\/script>\n\t\t<!-- All in One SEO Pro -->\r\n\t\t<title>Los Patios de C\u00f3rdoba, a\u00f1o uno despu\u00e9s de la Unesco - El Digital de Asturias<\/title>\n\n","aioseo_head_json":{"title":"Los Patios de C\u00f3rdoba, a\u00f1o uno despu\u00e9s de la Unesco - El Digital de Asturias","description":"C\u00f3rdoba, 6 dic (EFE).- El 6 de diciembre del 2012 ser\u00e1 para siempre una fecha hist\u00f3rica para la ciudad de C\u00f3rdoba, puesto que fue entonces cuando alcanz\u00f3 su tercera distinci\u00f3n como Patrimonio de la Humanidad por parte de la Unesco, y el primero que lograba por una tradici\u00f3n ligada exclusivamente a su idiosincrasia, los patios.","canonical_url":"https:\/\/www.eldigitaldeasturias.com\/noticias\/los-patios-de-cordoba-ano-uno-despues-de-la-unesco\/","robots":"max-image-preview:large","keywords":"sociedad","webmasterTools":{"google-site-verification":"UA-38556648-1","msvalidate.01":"7dfe9f3f1b24437ab69f4f2559babe99","miscellaneous":""},"schema":{"@context":"https:\/\/schema.org","@graph":[{"@type":"BlogPosting","@id":"https:\/\/www.eldigitaldeasturias.com\/noticias\/los-patios-de-cordoba-ano-uno-despues-de-la-unesco\/#blogposting","name":"Los Patios de C\u00f3rdoba, a\u00f1o uno despu\u00e9s de la Unesco - El Digital de Asturias","headline":"Los Patios de C\u00f3rdoba, a\u00f1o uno despu\u00e9s de la Unesco","author":{"@id":"https:\/\/www.eldigitaldeasturias.com\/noticias\/author\/admin\/#author"},"publisher":{"@id":"https:\/\/www.eldigitaldeasturias.com\/noticias\/#organization"},"image":{"@type":"ImageObject","url":458822},"datePublished":"2013-12-06T22:57:07+01:00","dateModified":"2013-12-06T22:57:07+01:00","inLanguage":"es-ES","mainEntityOfPage":{"@id":"https:\/\/www.eldigitaldeasturias.com\/noticias\/los-patios-de-cordoba-ano-uno-despues-de-la-unesco\/#webpage"},"isPartOf":{"@id":"https:\/\/www.eldigitaldeasturias.com\/noticias\/los-patios-de-cordoba-ano-uno-despues-de-la-unesco\/#webpage"},"articleSection":"Sociedad"},{"@type":"BreadcrumbList","@id":"https:\/\/www.eldigitaldeasturias.com\/noticias\/los-patios-de-cordoba-ano-uno-despues-de-la-unesco\/#breadcrumblist","itemListElement":[{"@type":"ListItem","@id":"https:\/\/www.eldigitaldeasturias.com\/noticias#listItem","position":1,"name":"Home","item":"https:\/\/www.eldigitaldeasturias.com\/noticias","nextItem":{"@type":"ListItem","@id":"https:\/\/www.eldigitaldeasturias.com\/noticias\/category\/sociedad\/#listItem","name":"Sociedad"}},{"@type":"ListItem","@id":"https:\/\/www.eldigitaldeasturias.com\/noticias\/category\/sociedad\/#listItem","position":2,"name":"Sociedad","item":"https:\/\/www.eldigitaldeasturias.com\/noticias\/category\/sociedad\/","nextItem":{"@type":"ListItem","@id":"https:\/\/www.eldigitaldeasturias.com\/noticias\/los-patios-de-cordoba-ano-uno-despues-de-la-unesco\/#listItem","name":"Los Patios de C\u00f3rdoba, a\u00f1o uno despu\u00e9s de la Unesco"},"previousItem":{"@type":"ListItem","@id":"https:\/\/www.eldigitaldeasturias.com\/noticias#listItem","name":"Home"}},{"@type":"ListItem","@id":"https:\/\/www.eldigitaldeasturias.com\/noticias\/los-patios-de-cordoba-ano-uno-despues-de-la-unesco\/#listItem","position":3,"name":"Los Patios de C\u00f3rdoba, a\u00f1o uno despu\u00e9s de la Unesco","previousItem":{"@type":"ListItem","@id":"https:\/\/www.eldigitaldeasturias.com\/noticias\/category\/sociedad\/#listItem","name":"Sociedad"}}]},{"@type":"Organization","@id":"https:\/\/www.eldigitaldeasturias.com\/noticias\/#organization","name":"El Digital de Asturias","description":"Hemeroteca","url":"https:\/\/www.eldigitaldeasturias.com\/noticias\/","email":"info@eldigitaldeasturias.com","telephone":"+34652131393","logo":{"@type":"ImageObject","url":"https:\/\/www.eldigitaldeasturias.com\/noticias\/wp-content\/uploads\/2020\/12\/EDA.jpg","@id":"https:\/\/www.eldigitaldeasturias.com\/noticias\/los-patios-de-cordoba-ano-uno-despues-de-la-unesco\/#organizationLogo"},"image":{"@id":"https:\/\/www.eldigitaldeasturias.com\/noticias\/los-patios-de-cordoba-ano-uno-despues-de-la-unesco\/#organizationLogo"},"sameAs":["https:\/\/facebook.com\/eldigitaldeasturias","https:\/\/www.youtube.com\/channel\/UCZP-2wLEB9Rv6erhFmqVnvg"],"address":{"@id":"https:\/\/www.eldigitaldeasturias.com\/noticias\/#postaladdress","@type":"PostalAddress","streetAddress":"san antonio 4","postalCode":"33430","addressLocality":"Cand\u00e1s","addressRegion":"Asturias","addressCountry":"ES"}},{"@type":"Person","@id":"https:\/\/www.eldigitaldeasturias.com\/noticias\/author\/admin\/#author","url":"https:\/\/www.eldigitaldeasturias.com\/noticias\/author\/admin\/","name":"El Digital de Asturias","image":{"@type":"ImageObject","@id":"https:\/\/www.eldigitaldeasturias.com\/noticias\/los-patios-de-cordoba-ano-uno-despues-de-la-unesco\/#authorImage","url":"https:\/\/secure.gravatar.com\/avatar\/df2aeffc32bcd13f8d26072ef8a91b623d677766deac7f97ca815868cd41bf5e?s=96&d=mm&r=g","width":96,"height":96,"caption":"El Digital de Asturias"}},{"@type":"WebPage","@id":"https:\/\/www.eldigitaldeasturias.com\/noticias\/los-patios-de-cordoba-ano-uno-despues-de-la-unesco\/#webpage","url":"https:\/\/www.eldigitaldeasturias.com\/noticias\/los-patios-de-cordoba-ano-uno-despues-de-la-unesco\/","name":"Los Patios de C\u00f3rdoba, a\u00f1o uno despu\u00e9s de la Unesco - El Digital de Asturias","description":"C\u00f3rdoba, 6 dic (EFE).- El 6 de diciembre del 2012 ser\u00e1 para siempre una fecha hist\u00f3rica para la ciudad de C\u00f3rdoba, puesto que fue entonces cuando alcanz\u00f3 su tercera distinci\u00f3n como Patrimonio de la Humanidad por parte de la Unesco, y el primero que lograba por una tradici\u00f3n ligada exclusivamente a su idiosincrasia, los patios.","inLanguage":"es-ES","isPartOf":{"@id":"https:\/\/www.eldigitaldeasturias.com\/noticias\/#website"},"breadcrumb":{"@id":"https:\/\/www.eldigitaldeasturias.com\/noticias\/los-patios-de-cordoba-ano-uno-despues-de-la-unesco\/#breadcrumblist"},"author":{"@id":"https:\/\/www.eldigitaldeasturias.com\/noticias\/author\/admin\/#author"},"creator":{"@id":"https:\/\/www.eldigitaldeasturias.com\/noticias\/author\/admin\/#author"},"image":{"@type":"ImageObject","url":458822,"@id":"https:\/\/www.eldigitaldeasturias.com\/noticias\/los-patios-de-cordoba-ano-uno-despues-de-la-unesco\/#mainImage"},"primaryImageOfPage":{"@id":"https:\/\/www.eldigitaldeasturias.com\/noticias\/los-patios-de-cordoba-ano-uno-despues-de-la-unesco\/#mainImage"},"datePublished":"2013-12-06T22:57:07+01:00","dateModified":"2013-12-06T22:57:07+01:00"},{"@type":"WebSite","@id":"https:\/\/www.eldigitaldeasturias.com\/noticias\/#website","url":"https:\/\/www.eldigitaldeasturias.com\/noticias\/","name":"El Digital de Asturias - Diario de actualidad y noticias","alternateName":"El Digital de Asturias - Diario de actualidad y noticias","description":"Hemeroteca","inLanguage":"es-ES","publisher":{"@id":"https:\/\/www.eldigitaldeasturias.com\/noticias\/#organization"}}]},"og:locale":"es_ES","og:site_name":"El Digital de Asturias","og:type":"article","og:title":"Los Patios de C\u00f3rdoba, a\u00f1o uno despu\u00e9s de la Unesco - El Digital de Asturias","og:description":"C\u00f3rdoba, 6 dic (EFE).- El 6 de diciembre del 2012 ser\u00e1 para siempre una fecha hist\u00f3rica para la ciudad de C\u00f3rdoba, puesto que fue entonces cuando alcanz\u00f3 su tercera distinci\u00f3n como Patrimonio de la Humanidad por parte de la Unesco, y el primero que lograba por una tradici\u00f3n ligada exclusivamente a su idiosincrasia, los patios.","og:url":"https:\/\/www.eldigitaldeasturias.com\/noticias\/los-patios-de-cordoba-ano-uno-despues-de-la-unesco\/","article:tag":["sociedad"],"article:published_time":"2013-12-06T23:57:07+00:00","article:modified_time":"2013-12-06T23:57:07+00:00","article:publisher":"https:\/\/facebook.com\/eldigitaldeasturias","twitter:card":"summary_large_image","twitter:title":"Los Patios de C\u00f3rdoba, a\u00f1o uno despu\u00e9s de la Unesco - El Digital de Asturias","twitter:description":"C\u00f3rdoba, 6 dic (EFE).- El 6 de diciembre del 2012 ser\u00e1 para siempre una fecha hist\u00f3rica para la ciudad de C\u00f3rdoba, puesto que fue entonces cuando alcanz\u00f3 su tercera distinci\u00f3n como Patrimonio de la Humanidad por parte de la Unesco, y el primero que lograba por una tradici\u00f3n ligada exclusivamente a su idiosincrasia, los patios.","twitter:label1":"Escrito por","twitter:data1":"El Digital de Asturias","twitter:label2":"Tiempo de lectura estimado","twitter:data2":"4 minutos"},"aioseo_meta_data":{"post_id":"458821","title":null,"description":null,"keywords":null,"keyphrases":null,"primary_term":null,"canonical_url":null,"og_title":null,"og_description":null,"og_object_type":"default","og_image_type":"default","og_image_url":null,"og_image_width":null,"og_image_height":null,"og_image_custom_url":null,"og_image_custom_fields":null,"og_video":null,"og_custom_url":null,"og_article_section":null,"og_article_tags":null,"twitter_use_og":true,"twitter_card":"default","twitter_image_type":"default","twitter_image_url":null,"twitter_image_custom_url":null,"twitter_image_custom_fields":null,"twitter_title":null,"twitter_description":null,"schema":{"blockGraphs":[],"customGraphs":[],"default":{"data":{"Article":[],"Course":[],"Dataset":[],"FAQPage":[],"Movie":[],"Person":[],"Product":[],"ProductReview":[],"Car":[],"Recipe":[],"Service":[],"SoftwareApplication":[],"WebPage":[]},"graphName":"","isEnabled":true},"graphs":[],"defaultGraph":"","defaultPostTypeGraph":""},"schema_type":null,"schema_type_options":null,"pillar_content":false,"robots_default":true,"robots_noindex":false,"robots_noarchive":false,"robots_nosnippet":false,"robots_nofollow":false,"robots_noimageindex":false,"robots_noodp":false,"robots_notranslate":false,"robots_max_snippet":null,"robots_max_videopreview":null,"robots_max_imagepreview":"none","priority":null,"frequency":null,"local_seo":null,"seo_analyzer_scan_date":"2026-05-30 06:56:54","breadcrumb_settings":null,"limit_modified_date":false,"open_ai":null,"ai":null,"created":"2020-11-14 22:46:25","updated":"2026-05-30 06:56:54","focus_keyword":null,"additional_keywords":null,"truseo_locale":null},"aioseo_breadcrumb":"<div class=\"aioseo-breadcrumbs\"><span class=\"aioseo-breadcrumb\">\n\t<a href=\"https:\/\/www.eldigitaldeasturias.com\/noticias\" title=\"Home\">Home<\/a>\n<\/span><span class=\"aioseo-breadcrumb-separator\">\u2013<\/span><span class=\"aioseo-breadcrumb\">\n\t<a href=\"https:\/\/www.eldigitaldeasturias.com\/noticias\/category\/sociedad\/\" title=\"Sociedad\">Sociedad<\/a>\n<\/span><span class=\"aioseo-breadcrumb-separator\">\u2013<\/span><span class=\"aioseo-breadcrumb\">\n\t<a href=\"https:\/\/www.eldigitaldeasturias.com\/noticias\/los-patios-de-cordoba-ano-uno-despues-de-la-unesco\/\" title=\"Los Patios de C\u00f3rdoba, a\u00f1o uno despu\u00e9s de la Unesco\">Los Patios de C\u00f3rdoba, a\u00f1o uno despu\u00e9s de la Unesco<\/a>\n<\/span><\/div>","aioseo_breadcrumb_json":[{"label":"Home","link":"https:\/\/www.eldigitaldeasturias.com\/noticias"},{"label":"Sociedad","link":"https:\/\/www.eldigitaldeasturias.com\/noticias\/category\/sociedad\/"},{"label":"Los Patios de C\u00f3rdoba, a\u00f1o uno despu\u00e9s de la Unesco","link":"https:\/\/www.eldigitaldeasturias.com\/noticias\/los-patios-de-cordoba-ano-uno-despues-de-la-unesco\/"}],"_links":{"self":[{"href":"https:\/\/www.eldigitaldeasturias.com\/noticias\/wp-json\/wp\/v2\/posts\/458821","targetHints":{"allow":["GET"]}}],"collection":[{"href":"https:\/\/www.eldigitaldeasturias.com\/noticias\/wp-json\/wp\/v2\/posts"}],"about":[{"href":"https:\/\/www.eldigitaldeasturias.com\/noticias\/wp-json\/wp\/v2\/types\/post"}],"author":[{"embeddable":true,"href":"https:\/\/www.eldigitaldeasturias.com\/noticias\/wp-json\/wp\/v2\/users\/1"}],"replies":[{"embeddable":true,"href":"https:\/\/www.eldigitaldeasturias.com\/noticias\/wp-json\/wp\/v2\/comments?post=458821"}],"version-history":[{"count":0,"href":"https:\/\/www.eldigitaldeasturias.com\/noticias\/wp-json\/wp\/v2\/posts\/458821\/revisions"}],"wp:attachment":[{"href":"https:\/\/www.eldigitaldeasturias.com\/noticias\/wp-json\/wp\/v2\/media?parent=458821"}],"wp:term":[{"taxonomy":"category","embeddable":true,"href":"https:\/\/www.eldigitaldeasturias.com\/noticias\/wp-json\/wp\/v2\/categories?post=458821"},{"taxonomy":"post_tag","embeddable":true,"href":"https:\/\/www.eldigitaldeasturias.com\/noticias\/wp-json\/wp\/v2\/tags?post=458821"}],"curies":[{"name":"wp","href":"https:\/\/api.w.org\/{rel}","templated":true}]}}