{"id":458812,"date":"2013-12-06T22:52:47","date_gmt":"2013-12-06T23:52:47","guid":{"rendered":"http:\/\/www.eldigitaldeasturias.com\/noticias\/?p=458812"},"modified":"2013-12-06T22:52:47","modified_gmt":"2013-12-06T23:52:47","slug":"berlin-acoge-la-noche-del-cine-europeo-una-nueva-fiesta-en-honor-a-almodovar","status":"publish","type":"post","link":"https:\/\/www.eldigitaldeasturias.com\/noticias\/berlin-acoge-la-noche-del-cine-europeo-una-nueva-fiesta-en-honor-a-almodovar\/","title":{"rendered":"Berl\u00edn acoge la noche del cine europeo, una nueva fiesta en honor a Almod\u00f3var"},"content":{"rendered":"<p><img loading=\"lazy\" decoding=\"async\" class=\"alignleft size-medium wp-image-458813\" alt=\"5776949w\" src=\"https:\/\/www.eldigitaldeasturias.com\/noticias\/wp-content\/uploads\/2013\/12\/5776949w-360x292.jpg\" width=\"360\" height=\"292\" \/>Berl\u00edn, 6 dic (EFE).- La Academia del Cine Europeo celebra ma\u00f1ana su gala anual con la entrega de sus premios 2013 en Berl\u00edn, la ciudad donde nacieron esos galardones, en una ceremonia que se espera sea una nueva fiesta en honor a Pedro Almod\u00f3var.<\/p>\n<p>El cineasta manchego tiene asegurado uno de los galardones, el de honor por \u00absu contribuci\u00f3n al cine mundial\u00bb, y est\u00e1 adem\u00e1s en la lista de nominados del a\u00f1o con \u00abLos amantes pasajeros\u00bb, que compite por el premio a la mejor comedia.<\/p>\n<p>El nombre de Almod\u00f3var est\u00e1 inscrito en la historia y el palmar\u00e9s de esos premios desde que en 1989 -a\u00f1o fundacional de la Academia- gan\u00f3 el de \u00abDirector promesa\u00bb con \u00abMujeres al bordo de un ataque de nervios\u00bb, que asimismo dio a Carmen Maura el de mejor actriz.<\/p>\n<p>Desde entonces, el director espa\u00f1ol ha arrasado en sucesivas galas de la Academia; las m\u00e1s destacadas, la de 1999, en que \u00abTodo sobre mi madre\u00bb se llev\u00f3 de Berl\u00edn tres premios, incluido el de mejor film; y la de 2006, cuando \u00abVolver\u00bb gan\u00f3 cinco galardones en la fiesta celebrada en esa ocasi\u00f3n en Varsovia.<\/p>\n<p>Almod\u00f3var compartir\u00e1 estrellato con Catherine Deneuve, otra hija predilecta, cinematogr\u00e1ficamente hablando, de Berl\u00edn, quien tambi\u00e9n recibir\u00e1 un premio al conjunto de su carrera.<\/p>\n<p>La gala de este a\u00f1o tendr\u00e1 un fuerte tono espa\u00f1ol, no solo por la presencia de Almod\u00f3var, sino tambi\u00e9n por la notable representaci\u00f3n de su cine entre las nominaciones y entre los maestros de ceremonias.<\/p>\n<p>\u00abBlancanieves\u00bb, de Pablo Berger, compite en la categor\u00eda de mejor filme del a\u00f1o con la alemana \u00abOh Boy\u00bb, de Jan Ole Gerster; la belga \u00abThe Broken Circle\u00bb, de Felix Van Groeningen; la francesa \u00abLa vie d&#8217;Adele\u00bb, de Abdellatif Kechiche; y las italianas \u00abThe Best Offer\u00bb, de Giuseppe Tornatore; y \u00abLa Grande Bellezza\u00bb, de Paolo Sorrentino.<\/p>\n<p>Berger est\u00e1 asimismo entre los candidatos a la mejor direcci\u00f3n, en competencia con los mencionados Groeningen, Kechiche, Tornatore y Sorrentino, adem\u00e1s de Fran\u00e7ois Ozon, con \u00abDans la maison\u00bb.<\/p>\n<p>La pel\u00edcula del realizador espa\u00f1ol acude a Berl\u00edn ya con un premio en el bolsillo, el de mejor vestuario, para Paco Delgado.<\/p>\n<p>La distinci\u00f3n a la mejor interpretaci\u00f3n femenina quedar\u00e1 entre Naomi Watts, por \u00abLo imposible\u00bb, de Juan Antonio Bayona, y Barbara Sokowa, Keira Knightley, Veerle Baetens y Luminita Gheorghiu.<\/p>\n<p>No hay representante del cine espa\u00f1ol entre los candidatos a mejor actor -Tom Schilling, Jude Law, Johan Heldenbergh, Fabrice Luchini y Toni Servillo-.<\/p>\n<p>Pero Neus Ball\u00fas, con \u00abLa Plaga\u00bb, est\u00e1 entre los nominados a la mejor opera prima, mientras que \u00abLos amantes pasajeros\u00bb compite, adem\u00e1s de en la categor\u00eda de mejor comedia, para el premio del publico.<\/p>\n<p>Refrendar\u00e1n con su presencia en Berl\u00edn el notable desembarco del cine espa\u00f1ol en la gala europea los actores Elena Anaya, Carlos Areces , Ra\u00fal Ar\u00e9valo, Javier C\u00e1mara, Rossy de Palma, Hugo Silva, Miguel \u00c1ngel Silvestre, Paz Vega, Blanca Su\u00e1rez, Leonor Watling y Angela Molina.<\/p>\n<p>La meteorolog\u00eda berlinesa \u00abamenaza\u00bb con ser la otra gran protagonista de la noche -el fuerte temporal que azota desde ayer el norte de Europa oblig\u00f3 a cancelar una veintena de vuelos a la capital, sobre la que cay\u00f3 hoy la primera nieve de la temporada-.<\/p>\n<p>La organizaci\u00f3n parec\u00eda preparada para la eventualidad, ya que la bolsita de bienvenida para la prensa acreditada inclu\u00eda un paraguas plegable, un paquete de pastillas contra la tos y otro de pa\u00f1uelos de papel.<\/p>\n<p>Un poco de nieve no asusta a Berl\u00edn, la ciudad donde en 1989 fundaron la Academia del Cine Wim Wenders, Ingmar Bergman y otros cuarenta cineastas europeos, como respuesta continental a los \u00d3scar de Hollywood, y donde qued\u00f3 la sede de la entidad.<\/p>\n<p>Los premios europeos vuelven as\u00ed a su capital, despu\u00e9s de que en a\u00f1os anteriores, de acuerdo a su tradici\u00f3n rotatoria, la gala haya viajado por Par\u00eds, Roma, Varsovia, Barcelona y Malta, entre otras.<\/p>\n<p>Gemma Casadevall<\/p>\n","protected":false},"excerpt":{"rendered":"<p>Berl\u00edn, 6 dic (EFE).- La Academia del Cine Europeo celebra ma\u00f1ana su gala anual con la entrega de sus premios 2013 en Berl\u00edn, la ciudad donde nacieron esos galardones, en una ceremonia que se espera sea una nueva fiesta en honor a Pedro Almod\u00f3var. El cineasta manchego tiene asegurado uno de los galardones, el de [&hellip;]<\/p>\n","protected":false},"author":1,"featured_media":458813,"comment_status":"closed","ping_status":"open","sticky":false,"template":"","format":"standard","meta":{"footnotes":""},"categories":[50],"tags":[],"class_list":["post-458812","post","type-post","status-publish","format-standard","has-post-thumbnail","hentry","category-revista-de-ocio"],"aioseo_notices":[],"aioseo_head":"\n\t\t<!-- All in One SEO Pro 5.0.1 - aioseo.com -->\n\t<meta name=\"description\" content=\"Berl\u00edn, 6 dic (EFE).- La Academia del Cine Europeo celebra ma\u00f1ana su gala anual con la entrega de sus premios 2013 en Berl\u00edn, la ciudad donde nacieron esos galardones, en una ceremonia que se espera sea una nueva fiesta en honor a Pedro Almod\u00f3var. El cineasta manchego tiene asegurado uno de los galardones, el de\" \/>\n\t<meta name=\"robots\" content=\"max-image-preview:large\" \/>\n\t<meta name=\"author\" content=\"El Digital de Asturias\"\/>\n\t<meta name=\"google-site-verification\" content=\"UA-38556648-1\" \/>\n\t<meta name=\"msvalidate.01\" content=\"7dfe9f3f1b24437ab69f4f2559babe99\" \/>\n\t<meta name=\"keywords\" content=\"revista de ocio\" \/>\n\t<link rel=\"canonical\" href=\"https:\/\/www.eldigitaldeasturias.com\/noticias\/berlin-acoge-la-noche-del-cine-europeo-una-nueva-fiesta-en-honor-a-almodovar\/\" \/>\n\t<meta name=\"generator\" content=\"All in One SEO Pro (AIOSEO) 5.0.1\" \/>\n\t\t<meta property=\"og:locale\" content=\"es_ES\" \/>\n\t\t<meta property=\"og:site_name\" content=\"El Digital de Asturias\" \/>\n\t\t<meta property=\"og:type\" content=\"article\" \/>\n\t\t<meta property=\"og:title\" content=\"Berl\u00edn acoge la noche del cine europeo, una nueva fiesta en honor a Almod\u00f3var - El Digital de Asturias\" \/>\n\t\t<meta property=\"og:description\" content=\"Berl\u00edn, 6 dic (EFE).- La Academia del Cine Europeo celebra ma\u00f1ana su gala anual con la entrega de sus premios 2013 en Berl\u00edn, la ciudad donde nacieron esos galardones, en una ceremonia que se espera sea una nueva fiesta en honor a Pedro Almod\u00f3var. El cineasta manchego tiene asegurado uno de los galardones, el de\" \/>\n\t\t<meta property=\"og:url\" content=\"https:\/\/www.eldigitaldeasturias.com\/noticias\/berlin-acoge-la-noche-del-cine-europeo-una-nueva-fiesta-en-honor-a-almodovar\/\" \/>\n\t\t<meta property=\"article:tag\" content=\"revista de ocio\" \/>\n\t\t<meta property=\"article:published_time\" content=\"2013-12-06T23:52:47+00:00\" \/>\n\t\t<meta property=\"article:modified_time\" content=\"2013-12-06T23:52:47+00:00\" \/>\n\t\t<meta property=\"article:publisher\" content=\"https:\/\/facebook.com\/eldigitaldeasturias\" \/>\n\t\t<meta name=\"twitter:card\" content=\"summary_large_image\" \/>\n\t\t<meta name=\"twitter:title\" content=\"Berl\u00edn acoge la noche del cine europeo, una nueva fiesta en honor a Almod\u00f3var - El Digital de Asturias\" \/>\n\t\t<meta name=\"twitter:description\" content=\"Berl\u00edn, 6 dic (EFE).- La Academia del Cine Europeo celebra ma\u00f1ana su gala anual con la entrega de sus premios 2013 en Berl\u00edn, la ciudad donde nacieron esos galardones, en una ceremonia que se espera sea una nueva fiesta en honor a Pedro Almod\u00f3var. El cineasta manchego tiene asegurado uno de los galardones, el de\" \/>\n\t\t<meta name=\"twitter:label1\" content=\"Escrito por\" \/>\n\t\t<meta name=\"twitter:data1\" content=\"El Digital de Asturias\" \/>\n\t\t<meta name=\"twitter:label2\" content=\"Tiempo de lectura estimado\" \/>\n\t\t<meta name=\"twitter:data2\" content=\"3 minutos\" \/>\n\t\t<script type=\"application\/ld+json\" class=\"aioseo-schema\">\n\t\t\t{\"@context\":\"https:\\\/\\\/schema.org\",\"@graph\":[{\"@type\":\"BlogPosting\",\"@id\":\"https:\\\/\\\/www.eldigitaldeasturias.com\\\/noticias\\\/berlin-acoge-la-noche-del-cine-europeo-una-nueva-fiesta-en-honor-a-almodovar\\\/#blogposting\",\"name\":\"Berl\\u00edn acoge la noche del cine europeo, una nueva fiesta en honor a Almod\\u00f3var - El Digital de Asturias\",\"headline\":\"Berl\\u00edn acoge la noche del cine europeo, una nueva fiesta en honor a Almod\\u00f3var\",\"author\":{\"@id\":\"https:\\\/\\\/www.eldigitaldeasturias.com\\\/noticias\\\/author\\\/admin\\\/#author\"},\"publisher\":{\"@id\":\"https:\\\/\\\/www.eldigitaldeasturias.com\\\/noticias\\\/#organization\"},\"image\":{\"@type\":\"ImageObject\",\"url\":458813},\"datePublished\":\"2013-12-06T22:52:47+01:00\",\"dateModified\":\"2013-12-06T22:52:47+01:00\",\"inLanguage\":\"es-ES\",\"mainEntityOfPage\":{\"@id\":\"https:\\\/\\\/www.eldigitaldeasturias.com\\\/noticias\\\/berlin-acoge-la-noche-del-cine-europeo-una-nueva-fiesta-en-honor-a-almodovar\\\/#webpage\"},\"isPartOf\":{\"@id\":\"https:\\\/\\\/www.eldigitaldeasturias.com\\\/noticias\\\/berlin-acoge-la-noche-del-cine-europeo-una-nueva-fiesta-en-honor-a-almodovar\\\/#webpage\"},\"articleSection\":\"Revista de Ocio\"},{\"@type\":\"BreadcrumbList\",\"@id\":\"https:\\\/\\\/www.eldigitaldeasturias.com\\\/noticias\\\/berlin-acoge-la-noche-del-cine-europeo-una-nueva-fiesta-en-honor-a-almodovar\\\/#breadcrumblist\",\"itemListElement\":[{\"@type\":\"ListItem\",\"@id\":\"https:\\\/\\\/www.eldigitaldeasturias.com\\\/noticias#listItem\",\"position\":1,\"name\":\"Home\",\"item\":\"https:\\\/\\\/www.eldigitaldeasturias.com\\\/noticias\",\"nextItem\":{\"@type\":\"ListItem\",\"@id\":\"https:\\\/\\\/www.eldigitaldeasturias.com\\\/noticias\\\/category\\\/revista-de-ocio\\\/#listItem\",\"name\":\"Revista de Ocio\"}},{\"@type\":\"ListItem\",\"@id\":\"https:\\\/\\\/www.eldigitaldeasturias.com\\\/noticias\\\/category\\\/revista-de-ocio\\\/#listItem\",\"position\":2,\"name\":\"Revista de Ocio\",\"item\":\"https:\\\/\\\/www.eldigitaldeasturias.com\\\/noticias\\\/category\\\/revista-de-ocio\\\/\",\"nextItem\":{\"@type\":\"ListItem\",\"@id\":\"https:\\\/\\\/www.eldigitaldeasturias.com\\\/noticias\\\/berlin-acoge-la-noche-del-cine-europeo-una-nueva-fiesta-en-honor-a-almodovar\\\/#listItem\",\"name\":\"Berl\\u00edn acoge la noche del cine europeo, una nueva fiesta en honor a Almod\\u00f3var\"},\"previousItem\":{\"@type\":\"ListItem\",\"@id\":\"https:\\\/\\\/www.eldigitaldeasturias.com\\\/noticias#listItem\",\"name\":\"Home\"}},{\"@type\":\"ListItem\",\"@id\":\"https:\\\/\\\/www.eldigitaldeasturias.com\\\/noticias\\\/berlin-acoge-la-noche-del-cine-europeo-una-nueva-fiesta-en-honor-a-almodovar\\\/#listItem\",\"position\":3,\"name\":\"Berl\\u00edn acoge la noche del cine europeo, una nueva fiesta en honor a Almod\\u00f3var\",\"previousItem\":{\"@type\":\"ListItem\",\"@id\":\"https:\\\/\\\/www.eldigitaldeasturias.com\\\/noticias\\\/category\\\/revista-de-ocio\\\/#listItem\",\"name\":\"Revista de Ocio\"}}]},{\"@type\":\"Organization\",\"@id\":\"https:\\\/\\\/www.eldigitaldeasturias.com\\\/noticias\\\/#organization\",\"name\":\"El Digital de Asturias\",\"description\":\"Hemeroteca\",\"url\":\"https:\\\/\\\/www.eldigitaldeasturias.com\\\/noticias\\\/\",\"email\":\"info@eldigitaldeasturias.com\",\"telephone\":\"+34652131393\",\"logo\":{\"@type\":\"ImageObject\",\"url\":\"https:\\\/\\\/www.eldigitaldeasturias.com\\\/noticias\\\/wp-content\\\/uploads\\\/2020\\\/12\\\/EDA.jpg\",\"@id\":\"https:\\\/\\\/www.eldigitaldeasturias.com\\\/noticias\\\/berlin-acoge-la-noche-del-cine-europeo-una-nueva-fiesta-en-honor-a-almodovar\\\/#organizationLogo\"},\"image\":{\"@id\":\"https:\\\/\\\/www.eldigitaldeasturias.com\\\/noticias\\\/berlin-acoge-la-noche-del-cine-europeo-una-nueva-fiesta-en-honor-a-almodovar\\\/#organizationLogo\"},\"sameAs\":[\"https:\\\/\\\/facebook.com\\\/eldigitaldeasturias\",\"https:\\\/\\\/www.youtube.com\\\/channel\\\/UCZP-2wLEB9Rv6erhFmqVnvg\"],\"address\":{\"@id\":\"https:\\\/\\\/www.eldigitaldeasturias.com\\\/noticias\\\/#postaladdress\",\"@type\":\"PostalAddress\",\"streetAddress\":\"san antonio 4\",\"postalCode\":\"33430\",\"addressLocality\":\"Cand\\u00e1s\",\"addressRegion\":\"Asturias\",\"addressCountry\":\"ES\"}},{\"@type\":\"Person\",\"@id\":\"https:\\\/\\\/www.eldigitaldeasturias.com\\\/noticias\\\/author\\\/admin\\\/#author\",\"url\":\"https:\\\/\\\/www.eldigitaldeasturias.com\\\/noticias\\\/author\\\/admin\\\/\",\"name\":\"El Digital de Asturias\",\"image\":{\"@type\":\"ImageObject\",\"@id\":\"https:\\\/\\\/www.eldigitaldeasturias.com\\\/noticias\\\/berlin-acoge-la-noche-del-cine-europeo-una-nueva-fiesta-en-honor-a-almodovar\\\/#authorImage\",\"url\":\"https:\\\/\\\/secure.gravatar.com\\\/avatar\\\/df2aeffc32bcd13f8d26072ef8a91b623d677766deac7f97ca815868cd41bf5e?s=96&d=mm&r=g\",\"width\":96,\"height\":96,\"caption\":\"El Digital de Asturias\"}},{\"@type\":\"WebPage\",\"@id\":\"https:\\\/\\\/www.eldigitaldeasturias.com\\\/noticias\\\/berlin-acoge-la-noche-del-cine-europeo-una-nueva-fiesta-en-honor-a-almodovar\\\/#webpage\",\"url\":\"https:\\\/\\\/www.eldigitaldeasturias.com\\\/noticias\\\/berlin-acoge-la-noche-del-cine-europeo-una-nueva-fiesta-en-honor-a-almodovar\\\/\",\"name\":\"Berl\\u00edn acoge la noche del cine europeo, una nueva fiesta en honor a Almod\\u00f3var - El Digital de Asturias\",\"description\":\"Berl\\u00edn, 6 dic (EFE).- La Academia del Cine Europeo celebra ma\\u00f1ana su gala anual con la entrega de sus premios 2013 en Berl\\u00edn, la ciudad donde nacieron esos galardones, en una ceremonia que se espera sea una nueva fiesta en honor a Pedro Almod\\u00f3var. El cineasta manchego tiene asegurado uno de los galardones, el de\",\"inLanguage\":\"es-ES\",\"isPartOf\":{\"@id\":\"https:\\\/\\\/www.eldigitaldeasturias.com\\\/noticias\\\/#website\"},\"breadcrumb\":{\"@id\":\"https:\\\/\\\/www.eldigitaldeasturias.com\\\/noticias\\\/berlin-acoge-la-noche-del-cine-europeo-una-nueva-fiesta-en-honor-a-almodovar\\\/#breadcrumblist\"},\"author\":{\"@id\":\"https:\\\/\\\/www.eldigitaldeasturias.com\\\/noticias\\\/author\\\/admin\\\/#author\"},\"creator\":{\"@id\":\"https:\\\/\\\/www.eldigitaldeasturias.com\\\/noticias\\\/author\\\/admin\\\/#author\"},\"image\":{\"@type\":\"ImageObject\",\"url\":458813,\"@id\":\"https:\\\/\\\/www.eldigitaldeasturias.com\\\/noticias\\\/berlin-acoge-la-noche-del-cine-europeo-una-nueva-fiesta-en-honor-a-almodovar\\\/#mainImage\"},\"primaryImageOfPage\":{\"@id\":\"https:\\\/\\\/www.eldigitaldeasturias.com\\\/noticias\\\/berlin-acoge-la-noche-del-cine-europeo-una-nueva-fiesta-en-honor-a-almodovar\\\/#mainImage\"},\"datePublished\":\"2013-12-06T22:52:47+01:00\",\"dateModified\":\"2013-12-06T22:52:47+01:00\"},{\"@type\":\"WebSite\",\"@id\":\"https:\\\/\\\/www.eldigitaldeasturias.com\\\/noticias\\\/#website\",\"url\":\"https:\\\/\\\/www.eldigitaldeasturias.com\\\/noticias\\\/\",\"name\":\"El Digital de Asturias - Diario de actualidad y noticias\",\"alternateName\":\"El Digital de Asturias - Diario de actualidad y noticias\",\"description\":\"Hemeroteca\",\"inLanguage\":\"es-ES\",\"publisher\":{\"@id\":\"https:\\\/\\\/www.eldigitaldeasturias.com\\\/noticias\\\/#organization\"}}]}\n\t\t<\/script>\n\t\t<!-- All in One SEO Pro -->\r\n\t\t<title>Berl\u00edn acoge la noche del cine europeo, una nueva fiesta en honor a Almod\u00f3var - El Digital de Asturias<\/title>\n\n","aioseo_head_json":{"title":"Berl\u00edn acoge la noche del cine europeo, una nueva fiesta en honor a Almod\u00f3var - El Digital de Asturias","description":"Berl\u00edn, 6 dic (EFE).- La Academia del Cine Europeo celebra ma\u00f1ana su gala anual con la entrega de sus premios 2013 en Berl\u00edn, la ciudad donde nacieron esos galardones, en una ceremonia que se espera sea una nueva fiesta en honor a Pedro Almod\u00f3var. El cineasta manchego tiene asegurado uno de los galardones, el de","canonical_url":"https:\/\/www.eldigitaldeasturias.com\/noticias\/berlin-acoge-la-noche-del-cine-europeo-una-nueva-fiesta-en-honor-a-almodovar\/","robots":"max-image-preview:large","keywords":"revista de ocio","webmasterTools":{"google-site-verification":"UA-38556648-1","msvalidate.01":"7dfe9f3f1b24437ab69f4f2559babe99","miscellaneous":""},"schema":{"@context":"https:\/\/schema.org","@graph":[{"@type":"BlogPosting","@id":"https:\/\/www.eldigitaldeasturias.com\/noticias\/berlin-acoge-la-noche-del-cine-europeo-una-nueva-fiesta-en-honor-a-almodovar\/#blogposting","name":"Berl\u00edn acoge la noche del cine europeo, una nueva fiesta en honor a Almod\u00f3var - El Digital de Asturias","headline":"Berl\u00edn acoge la noche del cine europeo, una nueva fiesta en honor a Almod\u00f3var","author":{"@id":"https:\/\/www.eldigitaldeasturias.com\/noticias\/author\/admin\/#author"},"publisher":{"@id":"https:\/\/www.eldigitaldeasturias.com\/noticias\/#organization"},"image":{"@type":"ImageObject","url":458813},"datePublished":"2013-12-06T22:52:47+01:00","dateModified":"2013-12-06T22:52:47+01:00","inLanguage":"es-ES","mainEntityOfPage":{"@id":"https:\/\/www.eldigitaldeasturias.com\/noticias\/berlin-acoge-la-noche-del-cine-europeo-una-nueva-fiesta-en-honor-a-almodovar\/#webpage"},"isPartOf":{"@id":"https:\/\/www.eldigitaldeasturias.com\/noticias\/berlin-acoge-la-noche-del-cine-europeo-una-nueva-fiesta-en-honor-a-almodovar\/#webpage"},"articleSection":"Revista de Ocio"},{"@type":"BreadcrumbList","@id":"https:\/\/www.eldigitaldeasturias.com\/noticias\/berlin-acoge-la-noche-del-cine-europeo-una-nueva-fiesta-en-honor-a-almodovar\/#breadcrumblist","itemListElement":[{"@type":"ListItem","@id":"https:\/\/www.eldigitaldeasturias.com\/noticias#listItem","position":1,"name":"Home","item":"https:\/\/www.eldigitaldeasturias.com\/noticias","nextItem":{"@type":"ListItem","@id":"https:\/\/www.eldigitaldeasturias.com\/noticias\/category\/revista-de-ocio\/#listItem","name":"Revista de Ocio"}},{"@type":"ListItem","@id":"https:\/\/www.eldigitaldeasturias.com\/noticias\/category\/revista-de-ocio\/#listItem","position":2,"name":"Revista de Ocio","item":"https:\/\/www.eldigitaldeasturias.com\/noticias\/category\/revista-de-ocio\/","nextItem":{"@type":"ListItem","@id":"https:\/\/www.eldigitaldeasturias.com\/noticias\/berlin-acoge-la-noche-del-cine-europeo-una-nueva-fiesta-en-honor-a-almodovar\/#listItem","name":"Berl\u00edn acoge la noche del cine europeo, una nueva fiesta en honor a Almod\u00f3var"},"previousItem":{"@type":"ListItem","@id":"https:\/\/www.eldigitaldeasturias.com\/noticias#listItem","name":"Home"}},{"@type":"ListItem","@id":"https:\/\/www.eldigitaldeasturias.com\/noticias\/berlin-acoge-la-noche-del-cine-europeo-una-nueva-fiesta-en-honor-a-almodovar\/#listItem","position":3,"name":"Berl\u00edn acoge la noche del cine europeo, una nueva fiesta en honor a Almod\u00f3var","previousItem":{"@type":"ListItem","@id":"https:\/\/www.eldigitaldeasturias.com\/noticias\/category\/revista-de-ocio\/#listItem","name":"Revista de Ocio"}}]},{"@type":"Organization","@id":"https:\/\/www.eldigitaldeasturias.com\/noticias\/#organization","name":"El Digital de Asturias","description":"Hemeroteca","url":"https:\/\/www.eldigitaldeasturias.com\/noticias\/","email":"info@eldigitaldeasturias.com","telephone":"+34652131393","logo":{"@type":"ImageObject","url":"https:\/\/www.eldigitaldeasturias.com\/noticias\/wp-content\/uploads\/2020\/12\/EDA.jpg","@id":"https:\/\/www.eldigitaldeasturias.com\/noticias\/berlin-acoge-la-noche-del-cine-europeo-una-nueva-fiesta-en-honor-a-almodovar\/#organizationLogo"},"image":{"@id":"https:\/\/www.eldigitaldeasturias.com\/noticias\/berlin-acoge-la-noche-del-cine-europeo-una-nueva-fiesta-en-honor-a-almodovar\/#organizationLogo"},"sameAs":["https:\/\/facebook.com\/eldigitaldeasturias","https:\/\/www.youtube.com\/channel\/UCZP-2wLEB9Rv6erhFmqVnvg"],"address":{"@id":"https:\/\/www.eldigitaldeasturias.com\/noticias\/#postaladdress","@type":"PostalAddress","streetAddress":"san antonio 4","postalCode":"33430","addressLocality":"Cand\u00e1s","addressRegion":"Asturias","addressCountry":"ES"}},{"@type":"Person","@id":"https:\/\/www.eldigitaldeasturias.com\/noticias\/author\/admin\/#author","url":"https:\/\/www.eldigitaldeasturias.com\/noticias\/author\/admin\/","name":"El Digital de Asturias","image":{"@type":"ImageObject","@id":"https:\/\/www.eldigitaldeasturias.com\/noticias\/berlin-acoge-la-noche-del-cine-europeo-una-nueva-fiesta-en-honor-a-almodovar\/#authorImage","url":"https:\/\/secure.gravatar.com\/avatar\/df2aeffc32bcd13f8d26072ef8a91b623d677766deac7f97ca815868cd41bf5e?s=96&d=mm&r=g","width":96,"height":96,"caption":"El Digital de Asturias"}},{"@type":"WebPage","@id":"https:\/\/www.eldigitaldeasturias.com\/noticias\/berlin-acoge-la-noche-del-cine-europeo-una-nueva-fiesta-en-honor-a-almodovar\/#webpage","url":"https:\/\/www.eldigitaldeasturias.com\/noticias\/berlin-acoge-la-noche-del-cine-europeo-una-nueva-fiesta-en-honor-a-almodovar\/","name":"Berl\u00edn acoge la noche del cine europeo, una nueva fiesta en honor a Almod\u00f3var - El Digital de Asturias","description":"Berl\u00edn, 6 dic (EFE).- La Academia del Cine Europeo celebra ma\u00f1ana su gala anual con la entrega de sus premios 2013 en Berl\u00edn, la ciudad donde nacieron esos galardones, en una ceremonia que se espera sea una nueva fiesta en honor a Pedro Almod\u00f3var. El cineasta manchego tiene asegurado uno de los galardones, el de","inLanguage":"es-ES","isPartOf":{"@id":"https:\/\/www.eldigitaldeasturias.com\/noticias\/#website"},"breadcrumb":{"@id":"https:\/\/www.eldigitaldeasturias.com\/noticias\/berlin-acoge-la-noche-del-cine-europeo-una-nueva-fiesta-en-honor-a-almodovar\/#breadcrumblist"},"author":{"@id":"https:\/\/www.eldigitaldeasturias.com\/noticias\/author\/admin\/#author"},"creator":{"@id":"https:\/\/www.eldigitaldeasturias.com\/noticias\/author\/admin\/#author"},"image":{"@type":"ImageObject","url":458813,"@id":"https:\/\/www.eldigitaldeasturias.com\/noticias\/berlin-acoge-la-noche-del-cine-europeo-una-nueva-fiesta-en-honor-a-almodovar\/#mainImage"},"primaryImageOfPage":{"@id":"https:\/\/www.eldigitaldeasturias.com\/noticias\/berlin-acoge-la-noche-del-cine-europeo-una-nueva-fiesta-en-honor-a-almodovar\/#mainImage"},"datePublished":"2013-12-06T22:52:47+01:00","dateModified":"2013-12-06T22:52:47+01:00"},{"@type":"WebSite","@id":"https:\/\/www.eldigitaldeasturias.com\/noticias\/#website","url":"https:\/\/www.eldigitaldeasturias.com\/noticias\/","name":"El Digital de Asturias - Diario de actualidad y noticias","alternateName":"El Digital de Asturias - Diario de actualidad y noticias","description":"Hemeroteca","inLanguage":"es-ES","publisher":{"@id":"https:\/\/www.eldigitaldeasturias.com\/noticias\/#organization"}}]},"og:locale":"es_ES","og:site_name":"El Digital de Asturias","og:type":"article","og:title":"Berl\u00edn acoge la noche del cine europeo, una nueva fiesta en honor a Almod\u00f3var - El Digital de Asturias","og:description":"Berl\u00edn, 6 dic (EFE).- La Academia del Cine Europeo celebra ma\u00f1ana su gala anual con la entrega de sus premios 2013 en Berl\u00edn, la ciudad donde nacieron esos galardones, en una ceremonia que se espera sea una nueva fiesta en honor a Pedro Almod\u00f3var. El cineasta manchego tiene asegurado uno de los galardones, el de","og:url":"https:\/\/www.eldigitaldeasturias.com\/noticias\/berlin-acoge-la-noche-del-cine-europeo-una-nueva-fiesta-en-honor-a-almodovar\/","article:tag":["revista de ocio"],"article:published_time":"2013-12-06T23:52:47+00:00","article:modified_time":"2013-12-06T23:52:47+00:00","article:publisher":"https:\/\/facebook.com\/eldigitaldeasturias","twitter:card":"summary_large_image","twitter:title":"Berl\u00edn acoge la noche del cine europeo, una nueva fiesta en honor a Almod\u00f3var - El Digital de Asturias","twitter:description":"Berl\u00edn, 6 dic (EFE).- La Academia del Cine Europeo celebra ma\u00f1ana su gala anual con la entrega de sus premios 2013 en Berl\u00edn, la ciudad donde nacieron esos galardones, en una ceremonia que se espera sea una nueva fiesta en honor a Pedro Almod\u00f3var. El cineasta manchego tiene asegurado uno de los galardones, el de","twitter:label1":"Escrito por","twitter:data1":"El Digital de Asturias","twitter:label2":"Tiempo de lectura estimado","twitter:data2":"3 minutos"},"aioseo_meta_data":{"post_id":"458812","title":null,"description":null,"keywords":null,"keyphrases":null,"primary_term":null,"canonical_url":null,"og_title":null,"og_description":null,"og_object_type":"default","og_image_type":"default","og_image_url":null,"og_image_width":null,"og_image_height":null,"og_image_custom_url":null,"og_image_custom_fields":null,"og_video":null,"og_custom_url":null,"og_article_section":null,"og_article_tags":null,"twitter_use_og":true,"twitter_card":"default","twitter_image_type":"default","twitter_image_url":null,"twitter_image_custom_url":null,"twitter_image_custom_fields":null,"twitter_title":null,"twitter_description":null,"schema":{"blockGraphs":[],"customGraphs":[],"default":{"data":{"Article":[],"Course":[],"Dataset":[],"FAQPage":[],"Movie":[],"Person":[],"Product":[],"ProductReview":[],"Car":[],"Recipe":[],"Service":[],"SoftwareApplication":[],"WebPage":[]},"graphName":"","isEnabled":true},"graphs":[],"defaultGraph":"","defaultPostTypeGraph":""},"schema_type":null,"schema_type_options":null,"pillar_content":false,"robots_default":true,"robots_noindex":false,"robots_noarchive":false,"robots_nosnippet":false,"robots_nofollow":false,"robots_noimageindex":false,"robots_noodp":false,"robots_notranslate":false,"robots_max_snippet":null,"robots_max_videopreview":null,"robots_max_imagepreview":"none","priority":null,"frequency":null,"local_seo":null,"seo_analyzer_scan_date":"2026-05-30 06:54:59","breadcrumb_settings":null,"limit_modified_date":false,"open_ai":null,"ai":null,"created":"2020-11-14 22:46:25","updated":"2026-05-30 06:54:59","focus_keyword":null,"additional_keywords":null,"truseo_locale":null},"aioseo_breadcrumb":"<div class=\"aioseo-breadcrumbs\"><span class=\"aioseo-breadcrumb\">\n\t<a href=\"https:\/\/www.eldigitaldeasturias.com\/noticias\" title=\"Home\">Home<\/a>\n<\/span><span class=\"aioseo-breadcrumb-separator\">\u2013<\/span><span class=\"aioseo-breadcrumb\">\n\t<a href=\"https:\/\/www.eldigitaldeasturias.com\/noticias\/category\/revista-de-ocio\/\" title=\"Revista de Ocio\">Revista de Ocio<\/a>\n<\/span><span class=\"aioseo-breadcrumb-separator\">\u2013<\/span><span class=\"aioseo-breadcrumb\">\n\t<a href=\"https:\/\/www.eldigitaldeasturias.com\/noticias\/berlin-acoge-la-noche-del-cine-europeo-una-nueva-fiesta-en-honor-a-almodovar\/\" title=\"Berl\u00edn acoge la noche del cine europeo, una nueva fiesta en honor a Almod\u00f3var\">Berl\u00edn acoge la noche del cine europeo, una nueva fiesta en honor a Almod\u00f3var<\/a>\n<\/span><\/div>","aioseo_breadcrumb_json":[{"label":"Home","link":"https:\/\/www.eldigitaldeasturias.com\/noticias"},{"label":"Revista de Ocio","link":"https:\/\/www.eldigitaldeasturias.com\/noticias\/category\/revista-de-ocio\/"},{"label":"Berl\u00edn acoge la noche del cine europeo, una nueva fiesta en honor a Almod\u00f3var","link":"https:\/\/www.eldigitaldeasturias.com\/noticias\/berlin-acoge-la-noche-del-cine-europeo-una-nueva-fiesta-en-honor-a-almodovar\/"}],"_links":{"self":[{"href":"https:\/\/www.eldigitaldeasturias.com\/noticias\/wp-json\/wp\/v2\/posts\/458812","targetHints":{"allow":["GET"]}}],"collection":[{"href":"https:\/\/www.eldigitaldeasturias.com\/noticias\/wp-json\/wp\/v2\/posts"}],"about":[{"href":"https:\/\/www.eldigitaldeasturias.com\/noticias\/wp-json\/wp\/v2\/types\/post"}],"author":[{"embeddable":true,"href":"https:\/\/www.eldigitaldeasturias.com\/noticias\/wp-json\/wp\/v2\/users\/1"}],"replies":[{"embeddable":true,"href":"https:\/\/www.eldigitaldeasturias.com\/noticias\/wp-json\/wp\/v2\/comments?post=458812"}],"version-history":[{"count":0,"href":"https:\/\/www.eldigitaldeasturias.com\/noticias\/wp-json\/wp\/v2\/posts\/458812\/revisions"}],"wp:attachment":[{"href":"https:\/\/www.eldigitaldeasturias.com\/noticias\/wp-json\/wp\/v2\/media?parent=458812"}],"wp:term":[{"taxonomy":"category","embeddable":true,"href":"https:\/\/www.eldigitaldeasturias.com\/noticias\/wp-json\/wp\/v2\/categories?post=458812"},{"taxonomy":"post_tag","embeddable":true,"href":"https:\/\/www.eldigitaldeasturias.com\/noticias\/wp-json\/wp\/v2\/tags?post=458812"}],"curies":[{"name":"wp","href":"https:\/\/api.w.org\/{rel}","templated":true}]}}