{"id":458809,"date":"2013-12-06T22:51:27","date_gmt":"2013-12-06T23:51:27","guid":{"rendered":"http:\/\/www.eldigitaldeasturias.com\/noticias\/?p=458809"},"modified":"2013-12-06T22:51:27","modified_gmt":"2013-12-06T23:51:27","slug":"morricone-defiende-su-libertad-a-la-hora-de-componer-musica-para-el-cine","status":"publish","type":"post","link":"https:\/\/www.eldigitaldeasturias.com\/noticias\/morricone-defiende-su-libertad-a-la-hora-de-componer-musica-para-el-cine\/","title":{"rendered":"Morricone defiende su libertad a la hora de componer m\u00fasica para el cine"},"content":{"rendered":"<p><img loading=\"lazy\" decoding=\"async\" class=\"alignleft size-medium wp-image-458810\" alt=\"5776924w\" src=\"https:\/\/www.eldigitaldeasturias.com\/noticias\/wp-content\/uploads\/2013\/12\/5776924w-360x230.jpg\" width=\"360\" height=\"230\" \/>Berl\u00edn, 6 dic (EFE).- El compositor italiano Ennio Morricone defendi\u00f3 hoy en una rueda de prensa en Berl\u00edn que el m\u00fasico debe contar con libertad creativa a la hora de componer las bandas sonoras de las pel\u00edculas en las que participa.<\/p>\n<p>\u00abNo querr\u00eda que el director me tomara por uno que transcribe una m\u00fasica ya existente, si es as\u00ed no hago la pel\u00edcula, la m\u00fasica la propongo yo y ellos lo aceptan y la discutimos o no la aceptan y la discutimos tambi\u00e9n\u00bb, expres\u00f3 Morricone<\/p>\n<p>El compositor italiano, de 85 a\u00f1os, tambi\u00e9n destac\u00f3 la importancia de que el director entienda la m\u00fasica para que de este modo ambas, cinematograf\u00eda y banda sonora, se apoyen mutuamente, mejorando el producto final.<\/p>\n<p>En este punto se dijo especialmente satisfecho con su colaboraci\u00f3n actual con Giuseppe Tornatore, un director que, en su opini\u00f3n, comprende la m\u00fasica \u00abincluso antes de escucharla\u00bb.<\/p>\n<p>Morricone se encuentra en la capital alemana para recibir ma\u00f1ana el premio por su m\u00fasica en \u00abThe Best Offer\u00bb (\u00abLa mejor oferta\u00bb), de Tornatore, en los Premios de la Academia del Cine Europeo.<\/p>\n<p>En esta pel\u00edcula, el m\u00fasico nacido en Roma llev\u00f3 a cabo un experimento innovador al grabar cada instrumento por separado sin que los m\u00fasicos conociesen \u00ablo que hab\u00edan tocado los otros\u00bb.<\/p>\n<p>Sin embargo, Morricone rechaz\u00f3 la responsabilidad de la banda sonora en el triunfo final que pueda tener una pel\u00edcula y apunt\u00f3 que \u00abel filme debe ser bello por s\u00ed mismo, la m\u00fasica puede ayudar a eso, pero si no hay pel\u00edcula\u00bb no se puede hacer nada.<\/p>\n<p>El compositor romano, autor de m\u00e1s de quinientas bandas sonoras, declar\u00f3 que no ha tenido tiempo de desear trabajar con ning\u00fan director en especial, ya que ha \u00abtenido mucho trabajo\u00bb siempre, pero reconoci\u00f3 que tiene una espina clavada con el desaparecido Stanley Kubrick.<\/p>\n<p>Morricone cont\u00f3 que el director estadounidense se puso en contacto con \u00e9l para que realizase la banda sonora de \u00abClockwork orange\u00bb (\u00abLa naranja mec\u00e1nica\u00bb).<\/p>\n<p>Sin embargo, cuando ambos se hab\u00edan puesto de acuerdo, Kubrik llam\u00f3 al director italiano Sergio Leone quien le dijo que en ese momento Morricone trabajaba con \u00e9l en un proyecto, por lo que \u00abKubrick no volvi\u00f3 a llamar\u00bb relat\u00f3 el m\u00fasico italiano.<\/p>\n<p>Preguntado por su inspiraci\u00f3n, Morricone explic\u00f3 que suele escribir en su casa pero que las ideas pueden llegar en cualquier momento incluso al ir a pagar una factura de gas montado en su coche.<\/p>\n<p>Asimismo, asegur\u00f3 que su voluntad de seguir trabajando de modo constante a una edad avanzada se basa en su \u00abamor\u00bb por la m\u00fasica y aconsej\u00f3 a los j\u00f3venes compositores que aspiren a hacer una m\u00fasica grandiosa, \u00abno humilde\u00bb.<\/p>\n<p>El autor de la m\u00fasica de pel\u00edculas como \u00abThe good, the bad and the ugly\u00bb o \u00abInglorious basterds\u00bb aprovech\u00f3 para presentar una serie de conciertos que le llevar\u00e1n por primera vez a actuar en Berl\u00edn el pr\u00f3ximo 11 de febrero, as\u00ed como en M\u00fanich (Sur de Alemania) y Colonia (oeste) para conmemorar sus 50 a\u00f1os de carrera profesional.<\/p>\n<p>Al mismo tiempo, lament\u00f3 que siempre que viene a Alemania se le pregunte s\u00f3lo por su colaboraci\u00f3n con Leone que compone apenas \u00abel ocho por ciento\u00bb de su obra total y reivindic\u00f3 sus trabajos con otros directores as\u00ed como su producci\u00f3n musical no vinculada con el cine.<\/p>\n","protected":false},"excerpt":{"rendered":"<p>Berl\u00edn, 6 dic (EFE).- El compositor italiano Ennio Morricone defendi\u00f3 hoy en una rueda de prensa en Berl\u00edn que el m\u00fasico debe contar con libertad creativa a la hora de componer las bandas sonoras de las pel\u00edculas en las que participa. \u00abNo querr\u00eda que el director me tomara por uno que transcribe una m\u00fasica ya [&hellip;]<\/p>\n","protected":false},"author":1,"featured_media":458810,"comment_status":"closed","ping_status":"open","sticky":false,"template":"","format":"standard","meta":{"footnotes":""},"categories":[50],"tags":[],"class_list":["post-458809","post","type-post","status-publish","format-standard","has-post-thumbnail","hentry","category-revista-de-ocio"],"aioseo_notices":[],"aioseo_head":"\n\t\t<!-- All in One SEO Pro 5.0.1 - aioseo.com -->\n\t<meta name=\"description\" content=\"Berl\u00edn, 6 dic (EFE).- El compositor italiano Ennio Morricone defendi\u00f3 hoy en una rueda de prensa en Berl\u00edn que el m\u00fasico debe contar con libertad creativa a la hora de componer las bandas sonoras de las pel\u00edculas en las que participa. &quot;No querr\u00eda que el director me tomara por uno que transcribe una m\u00fasica ya\" \/>\n\t<meta name=\"robots\" content=\"max-image-preview:large\" \/>\n\t<meta name=\"author\" content=\"El Digital de Asturias\"\/>\n\t<meta name=\"google-site-verification\" content=\"UA-38556648-1\" \/>\n\t<meta name=\"msvalidate.01\" content=\"7dfe9f3f1b24437ab69f4f2559babe99\" \/>\n\t<meta name=\"keywords\" content=\"revista de ocio\" \/>\n\t<link rel=\"canonical\" href=\"https:\/\/www.eldigitaldeasturias.com\/noticias\/morricone-defiende-su-libertad-a-la-hora-de-componer-musica-para-el-cine\/\" \/>\n\t<meta name=\"generator\" content=\"All in One SEO Pro (AIOSEO) 5.0.1\" \/>\n\t\t<meta property=\"og:locale\" content=\"es_ES\" \/>\n\t\t<meta property=\"og:site_name\" content=\"El Digital de Asturias\" \/>\n\t\t<meta property=\"og:type\" content=\"article\" \/>\n\t\t<meta property=\"og:title\" content=\"Morricone defiende su libertad a la hora de componer m\u00fasica para el cine - El Digital de Asturias\" \/>\n\t\t<meta property=\"og:description\" content=\"Berl\u00edn, 6 dic (EFE).- El compositor italiano Ennio Morricone defendi\u00f3 hoy en una rueda de prensa en Berl\u00edn que el m\u00fasico debe contar con libertad creativa a la hora de componer las bandas sonoras de las pel\u00edculas en las que participa. &quot;No querr\u00eda que el director me tomara por uno que transcribe una m\u00fasica ya\" \/>\n\t\t<meta property=\"og:url\" content=\"https:\/\/www.eldigitaldeasturias.com\/noticias\/morricone-defiende-su-libertad-a-la-hora-de-componer-musica-para-el-cine\/\" \/>\n\t\t<meta property=\"article:tag\" content=\"revista de ocio\" \/>\n\t\t<meta property=\"article:published_time\" content=\"2013-12-06T23:51:27+00:00\" \/>\n\t\t<meta property=\"article:modified_time\" content=\"2013-12-06T23:51:27+00:00\" \/>\n\t\t<meta property=\"article:publisher\" content=\"https:\/\/facebook.com\/eldigitaldeasturias\" \/>\n\t\t<meta name=\"twitter:card\" content=\"summary_large_image\" \/>\n\t\t<meta name=\"twitter:title\" content=\"Morricone defiende su libertad a la hora de componer m\u00fasica para el cine - El Digital de Asturias\" \/>\n\t\t<meta name=\"twitter:description\" content=\"Berl\u00edn, 6 dic (EFE).- El compositor italiano Ennio Morricone defendi\u00f3 hoy en una rueda de prensa en Berl\u00edn que el m\u00fasico debe contar con libertad creativa a la hora de componer las bandas sonoras de las pel\u00edculas en las que participa. &quot;No querr\u00eda que el director me tomara por uno que transcribe una m\u00fasica ya\" \/>\n\t\t<meta name=\"twitter:label1\" content=\"Escrito por\" \/>\n\t\t<meta name=\"twitter:data1\" content=\"El Digital de Asturias\" \/>\n\t\t<meta name=\"twitter:label2\" content=\"Tiempo de lectura estimado\" \/>\n\t\t<meta name=\"twitter:data2\" content=\"3 minutos\" \/>\n\t\t<script type=\"application\/ld+json\" class=\"aioseo-schema\">\n\t\t\t{\"@context\":\"https:\\\/\\\/schema.org\",\"@graph\":[{\"@type\":\"BlogPosting\",\"@id\":\"https:\\\/\\\/www.eldigitaldeasturias.com\\\/noticias\\\/morricone-defiende-su-libertad-a-la-hora-de-componer-musica-para-el-cine\\\/#blogposting\",\"name\":\"Morricone defiende su libertad a la hora de componer m\\u00fasica para el cine - El Digital de Asturias\",\"headline\":\"Morricone defiende su libertad a la hora de componer m\\u00fasica para el cine\",\"author\":{\"@id\":\"https:\\\/\\\/www.eldigitaldeasturias.com\\\/noticias\\\/author\\\/admin\\\/#author\"},\"publisher\":{\"@id\":\"https:\\\/\\\/www.eldigitaldeasturias.com\\\/noticias\\\/#organization\"},\"image\":{\"@type\":\"ImageObject\",\"url\":458810},\"datePublished\":\"2013-12-06T22:51:27+01:00\",\"dateModified\":\"2013-12-06T22:51:27+01:00\",\"inLanguage\":\"es-ES\",\"mainEntityOfPage\":{\"@id\":\"https:\\\/\\\/www.eldigitaldeasturias.com\\\/noticias\\\/morricone-defiende-su-libertad-a-la-hora-de-componer-musica-para-el-cine\\\/#webpage\"},\"isPartOf\":{\"@id\":\"https:\\\/\\\/www.eldigitaldeasturias.com\\\/noticias\\\/morricone-defiende-su-libertad-a-la-hora-de-componer-musica-para-el-cine\\\/#webpage\"},\"articleSection\":\"Revista de Ocio\"},{\"@type\":\"BreadcrumbList\",\"@id\":\"https:\\\/\\\/www.eldigitaldeasturias.com\\\/noticias\\\/morricone-defiende-su-libertad-a-la-hora-de-componer-musica-para-el-cine\\\/#breadcrumblist\",\"itemListElement\":[{\"@type\":\"ListItem\",\"@id\":\"https:\\\/\\\/www.eldigitaldeasturias.com\\\/noticias#listItem\",\"position\":1,\"name\":\"Home\",\"item\":\"https:\\\/\\\/www.eldigitaldeasturias.com\\\/noticias\",\"nextItem\":{\"@type\":\"ListItem\",\"@id\":\"https:\\\/\\\/www.eldigitaldeasturias.com\\\/noticias\\\/category\\\/revista-de-ocio\\\/#listItem\",\"name\":\"Revista de Ocio\"}},{\"@type\":\"ListItem\",\"@id\":\"https:\\\/\\\/www.eldigitaldeasturias.com\\\/noticias\\\/category\\\/revista-de-ocio\\\/#listItem\",\"position\":2,\"name\":\"Revista de Ocio\",\"item\":\"https:\\\/\\\/www.eldigitaldeasturias.com\\\/noticias\\\/category\\\/revista-de-ocio\\\/\",\"nextItem\":{\"@type\":\"ListItem\",\"@id\":\"https:\\\/\\\/www.eldigitaldeasturias.com\\\/noticias\\\/morricone-defiende-su-libertad-a-la-hora-de-componer-musica-para-el-cine\\\/#listItem\",\"name\":\"Morricone defiende su libertad a la hora de componer m\\u00fasica para el cine\"},\"previousItem\":{\"@type\":\"ListItem\",\"@id\":\"https:\\\/\\\/www.eldigitaldeasturias.com\\\/noticias#listItem\",\"name\":\"Home\"}},{\"@type\":\"ListItem\",\"@id\":\"https:\\\/\\\/www.eldigitaldeasturias.com\\\/noticias\\\/morricone-defiende-su-libertad-a-la-hora-de-componer-musica-para-el-cine\\\/#listItem\",\"position\":3,\"name\":\"Morricone defiende su libertad a la hora de componer m\\u00fasica para el cine\",\"previousItem\":{\"@type\":\"ListItem\",\"@id\":\"https:\\\/\\\/www.eldigitaldeasturias.com\\\/noticias\\\/category\\\/revista-de-ocio\\\/#listItem\",\"name\":\"Revista de Ocio\"}}]},{\"@type\":\"Organization\",\"@id\":\"https:\\\/\\\/www.eldigitaldeasturias.com\\\/noticias\\\/#organization\",\"name\":\"El Digital de Asturias\",\"description\":\"Hemeroteca\",\"url\":\"https:\\\/\\\/www.eldigitaldeasturias.com\\\/noticias\\\/\",\"email\":\"info@eldigitaldeasturias.com\",\"telephone\":\"+34652131393\",\"logo\":{\"@type\":\"ImageObject\",\"url\":\"https:\\\/\\\/www.eldigitaldeasturias.com\\\/noticias\\\/wp-content\\\/uploads\\\/2020\\\/12\\\/EDA.jpg\",\"@id\":\"https:\\\/\\\/www.eldigitaldeasturias.com\\\/noticias\\\/morricone-defiende-su-libertad-a-la-hora-de-componer-musica-para-el-cine\\\/#organizationLogo\"},\"image\":{\"@id\":\"https:\\\/\\\/www.eldigitaldeasturias.com\\\/noticias\\\/morricone-defiende-su-libertad-a-la-hora-de-componer-musica-para-el-cine\\\/#organizationLogo\"},\"sameAs\":[\"https:\\\/\\\/facebook.com\\\/eldigitaldeasturias\",\"https:\\\/\\\/www.youtube.com\\\/channel\\\/UCZP-2wLEB9Rv6erhFmqVnvg\"],\"address\":{\"@id\":\"https:\\\/\\\/www.eldigitaldeasturias.com\\\/noticias\\\/#postaladdress\",\"@type\":\"PostalAddress\",\"streetAddress\":\"san antonio 4\",\"postalCode\":\"33430\",\"addressLocality\":\"Cand\\u00e1s\",\"addressRegion\":\"Asturias\",\"addressCountry\":\"ES\"}},{\"@type\":\"Person\",\"@id\":\"https:\\\/\\\/www.eldigitaldeasturias.com\\\/noticias\\\/author\\\/admin\\\/#author\",\"url\":\"https:\\\/\\\/www.eldigitaldeasturias.com\\\/noticias\\\/author\\\/admin\\\/\",\"name\":\"El Digital de Asturias\",\"image\":{\"@type\":\"ImageObject\",\"@id\":\"https:\\\/\\\/www.eldigitaldeasturias.com\\\/noticias\\\/morricone-defiende-su-libertad-a-la-hora-de-componer-musica-para-el-cine\\\/#authorImage\",\"url\":\"https:\\\/\\\/secure.gravatar.com\\\/avatar\\\/df2aeffc32bcd13f8d26072ef8a91b623d677766deac7f97ca815868cd41bf5e?s=96&d=mm&r=g\",\"width\":96,\"height\":96,\"caption\":\"El Digital de Asturias\"}},{\"@type\":\"WebPage\",\"@id\":\"https:\\\/\\\/www.eldigitaldeasturias.com\\\/noticias\\\/morricone-defiende-su-libertad-a-la-hora-de-componer-musica-para-el-cine\\\/#webpage\",\"url\":\"https:\\\/\\\/www.eldigitaldeasturias.com\\\/noticias\\\/morricone-defiende-su-libertad-a-la-hora-de-componer-musica-para-el-cine\\\/\",\"name\":\"Morricone defiende su libertad a la hora de componer m\\u00fasica para el cine - El Digital de Asturias\",\"description\":\"Berl\\u00edn, 6 dic (EFE).- El compositor italiano Ennio Morricone defendi\\u00f3 hoy en una rueda de prensa en Berl\\u00edn que el m\\u00fasico debe contar con libertad creativa a la hora de componer las bandas sonoras de las pel\\u00edculas en las que participa. \\\"No querr\\u00eda que el director me tomara por uno que transcribe una m\\u00fasica ya\",\"inLanguage\":\"es-ES\",\"isPartOf\":{\"@id\":\"https:\\\/\\\/www.eldigitaldeasturias.com\\\/noticias\\\/#website\"},\"breadcrumb\":{\"@id\":\"https:\\\/\\\/www.eldigitaldeasturias.com\\\/noticias\\\/morricone-defiende-su-libertad-a-la-hora-de-componer-musica-para-el-cine\\\/#breadcrumblist\"},\"author\":{\"@id\":\"https:\\\/\\\/www.eldigitaldeasturias.com\\\/noticias\\\/author\\\/admin\\\/#author\"},\"creator\":{\"@id\":\"https:\\\/\\\/www.eldigitaldeasturias.com\\\/noticias\\\/author\\\/admin\\\/#author\"},\"image\":{\"@type\":\"ImageObject\",\"url\":458810,\"@id\":\"https:\\\/\\\/www.eldigitaldeasturias.com\\\/noticias\\\/morricone-defiende-su-libertad-a-la-hora-de-componer-musica-para-el-cine\\\/#mainImage\"},\"primaryImageOfPage\":{\"@id\":\"https:\\\/\\\/www.eldigitaldeasturias.com\\\/noticias\\\/morricone-defiende-su-libertad-a-la-hora-de-componer-musica-para-el-cine\\\/#mainImage\"},\"datePublished\":\"2013-12-06T22:51:27+01:00\",\"dateModified\":\"2013-12-06T22:51:27+01:00\"},{\"@type\":\"WebSite\",\"@id\":\"https:\\\/\\\/www.eldigitaldeasturias.com\\\/noticias\\\/#website\",\"url\":\"https:\\\/\\\/www.eldigitaldeasturias.com\\\/noticias\\\/\",\"name\":\"El Digital de Asturias - Diario de actualidad y noticias\",\"alternateName\":\"El Digital de Asturias - Diario de actualidad y noticias\",\"description\":\"Hemeroteca\",\"inLanguage\":\"es-ES\",\"publisher\":{\"@id\":\"https:\\\/\\\/www.eldigitaldeasturias.com\\\/noticias\\\/#organization\"}}]}\n\t\t<\/script>\n\t\t<!-- All in One SEO Pro -->\r\n\t\t<title>Morricone defiende su libertad a la hora de componer m\u00fasica para el cine - El Digital de Asturias<\/title>\n\n","aioseo_head_json":{"title":"Morricone defiende su libertad a la hora de componer m\u00fasica para el cine - El Digital de Asturias","description":"Berl\u00edn, 6 dic (EFE).- El compositor italiano Ennio Morricone defendi\u00f3 hoy en una rueda de prensa en Berl\u00edn que el m\u00fasico debe contar con libertad creativa a la hora de componer las bandas sonoras de las pel\u00edculas en las que participa. \"No querr\u00eda que el director me tomara por uno que transcribe una m\u00fasica ya","canonical_url":"https:\/\/www.eldigitaldeasturias.com\/noticias\/morricone-defiende-su-libertad-a-la-hora-de-componer-musica-para-el-cine\/","robots":"max-image-preview:large","keywords":"revista de ocio","webmasterTools":{"google-site-verification":"UA-38556648-1","msvalidate.01":"7dfe9f3f1b24437ab69f4f2559babe99","miscellaneous":""},"schema":{"@context":"https:\/\/schema.org","@graph":[{"@type":"BlogPosting","@id":"https:\/\/www.eldigitaldeasturias.com\/noticias\/morricone-defiende-su-libertad-a-la-hora-de-componer-musica-para-el-cine\/#blogposting","name":"Morricone defiende su libertad a la hora de componer m\u00fasica para el cine - El Digital de Asturias","headline":"Morricone defiende su libertad a la hora de componer m\u00fasica para el cine","author":{"@id":"https:\/\/www.eldigitaldeasturias.com\/noticias\/author\/admin\/#author"},"publisher":{"@id":"https:\/\/www.eldigitaldeasturias.com\/noticias\/#organization"},"image":{"@type":"ImageObject","url":458810},"datePublished":"2013-12-06T22:51:27+01:00","dateModified":"2013-12-06T22:51:27+01:00","inLanguage":"es-ES","mainEntityOfPage":{"@id":"https:\/\/www.eldigitaldeasturias.com\/noticias\/morricone-defiende-su-libertad-a-la-hora-de-componer-musica-para-el-cine\/#webpage"},"isPartOf":{"@id":"https:\/\/www.eldigitaldeasturias.com\/noticias\/morricone-defiende-su-libertad-a-la-hora-de-componer-musica-para-el-cine\/#webpage"},"articleSection":"Revista de Ocio"},{"@type":"BreadcrumbList","@id":"https:\/\/www.eldigitaldeasturias.com\/noticias\/morricone-defiende-su-libertad-a-la-hora-de-componer-musica-para-el-cine\/#breadcrumblist","itemListElement":[{"@type":"ListItem","@id":"https:\/\/www.eldigitaldeasturias.com\/noticias#listItem","position":1,"name":"Home","item":"https:\/\/www.eldigitaldeasturias.com\/noticias","nextItem":{"@type":"ListItem","@id":"https:\/\/www.eldigitaldeasturias.com\/noticias\/category\/revista-de-ocio\/#listItem","name":"Revista de Ocio"}},{"@type":"ListItem","@id":"https:\/\/www.eldigitaldeasturias.com\/noticias\/category\/revista-de-ocio\/#listItem","position":2,"name":"Revista de Ocio","item":"https:\/\/www.eldigitaldeasturias.com\/noticias\/category\/revista-de-ocio\/","nextItem":{"@type":"ListItem","@id":"https:\/\/www.eldigitaldeasturias.com\/noticias\/morricone-defiende-su-libertad-a-la-hora-de-componer-musica-para-el-cine\/#listItem","name":"Morricone defiende su libertad a la hora de componer m\u00fasica para el cine"},"previousItem":{"@type":"ListItem","@id":"https:\/\/www.eldigitaldeasturias.com\/noticias#listItem","name":"Home"}},{"@type":"ListItem","@id":"https:\/\/www.eldigitaldeasturias.com\/noticias\/morricone-defiende-su-libertad-a-la-hora-de-componer-musica-para-el-cine\/#listItem","position":3,"name":"Morricone defiende su libertad a la hora de componer m\u00fasica para el cine","previousItem":{"@type":"ListItem","@id":"https:\/\/www.eldigitaldeasturias.com\/noticias\/category\/revista-de-ocio\/#listItem","name":"Revista de Ocio"}}]},{"@type":"Organization","@id":"https:\/\/www.eldigitaldeasturias.com\/noticias\/#organization","name":"El Digital de Asturias","description":"Hemeroteca","url":"https:\/\/www.eldigitaldeasturias.com\/noticias\/","email":"info@eldigitaldeasturias.com","telephone":"+34652131393","logo":{"@type":"ImageObject","url":"https:\/\/www.eldigitaldeasturias.com\/noticias\/wp-content\/uploads\/2020\/12\/EDA.jpg","@id":"https:\/\/www.eldigitaldeasturias.com\/noticias\/morricone-defiende-su-libertad-a-la-hora-de-componer-musica-para-el-cine\/#organizationLogo"},"image":{"@id":"https:\/\/www.eldigitaldeasturias.com\/noticias\/morricone-defiende-su-libertad-a-la-hora-de-componer-musica-para-el-cine\/#organizationLogo"},"sameAs":["https:\/\/facebook.com\/eldigitaldeasturias","https:\/\/www.youtube.com\/channel\/UCZP-2wLEB9Rv6erhFmqVnvg"],"address":{"@id":"https:\/\/www.eldigitaldeasturias.com\/noticias\/#postaladdress","@type":"PostalAddress","streetAddress":"san antonio 4","postalCode":"33430","addressLocality":"Cand\u00e1s","addressRegion":"Asturias","addressCountry":"ES"}},{"@type":"Person","@id":"https:\/\/www.eldigitaldeasturias.com\/noticias\/author\/admin\/#author","url":"https:\/\/www.eldigitaldeasturias.com\/noticias\/author\/admin\/","name":"El Digital de Asturias","image":{"@type":"ImageObject","@id":"https:\/\/www.eldigitaldeasturias.com\/noticias\/morricone-defiende-su-libertad-a-la-hora-de-componer-musica-para-el-cine\/#authorImage","url":"https:\/\/secure.gravatar.com\/avatar\/df2aeffc32bcd13f8d26072ef8a91b623d677766deac7f97ca815868cd41bf5e?s=96&d=mm&r=g","width":96,"height":96,"caption":"El Digital de Asturias"}},{"@type":"WebPage","@id":"https:\/\/www.eldigitaldeasturias.com\/noticias\/morricone-defiende-su-libertad-a-la-hora-de-componer-musica-para-el-cine\/#webpage","url":"https:\/\/www.eldigitaldeasturias.com\/noticias\/morricone-defiende-su-libertad-a-la-hora-de-componer-musica-para-el-cine\/","name":"Morricone defiende su libertad a la hora de componer m\u00fasica para el cine - El Digital de Asturias","description":"Berl\u00edn, 6 dic (EFE).- El compositor italiano Ennio Morricone defendi\u00f3 hoy en una rueda de prensa en Berl\u00edn que el m\u00fasico debe contar con libertad creativa a la hora de componer las bandas sonoras de las pel\u00edculas en las que participa. \"No querr\u00eda que el director me tomara por uno que transcribe una m\u00fasica ya","inLanguage":"es-ES","isPartOf":{"@id":"https:\/\/www.eldigitaldeasturias.com\/noticias\/#website"},"breadcrumb":{"@id":"https:\/\/www.eldigitaldeasturias.com\/noticias\/morricone-defiende-su-libertad-a-la-hora-de-componer-musica-para-el-cine\/#breadcrumblist"},"author":{"@id":"https:\/\/www.eldigitaldeasturias.com\/noticias\/author\/admin\/#author"},"creator":{"@id":"https:\/\/www.eldigitaldeasturias.com\/noticias\/author\/admin\/#author"},"image":{"@type":"ImageObject","url":458810,"@id":"https:\/\/www.eldigitaldeasturias.com\/noticias\/morricone-defiende-su-libertad-a-la-hora-de-componer-musica-para-el-cine\/#mainImage"},"primaryImageOfPage":{"@id":"https:\/\/www.eldigitaldeasturias.com\/noticias\/morricone-defiende-su-libertad-a-la-hora-de-componer-musica-para-el-cine\/#mainImage"},"datePublished":"2013-12-06T22:51:27+01:00","dateModified":"2013-12-06T22:51:27+01:00"},{"@type":"WebSite","@id":"https:\/\/www.eldigitaldeasturias.com\/noticias\/#website","url":"https:\/\/www.eldigitaldeasturias.com\/noticias\/","name":"El Digital de Asturias - Diario de actualidad y noticias","alternateName":"El Digital de Asturias - Diario de actualidad y noticias","description":"Hemeroteca","inLanguage":"es-ES","publisher":{"@id":"https:\/\/www.eldigitaldeasturias.com\/noticias\/#organization"}}]},"og:locale":"es_ES","og:site_name":"El Digital de Asturias","og:type":"article","og:title":"Morricone defiende su libertad a la hora de componer m\u00fasica para el cine - El Digital de Asturias","og:description":"Berl\u00edn, 6 dic (EFE).- El compositor italiano Ennio Morricone defendi\u00f3 hoy en una rueda de prensa en Berl\u00edn que el m\u00fasico debe contar con libertad creativa a la hora de componer las bandas sonoras de las pel\u00edculas en las que participa. &quot;No querr\u00eda que el director me tomara por uno que transcribe una m\u00fasica ya","og:url":"https:\/\/www.eldigitaldeasturias.com\/noticias\/morricone-defiende-su-libertad-a-la-hora-de-componer-musica-para-el-cine\/","article:tag":["revista de ocio"],"article:published_time":"2013-12-06T23:51:27+00:00","article:modified_time":"2013-12-06T23:51:27+00:00","article:publisher":"https:\/\/facebook.com\/eldigitaldeasturias","twitter:card":"summary_large_image","twitter:title":"Morricone defiende su libertad a la hora de componer m\u00fasica para el cine - El Digital de Asturias","twitter:description":"Berl\u00edn, 6 dic (EFE).- El compositor italiano Ennio Morricone defendi\u00f3 hoy en una rueda de prensa en Berl\u00edn que el m\u00fasico debe contar con libertad creativa a la hora de componer las bandas sonoras de las pel\u00edculas en las que participa. &quot;No querr\u00eda que el director me tomara por uno que transcribe una m\u00fasica ya","twitter:label1":"Escrito por","twitter:data1":"El Digital de Asturias","twitter:label2":"Tiempo de lectura estimado","twitter:data2":"3 minutos"},"aioseo_meta_data":{"post_id":"458809","title":null,"description":null,"keywords":null,"keyphrases":null,"primary_term":null,"canonical_url":null,"og_title":null,"og_description":null,"og_object_type":"default","og_image_type":"default","og_image_url":null,"og_image_width":null,"og_image_height":null,"og_image_custom_url":null,"og_image_custom_fields":null,"og_video":null,"og_custom_url":null,"og_article_section":null,"og_article_tags":null,"twitter_use_og":true,"twitter_card":"default","twitter_image_type":"default","twitter_image_url":null,"twitter_image_custom_url":null,"twitter_image_custom_fields":null,"twitter_title":null,"twitter_description":null,"schema":{"blockGraphs":[],"customGraphs":[],"default":{"data":{"Article":[],"Course":[],"Dataset":[],"FAQPage":[],"Movie":[],"Person":[],"Product":[],"ProductReview":[],"Car":[],"Recipe":[],"Service":[],"SoftwareApplication":[],"WebPage":[]},"graphName":"","isEnabled":true},"graphs":[]},"schema_type":null,"schema_type_options":null,"pillar_content":false,"robots_default":true,"robots_noindex":false,"robots_noarchive":false,"robots_nosnippet":false,"robots_nofollow":false,"robots_noimageindex":false,"robots_noodp":false,"robots_notranslate":false,"robots_max_snippet":null,"robots_max_videopreview":null,"robots_max_imagepreview":"none","priority":null,"frequency":null,"local_seo":null,"seo_analyzer_scan_date":"2026-05-30 06:54:58","breadcrumb_settings":null,"limit_modified_date":false,"open_ai":null,"ai":null,"created":"2020-11-14 22:46:25","updated":"2026-05-30 06:54:58","focus_keyword":null,"additional_keywords":null,"truseo_locale":null},"aioseo_breadcrumb":"<div class=\"aioseo-breadcrumbs\"><span class=\"aioseo-breadcrumb\">\n\t<a href=\"https:\/\/www.eldigitaldeasturias.com\/noticias\" title=\"Home\">Home<\/a>\n<\/span><span class=\"aioseo-breadcrumb-separator\">\u2013<\/span><span class=\"aioseo-breadcrumb\">\n\t<a href=\"https:\/\/www.eldigitaldeasturias.com\/noticias\/category\/revista-de-ocio\/\" title=\"Revista de Ocio\">Revista de Ocio<\/a>\n<\/span><span class=\"aioseo-breadcrumb-separator\">\u2013<\/span><span class=\"aioseo-breadcrumb\">\n\t<a href=\"https:\/\/www.eldigitaldeasturias.com\/noticias\/morricone-defiende-su-libertad-a-la-hora-de-componer-musica-para-el-cine\/\" title=\"Morricone defiende su libertad a la hora de componer m\u00fasica para el cine\">Morricone defiende su libertad a la hora de componer m\u00fasica para el cine<\/a>\n<\/span><\/div>","aioseo_breadcrumb_json":[{"label":"Home","link":"https:\/\/www.eldigitaldeasturias.com\/noticias"},{"label":"Revista de Ocio","link":"https:\/\/www.eldigitaldeasturias.com\/noticias\/category\/revista-de-ocio\/"},{"label":"Morricone defiende su libertad a la hora de componer m\u00fasica para el cine","link":"https:\/\/www.eldigitaldeasturias.com\/noticias\/morricone-defiende-su-libertad-a-la-hora-de-componer-musica-para-el-cine\/"}],"_links":{"self":[{"href":"https:\/\/www.eldigitaldeasturias.com\/noticias\/wp-json\/wp\/v2\/posts\/458809","targetHints":{"allow":["GET"]}}],"collection":[{"href":"https:\/\/www.eldigitaldeasturias.com\/noticias\/wp-json\/wp\/v2\/posts"}],"about":[{"href":"https:\/\/www.eldigitaldeasturias.com\/noticias\/wp-json\/wp\/v2\/types\/post"}],"author":[{"embeddable":true,"href":"https:\/\/www.eldigitaldeasturias.com\/noticias\/wp-json\/wp\/v2\/users\/1"}],"replies":[{"embeddable":true,"href":"https:\/\/www.eldigitaldeasturias.com\/noticias\/wp-json\/wp\/v2\/comments?post=458809"}],"version-history":[{"count":0,"href":"https:\/\/www.eldigitaldeasturias.com\/noticias\/wp-json\/wp\/v2\/posts\/458809\/revisions"}],"wp:attachment":[{"href":"https:\/\/www.eldigitaldeasturias.com\/noticias\/wp-json\/wp\/v2\/media?parent=458809"}],"wp:term":[{"taxonomy":"category","embeddable":true,"href":"https:\/\/www.eldigitaldeasturias.com\/noticias\/wp-json\/wp\/v2\/categories?post=458809"},{"taxonomy":"post_tag","embeddable":true,"href":"https:\/\/www.eldigitaldeasturias.com\/noticias\/wp-json\/wp\/v2\/tags?post=458809"}],"curies":[{"name":"wp","href":"https:\/\/api.w.org\/{rel}","templated":true}]}}