{"id":458778,"date":"2013-12-06T22:34:22","date_gmt":"2013-12-06T23:34:22","guid":{"rendered":"http:\/\/www.eldigitaldeasturias.com\/noticias\/?p=458778"},"modified":"2013-12-06T22:34:22","modified_gmt":"2013-12-06T23:34:22","slug":"paul-hansen-ganador-del-world-press-photo-quiere-fotografiar-a-los-sin-voz","status":"publish","type":"post","link":"https:\/\/www.eldigitaldeasturias.com\/noticias\/paul-hansen-ganador-del-world-press-photo-quiere-fotografiar-a-los-sin-voz\/","title":{"rendered":"Paul Hansen, ganador del World Press Photo quiere fotografiar a los \u00absin voz\u00bb"},"content":{"rendered":"<p><img loading=\"lazy\" decoding=\"async\" class=\"alignleft size-medium wp-image-458779\" alt=\"5776663w\" src=\"https:\/\/www.eldigitaldeasturias.com\/noticias\/wp-content\/uploads\/2013\/12\/5776663w-360x239.jpg\" width=\"360\" height=\"239\" \/>Barcelona, 6 dic (EFE).- El fot\u00f3grafo sueco Paul Hansen, ganador del World Press Photo 2012 se halla inmerso en un nuevo proyecto con el que, ha dicho, pretende relatar la vida de la gente normal, de aquellas personas que \u00abno tienen voz\u00bb.<\/p>\n<p>En una entrevista concedida a Efe con motivo de la exposici\u00f3n de World Press Photo en el Centro de Cultura Contempor\u00e1nea de Barcelona, Hansen ha se\u00f1alado que este nuevo trabajo surge como reacci\u00f3n a que \u00aben los peri\u00f3dicos s\u00f3lo aparece gente exitosa o fracasados, pero no hay lugar para las peque\u00f1as historias\u00bb.<\/p>\n<p>Con este nuevo proyecto, el fot\u00f3grafo sueco dar\u00e1 carpetazo definitivo a su trabajo sobre Palestina con el que gan\u00f3 el prestigioso premio que, como \u00e9l mismo comenta, le ha brindado grandes alegr\u00edas pero tambi\u00e9n preocupaciones.<\/p>\n<p>Sobre las cr\u00edticas recibidas por su trabajo, el fot\u00f3grafo ha considerado que en las mismas \u00aba veces hay una dimensi\u00f3n pol\u00edtica\u00bb.<\/p>\n<p>El premio recibi\u00f3 duras y repetidas cr\u00edticas en las que se acusaba a Hansen de manipular y de haber procesado las fotograf\u00edas tras haberlas realizado, pero el an\u00e1lisis t\u00e9cnico que hizo Neal Krawetz en el blog The Hacker Factor concluy\u00f3 que la fotograf\u00eda era una composici\u00f3n de tres im\u00e1genes.<\/p>\n<p>Despu\u00e9s de ser examinada, p\u00edxel por p\u00edxel, por cuatro grupos de expertos y tres forenses y que el World Press Photo hiciese un comunicado a su favor, la pol\u00e9mica se mitig\u00f3.<\/p>\n<p>Sin embargo, Hansen confiesa su cansancio por este juicio paralelo al que fue sometido: \u00abHa habido tantos tipos de cr\u00edticas, que es hasta rid\u00edculo\u00bb, afirma un poco resentido, aunque asegura que no se lo ha tomado como algo personal.<\/p>\n<p>\u00abYa no lo veo como una cr\u00edtica hacia m\u00ed mismo, sino porque es el World Press Photo, el s\u00edmbolo de una gran plataforma\u00bb y adem\u00e1s, a\u00f1ade, \u00abesta lucha no s\u00f3lo se desarrolla en el terreno, sino tambi\u00e9n en los medios de comunicaci\u00f3n\u00bb.<\/p>\n<p>La fotograf\u00eda de Hansen refleja el conflicto palestino-israel\u00ed, aunque el fot\u00f3grafo prefiere ce\u00f1irse a la historia familiar de los dos ni\u00f1os transportados en brazos durante la procesi\u00f3n de su funeral, junto a su padre.<\/p>\n<p>La madre de los peque\u00f1os, Amina Hijazi, es la protagonista de su trabajo. Una mujer que ha perdido a tres hijos por culpa de la guerra, \u00abla historia habla por si sola\u00bb, asegura Hansen.<\/p>\n<p>Su imagen tambi\u00e9n ha sido criticada por su excesiva belleza, pero el autor repone que \u00abla composici\u00f3n es muy fluida, es como un cuadro\u00bb.<\/p>\n<p>La luz del sol que se cuela por la ventana, el balanceo de los cuerpos, el \u00e1ngulo en perspectiva; todas las caracter\u00edsticas se alinearon en medio del bullicio de la gente en aquel callej\u00f3n de Jabalia, un campo de refugiados de Gaza que ya es parte de la ciudad. \u00abTodo se junt\u00f3 en una sola imagen y result\u00f3 que estaba all\u00ed\u00bb, explica Hansen con modestia.<\/p>\n<p>Pero Hansen decidi\u00f3 seguir aquella procesi\u00f3n entre muchas otras aquel noviembre de 2012 porque hab\u00eda ni\u00f1os implicados. \u00abLos ni\u00f1os, por definici\u00f3n, son siempre inocentes\u00bb, argumenta.<\/p>\n<p>El fot\u00f3grafo sueco confiesa que a\u00fan le resulta dif\u00edcil recuperarse de aquel choque de sentimientos y cada vez que ve la foto el pulso se le acelera, porque \u00abesta imagen es gritos, sudor, pena\u00bb, rememora con dolor. \u00abNo la veo como una sola imagen, sino como todo un d\u00eda deambulando\u00bb, recuerda.<\/p>\n<p>La imagen es parte de una serie de doce fotograf\u00edas y el jurado del World Press Photo escogi\u00f3 la mejor. \u00abCreo que es el contenido, la historia lo que le da fuerza\u00bb, reconoce, \u00ablos ni\u00f1os parece que est\u00e9n durmiendo, no hay sangre ni brazos mutilados\u00bb.<\/p>\n<p>Hansen volvi\u00f3 a visitar a la familia Hijazi y el Dagens Nyheter, el diario para el que trabaja, public\u00f3 un reportaje sobre su supervivencia en la tragedia: gracias a la foto, los difuntos se han convertido en h\u00e9roes.<\/p>\n<p>\u00abLa primera vez que volv\u00ed vi la fotograf\u00eda en la pared\u00bb, explica Hansen, \u00abla siguiente vez que fui, les imprim\u00ed una buena versi\u00f3n y la enmarqu\u00e9; y fue la primera vez que vi a la mujer llorar\u00bb.<\/p>\n<p>Clara Roig<\/p>\n","protected":false},"excerpt":{"rendered":"<p>Barcelona, 6 dic (EFE).- El fot\u00f3grafo sueco Paul Hansen, ganador del World Press Photo 2012 se halla inmerso en un nuevo proyecto con el que, ha dicho, pretende relatar la vida de la gente normal, de aquellas personas que \u00abno tienen voz\u00bb. En una entrevista concedida a Efe con motivo de la exposici\u00f3n de World [&hellip;]<\/p>\n","protected":false},"author":1,"featured_media":458779,"comment_status":"closed","ping_status":"open","sticky":false,"template":"","format":"standard","meta":{"footnotes":""},"categories":[28],"tags":[],"class_list":["post-458778","post","type-post","status-publish","format-standard","has-post-thumbnail","hentry","category-sociedad"],"aioseo_notices":[],"aioseo_head":"\n\t\t<!-- All in One SEO Pro 5.0.1 - aioseo.com -->\n\t<meta name=\"description\" content=\"Barcelona, 6 dic (EFE).- El fot\u00f3grafo sueco Paul Hansen, ganador del World Press Photo 2012 se halla inmerso en un nuevo proyecto con el que, ha dicho, pretende relatar la vida de la gente normal, de aquellas personas que &quot;no tienen voz&quot;. En una entrevista concedida a Efe con motivo de la exposici\u00f3n de World\" \/>\n\t<meta name=\"robots\" content=\"max-image-preview:large\" \/>\n\t<meta name=\"author\" content=\"El Digital de Asturias\"\/>\n\t<meta name=\"google-site-verification\" content=\"UA-38556648-1\" \/>\n\t<meta name=\"msvalidate.01\" content=\"7dfe9f3f1b24437ab69f4f2559babe99\" \/>\n\t<meta name=\"keywords\" content=\"sociedad\" \/>\n\t<link rel=\"canonical\" href=\"https:\/\/www.eldigitaldeasturias.com\/noticias\/paul-hansen-ganador-del-world-press-photo-quiere-fotografiar-a-los-sin-voz\/\" \/>\n\t<meta name=\"generator\" content=\"All in One SEO Pro (AIOSEO) 5.0.1\" \/>\n\t\t<meta property=\"og:locale\" content=\"es_ES\" \/>\n\t\t<meta property=\"og:site_name\" content=\"El Digital de Asturias\" \/>\n\t\t<meta property=\"og:type\" content=\"article\" \/>\n\t\t<meta property=\"og:title\" content=\"Paul Hansen, ganador del World Press Photo quiere fotografiar a los \u00absin voz\u00bb - El Digital de Asturias\" \/>\n\t\t<meta property=\"og:description\" content=\"Barcelona, 6 dic (EFE).- El fot\u00f3grafo sueco Paul Hansen, ganador del World Press Photo 2012 se halla inmerso en un nuevo proyecto con el que, ha dicho, pretende relatar la vida de la gente normal, de aquellas personas que &quot;no tienen voz&quot;. En una entrevista concedida a Efe con motivo de la exposici\u00f3n de World\" \/>\n\t\t<meta property=\"og:url\" content=\"https:\/\/www.eldigitaldeasturias.com\/noticias\/paul-hansen-ganador-del-world-press-photo-quiere-fotografiar-a-los-sin-voz\/\" \/>\n\t\t<meta property=\"article:tag\" content=\"sociedad\" \/>\n\t\t<meta property=\"article:published_time\" content=\"2013-12-06T23:34:22+00:00\" \/>\n\t\t<meta property=\"article:modified_time\" content=\"2013-12-06T23:34:22+00:00\" \/>\n\t\t<meta property=\"article:publisher\" content=\"https:\/\/facebook.com\/eldigitaldeasturias\" \/>\n\t\t<meta name=\"twitter:card\" content=\"summary_large_image\" \/>\n\t\t<meta name=\"twitter:title\" content=\"Paul Hansen, ganador del World Press Photo quiere fotografiar a los \u00absin voz\u00bb - El Digital de Asturias\" \/>\n\t\t<meta name=\"twitter:description\" content=\"Barcelona, 6 dic (EFE).- El fot\u00f3grafo sueco Paul Hansen, ganador del World Press Photo 2012 se halla inmerso en un nuevo proyecto con el que, ha dicho, pretende relatar la vida de la gente normal, de aquellas personas que &quot;no tienen voz&quot;. En una entrevista concedida a Efe con motivo de la exposici\u00f3n de World\" \/>\n\t\t<meta name=\"twitter:label1\" content=\"Escrito por\" \/>\n\t\t<meta name=\"twitter:data1\" content=\"El Digital de Asturias\" \/>\n\t\t<meta name=\"twitter:label2\" content=\"Tiempo de lectura estimado\" \/>\n\t\t<meta name=\"twitter:data2\" content=\"4 minutos\" \/>\n\t\t<script type=\"application\/ld+json\" class=\"aioseo-schema\">\n\t\t\t{\"@context\":\"https:\\\/\\\/schema.org\",\"@graph\":[{\"@type\":\"BlogPosting\",\"@id\":\"https:\\\/\\\/www.eldigitaldeasturias.com\\\/noticias\\\/paul-hansen-ganador-del-world-press-photo-quiere-fotografiar-a-los-sin-voz\\\/#blogposting\",\"name\":\"Paul Hansen, ganador del World Press Photo quiere fotografiar a los \\u00absin voz\\u00bb - El Digital de Asturias\",\"headline\":\"Paul Hansen, ganador del World Press Photo quiere fotografiar a los \\u00absin voz\\u00bb\",\"author\":{\"@id\":\"https:\\\/\\\/www.eldigitaldeasturias.com\\\/noticias\\\/author\\\/admin\\\/#author\"},\"publisher\":{\"@id\":\"https:\\\/\\\/www.eldigitaldeasturias.com\\\/noticias\\\/#organization\"},\"image\":{\"@type\":\"ImageObject\",\"url\":458779},\"datePublished\":\"2013-12-06T22:34:22+01:00\",\"dateModified\":\"2013-12-06T22:34:22+01:00\",\"inLanguage\":\"es-ES\",\"mainEntityOfPage\":{\"@id\":\"https:\\\/\\\/www.eldigitaldeasturias.com\\\/noticias\\\/paul-hansen-ganador-del-world-press-photo-quiere-fotografiar-a-los-sin-voz\\\/#webpage\"},\"isPartOf\":{\"@id\":\"https:\\\/\\\/www.eldigitaldeasturias.com\\\/noticias\\\/paul-hansen-ganador-del-world-press-photo-quiere-fotografiar-a-los-sin-voz\\\/#webpage\"},\"articleSection\":\"Sociedad\"},{\"@type\":\"BreadcrumbList\",\"@id\":\"https:\\\/\\\/www.eldigitaldeasturias.com\\\/noticias\\\/paul-hansen-ganador-del-world-press-photo-quiere-fotografiar-a-los-sin-voz\\\/#breadcrumblist\",\"itemListElement\":[{\"@type\":\"ListItem\",\"@id\":\"https:\\\/\\\/www.eldigitaldeasturias.com\\\/noticias#listItem\",\"position\":1,\"name\":\"Home\",\"item\":\"https:\\\/\\\/www.eldigitaldeasturias.com\\\/noticias\",\"nextItem\":{\"@type\":\"ListItem\",\"@id\":\"https:\\\/\\\/www.eldigitaldeasturias.com\\\/noticias\\\/category\\\/sociedad\\\/#listItem\",\"name\":\"Sociedad\"}},{\"@type\":\"ListItem\",\"@id\":\"https:\\\/\\\/www.eldigitaldeasturias.com\\\/noticias\\\/category\\\/sociedad\\\/#listItem\",\"position\":2,\"name\":\"Sociedad\",\"item\":\"https:\\\/\\\/www.eldigitaldeasturias.com\\\/noticias\\\/category\\\/sociedad\\\/\",\"nextItem\":{\"@type\":\"ListItem\",\"@id\":\"https:\\\/\\\/www.eldigitaldeasturias.com\\\/noticias\\\/paul-hansen-ganador-del-world-press-photo-quiere-fotografiar-a-los-sin-voz\\\/#listItem\",\"name\":\"Paul Hansen, ganador del World Press Photo quiere fotografiar a los \\u00absin voz\\u00bb\"},\"previousItem\":{\"@type\":\"ListItem\",\"@id\":\"https:\\\/\\\/www.eldigitaldeasturias.com\\\/noticias#listItem\",\"name\":\"Home\"}},{\"@type\":\"ListItem\",\"@id\":\"https:\\\/\\\/www.eldigitaldeasturias.com\\\/noticias\\\/paul-hansen-ganador-del-world-press-photo-quiere-fotografiar-a-los-sin-voz\\\/#listItem\",\"position\":3,\"name\":\"Paul Hansen, ganador del World Press Photo quiere fotografiar a los \\u00absin voz\\u00bb\",\"previousItem\":{\"@type\":\"ListItem\",\"@id\":\"https:\\\/\\\/www.eldigitaldeasturias.com\\\/noticias\\\/category\\\/sociedad\\\/#listItem\",\"name\":\"Sociedad\"}}]},{\"@type\":\"Organization\",\"@id\":\"https:\\\/\\\/www.eldigitaldeasturias.com\\\/noticias\\\/#organization\",\"name\":\"El Digital de Asturias\",\"description\":\"Hemeroteca\",\"url\":\"https:\\\/\\\/www.eldigitaldeasturias.com\\\/noticias\\\/\",\"email\":\"info@eldigitaldeasturias.com\",\"telephone\":\"+34652131393\",\"logo\":{\"@type\":\"ImageObject\",\"url\":\"https:\\\/\\\/www.eldigitaldeasturias.com\\\/noticias\\\/wp-content\\\/uploads\\\/2020\\\/12\\\/EDA.jpg\",\"@id\":\"https:\\\/\\\/www.eldigitaldeasturias.com\\\/noticias\\\/paul-hansen-ganador-del-world-press-photo-quiere-fotografiar-a-los-sin-voz\\\/#organizationLogo\"},\"image\":{\"@id\":\"https:\\\/\\\/www.eldigitaldeasturias.com\\\/noticias\\\/paul-hansen-ganador-del-world-press-photo-quiere-fotografiar-a-los-sin-voz\\\/#organizationLogo\"},\"sameAs\":[\"https:\\\/\\\/facebook.com\\\/eldigitaldeasturias\",\"https:\\\/\\\/www.youtube.com\\\/channel\\\/UCZP-2wLEB9Rv6erhFmqVnvg\"],\"address\":{\"@id\":\"https:\\\/\\\/www.eldigitaldeasturias.com\\\/noticias\\\/#postaladdress\",\"@type\":\"PostalAddress\",\"streetAddress\":\"san antonio 4\",\"postalCode\":\"33430\",\"addressLocality\":\"Cand\\u00e1s\",\"addressRegion\":\"Asturias\",\"addressCountry\":\"ES\"}},{\"@type\":\"Person\",\"@id\":\"https:\\\/\\\/www.eldigitaldeasturias.com\\\/noticias\\\/author\\\/admin\\\/#author\",\"url\":\"https:\\\/\\\/www.eldigitaldeasturias.com\\\/noticias\\\/author\\\/admin\\\/\",\"name\":\"El Digital de Asturias\",\"image\":{\"@type\":\"ImageObject\",\"@id\":\"https:\\\/\\\/www.eldigitaldeasturias.com\\\/noticias\\\/paul-hansen-ganador-del-world-press-photo-quiere-fotografiar-a-los-sin-voz\\\/#authorImage\",\"url\":\"https:\\\/\\\/secure.gravatar.com\\\/avatar\\\/df2aeffc32bcd13f8d26072ef8a91b623d677766deac7f97ca815868cd41bf5e?s=96&d=mm&r=g\",\"width\":96,\"height\":96,\"caption\":\"El Digital de Asturias\"}},{\"@type\":\"WebPage\",\"@id\":\"https:\\\/\\\/www.eldigitaldeasturias.com\\\/noticias\\\/paul-hansen-ganador-del-world-press-photo-quiere-fotografiar-a-los-sin-voz\\\/#webpage\",\"url\":\"https:\\\/\\\/www.eldigitaldeasturias.com\\\/noticias\\\/paul-hansen-ganador-del-world-press-photo-quiere-fotografiar-a-los-sin-voz\\\/\",\"name\":\"Paul Hansen, ganador del World Press Photo quiere fotografiar a los \\u00absin voz\\u00bb - El Digital de Asturias\",\"description\":\"Barcelona, 6 dic (EFE).- El fot\\u00f3grafo sueco Paul Hansen, ganador del World Press Photo 2012 se halla inmerso en un nuevo proyecto con el que, ha dicho, pretende relatar la vida de la gente normal, de aquellas personas que \\\"no tienen voz\\\". En una entrevista concedida a Efe con motivo de la exposici\\u00f3n de World\",\"inLanguage\":\"es-ES\",\"isPartOf\":{\"@id\":\"https:\\\/\\\/www.eldigitaldeasturias.com\\\/noticias\\\/#website\"},\"breadcrumb\":{\"@id\":\"https:\\\/\\\/www.eldigitaldeasturias.com\\\/noticias\\\/paul-hansen-ganador-del-world-press-photo-quiere-fotografiar-a-los-sin-voz\\\/#breadcrumblist\"},\"author\":{\"@id\":\"https:\\\/\\\/www.eldigitaldeasturias.com\\\/noticias\\\/author\\\/admin\\\/#author\"},\"creator\":{\"@id\":\"https:\\\/\\\/www.eldigitaldeasturias.com\\\/noticias\\\/author\\\/admin\\\/#author\"},\"image\":{\"@type\":\"ImageObject\",\"url\":458779,\"@id\":\"https:\\\/\\\/www.eldigitaldeasturias.com\\\/noticias\\\/paul-hansen-ganador-del-world-press-photo-quiere-fotografiar-a-los-sin-voz\\\/#mainImage\"},\"primaryImageOfPage\":{\"@id\":\"https:\\\/\\\/www.eldigitaldeasturias.com\\\/noticias\\\/paul-hansen-ganador-del-world-press-photo-quiere-fotografiar-a-los-sin-voz\\\/#mainImage\"},\"datePublished\":\"2013-12-06T22:34:22+01:00\",\"dateModified\":\"2013-12-06T22:34:22+01:00\"},{\"@type\":\"WebSite\",\"@id\":\"https:\\\/\\\/www.eldigitaldeasturias.com\\\/noticias\\\/#website\",\"url\":\"https:\\\/\\\/www.eldigitaldeasturias.com\\\/noticias\\\/\",\"name\":\"El Digital de Asturias - Diario de actualidad y noticias\",\"alternateName\":\"El Digital de Asturias - Diario de actualidad y noticias\",\"description\":\"Hemeroteca\",\"inLanguage\":\"es-ES\",\"publisher\":{\"@id\":\"https:\\\/\\\/www.eldigitaldeasturias.com\\\/noticias\\\/#organization\"}}]}\n\t\t<\/script>\n\t\t<!-- All in One SEO Pro -->\r\n\t\t<title>Paul Hansen, ganador del World Press Photo quiere fotografiar a los \u00absin voz\u00bb - El Digital de Asturias<\/title>\n\n","aioseo_head_json":{"title":"Paul Hansen, ganador del World Press Photo quiere fotografiar a los \u00absin voz\u00bb - El Digital de Asturias","description":"Barcelona, 6 dic (EFE).- El fot\u00f3grafo sueco Paul Hansen, ganador del World Press Photo 2012 se halla inmerso en un nuevo proyecto con el que, ha dicho, pretende relatar la vida de la gente normal, de aquellas personas que \"no tienen voz\". En una entrevista concedida a Efe con motivo de la exposici\u00f3n de World","canonical_url":"https:\/\/www.eldigitaldeasturias.com\/noticias\/paul-hansen-ganador-del-world-press-photo-quiere-fotografiar-a-los-sin-voz\/","robots":"max-image-preview:large","keywords":"sociedad","webmasterTools":{"google-site-verification":"UA-38556648-1","msvalidate.01":"7dfe9f3f1b24437ab69f4f2559babe99","miscellaneous":""},"schema":{"@context":"https:\/\/schema.org","@graph":[{"@type":"BlogPosting","@id":"https:\/\/www.eldigitaldeasturias.com\/noticias\/paul-hansen-ganador-del-world-press-photo-quiere-fotografiar-a-los-sin-voz\/#blogposting","name":"Paul Hansen, ganador del World Press Photo quiere fotografiar a los \u00absin voz\u00bb - El Digital de Asturias","headline":"Paul Hansen, ganador del World Press Photo quiere fotografiar a los \u00absin voz\u00bb","author":{"@id":"https:\/\/www.eldigitaldeasturias.com\/noticias\/author\/admin\/#author"},"publisher":{"@id":"https:\/\/www.eldigitaldeasturias.com\/noticias\/#organization"},"image":{"@type":"ImageObject","url":458779},"datePublished":"2013-12-06T22:34:22+01:00","dateModified":"2013-12-06T22:34:22+01:00","inLanguage":"es-ES","mainEntityOfPage":{"@id":"https:\/\/www.eldigitaldeasturias.com\/noticias\/paul-hansen-ganador-del-world-press-photo-quiere-fotografiar-a-los-sin-voz\/#webpage"},"isPartOf":{"@id":"https:\/\/www.eldigitaldeasturias.com\/noticias\/paul-hansen-ganador-del-world-press-photo-quiere-fotografiar-a-los-sin-voz\/#webpage"},"articleSection":"Sociedad"},{"@type":"BreadcrumbList","@id":"https:\/\/www.eldigitaldeasturias.com\/noticias\/paul-hansen-ganador-del-world-press-photo-quiere-fotografiar-a-los-sin-voz\/#breadcrumblist","itemListElement":[{"@type":"ListItem","@id":"https:\/\/www.eldigitaldeasturias.com\/noticias#listItem","position":1,"name":"Home","item":"https:\/\/www.eldigitaldeasturias.com\/noticias","nextItem":{"@type":"ListItem","@id":"https:\/\/www.eldigitaldeasturias.com\/noticias\/category\/sociedad\/#listItem","name":"Sociedad"}},{"@type":"ListItem","@id":"https:\/\/www.eldigitaldeasturias.com\/noticias\/category\/sociedad\/#listItem","position":2,"name":"Sociedad","item":"https:\/\/www.eldigitaldeasturias.com\/noticias\/category\/sociedad\/","nextItem":{"@type":"ListItem","@id":"https:\/\/www.eldigitaldeasturias.com\/noticias\/paul-hansen-ganador-del-world-press-photo-quiere-fotografiar-a-los-sin-voz\/#listItem","name":"Paul Hansen, ganador del World Press Photo quiere fotografiar a los \u00absin voz\u00bb"},"previousItem":{"@type":"ListItem","@id":"https:\/\/www.eldigitaldeasturias.com\/noticias#listItem","name":"Home"}},{"@type":"ListItem","@id":"https:\/\/www.eldigitaldeasturias.com\/noticias\/paul-hansen-ganador-del-world-press-photo-quiere-fotografiar-a-los-sin-voz\/#listItem","position":3,"name":"Paul Hansen, ganador del World Press Photo quiere fotografiar a los \u00absin voz\u00bb","previousItem":{"@type":"ListItem","@id":"https:\/\/www.eldigitaldeasturias.com\/noticias\/category\/sociedad\/#listItem","name":"Sociedad"}}]},{"@type":"Organization","@id":"https:\/\/www.eldigitaldeasturias.com\/noticias\/#organization","name":"El Digital de Asturias","description":"Hemeroteca","url":"https:\/\/www.eldigitaldeasturias.com\/noticias\/","email":"info@eldigitaldeasturias.com","telephone":"+34652131393","logo":{"@type":"ImageObject","url":"https:\/\/www.eldigitaldeasturias.com\/noticias\/wp-content\/uploads\/2020\/12\/EDA.jpg","@id":"https:\/\/www.eldigitaldeasturias.com\/noticias\/paul-hansen-ganador-del-world-press-photo-quiere-fotografiar-a-los-sin-voz\/#organizationLogo"},"image":{"@id":"https:\/\/www.eldigitaldeasturias.com\/noticias\/paul-hansen-ganador-del-world-press-photo-quiere-fotografiar-a-los-sin-voz\/#organizationLogo"},"sameAs":["https:\/\/facebook.com\/eldigitaldeasturias","https:\/\/www.youtube.com\/channel\/UCZP-2wLEB9Rv6erhFmqVnvg"],"address":{"@id":"https:\/\/www.eldigitaldeasturias.com\/noticias\/#postaladdress","@type":"PostalAddress","streetAddress":"san antonio 4","postalCode":"33430","addressLocality":"Cand\u00e1s","addressRegion":"Asturias","addressCountry":"ES"}},{"@type":"Person","@id":"https:\/\/www.eldigitaldeasturias.com\/noticias\/author\/admin\/#author","url":"https:\/\/www.eldigitaldeasturias.com\/noticias\/author\/admin\/","name":"El Digital de Asturias","image":{"@type":"ImageObject","@id":"https:\/\/www.eldigitaldeasturias.com\/noticias\/paul-hansen-ganador-del-world-press-photo-quiere-fotografiar-a-los-sin-voz\/#authorImage","url":"https:\/\/secure.gravatar.com\/avatar\/df2aeffc32bcd13f8d26072ef8a91b623d677766deac7f97ca815868cd41bf5e?s=96&d=mm&r=g","width":96,"height":96,"caption":"El Digital de Asturias"}},{"@type":"WebPage","@id":"https:\/\/www.eldigitaldeasturias.com\/noticias\/paul-hansen-ganador-del-world-press-photo-quiere-fotografiar-a-los-sin-voz\/#webpage","url":"https:\/\/www.eldigitaldeasturias.com\/noticias\/paul-hansen-ganador-del-world-press-photo-quiere-fotografiar-a-los-sin-voz\/","name":"Paul Hansen, ganador del World Press Photo quiere fotografiar a los \u00absin voz\u00bb - El Digital de Asturias","description":"Barcelona, 6 dic (EFE).- El fot\u00f3grafo sueco Paul Hansen, ganador del World Press Photo 2012 se halla inmerso en un nuevo proyecto con el que, ha dicho, pretende relatar la vida de la gente normal, de aquellas personas que \"no tienen voz\". En una entrevista concedida a Efe con motivo de la exposici\u00f3n de World","inLanguage":"es-ES","isPartOf":{"@id":"https:\/\/www.eldigitaldeasturias.com\/noticias\/#website"},"breadcrumb":{"@id":"https:\/\/www.eldigitaldeasturias.com\/noticias\/paul-hansen-ganador-del-world-press-photo-quiere-fotografiar-a-los-sin-voz\/#breadcrumblist"},"author":{"@id":"https:\/\/www.eldigitaldeasturias.com\/noticias\/author\/admin\/#author"},"creator":{"@id":"https:\/\/www.eldigitaldeasturias.com\/noticias\/author\/admin\/#author"},"image":{"@type":"ImageObject","url":458779,"@id":"https:\/\/www.eldigitaldeasturias.com\/noticias\/paul-hansen-ganador-del-world-press-photo-quiere-fotografiar-a-los-sin-voz\/#mainImage"},"primaryImageOfPage":{"@id":"https:\/\/www.eldigitaldeasturias.com\/noticias\/paul-hansen-ganador-del-world-press-photo-quiere-fotografiar-a-los-sin-voz\/#mainImage"},"datePublished":"2013-12-06T22:34:22+01:00","dateModified":"2013-12-06T22:34:22+01:00"},{"@type":"WebSite","@id":"https:\/\/www.eldigitaldeasturias.com\/noticias\/#website","url":"https:\/\/www.eldigitaldeasturias.com\/noticias\/","name":"El Digital de Asturias - Diario de actualidad y noticias","alternateName":"El Digital de Asturias - Diario de actualidad y noticias","description":"Hemeroteca","inLanguage":"es-ES","publisher":{"@id":"https:\/\/www.eldigitaldeasturias.com\/noticias\/#organization"}}]},"og:locale":"es_ES","og:site_name":"El Digital de Asturias","og:type":"article","og:title":"Paul Hansen, ganador del World Press Photo quiere fotografiar a los \u00absin voz\u00bb - El Digital de Asturias","og:description":"Barcelona, 6 dic (EFE).- El fot\u00f3grafo sueco Paul Hansen, ganador del World Press Photo 2012 se halla inmerso en un nuevo proyecto con el que, ha dicho, pretende relatar la vida de la gente normal, de aquellas personas que &quot;no tienen voz&quot;. En una entrevista concedida a Efe con motivo de la exposici\u00f3n de World","og:url":"https:\/\/www.eldigitaldeasturias.com\/noticias\/paul-hansen-ganador-del-world-press-photo-quiere-fotografiar-a-los-sin-voz\/","article:tag":["sociedad"],"article:published_time":"2013-12-06T23:34:22+00:00","article:modified_time":"2013-12-06T23:34:22+00:00","article:publisher":"https:\/\/facebook.com\/eldigitaldeasturias","twitter:card":"summary_large_image","twitter:title":"Paul Hansen, ganador del World Press Photo quiere fotografiar a los \u00absin voz\u00bb - El Digital de Asturias","twitter:description":"Barcelona, 6 dic (EFE).- El fot\u00f3grafo sueco Paul Hansen, ganador del World Press Photo 2012 se halla inmerso en un nuevo proyecto con el que, ha dicho, pretende relatar la vida de la gente normal, de aquellas personas que &quot;no tienen voz&quot;. En una entrevista concedida a Efe con motivo de la exposici\u00f3n de World","twitter:label1":"Escrito por","twitter:data1":"El Digital de Asturias","twitter:label2":"Tiempo de lectura estimado","twitter:data2":"4 minutos"},"aioseo_meta_data":{"post_id":"458778","title":null,"description":null,"keywords":null,"keyphrases":null,"primary_term":null,"canonical_url":null,"og_title":null,"og_description":null,"og_object_type":"default","og_image_type":"default","og_image_url":null,"og_image_width":null,"og_image_height":null,"og_image_custom_url":null,"og_image_custom_fields":null,"og_video":null,"og_custom_url":null,"og_article_section":null,"og_article_tags":null,"twitter_use_og":true,"twitter_card":"default","twitter_image_type":"default","twitter_image_url":null,"twitter_image_custom_url":null,"twitter_image_custom_fields":null,"twitter_title":null,"twitter_description":null,"schema":{"blockGraphs":[],"customGraphs":[],"default":{"data":{"Article":[],"Course":[],"Dataset":[],"FAQPage":[],"Movie":[],"Person":[],"Product":[],"ProductReview":[],"Car":[],"Recipe":[],"Service":[],"SoftwareApplication":[],"WebPage":[]},"graphName":"","isEnabled":true},"graphs":[],"defaultGraph":"","defaultPostTypeGraph":""},"schema_type":null,"schema_type_options":null,"pillar_content":false,"robots_default":true,"robots_noindex":false,"robots_noarchive":false,"robots_nosnippet":false,"robots_nofollow":false,"robots_noimageindex":false,"robots_noodp":false,"robots_notranslate":false,"robots_max_snippet":null,"robots_max_videopreview":null,"robots_max_imagepreview":"none","priority":null,"frequency":null,"local_seo":null,"seo_analyzer_scan_date":"2026-05-30 06:47:56","breadcrumb_settings":null,"limit_modified_date":false,"open_ai":null,"ai":null,"created":"2020-11-14 22:46:25","updated":"2026-05-30 06:47:56","focus_keyword":null,"additional_keywords":null,"truseo_locale":null},"aioseo_breadcrumb":"<div class=\"aioseo-breadcrumbs\"><span class=\"aioseo-breadcrumb\">\n\t<a href=\"https:\/\/www.eldigitaldeasturias.com\/noticias\" title=\"Home\">Home<\/a>\n<\/span><span class=\"aioseo-breadcrumb-separator\">\u2013<\/span><span class=\"aioseo-breadcrumb\">\n\t<a href=\"https:\/\/www.eldigitaldeasturias.com\/noticias\/category\/sociedad\/\" title=\"Sociedad\">Sociedad<\/a>\n<\/span><span class=\"aioseo-breadcrumb-separator\">\u2013<\/span><span class=\"aioseo-breadcrumb\">\n\t<a href=\"https:\/\/www.eldigitaldeasturias.com\/noticias\/paul-hansen-ganador-del-world-press-photo-quiere-fotografiar-a-los-sin-voz\/\" title=\"Paul Hansen, ganador del World Press Photo quiere fotografiar a los \u00absin voz\u00bb\">Paul Hansen, ganador del World Press Photo quiere fotografiar a los \u00absin voz\u00bb<\/a>\n<\/span><\/div>","aioseo_breadcrumb_json":[{"label":"Home","link":"https:\/\/www.eldigitaldeasturias.com\/noticias"},{"label":"Sociedad","link":"https:\/\/www.eldigitaldeasturias.com\/noticias\/category\/sociedad\/"},{"label":"Paul Hansen, ganador del World Press Photo quiere fotografiar a los \u00absin voz\u00bb","link":"https:\/\/www.eldigitaldeasturias.com\/noticias\/paul-hansen-ganador-del-world-press-photo-quiere-fotografiar-a-los-sin-voz\/"}],"_links":{"self":[{"href":"https:\/\/www.eldigitaldeasturias.com\/noticias\/wp-json\/wp\/v2\/posts\/458778","targetHints":{"allow":["GET"]}}],"collection":[{"href":"https:\/\/www.eldigitaldeasturias.com\/noticias\/wp-json\/wp\/v2\/posts"}],"about":[{"href":"https:\/\/www.eldigitaldeasturias.com\/noticias\/wp-json\/wp\/v2\/types\/post"}],"author":[{"embeddable":true,"href":"https:\/\/www.eldigitaldeasturias.com\/noticias\/wp-json\/wp\/v2\/users\/1"}],"replies":[{"embeddable":true,"href":"https:\/\/www.eldigitaldeasturias.com\/noticias\/wp-json\/wp\/v2\/comments?post=458778"}],"version-history":[{"count":0,"href":"https:\/\/www.eldigitaldeasturias.com\/noticias\/wp-json\/wp\/v2\/posts\/458778\/revisions"}],"wp:attachment":[{"href":"https:\/\/www.eldigitaldeasturias.com\/noticias\/wp-json\/wp\/v2\/media?parent=458778"}],"wp:term":[{"taxonomy":"category","embeddable":true,"href":"https:\/\/www.eldigitaldeasturias.com\/noticias\/wp-json\/wp\/v2\/categories?post=458778"},{"taxonomy":"post_tag","embeddable":true,"href":"https:\/\/www.eldigitaldeasturias.com\/noticias\/wp-json\/wp\/v2\/tags?post=458778"}],"curies":[{"name":"wp","href":"https:\/\/api.w.org\/{rel}","templated":true}]}}