{"id":458774,"date":"2013-12-06T22:32:34","date_gmt":"2013-12-06T23:32:34","guid":{"rendered":"http:\/\/www.eldigitaldeasturias.com\/noticias\/?p=458774"},"modified":"2013-12-06T22:32:34","modified_gmt":"2013-12-06T23:32:34","slug":"el-palacio-de-linares-celebra-la-navidad-al-estilo-del-siglo-xix","status":"publish","type":"post","link":"https:\/\/www.eldigitaldeasturias.com\/noticias\/el-palacio-de-linares-celebra-la-navidad-al-estilo-del-siglo-xix\/","title":{"rendered":"El Palacio de Linares celebra la Navidad al estilo del siglo XIX"},"content":{"rendered":"<p><img loading=\"lazy\" decoding=\"async\" class=\"alignleft size-medium wp-image-458776\" alt=\"5776652w\" src=\"https:\/\/www.eldigitaldeasturias.com\/noticias\/wp-content\/uploads\/2013\/12\/5776652w-360x239.jpg\" width=\"360\" height=\"239\" \/>Madrid, 6 dic (EFE).- \u00bfC\u00f3mo celebraban la Navidad los marqueses del siglo XIX? Los visitantes que se acerquen al Palacio de Linares a partir de ma\u00f1ana podr\u00e1n comprobarlo a trav\u00e9s de unas visitas guiadas en las que se ense\u00f1a c\u00f3mo decoraban la mesa el d\u00eda de Nochebuena y la colocaci\u00f3n de los belenes, entre otros detalles.<\/p>\n<p>Las visitas se ofrecer\u00e1n todos los fines de semana desde ma\u00f1ana, 7 de diciembre, hasta el 4 de enero, seg\u00fan ha informado en una nota de prensa Casa de Am\u00e9rica, que tiene su sede en el Palacio de Linares, ubicado en la plaza de Cibeles.<\/p>\n<p>&#8216;Conoce la mesa de un marqu\u00e9s&#8217;, &#8216;Una vuelta a la tradici\u00f3n&#8217; y &#8216;Un viaje musical a la luz de las velas por el siglo XIX&#8217; son los t\u00edtulos de los tres recorridos con los que los responsables del edificio, que se empez\u00f3 a construir en 1877, mostrar\u00e1n a los visitantes c\u00f3mo celebraba la Navidad una familia adinerada del siglo XIX.<\/p>\n<p>En ellos se podr\u00e1 descubrir c\u00f3mo era la mesa de Nochebuena de una familia de marqueses de la \u00e9poca, con una vajilla original de entonces, y se mostrar\u00e1n las reproducciones de los men\u00fas que se le\u00edan antes de la cena.<\/p>\n<p>La lectura frente a la chimenea, la elaboraci\u00f3n de las tarjetas navide\u00f1as y la colocaci\u00f3n de los belenes son otras tradiciones navide\u00f1as que conocer\u00e1n los visitantes, que en otro de los recorridos tendr\u00e1n la posibilidad de experimentar c\u00f3mo era una Navidad antes de la llegada de la electricidad.<\/p>\n<p>Ser\u00e1 en un paseo por los salones del Palacio en el que, alumbrados por la luz de las velas, podr\u00e1n escuchar en directo temas populares como el Cascanueces, la Marcha Radeztky o Adeste Fideles, interpretados al son de un viol\u00edn y un arpa celta.<\/p>\n<p>Todas las visitas, con precios comprendidos entre los 3 (para ni\u00f1os hasta 14 a\u00f1os) y los 20 euros, se pueden completar con una cena en palacio preparada por los chefs del restaurante Cien Llaves de Casa de Am\u00e9rica, que ofrecer\u00e1n un men\u00fa de 40 euros inspirado en los que se ofrec\u00edan en la Navidad del siglo XIX.<\/p>\n","protected":false},"excerpt":{"rendered":"<p>Madrid, 6 dic (EFE).- \u00bfC\u00f3mo celebraban la Navidad los marqueses del siglo XIX? Los visitantes que se acerquen al Palacio de Linares a partir de ma\u00f1ana podr\u00e1n comprobarlo a trav\u00e9s de unas visitas guiadas en las que se ense\u00f1a c\u00f3mo decoraban la mesa el d\u00eda de Nochebuena y la colocaci\u00f3n de los belenes, entre otros [&hellip;]<\/p>\n","protected":false},"author":1,"featured_media":458776,"comment_status":"closed","ping_status":"open","sticky":false,"template":"","format":"standard","meta":{"footnotes":""},"categories":[50],"tags":[],"class_list":["post-458774","post","type-post","status-publish","format-standard","has-post-thumbnail","hentry","category-revista-de-ocio"],"aioseo_notices":[],"aioseo_head":"\n\t\t<!-- All in One SEO Pro 5.0.1 - aioseo.com -->\n\t<meta name=\"description\" content=\"Madrid, 6 dic (EFE).- \u00bfC\u00f3mo celebraban la Navidad los marqueses del siglo XIX? Los visitantes que se acerquen al Palacio de Linares a partir de ma\u00f1ana podr\u00e1n comprobarlo a trav\u00e9s de unas visitas guiadas en las que se ense\u00f1a c\u00f3mo decoraban la mesa el d\u00eda de Nochebuena y la colocaci\u00f3n de los belenes, entre otros\" \/>\n\t<meta name=\"robots\" content=\"max-image-preview:large\" \/>\n\t<meta name=\"author\" content=\"El Digital de Asturias\"\/>\n\t<meta name=\"google-site-verification\" content=\"UA-38556648-1\" \/>\n\t<meta name=\"msvalidate.01\" content=\"7dfe9f3f1b24437ab69f4f2559babe99\" \/>\n\t<meta name=\"keywords\" content=\"revista de ocio\" \/>\n\t<link rel=\"canonical\" href=\"https:\/\/www.eldigitaldeasturias.com\/noticias\/el-palacio-de-linares-celebra-la-navidad-al-estilo-del-siglo-xix\/\" \/>\n\t<meta name=\"generator\" content=\"All in One SEO Pro (AIOSEO) 5.0.1\" \/>\n\t\t<meta property=\"og:locale\" content=\"es_ES\" \/>\n\t\t<meta property=\"og:site_name\" content=\"El Digital de Asturias\" \/>\n\t\t<meta property=\"og:type\" content=\"article\" \/>\n\t\t<meta property=\"og:title\" content=\"El Palacio de Linares celebra la Navidad al estilo del siglo XIX - El Digital de Asturias\" \/>\n\t\t<meta property=\"og:description\" content=\"Madrid, 6 dic (EFE).- \u00bfC\u00f3mo celebraban la Navidad los marqueses del siglo XIX? Los visitantes que se acerquen al Palacio de Linares a partir de ma\u00f1ana podr\u00e1n comprobarlo a trav\u00e9s de unas visitas guiadas en las que se ense\u00f1a c\u00f3mo decoraban la mesa el d\u00eda de Nochebuena y la colocaci\u00f3n de los belenes, entre otros\" \/>\n\t\t<meta property=\"og:url\" content=\"https:\/\/www.eldigitaldeasturias.com\/noticias\/el-palacio-de-linares-celebra-la-navidad-al-estilo-del-siglo-xix\/\" \/>\n\t\t<meta property=\"article:tag\" content=\"revista de ocio\" \/>\n\t\t<meta property=\"article:published_time\" content=\"2013-12-06T23:32:34+00:00\" \/>\n\t\t<meta property=\"article:modified_time\" content=\"2013-12-06T23:32:34+00:00\" \/>\n\t\t<meta property=\"article:publisher\" content=\"https:\/\/facebook.com\/eldigitaldeasturias\" \/>\n\t\t<meta name=\"twitter:card\" content=\"summary_large_image\" \/>\n\t\t<meta name=\"twitter:title\" content=\"El Palacio de Linares celebra la Navidad al estilo del siglo XIX - El Digital de Asturias\" \/>\n\t\t<meta name=\"twitter:description\" content=\"Madrid, 6 dic (EFE).- \u00bfC\u00f3mo celebraban la Navidad los marqueses del siglo XIX? Los visitantes que se acerquen al Palacio de Linares a partir de ma\u00f1ana podr\u00e1n comprobarlo a trav\u00e9s de unas visitas guiadas en las que se ense\u00f1a c\u00f3mo decoraban la mesa el d\u00eda de Nochebuena y la colocaci\u00f3n de los belenes, entre otros\" \/>\n\t\t<meta name=\"twitter:label1\" content=\"Escrito por\" \/>\n\t\t<meta name=\"twitter:data1\" content=\"El Digital de Asturias\" \/>\n\t\t<meta name=\"twitter:label2\" content=\"Tiempo de lectura estimado\" \/>\n\t\t<meta name=\"twitter:data2\" content=\"2 minutos\" \/>\n\t\t<script type=\"application\/ld+json\" class=\"aioseo-schema\">\n\t\t\t{\"@context\":\"https:\\\/\\\/schema.org\",\"@graph\":[{\"@type\":\"BlogPosting\",\"@id\":\"https:\\\/\\\/www.eldigitaldeasturias.com\\\/noticias\\\/el-palacio-de-linares-celebra-la-navidad-al-estilo-del-siglo-xix\\\/#blogposting\",\"name\":\"El Palacio de Linares celebra la Navidad al estilo del siglo XIX - El Digital de Asturias\",\"headline\":\"El Palacio de Linares celebra la Navidad al estilo del siglo XIX\",\"author\":{\"@id\":\"https:\\\/\\\/www.eldigitaldeasturias.com\\\/noticias\\\/author\\\/admin\\\/#author\"},\"publisher\":{\"@id\":\"https:\\\/\\\/www.eldigitaldeasturias.com\\\/noticias\\\/#organization\"},\"image\":{\"@type\":\"ImageObject\",\"url\":458776},\"datePublished\":\"2013-12-06T22:32:34+01:00\",\"dateModified\":\"2013-12-06T22:32:34+01:00\",\"inLanguage\":\"es-ES\",\"mainEntityOfPage\":{\"@id\":\"https:\\\/\\\/www.eldigitaldeasturias.com\\\/noticias\\\/el-palacio-de-linares-celebra-la-navidad-al-estilo-del-siglo-xix\\\/#webpage\"},\"isPartOf\":{\"@id\":\"https:\\\/\\\/www.eldigitaldeasturias.com\\\/noticias\\\/el-palacio-de-linares-celebra-la-navidad-al-estilo-del-siglo-xix\\\/#webpage\"},\"articleSection\":\"Revista de Ocio\"},{\"@type\":\"BreadcrumbList\",\"@id\":\"https:\\\/\\\/www.eldigitaldeasturias.com\\\/noticias\\\/el-palacio-de-linares-celebra-la-navidad-al-estilo-del-siglo-xix\\\/#breadcrumblist\",\"itemListElement\":[{\"@type\":\"ListItem\",\"@id\":\"https:\\\/\\\/www.eldigitaldeasturias.com\\\/noticias#listItem\",\"position\":1,\"name\":\"Home\",\"item\":\"https:\\\/\\\/www.eldigitaldeasturias.com\\\/noticias\",\"nextItem\":{\"@type\":\"ListItem\",\"@id\":\"https:\\\/\\\/www.eldigitaldeasturias.com\\\/noticias\\\/category\\\/revista-de-ocio\\\/#listItem\",\"name\":\"Revista de Ocio\"}},{\"@type\":\"ListItem\",\"@id\":\"https:\\\/\\\/www.eldigitaldeasturias.com\\\/noticias\\\/category\\\/revista-de-ocio\\\/#listItem\",\"position\":2,\"name\":\"Revista de Ocio\",\"item\":\"https:\\\/\\\/www.eldigitaldeasturias.com\\\/noticias\\\/category\\\/revista-de-ocio\\\/\",\"nextItem\":{\"@type\":\"ListItem\",\"@id\":\"https:\\\/\\\/www.eldigitaldeasturias.com\\\/noticias\\\/el-palacio-de-linares-celebra-la-navidad-al-estilo-del-siglo-xix\\\/#listItem\",\"name\":\"El Palacio de Linares celebra la Navidad al estilo del siglo XIX\"},\"previousItem\":{\"@type\":\"ListItem\",\"@id\":\"https:\\\/\\\/www.eldigitaldeasturias.com\\\/noticias#listItem\",\"name\":\"Home\"}},{\"@type\":\"ListItem\",\"@id\":\"https:\\\/\\\/www.eldigitaldeasturias.com\\\/noticias\\\/el-palacio-de-linares-celebra-la-navidad-al-estilo-del-siglo-xix\\\/#listItem\",\"position\":3,\"name\":\"El Palacio de Linares celebra la Navidad al estilo del siglo XIX\",\"previousItem\":{\"@type\":\"ListItem\",\"@id\":\"https:\\\/\\\/www.eldigitaldeasturias.com\\\/noticias\\\/category\\\/revista-de-ocio\\\/#listItem\",\"name\":\"Revista de Ocio\"}}]},{\"@type\":\"Organization\",\"@id\":\"https:\\\/\\\/www.eldigitaldeasturias.com\\\/noticias\\\/#organization\",\"name\":\"El Digital de Asturias\",\"description\":\"Hemeroteca\",\"url\":\"https:\\\/\\\/www.eldigitaldeasturias.com\\\/noticias\\\/\",\"email\":\"info@eldigitaldeasturias.com\",\"telephone\":\"+34652131393\",\"logo\":{\"@type\":\"ImageObject\",\"url\":\"https:\\\/\\\/www.eldigitaldeasturias.com\\\/noticias\\\/wp-content\\\/uploads\\\/2020\\\/12\\\/EDA.jpg\",\"@id\":\"https:\\\/\\\/www.eldigitaldeasturias.com\\\/noticias\\\/el-palacio-de-linares-celebra-la-navidad-al-estilo-del-siglo-xix\\\/#organizationLogo\"},\"image\":{\"@id\":\"https:\\\/\\\/www.eldigitaldeasturias.com\\\/noticias\\\/el-palacio-de-linares-celebra-la-navidad-al-estilo-del-siglo-xix\\\/#organizationLogo\"},\"sameAs\":[\"https:\\\/\\\/facebook.com\\\/eldigitaldeasturias\",\"https:\\\/\\\/www.youtube.com\\\/channel\\\/UCZP-2wLEB9Rv6erhFmqVnvg\"],\"address\":{\"@id\":\"https:\\\/\\\/www.eldigitaldeasturias.com\\\/noticias\\\/#postaladdress\",\"@type\":\"PostalAddress\",\"streetAddress\":\"san antonio 4\",\"postalCode\":\"33430\",\"addressLocality\":\"Cand\\u00e1s\",\"addressRegion\":\"Asturias\",\"addressCountry\":\"ES\"}},{\"@type\":\"Person\",\"@id\":\"https:\\\/\\\/www.eldigitaldeasturias.com\\\/noticias\\\/author\\\/admin\\\/#author\",\"url\":\"https:\\\/\\\/www.eldigitaldeasturias.com\\\/noticias\\\/author\\\/admin\\\/\",\"name\":\"El Digital de Asturias\",\"image\":{\"@type\":\"ImageObject\",\"@id\":\"https:\\\/\\\/www.eldigitaldeasturias.com\\\/noticias\\\/el-palacio-de-linares-celebra-la-navidad-al-estilo-del-siglo-xix\\\/#authorImage\",\"url\":\"https:\\\/\\\/secure.gravatar.com\\\/avatar\\\/df2aeffc32bcd13f8d26072ef8a91b623d677766deac7f97ca815868cd41bf5e?s=96&d=mm&r=g\",\"width\":96,\"height\":96,\"caption\":\"El Digital de Asturias\"}},{\"@type\":\"WebPage\",\"@id\":\"https:\\\/\\\/www.eldigitaldeasturias.com\\\/noticias\\\/el-palacio-de-linares-celebra-la-navidad-al-estilo-del-siglo-xix\\\/#webpage\",\"url\":\"https:\\\/\\\/www.eldigitaldeasturias.com\\\/noticias\\\/el-palacio-de-linares-celebra-la-navidad-al-estilo-del-siglo-xix\\\/\",\"name\":\"El Palacio de Linares celebra la Navidad al estilo del siglo XIX - El Digital de Asturias\",\"description\":\"Madrid, 6 dic (EFE).- \\u00bfC\\u00f3mo celebraban la Navidad los marqueses del siglo XIX? Los visitantes que se acerquen al Palacio de Linares a partir de ma\\u00f1ana podr\\u00e1n comprobarlo a trav\\u00e9s de unas visitas guiadas en las que se ense\\u00f1a c\\u00f3mo decoraban la mesa el d\\u00eda de Nochebuena y la colocaci\\u00f3n de los belenes, entre otros\",\"inLanguage\":\"es-ES\",\"isPartOf\":{\"@id\":\"https:\\\/\\\/www.eldigitaldeasturias.com\\\/noticias\\\/#website\"},\"breadcrumb\":{\"@id\":\"https:\\\/\\\/www.eldigitaldeasturias.com\\\/noticias\\\/el-palacio-de-linares-celebra-la-navidad-al-estilo-del-siglo-xix\\\/#breadcrumblist\"},\"author\":{\"@id\":\"https:\\\/\\\/www.eldigitaldeasturias.com\\\/noticias\\\/author\\\/admin\\\/#author\"},\"creator\":{\"@id\":\"https:\\\/\\\/www.eldigitaldeasturias.com\\\/noticias\\\/author\\\/admin\\\/#author\"},\"image\":{\"@type\":\"ImageObject\",\"url\":458776,\"@id\":\"https:\\\/\\\/www.eldigitaldeasturias.com\\\/noticias\\\/el-palacio-de-linares-celebra-la-navidad-al-estilo-del-siglo-xix\\\/#mainImage\"},\"primaryImageOfPage\":{\"@id\":\"https:\\\/\\\/www.eldigitaldeasturias.com\\\/noticias\\\/el-palacio-de-linares-celebra-la-navidad-al-estilo-del-siglo-xix\\\/#mainImage\"},\"datePublished\":\"2013-12-06T22:32:34+01:00\",\"dateModified\":\"2013-12-06T22:32:34+01:00\"},{\"@type\":\"WebSite\",\"@id\":\"https:\\\/\\\/www.eldigitaldeasturias.com\\\/noticias\\\/#website\",\"url\":\"https:\\\/\\\/www.eldigitaldeasturias.com\\\/noticias\\\/\",\"name\":\"El Digital de Asturias - Diario de actualidad y noticias\",\"alternateName\":\"El Digital de Asturias - Diario de actualidad y noticias\",\"description\":\"Hemeroteca\",\"inLanguage\":\"es-ES\",\"publisher\":{\"@id\":\"https:\\\/\\\/www.eldigitaldeasturias.com\\\/noticias\\\/#organization\"}}]}\n\t\t<\/script>\n\t\t<!-- All in One SEO Pro -->\r\n\t\t<title>El Palacio de Linares celebra la Navidad al estilo del siglo XIX - El Digital de Asturias<\/title>\n\n","aioseo_head_json":{"title":"El Palacio de Linares celebra la Navidad al estilo del siglo XIX - El Digital de Asturias","description":"Madrid, 6 dic (EFE).- \u00bfC\u00f3mo celebraban la Navidad los marqueses del siglo XIX? Los visitantes que se acerquen al Palacio de Linares a partir de ma\u00f1ana podr\u00e1n comprobarlo a trav\u00e9s de unas visitas guiadas en las que se ense\u00f1a c\u00f3mo decoraban la mesa el d\u00eda de Nochebuena y la colocaci\u00f3n de los belenes, entre otros","canonical_url":"https:\/\/www.eldigitaldeasturias.com\/noticias\/el-palacio-de-linares-celebra-la-navidad-al-estilo-del-siglo-xix\/","robots":"max-image-preview:large","keywords":"revista de ocio","webmasterTools":{"google-site-verification":"UA-38556648-1","msvalidate.01":"7dfe9f3f1b24437ab69f4f2559babe99","miscellaneous":""},"schema":{"@context":"https:\/\/schema.org","@graph":[{"@type":"BlogPosting","@id":"https:\/\/www.eldigitaldeasturias.com\/noticias\/el-palacio-de-linares-celebra-la-navidad-al-estilo-del-siglo-xix\/#blogposting","name":"El Palacio de Linares celebra la Navidad al estilo del siglo XIX - El Digital de Asturias","headline":"El Palacio de Linares celebra la Navidad al estilo del siglo XIX","author":{"@id":"https:\/\/www.eldigitaldeasturias.com\/noticias\/author\/admin\/#author"},"publisher":{"@id":"https:\/\/www.eldigitaldeasturias.com\/noticias\/#organization"},"image":{"@type":"ImageObject","url":458776},"datePublished":"2013-12-06T22:32:34+01:00","dateModified":"2013-12-06T22:32:34+01:00","inLanguage":"es-ES","mainEntityOfPage":{"@id":"https:\/\/www.eldigitaldeasturias.com\/noticias\/el-palacio-de-linares-celebra-la-navidad-al-estilo-del-siglo-xix\/#webpage"},"isPartOf":{"@id":"https:\/\/www.eldigitaldeasturias.com\/noticias\/el-palacio-de-linares-celebra-la-navidad-al-estilo-del-siglo-xix\/#webpage"},"articleSection":"Revista de Ocio"},{"@type":"BreadcrumbList","@id":"https:\/\/www.eldigitaldeasturias.com\/noticias\/el-palacio-de-linares-celebra-la-navidad-al-estilo-del-siglo-xix\/#breadcrumblist","itemListElement":[{"@type":"ListItem","@id":"https:\/\/www.eldigitaldeasturias.com\/noticias#listItem","position":1,"name":"Home","item":"https:\/\/www.eldigitaldeasturias.com\/noticias","nextItem":{"@type":"ListItem","@id":"https:\/\/www.eldigitaldeasturias.com\/noticias\/category\/revista-de-ocio\/#listItem","name":"Revista de Ocio"}},{"@type":"ListItem","@id":"https:\/\/www.eldigitaldeasturias.com\/noticias\/category\/revista-de-ocio\/#listItem","position":2,"name":"Revista de Ocio","item":"https:\/\/www.eldigitaldeasturias.com\/noticias\/category\/revista-de-ocio\/","nextItem":{"@type":"ListItem","@id":"https:\/\/www.eldigitaldeasturias.com\/noticias\/el-palacio-de-linares-celebra-la-navidad-al-estilo-del-siglo-xix\/#listItem","name":"El Palacio de Linares celebra la Navidad al estilo del siglo XIX"},"previousItem":{"@type":"ListItem","@id":"https:\/\/www.eldigitaldeasturias.com\/noticias#listItem","name":"Home"}},{"@type":"ListItem","@id":"https:\/\/www.eldigitaldeasturias.com\/noticias\/el-palacio-de-linares-celebra-la-navidad-al-estilo-del-siglo-xix\/#listItem","position":3,"name":"El Palacio de Linares celebra la Navidad al estilo del siglo XIX","previousItem":{"@type":"ListItem","@id":"https:\/\/www.eldigitaldeasturias.com\/noticias\/category\/revista-de-ocio\/#listItem","name":"Revista de Ocio"}}]},{"@type":"Organization","@id":"https:\/\/www.eldigitaldeasturias.com\/noticias\/#organization","name":"El Digital de Asturias","description":"Hemeroteca","url":"https:\/\/www.eldigitaldeasturias.com\/noticias\/","email":"info@eldigitaldeasturias.com","telephone":"+34652131393","logo":{"@type":"ImageObject","url":"https:\/\/www.eldigitaldeasturias.com\/noticias\/wp-content\/uploads\/2020\/12\/EDA.jpg","@id":"https:\/\/www.eldigitaldeasturias.com\/noticias\/el-palacio-de-linares-celebra-la-navidad-al-estilo-del-siglo-xix\/#organizationLogo"},"image":{"@id":"https:\/\/www.eldigitaldeasturias.com\/noticias\/el-palacio-de-linares-celebra-la-navidad-al-estilo-del-siglo-xix\/#organizationLogo"},"sameAs":["https:\/\/facebook.com\/eldigitaldeasturias","https:\/\/www.youtube.com\/channel\/UCZP-2wLEB9Rv6erhFmqVnvg"],"address":{"@id":"https:\/\/www.eldigitaldeasturias.com\/noticias\/#postaladdress","@type":"PostalAddress","streetAddress":"san antonio 4","postalCode":"33430","addressLocality":"Cand\u00e1s","addressRegion":"Asturias","addressCountry":"ES"}},{"@type":"Person","@id":"https:\/\/www.eldigitaldeasturias.com\/noticias\/author\/admin\/#author","url":"https:\/\/www.eldigitaldeasturias.com\/noticias\/author\/admin\/","name":"El Digital de Asturias","image":{"@type":"ImageObject","@id":"https:\/\/www.eldigitaldeasturias.com\/noticias\/el-palacio-de-linares-celebra-la-navidad-al-estilo-del-siglo-xix\/#authorImage","url":"https:\/\/secure.gravatar.com\/avatar\/df2aeffc32bcd13f8d26072ef8a91b623d677766deac7f97ca815868cd41bf5e?s=96&d=mm&r=g","width":96,"height":96,"caption":"El Digital de Asturias"}},{"@type":"WebPage","@id":"https:\/\/www.eldigitaldeasturias.com\/noticias\/el-palacio-de-linares-celebra-la-navidad-al-estilo-del-siglo-xix\/#webpage","url":"https:\/\/www.eldigitaldeasturias.com\/noticias\/el-palacio-de-linares-celebra-la-navidad-al-estilo-del-siglo-xix\/","name":"El Palacio de Linares celebra la Navidad al estilo del siglo XIX - El Digital de Asturias","description":"Madrid, 6 dic (EFE).- \u00bfC\u00f3mo celebraban la Navidad los marqueses del siglo XIX? Los visitantes que se acerquen al Palacio de Linares a partir de ma\u00f1ana podr\u00e1n comprobarlo a trav\u00e9s de unas visitas guiadas en las que se ense\u00f1a c\u00f3mo decoraban la mesa el d\u00eda de Nochebuena y la colocaci\u00f3n de los belenes, entre otros","inLanguage":"es-ES","isPartOf":{"@id":"https:\/\/www.eldigitaldeasturias.com\/noticias\/#website"},"breadcrumb":{"@id":"https:\/\/www.eldigitaldeasturias.com\/noticias\/el-palacio-de-linares-celebra-la-navidad-al-estilo-del-siglo-xix\/#breadcrumblist"},"author":{"@id":"https:\/\/www.eldigitaldeasturias.com\/noticias\/author\/admin\/#author"},"creator":{"@id":"https:\/\/www.eldigitaldeasturias.com\/noticias\/author\/admin\/#author"},"image":{"@type":"ImageObject","url":458776,"@id":"https:\/\/www.eldigitaldeasturias.com\/noticias\/el-palacio-de-linares-celebra-la-navidad-al-estilo-del-siglo-xix\/#mainImage"},"primaryImageOfPage":{"@id":"https:\/\/www.eldigitaldeasturias.com\/noticias\/el-palacio-de-linares-celebra-la-navidad-al-estilo-del-siglo-xix\/#mainImage"},"datePublished":"2013-12-06T22:32:34+01:00","dateModified":"2013-12-06T22:32:34+01:00"},{"@type":"WebSite","@id":"https:\/\/www.eldigitaldeasturias.com\/noticias\/#website","url":"https:\/\/www.eldigitaldeasturias.com\/noticias\/","name":"El Digital de Asturias - Diario de actualidad y noticias","alternateName":"El Digital de Asturias - Diario de actualidad y noticias","description":"Hemeroteca","inLanguage":"es-ES","publisher":{"@id":"https:\/\/www.eldigitaldeasturias.com\/noticias\/#organization"}}]},"og:locale":"es_ES","og:site_name":"El Digital de Asturias","og:type":"article","og:title":"El Palacio de Linares celebra la Navidad al estilo del siglo XIX - El Digital de Asturias","og:description":"Madrid, 6 dic (EFE).- \u00bfC\u00f3mo celebraban la Navidad los marqueses del siglo XIX? Los visitantes que se acerquen al Palacio de Linares a partir de ma\u00f1ana podr\u00e1n comprobarlo a trav\u00e9s de unas visitas guiadas en las que se ense\u00f1a c\u00f3mo decoraban la mesa el d\u00eda de Nochebuena y la colocaci\u00f3n de los belenes, entre otros","og:url":"https:\/\/www.eldigitaldeasturias.com\/noticias\/el-palacio-de-linares-celebra-la-navidad-al-estilo-del-siglo-xix\/","article:tag":["revista de ocio"],"article:published_time":"2013-12-06T23:32:34+00:00","article:modified_time":"2013-12-06T23:32:34+00:00","article:publisher":"https:\/\/facebook.com\/eldigitaldeasturias","twitter:card":"summary_large_image","twitter:title":"El Palacio de Linares celebra la Navidad al estilo del siglo XIX - El Digital de Asturias","twitter:description":"Madrid, 6 dic (EFE).- \u00bfC\u00f3mo celebraban la Navidad los marqueses del siglo XIX? Los visitantes que se acerquen al Palacio de Linares a partir de ma\u00f1ana podr\u00e1n comprobarlo a trav\u00e9s de unas visitas guiadas en las que se ense\u00f1a c\u00f3mo decoraban la mesa el d\u00eda de Nochebuena y la colocaci\u00f3n de los belenes, entre otros","twitter:label1":"Escrito por","twitter:data1":"El Digital de Asturias","twitter:label2":"Tiempo de lectura estimado","twitter:data2":"2 minutos"},"aioseo_meta_data":{"post_id":"458774","title":null,"description":null,"keywords":null,"keyphrases":null,"primary_term":null,"canonical_url":null,"og_title":null,"og_description":null,"og_object_type":"default","og_image_type":"default","og_image_url":null,"og_image_width":null,"og_image_height":null,"og_image_custom_url":null,"og_image_custom_fields":null,"og_video":null,"og_custom_url":null,"og_article_section":null,"og_article_tags":null,"twitter_use_og":true,"twitter_card":"default","twitter_image_type":"default","twitter_image_url":null,"twitter_image_custom_url":null,"twitter_image_custom_fields":null,"twitter_title":null,"twitter_description":null,"schema":{"blockGraphs":[],"customGraphs":[],"default":{"data":{"Article":[],"Course":[],"Dataset":[],"FAQPage":[],"Movie":[],"Person":[],"Product":[],"ProductReview":[],"Car":[],"Recipe":[],"Service":[],"SoftwareApplication":[],"WebPage":[]},"graphName":"","isEnabled":true},"graphs":[],"defaultGraph":"","defaultPostTypeGraph":""},"schema_type":null,"schema_type_options":null,"pillar_content":false,"robots_default":true,"robots_noindex":false,"robots_noarchive":false,"robots_nosnippet":false,"robots_nofollow":false,"robots_noimageindex":false,"robots_noodp":false,"robots_notranslate":false,"robots_max_snippet":null,"robots_max_videopreview":null,"robots_max_imagepreview":"none","priority":null,"frequency":null,"local_seo":null,"seo_analyzer_scan_date":"2026-05-30 06:47:54","breadcrumb_settings":null,"limit_modified_date":false,"open_ai":null,"ai":null,"created":"2020-11-14 22:46:25","updated":"2026-05-30 06:47:54","focus_keyword":null,"additional_keywords":null,"truseo_locale":null},"aioseo_breadcrumb":"<div class=\"aioseo-breadcrumbs\"><span class=\"aioseo-breadcrumb\">\n\t<a href=\"https:\/\/www.eldigitaldeasturias.com\/noticias\" title=\"Home\">Home<\/a>\n<\/span><span class=\"aioseo-breadcrumb-separator\">\u2013<\/span><span class=\"aioseo-breadcrumb\">\n\t<a href=\"https:\/\/www.eldigitaldeasturias.com\/noticias\/category\/revista-de-ocio\/\" title=\"Revista de Ocio\">Revista de Ocio<\/a>\n<\/span><span class=\"aioseo-breadcrumb-separator\">\u2013<\/span><span class=\"aioseo-breadcrumb\">\n\t<a href=\"https:\/\/www.eldigitaldeasturias.com\/noticias\/el-palacio-de-linares-celebra-la-navidad-al-estilo-del-siglo-xix\/\" title=\"El Palacio de Linares celebra la Navidad al estilo del siglo XIX\">El Palacio de Linares celebra la Navidad al estilo del siglo XIX<\/a>\n<\/span><\/div>","aioseo_breadcrumb_json":[{"label":"Home","link":"https:\/\/www.eldigitaldeasturias.com\/noticias"},{"label":"Revista de Ocio","link":"https:\/\/www.eldigitaldeasturias.com\/noticias\/category\/revista-de-ocio\/"},{"label":"El Palacio de Linares celebra la Navidad al estilo del siglo XIX","link":"https:\/\/www.eldigitaldeasturias.com\/noticias\/el-palacio-de-linares-celebra-la-navidad-al-estilo-del-siglo-xix\/"}],"_links":{"self":[{"href":"https:\/\/www.eldigitaldeasturias.com\/noticias\/wp-json\/wp\/v2\/posts\/458774","targetHints":{"allow":["GET"]}}],"collection":[{"href":"https:\/\/www.eldigitaldeasturias.com\/noticias\/wp-json\/wp\/v2\/posts"}],"about":[{"href":"https:\/\/www.eldigitaldeasturias.com\/noticias\/wp-json\/wp\/v2\/types\/post"}],"author":[{"embeddable":true,"href":"https:\/\/www.eldigitaldeasturias.com\/noticias\/wp-json\/wp\/v2\/users\/1"}],"replies":[{"embeddable":true,"href":"https:\/\/www.eldigitaldeasturias.com\/noticias\/wp-json\/wp\/v2\/comments?post=458774"}],"version-history":[{"count":0,"href":"https:\/\/www.eldigitaldeasturias.com\/noticias\/wp-json\/wp\/v2\/posts\/458774\/revisions"}],"wp:attachment":[{"href":"https:\/\/www.eldigitaldeasturias.com\/noticias\/wp-json\/wp\/v2\/media?parent=458774"}],"wp:term":[{"taxonomy":"category","embeddable":true,"href":"https:\/\/www.eldigitaldeasturias.com\/noticias\/wp-json\/wp\/v2\/categories?post=458774"},{"taxonomy":"post_tag","embeddable":true,"href":"https:\/\/www.eldigitaldeasturias.com\/noticias\/wp-json\/wp\/v2\/tags?post=458774"}],"curies":[{"name":"wp","href":"https:\/\/api.w.org\/{rel}","templated":true}]}}