{"id":458771,"date":"2013-12-06T22:31:05","date_gmt":"2013-12-06T23:31:05","guid":{"rendered":"http:\/\/www.eldigitaldeasturias.com\/noticias\/?p=458771"},"modified":"2013-12-06T22:31:05","modified_gmt":"2013-12-06T23:31:05","slug":"patrimonio-nacional-expone-belenes-en-el-palacio-real-y-en-tres-monasterios","status":"publish","type":"post","link":"https:\/\/www.eldigitaldeasturias.com\/noticias\/patrimonio-nacional-expone-belenes-en-el-palacio-real-y-en-tres-monasterios\/","title":{"rendered":"Patrimonio Nacional expone belenes en el Palacio Real y en tres monasterios"},"content":{"rendered":"<p><img loading=\"lazy\" decoding=\"async\" class=\"alignleft size-medium wp-image-458772\" alt=\"5776648w\" src=\"https:\/\/www.eldigitaldeasturias.com\/noticias\/wp-content\/uploads\/2013\/12\/5776648w-360x242.jpg\" width=\"360\" height=\"242\" \/>Madrid, 6 dic (EFE).- El Palacio Real y los monasterios madrile\u00f1os de Las Descalzas Reales, La Encarnaci\u00f3n y Santa Isabel acogen esta Navidad la tradicional exposici\u00f3n de belenes organizada por Patrimonio Nacional, que podr\u00e1 visitarse hasta el pr\u00f3ximo 12 de enero.<\/p>\n<p>En el Palacio Real la muestra se inaugura hoy viernes en la sala de alabarderos, con un bel\u00e9n napolitano de m\u00e1s de 200 figuras, muchas de ellas adquiridas en 2001 a talleres activos desde el siglo XVIII y restauradas por personal de Patrimonio Nacional, mientras que en los monasterios las visitas comenzar\u00e1n el pr\u00f3ximo 15 de diciembre.<\/p>\n<p>La Encarnaci\u00f3n albergar\u00e1 un montaje de figuras y elementos en bronce y cer\u00e1mica de los siglos XVIII y XIX; Santa Isabel, m\u00e1s de cincuenta construcciones de palillo, corcho y elementos vegetales; y en Las Descalzas Reales podr\u00e1n verse figuras de unos 35 cent\u00edmetros de altura en cart\u00f3n y madera, realizadas a principios del siglo XX.<\/p>\n","protected":false},"excerpt":{"rendered":"<p>Madrid, 6 dic (EFE).- El Palacio Real y los monasterios madrile\u00f1os de Las Descalzas Reales, La Encarnaci\u00f3n y Santa Isabel acogen esta Navidad la tradicional exposici\u00f3n de belenes organizada por Patrimonio Nacional, que podr\u00e1 visitarse hasta el pr\u00f3ximo 12 de enero. En el Palacio Real la muestra se inaugura hoy viernes en la sala de [&hellip;]<\/p>\n","protected":false},"author":1,"featured_media":458772,"comment_status":"closed","ping_status":"open","sticky":false,"template":"","format":"standard","meta":{"footnotes":""},"categories":[50],"tags":[],"class_list":["post-458771","post","type-post","status-publish","format-standard","has-post-thumbnail","hentry","category-revista-de-ocio"],"aioseo_notices":[],"aioseo_head":"\n\t\t<!-- All in One SEO Pro 5.0.1 - aioseo.com -->\n\t<meta name=\"description\" content=\"Madrid, 6 dic (EFE).- El Palacio Real y los monasterios madrile\u00f1os de Las Descalzas Reales, La Encarnaci\u00f3n y Santa Isabel acogen esta Navidad la tradicional exposici\u00f3n de belenes organizada por Patrimonio Nacional, que podr\u00e1 visitarse hasta el pr\u00f3ximo 12 de enero. En el Palacio Real la muestra se inaugura hoy viernes en la sala de\" \/>\n\t<meta name=\"robots\" content=\"max-image-preview:large\" \/>\n\t<meta name=\"author\" content=\"El Digital de Asturias\"\/>\n\t<meta name=\"google-site-verification\" content=\"UA-38556648-1\" \/>\n\t<meta name=\"msvalidate.01\" content=\"7dfe9f3f1b24437ab69f4f2559babe99\" \/>\n\t<meta name=\"keywords\" content=\"revista de ocio\" \/>\n\t<link rel=\"canonical\" href=\"https:\/\/www.eldigitaldeasturias.com\/noticias\/patrimonio-nacional-expone-belenes-en-el-palacio-real-y-en-tres-monasterios\/\" \/>\n\t<meta name=\"generator\" content=\"All in One SEO Pro (AIOSEO) 5.0.1\" \/>\n\t\t<meta property=\"og:locale\" content=\"es_ES\" \/>\n\t\t<meta property=\"og:site_name\" content=\"El Digital de Asturias\" \/>\n\t\t<meta property=\"og:type\" content=\"article\" \/>\n\t\t<meta property=\"og:title\" content=\"Patrimonio Nacional expone belenes en el Palacio Real y en tres monasterios - El Digital de Asturias\" \/>\n\t\t<meta property=\"og:description\" content=\"Madrid, 6 dic (EFE).- El Palacio Real y los monasterios madrile\u00f1os de Las Descalzas Reales, La Encarnaci\u00f3n y Santa Isabel acogen esta Navidad la tradicional exposici\u00f3n de belenes organizada por Patrimonio Nacional, que podr\u00e1 visitarse hasta el pr\u00f3ximo 12 de enero. En el Palacio Real la muestra se inaugura hoy viernes en la sala de\" \/>\n\t\t<meta property=\"og:url\" content=\"https:\/\/www.eldigitaldeasturias.com\/noticias\/patrimonio-nacional-expone-belenes-en-el-palacio-real-y-en-tres-monasterios\/\" \/>\n\t\t<meta property=\"article:tag\" content=\"revista de ocio\" \/>\n\t\t<meta property=\"article:published_time\" content=\"2013-12-06T23:31:05+00:00\" \/>\n\t\t<meta property=\"article:modified_time\" content=\"2013-12-06T23:31:05+00:00\" \/>\n\t\t<meta property=\"article:publisher\" content=\"https:\/\/facebook.com\/eldigitaldeasturias\" \/>\n\t\t<meta name=\"twitter:card\" content=\"summary_large_image\" \/>\n\t\t<meta name=\"twitter:title\" content=\"Patrimonio Nacional expone belenes en el Palacio Real y en tres monasterios - El Digital de Asturias\" \/>\n\t\t<meta name=\"twitter:description\" content=\"Madrid, 6 dic (EFE).- El Palacio Real y los monasterios madrile\u00f1os de Las Descalzas Reales, La Encarnaci\u00f3n y Santa Isabel acogen esta Navidad la tradicional exposici\u00f3n de belenes organizada por Patrimonio Nacional, que podr\u00e1 visitarse hasta el pr\u00f3ximo 12 de enero. En el Palacio Real la muestra se inaugura hoy viernes en la sala de\" \/>\n\t\t<meta name=\"twitter:label1\" content=\"Escrito por\" \/>\n\t\t<meta name=\"twitter:data1\" content=\"El Digital de Asturias\" \/>\n\t\t<meta name=\"twitter:label2\" content=\"Tiempo de lectura estimado\" \/>\n\t\t<meta name=\"twitter:data2\" content=\"1 minuto\" \/>\n\t\t<script type=\"application\/ld+json\" class=\"aioseo-schema\">\n\t\t\t{\"@context\":\"https:\\\/\\\/schema.org\",\"@graph\":[{\"@type\":\"BlogPosting\",\"@id\":\"https:\\\/\\\/www.eldigitaldeasturias.com\\\/noticias\\\/patrimonio-nacional-expone-belenes-en-el-palacio-real-y-en-tres-monasterios\\\/#blogposting\",\"name\":\"Patrimonio Nacional expone belenes en el Palacio Real y en tres monasterios - El Digital de Asturias\",\"headline\":\"Patrimonio Nacional expone belenes en el Palacio Real y en tres monasterios\",\"author\":{\"@id\":\"https:\\\/\\\/www.eldigitaldeasturias.com\\\/noticias\\\/author\\\/admin\\\/#author\"},\"publisher\":{\"@id\":\"https:\\\/\\\/www.eldigitaldeasturias.com\\\/noticias\\\/#organization\"},\"image\":{\"@type\":\"ImageObject\",\"url\":458772},\"datePublished\":\"2013-12-06T22:31:05+01:00\",\"dateModified\":\"2013-12-06T22:31:05+01:00\",\"inLanguage\":\"es-ES\",\"mainEntityOfPage\":{\"@id\":\"https:\\\/\\\/www.eldigitaldeasturias.com\\\/noticias\\\/patrimonio-nacional-expone-belenes-en-el-palacio-real-y-en-tres-monasterios\\\/#webpage\"},\"isPartOf\":{\"@id\":\"https:\\\/\\\/www.eldigitaldeasturias.com\\\/noticias\\\/patrimonio-nacional-expone-belenes-en-el-palacio-real-y-en-tres-monasterios\\\/#webpage\"},\"articleSection\":\"Revista de Ocio\"},{\"@type\":\"BreadcrumbList\",\"@id\":\"https:\\\/\\\/www.eldigitaldeasturias.com\\\/noticias\\\/patrimonio-nacional-expone-belenes-en-el-palacio-real-y-en-tres-monasterios\\\/#breadcrumblist\",\"itemListElement\":[{\"@type\":\"ListItem\",\"@id\":\"https:\\\/\\\/www.eldigitaldeasturias.com\\\/noticias#listItem\",\"position\":1,\"name\":\"Home\",\"item\":\"https:\\\/\\\/www.eldigitaldeasturias.com\\\/noticias\",\"nextItem\":{\"@type\":\"ListItem\",\"@id\":\"https:\\\/\\\/www.eldigitaldeasturias.com\\\/noticias\\\/category\\\/revista-de-ocio\\\/#listItem\",\"name\":\"Revista de Ocio\"}},{\"@type\":\"ListItem\",\"@id\":\"https:\\\/\\\/www.eldigitaldeasturias.com\\\/noticias\\\/category\\\/revista-de-ocio\\\/#listItem\",\"position\":2,\"name\":\"Revista de Ocio\",\"item\":\"https:\\\/\\\/www.eldigitaldeasturias.com\\\/noticias\\\/category\\\/revista-de-ocio\\\/\",\"nextItem\":{\"@type\":\"ListItem\",\"@id\":\"https:\\\/\\\/www.eldigitaldeasturias.com\\\/noticias\\\/patrimonio-nacional-expone-belenes-en-el-palacio-real-y-en-tres-monasterios\\\/#listItem\",\"name\":\"Patrimonio Nacional expone belenes en el Palacio Real y en tres monasterios\"},\"previousItem\":{\"@type\":\"ListItem\",\"@id\":\"https:\\\/\\\/www.eldigitaldeasturias.com\\\/noticias#listItem\",\"name\":\"Home\"}},{\"@type\":\"ListItem\",\"@id\":\"https:\\\/\\\/www.eldigitaldeasturias.com\\\/noticias\\\/patrimonio-nacional-expone-belenes-en-el-palacio-real-y-en-tres-monasterios\\\/#listItem\",\"position\":3,\"name\":\"Patrimonio Nacional expone belenes en el Palacio Real y en tres monasterios\",\"previousItem\":{\"@type\":\"ListItem\",\"@id\":\"https:\\\/\\\/www.eldigitaldeasturias.com\\\/noticias\\\/category\\\/revista-de-ocio\\\/#listItem\",\"name\":\"Revista de Ocio\"}}]},{\"@type\":\"Organization\",\"@id\":\"https:\\\/\\\/www.eldigitaldeasturias.com\\\/noticias\\\/#organization\",\"name\":\"El Digital de Asturias\",\"description\":\"Hemeroteca\",\"url\":\"https:\\\/\\\/www.eldigitaldeasturias.com\\\/noticias\\\/\",\"email\":\"info@eldigitaldeasturias.com\",\"telephone\":\"+34652131393\",\"logo\":{\"@type\":\"ImageObject\",\"url\":\"https:\\\/\\\/www.eldigitaldeasturias.com\\\/noticias\\\/wp-content\\\/uploads\\\/2020\\\/12\\\/EDA.jpg\",\"@id\":\"https:\\\/\\\/www.eldigitaldeasturias.com\\\/noticias\\\/patrimonio-nacional-expone-belenes-en-el-palacio-real-y-en-tres-monasterios\\\/#organizationLogo\"},\"image\":{\"@id\":\"https:\\\/\\\/www.eldigitaldeasturias.com\\\/noticias\\\/patrimonio-nacional-expone-belenes-en-el-palacio-real-y-en-tres-monasterios\\\/#organizationLogo\"},\"sameAs\":[\"https:\\\/\\\/facebook.com\\\/eldigitaldeasturias\",\"https:\\\/\\\/www.youtube.com\\\/channel\\\/UCZP-2wLEB9Rv6erhFmqVnvg\"],\"address\":{\"@id\":\"https:\\\/\\\/www.eldigitaldeasturias.com\\\/noticias\\\/#postaladdress\",\"@type\":\"PostalAddress\",\"streetAddress\":\"san antonio 4\",\"postalCode\":\"33430\",\"addressLocality\":\"Cand\\u00e1s\",\"addressRegion\":\"Asturias\",\"addressCountry\":\"ES\"}},{\"@type\":\"Person\",\"@id\":\"https:\\\/\\\/www.eldigitaldeasturias.com\\\/noticias\\\/author\\\/admin\\\/#author\",\"url\":\"https:\\\/\\\/www.eldigitaldeasturias.com\\\/noticias\\\/author\\\/admin\\\/\",\"name\":\"El Digital de Asturias\",\"image\":{\"@type\":\"ImageObject\",\"@id\":\"https:\\\/\\\/www.eldigitaldeasturias.com\\\/noticias\\\/patrimonio-nacional-expone-belenes-en-el-palacio-real-y-en-tres-monasterios\\\/#authorImage\",\"url\":\"https:\\\/\\\/secure.gravatar.com\\\/avatar\\\/df2aeffc32bcd13f8d26072ef8a91b623d677766deac7f97ca815868cd41bf5e?s=96&d=mm&r=g\",\"width\":96,\"height\":96,\"caption\":\"El Digital de Asturias\"}},{\"@type\":\"WebPage\",\"@id\":\"https:\\\/\\\/www.eldigitaldeasturias.com\\\/noticias\\\/patrimonio-nacional-expone-belenes-en-el-palacio-real-y-en-tres-monasterios\\\/#webpage\",\"url\":\"https:\\\/\\\/www.eldigitaldeasturias.com\\\/noticias\\\/patrimonio-nacional-expone-belenes-en-el-palacio-real-y-en-tres-monasterios\\\/\",\"name\":\"Patrimonio Nacional expone belenes en el Palacio Real y en tres monasterios - El Digital de Asturias\",\"description\":\"Madrid, 6 dic (EFE).- El Palacio Real y los monasterios madrile\\u00f1os de Las Descalzas Reales, La Encarnaci\\u00f3n y Santa Isabel acogen esta Navidad la tradicional exposici\\u00f3n de belenes organizada por Patrimonio Nacional, que podr\\u00e1 visitarse hasta el pr\\u00f3ximo 12 de enero. En el Palacio Real la muestra se inaugura hoy viernes en la sala de\",\"inLanguage\":\"es-ES\",\"isPartOf\":{\"@id\":\"https:\\\/\\\/www.eldigitaldeasturias.com\\\/noticias\\\/#website\"},\"breadcrumb\":{\"@id\":\"https:\\\/\\\/www.eldigitaldeasturias.com\\\/noticias\\\/patrimonio-nacional-expone-belenes-en-el-palacio-real-y-en-tres-monasterios\\\/#breadcrumblist\"},\"author\":{\"@id\":\"https:\\\/\\\/www.eldigitaldeasturias.com\\\/noticias\\\/author\\\/admin\\\/#author\"},\"creator\":{\"@id\":\"https:\\\/\\\/www.eldigitaldeasturias.com\\\/noticias\\\/author\\\/admin\\\/#author\"},\"image\":{\"@type\":\"ImageObject\",\"url\":458772,\"@id\":\"https:\\\/\\\/www.eldigitaldeasturias.com\\\/noticias\\\/patrimonio-nacional-expone-belenes-en-el-palacio-real-y-en-tres-monasterios\\\/#mainImage\"},\"primaryImageOfPage\":{\"@id\":\"https:\\\/\\\/www.eldigitaldeasturias.com\\\/noticias\\\/patrimonio-nacional-expone-belenes-en-el-palacio-real-y-en-tres-monasterios\\\/#mainImage\"},\"datePublished\":\"2013-12-06T22:31:05+01:00\",\"dateModified\":\"2013-12-06T22:31:05+01:00\"},{\"@type\":\"WebSite\",\"@id\":\"https:\\\/\\\/www.eldigitaldeasturias.com\\\/noticias\\\/#website\",\"url\":\"https:\\\/\\\/www.eldigitaldeasturias.com\\\/noticias\\\/\",\"name\":\"El Digital de Asturias - Diario de actualidad y noticias\",\"alternateName\":\"El Digital de Asturias - Diario de actualidad y noticias\",\"description\":\"Hemeroteca\",\"inLanguage\":\"es-ES\",\"publisher\":{\"@id\":\"https:\\\/\\\/www.eldigitaldeasturias.com\\\/noticias\\\/#organization\"}}]}\n\t\t<\/script>\n\t\t<!-- All in One SEO Pro -->\r\n\t\t<title>Patrimonio Nacional expone belenes en el Palacio Real y en tres monasterios - El Digital de Asturias<\/title>\n\n","aioseo_head_json":{"title":"Patrimonio Nacional expone belenes en el Palacio Real y en tres monasterios - El Digital de Asturias","description":"Madrid, 6 dic (EFE).- El Palacio Real y los monasterios madrile\u00f1os de Las Descalzas Reales, La Encarnaci\u00f3n y Santa Isabel acogen esta Navidad la tradicional exposici\u00f3n de belenes organizada por Patrimonio Nacional, que podr\u00e1 visitarse hasta el pr\u00f3ximo 12 de enero. En el Palacio Real la muestra se inaugura hoy viernes en la sala de","canonical_url":"https:\/\/www.eldigitaldeasturias.com\/noticias\/patrimonio-nacional-expone-belenes-en-el-palacio-real-y-en-tres-monasterios\/","robots":"max-image-preview:large","keywords":"revista de ocio","webmasterTools":{"google-site-verification":"UA-38556648-1","msvalidate.01":"7dfe9f3f1b24437ab69f4f2559babe99","miscellaneous":""},"schema":{"@context":"https:\/\/schema.org","@graph":[{"@type":"BlogPosting","@id":"https:\/\/www.eldigitaldeasturias.com\/noticias\/patrimonio-nacional-expone-belenes-en-el-palacio-real-y-en-tres-monasterios\/#blogposting","name":"Patrimonio Nacional expone belenes en el Palacio Real y en tres monasterios - El Digital de Asturias","headline":"Patrimonio Nacional expone belenes en el Palacio Real y en tres monasterios","author":{"@id":"https:\/\/www.eldigitaldeasturias.com\/noticias\/author\/admin\/#author"},"publisher":{"@id":"https:\/\/www.eldigitaldeasturias.com\/noticias\/#organization"},"image":{"@type":"ImageObject","url":458772},"datePublished":"2013-12-06T22:31:05+01:00","dateModified":"2013-12-06T22:31:05+01:00","inLanguage":"es-ES","mainEntityOfPage":{"@id":"https:\/\/www.eldigitaldeasturias.com\/noticias\/patrimonio-nacional-expone-belenes-en-el-palacio-real-y-en-tres-monasterios\/#webpage"},"isPartOf":{"@id":"https:\/\/www.eldigitaldeasturias.com\/noticias\/patrimonio-nacional-expone-belenes-en-el-palacio-real-y-en-tres-monasterios\/#webpage"},"articleSection":"Revista de Ocio"},{"@type":"BreadcrumbList","@id":"https:\/\/www.eldigitaldeasturias.com\/noticias\/patrimonio-nacional-expone-belenes-en-el-palacio-real-y-en-tres-monasterios\/#breadcrumblist","itemListElement":[{"@type":"ListItem","@id":"https:\/\/www.eldigitaldeasturias.com\/noticias#listItem","position":1,"name":"Home","item":"https:\/\/www.eldigitaldeasturias.com\/noticias","nextItem":{"@type":"ListItem","@id":"https:\/\/www.eldigitaldeasturias.com\/noticias\/category\/revista-de-ocio\/#listItem","name":"Revista de Ocio"}},{"@type":"ListItem","@id":"https:\/\/www.eldigitaldeasturias.com\/noticias\/category\/revista-de-ocio\/#listItem","position":2,"name":"Revista de Ocio","item":"https:\/\/www.eldigitaldeasturias.com\/noticias\/category\/revista-de-ocio\/","nextItem":{"@type":"ListItem","@id":"https:\/\/www.eldigitaldeasturias.com\/noticias\/patrimonio-nacional-expone-belenes-en-el-palacio-real-y-en-tres-monasterios\/#listItem","name":"Patrimonio Nacional expone belenes en el Palacio Real y en tres monasterios"},"previousItem":{"@type":"ListItem","@id":"https:\/\/www.eldigitaldeasturias.com\/noticias#listItem","name":"Home"}},{"@type":"ListItem","@id":"https:\/\/www.eldigitaldeasturias.com\/noticias\/patrimonio-nacional-expone-belenes-en-el-palacio-real-y-en-tres-monasterios\/#listItem","position":3,"name":"Patrimonio Nacional expone belenes en el Palacio Real y en tres monasterios","previousItem":{"@type":"ListItem","@id":"https:\/\/www.eldigitaldeasturias.com\/noticias\/category\/revista-de-ocio\/#listItem","name":"Revista de Ocio"}}]},{"@type":"Organization","@id":"https:\/\/www.eldigitaldeasturias.com\/noticias\/#organization","name":"El Digital de Asturias","description":"Hemeroteca","url":"https:\/\/www.eldigitaldeasturias.com\/noticias\/","email":"info@eldigitaldeasturias.com","telephone":"+34652131393","logo":{"@type":"ImageObject","url":"https:\/\/www.eldigitaldeasturias.com\/noticias\/wp-content\/uploads\/2020\/12\/EDA.jpg","@id":"https:\/\/www.eldigitaldeasturias.com\/noticias\/patrimonio-nacional-expone-belenes-en-el-palacio-real-y-en-tres-monasterios\/#organizationLogo"},"image":{"@id":"https:\/\/www.eldigitaldeasturias.com\/noticias\/patrimonio-nacional-expone-belenes-en-el-palacio-real-y-en-tres-monasterios\/#organizationLogo"},"sameAs":["https:\/\/facebook.com\/eldigitaldeasturias","https:\/\/www.youtube.com\/channel\/UCZP-2wLEB9Rv6erhFmqVnvg"],"address":{"@id":"https:\/\/www.eldigitaldeasturias.com\/noticias\/#postaladdress","@type":"PostalAddress","streetAddress":"san antonio 4","postalCode":"33430","addressLocality":"Cand\u00e1s","addressRegion":"Asturias","addressCountry":"ES"}},{"@type":"Person","@id":"https:\/\/www.eldigitaldeasturias.com\/noticias\/author\/admin\/#author","url":"https:\/\/www.eldigitaldeasturias.com\/noticias\/author\/admin\/","name":"El Digital de Asturias","image":{"@type":"ImageObject","@id":"https:\/\/www.eldigitaldeasturias.com\/noticias\/patrimonio-nacional-expone-belenes-en-el-palacio-real-y-en-tres-monasterios\/#authorImage","url":"https:\/\/secure.gravatar.com\/avatar\/df2aeffc32bcd13f8d26072ef8a91b623d677766deac7f97ca815868cd41bf5e?s=96&d=mm&r=g","width":96,"height":96,"caption":"El Digital de Asturias"}},{"@type":"WebPage","@id":"https:\/\/www.eldigitaldeasturias.com\/noticias\/patrimonio-nacional-expone-belenes-en-el-palacio-real-y-en-tres-monasterios\/#webpage","url":"https:\/\/www.eldigitaldeasturias.com\/noticias\/patrimonio-nacional-expone-belenes-en-el-palacio-real-y-en-tres-monasterios\/","name":"Patrimonio Nacional expone belenes en el Palacio Real y en tres monasterios - El Digital de Asturias","description":"Madrid, 6 dic (EFE).- El Palacio Real y los monasterios madrile\u00f1os de Las Descalzas Reales, La Encarnaci\u00f3n y Santa Isabel acogen esta Navidad la tradicional exposici\u00f3n de belenes organizada por Patrimonio Nacional, que podr\u00e1 visitarse hasta el pr\u00f3ximo 12 de enero. En el Palacio Real la muestra se inaugura hoy viernes en la sala de","inLanguage":"es-ES","isPartOf":{"@id":"https:\/\/www.eldigitaldeasturias.com\/noticias\/#website"},"breadcrumb":{"@id":"https:\/\/www.eldigitaldeasturias.com\/noticias\/patrimonio-nacional-expone-belenes-en-el-palacio-real-y-en-tres-monasterios\/#breadcrumblist"},"author":{"@id":"https:\/\/www.eldigitaldeasturias.com\/noticias\/author\/admin\/#author"},"creator":{"@id":"https:\/\/www.eldigitaldeasturias.com\/noticias\/author\/admin\/#author"},"image":{"@type":"ImageObject","url":458772,"@id":"https:\/\/www.eldigitaldeasturias.com\/noticias\/patrimonio-nacional-expone-belenes-en-el-palacio-real-y-en-tres-monasterios\/#mainImage"},"primaryImageOfPage":{"@id":"https:\/\/www.eldigitaldeasturias.com\/noticias\/patrimonio-nacional-expone-belenes-en-el-palacio-real-y-en-tres-monasterios\/#mainImage"},"datePublished":"2013-12-06T22:31:05+01:00","dateModified":"2013-12-06T22:31:05+01:00"},{"@type":"WebSite","@id":"https:\/\/www.eldigitaldeasturias.com\/noticias\/#website","url":"https:\/\/www.eldigitaldeasturias.com\/noticias\/","name":"El Digital de Asturias - Diario de actualidad y noticias","alternateName":"El Digital de Asturias - Diario de actualidad y noticias","description":"Hemeroteca","inLanguage":"es-ES","publisher":{"@id":"https:\/\/www.eldigitaldeasturias.com\/noticias\/#organization"}}]},"og:locale":"es_ES","og:site_name":"El Digital de Asturias","og:type":"article","og:title":"Patrimonio Nacional expone belenes en el Palacio Real y en tres monasterios - El Digital de Asturias","og:description":"Madrid, 6 dic (EFE).- El Palacio Real y los monasterios madrile\u00f1os de Las Descalzas Reales, La Encarnaci\u00f3n y Santa Isabel acogen esta Navidad la tradicional exposici\u00f3n de belenes organizada por Patrimonio Nacional, que podr\u00e1 visitarse hasta el pr\u00f3ximo 12 de enero. En el Palacio Real la muestra se inaugura hoy viernes en la sala de","og:url":"https:\/\/www.eldigitaldeasturias.com\/noticias\/patrimonio-nacional-expone-belenes-en-el-palacio-real-y-en-tres-monasterios\/","article:tag":["revista de ocio"],"article:published_time":"2013-12-06T23:31:05+00:00","article:modified_time":"2013-12-06T23:31:05+00:00","article:publisher":"https:\/\/facebook.com\/eldigitaldeasturias","twitter:card":"summary_large_image","twitter:title":"Patrimonio Nacional expone belenes en el Palacio Real y en tres monasterios - El Digital de Asturias","twitter:description":"Madrid, 6 dic (EFE).- El Palacio Real y los monasterios madrile\u00f1os de Las Descalzas Reales, La Encarnaci\u00f3n y Santa Isabel acogen esta Navidad la tradicional exposici\u00f3n de belenes organizada por Patrimonio Nacional, que podr\u00e1 visitarse hasta el pr\u00f3ximo 12 de enero. En el Palacio Real la muestra se inaugura hoy viernes en la sala de","twitter:label1":"Escrito por","twitter:data1":"El Digital de Asturias","twitter:label2":"Tiempo de lectura estimado","twitter:data2":"1 minuto"},"aioseo_meta_data":{"post_id":"458771","title":null,"description":null,"keywords":null,"keyphrases":null,"primary_term":null,"canonical_url":null,"og_title":null,"og_description":null,"og_object_type":"default","og_image_type":"default","og_image_url":null,"og_image_width":null,"og_image_height":null,"og_image_custom_url":null,"og_image_custom_fields":null,"og_video":null,"og_custom_url":null,"og_article_section":null,"og_article_tags":null,"twitter_use_og":true,"twitter_card":"default","twitter_image_type":"default","twitter_image_url":null,"twitter_image_custom_url":null,"twitter_image_custom_fields":null,"twitter_title":null,"twitter_description":null,"schema":{"blockGraphs":[],"customGraphs":[],"default":{"data":{"Article":[],"Course":[],"Dataset":[],"FAQPage":[],"Movie":[],"Person":[],"Product":[],"ProductReview":[],"Car":[],"Recipe":[],"Service":[],"SoftwareApplication":[],"WebPage":[]},"graphName":"","isEnabled":true},"graphs":[],"defaultGraph":"","defaultPostTypeGraph":""},"schema_type":null,"schema_type_options":null,"pillar_content":false,"robots_default":true,"robots_noindex":false,"robots_noarchive":false,"robots_nosnippet":false,"robots_nofollow":false,"robots_noimageindex":false,"robots_noodp":false,"robots_notranslate":false,"robots_max_snippet":null,"robots_max_videopreview":null,"robots_max_imagepreview":"none","priority":null,"frequency":null,"local_seo":null,"seo_analyzer_scan_date":"2026-05-30 06:47:55","breadcrumb_settings":null,"limit_modified_date":false,"open_ai":null,"ai":null,"created":"2020-11-14 22:46:25","updated":"2026-05-30 06:47:55","focus_keyword":null,"additional_keywords":null,"truseo_locale":null},"aioseo_breadcrumb":"<div class=\"aioseo-breadcrumbs\"><span class=\"aioseo-breadcrumb\">\n\t<a href=\"https:\/\/www.eldigitaldeasturias.com\/noticias\" title=\"Home\">Home<\/a>\n<\/span><span class=\"aioseo-breadcrumb-separator\">\u2013<\/span><span class=\"aioseo-breadcrumb\">\n\t<a href=\"https:\/\/www.eldigitaldeasturias.com\/noticias\/category\/revista-de-ocio\/\" title=\"Revista de Ocio\">Revista de Ocio<\/a>\n<\/span><span class=\"aioseo-breadcrumb-separator\">\u2013<\/span><span class=\"aioseo-breadcrumb\">\n\t<a href=\"https:\/\/www.eldigitaldeasturias.com\/noticias\/patrimonio-nacional-expone-belenes-en-el-palacio-real-y-en-tres-monasterios\/\" title=\"Patrimonio Nacional expone belenes en el Palacio Real y en tres monasterios\">Patrimonio Nacional expone belenes en el Palacio Real y en tres monasterios<\/a>\n<\/span><\/div>","aioseo_breadcrumb_json":[{"label":"Home","link":"https:\/\/www.eldigitaldeasturias.com\/noticias"},{"label":"Revista de Ocio","link":"https:\/\/www.eldigitaldeasturias.com\/noticias\/category\/revista-de-ocio\/"},{"label":"Patrimonio Nacional expone belenes en el Palacio Real y en tres monasterios","link":"https:\/\/www.eldigitaldeasturias.com\/noticias\/patrimonio-nacional-expone-belenes-en-el-palacio-real-y-en-tres-monasterios\/"}],"_links":{"self":[{"href":"https:\/\/www.eldigitaldeasturias.com\/noticias\/wp-json\/wp\/v2\/posts\/458771","targetHints":{"allow":["GET"]}}],"collection":[{"href":"https:\/\/www.eldigitaldeasturias.com\/noticias\/wp-json\/wp\/v2\/posts"}],"about":[{"href":"https:\/\/www.eldigitaldeasturias.com\/noticias\/wp-json\/wp\/v2\/types\/post"}],"author":[{"embeddable":true,"href":"https:\/\/www.eldigitaldeasturias.com\/noticias\/wp-json\/wp\/v2\/users\/1"}],"replies":[{"embeddable":true,"href":"https:\/\/www.eldigitaldeasturias.com\/noticias\/wp-json\/wp\/v2\/comments?post=458771"}],"version-history":[{"count":0,"href":"https:\/\/www.eldigitaldeasturias.com\/noticias\/wp-json\/wp\/v2\/posts\/458771\/revisions"}],"wp:attachment":[{"href":"https:\/\/www.eldigitaldeasturias.com\/noticias\/wp-json\/wp\/v2\/media?parent=458771"}],"wp:term":[{"taxonomy":"category","embeddable":true,"href":"https:\/\/www.eldigitaldeasturias.com\/noticias\/wp-json\/wp\/v2\/categories?post=458771"},{"taxonomy":"post_tag","embeddable":true,"href":"https:\/\/www.eldigitaldeasturias.com\/noticias\/wp-json\/wp\/v2\/tags?post=458771"}],"curies":[{"name":"wp","href":"https:\/\/api.w.org\/{rel}","templated":true}]}}