{"id":458751,"date":"2013-12-06T22:18:51","date_gmt":"2013-12-06T23:18:51","guid":{"rendered":"http:\/\/www.eldigitaldeasturias.com\/noticias\/?p=458751"},"modified":"2013-12-06T22:18:51","modified_gmt":"2013-12-06T23:18:51","slug":"mercedes-fernandez-asegura-que-para-el-pp-es-irrenunciable-reducir-la-presion-fiscal","status":"publish","type":"post","link":"https:\/\/www.eldigitaldeasturias.com\/noticias\/mercedes-fernandez-asegura-que-para-el-pp-es-irrenunciable-reducir-la-presion-fiscal\/","title":{"rendered":"Mercedes Fern\u00e1ndez asegura que para el PP es \u00abirrenunciable\u00bb reducir la presi\u00f3n fiscal"},"content":{"rendered":"<p><img loading=\"lazy\" decoding=\"async\" class=\"alignleft size-medium wp-image-239\" alt=\"mercedes\" src=\"https:\/\/www.eldigitaldeasturias.com\/noticias\/wp-content\/uploads\/2013\/09\/mercedes2-360x201.jpg\" width=\"360\" height=\"201\" \/>Gij\u00f3n, 6 dic (EFE).- La presidenta del PP de Asturias, Mercedes Fern\u00e1ndez, ha advertido hoy al PSOE que si quiere alcanzar acuerdos que permitan que el Principado tenga presupuestos el pr\u00f3ximo a\u00f1o debe \u00abflexibilizar\u00bb su posici\u00f3n y ha dejado claro que para su formaci\u00f3n es \u00abirrenunciable\u00bb que se reduzca la presi\u00f3n fiscal.<\/p>\n<p>No obstante, ha asegurado que ser\u00e1 el Comit\u00e9 Ejecutivo Regional de ese partido el \u00f3rgano que decidir\u00e1 la posici\u00f3n que mantenga la formaci\u00f3n respecto al proyecto de presupuestos regionales para 2014.<\/p>\n<p>El grupo del PP en la Junta General del Principado \u00abest\u00e1 estudiando\u00bb el borrador elaborado por el Gobierno socialista y se convocar\u00e1 una reuni\u00f3n del Comit\u00e9 Ejecutivo Regional cuando haya una \u00abpropuesta\u00bb, ha dicho Fern\u00e1ndez en unas declaraciones a los medios de comunicaci\u00f3n realizadas en Gij\u00f3n.<\/p>\n<p>La presidenta del PP ha afirmado que va a defender el \u00abinter\u00e9s general de los asturianos\u00bb en la negociaci\u00f3n presupuestaria a la que acudir\u00e1 con \u00abvoluntad de di\u00e1logo\u00bb, pero con \u00abcondiciones\u00bb.<\/p>\n<p>Fern\u00e1ndez ha considerado la bajada de impuestos como una condici\u00f3n necesaria para que \u00abla gente y las empresas se queden en Asturias\u00bb, por lo que el PP va a defender esta condici\u00f3n \u00abirrenunciable\u00bb.<\/p>\n<p>\u00abElevar los impuestos convirtiendo a Asturias en la segunda comunidad aut\u00f3noma con mayor presi\u00f3n fiscal es un desprop\u00f3sito pol\u00edtico y una injusticia social\u00bb, ha destacado.<\/p>\n<p>La dirigente popular ha incidido adem\u00e1s en que el Gobierno que preside el socialista Javier Fern\u00e1ndez tiene la responsabilidad de buscar el entendimiento con el resto de las fuerzas parlamentarias.<\/p>\n<p>La condici\u00f3n de minor\u00eda que le dan 17 diputados \u00abobliga\u00bb al PSOE a flexibilizar sus posiciones si quiere conseguir acuerdos, despues de que el diputado de UPYD, Ignacio Prendes, le retirara su apoyo, ha indicado.<\/p>\n<p>El Gobierno socialista tendr\u00e1 que hacer \u00abun esfuerzo infinito\u00bb, ha indicado la presidenta del PP asturiano.<\/p>\n","protected":false},"excerpt":{"rendered":"<p>Gij\u00f3n, 6 dic (EFE).- La presidenta del PP de Asturias, Mercedes Fern\u00e1ndez, ha advertido hoy al PSOE que si quiere alcanzar acuerdos que permitan que el Principado tenga presupuestos el pr\u00f3ximo a\u00f1o debe \u00abflexibilizar\u00bb su posici\u00f3n y ha dejado claro que para su formaci\u00f3n es \u00abirrenunciable\u00bb que se reduzca la presi\u00f3n fiscal. No obstante, ha [&hellip;]<\/p>\n","protected":false},"author":1,"featured_media":1132184,"comment_status":"closed","ping_status":"open","sticky":false,"template":"","format":"standard","meta":{"footnotes":""},"categories":[12],"tags":[],"class_list":["post-458751","post","type-post","status-publish","format-standard","has-post-thumbnail","hentry","category-actualidad-asturias"],"aioseo_notices":[],"aioseo_head":"\n\t\t<!-- All in One SEO Pro 5.0.1 - aioseo.com -->\n\t<meta name=\"description\" content=\"Gij\u00f3n, 6 dic (EFE).- La presidenta del PP de Asturias, Mercedes Fern\u00e1ndez, ha advertido hoy al PSOE que si quiere alcanzar acuerdos que permitan que el Principado tenga presupuestos el pr\u00f3ximo a\u00f1o debe &quot;flexibilizar&quot; su posici\u00f3n y ha dejado claro que para su formaci\u00f3n es &quot;irrenunciable&quot; que se reduzca la presi\u00f3n fiscal. No obstante, ha\" \/>\n\t<meta name=\"robots\" content=\"max-image-preview:large\" \/>\n\t<meta name=\"author\" content=\"El Digital de Asturias\"\/>\n\t<meta name=\"google-site-verification\" content=\"UA-38556648-1\" \/>\n\t<meta name=\"msvalidate.01\" content=\"7dfe9f3f1b24437ab69f4f2559babe99\" \/>\n\t<meta name=\"keywords\" content=\"actualidad asturias\" \/>\n\t<link rel=\"canonical\" href=\"https:\/\/www.eldigitaldeasturias.com\/noticias\/mercedes-fernandez-asegura-que-para-el-pp-es-irrenunciable-reducir-la-presion-fiscal\/\" \/>\n\t<meta name=\"generator\" content=\"All in One SEO Pro (AIOSEO) 5.0.1\" \/>\n\t\t<meta property=\"og:locale\" content=\"es_ES\" \/>\n\t\t<meta property=\"og:site_name\" content=\"El Digital de Asturias\" \/>\n\t\t<meta property=\"og:type\" content=\"article\" \/>\n\t\t<meta property=\"og:title\" content=\"Mercedes Fern\u00e1ndez asegura que para el PP es \u00abirrenunciable\u00bb reducir la presi\u00f3n fiscal - El Digital de Asturias\" \/>\n\t\t<meta property=\"og:description\" content=\"Gij\u00f3n, 6 dic (EFE).- La presidenta del PP de Asturias, Mercedes Fern\u00e1ndez, ha advertido hoy al PSOE que si quiere alcanzar acuerdos que permitan que el Principado tenga presupuestos el pr\u00f3ximo a\u00f1o debe &quot;flexibilizar&quot; su posici\u00f3n y ha dejado claro que para su formaci\u00f3n es &quot;irrenunciable&quot; que se reduzca la presi\u00f3n fiscal. No obstante, ha\" \/>\n\t\t<meta property=\"og:url\" content=\"https:\/\/www.eldigitaldeasturias.com\/noticias\/mercedes-fernandez-asegura-que-para-el-pp-es-irrenunciable-reducir-la-presion-fiscal\/\" \/>\n\t\t<meta property=\"og:image\" content=\"https:\/\/www.eldigitaldeasturias.com\/noticias\/wp-content\/uploads\/2026\/06\/Contenidos.jpg\" \/>\n\t\t<meta property=\"og:image:secure_url\" content=\"https:\/\/www.eldigitaldeasturias.com\/noticias\/wp-content\/uploads\/2026\/06\/Contenidos.jpg\" \/>\n\t\t<meta property=\"og:image:width\" content=\"1265\" \/>\n\t\t<meta property=\"og:image:height\" content=\"697\" \/>\n\t\t<meta property=\"article:tag\" content=\"actualidad asturias\" \/>\n\t\t<meta property=\"article:published_time\" content=\"2013-12-06T23:18:51+00:00\" \/>\n\t\t<meta property=\"article:modified_time\" content=\"2013-12-06T23:18:51+00:00\" \/>\n\t\t<meta property=\"article:publisher\" content=\"https:\/\/facebook.com\/eldigitaldeasturias\" \/>\n\t\t<meta name=\"twitter:card\" content=\"summary_large_image\" \/>\n\t\t<meta name=\"twitter:title\" content=\"Mercedes Fern\u00e1ndez asegura que para el PP es \u00abirrenunciable\u00bb reducir la presi\u00f3n fiscal - El Digital de Asturias\" \/>\n\t\t<meta name=\"twitter:description\" content=\"Gij\u00f3n, 6 dic (EFE).- La presidenta del PP de Asturias, Mercedes Fern\u00e1ndez, ha advertido hoy al PSOE que si quiere alcanzar acuerdos que permitan que el Principado tenga presupuestos el pr\u00f3ximo a\u00f1o debe &quot;flexibilizar&quot; su posici\u00f3n y ha dejado claro que para su formaci\u00f3n es &quot;irrenunciable&quot; que se reduzca la presi\u00f3n fiscal. No obstante, ha\" \/>\n\t\t<meta name=\"twitter:image\" content=\"https:\/\/www.eldigitaldeasturias.com\/noticias\/wp-content\/uploads\/2026\/06\/Contenidos.jpg\" \/>\n\t\t<meta name=\"twitter:label1\" content=\"Escrito por\" \/>\n\t\t<meta name=\"twitter:data1\" content=\"El Digital de Asturias\" \/>\n\t\t<meta name=\"twitter:label2\" content=\"Tiempo de lectura estimado\" \/>\n\t\t<meta name=\"twitter:data2\" content=\"2 minutos\" \/>\n\t\t<script type=\"application\/ld+json\" class=\"aioseo-schema\">\n\t\t\t{\"@context\":\"https:\\\/\\\/schema.org\",\"@graph\":[{\"@type\":\"BlogPosting\",\"@id\":\"https:\\\/\\\/www.eldigitaldeasturias.com\\\/noticias\\\/mercedes-fernandez-asegura-que-para-el-pp-es-irrenunciable-reducir-la-presion-fiscal\\\/#blogposting\",\"name\":\"Mercedes Fern\\u00e1ndez asegura que para el PP es \\u00abirrenunciable\\u00bb reducir la presi\\u00f3n fiscal - El Digital de Asturias\",\"headline\":\"Mercedes Fern\\u00e1ndez asegura que para el PP es \\u00abirrenunciable\\u00bb reducir la presi\\u00f3n fiscal\",\"author\":{\"@id\":\"https:\\\/\\\/www.eldigitaldeasturias.com\\\/noticias\\\/author\\\/admin\\\/#author\"},\"publisher\":{\"@id\":\"https:\\\/\\\/www.eldigitaldeasturias.com\\\/noticias\\\/#organization\"},\"image\":{\"@type\":\"ImageObject\",\"url\":\"https:\\\/\\\/www.eldigitaldeasturias.com\\\/noticias\\\/wp-content\\\/uploads\\\/2026\\\/06\\\/Contenidos.jpg\",\"width\":1265,\"height\":697,\"caption\":\"Contenidos\"},\"datePublished\":\"2013-12-06T22:18:51+01:00\",\"dateModified\":\"2013-12-06T22:18:51+01:00\",\"inLanguage\":\"es-ES\",\"mainEntityOfPage\":{\"@id\":\"https:\\\/\\\/www.eldigitaldeasturias.com\\\/noticias\\\/mercedes-fernandez-asegura-que-para-el-pp-es-irrenunciable-reducir-la-presion-fiscal\\\/#webpage\"},\"isPartOf\":{\"@id\":\"https:\\\/\\\/www.eldigitaldeasturias.com\\\/noticias\\\/mercedes-fernandez-asegura-que-para-el-pp-es-irrenunciable-reducir-la-presion-fiscal\\\/#webpage\"},\"articleSection\":\"Actualidad Asturias\"},{\"@type\":\"BreadcrumbList\",\"@id\":\"https:\\\/\\\/www.eldigitaldeasturias.com\\\/noticias\\\/mercedes-fernandez-asegura-que-para-el-pp-es-irrenunciable-reducir-la-presion-fiscal\\\/#breadcrumblist\",\"itemListElement\":[{\"@type\":\"ListItem\",\"@id\":\"https:\\\/\\\/www.eldigitaldeasturias.com\\\/noticias#listItem\",\"position\":1,\"name\":\"Home\",\"item\":\"https:\\\/\\\/www.eldigitaldeasturias.com\\\/noticias\",\"nextItem\":{\"@type\":\"ListItem\",\"@id\":\"https:\\\/\\\/www.eldigitaldeasturias.com\\\/noticias\\\/category\\\/actualidad-asturias\\\/#listItem\",\"name\":\"Actualidad Asturias\"}},{\"@type\":\"ListItem\",\"@id\":\"https:\\\/\\\/www.eldigitaldeasturias.com\\\/noticias\\\/category\\\/actualidad-asturias\\\/#listItem\",\"position\":2,\"name\":\"Actualidad Asturias\",\"item\":\"https:\\\/\\\/www.eldigitaldeasturias.com\\\/noticias\\\/category\\\/actualidad-asturias\\\/\",\"nextItem\":{\"@type\":\"ListItem\",\"@id\":\"https:\\\/\\\/www.eldigitaldeasturias.com\\\/noticias\\\/mercedes-fernandez-asegura-que-para-el-pp-es-irrenunciable-reducir-la-presion-fiscal\\\/#listItem\",\"name\":\"Mercedes Fern\\u00e1ndez asegura que para el PP es \\u00abirrenunciable\\u00bb reducir la presi\\u00f3n fiscal\"},\"previousItem\":{\"@type\":\"ListItem\",\"@id\":\"https:\\\/\\\/www.eldigitaldeasturias.com\\\/noticias#listItem\",\"name\":\"Home\"}},{\"@type\":\"ListItem\",\"@id\":\"https:\\\/\\\/www.eldigitaldeasturias.com\\\/noticias\\\/mercedes-fernandez-asegura-que-para-el-pp-es-irrenunciable-reducir-la-presion-fiscal\\\/#listItem\",\"position\":3,\"name\":\"Mercedes Fern\\u00e1ndez asegura que para el PP es \\u00abirrenunciable\\u00bb reducir la presi\\u00f3n fiscal\",\"previousItem\":{\"@type\":\"ListItem\",\"@id\":\"https:\\\/\\\/www.eldigitaldeasturias.com\\\/noticias\\\/category\\\/actualidad-asturias\\\/#listItem\",\"name\":\"Actualidad Asturias\"}}]},{\"@type\":\"Organization\",\"@id\":\"https:\\\/\\\/www.eldigitaldeasturias.com\\\/noticias\\\/#organization\",\"name\":\"El Digital de Asturias\",\"description\":\"Hemeroteca\",\"url\":\"https:\\\/\\\/www.eldigitaldeasturias.com\\\/noticias\\\/\",\"email\":\"info@eldigitaldeasturias.com\",\"telephone\":\"+34652131393\",\"logo\":{\"@type\":\"ImageObject\",\"url\":\"https:\\\/\\\/www.eldigitaldeasturias.com\\\/noticias\\\/wp-content\\\/uploads\\\/2020\\\/12\\\/EDA.jpg\",\"@id\":\"https:\\\/\\\/www.eldigitaldeasturias.com\\\/noticias\\\/mercedes-fernandez-asegura-que-para-el-pp-es-irrenunciable-reducir-la-presion-fiscal\\\/#organizationLogo\"},\"image\":{\"@id\":\"https:\\\/\\\/www.eldigitaldeasturias.com\\\/noticias\\\/mercedes-fernandez-asegura-que-para-el-pp-es-irrenunciable-reducir-la-presion-fiscal\\\/#organizationLogo\"},\"sameAs\":[\"https:\\\/\\\/facebook.com\\\/eldigitaldeasturias\",\"https:\\\/\\\/www.youtube.com\\\/channel\\\/UCZP-2wLEB9Rv6erhFmqVnvg\"],\"address\":{\"@id\":\"https:\\\/\\\/www.eldigitaldeasturias.com\\\/noticias\\\/#postaladdress\",\"@type\":\"PostalAddress\",\"streetAddress\":\"san antonio 4\",\"postalCode\":\"33430\",\"addressLocality\":\"Cand\\u00e1s\",\"addressRegion\":\"Asturias\",\"addressCountry\":\"ES\"}},{\"@type\":\"Person\",\"@id\":\"https:\\\/\\\/www.eldigitaldeasturias.com\\\/noticias\\\/author\\\/admin\\\/#author\",\"url\":\"https:\\\/\\\/www.eldigitaldeasturias.com\\\/noticias\\\/author\\\/admin\\\/\",\"name\":\"El Digital de Asturias\",\"image\":{\"@type\":\"ImageObject\",\"@id\":\"https:\\\/\\\/www.eldigitaldeasturias.com\\\/noticias\\\/mercedes-fernandez-asegura-que-para-el-pp-es-irrenunciable-reducir-la-presion-fiscal\\\/#authorImage\",\"url\":\"https:\\\/\\\/secure.gravatar.com\\\/avatar\\\/df2aeffc32bcd13f8d26072ef8a91b623d677766deac7f97ca815868cd41bf5e?s=96&d=mm&r=g\",\"width\":96,\"height\":96,\"caption\":\"El Digital de Asturias\"}},{\"@type\":\"WebPage\",\"@id\":\"https:\\\/\\\/www.eldigitaldeasturias.com\\\/noticias\\\/mercedes-fernandez-asegura-que-para-el-pp-es-irrenunciable-reducir-la-presion-fiscal\\\/#webpage\",\"url\":\"https:\\\/\\\/www.eldigitaldeasturias.com\\\/noticias\\\/mercedes-fernandez-asegura-que-para-el-pp-es-irrenunciable-reducir-la-presion-fiscal\\\/\",\"name\":\"Mercedes Fern\\u00e1ndez asegura que para el PP es \\u00abirrenunciable\\u00bb reducir la presi\\u00f3n fiscal - El Digital de Asturias\",\"description\":\"Gij\\u00f3n, 6 dic (EFE).- La presidenta del PP de Asturias, Mercedes Fern\\u00e1ndez, ha advertido hoy al PSOE que si quiere alcanzar acuerdos que permitan que el Principado tenga presupuestos el pr\\u00f3ximo a\\u00f1o debe \\\"flexibilizar\\\" su posici\\u00f3n y ha dejado claro que para su formaci\\u00f3n es \\\"irrenunciable\\\" que se reduzca la presi\\u00f3n fiscal. No obstante, ha\",\"inLanguage\":\"es-ES\",\"isPartOf\":{\"@id\":\"https:\\\/\\\/www.eldigitaldeasturias.com\\\/noticias\\\/#website\"},\"breadcrumb\":{\"@id\":\"https:\\\/\\\/www.eldigitaldeasturias.com\\\/noticias\\\/mercedes-fernandez-asegura-que-para-el-pp-es-irrenunciable-reducir-la-presion-fiscal\\\/#breadcrumblist\"},\"author\":{\"@id\":\"https:\\\/\\\/www.eldigitaldeasturias.com\\\/noticias\\\/author\\\/admin\\\/#author\"},\"creator\":{\"@id\":\"https:\\\/\\\/www.eldigitaldeasturias.com\\\/noticias\\\/author\\\/admin\\\/#author\"},\"image\":{\"@type\":\"ImageObject\",\"url\":\"https:\\\/\\\/www.eldigitaldeasturias.com\\\/noticias\\\/wp-content\\\/uploads\\\/2026\\\/06\\\/Contenidos.jpg\",\"@id\":\"https:\\\/\\\/www.eldigitaldeasturias.com\\\/noticias\\\/mercedes-fernandez-asegura-que-para-el-pp-es-irrenunciable-reducir-la-presion-fiscal\\\/#mainImage\",\"width\":1265,\"height\":697,\"caption\":\"Contenidos\"},\"primaryImageOfPage\":{\"@id\":\"https:\\\/\\\/www.eldigitaldeasturias.com\\\/noticias\\\/mercedes-fernandez-asegura-que-para-el-pp-es-irrenunciable-reducir-la-presion-fiscal\\\/#mainImage\"},\"datePublished\":\"2013-12-06T22:18:51+01:00\",\"dateModified\":\"2013-12-06T22:18:51+01:00\"},{\"@type\":\"WebSite\",\"@id\":\"https:\\\/\\\/www.eldigitaldeasturias.com\\\/noticias\\\/#website\",\"url\":\"https:\\\/\\\/www.eldigitaldeasturias.com\\\/noticias\\\/\",\"name\":\"El Digital de Asturias - Diario de actualidad y noticias\",\"alternateName\":\"El Digital de Asturias - Diario de actualidad y noticias\",\"description\":\"Hemeroteca\",\"inLanguage\":\"es-ES\",\"publisher\":{\"@id\":\"https:\\\/\\\/www.eldigitaldeasturias.com\\\/noticias\\\/#organization\"}}]}\n\t\t<\/script>\n\t\t<!-- All in One SEO Pro -->\r\n\t\t<title>Mercedes Fern\u00e1ndez asegura que para el PP es \u00abirrenunciable\u00bb reducir la presi\u00f3n fiscal - El Digital de Asturias<\/title>\n\n","aioseo_head_json":{"title":"Mercedes Fern\u00e1ndez asegura que para el PP es \u00abirrenunciable\u00bb reducir la presi\u00f3n fiscal - El Digital de Asturias","description":"Gij\u00f3n, 6 dic (EFE).- La presidenta del PP de Asturias, Mercedes Fern\u00e1ndez, ha advertido hoy al PSOE que si quiere alcanzar acuerdos que permitan que el Principado tenga presupuestos el pr\u00f3ximo a\u00f1o debe \"flexibilizar\" su posici\u00f3n y ha dejado claro que para su formaci\u00f3n es \"irrenunciable\" que se reduzca la presi\u00f3n fiscal. No obstante, ha","canonical_url":"https:\/\/www.eldigitaldeasturias.com\/noticias\/mercedes-fernandez-asegura-que-para-el-pp-es-irrenunciable-reducir-la-presion-fiscal\/","robots":"max-image-preview:large","keywords":"actualidad asturias","webmasterTools":{"google-site-verification":"UA-38556648-1","msvalidate.01":"7dfe9f3f1b24437ab69f4f2559babe99","miscellaneous":""},"schema":{"@context":"https:\/\/schema.org","@graph":[{"@type":"BlogPosting","@id":"https:\/\/www.eldigitaldeasturias.com\/noticias\/mercedes-fernandez-asegura-que-para-el-pp-es-irrenunciable-reducir-la-presion-fiscal\/#blogposting","name":"Mercedes Fern\u00e1ndez asegura que para el PP es \u00abirrenunciable\u00bb reducir la presi\u00f3n fiscal - El Digital de Asturias","headline":"Mercedes Fern\u00e1ndez asegura que para el PP es \u00abirrenunciable\u00bb reducir la presi\u00f3n fiscal","author":{"@id":"https:\/\/www.eldigitaldeasturias.com\/noticias\/author\/admin\/#author"},"publisher":{"@id":"https:\/\/www.eldigitaldeasturias.com\/noticias\/#organization"},"image":{"@type":"ImageObject","url":"https:\/\/www.eldigitaldeasturias.com\/noticias\/wp-content\/uploads\/2026\/06\/Contenidos.jpg","width":1265,"height":697,"caption":"Contenidos"},"datePublished":"2013-12-06T22:18:51+01:00","dateModified":"2013-12-06T22:18:51+01:00","inLanguage":"es-ES","mainEntityOfPage":{"@id":"https:\/\/www.eldigitaldeasturias.com\/noticias\/mercedes-fernandez-asegura-que-para-el-pp-es-irrenunciable-reducir-la-presion-fiscal\/#webpage"},"isPartOf":{"@id":"https:\/\/www.eldigitaldeasturias.com\/noticias\/mercedes-fernandez-asegura-que-para-el-pp-es-irrenunciable-reducir-la-presion-fiscal\/#webpage"},"articleSection":"Actualidad Asturias"},{"@type":"BreadcrumbList","@id":"https:\/\/www.eldigitaldeasturias.com\/noticias\/mercedes-fernandez-asegura-que-para-el-pp-es-irrenunciable-reducir-la-presion-fiscal\/#breadcrumblist","itemListElement":[{"@type":"ListItem","@id":"https:\/\/www.eldigitaldeasturias.com\/noticias#listItem","position":1,"name":"Home","item":"https:\/\/www.eldigitaldeasturias.com\/noticias","nextItem":{"@type":"ListItem","@id":"https:\/\/www.eldigitaldeasturias.com\/noticias\/category\/actualidad-asturias\/#listItem","name":"Actualidad Asturias"}},{"@type":"ListItem","@id":"https:\/\/www.eldigitaldeasturias.com\/noticias\/category\/actualidad-asturias\/#listItem","position":2,"name":"Actualidad Asturias","item":"https:\/\/www.eldigitaldeasturias.com\/noticias\/category\/actualidad-asturias\/","nextItem":{"@type":"ListItem","@id":"https:\/\/www.eldigitaldeasturias.com\/noticias\/mercedes-fernandez-asegura-que-para-el-pp-es-irrenunciable-reducir-la-presion-fiscal\/#listItem","name":"Mercedes Fern\u00e1ndez asegura que para el PP es \u00abirrenunciable\u00bb reducir la presi\u00f3n fiscal"},"previousItem":{"@type":"ListItem","@id":"https:\/\/www.eldigitaldeasturias.com\/noticias#listItem","name":"Home"}},{"@type":"ListItem","@id":"https:\/\/www.eldigitaldeasturias.com\/noticias\/mercedes-fernandez-asegura-que-para-el-pp-es-irrenunciable-reducir-la-presion-fiscal\/#listItem","position":3,"name":"Mercedes Fern\u00e1ndez asegura que para el PP es \u00abirrenunciable\u00bb reducir la presi\u00f3n fiscal","previousItem":{"@type":"ListItem","@id":"https:\/\/www.eldigitaldeasturias.com\/noticias\/category\/actualidad-asturias\/#listItem","name":"Actualidad Asturias"}}]},{"@type":"Organization","@id":"https:\/\/www.eldigitaldeasturias.com\/noticias\/#organization","name":"El Digital de Asturias","description":"Hemeroteca","url":"https:\/\/www.eldigitaldeasturias.com\/noticias\/","email":"info@eldigitaldeasturias.com","telephone":"+34652131393","logo":{"@type":"ImageObject","url":"https:\/\/www.eldigitaldeasturias.com\/noticias\/wp-content\/uploads\/2020\/12\/EDA.jpg","@id":"https:\/\/www.eldigitaldeasturias.com\/noticias\/mercedes-fernandez-asegura-que-para-el-pp-es-irrenunciable-reducir-la-presion-fiscal\/#organizationLogo"},"image":{"@id":"https:\/\/www.eldigitaldeasturias.com\/noticias\/mercedes-fernandez-asegura-que-para-el-pp-es-irrenunciable-reducir-la-presion-fiscal\/#organizationLogo"},"sameAs":["https:\/\/facebook.com\/eldigitaldeasturias","https:\/\/www.youtube.com\/channel\/UCZP-2wLEB9Rv6erhFmqVnvg"],"address":{"@id":"https:\/\/www.eldigitaldeasturias.com\/noticias\/#postaladdress","@type":"PostalAddress","streetAddress":"san antonio 4","postalCode":"33430","addressLocality":"Cand\u00e1s","addressRegion":"Asturias","addressCountry":"ES"}},{"@type":"Person","@id":"https:\/\/www.eldigitaldeasturias.com\/noticias\/author\/admin\/#author","url":"https:\/\/www.eldigitaldeasturias.com\/noticias\/author\/admin\/","name":"El Digital de Asturias","image":{"@type":"ImageObject","@id":"https:\/\/www.eldigitaldeasturias.com\/noticias\/mercedes-fernandez-asegura-que-para-el-pp-es-irrenunciable-reducir-la-presion-fiscal\/#authorImage","url":"https:\/\/secure.gravatar.com\/avatar\/df2aeffc32bcd13f8d26072ef8a91b623d677766deac7f97ca815868cd41bf5e?s=96&d=mm&r=g","width":96,"height":96,"caption":"El Digital de Asturias"}},{"@type":"WebPage","@id":"https:\/\/www.eldigitaldeasturias.com\/noticias\/mercedes-fernandez-asegura-que-para-el-pp-es-irrenunciable-reducir-la-presion-fiscal\/#webpage","url":"https:\/\/www.eldigitaldeasturias.com\/noticias\/mercedes-fernandez-asegura-que-para-el-pp-es-irrenunciable-reducir-la-presion-fiscal\/","name":"Mercedes Fern\u00e1ndez asegura que para el PP es \u00abirrenunciable\u00bb reducir la presi\u00f3n fiscal - El Digital de Asturias","description":"Gij\u00f3n, 6 dic (EFE).- La presidenta del PP de Asturias, Mercedes Fern\u00e1ndez, ha advertido hoy al PSOE que si quiere alcanzar acuerdos que permitan que el Principado tenga presupuestos el pr\u00f3ximo a\u00f1o debe \"flexibilizar\" su posici\u00f3n y ha dejado claro que para su formaci\u00f3n es \"irrenunciable\" que se reduzca la presi\u00f3n fiscal. No obstante, ha","inLanguage":"es-ES","isPartOf":{"@id":"https:\/\/www.eldigitaldeasturias.com\/noticias\/#website"},"breadcrumb":{"@id":"https:\/\/www.eldigitaldeasturias.com\/noticias\/mercedes-fernandez-asegura-que-para-el-pp-es-irrenunciable-reducir-la-presion-fiscal\/#breadcrumblist"},"author":{"@id":"https:\/\/www.eldigitaldeasturias.com\/noticias\/author\/admin\/#author"},"creator":{"@id":"https:\/\/www.eldigitaldeasturias.com\/noticias\/author\/admin\/#author"},"image":{"@type":"ImageObject","url":"https:\/\/www.eldigitaldeasturias.com\/noticias\/wp-content\/uploads\/2026\/06\/Contenidos.jpg","@id":"https:\/\/www.eldigitaldeasturias.com\/noticias\/mercedes-fernandez-asegura-que-para-el-pp-es-irrenunciable-reducir-la-presion-fiscal\/#mainImage","width":1265,"height":697,"caption":"Contenidos"},"primaryImageOfPage":{"@id":"https:\/\/www.eldigitaldeasturias.com\/noticias\/mercedes-fernandez-asegura-que-para-el-pp-es-irrenunciable-reducir-la-presion-fiscal\/#mainImage"},"datePublished":"2013-12-06T22:18:51+01:00","dateModified":"2013-12-06T22:18:51+01:00"},{"@type":"WebSite","@id":"https:\/\/www.eldigitaldeasturias.com\/noticias\/#website","url":"https:\/\/www.eldigitaldeasturias.com\/noticias\/","name":"El Digital de Asturias - Diario de actualidad y noticias","alternateName":"El Digital de Asturias - Diario de actualidad y noticias","description":"Hemeroteca","inLanguage":"es-ES","publisher":{"@id":"https:\/\/www.eldigitaldeasturias.com\/noticias\/#organization"}}]},"og:locale":"es_ES","og:site_name":"El Digital de Asturias","og:type":"article","og:title":"Mercedes Fern\u00e1ndez asegura que para el PP es \u00abirrenunciable\u00bb reducir la presi\u00f3n fiscal - El Digital de Asturias","og:description":"Gij\u00f3n, 6 dic (EFE).- La presidenta del PP de Asturias, Mercedes Fern\u00e1ndez, ha advertido hoy al PSOE que si quiere alcanzar acuerdos que permitan que el Principado tenga presupuestos el pr\u00f3ximo a\u00f1o debe &quot;flexibilizar&quot; su posici\u00f3n y ha dejado claro que para su formaci\u00f3n es &quot;irrenunciable&quot; que se reduzca la presi\u00f3n fiscal. No obstante, ha","og:url":"https:\/\/www.eldigitaldeasturias.com\/noticias\/mercedes-fernandez-asegura-que-para-el-pp-es-irrenunciable-reducir-la-presion-fiscal\/","og:image":"https:\/\/www.eldigitaldeasturias.com\/noticias\/wp-content\/uploads\/2026\/06\/Contenidos.jpg","og:image:secure_url":"https:\/\/www.eldigitaldeasturias.com\/noticias\/wp-content\/uploads\/2026\/06\/Contenidos.jpg","og:image:width":1265,"og:image:height":697,"article:tag":["actualidad asturias"],"article:published_time":"2013-12-06T23:18:51+00:00","article:modified_time":"2013-12-06T23:18:51+00:00","article:publisher":"https:\/\/facebook.com\/eldigitaldeasturias","twitter:card":"summary_large_image","twitter:title":"Mercedes Fern\u00e1ndez asegura que para el PP es \u00abirrenunciable\u00bb reducir la presi\u00f3n fiscal - El Digital de Asturias","twitter:description":"Gij\u00f3n, 6 dic (EFE).- La presidenta del PP de Asturias, Mercedes Fern\u00e1ndez, ha advertido hoy al PSOE que si quiere alcanzar acuerdos que permitan que el Principado tenga presupuestos el pr\u00f3ximo a\u00f1o debe &quot;flexibilizar&quot; su posici\u00f3n y ha dejado claro que para su formaci\u00f3n es &quot;irrenunciable&quot; que se reduzca la presi\u00f3n fiscal. No obstante, ha","twitter:image":"https:\/\/www.eldigitaldeasturias.com\/noticias\/wp-content\/uploads\/2026\/06\/Contenidos.jpg","twitter:label1":"Escrito por","twitter:data1":"El Digital de Asturias","twitter:label2":"Tiempo de lectura estimado","twitter:data2":"2 minutos"},"aioseo_meta_data":{"post_id":"458751","title":null,"description":null,"keywords":null,"keyphrases":null,"primary_term":null,"canonical_url":null,"og_title":null,"og_description":null,"og_object_type":"default","og_image_type":"default","og_image_url":null,"og_image_width":null,"og_image_height":null,"og_image_custom_url":null,"og_image_custom_fields":null,"og_video":null,"og_custom_url":null,"og_article_section":null,"og_article_tags":null,"twitter_use_og":true,"twitter_card":"default","twitter_image_type":"default","twitter_image_url":null,"twitter_image_custom_url":null,"twitter_image_custom_fields":null,"twitter_title":null,"twitter_description":null,"schema":{"blockGraphs":[],"customGraphs":[],"default":{"data":{"Article":[],"Course":[],"Dataset":[],"FAQPage":[],"Movie":[],"Person":[],"Product":[],"ProductReview":[],"Car":[],"Recipe":[],"Service":[],"SoftwareApplication":[],"WebPage":[]},"graphName":"","isEnabled":true},"graphs":[]},"schema_type":null,"schema_type_options":null,"pillar_content":false,"robots_default":true,"robots_noindex":false,"robots_noarchive":false,"robots_nosnippet":false,"robots_nofollow":false,"robots_noimageindex":false,"robots_noodp":false,"robots_notranslate":false,"robots_max_snippet":null,"robots_max_videopreview":null,"robots_max_imagepreview":"none","priority":null,"frequency":null,"local_seo":null,"seo_analyzer_scan_date":"2026-05-30 06:43:30","breadcrumb_settings":null,"limit_modified_date":false,"open_ai":null,"ai":null,"created":"2020-11-14 22:46:22","updated":"2026-05-30 06:43:30","focus_keyword":null,"additional_keywords":null,"truseo_locale":null},"aioseo_breadcrumb":"<div class=\"aioseo-breadcrumbs\"><span class=\"aioseo-breadcrumb\">\n\t<a href=\"https:\/\/www.eldigitaldeasturias.com\/noticias\" title=\"Home\">Home<\/a>\n<\/span><span class=\"aioseo-breadcrumb-separator\">\u2013<\/span><span class=\"aioseo-breadcrumb\">\n\t<a href=\"https:\/\/www.eldigitaldeasturias.com\/noticias\/category\/actualidad-asturias\/\" title=\"Actualidad Asturias\">Actualidad Asturias<\/a>\n<\/span><span class=\"aioseo-breadcrumb-separator\">\u2013<\/span><span class=\"aioseo-breadcrumb\">\n\t<a href=\"https:\/\/www.eldigitaldeasturias.com\/noticias\/mercedes-fernandez-asegura-que-para-el-pp-es-irrenunciable-reducir-la-presion-fiscal\/\" title=\"Mercedes Fern\u00e1ndez asegura que para el PP es \u00abirrenunciable\u00bb reducir la presi\u00f3n fiscal\">Mercedes Fern\u00e1ndez asegura que para el PP es \u00abirrenunciable\u00bb reducir la presi\u00f3n fiscal<\/a>\n<\/span><\/div>","aioseo_breadcrumb_json":[{"label":"Home","link":"https:\/\/www.eldigitaldeasturias.com\/noticias"},{"label":"Actualidad Asturias","link":"https:\/\/www.eldigitaldeasturias.com\/noticias\/category\/actualidad-asturias\/"},{"label":"Mercedes Fern\u00e1ndez asegura que para el PP es \u00abirrenunciable\u00bb reducir la presi\u00f3n fiscal","link":"https:\/\/www.eldigitaldeasturias.com\/noticias\/mercedes-fernandez-asegura-que-para-el-pp-es-irrenunciable-reducir-la-presion-fiscal\/"}],"_links":{"self":[{"href":"https:\/\/www.eldigitaldeasturias.com\/noticias\/wp-json\/wp\/v2\/posts\/458751","targetHints":{"allow":["GET"]}}],"collection":[{"href":"https:\/\/www.eldigitaldeasturias.com\/noticias\/wp-json\/wp\/v2\/posts"}],"about":[{"href":"https:\/\/www.eldigitaldeasturias.com\/noticias\/wp-json\/wp\/v2\/types\/post"}],"author":[{"embeddable":true,"href":"https:\/\/www.eldigitaldeasturias.com\/noticias\/wp-json\/wp\/v2\/users\/1"}],"replies":[{"embeddable":true,"href":"https:\/\/www.eldigitaldeasturias.com\/noticias\/wp-json\/wp\/v2\/comments?post=458751"}],"version-history":[{"count":0,"href":"https:\/\/www.eldigitaldeasturias.com\/noticias\/wp-json\/wp\/v2\/posts\/458751\/revisions"}],"wp:featuredmedia":[{"embeddable":true,"href":"https:\/\/www.eldigitaldeasturias.com\/noticias\/wp-json\/wp\/v2\/media\/1132184"}],"wp:attachment":[{"href":"https:\/\/www.eldigitaldeasturias.com\/noticias\/wp-json\/wp\/v2\/media?parent=458751"}],"wp:term":[{"taxonomy":"category","embeddable":true,"href":"https:\/\/www.eldigitaldeasturias.com\/noticias\/wp-json\/wp\/v2\/categories?post=458751"},{"taxonomy":"post_tag","embeddable":true,"href":"https:\/\/www.eldigitaldeasturias.com\/noticias\/wp-json\/wp\/v2\/tags?post=458751"}],"curies":[{"name":"wp","href":"https:\/\/api.w.org\/{rel}","templated":true}]}}