{"id":458643,"date":"2013-12-06T03:07:19","date_gmt":"2013-12-06T04:07:19","guid":{"rendered":"http:\/\/www.eldigitaldeasturias.com\/noticias\/?p=458643"},"modified":"2013-12-06T03:07:19","modified_gmt":"2013-12-06T04:07:19","slug":"el-juez-absuelve-a-barcenas-pero-reconoce-que-se-difamo-a-cospedal","status":"publish","type":"post","link":"https:\/\/www.eldigitaldeasturias.com\/noticias\/el-juez-absuelve-a-barcenas-pero-reconoce-que-se-difamo-a-cospedal\/","title":{"rendered":"El juez absuelve a B\u00e1rcenas pero reconoce que se difam\u00f3 a Cospedal"},"content":{"rendered":"<p><img loading=\"lazy\" decoding=\"async\" class=\"alignleft size-medium wp-image-458644\" alt=\"5774311w\" src=\"https:\/\/www.eldigitaldeasturias.com\/noticias\/wp-content\/uploads\/2013\/12\/5774311w-360x239.jpg\" width=\"360\" height=\"239\" \/>Toledo, 5 dic (EFE).- Un juzgado de Toledo ha desestimado la demanda de protecci\u00f3n del derecho al honor de la secretaria general del PP, Mar\u00eda Dolores de Cospedal, contra el extesorero del PP, Luis B\u00e1rcenas, al que absuelve al no quedar probado que \u00e9l estuviera detr\u00e1s de la \u00abcampa\u00f1a difamatoria\u00bb contra la dirigente del PP.<\/p>\n<p>En una sentencia hecha p\u00fablica hoy, el Juzgado de Primera Instancia e Instrucci\u00f3n n\u00famero 4 de Toledo absuelve a B\u00e1rcenas de la demanda civil que se vio el pasado d\u00eda 18 de octubre por la publicaci\u00f3n de los denominados \u00abpapeles de B\u00e1rcenas\u00bb en los que se apuntaba que Cospedal hab\u00eda recibido dos pagos de 7.500 euros en dinero \u00abb\u00bb.<\/p>\n<p>El juez subraya \u00abel car\u00e1cter difamatorio de los hechos\u00bb y que B\u00e1rcenas no acredit\u00f3 ni prob\u00f3 la veracidad del contenido de los papeles, con independencia de que \u00e9l fuera el autor o no de los mismos.<\/p>\n<p>A\u00f1ade que el interrogatorio de B\u00e1rcenas carece de \u00absuficiente credibilidad\u00bb pese a su \u00abcontundencia, seguridad y aplomo\u00bb, pues no s\u00f3lo tiene inter\u00e9s evidente en la causa, sino que tiene \u00abevidente animadversi\u00f3n\u00bb hacia Cospedal y ha cambiado de versi\u00f3n \u00aba su antojo\u00bb.<\/p>\n<p>Pero eso no prueba que B\u00e1rcenas fuera quien dio la informaci\u00f3n al diario El Pa\u00eds, sino que de las pruebas practicadas se desprende m\u00e1s bien \u00ablo contrario\u00bb, pues lo neg\u00f3 el director del peri\u00f3dico, y tampoco acredita que estuviera detr\u00e1s de la filtraci\u00f3n, de lo que no hay \u00abpruebas suficientes\u00bb.<\/p>\n<p>De este modo, el juez absuelve a B\u00e1rcenas por no existir \u00abpruebas bastantes\u00bb de que \u00abfuera la persona que est\u00e1 detr\u00e1s de la campa\u00f1a difamatoria\u00bb o que fuera quien entreg\u00f3 los papeles a una tercera persona que los proporcion\u00f3 al peri\u00f3dico, \u00ablo que no implica que no lo fuera, pues tampoco hay pruebas concluyentes que lo descarten\u00bb.<\/p>\n<p>En este sentido, plantea que existen sospechas porque B\u00e1rcenas \u00abha jugado con la informaci\u00f3n contenida en los papeles, manifestando un d\u00eda una cosa, otro d\u00eda otra distinta, seg\u00fan le conven\u00eda en funci\u00f3n del apoyo o no de su partido\u00bb.<\/p>\n<p>En los fundamentos jur\u00eddicos de la sentencia, el juez explica que en este caso deben tenerse en cuenta las circunstancias que rodean a la persona agraviada, ya que se trata de una \u00abpersonalidad p\u00fablica, conocida en toda Espa\u00f1a, que ostenta un cargo pol\u00edtico de primer nivel, en concreto es presidenta de Castilla-La Mancha y secretaria general del Partido Popular.<\/p>\n<p>Estas circunstancias -a\u00f1ade- hacen que la protecci\u00f3n del derecho al honor de esta persona se vea disminuida en comparaci\u00f3n con la de una persona an\u00f3nima, pues por motivo del cargo pol\u00edtico que ostenta se ve expuesta a la cr\u00edtica y a la consideraci\u00f3n de la ciudadan\u00eda, debiendo hacerse una \u00abponderaci\u00f3n\u00bb entre los derechos fundamentales que colisionan: el derecho y la libertad de expresi\u00f3n\u00bb.<\/p>\n<p>Tambi\u00e9n sostiene el juez que los hechos que imputa B\u00e1rcenas a Cospedal -el cobro de dinero \u00abb\u00bb-, con independencia de que no sean delito, suponen \u00abuna conducta indigna, deplorable e impropia de un cargo p\u00fablico que debe servir a la ciudadan\u00eda que le vota\u00bb y m\u00e1s en los actuales momentos \u00abtan cr\u00edticos\u00bb, lo que hace que esa conducta sea \u00abindignante\u00bb para el resto de la sociedad.<\/p>\n<p>Por ello, ha considerado que, si no ha percibido sobresueldos, tales acusaciones supondr\u00edan un \u00abclaro y evidente menoscabo de la dignidad personal\u00bb de Cospedal y \u00abun atentado contra su fama y su propia estimaci\u00f3n\u00bb, de modo que la exceder\u00eda \u00abla simple cr\u00edtica a la que se ve expuesta un pol\u00edtico\u00bb.<\/p>\n<p>Junto a la sentencia, el juez ha hecho p\u00fablico el auto dictado con anterioridad en el que desestima la suspensi\u00f3n del procedimiento oral hasta que se resolviera la causa penal, como hab\u00eda solicitado el fiscal, al considerar que una demanda sobre un posible atentado al derecho al honor \u00abno tiene nada que ver\u00bb con el proceso que se sigue en la Audiencia Nacional.<\/p>\n","protected":false},"excerpt":{"rendered":"<p>Toledo, 5 dic (EFE).- Un juzgado de Toledo ha desestimado la demanda de protecci\u00f3n del derecho al honor de la secretaria general del PP, Mar\u00eda Dolores de Cospedal, contra el extesorero del PP, Luis B\u00e1rcenas, al que absuelve al no quedar probado que \u00e9l estuviera detr\u00e1s de la \u00abcampa\u00f1a difamatoria\u00bb contra la dirigente del PP. [&hellip;]<\/p>\n","protected":false},"author":1,"featured_media":458644,"comment_status":"closed","ping_status":"open","sticky":false,"template":"","format":"standard","meta":{"footnotes":""},"categories":[5],"tags":[],"class_list":["post-458643","post","type-post","status-publish","format-standard","has-post-thumbnail","hentry","category-sucesos"],"aioseo_notices":[],"aioseo_head":"\n\t\t<!-- All in One SEO Pro 5.0.1 - aioseo.com -->\n\t<meta name=\"description\" content=\"Toledo, 5 dic (EFE).- Un juzgado de Toledo ha desestimado la demanda de protecci\u00f3n del derecho al honor de la secretaria general del PP, Mar\u00eda Dolores de Cospedal, contra el extesorero del PP, Luis B\u00e1rcenas, al que absuelve al no quedar probado que \u00e9l estuviera detr\u00e1s de la &quot;campa\u00f1a difamatoria&quot; contra la dirigente del PP.\" \/>\n\t<meta name=\"robots\" content=\"max-image-preview:large\" \/>\n\t<meta name=\"author\" content=\"El Digital de Asturias\"\/>\n\t<meta name=\"google-site-verification\" content=\"UA-38556648-1\" \/>\n\t<meta name=\"msvalidate.01\" content=\"7dfe9f3f1b24437ab69f4f2559babe99\" \/>\n\t<meta name=\"keywords\" content=\"sucesos\" \/>\n\t<link rel=\"canonical\" href=\"https:\/\/www.eldigitaldeasturias.com\/noticias\/el-juez-absuelve-a-barcenas-pero-reconoce-que-se-difamo-a-cospedal\/\" \/>\n\t<meta name=\"generator\" content=\"All in One SEO Pro (AIOSEO) 5.0.1\" \/>\n\t\t<meta property=\"og:locale\" content=\"es_ES\" \/>\n\t\t<meta property=\"og:site_name\" content=\"El Digital de Asturias\" \/>\n\t\t<meta property=\"og:type\" content=\"article\" \/>\n\t\t<meta property=\"og:title\" content=\"El juez absuelve a B\u00e1rcenas pero reconoce que se difam\u00f3 a Cospedal - El Digital de Asturias\" \/>\n\t\t<meta property=\"og:description\" content=\"Toledo, 5 dic (EFE).- Un juzgado de Toledo ha desestimado la demanda de protecci\u00f3n del derecho al honor de la secretaria general del PP, Mar\u00eda Dolores de Cospedal, contra el extesorero del PP, Luis B\u00e1rcenas, al que absuelve al no quedar probado que \u00e9l estuviera detr\u00e1s de la &quot;campa\u00f1a difamatoria&quot; contra la dirigente del PP.\" \/>\n\t\t<meta property=\"og:url\" content=\"https:\/\/www.eldigitaldeasturias.com\/noticias\/el-juez-absuelve-a-barcenas-pero-reconoce-que-se-difamo-a-cospedal\/\" \/>\n\t\t<meta property=\"article:tag\" content=\"sucesos\" \/>\n\t\t<meta property=\"article:published_time\" content=\"2013-12-06T04:07:19+00:00\" \/>\n\t\t<meta property=\"article:modified_time\" content=\"2013-12-06T04:07:19+00:00\" \/>\n\t\t<meta property=\"article:publisher\" content=\"https:\/\/facebook.com\/eldigitaldeasturias\" \/>\n\t\t<meta name=\"twitter:card\" content=\"summary_large_image\" \/>\n\t\t<meta name=\"twitter:title\" content=\"El juez absuelve a B\u00e1rcenas pero reconoce que se difam\u00f3 a Cospedal - El Digital de Asturias\" \/>\n\t\t<meta name=\"twitter:description\" content=\"Toledo, 5 dic (EFE).- Un juzgado de Toledo ha desestimado la demanda de protecci\u00f3n del derecho al honor de la secretaria general del PP, Mar\u00eda Dolores de Cospedal, contra el extesorero del PP, Luis B\u00e1rcenas, al que absuelve al no quedar probado que \u00e9l estuviera detr\u00e1s de la &quot;campa\u00f1a difamatoria&quot; contra la dirigente del PP.\" \/>\n\t\t<meta name=\"twitter:label1\" content=\"Escrito por\" \/>\n\t\t<meta name=\"twitter:data1\" content=\"El Digital de Asturias\" \/>\n\t\t<meta name=\"twitter:label2\" content=\"Tiempo de lectura estimado\" \/>\n\t\t<meta name=\"twitter:data2\" content=\"4 minutos\" \/>\n\t\t<script type=\"application\/ld+json\" class=\"aioseo-schema\">\n\t\t\t{\"@context\":\"https:\\\/\\\/schema.org\",\"@graph\":[{\"@type\":\"BlogPosting\",\"@id\":\"https:\\\/\\\/www.eldigitaldeasturias.com\\\/noticias\\\/el-juez-absuelve-a-barcenas-pero-reconoce-que-se-difamo-a-cospedal\\\/#blogposting\",\"name\":\"El juez absuelve a B\\u00e1rcenas pero reconoce que se difam\\u00f3 a Cospedal - El Digital de Asturias\",\"headline\":\"El juez absuelve a B\\u00e1rcenas pero reconoce que se difam\\u00f3 a Cospedal\",\"author\":{\"@id\":\"https:\\\/\\\/www.eldigitaldeasturias.com\\\/noticias\\\/author\\\/admin\\\/#author\"},\"publisher\":{\"@id\":\"https:\\\/\\\/www.eldigitaldeasturias.com\\\/noticias\\\/#organization\"},\"image\":{\"@type\":\"ImageObject\",\"url\":458644},\"datePublished\":\"2013-12-06T03:07:19+01:00\",\"dateModified\":\"2013-12-06T03:07:19+01:00\",\"inLanguage\":\"es-ES\",\"mainEntityOfPage\":{\"@id\":\"https:\\\/\\\/www.eldigitaldeasturias.com\\\/noticias\\\/el-juez-absuelve-a-barcenas-pero-reconoce-que-se-difamo-a-cospedal\\\/#webpage\"},\"isPartOf\":{\"@id\":\"https:\\\/\\\/www.eldigitaldeasturias.com\\\/noticias\\\/el-juez-absuelve-a-barcenas-pero-reconoce-que-se-difamo-a-cospedal\\\/#webpage\"},\"articleSection\":\"Sucesos\"},{\"@type\":\"BreadcrumbList\",\"@id\":\"https:\\\/\\\/www.eldigitaldeasturias.com\\\/noticias\\\/el-juez-absuelve-a-barcenas-pero-reconoce-que-se-difamo-a-cospedal\\\/#breadcrumblist\",\"itemListElement\":[{\"@type\":\"ListItem\",\"@id\":\"https:\\\/\\\/www.eldigitaldeasturias.com\\\/noticias#listItem\",\"position\":1,\"name\":\"Home\",\"item\":\"https:\\\/\\\/www.eldigitaldeasturias.com\\\/noticias\",\"nextItem\":{\"@type\":\"ListItem\",\"@id\":\"https:\\\/\\\/www.eldigitaldeasturias.com\\\/noticias\\\/category\\\/sucesos\\\/#listItem\",\"name\":\"Sucesos\"}},{\"@type\":\"ListItem\",\"@id\":\"https:\\\/\\\/www.eldigitaldeasturias.com\\\/noticias\\\/category\\\/sucesos\\\/#listItem\",\"position\":2,\"name\":\"Sucesos\",\"item\":\"https:\\\/\\\/www.eldigitaldeasturias.com\\\/noticias\\\/category\\\/sucesos\\\/\",\"nextItem\":{\"@type\":\"ListItem\",\"@id\":\"https:\\\/\\\/www.eldigitaldeasturias.com\\\/noticias\\\/el-juez-absuelve-a-barcenas-pero-reconoce-que-se-difamo-a-cospedal\\\/#listItem\",\"name\":\"El juez absuelve a B\\u00e1rcenas pero reconoce que se difam\\u00f3 a Cospedal\"},\"previousItem\":{\"@type\":\"ListItem\",\"@id\":\"https:\\\/\\\/www.eldigitaldeasturias.com\\\/noticias#listItem\",\"name\":\"Home\"}},{\"@type\":\"ListItem\",\"@id\":\"https:\\\/\\\/www.eldigitaldeasturias.com\\\/noticias\\\/el-juez-absuelve-a-barcenas-pero-reconoce-que-se-difamo-a-cospedal\\\/#listItem\",\"position\":3,\"name\":\"El juez absuelve a B\\u00e1rcenas pero reconoce que se difam\\u00f3 a Cospedal\",\"previousItem\":{\"@type\":\"ListItem\",\"@id\":\"https:\\\/\\\/www.eldigitaldeasturias.com\\\/noticias\\\/category\\\/sucesos\\\/#listItem\",\"name\":\"Sucesos\"}}]},{\"@type\":\"Organization\",\"@id\":\"https:\\\/\\\/www.eldigitaldeasturias.com\\\/noticias\\\/#organization\",\"name\":\"El Digital de Asturias\",\"description\":\"Hemeroteca\",\"url\":\"https:\\\/\\\/www.eldigitaldeasturias.com\\\/noticias\\\/\",\"email\":\"info@eldigitaldeasturias.com\",\"telephone\":\"+34652131393\",\"logo\":{\"@type\":\"ImageObject\",\"url\":\"https:\\\/\\\/www.eldigitaldeasturias.com\\\/noticias\\\/wp-content\\\/uploads\\\/2020\\\/12\\\/EDA.jpg\",\"@id\":\"https:\\\/\\\/www.eldigitaldeasturias.com\\\/noticias\\\/el-juez-absuelve-a-barcenas-pero-reconoce-que-se-difamo-a-cospedal\\\/#organizationLogo\"},\"image\":{\"@id\":\"https:\\\/\\\/www.eldigitaldeasturias.com\\\/noticias\\\/el-juez-absuelve-a-barcenas-pero-reconoce-que-se-difamo-a-cospedal\\\/#organizationLogo\"},\"sameAs\":[\"https:\\\/\\\/facebook.com\\\/eldigitaldeasturias\",\"https:\\\/\\\/www.youtube.com\\\/channel\\\/UCZP-2wLEB9Rv6erhFmqVnvg\"],\"address\":{\"@id\":\"https:\\\/\\\/www.eldigitaldeasturias.com\\\/noticias\\\/#postaladdress\",\"@type\":\"PostalAddress\",\"streetAddress\":\"san antonio 4\",\"postalCode\":\"33430\",\"addressLocality\":\"Cand\\u00e1s\",\"addressRegion\":\"Asturias\",\"addressCountry\":\"ES\"}},{\"@type\":\"Person\",\"@id\":\"https:\\\/\\\/www.eldigitaldeasturias.com\\\/noticias\\\/author\\\/admin\\\/#author\",\"url\":\"https:\\\/\\\/www.eldigitaldeasturias.com\\\/noticias\\\/author\\\/admin\\\/\",\"name\":\"El Digital de Asturias\",\"image\":{\"@type\":\"ImageObject\",\"@id\":\"https:\\\/\\\/www.eldigitaldeasturias.com\\\/noticias\\\/el-juez-absuelve-a-barcenas-pero-reconoce-que-se-difamo-a-cospedal\\\/#authorImage\",\"url\":\"https:\\\/\\\/secure.gravatar.com\\\/avatar\\\/df2aeffc32bcd13f8d26072ef8a91b623d677766deac7f97ca815868cd41bf5e?s=96&d=mm&r=g\",\"width\":96,\"height\":96,\"caption\":\"El Digital de Asturias\"}},{\"@type\":\"WebPage\",\"@id\":\"https:\\\/\\\/www.eldigitaldeasturias.com\\\/noticias\\\/el-juez-absuelve-a-barcenas-pero-reconoce-que-se-difamo-a-cospedal\\\/#webpage\",\"url\":\"https:\\\/\\\/www.eldigitaldeasturias.com\\\/noticias\\\/el-juez-absuelve-a-barcenas-pero-reconoce-que-se-difamo-a-cospedal\\\/\",\"name\":\"El juez absuelve a B\\u00e1rcenas pero reconoce que se difam\\u00f3 a Cospedal - El Digital de Asturias\",\"description\":\"Toledo, 5 dic (EFE).- Un juzgado de Toledo ha desestimado la demanda de protecci\\u00f3n del derecho al honor de la secretaria general del PP, Mar\\u00eda Dolores de Cospedal, contra el extesorero del PP, Luis B\\u00e1rcenas, al que absuelve al no quedar probado que \\u00e9l estuviera detr\\u00e1s de la \\\"campa\\u00f1a difamatoria\\\" contra la dirigente del PP.\",\"inLanguage\":\"es-ES\",\"isPartOf\":{\"@id\":\"https:\\\/\\\/www.eldigitaldeasturias.com\\\/noticias\\\/#website\"},\"breadcrumb\":{\"@id\":\"https:\\\/\\\/www.eldigitaldeasturias.com\\\/noticias\\\/el-juez-absuelve-a-barcenas-pero-reconoce-que-se-difamo-a-cospedal\\\/#breadcrumblist\"},\"author\":{\"@id\":\"https:\\\/\\\/www.eldigitaldeasturias.com\\\/noticias\\\/author\\\/admin\\\/#author\"},\"creator\":{\"@id\":\"https:\\\/\\\/www.eldigitaldeasturias.com\\\/noticias\\\/author\\\/admin\\\/#author\"},\"image\":{\"@type\":\"ImageObject\",\"url\":458644,\"@id\":\"https:\\\/\\\/www.eldigitaldeasturias.com\\\/noticias\\\/el-juez-absuelve-a-barcenas-pero-reconoce-que-se-difamo-a-cospedal\\\/#mainImage\"},\"primaryImageOfPage\":{\"@id\":\"https:\\\/\\\/www.eldigitaldeasturias.com\\\/noticias\\\/el-juez-absuelve-a-barcenas-pero-reconoce-que-se-difamo-a-cospedal\\\/#mainImage\"},\"datePublished\":\"2013-12-06T03:07:19+01:00\",\"dateModified\":\"2013-12-06T03:07:19+01:00\"},{\"@type\":\"WebSite\",\"@id\":\"https:\\\/\\\/www.eldigitaldeasturias.com\\\/noticias\\\/#website\",\"url\":\"https:\\\/\\\/www.eldigitaldeasturias.com\\\/noticias\\\/\",\"name\":\"El Digital de Asturias - Diario de actualidad y noticias\",\"alternateName\":\"El Digital de Asturias - Diario de actualidad y noticias\",\"description\":\"Hemeroteca\",\"inLanguage\":\"es-ES\",\"publisher\":{\"@id\":\"https:\\\/\\\/www.eldigitaldeasturias.com\\\/noticias\\\/#organization\"}}]}\n\t\t<\/script>\n\t\t<!-- All in One SEO Pro -->\r\n\t\t<title>El juez absuelve a B\u00e1rcenas pero reconoce que se difam\u00f3 a Cospedal - El Digital de Asturias<\/title>\n\n","aioseo_head_json":{"title":"El juez absuelve a B\u00e1rcenas pero reconoce que se difam\u00f3 a Cospedal - El Digital de Asturias","description":"Toledo, 5 dic (EFE).- Un juzgado de Toledo ha desestimado la demanda de protecci\u00f3n del derecho al honor de la secretaria general del PP, Mar\u00eda Dolores de Cospedal, contra el extesorero del PP, Luis B\u00e1rcenas, al que absuelve al no quedar probado que \u00e9l estuviera detr\u00e1s de la \"campa\u00f1a difamatoria\" contra la dirigente del PP.","canonical_url":"https:\/\/www.eldigitaldeasturias.com\/noticias\/el-juez-absuelve-a-barcenas-pero-reconoce-que-se-difamo-a-cospedal\/","robots":"max-image-preview:large","keywords":"sucesos","webmasterTools":{"google-site-verification":"UA-38556648-1","msvalidate.01":"7dfe9f3f1b24437ab69f4f2559babe99","miscellaneous":""},"schema":{"@context":"https:\/\/schema.org","@graph":[{"@type":"BlogPosting","@id":"https:\/\/www.eldigitaldeasturias.com\/noticias\/el-juez-absuelve-a-barcenas-pero-reconoce-que-se-difamo-a-cospedal\/#blogposting","name":"El juez absuelve a B\u00e1rcenas pero reconoce que se difam\u00f3 a Cospedal - El Digital de Asturias","headline":"El juez absuelve a B\u00e1rcenas pero reconoce que se difam\u00f3 a Cospedal","author":{"@id":"https:\/\/www.eldigitaldeasturias.com\/noticias\/author\/admin\/#author"},"publisher":{"@id":"https:\/\/www.eldigitaldeasturias.com\/noticias\/#organization"},"image":{"@type":"ImageObject","url":458644},"datePublished":"2013-12-06T03:07:19+01:00","dateModified":"2013-12-06T03:07:19+01:00","inLanguage":"es-ES","mainEntityOfPage":{"@id":"https:\/\/www.eldigitaldeasturias.com\/noticias\/el-juez-absuelve-a-barcenas-pero-reconoce-que-se-difamo-a-cospedal\/#webpage"},"isPartOf":{"@id":"https:\/\/www.eldigitaldeasturias.com\/noticias\/el-juez-absuelve-a-barcenas-pero-reconoce-que-se-difamo-a-cospedal\/#webpage"},"articleSection":"Sucesos"},{"@type":"BreadcrumbList","@id":"https:\/\/www.eldigitaldeasturias.com\/noticias\/el-juez-absuelve-a-barcenas-pero-reconoce-que-se-difamo-a-cospedal\/#breadcrumblist","itemListElement":[{"@type":"ListItem","@id":"https:\/\/www.eldigitaldeasturias.com\/noticias#listItem","position":1,"name":"Home","item":"https:\/\/www.eldigitaldeasturias.com\/noticias","nextItem":{"@type":"ListItem","@id":"https:\/\/www.eldigitaldeasturias.com\/noticias\/category\/sucesos\/#listItem","name":"Sucesos"}},{"@type":"ListItem","@id":"https:\/\/www.eldigitaldeasturias.com\/noticias\/category\/sucesos\/#listItem","position":2,"name":"Sucesos","item":"https:\/\/www.eldigitaldeasturias.com\/noticias\/category\/sucesos\/","nextItem":{"@type":"ListItem","@id":"https:\/\/www.eldigitaldeasturias.com\/noticias\/el-juez-absuelve-a-barcenas-pero-reconoce-que-se-difamo-a-cospedal\/#listItem","name":"El juez absuelve a B\u00e1rcenas pero reconoce que se difam\u00f3 a Cospedal"},"previousItem":{"@type":"ListItem","@id":"https:\/\/www.eldigitaldeasturias.com\/noticias#listItem","name":"Home"}},{"@type":"ListItem","@id":"https:\/\/www.eldigitaldeasturias.com\/noticias\/el-juez-absuelve-a-barcenas-pero-reconoce-que-se-difamo-a-cospedal\/#listItem","position":3,"name":"El juez absuelve a B\u00e1rcenas pero reconoce que se difam\u00f3 a Cospedal","previousItem":{"@type":"ListItem","@id":"https:\/\/www.eldigitaldeasturias.com\/noticias\/category\/sucesos\/#listItem","name":"Sucesos"}}]},{"@type":"Organization","@id":"https:\/\/www.eldigitaldeasturias.com\/noticias\/#organization","name":"El Digital de Asturias","description":"Hemeroteca","url":"https:\/\/www.eldigitaldeasturias.com\/noticias\/","email":"info@eldigitaldeasturias.com","telephone":"+34652131393","logo":{"@type":"ImageObject","url":"https:\/\/www.eldigitaldeasturias.com\/noticias\/wp-content\/uploads\/2020\/12\/EDA.jpg","@id":"https:\/\/www.eldigitaldeasturias.com\/noticias\/el-juez-absuelve-a-barcenas-pero-reconoce-que-se-difamo-a-cospedal\/#organizationLogo"},"image":{"@id":"https:\/\/www.eldigitaldeasturias.com\/noticias\/el-juez-absuelve-a-barcenas-pero-reconoce-que-se-difamo-a-cospedal\/#organizationLogo"},"sameAs":["https:\/\/facebook.com\/eldigitaldeasturias","https:\/\/www.youtube.com\/channel\/UCZP-2wLEB9Rv6erhFmqVnvg"],"address":{"@id":"https:\/\/www.eldigitaldeasturias.com\/noticias\/#postaladdress","@type":"PostalAddress","streetAddress":"san antonio 4","postalCode":"33430","addressLocality":"Cand\u00e1s","addressRegion":"Asturias","addressCountry":"ES"}},{"@type":"Person","@id":"https:\/\/www.eldigitaldeasturias.com\/noticias\/author\/admin\/#author","url":"https:\/\/www.eldigitaldeasturias.com\/noticias\/author\/admin\/","name":"El Digital de Asturias","image":{"@type":"ImageObject","@id":"https:\/\/www.eldigitaldeasturias.com\/noticias\/el-juez-absuelve-a-barcenas-pero-reconoce-que-se-difamo-a-cospedal\/#authorImage","url":"https:\/\/secure.gravatar.com\/avatar\/df2aeffc32bcd13f8d26072ef8a91b623d677766deac7f97ca815868cd41bf5e?s=96&d=mm&r=g","width":96,"height":96,"caption":"El Digital de Asturias"}},{"@type":"WebPage","@id":"https:\/\/www.eldigitaldeasturias.com\/noticias\/el-juez-absuelve-a-barcenas-pero-reconoce-que-se-difamo-a-cospedal\/#webpage","url":"https:\/\/www.eldigitaldeasturias.com\/noticias\/el-juez-absuelve-a-barcenas-pero-reconoce-que-se-difamo-a-cospedal\/","name":"El juez absuelve a B\u00e1rcenas pero reconoce que se difam\u00f3 a Cospedal - El Digital de Asturias","description":"Toledo, 5 dic (EFE).- Un juzgado de Toledo ha desestimado la demanda de protecci\u00f3n del derecho al honor de la secretaria general del PP, Mar\u00eda Dolores de Cospedal, contra el extesorero del PP, Luis B\u00e1rcenas, al que absuelve al no quedar probado que \u00e9l estuviera detr\u00e1s de la \"campa\u00f1a difamatoria\" contra la dirigente del PP.","inLanguage":"es-ES","isPartOf":{"@id":"https:\/\/www.eldigitaldeasturias.com\/noticias\/#website"},"breadcrumb":{"@id":"https:\/\/www.eldigitaldeasturias.com\/noticias\/el-juez-absuelve-a-barcenas-pero-reconoce-que-se-difamo-a-cospedal\/#breadcrumblist"},"author":{"@id":"https:\/\/www.eldigitaldeasturias.com\/noticias\/author\/admin\/#author"},"creator":{"@id":"https:\/\/www.eldigitaldeasturias.com\/noticias\/author\/admin\/#author"},"image":{"@type":"ImageObject","url":458644,"@id":"https:\/\/www.eldigitaldeasturias.com\/noticias\/el-juez-absuelve-a-barcenas-pero-reconoce-que-se-difamo-a-cospedal\/#mainImage"},"primaryImageOfPage":{"@id":"https:\/\/www.eldigitaldeasturias.com\/noticias\/el-juez-absuelve-a-barcenas-pero-reconoce-que-se-difamo-a-cospedal\/#mainImage"},"datePublished":"2013-12-06T03:07:19+01:00","dateModified":"2013-12-06T03:07:19+01:00"},{"@type":"WebSite","@id":"https:\/\/www.eldigitaldeasturias.com\/noticias\/#website","url":"https:\/\/www.eldigitaldeasturias.com\/noticias\/","name":"El Digital de Asturias - Diario de actualidad y noticias","alternateName":"El Digital de Asturias - Diario de actualidad y noticias","description":"Hemeroteca","inLanguage":"es-ES","publisher":{"@id":"https:\/\/www.eldigitaldeasturias.com\/noticias\/#organization"}}]},"og:locale":"es_ES","og:site_name":"El Digital de Asturias","og:type":"article","og:title":"El juez absuelve a B\u00e1rcenas pero reconoce que se difam\u00f3 a Cospedal - El Digital de Asturias","og:description":"Toledo, 5 dic (EFE).- Un juzgado de Toledo ha desestimado la demanda de protecci\u00f3n del derecho al honor de la secretaria general del PP, Mar\u00eda Dolores de Cospedal, contra el extesorero del PP, Luis B\u00e1rcenas, al que absuelve al no quedar probado que \u00e9l estuviera detr\u00e1s de la &quot;campa\u00f1a difamatoria&quot; contra la dirigente del PP.","og:url":"https:\/\/www.eldigitaldeasturias.com\/noticias\/el-juez-absuelve-a-barcenas-pero-reconoce-que-se-difamo-a-cospedal\/","article:tag":["sucesos"],"article:published_time":"2013-12-06T04:07:19+00:00","article:modified_time":"2013-12-06T04:07:19+00:00","article:publisher":"https:\/\/facebook.com\/eldigitaldeasturias","twitter:card":"summary_large_image","twitter:title":"El juez absuelve a B\u00e1rcenas pero reconoce que se difam\u00f3 a Cospedal - El Digital de Asturias","twitter:description":"Toledo, 5 dic (EFE).- Un juzgado de Toledo ha desestimado la demanda de protecci\u00f3n del derecho al honor de la secretaria general del PP, Mar\u00eda Dolores de Cospedal, contra el extesorero del PP, Luis B\u00e1rcenas, al que absuelve al no quedar probado que \u00e9l estuviera detr\u00e1s de la &quot;campa\u00f1a difamatoria&quot; contra la dirigente del PP.","twitter:label1":"Escrito por","twitter:data1":"El Digital de Asturias","twitter:label2":"Tiempo de lectura estimado","twitter:data2":"4 minutos"},"aioseo_meta_data":{"post_id":"458643","title":null,"description":null,"keywords":null,"keyphrases":null,"primary_term":null,"canonical_url":null,"og_title":null,"og_description":null,"og_object_type":"default","og_image_type":"default","og_image_url":null,"og_image_width":null,"og_image_height":null,"og_image_custom_url":null,"og_image_custom_fields":null,"og_video":null,"og_custom_url":null,"og_article_section":null,"og_article_tags":null,"twitter_use_og":true,"twitter_card":"default","twitter_image_type":"default","twitter_image_url":null,"twitter_image_custom_url":null,"twitter_image_custom_fields":null,"twitter_title":null,"twitter_description":null,"schema":{"blockGraphs":[],"customGraphs":[],"default":{"data":{"Article":[],"Course":[],"Dataset":[],"FAQPage":[],"Movie":[],"Person":[],"Product":[],"ProductReview":[],"Car":[],"Recipe":[],"Service":[],"SoftwareApplication":[],"WebPage":[]},"graphName":"","isEnabled":true},"graphs":[],"defaultGraph":"","defaultPostTypeGraph":""},"schema_type":null,"schema_type_options":null,"pillar_content":false,"robots_default":true,"robots_noindex":false,"robots_noarchive":false,"robots_nosnippet":false,"robots_nofollow":false,"robots_noimageindex":false,"robots_noodp":false,"robots_notranslate":false,"robots_max_snippet":null,"robots_max_videopreview":null,"robots_max_imagepreview":"none","priority":null,"frequency":null,"local_seo":null,"seo_analyzer_scan_date":"2026-05-30 06:19:59","breadcrumb_settings":null,"limit_modified_date":false,"open_ai":null,"ai":null,"created":"2020-11-14 22:46:22","updated":"2026-05-30 06:19:59","focus_keyword":null,"additional_keywords":null,"truseo_locale":null},"aioseo_breadcrumb":"<div class=\"aioseo-breadcrumbs\"><span class=\"aioseo-breadcrumb\">\n\t<a href=\"https:\/\/www.eldigitaldeasturias.com\/noticias\" title=\"Home\">Home<\/a>\n<\/span><span class=\"aioseo-breadcrumb-separator\">\u2013<\/span><span class=\"aioseo-breadcrumb\">\n\t<a href=\"https:\/\/www.eldigitaldeasturias.com\/noticias\/category\/sucesos\/\" title=\"Sucesos\">Sucesos<\/a>\n<\/span><span class=\"aioseo-breadcrumb-separator\">\u2013<\/span><span class=\"aioseo-breadcrumb\">\n\t<a href=\"https:\/\/www.eldigitaldeasturias.com\/noticias\/el-juez-absuelve-a-barcenas-pero-reconoce-que-se-difamo-a-cospedal\/\" title=\"El juez absuelve a B\u00e1rcenas pero reconoce que se difam\u00f3 a Cospedal\">El juez absuelve a B\u00e1rcenas pero reconoce que se difam\u00f3 a Cospedal<\/a>\n<\/span><\/div>","aioseo_breadcrumb_json":[{"label":"Home","link":"https:\/\/www.eldigitaldeasturias.com\/noticias"},{"label":"Sucesos","link":"https:\/\/www.eldigitaldeasturias.com\/noticias\/category\/sucesos\/"},{"label":"El juez absuelve a B\u00e1rcenas pero reconoce que se difam\u00f3 a Cospedal","link":"https:\/\/www.eldigitaldeasturias.com\/noticias\/el-juez-absuelve-a-barcenas-pero-reconoce-que-se-difamo-a-cospedal\/"}],"_links":{"self":[{"href":"https:\/\/www.eldigitaldeasturias.com\/noticias\/wp-json\/wp\/v2\/posts\/458643","targetHints":{"allow":["GET"]}}],"collection":[{"href":"https:\/\/www.eldigitaldeasturias.com\/noticias\/wp-json\/wp\/v2\/posts"}],"about":[{"href":"https:\/\/www.eldigitaldeasturias.com\/noticias\/wp-json\/wp\/v2\/types\/post"}],"author":[{"embeddable":true,"href":"https:\/\/www.eldigitaldeasturias.com\/noticias\/wp-json\/wp\/v2\/users\/1"}],"replies":[{"embeddable":true,"href":"https:\/\/www.eldigitaldeasturias.com\/noticias\/wp-json\/wp\/v2\/comments?post=458643"}],"version-history":[{"count":0,"href":"https:\/\/www.eldigitaldeasturias.com\/noticias\/wp-json\/wp\/v2\/posts\/458643\/revisions"}],"wp:attachment":[{"href":"https:\/\/www.eldigitaldeasturias.com\/noticias\/wp-json\/wp\/v2\/media?parent=458643"}],"wp:term":[{"taxonomy":"category","embeddable":true,"href":"https:\/\/www.eldigitaldeasturias.com\/noticias\/wp-json\/wp\/v2\/categories?post=458643"},{"taxonomy":"post_tag","embeddable":true,"href":"https:\/\/www.eldigitaldeasturias.com\/noticias\/wp-json\/wp\/v2\/tags?post=458643"}],"curies":[{"name":"wp","href":"https:\/\/api.w.org\/{rel}","templated":true}]}}