{"id":458625,"date":"2013-12-06T02:58:11","date_gmt":"2013-12-06T03:58:11","guid":{"rendered":"http:\/\/www.eldigitaldeasturias.com\/noticias\/?p=458625"},"modified":"2013-12-06T02:58:11","modified_gmt":"2013-12-06T03:58:11","slug":"lluvia-de-albondigas-2-la-pelicula-que-teletransporta-a-la-infancia","status":"publish","type":"post","link":"https:\/\/www.eldigitaldeasturias.com\/noticias\/lluvia-de-albondigas-2-la-pelicula-que-teletransporta-a-la-infancia\/","title":{"rendered":"\u00abLluvia de alb\u00f3ndigas 2\u00bb, la pel\u00edcula que \u00abteletransporta a la infancia\u00bb"},"content":{"rendered":"<p><img loading=\"lazy\" decoding=\"async\" class=\"alignleft size-medium wp-image-458626\" alt=\"5774983w\" src=\"https:\/\/www.eldigitaldeasturias.com\/noticias\/wp-content\/uploads\/2013\/12\/5774983w-360x239.jpg\" width=\"360\" height=\"239\" \/>Madrid, 5 dic (EFE).- Santiago Segura, Carmen Machi, \u00darsula Corber\u00f3 y Dani Rovira, entre otros, ponen voz a los protagonistas de la pel\u00edcula de animaci\u00f3n \u00abLluvia de alb\u00f3ndigas 2\u00bb, que se estrena esta Navidad en los cines con unos personajes \u00abespa\u00f1olizados\u00bb que incluyen bromas propias del pa\u00eds.<\/p>\n<p>\u00abEsta es la segunda parte y me parece que es un poquito mejor que la primera, ser\u00e1 que la he doblado yo -comenta Corber\u00f3 entre risas-. Me ha encantado este trabajo porque me teletransporta a la infancia\u00bb, ha asegurado la actriz en una rueda de prensa.<\/p>\n<p>\u00abLluvia de alb\u00f3ndigas 2\u00bb acerca la historia de Flint Lockwoods, un inventor no muy h\u00e1bil, cuyo descubrimiento ha provocado una ca\u00f3tica lluvia de comida en el planeta, en la que los alimentos terminan por cobrar vida. Adem\u00e1s, Flint se tendr\u00e1 que enfrentar junto a sus amigos a las malvadas intenciones de un Chester V que es doblado por Santiago Segura.<\/p>\n<p>\u00abNo simpatizo con mi personaje. Me da un poco de rabia porque es malvado, es calvo y lo \u00fanico bueno de \u00e9l es que es gracioso. Representa lo malo, representa los intereses de las corporaciones\u00bb, argumenta el actor.<\/p>\n<p>Un relato sobre la importancia de la amistad que llega cargado de humor, en el que un grupo de amigos estar\u00e1 dispuesto a arriesgar su vida para salvar a estos alimentos con vida, mientras Chester V trata de aprovecharlos para el beneficio de su empresa.<\/p>\n<p>\u00abHa sido mi debut en el doblaje, es una forma de encontrarte en el cuerpo de otro, es una posesi\u00f3n rara. Es lo m\u00e1s cercano que voy a estar de ser un dibujo animado\u00bb, argumenta Rovira.<\/p>\n<p>Una pel\u00edcula que trata de hacer re\u00edr a los m\u00e1s peque\u00f1os a trav\u00e9s de las aventuras de este grupo de amigos y que incluye bromas destinadas al p\u00fablico adulto como la conocida frase \u00aba relaxing cup of caf\u00e9 con leche\u00bb.<\/p>\n<p>\u00abAunque te fijes en el tono del doblaje original, al final acabas llev\u00e1ndolo a tu terreno y espa\u00f1olizas a los personajes un poco\u00bb, argumenta Rovira.<\/p>\n<p>Una cinta con moraleja que llega cargada de humor, gracias a las aventuras de Flint, un ingenuo inventor que acaba luchando contra el que fue su \u00eddolo.<\/p>\n","protected":false},"excerpt":{"rendered":"<p>Madrid, 5 dic (EFE).- Santiago Segura, Carmen Machi, \u00darsula Corber\u00f3 y Dani Rovira, entre otros, ponen voz a los protagonistas de la pel\u00edcula de animaci\u00f3n \u00abLluvia de alb\u00f3ndigas 2\u00bb, que se estrena esta Navidad en los cines con unos personajes \u00abespa\u00f1olizados\u00bb que incluyen bromas propias del pa\u00eds. \u00abEsta es la segunda parte y me parece [&hellip;]<\/p>\n","protected":false},"author":1,"featured_media":458626,"comment_status":"closed","ping_status":"open","sticky":false,"template":"","format":"standard","meta":{"footnotes":""},"categories":[50],"tags":[],"class_list":["post-458625","post","type-post","status-publish","format-standard","has-post-thumbnail","hentry","category-revista-de-ocio"],"aioseo_notices":[],"aioseo_head":"\n\t\t<!-- All in One SEO Pro 5.0.1 - aioseo.com -->\n\t<meta name=\"description\" content=\"Madrid, 5 dic (EFE).- Santiago Segura, Carmen Machi, \u00darsula Corber\u00f3 y Dani Rovira, entre otros, ponen voz a los protagonistas de la pel\u00edcula de animaci\u00f3n &quot;Lluvia de alb\u00f3ndigas 2&quot;, que se estrena esta Navidad en los cines con unos personajes &quot;espa\u00f1olizados&quot; que incluyen bromas propias del pa\u00eds. &quot;Esta es la segunda parte y me parece\" \/>\n\t<meta name=\"robots\" content=\"max-image-preview:large\" \/>\n\t<meta name=\"author\" content=\"El Digital de Asturias\"\/>\n\t<meta name=\"google-site-verification\" content=\"UA-38556648-1\" \/>\n\t<meta name=\"msvalidate.01\" content=\"7dfe9f3f1b24437ab69f4f2559babe99\" \/>\n\t<meta name=\"keywords\" content=\"revista de ocio\" \/>\n\t<link rel=\"canonical\" href=\"https:\/\/www.eldigitaldeasturias.com\/noticias\/lluvia-de-albondigas-2-la-pelicula-que-teletransporta-a-la-infancia\/\" \/>\n\t<meta name=\"generator\" content=\"All in One SEO Pro (AIOSEO) 5.0.1\" \/>\n\t\t<meta property=\"og:locale\" content=\"es_ES\" \/>\n\t\t<meta property=\"og:site_name\" content=\"El Digital de Asturias\" \/>\n\t\t<meta property=\"og:type\" content=\"article\" \/>\n\t\t<meta property=\"og:title\" content=\"\u00abLluvia de alb\u00f3ndigas 2\u00bb, la pel\u00edcula que \u00abteletransporta a la infancia\u00bb - El Digital de Asturias\" \/>\n\t\t<meta property=\"og:description\" content=\"Madrid, 5 dic (EFE).- Santiago Segura, Carmen Machi, \u00darsula Corber\u00f3 y Dani Rovira, entre otros, ponen voz a los protagonistas de la pel\u00edcula de animaci\u00f3n &quot;Lluvia de alb\u00f3ndigas 2&quot;, que se estrena esta Navidad en los cines con unos personajes &quot;espa\u00f1olizados&quot; que incluyen bromas propias del pa\u00eds. &quot;Esta es la segunda parte y me parece\" \/>\n\t\t<meta property=\"og:url\" content=\"https:\/\/www.eldigitaldeasturias.com\/noticias\/lluvia-de-albondigas-2-la-pelicula-que-teletransporta-a-la-infancia\/\" \/>\n\t\t<meta property=\"article:tag\" content=\"revista de ocio\" \/>\n\t\t<meta property=\"article:published_time\" content=\"2013-12-06T03:58:11+00:00\" \/>\n\t\t<meta property=\"article:modified_time\" content=\"2013-12-06T03:58:11+00:00\" \/>\n\t\t<meta property=\"article:publisher\" content=\"https:\/\/facebook.com\/eldigitaldeasturias\" \/>\n\t\t<meta name=\"twitter:card\" content=\"summary_large_image\" \/>\n\t\t<meta name=\"twitter:title\" content=\"\u00abLluvia de alb\u00f3ndigas 2\u00bb, la pel\u00edcula que \u00abteletransporta a la infancia\u00bb - El Digital de Asturias\" \/>\n\t\t<meta name=\"twitter:description\" content=\"Madrid, 5 dic (EFE).- Santiago Segura, Carmen Machi, \u00darsula Corber\u00f3 y Dani Rovira, entre otros, ponen voz a los protagonistas de la pel\u00edcula de animaci\u00f3n &quot;Lluvia de alb\u00f3ndigas 2&quot;, que se estrena esta Navidad en los cines con unos personajes &quot;espa\u00f1olizados&quot; que incluyen bromas propias del pa\u00eds. &quot;Esta es la segunda parte y me parece\" \/>\n\t\t<meta name=\"twitter:label1\" content=\"Escrito por\" \/>\n\t\t<meta name=\"twitter:data1\" content=\"El Digital de Asturias\" \/>\n\t\t<meta name=\"twitter:label2\" content=\"Tiempo de lectura estimado\" \/>\n\t\t<meta name=\"twitter:data2\" content=\"2 minutos\" \/>\n\t\t<script type=\"application\/ld+json\" class=\"aioseo-schema\">\n\t\t\t{\"@context\":\"https:\\\/\\\/schema.org\",\"@graph\":[{\"@type\":\"BlogPosting\",\"@id\":\"https:\\\/\\\/www.eldigitaldeasturias.com\\\/noticias\\\/lluvia-de-albondigas-2-la-pelicula-que-teletransporta-a-la-infancia\\\/#blogposting\",\"name\":\"\\u00abLluvia de alb\\u00f3ndigas 2\\u00bb, la pel\\u00edcula que \\u00abteletransporta a la infancia\\u00bb - El Digital de Asturias\",\"headline\":\"\\u00abLluvia de alb\\u00f3ndigas 2\\u00bb, la pel\\u00edcula que \\u00abteletransporta a la infancia\\u00bb\",\"author\":{\"@id\":\"https:\\\/\\\/www.eldigitaldeasturias.com\\\/noticias\\\/author\\\/admin\\\/#author\"},\"publisher\":{\"@id\":\"https:\\\/\\\/www.eldigitaldeasturias.com\\\/noticias\\\/#organization\"},\"image\":{\"@type\":\"ImageObject\",\"url\":458626},\"datePublished\":\"2013-12-06T02:58:11+01:00\",\"dateModified\":\"2013-12-06T02:58:11+01:00\",\"inLanguage\":\"es-ES\",\"mainEntityOfPage\":{\"@id\":\"https:\\\/\\\/www.eldigitaldeasturias.com\\\/noticias\\\/lluvia-de-albondigas-2-la-pelicula-que-teletransporta-a-la-infancia\\\/#webpage\"},\"isPartOf\":{\"@id\":\"https:\\\/\\\/www.eldigitaldeasturias.com\\\/noticias\\\/lluvia-de-albondigas-2-la-pelicula-que-teletransporta-a-la-infancia\\\/#webpage\"},\"articleSection\":\"Revista de Ocio\"},{\"@type\":\"BreadcrumbList\",\"@id\":\"https:\\\/\\\/www.eldigitaldeasturias.com\\\/noticias\\\/lluvia-de-albondigas-2-la-pelicula-que-teletransporta-a-la-infancia\\\/#breadcrumblist\",\"itemListElement\":[{\"@type\":\"ListItem\",\"@id\":\"https:\\\/\\\/www.eldigitaldeasturias.com\\\/noticias#listItem\",\"position\":1,\"name\":\"Home\",\"item\":\"https:\\\/\\\/www.eldigitaldeasturias.com\\\/noticias\",\"nextItem\":{\"@type\":\"ListItem\",\"@id\":\"https:\\\/\\\/www.eldigitaldeasturias.com\\\/noticias\\\/category\\\/revista-de-ocio\\\/#listItem\",\"name\":\"Revista de Ocio\"}},{\"@type\":\"ListItem\",\"@id\":\"https:\\\/\\\/www.eldigitaldeasturias.com\\\/noticias\\\/category\\\/revista-de-ocio\\\/#listItem\",\"position\":2,\"name\":\"Revista de Ocio\",\"item\":\"https:\\\/\\\/www.eldigitaldeasturias.com\\\/noticias\\\/category\\\/revista-de-ocio\\\/\",\"nextItem\":{\"@type\":\"ListItem\",\"@id\":\"https:\\\/\\\/www.eldigitaldeasturias.com\\\/noticias\\\/lluvia-de-albondigas-2-la-pelicula-que-teletransporta-a-la-infancia\\\/#listItem\",\"name\":\"\\u00abLluvia de alb\\u00f3ndigas 2\\u00bb, la pel\\u00edcula que \\u00abteletransporta a la infancia\\u00bb\"},\"previousItem\":{\"@type\":\"ListItem\",\"@id\":\"https:\\\/\\\/www.eldigitaldeasturias.com\\\/noticias#listItem\",\"name\":\"Home\"}},{\"@type\":\"ListItem\",\"@id\":\"https:\\\/\\\/www.eldigitaldeasturias.com\\\/noticias\\\/lluvia-de-albondigas-2-la-pelicula-que-teletransporta-a-la-infancia\\\/#listItem\",\"position\":3,\"name\":\"\\u00abLluvia de alb\\u00f3ndigas 2\\u00bb, la pel\\u00edcula que \\u00abteletransporta a la infancia\\u00bb\",\"previousItem\":{\"@type\":\"ListItem\",\"@id\":\"https:\\\/\\\/www.eldigitaldeasturias.com\\\/noticias\\\/category\\\/revista-de-ocio\\\/#listItem\",\"name\":\"Revista de Ocio\"}}]},{\"@type\":\"Organization\",\"@id\":\"https:\\\/\\\/www.eldigitaldeasturias.com\\\/noticias\\\/#organization\",\"name\":\"El Digital de Asturias\",\"description\":\"Hemeroteca\",\"url\":\"https:\\\/\\\/www.eldigitaldeasturias.com\\\/noticias\\\/\",\"email\":\"info@eldigitaldeasturias.com\",\"telephone\":\"+34652131393\",\"logo\":{\"@type\":\"ImageObject\",\"url\":\"https:\\\/\\\/www.eldigitaldeasturias.com\\\/noticias\\\/wp-content\\\/uploads\\\/2020\\\/12\\\/EDA.jpg\",\"@id\":\"https:\\\/\\\/www.eldigitaldeasturias.com\\\/noticias\\\/lluvia-de-albondigas-2-la-pelicula-que-teletransporta-a-la-infancia\\\/#organizationLogo\"},\"image\":{\"@id\":\"https:\\\/\\\/www.eldigitaldeasturias.com\\\/noticias\\\/lluvia-de-albondigas-2-la-pelicula-que-teletransporta-a-la-infancia\\\/#organizationLogo\"},\"sameAs\":[\"https:\\\/\\\/facebook.com\\\/eldigitaldeasturias\",\"https:\\\/\\\/www.youtube.com\\\/channel\\\/UCZP-2wLEB9Rv6erhFmqVnvg\"],\"address\":{\"@id\":\"https:\\\/\\\/www.eldigitaldeasturias.com\\\/noticias\\\/#postaladdress\",\"@type\":\"PostalAddress\",\"streetAddress\":\"san antonio 4\",\"postalCode\":\"33430\",\"addressLocality\":\"Cand\\u00e1s\",\"addressRegion\":\"Asturias\",\"addressCountry\":\"ES\"}},{\"@type\":\"Person\",\"@id\":\"https:\\\/\\\/www.eldigitaldeasturias.com\\\/noticias\\\/author\\\/admin\\\/#author\",\"url\":\"https:\\\/\\\/www.eldigitaldeasturias.com\\\/noticias\\\/author\\\/admin\\\/\",\"name\":\"El Digital de Asturias\",\"image\":{\"@type\":\"ImageObject\",\"@id\":\"https:\\\/\\\/www.eldigitaldeasturias.com\\\/noticias\\\/lluvia-de-albondigas-2-la-pelicula-que-teletransporta-a-la-infancia\\\/#authorImage\",\"url\":\"https:\\\/\\\/secure.gravatar.com\\\/avatar\\\/df2aeffc32bcd13f8d26072ef8a91b623d677766deac7f97ca815868cd41bf5e?s=96&d=mm&r=g\",\"width\":96,\"height\":96,\"caption\":\"El Digital de Asturias\"}},{\"@type\":\"WebPage\",\"@id\":\"https:\\\/\\\/www.eldigitaldeasturias.com\\\/noticias\\\/lluvia-de-albondigas-2-la-pelicula-que-teletransporta-a-la-infancia\\\/#webpage\",\"url\":\"https:\\\/\\\/www.eldigitaldeasturias.com\\\/noticias\\\/lluvia-de-albondigas-2-la-pelicula-que-teletransporta-a-la-infancia\\\/\",\"name\":\"\\u00abLluvia de alb\\u00f3ndigas 2\\u00bb, la pel\\u00edcula que \\u00abteletransporta a la infancia\\u00bb - El Digital de Asturias\",\"description\":\"Madrid, 5 dic (EFE).- Santiago Segura, Carmen Machi, \\u00darsula Corber\\u00f3 y Dani Rovira, entre otros, ponen voz a los protagonistas de la pel\\u00edcula de animaci\\u00f3n \\\"Lluvia de alb\\u00f3ndigas 2\\\", que se estrena esta Navidad en los cines con unos personajes \\\"espa\\u00f1olizados\\\" que incluyen bromas propias del pa\\u00eds. \\\"Esta es la segunda parte y me parece\",\"inLanguage\":\"es-ES\",\"isPartOf\":{\"@id\":\"https:\\\/\\\/www.eldigitaldeasturias.com\\\/noticias\\\/#website\"},\"breadcrumb\":{\"@id\":\"https:\\\/\\\/www.eldigitaldeasturias.com\\\/noticias\\\/lluvia-de-albondigas-2-la-pelicula-que-teletransporta-a-la-infancia\\\/#breadcrumblist\"},\"author\":{\"@id\":\"https:\\\/\\\/www.eldigitaldeasturias.com\\\/noticias\\\/author\\\/admin\\\/#author\"},\"creator\":{\"@id\":\"https:\\\/\\\/www.eldigitaldeasturias.com\\\/noticias\\\/author\\\/admin\\\/#author\"},\"image\":{\"@type\":\"ImageObject\",\"url\":458626,\"@id\":\"https:\\\/\\\/www.eldigitaldeasturias.com\\\/noticias\\\/lluvia-de-albondigas-2-la-pelicula-que-teletransporta-a-la-infancia\\\/#mainImage\"},\"primaryImageOfPage\":{\"@id\":\"https:\\\/\\\/www.eldigitaldeasturias.com\\\/noticias\\\/lluvia-de-albondigas-2-la-pelicula-que-teletransporta-a-la-infancia\\\/#mainImage\"},\"datePublished\":\"2013-12-06T02:58:11+01:00\",\"dateModified\":\"2013-12-06T02:58:11+01:00\"},{\"@type\":\"WebSite\",\"@id\":\"https:\\\/\\\/www.eldigitaldeasturias.com\\\/noticias\\\/#website\",\"url\":\"https:\\\/\\\/www.eldigitaldeasturias.com\\\/noticias\\\/\",\"name\":\"El Digital de Asturias - Diario de actualidad y noticias\",\"alternateName\":\"El Digital de Asturias - Diario de actualidad y noticias\",\"description\":\"Hemeroteca\",\"inLanguage\":\"es-ES\",\"publisher\":{\"@id\":\"https:\\\/\\\/www.eldigitaldeasturias.com\\\/noticias\\\/#organization\"}}]}\n\t\t<\/script>\n\t\t<!-- All in One SEO Pro -->\r\n\t\t<title>\u00abLluvia de alb\u00f3ndigas 2\u00bb, la pel\u00edcula que \u00abteletransporta a la infancia\u00bb - El Digital de Asturias<\/title>\n\n","aioseo_head_json":{"title":"\u00abLluvia de alb\u00f3ndigas 2\u00bb, la pel\u00edcula que \u00abteletransporta a la infancia\u00bb - El Digital de Asturias","description":"Madrid, 5 dic (EFE).- Santiago Segura, Carmen Machi, \u00darsula Corber\u00f3 y Dani Rovira, entre otros, ponen voz a los protagonistas de la pel\u00edcula de animaci\u00f3n \"Lluvia de alb\u00f3ndigas 2\", que se estrena esta Navidad en los cines con unos personajes \"espa\u00f1olizados\" que incluyen bromas propias del pa\u00eds. \"Esta es la segunda parte y me parece","canonical_url":"https:\/\/www.eldigitaldeasturias.com\/noticias\/lluvia-de-albondigas-2-la-pelicula-que-teletransporta-a-la-infancia\/","robots":"max-image-preview:large","keywords":"revista de ocio","webmasterTools":{"google-site-verification":"UA-38556648-1","msvalidate.01":"7dfe9f3f1b24437ab69f4f2559babe99","miscellaneous":""},"schema":{"@context":"https:\/\/schema.org","@graph":[{"@type":"BlogPosting","@id":"https:\/\/www.eldigitaldeasturias.com\/noticias\/lluvia-de-albondigas-2-la-pelicula-que-teletransporta-a-la-infancia\/#blogposting","name":"\u00abLluvia de alb\u00f3ndigas 2\u00bb, la pel\u00edcula que \u00abteletransporta a la infancia\u00bb - El Digital de Asturias","headline":"\u00abLluvia de alb\u00f3ndigas 2\u00bb, la pel\u00edcula que \u00abteletransporta a la infancia\u00bb","author":{"@id":"https:\/\/www.eldigitaldeasturias.com\/noticias\/author\/admin\/#author"},"publisher":{"@id":"https:\/\/www.eldigitaldeasturias.com\/noticias\/#organization"},"image":{"@type":"ImageObject","url":458626},"datePublished":"2013-12-06T02:58:11+01:00","dateModified":"2013-12-06T02:58:11+01:00","inLanguage":"es-ES","mainEntityOfPage":{"@id":"https:\/\/www.eldigitaldeasturias.com\/noticias\/lluvia-de-albondigas-2-la-pelicula-que-teletransporta-a-la-infancia\/#webpage"},"isPartOf":{"@id":"https:\/\/www.eldigitaldeasturias.com\/noticias\/lluvia-de-albondigas-2-la-pelicula-que-teletransporta-a-la-infancia\/#webpage"},"articleSection":"Revista de Ocio"},{"@type":"BreadcrumbList","@id":"https:\/\/www.eldigitaldeasturias.com\/noticias\/lluvia-de-albondigas-2-la-pelicula-que-teletransporta-a-la-infancia\/#breadcrumblist","itemListElement":[{"@type":"ListItem","@id":"https:\/\/www.eldigitaldeasturias.com\/noticias#listItem","position":1,"name":"Home","item":"https:\/\/www.eldigitaldeasturias.com\/noticias","nextItem":{"@type":"ListItem","@id":"https:\/\/www.eldigitaldeasturias.com\/noticias\/category\/revista-de-ocio\/#listItem","name":"Revista de Ocio"}},{"@type":"ListItem","@id":"https:\/\/www.eldigitaldeasturias.com\/noticias\/category\/revista-de-ocio\/#listItem","position":2,"name":"Revista de Ocio","item":"https:\/\/www.eldigitaldeasturias.com\/noticias\/category\/revista-de-ocio\/","nextItem":{"@type":"ListItem","@id":"https:\/\/www.eldigitaldeasturias.com\/noticias\/lluvia-de-albondigas-2-la-pelicula-que-teletransporta-a-la-infancia\/#listItem","name":"\u00abLluvia de alb\u00f3ndigas 2\u00bb, la pel\u00edcula que \u00abteletransporta a la infancia\u00bb"},"previousItem":{"@type":"ListItem","@id":"https:\/\/www.eldigitaldeasturias.com\/noticias#listItem","name":"Home"}},{"@type":"ListItem","@id":"https:\/\/www.eldigitaldeasturias.com\/noticias\/lluvia-de-albondigas-2-la-pelicula-que-teletransporta-a-la-infancia\/#listItem","position":3,"name":"\u00abLluvia de alb\u00f3ndigas 2\u00bb, la pel\u00edcula que \u00abteletransporta a la infancia\u00bb","previousItem":{"@type":"ListItem","@id":"https:\/\/www.eldigitaldeasturias.com\/noticias\/category\/revista-de-ocio\/#listItem","name":"Revista de Ocio"}}]},{"@type":"Organization","@id":"https:\/\/www.eldigitaldeasturias.com\/noticias\/#organization","name":"El Digital de Asturias","description":"Hemeroteca","url":"https:\/\/www.eldigitaldeasturias.com\/noticias\/","email":"info@eldigitaldeasturias.com","telephone":"+34652131393","logo":{"@type":"ImageObject","url":"https:\/\/www.eldigitaldeasturias.com\/noticias\/wp-content\/uploads\/2020\/12\/EDA.jpg","@id":"https:\/\/www.eldigitaldeasturias.com\/noticias\/lluvia-de-albondigas-2-la-pelicula-que-teletransporta-a-la-infancia\/#organizationLogo"},"image":{"@id":"https:\/\/www.eldigitaldeasturias.com\/noticias\/lluvia-de-albondigas-2-la-pelicula-que-teletransporta-a-la-infancia\/#organizationLogo"},"sameAs":["https:\/\/facebook.com\/eldigitaldeasturias","https:\/\/www.youtube.com\/channel\/UCZP-2wLEB9Rv6erhFmqVnvg"],"address":{"@id":"https:\/\/www.eldigitaldeasturias.com\/noticias\/#postaladdress","@type":"PostalAddress","streetAddress":"san antonio 4","postalCode":"33430","addressLocality":"Cand\u00e1s","addressRegion":"Asturias","addressCountry":"ES"}},{"@type":"Person","@id":"https:\/\/www.eldigitaldeasturias.com\/noticias\/author\/admin\/#author","url":"https:\/\/www.eldigitaldeasturias.com\/noticias\/author\/admin\/","name":"El Digital de Asturias","image":{"@type":"ImageObject","@id":"https:\/\/www.eldigitaldeasturias.com\/noticias\/lluvia-de-albondigas-2-la-pelicula-que-teletransporta-a-la-infancia\/#authorImage","url":"https:\/\/secure.gravatar.com\/avatar\/df2aeffc32bcd13f8d26072ef8a91b623d677766deac7f97ca815868cd41bf5e?s=96&d=mm&r=g","width":96,"height":96,"caption":"El Digital de Asturias"}},{"@type":"WebPage","@id":"https:\/\/www.eldigitaldeasturias.com\/noticias\/lluvia-de-albondigas-2-la-pelicula-que-teletransporta-a-la-infancia\/#webpage","url":"https:\/\/www.eldigitaldeasturias.com\/noticias\/lluvia-de-albondigas-2-la-pelicula-que-teletransporta-a-la-infancia\/","name":"\u00abLluvia de alb\u00f3ndigas 2\u00bb, la pel\u00edcula que \u00abteletransporta a la infancia\u00bb - El Digital de Asturias","description":"Madrid, 5 dic (EFE).- Santiago Segura, Carmen Machi, \u00darsula Corber\u00f3 y Dani Rovira, entre otros, ponen voz a los protagonistas de la pel\u00edcula de animaci\u00f3n \"Lluvia de alb\u00f3ndigas 2\", que se estrena esta Navidad en los cines con unos personajes \"espa\u00f1olizados\" que incluyen bromas propias del pa\u00eds. \"Esta es la segunda parte y me parece","inLanguage":"es-ES","isPartOf":{"@id":"https:\/\/www.eldigitaldeasturias.com\/noticias\/#website"},"breadcrumb":{"@id":"https:\/\/www.eldigitaldeasturias.com\/noticias\/lluvia-de-albondigas-2-la-pelicula-que-teletransporta-a-la-infancia\/#breadcrumblist"},"author":{"@id":"https:\/\/www.eldigitaldeasturias.com\/noticias\/author\/admin\/#author"},"creator":{"@id":"https:\/\/www.eldigitaldeasturias.com\/noticias\/author\/admin\/#author"},"image":{"@type":"ImageObject","url":458626,"@id":"https:\/\/www.eldigitaldeasturias.com\/noticias\/lluvia-de-albondigas-2-la-pelicula-que-teletransporta-a-la-infancia\/#mainImage"},"primaryImageOfPage":{"@id":"https:\/\/www.eldigitaldeasturias.com\/noticias\/lluvia-de-albondigas-2-la-pelicula-que-teletransporta-a-la-infancia\/#mainImage"},"datePublished":"2013-12-06T02:58:11+01:00","dateModified":"2013-12-06T02:58:11+01:00"},{"@type":"WebSite","@id":"https:\/\/www.eldigitaldeasturias.com\/noticias\/#website","url":"https:\/\/www.eldigitaldeasturias.com\/noticias\/","name":"El Digital de Asturias - Diario de actualidad y noticias","alternateName":"El Digital de Asturias - Diario de actualidad y noticias","description":"Hemeroteca","inLanguage":"es-ES","publisher":{"@id":"https:\/\/www.eldigitaldeasturias.com\/noticias\/#organization"}}]},"og:locale":"es_ES","og:site_name":"El Digital de Asturias","og:type":"article","og:title":"\u00abLluvia de alb\u00f3ndigas 2\u00bb, la pel\u00edcula que \u00abteletransporta a la infancia\u00bb - El Digital de Asturias","og:description":"Madrid, 5 dic (EFE).- Santiago Segura, Carmen Machi, \u00darsula Corber\u00f3 y Dani Rovira, entre otros, ponen voz a los protagonistas de la pel\u00edcula de animaci\u00f3n &quot;Lluvia de alb\u00f3ndigas 2&quot;, que se estrena esta Navidad en los cines con unos personajes &quot;espa\u00f1olizados&quot; que incluyen bromas propias del pa\u00eds. &quot;Esta es la segunda parte y me parece","og:url":"https:\/\/www.eldigitaldeasturias.com\/noticias\/lluvia-de-albondigas-2-la-pelicula-que-teletransporta-a-la-infancia\/","article:tag":["revista de ocio"],"article:published_time":"2013-12-06T03:58:11+00:00","article:modified_time":"2013-12-06T03:58:11+00:00","article:publisher":"https:\/\/facebook.com\/eldigitaldeasturias","twitter:card":"summary_large_image","twitter:title":"\u00abLluvia de alb\u00f3ndigas 2\u00bb, la pel\u00edcula que \u00abteletransporta a la infancia\u00bb - El Digital de Asturias","twitter:description":"Madrid, 5 dic (EFE).- Santiago Segura, Carmen Machi, \u00darsula Corber\u00f3 y Dani Rovira, entre otros, ponen voz a los protagonistas de la pel\u00edcula de animaci\u00f3n &quot;Lluvia de alb\u00f3ndigas 2&quot;, que se estrena esta Navidad en los cines con unos personajes &quot;espa\u00f1olizados&quot; que incluyen bromas propias del pa\u00eds. &quot;Esta es la segunda parte y me parece","twitter:label1":"Escrito por","twitter:data1":"El Digital de Asturias","twitter:label2":"Tiempo de lectura estimado","twitter:data2":"2 minutos"},"aioseo_meta_data":{"post_id":"458625","title":null,"description":null,"keywords":null,"keyphrases":null,"primary_term":null,"canonical_url":null,"og_title":null,"og_description":null,"og_object_type":"default","og_image_type":"default","og_image_url":null,"og_image_width":null,"og_image_height":null,"og_image_custom_url":null,"og_image_custom_fields":null,"og_video":null,"og_custom_url":null,"og_article_section":null,"og_article_tags":null,"twitter_use_og":true,"twitter_card":"default","twitter_image_type":"default","twitter_image_url":null,"twitter_image_custom_url":null,"twitter_image_custom_fields":null,"twitter_title":null,"twitter_description":null,"schema":{"blockGraphs":[],"customGraphs":[],"default":{"data":{"Article":[],"Course":[],"Dataset":[],"FAQPage":[],"Movie":[],"Person":[],"Product":[],"ProductReview":[],"Car":[],"Recipe":[],"Service":[],"SoftwareApplication":[],"WebPage":[]},"graphName":"","isEnabled":true},"graphs":[],"defaultGraph":"","defaultPostTypeGraph":""},"schema_type":null,"schema_type_options":null,"pillar_content":false,"robots_default":true,"robots_noindex":false,"robots_noarchive":false,"robots_nosnippet":false,"robots_nofollow":false,"robots_noimageindex":false,"robots_noodp":false,"robots_notranslate":false,"robots_max_snippet":null,"robots_max_videopreview":null,"robots_max_imagepreview":"none","priority":null,"frequency":null,"local_seo":null,"seo_analyzer_scan_date":"2026-05-30 06:14:26","breadcrumb_settings":null,"limit_modified_date":false,"open_ai":null,"ai":null,"created":"2020-11-14 22:46:22","updated":"2026-05-30 06:14:26","focus_keyword":null,"additional_keywords":null,"truseo_locale":null},"aioseo_breadcrumb":"<div class=\"aioseo-breadcrumbs\"><span class=\"aioseo-breadcrumb\">\n\t<a href=\"https:\/\/www.eldigitaldeasturias.com\/noticias\" title=\"Home\">Home<\/a>\n<\/span><span class=\"aioseo-breadcrumb-separator\">\u2013<\/span><span class=\"aioseo-breadcrumb\">\n\t<a href=\"https:\/\/www.eldigitaldeasturias.com\/noticias\/category\/revista-de-ocio\/\" title=\"Revista de Ocio\">Revista de Ocio<\/a>\n<\/span><span class=\"aioseo-breadcrumb-separator\">\u2013<\/span><span class=\"aioseo-breadcrumb\">\n\t<a href=\"https:\/\/www.eldigitaldeasturias.com\/noticias\/lluvia-de-albondigas-2-la-pelicula-que-teletransporta-a-la-infancia\/\" title=\"\u00abLluvia de alb\u00f3ndigas 2\u00bb, la pel\u00edcula que \u00abteletransporta a la infancia\u00bb\">\u00abLluvia de alb\u00f3ndigas 2\u00bb, la pel\u00edcula que \u00abteletransporta a la infancia\u00bb<\/a>\n<\/span><\/div>","aioseo_breadcrumb_json":[{"label":"Home","link":"https:\/\/www.eldigitaldeasturias.com\/noticias"},{"label":"Revista de Ocio","link":"https:\/\/www.eldigitaldeasturias.com\/noticias\/category\/revista-de-ocio\/"},{"label":"\u00abLluvia de alb\u00f3ndigas 2\u00bb, la pel\u00edcula que \u00abteletransporta a la infancia\u00bb","link":"https:\/\/www.eldigitaldeasturias.com\/noticias\/lluvia-de-albondigas-2-la-pelicula-que-teletransporta-a-la-infancia\/"}],"_links":{"self":[{"href":"https:\/\/www.eldigitaldeasturias.com\/noticias\/wp-json\/wp\/v2\/posts\/458625","targetHints":{"allow":["GET"]}}],"collection":[{"href":"https:\/\/www.eldigitaldeasturias.com\/noticias\/wp-json\/wp\/v2\/posts"}],"about":[{"href":"https:\/\/www.eldigitaldeasturias.com\/noticias\/wp-json\/wp\/v2\/types\/post"}],"author":[{"embeddable":true,"href":"https:\/\/www.eldigitaldeasturias.com\/noticias\/wp-json\/wp\/v2\/users\/1"}],"replies":[{"embeddable":true,"href":"https:\/\/www.eldigitaldeasturias.com\/noticias\/wp-json\/wp\/v2\/comments?post=458625"}],"version-history":[{"count":0,"href":"https:\/\/www.eldigitaldeasturias.com\/noticias\/wp-json\/wp\/v2\/posts\/458625\/revisions"}],"wp:attachment":[{"href":"https:\/\/www.eldigitaldeasturias.com\/noticias\/wp-json\/wp\/v2\/media?parent=458625"}],"wp:term":[{"taxonomy":"category","embeddable":true,"href":"https:\/\/www.eldigitaldeasturias.com\/noticias\/wp-json\/wp\/v2\/categories?post=458625"},{"taxonomy":"post_tag","embeddable":true,"href":"https:\/\/www.eldigitaldeasturias.com\/noticias\/wp-json\/wp\/v2\/tags?post=458625"}],"curies":[{"name":"wp","href":"https:\/\/api.w.org\/{rel}","templated":true}]}}