{"id":458534,"date":"2013-12-06T01:35:56","date_gmt":"2013-12-06T02:35:56","guid":{"rendered":"http:\/\/www.eldigitaldeasturias.com\/noticias\/?p=458534"},"modified":"2013-12-06T01:35:56","modified_gmt":"2013-12-06T02:35:56","slug":"mandela-el-hombre-que-llevo-a-sudafrica-el-mundial-que-conquisto-espana","status":"publish","type":"post","link":"https:\/\/www.eldigitaldeasturias.com\/noticias\/mandela-el-hombre-que-llevo-a-sudafrica-el-mundial-que-conquisto-espana\/","title":{"rendered":"Mandela, el hombre que llev\u00f3 a Sud\u00e1frica el Mundial que conquist\u00f3 Espa\u00f1a"},"content":{"rendered":"<p><img loading=\"lazy\" decoding=\"async\" class=\"alignleft size-medium wp-image-458535\" alt=\"5775837w\" src=\"https:\/\/www.eldigitaldeasturias.com\/noticias\/wp-content\/uploads\/2013\/12\/5775837w-360x259.jpg\" width=\"360\" height=\"259\" \/>Madrid, 5 dic EFE).- Nelson Mandela, fallecido hoy a los 95 a\u00f1os, honr\u00f3 con su presencia, el 11 de julio del 2010, el mayor \u00e9xito conseguido por el deporte espa\u00f1ol en toda su historia, la conquista de la Copa del Mundo de f\u00fatbol de Sud\u00e1frica.<\/p>\n<p>Aqu\u00e9l d\u00eda, en el abarrotado estadio Soccer City de Johannesburgo donde las selecciones de Espa\u00f1a y de Holanda iban a dirimir el t\u00edtulo, el expresidente y Premio Nobel de la Paz Mandela vivi\u00f3 su \u00faltima aparici\u00f3n p\u00fablica.<\/p>\n<p>Despu\u00e9s de varios d\u00edas de incertidumbre sobre la posibilidad de que Madiba, enfermo por aquellos d\u00edas y a punto de cumplir 92 a\u00f1os, asistiera a la ceremonia de clausura del Mundial, acudi\u00f3 al Soccer City, aunque los aficionados solo pudieron disfrutar de su presencia unos minutos debido a su delicado estado de salud.<\/p>\n<p>Un d\u00eda despu\u00e9s de que Espa\u00f1a conquistara la preciada copa con el gol de Andr\u00e9s Iniesta a punto de expirar la pr\u00f3rroga (m.116) frente a Holanda, el presidente de la FIFA, el suizo Joseph Blatter, rindi\u00f3 homenaje al ex presidente sudafricano.<\/p>\n<p>\u00abFue Nelson Mandela quien trajo el Mundial a Sud\u00e1frica, una persona que cuando sali\u00f3 de la c\u00e1rcel pidi\u00f3 paz, comprensi\u00f3n y generosidad para el pa\u00eds, afirm\u00f3 Blatter en la rueda de prensa de clausura del torneo.<\/p>\n<p>\u00ab\u00c9l nos dijo hace a\u00f1os\u00bb, prosigui\u00f3, \u00abque ten\u00eda un sue\u00f1o: que el Mundial viniera a Sud\u00e1frica. \u00c9l fue quien lo trajo. En la ceremonia de apertura no pudo estar porque estaba reciente la muerte de su biznieta, pero en la clausura, su presencia fue un momento muy especial\u00bb, confes\u00f3.<\/p>\n<p>El principal icono de Sud\u00e1frica y s\u00edmbolo por excelencia de la liberaci\u00f3n recibi\u00f3 tambi\u00e9n a los jugadores de la selecci\u00f3n sudafricana que dirig\u00eda entonces el brasile\u00f1o Carlos Alberto Parreira, que profirieron hurras en su honor al ritmo de la canci\u00f3n \u00abNelson Mandela, no hay nadie como t\u00fa\u00bb.<\/p>\n<p>Mandela asisti\u00f3 a la inauguraci\u00f3n y a la clausura del Mundial y entretanto, su presencia espiritual domin\u00f3 todo el campeonato.<\/p>\n<p>El bal\u00f3n oficial de la final, por nombre \u00abJobulani\u00bb, fue subastado a beneficio de la Fundaci\u00f3n que lleva su nombre junto a otros art\u00edculos del Mundial, entre ellos cuadros firmados por algunos de los integrantes de las selecciones internacionales, como el espa\u00f1ol David Villa o el argentino Leo Messi.<\/p>\n<p>A Mandela, un hombre que supo hacer del deporte un puente de uni\u00f3n entre diferentes razas y credos, se le atribu\u00edan en Sud\u00e1frica poderes especiales. Nadie olvidaba que con \u00e9l en el campo consiguieron los &#8216;Springboks&#8217; conquistar el Mundial de rugby en 1995 y los &#8216;Bafana&#8217; la Copa de \u00c1frica de f\u00fatbol 1996.<\/p>\n<p>Por Jos\u00e9 Antonio Diego<\/p>\n","protected":false},"excerpt":{"rendered":"<p>Madrid, 5 dic EFE).- Nelson Mandela, fallecido hoy a los 95 a\u00f1os, honr\u00f3 con su presencia, el 11 de julio del 2010, el mayor \u00e9xito conseguido por el deporte espa\u00f1ol en toda su historia, la conquista de la Copa del Mundo de f\u00fatbol de Sud\u00e1frica. Aqu\u00e9l d\u00eda, en el abarrotado estadio Soccer City de Johannesburgo [&hellip;]<\/p>\n","protected":false},"author":1,"featured_media":458535,"comment_status":"closed","ping_status":"open","sticky":false,"template":"","format":"standard","meta":{"footnotes":""},"categories":[28],"tags":[],"class_list":["post-458534","post","type-post","status-publish","format-standard","has-post-thumbnail","hentry","category-sociedad"],"aioseo_notices":[],"aioseo_head":"\n\t\t<!-- All in One SEO Pro 5.0.1 - aioseo.com -->\n\t<meta name=\"description\" content=\"Madrid, 5 dic EFE).- Nelson Mandela, fallecido hoy a los 95 a\u00f1os, honr\u00f3 con su presencia, el 11 de julio del 2010, el mayor \u00e9xito conseguido por el deporte espa\u00f1ol en toda su historia, la conquista de la Copa del Mundo de f\u00fatbol de Sud\u00e1frica. Aqu\u00e9l d\u00eda, en el abarrotado estadio Soccer City de Johannesburgo\" \/>\n\t<meta name=\"robots\" content=\"max-image-preview:large\" \/>\n\t<meta name=\"author\" content=\"El Digital de Asturias\"\/>\n\t<meta name=\"google-site-verification\" content=\"UA-38556648-1\" \/>\n\t<meta name=\"msvalidate.01\" content=\"7dfe9f3f1b24437ab69f4f2559babe99\" \/>\n\t<meta name=\"keywords\" content=\"sociedad\" \/>\n\t<link rel=\"canonical\" href=\"https:\/\/www.eldigitaldeasturias.com\/noticias\/mandela-el-hombre-que-llevo-a-sudafrica-el-mundial-que-conquisto-espana\/\" \/>\n\t<meta name=\"generator\" content=\"All in One SEO Pro (AIOSEO) 5.0.1\" \/>\n\t\t<meta property=\"og:locale\" content=\"es_ES\" \/>\n\t\t<meta property=\"og:site_name\" content=\"El Digital de Asturias\" \/>\n\t\t<meta property=\"og:type\" content=\"article\" \/>\n\t\t<meta property=\"og:title\" content=\"Mandela, el hombre que llev\u00f3 a Sud\u00e1frica el Mundial que conquist\u00f3 Espa\u00f1a - El Digital de Asturias\" \/>\n\t\t<meta property=\"og:description\" content=\"Madrid, 5 dic EFE).- Nelson Mandela, fallecido hoy a los 95 a\u00f1os, honr\u00f3 con su presencia, el 11 de julio del 2010, el mayor \u00e9xito conseguido por el deporte espa\u00f1ol en toda su historia, la conquista de la Copa del Mundo de f\u00fatbol de Sud\u00e1frica. Aqu\u00e9l d\u00eda, en el abarrotado estadio Soccer City de Johannesburgo\" \/>\n\t\t<meta property=\"og:url\" content=\"https:\/\/www.eldigitaldeasturias.com\/noticias\/mandela-el-hombre-que-llevo-a-sudafrica-el-mundial-que-conquisto-espana\/\" \/>\n\t\t<meta property=\"article:tag\" content=\"sociedad\" \/>\n\t\t<meta property=\"article:published_time\" content=\"2013-12-06T02:35:56+00:00\" \/>\n\t\t<meta property=\"article:modified_time\" content=\"2013-12-06T02:35:56+00:00\" \/>\n\t\t<meta property=\"article:publisher\" content=\"https:\/\/facebook.com\/eldigitaldeasturias\" \/>\n\t\t<meta name=\"twitter:card\" content=\"summary_large_image\" \/>\n\t\t<meta name=\"twitter:title\" content=\"Mandela, el hombre que llev\u00f3 a Sud\u00e1frica el Mundial que conquist\u00f3 Espa\u00f1a - El Digital de Asturias\" \/>\n\t\t<meta name=\"twitter:description\" content=\"Madrid, 5 dic EFE).- Nelson Mandela, fallecido hoy a los 95 a\u00f1os, honr\u00f3 con su presencia, el 11 de julio del 2010, el mayor \u00e9xito conseguido por el deporte espa\u00f1ol en toda su historia, la conquista de la Copa del Mundo de f\u00fatbol de Sud\u00e1frica. Aqu\u00e9l d\u00eda, en el abarrotado estadio Soccer City de Johannesburgo\" \/>\n\t\t<meta name=\"twitter:label1\" content=\"Escrito por\" \/>\n\t\t<meta name=\"twitter:data1\" content=\"El Digital de Asturias\" \/>\n\t\t<meta name=\"twitter:label2\" content=\"Tiempo de lectura estimado\" \/>\n\t\t<meta name=\"twitter:data2\" content=\"2 minutos\" \/>\n\t\t<script type=\"application\/ld+json\" class=\"aioseo-schema\">\n\t\t\t{\"@context\":\"https:\\\/\\\/schema.org\",\"@graph\":[{\"@type\":\"BlogPosting\",\"@id\":\"https:\\\/\\\/www.eldigitaldeasturias.com\\\/noticias\\\/mandela-el-hombre-que-llevo-a-sudafrica-el-mundial-que-conquisto-espana\\\/#blogposting\",\"name\":\"Mandela, el hombre que llev\\u00f3 a Sud\\u00e1frica el Mundial que conquist\\u00f3 Espa\\u00f1a - El Digital de Asturias\",\"headline\":\"Mandela, el hombre que llev\\u00f3 a Sud\\u00e1frica el Mundial que conquist\\u00f3 Espa\\u00f1a\",\"author\":{\"@id\":\"https:\\\/\\\/www.eldigitaldeasturias.com\\\/noticias\\\/author\\\/admin\\\/#author\"},\"publisher\":{\"@id\":\"https:\\\/\\\/www.eldigitaldeasturias.com\\\/noticias\\\/#organization\"},\"image\":{\"@type\":\"ImageObject\",\"url\":458535},\"datePublished\":\"2013-12-06T01:35:56+01:00\",\"dateModified\":\"2013-12-06T01:35:56+01:00\",\"inLanguage\":\"es-ES\",\"mainEntityOfPage\":{\"@id\":\"https:\\\/\\\/www.eldigitaldeasturias.com\\\/noticias\\\/mandela-el-hombre-que-llevo-a-sudafrica-el-mundial-que-conquisto-espana\\\/#webpage\"},\"isPartOf\":{\"@id\":\"https:\\\/\\\/www.eldigitaldeasturias.com\\\/noticias\\\/mandela-el-hombre-que-llevo-a-sudafrica-el-mundial-que-conquisto-espana\\\/#webpage\"},\"articleSection\":\"Sociedad\"},{\"@type\":\"BreadcrumbList\",\"@id\":\"https:\\\/\\\/www.eldigitaldeasturias.com\\\/noticias\\\/mandela-el-hombre-que-llevo-a-sudafrica-el-mundial-que-conquisto-espana\\\/#breadcrumblist\",\"itemListElement\":[{\"@type\":\"ListItem\",\"@id\":\"https:\\\/\\\/www.eldigitaldeasturias.com\\\/noticias#listItem\",\"position\":1,\"name\":\"Home\",\"item\":\"https:\\\/\\\/www.eldigitaldeasturias.com\\\/noticias\",\"nextItem\":{\"@type\":\"ListItem\",\"@id\":\"https:\\\/\\\/www.eldigitaldeasturias.com\\\/noticias\\\/category\\\/sociedad\\\/#listItem\",\"name\":\"Sociedad\"}},{\"@type\":\"ListItem\",\"@id\":\"https:\\\/\\\/www.eldigitaldeasturias.com\\\/noticias\\\/category\\\/sociedad\\\/#listItem\",\"position\":2,\"name\":\"Sociedad\",\"item\":\"https:\\\/\\\/www.eldigitaldeasturias.com\\\/noticias\\\/category\\\/sociedad\\\/\",\"nextItem\":{\"@type\":\"ListItem\",\"@id\":\"https:\\\/\\\/www.eldigitaldeasturias.com\\\/noticias\\\/mandela-el-hombre-que-llevo-a-sudafrica-el-mundial-que-conquisto-espana\\\/#listItem\",\"name\":\"Mandela, el hombre que llev\\u00f3 a Sud\\u00e1frica el Mundial que conquist\\u00f3 Espa\\u00f1a\"},\"previousItem\":{\"@type\":\"ListItem\",\"@id\":\"https:\\\/\\\/www.eldigitaldeasturias.com\\\/noticias#listItem\",\"name\":\"Home\"}},{\"@type\":\"ListItem\",\"@id\":\"https:\\\/\\\/www.eldigitaldeasturias.com\\\/noticias\\\/mandela-el-hombre-que-llevo-a-sudafrica-el-mundial-que-conquisto-espana\\\/#listItem\",\"position\":3,\"name\":\"Mandela, el hombre que llev\\u00f3 a Sud\\u00e1frica el Mundial que conquist\\u00f3 Espa\\u00f1a\",\"previousItem\":{\"@type\":\"ListItem\",\"@id\":\"https:\\\/\\\/www.eldigitaldeasturias.com\\\/noticias\\\/category\\\/sociedad\\\/#listItem\",\"name\":\"Sociedad\"}}]},{\"@type\":\"Organization\",\"@id\":\"https:\\\/\\\/www.eldigitaldeasturias.com\\\/noticias\\\/#organization\",\"name\":\"El Digital de Asturias\",\"description\":\"Hemeroteca\",\"url\":\"https:\\\/\\\/www.eldigitaldeasturias.com\\\/noticias\\\/\",\"email\":\"info@eldigitaldeasturias.com\",\"telephone\":\"+34652131393\",\"logo\":{\"@type\":\"ImageObject\",\"url\":\"https:\\\/\\\/www.eldigitaldeasturias.com\\\/noticias\\\/wp-content\\\/uploads\\\/2020\\\/12\\\/EDA.jpg\",\"@id\":\"https:\\\/\\\/www.eldigitaldeasturias.com\\\/noticias\\\/mandela-el-hombre-que-llevo-a-sudafrica-el-mundial-que-conquisto-espana\\\/#organizationLogo\"},\"image\":{\"@id\":\"https:\\\/\\\/www.eldigitaldeasturias.com\\\/noticias\\\/mandela-el-hombre-que-llevo-a-sudafrica-el-mundial-que-conquisto-espana\\\/#organizationLogo\"},\"sameAs\":[\"https:\\\/\\\/facebook.com\\\/eldigitaldeasturias\",\"https:\\\/\\\/www.youtube.com\\\/channel\\\/UCZP-2wLEB9Rv6erhFmqVnvg\"],\"address\":{\"@id\":\"https:\\\/\\\/www.eldigitaldeasturias.com\\\/noticias\\\/#postaladdress\",\"@type\":\"PostalAddress\",\"streetAddress\":\"san antonio 4\",\"postalCode\":\"33430\",\"addressLocality\":\"Cand\\u00e1s\",\"addressRegion\":\"Asturias\",\"addressCountry\":\"ES\"}},{\"@type\":\"Person\",\"@id\":\"https:\\\/\\\/www.eldigitaldeasturias.com\\\/noticias\\\/author\\\/admin\\\/#author\",\"url\":\"https:\\\/\\\/www.eldigitaldeasturias.com\\\/noticias\\\/author\\\/admin\\\/\",\"name\":\"El Digital de Asturias\",\"image\":{\"@type\":\"ImageObject\",\"@id\":\"https:\\\/\\\/www.eldigitaldeasturias.com\\\/noticias\\\/mandela-el-hombre-que-llevo-a-sudafrica-el-mundial-que-conquisto-espana\\\/#authorImage\",\"url\":\"https:\\\/\\\/secure.gravatar.com\\\/avatar\\\/df2aeffc32bcd13f8d26072ef8a91b623d677766deac7f97ca815868cd41bf5e?s=96&d=mm&r=g\",\"width\":96,\"height\":96,\"caption\":\"El Digital de Asturias\"}},{\"@type\":\"WebPage\",\"@id\":\"https:\\\/\\\/www.eldigitaldeasturias.com\\\/noticias\\\/mandela-el-hombre-que-llevo-a-sudafrica-el-mundial-que-conquisto-espana\\\/#webpage\",\"url\":\"https:\\\/\\\/www.eldigitaldeasturias.com\\\/noticias\\\/mandela-el-hombre-que-llevo-a-sudafrica-el-mundial-que-conquisto-espana\\\/\",\"name\":\"Mandela, el hombre que llev\\u00f3 a Sud\\u00e1frica el Mundial que conquist\\u00f3 Espa\\u00f1a - El Digital de Asturias\",\"description\":\"Madrid, 5 dic EFE).- Nelson Mandela, fallecido hoy a los 95 a\\u00f1os, honr\\u00f3 con su presencia, el 11 de julio del 2010, el mayor \\u00e9xito conseguido por el deporte espa\\u00f1ol en toda su historia, la conquista de la Copa del Mundo de f\\u00fatbol de Sud\\u00e1frica. Aqu\\u00e9l d\\u00eda, en el abarrotado estadio Soccer City de Johannesburgo\",\"inLanguage\":\"es-ES\",\"isPartOf\":{\"@id\":\"https:\\\/\\\/www.eldigitaldeasturias.com\\\/noticias\\\/#website\"},\"breadcrumb\":{\"@id\":\"https:\\\/\\\/www.eldigitaldeasturias.com\\\/noticias\\\/mandela-el-hombre-que-llevo-a-sudafrica-el-mundial-que-conquisto-espana\\\/#breadcrumblist\"},\"author\":{\"@id\":\"https:\\\/\\\/www.eldigitaldeasturias.com\\\/noticias\\\/author\\\/admin\\\/#author\"},\"creator\":{\"@id\":\"https:\\\/\\\/www.eldigitaldeasturias.com\\\/noticias\\\/author\\\/admin\\\/#author\"},\"image\":{\"@type\":\"ImageObject\",\"url\":458535,\"@id\":\"https:\\\/\\\/www.eldigitaldeasturias.com\\\/noticias\\\/mandela-el-hombre-que-llevo-a-sudafrica-el-mundial-que-conquisto-espana\\\/#mainImage\"},\"primaryImageOfPage\":{\"@id\":\"https:\\\/\\\/www.eldigitaldeasturias.com\\\/noticias\\\/mandela-el-hombre-que-llevo-a-sudafrica-el-mundial-que-conquisto-espana\\\/#mainImage\"},\"datePublished\":\"2013-12-06T01:35:56+01:00\",\"dateModified\":\"2013-12-06T01:35:56+01:00\"},{\"@type\":\"WebSite\",\"@id\":\"https:\\\/\\\/www.eldigitaldeasturias.com\\\/noticias\\\/#website\",\"url\":\"https:\\\/\\\/www.eldigitaldeasturias.com\\\/noticias\\\/\",\"name\":\"El Digital de Asturias - Diario de actualidad y noticias\",\"alternateName\":\"El Digital de Asturias - Diario de actualidad y noticias\",\"description\":\"Hemeroteca\",\"inLanguage\":\"es-ES\",\"publisher\":{\"@id\":\"https:\\\/\\\/www.eldigitaldeasturias.com\\\/noticias\\\/#organization\"}}]}\n\t\t<\/script>\n\t\t<!-- All in One SEO Pro -->\r\n\t\t<title>Mandela, el hombre que llev\u00f3 a Sud\u00e1frica el Mundial que conquist\u00f3 Espa\u00f1a - El Digital de Asturias<\/title>\n\n","aioseo_head_json":{"title":"Mandela, el hombre que llev\u00f3 a Sud\u00e1frica el Mundial que conquist\u00f3 Espa\u00f1a - El Digital de Asturias","description":"Madrid, 5 dic EFE).- Nelson Mandela, fallecido hoy a los 95 a\u00f1os, honr\u00f3 con su presencia, el 11 de julio del 2010, el mayor \u00e9xito conseguido por el deporte espa\u00f1ol en toda su historia, la conquista de la Copa del Mundo de f\u00fatbol de Sud\u00e1frica. Aqu\u00e9l d\u00eda, en el abarrotado estadio Soccer City de Johannesburgo","canonical_url":"https:\/\/www.eldigitaldeasturias.com\/noticias\/mandela-el-hombre-que-llevo-a-sudafrica-el-mundial-que-conquisto-espana\/","robots":"max-image-preview:large","keywords":"sociedad","webmasterTools":{"google-site-verification":"UA-38556648-1","msvalidate.01":"7dfe9f3f1b24437ab69f4f2559babe99","miscellaneous":""},"schema":{"@context":"https:\/\/schema.org","@graph":[{"@type":"BlogPosting","@id":"https:\/\/www.eldigitaldeasturias.com\/noticias\/mandela-el-hombre-que-llevo-a-sudafrica-el-mundial-que-conquisto-espana\/#blogposting","name":"Mandela, el hombre que llev\u00f3 a Sud\u00e1frica el Mundial que conquist\u00f3 Espa\u00f1a - El Digital de Asturias","headline":"Mandela, el hombre que llev\u00f3 a Sud\u00e1frica el Mundial que conquist\u00f3 Espa\u00f1a","author":{"@id":"https:\/\/www.eldigitaldeasturias.com\/noticias\/author\/admin\/#author"},"publisher":{"@id":"https:\/\/www.eldigitaldeasturias.com\/noticias\/#organization"},"image":{"@type":"ImageObject","url":458535},"datePublished":"2013-12-06T01:35:56+01:00","dateModified":"2013-12-06T01:35:56+01:00","inLanguage":"es-ES","mainEntityOfPage":{"@id":"https:\/\/www.eldigitaldeasturias.com\/noticias\/mandela-el-hombre-que-llevo-a-sudafrica-el-mundial-que-conquisto-espana\/#webpage"},"isPartOf":{"@id":"https:\/\/www.eldigitaldeasturias.com\/noticias\/mandela-el-hombre-que-llevo-a-sudafrica-el-mundial-que-conquisto-espana\/#webpage"},"articleSection":"Sociedad"},{"@type":"BreadcrumbList","@id":"https:\/\/www.eldigitaldeasturias.com\/noticias\/mandela-el-hombre-que-llevo-a-sudafrica-el-mundial-que-conquisto-espana\/#breadcrumblist","itemListElement":[{"@type":"ListItem","@id":"https:\/\/www.eldigitaldeasturias.com\/noticias#listItem","position":1,"name":"Home","item":"https:\/\/www.eldigitaldeasturias.com\/noticias","nextItem":{"@type":"ListItem","@id":"https:\/\/www.eldigitaldeasturias.com\/noticias\/category\/sociedad\/#listItem","name":"Sociedad"}},{"@type":"ListItem","@id":"https:\/\/www.eldigitaldeasturias.com\/noticias\/category\/sociedad\/#listItem","position":2,"name":"Sociedad","item":"https:\/\/www.eldigitaldeasturias.com\/noticias\/category\/sociedad\/","nextItem":{"@type":"ListItem","@id":"https:\/\/www.eldigitaldeasturias.com\/noticias\/mandela-el-hombre-que-llevo-a-sudafrica-el-mundial-que-conquisto-espana\/#listItem","name":"Mandela, el hombre que llev\u00f3 a Sud\u00e1frica el Mundial que conquist\u00f3 Espa\u00f1a"},"previousItem":{"@type":"ListItem","@id":"https:\/\/www.eldigitaldeasturias.com\/noticias#listItem","name":"Home"}},{"@type":"ListItem","@id":"https:\/\/www.eldigitaldeasturias.com\/noticias\/mandela-el-hombre-que-llevo-a-sudafrica-el-mundial-que-conquisto-espana\/#listItem","position":3,"name":"Mandela, el hombre que llev\u00f3 a Sud\u00e1frica el Mundial que conquist\u00f3 Espa\u00f1a","previousItem":{"@type":"ListItem","@id":"https:\/\/www.eldigitaldeasturias.com\/noticias\/category\/sociedad\/#listItem","name":"Sociedad"}}]},{"@type":"Organization","@id":"https:\/\/www.eldigitaldeasturias.com\/noticias\/#organization","name":"El Digital de Asturias","description":"Hemeroteca","url":"https:\/\/www.eldigitaldeasturias.com\/noticias\/","email":"info@eldigitaldeasturias.com","telephone":"+34652131393","logo":{"@type":"ImageObject","url":"https:\/\/www.eldigitaldeasturias.com\/noticias\/wp-content\/uploads\/2020\/12\/EDA.jpg","@id":"https:\/\/www.eldigitaldeasturias.com\/noticias\/mandela-el-hombre-que-llevo-a-sudafrica-el-mundial-que-conquisto-espana\/#organizationLogo"},"image":{"@id":"https:\/\/www.eldigitaldeasturias.com\/noticias\/mandela-el-hombre-que-llevo-a-sudafrica-el-mundial-que-conquisto-espana\/#organizationLogo"},"sameAs":["https:\/\/facebook.com\/eldigitaldeasturias","https:\/\/www.youtube.com\/channel\/UCZP-2wLEB9Rv6erhFmqVnvg"],"address":{"@id":"https:\/\/www.eldigitaldeasturias.com\/noticias\/#postaladdress","@type":"PostalAddress","streetAddress":"san antonio 4","postalCode":"33430","addressLocality":"Cand\u00e1s","addressRegion":"Asturias","addressCountry":"ES"}},{"@type":"Person","@id":"https:\/\/www.eldigitaldeasturias.com\/noticias\/author\/admin\/#author","url":"https:\/\/www.eldigitaldeasturias.com\/noticias\/author\/admin\/","name":"El Digital de Asturias","image":{"@type":"ImageObject","@id":"https:\/\/www.eldigitaldeasturias.com\/noticias\/mandela-el-hombre-que-llevo-a-sudafrica-el-mundial-que-conquisto-espana\/#authorImage","url":"https:\/\/secure.gravatar.com\/avatar\/df2aeffc32bcd13f8d26072ef8a91b623d677766deac7f97ca815868cd41bf5e?s=96&d=mm&r=g","width":96,"height":96,"caption":"El Digital de Asturias"}},{"@type":"WebPage","@id":"https:\/\/www.eldigitaldeasturias.com\/noticias\/mandela-el-hombre-que-llevo-a-sudafrica-el-mundial-que-conquisto-espana\/#webpage","url":"https:\/\/www.eldigitaldeasturias.com\/noticias\/mandela-el-hombre-que-llevo-a-sudafrica-el-mundial-que-conquisto-espana\/","name":"Mandela, el hombre que llev\u00f3 a Sud\u00e1frica el Mundial que conquist\u00f3 Espa\u00f1a - El Digital de Asturias","description":"Madrid, 5 dic EFE).- Nelson Mandela, fallecido hoy a los 95 a\u00f1os, honr\u00f3 con su presencia, el 11 de julio del 2010, el mayor \u00e9xito conseguido por el deporte espa\u00f1ol en toda su historia, la conquista de la Copa del Mundo de f\u00fatbol de Sud\u00e1frica. Aqu\u00e9l d\u00eda, en el abarrotado estadio Soccer City de Johannesburgo","inLanguage":"es-ES","isPartOf":{"@id":"https:\/\/www.eldigitaldeasturias.com\/noticias\/#website"},"breadcrumb":{"@id":"https:\/\/www.eldigitaldeasturias.com\/noticias\/mandela-el-hombre-que-llevo-a-sudafrica-el-mundial-que-conquisto-espana\/#breadcrumblist"},"author":{"@id":"https:\/\/www.eldigitaldeasturias.com\/noticias\/author\/admin\/#author"},"creator":{"@id":"https:\/\/www.eldigitaldeasturias.com\/noticias\/author\/admin\/#author"},"image":{"@type":"ImageObject","url":458535,"@id":"https:\/\/www.eldigitaldeasturias.com\/noticias\/mandela-el-hombre-que-llevo-a-sudafrica-el-mundial-que-conquisto-espana\/#mainImage"},"primaryImageOfPage":{"@id":"https:\/\/www.eldigitaldeasturias.com\/noticias\/mandela-el-hombre-que-llevo-a-sudafrica-el-mundial-que-conquisto-espana\/#mainImage"},"datePublished":"2013-12-06T01:35:56+01:00","dateModified":"2013-12-06T01:35:56+01:00"},{"@type":"WebSite","@id":"https:\/\/www.eldigitaldeasturias.com\/noticias\/#website","url":"https:\/\/www.eldigitaldeasturias.com\/noticias\/","name":"El Digital de Asturias - Diario de actualidad y noticias","alternateName":"El Digital de Asturias - Diario de actualidad y noticias","description":"Hemeroteca","inLanguage":"es-ES","publisher":{"@id":"https:\/\/www.eldigitaldeasturias.com\/noticias\/#organization"}}]},"og:locale":"es_ES","og:site_name":"El Digital de Asturias","og:type":"article","og:title":"Mandela, el hombre que llev\u00f3 a Sud\u00e1frica el Mundial que conquist\u00f3 Espa\u00f1a - El Digital de Asturias","og:description":"Madrid, 5 dic EFE).- Nelson Mandela, fallecido hoy a los 95 a\u00f1os, honr\u00f3 con su presencia, el 11 de julio del 2010, el mayor \u00e9xito conseguido por el deporte espa\u00f1ol en toda su historia, la conquista de la Copa del Mundo de f\u00fatbol de Sud\u00e1frica. Aqu\u00e9l d\u00eda, en el abarrotado estadio Soccer City de Johannesburgo","og:url":"https:\/\/www.eldigitaldeasturias.com\/noticias\/mandela-el-hombre-que-llevo-a-sudafrica-el-mundial-que-conquisto-espana\/","article:tag":["sociedad"],"article:published_time":"2013-12-06T02:35:56+00:00","article:modified_time":"2013-12-06T02:35:56+00:00","article:publisher":"https:\/\/facebook.com\/eldigitaldeasturias","twitter:card":"summary_large_image","twitter:title":"Mandela, el hombre que llev\u00f3 a Sud\u00e1frica el Mundial que conquist\u00f3 Espa\u00f1a - El Digital de Asturias","twitter:description":"Madrid, 5 dic EFE).- Nelson Mandela, fallecido hoy a los 95 a\u00f1os, honr\u00f3 con su presencia, el 11 de julio del 2010, el mayor \u00e9xito conseguido por el deporte espa\u00f1ol en toda su historia, la conquista de la Copa del Mundo de f\u00fatbol de Sud\u00e1frica. Aqu\u00e9l d\u00eda, en el abarrotado estadio Soccer City de Johannesburgo","twitter:label1":"Escrito por","twitter:data1":"El Digital de Asturias","twitter:label2":"Tiempo de lectura estimado","twitter:data2":"2 minutos"},"aioseo_meta_data":{"post_id":"458534","title":null,"description":null,"keywords":null,"keyphrases":null,"primary_term":null,"canonical_url":null,"og_title":null,"og_description":null,"og_object_type":"default","og_image_type":"default","og_image_url":null,"og_image_width":null,"og_image_height":null,"og_image_custom_url":null,"og_image_custom_fields":null,"og_video":null,"og_custom_url":null,"og_article_section":null,"og_article_tags":null,"twitter_use_og":true,"twitter_card":"default","twitter_image_type":"default","twitter_image_url":null,"twitter_image_custom_url":null,"twitter_image_custom_fields":null,"twitter_title":null,"twitter_description":null,"schema":{"blockGraphs":[],"customGraphs":[],"default":{"data":{"Article":[],"Course":[],"Dataset":[],"FAQPage":[],"Movie":[],"Person":[],"Product":[],"ProductReview":[],"Car":[],"Recipe":[],"Service":[],"SoftwareApplication":[],"WebPage":[]},"graphName":"","isEnabled":true},"graphs":[],"defaultGraph":"","defaultPostTypeGraph":""},"schema_type":null,"schema_type_options":null,"pillar_content":false,"robots_default":true,"robots_noindex":false,"robots_noarchive":false,"robots_nosnippet":false,"robots_nofollow":false,"robots_noimageindex":false,"robots_noodp":false,"robots_notranslate":false,"robots_max_snippet":null,"robots_max_videopreview":null,"robots_max_imagepreview":"none","priority":null,"frequency":null,"local_seo":null,"seo_analyzer_scan_date":"2026-05-30 05:52:50","breadcrumb_settings":null,"limit_modified_date":false,"open_ai":null,"ai":null,"created":"2020-11-14 22:46:20","updated":"2026-05-30 05:52:50","focus_keyword":null,"additional_keywords":null,"truseo_locale":null},"aioseo_breadcrumb":"<div class=\"aioseo-breadcrumbs\"><span class=\"aioseo-breadcrumb\">\n\t<a href=\"https:\/\/www.eldigitaldeasturias.com\/noticias\" title=\"Home\">Home<\/a>\n<\/span><span class=\"aioseo-breadcrumb-separator\">\u2013<\/span><span class=\"aioseo-breadcrumb\">\n\t<a href=\"https:\/\/www.eldigitaldeasturias.com\/noticias\/category\/sociedad\/\" title=\"Sociedad\">Sociedad<\/a>\n<\/span><span class=\"aioseo-breadcrumb-separator\">\u2013<\/span><span class=\"aioseo-breadcrumb\">\n\t<a href=\"https:\/\/www.eldigitaldeasturias.com\/noticias\/mandela-el-hombre-que-llevo-a-sudafrica-el-mundial-que-conquisto-espana\/\" title=\"Mandela, el hombre que llev\u00f3 a Sud\u00e1frica el Mundial que conquist\u00f3 Espa\u00f1a\">Mandela, el hombre que llev\u00f3 a Sud\u00e1frica el Mundial que conquist\u00f3 Espa\u00f1a<\/a>\n<\/span><\/div>","aioseo_breadcrumb_json":[{"label":"Home","link":"https:\/\/www.eldigitaldeasturias.com\/noticias"},{"label":"Sociedad","link":"https:\/\/www.eldigitaldeasturias.com\/noticias\/category\/sociedad\/"},{"label":"Mandela, el hombre que llev\u00f3 a Sud\u00e1frica el Mundial que conquist\u00f3 Espa\u00f1a","link":"https:\/\/www.eldigitaldeasturias.com\/noticias\/mandela-el-hombre-que-llevo-a-sudafrica-el-mundial-que-conquisto-espana\/"}],"_links":{"self":[{"href":"https:\/\/www.eldigitaldeasturias.com\/noticias\/wp-json\/wp\/v2\/posts\/458534","targetHints":{"allow":["GET"]}}],"collection":[{"href":"https:\/\/www.eldigitaldeasturias.com\/noticias\/wp-json\/wp\/v2\/posts"}],"about":[{"href":"https:\/\/www.eldigitaldeasturias.com\/noticias\/wp-json\/wp\/v2\/types\/post"}],"author":[{"embeddable":true,"href":"https:\/\/www.eldigitaldeasturias.com\/noticias\/wp-json\/wp\/v2\/users\/1"}],"replies":[{"embeddable":true,"href":"https:\/\/www.eldigitaldeasturias.com\/noticias\/wp-json\/wp\/v2\/comments?post=458534"}],"version-history":[{"count":0,"href":"https:\/\/www.eldigitaldeasturias.com\/noticias\/wp-json\/wp\/v2\/posts\/458534\/revisions"}],"wp:attachment":[{"href":"https:\/\/www.eldigitaldeasturias.com\/noticias\/wp-json\/wp\/v2\/media?parent=458534"}],"wp:term":[{"taxonomy":"category","embeddable":true,"href":"https:\/\/www.eldigitaldeasturias.com\/noticias\/wp-json\/wp\/v2\/categories?post=458534"},{"taxonomy":"post_tag","embeddable":true,"href":"https:\/\/www.eldigitaldeasturias.com\/noticias\/wp-json\/wp\/v2\/tags?post=458534"}],"curies":[{"name":"wp","href":"https:\/\/api.w.org\/{rel}","templated":true}]}}