{"id":458528,"date":"2013-12-06T01:31:31","date_gmt":"2013-12-06T02:31:31","guid":{"rendered":"http:\/\/www.eldigitaldeasturias.com\/noticias\/?p=458528"},"modified":"2013-12-06T01:31:31","modified_gmt":"2013-12-06T02:31:31","slug":"santos-dice-que-mandela-deja-una-guia-para-la-paz-de-colombia","status":"publish","type":"post","link":"https:\/\/www.eldigitaldeasturias.com\/noticias\/santos-dice-que-mandela-deja-una-guia-para-la-paz-de-colombia\/","title":{"rendered":"Santos dice que Mandela deja una gu\u00eda para la paz de Colombia"},"content":{"rendered":"<p><img loading=\"lazy\" decoding=\"async\" class=\"alignleft size-medium wp-image-458529\" alt=\"5775854w\" src=\"https:\/\/www.eldigitaldeasturias.com\/noticias\/wp-content\/uploads\/2013\/12\/5775854w-360x239.jpg\" width=\"360\" height=\"239\" \/>Bogot\u00e1, 5 dic (EFE).- El presidente de Colombia, Juan Manuel Santos, afirm\u00f3 que el l\u00edder sudafricano Nelson Mandela, fallecido hoy a los 95 a\u00f1os de edad, deja como legado una gu\u00eda para alcanzar la paz del pa\u00eds andino.<\/p>\n<p>\u00abLamentamos profundamente la muerte de Nelson Mandela. Su legado se mantiene como nuestra gu\u00eda para alcanzar la paz\u00bb, escribi\u00f3 Santos en su cuenta de Twitter.<\/p>\n<p>Mandela, quien fue presidente de Sud\u00e1frica entre 1994 y 1999, falleci\u00f3 hoy en su domicilio de Johannesburgo, convertido en una unidad de cuidados intensivos desde que fuera trasladado del hospital de Pretoria donde estaba hospitalizado, el pasado 1 de septiembre debido a problemas pulmonares.<\/p>\n<p>Santos ha citado numerosas veces en sus discursos a Mandela, Premio Nobel de la Paz en 1993, como una inspiraci\u00f3n en su empe\u00f1o por lograr la paz en Colombia mediante las negociaciones que su Gobierno lleva a cabo en Cuba desde hace un a\u00f1o con las FARC.<\/p>\n","protected":false},"excerpt":{"rendered":"<p>Bogot\u00e1, 5 dic (EFE).- El presidente de Colombia, Juan Manuel Santos, afirm\u00f3 que el l\u00edder sudafricano Nelson Mandela, fallecido hoy a los 95 a\u00f1os de edad, deja como legado una gu\u00eda para alcanzar la paz del pa\u00eds andino. \u00abLamentamos profundamente la muerte de Nelson Mandela. Su legado se mantiene como nuestra gu\u00eda para alcanzar la [&hellip;]<\/p>\n","protected":false},"author":1,"featured_media":458529,"comment_status":"closed","ping_status":"open","sticky":false,"template":"","format":"standard","meta":{"footnotes":""},"categories":[28],"tags":[],"class_list":["post-458528","post","type-post","status-publish","format-standard","has-post-thumbnail","hentry","category-sociedad"],"aioseo_notices":[],"aioseo_head":"\n\t\t<!-- All in One SEO Pro 5.0.1 - aioseo.com -->\n\t<meta name=\"description\" content=\"Bogot\u00e1, 5 dic (EFE).- El presidente de Colombia, Juan Manuel Santos, afirm\u00f3 que el l\u00edder sudafricano Nelson Mandela, fallecido hoy a los 95 a\u00f1os de edad, deja como legado una gu\u00eda para alcanzar la paz del pa\u00eds andino. &quot;Lamentamos profundamente la muerte de Nelson Mandela. Su legado se mantiene como nuestra gu\u00eda para alcanzar la\" \/>\n\t<meta name=\"robots\" content=\"max-image-preview:large\" \/>\n\t<meta name=\"author\" content=\"El Digital de Asturias\"\/>\n\t<meta name=\"google-site-verification\" content=\"UA-38556648-1\" \/>\n\t<meta name=\"msvalidate.01\" content=\"7dfe9f3f1b24437ab69f4f2559babe99\" \/>\n\t<meta name=\"keywords\" content=\"sociedad\" \/>\n\t<link rel=\"canonical\" href=\"https:\/\/www.eldigitaldeasturias.com\/noticias\/santos-dice-que-mandela-deja-una-guia-para-la-paz-de-colombia\/\" \/>\n\t<meta name=\"generator\" content=\"All in One SEO Pro (AIOSEO) 5.0.1\" \/>\n\t\t<meta property=\"og:locale\" content=\"es_ES\" \/>\n\t\t<meta property=\"og:site_name\" content=\"El Digital de Asturias\" \/>\n\t\t<meta property=\"og:type\" content=\"article\" \/>\n\t\t<meta property=\"og:title\" content=\"Santos dice que Mandela deja una gu\u00eda para la paz de Colombia - El Digital de Asturias\" \/>\n\t\t<meta property=\"og:description\" content=\"Bogot\u00e1, 5 dic (EFE).- El presidente de Colombia, Juan Manuel Santos, afirm\u00f3 que el l\u00edder sudafricano Nelson Mandela, fallecido hoy a los 95 a\u00f1os de edad, deja como legado una gu\u00eda para alcanzar la paz del pa\u00eds andino. &quot;Lamentamos profundamente la muerte de Nelson Mandela. Su legado se mantiene como nuestra gu\u00eda para alcanzar la\" \/>\n\t\t<meta property=\"og:url\" content=\"https:\/\/www.eldigitaldeasturias.com\/noticias\/santos-dice-que-mandela-deja-una-guia-para-la-paz-de-colombia\/\" \/>\n\t\t<meta property=\"article:tag\" content=\"sociedad\" \/>\n\t\t<meta property=\"article:published_time\" content=\"2013-12-06T02:31:31+00:00\" \/>\n\t\t<meta property=\"article:modified_time\" content=\"2013-12-06T02:31:31+00:00\" \/>\n\t\t<meta property=\"article:publisher\" content=\"https:\/\/facebook.com\/eldigitaldeasturias\" \/>\n\t\t<meta name=\"twitter:card\" content=\"summary_large_image\" \/>\n\t\t<meta name=\"twitter:title\" content=\"Santos dice que Mandela deja una gu\u00eda para la paz de Colombia - El Digital de Asturias\" \/>\n\t\t<meta name=\"twitter:description\" content=\"Bogot\u00e1, 5 dic (EFE).- El presidente de Colombia, Juan Manuel Santos, afirm\u00f3 que el l\u00edder sudafricano Nelson Mandela, fallecido hoy a los 95 a\u00f1os de edad, deja como legado una gu\u00eda para alcanzar la paz del pa\u00eds andino. &quot;Lamentamos profundamente la muerte de Nelson Mandela. Su legado se mantiene como nuestra gu\u00eda para alcanzar la\" \/>\n\t\t<meta name=\"twitter:label1\" content=\"Escrito por\" \/>\n\t\t<meta name=\"twitter:data1\" content=\"El Digital de Asturias\" \/>\n\t\t<meta name=\"twitter:label2\" content=\"Tiempo de lectura estimado\" \/>\n\t\t<meta name=\"twitter:data2\" content=\"1 minuto\" \/>\n\t\t<script type=\"application\/ld+json\" class=\"aioseo-schema\">\n\t\t\t{\"@context\":\"https:\\\/\\\/schema.org\",\"@graph\":[{\"@type\":\"BlogPosting\",\"@id\":\"https:\\\/\\\/www.eldigitaldeasturias.com\\\/noticias\\\/santos-dice-que-mandela-deja-una-guia-para-la-paz-de-colombia\\\/#blogposting\",\"name\":\"Santos dice que Mandela deja una gu\\u00eda para la paz de Colombia - El Digital de Asturias\",\"headline\":\"Santos dice que Mandela deja una gu\\u00eda para la paz de Colombia\",\"author\":{\"@id\":\"https:\\\/\\\/www.eldigitaldeasturias.com\\\/noticias\\\/author\\\/admin\\\/#author\"},\"publisher\":{\"@id\":\"https:\\\/\\\/www.eldigitaldeasturias.com\\\/noticias\\\/#organization\"},\"image\":{\"@type\":\"ImageObject\",\"url\":458529},\"datePublished\":\"2013-12-06T01:31:31+01:00\",\"dateModified\":\"2013-12-06T01:31:31+01:00\",\"inLanguage\":\"es-ES\",\"mainEntityOfPage\":{\"@id\":\"https:\\\/\\\/www.eldigitaldeasturias.com\\\/noticias\\\/santos-dice-que-mandela-deja-una-guia-para-la-paz-de-colombia\\\/#webpage\"},\"isPartOf\":{\"@id\":\"https:\\\/\\\/www.eldigitaldeasturias.com\\\/noticias\\\/santos-dice-que-mandela-deja-una-guia-para-la-paz-de-colombia\\\/#webpage\"},\"articleSection\":\"Sociedad\"},{\"@type\":\"BreadcrumbList\",\"@id\":\"https:\\\/\\\/www.eldigitaldeasturias.com\\\/noticias\\\/santos-dice-que-mandela-deja-una-guia-para-la-paz-de-colombia\\\/#breadcrumblist\",\"itemListElement\":[{\"@type\":\"ListItem\",\"@id\":\"https:\\\/\\\/www.eldigitaldeasturias.com\\\/noticias#listItem\",\"position\":1,\"name\":\"Home\",\"item\":\"https:\\\/\\\/www.eldigitaldeasturias.com\\\/noticias\",\"nextItem\":{\"@type\":\"ListItem\",\"@id\":\"https:\\\/\\\/www.eldigitaldeasturias.com\\\/noticias\\\/category\\\/sociedad\\\/#listItem\",\"name\":\"Sociedad\"}},{\"@type\":\"ListItem\",\"@id\":\"https:\\\/\\\/www.eldigitaldeasturias.com\\\/noticias\\\/category\\\/sociedad\\\/#listItem\",\"position\":2,\"name\":\"Sociedad\",\"item\":\"https:\\\/\\\/www.eldigitaldeasturias.com\\\/noticias\\\/category\\\/sociedad\\\/\",\"nextItem\":{\"@type\":\"ListItem\",\"@id\":\"https:\\\/\\\/www.eldigitaldeasturias.com\\\/noticias\\\/santos-dice-que-mandela-deja-una-guia-para-la-paz-de-colombia\\\/#listItem\",\"name\":\"Santos dice que Mandela deja una gu\\u00eda para la paz de Colombia\"},\"previousItem\":{\"@type\":\"ListItem\",\"@id\":\"https:\\\/\\\/www.eldigitaldeasturias.com\\\/noticias#listItem\",\"name\":\"Home\"}},{\"@type\":\"ListItem\",\"@id\":\"https:\\\/\\\/www.eldigitaldeasturias.com\\\/noticias\\\/santos-dice-que-mandela-deja-una-guia-para-la-paz-de-colombia\\\/#listItem\",\"position\":3,\"name\":\"Santos dice que Mandela deja una gu\\u00eda para la paz de Colombia\",\"previousItem\":{\"@type\":\"ListItem\",\"@id\":\"https:\\\/\\\/www.eldigitaldeasturias.com\\\/noticias\\\/category\\\/sociedad\\\/#listItem\",\"name\":\"Sociedad\"}}]},{\"@type\":\"Organization\",\"@id\":\"https:\\\/\\\/www.eldigitaldeasturias.com\\\/noticias\\\/#organization\",\"name\":\"El Digital de Asturias\",\"description\":\"Hemeroteca\",\"url\":\"https:\\\/\\\/www.eldigitaldeasturias.com\\\/noticias\\\/\",\"email\":\"info@eldigitaldeasturias.com\",\"telephone\":\"+34652131393\",\"logo\":{\"@type\":\"ImageObject\",\"url\":\"https:\\\/\\\/www.eldigitaldeasturias.com\\\/noticias\\\/wp-content\\\/uploads\\\/2020\\\/12\\\/EDA.jpg\",\"@id\":\"https:\\\/\\\/www.eldigitaldeasturias.com\\\/noticias\\\/santos-dice-que-mandela-deja-una-guia-para-la-paz-de-colombia\\\/#organizationLogo\"},\"image\":{\"@id\":\"https:\\\/\\\/www.eldigitaldeasturias.com\\\/noticias\\\/santos-dice-que-mandela-deja-una-guia-para-la-paz-de-colombia\\\/#organizationLogo\"},\"sameAs\":[\"https:\\\/\\\/facebook.com\\\/eldigitaldeasturias\",\"https:\\\/\\\/www.youtube.com\\\/channel\\\/UCZP-2wLEB9Rv6erhFmqVnvg\"],\"address\":{\"@id\":\"https:\\\/\\\/www.eldigitaldeasturias.com\\\/noticias\\\/#postaladdress\",\"@type\":\"PostalAddress\",\"streetAddress\":\"san antonio 4\",\"postalCode\":\"33430\",\"addressLocality\":\"Cand\\u00e1s\",\"addressRegion\":\"Asturias\",\"addressCountry\":\"ES\"}},{\"@type\":\"Person\",\"@id\":\"https:\\\/\\\/www.eldigitaldeasturias.com\\\/noticias\\\/author\\\/admin\\\/#author\",\"url\":\"https:\\\/\\\/www.eldigitaldeasturias.com\\\/noticias\\\/author\\\/admin\\\/\",\"name\":\"El Digital de Asturias\",\"image\":{\"@type\":\"ImageObject\",\"@id\":\"https:\\\/\\\/www.eldigitaldeasturias.com\\\/noticias\\\/santos-dice-que-mandela-deja-una-guia-para-la-paz-de-colombia\\\/#authorImage\",\"url\":\"https:\\\/\\\/secure.gravatar.com\\\/avatar\\\/df2aeffc32bcd13f8d26072ef8a91b623d677766deac7f97ca815868cd41bf5e?s=96&d=mm&r=g\",\"width\":96,\"height\":96,\"caption\":\"El Digital de Asturias\"}},{\"@type\":\"WebPage\",\"@id\":\"https:\\\/\\\/www.eldigitaldeasturias.com\\\/noticias\\\/santos-dice-que-mandela-deja-una-guia-para-la-paz-de-colombia\\\/#webpage\",\"url\":\"https:\\\/\\\/www.eldigitaldeasturias.com\\\/noticias\\\/santos-dice-que-mandela-deja-una-guia-para-la-paz-de-colombia\\\/\",\"name\":\"Santos dice que Mandela deja una gu\\u00eda para la paz de Colombia - El Digital de Asturias\",\"description\":\"Bogot\\u00e1, 5 dic (EFE).- El presidente de Colombia, Juan Manuel Santos, afirm\\u00f3 que el l\\u00edder sudafricano Nelson Mandela, fallecido hoy a los 95 a\\u00f1os de edad, deja como legado una gu\\u00eda para alcanzar la paz del pa\\u00eds andino. \\\"Lamentamos profundamente la muerte de Nelson Mandela. Su legado se mantiene como nuestra gu\\u00eda para alcanzar la\",\"inLanguage\":\"es-ES\",\"isPartOf\":{\"@id\":\"https:\\\/\\\/www.eldigitaldeasturias.com\\\/noticias\\\/#website\"},\"breadcrumb\":{\"@id\":\"https:\\\/\\\/www.eldigitaldeasturias.com\\\/noticias\\\/santos-dice-que-mandela-deja-una-guia-para-la-paz-de-colombia\\\/#breadcrumblist\"},\"author\":{\"@id\":\"https:\\\/\\\/www.eldigitaldeasturias.com\\\/noticias\\\/author\\\/admin\\\/#author\"},\"creator\":{\"@id\":\"https:\\\/\\\/www.eldigitaldeasturias.com\\\/noticias\\\/author\\\/admin\\\/#author\"},\"image\":{\"@type\":\"ImageObject\",\"url\":458529,\"@id\":\"https:\\\/\\\/www.eldigitaldeasturias.com\\\/noticias\\\/santos-dice-que-mandela-deja-una-guia-para-la-paz-de-colombia\\\/#mainImage\"},\"primaryImageOfPage\":{\"@id\":\"https:\\\/\\\/www.eldigitaldeasturias.com\\\/noticias\\\/santos-dice-que-mandela-deja-una-guia-para-la-paz-de-colombia\\\/#mainImage\"},\"datePublished\":\"2013-12-06T01:31:31+01:00\",\"dateModified\":\"2013-12-06T01:31:31+01:00\"},{\"@type\":\"WebSite\",\"@id\":\"https:\\\/\\\/www.eldigitaldeasturias.com\\\/noticias\\\/#website\",\"url\":\"https:\\\/\\\/www.eldigitaldeasturias.com\\\/noticias\\\/\",\"name\":\"El Digital de Asturias - Diario de actualidad y noticias\",\"alternateName\":\"El Digital de Asturias - Diario de actualidad y noticias\",\"description\":\"Hemeroteca\",\"inLanguage\":\"es-ES\",\"publisher\":{\"@id\":\"https:\\\/\\\/www.eldigitaldeasturias.com\\\/noticias\\\/#organization\"}}]}\n\t\t<\/script>\n\t\t<!-- All in One SEO Pro -->\r\n\t\t<title>Santos dice que Mandela deja una gu\u00eda para la paz de Colombia - El Digital de Asturias<\/title>\n\n","aioseo_head_json":{"title":"Santos dice que Mandela deja una gu\u00eda para la paz de Colombia - El Digital de Asturias","description":"Bogot\u00e1, 5 dic (EFE).- El presidente de Colombia, Juan Manuel Santos, afirm\u00f3 que el l\u00edder sudafricano Nelson Mandela, fallecido hoy a los 95 a\u00f1os de edad, deja como legado una gu\u00eda para alcanzar la paz del pa\u00eds andino. \"Lamentamos profundamente la muerte de Nelson Mandela. Su legado se mantiene como nuestra gu\u00eda para alcanzar la","canonical_url":"https:\/\/www.eldigitaldeasturias.com\/noticias\/santos-dice-que-mandela-deja-una-guia-para-la-paz-de-colombia\/","robots":"max-image-preview:large","keywords":"sociedad","webmasterTools":{"google-site-verification":"UA-38556648-1","msvalidate.01":"7dfe9f3f1b24437ab69f4f2559babe99","miscellaneous":""},"schema":{"@context":"https:\/\/schema.org","@graph":[{"@type":"BlogPosting","@id":"https:\/\/www.eldigitaldeasturias.com\/noticias\/santos-dice-que-mandela-deja-una-guia-para-la-paz-de-colombia\/#blogposting","name":"Santos dice que Mandela deja una gu\u00eda para la paz de Colombia - El Digital de Asturias","headline":"Santos dice que Mandela deja una gu\u00eda para la paz de Colombia","author":{"@id":"https:\/\/www.eldigitaldeasturias.com\/noticias\/author\/admin\/#author"},"publisher":{"@id":"https:\/\/www.eldigitaldeasturias.com\/noticias\/#organization"},"image":{"@type":"ImageObject","url":458529},"datePublished":"2013-12-06T01:31:31+01:00","dateModified":"2013-12-06T01:31:31+01:00","inLanguage":"es-ES","mainEntityOfPage":{"@id":"https:\/\/www.eldigitaldeasturias.com\/noticias\/santos-dice-que-mandela-deja-una-guia-para-la-paz-de-colombia\/#webpage"},"isPartOf":{"@id":"https:\/\/www.eldigitaldeasturias.com\/noticias\/santos-dice-que-mandela-deja-una-guia-para-la-paz-de-colombia\/#webpage"},"articleSection":"Sociedad"},{"@type":"BreadcrumbList","@id":"https:\/\/www.eldigitaldeasturias.com\/noticias\/santos-dice-que-mandela-deja-una-guia-para-la-paz-de-colombia\/#breadcrumblist","itemListElement":[{"@type":"ListItem","@id":"https:\/\/www.eldigitaldeasturias.com\/noticias#listItem","position":1,"name":"Home","item":"https:\/\/www.eldigitaldeasturias.com\/noticias","nextItem":{"@type":"ListItem","@id":"https:\/\/www.eldigitaldeasturias.com\/noticias\/category\/sociedad\/#listItem","name":"Sociedad"}},{"@type":"ListItem","@id":"https:\/\/www.eldigitaldeasturias.com\/noticias\/category\/sociedad\/#listItem","position":2,"name":"Sociedad","item":"https:\/\/www.eldigitaldeasturias.com\/noticias\/category\/sociedad\/","nextItem":{"@type":"ListItem","@id":"https:\/\/www.eldigitaldeasturias.com\/noticias\/santos-dice-que-mandela-deja-una-guia-para-la-paz-de-colombia\/#listItem","name":"Santos dice que Mandela deja una gu\u00eda para la paz de Colombia"},"previousItem":{"@type":"ListItem","@id":"https:\/\/www.eldigitaldeasturias.com\/noticias#listItem","name":"Home"}},{"@type":"ListItem","@id":"https:\/\/www.eldigitaldeasturias.com\/noticias\/santos-dice-que-mandela-deja-una-guia-para-la-paz-de-colombia\/#listItem","position":3,"name":"Santos dice que Mandela deja una gu\u00eda para la paz de Colombia","previousItem":{"@type":"ListItem","@id":"https:\/\/www.eldigitaldeasturias.com\/noticias\/category\/sociedad\/#listItem","name":"Sociedad"}}]},{"@type":"Organization","@id":"https:\/\/www.eldigitaldeasturias.com\/noticias\/#organization","name":"El Digital de Asturias","description":"Hemeroteca","url":"https:\/\/www.eldigitaldeasturias.com\/noticias\/","email":"info@eldigitaldeasturias.com","telephone":"+34652131393","logo":{"@type":"ImageObject","url":"https:\/\/www.eldigitaldeasturias.com\/noticias\/wp-content\/uploads\/2020\/12\/EDA.jpg","@id":"https:\/\/www.eldigitaldeasturias.com\/noticias\/santos-dice-que-mandela-deja-una-guia-para-la-paz-de-colombia\/#organizationLogo"},"image":{"@id":"https:\/\/www.eldigitaldeasturias.com\/noticias\/santos-dice-que-mandela-deja-una-guia-para-la-paz-de-colombia\/#organizationLogo"},"sameAs":["https:\/\/facebook.com\/eldigitaldeasturias","https:\/\/www.youtube.com\/channel\/UCZP-2wLEB9Rv6erhFmqVnvg"],"address":{"@id":"https:\/\/www.eldigitaldeasturias.com\/noticias\/#postaladdress","@type":"PostalAddress","streetAddress":"san antonio 4","postalCode":"33430","addressLocality":"Cand\u00e1s","addressRegion":"Asturias","addressCountry":"ES"}},{"@type":"Person","@id":"https:\/\/www.eldigitaldeasturias.com\/noticias\/author\/admin\/#author","url":"https:\/\/www.eldigitaldeasturias.com\/noticias\/author\/admin\/","name":"El Digital de Asturias","image":{"@type":"ImageObject","@id":"https:\/\/www.eldigitaldeasturias.com\/noticias\/santos-dice-que-mandela-deja-una-guia-para-la-paz-de-colombia\/#authorImage","url":"https:\/\/secure.gravatar.com\/avatar\/df2aeffc32bcd13f8d26072ef8a91b623d677766deac7f97ca815868cd41bf5e?s=96&d=mm&r=g","width":96,"height":96,"caption":"El Digital de Asturias"}},{"@type":"WebPage","@id":"https:\/\/www.eldigitaldeasturias.com\/noticias\/santos-dice-que-mandela-deja-una-guia-para-la-paz-de-colombia\/#webpage","url":"https:\/\/www.eldigitaldeasturias.com\/noticias\/santos-dice-que-mandela-deja-una-guia-para-la-paz-de-colombia\/","name":"Santos dice que Mandela deja una gu\u00eda para la paz de Colombia - El Digital de Asturias","description":"Bogot\u00e1, 5 dic (EFE).- El presidente de Colombia, Juan Manuel Santos, afirm\u00f3 que el l\u00edder sudafricano Nelson Mandela, fallecido hoy a los 95 a\u00f1os de edad, deja como legado una gu\u00eda para alcanzar la paz del pa\u00eds andino. \"Lamentamos profundamente la muerte de Nelson Mandela. Su legado se mantiene como nuestra gu\u00eda para alcanzar la","inLanguage":"es-ES","isPartOf":{"@id":"https:\/\/www.eldigitaldeasturias.com\/noticias\/#website"},"breadcrumb":{"@id":"https:\/\/www.eldigitaldeasturias.com\/noticias\/santos-dice-que-mandela-deja-una-guia-para-la-paz-de-colombia\/#breadcrumblist"},"author":{"@id":"https:\/\/www.eldigitaldeasturias.com\/noticias\/author\/admin\/#author"},"creator":{"@id":"https:\/\/www.eldigitaldeasturias.com\/noticias\/author\/admin\/#author"},"image":{"@type":"ImageObject","url":458529,"@id":"https:\/\/www.eldigitaldeasturias.com\/noticias\/santos-dice-que-mandela-deja-una-guia-para-la-paz-de-colombia\/#mainImage"},"primaryImageOfPage":{"@id":"https:\/\/www.eldigitaldeasturias.com\/noticias\/santos-dice-que-mandela-deja-una-guia-para-la-paz-de-colombia\/#mainImage"},"datePublished":"2013-12-06T01:31:31+01:00","dateModified":"2013-12-06T01:31:31+01:00"},{"@type":"WebSite","@id":"https:\/\/www.eldigitaldeasturias.com\/noticias\/#website","url":"https:\/\/www.eldigitaldeasturias.com\/noticias\/","name":"El Digital de Asturias - Diario de actualidad y noticias","alternateName":"El Digital de Asturias - Diario de actualidad y noticias","description":"Hemeroteca","inLanguage":"es-ES","publisher":{"@id":"https:\/\/www.eldigitaldeasturias.com\/noticias\/#organization"}}]},"og:locale":"es_ES","og:site_name":"El Digital de Asturias","og:type":"article","og:title":"Santos dice que Mandela deja una gu\u00eda para la paz de Colombia - El Digital de Asturias","og:description":"Bogot\u00e1, 5 dic (EFE).- El presidente de Colombia, Juan Manuel Santos, afirm\u00f3 que el l\u00edder sudafricano Nelson Mandela, fallecido hoy a los 95 a\u00f1os de edad, deja como legado una gu\u00eda para alcanzar la paz del pa\u00eds andino. &quot;Lamentamos profundamente la muerte de Nelson Mandela. Su legado se mantiene como nuestra gu\u00eda para alcanzar la","og:url":"https:\/\/www.eldigitaldeasturias.com\/noticias\/santos-dice-que-mandela-deja-una-guia-para-la-paz-de-colombia\/","article:tag":["sociedad"],"article:published_time":"2013-12-06T02:31:31+00:00","article:modified_time":"2013-12-06T02:31:31+00:00","article:publisher":"https:\/\/facebook.com\/eldigitaldeasturias","twitter:card":"summary_large_image","twitter:title":"Santos dice que Mandela deja una gu\u00eda para la paz de Colombia - El Digital de Asturias","twitter:description":"Bogot\u00e1, 5 dic (EFE).- El presidente de Colombia, Juan Manuel Santos, afirm\u00f3 que el l\u00edder sudafricano Nelson Mandela, fallecido hoy a los 95 a\u00f1os de edad, deja como legado una gu\u00eda para alcanzar la paz del pa\u00eds andino. &quot;Lamentamos profundamente la muerte de Nelson Mandela. Su legado se mantiene como nuestra gu\u00eda para alcanzar la","twitter:label1":"Escrito por","twitter:data1":"El Digital de Asturias","twitter:label2":"Tiempo de lectura estimado","twitter:data2":"1 minuto"},"aioseo_meta_data":{"post_id":"458528","title":null,"description":null,"keywords":null,"keyphrases":null,"primary_term":null,"canonical_url":null,"og_title":null,"og_description":null,"og_object_type":"default","og_image_type":"default","og_image_url":null,"og_image_width":null,"og_image_height":null,"og_image_custom_url":null,"og_image_custom_fields":null,"og_video":null,"og_custom_url":null,"og_article_section":null,"og_article_tags":null,"twitter_use_og":true,"twitter_card":"default","twitter_image_type":"default","twitter_image_url":null,"twitter_image_custom_url":null,"twitter_image_custom_fields":null,"twitter_title":null,"twitter_description":null,"schema":{"blockGraphs":[],"customGraphs":[],"default":{"data":{"Article":[],"Course":[],"Dataset":[],"FAQPage":[],"Movie":[],"Person":[],"Product":[],"ProductReview":[],"Car":[],"Recipe":[],"Service":[],"SoftwareApplication":[],"WebPage":[]},"graphName":"","isEnabled":true},"graphs":[],"defaultGraph":"","defaultPostTypeGraph":""},"schema_type":null,"schema_type_options":null,"pillar_content":false,"robots_default":true,"robots_noindex":false,"robots_noarchive":false,"robots_nosnippet":false,"robots_nofollow":false,"robots_noimageindex":false,"robots_noodp":false,"robots_notranslate":false,"robots_max_snippet":null,"robots_max_videopreview":null,"robots_max_imagepreview":"none","priority":null,"frequency":null,"local_seo":null,"seo_analyzer_scan_date":"2026-05-30 05:50:53","breadcrumb_settings":null,"limit_modified_date":false,"open_ai":null,"ai":null,"created":"2020-11-14 22:46:20","updated":"2026-05-30 05:50:53","focus_keyword":null,"additional_keywords":null,"truseo_locale":null},"aioseo_breadcrumb":"<div class=\"aioseo-breadcrumbs\"><span class=\"aioseo-breadcrumb\">\n\t<a href=\"https:\/\/www.eldigitaldeasturias.com\/noticias\" title=\"Home\">Home<\/a>\n<\/span><span class=\"aioseo-breadcrumb-separator\">\u2013<\/span><span class=\"aioseo-breadcrumb\">\n\t<a href=\"https:\/\/www.eldigitaldeasturias.com\/noticias\/category\/sociedad\/\" title=\"Sociedad\">Sociedad<\/a>\n<\/span><span class=\"aioseo-breadcrumb-separator\">\u2013<\/span><span class=\"aioseo-breadcrumb\">\n\t<a href=\"https:\/\/www.eldigitaldeasturias.com\/noticias\/santos-dice-que-mandela-deja-una-guia-para-la-paz-de-colombia\/\" title=\"Santos dice que Mandela deja una gu\u00eda para la paz de Colombia\">Santos dice que Mandela deja una gu\u00eda para la paz de Colombia<\/a>\n<\/span><\/div>","aioseo_breadcrumb_json":[{"label":"Home","link":"https:\/\/www.eldigitaldeasturias.com\/noticias"},{"label":"Sociedad","link":"https:\/\/www.eldigitaldeasturias.com\/noticias\/category\/sociedad\/"},{"label":"Santos dice que Mandela deja una gu\u00eda para la paz de Colombia","link":"https:\/\/www.eldigitaldeasturias.com\/noticias\/santos-dice-que-mandela-deja-una-guia-para-la-paz-de-colombia\/"}],"_links":{"self":[{"href":"https:\/\/www.eldigitaldeasturias.com\/noticias\/wp-json\/wp\/v2\/posts\/458528","targetHints":{"allow":["GET"]}}],"collection":[{"href":"https:\/\/www.eldigitaldeasturias.com\/noticias\/wp-json\/wp\/v2\/posts"}],"about":[{"href":"https:\/\/www.eldigitaldeasturias.com\/noticias\/wp-json\/wp\/v2\/types\/post"}],"author":[{"embeddable":true,"href":"https:\/\/www.eldigitaldeasturias.com\/noticias\/wp-json\/wp\/v2\/users\/1"}],"replies":[{"embeddable":true,"href":"https:\/\/www.eldigitaldeasturias.com\/noticias\/wp-json\/wp\/v2\/comments?post=458528"}],"version-history":[{"count":0,"href":"https:\/\/www.eldigitaldeasturias.com\/noticias\/wp-json\/wp\/v2\/posts\/458528\/revisions"}],"wp:attachment":[{"href":"https:\/\/www.eldigitaldeasturias.com\/noticias\/wp-json\/wp\/v2\/media?parent=458528"}],"wp:term":[{"taxonomy":"category","embeddable":true,"href":"https:\/\/www.eldigitaldeasturias.com\/noticias\/wp-json\/wp\/v2\/categories?post=458528"},{"taxonomy":"post_tag","embeddable":true,"href":"https:\/\/www.eldigitaldeasturias.com\/noticias\/wp-json\/wp\/v2\/tags?post=458528"}],"curies":[{"name":"wp","href":"https:\/\/api.w.org\/{rel}","templated":true}]}}