{"id":458525,"date":"2013-12-06T01:29:57","date_gmt":"2013-12-06T02:29:57","guid":{"rendered":"http:\/\/www.eldigitaldeasturias.com\/noticias\/?p=458525"},"modified":"2013-12-06T01:29:57","modified_gmt":"2013-12-06T02:29:57","slug":"la-epopeya-de-mandela-una-inspiracion-para-el-mundo-de-la-cultura","status":"publish","type":"post","link":"https:\/\/www.eldigitaldeasturias.com\/noticias\/la-epopeya-de-mandela-una-inspiracion-para-el-mundo-de-la-cultura\/","title":{"rendered":"La epopeya de Mandela, una inspiraci\u00f3n para el mundo de la cultura"},"content":{"rendered":"<p><img loading=\"lazy\" decoding=\"async\" class=\"alignleft size-medium wp-image-458526\" alt=\"5775772w\" src=\"https:\/\/www.eldigitaldeasturias.com\/noticias\/wp-content\/uploads\/2013\/12\/5775772w-360x217.jpg\" width=\"360\" height=\"217\" \/>Johannesburgo, 6 (EFE).- La epopeya por la libertad de Nelson Mandela, fallecido este jueves a los 95 a\u00f1os, ha inspirado a millones de personas en todo el mundo y dejar\u00e1 para la posteridad numerosos libros, pel\u00edculas, canciones y obras de arte de todo tipo.<\/p>\n<p>Artistas de todas las disciplinas se han visto atra\u00eddos por la historia y la personalidad excepcionales del premio Nobel de la Paz en 1993.<\/p>\n<p>El cine documental se ha acercado a la vida de Mandela desde todos los \u00e1ngulos posibles, pero ha sido una pel\u00edcula comercial la que ha retratado con m\u00e1s \u00e9xito una parte de la vida del h\u00e9roe.<\/p>\n<p>Dirigida por Clint Eastwood, \u00abInvictus\u00bb (2009) recrea el momento m\u00e1s simb\u00f3lico del \u00e9xito de la transici\u00f3n sudafricana.<\/p>\n<p>En 1995, un a\u00f1o despu\u00e9s del desmantelamiento del r\u00e9gimen racista del \u00abapartheid\u00bb y de la elecci\u00f3n de Mandela como primer presidente negro del pa\u00eds, Sud\u00e1frica albergaba la Copa del Mundo de rugby, deporte de los blancos por excelencia.<\/p>\n<p>La cinta narra el empe\u00f1o de Mandela (a quien encarna Morgan Freeman) por implicar a la mayor\u00eda negra en el apoyo a un equipo de blancos y, hasta entonces, para blancos.<\/p>\n<p>Unida por primera vez por encima de las diferencias raciales, Sud\u00e1frica asiste euf\u00f3rica al triunfo de su selecci\u00f3n de rugby en el Mundial.<\/p>\n<p>La pel\u00edcula, que logr\u00f3 dos nominaciones para los Oscar y numerosos premios, est\u00e1 inspirada en el libro del periodista hispano-brit\u00e1nico John Carlin \u00abEl factor humano\u00bb.<\/p>\n<p>Una perspectiva m\u00e1s amplia adopta \u00abEl largo camino hacia la libertad\u00bb, estrenada en 2013 y dirigida por Justin Chadwick, y en la que el actor brit\u00e1nico Idris Elba interpreta el papel del Mandela adulto.<\/p>\n<p>Basada en la autobiograf\u00eda de Mandela del mismo nombre, la pel\u00edcula recrea aspectos menos conocidos de la vida del mito, desde su infancia en la Sud\u00e1frica rural y sus a\u00f1os en la lucha armada contra el \u00abapartheid\u00bb a su paso por la c\u00e1rcel y la forja entre rejas del l\u00edder nacional que cautivar\u00eda al mundo.<\/p>\n<p>Adem\u00e1s, numerosos artistas han esculpido estatuas que honran en todo el mundo a Mandela, cuya lucha por la igualdad racial ha sido llevada tambi\u00e9n al teatro en varias ocasiones.<\/p>\n<p>Una de las estatuas m\u00e1s emblem\u00e1tica se alza en la Plaza de Nelson Mandela en Johannesburgo, en pleno centro financiero, presidida por una imponente figura del h\u00e9roe en bronce de seis metros de altura.<\/p>\n<p>No menos evocadora es la imagen de otros seis metros que en mayo de 2013 se erigi\u00f3 en el centro de Johannesburgo, frente al edificio que alberg\u00f3 el bufete de abogados de Mandela, el primero propiedad de negros en la Sud\u00e1frica segregacionista.<\/p>\n<p>La obra le representa boxeando y est\u00e1 inspirada en una m\u00edtica imagen de su juventud, tomada en los 50 por el fot\u00f3grafo Robert Gosani.<\/p>\n<p>Pero quiz\u00e1 haya sido la m\u00fasica la que ha reflejado la inspiraci\u00f3n del expresidente de una manera m\u00e1s fruct\u00edfera.<\/p>\n<p>Desde aquel inolvidable \u00abFree Nelson Mandela\u00bb (\u00abLiberen a Nelson Mandela\u00bb) que en los a\u00f1os ochenta cantaban \u00abThe Special AKA\u00bb al emotivo \u00abAsimbonanga\u00bb (\u00abNo lo hemos visto\u00bb) con que el blanco sudafricano Johnny Clegg homenajeaba en zul\u00fa e ingl\u00e9s al entonces l\u00edder preso, multitud de m\u00fasicos han cantado al premio Nobel.<\/p>\n<p>Si \u00abFree Nelson Mandela\u00bb transmit\u00eda desde el Reino Unido el optimismo festivo con el que la industria musical apoy\u00f3 la lucha de Mandela, \u00abAsimbonanga\u00bb, que cost\u00f3 a Clegg varias detenciones bajo el \u00abapartheid\u00bb, es un recuerdo profundo e introspectivo del activista encarcelado y de sus compa\u00f1eros de lucha.<\/p>\n<p>Tambi\u00e9n ha quedado grabado en la memoria de mucha gente el concierto de tributo a Madiba -como se conoce a Mandela en su pa\u00eds- que m\u00fasicos como Tracy Chapman, George Michael o Eric Clapton ofrecieron en 1988 en el estadio de Wembley (Londres).<\/p>\n<p>Pese a la represi\u00f3n del sistema segregacionista, el jazzista sudafricano Hugh Masekela exigi\u00f3 en 1987 el fin del encarcelamiento de Madiba, que cumpl\u00eda entonces 24 a\u00f1os entre rejas.<\/p>\n<p>\u00abQuiero verle caminando \/ por las calles de Sud\u00e1frica \/ \u00a1ma\u00f1ana!\u00bb, rezan los versos de su canci\u00f3n \u00abBring back Nelson Mandela\u00bb (\u00abDevolved a Nelson Mandela\u00bb).<\/p>\n<p>Tres a\u00f1os despu\u00e9s, con Mandela caminando libre por las calles de Johannesburgo, la fallecida \u00abreina del afropop\u00bb Brenda Fassie celebraba su liberaci\u00f3n con su \u00abMy black president\u00bb.<\/p>\n<p>\u00abAhora en 1990 \/ el presidente del pueblo \/ sale de la c\u00e1rcel \/ levanta las manos y dice \/ viva, viva mi pueblo\u00bb, dice el \u00e9xito de Fassie.<\/p>\n<p>La luna de miel entre Madiba y la escena musical continu\u00f3 cuando los a\u00f1os de lucha dieron paso a la libertad y a las responsabilidades institucionales.<\/p>\n<p>De esa \u00faltima etapa, destacan los famosos conciertos a favor de la lucha contra el sida bautizados como \u00ab46664\u00bb, en referencia al n\u00famero de presidiario de Mandela (466) y su primer a\u00f1o de encarcelamiento (1964).<\/p>\n<p>Grupos como U2, las Spice Girls o los Rolling Stones y estrellas como Annie Lennox o Whitney Houston cantaron para \u00e9l en diversos actos de homenaje, a menudo con su presencia.<\/p>\n<p>El mismo Mandela tuvo asimismo su vena art\u00edstica y mat\u00f3 el tiempo en la c\u00e1rcel de Robben Island, donde pas\u00f3 recluido 18 a\u00f1os, trazando dibujos a carboncillo de su celda.<\/p>\n<p>La literatura tambi\u00e9n le ayud\u00f3 a soportar la cautividad en Robben Island, donde le hicieron llegar, de forma clandestina, un volumen de las obras completas de Shakespeare.<\/p>\n<p>En sus memorias, Mandela dej\u00f3 marcada una frase atribuida a Julio C\u00e9sar: \u00abLos cobardes mueren muchas veces antes de su muerte\/Los valientes s\u00f3lo mueren una vez&#8230;\u00bb.<\/p>\n<p>Por Marcel Gasc\u00f3n<\/p>\n","protected":false},"excerpt":{"rendered":"<p>Johannesburgo, 6 (EFE).- La epopeya por la libertad de Nelson Mandela, fallecido este jueves a los 95 a\u00f1os, ha inspirado a millones de personas en todo el mundo y dejar\u00e1 para la posteridad numerosos libros, pel\u00edculas, canciones y obras de arte de todo tipo. Artistas de todas las disciplinas se han visto atra\u00eddos por la [&hellip;]<\/p>\n","protected":false},"author":1,"featured_media":458526,"comment_status":"closed","ping_status":"open","sticky":false,"template":"","format":"standard","meta":{"footnotes":""},"categories":[28],"tags":[],"class_list":["post-458525","post","type-post","status-publish","format-standard","has-post-thumbnail","hentry","category-sociedad"],"aioseo_notices":[],"aioseo_head":"\n\t\t<!-- All in One SEO Pro 5.0.1 - aioseo.com -->\n\t<meta name=\"description\" content=\"Johannesburgo, 6 (EFE).- La epopeya por la libertad de Nelson Mandela, fallecido este jueves a los 95 a\u00f1os, ha inspirado a millones de personas en todo el mundo y dejar\u00e1 para la posteridad numerosos libros, pel\u00edculas, canciones y obras de arte de todo tipo. Artistas de todas las disciplinas se han visto atra\u00eddos por la\" \/>\n\t<meta name=\"robots\" content=\"max-image-preview:large\" \/>\n\t<meta name=\"author\" content=\"El Digital de Asturias\"\/>\n\t<meta name=\"google-site-verification\" content=\"UA-38556648-1\" \/>\n\t<meta name=\"msvalidate.01\" content=\"7dfe9f3f1b24437ab69f4f2559babe99\" \/>\n\t<meta name=\"keywords\" content=\"sociedad\" \/>\n\t<link rel=\"canonical\" href=\"https:\/\/www.eldigitaldeasturias.com\/noticias\/la-epopeya-de-mandela-una-inspiracion-para-el-mundo-de-la-cultura\/\" \/>\n\t<meta name=\"generator\" content=\"All in One SEO Pro (AIOSEO) 5.0.1\" \/>\n\t\t<meta property=\"og:locale\" content=\"es_ES\" \/>\n\t\t<meta property=\"og:site_name\" content=\"El Digital de Asturias\" \/>\n\t\t<meta property=\"og:type\" content=\"article\" \/>\n\t\t<meta property=\"og:title\" content=\"La epopeya de Mandela, una inspiraci\u00f3n para el mundo de la cultura - El Digital de Asturias\" \/>\n\t\t<meta property=\"og:description\" content=\"Johannesburgo, 6 (EFE).- La epopeya por la libertad de Nelson Mandela, fallecido este jueves a los 95 a\u00f1os, ha inspirado a millones de personas en todo el mundo y dejar\u00e1 para la posteridad numerosos libros, pel\u00edculas, canciones y obras de arte de todo tipo. Artistas de todas las disciplinas se han visto atra\u00eddos por la\" \/>\n\t\t<meta property=\"og:url\" content=\"https:\/\/www.eldigitaldeasturias.com\/noticias\/la-epopeya-de-mandela-una-inspiracion-para-el-mundo-de-la-cultura\/\" \/>\n\t\t<meta property=\"article:tag\" content=\"sociedad\" \/>\n\t\t<meta property=\"article:published_time\" content=\"2013-12-06T02:29:57+00:00\" \/>\n\t\t<meta property=\"article:modified_time\" content=\"2013-12-06T02:29:57+00:00\" \/>\n\t\t<meta property=\"article:publisher\" content=\"https:\/\/facebook.com\/eldigitaldeasturias\" \/>\n\t\t<meta name=\"twitter:card\" content=\"summary_large_image\" \/>\n\t\t<meta name=\"twitter:title\" content=\"La epopeya de Mandela, una inspiraci\u00f3n para el mundo de la cultura - El Digital de Asturias\" \/>\n\t\t<meta name=\"twitter:description\" content=\"Johannesburgo, 6 (EFE).- La epopeya por la libertad de Nelson Mandela, fallecido este jueves a los 95 a\u00f1os, ha inspirado a millones de personas en todo el mundo y dejar\u00e1 para la posteridad numerosos libros, pel\u00edculas, canciones y obras de arte de todo tipo. Artistas de todas las disciplinas se han visto atra\u00eddos por la\" \/>\n\t\t<meta name=\"twitter:label1\" content=\"Escrito por\" \/>\n\t\t<meta name=\"twitter:data1\" content=\"El Digital de Asturias\" \/>\n\t\t<meta name=\"twitter:label2\" content=\"Tiempo de lectura estimado\" \/>\n\t\t<meta name=\"twitter:data2\" content=\"5 minutos\" \/>\n\t\t<script type=\"application\/ld+json\" class=\"aioseo-schema\">\n\t\t\t{\"@context\":\"https:\\\/\\\/schema.org\",\"@graph\":[{\"@type\":\"BlogPosting\",\"@id\":\"https:\\\/\\\/www.eldigitaldeasturias.com\\\/noticias\\\/la-epopeya-de-mandela-una-inspiracion-para-el-mundo-de-la-cultura\\\/#blogposting\",\"name\":\"La epopeya de Mandela, una inspiraci\\u00f3n para el mundo de la cultura - El Digital de Asturias\",\"headline\":\"La epopeya de Mandela, una inspiraci\\u00f3n para el mundo de la cultura\",\"author\":{\"@id\":\"https:\\\/\\\/www.eldigitaldeasturias.com\\\/noticias\\\/author\\\/admin\\\/#author\"},\"publisher\":{\"@id\":\"https:\\\/\\\/www.eldigitaldeasturias.com\\\/noticias\\\/#organization\"},\"image\":{\"@type\":\"ImageObject\",\"url\":458526},\"datePublished\":\"2013-12-06T01:29:57+01:00\",\"dateModified\":\"2013-12-06T01:29:57+01:00\",\"inLanguage\":\"es-ES\",\"mainEntityOfPage\":{\"@id\":\"https:\\\/\\\/www.eldigitaldeasturias.com\\\/noticias\\\/la-epopeya-de-mandela-una-inspiracion-para-el-mundo-de-la-cultura\\\/#webpage\"},\"isPartOf\":{\"@id\":\"https:\\\/\\\/www.eldigitaldeasturias.com\\\/noticias\\\/la-epopeya-de-mandela-una-inspiracion-para-el-mundo-de-la-cultura\\\/#webpage\"},\"articleSection\":\"Sociedad\"},{\"@type\":\"BreadcrumbList\",\"@id\":\"https:\\\/\\\/www.eldigitaldeasturias.com\\\/noticias\\\/la-epopeya-de-mandela-una-inspiracion-para-el-mundo-de-la-cultura\\\/#breadcrumblist\",\"itemListElement\":[{\"@type\":\"ListItem\",\"@id\":\"https:\\\/\\\/www.eldigitaldeasturias.com\\\/noticias#listItem\",\"position\":1,\"name\":\"Home\",\"item\":\"https:\\\/\\\/www.eldigitaldeasturias.com\\\/noticias\",\"nextItem\":{\"@type\":\"ListItem\",\"@id\":\"https:\\\/\\\/www.eldigitaldeasturias.com\\\/noticias\\\/category\\\/sociedad\\\/#listItem\",\"name\":\"Sociedad\"}},{\"@type\":\"ListItem\",\"@id\":\"https:\\\/\\\/www.eldigitaldeasturias.com\\\/noticias\\\/category\\\/sociedad\\\/#listItem\",\"position\":2,\"name\":\"Sociedad\",\"item\":\"https:\\\/\\\/www.eldigitaldeasturias.com\\\/noticias\\\/category\\\/sociedad\\\/\",\"nextItem\":{\"@type\":\"ListItem\",\"@id\":\"https:\\\/\\\/www.eldigitaldeasturias.com\\\/noticias\\\/la-epopeya-de-mandela-una-inspiracion-para-el-mundo-de-la-cultura\\\/#listItem\",\"name\":\"La epopeya de Mandela, una inspiraci\\u00f3n para el mundo de la cultura\"},\"previousItem\":{\"@type\":\"ListItem\",\"@id\":\"https:\\\/\\\/www.eldigitaldeasturias.com\\\/noticias#listItem\",\"name\":\"Home\"}},{\"@type\":\"ListItem\",\"@id\":\"https:\\\/\\\/www.eldigitaldeasturias.com\\\/noticias\\\/la-epopeya-de-mandela-una-inspiracion-para-el-mundo-de-la-cultura\\\/#listItem\",\"position\":3,\"name\":\"La epopeya de Mandela, una inspiraci\\u00f3n para el mundo de la cultura\",\"previousItem\":{\"@type\":\"ListItem\",\"@id\":\"https:\\\/\\\/www.eldigitaldeasturias.com\\\/noticias\\\/category\\\/sociedad\\\/#listItem\",\"name\":\"Sociedad\"}}]},{\"@type\":\"Organization\",\"@id\":\"https:\\\/\\\/www.eldigitaldeasturias.com\\\/noticias\\\/#organization\",\"name\":\"El Digital de Asturias\",\"description\":\"Hemeroteca\",\"url\":\"https:\\\/\\\/www.eldigitaldeasturias.com\\\/noticias\\\/\",\"email\":\"info@eldigitaldeasturias.com\",\"telephone\":\"+34652131393\",\"logo\":{\"@type\":\"ImageObject\",\"url\":\"https:\\\/\\\/www.eldigitaldeasturias.com\\\/noticias\\\/wp-content\\\/uploads\\\/2020\\\/12\\\/EDA.jpg\",\"@id\":\"https:\\\/\\\/www.eldigitaldeasturias.com\\\/noticias\\\/la-epopeya-de-mandela-una-inspiracion-para-el-mundo-de-la-cultura\\\/#organizationLogo\"},\"image\":{\"@id\":\"https:\\\/\\\/www.eldigitaldeasturias.com\\\/noticias\\\/la-epopeya-de-mandela-una-inspiracion-para-el-mundo-de-la-cultura\\\/#organizationLogo\"},\"sameAs\":[\"https:\\\/\\\/facebook.com\\\/eldigitaldeasturias\",\"https:\\\/\\\/www.youtube.com\\\/channel\\\/UCZP-2wLEB9Rv6erhFmqVnvg\"],\"address\":{\"@id\":\"https:\\\/\\\/www.eldigitaldeasturias.com\\\/noticias\\\/#postaladdress\",\"@type\":\"PostalAddress\",\"streetAddress\":\"san antonio 4\",\"postalCode\":\"33430\",\"addressLocality\":\"Cand\\u00e1s\",\"addressRegion\":\"Asturias\",\"addressCountry\":\"ES\"}},{\"@type\":\"Person\",\"@id\":\"https:\\\/\\\/www.eldigitaldeasturias.com\\\/noticias\\\/author\\\/admin\\\/#author\",\"url\":\"https:\\\/\\\/www.eldigitaldeasturias.com\\\/noticias\\\/author\\\/admin\\\/\",\"name\":\"El Digital de Asturias\",\"image\":{\"@type\":\"ImageObject\",\"@id\":\"https:\\\/\\\/www.eldigitaldeasturias.com\\\/noticias\\\/la-epopeya-de-mandela-una-inspiracion-para-el-mundo-de-la-cultura\\\/#authorImage\",\"url\":\"https:\\\/\\\/secure.gravatar.com\\\/avatar\\\/df2aeffc32bcd13f8d26072ef8a91b623d677766deac7f97ca815868cd41bf5e?s=96&d=mm&r=g\",\"width\":96,\"height\":96,\"caption\":\"El Digital de Asturias\"}},{\"@type\":\"WebPage\",\"@id\":\"https:\\\/\\\/www.eldigitaldeasturias.com\\\/noticias\\\/la-epopeya-de-mandela-una-inspiracion-para-el-mundo-de-la-cultura\\\/#webpage\",\"url\":\"https:\\\/\\\/www.eldigitaldeasturias.com\\\/noticias\\\/la-epopeya-de-mandela-una-inspiracion-para-el-mundo-de-la-cultura\\\/\",\"name\":\"La epopeya de Mandela, una inspiraci\\u00f3n para el mundo de la cultura - El Digital de Asturias\",\"description\":\"Johannesburgo, 6 (EFE).- La epopeya por la libertad de Nelson Mandela, fallecido este jueves a los 95 a\\u00f1os, ha inspirado a millones de personas en todo el mundo y dejar\\u00e1 para la posteridad numerosos libros, pel\\u00edculas, canciones y obras de arte de todo tipo. Artistas de todas las disciplinas se han visto atra\\u00eddos por la\",\"inLanguage\":\"es-ES\",\"isPartOf\":{\"@id\":\"https:\\\/\\\/www.eldigitaldeasturias.com\\\/noticias\\\/#website\"},\"breadcrumb\":{\"@id\":\"https:\\\/\\\/www.eldigitaldeasturias.com\\\/noticias\\\/la-epopeya-de-mandela-una-inspiracion-para-el-mundo-de-la-cultura\\\/#breadcrumblist\"},\"author\":{\"@id\":\"https:\\\/\\\/www.eldigitaldeasturias.com\\\/noticias\\\/author\\\/admin\\\/#author\"},\"creator\":{\"@id\":\"https:\\\/\\\/www.eldigitaldeasturias.com\\\/noticias\\\/author\\\/admin\\\/#author\"},\"image\":{\"@type\":\"ImageObject\",\"url\":458526,\"@id\":\"https:\\\/\\\/www.eldigitaldeasturias.com\\\/noticias\\\/la-epopeya-de-mandela-una-inspiracion-para-el-mundo-de-la-cultura\\\/#mainImage\"},\"primaryImageOfPage\":{\"@id\":\"https:\\\/\\\/www.eldigitaldeasturias.com\\\/noticias\\\/la-epopeya-de-mandela-una-inspiracion-para-el-mundo-de-la-cultura\\\/#mainImage\"},\"datePublished\":\"2013-12-06T01:29:57+01:00\",\"dateModified\":\"2013-12-06T01:29:57+01:00\"},{\"@type\":\"WebSite\",\"@id\":\"https:\\\/\\\/www.eldigitaldeasturias.com\\\/noticias\\\/#website\",\"url\":\"https:\\\/\\\/www.eldigitaldeasturias.com\\\/noticias\\\/\",\"name\":\"El Digital de Asturias - Diario de actualidad y noticias\",\"alternateName\":\"El Digital de Asturias - Diario de actualidad y noticias\",\"description\":\"Hemeroteca\",\"inLanguage\":\"es-ES\",\"publisher\":{\"@id\":\"https:\\\/\\\/www.eldigitaldeasturias.com\\\/noticias\\\/#organization\"}}]}\n\t\t<\/script>\n\t\t<!-- All in One SEO Pro -->\r\n\t\t<title>La epopeya de Mandela, una inspiraci\u00f3n para el mundo de la cultura - El Digital de Asturias<\/title>\n\n","aioseo_head_json":{"title":"La epopeya de Mandela, una inspiraci\u00f3n para el mundo de la cultura - El Digital de Asturias","description":"Johannesburgo, 6 (EFE).- La epopeya por la libertad de Nelson Mandela, fallecido este jueves a los 95 a\u00f1os, ha inspirado a millones de personas en todo el mundo y dejar\u00e1 para la posteridad numerosos libros, pel\u00edculas, canciones y obras de arte de todo tipo. Artistas de todas las disciplinas se han visto atra\u00eddos por la","canonical_url":"https:\/\/www.eldigitaldeasturias.com\/noticias\/la-epopeya-de-mandela-una-inspiracion-para-el-mundo-de-la-cultura\/","robots":"max-image-preview:large","keywords":"sociedad","webmasterTools":{"google-site-verification":"UA-38556648-1","msvalidate.01":"7dfe9f3f1b24437ab69f4f2559babe99","miscellaneous":""},"schema":{"@context":"https:\/\/schema.org","@graph":[{"@type":"BlogPosting","@id":"https:\/\/www.eldigitaldeasturias.com\/noticias\/la-epopeya-de-mandela-una-inspiracion-para-el-mundo-de-la-cultura\/#blogposting","name":"La epopeya de Mandela, una inspiraci\u00f3n para el mundo de la cultura - El Digital de Asturias","headline":"La epopeya de Mandela, una inspiraci\u00f3n para el mundo de la cultura","author":{"@id":"https:\/\/www.eldigitaldeasturias.com\/noticias\/author\/admin\/#author"},"publisher":{"@id":"https:\/\/www.eldigitaldeasturias.com\/noticias\/#organization"},"image":{"@type":"ImageObject","url":458526},"datePublished":"2013-12-06T01:29:57+01:00","dateModified":"2013-12-06T01:29:57+01:00","inLanguage":"es-ES","mainEntityOfPage":{"@id":"https:\/\/www.eldigitaldeasturias.com\/noticias\/la-epopeya-de-mandela-una-inspiracion-para-el-mundo-de-la-cultura\/#webpage"},"isPartOf":{"@id":"https:\/\/www.eldigitaldeasturias.com\/noticias\/la-epopeya-de-mandela-una-inspiracion-para-el-mundo-de-la-cultura\/#webpage"},"articleSection":"Sociedad"},{"@type":"BreadcrumbList","@id":"https:\/\/www.eldigitaldeasturias.com\/noticias\/la-epopeya-de-mandela-una-inspiracion-para-el-mundo-de-la-cultura\/#breadcrumblist","itemListElement":[{"@type":"ListItem","@id":"https:\/\/www.eldigitaldeasturias.com\/noticias#listItem","position":1,"name":"Home","item":"https:\/\/www.eldigitaldeasturias.com\/noticias","nextItem":{"@type":"ListItem","@id":"https:\/\/www.eldigitaldeasturias.com\/noticias\/category\/sociedad\/#listItem","name":"Sociedad"}},{"@type":"ListItem","@id":"https:\/\/www.eldigitaldeasturias.com\/noticias\/category\/sociedad\/#listItem","position":2,"name":"Sociedad","item":"https:\/\/www.eldigitaldeasturias.com\/noticias\/category\/sociedad\/","nextItem":{"@type":"ListItem","@id":"https:\/\/www.eldigitaldeasturias.com\/noticias\/la-epopeya-de-mandela-una-inspiracion-para-el-mundo-de-la-cultura\/#listItem","name":"La epopeya de Mandela, una inspiraci\u00f3n para el mundo de la cultura"},"previousItem":{"@type":"ListItem","@id":"https:\/\/www.eldigitaldeasturias.com\/noticias#listItem","name":"Home"}},{"@type":"ListItem","@id":"https:\/\/www.eldigitaldeasturias.com\/noticias\/la-epopeya-de-mandela-una-inspiracion-para-el-mundo-de-la-cultura\/#listItem","position":3,"name":"La epopeya de Mandela, una inspiraci\u00f3n para el mundo de la cultura","previousItem":{"@type":"ListItem","@id":"https:\/\/www.eldigitaldeasturias.com\/noticias\/category\/sociedad\/#listItem","name":"Sociedad"}}]},{"@type":"Organization","@id":"https:\/\/www.eldigitaldeasturias.com\/noticias\/#organization","name":"El Digital de Asturias","description":"Hemeroteca","url":"https:\/\/www.eldigitaldeasturias.com\/noticias\/","email":"info@eldigitaldeasturias.com","telephone":"+34652131393","logo":{"@type":"ImageObject","url":"https:\/\/www.eldigitaldeasturias.com\/noticias\/wp-content\/uploads\/2020\/12\/EDA.jpg","@id":"https:\/\/www.eldigitaldeasturias.com\/noticias\/la-epopeya-de-mandela-una-inspiracion-para-el-mundo-de-la-cultura\/#organizationLogo"},"image":{"@id":"https:\/\/www.eldigitaldeasturias.com\/noticias\/la-epopeya-de-mandela-una-inspiracion-para-el-mundo-de-la-cultura\/#organizationLogo"},"sameAs":["https:\/\/facebook.com\/eldigitaldeasturias","https:\/\/www.youtube.com\/channel\/UCZP-2wLEB9Rv6erhFmqVnvg"],"address":{"@id":"https:\/\/www.eldigitaldeasturias.com\/noticias\/#postaladdress","@type":"PostalAddress","streetAddress":"san antonio 4","postalCode":"33430","addressLocality":"Cand\u00e1s","addressRegion":"Asturias","addressCountry":"ES"}},{"@type":"Person","@id":"https:\/\/www.eldigitaldeasturias.com\/noticias\/author\/admin\/#author","url":"https:\/\/www.eldigitaldeasturias.com\/noticias\/author\/admin\/","name":"El Digital de Asturias","image":{"@type":"ImageObject","@id":"https:\/\/www.eldigitaldeasturias.com\/noticias\/la-epopeya-de-mandela-una-inspiracion-para-el-mundo-de-la-cultura\/#authorImage","url":"https:\/\/secure.gravatar.com\/avatar\/df2aeffc32bcd13f8d26072ef8a91b623d677766deac7f97ca815868cd41bf5e?s=96&d=mm&r=g","width":96,"height":96,"caption":"El Digital de Asturias"}},{"@type":"WebPage","@id":"https:\/\/www.eldigitaldeasturias.com\/noticias\/la-epopeya-de-mandela-una-inspiracion-para-el-mundo-de-la-cultura\/#webpage","url":"https:\/\/www.eldigitaldeasturias.com\/noticias\/la-epopeya-de-mandela-una-inspiracion-para-el-mundo-de-la-cultura\/","name":"La epopeya de Mandela, una inspiraci\u00f3n para el mundo de la cultura - El Digital de Asturias","description":"Johannesburgo, 6 (EFE).- La epopeya por la libertad de Nelson Mandela, fallecido este jueves a los 95 a\u00f1os, ha inspirado a millones de personas en todo el mundo y dejar\u00e1 para la posteridad numerosos libros, pel\u00edculas, canciones y obras de arte de todo tipo. Artistas de todas las disciplinas se han visto atra\u00eddos por la","inLanguage":"es-ES","isPartOf":{"@id":"https:\/\/www.eldigitaldeasturias.com\/noticias\/#website"},"breadcrumb":{"@id":"https:\/\/www.eldigitaldeasturias.com\/noticias\/la-epopeya-de-mandela-una-inspiracion-para-el-mundo-de-la-cultura\/#breadcrumblist"},"author":{"@id":"https:\/\/www.eldigitaldeasturias.com\/noticias\/author\/admin\/#author"},"creator":{"@id":"https:\/\/www.eldigitaldeasturias.com\/noticias\/author\/admin\/#author"},"image":{"@type":"ImageObject","url":458526,"@id":"https:\/\/www.eldigitaldeasturias.com\/noticias\/la-epopeya-de-mandela-una-inspiracion-para-el-mundo-de-la-cultura\/#mainImage"},"primaryImageOfPage":{"@id":"https:\/\/www.eldigitaldeasturias.com\/noticias\/la-epopeya-de-mandela-una-inspiracion-para-el-mundo-de-la-cultura\/#mainImage"},"datePublished":"2013-12-06T01:29:57+01:00","dateModified":"2013-12-06T01:29:57+01:00"},{"@type":"WebSite","@id":"https:\/\/www.eldigitaldeasturias.com\/noticias\/#website","url":"https:\/\/www.eldigitaldeasturias.com\/noticias\/","name":"El Digital de Asturias - Diario de actualidad y noticias","alternateName":"El Digital de Asturias - Diario de actualidad y noticias","description":"Hemeroteca","inLanguage":"es-ES","publisher":{"@id":"https:\/\/www.eldigitaldeasturias.com\/noticias\/#organization"}}]},"og:locale":"es_ES","og:site_name":"El Digital de Asturias","og:type":"article","og:title":"La epopeya de Mandela, una inspiraci\u00f3n para el mundo de la cultura - El Digital de Asturias","og:description":"Johannesburgo, 6 (EFE).- La epopeya por la libertad de Nelson Mandela, fallecido este jueves a los 95 a\u00f1os, ha inspirado a millones de personas en todo el mundo y dejar\u00e1 para la posteridad numerosos libros, pel\u00edculas, canciones y obras de arte de todo tipo. Artistas de todas las disciplinas se han visto atra\u00eddos por la","og:url":"https:\/\/www.eldigitaldeasturias.com\/noticias\/la-epopeya-de-mandela-una-inspiracion-para-el-mundo-de-la-cultura\/","article:tag":["sociedad"],"article:published_time":"2013-12-06T02:29:57+00:00","article:modified_time":"2013-12-06T02:29:57+00:00","article:publisher":"https:\/\/facebook.com\/eldigitaldeasturias","twitter:card":"summary_large_image","twitter:title":"La epopeya de Mandela, una inspiraci\u00f3n para el mundo de la cultura - El Digital de Asturias","twitter:description":"Johannesburgo, 6 (EFE).- La epopeya por la libertad de Nelson Mandela, fallecido este jueves a los 95 a\u00f1os, ha inspirado a millones de personas en todo el mundo y dejar\u00e1 para la posteridad numerosos libros, pel\u00edculas, canciones y obras de arte de todo tipo. Artistas de todas las disciplinas se han visto atra\u00eddos por la","twitter:label1":"Escrito por","twitter:data1":"El Digital de Asturias","twitter:label2":"Tiempo de lectura estimado","twitter:data2":"5 minutos"},"aioseo_meta_data":{"post_id":"458525","title":null,"description":null,"keywords":null,"keyphrases":null,"primary_term":null,"canonical_url":null,"og_title":null,"og_description":null,"og_object_type":"default","og_image_type":"default","og_image_url":null,"og_image_width":null,"og_image_height":null,"og_image_custom_url":null,"og_image_custom_fields":null,"og_video":null,"og_custom_url":null,"og_article_section":null,"og_article_tags":null,"twitter_use_og":true,"twitter_card":"default","twitter_image_type":"default","twitter_image_url":null,"twitter_image_custom_url":null,"twitter_image_custom_fields":null,"twitter_title":null,"twitter_description":null,"schema":{"blockGraphs":[],"customGraphs":[],"default":{"data":{"Article":[],"Course":[],"Dataset":[],"FAQPage":[],"Movie":[],"Person":[],"Product":[],"ProductReview":[],"Car":[],"Recipe":[],"Service":[],"SoftwareApplication":[],"WebPage":[]},"graphName":"","isEnabled":true},"graphs":[],"defaultGraph":"","defaultPostTypeGraph":""},"schema_type":null,"schema_type_options":null,"pillar_content":false,"robots_default":true,"robots_noindex":false,"robots_noarchive":false,"robots_nosnippet":false,"robots_nofollow":false,"robots_noimageindex":false,"robots_noodp":false,"robots_notranslate":false,"robots_max_snippet":null,"robots_max_videopreview":null,"robots_max_imagepreview":"none","priority":null,"frequency":null,"local_seo":null,"seo_analyzer_scan_date":"2026-05-30 05:50:52","breadcrumb_settings":null,"limit_modified_date":false,"open_ai":null,"ai":null,"created":"2020-11-14 22:46:20","updated":"2026-05-30 05:50:52","focus_keyword":null,"additional_keywords":null,"truseo_locale":null},"aioseo_breadcrumb":"<div class=\"aioseo-breadcrumbs\"><span class=\"aioseo-breadcrumb\">\n\t<a href=\"https:\/\/www.eldigitaldeasturias.com\/noticias\" title=\"Home\">Home<\/a>\n<\/span><span class=\"aioseo-breadcrumb-separator\">\u2013<\/span><span class=\"aioseo-breadcrumb\">\n\t<a href=\"https:\/\/www.eldigitaldeasturias.com\/noticias\/category\/sociedad\/\" title=\"Sociedad\">Sociedad<\/a>\n<\/span><span class=\"aioseo-breadcrumb-separator\">\u2013<\/span><span class=\"aioseo-breadcrumb\">\n\t<a href=\"https:\/\/www.eldigitaldeasturias.com\/noticias\/la-epopeya-de-mandela-una-inspiracion-para-el-mundo-de-la-cultura\/\" title=\"La epopeya de Mandela, una inspiraci\u00f3n para el mundo de la cultura\">La epopeya de Mandela, una inspiraci\u00f3n para el mundo de la cultura<\/a>\n<\/span><\/div>","aioseo_breadcrumb_json":[{"label":"Home","link":"https:\/\/www.eldigitaldeasturias.com\/noticias"},{"label":"Sociedad","link":"https:\/\/www.eldigitaldeasturias.com\/noticias\/category\/sociedad\/"},{"label":"La epopeya de Mandela, una inspiraci\u00f3n para el mundo de la cultura","link":"https:\/\/www.eldigitaldeasturias.com\/noticias\/la-epopeya-de-mandela-una-inspiracion-para-el-mundo-de-la-cultura\/"}],"_links":{"self":[{"href":"https:\/\/www.eldigitaldeasturias.com\/noticias\/wp-json\/wp\/v2\/posts\/458525","targetHints":{"allow":["GET"]}}],"collection":[{"href":"https:\/\/www.eldigitaldeasturias.com\/noticias\/wp-json\/wp\/v2\/posts"}],"about":[{"href":"https:\/\/www.eldigitaldeasturias.com\/noticias\/wp-json\/wp\/v2\/types\/post"}],"author":[{"embeddable":true,"href":"https:\/\/www.eldigitaldeasturias.com\/noticias\/wp-json\/wp\/v2\/users\/1"}],"replies":[{"embeddable":true,"href":"https:\/\/www.eldigitaldeasturias.com\/noticias\/wp-json\/wp\/v2\/comments?post=458525"}],"version-history":[{"count":0,"href":"https:\/\/www.eldigitaldeasturias.com\/noticias\/wp-json\/wp\/v2\/posts\/458525\/revisions"}],"wp:attachment":[{"href":"https:\/\/www.eldigitaldeasturias.com\/noticias\/wp-json\/wp\/v2\/media?parent=458525"}],"wp:term":[{"taxonomy":"category","embeddable":true,"href":"https:\/\/www.eldigitaldeasturias.com\/noticias\/wp-json\/wp\/v2\/categories?post=458525"},{"taxonomy":"post_tag","embeddable":true,"href":"https:\/\/www.eldigitaldeasturias.com\/noticias\/wp-json\/wp\/v2\/tags?post=458525"}],"curies":[{"name":"wp","href":"https:\/\/api.w.org\/{rel}","templated":true}]}}