{"id":458501,"date":"2013-12-06T01:12:16","date_gmt":"2013-12-06T02:12:16","guid":{"rendered":"http:\/\/www.eldigitaldeasturias.com\/noticias\/?p=458501"},"modified":"2013-12-06T01:12:16","modified_gmt":"2013-12-06T02:12:16","slug":"el-nuevo-mustang-abandera-la-politica-de-productos-ford-de-los-proximos-anos","status":"publish","type":"post","link":"https:\/\/www.eldigitaldeasturias.com\/noticias\/el-nuevo-mustang-abandera-la-politica-de-productos-ford-de-los-proximos-anos\/","title":{"rendered":"El nuevo Mustang abandera la pol\u00edtica de productos Ford de los pr\u00f3ximos a\u00f1os"},"content":{"rendered":"<p><img loading=\"lazy\" decoding=\"async\" class=\"alignleft size-medium wp-image-458502\" alt=\"5774636w\" src=\"https:\/\/www.eldigitaldeasturias.com\/noticias\/wp-content\/uploads\/2013\/12\/5774636w-250x320.jpg\" width=\"250\" height=\"320\" \/>Barcelona, 5 dic (EFE).- El nuevo Ford Mustang, que se convierte en un producto global, al comercializarse en cuatro continentes, y dejar de ser exclusiva del mercado estadounidense, ser\u00e1 el abanderado de la marca del \u00f3valo en la pol\u00edtica de producto de los pr\u00f3ximos a\u00f1os.<\/p>\n<p>Este modelo m\u00edtico, cuya primera generaci\u00f3n data de la d\u00e9cada de los sesenta del siglo pasado (1964) y del que se han vendido 9 millones de unidades desde entonces, se ha presentado hoy en primicia mundial en la convenci\u00f3n Ford \u00abGo Further\u00bb, que se ha celebrado en Barcelona.<\/p>\n<p>El modelo se empezar\u00e1 a comercializar en Europa a principios de 2015 con dos motores de gasolina de 2.3 litros, Ecoboost de cuatro cilindros, con 309 CV, y que se produce en la factor\u00eda de motores de Almusafes (Valencia), adem\u00e1s de un V8 de 5.0 litros y 426 CV.<\/p>\n<p>El Ford Mustang de la nueva generaci\u00f3n tendr\u00e1 la opci\u00f3n de una caja manual de seis velocidades y otra autom\u00e1tica, del mismo n\u00famero de relaciones, con levas al volante.<\/p>\n<p>El presidente de Ford, Bill Ford, present\u00f3 el modelo como la \u00abcaptura del esp\u00edritu de una era que va a ampliar su leyenda\u00bb y a\u00f1adi\u00f3 que traer este modelo a Europa es \u00abun hito para la marca\u00bb.<\/p>\n<p>El argumento para esta \u00abresurrecci\u00f3n\u00bb del modelo, seg\u00fan el directivo de Ford y su inter\u00e9s por Europa, se justifica por el mill\u00f3n de seguidores del modelo en Facebook, en un mercado como el europeo que apenas lo conoce.<\/p>\n<p>Ford tambi\u00e9n ha puesto el acento de su pol\u00edtica de producto en el segmento de los todoterrreno SUV que tendr\u00e1 un importante impacto en la planta espa\u00f1ola de Almusafes, ya que la intenci\u00f3n es elevar la producci\u00f3n del modelo Kuga hasta las 100.000 unidades anuales y este aumento se traducir\u00e1 en mayor actividad de la instalaci\u00f3n valenciana (el modelo se produce tambi\u00e9n en M\u00e9xico).<\/p>\n<p>El Ford Kuga es prioridad para la marca por su gran aceptaci\u00f3n en el mercado estadounidense, donde este a\u00f1o ha vendido 275.000 unidades.<\/p>\n<p>Del EcoSport tambi\u00e9n se alab\u00f3 su aceptaci\u00f3n en los mercados pioneros de lanzamiento, como Am\u00e9rica del Sur (130.000 unidades), China e India.<\/p>\n<p>Ford redondear\u00e1 la gama de los SUV con el Kuga, ya existente, la pr\u00f3xima llegada a Europa del peque\u00f1o EcoSport, y un representante de la gama alta, cuyo concepto, Ford Edge, hse ha presentado tambi\u00e9n en este evento.<\/p>\n<p>Otra novedad del \u00abGo Further\u00bb ha sido el KA Concept, avance de la nueva generaci\u00f3n de este modelo urbano de Ford del mismo nombre y que se dirige a cubrir una demanda creciente de veh\u00edculos peque\u00f1os, con habitabilidad interior, motores de bajo consumo y equipamientos con los \u00faltimos adelantos tecnol\u00f3gicos.<\/p>\n","protected":false},"excerpt":{"rendered":"<p>Barcelona, 5 dic (EFE).- El nuevo Ford Mustang, que se convierte en un producto global, al comercializarse en cuatro continentes, y dejar de ser exclusiva del mercado estadounidense, ser\u00e1 el abanderado de la marca del \u00f3valo en la pol\u00edtica de producto de los pr\u00f3ximos a\u00f1os. Este modelo m\u00edtico, cuya primera generaci\u00f3n data de la d\u00e9cada [&hellip;]<\/p>\n","protected":false},"author":1,"featured_media":458502,"comment_status":"closed","ping_status":"open","sticky":false,"template":"","format":"standard","meta":{"footnotes":""},"categories":[50],"tags":[],"class_list":["post-458501","post","type-post","status-publish","format-standard","has-post-thumbnail","hentry","category-revista-de-ocio"],"aioseo_notices":[],"aioseo_head":"\n\t\t<!-- All in One SEO Pro 5.0.1 - aioseo.com -->\n\t<meta name=\"description\" content=\"Barcelona, 5 dic (EFE).- El nuevo Ford Mustang, que se convierte en un producto global, al comercializarse en cuatro continentes, y dejar de ser exclusiva del mercado estadounidense, ser\u00e1 el abanderado de la marca del \u00f3valo en la pol\u00edtica de producto de los pr\u00f3ximos a\u00f1os. Este modelo m\u00edtico, cuya primera generaci\u00f3n data de la d\u00e9cada\" \/>\n\t<meta name=\"robots\" content=\"max-image-preview:large\" \/>\n\t<meta name=\"author\" content=\"El Digital de Asturias\"\/>\n\t<meta name=\"google-site-verification\" content=\"UA-38556648-1\" \/>\n\t<meta name=\"msvalidate.01\" content=\"7dfe9f3f1b24437ab69f4f2559babe99\" \/>\n\t<meta name=\"keywords\" content=\"revista de ocio\" \/>\n\t<link rel=\"canonical\" href=\"https:\/\/www.eldigitaldeasturias.com\/noticias\/el-nuevo-mustang-abandera-la-politica-de-productos-ford-de-los-proximos-anos\/\" \/>\n\t<meta name=\"generator\" content=\"All in One SEO Pro (AIOSEO) 5.0.1\" \/>\n\t\t<meta property=\"og:locale\" content=\"es_ES\" \/>\n\t\t<meta property=\"og:site_name\" content=\"El Digital de Asturias\" \/>\n\t\t<meta property=\"og:type\" content=\"article\" \/>\n\t\t<meta property=\"og:title\" content=\"El nuevo Mustang abandera la pol\u00edtica de productos Ford de los pr\u00f3ximos a\u00f1os - El Digital de Asturias\" \/>\n\t\t<meta property=\"og:description\" content=\"Barcelona, 5 dic (EFE).- El nuevo Ford Mustang, que se convierte en un producto global, al comercializarse en cuatro continentes, y dejar de ser exclusiva del mercado estadounidense, ser\u00e1 el abanderado de la marca del \u00f3valo en la pol\u00edtica de producto de los pr\u00f3ximos a\u00f1os. Este modelo m\u00edtico, cuya primera generaci\u00f3n data de la d\u00e9cada\" \/>\n\t\t<meta property=\"og:url\" content=\"https:\/\/www.eldigitaldeasturias.com\/noticias\/el-nuevo-mustang-abandera-la-politica-de-productos-ford-de-los-proximos-anos\/\" \/>\n\t\t<meta property=\"article:tag\" content=\"revista de ocio\" \/>\n\t\t<meta property=\"article:published_time\" content=\"2013-12-06T02:12:16+00:00\" \/>\n\t\t<meta property=\"article:modified_time\" content=\"2013-12-06T02:12:16+00:00\" \/>\n\t\t<meta property=\"article:publisher\" content=\"https:\/\/facebook.com\/eldigitaldeasturias\" \/>\n\t\t<meta name=\"twitter:card\" content=\"summary_large_image\" \/>\n\t\t<meta name=\"twitter:title\" content=\"El nuevo Mustang abandera la pol\u00edtica de productos Ford de los pr\u00f3ximos a\u00f1os - El Digital de Asturias\" \/>\n\t\t<meta name=\"twitter:description\" content=\"Barcelona, 5 dic (EFE).- El nuevo Ford Mustang, que se convierte en un producto global, al comercializarse en cuatro continentes, y dejar de ser exclusiva del mercado estadounidense, ser\u00e1 el abanderado de la marca del \u00f3valo en la pol\u00edtica de producto de los pr\u00f3ximos a\u00f1os. Este modelo m\u00edtico, cuya primera generaci\u00f3n data de la d\u00e9cada\" \/>\n\t\t<meta name=\"twitter:label1\" content=\"Escrito por\" \/>\n\t\t<meta name=\"twitter:data1\" content=\"El Digital de Asturias\" \/>\n\t\t<meta name=\"twitter:label2\" content=\"Tiempo de lectura estimado\" \/>\n\t\t<meta name=\"twitter:data2\" content=\"2 minutos\" \/>\n\t\t<script type=\"application\/ld+json\" class=\"aioseo-schema\">\n\t\t\t{\"@context\":\"https:\\\/\\\/schema.org\",\"@graph\":[{\"@type\":\"BlogPosting\",\"@id\":\"https:\\\/\\\/www.eldigitaldeasturias.com\\\/noticias\\\/el-nuevo-mustang-abandera-la-politica-de-productos-ford-de-los-proximos-anos\\\/#blogposting\",\"name\":\"El nuevo Mustang abandera la pol\\u00edtica de productos Ford de los pr\\u00f3ximos a\\u00f1os - El Digital de Asturias\",\"headline\":\"El nuevo Mustang abandera la pol\\u00edtica de productos Ford de los pr\\u00f3ximos a\\u00f1os\",\"author\":{\"@id\":\"https:\\\/\\\/www.eldigitaldeasturias.com\\\/noticias\\\/author\\\/admin\\\/#author\"},\"publisher\":{\"@id\":\"https:\\\/\\\/www.eldigitaldeasturias.com\\\/noticias\\\/#organization\"},\"image\":{\"@type\":\"ImageObject\",\"url\":458502},\"datePublished\":\"2013-12-06T01:12:16+01:00\",\"dateModified\":\"2013-12-06T01:12:16+01:00\",\"inLanguage\":\"es-ES\",\"mainEntityOfPage\":{\"@id\":\"https:\\\/\\\/www.eldigitaldeasturias.com\\\/noticias\\\/el-nuevo-mustang-abandera-la-politica-de-productos-ford-de-los-proximos-anos\\\/#webpage\"},\"isPartOf\":{\"@id\":\"https:\\\/\\\/www.eldigitaldeasturias.com\\\/noticias\\\/el-nuevo-mustang-abandera-la-politica-de-productos-ford-de-los-proximos-anos\\\/#webpage\"},\"articleSection\":\"Revista de Ocio\"},{\"@type\":\"BreadcrumbList\",\"@id\":\"https:\\\/\\\/www.eldigitaldeasturias.com\\\/noticias\\\/el-nuevo-mustang-abandera-la-politica-de-productos-ford-de-los-proximos-anos\\\/#breadcrumblist\",\"itemListElement\":[{\"@type\":\"ListItem\",\"@id\":\"https:\\\/\\\/www.eldigitaldeasturias.com\\\/noticias#listItem\",\"position\":1,\"name\":\"Home\",\"item\":\"https:\\\/\\\/www.eldigitaldeasturias.com\\\/noticias\",\"nextItem\":{\"@type\":\"ListItem\",\"@id\":\"https:\\\/\\\/www.eldigitaldeasturias.com\\\/noticias\\\/category\\\/revista-de-ocio\\\/#listItem\",\"name\":\"Revista de Ocio\"}},{\"@type\":\"ListItem\",\"@id\":\"https:\\\/\\\/www.eldigitaldeasturias.com\\\/noticias\\\/category\\\/revista-de-ocio\\\/#listItem\",\"position\":2,\"name\":\"Revista de Ocio\",\"item\":\"https:\\\/\\\/www.eldigitaldeasturias.com\\\/noticias\\\/category\\\/revista-de-ocio\\\/\",\"nextItem\":{\"@type\":\"ListItem\",\"@id\":\"https:\\\/\\\/www.eldigitaldeasturias.com\\\/noticias\\\/el-nuevo-mustang-abandera-la-politica-de-productos-ford-de-los-proximos-anos\\\/#listItem\",\"name\":\"El nuevo Mustang abandera la pol\\u00edtica de productos Ford de los pr\\u00f3ximos a\\u00f1os\"},\"previousItem\":{\"@type\":\"ListItem\",\"@id\":\"https:\\\/\\\/www.eldigitaldeasturias.com\\\/noticias#listItem\",\"name\":\"Home\"}},{\"@type\":\"ListItem\",\"@id\":\"https:\\\/\\\/www.eldigitaldeasturias.com\\\/noticias\\\/el-nuevo-mustang-abandera-la-politica-de-productos-ford-de-los-proximos-anos\\\/#listItem\",\"position\":3,\"name\":\"El nuevo Mustang abandera la pol\\u00edtica de productos Ford de los pr\\u00f3ximos a\\u00f1os\",\"previousItem\":{\"@type\":\"ListItem\",\"@id\":\"https:\\\/\\\/www.eldigitaldeasturias.com\\\/noticias\\\/category\\\/revista-de-ocio\\\/#listItem\",\"name\":\"Revista de Ocio\"}}]},{\"@type\":\"Organization\",\"@id\":\"https:\\\/\\\/www.eldigitaldeasturias.com\\\/noticias\\\/#organization\",\"name\":\"El Digital de Asturias\",\"description\":\"Hemeroteca\",\"url\":\"https:\\\/\\\/www.eldigitaldeasturias.com\\\/noticias\\\/\",\"email\":\"info@eldigitaldeasturias.com\",\"telephone\":\"+34652131393\",\"logo\":{\"@type\":\"ImageObject\",\"url\":\"https:\\\/\\\/www.eldigitaldeasturias.com\\\/noticias\\\/wp-content\\\/uploads\\\/2020\\\/12\\\/EDA.jpg\",\"@id\":\"https:\\\/\\\/www.eldigitaldeasturias.com\\\/noticias\\\/el-nuevo-mustang-abandera-la-politica-de-productos-ford-de-los-proximos-anos\\\/#organizationLogo\"},\"image\":{\"@id\":\"https:\\\/\\\/www.eldigitaldeasturias.com\\\/noticias\\\/el-nuevo-mustang-abandera-la-politica-de-productos-ford-de-los-proximos-anos\\\/#organizationLogo\"},\"sameAs\":[\"https:\\\/\\\/facebook.com\\\/eldigitaldeasturias\",\"https:\\\/\\\/www.youtube.com\\\/channel\\\/UCZP-2wLEB9Rv6erhFmqVnvg\"],\"address\":{\"@id\":\"https:\\\/\\\/www.eldigitaldeasturias.com\\\/noticias\\\/#postaladdress\",\"@type\":\"PostalAddress\",\"streetAddress\":\"san antonio 4\",\"postalCode\":\"33430\",\"addressLocality\":\"Cand\\u00e1s\",\"addressRegion\":\"Asturias\",\"addressCountry\":\"ES\"}},{\"@type\":\"Person\",\"@id\":\"https:\\\/\\\/www.eldigitaldeasturias.com\\\/noticias\\\/author\\\/admin\\\/#author\",\"url\":\"https:\\\/\\\/www.eldigitaldeasturias.com\\\/noticias\\\/author\\\/admin\\\/\",\"name\":\"El Digital de Asturias\",\"image\":{\"@type\":\"ImageObject\",\"@id\":\"https:\\\/\\\/www.eldigitaldeasturias.com\\\/noticias\\\/el-nuevo-mustang-abandera-la-politica-de-productos-ford-de-los-proximos-anos\\\/#authorImage\",\"url\":\"https:\\\/\\\/secure.gravatar.com\\\/avatar\\\/df2aeffc32bcd13f8d26072ef8a91b623d677766deac7f97ca815868cd41bf5e?s=96&d=mm&r=g\",\"width\":96,\"height\":96,\"caption\":\"El Digital de Asturias\"}},{\"@type\":\"WebPage\",\"@id\":\"https:\\\/\\\/www.eldigitaldeasturias.com\\\/noticias\\\/el-nuevo-mustang-abandera-la-politica-de-productos-ford-de-los-proximos-anos\\\/#webpage\",\"url\":\"https:\\\/\\\/www.eldigitaldeasturias.com\\\/noticias\\\/el-nuevo-mustang-abandera-la-politica-de-productos-ford-de-los-proximos-anos\\\/\",\"name\":\"El nuevo Mustang abandera la pol\\u00edtica de productos Ford de los pr\\u00f3ximos a\\u00f1os - El Digital de Asturias\",\"description\":\"Barcelona, 5 dic (EFE).- El nuevo Ford Mustang, que se convierte en un producto global, al comercializarse en cuatro continentes, y dejar de ser exclusiva del mercado estadounidense, ser\\u00e1 el abanderado de la marca del \\u00f3valo en la pol\\u00edtica de producto de los pr\\u00f3ximos a\\u00f1os. Este modelo m\\u00edtico, cuya primera generaci\\u00f3n data de la d\\u00e9cada\",\"inLanguage\":\"es-ES\",\"isPartOf\":{\"@id\":\"https:\\\/\\\/www.eldigitaldeasturias.com\\\/noticias\\\/#website\"},\"breadcrumb\":{\"@id\":\"https:\\\/\\\/www.eldigitaldeasturias.com\\\/noticias\\\/el-nuevo-mustang-abandera-la-politica-de-productos-ford-de-los-proximos-anos\\\/#breadcrumblist\"},\"author\":{\"@id\":\"https:\\\/\\\/www.eldigitaldeasturias.com\\\/noticias\\\/author\\\/admin\\\/#author\"},\"creator\":{\"@id\":\"https:\\\/\\\/www.eldigitaldeasturias.com\\\/noticias\\\/author\\\/admin\\\/#author\"},\"image\":{\"@type\":\"ImageObject\",\"url\":458502,\"@id\":\"https:\\\/\\\/www.eldigitaldeasturias.com\\\/noticias\\\/el-nuevo-mustang-abandera-la-politica-de-productos-ford-de-los-proximos-anos\\\/#mainImage\"},\"primaryImageOfPage\":{\"@id\":\"https:\\\/\\\/www.eldigitaldeasturias.com\\\/noticias\\\/el-nuevo-mustang-abandera-la-politica-de-productos-ford-de-los-proximos-anos\\\/#mainImage\"},\"datePublished\":\"2013-12-06T01:12:16+01:00\",\"dateModified\":\"2013-12-06T01:12:16+01:00\"},{\"@type\":\"WebSite\",\"@id\":\"https:\\\/\\\/www.eldigitaldeasturias.com\\\/noticias\\\/#website\",\"url\":\"https:\\\/\\\/www.eldigitaldeasturias.com\\\/noticias\\\/\",\"name\":\"El Digital de Asturias - Diario de actualidad y noticias\",\"alternateName\":\"El Digital de Asturias - Diario de actualidad y noticias\",\"description\":\"Hemeroteca\",\"inLanguage\":\"es-ES\",\"publisher\":{\"@id\":\"https:\\\/\\\/www.eldigitaldeasturias.com\\\/noticias\\\/#organization\"}}]}\n\t\t<\/script>\n\t\t<!-- All in One SEO Pro -->\r\n\t\t<title>El nuevo Mustang abandera la pol\u00edtica de productos Ford de los pr\u00f3ximos a\u00f1os - El Digital de Asturias<\/title>\n\n","aioseo_head_json":{"title":"El nuevo Mustang abandera la pol\u00edtica de productos Ford de los pr\u00f3ximos a\u00f1os - El Digital de Asturias","description":"Barcelona, 5 dic (EFE).- El nuevo Ford Mustang, que se convierte en un producto global, al comercializarse en cuatro continentes, y dejar de ser exclusiva del mercado estadounidense, ser\u00e1 el abanderado de la marca del \u00f3valo en la pol\u00edtica de producto de los pr\u00f3ximos a\u00f1os. Este modelo m\u00edtico, cuya primera generaci\u00f3n data de la d\u00e9cada","canonical_url":"https:\/\/www.eldigitaldeasturias.com\/noticias\/el-nuevo-mustang-abandera-la-politica-de-productos-ford-de-los-proximos-anos\/","robots":"max-image-preview:large","keywords":"revista de ocio","webmasterTools":{"google-site-verification":"UA-38556648-1","msvalidate.01":"7dfe9f3f1b24437ab69f4f2559babe99","miscellaneous":""},"schema":{"@context":"https:\/\/schema.org","@graph":[{"@type":"BlogPosting","@id":"https:\/\/www.eldigitaldeasturias.com\/noticias\/el-nuevo-mustang-abandera-la-politica-de-productos-ford-de-los-proximos-anos\/#blogposting","name":"El nuevo Mustang abandera la pol\u00edtica de productos Ford de los pr\u00f3ximos a\u00f1os - El Digital de Asturias","headline":"El nuevo Mustang abandera la pol\u00edtica de productos Ford de los pr\u00f3ximos a\u00f1os","author":{"@id":"https:\/\/www.eldigitaldeasturias.com\/noticias\/author\/admin\/#author"},"publisher":{"@id":"https:\/\/www.eldigitaldeasturias.com\/noticias\/#organization"},"image":{"@type":"ImageObject","url":458502},"datePublished":"2013-12-06T01:12:16+01:00","dateModified":"2013-12-06T01:12:16+01:00","inLanguage":"es-ES","mainEntityOfPage":{"@id":"https:\/\/www.eldigitaldeasturias.com\/noticias\/el-nuevo-mustang-abandera-la-politica-de-productos-ford-de-los-proximos-anos\/#webpage"},"isPartOf":{"@id":"https:\/\/www.eldigitaldeasturias.com\/noticias\/el-nuevo-mustang-abandera-la-politica-de-productos-ford-de-los-proximos-anos\/#webpage"},"articleSection":"Revista de Ocio"},{"@type":"BreadcrumbList","@id":"https:\/\/www.eldigitaldeasturias.com\/noticias\/el-nuevo-mustang-abandera-la-politica-de-productos-ford-de-los-proximos-anos\/#breadcrumblist","itemListElement":[{"@type":"ListItem","@id":"https:\/\/www.eldigitaldeasturias.com\/noticias#listItem","position":1,"name":"Home","item":"https:\/\/www.eldigitaldeasturias.com\/noticias","nextItem":{"@type":"ListItem","@id":"https:\/\/www.eldigitaldeasturias.com\/noticias\/category\/revista-de-ocio\/#listItem","name":"Revista de Ocio"}},{"@type":"ListItem","@id":"https:\/\/www.eldigitaldeasturias.com\/noticias\/category\/revista-de-ocio\/#listItem","position":2,"name":"Revista de Ocio","item":"https:\/\/www.eldigitaldeasturias.com\/noticias\/category\/revista-de-ocio\/","nextItem":{"@type":"ListItem","@id":"https:\/\/www.eldigitaldeasturias.com\/noticias\/el-nuevo-mustang-abandera-la-politica-de-productos-ford-de-los-proximos-anos\/#listItem","name":"El nuevo Mustang abandera la pol\u00edtica de productos Ford de los pr\u00f3ximos a\u00f1os"},"previousItem":{"@type":"ListItem","@id":"https:\/\/www.eldigitaldeasturias.com\/noticias#listItem","name":"Home"}},{"@type":"ListItem","@id":"https:\/\/www.eldigitaldeasturias.com\/noticias\/el-nuevo-mustang-abandera-la-politica-de-productos-ford-de-los-proximos-anos\/#listItem","position":3,"name":"El nuevo Mustang abandera la pol\u00edtica de productos Ford de los pr\u00f3ximos a\u00f1os","previousItem":{"@type":"ListItem","@id":"https:\/\/www.eldigitaldeasturias.com\/noticias\/category\/revista-de-ocio\/#listItem","name":"Revista de Ocio"}}]},{"@type":"Organization","@id":"https:\/\/www.eldigitaldeasturias.com\/noticias\/#organization","name":"El Digital de Asturias","description":"Hemeroteca","url":"https:\/\/www.eldigitaldeasturias.com\/noticias\/","email":"info@eldigitaldeasturias.com","telephone":"+34652131393","logo":{"@type":"ImageObject","url":"https:\/\/www.eldigitaldeasturias.com\/noticias\/wp-content\/uploads\/2020\/12\/EDA.jpg","@id":"https:\/\/www.eldigitaldeasturias.com\/noticias\/el-nuevo-mustang-abandera-la-politica-de-productos-ford-de-los-proximos-anos\/#organizationLogo"},"image":{"@id":"https:\/\/www.eldigitaldeasturias.com\/noticias\/el-nuevo-mustang-abandera-la-politica-de-productos-ford-de-los-proximos-anos\/#organizationLogo"},"sameAs":["https:\/\/facebook.com\/eldigitaldeasturias","https:\/\/www.youtube.com\/channel\/UCZP-2wLEB9Rv6erhFmqVnvg"],"address":{"@id":"https:\/\/www.eldigitaldeasturias.com\/noticias\/#postaladdress","@type":"PostalAddress","streetAddress":"san antonio 4","postalCode":"33430","addressLocality":"Cand\u00e1s","addressRegion":"Asturias","addressCountry":"ES"}},{"@type":"Person","@id":"https:\/\/www.eldigitaldeasturias.com\/noticias\/author\/admin\/#author","url":"https:\/\/www.eldigitaldeasturias.com\/noticias\/author\/admin\/","name":"El Digital de Asturias","image":{"@type":"ImageObject","@id":"https:\/\/www.eldigitaldeasturias.com\/noticias\/el-nuevo-mustang-abandera-la-politica-de-productos-ford-de-los-proximos-anos\/#authorImage","url":"https:\/\/secure.gravatar.com\/avatar\/df2aeffc32bcd13f8d26072ef8a91b623d677766deac7f97ca815868cd41bf5e?s=96&d=mm&r=g","width":96,"height":96,"caption":"El Digital de Asturias"}},{"@type":"WebPage","@id":"https:\/\/www.eldigitaldeasturias.com\/noticias\/el-nuevo-mustang-abandera-la-politica-de-productos-ford-de-los-proximos-anos\/#webpage","url":"https:\/\/www.eldigitaldeasturias.com\/noticias\/el-nuevo-mustang-abandera-la-politica-de-productos-ford-de-los-proximos-anos\/","name":"El nuevo Mustang abandera la pol\u00edtica de productos Ford de los pr\u00f3ximos a\u00f1os - El Digital de Asturias","description":"Barcelona, 5 dic (EFE).- El nuevo Ford Mustang, que se convierte en un producto global, al comercializarse en cuatro continentes, y dejar de ser exclusiva del mercado estadounidense, ser\u00e1 el abanderado de la marca del \u00f3valo en la pol\u00edtica de producto de los pr\u00f3ximos a\u00f1os. Este modelo m\u00edtico, cuya primera generaci\u00f3n data de la d\u00e9cada","inLanguage":"es-ES","isPartOf":{"@id":"https:\/\/www.eldigitaldeasturias.com\/noticias\/#website"},"breadcrumb":{"@id":"https:\/\/www.eldigitaldeasturias.com\/noticias\/el-nuevo-mustang-abandera-la-politica-de-productos-ford-de-los-proximos-anos\/#breadcrumblist"},"author":{"@id":"https:\/\/www.eldigitaldeasturias.com\/noticias\/author\/admin\/#author"},"creator":{"@id":"https:\/\/www.eldigitaldeasturias.com\/noticias\/author\/admin\/#author"},"image":{"@type":"ImageObject","url":458502,"@id":"https:\/\/www.eldigitaldeasturias.com\/noticias\/el-nuevo-mustang-abandera-la-politica-de-productos-ford-de-los-proximos-anos\/#mainImage"},"primaryImageOfPage":{"@id":"https:\/\/www.eldigitaldeasturias.com\/noticias\/el-nuevo-mustang-abandera-la-politica-de-productos-ford-de-los-proximos-anos\/#mainImage"},"datePublished":"2013-12-06T01:12:16+01:00","dateModified":"2013-12-06T01:12:16+01:00"},{"@type":"WebSite","@id":"https:\/\/www.eldigitaldeasturias.com\/noticias\/#website","url":"https:\/\/www.eldigitaldeasturias.com\/noticias\/","name":"El Digital de Asturias - Diario de actualidad y noticias","alternateName":"El Digital de Asturias - Diario de actualidad y noticias","description":"Hemeroteca","inLanguage":"es-ES","publisher":{"@id":"https:\/\/www.eldigitaldeasturias.com\/noticias\/#organization"}}]},"og:locale":"es_ES","og:site_name":"El Digital de Asturias","og:type":"article","og:title":"El nuevo Mustang abandera la pol\u00edtica de productos Ford de los pr\u00f3ximos a\u00f1os - El Digital de Asturias","og:description":"Barcelona, 5 dic (EFE).- El nuevo Ford Mustang, que se convierte en un producto global, al comercializarse en cuatro continentes, y dejar de ser exclusiva del mercado estadounidense, ser\u00e1 el abanderado de la marca del \u00f3valo en la pol\u00edtica de producto de los pr\u00f3ximos a\u00f1os. Este modelo m\u00edtico, cuya primera generaci\u00f3n data de la d\u00e9cada","og:url":"https:\/\/www.eldigitaldeasturias.com\/noticias\/el-nuevo-mustang-abandera-la-politica-de-productos-ford-de-los-proximos-anos\/","article:tag":["revista de ocio"],"article:published_time":"2013-12-06T02:12:16+00:00","article:modified_time":"2013-12-06T02:12:16+00:00","article:publisher":"https:\/\/facebook.com\/eldigitaldeasturias","twitter:card":"summary_large_image","twitter:title":"El nuevo Mustang abandera la pol\u00edtica de productos Ford de los pr\u00f3ximos a\u00f1os - El Digital de Asturias","twitter:description":"Barcelona, 5 dic (EFE).- El nuevo Ford Mustang, que se convierte en un producto global, al comercializarse en cuatro continentes, y dejar de ser exclusiva del mercado estadounidense, ser\u00e1 el abanderado de la marca del \u00f3valo en la pol\u00edtica de producto de los pr\u00f3ximos a\u00f1os. Este modelo m\u00edtico, cuya primera generaci\u00f3n data de la d\u00e9cada","twitter:label1":"Escrito por","twitter:data1":"El Digital de Asturias","twitter:label2":"Tiempo de lectura estimado","twitter:data2":"2 minutos"},"aioseo_meta_data":{"post_id":"458501","title":null,"description":null,"keywords":null,"keyphrases":null,"primary_term":null,"canonical_url":null,"og_title":null,"og_description":null,"og_object_type":"default","og_image_type":"default","og_image_url":null,"og_image_width":null,"og_image_height":null,"og_image_custom_url":null,"og_image_custom_fields":null,"og_video":null,"og_custom_url":null,"og_article_section":null,"og_article_tags":null,"twitter_use_og":true,"twitter_card":"default","twitter_image_type":"default","twitter_image_url":null,"twitter_image_custom_url":null,"twitter_image_custom_fields":null,"twitter_title":null,"twitter_description":null,"schema":{"blockGraphs":[],"customGraphs":[],"default":{"data":{"Article":[],"Course":[],"Dataset":[],"FAQPage":[],"Movie":[],"Person":[],"Product":[],"ProductReview":[],"Car":[],"Recipe":[],"Service":[],"SoftwareApplication":[],"WebPage":[]},"graphName":"","isEnabled":true},"graphs":[],"defaultGraph":"","defaultPostTypeGraph":""},"schema_type":null,"schema_type_options":null,"pillar_content":false,"robots_default":true,"robots_noindex":false,"robots_noarchive":false,"robots_nosnippet":false,"robots_nofollow":false,"robots_noimageindex":false,"robots_noodp":false,"robots_notranslate":false,"robots_max_snippet":null,"robots_max_videopreview":null,"robots_max_imagepreview":"none","priority":null,"frequency":null,"local_seo":null,"seo_analyzer_scan_date":"2026-05-30 05:44:04","breadcrumb_settings":null,"limit_modified_date":false,"open_ai":null,"ai":null,"created":"2020-11-14 22:46:20","updated":"2026-05-30 05:44:04","focus_keyword":null,"additional_keywords":null,"truseo_locale":null},"aioseo_breadcrumb":"<div class=\"aioseo-breadcrumbs\"><span class=\"aioseo-breadcrumb\">\n\t<a href=\"https:\/\/www.eldigitaldeasturias.com\/noticias\" title=\"Home\">Home<\/a>\n<\/span><span class=\"aioseo-breadcrumb-separator\">\u2013<\/span><span class=\"aioseo-breadcrumb\">\n\t<a href=\"https:\/\/www.eldigitaldeasturias.com\/noticias\/category\/revista-de-ocio\/\" title=\"Revista de Ocio\">Revista de Ocio<\/a>\n<\/span><span class=\"aioseo-breadcrumb-separator\">\u2013<\/span><span class=\"aioseo-breadcrumb\">\n\t<a href=\"https:\/\/www.eldigitaldeasturias.com\/noticias\/el-nuevo-mustang-abandera-la-politica-de-productos-ford-de-los-proximos-anos\/\" title=\"El nuevo Mustang abandera la pol\u00edtica de productos Ford de los pr\u00f3ximos a\u00f1os\">El nuevo Mustang abandera la pol\u00edtica de productos Ford de los pr\u00f3ximos a\u00f1os<\/a>\n<\/span><\/div>","aioseo_breadcrumb_json":[{"label":"Home","link":"https:\/\/www.eldigitaldeasturias.com\/noticias"},{"label":"Revista de Ocio","link":"https:\/\/www.eldigitaldeasturias.com\/noticias\/category\/revista-de-ocio\/"},{"label":"El nuevo Mustang abandera la pol\u00edtica de productos Ford de los pr\u00f3ximos a\u00f1os","link":"https:\/\/www.eldigitaldeasturias.com\/noticias\/el-nuevo-mustang-abandera-la-politica-de-productos-ford-de-los-proximos-anos\/"}],"_links":{"self":[{"href":"https:\/\/www.eldigitaldeasturias.com\/noticias\/wp-json\/wp\/v2\/posts\/458501","targetHints":{"allow":["GET"]}}],"collection":[{"href":"https:\/\/www.eldigitaldeasturias.com\/noticias\/wp-json\/wp\/v2\/posts"}],"about":[{"href":"https:\/\/www.eldigitaldeasturias.com\/noticias\/wp-json\/wp\/v2\/types\/post"}],"author":[{"embeddable":true,"href":"https:\/\/www.eldigitaldeasturias.com\/noticias\/wp-json\/wp\/v2\/users\/1"}],"replies":[{"embeddable":true,"href":"https:\/\/www.eldigitaldeasturias.com\/noticias\/wp-json\/wp\/v2\/comments?post=458501"}],"version-history":[{"count":0,"href":"https:\/\/www.eldigitaldeasturias.com\/noticias\/wp-json\/wp\/v2\/posts\/458501\/revisions"}],"wp:attachment":[{"href":"https:\/\/www.eldigitaldeasturias.com\/noticias\/wp-json\/wp\/v2\/media?parent=458501"}],"wp:term":[{"taxonomy":"category","embeddable":true,"href":"https:\/\/www.eldigitaldeasturias.com\/noticias\/wp-json\/wp\/v2\/categories?post=458501"},{"taxonomy":"post_tag","embeddable":true,"href":"https:\/\/www.eldigitaldeasturias.com\/noticias\/wp-json\/wp\/v2\/tags?post=458501"}],"curies":[{"name":"wp","href":"https:\/\/api.w.org\/{rel}","templated":true}]}}