{"id":458498,"date":"2013-12-06T01:11:00","date_gmt":"2013-12-06T02:11:00","guid":{"rendered":"http:\/\/www.eldigitaldeasturias.com\/noticias\/?p=458498"},"modified":"2013-12-06T01:11:00","modified_gmt":"2013-12-06T02:11:00","slug":"max-von-sydow-considera-muy-honroso-el-termino-spaghetti-western","status":"publish","type":"post","link":"https:\/\/www.eldigitaldeasturias.com\/noticias\/max-von-sydow-considera-muy-honroso-el-termino-spaghetti-western\/","title":{"rendered":"Max Von Sydow considera \u00abmuy honroso\u00bb el t\u00e9rmino \u00abspaghetti western\u00bb"},"content":{"rendered":"<p><img loading=\"lazy\" decoding=\"async\" class=\"alignleft size-medium wp-image-458499\" alt=\"5775495w\" src=\"https:\/\/www.eldigitaldeasturias.com\/noticias\/wp-content\/uploads\/2013\/12\/5775495w-360x250.jpg\" width=\"360\" height=\"250\" \/>Almer\u00eda, 5 dic (EFE).- El actor sueco Max Von Sydow, quien ha recibido un homenaje en el Festival Internacional Almer\u00eda en Corto, que se celebra hasta el 7 de diciembre, ha dicho hoy que el t\u00e9rmino \u00abspaghetti western\u00bb, referido a pel\u00edculas del oeste rodadas en Almer\u00eda, es \u00abmuy honroso\u00bb.<\/p>\n<p>\u00abCuando Sergio Leone rod\u00f3 aqu\u00ed, los americanos se pusieron muy celosos y para menospreciar esas pel\u00edculas las llamaban &#8216;spaguetti western'\u00bb, ha declarado durante una rueda de prensa en la que ha alabado esas producciones como \u00abgrandes cl\u00e1sicos que seguimos disfrutando\u00bb.<\/p>\n<p>El actor ha recordado su paso por Almer\u00eda para rodar \u00abMarchar o morir\u00bb, junto a Catherine Deneuve y Gene Hackman, del que ha dicho que enferm\u00f3, por lo que tuvieron que interrumpir la producci\u00f3n y terminar de rodarla en un desierto en California.<\/p>\n<p>\u00abAll\u00ed todos habl\u00e1bamos de lo bien que est\u00e1bamos en Almer\u00eda\u00bb, ha explicado, y ha confesado tambi\u00e9n que durante a\u00f1os dese\u00f3 \u00abser uno de los buenos, los feos o los malos, pero por desgracia nunca me lo ofrecieron\u00bb.<\/p>\n<p>Max Von Sydow, a quien se le ha dedicado una estrella en el llamado Paseo de la Fama de Almer\u00eda, ha se\u00f1alado que el idioma \u00abes la puerta de entrada para conocer un pa\u00eds\u00bb y ha dicho que siente no dominar el espa\u00f1ol, \u00abporque vuestra lengua para m\u00ed es m\u00fasica\u00bb.<\/p>\n<p>Asimismo, ha hecho un repaso a su carrera, recordando sus inicios con el director Ingmar Bergman, con quien ha explicado que empez\u00f3 a trabajar en un teatro al sur de Estocolmo.<\/p>\n<p>De su primer trabajo cinematogr\u00e1fico junto a Bergman, \u00abEl s\u00e9ptimo sello\u00bb, ha dicho que \u00abtal vez era demasiado joven para entender de qu\u00e9 se trataba todo, pero Bergman nos llev\u00f3 por la producci\u00f3n con manos muy sensibles\u00bb.<\/p>\n<p>\u00abHa sido la experiencia art\u00edstica m\u00e1s importante de mi vida trabajar en sus producciones\u00bb, ha recalcado.<\/p>\n<p>A sus 84 a\u00f1os, ha explicado que estar\u00eda dispuesto a volver a rodar y, en el caso de poder elegir, ser\u00eda una comedia, g\u00e9nero que s\u00ed ha hecho en teatro, \u00abpero raramente en pel\u00edculas\u00bb.<\/p>\n<p>Sin embargo, ha lamentado que la edad es su \u00abproblema\u00bb, pues normalmente \u00aba gente de mi edad nos ofrecen el papel de un padre o abuelo que est\u00e1 bastante enfermo y morirme no me atrae mucho. Eso no tiene mucho que ver con la comedia\u00bb, ha bromeado.<\/p>\n<p>La pel\u00edcula \u00abPelle el conquistador\u00bb, por la que fue nominado al \u00d3scar, fue la que m\u00e1s le gust\u00f3 interpretar \u00abporque contiene diferentes situaciones. Es una historia muy rica y como actor me ofreci\u00f3 diferentes caminos y oportunidades\u00bb.<\/p>\n<p>El actor, que pasar\u00e1 unos d\u00edas en Almer\u00eda para asistir al festival, donde adem\u00e1s su hijo presenta un cortometraje, ha dicho que esta provincia \u00absimboliza los buenos &#8216;westerns&#8217; y otras pel\u00edculas que se han producido aqu\u00ed. Tiene una posici\u00f3n muy importante para los que nos importa el cine\u00bb.<\/p>\n","protected":false},"excerpt":{"rendered":"<p>Almer\u00eda, 5 dic (EFE).- El actor sueco Max Von Sydow, quien ha recibido un homenaje en el Festival Internacional Almer\u00eda en Corto, que se celebra hasta el 7 de diciembre, ha dicho hoy que el t\u00e9rmino \u00abspaghetti western\u00bb, referido a pel\u00edculas del oeste rodadas en Almer\u00eda, es \u00abmuy honroso\u00bb. \u00abCuando Sergio Leone rod\u00f3 aqu\u00ed, los [&hellip;]<\/p>\n","protected":false},"author":1,"featured_media":458499,"comment_status":"closed","ping_status":"open","sticky":false,"template":"","format":"standard","meta":{"footnotes":""},"categories":[50],"tags":[],"class_list":["post-458498","post","type-post","status-publish","format-standard","has-post-thumbnail","hentry","category-revista-de-ocio"],"aioseo_notices":[],"aioseo_head":"\n\t\t<!-- All in One SEO Pro 5.0.1 - aioseo.com -->\n\t<meta name=\"description\" content=\"Almer\u00eda, 5 dic (EFE).- El actor sueco Max Von Sydow, quien ha recibido un homenaje en el Festival Internacional Almer\u00eda en Corto, que se celebra hasta el 7 de diciembre, ha dicho hoy que el t\u00e9rmino &quot;spaghetti western&quot;, referido a pel\u00edculas del oeste rodadas en Almer\u00eda, es &quot;muy honroso&quot;. &quot;Cuando Sergio Leone rod\u00f3 aqu\u00ed, los\" \/>\n\t<meta name=\"robots\" content=\"max-image-preview:large\" \/>\n\t<meta name=\"author\" content=\"El Digital de Asturias\"\/>\n\t<meta name=\"google-site-verification\" content=\"UA-38556648-1\" \/>\n\t<meta name=\"msvalidate.01\" content=\"7dfe9f3f1b24437ab69f4f2559babe99\" \/>\n\t<meta name=\"keywords\" content=\"revista de ocio\" \/>\n\t<link rel=\"canonical\" href=\"https:\/\/www.eldigitaldeasturias.com\/noticias\/max-von-sydow-considera-muy-honroso-el-termino-spaghetti-western\/\" \/>\n\t<meta name=\"generator\" content=\"All in One SEO Pro (AIOSEO) 5.0.1\" \/>\n\t\t<meta property=\"og:locale\" content=\"es_ES\" \/>\n\t\t<meta property=\"og:site_name\" content=\"El Digital de Asturias\" \/>\n\t\t<meta property=\"og:type\" content=\"article\" \/>\n\t\t<meta property=\"og:title\" content=\"Max Von Sydow considera \u00abmuy honroso\u00bb el t\u00e9rmino \u00abspaghetti western\u00bb - El Digital de Asturias\" \/>\n\t\t<meta property=\"og:description\" content=\"Almer\u00eda, 5 dic (EFE).- El actor sueco Max Von Sydow, quien ha recibido un homenaje en el Festival Internacional Almer\u00eda en Corto, que se celebra hasta el 7 de diciembre, ha dicho hoy que el t\u00e9rmino &quot;spaghetti western&quot;, referido a pel\u00edculas del oeste rodadas en Almer\u00eda, es &quot;muy honroso&quot;. &quot;Cuando Sergio Leone rod\u00f3 aqu\u00ed, los\" \/>\n\t\t<meta property=\"og:url\" content=\"https:\/\/www.eldigitaldeasturias.com\/noticias\/max-von-sydow-considera-muy-honroso-el-termino-spaghetti-western\/\" \/>\n\t\t<meta property=\"article:tag\" content=\"revista de ocio\" \/>\n\t\t<meta property=\"article:published_time\" content=\"2013-12-06T02:11:00+00:00\" \/>\n\t\t<meta property=\"article:modified_time\" content=\"2013-12-06T02:11:00+00:00\" \/>\n\t\t<meta property=\"article:publisher\" content=\"https:\/\/facebook.com\/eldigitaldeasturias\" \/>\n\t\t<meta name=\"twitter:card\" content=\"summary_large_image\" \/>\n\t\t<meta name=\"twitter:title\" content=\"Max Von Sydow considera \u00abmuy honroso\u00bb el t\u00e9rmino \u00abspaghetti western\u00bb - El Digital de Asturias\" \/>\n\t\t<meta name=\"twitter:description\" content=\"Almer\u00eda, 5 dic (EFE).- El actor sueco Max Von Sydow, quien ha recibido un homenaje en el Festival Internacional Almer\u00eda en Corto, que se celebra hasta el 7 de diciembre, ha dicho hoy que el t\u00e9rmino &quot;spaghetti western&quot;, referido a pel\u00edculas del oeste rodadas en Almer\u00eda, es &quot;muy honroso&quot;. &quot;Cuando Sergio Leone rod\u00f3 aqu\u00ed, los\" \/>\n\t\t<meta name=\"twitter:label1\" content=\"Escrito por\" \/>\n\t\t<meta name=\"twitter:data1\" content=\"El Digital de Asturias\" \/>\n\t\t<meta name=\"twitter:label2\" content=\"Tiempo de lectura estimado\" \/>\n\t\t<meta name=\"twitter:data2\" content=\"3 minutos\" \/>\n\t\t<script type=\"application\/ld+json\" class=\"aioseo-schema\">\n\t\t\t{\"@context\":\"https:\\\/\\\/schema.org\",\"@graph\":[{\"@type\":\"BlogPosting\",\"@id\":\"https:\\\/\\\/www.eldigitaldeasturias.com\\\/noticias\\\/max-von-sydow-considera-muy-honroso-el-termino-spaghetti-western\\\/#blogposting\",\"name\":\"Max Von Sydow considera \\u00abmuy honroso\\u00bb el t\\u00e9rmino \\u00abspaghetti western\\u00bb - El Digital de Asturias\",\"headline\":\"Max Von Sydow considera \\u00abmuy honroso\\u00bb el t\\u00e9rmino \\u00abspaghetti western\\u00bb\",\"author\":{\"@id\":\"https:\\\/\\\/www.eldigitaldeasturias.com\\\/noticias\\\/author\\\/admin\\\/#author\"},\"publisher\":{\"@id\":\"https:\\\/\\\/www.eldigitaldeasturias.com\\\/noticias\\\/#organization\"},\"image\":{\"@type\":\"ImageObject\",\"url\":458499},\"datePublished\":\"2013-12-06T01:11:00+01:00\",\"dateModified\":\"2013-12-06T01:11:00+01:00\",\"inLanguage\":\"es-ES\",\"mainEntityOfPage\":{\"@id\":\"https:\\\/\\\/www.eldigitaldeasturias.com\\\/noticias\\\/max-von-sydow-considera-muy-honroso-el-termino-spaghetti-western\\\/#webpage\"},\"isPartOf\":{\"@id\":\"https:\\\/\\\/www.eldigitaldeasturias.com\\\/noticias\\\/max-von-sydow-considera-muy-honroso-el-termino-spaghetti-western\\\/#webpage\"},\"articleSection\":\"Revista de Ocio\"},{\"@type\":\"BreadcrumbList\",\"@id\":\"https:\\\/\\\/www.eldigitaldeasturias.com\\\/noticias\\\/max-von-sydow-considera-muy-honroso-el-termino-spaghetti-western\\\/#breadcrumblist\",\"itemListElement\":[{\"@type\":\"ListItem\",\"@id\":\"https:\\\/\\\/www.eldigitaldeasturias.com\\\/noticias#listItem\",\"position\":1,\"name\":\"Home\",\"item\":\"https:\\\/\\\/www.eldigitaldeasturias.com\\\/noticias\",\"nextItem\":{\"@type\":\"ListItem\",\"@id\":\"https:\\\/\\\/www.eldigitaldeasturias.com\\\/noticias\\\/category\\\/revista-de-ocio\\\/#listItem\",\"name\":\"Revista de Ocio\"}},{\"@type\":\"ListItem\",\"@id\":\"https:\\\/\\\/www.eldigitaldeasturias.com\\\/noticias\\\/category\\\/revista-de-ocio\\\/#listItem\",\"position\":2,\"name\":\"Revista de Ocio\",\"item\":\"https:\\\/\\\/www.eldigitaldeasturias.com\\\/noticias\\\/category\\\/revista-de-ocio\\\/\",\"nextItem\":{\"@type\":\"ListItem\",\"@id\":\"https:\\\/\\\/www.eldigitaldeasturias.com\\\/noticias\\\/max-von-sydow-considera-muy-honroso-el-termino-spaghetti-western\\\/#listItem\",\"name\":\"Max Von Sydow considera \\u00abmuy honroso\\u00bb el t\\u00e9rmino \\u00abspaghetti western\\u00bb\"},\"previousItem\":{\"@type\":\"ListItem\",\"@id\":\"https:\\\/\\\/www.eldigitaldeasturias.com\\\/noticias#listItem\",\"name\":\"Home\"}},{\"@type\":\"ListItem\",\"@id\":\"https:\\\/\\\/www.eldigitaldeasturias.com\\\/noticias\\\/max-von-sydow-considera-muy-honroso-el-termino-spaghetti-western\\\/#listItem\",\"position\":3,\"name\":\"Max Von Sydow considera \\u00abmuy honroso\\u00bb el t\\u00e9rmino \\u00abspaghetti western\\u00bb\",\"previousItem\":{\"@type\":\"ListItem\",\"@id\":\"https:\\\/\\\/www.eldigitaldeasturias.com\\\/noticias\\\/category\\\/revista-de-ocio\\\/#listItem\",\"name\":\"Revista de Ocio\"}}]},{\"@type\":\"Organization\",\"@id\":\"https:\\\/\\\/www.eldigitaldeasturias.com\\\/noticias\\\/#organization\",\"name\":\"El Digital de Asturias\",\"description\":\"Hemeroteca\",\"url\":\"https:\\\/\\\/www.eldigitaldeasturias.com\\\/noticias\\\/\",\"email\":\"info@eldigitaldeasturias.com\",\"telephone\":\"+34652131393\",\"logo\":{\"@type\":\"ImageObject\",\"url\":\"https:\\\/\\\/www.eldigitaldeasturias.com\\\/noticias\\\/wp-content\\\/uploads\\\/2020\\\/12\\\/EDA.jpg\",\"@id\":\"https:\\\/\\\/www.eldigitaldeasturias.com\\\/noticias\\\/max-von-sydow-considera-muy-honroso-el-termino-spaghetti-western\\\/#organizationLogo\"},\"image\":{\"@id\":\"https:\\\/\\\/www.eldigitaldeasturias.com\\\/noticias\\\/max-von-sydow-considera-muy-honroso-el-termino-spaghetti-western\\\/#organizationLogo\"},\"sameAs\":[\"https:\\\/\\\/facebook.com\\\/eldigitaldeasturias\",\"https:\\\/\\\/www.youtube.com\\\/channel\\\/UCZP-2wLEB9Rv6erhFmqVnvg\"],\"address\":{\"@id\":\"https:\\\/\\\/www.eldigitaldeasturias.com\\\/noticias\\\/#postaladdress\",\"@type\":\"PostalAddress\",\"streetAddress\":\"san antonio 4\",\"postalCode\":\"33430\",\"addressLocality\":\"Cand\\u00e1s\",\"addressRegion\":\"Asturias\",\"addressCountry\":\"ES\"}},{\"@type\":\"Person\",\"@id\":\"https:\\\/\\\/www.eldigitaldeasturias.com\\\/noticias\\\/author\\\/admin\\\/#author\",\"url\":\"https:\\\/\\\/www.eldigitaldeasturias.com\\\/noticias\\\/author\\\/admin\\\/\",\"name\":\"El Digital de Asturias\",\"image\":{\"@type\":\"ImageObject\",\"@id\":\"https:\\\/\\\/www.eldigitaldeasturias.com\\\/noticias\\\/max-von-sydow-considera-muy-honroso-el-termino-spaghetti-western\\\/#authorImage\",\"url\":\"https:\\\/\\\/secure.gravatar.com\\\/avatar\\\/df2aeffc32bcd13f8d26072ef8a91b623d677766deac7f97ca815868cd41bf5e?s=96&d=mm&r=g\",\"width\":96,\"height\":96,\"caption\":\"El Digital de Asturias\"}},{\"@type\":\"WebPage\",\"@id\":\"https:\\\/\\\/www.eldigitaldeasturias.com\\\/noticias\\\/max-von-sydow-considera-muy-honroso-el-termino-spaghetti-western\\\/#webpage\",\"url\":\"https:\\\/\\\/www.eldigitaldeasturias.com\\\/noticias\\\/max-von-sydow-considera-muy-honroso-el-termino-spaghetti-western\\\/\",\"name\":\"Max Von Sydow considera \\u00abmuy honroso\\u00bb el t\\u00e9rmino \\u00abspaghetti western\\u00bb - El Digital de Asturias\",\"description\":\"Almer\\u00eda, 5 dic (EFE).- El actor sueco Max Von Sydow, quien ha recibido un homenaje en el Festival Internacional Almer\\u00eda en Corto, que se celebra hasta el 7 de diciembre, ha dicho hoy que el t\\u00e9rmino \\\"spaghetti western\\\", referido a pel\\u00edculas del oeste rodadas en Almer\\u00eda, es \\\"muy honroso\\\". \\\"Cuando Sergio Leone rod\\u00f3 aqu\\u00ed, los\",\"inLanguage\":\"es-ES\",\"isPartOf\":{\"@id\":\"https:\\\/\\\/www.eldigitaldeasturias.com\\\/noticias\\\/#website\"},\"breadcrumb\":{\"@id\":\"https:\\\/\\\/www.eldigitaldeasturias.com\\\/noticias\\\/max-von-sydow-considera-muy-honroso-el-termino-spaghetti-western\\\/#breadcrumblist\"},\"author\":{\"@id\":\"https:\\\/\\\/www.eldigitaldeasturias.com\\\/noticias\\\/author\\\/admin\\\/#author\"},\"creator\":{\"@id\":\"https:\\\/\\\/www.eldigitaldeasturias.com\\\/noticias\\\/author\\\/admin\\\/#author\"},\"image\":{\"@type\":\"ImageObject\",\"url\":458499,\"@id\":\"https:\\\/\\\/www.eldigitaldeasturias.com\\\/noticias\\\/max-von-sydow-considera-muy-honroso-el-termino-spaghetti-western\\\/#mainImage\"},\"primaryImageOfPage\":{\"@id\":\"https:\\\/\\\/www.eldigitaldeasturias.com\\\/noticias\\\/max-von-sydow-considera-muy-honroso-el-termino-spaghetti-western\\\/#mainImage\"},\"datePublished\":\"2013-12-06T01:11:00+01:00\",\"dateModified\":\"2013-12-06T01:11:00+01:00\"},{\"@type\":\"WebSite\",\"@id\":\"https:\\\/\\\/www.eldigitaldeasturias.com\\\/noticias\\\/#website\",\"url\":\"https:\\\/\\\/www.eldigitaldeasturias.com\\\/noticias\\\/\",\"name\":\"El Digital de Asturias - Diario de actualidad y noticias\",\"alternateName\":\"El Digital de Asturias - Diario de actualidad y noticias\",\"description\":\"Hemeroteca\",\"inLanguage\":\"es-ES\",\"publisher\":{\"@id\":\"https:\\\/\\\/www.eldigitaldeasturias.com\\\/noticias\\\/#organization\"}}]}\n\t\t<\/script>\n\t\t<!-- All in One SEO Pro -->\r\n\t\t<title>Max Von Sydow considera \u00abmuy honroso\u00bb el t\u00e9rmino \u00abspaghetti western\u00bb - El Digital de Asturias<\/title>\n\n","aioseo_head_json":{"title":"Max Von Sydow considera \u00abmuy honroso\u00bb el t\u00e9rmino \u00abspaghetti western\u00bb - El Digital de Asturias","description":"Almer\u00eda, 5 dic (EFE).- El actor sueco Max Von Sydow, quien ha recibido un homenaje en el Festival Internacional Almer\u00eda en Corto, que se celebra hasta el 7 de diciembre, ha dicho hoy que el t\u00e9rmino \"spaghetti western\", referido a pel\u00edculas del oeste rodadas en Almer\u00eda, es \"muy honroso\". \"Cuando Sergio Leone rod\u00f3 aqu\u00ed, los","canonical_url":"https:\/\/www.eldigitaldeasturias.com\/noticias\/max-von-sydow-considera-muy-honroso-el-termino-spaghetti-western\/","robots":"max-image-preview:large","keywords":"revista de ocio","webmasterTools":{"google-site-verification":"UA-38556648-1","msvalidate.01":"7dfe9f3f1b24437ab69f4f2559babe99","miscellaneous":""},"schema":{"@context":"https:\/\/schema.org","@graph":[{"@type":"BlogPosting","@id":"https:\/\/www.eldigitaldeasturias.com\/noticias\/max-von-sydow-considera-muy-honroso-el-termino-spaghetti-western\/#blogposting","name":"Max Von Sydow considera \u00abmuy honroso\u00bb el t\u00e9rmino \u00abspaghetti western\u00bb - El Digital de Asturias","headline":"Max Von Sydow considera \u00abmuy honroso\u00bb el t\u00e9rmino \u00abspaghetti western\u00bb","author":{"@id":"https:\/\/www.eldigitaldeasturias.com\/noticias\/author\/admin\/#author"},"publisher":{"@id":"https:\/\/www.eldigitaldeasturias.com\/noticias\/#organization"},"image":{"@type":"ImageObject","url":458499},"datePublished":"2013-12-06T01:11:00+01:00","dateModified":"2013-12-06T01:11:00+01:00","inLanguage":"es-ES","mainEntityOfPage":{"@id":"https:\/\/www.eldigitaldeasturias.com\/noticias\/max-von-sydow-considera-muy-honroso-el-termino-spaghetti-western\/#webpage"},"isPartOf":{"@id":"https:\/\/www.eldigitaldeasturias.com\/noticias\/max-von-sydow-considera-muy-honroso-el-termino-spaghetti-western\/#webpage"},"articleSection":"Revista de Ocio"},{"@type":"BreadcrumbList","@id":"https:\/\/www.eldigitaldeasturias.com\/noticias\/max-von-sydow-considera-muy-honroso-el-termino-spaghetti-western\/#breadcrumblist","itemListElement":[{"@type":"ListItem","@id":"https:\/\/www.eldigitaldeasturias.com\/noticias#listItem","position":1,"name":"Home","item":"https:\/\/www.eldigitaldeasturias.com\/noticias","nextItem":{"@type":"ListItem","@id":"https:\/\/www.eldigitaldeasturias.com\/noticias\/category\/revista-de-ocio\/#listItem","name":"Revista de Ocio"}},{"@type":"ListItem","@id":"https:\/\/www.eldigitaldeasturias.com\/noticias\/category\/revista-de-ocio\/#listItem","position":2,"name":"Revista de Ocio","item":"https:\/\/www.eldigitaldeasturias.com\/noticias\/category\/revista-de-ocio\/","nextItem":{"@type":"ListItem","@id":"https:\/\/www.eldigitaldeasturias.com\/noticias\/max-von-sydow-considera-muy-honroso-el-termino-spaghetti-western\/#listItem","name":"Max Von Sydow considera \u00abmuy honroso\u00bb el t\u00e9rmino \u00abspaghetti western\u00bb"},"previousItem":{"@type":"ListItem","@id":"https:\/\/www.eldigitaldeasturias.com\/noticias#listItem","name":"Home"}},{"@type":"ListItem","@id":"https:\/\/www.eldigitaldeasturias.com\/noticias\/max-von-sydow-considera-muy-honroso-el-termino-spaghetti-western\/#listItem","position":3,"name":"Max Von Sydow considera \u00abmuy honroso\u00bb el t\u00e9rmino \u00abspaghetti western\u00bb","previousItem":{"@type":"ListItem","@id":"https:\/\/www.eldigitaldeasturias.com\/noticias\/category\/revista-de-ocio\/#listItem","name":"Revista de Ocio"}}]},{"@type":"Organization","@id":"https:\/\/www.eldigitaldeasturias.com\/noticias\/#organization","name":"El Digital de Asturias","description":"Hemeroteca","url":"https:\/\/www.eldigitaldeasturias.com\/noticias\/","email":"info@eldigitaldeasturias.com","telephone":"+34652131393","logo":{"@type":"ImageObject","url":"https:\/\/www.eldigitaldeasturias.com\/noticias\/wp-content\/uploads\/2020\/12\/EDA.jpg","@id":"https:\/\/www.eldigitaldeasturias.com\/noticias\/max-von-sydow-considera-muy-honroso-el-termino-spaghetti-western\/#organizationLogo"},"image":{"@id":"https:\/\/www.eldigitaldeasturias.com\/noticias\/max-von-sydow-considera-muy-honroso-el-termino-spaghetti-western\/#organizationLogo"},"sameAs":["https:\/\/facebook.com\/eldigitaldeasturias","https:\/\/www.youtube.com\/channel\/UCZP-2wLEB9Rv6erhFmqVnvg"],"address":{"@id":"https:\/\/www.eldigitaldeasturias.com\/noticias\/#postaladdress","@type":"PostalAddress","streetAddress":"san antonio 4","postalCode":"33430","addressLocality":"Cand\u00e1s","addressRegion":"Asturias","addressCountry":"ES"}},{"@type":"Person","@id":"https:\/\/www.eldigitaldeasturias.com\/noticias\/author\/admin\/#author","url":"https:\/\/www.eldigitaldeasturias.com\/noticias\/author\/admin\/","name":"El Digital de Asturias","image":{"@type":"ImageObject","@id":"https:\/\/www.eldigitaldeasturias.com\/noticias\/max-von-sydow-considera-muy-honroso-el-termino-spaghetti-western\/#authorImage","url":"https:\/\/secure.gravatar.com\/avatar\/df2aeffc32bcd13f8d26072ef8a91b623d677766deac7f97ca815868cd41bf5e?s=96&d=mm&r=g","width":96,"height":96,"caption":"El Digital de Asturias"}},{"@type":"WebPage","@id":"https:\/\/www.eldigitaldeasturias.com\/noticias\/max-von-sydow-considera-muy-honroso-el-termino-spaghetti-western\/#webpage","url":"https:\/\/www.eldigitaldeasturias.com\/noticias\/max-von-sydow-considera-muy-honroso-el-termino-spaghetti-western\/","name":"Max Von Sydow considera \u00abmuy honroso\u00bb el t\u00e9rmino \u00abspaghetti western\u00bb - El Digital de Asturias","description":"Almer\u00eda, 5 dic (EFE).- El actor sueco Max Von Sydow, quien ha recibido un homenaje en el Festival Internacional Almer\u00eda en Corto, que se celebra hasta el 7 de diciembre, ha dicho hoy que el t\u00e9rmino \"spaghetti western\", referido a pel\u00edculas del oeste rodadas en Almer\u00eda, es \"muy honroso\". \"Cuando Sergio Leone rod\u00f3 aqu\u00ed, los","inLanguage":"es-ES","isPartOf":{"@id":"https:\/\/www.eldigitaldeasturias.com\/noticias\/#website"},"breadcrumb":{"@id":"https:\/\/www.eldigitaldeasturias.com\/noticias\/max-von-sydow-considera-muy-honroso-el-termino-spaghetti-western\/#breadcrumblist"},"author":{"@id":"https:\/\/www.eldigitaldeasturias.com\/noticias\/author\/admin\/#author"},"creator":{"@id":"https:\/\/www.eldigitaldeasturias.com\/noticias\/author\/admin\/#author"},"image":{"@type":"ImageObject","url":458499,"@id":"https:\/\/www.eldigitaldeasturias.com\/noticias\/max-von-sydow-considera-muy-honroso-el-termino-spaghetti-western\/#mainImage"},"primaryImageOfPage":{"@id":"https:\/\/www.eldigitaldeasturias.com\/noticias\/max-von-sydow-considera-muy-honroso-el-termino-spaghetti-western\/#mainImage"},"datePublished":"2013-12-06T01:11:00+01:00","dateModified":"2013-12-06T01:11:00+01:00"},{"@type":"WebSite","@id":"https:\/\/www.eldigitaldeasturias.com\/noticias\/#website","url":"https:\/\/www.eldigitaldeasturias.com\/noticias\/","name":"El Digital de Asturias - Diario de actualidad y noticias","alternateName":"El Digital de Asturias - Diario de actualidad y noticias","description":"Hemeroteca","inLanguage":"es-ES","publisher":{"@id":"https:\/\/www.eldigitaldeasturias.com\/noticias\/#organization"}}]},"og:locale":"es_ES","og:site_name":"El Digital de Asturias","og:type":"article","og:title":"Max Von Sydow considera \u00abmuy honroso\u00bb el t\u00e9rmino \u00abspaghetti western\u00bb - El Digital de Asturias","og:description":"Almer\u00eda, 5 dic (EFE).- El actor sueco Max Von Sydow, quien ha recibido un homenaje en el Festival Internacional Almer\u00eda en Corto, que se celebra hasta el 7 de diciembre, ha dicho hoy que el t\u00e9rmino &quot;spaghetti western&quot;, referido a pel\u00edculas del oeste rodadas en Almer\u00eda, es &quot;muy honroso&quot;. &quot;Cuando Sergio Leone rod\u00f3 aqu\u00ed, los","og:url":"https:\/\/www.eldigitaldeasturias.com\/noticias\/max-von-sydow-considera-muy-honroso-el-termino-spaghetti-western\/","article:tag":["revista de ocio"],"article:published_time":"2013-12-06T02:11:00+00:00","article:modified_time":"2013-12-06T02:11:00+00:00","article:publisher":"https:\/\/facebook.com\/eldigitaldeasturias","twitter:card":"summary_large_image","twitter:title":"Max Von Sydow considera \u00abmuy honroso\u00bb el t\u00e9rmino \u00abspaghetti western\u00bb - El Digital de Asturias","twitter:description":"Almer\u00eda, 5 dic (EFE).- El actor sueco Max Von Sydow, quien ha recibido un homenaje en el Festival Internacional Almer\u00eda en Corto, que se celebra hasta el 7 de diciembre, ha dicho hoy que el t\u00e9rmino &quot;spaghetti western&quot;, referido a pel\u00edculas del oeste rodadas en Almer\u00eda, es &quot;muy honroso&quot;. &quot;Cuando Sergio Leone rod\u00f3 aqu\u00ed, los","twitter:label1":"Escrito por","twitter:data1":"El Digital de Asturias","twitter:label2":"Tiempo de lectura estimado","twitter:data2":"3 minutos"},"aioseo_meta_data":{"post_id":"458498","title":null,"description":null,"keywords":null,"keyphrases":null,"primary_term":null,"canonical_url":null,"og_title":null,"og_description":null,"og_object_type":"default","og_image_type":"default","og_image_url":null,"og_image_width":null,"og_image_height":null,"og_image_custom_url":null,"og_image_custom_fields":null,"og_video":null,"og_custom_url":null,"og_article_section":null,"og_article_tags":null,"twitter_use_og":true,"twitter_card":"default","twitter_image_type":"default","twitter_image_url":null,"twitter_image_custom_url":null,"twitter_image_custom_fields":null,"twitter_title":null,"twitter_description":null,"schema":{"blockGraphs":[],"customGraphs":[],"default":{"data":{"Article":[],"Course":[],"Dataset":[],"FAQPage":[],"Movie":[],"Person":[],"Product":[],"ProductReview":[],"Car":[],"Recipe":[],"Service":[],"SoftwareApplication":[],"WebPage":[]},"graphName":"","isEnabled":true},"graphs":[],"defaultGraph":"","defaultPostTypeGraph":""},"schema_type":null,"schema_type_options":null,"pillar_content":false,"robots_default":true,"robots_noindex":false,"robots_noarchive":false,"robots_nosnippet":false,"robots_nofollow":false,"robots_noimageindex":false,"robots_noodp":false,"robots_notranslate":false,"robots_max_snippet":null,"robots_max_videopreview":null,"robots_max_imagepreview":"none","priority":null,"frequency":null,"local_seo":null,"seo_analyzer_scan_date":"2026-05-30 05:44:03","breadcrumb_settings":null,"limit_modified_date":false,"open_ai":null,"ai":null,"created":"2020-11-14 22:46:20","updated":"2026-05-30 05:44:03","focus_keyword":null,"additional_keywords":null,"truseo_locale":null},"aioseo_breadcrumb":"<div class=\"aioseo-breadcrumbs\"><span class=\"aioseo-breadcrumb\">\n\t<a href=\"https:\/\/www.eldigitaldeasturias.com\/noticias\" title=\"Home\">Home<\/a>\n<\/span><span class=\"aioseo-breadcrumb-separator\">\u2013<\/span><span class=\"aioseo-breadcrumb\">\n\t<a href=\"https:\/\/www.eldigitaldeasturias.com\/noticias\/category\/revista-de-ocio\/\" title=\"Revista de Ocio\">Revista de Ocio<\/a>\n<\/span><span class=\"aioseo-breadcrumb-separator\">\u2013<\/span><span class=\"aioseo-breadcrumb\">\n\t<a href=\"https:\/\/www.eldigitaldeasturias.com\/noticias\/max-von-sydow-considera-muy-honroso-el-termino-spaghetti-western\/\" title=\"Max Von Sydow considera \u00abmuy honroso\u00bb el t\u00e9rmino \u00abspaghetti western\u00bb\">Max Von Sydow considera \u00abmuy honroso\u00bb el t\u00e9rmino \u00abspaghetti western\u00bb<\/a>\n<\/span><\/div>","aioseo_breadcrumb_json":[{"label":"Home","link":"https:\/\/www.eldigitaldeasturias.com\/noticias"},{"label":"Revista de Ocio","link":"https:\/\/www.eldigitaldeasturias.com\/noticias\/category\/revista-de-ocio\/"},{"label":"Max Von Sydow considera \u00abmuy honroso\u00bb el t\u00e9rmino \u00abspaghetti western\u00bb","link":"https:\/\/www.eldigitaldeasturias.com\/noticias\/max-von-sydow-considera-muy-honroso-el-termino-spaghetti-western\/"}],"_links":{"self":[{"href":"https:\/\/www.eldigitaldeasturias.com\/noticias\/wp-json\/wp\/v2\/posts\/458498","targetHints":{"allow":["GET"]}}],"collection":[{"href":"https:\/\/www.eldigitaldeasturias.com\/noticias\/wp-json\/wp\/v2\/posts"}],"about":[{"href":"https:\/\/www.eldigitaldeasturias.com\/noticias\/wp-json\/wp\/v2\/types\/post"}],"author":[{"embeddable":true,"href":"https:\/\/www.eldigitaldeasturias.com\/noticias\/wp-json\/wp\/v2\/users\/1"}],"replies":[{"embeddable":true,"href":"https:\/\/www.eldigitaldeasturias.com\/noticias\/wp-json\/wp\/v2\/comments?post=458498"}],"version-history":[{"count":0,"href":"https:\/\/www.eldigitaldeasturias.com\/noticias\/wp-json\/wp\/v2\/posts\/458498\/revisions"}],"wp:attachment":[{"href":"https:\/\/www.eldigitaldeasturias.com\/noticias\/wp-json\/wp\/v2\/media?parent=458498"}],"wp:term":[{"taxonomy":"category","embeddable":true,"href":"https:\/\/www.eldigitaldeasturias.com\/noticias\/wp-json\/wp\/v2\/categories?post=458498"},{"taxonomy":"post_tag","embeddable":true,"href":"https:\/\/www.eldigitaldeasturias.com\/noticias\/wp-json\/wp\/v2\/tags?post=458498"}],"curies":[{"name":"wp","href":"https:\/\/api.w.org\/{rel}","templated":true}]}}