{"id":458495,"date":"2013-12-06T01:09:55","date_gmt":"2013-12-06T02:09:55","guid":{"rendered":"http:\/\/www.eldigitaldeasturias.com\/noticias\/?p=458495"},"modified":"2013-12-06T01:09:55","modified_gmt":"2013-12-06T02:09:55","slug":"el-padre-angel-reconocido-con-el-premio-cofares-en-presencia-de-la-reina","status":"publish","type":"post","link":"https:\/\/www.eldigitaldeasturias.com\/noticias\/el-padre-angel-reconocido-con-el-premio-cofares-en-presencia-de-la-reina\/","title":{"rendered":"El padre \u00c1ngel, reconocido con el premio Cofares en presencia de la Reina"},"content":{"rendered":"<p><img loading=\"lazy\" decoding=\"async\" class=\"alignleft size-medium wp-image-458496\" alt=\"5775539w\" src=\"https:\/\/www.eldigitaldeasturias.com\/noticias\/wp-content\/uploads\/2013\/12\/5775539w-339x320.jpg\" width=\"339\" height=\"320\" \/>Madrid, 5 dic (EFE).- El padre \u00c1ngel, presidente de Mensajeros de la Paz, ha recibido hoy un nuevo reconocimiento a su labor social con el Premio Fundaci\u00f3n Cofares, galard\u00f3n que se le ha entregado en un concierto ben\u00e9fico celebrado en el Teatro Real bajo presidencia de la Reina.<\/p>\n<p>Do\u00f1a Sof\u00eda ha estado acompa\u00f1ada de la ministra de Sanidad y Asuntos Sociales, Ana Mato, y de la alcaldesa de Madrid, Ana Botella.<\/p>\n<p>El presidente de Cofares, Garlos Gonz\u00e1lez Bosch, ha explicado que la distinci\u00f3n pretende destacar la labor humanitaria con los m\u00e1s desfavorecidos llevada a cabo por la asociaci\u00f3n fundada por el padre \u00c1ngel, y ha asegurado que no existe \u00abobjetivo m\u00e1s estimulante que luchar por los que no tienen nada\u00bb, como hace Mensajeros de la Paz.<\/p>\n<p>\u00abSu vida es un ejemplo de sacrificio y entrega a los dem\u00e1s\u00bb, ha a\u00f1adido respecto al premiado, para destacar la presencia de su asociaci\u00f3n en m\u00e1s de 50 pa\u00edses, siempre atenta a cuantas necesidades surgen en cualquier lugar del mundo.<\/p>\n<p>Tras recoger el premio, el padre \u00c1ngel ha dicho que no solamente lo ve\u00eda dirigido a la entidad que preside, sino a los \u00abmiles y miles de voluntarios, cooperantes, voluntarios y ONG&#8217;s\u00bb que se esfuerzan por ayudar a quienes m\u00e1s lo necesitan.<\/p>\n<p>El galardonado ha subrayado la creciente implicaci\u00f3n de las empresas en actividades de responsabilidad social y ha dicho, recordando la proximidad de las fechas navide\u00f1as, que la solidaridad \u00abno es dar lo que te sobra, es dar algo de lo que tienes\u00bb.<\/p>\n<p>Ante do\u00f1a Sof\u00eda, que escuchaba sus palabras desde el palco de honor, a cuya llegada fue recibida con una ovaci\u00f3n por los asistentes, el padre \u00c1ngel alab\u00f3 el compromiso de la Reina con los que sufren en todas partes del mundo y le dio las gracias por ello.<\/p>\n<p>A su juicio, do\u00f1a Sof\u00eda \u00abes la madre de los desfavorecidos, de los ni\u00f1os, de las mujeres y hombres m\u00e1s castigados por las guerras y las cat\u00e1strofes\u00bb, en Espa\u00f1a y en el resto del mundo, y ha recordado que adem\u00e1s de verla sonre\u00edr en sus viajes de cooperaci\u00f3n tambi\u00e9n se le ha visto \u00abllorar\u00bb con v\u00edctimas de cat\u00e1strofes y enfermos.<\/p>\n<p>La Fundaci\u00f3n Cofares es una organizaci\u00f3n privada sin \u00e1nimo de lucro orientada a promover la formaci\u00f3n profesional y empresarial de los farmac\u00e9uticos, pero tambi\u00e9n a implicarlos en obras sociales.<\/p>\n<p>En este \u00e1mbito, la entidad financia iniciativas ben\u00e9fico-sociales consistentes en el env\u00edo de ayuda humanitaria, la organizaci\u00f3n de actos solidarios, la donaci\u00f3n de medicamentos y la recogida de fondos para proyectos de cooperaci\u00f3n, siempre en colaboraci\u00f3n con organizaciones asentadas en los pa\u00edses en los que act\u00faa.<\/p>\n<p>El Premio Fundaci\u00f3n Cofares constituye una de sus actividades anuales, pensado para reconocer la labor social a favor de pacientes y comunidades necesitadas de atenci\u00f3n sanitaria o social, tanto por parte de personas como de organizaciones.<\/p>\n<p>La entrega de la distinci\u00f3n ha tenido lugar antes de un concierto ben\u00e9fico organizado por la fundaci\u00f3n en el Teatro Real, cuya recaudaci\u00f3n destinar\u00e1 a C\u00e1ritas y a la Fundaci\u00f3n Reina Sof\u00eda.<\/p>\n<p>El programa, a cargo de la Orquesta Cl\u00e1sica Santa Cecilia dirigida por el maestro J\u00e1nos K\u00f3vacs, incluye la interpretaci\u00f3n de la obertura de la \u00f3pera Tanhausser de Wagner, del concierto para viol\u00edn y orquesta opus 35 de Tchaikosvsky y de la suite Sheherezade, de Rimski-K\u00f3rsakov.<\/p>\n<p>La violinista japonesa Sayaka Shoji actuar\u00e1 como solista principal en el concierto de Tchaikovsky; es habitual la presencia de esta prestigiosa artista en grandes orquestas internacionales como la Orquesta Filarm\u00f3nica de Berl\u00edn o la Sinf\u00f3nica de Londres.<\/p>\n","protected":false},"excerpt":{"rendered":"<p>Madrid, 5 dic (EFE).- El padre \u00c1ngel, presidente de Mensajeros de la Paz, ha recibido hoy un nuevo reconocimiento a su labor social con el Premio Fundaci\u00f3n Cofares, galard\u00f3n que se le ha entregado en un concierto ben\u00e9fico celebrado en el Teatro Real bajo presidencia de la Reina. Do\u00f1a Sof\u00eda ha estado acompa\u00f1ada de la [&hellip;]<\/p>\n","protected":false},"author":1,"featured_media":458496,"comment_status":"closed","ping_status":"open","sticky":false,"template":"","format":"standard","meta":{"footnotes":""},"categories":[28],"tags":[],"class_list":["post-458495","post","type-post","status-publish","format-standard","has-post-thumbnail","hentry","category-sociedad"],"aioseo_notices":[],"aioseo_head":"\n\t\t<!-- All in One SEO Pro 5.0.1 - aioseo.com -->\n\t<meta name=\"description\" content=\"Madrid, 5 dic (EFE).- El padre \u00c1ngel, presidente de Mensajeros de la Paz, ha recibido hoy un nuevo reconocimiento a su labor social con el Premio Fundaci\u00f3n Cofares, galard\u00f3n que se le ha entregado en un concierto ben\u00e9fico celebrado en el Teatro Real bajo presidencia de la Reina. Do\u00f1a Sof\u00eda ha estado acompa\u00f1ada de la\" \/>\n\t<meta name=\"robots\" content=\"max-image-preview:large\" \/>\n\t<meta name=\"author\" content=\"El Digital de Asturias\"\/>\n\t<meta name=\"google-site-verification\" content=\"UA-38556648-1\" \/>\n\t<meta name=\"msvalidate.01\" content=\"7dfe9f3f1b24437ab69f4f2559babe99\" \/>\n\t<meta name=\"keywords\" content=\"sociedad\" \/>\n\t<link rel=\"canonical\" href=\"https:\/\/www.eldigitaldeasturias.com\/noticias\/el-padre-angel-reconocido-con-el-premio-cofares-en-presencia-de-la-reina\/\" \/>\n\t<meta name=\"generator\" content=\"All in One SEO Pro (AIOSEO) 5.0.1\" \/>\n\t\t<meta property=\"og:locale\" content=\"es_ES\" \/>\n\t\t<meta property=\"og:site_name\" content=\"El Digital de Asturias\" \/>\n\t\t<meta property=\"og:type\" content=\"article\" \/>\n\t\t<meta property=\"og:title\" content=\"El padre \u00c1ngel, reconocido con el premio Cofares en presencia de la Reina - El Digital de Asturias\" \/>\n\t\t<meta property=\"og:description\" content=\"Madrid, 5 dic (EFE).- El padre \u00c1ngel, presidente de Mensajeros de la Paz, ha recibido hoy un nuevo reconocimiento a su labor social con el Premio Fundaci\u00f3n Cofares, galard\u00f3n que se le ha entregado en un concierto ben\u00e9fico celebrado en el Teatro Real bajo presidencia de la Reina. Do\u00f1a Sof\u00eda ha estado acompa\u00f1ada de la\" \/>\n\t\t<meta property=\"og:url\" content=\"https:\/\/www.eldigitaldeasturias.com\/noticias\/el-padre-angel-reconocido-con-el-premio-cofares-en-presencia-de-la-reina\/\" \/>\n\t\t<meta property=\"article:tag\" content=\"sociedad\" \/>\n\t\t<meta property=\"article:published_time\" content=\"2013-12-06T02:09:55+00:00\" \/>\n\t\t<meta property=\"article:modified_time\" content=\"2013-12-06T02:09:55+00:00\" \/>\n\t\t<meta property=\"article:publisher\" content=\"https:\/\/facebook.com\/eldigitaldeasturias\" \/>\n\t\t<meta name=\"twitter:card\" content=\"summary_large_image\" \/>\n\t\t<meta name=\"twitter:title\" content=\"El padre \u00c1ngel, reconocido con el premio Cofares en presencia de la Reina - El Digital de Asturias\" \/>\n\t\t<meta name=\"twitter:description\" content=\"Madrid, 5 dic (EFE).- El padre \u00c1ngel, presidente de Mensajeros de la Paz, ha recibido hoy un nuevo reconocimiento a su labor social con el Premio Fundaci\u00f3n Cofares, galard\u00f3n que se le ha entregado en un concierto ben\u00e9fico celebrado en el Teatro Real bajo presidencia de la Reina. Do\u00f1a Sof\u00eda ha estado acompa\u00f1ada de la\" \/>\n\t\t<meta name=\"twitter:label1\" content=\"Escrito por\" \/>\n\t\t<meta name=\"twitter:data1\" content=\"El Digital de Asturias\" \/>\n\t\t<meta name=\"twitter:label2\" content=\"Tiempo de lectura estimado\" \/>\n\t\t<meta name=\"twitter:data2\" content=\"3 minutos\" \/>\n\t\t<script type=\"application\/ld+json\" class=\"aioseo-schema\">\n\t\t\t{\"@context\":\"https:\\\/\\\/schema.org\",\"@graph\":[{\"@type\":\"BlogPosting\",\"@id\":\"https:\\\/\\\/www.eldigitaldeasturias.com\\\/noticias\\\/el-padre-angel-reconocido-con-el-premio-cofares-en-presencia-de-la-reina\\\/#blogposting\",\"name\":\"El padre \\u00c1ngel, reconocido con el premio Cofares en presencia de la Reina - El Digital de Asturias\",\"headline\":\"El padre \\u00c1ngel, reconocido con el premio Cofares en presencia de la Reina\",\"author\":{\"@id\":\"https:\\\/\\\/www.eldigitaldeasturias.com\\\/noticias\\\/author\\\/admin\\\/#author\"},\"publisher\":{\"@id\":\"https:\\\/\\\/www.eldigitaldeasturias.com\\\/noticias\\\/#organization\"},\"image\":{\"@type\":\"ImageObject\",\"url\":458496},\"datePublished\":\"2013-12-06T01:09:55+01:00\",\"dateModified\":\"2013-12-06T01:09:55+01:00\",\"inLanguage\":\"es-ES\",\"mainEntityOfPage\":{\"@id\":\"https:\\\/\\\/www.eldigitaldeasturias.com\\\/noticias\\\/el-padre-angel-reconocido-con-el-premio-cofares-en-presencia-de-la-reina\\\/#webpage\"},\"isPartOf\":{\"@id\":\"https:\\\/\\\/www.eldigitaldeasturias.com\\\/noticias\\\/el-padre-angel-reconocido-con-el-premio-cofares-en-presencia-de-la-reina\\\/#webpage\"},\"articleSection\":\"Sociedad\"},{\"@type\":\"BreadcrumbList\",\"@id\":\"https:\\\/\\\/www.eldigitaldeasturias.com\\\/noticias\\\/el-padre-angel-reconocido-con-el-premio-cofares-en-presencia-de-la-reina\\\/#breadcrumblist\",\"itemListElement\":[{\"@type\":\"ListItem\",\"@id\":\"https:\\\/\\\/www.eldigitaldeasturias.com\\\/noticias#listItem\",\"position\":1,\"name\":\"Home\",\"item\":\"https:\\\/\\\/www.eldigitaldeasturias.com\\\/noticias\",\"nextItem\":{\"@type\":\"ListItem\",\"@id\":\"https:\\\/\\\/www.eldigitaldeasturias.com\\\/noticias\\\/category\\\/sociedad\\\/#listItem\",\"name\":\"Sociedad\"}},{\"@type\":\"ListItem\",\"@id\":\"https:\\\/\\\/www.eldigitaldeasturias.com\\\/noticias\\\/category\\\/sociedad\\\/#listItem\",\"position\":2,\"name\":\"Sociedad\",\"item\":\"https:\\\/\\\/www.eldigitaldeasturias.com\\\/noticias\\\/category\\\/sociedad\\\/\",\"nextItem\":{\"@type\":\"ListItem\",\"@id\":\"https:\\\/\\\/www.eldigitaldeasturias.com\\\/noticias\\\/el-padre-angel-reconocido-con-el-premio-cofares-en-presencia-de-la-reina\\\/#listItem\",\"name\":\"El padre \\u00c1ngel, reconocido con el premio Cofares en presencia de la Reina\"},\"previousItem\":{\"@type\":\"ListItem\",\"@id\":\"https:\\\/\\\/www.eldigitaldeasturias.com\\\/noticias#listItem\",\"name\":\"Home\"}},{\"@type\":\"ListItem\",\"@id\":\"https:\\\/\\\/www.eldigitaldeasturias.com\\\/noticias\\\/el-padre-angel-reconocido-con-el-premio-cofares-en-presencia-de-la-reina\\\/#listItem\",\"position\":3,\"name\":\"El padre \\u00c1ngel, reconocido con el premio Cofares en presencia de la Reina\",\"previousItem\":{\"@type\":\"ListItem\",\"@id\":\"https:\\\/\\\/www.eldigitaldeasturias.com\\\/noticias\\\/category\\\/sociedad\\\/#listItem\",\"name\":\"Sociedad\"}}]},{\"@type\":\"Organization\",\"@id\":\"https:\\\/\\\/www.eldigitaldeasturias.com\\\/noticias\\\/#organization\",\"name\":\"El Digital de Asturias\",\"description\":\"Hemeroteca\",\"url\":\"https:\\\/\\\/www.eldigitaldeasturias.com\\\/noticias\\\/\",\"email\":\"info@eldigitaldeasturias.com\",\"telephone\":\"+34652131393\",\"logo\":{\"@type\":\"ImageObject\",\"url\":\"https:\\\/\\\/www.eldigitaldeasturias.com\\\/noticias\\\/wp-content\\\/uploads\\\/2020\\\/12\\\/EDA.jpg\",\"@id\":\"https:\\\/\\\/www.eldigitaldeasturias.com\\\/noticias\\\/el-padre-angel-reconocido-con-el-premio-cofares-en-presencia-de-la-reina\\\/#organizationLogo\"},\"image\":{\"@id\":\"https:\\\/\\\/www.eldigitaldeasturias.com\\\/noticias\\\/el-padre-angel-reconocido-con-el-premio-cofares-en-presencia-de-la-reina\\\/#organizationLogo\"},\"sameAs\":[\"https:\\\/\\\/facebook.com\\\/eldigitaldeasturias\",\"https:\\\/\\\/www.youtube.com\\\/channel\\\/UCZP-2wLEB9Rv6erhFmqVnvg\"],\"address\":{\"@id\":\"https:\\\/\\\/www.eldigitaldeasturias.com\\\/noticias\\\/#postaladdress\",\"@type\":\"PostalAddress\",\"streetAddress\":\"san antonio 4\",\"postalCode\":\"33430\",\"addressLocality\":\"Cand\\u00e1s\",\"addressRegion\":\"Asturias\",\"addressCountry\":\"ES\"}},{\"@type\":\"Person\",\"@id\":\"https:\\\/\\\/www.eldigitaldeasturias.com\\\/noticias\\\/author\\\/admin\\\/#author\",\"url\":\"https:\\\/\\\/www.eldigitaldeasturias.com\\\/noticias\\\/author\\\/admin\\\/\",\"name\":\"El Digital de Asturias\",\"image\":{\"@type\":\"ImageObject\",\"@id\":\"https:\\\/\\\/www.eldigitaldeasturias.com\\\/noticias\\\/el-padre-angel-reconocido-con-el-premio-cofares-en-presencia-de-la-reina\\\/#authorImage\",\"url\":\"https:\\\/\\\/secure.gravatar.com\\\/avatar\\\/df2aeffc32bcd13f8d26072ef8a91b623d677766deac7f97ca815868cd41bf5e?s=96&d=mm&r=g\",\"width\":96,\"height\":96,\"caption\":\"El Digital de Asturias\"}},{\"@type\":\"WebPage\",\"@id\":\"https:\\\/\\\/www.eldigitaldeasturias.com\\\/noticias\\\/el-padre-angel-reconocido-con-el-premio-cofares-en-presencia-de-la-reina\\\/#webpage\",\"url\":\"https:\\\/\\\/www.eldigitaldeasturias.com\\\/noticias\\\/el-padre-angel-reconocido-con-el-premio-cofares-en-presencia-de-la-reina\\\/\",\"name\":\"El padre \\u00c1ngel, reconocido con el premio Cofares en presencia de la Reina - El Digital de Asturias\",\"description\":\"Madrid, 5 dic (EFE).- El padre \\u00c1ngel, presidente de Mensajeros de la Paz, ha recibido hoy un nuevo reconocimiento a su labor social con el Premio Fundaci\\u00f3n Cofares, galard\\u00f3n que se le ha entregado en un concierto ben\\u00e9fico celebrado en el Teatro Real bajo presidencia de la Reina. Do\\u00f1a Sof\\u00eda ha estado acompa\\u00f1ada de la\",\"inLanguage\":\"es-ES\",\"isPartOf\":{\"@id\":\"https:\\\/\\\/www.eldigitaldeasturias.com\\\/noticias\\\/#website\"},\"breadcrumb\":{\"@id\":\"https:\\\/\\\/www.eldigitaldeasturias.com\\\/noticias\\\/el-padre-angel-reconocido-con-el-premio-cofares-en-presencia-de-la-reina\\\/#breadcrumblist\"},\"author\":{\"@id\":\"https:\\\/\\\/www.eldigitaldeasturias.com\\\/noticias\\\/author\\\/admin\\\/#author\"},\"creator\":{\"@id\":\"https:\\\/\\\/www.eldigitaldeasturias.com\\\/noticias\\\/author\\\/admin\\\/#author\"},\"image\":{\"@type\":\"ImageObject\",\"url\":458496,\"@id\":\"https:\\\/\\\/www.eldigitaldeasturias.com\\\/noticias\\\/el-padre-angel-reconocido-con-el-premio-cofares-en-presencia-de-la-reina\\\/#mainImage\"},\"primaryImageOfPage\":{\"@id\":\"https:\\\/\\\/www.eldigitaldeasturias.com\\\/noticias\\\/el-padre-angel-reconocido-con-el-premio-cofares-en-presencia-de-la-reina\\\/#mainImage\"},\"datePublished\":\"2013-12-06T01:09:55+01:00\",\"dateModified\":\"2013-12-06T01:09:55+01:00\"},{\"@type\":\"WebSite\",\"@id\":\"https:\\\/\\\/www.eldigitaldeasturias.com\\\/noticias\\\/#website\",\"url\":\"https:\\\/\\\/www.eldigitaldeasturias.com\\\/noticias\\\/\",\"name\":\"El Digital de Asturias - Diario de actualidad y noticias\",\"alternateName\":\"El Digital de Asturias - Diario de actualidad y noticias\",\"description\":\"Hemeroteca\",\"inLanguage\":\"es-ES\",\"publisher\":{\"@id\":\"https:\\\/\\\/www.eldigitaldeasturias.com\\\/noticias\\\/#organization\"}}]}\n\t\t<\/script>\n\t\t<!-- All in One SEO Pro -->\r\n\t\t<title>El padre \u00c1ngel, reconocido con el premio Cofares en presencia de la Reina - El Digital de Asturias<\/title>\n\n","aioseo_head_json":{"title":"El padre \u00c1ngel, reconocido con el premio Cofares en presencia de la Reina - El Digital de Asturias","description":"Madrid, 5 dic (EFE).- El padre \u00c1ngel, presidente de Mensajeros de la Paz, ha recibido hoy un nuevo reconocimiento a su labor social con el Premio Fundaci\u00f3n Cofares, galard\u00f3n que se le ha entregado en un concierto ben\u00e9fico celebrado en el Teatro Real bajo presidencia de la Reina. Do\u00f1a Sof\u00eda ha estado acompa\u00f1ada de la","canonical_url":"https:\/\/www.eldigitaldeasturias.com\/noticias\/el-padre-angel-reconocido-con-el-premio-cofares-en-presencia-de-la-reina\/","robots":"max-image-preview:large","keywords":"sociedad","webmasterTools":{"google-site-verification":"UA-38556648-1","msvalidate.01":"7dfe9f3f1b24437ab69f4f2559babe99","miscellaneous":""},"schema":{"@context":"https:\/\/schema.org","@graph":[{"@type":"BlogPosting","@id":"https:\/\/www.eldigitaldeasturias.com\/noticias\/el-padre-angel-reconocido-con-el-premio-cofares-en-presencia-de-la-reina\/#blogposting","name":"El padre \u00c1ngel, reconocido con el premio Cofares en presencia de la Reina - El Digital de Asturias","headline":"El padre \u00c1ngel, reconocido con el premio Cofares en presencia de la Reina","author":{"@id":"https:\/\/www.eldigitaldeasturias.com\/noticias\/author\/admin\/#author"},"publisher":{"@id":"https:\/\/www.eldigitaldeasturias.com\/noticias\/#organization"},"image":{"@type":"ImageObject","url":458496},"datePublished":"2013-12-06T01:09:55+01:00","dateModified":"2013-12-06T01:09:55+01:00","inLanguage":"es-ES","mainEntityOfPage":{"@id":"https:\/\/www.eldigitaldeasturias.com\/noticias\/el-padre-angel-reconocido-con-el-premio-cofares-en-presencia-de-la-reina\/#webpage"},"isPartOf":{"@id":"https:\/\/www.eldigitaldeasturias.com\/noticias\/el-padre-angel-reconocido-con-el-premio-cofares-en-presencia-de-la-reina\/#webpage"},"articleSection":"Sociedad"},{"@type":"BreadcrumbList","@id":"https:\/\/www.eldigitaldeasturias.com\/noticias\/el-padre-angel-reconocido-con-el-premio-cofares-en-presencia-de-la-reina\/#breadcrumblist","itemListElement":[{"@type":"ListItem","@id":"https:\/\/www.eldigitaldeasturias.com\/noticias#listItem","position":1,"name":"Home","item":"https:\/\/www.eldigitaldeasturias.com\/noticias","nextItem":{"@type":"ListItem","@id":"https:\/\/www.eldigitaldeasturias.com\/noticias\/category\/sociedad\/#listItem","name":"Sociedad"}},{"@type":"ListItem","@id":"https:\/\/www.eldigitaldeasturias.com\/noticias\/category\/sociedad\/#listItem","position":2,"name":"Sociedad","item":"https:\/\/www.eldigitaldeasturias.com\/noticias\/category\/sociedad\/","nextItem":{"@type":"ListItem","@id":"https:\/\/www.eldigitaldeasturias.com\/noticias\/el-padre-angel-reconocido-con-el-premio-cofares-en-presencia-de-la-reina\/#listItem","name":"El padre \u00c1ngel, reconocido con el premio Cofares en presencia de la Reina"},"previousItem":{"@type":"ListItem","@id":"https:\/\/www.eldigitaldeasturias.com\/noticias#listItem","name":"Home"}},{"@type":"ListItem","@id":"https:\/\/www.eldigitaldeasturias.com\/noticias\/el-padre-angel-reconocido-con-el-premio-cofares-en-presencia-de-la-reina\/#listItem","position":3,"name":"El padre \u00c1ngel, reconocido con el premio Cofares en presencia de la Reina","previousItem":{"@type":"ListItem","@id":"https:\/\/www.eldigitaldeasturias.com\/noticias\/category\/sociedad\/#listItem","name":"Sociedad"}}]},{"@type":"Organization","@id":"https:\/\/www.eldigitaldeasturias.com\/noticias\/#organization","name":"El Digital de Asturias","description":"Hemeroteca","url":"https:\/\/www.eldigitaldeasturias.com\/noticias\/","email":"info@eldigitaldeasturias.com","telephone":"+34652131393","logo":{"@type":"ImageObject","url":"https:\/\/www.eldigitaldeasturias.com\/noticias\/wp-content\/uploads\/2020\/12\/EDA.jpg","@id":"https:\/\/www.eldigitaldeasturias.com\/noticias\/el-padre-angel-reconocido-con-el-premio-cofares-en-presencia-de-la-reina\/#organizationLogo"},"image":{"@id":"https:\/\/www.eldigitaldeasturias.com\/noticias\/el-padre-angel-reconocido-con-el-premio-cofares-en-presencia-de-la-reina\/#organizationLogo"},"sameAs":["https:\/\/facebook.com\/eldigitaldeasturias","https:\/\/www.youtube.com\/channel\/UCZP-2wLEB9Rv6erhFmqVnvg"],"address":{"@id":"https:\/\/www.eldigitaldeasturias.com\/noticias\/#postaladdress","@type":"PostalAddress","streetAddress":"san antonio 4","postalCode":"33430","addressLocality":"Cand\u00e1s","addressRegion":"Asturias","addressCountry":"ES"}},{"@type":"Person","@id":"https:\/\/www.eldigitaldeasturias.com\/noticias\/author\/admin\/#author","url":"https:\/\/www.eldigitaldeasturias.com\/noticias\/author\/admin\/","name":"El Digital de Asturias","image":{"@type":"ImageObject","@id":"https:\/\/www.eldigitaldeasturias.com\/noticias\/el-padre-angel-reconocido-con-el-premio-cofares-en-presencia-de-la-reina\/#authorImage","url":"https:\/\/secure.gravatar.com\/avatar\/df2aeffc32bcd13f8d26072ef8a91b623d677766deac7f97ca815868cd41bf5e?s=96&d=mm&r=g","width":96,"height":96,"caption":"El Digital de Asturias"}},{"@type":"WebPage","@id":"https:\/\/www.eldigitaldeasturias.com\/noticias\/el-padre-angel-reconocido-con-el-premio-cofares-en-presencia-de-la-reina\/#webpage","url":"https:\/\/www.eldigitaldeasturias.com\/noticias\/el-padre-angel-reconocido-con-el-premio-cofares-en-presencia-de-la-reina\/","name":"El padre \u00c1ngel, reconocido con el premio Cofares en presencia de la Reina - El Digital de Asturias","description":"Madrid, 5 dic (EFE).- El padre \u00c1ngel, presidente de Mensajeros de la Paz, ha recibido hoy un nuevo reconocimiento a su labor social con el Premio Fundaci\u00f3n Cofares, galard\u00f3n que se le ha entregado en un concierto ben\u00e9fico celebrado en el Teatro Real bajo presidencia de la Reina. Do\u00f1a Sof\u00eda ha estado acompa\u00f1ada de la","inLanguage":"es-ES","isPartOf":{"@id":"https:\/\/www.eldigitaldeasturias.com\/noticias\/#website"},"breadcrumb":{"@id":"https:\/\/www.eldigitaldeasturias.com\/noticias\/el-padre-angel-reconocido-con-el-premio-cofares-en-presencia-de-la-reina\/#breadcrumblist"},"author":{"@id":"https:\/\/www.eldigitaldeasturias.com\/noticias\/author\/admin\/#author"},"creator":{"@id":"https:\/\/www.eldigitaldeasturias.com\/noticias\/author\/admin\/#author"},"image":{"@type":"ImageObject","url":458496,"@id":"https:\/\/www.eldigitaldeasturias.com\/noticias\/el-padre-angel-reconocido-con-el-premio-cofares-en-presencia-de-la-reina\/#mainImage"},"primaryImageOfPage":{"@id":"https:\/\/www.eldigitaldeasturias.com\/noticias\/el-padre-angel-reconocido-con-el-premio-cofares-en-presencia-de-la-reina\/#mainImage"},"datePublished":"2013-12-06T01:09:55+01:00","dateModified":"2013-12-06T01:09:55+01:00"},{"@type":"WebSite","@id":"https:\/\/www.eldigitaldeasturias.com\/noticias\/#website","url":"https:\/\/www.eldigitaldeasturias.com\/noticias\/","name":"El Digital de Asturias - Diario de actualidad y noticias","alternateName":"El Digital de Asturias - Diario de actualidad y noticias","description":"Hemeroteca","inLanguage":"es-ES","publisher":{"@id":"https:\/\/www.eldigitaldeasturias.com\/noticias\/#organization"}}]},"og:locale":"es_ES","og:site_name":"El Digital de Asturias","og:type":"article","og:title":"El padre \u00c1ngel, reconocido con el premio Cofares en presencia de la Reina - El Digital de Asturias","og:description":"Madrid, 5 dic (EFE).- El padre \u00c1ngel, presidente de Mensajeros de la Paz, ha recibido hoy un nuevo reconocimiento a su labor social con el Premio Fundaci\u00f3n Cofares, galard\u00f3n que se le ha entregado en un concierto ben\u00e9fico celebrado en el Teatro Real bajo presidencia de la Reina. Do\u00f1a Sof\u00eda ha estado acompa\u00f1ada de la","og:url":"https:\/\/www.eldigitaldeasturias.com\/noticias\/el-padre-angel-reconocido-con-el-premio-cofares-en-presencia-de-la-reina\/","article:tag":["sociedad"],"article:published_time":"2013-12-06T02:09:55+00:00","article:modified_time":"2013-12-06T02:09:55+00:00","article:publisher":"https:\/\/facebook.com\/eldigitaldeasturias","twitter:card":"summary_large_image","twitter:title":"El padre \u00c1ngel, reconocido con el premio Cofares en presencia de la Reina - El Digital de Asturias","twitter:description":"Madrid, 5 dic (EFE).- El padre \u00c1ngel, presidente de Mensajeros de la Paz, ha recibido hoy un nuevo reconocimiento a su labor social con el Premio Fundaci\u00f3n Cofares, galard\u00f3n que se le ha entregado en un concierto ben\u00e9fico celebrado en el Teatro Real bajo presidencia de la Reina. Do\u00f1a Sof\u00eda ha estado acompa\u00f1ada de la","twitter:label1":"Escrito por","twitter:data1":"El Digital de Asturias","twitter:label2":"Tiempo de lectura estimado","twitter:data2":"3 minutos"},"aioseo_meta_data":{"post_id":"458495","title":null,"description":null,"keywords":null,"keyphrases":null,"primary_term":null,"canonical_url":null,"og_title":null,"og_description":null,"og_object_type":"default","og_image_type":"default","og_image_url":null,"og_image_width":null,"og_image_height":null,"og_image_custom_url":null,"og_image_custom_fields":null,"og_video":null,"og_custom_url":null,"og_article_section":null,"og_article_tags":null,"twitter_use_og":true,"twitter_card":"default","twitter_image_type":"default","twitter_image_url":null,"twitter_image_custom_url":null,"twitter_image_custom_fields":null,"twitter_title":null,"twitter_description":null,"schema":{"blockGraphs":[],"customGraphs":[],"default":{"data":{"Article":[],"Course":[],"Dataset":[],"FAQPage":[],"Movie":[],"Person":[],"Product":[],"ProductReview":[],"Car":[],"Recipe":[],"Service":[],"SoftwareApplication":[],"WebPage":[]},"graphName":"","isEnabled":true},"graphs":[],"defaultGraph":"","defaultPostTypeGraph":""},"schema_type":null,"schema_type_options":null,"pillar_content":false,"robots_default":true,"robots_noindex":false,"robots_noarchive":false,"robots_nosnippet":false,"robots_nofollow":false,"robots_noimageindex":false,"robots_noodp":false,"robots_notranslate":false,"robots_max_snippet":null,"robots_max_videopreview":null,"robots_max_imagepreview":"none","priority":null,"frequency":null,"local_seo":null,"seo_analyzer_scan_date":"2026-05-30 05:44:02","breadcrumb_settings":null,"limit_modified_date":false,"open_ai":null,"ai":null,"created":"2020-11-14 22:46:20","updated":"2026-05-30 05:44:02","focus_keyword":null,"additional_keywords":null,"truseo_locale":null},"aioseo_breadcrumb":"<div class=\"aioseo-breadcrumbs\"><span class=\"aioseo-breadcrumb\">\n\t<a href=\"https:\/\/www.eldigitaldeasturias.com\/noticias\" title=\"Home\">Home<\/a>\n<\/span><span class=\"aioseo-breadcrumb-separator\">\u2013<\/span><span class=\"aioseo-breadcrumb\">\n\t<a href=\"https:\/\/www.eldigitaldeasturias.com\/noticias\/category\/sociedad\/\" title=\"Sociedad\">Sociedad<\/a>\n<\/span><span class=\"aioseo-breadcrumb-separator\">\u2013<\/span><span class=\"aioseo-breadcrumb\">\n\t<a href=\"https:\/\/www.eldigitaldeasturias.com\/noticias\/el-padre-angel-reconocido-con-el-premio-cofares-en-presencia-de-la-reina\/\" title=\"El padre \u00c1ngel, reconocido con el premio Cofares en presencia de la Reina\">El padre \u00c1ngel, reconocido con el premio Cofares en presencia de la Reina<\/a>\n<\/span><\/div>","aioseo_breadcrumb_json":[{"label":"Home","link":"https:\/\/www.eldigitaldeasturias.com\/noticias"},{"label":"Sociedad","link":"https:\/\/www.eldigitaldeasturias.com\/noticias\/category\/sociedad\/"},{"label":"El padre \u00c1ngel, reconocido con el premio Cofares en presencia de la Reina","link":"https:\/\/www.eldigitaldeasturias.com\/noticias\/el-padre-angel-reconocido-con-el-premio-cofares-en-presencia-de-la-reina\/"}],"_links":{"self":[{"href":"https:\/\/www.eldigitaldeasturias.com\/noticias\/wp-json\/wp\/v2\/posts\/458495","targetHints":{"allow":["GET"]}}],"collection":[{"href":"https:\/\/www.eldigitaldeasturias.com\/noticias\/wp-json\/wp\/v2\/posts"}],"about":[{"href":"https:\/\/www.eldigitaldeasturias.com\/noticias\/wp-json\/wp\/v2\/types\/post"}],"author":[{"embeddable":true,"href":"https:\/\/www.eldigitaldeasturias.com\/noticias\/wp-json\/wp\/v2\/users\/1"}],"replies":[{"embeddable":true,"href":"https:\/\/www.eldigitaldeasturias.com\/noticias\/wp-json\/wp\/v2\/comments?post=458495"}],"version-history":[{"count":0,"href":"https:\/\/www.eldigitaldeasturias.com\/noticias\/wp-json\/wp\/v2\/posts\/458495\/revisions"}],"wp:attachment":[{"href":"https:\/\/www.eldigitaldeasturias.com\/noticias\/wp-json\/wp\/v2\/media?parent=458495"}],"wp:term":[{"taxonomy":"category","embeddable":true,"href":"https:\/\/www.eldigitaldeasturias.com\/noticias\/wp-json\/wp\/v2\/categories?post=458495"},{"taxonomy":"post_tag","embeddable":true,"href":"https:\/\/www.eldigitaldeasturias.com\/noticias\/wp-json\/wp\/v2\/tags?post=458495"}],"curies":[{"name":"wp","href":"https:\/\/api.w.org\/{rel}","templated":true}]}}