{"id":458471,"date":"2013-12-06T00:57:59","date_gmt":"2013-12-06T01:57:59","guid":{"rendered":"http:\/\/www.eldigitaldeasturias.com\/noticias\/?p=458471"},"modified":"2013-12-06T00:57:59","modified_gmt":"2013-12-06T01:57:59","slug":"juan-goytisolo-y-frederic-amat-arman-el-sainete-memorias-de-tortuga","status":"publish","type":"post","link":"https:\/\/www.eldigitaldeasturias.com\/noticias\/juan-goytisolo-y-frederic-amat-arman-el-sainete-memorias-de-tortuga\/","title":{"rendered":"Juan Goytisolo y Frederic Amat arman el sainete \u00abMemorias de tortuga\u00bb"},"content":{"rendered":"<p><img loading=\"lazy\" decoding=\"async\" class=\"alignleft size-medium wp-image-458472\" alt=\"5774699w\" src=\"https:\/\/www.eldigitaldeasturias.com\/noticias\/wp-content\/uploads\/2013\/12\/5774699w-360x234.jpg\" width=\"360\" height=\"234\" \/>Barcelona, 5 dic (EFE).- La \u00faltima colaboraci\u00f3n entre el escritor Juan Goytisolo y el artista Frederic Amat ha dado como resultado el \u00absainete ib\u00e9rico\u00bb titulado \u00abMemorias de tortuga\u00bb, un cortometraje sobre la memoria hist\u00f3rica en el que el autor barcelon\u00e9s se arranca a cantar desde marchas militares a sones del caribe.<\/p>\n<p>Unas horas antes de proyectarse esta \u00abexperiencia cinematogr\u00e1fica\u00bb de media hora de duraci\u00f3n en el CaixaF\u00f3rum Barcelona, sus art\u00edfices, junto con el cantante Albert Pla y el titiritero Joan Baixas, protagonistas de la pieza, han explicado c\u00f3mo surgi\u00f3 la idea y c\u00f3mo fue su plasmaci\u00f3n desde el verano de 2012 hasta mayo de 2013.<\/p>\n<p>Amat ha comentado que tras colaborar con Goytisolo en la \u00f3pera \u00abEl viaje a Simorgh\u00bb, basada en su libro \u00abLas virtudes del p\u00e1jaro solitario\u00bb, es habitual que ambos se vean en Marraquech, donde reside el novelista, o en la Rambla del Raval de Barcelona en sus espor\u00e1dicas visitas a la ciudad.<\/p>\n<p>En uno de esos encuentros barceloneses, Goytisolo le entreg\u00f3 un sobre cerrado con un texto in\u00e9dito, \u00abMemorias de tortuga\u00bb, que suger\u00eda que fuera convertido en un montaje teatral, con \u00e9l cantando los temas musicales m\u00e1s recurrentes de su infancia y juventud.<\/p>\n<p>Sin embargo, Amat pens\u00f3 que ser\u00eda m\u00e1s acertado convertir aquellas palabras en una pel\u00edcula que desvelara los \u00abestratos de la memoria\u00bb, desde la Guerra Civil espa\u00f1ola, en la que la madre del escritor muri\u00f3 en uno de los bombardeos, hasta la muerte del dictador Francisco Franco, en 1975.<\/p>\n<p>Dos tortugas, llamadas J y G, conversan ante el espectador sobre los diferentes acontecimientos sucedidos durante este per\u00edodo hist\u00f3rico, aunque tampoco obvian la guerra de Irak, ni la burbuja inmobiliaria o la actual crisis econ\u00f3mica, con el trasfondo de diferentes m\u00fasicas como el Himno de Espa\u00f1a con letra mariana, el Virolai, el Carrascal, o el Himno de Riego.<\/p>\n<p>Goytisolo ha comentado que se trata de un texto que surgi\u00f3 en una temporada de insomnio, en la que en su memoria \u00abs\u00f3lo afloraban canciones\u00bb y recuerda: \u00abtodo lo que trataron de encajar en mi cabeza desde el final de la Guerra Civil hasta que me fui de Espa\u00f1a no recuerdo nada\u00bb.<\/p>\n<p>\u00abS\u00f3lo quedaban -ha proseguido- unas canciones horribles, militares, falangistas, la Marcha Real o temas del barrio chino, algunos obscenos, que cantaban personas como la Bella Dorita\u00bb.<\/p>\n<p>El escritor ha sostenido que todo lo que ha ido aprendiendo en su vida ha sido por su cuenta, gracias a la biblioteca que ten\u00eda su madre, a los libros que se compraba en la calle Aribau y a una curiosidad intelectual que no se correspond\u00eda en nada con lo que le ense\u00f1aban.<\/p>\n<p>Adem\u00e1s, no ha obviado que para acabar de armar el relato tuvo en cuenta las tortugas que tiene en su casa marroqu\u00ed, que pasan parte del a\u00f1o hibernando, escondidas bajo los muebles, s\u00f3lo despertando despistadas cuando \u00e9l las encuentra y las coloca cerca de una estufa.<\/p>\n<p>\u00abMe di cuenta -ha agregado- que mi vida era muy parecida a la de esas tortugas\u00bb.<\/p>\n<p>La pel\u00edcula, que tambi\u00e9n cuenta con la participaci\u00f3n del grupo CaboSanRoque, empez\u00f3 a tomar forma cuando en el verano de 2012 Amat y Goytisolo grabaron varias canciones en la Cin\u00e9math\u00e8que de T\u00e1nger y acab\u00f3 de plasmarse entre el 1 y el 3 de mayo de 2013, cuando Albert Pla y Joan Baixas dieron vida a las tortugas en un rodaje en la sede de la productora barcelonesa \u00abnueveojos\u00bb.<\/p>\n<p>Goytisolo ha bromeado que aunque sea el cantante de la pel\u00edcula no quiere ser el sucesor de Manolo Escobar ni competir con nadie del \u00e1mbito musical. \u00abPero quer\u00eda que fuera mi voz la que apareciera, porque es la memoria. Es la basura de la \u00e9poca atesorada en mi cabeza. Y, adem\u00e1s, tengo buen o\u00eddo\u00bb, ha apuntado.<\/p>\n<p>Los dos actores han coincidido en que,a pesar de ser un rodaje corto, no fue f\u00e1cil, puesto que permanecieron siempre estirados, bajo unos caparazones, que remiten a los cachivaches que trasladan de un sitio a otro los vagabundos.<\/p>\n<p>La pel\u00edcula acaba con un homenaje al esperpento con la aparici\u00f3n del escultor Pep Dur\u00e1n, transmutado en un limpiabotas borracho, una figura habitual junto a un prost\u00edbulo de la calle Robadors de la Barcelona de hace setenta a\u00f1os.<\/p>\n","protected":false},"excerpt":{"rendered":"<p>Barcelona, 5 dic (EFE).- La \u00faltima colaboraci\u00f3n entre el escritor Juan Goytisolo y el artista Frederic Amat ha dado como resultado el \u00absainete ib\u00e9rico\u00bb titulado \u00abMemorias de tortuga\u00bb, un cortometraje sobre la memoria hist\u00f3rica en el que el autor barcelon\u00e9s se arranca a cantar desde marchas militares a sones del caribe. Unas horas antes de [&hellip;]<\/p>\n","protected":false},"author":1,"featured_media":458472,"comment_status":"closed","ping_status":"open","sticky":false,"template":"","format":"standard","meta":{"footnotes":""},"categories":[50],"tags":[],"class_list":["post-458471","post","type-post","status-publish","format-standard","has-post-thumbnail","hentry","category-revista-de-ocio"],"aioseo_notices":[],"aioseo_head":"\n\t\t<!-- All in One SEO Pro 5.0.1 - aioseo.com -->\n\t<meta name=\"description\" content=\"Barcelona, 5 dic (EFE).- La \u00faltima colaboraci\u00f3n entre el escritor Juan Goytisolo y el artista Frederic Amat ha dado como resultado el &quot;sainete ib\u00e9rico&quot; titulado &quot;Memorias de tortuga&quot;, un cortometraje sobre la memoria hist\u00f3rica en el que el autor barcelon\u00e9s se arranca a cantar desde marchas militares a sones del caribe. Unas horas antes de\" \/>\n\t<meta name=\"robots\" content=\"max-image-preview:large\" \/>\n\t<meta name=\"author\" content=\"El Digital de Asturias\"\/>\n\t<meta name=\"google-site-verification\" content=\"UA-38556648-1\" \/>\n\t<meta name=\"msvalidate.01\" content=\"7dfe9f3f1b24437ab69f4f2559babe99\" \/>\n\t<meta name=\"keywords\" content=\"revista de ocio\" \/>\n\t<link rel=\"canonical\" href=\"https:\/\/www.eldigitaldeasturias.com\/noticias\/juan-goytisolo-y-frederic-amat-arman-el-sainete-memorias-de-tortuga\/\" \/>\n\t<meta name=\"generator\" content=\"All in One SEO Pro (AIOSEO) 5.0.1\" \/>\n\t\t<meta property=\"og:locale\" content=\"es_ES\" \/>\n\t\t<meta property=\"og:site_name\" content=\"El Digital de Asturias\" \/>\n\t\t<meta property=\"og:type\" content=\"article\" \/>\n\t\t<meta property=\"og:title\" content=\"Juan Goytisolo y Frederic Amat arman el sainete \u00abMemorias de tortuga\u00bb - El Digital de Asturias\" \/>\n\t\t<meta property=\"og:description\" content=\"Barcelona, 5 dic (EFE).- La \u00faltima colaboraci\u00f3n entre el escritor Juan Goytisolo y el artista Frederic Amat ha dado como resultado el &quot;sainete ib\u00e9rico&quot; titulado &quot;Memorias de tortuga&quot;, un cortometraje sobre la memoria hist\u00f3rica en el que el autor barcelon\u00e9s se arranca a cantar desde marchas militares a sones del caribe. Unas horas antes de\" \/>\n\t\t<meta property=\"og:url\" content=\"https:\/\/www.eldigitaldeasturias.com\/noticias\/juan-goytisolo-y-frederic-amat-arman-el-sainete-memorias-de-tortuga\/\" \/>\n\t\t<meta property=\"article:tag\" content=\"revista de ocio\" \/>\n\t\t<meta property=\"article:published_time\" content=\"2013-12-06T01:57:59+00:00\" \/>\n\t\t<meta property=\"article:modified_time\" content=\"2013-12-06T01:57:59+00:00\" \/>\n\t\t<meta property=\"article:publisher\" content=\"https:\/\/facebook.com\/eldigitaldeasturias\" \/>\n\t\t<meta name=\"twitter:card\" content=\"summary_large_image\" \/>\n\t\t<meta name=\"twitter:title\" content=\"Juan Goytisolo y Frederic Amat arman el sainete \u00abMemorias de tortuga\u00bb - El Digital de Asturias\" \/>\n\t\t<meta name=\"twitter:description\" content=\"Barcelona, 5 dic (EFE).- La \u00faltima colaboraci\u00f3n entre el escritor Juan Goytisolo y el artista Frederic Amat ha dado como resultado el &quot;sainete ib\u00e9rico&quot; titulado &quot;Memorias de tortuga&quot;, un cortometraje sobre la memoria hist\u00f3rica en el que el autor barcelon\u00e9s se arranca a cantar desde marchas militares a sones del caribe. Unas horas antes de\" \/>\n\t\t<meta name=\"twitter:label1\" content=\"Escrito por\" \/>\n\t\t<meta name=\"twitter:data1\" content=\"El Digital de Asturias\" \/>\n\t\t<meta name=\"twitter:label2\" content=\"Tiempo de lectura estimado\" \/>\n\t\t<meta name=\"twitter:data2\" content=\"4 minutos\" \/>\n\t\t<script type=\"application\/ld+json\" class=\"aioseo-schema\">\n\t\t\t{\"@context\":\"https:\\\/\\\/schema.org\",\"@graph\":[{\"@type\":\"BlogPosting\",\"@id\":\"https:\\\/\\\/www.eldigitaldeasturias.com\\\/noticias\\\/juan-goytisolo-y-frederic-amat-arman-el-sainete-memorias-de-tortuga\\\/#blogposting\",\"name\":\"Juan Goytisolo y Frederic Amat arman el sainete \\u00abMemorias de tortuga\\u00bb - El Digital de Asturias\",\"headline\":\"Juan Goytisolo y Frederic Amat arman el sainete \\u00abMemorias de tortuga\\u00bb\",\"author\":{\"@id\":\"https:\\\/\\\/www.eldigitaldeasturias.com\\\/noticias\\\/author\\\/admin\\\/#author\"},\"publisher\":{\"@id\":\"https:\\\/\\\/www.eldigitaldeasturias.com\\\/noticias\\\/#organization\"},\"image\":{\"@type\":\"ImageObject\",\"url\":458472},\"datePublished\":\"2013-12-06T00:57:59+01:00\",\"dateModified\":\"2013-12-06T00:57:59+01:00\",\"inLanguage\":\"es-ES\",\"mainEntityOfPage\":{\"@id\":\"https:\\\/\\\/www.eldigitaldeasturias.com\\\/noticias\\\/juan-goytisolo-y-frederic-amat-arman-el-sainete-memorias-de-tortuga\\\/#webpage\"},\"isPartOf\":{\"@id\":\"https:\\\/\\\/www.eldigitaldeasturias.com\\\/noticias\\\/juan-goytisolo-y-frederic-amat-arman-el-sainete-memorias-de-tortuga\\\/#webpage\"},\"articleSection\":\"Revista de Ocio\"},{\"@type\":\"BreadcrumbList\",\"@id\":\"https:\\\/\\\/www.eldigitaldeasturias.com\\\/noticias\\\/juan-goytisolo-y-frederic-amat-arman-el-sainete-memorias-de-tortuga\\\/#breadcrumblist\",\"itemListElement\":[{\"@type\":\"ListItem\",\"@id\":\"https:\\\/\\\/www.eldigitaldeasturias.com\\\/noticias#listItem\",\"position\":1,\"name\":\"Home\",\"item\":\"https:\\\/\\\/www.eldigitaldeasturias.com\\\/noticias\",\"nextItem\":{\"@type\":\"ListItem\",\"@id\":\"https:\\\/\\\/www.eldigitaldeasturias.com\\\/noticias\\\/category\\\/revista-de-ocio\\\/#listItem\",\"name\":\"Revista de Ocio\"}},{\"@type\":\"ListItem\",\"@id\":\"https:\\\/\\\/www.eldigitaldeasturias.com\\\/noticias\\\/category\\\/revista-de-ocio\\\/#listItem\",\"position\":2,\"name\":\"Revista de Ocio\",\"item\":\"https:\\\/\\\/www.eldigitaldeasturias.com\\\/noticias\\\/category\\\/revista-de-ocio\\\/\",\"nextItem\":{\"@type\":\"ListItem\",\"@id\":\"https:\\\/\\\/www.eldigitaldeasturias.com\\\/noticias\\\/juan-goytisolo-y-frederic-amat-arman-el-sainete-memorias-de-tortuga\\\/#listItem\",\"name\":\"Juan Goytisolo y Frederic Amat arman el sainete \\u00abMemorias de tortuga\\u00bb\"},\"previousItem\":{\"@type\":\"ListItem\",\"@id\":\"https:\\\/\\\/www.eldigitaldeasturias.com\\\/noticias#listItem\",\"name\":\"Home\"}},{\"@type\":\"ListItem\",\"@id\":\"https:\\\/\\\/www.eldigitaldeasturias.com\\\/noticias\\\/juan-goytisolo-y-frederic-amat-arman-el-sainete-memorias-de-tortuga\\\/#listItem\",\"position\":3,\"name\":\"Juan Goytisolo y Frederic Amat arman el sainete \\u00abMemorias de tortuga\\u00bb\",\"previousItem\":{\"@type\":\"ListItem\",\"@id\":\"https:\\\/\\\/www.eldigitaldeasturias.com\\\/noticias\\\/category\\\/revista-de-ocio\\\/#listItem\",\"name\":\"Revista de Ocio\"}}]},{\"@type\":\"Organization\",\"@id\":\"https:\\\/\\\/www.eldigitaldeasturias.com\\\/noticias\\\/#organization\",\"name\":\"El Digital de Asturias\",\"description\":\"Hemeroteca\",\"url\":\"https:\\\/\\\/www.eldigitaldeasturias.com\\\/noticias\\\/\",\"email\":\"info@eldigitaldeasturias.com\",\"telephone\":\"+34652131393\",\"logo\":{\"@type\":\"ImageObject\",\"url\":\"https:\\\/\\\/www.eldigitaldeasturias.com\\\/noticias\\\/wp-content\\\/uploads\\\/2020\\\/12\\\/EDA.jpg\",\"@id\":\"https:\\\/\\\/www.eldigitaldeasturias.com\\\/noticias\\\/juan-goytisolo-y-frederic-amat-arman-el-sainete-memorias-de-tortuga\\\/#organizationLogo\"},\"image\":{\"@id\":\"https:\\\/\\\/www.eldigitaldeasturias.com\\\/noticias\\\/juan-goytisolo-y-frederic-amat-arman-el-sainete-memorias-de-tortuga\\\/#organizationLogo\"},\"sameAs\":[\"https:\\\/\\\/facebook.com\\\/eldigitaldeasturias\",\"https:\\\/\\\/www.youtube.com\\\/channel\\\/UCZP-2wLEB9Rv6erhFmqVnvg\"],\"address\":{\"@id\":\"https:\\\/\\\/www.eldigitaldeasturias.com\\\/noticias\\\/#postaladdress\",\"@type\":\"PostalAddress\",\"streetAddress\":\"san antonio 4\",\"postalCode\":\"33430\",\"addressLocality\":\"Cand\\u00e1s\",\"addressRegion\":\"Asturias\",\"addressCountry\":\"ES\"}},{\"@type\":\"Person\",\"@id\":\"https:\\\/\\\/www.eldigitaldeasturias.com\\\/noticias\\\/author\\\/admin\\\/#author\",\"url\":\"https:\\\/\\\/www.eldigitaldeasturias.com\\\/noticias\\\/author\\\/admin\\\/\",\"name\":\"El Digital de Asturias\",\"image\":{\"@type\":\"ImageObject\",\"@id\":\"https:\\\/\\\/www.eldigitaldeasturias.com\\\/noticias\\\/juan-goytisolo-y-frederic-amat-arman-el-sainete-memorias-de-tortuga\\\/#authorImage\",\"url\":\"https:\\\/\\\/secure.gravatar.com\\\/avatar\\\/df2aeffc32bcd13f8d26072ef8a91b623d677766deac7f97ca815868cd41bf5e?s=96&d=mm&r=g\",\"width\":96,\"height\":96,\"caption\":\"El Digital de Asturias\"}},{\"@type\":\"WebPage\",\"@id\":\"https:\\\/\\\/www.eldigitaldeasturias.com\\\/noticias\\\/juan-goytisolo-y-frederic-amat-arman-el-sainete-memorias-de-tortuga\\\/#webpage\",\"url\":\"https:\\\/\\\/www.eldigitaldeasturias.com\\\/noticias\\\/juan-goytisolo-y-frederic-amat-arman-el-sainete-memorias-de-tortuga\\\/\",\"name\":\"Juan Goytisolo y Frederic Amat arman el sainete \\u00abMemorias de tortuga\\u00bb - El Digital de Asturias\",\"description\":\"Barcelona, 5 dic (EFE).- La \\u00faltima colaboraci\\u00f3n entre el escritor Juan Goytisolo y el artista Frederic Amat ha dado como resultado el \\\"sainete ib\\u00e9rico\\\" titulado \\\"Memorias de tortuga\\\", un cortometraje sobre la memoria hist\\u00f3rica en el que el autor barcelon\\u00e9s se arranca a cantar desde marchas militares a sones del caribe. Unas horas antes de\",\"inLanguage\":\"es-ES\",\"isPartOf\":{\"@id\":\"https:\\\/\\\/www.eldigitaldeasturias.com\\\/noticias\\\/#website\"},\"breadcrumb\":{\"@id\":\"https:\\\/\\\/www.eldigitaldeasturias.com\\\/noticias\\\/juan-goytisolo-y-frederic-amat-arman-el-sainete-memorias-de-tortuga\\\/#breadcrumblist\"},\"author\":{\"@id\":\"https:\\\/\\\/www.eldigitaldeasturias.com\\\/noticias\\\/author\\\/admin\\\/#author\"},\"creator\":{\"@id\":\"https:\\\/\\\/www.eldigitaldeasturias.com\\\/noticias\\\/author\\\/admin\\\/#author\"},\"image\":{\"@type\":\"ImageObject\",\"url\":458472,\"@id\":\"https:\\\/\\\/www.eldigitaldeasturias.com\\\/noticias\\\/juan-goytisolo-y-frederic-amat-arman-el-sainete-memorias-de-tortuga\\\/#mainImage\"},\"primaryImageOfPage\":{\"@id\":\"https:\\\/\\\/www.eldigitaldeasturias.com\\\/noticias\\\/juan-goytisolo-y-frederic-amat-arman-el-sainete-memorias-de-tortuga\\\/#mainImage\"},\"datePublished\":\"2013-12-06T00:57:59+01:00\",\"dateModified\":\"2013-12-06T00:57:59+01:00\"},{\"@type\":\"WebSite\",\"@id\":\"https:\\\/\\\/www.eldigitaldeasturias.com\\\/noticias\\\/#website\",\"url\":\"https:\\\/\\\/www.eldigitaldeasturias.com\\\/noticias\\\/\",\"name\":\"El Digital de Asturias - Diario de actualidad y noticias\",\"alternateName\":\"El Digital de Asturias - Diario de actualidad y noticias\",\"description\":\"Hemeroteca\",\"inLanguage\":\"es-ES\",\"publisher\":{\"@id\":\"https:\\\/\\\/www.eldigitaldeasturias.com\\\/noticias\\\/#organization\"}}]}\n\t\t<\/script>\n\t\t<!-- All in One SEO Pro -->\r\n\t\t<title>Juan Goytisolo y Frederic Amat arman el sainete \u00abMemorias de tortuga\u00bb - El Digital de Asturias<\/title>\n\n","aioseo_head_json":{"title":"Juan Goytisolo y Frederic Amat arman el sainete \u00abMemorias de tortuga\u00bb - El Digital de Asturias","description":"Barcelona, 5 dic (EFE).- La \u00faltima colaboraci\u00f3n entre el escritor Juan Goytisolo y el artista Frederic Amat ha dado como resultado el \"sainete ib\u00e9rico\" titulado \"Memorias de tortuga\", un cortometraje sobre la memoria hist\u00f3rica en el que el autor barcelon\u00e9s se arranca a cantar desde marchas militares a sones del caribe. Unas horas antes de","canonical_url":"https:\/\/www.eldigitaldeasturias.com\/noticias\/juan-goytisolo-y-frederic-amat-arman-el-sainete-memorias-de-tortuga\/","robots":"max-image-preview:large","keywords":"revista de ocio","webmasterTools":{"google-site-verification":"UA-38556648-1","msvalidate.01":"7dfe9f3f1b24437ab69f4f2559babe99","miscellaneous":""},"schema":{"@context":"https:\/\/schema.org","@graph":[{"@type":"BlogPosting","@id":"https:\/\/www.eldigitaldeasturias.com\/noticias\/juan-goytisolo-y-frederic-amat-arman-el-sainete-memorias-de-tortuga\/#blogposting","name":"Juan Goytisolo y Frederic Amat arman el sainete \u00abMemorias de tortuga\u00bb - El Digital de Asturias","headline":"Juan Goytisolo y Frederic Amat arman el sainete \u00abMemorias de tortuga\u00bb","author":{"@id":"https:\/\/www.eldigitaldeasturias.com\/noticias\/author\/admin\/#author"},"publisher":{"@id":"https:\/\/www.eldigitaldeasturias.com\/noticias\/#organization"},"image":{"@type":"ImageObject","url":458472},"datePublished":"2013-12-06T00:57:59+01:00","dateModified":"2013-12-06T00:57:59+01:00","inLanguage":"es-ES","mainEntityOfPage":{"@id":"https:\/\/www.eldigitaldeasturias.com\/noticias\/juan-goytisolo-y-frederic-amat-arman-el-sainete-memorias-de-tortuga\/#webpage"},"isPartOf":{"@id":"https:\/\/www.eldigitaldeasturias.com\/noticias\/juan-goytisolo-y-frederic-amat-arman-el-sainete-memorias-de-tortuga\/#webpage"},"articleSection":"Revista de Ocio"},{"@type":"BreadcrumbList","@id":"https:\/\/www.eldigitaldeasturias.com\/noticias\/juan-goytisolo-y-frederic-amat-arman-el-sainete-memorias-de-tortuga\/#breadcrumblist","itemListElement":[{"@type":"ListItem","@id":"https:\/\/www.eldigitaldeasturias.com\/noticias#listItem","position":1,"name":"Home","item":"https:\/\/www.eldigitaldeasturias.com\/noticias","nextItem":{"@type":"ListItem","@id":"https:\/\/www.eldigitaldeasturias.com\/noticias\/category\/revista-de-ocio\/#listItem","name":"Revista de Ocio"}},{"@type":"ListItem","@id":"https:\/\/www.eldigitaldeasturias.com\/noticias\/category\/revista-de-ocio\/#listItem","position":2,"name":"Revista de Ocio","item":"https:\/\/www.eldigitaldeasturias.com\/noticias\/category\/revista-de-ocio\/","nextItem":{"@type":"ListItem","@id":"https:\/\/www.eldigitaldeasturias.com\/noticias\/juan-goytisolo-y-frederic-amat-arman-el-sainete-memorias-de-tortuga\/#listItem","name":"Juan Goytisolo y Frederic Amat arman el sainete \u00abMemorias de tortuga\u00bb"},"previousItem":{"@type":"ListItem","@id":"https:\/\/www.eldigitaldeasturias.com\/noticias#listItem","name":"Home"}},{"@type":"ListItem","@id":"https:\/\/www.eldigitaldeasturias.com\/noticias\/juan-goytisolo-y-frederic-amat-arman-el-sainete-memorias-de-tortuga\/#listItem","position":3,"name":"Juan Goytisolo y Frederic Amat arman el sainete \u00abMemorias de tortuga\u00bb","previousItem":{"@type":"ListItem","@id":"https:\/\/www.eldigitaldeasturias.com\/noticias\/category\/revista-de-ocio\/#listItem","name":"Revista de Ocio"}}]},{"@type":"Organization","@id":"https:\/\/www.eldigitaldeasturias.com\/noticias\/#organization","name":"El Digital de Asturias","description":"Hemeroteca","url":"https:\/\/www.eldigitaldeasturias.com\/noticias\/","email":"info@eldigitaldeasturias.com","telephone":"+34652131393","logo":{"@type":"ImageObject","url":"https:\/\/www.eldigitaldeasturias.com\/noticias\/wp-content\/uploads\/2020\/12\/EDA.jpg","@id":"https:\/\/www.eldigitaldeasturias.com\/noticias\/juan-goytisolo-y-frederic-amat-arman-el-sainete-memorias-de-tortuga\/#organizationLogo"},"image":{"@id":"https:\/\/www.eldigitaldeasturias.com\/noticias\/juan-goytisolo-y-frederic-amat-arman-el-sainete-memorias-de-tortuga\/#organizationLogo"},"sameAs":["https:\/\/facebook.com\/eldigitaldeasturias","https:\/\/www.youtube.com\/channel\/UCZP-2wLEB9Rv6erhFmqVnvg"],"address":{"@id":"https:\/\/www.eldigitaldeasturias.com\/noticias\/#postaladdress","@type":"PostalAddress","streetAddress":"san antonio 4","postalCode":"33430","addressLocality":"Cand\u00e1s","addressRegion":"Asturias","addressCountry":"ES"}},{"@type":"Person","@id":"https:\/\/www.eldigitaldeasturias.com\/noticias\/author\/admin\/#author","url":"https:\/\/www.eldigitaldeasturias.com\/noticias\/author\/admin\/","name":"El Digital de Asturias","image":{"@type":"ImageObject","@id":"https:\/\/www.eldigitaldeasturias.com\/noticias\/juan-goytisolo-y-frederic-amat-arman-el-sainete-memorias-de-tortuga\/#authorImage","url":"https:\/\/secure.gravatar.com\/avatar\/df2aeffc32bcd13f8d26072ef8a91b623d677766deac7f97ca815868cd41bf5e?s=96&d=mm&r=g","width":96,"height":96,"caption":"El Digital de Asturias"}},{"@type":"WebPage","@id":"https:\/\/www.eldigitaldeasturias.com\/noticias\/juan-goytisolo-y-frederic-amat-arman-el-sainete-memorias-de-tortuga\/#webpage","url":"https:\/\/www.eldigitaldeasturias.com\/noticias\/juan-goytisolo-y-frederic-amat-arman-el-sainete-memorias-de-tortuga\/","name":"Juan Goytisolo y Frederic Amat arman el sainete \u00abMemorias de tortuga\u00bb - El Digital de Asturias","description":"Barcelona, 5 dic (EFE).- La \u00faltima colaboraci\u00f3n entre el escritor Juan Goytisolo y el artista Frederic Amat ha dado como resultado el \"sainete ib\u00e9rico\" titulado \"Memorias de tortuga\", un cortometraje sobre la memoria hist\u00f3rica en el que el autor barcelon\u00e9s se arranca a cantar desde marchas militares a sones del caribe. Unas horas antes de","inLanguage":"es-ES","isPartOf":{"@id":"https:\/\/www.eldigitaldeasturias.com\/noticias\/#website"},"breadcrumb":{"@id":"https:\/\/www.eldigitaldeasturias.com\/noticias\/juan-goytisolo-y-frederic-amat-arman-el-sainete-memorias-de-tortuga\/#breadcrumblist"},"author":{"@id":"https:\/\/www.eldigitaldeasturias.com\/noticias\/author\/admin\/#author"},"creator":{"@id":"https:\/\/www.eldigitaldeasturias.com\/noticias\/author\/admin\/#author"},"image":{"@type":"ImageObject","url":458472,"@id":"https:\/\/www.eldigitaldeasturias.com\/noticias\/juan-goytisolo-y-frederic-amat-arman-el-sainete-memorias-de-tortuga\/#mainImage"},"primaryImageOfPage":{"@id":"https:\/\/www.eldigitaldeasturias.com\/noticias\/juan-goytisolo-y-frederic-amat-arman-el-sainete-memorias-de-tortuga\/#mainImage"},"datePublished":"2013-12-06T00:57:59+01:00","dateModified":"2013-12-06T00:57:59+01:00"},{"@type":"WebSite","@id":"https:\/\/www.eldigitaldeasturias.com\/noticias\/#website","url":"https:\/\/www.eldigitaldeasturias.com\/noticias\/","name":"El Digital de Asturias - Diario de actualidad y noticias","alternateName":"El Digital de Asturias - Diario de actualidad y noticias","description":"Hemeroteca","inLanguage":"es-ES","publisher":{"@id":"https:\/\/www.eldigitaldeasturias.com\/noticias\/#organization"}}]},"og:locale":"es_ES","og:site_name":"El Digital de Asturias","og:type":"article","og:title":"Juan Goytisolo y Frederic Amat arman el sainete \u00abMemorias de tortuga\u00bb - El Digital de Asturias","og:description":"Barcelona, 5 dic (EFE).- La \u00faltima colaboraci\u00f3n entre el escritor Juan Goytisolo y el artista Frederic Amat ha dado como resultado el &quot;sainete ib\u00e9rico&quot; titulado &quot;Memorias de tortuga&quot;, un cortometraje sobre la memoria hist\u00f3rica en el que el autor barcelon\u00e9s se arranca a cantar desde marchas militares a sones del caribe. Unas horas antes de","og:url":"https:\/\/www.eldigitaldeasturias.com\/noticias\/juan-goytisolo-y-frederic-amat-arman-el-sainete-memorias-de-tortuga\/","article:tag":["revista de ocio"],"article:published_time":"2013-12-06T01:57:59+00:00","article:modified_time":"2013-12-06T01:57:59+00:00","article:publisher":"https:\/\/facebook.com\/eldigitaldeasturias","twitter:card":"summary_large_image","twitter:title":"Juan Goytisolo y Frederic Amat arman el sainete \u00abMemorias de tortuga\u00bb - El Digital de Asturias","twitter:description":"Barcelona, 5 dic (EFE).- La \u00faltima colaboraci\u00f3n entre el escritor Juan Goytisolo y el artista Frederic Amat ha dado como resultado el &quot;sainete ib\u00e9rico&quot; titulado &quot;Memorias de tortuga&quot;, un cortometraje sobre la memoria hist\u00f3rica en el que el autor barcelon\u00e9s se arranca a cantar desde marchas militares a sones del caribe. Unas horas antes de","twitter:label1":"Escrito por","twitter:data1":"El Digital de Asturias","twitter:label2":"Tiempo de lectura estimado","twitter:data2":"4 minutos"},"aioseo_meta_data":{"post_id":"458471","title":null,"description":null,"keywords":null,"keyphrases":null,"primary_term":null,"canonical_url":null,"og_title":null,"og_description":null,"og_object_type":"default","og_image_type":"default","og_image_url":null,"og_image_width":null,"og_image_height":null,"og_image_custom_url":null,"og_image_custom_fields":null,"og_video":null,"og_custom_url":null,"og_article_section":null,"og_article_tags":null,"twitter_use_og":true,"twitter_card":"default","twitter_image_type":"default","twitter_image_url":null,"twitter_image_custom_url":null,"twitter_image_custom_fields":null,"twitter_title":null,"twitter_description":null,"schema":{"blockGraphs":[],"customGraphs":[],"default":{"data":{"Article":[],"Course":[],"Dataset":[],"FAQPage":[],"Movie":[],"Person":[],"Product":[],"ProductReview":[],"Car":[],"Recipe":[],"Service":[],"SoftwareApplication":[],"WebPage":[]},"graphName":"","isEnabled":true},"graphs":[],"defaultGraph":"","defaultPostTypeGraph":""},"schema_type":null,"schema_type_options":null,"pillar_content":false,"robots_default":true,"robots_noindex":false,"robots_noarchive":false,"robots_nosnippet":false,"robots_nofollow":false,"robots_noimageindex":false,"robots_noodp":false,"robots_notranslate":false,"robots_max_snippet":null,"robots_max_videopreview":null,"robots_max_imagepreview":"none","priority":null,"frequency":null,"local_seo":null,"seo_analyzer_scan_date":"2026-05-30 05:38:56","breadcrumb_settings":null,"limit_modified_date":false,"open_ai":null,"ai":null,"created":"2020-11-14 22:46:20","updated":"2026-05-30 05:38:56","focus_keyword":null,"additional_keywords":null,"truseo_locale":null},"aioseo_breadcrumb":"<div class=\"aioseo-breadcrumbs\"><span class=\"aioseo-breadcrumb\">\n\t<a href=\"https:\/\/www.eldigitaldeasturias.com\/noticias\" title=\"Home\">Home<\/a>\n<\/span><span class=\"aioseo-breadcrumb-separator\">\u2013<\/span><span class=\"aioseo-breadcrumb\">\n\t<a href=\"https:\/\/www.eldigitaldeasturias.com\/noticias\/category\/revista-de-ocio\/\" title=\"Revista de Ocio\">Revista de Ocio<\/a>\n<\/span><span class=\"aioseo-breadcrumb-separator\">\u2013<\/span><span class=\"aioseo-breadcrumb\">\n\t<a href=\"https:\/\/www.eldigitaldeasturias.com\/noticias\/juan-goytisolo-y-frederic-amat-arman-el-sainete-memorias-de-tortuga\/\" title=\"Juan Goytisolo y Frederic Amat arman el sainete \u00abMemorias de tortuga\u00bb\">Juan Goytisolo y Frederic Amat arman el sainete \u00abMemorias de tortuga\u00bb<\/a>\n<\/span><\/div>","aioseo_breadcrumb_json":[{"label":"Home","link":"https:\/\/www.eldigitaldeasturias.com\/noticias"},{"label":"Revista de Ocio","link":"https:\/\/www.eldigitaldeasturias.com\/noticias\/category\/revista-de-ocio\/"},{"label":"Juan Goytisolo y Frederic Amat arman el sainete \u00abMemorias de tortuga\u00bb","link":"https:\/\/www.eldigitaldeasturias.com\/noticias\/juan-goytisolo-y-frederic-amat-arman-el-sainete-memorias-de-tortuga\/"}],"_links":{"self":[{"href":"https:\/\/www.eldigitaldeasturias.com\/noticias\/wp-json\/wp\/v2\/posts\/458471","targetHints":{"allow":["GET"]}}],"collection":[{"href":"https:\/\/www.eldigitaldeasturias.com\/noticias\/wp-json\/wp\/v2\/posts"}],"about":[{"href":"https:\/\/www.eldigitaldeasturias.com\/noticias\/wp-json\/wp\/v2\/types\/post"}],"author":[{"embeddable":true,"href":"https:\/\/www.eldigitaldeasturias.com\/noticias\/wp-json\/wp\/v2\/users\/1"}],"replies":[{"embeddable":true,"href":"https:\/\/www.eldigitaldeasturias.com\/noticias\/wp-json\/wp\/v2\/comments?post=458471"}],"version-history":[{"count":0,"href":"https:\/\/www.eldigitaldeasturias.com\/noticias\/wp-json\/wp\/v2\/posts\/458471\/revisions"}],"wp:attachment":[{"href":"https:\/\/www.eldigitaldeasturias.com\/noticias\/wp-json\/wp\/v2\/media?parent=458471"}],"wp:term":[{"taxonomy":"category","embeddable":true,"href":"https:\/\/www.eldigitaldeasturias.com\/noticias\/wp-json\/wp\/v2\/categories?post=458471"},{"taxonomy":"post_tag","embeddable":true,"href":"https:\/\/www.eldigitaldeasturias.com\/noticias\/wp-json\/wp\/v2\/tags?post=458471"}],"curies":[{"name":"wp","href":"https:\/\/api.w.org\/{rel}","templated":true}]}}