{"id":458468,"date":"2013-12-06T00:55:51","date_gmt":"2013-12-06T01:55:51","guid":{"rendered":"http:\/\/www.eldigitaldeasturias.com\/noticias\/?p=458468"},"modified":"2013-12-06T00:55:51","modified_gmt":"2013-12-06T01:55:51","slug":"el-juez-prohibe-salir-de-espana-a-billy-el-nino-y-al-capitan-munecas","status":"publish","type":"post","link":"https:\/\/www.eldigitaldeasturias.com\/noticias\/el-juez-prohibe-salir-de-espana-a-billy-el-nino-y-al-capitan-munecas\/","title":{"rendered":"El juez proh\u00edbe salir de Espa\u00f1a a \u00abBilly el Ni\u00f1o\u00bb y al \u00abcapit\u00e1n Mu\u00f1ecas\u00bb"},"content":{"rendered":"<p><img loading=\"lazy\" decoding=\"async\" class=\"alignleft size-medium wp-image-458469\" alt=\"5774021w\" src=\"https:\/\/www.eldigitaldeasturias.com\/noticias\/wp-content\/uploads\/2013\/12\/5774021w-360x239.jpg\" width=\"360\" height=\"239\" \/>Madrid, 5 dic (EFE).- El juez Pablo Ruz ha acordado libertad provisional con comparecencias semanales, la prohibici\u00f3n de salir de Espa\u00f1a y la retirada del pasaporte para el exinspector Juan Antonio Gonz\u00e1lez Pacheco, \u00abBilly el Ni\u00f1o\u00bb, y el ex guardia civil Jes\u00fas Mu\u00f1ecas Aguilar, \u00abcapit\u00e1n Mu\u00f1ecas\u00bb, tras negarse a ser extraditados a Argentina, donde est\u00e1n reclamados por torturas en el Franquismo.<\/p>\n<p>Ruz ha adoptado esta decisi\u00f3n, a instancias del fiscal Pedro Mart\u00ednez Torrijos, en un auto en el que, adem\u00e1s de la entrega del pasaporte en las pr\u00f3ximas 24 horas y comparecencias cada semana en la Audiencia Nacional o en el tribunal m\u00e1s pr\u00f3ximo a su domicilio, les impone la obligaci\u00f3n de facilitar un tel\u00e9fono y un domicilio para poder ser localizados.<\/p>\n<p>El objeto de estas medias cautelares, seg\u00fan indica el juez en su auto, es \u00abimpedir el eventual riesgo de fuga y garantizar el control del reclamado en el presente proceso de extradici\u00f3n\u00bb.<\/p>\n<p>Adem\u00e1s tiene en cuenta Ruz la gravedad de los delitos que se les atribuyen (sancionables en Argentina con penas de entre 8 a 25 a\u00f1os de c\u00e1rcel) y la confirmaci\u00f3n de la vigencia de la orden de detenci\u00f3n cursada contra ellos por la juez argentina Mar\u00eda Servini, as\u00ed como el arraigo familiar de ambos.<\/p>\n<p>Los dos exmandos policiales, que han negado las acusaciones, salieron poco antes de las 12.30 horas de la Audiencia Nacional ocultando su rostro con bufandas.<\/p>\n<p>Cada uno ha subido a un coche de caracter\u00edsticas similares, un Renault Megane gris metalizado que en ambos casos conduc\u00eda un ch\u00f3fer, mientras que una misma persona les ha abierto la puerta trasera de su respectivos veh\u00edculos para poder abandonar la sede del tribunal.<\/p>\n<p>A \u00abBilly el Ni\u00f1o\u00bb ni siquiera se le ve\u00edan los ojos ya que, adem\u00e1s de la bufanda que le tapaba la boca y la nariz, llevaba gafas de sol y una gorra, mientras que Mu\u00f1ecas s\u00f3lo llevaba la bufanda.<\/p>\n<p>En sus respectivas comparecencias ante Ruz y el fiscal, el juez les ha informado de los hechos por los que pide su extradici\u00f3n la juez argentina Mar\u00eda Servini, que investiga una querella por cr\u00edmenes durante el Franquismo, y si aceptan ser entregados, a lo que ambos se han negado.<\/p>\n<p>Ante esta negativa, Ruz elevar\u00e1 el procedimiento a la Sala de lo Penal de la Audiencia Nacional para dirimir en una vista si procede la extradici\u00f3n. De ser admitida, el Gobierno podr\u00eda revocar esta decisi\u00f3n y denegar la entrega, pero si la Audiencia Nacional la rechaza, el Ejecutivo no tiene m\u00e1s opciones que acatar esa decisi\u00f3n.<\/p>\n<p>Los dos mandos, que hab\u00edan sido citados a partir de las 10.00 horas, han llegado con bastante antelaci\u00f3n, sobre las 08.20, por lo que no han coincidido con la veintena de personas convocadas por la coordinadora estatal de apoyo a la querella argentina contra cr\u00edmenes del franquismo (CEAQUA), que se han concentrado a las 09.30 horas frente a la Audiencia Nacional.<\/p>\n<p>\u00abQueremos memoria, queremos justicia\u00bb y \u00abtorturadores extradici\u00f3n y colaboradores a prisi\u00f3n\u00bb, eran las consignas que gritaban los manifestantes, algunos de ellos v\u00edctimas de la dictadura franquista, y a los que agentes de la Polic\u00eda Nacional han desalojado de las puertas de la Audiencia y les ha conducido hasta el final de la calle Prim con la esquina del Paseo de Recoletos donde han desplegado una pancarta con fotos de \u00abrepresaliados\u00bb del Franquismo.<\/p>\n<p>\u00abBilly el Ni\u00f1o\u00bb, de 67 a\u00f1os, est\u00e1 reclamado por un delito de torturas que habr\u00eda cometido sobre trece personas durante el tiempo en que estuvieron detenidas entre 1971 y 1975 en las c\u00e1rceles madrile\u00f1as de Yeser\u00eda y Carabanchel.<\/p>\n<p>Se trata de Jos\u00e9 Mar\u00eda Galante, Miguel \u00c1ngel G\u00f3mez \u00c1lvarez, Andoni Arrizabalaga, Antonia Hern\u00e1ndez, Francisca Villar del Sanz, Luis Su\u00e1rez, Silvia Carretero, Acacio Puig, Alfredo Rodr\u00edguez Bonilla, Antonio Chapera, Felisa Echegoyen, Francisco Jos\u00e9 Fern\u00e1ndez Segura y Jes\u00fas Rodr\u00edguez Barrio.<\/p>\n<p>Billy el Ni\u00f1o, que aparece hasta en 17 querellas del franquismo por delitos de torturas, fue citado a declarar en los procesos por el asesinato de los abogados de Atocha y en juicios relacionados con grupos paramilitares antiterroristas, as\u00ed como condenado por malos tratos, pero se benefici\u00f3 de la Ley de Amnist\u00eda de 1977.<\/p>\n<p>Mu\u00f1ecas, excapit\u00e1n de la Guardia Civil de 77 a\u00f1os, fue condenado a cinco a\u00f1os de c\u00e1rcel por rebeli\u00f3n militar y expulsado del cuerpo por su participaci\u00f3n en el golpe de Estado del 23-F de 1981, \u00fanicos hechos que ha reconocido ante Ruz en haber participado.<\/p>\n<p>La reclamaci\u00f3n contra Mu\u00f1ecas se basa en un delito de torturas contra Andoni Arrizabalaga durante el tiempo en el que estuvo arrestado en el cuartel de la Guardia Civil de Zarauz (Guip\u00fazcoa).<\/p>\n<p>Garz\u00f3n intent\u00f3 investigar sin \u00e9xito los cr\u00edmenes del Franquismo y fue juzgado por un delito de prevaricaci\u00f3n por hacerlo, aunque finalmente result\u00f3 absuelto.<\/p>\n<p>Cuando el Tribunal Supremo absolvi\u00f3 a Garz\u00f3n de prevaricaci\u00f3n, argument\u00f3 que la Ley de Amnist\u00eda de 1977 \u00abfue promulgada con el consenso total de las fuerzas pol\u00edticas\u00bb y \u00abtuvo un evidente sentido de reconciliaci\u00f3n, pues la transici\u00f3n espa\u00f1ola exigi\u00f3 que todas las fuerzas pol\u00edticas cedieran algo en sus diferentes posturas\u00bb.<\/p>\n<p>Se da la circunstancia de que el juez Pablo Ruz ocupa actualmente el Juzgado 5 de la Audiencia Nacional, que en el pasado tuvo como titular a Baltasar Garz\u00f3n, quien fue inhabilitado por las escuchas en prisi\u00f3n entre abogados y detenidos del caso G\u00fcrtel.<\/p>\n","protected":false},"excerpt":{"rendered":"<p>Madrid, 5 dic (EFE).- El juez Pablo Ruz ha acordado libertad provisional con comparecencias semanales, la prohibici\u00f3n de salir de Espa\u00f1a y la retirada del pasaporte para el exinspector Juan Antonio Gonz\u00e1lez Pacheco, \u00abBilly el Ni\u00f1o\u00bb, y el ex guardia civil Jes\u00fas Mu\u00f1ecas Aguilar, \u00abcapit\u00e1n Mu\u00f1ecas\u00bb, tras negarse a ser extraditados a Argentina, donde est\u00e1n [&hellip;]<\/p>\n","protected":false},"author":1,"featured_media":458469,"comment_status":"closed","ping_status":"open","sticky":false,"template":"","format":"standard","meta":{"footnotes":""},"categories":[5],"tags":[],"class_list":["post-458468","post","type-post","status-publish","format-standard","has-post-thumbnail","hentry","category-sucesos"],"aioseo_notices":[],"aioseo_head":"\n\t\t<!-- All in One SEO Pro 5.0.1 - aioseo.com -->\n\t<meta name=\"description\" content=\"Madrid, 5 dic (EFE).- El juez Pablo Ruz ha acordado libertad provisional con comparecencias semanales, la prohibici\u00f3n de salir de Espa\u00f1a y la retirada del pasaporte para el exinspector Juan Antonio Gonz\u00e1lez Pacheco, &quot;Billy el Ni\u00f1o&quot;, y el ex guardia civil Jes\u00fas Mu\u00f1ecas Aguilar, &quot;capit\u00e1n Mu\u00f1ecas&quot;, tras negarse a ser extraditados a Argentina, donde est\u00e1n\" \/>\n\t<meta name=\"robots\" content=\"max-image-preview:large\" \/>\n\t<meta name=\"author\" content=\"El Digital de Asturias\"\/>\n\t<meta name=\"google-site-verification\" content=\"UA-38556648-1\" \/>\n\t<meta name=\"msvalidate.01\" content=\"7dfe9f3f1b24437ab69f4f2559babe99\" \/>\n\t<meta name=\"keywords\" content=\"sucesos\" \/>\n\t<link rel=\"canonical\" href=\"https:\/\/www.eldigitaldeasturias.com\/noticias\/el-juez-prohibe-salir-de-espana-a-billy-el-nino-y-al-capitan-munecas\/\" \/>\n\t<meta name=\"generator\" content=\"All in One SEO Pro (AIOSEO) 5.0.1\" \/>\n\t\t<meta property=\"og:locale\" content=\"es_ES\" \/>\n\t\t<meta property=\"og:site_name\" content=\"El Digital de Asturias\" \/>\n\t\t<meta property=\"og:type\" content=\"article\" \/>\n\t\t<meta property=\"og:title\" content=\"El juez proh\u00edbe salir de Espa\u00f1a a \u00abBilly el Ni\u00f1o\u00bb y al \u00abcapit\u00e1n Mu\u00f1ecas\u00bb - El Digital de Asturias\" \/>\n\t\t<meta property=\"og:description\" content=\"Madrid, 5 dic (EFE).- El juez Pablo Ruz ha acordado libertad provisional con comparecencias semanales, la prohibici\u00f3n de salir de Espa\u00f1a y la retirada del pasaporte para el exinspector Juan Antonio Gonz\u00e1lez Pacheco, &quot;Billy el Ni\u00f1o&quot;, y el ex guardia civil Jes\u00fas Mu\u00f1ecas Aguilar, &quot;capit\u00e1n Mu\u00f1ecas&quot;, tras negarse a ser extraditados a Argentina, donde est\u00e1n\" \/>\n\t\t<meta property=\"og:url\" content=\"https:\/\/www.eldigitaldeasturias.com\/noticias\/el-juez-prohibe-salir-de-espana-a-billy-el-nino-y-al-capitan-munecas\/\" \/>\n\t\t<meta property=\"article:tag\" content=\"sucesos\" \/>\n\t\t<meta property=\"article:published_time\" content=\"2013-12-06T01:55:51+00:00\" \/>\n\t\t<meta property=\"article:modified_time\" content=\"2013-12-06T01:55:51+00:00\" \/>\n\t\t<meta property=\"article:publisher\" content=\"https:\/\/facebook.com\/eldigitaldeasturias\" \/>\n\t\t<meta name=\"twitter:card\" content=\"summary_large_image\" \/>\n\t\t<meta name=\"twitter:title\" content=\"El juez proh\u00edbe salir de Espa\u00f1a a \u00abBilly el Ni\u00f1o\u00bb y al \u00abcapit\u00e1n Mu\u00f1ecas\u00bb - El Digital de Asturias\" \/>\n\t\t<meta name=\"twitter:description\" content=\"Madrid, 5 dic (EFE).- El juez Pablo Ruz ha acordado libertad provisional con comparecencias semanales, la prohibici\u00f3n de salir de Espa\u00f1a y la retirada del pasaporte para el exinspector Juan Antonio Gonz\u00e1lez Pacheco, &quot;Billy el Ni\u00f1o&quot;, y el ex guardia civil Jes\u00fas Mu\u00f1ecas Aguilar, &quot;capit\u00e1n Mu\u00f1ecas&quot;, tras negarse a ser extraditados a Argentina, donde est\u00e1n\" \/>\n\t\t<meta name=\"twitter:label1\" content=\"Escrito por\" \/>\n\t\t<meta name=\"twitter:data1\" content=\"El Digital de Asturias\" \/>\n\t\t<meta name=\"twitter:label2\" content=\"Tiempo de lectura estimado\" \/>\n\t\t<meta name=\"twitter:data2\" content=\"5 minutos\" \/>\n\t\t<script type=\"application\/ld+json\" class=\"aioseo-schema\">\n\t\t\t{\"@context\":\"https:\\\/\\\/schema.org\",\"@graph\":[{\"@type\":\"BlogPosting\",\"@id\":\"https:\\\/\\\/www.eldigitaldeasturias.com\\\/noticias\\\/el-juez-prohibe-salir-de-espana-a-billy-el-nino-y-al-capitan-munecas\\\/#blogposting\",\"name\":\"El juez proh\\u00edbe salir de Espa\\u00f1a a \\u00abBilly el Ni\\u00f1o\\u00bb y al \\u00abcapit\\u00e1n Mu\\u00f1ecas\\u00bb - El Digital de Asturias\",\"headline\":\"El juez proh\\u00edbe salir de Espa\\u00f1a a \\u00abBilly el Ni\\u00f1o\\u00bb y al \\u00abcapit\\u00e1n Mu\\u00f1ecas\\u00bb\",\"author\":{\"@id\":\"https:\\\/\\\/www.eldigitaldeasturias.com\\\/noticias\\\/author\\\/admin\\\/#author\"},\"publisher\":{\"@id\":\"https:\\\/\\\/www.eldigitaldeasturias.com\\\/noticias\\\/#organization\"},\"image\":{\"@type\":\"ImageObject\",\"url\":458469},\"datePublished\":\"2013-12-06T00:55:51+01:00\",\"dateModified\":\"2013-12-06T00:55:51+01:00\",\"inLanguage\":\"es-ES\",\"mainEntityOfPage\":{\"@id\":\"https:\\\/\\\/www.eldigitaldeasturias.com\\\/noticias\\\/el-juez-prohibe-salir-de-espana-a-billy-el-nino-y-al-capitan-munecas\\\/#webpage\"},\"isPartOf\":{\"@id\":\"https:\\\/\\\/www.eldigitaldeasturias.com\\\/noticias\\\/el-juez-prohibe-salir-de-espana-a-billy-el-nino-y-al-capitan-munecas\\\/#webpage\"},\"articleSection\":\"Sucesos\"},{\"@type\":\"BreadcrumbList\",\"@id\":\"https:\\\/\\\/www.eldigitaldeasturias.com\\\/noticias\\\/el-juez-prohibe-salir-de-espana-a-billy-el-nino-y-al-capitan-munecas\\\/#breadcrumblist\",\"itemListElement\":[{\"@type\":\"ListItem\",\"@id\":\"https:\\\/\\\/www.eldigitaldeasturias.com\\\/noticias#listItem\",\"position\":1,\"name\":\"Home\",\"item\":\"https:\\\/\\\/www.eldigitaldeasturias.com\\\/noticias\",\"nextItem\":{\"@type\":\"ListItem\",\"@id\":\"https:\\\/\\\/www.eldigitaldeasturias.com\\\/noticias\\\/category\\\/sucesos\\\/#listItem\",\"name\":\"Sucesos\"}},{\"@type\":\"ListItem\",\"@id\":\"https:\\\/\\\/www.eldigitaldeasturias.com\\\/noticias\\\/category\\\/sucesos\\\/#listItem\",\"position\":2,\"name\":\"Sucesos\",\"item\":\"https:\\\/\\\/www.eldigitaldeasturias.com\\\/noticias\\\/category\\\/sucesos\\\/\",\"nextItem\":{\"@type\":\"ListItem\",\"@id\":\"https:\\\/\\\/www.eldigitaldeasturias.com\\\/noticias\\\/el-juez-prohibe-salir-de-espana-a-billy-el-nino-y-al-capitan-munecas\\\/#listItem\",\"name\":\"El juez proh\\u00edbe salir de Espa\\u00f1a a \\u00abBilly el Ni\\u00f1o\\u00bb y al \\u00abcapit\\u00e1n Mu\\u00f1ecas\\u00bb\"},\"previousItem\":{\"@type\":\"ListItem\",\"@id\":\"https:\\\/\\\/www.eldigitaldeasturias.com\\\/noticias#listItem\",\"name\":\"Home\"}},{\"@type\":\"ListItem\",\"@id\":\"https:\\\/\\\/www.eldigitaldeasturias.com\\\/noticias\\\/el-juez-prohibe-salir-de-espana-a-billy-el-nino-y-al-capitan-munecas\\\/#listItem\",\"position\":3,\"name\":\"El juez proh\\u00edbe salir de Espa\\u00f1a a \\u00abBilly el Ni\\u00f1o\\u00bb y al \\u00abcapit\\u00e1n Mu\\u00f1ecas\\u00bb\",\"previousItem\":{\"@type\":\"ListItem\",\"@id\":\"https:\\\/\\\/www.eldigitaldeasturias.com\\\/noticias\\\/category\\\/sucesos\\\/#listItem\",\"name\":\"Sucesos\"}}]},{\"@type\":\"Organization\",\"@id\":\"https:\\\/\\\/www.eldigitaldeasturias.com\\\/noticias\\\/#organization\",\"name\":\"El Digital de Asturias\",\"description\":\"Hemeroteca\",\"url\":\"https:\\\/\\\/www.eldigitaldeasturias.com\\\/noticias\\\/\",\"email\":\"info@eldigitaldeasturias.com\",\"telephone\":\"+34652131393\",\"logo\":{\"@type\":\"ImageObject\",\"url\":\"https:\\\/\\\/www.eldigitaldeasturias.com\\\/noticias\\\/wp-content\\\/uploads\\\/2020\\\/12\\\/EDA.jpg\",\"@id\":\"https:\\\/\\\/www.eldigitaldeasturias.com\\\/noticias\\\/el-juez-prohibe-salir-de-espana-a-billy-el-nino-y-al-capitan-munecas\\\/#organizationLogo\"},\"image\":{\"@id\":\"https:\\\/\\\/www.eldigitaldeasturias.com\\\/noticias\\\/el-juez-prohibe-salir-de-espana-a-billy-el-nino-y-al-capitan-munecas\\\/#organizationLogo\"},\"sameAs\":[\"https:\\\/\\\/facebook.com\\\/eldigitaldeasturias\",\"https:\\\/\\\/www.youtube.com\\\/channel\\\/UCZP-2wLEB9Rv6erhFmqVnvg\"],\"address\":{\"@id\":\"https:\\\/\\\/www.eldigitaldeasturias.com\\\/noticias\\\/#postaladdress\",\"@type\":\"PostalAddress\",\"streetAddress\":\"san antonio 4\",\"postalCode\":\"33430\",\"addressLocality\":\"Cand\\u00e1s\",\"addressRegion\":\"Asturias\",\"addressCountry\":\"ES\"}},{\"@type\":\"Person\",\"@id\":\"https:\\\/\\\/www.eldigitaldeasturias.com\\\/noticias\\\/author\\\/admin\\\/#author\",\"url\":\"https:\\\/\\\/www.eldigitaldeasturias.com\\\/noticias\\\/author\\\/admin\\\/\",\"name\":\"El Digital de Asturias\",\"image\":{\"@type\":\"ImageObject\",\"@id\":\"https:\\\/\\\/www.eldigitaldeasturias.com\\\/noticias\\\/el-juez-prohibe-salir-de-espana-a-billy-el-nino-y-al-capitan-munecas\\\/#authorImage\",\"url\":\"https:\\\/\\\/secure.gravatar.com\\\/avatar\\\/df2aeffc32bcd13f8d26072ef8a91b623d677766deac7f97ca815868cd41bf5e?s=96&d=mm&r=g\",\"width\":96,\"height\":96,\"caption\":\"El Digital de Asturias\"}},{\"@type\":\"WebPage\",\"@id\":\"https:\\\/\\\/www.eldigitaldeasturias.com\\\/noticias\\\/el-juez-prohibe-salir-de-espana-a-billy-el-nino-y-al-capitan-munecas\\\/#webpage\",\"url\":\"https:\\\/\\\/www.eldigitaldeasturias.com\\\/noticias\\\/el-juez-prohibe-salir-de-espana-a-billy-el-nino-y-al-capitan-munecas\\\/\",\"name\":\"El juez proh\\u00edbe salir de Espa\\u00f1a a \\u00abBilly el Ni\\u00f1o\\u00bb y al \\u00abcapit\\u00e1n Mu\\u00f1ecas\\u00bb - El Digital de Asturias\",\"description\":\"Madrid, 5 dic (EFE).- El juez Pablo Ruz ha acordado libertad provisional con comparecencias semanales, la prohibici\\u00f3n de salir de Espa\\u00f1a y la retirada del pasaporte para el exinspector Juan Antonio Gonz\\u00e1lez Pacheco, \\\"Billy el Ni\\u00f1o\\\", y el ex guardia civil Jes\\u00fas Mu\\u00f1ecas Aguilar, \\\"capit\\u00e1n Mu\\u00f1ecas\\\", tras negarse a ser extraditados a Argentina, donde est\\u00e1n\",\"inLanguage\":\"es-ES\",\"isPartOf\":{\"@id\":\"https:\\\/\\\/www.eldigitaldeasturias.com\\\/noticias\\\/#website\"},\"breadcrumb\":{\"@id\":\"https:\\\/\\\/www.eldigitaldeasturias.com\\\/noticias\\\/el-juez-prohibe-salir-de-espana-a-billy-el-nino-y-al-capitan-munecas\\\/#breadcrumblist\"},\"author\":{\"@id\":\"https:\\\/\\\/www.eldigitaldeasturias.com\\\/noticias\\\/author\\\/admin\\\/#author\"},\"creator\":{\"@id\":\"https:\\\/\\\/www.eldigitaldeasturias.com\\\/noticias\\\/author\\\/admin\\\/#author\"},\"image\":{\"@type\":\"ImageObject\",\"url\":458469,\"@id\":\"https:\\\/\\\/www.eldigitaldeasturias.com\\\/noticias\\\/el-juez-prohibe-salir-de-espana-a-billy-el-nino-y-al-capitan-munecas\\\/#mainImage\"},\"primaryImageOfPage\":{\"@id\":\"https:\\\/\\\/www.eldigitaldeasturias.com\\\/noticias\\\/el-juez-prohibe-salir-de-espana-a-billy-el-nino-y-al-capitan-munecas\\\/#mainImage\"},\"datePublished\":\"2013-12-06T00:55:51+01:00\",\"dateModified\":\"2013-12-06T00:55:51+01:00\"},{\"@type\":\"WebSite\",\"@id\":\"https:\\\/\\\/www.eldigitaldeasturias.com\\\/noticias\\\/#website\",\"url\":\"https:\\\/\\\/www.eldigitaldeasturias.com\\\/noticias\\\/\",\"name\":\"El Digital de Asturias - Diario de actualidad y noticias\",\"alternateName\":\"El Digital de Asturias - Diario de actualidad y noticias\",\"description\":\"Hemeroteca\",\"inLanguage\":\"es-ES\",\"publisher\":{\"@id\":\"https:\\\/\\\/www.eldigitaldeasturias.com\\\/noticias\\\/#organization\"}}]}\n\t\t<\/script>\n\t\t<!-- All in One SEO Pro -->\r\n\t\t<title>El juez proh\u00edbe salir de Espa\u00f1a a \u00abBilly el Ni\u00f1o\u00bb y al \u00abcapit\u00e1n Mu\u00f1ecas\u00bb - El Digital de Asturias<\/title>\n\n","aioseo_head_json":{"title":"El juez proh\u00edbe salir de Espa\u00f1a a \u00abBilly el Ni\u00f1o\u00bb y al \u00abcapit\u00e1n Mu\u00f1ecas\u00bb - El Digital de Asturias","description":"Madrid, 5 dic (EFE).- El juez Pablo Ruz ha acordado libertad provisional con comparecencias semanales, la prohibici\u00f3n de salir de Espa\u00f1a y la retirada del pasaporte para el exinspector Juan Antonio Gonz\u00e1lez Pacheco, \"Billy el Ni\u00f1o\", y el ex guardia civil Jes\u00fas Mu\u00f1ecas Aguilar, \"capit\u00e1n Mu\u00f1ecas\", tras negarse a ser extraditados a Argentina, donde est\u00e1n","canonical_url":"https:\/\/www.eldigitaldeasturias.com\/noticias\/el-juez-prohibe-salir-de-espana-a-billy-el-nino-y-al-capitan-munecas\/","robots":"max-image-preview:large","keywords":"sucesos","webmasterTools":{"google-site-verification":"UA-38556648-1","msvalidate.01":"7dfe9f3f1b24437ab69f4f2559babe99","miscellaneous":""},"schema":{"@context":"https:\/\/schema.org","@graph":[{"@type":"BlogPosting","@id":"https:\/\/www.eldigitaldeasturias.com\/noticias\/el-juez-prohibe-salir-de-espana-a-billy-el-nino-y-al-capitan-munecas\/#blogposting","name":"El juez proh\u00edbe salir de Espa\u00f1a a \u00abBilly el Ni\u00f1o\u00bb y al \u00abcapit\u00e1n Mu\u00f1ecas\u00bb - El Digital de Asturias","headline":"El juez proh\u00edbe salir de Espa\u00f1a a \u00abBilly el Ni\u00f1o\u00bb y al \u00abcapit\u00e1n Mu\u00f1ecas\u00bb","author":{"@id":"https:\/\/www.eldigitaldeasturias.com\/noticias\/author\/admin\/#author"},"publisher":{"@id":"https:\/\/www.eldigitaldeasturias.com\/noticias\/#organization"},"image":{"@type":"ImageObject","url":458469},"datePublished":"2013-12-06T00:55:51+01:00","dateModified":"2013-12-06T00:55:51+01:00","inLanguage":"es-ES","mainEntityOfPage":{"@id":"https:\/\/www.eldigitaldeasturias.com\/noticias\/el-juez-prohibe-salir-de-espana-a-billy-el-nino-y-al-capitan-munecas\/#webpage"},"isPartOf":{"@id":"https:\/\/www.eldigitaldeasturias.com\/noticias\/el-juez-prohibe-salir-de-espana-a-billy-el-nino-y-al-capitan-munecas\/#webpage"},"articleSection":"Sucesos"},{"@type":"BreadcrumbList","@id":"https:\/\/www.eldigitaldeasturias.com\/noticias\/el-juez-prohibe-salir-de-espana-a-billy-el-nino-y-al-capitan-munecas\/#breadcrumblist","itemListElement":[{"@type":"ListItem","@id":"https:\/\/www.eldigitaldeasturias.com\/noticias#listItem","position":1,"name":"Home","item":"https:\/\/www.eldigitaldeasturias.com\/noticias","nextItem":{"@type":"ListItem","@id":"https:\/\/www.eldigitaldeasturias.com\/noticias\/category\/sucesos\/#listItem","name":"Sucesos"}},{"@type":"ListItem","@id":"https:\/\/www.eldigitaldeasturias.com\/noticias\/category\/sucesos\/#listItem","position":2,"name":"Sucesos","item":"https:\/\/www.eldigitaldeasturias.com\/noticias\/category\/sucesos\/","nextItem":{"@type":"ListItem","@id":"https:\/\/www.eldigitaldeasturias.com\/noticias\/el-juez-prohibe-salir-de-espana-a-billy-el-nino-y-al-capitan-munecas\/#listItem","name":"El juez proh\u00edbe salir de Espa\u00f1a a \u00abBilly el Ni\u00f1o\u00bb y al \u00abcapit\u00e1n Mu\u00f1ecas\u00bb"},"previousItem":{"@type":"ListItem","@id":"https:\/\/www.eldigitaldeasturias.com\/noticias#listItem","name":"Home"}},{"@type":"ListItem","@id":"https:\/\/www.eldigitaldeasturias.com\/noticias\/el-juez-prohibe-salir-de-espana-a-billy-el-nino-y-al-capitan-munecas\/#listItem","position":3,"name":"El juez proh\u00edbe salir de Espa\u00f1a a \u00abBilly el Ni\u00f1o\u00bb y al \u00abcapit\u00e1n Mu\u00f1ecas\u00bb","previousItem":{"@type":"ListItem","@id":"https:\/\/www.eldigitaldeasturias.com\/noticias\/category\/sucesos\/#listItem","name":"Sucesos"}}]},{"@type":"Organization","@id":"https:\/\/www.eldigitaldeasturias.com\/noticias\/#organization","name":"El Digital de Asturias","description":"Hemeroteca","url":"https:\/\/www.eldigitaldeasturias.com\/noticias\/","email":"info@eldigitaldeasturias.com","telephone":"+34652131393","logo":{"@type":"ImageObject","url":"https:\/\/www.eldigitaldeasturias.com\/noticias\/wp-content\/uploads\/2020\/12\/EDA.jpg","@id":"https:\/\/www.eldigitaldeasturias.com\/noticias\/el-juez-prohibe-salir-de-espana-a-billy-el-nino-y-al-capitan-munecas\/#organizationLogo"},"image":{"@id":"https:\/\/www.eldigitaldeasturias.com\/noticias\/el-juez-prohibe-salir-de-espana-a-billy-el-nino-y-al-capitan-munecas\/#organizationLogo"},"sameAs":["https:\/\/facebook.com\/eldigitaldeasturias","https:\/\/www.youtube.com\/channel\/UCZP-2wLEB9Rv6erhFmqVnvg"],"address":{"@id":"https:\/\/www.eldigitaldeasturias.com\/noticias\/#postaladdress","@type":"PostalAddress","streetAddress":"san antonio 4","postalCode":"33430","addressLocality":"Cand\u00e1s","addressRegion":"Asturias","addressCountry":"ES"}},{"@type":"Person","@id":"https:\/\/www.eldigitaldeasturias.com\/noticias\/author\/admin\/#author","url":"https:\/\/www.eldigitaldeasturias.com\/noticias\/author\/admin\/","name":"El Digital de Asturias","image":{"@type":"ImageObject","@id":"https:\/\/www.eldigitaldeasturias.com\/noticias\/el-juez-prohibe-salir-de-espana-a-billy-el-nino-y-al-capitan-munecas\/#authorImage","url":"https:\/\/secure.gravatar.com\/avatar\/df2aeffc32bcd13f8d26072ef8a91b623d677766deac7f97ca815868cd41bf5e?s=96&d=mm&r=g","width":96,"height":96,"caption":"El Digital de Asturias"}},{"@type":"WebPage","@id":"https:\/\/www.eldigitaldeasturias.com\/noticias\/el-juez-prohibe-salir-de-espana-a-billy-el-nino-y-al-capitan-munecas\/#webpage","url":"https:\/\/www.eldigitaldeasturias.com\/noticias\/el-juez-prohibe-salir-de-espana-a-billy-el-nino-y-al-capitan-munecas\/","name":"El juez proh\u00edbe salir de Espa\u00f1a a \u00abBilly el Ni\u00f1o\u00bb y al \u00abcapit\u00e1n Mu\u00f1ecas\u00bb - El Digital de Asturias","description":"Madrid, 5 dic (EFE).- El juez Pablo Ruz ha acordado libertad provisional con comparecencias semanales, la prohibici\u00f3n de salir de Espa\u00f1a y la retirada del pasaporte para el exinspector Juan Antonio Gonz\u00e1lez Pacheco, \"Billy el Ni\u00f1o\", y el ex guardia civil Jes\u00fas Mu\u00f1ecas Aguilar, \"capit\u00e1n Mu\u00f1ecas\", tras negarse a ser extraditados a Argentina, donde est\u00e1n","inLanguage":"es-ES","isPartOf":{"@id":"https:\/\/www.eldigitaldeasturias.com\/noticias\/#website"},"breadcrumb":{"@id":"https:\/\/www.eldigitaldeasturias.com\/noticias\/el-juez-prohibe-salir-de-espana-a-billy-el-nino-y-al-capitan-munecas\/#breadcrumblist"},"author":{"@id":"https:\/\/www.eldigitaldeasturias.com\/noticias\/author\/admin\/#author"},"creator":{"@id":"https:\/\/www.eldigitaldeasturias.com\/noticias\/author\/admin\/#author"},"image":{"@type":"ImageObject","url":458469,"@id":"https:\/\/www.eldigitaldeasturias.com\/noticias\/el-juez-prohibe-salir-de-espana-a-billy-el-nino-y-al-capitan-munecas\/#mainImage"},"primaryImageOfPage":{"@id":"https:\/\/www.eldigitaldeasturias.com\/noticias\/el-juez-prohibe-salir-de-espana-a-billy-el-nino-y-al-capitan-munecas\/#mainImage"},"datePublished":"2013-12-06T00:55:51+01:00","dateModified":"2013-12-06T00:55:51+01:00"},{"@type":"WebSite","@id":"https:\/\/www.eldigitaldeasturias.com\/noticias\/#website","url":"https:\/\/www.eldigitaldeasturias.com\/noticias\/","name":"El Digital de Asturias - Diario de actualidad y noticias","alternateName":"El Digital de Asturias - Diario de actualidad y noticias","description":"Hemeroteca","inLanguage":"es-ES","publisher":{"@id":"https:\/\/www.eldigitaldeasturias.com\/noticias\/#organization"}}]},"og:locale":"es_ES","og:site_name":"El Digital de Asturias","og:type":"article","og:title":"El juez proh\u00edbe salir de Espa\u00f1a a \u00abBilly el Ni\u00f1o\u00bb y al \u00abcapit\u00e1n Mu\u00f1ecas\u00bb - El Digital de Asturias","og:description":"Madrid, 5 dic (EFE).- El juez Pablo Ruz ha acordado libertad provisional con comparecencias semanales, la prohibici\u00f3n de salir de Espa\u00f1a y la retirada del pasaporte para el exinspector Juan Antonio Gonz\u00e1lez Pacheco, &quot;Billy el Ni\u00f1o&quot;, y el ex guardia civil Jes\u00fas Mu\u00f1ecas Aguilar, &quot;capit\u00e1n Mu\u00f1ecas&quot;, tras negarse a ser extraditados a Argentina, donde est\u00e1n","og:url":"https:\/\/www.eldigitaldeasturias.com\/noticias\/el-juez-prohibe-salir-de-espana-a-billy-el-nino-y-al-capitan-munecas\/","article:tag":["sucesos"],"article:published_time":"2013-12-06T01:55:51+00:00","article:modified_time":"2013-12-06T01:55:51+00:00","article:publisher":"https:\/\/facebook.com\/eldigitaldeasturias","twitter:card":"summary_large_image","twitter:title":"El juez proh\u00edbe salir de Espa\u00f1a a \u00abBilly el Ni\u00f1o\u00bb y al \u00abcapit\u00e1n Mu\u00f1ecas\u00bb - El Digital de Asturias","twitter:description":"Madrid, 5 dic (EFE).- El juez Pablo Ruz ha acordado libertad provisional con comparecencias semanales, la prohibici\u00f3n de salir de Espa\u00f1a y la retirada del pasaporte para el exinspector Juan Antonio Gonz\u00e1lez Pacheco, &quot;Billy el Ni\u00f1o&quot;, y el ex guardia civil Jes\u00fas Mu\u00f1ecas Aguilar, &quot;capit\u00e1n Mu\u00f1ecas&quot;, tras negarse a ser extraditados a Argentina, donde est\u00e1n","twitter:label1":"Escrito por","twitter:data1":"El Digital de Asturias","twitter:label2":"Tiempo de lectura estimado","twitter:data2":"5 minutos"},"aioseo_meta_data":{"post_id":"458468","title":null,"description":null,"keywords":null,"keyphrases":null,"primary_term":null,"canonical_url":null,"og_title":null,"og_description":null,"og_object_type":"default","og_image_type":"default","og_image_url":null,"og_image_width":null,"og_image_height":null,"og_image_custom_url":null,"og_image_custom_fields":null,"og_video":null,"og_custom_url":null,"og_article_section":null,"og_article_tags":null,"twitter_use_og":true,"twitter_card":"default","twitter_image_type":"default","twitter_image_url":null,"twitter_image_custom_url":null,"twitter_image_custom_fields":null,"twitter_title":null,"twitter_description":null,"schema":{"blockGraphs":[],"customGraphs":[],"default":{"data":{"Article":[],"Course":[],"Dataset":[],"FAQPage":[],"Movie":[],"Person":[],"Product":[],"ProductReview":[],"Car":[],"Recipe":[],"Service":[],"SoftwareApplication":[],"WebPage":[]},"graphName":"","isEnabled":true},"graphs":[],"defaultGraph":"","defaultPostTypeGraph":""},"schema_type":null,"schema_type_options":null,"pillar_content":false,"robots_default":true,"robots_noindex":false,"robots_noarchive":false,"robots_nosnippet":false,"robots_nofollow":false,"robots_noimageindex":false,"robots_noodp":false,"robots_notranslate":false,"robots_max_snippet":null,"robots_max_videopreview":null,"robots_max_imagepreview":"none","priority":null,"frequency":null,"local_seo":null,"seo_analyzer_scan_date":"2026-05-30 05:38:55","breadcrumb_settings":null,"limit_modified_date":false,"open_ai":null,"ai":null,"created":"2020-11-14 22:46:20","updated":"2026-05-30 05:38:55","focus_keyword":null,"additional_keywords":null,"truseo_locale":null},"aioseo_breadcrumb":"<div class=\"aioseo-breadcrumbs\"><span class=\"aioseo-breadcrumb\">\n\t<a href=\"https:\/\/www.eldigitaldeasturias.com\/noticias\" title=\"Home\">Home<\/a>\n<\/span><span class=\"aioseo-breadcrumb-separator\">\u2013<\/span><span class=\"aioseo-breadcrumb\">\n\t<a href=\"https:\/\/www.eldigitaldeasturias.com\/noticias\/category\/sucesos\/\" title=\"Sucesos\">Sucesos<\/a>\n<\/span><span class=\"aioseo-breadcrumb-separator\">\u2013<\/span><span class=\"aioseo-breadcrumb\">\n\t<a href=\"https:\/\/www.eldigitaldeasturias.com\/noticias\/el-juez-prohibe-salir-de-espana-a-billy-el-nino-y-al-capitan-munecas\/\" title=\"El juez proh\u00edbe salir de Espa\u00f1a a \u00abBilly el Ni\u00f1o\u00bb y al \u00abcapit\u00e1n Mu\u00f1ecas\u00bb\">El juez proh\u00edbe salir de Espa\u00f1a a \u00abBilly el Ni\u00f1o\u00bb y al \u00abcapit\u00e1n Mu\u00f1ecas\u00bb<\/a>\n<\/span><\/div>","aioseo_breadcrumb_json":[{"label":"Home","link":"https:\/\/www.eldigitaldeasturias.com\/noticias"},{"label":"Sucesos","link":"https:\/\/www.eldigitaldeasturias.com\/noticias\/category\/sucesos\/"},{"label":"El juez proh\u00edbe salir de Espa\u00f1a a \u00abBilly el Ni\u00f1o\u00bb y al \u00abcapit\u00e1n Mu\u00f1ecas\u00bb","link":"https:\/\/www.eldigitaldeasturias.com\/noticias\/el-juez-prohibe-salir-de-espana-a-billy-el-nino-y-al-capitan-munecas\/"}],"_links":{"self":[{"href":"https:\/\/www.eldigitaldeasturias.com\/noticias\/wp-json\/wp\/v2\/posts\/458468","targetHints":{"allow":["GET"]}}],"collection":[{"href":"https:\/\/www.eldigitaldeasturias.com\/noticias\/wp-json\/wp\/v2\/posts"}],"about":[{"href":"https:\/\/www.eldigitaldeasturias.com\/noticias\/wp-json\/wp\/v2\/types\/post"}],"author":[{"embeddable":true,"href":"https:\/\/www.eldigitaldeasturias.com\/noticias\/wp-json\/wp\/v2\/users\/1"}],"replies":[{"embeddable":true,"href":"https:\/\/www.eldigitaldeasturias.com\/noticias\/wp-json\/wp\/v2\/comments?post=458468"}],"version-history":[{"count":0,"href":"https:\/\/www.eldigitaldeasturias.com\/noticias\/wp-json\/wp\/v2\/posts\/458468\/revisions"}],"wp:attachment":[{"href":"https:\/\/www.eldigitaldeasturias.com\/noticias\/wp-json\/wp\/v2\/media?parent=458468"}],"wp:term":[{"taxonomy":"category","embeddable":true,"href":"https:\/\/www.eldigitaldeasturias.com\/noticias\/wp-json\/wp\/v2\/categories?post=458468"},{"taxonomy":"post_tag","embeddable":true,"href":"https:\/\/www.eldigitaldeasturias.com\/noticias\/wp-json\/wp\/v2\/tags?post=458468"}],"curies":[{"name":"wp","href":"https:\/\/api.w.org\/{rel}","templated":true}]}}