{"id":458447,"date":"2013-12-06T00:41:03","date_gmt":"2013-12-06T01:41:03","guid":{"rendered":"http:\/\/www.eldigitaldeasturias.com\/noticias\/?p=458447"},"modified":"2013-12-06T00:41:03","modified_gmt":"2013-12-06T01:41:03","slug":"el-papa-francisco-nueva-figura-en-el-museo-de-cera-de-roma","status":"publish","type":"post","link":"https:\/\/www.eldigitaldeasturias.com\/noticias\/el-papa-francisco-nueva-figura-en-el-museo-de-cera-de-roma\/","title":{"rendered":"El papa Francisco, nueva figura en el Museo de Cera de Roma"},"content":{"rendered":"<p><img loading=\"lazy\" decoding=\"async\" class=\"alignleft size-medium wp-image-458448\" alt=\"5774571w\" src=\"https:\/\/www.eldigitaldeasturias.com\/noticias\/wp-content\/uploads\/2013\/12\/5774571w-360x245.jpg\" width=\"360\" height=\"245\" \/>Roma, 5 dic (EFE).- El papa Francisco ser\u00e1 el nuevo reclamo en el Museo de Cera de Roma, que colocar\u00e1 su figura a partir del domingo en el espacio reservado para los pont\u00edfices.<\/p>\n<p>El director del Museo, Fernando Canini, explic\u00f3 hoy a Efe que Francisco aparecer\u00e1 con el brazo derecho levemente alzado, ataviado con un sencillo h\u00e1bito blanco y portando sus caracter\u00edsticas gafas, a imitaci\u00f3n de su aspecto la primera vez que sali\u00f3 al balc\u00f3n de San Pedro cuando se present\u00f3 ante el mundo como el reci\u00e9n elegido nuevo papa.<\/p>\n<p>Nueve meses despu\u00e9s de su elecci\u00f3n, la figura de Francisco acompa\u00f1ar\u00e1 a las de los \u00faltimos cinco papas en la historia de la Iglesia cat\u00f3lica y estar\u00e1 colocada junto a la del papa em\u00e9rito Benedicto XVI.<\/p>\n<p>Canini detall\u00f3 que la figura ha sido realizada en menos de tres meses por los maestros del museo junto a un escultor y un experto en efectos especiales, que se encarg\u00f3 del tratamiento de la cera siliconada, material del que est\u00e1 hecha la estatua.<\/p>\n<p>\u00abObviamente a diferencia de con otras celebridades, no hemos podido tomar medidas al papa Francisco pero hemos intentado que sus dimensiones fueran lo m\u00e1s reales posibles. La altura de la estatua es de 1,79 cm\u00bb, afirma Canini.<\/p>\n<p>El tir\u00f3n popular del que goza el papa argentino puede servir como reclamo para aumentar las visitas al Museo de Cera de Roma, en especial para los turistas que no alcancen a verlo en persona y lo quieran observar de cerca.<\/p>\n","protected":false},"excerpt":{"rendered":"<p>Roma, 5 dic (EFE).- El papa Francisco ser\u00e1 el nuevo reclamo en el Museo de Cera de Roma, que colocar\u00e1 su figura a partir del domingo en el espacio reservado para los pont\u00edfices. El director del Museo, Fernando Canini, explic\u00f3 hoy a Efe que Francisco aparecer\u00e1 con el brazo derecho levemente alzado, ataviado con un [&hellip;]<\/p>\n","protected":false},"author":1,"featured_media":458448,"comment_status":"closed","ping_status":"open","sticky":false,"template":"","format":"standard","meta":{"footnotes":""},"categories":[28],"tags":[],"class_list":["post-458447","post","type-post","status-publish","format-standard","has-post-thumbnail","hentry","category-sociedad"],"aioseo_notices":[],"aioseo_head":"\n\t\t<!-- All in One SEO Pro 5.0.1 - aioseo.com -->\n\t<meta name=\"description\" content=\"Roma, 5 dic (EFE).- El papa Francisco ser\u00e1 el nuevo reclamo en el Museo de Cera de Roma, que colocar\u00e1 su figura a partir del domingo en el espacio reservado para los pont\u00edfices. El director del Museo, Fernando Canini, explic\u00f3 hoy a Efe que Francisco aparecer\u00e1 con el brazo derecho levemente alzado, ataviado con un\" \/>\n\t<meta name=\"robots\" content=\"max-image-preview:large\" \/>\n\t<meta name=\"author\" content=\"El Digital de Asturias\"\/>\n\t<meta name=\"google-site-verification\" content=\"UA-38556648-1\" \/>\n\t<meta name=\"msvalidate.01\" content=\"7dfe9f3f1b24437ab69f4f2559babe99\" \/>\n\t<meta name=\"keywords\" content=\"sociedad\" \/>\n\t<link rel=\"canonical\" href=\"https:\/\/www.eldigitaldeasturias.com\/noticias\/el-papa-francisco-nueva-figura-en-el-museo-de-cera-de-roma\/\" \/>\n\t<meta name=\"generator\" content=\"All in One SEO Pro (AIOSEO) 5.0.1\" \/>\n\t\t<meta property=\"og:locale\" content=\"es_ES\" \/>\n\t\t<meta property=\"og:site_name\" content=\"El Digital de Asturias\" \/>\n\t\t<meta property=\"og:type\" content=\"article\" \/>\n\t\t<meta property=\"og:title\" content=\"El papa Francisco, nueva figura en el Museo de Cera de Roma - El Digital de Asturias\" \/>\n\t\t<meta property=\"og:description\" content=\"Roma, 5 dic (EFE).- El papa Francisco ser\u00e1 el nuevo reclamo en el Museo de Cera de Roma, que colocar\u00e1 su figura a partir del domingo en el espacio reservado para los pont\u00edfices. El director del Museo, Fernando Canini, explic\u00f3 hoy a Efe que Francisco aparecer\u00e1 con el brazo derecho levemente alzado, ataviado con un\" \/>\n\t\t<meta property=\"og:url\" content=\"https:\/\/www.eldigitaldeasturias.com\/noticias\/el-papa-francisco-nueva-figura-en-el-museo-de-cera-de-roma\/\" \/>\n\t\t<meta property=\"article:tag\" content=\"sociedad\" \/>\n\t\t<meta property=\"article:published_time\" content=\"2013-12-06T01:41:03+00:00\" \/>\n\t\t<meta property=\"article:modified_time\" content=\"2013-12-06T01:41:03+00:00\" \/>\n\t\t<meta property=\"article:publisher\" content=\"https:\/\/facebook.com\/eldigitaldeasturias\" \/>\n\t\t<meta name=\"twitter:card\" content=\"summary_large_image\" \/>\n\t\t<meta name=\"twitter:title\" content=\"El papa Francisco, nueva figura en el Museo de Cera de Roma - El Digital de Asturias\" \/>\n\t\t<meta name=\"twitter:description\" content=\"Roma, 5 dic (EFE).- El papa Francisco ser\u00e1 el nuevo reclamo en el Museo de Cera de Roma, que colocar\u00e1 su figura a partir del domingo en el espacio reservado para los pont\u00edfices. El director del Museo, Fernando Canini, explic\u00f3 hoy a Efe que Francisco aparecer\u00e1 con el brazo derecho levemente alzado, ataviado con un\" \/>\n\t\t<meta name=\"twitter:label1\" content=\"Escrito por\" \/>\n\t\t<meta name=\"twitter:data1\" content=\"El Digital de Asturias\" \/>\n\t\t<meta name=\"twitter:label2\" content=\"Tiempo de lectura estimado\" \/>\n\t\t<meta name=\"twitter:data2\" content=\"1 minuto\" \/>\n\t\t<script type=\"application\/ld+json\" class=\"aioseo-schema\">\n\t\t\t{\"@context\":\"https:\\\/\\\/schema.org\",\"@graph\":[{\"@type\":\"BlogPosting\",\"@id\":\"https:\\\/\\\/www.eldigitaldeasturias.com\\\/noticias\\\/el-papa-francisco-nueva-figura-en-el-museo-de-cera-de-roma\\\/#blogposting\",\"name\":\"El papa Francisco, nueva figura en el Museo de Cera de Roma - El Digital de Asturias\",\"headline\":\"El papa Francisco, nueva figura en el Museo de Cera de Roma\",\"author\":{\"@id\":\"https:\\\/\\\/www.eldigitaldeasturias.com\\\/noticias\\\/author\\\/admin\\\/#author\"},\"publisher\":{\"@id\":\"https:\\\/\\\/www.eldigitaldeasturias.com\\\/noticias\\\/#organization\"},\"image\":{\"@type\":\"ImageObject\",\"url\":458448},\"datePublished\":\"2013-12-06T00:41:03+01:00\",\"dateModified\":\"2013-12-06T00:41:03+01:00\",\"inLanguage\":\"es-ES\",\"mainEntityOfPage\":{\"@id\":\"https:\\\/\\\/www.eldigitaldeasturias.com\\\/noticias\\\/el-papa-francisco-nueva-figura-en-el-museo-de-cera-de-roma\\\/#webpage\"},\"isPartOf\":{\"@id\":\"https:\\\/\\\/www.eldigitaldeasturias.com\\\/noticias\\\/el-papa-francisco-nueva-figura-en-el-museo-de-cera-de-roma\\\/#webpage\"},\"articleSection\":\"Sociedad\"},{\"@type\":\"BreadcrumbList\",\"@id\":\"https:\\\/\\\/www.eldigitaldeasturias.com\\\/noticias\\\/el-papa-francisco-nueva-figura-en-el-museo-de-cera-de-roma\\\/#breadcrumblist\",\"itemListElement\":[{\"@type\":\"ListItem\",\"@id\":\"https:\\\/\\\/www.eldigitaldeasturias.com\\\/noticias#listItem\",\"position\":1,\"name\":\"Home\",\"item\":\"https:\\\/\\\/www.eldigitaldeasturias.com\\\/noticias\",\"nextItem\":{\"@type\":\"ListItem\",\"@id\":\"https:\\\/\\\/www.eldigitaldeasturias.com\\\/noticias\\\/category\\\/sociedad\\\/#listItem\",\"name\":\"Sociedad\"}},{\"@type\":\"ListItem\",\"@id\":\"https:\\\/\\\/www.eldigitaldeasturias.com\\\/noticias\\\/category\\\/sociedad\\\/#listItem\",\"position\":2,\"name\":\"Sociedad\",\"item\":\"https:\\\/\\\/www.eldigitaldeasturias.com\\\/noticias\\\/category\\\/sociedad\\\/\",\"nextItem\":{\"@type\":\"ListItem\",\"@id\":\"https:\\\/\\\/www.eldigitaldeasturias.com\\\/noticias\\\/el-papa-francisco-nueva-figura-en-el-museo-de-cera-de-roma\\\/#listItem\",\"name\":\"El papa Francisco, nueva figura en el Museo de Cera de Roma\"},\"previousItem\":{\"@type\":\"ListItem\",\"@id\":\"https:\\\/\\\/www.eldigitaldeasturias.com\\\/noticias#listItem\",\"name\":\"Home\"}},{\"@type\":\"ListItem\",\"@id\":\"https:\\\/\\\/www.eldigitaldeasturias.com\\\/noticias\\\/el-papa-francisco-nueva-figura-en-el-museo-de-cera-de-roma\\\/#listItem\",\"position\":3,\"name\":\"El papa Francisco, nueva figura en el Museo de Cera de Roma\",\"previousItem\":{\"@type\":\"ListItem\",\"@id\":\"https:\\\/\\\/www.eldigitaldeasturias.com\\\/noticias\\\/category\\\/sociedad\\\/#listItem\",\"name\":\"Sociedad\"}}]},{\"@type\":\"Organization\",\"@id\":\"https:\\\/\\\/www.eldigitaldeasturias.com\\\/noticias\\\/#organization\",\"name\":\"El Digital de Asturias\",\"description\":\"Hemeroteca\",\"url\":\"https:\\\/\\\/www.eldigitaldeasturias.com\\\/noticias\\\/\",\"email\":\"info@eldigitaldeasturias.com\",\"telephone\":\"+34652131393\",\"logo\":{\"@type\":\"ImageObject\",\"url\":\"https:\\\/\\\/www.eldigitaldeasturias.com\\\/noticias\\\/wp-content\\\/uploads\\\/2020\\\/12\\\/EDA.jpg\",\"@id\":\"https:\\\/\\\/www.eldigitaldeasturias.com\\\/noticias\\\/el-papa-francisco-nueva-figura-en-el-museo-de-cera-de-roma\\\/#organizationLogo\"},\"image\":{\"@id\":\"https:\\\/\\\/www.eldigitaldeasturias.com\\\/noticias\\\/el-papa-francisco-nueva-figura-en-el-museo-de-cera-de-roma\\\/#organizationLogo\"},\"sameAs\":[\"https:\\\/\\\/facebook.com\\\/eldigitaldeasturias\",\"https:\\\/\\\/www.youtube.com\\\/channel\\\/UCZP-2wLEB9Rv6erhFmqVnvg\"],\"address\":{\"@id\":\"https:\\\/\\\/www.eldigitaldeasturias.com\\\/noticias\\\/#postaladdress\",\"@type\":\"PostalAddress\",\"streetAddress\":\"san antonio 4\",\"postalCode\":\"33430\",\"addressLocality\":\"Cand\\u00e1s\",\"addressRegion\":\"Asturias\",\"addressCountry\":\"ES\"}},{\"@type\":\"Person\",\"@id\":\"https:\\\/\\\/www.eldigitaldeasturias.com\\\/noticias\\\/author\\\/admin\\\/#author\",\"url\":\"https:\\\/\\\/www.eldigitaldeasturias.com\\\/noticias\\\/author\\\/admin\\\/\",\"name\":\"El Digital de Asturias\",\"image\":{\"@type\":\"ImageObject\",\"@id\":\"https:\\\/\\\/www.eldigitaldeasturias.com\\\/noticias\\\/el-papa-francisco-nueva-figura-en-el-museo-de-cera-de-roma\\\/#authorImage\",\"url\":\"https:\\\/\\\/secure.gravatar.com\\\/avatar\\\/df2aeffc32bcd13f8d26072ef8a91b623d677766deac7f97ca815868cd41bf5e?s=96&d=mm&r=g\",\"width\":96,\"height\":96,\"caption\":\"El Digital de Asturias\"}},{\"@type\":\"WebPage\",\"@id\":\"https:\\\/\\\/www.eldigitaldeasturias.com\\\/noticias\\\/el-papa-francisco-nueva-figura-en-el-museo-de-cera-de-roma\\\/#webpage\",\"url\":\"https:\\\/\\\/www.eldigitaldeasturias.com\\\/noticias\\\/el-papa-francisco-nueva-figura-en-el-museo-de-cera-de-roma\\\/\",\"name\":\"El papa Francisco, nueva figura en el Museo de Cera de Roma - El Digital de Asturias\",\"description\":\"Roma, 5 dic (EFE).- El papa Francisco ser\\u00e1 el nuevo reclamo en el Museo de Cera de Roma, que colocar\\u00e1 su figura a partir del domingo en el espacio reservado para los pont\\u00edfices. El director del Museo, Fernando Canini, explic\\u00f3 hoy a Efe que Francisco aparecer\\u00e1 con el brazo derecho levemente alzado, ataviado con un\",\"inLanguage\":\"es-ES\",\"isPartOf\":{\"@id\":\"https:\\\/\\\/www.eldigitaldeasturias.com\\\/noticias\\\/#website\"},\"breadcrumb\":{\"@id\":\"https:\\\/\\\/www.eldigitaldeasturias.com\\\/noticias\\\/el-papa-francisco-nueva-figura-en-el-museo-de-cera-de-roma\\\/#breadcrumblist\"},\"author\":{\"@id\":\"https:\\\/\\\/www.eldigitaldeasturias.com\\\/noticias\\\/author\\\/admin\\\/#author\"},\"creator\":{\"@id\":\"https:\\\/\\\/www.eldigitaldeasturias.com\\\/noticias\\\/author\\\/admin\\\/#author\"},\"image\":{\"@type\":\"ImageObject\",\"url\":458448,\"@id\":\"https:\\\/\\\/www.eldigitaldeasturias.com\\\/noticias\\\/el-papa-francisco-nueva-figura-en-el-museo-de-cera-de-roma\\\/#mainImage\"},\"primaryImageOfPage\":{\"@id\":\"https:\\\/\\\/www.eldigitaldeasturias.com\\\/noticias\\\/el-papa-francisco-nueva-figura-en-el-museo-de-cera-de-roma\\\/#mainImage\"},\"datePublished\":\"2013-12-06T00:41:03+01:00\",\"dateModified\":\"2013-12-06T00:41:03+01:00\"},{\"@type\":\"WebSite\",\"@id\":\"https:\\\/\\\/www.eldigitaldeasturias.com\\\/noticias\\\/#website\",\"url\":\"https:\\\/\\\/www.eldigitaldeasturias.com\\\/noticias\\\/\",\"name\":\"El Digital de Asturias - Diario de actualidad y noticias\",\"alternateName\":\"El Digital de Asturias - Diario de actualidad y noticias\",\"description\":\"Hemeroteca\",\"inLanguage\":\"es-ES\",\"publisher\":{\"@id\":\"https:\\\/\\\/www.eldigitaldeasturias.com\\\/noticias\\\/#organization\"}}]}\n\t\t<\/script>\n\t\t<!-- All in One SEO Pro -->\r\n\t\t<title>El papa Francisco, nueva figura en el Museo de Cera de Roma - El Digital de Asturias<\/title>\n\n","aioseo_head_json":{"title":"El papa Francisco, nueva figura en el Museo de Cera de Roma - El Digital de Asturias","description":"Roma, 5 dic (EFE).- El papa Francisco ser\u00e1 el nuevo reclamo en el Museo de Cera de Roma, que colocar\u00e1 su figura a partir del domingo en el espacio reservado para los pont\u00edfices. El director del Museo, Fernando Canini, explic\u00f3 hoy a Efe que Francisco aparecer\u00e1 con el brazo derecho levemente alzado, ataviado con un","canonical_url":"https:\/\/www.eldigitaldeasturias.com\/noticias\/el-papa-francisco-nueva-figura-en-el-museo-de-cera-de-roma\/","robots":"max-image-preview:large","keywords":"sociedad","webmasterTools":{"google-site-verification":"UA-38556648-1","msvalidate.01":"7dfe9f3f1b24437ab69f4f2559babe99","miscellaneous":""},"schema":{"@context":"https:\/\/schema.org","@graph":[{"@type":"BlogPosting","@id":"https:\/\/www.eldigitaldeasturias.com\/noticias\/el-papa-francisco-nueva-figura-en-el-museo-de-cera-de-roma\/#blogposting","name":"El papa Francisco, nueva figura en el Museo de Cera de Roma - El Digital de Asturias","headline":"El papa Francisco, nueva figura en el Museo de Cera de Roma","author":{"@id":"https:\/\/www.eldigitaldeasturias.com\/noticias\/author\/admin\/#author"},"publisher":{"@id":"https:\/\/www.eldigitaldeasturias.com\/noticias\/#organization"},"image":{"@type":"ImageObject","url":458448},"datePublished":"2013-12-06T00:41:03+01:00","dateModified":"2013-12-06T00:41:03+01:00","inLanguage":"es-ES","mainEntityOfPage":{"@id":"https:\/\/www.eldigitaldeasturias.com\/noticias\/el-papa-francisco-nueva-figura-en-el-museo-de-cera-de-roma\/#webpage"},"isPartOf":{"@id":"https:\/\/www.eldigitaldeasturias.com\/noticias\/el-papa-francisco-nueva-figura-en-el-museo-de-cera-de-roma\/#webpage"},"articleSection":"Sociedad"},{"@type":"BreadcrumbList","@id":"https:\/\/www.eldigitaldeasturias.com\/noticias\/el-papa-francisco-nueva-figura-en-el-museo-de-cera-de-roma\/#breadcrumblist","itemListElement":[{"@type":"ListItem","@id":"https:\/\/www.eldigitaldeasturias.com\/noticias#listItem","position":1,"name":"Home","item":"https:\/\/www.eldigitaldeasturias.com\/noticias","nextItem":{"@type":"ListItem","@id":"https:\/\/www.eldigitaldeasturias.com\/noticias\/category\/sociedad\/#listItem","name":"Sociedad"}},{"@type":"ListItem","@id":"https:\/\/www.eldigitaldeasturias.com\/noticias\/category\/sociedad\/#listItem","position":2,"name":"Sociedad","item":"https:\/\/www.eldigitaldeasturias.com\/noticias\/category\/sociedad\/","nextItem":{"@type":"ListItem","@id":"https:\/\/www.eldigitaldeasturias.com\/noticias\/el-papa-francisco-nueva-figura-en-el-museo-de-cera-de-roma\/#listItem","name":"El papa Francisco, nueva figura en el Museo de Cera de Roma"},"previousItem":{"@type":"ListItem","@id":"https:\/\/www.eldigitaldeasturias.com\/noticias#listItem","name":"Home"}},{"@type":"ListItem","@id":"https:\/\/www.eldigitaldeasturias.com\/noticias\/el-papa-francisco-nueva-figura-en-el-museo-de-cera-de-roma\/#listItem","position":3,"name":"El papa Francisco, nueva figura en el Museo de Cera de Roma","previousItem":{"@type":"ListItem","@id":"https:\/\/www.eldigitaldeasturias.com\/noticias\/category\/sociedad\/#listItem","name":"Sociedad"}}]},{"@type":"Organization","@id":"https:\/\/www.eldigitaldeasturias.com\/noticias\/#organization","name":"El Digital de Asturias","description":"Hemeroteca","url":"https:\/\/www.eldigitaldeasturias.com\/noticias\/","email":"info@eldigitaldeasturias.com","telephone":"+34652131393","logo":{"@type":"ImageObject","url":"https:\/\/www.eldigitaldeasturias.com\/noticias\/wp-content\/uploads\/2020\/12\/EDA.jpg","@id":"https:\/\/www.eldigitaldeasturias.com\/noticias\/el-papa-francisco-nueva-figura-en-el-museo-de-cera-de-roma\/#organizationLogo"},"image":{"@id":"https:\/\/www.eldigitaldeasturias.com\/noticias\/el-papa-francisco-nueva-figura-en-el-museo-de-cera-de-roma\/#organizationLogo"},"sameAs":["https:\/\/facebook.com\/eldigitaldeasturias","https:\/\/www.youtube.com\/channel\/UCZP-2wLEB9Rv6erhFmqVnvg"],"address":{"@id":"https:\/\/www.eldigitaldeasturias.com\/noticias\/#postaladdress","@type":"PostalAddress","streetAddress":"san antonio 4","postalCode":"33430","addressLocality":"Cand\u00e1s","addressRegion":"Asturias","addressCountry":"ES"}},{"@type":"Person","@id":"https:\/\/www.eldigitaldeasturias.com\/noticias\/author\/admin\/#author","url":"https:\/\/www.eldigitaldeasturias.com\/noticias\/author\/admin\/","name":"El Digital de Asturias","image":{"@type":"ImageObject","@id":"https:\/\/www.eldigitaldeasturias.com\/noticias\/el-papa-francisco-nueva-figura-en-el-museo-de-cera-de-roma\/#authorImage","url":"https:\/\/secure.gravatar.com\/avatar\/df2aeffc32bcd13f8d26072ef8a91b623d677766deac7f97ca815868cd41bf5e?s=96&d=mm&r=g","width":96,"height":96,"caption":"El Digital de Asturias"}},{"@type":"WebPage","@id":"https:\/\/www.eldigitaldeasturias.com\/noticias\/el-papa-francisco-nueva-figura-en-el-museo-de-cera-de-roma\/#webpage","url":"https:\/\/www.eldigitaldeasturias.com\/noticias\/el-papa-francisco-nueva-figura-en-el-museo-de-cera-de-roma\/","name":"El papa Francisco, nueva figura en el Museo de Cera de Roma - El Digital de Asturias","description":"Roma, 5 dic (EFE).- El papa Francisco ser\u00e1 el nuevo reclamo en el Museo de Cera de Roma, que colocar\u00e1 su figura a partir del domingo en el espacio reservado para los pont\u00edfices. El director del Museo, Fernando Canini, explic\u00f3 hoy a Efe que Francisco aparecer\u00e1 con el brazo derecho levemente alzado, ataviado con un","inLanguage":"es-ES","isPartOf":{"@id":"https:\/\/www.eldigitaldeasturias.com\/noticias\/#website"},"breadcrumb":{"@id":"https:\/\/www.eldigitaldeasturias.com\/noticias\/el-papa-francisco-nueva-figura-en-el-museo-de-cera-de-roma\/#breadcrumblist"},"author":{"@id":"https:\/\/www.eldigitaldeasturias.com\/noticias\/author\/admin\/#author"},"creator":{"@id":"https:\/\/www.eldigitaldeasturias.com\/noticias\/author\/admin\/#author"},"image":{"@type":"ImageObject","url":458448,"@id":"https:\/\/www.eldigitaldeasturias.com\/noticias\/el-papa-francisco-nueva-figura-en-el-museo-de-cera-de-roma\/#mainImage"},"primaryImageOfPage":{"@id":"https:\/\/www.eldigitaldeasturias.com\/noticias\/el-papa-francisco-nueva-figura-en-el-museo-de-cera-de-roma\/#mainImage"},"datePublished":"2013-12-06T00:41:03+01:00","dateModified":"2013-12-06T00:41:03+01:00"},{"@type":"WebSite","@id":"https:\/\/www.eldigitaldeasturias.com\/noticias\/#website","url":"https:\/\/www.eldigitaldeasturias.com\/noticias\/","name":"El Digital de Asturias - Diario de actualidad y noticias","alternateName":"El Digital de Asturias - Diario de actualidad y noticias","description":"Hemeroteca","inLanguage":"es-ES","publisher":{"@id":"https:\/\/www.eldigitaldeasturias.com\/noticias\/#organization"}}]},"og:locale":"es_ES","og:site_name":"El Digital de Asturias","og:type":"article","og:title":"El papa Francisco, nueva figura en el Museo de Cera de Roma - El Digital de Asturias","og:description":"Roma, 5 dic (EFE).- El papa Francisco ser\u00e1 el nuevo reclamo en el Museo de Cera de Roma, que colocar\u00e1 su figura a partir del domingo en el espacio reservado para los pont\u00edfices. El director del Museo, Fernando Canini, explic\u00f3 hoy a Efe que Francisco aparecer\u00e1 con el brazo derecho levemente alzado, ataviado con un","og:url":"https:\/\/www.eldigitaldeasturias.com\/noticias\/el-papa-francisco-nueva-figura-en-el-museo-de-cera-de-roma\/","article:tag":["sociedad"],"article:published_time":"2013-12-06T01:41:03+00:00","article:modified_time":"2013-12-06T01:41:03+00:00","article:publisher":"https:\/\/facebook.com\/eldigitaldeasturias","twitter:card":"summary_large_image","twitter:title":"El papa Francisco, nueva figura en el Museo de Cera de Roma - El Digital de Asturias","twitter:description":"Roma, 5 dic (EFE).- El papa Francisco ser\u00e1 el nuevo reclamo en el Museo de Cera de Roma, que colocar\u00e1 su figura a partir del domingo en el espacio reservado para los pont\u00edfices. El director del Museo, Fernando Canini, explic\u00f3 hoy a Efe que Francisco aparecer\u00e1 con el brazo derecho levemente alzado, ataviado con un","twitter:label1":"Escrito por","twitter:data1":"El Digital de Asturias","twitter:label2":"Tiempo de lectura estimado","twitter:data2":"1 minuto"},"aioseo_meta_data":{"post_id":"458447","title":null,"description":null,"keywords":null,"keyphrases":null,"primary_term":null,"canonical_url":null,"og_title":null,"og_description":null,"og_object_type":"default","og_image_type":"default","og_image_url":null,"og_image_width":null,"og_image_height":null,"og_image_custom_url":null,"og_image_custom_fields":null,"og_video":null,"og_custom_url":null,"og_article_section":null,"og_article_tags":null,"twitter_use_og":true,"twitter_card":"default","twitter_image_type":"default","twitter_image_url":null,"twitter_image_custom_url":null,"twitter_image_custom_fields":null,"twitter_title":null,"twitter_description":null,"schema":{"blockGraphs":[],"customGraphs":[],"default":{"data":{"Article":[],"Course":[],"Dataset":[],"FAQPage":[],"Movie":[],"Person":[],"Product":[],"ProductReview":[],"Car":[],"Recipe":[],"Service":[],"SoftwareApplication":[],"WebPage":[]},"graphName":"","isEnabled":true},"graphs":[],"defaultGraph":"","defaultPostTypeGraph":""},"schema_type":null,"schema_type_options":null,"pillar_content":false,"robots_default":true,"robots_noindex":false,"robots_noarchive":false,"robots_nosnippet":false,"robots_nofollow":false,"robots_noimageindex":false,"robots_noodp":false,"robots_notranslate":false,"robots_max_snippet":null,"robots_max_videopreview":null,"robots_max_imagepreview":"none","priority":null,"frequency":null,"local_seo":null,"seo_analyzer_scan_date":"2026-05-30 05:34:14","breadcrumb_settings":null,"limit_modified_date":false,"open_ai":null,"ai":null,"created":"2020-11-14 22:46:17","updated":"2026-05-30 05:34:14","focus_keyword":null,"additional_keywords":null,"truseo_locale":null},"aioseo_breadcrumb":"<div class=\"aioseo-breadcrumbs\"><span class=\"aioseo-breadcrumb\">\n\t<a href=\"https:\/\/www.eldigitaldeasturias.com\/noticias\" title=\"Home\">Home<\/a>\n<\/span><span class=\"aioseo-breadcrumb-separator\">\u2013<\/span><span class=\"aioseo-breadcrumb\">\n\t<a href=\"https:\/\/www.eldigitaldeasturias.com\/noticias\/category\/sociedad\/\" title=\"Sociedad\">Sociedad<\/a>\n<\/span><span class=\"aioseo-breadcrumb-separator\">\u2013<\/span><span class=\"aioseo-breadcrumb\">\n\t<a href=\"https:\/\/www.eldigitaldeasturias.com\/noticias\/el-papa-francisco-nueva-figura-en-el-museo-de-cera-de-roma\/\" title=\"El papa Francisco, nueva figura en el Museo de Cera de Roma\">El papa Francisco, nueva figura en el Museo de Cera de Roma<\/a>\n<\/span><\/div>","aioseo_breadcrumb_json":[{"label":"Home","link":"https:\/\/www.eldigitaldeasturias.com\/noticias"},{"label":"Sociedad","link":"https:\/\/www.eldigitaldeasturias.com\/noticias\/category\/sociedad\/"},{"label":"El papa Francisco, nueva figura en el Museo de Cera de Roma","link":"https:\/\/www.eldigitaldeasturias.com\/noticias\/el-papa-francisco-nueva-figura-en-el-museo-de-cera-de-roma\/"}],"_links":{"self":[{"href":"https:\/\/www.eldigitaldeasturias.com\/noticias\/wp-json\/wp\/v2\/posts\/458447","targetHints":{"allow":["GET"]}}],"collection":[{"href":"https:\/\/www.eldigitaldeasturias.com\/noticias\/wp-json\/wp\/v2\/posts"}],"about":[{"href":"https:\/\/www.eldigitaldeasturias.com\/noticias\/wp-json\/wp\/v2\/types\/post"}],"author":[{"embeddable":true,"href":"https:\/\/www.eldigitaldeasturias.com\/noticias\/wp-json\/wp\/v2\/users\/1"}],"replies":[{"embeddable":true,"href":"https:\/\/www.eldigitaldeasturias.com\/noticias\/wp-json\/wp\/v2\/comments?post=458447"}],"version-history":[{"count":0,"href":"https:\/\/www.eldigitaldeasturias.com\/noticias\/wp-json\/wp\/v2\/posts\/458447\/revisions"}],"wp:attachment":[{"href":"https:\/\/www.eldigitaldeasturias.com\/noticias\/wp-json\/wp\/v2\/media?parent=458447"}],"wp:term":[{"taxonomy":"category","embeddable":true,"href":"https:\/\/www.eldigitaldeasturias.com\/noticias\/wp-json\/wp\/v2\/categories?post=458447"},{"taxonomy":"post_tag","embeddable":true,"href":"https:\/\/www.eldigitaldeasturias.com\/noticias\/wp-json\/wp\/v2\/tags?post=458447"}],"curies":[{"name":"wp","href":"https:\/\/api.w.org\/{rel}","templated":true}]}}