{"id":458444,"date":"2013-12-06T00:38:56","date_gmt":"2013-12-06T01:38:56","guid":{"rendered":"http:\/\/www.eldigitaldeasturias.com\/noticias\/?p=458444"},"modified":"2013-12-06T00:38:56","modified_gmt":"2013-12-06T01:38:56","slug":"retoman-la-busqueda-del-cuerpo-de-hodei-egiluz-en-los-muelles-de-amberes","status":"publish","type":"post","link":"https:\/\/www.eldigitaldeasturias.com\/noticias\/retoman-la-busqueda-del-cuerpo-de-hodei-egiluz-en-los-muelles-de-amberes\/","title":{"rendered":"Retoman la b\u00fasqueda del cuerpo de Hodei Egiluz en los muelles de Amberes"},"content":{"rendered":"<p><img loading=\"lazy\" decoding=\"async\" class=\"alignleft size-medium wp-image-458445\" alt=\"5774572w\" src=\"https:\/\/www.eldigitaldeasturias.com\/noticias\/wp-content\/uploads\/2013\/12\/5774572w-360x239.jpg\" width=\"360\" height=\"239\" \/>Bruselas, 5 dic (EFE).- Las autoridades belgas han retomado hoy en los muelles del r\u00edo Escalda de Amberes la b\u00fasqueda del cuerpo de Hodei Egiluz D\u00edaz, el joven vasco desaparecido el pasado 18 de octubre en la ciudad belga, inform\u00f3 la Fiscal\u00eda.<\/p>\n<p>Los equipos que rastrean las aguas del r\u00edo cuentan con la asistencia de un perro especializado en este tipo de tareas, indic\u00f3 el portavoz de la Fiscal\u00eda, Paul Van Tigchelt.<\/p>\n<p>La b\u00fasqueda se lleva a cabo en la misma zona donde se trat\u00f3 sin \u00e9xito de encontrar el cuerpo de Egiluz el pasado 6 de noviembre, a\u00f1adi\u00f3 la misma fuente.<\/p>\n<p>Entonces, lanchas y buzos de Defensa Civil rastrearon sin \u00e9xito las aguas en el \u00e1rea del Museo aan de Stroom, situado al borde del Escalda, cerca de donde el joven fue visto por \u00faltima vez.<\/p>\n<p>Hodei Egiluz D\u00edaz, de 23 a\u00f1os y titulado en Ingenier\u00eda Inform\u00e1tica, se traslad\u00f3 a Amberes el pasado abril para realizar unas pr\u00e1cticas profesionales en la empresa local Createlli, que en junio le ofreci\u00f3 un contrato de trabajo.<\/p>\n<p>Las autoridades cuentan con suficientes indicios para creer que Hodei \u00abfue v\u00edctima de un hecho criminal\u00bb y que por tanto \u00abno desapareci\u00f3 voluntariamente\u00bb, seg\u00fan ha indicado en varias ocasiones la Fiscal\u00eda.<\/p>\n<p>La Polic\u00eda belga ha detenido a varias personas en relaci\u00f3n con el caso, todas por estar en posesi\u00f3n de objetos personales del joven, como su tel\u00e9fono m\u00f3vil o su cartera, aunque no ha querido dar informaci\u00f3n sobre ellas dado que el caso permanece bajo secreto de sumario.<\/p>\n<p>De esos arrestados, al menos una mujer ha sido puesta en libertad, seg\u00fan public\u00f3 el pasado fin de semana el diario local \u00abGazet van Antwerpen\u00bb.<\/p>\n<p>Se tratar\u00eda de Carmen T., de 45 a\u00f1os, que hab\u00eda sido detenida por estar en posesi\u00f3n del tel\u00e9fono m\u00f3vil de Egiluz tras su desaparici\u00f3n en la noche del 18 al 19 de octubre.<\/p>\n<p>La mujer, que asegur\u00f3 haber comprado el aparato y dijo no tener ninguna informaci\u00f3n sobre el paradero del joven, se entreg\u00f3 voluntariamente al saber que la Polic\u00eda la buscaba, seg\u00fan el peri\u00f3dico.<\/p>\n<p>Su puesta en libertad, de la que las autoridades no han ofrecido informaci\u00f3n, se produjo la pasada semana \u00aben total silencio\u00bb, seg\u00fan el diario.<\/p>\n","protected":false},"excerpt":{"rendered":"<p>Bruselas, 5 dic (EFE).- Las autoridades belgas han retomado hoy en los muelles del r\u00edo Escalda de Amberes la b\u00fasqueda del cuerpo de Hodei Egiluz D\u00edaz, el joven vasco desaparecido el pasado 18 de octubre en la ciudad belga, inform\u00f3 la Fiscal\u00eda. Los equipos que rastrean las aguas del r\u00edo cuentan con la asistencia de [&hellip;]<\/p>\n","protected":false},"author":1,"featured_media":458445,"comment_status":"closed","ping_status":"open","sticky":false,"template":"","format":"standard","meta":{"footnotes":""},"categories":[5],"tags":[],"class_list":["post-458444","post","type-post","status-publish","format-standard","has-post-thumbnail","hentry","category-sucesos"],"aioseo_notices":[],"aioseo_head":"\n\t\t<!-- All in One SEO Pro 5.0.1 - aioseo.com -->\n\t<meta name=\"description\" content=\"Bruselas, 5 dic (EFE).- Las autoridades belgas han retomado hoy en los muelles del r\u00edo Escalda de Amberes la b\u00fasqueda del cuerpo de Hodei Egiluz D\u00edaz, el joven vasco desaparecido el pasado 18 de octubre en la ciudad belga, inform\u00f3 la Fiscal\u00eda. Los equipos que rastrean las aguas del r\u00edo cuentan con la asistencia de\" \/>\n\t<meta name=\"robots\" content=\"max-image-preview:large\" \/>\n\t<meta name=\"author\" content=\"El Digital de Asturias\"\/>\n\t<meta name=\"google-site-verification\" content=\"UA-38556648-1\" \/>\n\t<meta name=\"msvalidate.01\" content=\"7dfe9f3f1b24437ab69f4f2559babe99\" \/>\n\t<meta name=\"keywords\" content=\"sucesos\" \/>\n\t<link rel=\"canonical\" href=\"https:\/\/www.eldigitaldeasturias.com\/noticias\/retoman-la-busqueda-del-cuerpo-de-hodei-egiluz-en-los-muelles-de-amberes\/\" \/>\n\t<meta name=\"generator\" content=\"All in One SEO Pro (AIOSEO) 5.0.1\" \/>\n\t\t<meta property=\"og:locale\" content=\"es_ES\" \/>\n\t\t<meta property=\"og:site_name\" content=\"El Digital de Asturias\" \/>\n\t\t<meta property=\"og:type\" content=\"article\" \/>\n\t\t<meta property=\"og:title\" content=\"Retoman la b\u00fasqueda del cuerpo de Hodei Egiluz en los muelles de Amberes - El Digital de Asturias\" \/>\n\t\t<meta property=\"og:description\" content=\"Bruselas, 5 dic (EFE).- Las autoridades belgas han retomado hoy en los muelles del r\u00edo Escalda de Amberes la b\u00fasqueda del cuerpo de Hodei Egiluz D\u00edaz, el joven vasco desaparecido el pasado 18 de octubre en la ciudad belga, inform\u00f3 la Fiscal\u00eda. Los equipos que rastrean las aguas del r\u00edo cuentan con la asistencia de\" \/>\n\t\t<meta property=\"og:url\" content=\"https:\/\/www.eldigitaldeasturias.com\/noticias\/retoman-la-busqueda-del-cuerpo-de-hodei-egiluz-en-los-muelles-de-amberes\/\" \/>\n\t\t<meta property=\"article:tag\" content=\"sucesos\" \/>\n\t\t<meta property=\"article:published_time\" content=\"2013-12-06T01:38:56+00:00\" \/>\n\t\t<meta property=\"article:modified_time\" content=\"2013-12-06T01:38:56+00:00\" \/>\n\t\t<meta property=\"article:publisher\" content=\"https:\/\/facebook.com\/eldigitaldeasturias\" \/>\n\t\t<meta name=\"twitter:card\" content=\"summary_large_image\" \/>\n\t\t<meta name=\"twitter:title\" content=\"Retoman la b\u00fasqueda del cuerpo de Hodei Egiluz en los muelles de Amberes - El Digital de Asturias\" \/>\n\t\t<meta name=\"twitter:description\" content=\"Bruselas, 5 dic (EFE).- Las autoridades belgas han retomado hoy en los muelles del r\u00edo Escalda de Amberes la b\u00fasqueda del cuerpo de Hodei Egiluz D\u00edaz, el joven vasco desaparecido el pasado 18 de octubre en la ciudad belga, inform\u00f3 la Fiscal\u00eda. Los equipos que rastrean las aguas del r\u00edo cuentan con la asistencia de\" \/>\n\t\t<meta name=\"twitter:label1\" content=\"Escrito por\" \/>\n\t\t<meta name=\"twitter:data1\" content=\"El Digital de Asturias\" \/>\n\t\t<meta name=\"twitter:label2\" content=\"Tiempo de lectura estimado\" \/>\n\t\t<meta name=\"twitter:data2\" content=\"2 minutos\" \/>\n\t\t<script type=\"application\/ld+json\" class=\"aioseo-schema\">\n\t\t\t{\"@context\":\"https:\\\/\\\/schema.org\",\"@graph\":[{\"@type\":\"BlogPosting\",\"@id\":\"https:\\\/\\\/www.eldigitaldeasturias.com\\\/noticias\\\/retoman-la-busqueda-del-cuerpo-de-hodei-egiluz-en-los-muelles-de-amberes\\\/#blogposting\",\"name\":\"Retoman la b\\u00fasqueda del cuerpo de Hodei Egiluz en los muelles de Amberes - El Digital de Asturias\",\"headline\":\"Retoman la b\\u00fasqueda del cuerpo de Hodei Egiluz en los muelles de Amberes\",\"author\":{\"@id\":\"https:\\\/\\\/www.eldigitaldeasturias.com\\\/noticias\\\/author\\\/admin\\\/#author\"},\"publisher\":{\"@id\":\"https:\\\/\\\/www.eldigitaldeasturias.com\\\/noticias\\\/#organization\"},\"image\":{\"@type\":\"ImageObject\",\"url\":458445},\"datePublished\":\"2013-12-06T00:38:56+01:00\",\"dateModified\":\"2013-12-06T00:38:56+01:00\",\"inLanguage\":\"es-ES\",\"mainEntityOfPage\":{\"@id\":\"https:\\\/\\\/www.eldigitaldeasturias.com\\\/noticias\\\/retoman-la-busqueda-del-cuerpo-de-hodei-egiluz-en-los-muelles-de-amberes\\\/#webpage\"},\"isPartOf\":{\"@id\":\"https:\\\/\\\/www.eldigitaldeasturias.com\\\/noticias\\\/retoman-la-busqueda-del-cuerpo-de-hodei-egiluz-en-los-muelles-de-amberes\\\/#webpage\"},\"articleSection\":\"Sucesos\"},{\"@type\":\"BreadcrumbList\",\"@id\":\"https:\\\/\\\/www.eldigitaldeasturias.com\\\/noticias\\\/retoman-la-busqueda-del-cuerpo-de-hodei-egiluz-en-los-muelles-de-amberes\\\/#breadcrumblist\",\"itemListElement\":[{\"@type\":\"ListItem\",\"@id\":\"https:\\\/\\\/www.eldigitaldeasturias.com\\\/noticias#listItem\",\"position\":1,\"name\":\"Home\",\"item\":\"https:\\\/\\\/www.eldigitaldeasturias.com\\\/noticias\",\"nextItem\":{\"@type\":\"ListItem\",\"@id\":\"https:\\\/\\\/www.eldigitaldeasturias.com\\\/noticias\\\/category\\\/sucesos\\\/#listItem\",\"name\":\"Sucesos\"}},{\"@type\":\"ListItem\",\"@id\":\"https:\\\/\\\/www.eldigitaldeasturias.com\\\/noticias\\\/category\\\/sucesos\\\/#listItem\",\"position\":2,\"name\":\"Sucesos\",\"item\":\"https:\\\/\\\/www.eldigitaldeasturias.com\\\/noticias\\\/category\\\/sucesos\\\/\",\"nextItem\":{\"@type\":\"ListItem\",\"@id\":\"https:\\\/\\\/www.eldigitaldeasturias.com\\\/noticias\\\/retoman-la-busqueda-del-cuerpo-de-hodei-egiluz-en-los-muelles-de-amberes\\\/#listItem\",\"name\":\"Retoman la b\\u00fasqueda del cuerpo de Hodei Egiluz en los muelles de Amberes\"},\"previousItem\":{\"@type\":\"ListItem\",\"@id\":\"https:\\\/\\\/www.eldigitaldeasturias.com\\\/noticias#listItem\",\"name\":\"Home\"}},{\"@type\":\"ListItem\",\"@id\":\"https:\\\/\\\/www.eldigitaldeasturias.com\\\/noticias\\\/retoman-la-busqueda-del-cuerpo-de-hodei-egiluz-en-los-muelles-de-amberes\\\/#listItem\",\"position\":3,\"name\":\"Retoman la b\\u00fasqueda del cuerpo de Hodei Egiluz en los muelles de Amberes\",\"previousItem\":{\"@type\":\"ListItem\",\"@id\":\"https:\\\/\\\/www.eldigitaldeasturias.com\\\/noticias\\\/category\\\/sucesos\\\/#listItem\",\"name\":\"Sucesos\"}}]},{\"@type\":\"Organization\",\"@id\":\"https:\\\/\\\/www.eldigitaldeasturias.com\\\/noticias\\\/#organization\",\"name\":\"El Digital de Asturias\",\"description\":\"Hemeroteca\",\"url\":\"https:\\\/\\\/www.eldigitaldeasturias.com\\\/noticias\\\/\",\"email\":\"info@eldigitaldeasturias.com\",\"telephone\":\"+34652131393\",\"logo\":{\"@type\":\"ImageObject\",\"url\":\"https:\\\/\\\/www.eldigitaldeasturias.com\\\/noticias\\\/wp-content\\\/uploads\\\/2020\\\/12\\\/EDA.jpg\",\"@id\":\"https:\\\/\\\/www.eldigitaldeasturias.com\\\/noticias\\\/retoman-la-busqueda-del-cuerpo-de-hodei-egiluz-en-los-muelles-de-amberes\\\/#organizationLogo\"},\"image\":{\"@id\":\"https:\\\/\\\/www.eldigitaldeasturias.com\\\/noticias\\\/retoman-la-busqueda-del-cuerpo-de-hodei-egiluz-en-los-muelles-de-amberes\\\/#organizationLogo\"},\"sameAs\":[\"https:\\\/\\\/facebook.com\\\/eldigitaldeasturias\",\"https:\\\/\\\/www.youtube.com\\\/channel\\\/UCZP-2wLEB9Rv6erhFmqVnvg\"],\"address\":{\"@id\":\"https:\\\/\\\/www.eldigitaldeasturias.com\\\/noticias\\\/#postaladdress\",\"@type\":\"PostalAddress\",\"streetAddress\":\"san antonio 4\",\"postalCode\":\"33430\",\"addressLocality\":\"Cand\\u00e1s\",\"addressRegion\":\"Asturias\",\"addressCountry\":\"ES\"}},{\"@type\":\"Person\",\"@id\":\"https:\\\/\\\/www.eldigitaldeasturias.com\\\/noticias\\\/author\\\/admin\\\/#author\",\"url\":\"https:\\\/\\\/www.eldigitaldeasturias.com\\\/noticias\\\/author\\\/admin\\\/\",\"name\":\"El Digital de Asturias\",\"image\":{\"@type\":\"ImageObject\",\"@id\":\"https:\\\/\\\/www.eldigitaldeasturias.com\\\/noticias\\\/retoman-la-busqueda-del-cuerpo-de-hodei-egiluz-en-los-muelles-de-amberes\\\/#authorImage\",\"url\":\"https:\\\/\\\/secure.gravatar.com\\\/avatar\\\/df2aeffc32bcd13f8d26072ef8a91b623d677766deac7f97ca815868cd41bf5e?s=96&d=mm&r=g\",\"width\":96,\"height\":96,\"caption\":\"El Digital de Asturias\"}},{\"@type\":\"WebPage\",\"@id\":\"https:\\\/\\\/www.eldigitaldeasturias.com\\\/noticias\\\/retoman-la-busqueda-del-cuerpo-de-hodei-egiluz-en-los-muelles-de-amberes\\\/#webpage\",\"url\":\"https:\\\/\\\/www.eldigitaldeasturias.com\\\/noticias\\\/retoman-la-busqueda-del-cuerpo-de-hodei-egiluz-en-los-muelles-de-amberes\\\/\",\"name\":\"Retoman la b\\u00fasqueda del cuerpo de Hodei Egiluz en los muelles de Amberes - El Digital de Asturias\",\"description\":\"Bruselas, 5 dic (EFE).- Las autoridades belgas han retomado hoy en los muelles del r\\u00edo Escalda de Amberes la b\\u00fasqueda del cuerpo de Hodei Egiluz D\\u00edaz, el joven vasco desaparecido el pasado 18 de octubre en la ciudad belga, inform\\u00f3 la Fiscal\\u00eda. Los equipos que rastrean las aguas del r\\u00edo cuentan con la asistencia de\",\"inLanguage\":\"es-ES\",\"isPartOf\":{\"@id\":\"https:\\\/\\\/www.eldigitaldeasturias.com\\\/noticias\\\/#website\"},\"breadcrumb\":{\"@id\":\"https:\\\/\\\/www.eldigitaldeasturias.com\\\/noticias\\\/retoman-la-busqueda-del-cuerpo-de-hodei-egiluz-en-los-muelles-de-amberes\\\/#breadcrumblist\"},\"author\":{\"@id\":\"https:\\\/\\\/www.eldigitaldeasturias.com\\\/noticias\\\/author\\\/admin\\\/#author\"},\"creator\":{\"@id\":\"https:\\\/\\\/www.eldigitaldeasturias.com\\\/noticias\\\/author\\\/admin\\\/#author\"},\"image\":{\"@type\":\"ImageObject\",\"url\":458445,\"@id\":\"https:\\\/\\\/www.eldigitaldeasturias.com\\\/noticias\\\/retoman-la-busqueda-del-cuerpo-de-hodei-egiluz-en-los-muelles-de-amberes\\\/#mainImage\"},\"primaryImageOfPage\":{\"@id\":\"https:\\\/\\\/www.eldigitaldeasturias.com\\\/noticias\\\/retoman-la-busqueda-del-cuerpo-de-hodei-egiluz-en-los-muelles-de-amberes\\\/#mainImage\"},\"datePublished\":\"2013-12-06T00:38:56+01:00\",\"dateModified\":\"2013-12-06T00:38:56+01:00\"},{\"@type\":\"WebSite\",\"@id\":\"https:\\\/\\\/www.eldigitaldeasturias.com\\\/noticias\\\/#website\",\"url\":\"https:\\\/\\\/www.eldigitaldeasturias.com\\\/noticias\\\/\",\"name\":\"El Digital de Asturias - Diario de actualidad y noticias\",\"alternateName\":\"El Digital de Asturias - Diario de actualidad y noticias\",\"description\":\"Hemeroteca\",\"inLanguage\":\"es-ES\",\"publisher\":{\"@id\":\"https:\\\/\\\/www.eldigitaldeasturias.com\\\/noticias\\\/#organization\"}}]}\n\t\t<\/script>\n\t\t<!-- All in One SEO Pro -->\r\n\t\t<title>Retoman la b\u00fasqueda del cuerpo de Hodei Egiluz en los muelles de Amberes - El Digital de Asturias<\/title>\n\n","aioseo_head_json":{"title":"Retoman la b\u00fasqueda del cuerpo de Hodei Egiluz en los muelles de Amberes - El Digital de Asturias","description":"Bruselas, 5 dic (EFE).- Las autoridades belgas han retomado hoy en los muelles del r\u00edo Escalda de Amberes la b\u00fasqueda del cuerpo de Hodei Egiluz D\u00edaz, el joven vasco desaparecido el pasado 18 de octubre en la ciudad belga, inform\u00f3 la Fiscal\u00eda. Los equipos que rastrean las aguas del r\u00edo cuentan con la asistencia de","canonical_url":"https:\/\/www.eldigitaldeasturias.com\/noticias\/retoman-la-busqueda-del-cuerpo-de-hodei-egiluz-en-los-muelles-de-amberes\/","robots":"max-image-preview:large","keywords":"sucesos","webmasterTools":{"google-site-verification":"UA-38556648-1","msvalidate.01":"7dfe9f3f1b24437ab69f4f2559babe99","miscellaneous":""},"schema":{"@context":"https:\/\/schema.org","@graph":[{"@type":"BlogPosting","@id":"https:\/\/www.eldigitaldeasturias.com\/noticias\/retoman-la-busqueda-del-cuerpo-de-hodei-egiluz-en-los-muelles-de-amberes\/#blogposting","name":"Retoman la b\u00fasqueda del cuerpo de Hodei Egiluz en los muelles de Amberes - El Digital de Asturias","headline":"Retoman la b\u00fasqueda del cuerpo de Hodei Egiluz en los muelles de Amberes","author":{"@id":"https:\/\/www.eldigitaldeasturias.com\/noticias\/author\/admin\/#author"},"publisher":{"@id":"https:\/\/www.eldigitaldeasturias.com\/noticias\/#organization"},"image":{"@type":"ImageObject","url":458445},"datePublished":"2013-12-06T00:38:56+01:00","dateModified":"2013-12-06T00:38:56+01:00","inLanguage":"es-ES","mainEntityOfPage":{"@id":"https:\/\/www.eldigitaldeasturias.com\/noticias\/retoman-la-busqueda-del-cuerpo-de-hodei-egiluz-en-los-muelles-de-amberes\/#webpage"},"isPartOf":{"@id":"https:\/\/www.eldigitaldeasturias.com\/noticias\/retoman-la-busqueda-del-cuerpo-de-hodei-egiluz-en-los-muelles-de-amberes\/#webpage"},"articleSection":"Sucesos"},{"@type":"BreadcrumbList","@id":"https:\/\/www.eldigitaldeasturias.com\/noticias\/retoman-la-busqueda-del-cuerpo-de-hodei-egiluz-en-los-muelles-de-amberes\/#breadcrumblist","itemListElement":[{"@type":"ListItem","@id":"https:\/\/www.eldigitaldeasturias.com\/noticias#listItem","position":1,"name":"Home","item":"https:\/\/www.eldigitaldeasturias.com\/noticias","nextItem":{"@type":"ListItem","@id":"https:\/\/www.eldigitaldeasturias.com\/noticias\/category\/sucesos\/#listItem","name":"Sucesos"}},{"@type":"ListItem","@id":"https:\/\/www.eldigitaldeasturias.com\/noticias\/category\/sucesos\/#listItem","position":2,"name":"Sucesos","item":"https:\/\/www.eldigitaldeasturias.com\/noticias\/category\/sucesos\/","nextItem":{"@type":"ListItem","@id":"https:\/\/www.eldigitaldeasturias.com\/noticias\/retoman-la-busqueda-del-cuerpo-de-hodei-egiluz-en-los-muelles-de-amberes\/#listItem","name":"Retoman la b\u00fasqueda del cuerpo de Hodei Egiluz en los muelles de Amberes"},"previousItem":{"@type":"ListItem","@id":"https:\/\/www.eldigitaldeasturias.com\/noticias#listItem","name":"Home"}},{"@type":"ListItem","@id":"https:\/\/www.eldigitaldeasturias.com\/noticias\/retoman-la-busqueda-del-cuerpo-de-hodei-egiluz-en-los-muelles-de-amberes\/#listItem","position":3,"name":"Retoman la b\u00fasqueda del cuerpo de Hodei Egiluz en los muelles de Amberes","previousItem":{"@type":"ListItem","@id":"https:\/\/www.eldigitaldeasturias.com\/noticias\/category\/sucesos\/#listItem","name":"Sucesos"}}]},{"@type":"Organization","@id":"https:\/\/www.eldigitaldeasturias.com\/noticias\/#organization","name":"El Digital de Asturias","description":"Hemeroteca","url":"https:\/\/www.eldigitaldeasturias.com\/noticias\/","email":"info@eldigitaldeasturias.com","telephone":"+34652131393","logo":{"@type":"ImageObject","url":"https:\/\/www.eldigitaldeasturias.com\/noticias\/wp-content\/uploads\/2020\/12\/EDA.jpg","@id":"https:\/\/www.eldigitaldeasturias.com\/noticias\/retoman-la-busqueda-del-cuerpo-de-hodei-egiluz-en-los-muelles-de-amberes\/#organizationLogo"},"image":{"@id":"https:\/\/www.eldigitaldeasturias.com\/noticias\/retoman-la-busqueda-del-cuerpo-de-hodei-egiluz-en-los-muelles-de-amberes\/#organizationLogo"},"sameAs":["https:\/\/facebook.com\/eldigitaldeasturias","https:\/\/www.youtube.com\/channel\/UCZP-2wLEB9Rv6erhFmqVnvg"],"address":{"@id":"https:\/\/www.eldigitaldeasturias.com\/noticias\/#postaladdress","@type":"PostalAddress","streetAddress":"san antonio 4","postalCode":"33430","addressLocality":"Cand\u00e1s","addressRegion":"Asturias","addressCountry":"ES"}},{"@type":"Person","@id":"https:\/\/www.eldigitaldeasturias.com\/noticias\/author\/admin\/#author","url":"https:\/\/www.eldigitaldeasturias.com\/noticias\/author\/admin\/","name":"El Digital de Asturias","image":{"@type":"ImageObject","@id":"https:\/\/www.eldigitaldeasturias.com\/noticias\/retoman-la-busqueda-del-cuerpo-de-hodei-egiluz-en-los-muelles-de-amberes\/#authorImage","url":"https:\/\/secure.gravatar.com\/avatar\/df2aeffc32bcd13f8d26072ef8a91b623d677766deac7f97ca815868cd41bf5e?s=96&d=mm&r=g","width":96,"height":96,"caption":"El Digital de Asturias"}},{"@type":"WebPage","@id":"https:\/\/www.eldigitaldeasturias.com\/noticias\/retoman-la-busqueda-del-cuerpo-de-hodei-egiluz-en-los-muelles-de-amberes\/#webpage","url":"https:\/\/www.eldigitaldeasturias.com\/noticias\/retoman-la-busqueda-del-cuerpo-de-hodei-egiluz-en-los-muelles-de-amberes\/","name":"Retoman la b\u00fasqueda del cuerpo de Hodei Egiluz en los muelles de Amberes - El Digital de Asturias","description":"Bruselas, 5 dic (EFE).- Las autoridades belgas han retomado hoy en los muelles del r\u00edo Escalda de Amberes la b\u00fasqueda del cuerpo de Hodei Egiluz D\u00edaz, el joven vasco desaparecido el pasado 18 de octubre en la ciudad belga, inform\u00f3 la Fiscal\u00eda. Los equipos que rastrean las aguas del r\u00edo cuentan con la asistencia de","inLanguage":"es-ES","isPartOf":{"@id":"https:\/\/www.eldigitaldeasturias.com\/noticias\/#website"},"breadcrumb":{"@id":"https:\/\/www.eldigitaldeasturias.com\/noticias\/retoman-la-busqueda-del-cuerpo-de-hodei-egiluz-en-los-muelles-de-amberes\/#breadcrumblist"},"author":{"@id":"https:\/\/www.eldigitaldeasturias.com\/noticias\/author\/admin\/#author"},"creator":{"@id":"https:\/\/www.eldigitaldeasturias.com\/noticias\/author\/admin\/#author"},"image":{"@type":"ImageObject","url":458445,"@id":"https:\/\/www.eldigitaldeasturias.com\/noticias\/retoman-la-busqueda-del-cuerpo-de-hodei-egiluz-en-los-muelles-de-amberes\/#mainImage"},"primaryImageOfPage":{"@id":"https:\/\/www.eldigitaldeasturias.com\/noticias\/retoman-la-busqueda-del-cuerpo-de-hodei-egiluz-en-los-muelles-de-amberes\/#mainImage"},"datePublished":"2013-12-06T00:38:56+01:00","dateModified":"2013-12-06T00:38:56+01:00"},{"@type":"WebSite","@id":"https:\/\/www.eldigitaldeasturias.com\/noticias\/#website","url":"https:\/\/www.eldigitaldeasturias.com\/noticias\/","name":"El Digital de Asturias - Diario de actualidad y noticias","alternateName":"El Digital de Asturias - Diario de actualidad y noticias","description":"Hemeroteca","inLanguage":"es-ES","publisher":{"@id":"https:\/\/www.eldigitaldeasturias.com\/noticias\/#organization"}}]},"og:locale":"es_ES","og:site_name":"El Digital de Asturias","og:type":"article","og:title":"Retoman la b\u00fasqueda del cuerpo de Hodei Egiluz en los muelles de Amberes - El Digital de Asturias","og:description":"Bruselas, 5 dic (EFE).- Las autoridades belgas han retomado hoy en los muelles del r\u00edo Escalda de Amberes la b\u00fasqueda del cuerpo de Hodei Egiluz D\u00edaz, el joven vasco desaparecido el pasado 18 de octubre en la ciudad belga, inform\u00f3 la Fiscal\u00eda. Los equipos que rastrean las aguas del r\u00edo cuentan con la asistencia de","og:url":"https:\/\/www.eldigitaldeasturias.com\/noticias\/retoman-la-busqueda-del-cuerpo-de-hodei-egiluz-en-los-muelles-de-amberes\/","article:tag":["sucesos"],"article:published_time":"2013-12-06T01:38:56+00:00","article:modified_time":"2013-12-06T01:38:56+00:00","article:publisher":"https:\/\/facebook.com\/eldigitaldeasturias","twitter:card":"summary_large_image","twitter:title":"Retoman la b\u00fasqueda del cuerpo de Hodei Egiluz en los muelles de Amberes - El Digital de Asturias","twitter:description":"Bruselas, 5 dic (EFE).- Las autoridades belgas han retomado hoy en los muelles del r\u00edo Escalda de Amberes la b\u00fasqueda del cuerpo de Hodei Egiluz D\u00edaz, el joven vasco desaparecido el pasado 18 de octubre en la ciudad belga, inform\u00f3 la Fiscal\u00eda. Los equipos que rastrean las aguas del r\u00edo cuentan con la asistencia de","twitter:label1":"Escrito por","twitter:data1":"El Digital de Asturias","twitter:label2":"Tiempo de lectura estimado","twitter:data2":"2 minutos"},"aioseo_meta_data":{"post_id":"458444","title":null,"description":null,"keywords":null,"keyphrases":null,"primary_term":null,"canonical_url":null,"og_title":null,"og_description":null,"og_object_type":"default","og_image_type":"default","og_image_url":null,"og_image_width":null,"og_image_height":null,"og_image_custom_url":null,"og_image_custom_fields":null,"og_video":null,"og_custom_url":null,"og_article_section":null,"og_article_tags":null,"twitter_use_og":true,"twitter_card":"default","twitter_image_type":"default","twitter_image_url":null,"twitter_image_custom_url":null,"twitter_image_custom_fields":null,"twitter_title":null,"twitter_description":null,"schema":{"blockGraphs":[],"customGraphs":[],"default":{"data":{"Article":[],"Course":[],"Dataset":[],"FAQPage":[],"Movie":[],"Person":[],"Product":[],"ProductReview":[],"Car":[],"Recipe":[],"Service":[],"SoftwareApplication":[],"WebPage":[]},"graphName":"","isEnabled":true},"graphs":[],"defaultGraph":"","defaultPostTypeGraph":""},"schema_type":null,"schema_type_options":null,"pillar_content":false,"robots_default":true,"robots_noindex":false,"robots_noarchive":false,"robots_nosnippet":false,"robots_nofollow":false,"robots_noimageindex":false,"robots_noodp":false,"robots_notranslate":false,"robots_max_snippet":null,"robots_max_videopreview":null,"robots_max_imagepreview":"none","priority":null,"frequency":null,"local_seo":null,"seo_analyzer_scan_date":"2026-05-30 05:34:13","breadcrumb_settings":null,"limit_modified_date":false,"open_ai":null,"ai":null,"created":"2020-11-14 22:46:17","updated":"2026-05-30 05:34:13","focus_keyword":null,"additional_keywords":null,"truseo_locale":null},"aioseo_breadcrumb":"<div class=\"aioseo-breadcrumbs\"><span class=\"aioseo-breadcrumb\">\n\t<a href=\"https:\/\/www.eldigitaldeasturias.com\/noticias\" title=\"Home\">Home<\/a>\n<\/span><span class=\"aioseo-breadcrumb-separator\">\u2013<\/span><span class=\"aioseo-breadcrumb\">\n\t<a href=\"https:\/\/www.eldigitaldeasturias.com\/noticias\/category\/sucesos\/\" title=\"Sucesos\">Sucesos<\/a>\n<\/span><span class=\"aioseo-breadcrumb-separator\">\u2013<\/span><span class=\"aioseo-breadcrumb\">\n\t<a href=\"https:\/\/www.eldigitaldeasturias.com\/noticias\/retoman-la-busqueda-del-cuerpo-de-hodei-egiluz-en-los-muelles-de-amberes\/\" title=\"Retoman la b\u00fasqueda del cuerpo de Hodei Egiluz en los muelles de Amberes\">Retoman la b\u00fasqueda del cuerpo de Hodei Egiluz en los muelles de Amberes<\/a>\n<\/span><\/div>","aioseo_breadcrumb_json":[{"label":"Home","link":"https:\/\/www.eldigitaldeasturias.com\/noticias"},{"label":"Sucesos","link":"https:\/\/www.eldigitaldeasturias.com\/noticias\/category\/sucesos\/"},{"label":"Retoman la b\u00fasqueda del cuerpo de Hodei Egiluz en los muelles de Amberes","link":"https:\/\/www.eldigitaldeasturias.com\/noticias\/retoman-la-busqueda-del-cuerpo-de-hodei-egiluz-en-los-muelles-de-amberes\/"}],"_links":{"self":[{"href":"https:\/\/www.eldigitaldeasturias.com\/noticias\/wp-json\/wp\/v2\/posts\/458444","targetHints":{"allow":["GET"]}}],"collection":[{"href":"https:\/\/www.eldigitaldeasturias.com\/noticias\/wp-json\/wp\/v2\/posts"}],"about":[{"href":"https:\/\/www.eldigitaldeasturias.com\/noticias\/wp-json\/wp\/v2\/types\/post"}],"author":[{"embeddable":true,"href":"https:\/\/www.eldigitaldeasturias.com\/noticias\/wp-json\/wp\/v2\/users\/1"}],"replies":[{"embeddable":true,"href":"https:\/\/www.eldigitaldeasturias.com\/noticias\/wp-json\/wp\/v2\/comments?post=458444"}],"version-history":[{"count":0,"href":"https:\/\/www.eldigitaldeasturias.com\/noticias\/wp-json\/wp\/v2\/posts\/458444\/revisions"}],"wp:attachment":[{"href":"https:\/\/www.eldigitaldeasturias.com\/noticias\/wp-json\/wp\/v2\/media?parent=458444"}],"wp:term":[{"taxonomy":"category","embeddable":true,"href":"https:\/\/www.eldigitaldeasturias.com\/noticias\/wp-json\/wp\/v2\/categories?post=458444"},{"taxonomy":"post_tag","embeddable":true,"href":"https:\/\/www.eldigitaldeasturias.com\/noticias\/wp-json\/wp\/v2\/tags?post=458444"}],"curies":[{"name":"wp","href":"https:\/\/api.w.org\/{rel}","templated":true}]}}