{"id":458432,"date":"2013-12-06T00:31:45","date_gmt":"2013-12-06T01:31:45","guid":{"rendered":"http:\/\/www.eldigitaldeasturias.com\/noticias\/?p=458432"},"modified":"2013-12-06T00:31:45","modified_gmt":"2013-12-06T01:31:45","slug":"las-campanas-de-toledo-anunciaran-el-18-de-enero-el-comienzo-del-ano-el-greco","status":"publish","type":"post","link":"https:\/\/www.eldigitaldeasturias.com\/noticias\/las-campanas-de-toledo-anunciaran-el-18-de-enero-el-comienzo-del-ano-el-greco\/","title":{"rendered":"Las campanas de Toledo anunciar\u00e1n el 18 de enero el comienzo del a\u00f1o El Greco"},"content":{"rendered":"<p><img loading=\"lazy\" decoding=\"async\" class=\"alignleft size-medium wp-image-458433\" alt=\"5774530w\" src=\"https:\/\/www.eldigitaldeasturias.com\/noticias\/wp-content\/uploads\/2013\/12\/5774530w-360x211.jpg\" width=\"360\" height=\"211\" \/>Madrid, 5 dic (EFE).- Veinticinco campanarios de Toledo anunciar\u00e1n al mundo el pr\u00f3ximo 18 de enero que comienza El Greco 2014, es decir, actividades \u00ab\u00fanicas e irrepetibles\u00bb para conmemorar los 400 a\u00f1os de la muerte del pintor cretense, que leg\u00f3 a esa ciudad espa\u00f1ola un tesoro que ha inspirado a artistas de todas las \u00e9pocas.<\/p>\n<p>Cien personas coordinar\u00e1n desde 25 campanarios de otras tantas iglesias de Toledo su ta\u00f1ir en una \u00absinfon\u00eda\u00bb \u00fanica, dirigida por el m\u00fasico valenciano Llorenc Barber, que abrir\u00e1 un programa oficial \u00abque cubre todas las expectativas\u00bb, seg\u00fan explica a Efe el presidente del Patronato de El Greco 2014, Gregorio Mara\u00f1\u00f3n.<\/p>\n<p>Tres a\u00f1os de trabajo -\u00abpoco tiempo para un empe\u00f1o semejante\u00bb, dice Mara\u00f1\u00f3n- se traducir\u00e1n a partir del 18 de enero en actividades cuyo eje central gira en torno a la obra del pintor y las exposiciones que se han organizado en Toledo, Madrid y Valladolid y en las que se espera que haya cerca de un mill\u00f3n de visitantes.<\/p>\n<p>El presupuesto, ha precisado Mara\u00f1\u00f3n, es de 15 millones de euros, de los que el 88 por ciento corresponde a patrocinio privado, pero \u00aba\u00fan\u00bb, ha matizado, se est\u00e1n incorporando \u00abiniciativas\u00bb que conllevar\u00e1n su propio patrocinio.<\/p>\n<p>\u00abHemos hecho un proyecto extraordinario con ofertas expositivas que abarcan desde la pintura a las artes esc\u00e9nicas, la m\u00fasica, el teatro y la investigaci\u00f3n, a lo que se une dos grandes congresos, reuniones de las Reales Academias y un proyecto pedag\u00f3gico\u00bb, ha recordado.<\/p>\n<p>El eje vertebrador de las actividades son tres grandes exposiciones sobre El Greco (1541), dos de ellas en Toledo, donde \u00abhasta ahora -subraya- no hab\u00eda habido ninguna\u00bb protagonizada por el artista.<\/p>\n<p>El 14 de marzo arrancar\u00e1 la primera, \u00abEl griego de Toledo\u00bb, 80 obras procedentes de las principales colecciones y museos del mundo, que se expondr\u00e1n en el Museo de Santa Cruz de Toledo y en cinco \u00absubsedes\u00bb, en las que se encuentran los cuadros desde que el pintor los termin\u00f3 y entreg\u00f3.<\/p>\n<p>\u00abSer\u00e1 dificil\u00edsimo, por no decir imposible, volver a reunir lo que va a estar expuesto -durante tres meses- para esta ocasi\u00f3n\u00bb, subraya Mara\u00f1\u00f3n.<\/p>\n<p>Una de las \u00absubsedes\u00bb es la capilla de San Jos\u00e9, cerca de la c\u00e9ntrica plaza de Zocodover y cerrada desde hace tres d\u00e9cadas: \u00abEs un espacio fundamental; la casa en la que estuvo Santa Teresa y en la que pens\u00f3 fundar un convento, aunque luego se decant\u00f3 por otro lugar incorporado a un palacio medieval mud\u00e9jar, que es una verdadera joya de la arquitectura civil\u00bb.<\/p>\n<p>All\u00ed est\u00e1n dos importantes \u00abgrecos\u00bb, \u00abSan Jos\u00e9 con el Ni\u00f1o\u00bb y la \u00abCoronaci\u00f3n de la Virgen\u00bb, y los otros dos que estuvieron originalmente, \u00abSan Mart\u00edn y el mendigo\u00bb y \u00abLa Virgen con el Ni\u00f1o, Santa In\u00e9s y Santa Mart\u00edn\u00bb, y que adquiri\u00f3 en 1906 la National Gallery de Washington, se expondr\u00e1n en el Museo de Santa Cruz.<\/p>\n<p>La capilla se abrir\u00e1 al p\u00fablico por primera vez con motivo de esta exposici\u00f3n, y dado que es \u00abun espacio muy reducido\u00bb, el flujo de visitantes \u00abtendr\u00e1 que adecuarse\u00bb con una f\u00f3rmula que est\u00e1 a\u00fan \u00abperfil\u00e1ndose\u00bb.<\/p>\n<p>El Museo del Prado ser\u00e1 el que albergue \u00abEl Greco y la pintura moderna\u00bb, en la que se pondr\u00e1 de relieve la influencia del pintor en los artistas de finales del XIX y del siglo XX.<\/p>\n<p>El tercer pilar expositivo de El Greco 2013 ser\u00e1 \u00abEl Greco: arte y oficio\u00bb, en el Museo de Santa Cruz de Toledo, \u00abque presenta el apasionante enigma de la relaci\u00f3n entre el taller y el maestro en cuanto a la autor\u00eda de las obras que salieron de manos\u00bb del pintor.<\/p>\n<p>\u00abDonde est\u00e1 la mano de El Greco, hay arte; donde est\u00e1 el taller, hay oficio\u00bb, resume.<\/p>\n<p>Otra fecha clave ser\u00e1 el 7 de abril, fecha de la muerte en Toledo de El Greco, en 1614, fecha en la que el conjunto instrumental Plural Ensamble, dirigido pro Michael Noone, interpretar\u00e1 en la Catedral Primada el \u00abR\u00e9quiem\u00bb de Crist\u00f3bal de Morales.<\/p>\n<p>\u00abEs un verdadero milagro que con la crisis que ha habido estos tres \u00faltimos a\u00f1os, un verdadero temporal de grandes consecuencias, el resultado sea tan espectacular\u00bb, ha presumido el presidente del patronato.<\/p>\n<p>Por Concha Barrig\u00f3s<\/p>\n","protected":false},"excerpt":{"rendered":"<p>Madrid, 5 dic (EFE).- Veinticinco campanarios de Toledo anunciar\u00e1n al mundo el pr\u00f3ximo 18 de enero que comienza El Greco 2014, es decir, actividades \u00ab\u00fanicas e irrepetibles\u00bb para conmemorar los 400 a\u00f1os de la muerte del pintor cretense, que leg\u00f3 a esa ciudad espa\u00f1ola un tesoro que ha inspirado a artistas de todas las \u00e9pocas. [&hellip;]<\/p>\n","protected":false},"author":1,"featured_media":458433,"comment_status":"closed","ping_status":"open","sticky":false,"template":"","format":"standard","meta":{"footnotes":""},"categories":[50],"tags":[],"class_list":["post-458432","post","type-post","status-publish","format-standard","has-post-thumbnail","hentry","category-revista-de-ocio"],"aioseo_notices":[],"aioseo_head":"\n\t\t<!-- All in One SEO Pro 5.0.1 - aioseo.com -->\n\t<meta name=\"description\" content=\"Madrid, 5 dic (EFE).- Veinticinco campanarios de Toledo anunciar\u00e1n al mundo el pr\u00f3ximo 18 de enero que comienza El Greco 2014, es decir, actividades &quot;\u00fanicas e irrepetibles&quot; para conmemorar los 400 a\u00f1os de la muerte del pintor cretense, que leg\u00f3 a esa ciudad espa\u00f1ola un tesoro que ha inspirado a artistas de todas las \u00e9pocas.\" \/>\n\t<meta name=\"robots\" content=\"max-image-preview:large\" \/>\n\t<meta name=\"author\" content=\"El Digital de Asturias\"\/>\n\t<meta name=\"google-site-verification\" content=\"UA-38556648-1\" \/>\n\t<meta name=\"msvalidate.01\" content=\"7dfe9f3f1b24437ab69f4f2559babe99\" \/>\n\t<meta name=\"keywords\" content=\"revista de ocio\" \/>\n\t<link rel=\"canonical\" href=\"https:\/\/www.eldigitaldeasturias.com\/noticias\/las-campanas-de-toledo-anunciaran-el-18-de-enero-el-comienzo-del-ano-el-greco\/\" \/>\n\t<meta name=\"generator\" content=\"All in One SEO Pro (AIOSEO) 5.0.1\" \/>\n\t\t<meta property=\"og:locale\" content=\"es_ES\" \/>\n\t\t<meta property=\"og:site_name\" content=\"El Digital de Asturias\" \/>\n\t\t<meta property=\"og:type\" content=\"article\" \/>\n\t\t<meta property=\"og:title\" content=\"Las campanas de Toledo anunciar\u00e1n el 18 de enero el comienzo del a\u00f1o El Greco - El Digital de Asturias\" \/>\n\t\t<meta property=\"og:description\" content=\"Madrid, 5 dic (EFE).- Veinticinco campanarios de Toledo anunciar\u00e1n al mundo el pr\u00f3ximo 18 de enero que comienza El Greco 2014, es decir, actividades &quot;\u00fanicas e irrepetibles&quot; para conmemorar los 400 a\u00f1os de la muerte del pintor cretense, que leg\u00f3 a esa ciudad espa\u00f1ola un tesoro que ha inspirado a artistas de todas las \u00e9pocas.\" \/>\n\t\t<meta property=\"og:url\" content=\"https:\/\/www.eldigitaldeasturias.com\/noticias\/las-campanas-de-toledo-anunciaran-el-18-de-enero-el-comienzo-del-ano-el-greco\/\" \/>\n\t\t<meta property=\"article:tag\" content=\"revista de ocio\" \/>\n\t\t<meta property=\"article:published_time\" content=\"2013-12-06T01:31:45+00:00\" \/>\n\t\t<meta property=\"article:modified_time\" content=\"2013-12-06T01:31:45+00:00\" \/>\n\t\t<meta property=\"article:publisher\" content=\"https:\/\/facebook.com\/eldigitaldeasturias\" \/>\n\t\t<meta name=\"twitter:card\" content=\"summary_large_image\" \/>\n\t\t<meta name=\"twitter:title\" content=\"Las campanas de Toledo anunciar\u00e1n el 18 de enero el comienzo del a\u00f1o El Greco - El Digital de Asturias\" \/>\n\t\t<meta name=\"twitter:description\" content=\"Madrid, 5 dic (EFE).- Veinticinco campanarios de Toledo anunciar\u00e1n al mundo el pr\u00f3ximo 18 de enero que comienza El Greco 2014, es decir, actividades &quot;\u00fanicas e irrepetibles&quot; para conmemorar los 400 a\u00f1os de la muerte del pintor cretense, que leg\u00f3 a esa ciudad espa\u00f1ola un tesoro que ha inspirado a artistas de todas las \u00e9pocas.\" \/>\n\t\t<meta name=\"twitter:label1\" content=\"Escrito por\" \/>\n\t\t<meta name=\"twitter:data1\" content=\"El Digital de Asturias\" \/>\n\t\t<meta name=\"twitter:label2\" content=\"Tiempo de lectura estimado\" \/>\n\t\t<meta name=\"twitter:data2\" content=\"4 minutos\" \/>\n\t\t<script type=\"application\/ld+json\" class=\"aioseo-schema\">\n\t\t\t{\"@context\":\"https:\\\/\\\/schema.org\",\"@graph\":[{\"@type\":\"BlogPosting\",\"@id\":\"https:\\\/\\\/www.eldigitaldeasturias.com\\\/noticias\\\/las-campanas-de-toledo-anunciaran-el-18-de-enero-el-comienzo-del-ano-el-greco\\\/#blogposting\",\"name\":\"Las campanas de Toledo anunciar\\u00e1n el 18 de enero el comienzo del a\\u00f1o El Greco - El Digital de Asturias\",\"headline\":\"Las campanas de Toledo anunciar\\u00e1n el 18 de enero el comienzo del a\\u00f1o El Greco\",\"author\":{\"@id\":\"https:\\\/\\\/www.eldigitaldeasturias.com\\\/noticias\\\/author\\\/admin\\\/#author\"},\"publisher\":{\"@id\":\"https:\\\/\\\/www.eldigitaldeasturias.com\\\/noticias\\\/#organization\"},\"image\":{\"@type\":\"ImageObject\",\"url\":458433},\"datePublished\":\"2013-12-06T00:31:45+01:00\",\"dateModified\":\"2013-12-06T00:31:45+01:00\",\"inLanguage\":\"es-ES\",\"mainEntityOfPage\":{\"@id\":\"https:\\\/\\\/www.eldigitaldeasturias.com\\\/noticias\\\/las-campanas-de-toledo-anunciaran-el-18-de-enero-el-comienzo-del-ano-el-greco\\\/#webpage\"},\"isPartOf\":{\"@id\":\"https:\\\/\\\/www.eldigitaldeasturias.com\\\/noticias\\\/las-campanas-de-toledo-anunciaran-el-18-de-enero-el-comienzo-del-ano-el-greco\\\/#webpage\"},\"articleSection\":\"Revista de Ocio\"},{\"@type\":\"BreadcrumbList\",\"@id\":\"https:\\\/\\\/www.eldigitaldeasturias.com\\\/noticias\\\/las-campanas-de-toledo-anunciaran-el-18-de-enero-el-comienzo-del-ano-el-greco\\\/#breadcrumblist\",\"itemListElement\":[{\"@type\":\"ListItem\",\"@id\":\"https:\\\/\\\/www.eldigitaldeasturias.com\\\/noticias#listItem\",\"position\":1,\"name\":\"Home\",\"item\":\"https:\\\/\\\/www.eldigitaldeasturias.com\\\/noticias\",\"nextItem\":{\"@type\":\"ListItem\",\"@id\":\"https:\\\/\\\/www.eldigitaldeasturias.com\\\/noticias\\\/category\\\/revista-de-ocio\\\/#listItem\",\"name\":\"Revista de Ocio\"}},{\"@type\":\"ListItem\",\"@id\":\"https:\\\/\\\/www.eldigitaldeasturias.com\\\/noticias\\\/category\\\/revista-de-ocio\\\/#listItem\",\"position\":2,\"name\":\"Revista de Ocio\",\"item\":\"https:\\\/\\\/www.eldigitaldeasturias.com\\\/noticias\\\/category\\\/revista-de-ocio\\\/\",\"nextItem\":{\"@type\":\"ListItem\",\"@id\":\"https:\\\/\\\/www.eldigitaldeasturias.com\\\/noticias\\\/las-campanas-de-toledo-anunciaran-el-18-de-enero-el-comienzo-del-ano-el-greco\\\/#listItem\",\"name\":\"Las campanas de Toledo anunciar\\u00e1n el 18 de enero el comienzo del a\\u00f1o El Greco\"},\"previousItem\":{\"@type\":\"ListItem\",\"@id\":\"https:\\\/\\\/www.eldigitaldeasturias.com\\\/noticias#listItem\",\"name\":\"Home\"}},{\"@type\":\"ListItem\",\"@id\":\"https:\\\/\\\/www.eldigitaldeasturias.com\\\/noticias\\\/las-campanas-de-toledo-anunciaran-el-18-de-enero-el-comienzo-del-ano-el-greco\\\/#listItem\",\"position\":3,\"name\":\"Las campanas de Toledo anunciar\\u00e1n el 18 de enero el comienzo del a\\u00f1o El Greco\",\"previousItem\":{\"@type\":\"ListItem\",\"@id\":\"https:\\\/\\\/www.eldigitaldeasturias.com\\\/noticias\\\/category\\\/revista-de-ocio\\\/#listItem\",\"name\":\"Revista de Ocio\"}}]},{\"@type\":\"Organization\",\"@id\":\"https:\\\/\\\/www.eldigitaldeasturias.com\\\/noticias\\\/#organization\",\"name\":\"El Digital de Asturias\",\"description\":\"Hemeroteca\",\"url\":\"https:\\\/\\\/www.eldigitaldeasturias.com\\\/noticias\\\/\",\"email\":\"info@eldigitaldeasturias.com\",\"telephone\":\"+34652131393\",\"logo\":{\"@type\":\"ImageObject\",\"url\":\"https:\\\/\\\/www.eldigitaldeasturias.com\\\/noticias\\\/wp-content\\\/uploads\\\/2020\\\/12\\\/EDA.jpg\",\"@id\":\"https:\\\/\\\/www.eldigitaldeasturias.com\\\/noticias\\\/las-campanas-de-toledo-anunciaran-el-18-de-enero-el-comienzo-del-ano-el-greco\\\/#organizationLogo\"},\"image\":{\"@id\":\"https:\\\/\\\/www.eldigitaldeasturias.com\\\/noticias\\\/las-campanas-de-toledo-anunciaran-el-18-de-enero-el-comienzo-del-ano-el-greco\\\/#organizationLogo\"},\"sameAs\":[\"https:\\\/\\\/facebook.com\\\/eldigitaldeasturias\",\"https:\\\/\\\/www.youtube.com\\\/channel\\\/UCZP-2wLEB9Rv6erhFmqVnvg\"],\"address\":{\"@id\":\"https:\\\/\\\/www.eldigitaldeasturias.com\\\/noticias\\\/#postaladdress\",\"@type\":\"PostalAddress\",\"streetAddress\":\"san antonio 4\",\"postalCode\":\"33430\",\"addressLocality\":\"Cand\\u00e1s\",\"addressRegion\":\"Asturias\",\"addressCountry\":\"ES\"}},{\"@type\":\"Person\",\"@id\":\"https:\\\/\\\/www.eldigitaldeasturias.com\\\/noticias\\\/author\\\/admin\\\/#author\",\"url\":\"https:\\\/\\\/www.eldigitaldeasturias.com\\\/noticias\\\/author\\\/admin\\\/\",\"name\":\"El Digital de Asturias\",\"image\":{\"@type\":\"ImageObject\",\"@id\":\"https:\\\/\\\/www.eldigitaldeasturias.com\\\/noticias\\\/las-campanas-de-toledo-anunciaran-el-18-de-enero-el-comienzo-del-ano-el-greco\\\/#authorImage\",\"url\":\"https:\\\/\\\/secure.gravatar.com\\\/avatar\\\/df2aeffc32bcd13f8d26072ef8a91b623d677766deac7f97ca815868cd41bf5e?s=96&d=mm&r=g\",\"width\":96,\"height\":96,\"caption\":\"El Digital de Asturias\"}},{\"@type\":\"WebPage\",\"@id\":\"https:\\\/\\\/www.eldigitaldeasturias.com\\\/noticias\\\/las-campanas-de-toledo-anunciaran-el-18-de-enero-el-comienzo-del-ano-el-greco\\\/#webpage\",\"url\":\"https:\\\/\\\/www.eldigitaldeasturias.com\\\/noticias\\\/las-campanas-de-toledo-anunciaran-el-18-de-enero-el-comienzo-del-ano-el-greco\\\/\",\"name\":\"Las campanas de Toledo anunciar\\u00e1n el 18 de enero el comienzo del a\\u00f1o El Greco - El Digital de Asturias\",\"description\":\"Madrid, 5 dic (EFE).- Veinticinco campanarios de Toledo anunciar\\u00e1n al mundo el pr\\u00f3ximo 18 de enero que comienza El Greco 2014, es decir, actividades \\\"\\u00fanicas e irrepetibles\\\" para conmemorar los 400 a\\u00f1os de la muerte del pintor cretense, que leg\\u00f3 a esa ciudad espa\\u00f1ola un tesoro que ha inspirado a artistas de todas las \\u00e9pocas.\",\"inLanguage\":\"es-ES\",\"isPartOf\":{\"@id\":\"https:\\\/\\\/www.eldigitaldeasturias.com\\\/noticias\\\/#website\"},\"breadcrumb\":{\"@id\":\"https:\\\/\\\/www.eldigitaldeasturias.com\\\/noticias\\\/las-campanas-de-toledo-anunciaran-el-18-de-enero-el-comienzo-del-ano-el-greco\\\/#breadcrumblist\"},\"author\":{\"@id\":\"https:\\\/\\\/www.eldigitaldeasturias.com\\\/noticias\\\/author\\\/admin\\\/#author\"},\"creator\":{\"@id\":\"https:\\\/\\\/www.eldigitaldeasturias.com\\\/noticias\\\/author\\\/admin\\\/#author\"},\"image\":{\"@type\":\"ImageObject\",\"url\":458433,\"@id\":\"https:\\\/\\\/www.eldigitaldeasturias.com\\\/noticias\\\/las-campanas-de-toledo-anunciaran-el-18-de-enero-el-comienzo-del-ano-el-greco\\\/#mainImage\"},\"primaryImageOfPage\":{\"@id\":\"https:\\\/\\\/www.eldigitaldeasturias.com\\\/noticias\\\/las-campanas-de-toledo-anunciaran-el-18-de-enero-el-comienzo-del-ano-el-greco\\\/#mainImage\"},\"datePublished\":\"2013-12-06T00:31:45+01:00\",\"dateModified\":\"2013-12-06T00:31:45+01:00\"},{\"@type\":\"WebSite\",\"@id\":\"https:\\\/\\\/www.eldigitaldeasturias.com\\\/noticias\\\/#website\",\"url\":\"https:\\\/\\\/www.eldigitaldeasturias.com\\\/noticias\\\/\",\"name\":\"El Digital de Asturias - Diario de actualidad y noticias\",\"alternateName\":\"El Digital de Asturias - Diario de actualidad y noticias\",\"description\":\"Hemeroteca\",\"inLanguage\":\"es-ES\",\"publisher\":{\"@id\":\"https:\\\/\\\/www.eldigitaldeasturias.com\\\/noticias\\\/#organization\"}}]}\n\t\t<\/script>\n\t\t<!-- All in One SEO Pro -->\r\n\t\t<title>Las campanas de Toledo anunciar\u00e1n el 18 de enero el comienzo del a\u00f1o El Greco - El Digital de Asturias<\/title>\n\n","aioseo_head_json":{"title":"Las campanas de Toledo anunciar\u00e1n el 18 de enero el comienzo del a\u00f1o El Greco - El Digital de Asturias","description":"Madrid, 5 dic (EFE).- Veinticinco campanarios de Toledo anunciar\u00e1n al mundo el pr\u00f3ximo 18 de enero que comienza El Greco 2014, es decir, actividades \"\u00fanicas e irrepetibles\" para conmemorar los 400 a\u00f1os de la muerte del pintor cretense, que leg\u00f3 a esa ciudad espa\u00f1ola un tesoro que ha inspirado a artistas de todas las \u00e9pocas.","canonical_url":"https:\/\/www.eldigitaldeasturias.com\/noticias\/las-campanas-de-toledo-anunciaran-el-18-de-enero-el-comienzo-del-ano-el-greco\/","robots":"max-image-preview:large","keywords":"revista de ocio","webmasterTools":{"google-site-verification":"UA-38556648-1","msvalidate.01":"7dfe9f3f1b24437ab69f4f2559babe99","miscellaneous":""},"schema":{"@context":"https:\/\/schema.org","@graph":[{"@type":"BlogPosting","@id":"https:\/\/www.eldigitaldeasturias.com\/noticias\/las-campanas-de-toledo-anunciaran-el-18-de-enero-el-comienzo-del-ano-el-greco\/#blogposting","name":"Las campanas de Toledo anunciar\u00e1n el 18 de enero el comienzo del a\u00f1o El Greco - El Digital de Asturias","headline":"Las campanas de Toledo anunciar\u00e1n el 18 de enero el comienzo del a\u00f1o El Greco","author":{"@id":"https:\/\/www.eldigitaldeasturias.com\/noticias\/author\/admin\/#author"},"publisher":{"@id":"https:\/\/www.eldigitaldeasturias.com\/noticias\/#organization"},"image":{"@type":"ImageObject","url":458433},"datePublished":"2013-12-06T00:31:45+01:00","dateModified":"2013-12-06T00:31:45+01:00","inLanguage":"es-ES","mainEntityOfPage":{"@id":"https:\/\/www.eldigitaldeasturias.com\/noticias\/las-campanas-de-toledo-anunciaran-el-18-de-enero-el-comienzo-del-ano-el-greco\/#webpage"},"isPartOf":{"@id":"https:\/\/www.eldigitaldeasturias.com\/noticias\/las-campanas-de-toledo-anunciaran-el-18-de-enero-el-comienzo-del-ano-el-greco\/#webpage"},"articleSection":"Revista de Ocio"},{"@type":"BreadcrumbList","@id":"https:\/\/www.eldigitaldeasturias.com\/noticias\/las-campanas-de-toledo-anunciaran-el-18-de-enero-el-comienzo-del-ano-el-greco\/#breadcrumblist","itemListElement":[{"@type":"ListItem","@id":"https:\/\/www.eldigitaldeasturias.com\/noticias#listItem","position":1,"name":"Home","item":"https:\/\/www.eldigitaldeasturias.com\/noticias","nextItem":{"@type":"ListItem","@id":"https:\/\/www.eldigitaldeasturias.com\/noticias\/category\/revista-de-ocio\/#listItem","name":"Revista de Ocio"}},{"@type":"ListItem","@id":"https:\/\/www.eldigitaldeasturias.com\/noticias\/category\/revista-de-ocio\/#listItem","position":2,"name":"Revista de Ocio","item":"https:\/\/www.eldigitaldeasturias.com\/noticias\/category\/revista-de-ocio\/","nextItem":{"@type":"ListItem","@id":"https:\/\/www.eldigitaldeasturias.com\/noticias\/las-campanas-de-toledo-anunciaran-el-18-de-enero-el-comienzo-del-ano-el-greco\/#listItem","name":"Las campanas de Toledo anunciar\u00e1n el 18 de enero el comienzo del a\u00f1o El Greco"},"previousItem":{"@type":"ListItem","@id":"https:\/\/www.eldigitaldeasturias.com\/noticias#listItem","name":"Home"}},{"@type":"ListItem","@id":"https:\/\/www.eldigitaldeasturias.com\/noticias\/las-campanas-de-toledo-anunciaran-el-18-de-enero-el-comienzo-del-ano-el-greco\/#listItem","position":3,"name":"Las campanas de Toledo anunciar\u00e1n el 18 de enero el comienzo del a\u00f1o El Greco","previousItem":{"@type":"ListItem","@id":"https:\/\/www.eldigitaldeasturias.com\/noticias\/category\/revista-de-ocio\/#listItem","name":"Revista de Ocio"}}]},{"@type":"Organization","@id":"https:\/\/www.eldigitaldeasturias.com\/noticias\/#organization","name":"El Digital de Asturias","description":"Hemeroteca","url":"https:\/\/www.eldigitaldeasturias.com\/noticias\/","email":"info@eldigitaldeasturias.com","telephone":"+34652131393","logo":{"@type":"ImageObject","url":"https:\/\/www.eldigitaldeasturias.com\/noticias\/wp-content\/uploads\/2020\/12\/EDA.jpg","@id":"https:\/\/www.eldigitaldeasturias.com\/noticias\/las-campanas-de-toledo-anunciaran-el-18-de-enero-el-comienzo-del-ano-el-greco\/#organizationLogo"},"image":{"@id":"https:\/\/www.eldigitaldeasturias.com\/noticias\/las-campanas-de-toledo-anunciaran-el-18-de-enero-el-comienzo-del-ano-el-greco\/#organizationLogo"},"sameAs":["https:\/\/facebook.com\/eldigitaldeasturias","https:\/\/www.youtube.com\/channel\/UCZP-2wLEB9Rv6erhFmqVnvg"],"address":{"@id":"https:\/\/www.eldigitaldeasturias.com\/noticias\/#postaladdress","@type":"PostalAddress","streetAddress":"san antonio 4","postalCode":"33430","addressLocality":"Cand\u00e1s","addressRegion":"Asturias","addressCountry":"ES"}},{"@type":"Person","@id":"https:\/\/www.eldigitaldeasturias.com\/noticias\/author\/admin\/#author","url":"https:\/\/www.eldigitaldeasturias.com\/noticias\/author\/admin\/","name":"El Digital de Asturias","image":{"@type":"ImageObject","@id":"https:\/\/www.eldigitaldeasturias.com\/noticias\/las-campanas-de-toledo-anunciaran-el-18-de-enero-el-comienzo-del-ano-el-greco\/#authorImage","url":"https:\/\/secure.gravatar.com\/avatar\/df2aeffc32bcd13f8d26072ef8a91b623d677766deac7f97ca815868cd41bf5e?s=96&d=mm&r=g","width":96,"height":96,"caption":"El Digital de Asturias"}},{"@type":"WebPage","@id":"https:\/\/www.eldigitaldeasturias.com\/noticias\/las-campanas-de-toledo-anunciaran-el-18-de-enero-el-comienzo-del-ano-el-greco\/#webpage","url":"https:\/\/www.eldigitaldeasturias.com\/noticias\/las-campanas-de-toledo-anunciaran-el-18-de-enero-el-comienzo-del-ano-el-greco\/","name":"Las campanas de Toledo anunciar\u00e1n el 18 de enero el comienzo del a\u00f1o El Greco - El Digital de Asturias","description":"Madrid, 5 dic (EFE).- Veinticinco campanarios de Toledo anunciar\u00e1n al mundo el pr\u00f3ximo 18 de enero que comienza El Greco 2014, es decir, actividades \"\u00fanicas e irrepetibles\" para conmemorar los 400 a\u00f1os de la muerte del pintor cretense, que leg\u00f3 a esa ciudad espa\u00f1ola un tesoro que ha inspirado a artistas de todas las \u00e9pocas.","inLanguage":"es-ES","isPartOf":{"@id":"https:\/\/www.eldigitaldeasturias.com\/noticias\/#website"},"breadcrumb":{"@id":"https:\/\/www.eldigitaldeasturias.com\/noticias\/las-campanas-de-toledo-anunciaran-el-18-de-enero-el-comienzo-del-ano-el-greco\/#breadcrumblist"},"author":{"@id":"https:\/\/www.eldigitaldeasturias.com\/noticias\/author\/admin\/#author"},"creator":{"@id":"https:\/\/www.eldigitaldeasturias.com\/noticias\/author\/admin\/#author"},"image":{"@type":"ImageObject","url":458433,"@id":"https:\/\/www.eldigitaldeasturias.com\/noticias\/las-campanas-de-toledo-anunciaran-el-18-de-enero-el-comienzo-del-ano-el-greco\/#mainImage"},"primaryImageOfPage":{"@id":"https:\/\/www.eldigitaldeasturias.com\/noticias\/las-campanas-de-toledo-anunciaran-el-18-de-enero-el-comienzo-del-ano-el-greco\/#mainImage"},"datePublished":"2013-12-06T00:31:45+01:00","dateModified":"2013-12-06T00:31:45+01:00"},{"@type":"WebSite","@id":"https:\/\/www.eldigitaldeasturias.com\/noticias\/#website","url":"https:\/\/www.eldigitaldeasturias.com\/noticias\/","name":"El Digital de Asturias - Diario de actualidad y noticias","alternateName":"El Digital de Asturias - Diario de actualidad y noticias","description":"Hemeroteca","inLanguage":"es-ES","publisher":{"@id":"https:\/\/www.eldigitaldeasturias.com\/noticias\/#organization"}}]},"og:locale":"es_ES","og:site_name":"El Digital de Asturias","og:type":"article","og:title":"Las campanas de Toledo anunciar\u00e1n el 18 de enero el comienzo del a\u00f1o El Greco - El Digital de Asturias","og:description":"Madrid, 5 dic (EFE).- Veinticinco campanarios de Toledo anunciar\u00e1n al mundo el pr\u00f3ximo 18 de enero que comienza El Greco 2014, es decir, actividades &quot;\u00fanicas e irrepetibles&quot; para conmemorar los 400 a\u00f1os de la muerte del pintor cretense, que leg\u00f3 a esa ciudad espa\u00f1ola un tesoro que ha inspirado a artistas de todas las \u00e9pocas.","og:url":"https:\/\/www.eldigitaldeasturias.com\/noticias\/las-campanas-de-toledo-anunciaran-el-18-de-enero-el-comienzo-del-ano-el-greco\/","article:tag":["revista de ocio"],"article:published_time":"2013-12-06T01:31:45+00:00","article:modified_time":"2013-12-06T01:31:45+00:00","article:publisher":"https:\/\/facebook.com\/eldigitaldeasturias","twitter:card":"summary_large_image","twitter:title":"Las campanas de Toledo anunciar\u00e1n el 18 de enero el comienzo del a\u00f1o El Greco - El Digital de Asturias","twitter:description":"Madrid, 5 dic (EFE).- Veinticinco campanarios de Toledo anunciar\u00e1n al mundo el pr\u00f3ximo 18 de enero que comienza El Greco 2014, es decir, actividades &quot;\u00fanicas e irrepetibles&quot; para conmemorar los 400 a\u00f1os de la muerte del pintor cretense, que leg\u00f3 a esa ciudad espa\u00f1ola un tesoro que ha inspirado a artistas de todas las \u00e9pocas.","twitter:label1":"Escrito por","twitter:data1":"El Digital de Asturias","twitter:label2":"Tiempo de lectura estimado","twitter:data2":"4 minutos"},"aioseo_meta_data":{"post_id":"458432","title":null,"description":null,"keywords":null,"keyphrases":null,"primary_term":null,"canonical_url":null,"og_title":null,"og_description":null,"og_object_type":"default","og_image_type":"default","og_image_url":null,"og_image_width":null,"og_image_height":null,"og_image_custom_url":null,"og_image_custom_fields":null,"og_video":null,"og_custom_url":null,"og_article_section":null,"og_article_tags":null,"twitter_use_og":true,"twitter_card":"default","twitter_image_type":"default","twitter_image_url":null,"twitter_image_custom_url":null,"twitter_image_custom_fields":null,"twitter_title":null,"twitter_description":null,"schema":{"blockGraphs":[],"customGraphs":[],"default":{"data":{"Article":[],"Course":[],"Dataset":[],"FAQPage":[],"Movie":[],"Person":[],"Product":[],"ProductReview":[],"Car":[],"Recipe":[],"Service":[],"SoftwareApplication":[],"WebPage":[]},"graphName":"","isEnabled":true},"graphs":[],"defaultGraph":"","defaultPostTypeGraph":""},"schema_type":null,"schema_type_options":null,"pillar_content":false,"robots_default":true,"robots_noindex":false,"robots_noarchive":false,"robots_nosnippet":false,"robots_nofollow":false,"robots_noimageindex":false,"robots_noodp":false,"robots_notranslate":false,"robots_max_snippet":null,"robots_max_videopreview":null,"robots_max_imagepreview":"none","priority":null,"frequency":null,"local_seo":null,"seo_analyzer_scan_date":"2026-05-30 05:32:02","breadcrumb_settings":null,"limit_modified_date":false,"open_ai":null,"ai":null,"created":"2020-11-14 22:46:17","updated":"2026-05-30 05:32:02","focus_keyword":null,"additional_keywords":null,"truseo_locale":null},"aioseo_breadcrumb":"<div class=\"aioseo-breadcrumbs\"><span class=\"aioseo-breadcrumb\">\n\t<a href=\"https:\/\/www.eldigitaldeasturias.com\/noticias\" title=\"Home\">Home<\/a>\n<\/span><span class=\"aioseo-breadcrumb-separator\">\u2013<\/span><span class=\"aioseo-breadcrumb\">\n\t<a href=\"https:\/\/www.eldigitaldeasturias.com\/noticias\/category\/revista-de-ocio\/\" title=\"Revista de Ocio\">Revista de Ocio<\/a>\n<\/span><span class=\"aioseo-breadcrumb-separator\">\u2013<\/span><span class=\"aioseo-breadcrumb\">\n\t<a href=\"https:\/\/www.eldigitaldeasturias.com\/noticias\/las-campanas-de-toledo-anunciaran-el-18-de-enero-el-comienzo-del-ano-el-greco\/\" title=\"Las campanas de Toledo anunciar\u00e1n el 18 de enero el comienzo del a\u00f1o El Greco\">Las campanas de Toledo anunciar\u00e1n el 18 de enero el comienzo del a\u00f1o El Greco<\/a>\n<\/span><\/div>","aioseo_breadcrumb_json":[{"label":"Home","link":"https:\/\/www.eldigitaldeasturias.com\/noticias"},{"label":"Revista de Ocio","link":"https:\/\/www.eldigitaldeasturias.com\/noticias\/category\/revista-de-ocio\/"},{"label":"Las campanas de Toledo anunciar\u00e1n el 18 de enero el comienzo del a\u00f1o El Greco","link":"https:\/\/www.eldigitaldeasturias.com\/noticias\/las-campanas-de-toledo-anunciaran-el-18-de-enero-el-comienzo-del-ano-el-greco\/"}],"_links":{"self":[{"href":"https:\/\/www.eldigitaldeasturias.com\/noticias\/wp-json\/wp\/v2\/posts\/458432","targetHints":{"allow":["GET"]}}],"collection":[{"href":"https:\/\/www.eldigitaldeasturias.com\/noticias\/wp-json\/wp\/v2\/posts"}],"about":[{"href":"https:\/\/www.eldigitaldeasturias.com\/noticias\/wp-json\/wp\/v2\/types\/post"}],"author":[{"embeddable":true,"href":"https:\/\/www.eldigitaldeasturias.com\/noticias\/wp-json\/wp\/v2\/users\/1"}],"replies":[{"embeddable":true,"href":"https:\/\/www.eldigitaldeasturias.com\/noticias\/wp-json\/wp\/v2\/comments?post=458432"}],"version-history":[{"count":0,"href":"https:\/\/www.eldigitaldeasturias.com\/noticias\/wp-json\/wp\/v2\/posts\/458432\/revisions"}],"wp:attachment":[{"href":"https:\/\/www.eldigitaldeasturias.com\/noticias\/wp-json\/wp\/v2\/media?parent=458432"}],"wp:term":[{"taxonomy":"category","embeddable":true,"href":"https:\/\/www.eldigitaldeasturias.com\/noticias\/wp-json\/wp\/v2\/categories?post=458432"},{"taxonomy":"post_tag","embeddable":true,"href":"https:\/\/www.eldigitaldeasturias.com\/noticias\/wp-json\/wp\/v2\/tags?post=458432"}],"curies":[{"name":"wp","href":"https:\/\/api.w.org\/{rel}","templated":true}]}}