{"id":458426,"date":"2013-12-06T00:29:27","date_gmt":"2013-12-06T01:29:27","guid":{"rendered":"http:\/\/www.eldigitaldeasturias.com\/noticias\/?p=458426"},"modified":"2013-12-06T00:29:27","modified_gmt":"2013-12-06T01:29:27","slug":"el-papa-francisco-no-pudo-seguir-su-agenda-de-ayer-por-cansancio","status":"publish","type":"post","link":"https:\/\/www.eldigitaldeasturias.com\/noticias\/el-papa-francisco-no-pudo-seguir-su-agenda-de-ayer-por-cansancio\/","title":{"rendered":"El papa Francisco no pudo seguir su agenda de ayer por cansancio"},"content":{"rendered":"<p><img loading=\"lazy\" decoding=\"async\" class=\"alignleft size-medium wp-image-458427\" alt=\"5774528w\" src=\"https:\/\/www.eldigitaldeasturias.com\/noticias\/wp-content\/uploads\/2013\/12\/5774528w-360x230.jpg\" width=\"360\" height=\"230\" \/>Ciudad del Vaticano, 5 dic (EFE).- El papa Francisco, tras presidir ayer la tradicional audiencia general de todos los mi\u00e9rcoles, no pudo seguir con los actos que ten\u00eda previstos inmediatamente despu\u00e9s debido al cansancio, asegur\u00f3 hoy en rueda de prensa el portavoz del Vaticano, Federico Lombardi.<\/p>\n<p>El papa realiz\u00f3 su habitual recorrido por la Plaza de San Pedro pero m\u00e1s corto de lo acostumbrado y durante la audiencia se le pudo ver con gesto fatigado.<\/p>\n<p>\u00abAyer tras finalizar la audiencia, cuando estaba haciendo el besamanos, el papa dijo estar cansado y se sent\u00eda tambi\u00e9n mareado\u00bb, se\u00f1al\u00f3 hoy Lombardi.<\/p>\n<p>Sin embargo, el portavoz subray\u00f3 que el papa argentino s\u00f3lo estaba mareado, que no se trataba de \u00abnada grave\u00bb y que le bast\u00f3 \u00abun poco de reposo\u00bb para mejorar.<\/p>\n<p>Este cansancio impidi\u00f3 al pont\u00edfice seguir su agenda matinal y por ello no pudo recibir al cardenal Angelo Scola y tuvo que declinar la audiencia con la delegaci\u00f3n de la Expo de Mil\u00e1n 2015.<\/p>\n<p>En la tarde del mi\u00e9rcoles, seg\u00fan inform\u00f3 Lombardi, Jorge Mario Bergolio, tras sentirse mejor, se pudo reunir con el Consejo de los ocho cardenales nombrados por el pont\u00edfice para reformar la Curia y que se reunieron durante todo el d\u00eda de ayer.<\/p>\n<p>Hoy, han clausurado las jornadas hasta el pr\u00f3ximo mes de febrero, cuando volver\u00e1n a reunirse los d\u00edas 17,18 y 19.<\/p>\n","protected":false},"excerpt":{"rendered":"<p>Ciudad del Vaticano, 5 dic (EFE).- El papa Francisco, tras presidir ayer la tradicional audiencia general de todos los mi\u00e9rcoles, no pudo seguir con los actos que ten\u00eda previstos inmediatamente despu\u00e9s debido al cansancio, asegur\u00f3 hoy en rueda de prensa el portavoz del Vaticano, Federico Lombardi. El papa realiz\u00f3 su habitual recorrido por la Plaza [&hellip;]<\/p>\n","protected":false},"author":1,"featured_media":458427,"comment_status":"closed","ping_status":"open","sticky":false,"template":"","format":"standard","meta":{"footnotes":""},"categories":[28],"tags":[],"class_list":["post-458426","post","type-post","status-publish","format-standard","has-post-thumbnail","hentry","category-sociedad"],"aioseo_notices":[],"aioseo_head":"\n\t\t<!-- All in One SEO Pro 5.0.1 - aioseo.com -->\n\t<meta name=\"description\" content=\"Ciudad del Vaticano, 5 dic (EFE).- El papa Francisco, tras presidir ayer la tradicional audiencia general de todos los mi\u00e9rcoles, no pudo seguir con los actos que ten\u00eda previstos inmediatamente despu\u00e9s debido al cansancio, asegur\u00f3 hoy en rueda de prensa el portavoz del Vaticano, Federico Lombardi. El papa realiz\u00f3 su habitual recorrido por la Plaza\" \/>\n\t<meta name=\"robots\" content=\"max-image-preview:large\" \/>\n\t<meta name=\"author\" content=\"El Digital de Asturias\"\/>\n\t<meta name=\"google-site-verification\" content=\"UA-38556648-1\" \/>\n\t<meta name=\"msvalidate.01\" content=\"7dfe9f3f1b24437ab69f4f2559babe99\" \/>\n\t<meta name=\"keywords\" content=\"sociedad\" \/>\n\t<link rel=\"canonical\" href=\"https:\/\/www.eldigitaldeasturias.com\/noticias\/el-papa-francisco-no-pudo-seguir-su-agenda-de-ayer-por-cansancio\/\" \/>\n\t<meta name=\"generator\" content=\"All in One SEO Pro (AIOSEO) 5.0.1\" \/>\n\t\t<meta property=\"og:locale\" content=\"es_ES\" \/>\n\t\t<meta property=\"og:site_name\" content=\"El Digital de Asturias\" \/>\n\t\t<meta property=\"og:type\" content=\"article\" \/>\n\t\t<meta property=\"og:title\" content=\"El papa Francisco no pudo seguir su agenda de ayer por cansancio - El Digital de Asturias\" \/>\n\t\t<meta property=\"og:description\" content=\"Ciudad del Vaticano, 5 dic (EFE).- El papa Francisco, tras presidir ayer la tradicional audiencia general de todos los mi\u00e9rcoles, no pudo seguir con los actos que ten\u00eda previstos inmediatamente despu\u00e9s debido al cansancio, asegur\u00f3 hoy en rueda de prensa el portavoz del Vaticano, Federico Lombardi. El papa realiz\u00f3 su habitual recorrido por la Plaza\" \/>\n\t\t<meta property=\"og:url\" content=\"https:\/\/www.eldigitaldeasturias.com\/noticias\/el-papa-francisco-no-pudo-seguir-su-agenda-de-ayer-por-cansancio\/\" \/>\n\t\t<meta property=\"article:tag\" content=\"sociedad\" \/>\n\t\t<meta property=\"article:published_time\" content=\"2013-12-06T01:29:27+00:00\" \/>\n\t\t<meta property=\"article:modified_time\" content=\"2013-12-06T01:29:27+00:00\" \/>\n\t\t<meta property=\"article:publisher\" content=\"https:\/\/facebook.com\/eldigitaldeasturias\" \/>\n\t\t<meta name=\"twitter:card\" content=\"summary_large_image\" \/>\n\t\t<meta name=\"twitter:title\" content=\"El papa Francisco no pudo seguir su agenda de ayer por cansancio - El Digital de Asturias\" \/>\n\t\t<meta name=\"twitter:description\" content=\"Ciudad del Vaticano, 5 dic (EFE).- El papa Francisco, tras presidir ayer la tradicional audiencia general de todos los mi\u00e9rcoles, no pudo seguir con los actos que ten\u00eda previstos inmediatamente despu\u00e9s debido al cansancio, asegur\u00f3 hoy en rueda de prensa el portavoz del Vaticano, Federico Lombardi. El papa realiz\u00f3 su habitual recorrido por la Plaza\" \/>\n\t\t<meta name=\"twitter:label1\" content=\"Escrito por\" \/>\n\t\t<meta name=\"twitter:data1\" content=\"El Digital de Asturias\" \/>\n\t\t<meta name=\"twitter:label2\" content=\"Tiempo de lectura estimado\" \/>\n\t\t<meta name=\"twitter:data2\" content=\"1 minuto\" \/>\n\t\t<script type=\"application\/ld+json\" class=\"aioseo-schema\">\n\t\t\t{\"@context\":\"https:\\\/\\\/schema.org\",\"@graph\":[{\"@type\":\"BlogPosting\",\"@id\":\"https:\\\/\\\/www.eldigitaldeasturias.com\\\/noticias\\\/el-papa-francisco-no-pudo-seguir-su-agenda-de-ayer-por-cansancio\\\/#blogposting\",\"name\":\"El papa Francisco no pudo seguir su agenda de ayer por cansancio - El Digital de Asturias\",\"headline\":\"El papa Francisco no pudo seguir su agenda de ayer por cansancio\",\"author\":{\"@id\":\"https:\\\/\\\/www.eldigitaldeasturias.com\\\/noticias\\\/author\\\/admin\\\/#author\"},\"publisher\":{\"@id\":\"https:\\\/\\\/www.eldigitaldeasturias.com\\\/noticias\\\/#organization\"},\"image\":{\"@type\":\"ImageObject\",\"url\":458427},\"datePublished\":\"2013-12-06T00:29:27+01:00\",\"dateModified\":\"2013-12-06T00:29:27+01:00\",\"inLanguage\":\"es-ES\",\"mainEntityOfPage\":{\"@id\":\"https:\\\/\\\/www.eldigitaldeasturias.com\\\/noticias\\\/el-papa-francisco-no-pudo-seguir-su-agenda-de-ayer-por-cansancio\\\/#webpage\"},\"isPartOf\":{\"@id\":\"https:\\\/\\\/www.eldigitaldeasturias.com\\\/noticias\\\/el-papa-francisco-no-pudo-seguir-su-agenda-de-ayer-por-cansancio\\\/#webpage\"},\"articleSection\":\"Sociedad\"},{\"@type\":\"BreadcrumbList\",\"@id\":\"https:\\\/\\\/www.eldigitaldeasturias.com\\\/noticias\\\/el-papa-francisco-no-pudo-seguir-su-agenda-de-ayer-por-cansancio\\\/#breadcrumblist\",\"itemListElement\":[{\"@type\":\"ListItem\",\"@id\":\"https:\\\/\\\/www.eldigitaldeasturias.com\\\/noticias#listItem\",\"position\":1,\"name\":\"Home\",\"item\":\"https:\\\/\\\/www.eldigitaldeasturias.com\\\/noticias\",\"nextItem\":{\"@type\":\"ListItem\",\"@id\":\"https:\\\/\\\/www.eldigitaldeasturias.com\\\/noticias\\\/category\\\/sociedad\\\/#listItem\",\"name\":\"Sociedad\"}},{\"@type\":\"ListItem\",\"@id\":\"https:\\\/\\\/www.eldigitaldeasturias.com\\\/noticias\\\/category\\\/sociedad\\\/#listItem\",\"position\":2,\"name\":\"Sociedad\",\"item\":\"https:\\\/\\\/www.eldigitaldeasturias.com\\\/noticias\\\/category\\\/sociedad\\\/\",\"nextItem\":{\"@type\":\"ListItem\",\"@id\":\"https:\\\/\\\/www.eldigitaldeasturias.com\\\/noticias\\\/el-papa-francisco-no-pudo-seguir-su-agenda-de-ayer-por-cansancio\\\/#listItem\",\"name\":\"El papa Francisco no pudo seguir su agenda de ayer por cansancio\"},\"previousItem\":{\"@type\":\"ListItem\",\"@id\":\"https:\\\/\\\/www.eldigitaldeasturias.com\\\/noticias#listItem\",\"name\":\"Home\"}},{\"@type\":\"ListItem\",\"@id\":\"https:\\\/\\\/www.eldigitaldeasturias.com\\\/noticias\\\/el-papa-francisco-no-pudo-seguir-su-agenda-de-ayer-por-cansancio\\\/#listItem\",\"position\":3,\"name\":\"El papa Francisco no pudo seguir su agenda de ayer por cansancio\",\"previousItem\":{\"@type\":\"ListItem\",\"@id\":\"https:\\\/\\\/www.eldigitaldeasturias.com\\\/noticias\\\/category\\\/sociedad\\\/#listItem\",\"name\":\"Sociedad\"}}]},{\"@type\":\"Organization\",\"@id\":\"https:\\\/\\\/www.eldigitaldeasturias.com\\\/noticias\\\/#organization\",\"name\":\"El Digital de Asturias\",\"description\":\"Hemeroteca\",\"url\":\"https:\\\/\\\/www.eldigitaldeasturias.com\\\/noticias\\\/\",\"email\":\"info@eldigitaldeasturias.com\",\"telephone\":\"+34652131393\",\"logo\":{\"@type\":\"ImageObject\",\"url\":\"https:\\\/\\\/www.eldigitaldeasturias.com\\\/noticias\\\/wp-content\\\/uploads\\\/2020\\\/12\\\/EDA.jpg\",\"@id\":\"https:\\\/\\\/www.eldigitaldeasturias.com\\\/noticias\\\/el-papa-francisco-no-pudo-seguir-su-agenda-de-ayer-por-cansancio\\\/#organizationLogo\"},\"image\":{\"@id\":\"https:\\\/\\\/www.eldigitaldeasturias.com\\\/noticias\\\/el-papa-francisco-no-pudo-seguir-su-agenda-de-ayer-por-cansancio\\\/#organizationLogo\"},\"sameAs\":[\"https:\\\/\\\/facebook.com\\\/eldigitaldeasturias\",\"https:\\\/\\\/www.youtube.com\\\/channel\\\/UCZP-2wLEB9Rv6erhFmqVnvg\"],\"address\":{\"@id\":\"https:\\\/\\\/www.eldigitaldeasturias.com\\\/noticias\\\/#postaladdress\",\"@type\":\"PostalAddress\",\"streetAddress\":\"san antonio 4\",\"postalCode\":\"33430\",\"addressLocality\":\"Cand\\u00e1s\",\"addressRegion\":\"Asturias\",\"addressCountry\":\"ES\"}},{\"@type\":\"Person\",\"@id\":\"https:\\\/\\\/www.eldigitaldeasturias.com\\\/noticias\\\/author\\\/admin\\\/#author\",\"url\":\"https:\\\/\\\/www.eldigitaldeasturias.com\\\/noticias\\\/author\\\/admin\\\/\",\"name\":\"El Digital de Asturias\",\"image\":{\"@type\":\"ImageObject\",\"@id\":\"https:\\\/\\\/www.eldigitaldeasturias.com\\\/noticias\\\/el-papa-francisco-no-pudo-seguir-su-agenda-de-ayer-por-cansancio\\\/#authorImage\",\"url\":\"https:\\\/\\\/secure.gravatar.com\\\/avatar\\\/df2aeffc32bcd13f8d26072ef8a91b623d677766deac7f97ca815868cd41bf5e?s=96&d=mm&r=g\",\"width\":96,\"height\":96,\"caption\":\"El Digital de Asturias\"}},{\"@type\":\"WebPage\",\"@id\":\"https:\\\/\\\/www.eldigitaldeasturias.com\\\/noticias\\\/el-papa-francisco-no-pudo-seguir-su-agenda-de-ayer-por-cansancio\\\/#webpage\",\"url\":\"https:\\\/\\\/www.eldigitaldeasturias.com\\\/noticias\\\/el-papa-francisco-no-pudo-seguir-su-agenda-de-ayer-por-cansancio\\\/\",\"name\":\"El papa Francisco no pudo seguir su agenda de ayer por cansancio - El Digital de Asturias\",\"description\":\"Ciudad del Vaticano, 5 dic (EFE).- El papa Francisco, tras presidir ayer la tradicional audiencia general de todos los mi\\u00e9rcoles, no pudo seguir con los actos que ten\\u00eda previstos inmediatamente despu\\u00e9s debido al cansancio, asegur\\u00f3 hoy en rueda de prensa el portavoz del Vaticano, Federico Lombardi. El papa realiz\\u00f3 su habitual recorrido por la Plaza\",\"inLanguage\":\"es-ES\",\"isPartOf\":{\"@id\":\"https:\\\/\\\/www.eldigitaldeasturias.com\\\/noticias\\\/#website\"},\"breadcrumb\":{\"@id\":\"https:\\\/\\\/www.eldigitaldeasturias.com\\\/noticias\\\/el-papa-francisco-no-pudo-seguir-su-agenda-de-ayer-por-cansancio\\\/#breadcrumblist\"},\"author\":{\"@id\":\"https:\\\/\\\/www.eldigitaldeasturias.com\\\/noticias\\\/author\\\/admin\\\/#author\"},\"creator\":{\"@id\":\"https:\\\/\\\/www.eldigitaldeasturias.com\\\/noticias\\\/author\\\/admin\\\/#author\"},\"image\":{\"@type\":\"ImageObject\",\"url\":458427,\"@id\":\"https:\\\/\\\/www.eldigitaldeasturias.com\\\/noticias\\\/el-papa-francisco-no-pudo-seguir-su-agenda-de-ayer-por-cansancio\\\/#mainImage\"},\"primaryImageOfPage\":{\"@id\":\"https:\\\/\\\/www.eldigitaldeasturias.com\\\/noticias\\\/el-papa-francisco-no-pudo-seguir-su-agenda-de-ayer-por-cansancio\\\/#mainImage\"},\"datePublished\":\"2013-12-06T00:29:27+01:00\",\"dateModified\":\"2013-12-06T00:29:27+01:00\"},{\"@type\":\"WebSite\",\"@id\":\"https:\\\/\\\/www.eldigitaldeasturias.com\\\/noticias\\\/#website\",\"url\":\"https:\\\/\\\/www.eldigitaldeasturias.com\\\/noticias\\\/\",\"name\":\"El Digital de Asturias - Diario de actualidad y noticias\",\"alternateName\":\"El Digital de Asturias - Diario de actualidad y noticias\",\"description\":\"Hemeroteca\",\"inLanguage\":\"es-ES\",\"publisher\":{\"@id\":\"https:\\\/\\\/www.eldigitaldeasturias.com\\\/noticias\\\/#organization\"}}]}\n\t\t<\/script>\n\t\t<!-- All in One SEO Pro -->\r\n\t\t<title>El papa Francisco no pudo seguir su agenda de ayer por cansancio - El Digital de Asturias<\/title>\n\n","aioseo_head_json":{"title":"El papa Francisco no pudo seguir su agenda de ayer por cansancio - El Digital de Asturias","description":"Ciudad del Vaticano, 5 dic (EFE).- El papa Francisco, tras presidir ayer la tradicional audiencia general de todos los mi\u00e9rcoles, no pudo seguir con los actos que ten\u00eda previstos inmediatamente despu\u00e9s debido al cansancio, asegur\u00f3 hoy en rueda de prensa el portavoz del Vaticano, Federico Lombardi. El papa realiz\u00f3 su habitual recorrido por la Plaza","canonical_url":"https:\/\/www.eldigitaldeasturias.com\/noticias\/el-papa-francisco-no-pudo-seguir-su-agenda-de-ayer-por-cansancio\/","robots":"max-image-preview:large","keywords":"sociedad","webmasterTools":{"google-site-verification":"UA-38556648-1","msvalidate.01":"7dfe9f3f1b24437ab69f4f2559babe99","miscellaneous":""},"schema":{"@context":"https:\/\/schema.org","@graph":[{"@type":"BlogPosting","@id":"https:\/\/www.eldigitaldeasturias.com\/noticias\/el-papa-francisco-no-pudo-seguir-su-agenda-de-ayer-por-cansancio\/#blogposting","name":"El papa Francisco no pudo seguir su agenda de ayer por cansancio - El Digital de Asturias","headline":"El papa Francisco no pudo seguir su agenda de ayer por cansancio","author":{"@id":"https:\/\/www.eldigitaldeasturias.com\/noticias\/author\/admin\/#author"},"publisher":{"@id":"https:\/\/www.eldigitaldeasturias.com\/noticias\/#organization"},"image":{"@type":"ImageObject","url":458427},"datePublished":"2013-12-06T00:29:27+01:00","dateModified":"2013-12-06T00:29:27+01:00","inLanguage":"es-ES","mainEntityOfPage":{"@id":"https:\/\/www.eldigitaldeasturias.com\/noticias\/el-papa-francisco-no-pudo-seguir-su-agenda-de-ayer-por-cansancio\/#webpage"},"isPartOf":{"@id":"https:\/\/www.eldigitaldeasturias.com\/noticias\/el-papa-francisco-no-pudo-seguir-su-agenda-de-ayer-por-cansancio\/#webpage"},"articleSection":"Sociedad"},{"@type":"BreadcrumbList","@id":"https:\/\/www.eldigitaldeasturias.com\/noticias\/el-papa-francisco-no-pudo-seguir-su-agenda-de-ayer-por-cansancio\/#breadcrumblist","itemListElement":[{"@type":"ListItem","@id":"https:\/\/www.eldigitaldeasturias.com\/noticias#listItem","position":1,"name":"Home","item":"https:\/\/www.eldigitaldeasturias.com\/noticias","nextItem":{"@type":"ListItem","@id":"https:\/\/www.eldigitaldeasturias.com\/noticias\/category\/sociedad\/#listItem","name":"Sociedad"}},{"@type":"ListItem","@id":"https:\/\/www.eldigitaldeasturias.com\/noticias\/category\/sociedad\/#listItem","position":2,"name":"Sociedad","item":"https:\/\/www.eldigitaldeasturias.com\/noticias\/category\/sociedad\/","nextItem":{"@type":"ListItem","@id":"https:\/\/www.eldigitaldeasturias.com\/noticias\/el-papa-francisco-no-pudo-seguir-su-agenda-de-ayer-por-cansancio\/#listItem","name":"El papa Francisco no pudo seguir su agenda de ayer por cansancio"},"previousItem":{"@type":"ListItem","@id":"https:\/\/www.eldigitaldeasturias.com\/noticias#listItem","name":"Home"}},{"@type":"ListItem","@id":"https:\/\/www.eldigitaldeasturias.com\/noticias\/el-papa-francisco-no-pudo-seguir-su-agenda-de-ayer-por-cansancio\/#listItem","position":3,"name":"El papa Francisco no pudo seguir su agenda de ayer por cansancio","previousItem":{"@type":"ListItem","@id":"https:\/\/www.eldigitaldeasturias.com\/noticias\/category\/sociedad\/#listItem","name":"Sociedad"}}]},{"@type":"Organization","@id":"https:\/\/www.eldigitaldeasturias.com\/noticias\/#organization","name":"El Digital de Asturias","description":"Hemeroteca","url":"https:\/\/www.eldigitaldeasturias.com\/noticias\/","email":"info@eldigitaldeasturias.com","telephone":"+34652131393","logo":{"@type":"ImageObject","url":"https:\/\/www.eldigitaldeasturias.com\/noticias\/wp-content\/uploads\/2020\/12\/EDA.jpg","@id":"https:\/\/www.eldigitaldeasturias.com\/noticias\/el-papa-francisco-no-pudo-seguir-su-agenda-de-ayer-por-cansancio\/#organizationLogo"},"image":{"@id":"https:\/\/www.eldigitaldeasturias.com\/noticias\/el-papa-francisco-no-pudo-seguir-su-agenda-de-ayer-por-cansancio\/#organizationLogo"},"sameAs":["https:\/\/facebook.com\/eldigitaldeasturias","https:\/\/www.youtube.com\/channel\/UCZP-2wLEB9Rv6erhFmqVnvg"],"address":{"@id":"https:\/\/www.eldigitaldeasturias.com\/noticias\/#postaladdress","@type":"PostalAddress","streetAddress":"san antonio 4","postalCode":"33430","addressLocality":"Cand\u00e1s","addressRegion":"Asturias","addressCountry":"ES"}},{"@type":"Person","@id":"https:\/\/www.eldigitaldeasturias.com\/noticias\/author\/admin\/#author","url":"https:\/\/www.eldigitaldeasturias.com\/noticias\/author\/admin\/","name":"El Digital de Asturias","image":{"@type":"ImageObject","@id":"https:\/\/www.eldigitaldeasturias.com\/noticias\/el-papa-francisco-no-pudo-seguir-su-agenda-de-ayer-por-cansancio\/#authorImage","url":"https:\/\/secure.gravatar.com\/avatar\/df2aeffc32bcd13f8d26072ef8a91b623d677766deac7f97ca815868cd41bf5e?s=96&d=mm&r=g","width":96,"height":96,"caption":"El Digital de Asturias"}},{"@type":"WebPage","@id":"https:\/\/www.eldigitaldeasturias.com\/noticias\/el-papa-francisco-no-pudo-seguir-su-agenda-de-ayer-por-cansancio\/#webpage","url":"https:\/\/www.eldigitaldeasturias.com\/noticias\/el-papa-francisco-no-pudo-seguir-su-agenda-de-ayer-por-cansancio\/","name":"El papa Francisco no pudo seguir su agenda de ayer por cansancio - El Digital de Asturias","description":"Ciudad del Vaticano, 5 dic (EFE).- El papa Francisco, tras presidir ayer la tradicional audiencia general de todos los mi\u00e9rcoles, no pudo seguir con los actos que ten\u00eda previstos inmediatamente despu\u00e9s debido al cansancio, asegur\u00f3 hoy en rueda de prensa el portavoz del Vaticano, Federico Lombardi. El papa realiz\u00f3 su habitual recorrido por la Plaza","inLanguage":"es-ES","isPartOf":{"@id":"https:\/\/www.eldigitaldeasturias.com\/noticias\/#website"},"breadcrumb":{"@id":"https:\/\/www.eldigitaldeasturias.com\/noticias\/el-papa-francisco-no-pudo-seguir-su-agenda-de-ayer-por-cansancio\/#breadcrumblist"},"author":{"@id":"https:\/\/www.eldigitaldeasturias.com\/noticias\/author\/admin\/#author"},"creator":{"@id":"https:\/\/www.eldigitaldeasturias.com\/noticias\/author\/admin\/#author"},"image":{"@type":"ImageObject","url":458427,"@id":"https:\/\/www.eldigitaldeasturias.com\/noticias\/el-papa-francisco-no-pudo-seguir-su-agenda-de-ayer-por-cansancio\/#mainImage"},"primaryImageOfPage":{"@id":"https:\/\/www.eldigitaldeasturias.com\/noticias\/el-papa-francisco-no-pudo-seguir-su-agenda-de-ayer-por-cansancio\/#mainImage"},"datePublished":"2013-12-06T00:29:27+01:00","dateModified":"2013-12-06T00:29:27+01:00"},{"@type":"WebSite","@id":"https:\/\/www.eldigitaldeasturias.com\/noticias\/#website","url":"https:\/\/www.eldigitaldeasturias.com\/noticias\/","name":"El Digital de Asturias - Diario de actualidad y noticias","alternateName":"El Digital de Asturias - Diario de actualidad y noticias","description":"Hemeroteca","inLanguage":"es-ES","publisher":{"@id":"https:\/\/www.eldigitaldeasturias.com\/noticias\/#organization"}}]},"og:locale":"es_ES","og:site_name":"El Digital de Asturias","og:type":"article","og:title":"El papa Francisco no pudo seguir su agenda de ayer por cansancio - El Digital de Asturias","og:description":"Ciudad del Vaticano, 5 dic (EFE).- El papa Francisco, tras presidir ayer la tradicional audiencia general de todos los mi\u00e9rcoles, no pudo seguir con los actos que ten\u00eda previstos inmediatamente despu\u00e9s debido al cansancio, asegur\u00f3 hoy en rueda de prensa el portavoz del Vaticano, Federico Lombardi. El papa realiz\u00f3 su habitual recorrido por la Plaza","og:url":"https:\/\/www.eldigitaldeasturias.com\/noticias\/el-papa-francisco-no-pudo-seguir-su-agenda-de-ayer-por-cansancio\/","article:tag":["sociedad"],"article:published_time":"2013-12-06T01:29:27+00:00","article:modified_time":"2013-12-06T01:29:27+00:00","article:publisher":"https:\/\/facebook.com\/eldigitaldeasturias","twitter:card":"summary_large_image","twitter:title":"El papa Francisco no pudo seguir su agenda de ayer por cansancio - El Digital de Asturias","twitter:description":"Ciudad del Vaticano, 5 dic (EFE).- El papa Francisco, tras presidir ayer la tradicional audiencia general de todos los mi\u00e9rcoles, no pudo seguir con los actos que ten\u00eda previstos inmediatamente despu\u00e9s debido al cansancio, asegur\u00f3 hoy en rueda de prensa el portavoz del Vaticano, Federico Lombardi. El papa realiz\u00f3 su habitual recorrido por la Plaza","twitter:label1":"Escrito por","twitter:data1":"El Digital de Asturias","twitter:label2":"Tiempo de lectura estimado","twitter:data2":"1 minuto"},"aioseo_meta_data":{"post_id":"458426","title":null,"description":null,"keywords":null,"keyphrases":null,"primary_term":null,"canonical_url":null,"og_title":null,"og_description":null,"og_object_type":"default","og_image_type":"default","og_image_url":null,"og_image_width":null,"og_image_height":null,"og_image_custom_url":null,"og_image_custom_fields":null,"og_video":null,"og_custom_url":null,"og_article_section":null,"og_article_tags":null,"twitter_use_og":true,"twitter_card":"default","twitter_image_type":"default","twitter_image_url":null,"twitter_image_custom_url":null,"twitter_image_custom_fields":null,"twitter_title":null,"twitter_description":null,"schema":{"blockGraphs":[],"customGraphs":[],"default":{"data":{"Article":[],"Course":[],"Dataset":[],"FAQPage":[],"Movie":[],"Person":[],"Product":[],"ProductReview":[],"Car":[],"Recipe":[],"Service":[],"SoftwareApplication":[],"WebPage":[]},"graphName":"","isEnabled":true},"graphs":[],"defaultGraph":"","defaultPostTypeGraph":""},"schema_type":null,"schema_type_options":null,"pillar_content":false,"robots_default":true,"robots_noindex":false,"robots_noarchive":false,"robots_nosnippet":false,"robots_nofollow":false,"robots_noimageindex":false,"robots_noodp":false,"robots_notranslate":false,"robots_max_snippet":null,"robots_max_videopreview":null,"robots_max_imagepreview":"none","priority":null,"frequency":null,"local_seo":null,"seo_analyzer_scan_date":"2026-05-30 05:29:56","breadcrumb_settings":null,"limit_modified_date":false,"open_ai":null,"ai":null,"created":"2020-11-14 22:46:17","updated":"2026-05-30 05:29:56","focus_keyword":null,"additional_keywords":null,"truseo_locale":null},"aioseo_breadcrumb":"<div class=\"aioseo-breadcrumbs\"><span class=\"aioseo-breadcrumb\">\n\t<a href=\"https:\/\/www.eldigitaldeasturias.com\/noticias\" title=\"Home\">Home<\/a>\n<\/span><span class=\"aioseo-breadcrumb-separator\">\u2013<\/span><span class=\"aioseo-breadcrumb\">\n\t<a href=\"https:\/\/www.eldigitaldeasturias.com\/noticias\/category\/sociedad\/\" title=\"Sociedad\">Sociedad<\/a>\n<\/span><span class=\"aioseo-breadcrumb-separator\">\u2013<\/span><span class=\"aioseo-breadcrumb\">\n\t<a href=\"https:\/\/www.eldigitaldeasturias.com\/noticias\/el-papa-francisco-no-pudo-seguir-su-agenda-de-ayer-por-cansancio\/\" title=\"El papa Francisco no pudo seguir su agenda de ayer por cansancio\">El papa Francisco no pudo seguir su agenda de ayer por cansancio<\/a>\n<\/span><\/div>","aioseo_breadcrumb_json":[{"label":"Home","link":"https:\/\/www.eldigitaldeasturias.com\/noticias"},{"label":"Sociedad","link":"https:\/\/www.eldigitaldeasturias.com\/noticias\/category\/sociedad\/"},{"label":"El papa Francisco no pudo seguir su agenda de ayer por cansancio","link":"https:\/\/www.eldigitaldeasturias.com\/noticias\/el-papa-francisco-no-pudo-seguir-su-agenda-de-ayer-por-cansancio\/"}],"_links":{"self":[{"href":"https:\/\/www.eldigitaldeasturias.com\/noticias\/wp-json\/wp\/v2\/posts\/458426","targetHints":{"allow":["GET"]}}],"collection":[{"href":"https:\/\/www.eldigitaldeasturias.com\/noticias\/wp-json\/wp\/v2\/posts"}],"about":[{"href":"https:\/\/www.eldigitaldeasturias.com\/noticias\/wp-json\/wp\/v2\/types\/post"}],"author":[{"embeddable":true,"href":"https:\/\/www.eldigitaldeasturias.com\/noticias\/wp-json\/wp\/v2\/users\/1"}],"replies":[{"embeddable":true,"href":"https:\/\/www.eldigitaldeasturias.com\/noticias\/wp-json\/wp\/v2\/comments?post=458426"}],"version-history":[{"count":0,"href":"https:\/\/www.eldigitaldeasturias.com\/noticias\/wp-json\/wp\/v2\/posts\/458426\/revisions"}],"wp:attachment":[{"href":"https:\/\/www.eldigitaldeasturias.com\/noticias\/wp-json\/wp\/v2\/media?parent=458426"}],"wp:term":[{"taxonomy":"category","embeddable":true,"href":"https:\/\/www.eldigitaldeasturias.com\/noticias\/wp-json\/wp\/v2\/categories?post=458426"},{"taxonomy":"post_tag","embeddable":true,"href":"https:\/\/www.eldigitaldeasturias.com\/noticias\/wp-json\/wp\/v2\/tags?post=458426"}],"curies":[{"name":"wp","href":"https:\/\/api.w.org\/{rel}","templated":true}]}}