{"id":458423,"date":"2013-12-06T00:28:23","date_gmt":"2013-12-06T01:28:23","guid":{"rendered":"http:\/\/www.eldigitaldeasturias.com\/noticias\/?p=458423"},"modified":"2013-12-06T00:28:23","modified_gmt":"2013-12-06T01:28:23","slug":"concluye-la-compleja-construccion-de-la-boveda-de-la-catedral-de-vitoria","status":"publish","type":"post","link":"https:\/\/www.eldigitaldeasturias.com\/noticias\/concluye-la-compleja-construccion-de-la-boveda-de-la-catedral-de-vitoria\/","title":{"rendered":"Concluye la compleja construcci\u00f3n de la b\u00f3veda de la catedral de Vitoria"},"content":{"rendered":"<p><img loading=\"lazy\" decoding=\"async\" class=\"alignleft size-medium wp-image-458424\" alt=\"5774511w\" src=\"https:\/\/www.eldigitaldeasturias.com\/noticias\/wp-content\/uploads\/2013\/12\/5774511w-213x320.jpg\" width=\"213\" height=\"320\" \/>Vitoria, 5 dic (EFE).- La compleja construcci\u00f3n de la llamada B\u00f3veda del Milenio, de la Catedral de Santa Mar\u00eda de Vitoria, un templo del siglo XIV ubicado en el casco antiguo de la ciudad y que ha recibido numerosos premios internacionales por la restauraci\u00f3n que se lleva a cabo en \u00e9l desde hace 13 a\u00f1os, ha finalizado hoy.<\/p>\n<p>Tras un a\u00f1o de trabajo, hoy se ha colocado la clave central de la b\u00f3veda, de 2.200 kilos, despu\u00e9s de haber instalado durante este tiempo 347 piezas de piedra caliza negra procedentes de las canteras de localidad vizca\u00edna de Markina.<\/p>\n<p>Todas ellas han sido montadas y ajustadas en un alarde constructivo sin parang\u00f3n desde el siglo XIX, ya que se ha hecho siguiendo el mismo procedimiento que el que se utilizaba antiguamente en la construcci\u00f3n de b\u00f3vedas de piedra.<\/p>\n<p>La obra se inici\u00f3 montando los arcos perimetrales, tras ellos los arcos diagonales y los tramos intermedios, para colocar despu\u00e9s todo el conjunto sobre la cimbra, la plataforma de madera que da forma a la cara inferior de la b\u00f3veda.<\/p>\n<p>Tras la colocaci\u00f3n de la clave, se montar\u00e1 en breve el altar mayor de piedra del siglo pasado que se ha podido recuperar.<\/p>\n<p>Al acto de colocaci\u00f3n de hoy han asistido el diputado general de \u00c1lava, Javier de Andr\u00e9s, y el director de la Fundaci\u00f3n Catedral de Santa Mar\u00eda, Juan Ignacio Lasagabaster.<\/p>\n<p>Las obras de restauraci\u00f3n de la Catedral de Santa Mar\u00eda comenzaron el a\u00f1o 2000.<\/p>\n<p>Este templo del siglo XIV fue construido en la zona m\u00e1s alta de la vieja aldea de la que surgi\u00f3 la ciudad de Vitoria, sobre una iglesia anterior rom\u00e1nica de la que no quedan restos y que hab\u00eda sido restaurada en varias ocasiones, la anterior en la d\u00e9cada de 1960, pero sin \u00e9xito.<\/p>\n<p>Las obras de rehabilitaci\u00f3n han tenido un car\u00e1cter integral, desde los cimientos hasta la parte m\u00e1s alta de la torre, y para ello se tuvieron que instalar complejas estructuras met\u00e1licas en su interior que posibilitaron la apertura de un programa de visitas guiadas, mientras los especialistas segu\u00edan con sus trabajos.<\/p>\n<p>El a\u00f1o 2000 comenzaron estas visitas a las obras de restauraci\u00f3n, que hicieron mundialmente famosas escritores como Ken Follet, que se inspir\u00f3 en el templo para escribir \u00abUn mundo sin fin\u00bb, y Jos\u00e9 Saramago, y recibieron la visita de, entre otros, los reyes de Espa\u00f1a.<\/p>\n<p>La catedral tambi\u00e9n ha recibido importantes premios, como el Europa Nostra, el galard\u00f3n a la conservaci\u00f3n y mejora de patrimonio cultural m\u00e1s importante en Europa.<\/p>\n<p>\u00c9sta fue la primera vez que un proyecto espa\u00f1ol recib\u00eda uno de los seis galardones principales que otorga anualmente la UE y Europa Nostra -Federaci\u00f3n paneuropea de Patrimonio-, que eligieron el de la catedral de Santa Mar\u00eda por haber convertido el templo en un \u00abmotor cultural, tur\u00edstico, formativo, urban\u00edstico, social y econ\u00f3mico de Vitoria\u00bb.<\/p>\n","protected":false},"excerpt":{"rendered":"<p>Vitoria, 5 dic (EFE).- La compleja construcci\u00f3n de la llamada B\u00f3veda del Milenio, de la Catedral de Santa Mar\u00eda de Vitoria, un templo del siglo XIV ubicado en el casco antiguo de la ciudad y que ha recibido numerosos premios internacionales por la restauraci\u00f3n que se lleva a cabo en \u00e9l desde hace 13 a\u00f1os, [&hellip;]<\/p>\n","protected":false},"author":1,"featured_media":458424,"comment_status":"closed","ping_status":"open","sticky":false,"template":"","format":"standard","meta":{"footnotes":""},"categories":[28],"tags":[],"class_list":["post-458423","post","type-post","status-publish","format-standard","has-post-thumbnail","hentry","category-sociedad"],"aioseo_notices":[],"aioseo_head":"\n\t\t<!-- All in One SEO Pro 5.0.1 - aioseo.com -->\n\t<meta name=\"description\" content=\"Vitoria, 5 dic (EFE).- La compleja construcci\u00f3n de la llamada B\u00f3veda del Milenio, de la Catedral de Santa Mar\u00eda de Vitoria, un templo del siglo XIV ubicado en el casco antiguo de la ciudad y que ha recibido numerosos premios internacionales por la restauraci\u00f3n que se lleva a cabo en \u00e9l desde hace 13 a\u00f1os,\" \/>\n\t<meta name=\"robots\" content=\"max-image-preview:large\" \/>\n\t<meta name=\"author\" content=\"El Digital de Asturias\"\/>\n\t<meta name=\"google-site-verification\" content=\"UA-38556648-1\" \/>\n\t<meta name=\"msvalidate.01\" content=\"7dfe9f3f1b24437ab69f4f2559babe99\" \/>\n\t<meta name=\"keywords\" content=\"sociedad\" \/>\n\t<link rel=\"canonical\" href=\"https:\/\/www.eldigitaldeasturias.com\/noticias\/concluye-la-compleja-construccion-de-la-boveda-de-la-catedral-de-vitoria\/\" \/>\n\t<meta name=\"generator\" content=\"All in One SEO Pro (AIOSEO) 5.0.1\" \/>\n\t\t<meta property=\"og:locale\" content=\"es_ES\" \/>\n\t\t<meta property=\"og:site_name\" content=\"El Digital de Asturias\" \/>\n\t\t<meta property=\"og:type\" content=\"article\" \/>\n\t\t<meta property=\"og:title\" content=\"Concluye la compleja construcci\u00f3n de la b\u00f3veda de la catedral de Vitoria - El Digital de Asturias\" \/>\n\t\t<meta property=\"og:description\" content=\"Vitoria, 5 dic (EFE).- La compleja construcci\u00f3n de la llamada B\u00f3veda del Milenio, de la Catedral de Santa Mar\u00eda de Vitoria, un templo del siglo XIV ubicado en el casco antiguo de la ciudad y que ha recibido numerosos premios internacionales por la restauraci\u00f3n que se lleva a cabo en \u00e9l desde hace 13 a\u00f1os,\" \/>\n\t\t<meta property=\"og:url\" content=\"https:\/\/www.eldigitaldeasturias.com\/noticias\/concluye-la-compleja-construccion-de-la-boveda-de-la-catedral-de-vitoria\/\" \/>\n\t\t<meta property=\"article:tag\" content=\"sociedad\" \/>\n\t\t<meta property=\"article:published_time\" content=\"2013-12-06T01:28:23+00:00\" \/>\n\t\t<meta property=\"article:modified_time\" content=\"2013-12-06T01:28:23+00:00\" \/>\n\t\t<meta property=\"article:publisher\" content=\"https:\/\/facebook.com\/eldigitaldeasturias\" \/>\n\t\t<meta name=\"twitter:card\" content=\"summary_large_image\" \/>\n\t\t<meta name=\"twitter:title\" content=\"Concluye la compleja construcci\u00f3n de la b\u00f3veda de la catedral de Vitoria - El Digital de Asturias\" \/>\n\t\t<meta name=\"twitter:description\" content=\"Vitoria, 5 dic (EFE).- La compleja construcci\u00f3n de la llamada B\u00f3veda del Milenio, de la Catedral de Santa Mar\u00eda de Vitoria, un templo del siglo XIV ubicado en el casco antiguo de la ciudad y que ha recibido numerosos premios internacionales por la restauraci\u00f3n que se lleva a cabo en \u00e9l desde hace 13 a\u00f1os,\" \/>\n\t\t<meta name=\"twitter:label1\" content=\"Escrito por\" \/>\n\t\t<meta name=\"twitter:data1\" content=\"El Digital de Asturias\" \/>\n\t\t<meta name=\"twitter:label2\" content=\"Tiempo de lectura estimado\" \/>\n\t\t<meta name=\"twitter:data2\" content=\"3 minutos\" \/>\n\t\t<script type=\"application\/ld+json\" class=\"aioseo-schema\">\n\t\t\t{\"@context\":\"https:\\\/\\\/schema.org\",\"@graph\":[{\"@type\":\"BlogPosting\",\"@id\":\"https:\\\/\\\/www.eldigitaldeasturias.com\\\/noticias\\\/concluye-la-compleja-construccion-de-la-boveda-de-la-catedral-de-vitoria\\\/#blogposting\",\"name\":\"Concluye la compleja construcci\\u00f3n de la b\\u00f3veda de la catedral de Vitoria - El Digital de Asturias\",\"headline\":\"Concluye la compleja construcci\\u00f3n de la b\\u00f3veda de la catedral de Vitoria\",\"author\":{\"@id\":\"https:\\\/\\\/www.eldigitaldeasturias.com\\\/noticias\\\/author\\\/admin\\\/#author\"},\"publisher\":{\"@id\":\"https:\\\/\\\/www.eldigitaldeasturias.com\\\/noticias\\\/#organization\"},\"image\":{\"@type\":\"ImageObject\",\"url\":458424},\"datePublished\":\"2013-12-06T00:28:23+01:00\",\"dateModified\":\"2013-12-06T00:28:23+01:00\",\"inLanguage\":\"es-ES\",\"mainEntityOfPage\":{\"@id\":\"https:\\\/\\\/www.eldigitaldeasturias.com\\\/noticias\\\/concluye-la-compleja-construccion-de-la-boveda-de-la-catedral-de-vitoria\\\/#webpage\"},\"isPartOf\":{\"@id\":\"https:\\\/\\\/www.eldigitaldeasturias.com\\\/noticias\\\/concluye-la-compleja-construccion-de-la-boveda-de-la-catedral-de-vitoria\\\/#webpage\"},\"articleSection\":\"Sociedad\"},{\"@type\":\"BreadcrumbList\",\"@id\":\"https:\\\/\\\/www.eldigitaldeasturias.com\\\/noticias\\\/concluye-la-compleja-construccion-de-la-boveda-de-la-catedral-de-vitoria\\\/#breadcrumblist\",\"itemListElement\":[{\"@type\":\"ListItem\",\"@id\":\"https:\\\/\\\/www.eldigitaldeasturias.com\\\/noticias#listItem\",\"position\":1,\"name\":\"Home\",\"item\":\"https:\\\/\\\/www.eldigitaldeasturias.com\\\/noticias\",\"nextItem\":{\"@type\":\"ListItem\",\"@id\":\"https:\\\/\\\/www.eldigitaldeasturias.com\\\/noticias\\\/category\\\/sociedad\\\/#listItem\",\"name\":\"Sociedad\"}},{\"@type\":\"ListItem\",\"@id\":\"https:\\\/\\\/www.eldigitaldeasturias.com\\\/noticias\\\/category\\\/sociedad\\\/#listItem\",\"position\":2,\"name\":\"Sociedad\",\"item\":\"https:\\\/\\\/www.eldigitaldeasturias.com\\\/noticias\\\/category\\\/sociedad\\\/\",\"nextItem\":{\"@type\":\"ListItem\",\"@id\":\"https:\\\/\\\/www.eldigitaldeasturias.com\\\/noticias\\\/concluye-la-compleja-construccion-de-la-boveda-de-la-catedral-de-vitoria\\\/#listItem\",\"name\":\"Concluye la compleja construcci\\u00f3n de la b\\u00f3veda de la catedral de Vitoria\"},\"previousItem\":{\"@type\":\"ListItem\",\"@id\":\"https:\\\/\\\/www.eldigitaldeasturias.com\\\/noticias#listItem\",\"name\":\"Home\"}},{\"@type\":\"ListItem\",\"@id\":\"https:\\\/\\\/www.eldigitaldeasturias.com\\\/noticias\\\/concluye-la-compleja-construccion-de-la-boveda-de-la-catedral-de-vitoria\\\/#listItem\",\"position\":3,\"name\":\"Concluye la compleja construcci\\u00f3n de la b\\u00f3veda de la catedral de Vitoria\",\"previousItem\":{\"@type\":\"ListItem\",\"@id\":\"https:\\\/\\\/www.eldigitaldeasturias.com\\\/noticias\\\/category\\\/sociedad\\\/#listItem\",\"name\":\"Sociedad\"}}]},{\"@type\":\"Organization\",\"@id\":\"https:\\\/\\\/www.eldigitaldeasturias.com\\\/noticias\\\/#organization\",\"name\":\"El Digital de Asturias\",\"description\":\"Hemeroteca\",\"url\":\"https:\\\/\\\/www.eldigitaldeasturias.com\\\/noticias\\\/\",\"email\":\"info@eldigitaldeasturias.com\",\"telephone\":\"+34652131393\",\"logo\":{\"@type\":\"ImageObject\",\"url\":\"https:\\\/\\\/www.eldigitaldeasturias.com\\\/noticias\\\/wp-content\\\/uploads\\\/2020\\\/12\\\/EDA.jpg\",\"@id\":\"https:\\\/\\\/www.eldigitaldeasturias.com\\\/noticias\\\/concluye-la-compleja-construccion-de-la-boveda-de-la-catedral-de-vitoria\\\/#organizationLogo\"},\"image\":{\"@id\":\"https:\\\/\\\/www.eldigitaldeasturias.com\\\/noticias\\\/concluye-la-compleja-construccion-de-la-boveda-de-la-catedral-de-vitoria\\\/#organizationLogo\"},\"sameAs\":[\"https:\\\/\\\/facebook.com\\\/eldigitaldeasturias\",\"https:\\\/\\\/www.youtube.com\\\/channel\\\/UCZP-2wLEB9Rv6erhFmqVnvg\"],\"address\":{\"@id\":\"https:\\\/\\\/www.eldigitaldeasturias.com\\\/noticias\\\/#postaladdress\",\"@type\":\"PostalAddress\",\"streetAddress\":\"san antonio 4\",\"postalCode\":\"33430\",\"addressLocality\":\"Cand\\u00e1s\",\"addressRegion\":\"Asturias\",\"addressCountry\":\"ES\"}},{\"@type\":\"Person\",\"@id\":\"https:\\\/\\\/www.eldigitaldeasturias.com\\\/noticias\\\/author\\\/admin\\\/#author\",\"url\":\"https:\\\/\\\/www.eldigitaldeasturias.com\\\/noticias\\\/author\\\/admin\\\/\",\"name\":\"El Digital de Asturias\",\"image\":{\"@type\":\"ImageObject\",\"@id\":\"https:\\\/\\\/www.eldigitaldeasturias.com\\\/noticias\\\/concluye-la-compleja-construccion-de-la-boveda-de-la-catedral-de-vitoria\\\/#authorImage\",\"url\":\"https:\\\/\\\/secure.gravatar.com\\\/avatar\\\/df2aeffc32bcd13f8d26072ef8a91b623d677766deac7f97ca815868cd41bf5e?s=96&d=mm&r=g\",\"width\":96,\"height\":96,\"caption\":\"El Digital de Asturias\"}},{\"@type\":\"WebPage\",\"@id\":\"https:\\\/\\\/www.eldigitaldeasturias.com\\\/noticias\\\/concluye-la-compleja-construccion-de-la-boveda-de-la-catedral-de-vitoria\\\/#webpage\",\"url\":\"https:\\\/\\\/www.eldigitaldeasturias.com\\\/noticias\\\/concluye-la-compleja-construccion-de-la-boveda-de-la-catedral-de-vitoria\\\/\",\"name\":\"Concluye la compleja construcci\\u00f3n de la b\\u00f3veda de la catedral de Vitoria - El Digital de Asturias\",\"description\":\"Vitoria, 5 dic (EFE).- La compleja construcci\\u00f3n de la llamada B\\u00f3veda del Milenio, de la Catedral de Santa Mar\\u00eda de Vitoria, un templo del siglo XIV ubicado en el casco antiguo de la ciudad y que ha recibido numerosos premios internacionales por la restauraci\\u00f3n que se lleva a cabo en \\u00e9l desde hace 13 a\\u00f1os,\",\"inLanguage\":\"es-ES\",\"isPartOf\":{\"@id\":\"https:\\\/\\\/www.eldigitaldeasturias.com\\\/noticias\\\/#website\"},\"breadcrumb\":{\"@id\":\"https:\\\/\\\/www.eldigitaldeasturias.com\\\/noticias\\\/concluye-la-compleja-construccion-de-la-boveda-de-la-catedral-de-vitoria\\\/#breadcrumblist\"},\"author\":{\"@id\":\"https:\\\/\\\/www.eldigitaldeasturias.com\\\/noticias\\\/author\\\/admin\\\/#author\"},\"creator\":{\"@id\":\"https:\\\/\\\/www.eldigitaldeasturias.com\\\/noticias\\\/author\\\/admin\\\/#author\"},\"image\":{\"@type\":\"ImageObject\",\"url\":458424,\"@id\":\"https:\\\/\\\/www.eldigitaldeasturias.com\\\/noticias\\\/concluye-la-compleja-construccion-de-la-boveda-de-la-catedral-de-vitoria\\\/#mainImage\"},\"primaryImageOfPage\":{\"@id\":\"https:\\\/\\\/www.eldigitaldeasturias.com\\\/noticias\\\/concluye-la-compleja-construccion-de-la-boveda-de-la-catedral-de-vitoria\\\/#mainImage\"},\"datePublished\":\"2013-12-06T00:28:23+01:00\",\"dateModified\":\"2013-12-06T00:28:23+01:00\"},{\"@type\":\"WebSite\",\"@id\":\"https:\\\/\\\/www.eldigitaldeasturias.com\\\/noticias\\\/#website\",\"url\":\"https:\\\/\\\/www.eldigitaldeasturias.com\\\/noticias\\\/\",\"name\":\"El Digital de Asturias - Diario de actualidad y noticias\",\"alternateName\":\"El Digital de Asturias - Diario de actualidad y noticias\",\"description\":\"Hemeroteca\",\"inLanguage\":\"es-ES\",\"publisher\":{\"@id\":\"https:\\\/\\\/www.eldigitaldeasturias.com\\\/noticias\\\/#organization\"}}]}\n\t\t<\/script>\n\t\t<!-- All in One SEO Pro -->\r\n\t\t<title>Concluye la compleja construcci\u00f3n de la b\u00f3veda de la catedral de Vitoria - El Digital de Asturias<\/title>\n\n","aioseo_head_json":{"title":"Concluye la compleja construcci\u00f3n de la b\u00f3veda de la catedral de Vitoria - El Digital de Asturias","description":"Vitoria, 5 dic (EFE).- La compleja construcci\u00f3n de la llamada B\u00f3veda del Milenio, de la Catedral de Santa Mar\u00eda de Vitoria, un templo del siglo XIV ubicado en el casco antiguo de la ciudad y que ha recibido numerosos premios internacionales por la restauraci\u00f3n que se lleva a cabo en \u00e9l desde hace 13 a\u00f1os,","canonical_url":"https:\/\/www.eldigitaldeasturias.com\/noticias\/concluye-la-compleja-construccion-de-la-boveda-de-la-catedral-de-vitoria\/","robots":"max-image-preview:large","keywords":"sociedad","webmasterTools":{"google-site-verification":"UA-38556648-1","msvalidate.01":"7dfe9f3f1b24437ab69f4f2559babe99","miscellaneous":""},"schema":{"@context":"https:\/\/schema.org","@graph":[{"@type":"BlogPosting","@id":"https:\/\/www.eldigitaldeasturias.com\/noticias\/concluye-la-compleja-construccion-de-la-boveda-de-la-catedral-de-vitoria\/#blogposting","name":"Concluye la compleja construcci\u00f3n de la b\u00f3veda de la catedral de Vitoria - El Digital de Asturias","headline":"Concluye la compleja construcci\u00f3n de la b\u00f3veda de la catedral de Vitoria","author":{"@id":"https:\/\/www.eldigitaldeasturias.com\/noticias\/author\/admin\/#author"},"publisher":{"@id":"https:\/\/www.eldigitaldeasturias.com\/noticias\/#organization"},"image":{"@type":"ImageObject","url":458424},"datePublished":"2013-12-06T00:28:23+01:00","dateModified":"2013-12-06T00:28:23+01:00","inLanguage":"es-ES","mainEntityOfPage":{"@id":"https:\/\/www.eldigitaldeasturias.com\/noticias\/concluye-la-compleja-construccion-de-la-boveda-de-la-catedral-de-vitoria\/#webpage"},"isPartOf":{"@id":"https:\/\/www.eldigitaldeasturias.com\/noticias\/concluye-la-compleja-construccion-de-la-boveda-de-la-catedral-de-vitoria\/#webpage"},"articleSection":"Sociedad"},{"@type":"BreadcrumbList","@id":"https:\/\/www.eldigitaldeasturias.com\/noticias\/concluye-la-compleja-construccion-de-la-boveda-de-la-catedral-de-vitoria\/#breadcrumblist","itemListElement":[{"@type":"ListItem","@id":"https:\/\/www.eldigitaldeasturias.com\/noticias#listItem","position":1,"name":"Home","item":"https:\/\/www.eldigitaldeasturias.com\/noticias","nextItem":{"@type":"ListItem","@id":"https:\/\/www.eldigitaldeasturias.com\/noticias\/category\/sociedad\/#listItem","name":"Sociedad"}},{"@type":"ListItem","@id":"https:\/\/www.eldigitaldeasturias.com\/noticias\/category\/sociedad\/#listItem","position":2,"name":"Sociedad","item":"https:\/\/www.eldigitaldeasturias.com\/noticias\/category\/sociedad\/","nextItem":{"@type":"ListItem","@id":"https:\/\/www.eldigitaldeasturias.com\/noticias\/concluye-la-compleja-construccion-de-la-boveda-de-la-catedral-de-vitoria\/#listItem","name":"Concluye la compleja construcci\u00f3n de la b\u00f3veda de la catedral de Vitoria"},"previousItem":{"@type":"ListItem","@id":"https:\/\/www.eldigitaldeasturias.com\/noticias#listItem","name":"Home"}},{"@type":"ListItem","@id":"https:\/\/www.eldigitaldeasturias.com\/noticias\/concluye-la-compleja-construccion-de-la-boveda-de-la-catedral-de-vitoria\/#listItem","position":3,"name":"Concluye la compleja construcci\u00f3n de la b\u00f3veda de la catedral de Vitoria","previousItem":{"@type":"ListItem","@id":"https:\/\/www.eldigitaldeasturias.com\/noticias\/category\/sociedad\/#listItem","name":"Sociedad"}}]},{"@type":"Organization","@id":"https:\/\/www.eldigitaldeasturias.com\/noticias\/#organization","name":"El Digital de Asturias","description":"Hemeroteca","url":"https:\/\/www.eldigitaldeasturias.com\/noticias\/","email":"info@eldigitaldeasturias.com","telephone":"+34652131393","logo":{"@type":"ImageObject","url":"https:\/\/www.eldigitaldeasturias.com\/noticias\/wp-content\/uploads\/2020\/12\/EDA.jpg","@id":"https:\/\/www.eldigitaldeasturias.com\/noticias\/concluye-la-compleja-construccion-de-la-boveda-de-la-catedral-de-vitoria\/#organizationLogo"},"image":{"@id":"https:\/\/www.eldigitaldeasturias.com\/noticias\/concluye-la-compleja-construccion-de-la-boveda-de-la-catedral-de-vitoria\/#organizationLogo"},"sameAs":["https:\/\/facebook.com\/eldigitaldeasturias","https:\/\/www.youtube.com\/channel\/UCZP-2wLEB9Rv6erhFmqVnvg"],"address":{"@id":"https:\/\/www.eldigitaldeasturias.com\/noticias\/#postaladdress","@type":"PostalAddress","streetAddress":"san antonio 4","postalCode":"33430","addressLocality":"Cand\u00e1s","addressRegion":"Asturias","addressCountry":"ES"}},{"@type":"Person","@id":"https:\/\/www.eldigitaldeasturias.com\/noticias\/author\/admin\/#author","url":"https:\/\/www.eldigitaldeasturias.com\/noticias\/author\/admin\/","name":"El Digital de Asturias","image":{"@type":"ImageObject","@id":"https:\/\/www.eldigitaldeasturias.com\/noticias\/concluye-la-compleja-construccion-de-la-boveda-de-la-catedral-de-vitoria\/#authorImage","url":"https:\/\/secure.gravatar.com\/avatar\/df2aeffc32bcd13f8d26072ef8a91b623d677766deac7f97ca815868cd41bf5e?s=96&d=mm&r=g","width":96,"height":96,"caption":"El Digital de Asturias"}},{"@type":"WebPage","@id":"https:\/\/www.eldigitaldeasturias.com\/noticias\/concluye-la-compleja-construccion-de-la-boveda-de-la-catedral-de-vitoria\/#webpage","url":"https:\/\/www.eldigitaldeasturias.com\/noticias\/concluye-la-compleja-construccion-de-la-boveda-de-la-catedral-de-vitoria\/","name":"Concluye la compleja construcci\u00f3n de la b\u00f3veda de la catedral de Vitoria - El Digital de Asturias","description":"Vitoria, 5 dic (EFE).- La compleja construcci\u00f3n de la llamada B\u00f3veda del Milenio, de la Catedral de Santa Mar\u00eda de Vitoria, un templo del siglo XIV ubicado en el casco antiguo de la ciudad y que ha recibido numerosos premios internacionales por la restauraci\u00f3n que se lleva a cabo en \u00e9l desde hace 13 a\u00f1os,","inLanguage":"es-ES","isPartOf":{"@id":"https:\/\/www.eldigitaldeasturias.com\/noticias\/#website"},"breadcrumb":{"@id":"https:\/\/www.eldigitaldeasturias.com\/noticias\/concluye-la-compleja-construccion-de-la-boveda-de-la-catedral-de-vitoria\/#breadcrumblist"},"author":{"@id":"https:\/\/www.eldigitaldeasturias.com\/noticias\/author\/admin\/#author"},"creator":{"@id":"https:\/\/www.eldigitaldeasturias.com\/noticias\/author\/admin\/#author"},"image":{"@type":"ImageObject","url":458424,"@id":"https:\/\/www.eldigitaldeasturias.com\/noticias\/concluye-la-compleja-construccion-de-la-boveda-de-la-catedral-de-vitoria\/#mainImage"},"primaryImageOfPage":{"@id":"https:\/\/www.eldigitaldeasturias.com\/noticias\/concluye-la-compleja-construccion-de-la-boveda-de-la-catedral-de-vitoria\/#mainImage"},"datePublished":"2013-12-06T00:28:23+01:00","dateModified":"2013-12-06T00:28:23+01:00"},{"@type":"WebSite","@id":"https:\/\/www.eldigitaldeasturias.com\/noticias\/#website","url":"https:\/\/www.eldigitaldeasturias.com\/noticias\/","name":"El Digital de Asturias - Diario de actualidad y noticias","alternateName":"El Digital de Asturias - Diario de actualidad y noticias","description":"Hemeroteca","inLanguage":"es-ES","publisher":{"@id":"https:\/\/www.eldigitaldeasturias.com\/noticias\/#organization"}}]},"og:locale":"es_ES","og:site_name":"El Digital de Asturias","og:type":"article","og:title":"Concluye la compleja construcci\u00f3n de la b\u00f3veda de la catedral de Vitoria - El Digital de Asturias","og:description":"Vitoria, 5 dic (EFE).- La compleja construcci\u00f3n de la llamada B\u00f3veda del Milenio, de la Catedral de Santa Mar\u00eda de Vitoria, un templo del siglo XIV ubicado en el casco antiguo de la ciudad y que ha recibido numerosos premios internacionales por la restauraci\u00f3n que se lleva a cabo en \u00e9l desde hace 13 a\u00f1os,","og:url":"https:\/\/www.eldigitaldeasturias.com\/noticias\/concluye-la-compleja-construccion-de-la-boveda-de-la-catedral-de-vitoria\/","article:tag":["sociedad"],"article:published_time":"2013-12-06T01:28:23+00:00","article:modified_time":"2013-12-06T01:28:23+00:00","article:publisher":"https:\/\/facebook.com\/eldigitaldeasturias","twitter:card":"summary_large_image","twitter:title":"Concluye la compleja construcci\u00f3n de la b\u00f3veda de la catedral de Vitoria - El Digital de Asturias","twitter:description":"Vitoria, 5 dic (EFE).- La compleja construcci\u00f3n de la llamada B\u00f3veda del Milenio, de la Catedral de Santa Mar\u00eda de Vitoria, un templo del siglo XIV ubicado en el casco antiguo de la ciudad y que ha recibido numerosos premios internacionales por la restauraci\u00f3n que se lleva a cabo en \u00e9l desde hace 13 a\u00f1os,","twitter:label1":"Escrito por","twitter:data1":"El Digital de Asturias","twitter:label2":"Tiempo de lectura estimado","twitter:data2":"3 minutos"},"aioseo_meta_data":{"post_id":"458423","title":null,"description":null,"keywords":null,"keyphrases":null,"primary_term":null,"canonical_url":null,"og_title":null,"og_description":null,"og_object_type":"default","og_image_type":"default","og_image_url":null,"og_image_width":null,"og_image_height":null,"og_image_custom_url":null,"og_image_custom_fields":null,"og_video":null,"og_custom_url":null,"og_article_section":null,"og_article_tags":null,"twitter_use_og":true,"twitter_card":"default","twitter_image_type":"default","twitter_image_url":null,"twitter_image_custom_url":null,"twitter_image_custom_fields":null,"twitter_title":null,"twitter_description":null,"schema":{"blockGraphs":[],"customGraphs":[],"default":{"data":{"Article":[],"Course":[],"Dataset":[],"FAQPage":[],"Movie":[],"Person":[],"Product":[],"ProductReview":[],"Car":[],"Recipe":[],"Service":[],"SoftwareApplication":[],"WebPage":[]},"graphName":"","isEnabled":true},"graphs":[],"defaultGraph":"","defaultPostTypeGraph":""},"schema_type":null,"schema_type_options":null,"pillar_content":false,"robots_default":true,"robots_noindex":false,"robots_noarchive":false,"robots_nosnippet":false,"robots_nofollow":false,"robots_noimageindex":false,"robots_noodp":false,"robots_notranslate":false,"robots_max_snippet":null,"robots_max_videopreview":null,"robots_max_imagepreview":"none","priority":null,"frequency":null,"local_seo":null,"seo_analyzer_scan_date":"2026-05-30 05:29:55","breadcrumb_settings":null,"limit_modified_date":false,"open_ai":null,"ai":null,"created":"2020-11-14 22:46:17","updated":"2026-05-30 05:29:55","focus_keyword":null,"additional_keywords":null,"truseo_locale":null},"aioseo_breadcrumb":"<div class=\"aioseo-breadcrumbs\"><span class=\"aioseo-breadcrumb\">\n\t<a href=\"https:\/\/www.eldigitaldeasturias.com\/noticias\" title=\"Home\">Home<\/a>\n<\/span><span class=\"aioseo-breadcrumb-separator\">\u2013<\/span><span class=\"aioseo-breadcrumb\">\n\t<a href=\"https:\/\/www.eldigitaldeasturias.com\/noticias\/category\/sociedad\/\" title=\"Sociedad\">Sociedad<\/a>\n<\/span><span class=\"aioseo-breadcrumb-separator\">\u2013<\/span><span class=\"aioseo-breadcrumb\">\n\t<a href=\"https:\/\/www.eldigitaldeasturias.com\/noticias\/concluye-la-compleja-construccion-de-la-boveda-de-la-catedral-de-vitoria\/\" title=\"Concluye la compleja construcci\u00f3n de la b\u00f3veda de la catedral de Vitoria\">Concluye la compleja construcci\u00f3n de la b\u00f3veda de la catedral de Vitoria<\/a>\n<\/span><\/div>","aioseo_breadcrumb_json":[{"label":"Home","link":"https:\/\/www.eldigitaldeasturias.com\/noticias"},{"label":"Sociedad","link":"https:\/\/www.eldigitaldeasturias.com\/noticias\/category\/sociedad\/"},{"label":"Concluye la compleja construcci\u00f3n de la b\u00f3veda de la catedral de Vitoria","link":"https:\/\/www.eldigitaldeasturias.com\/noticias\/concluye-la-compleja-construccion-de-la-boveda-de-la-catedral-de-vitoria\/"}],"_links":{"self":[{"href":"https:\/\/www.eldigitaldeasturias.com\/noticias\/wp-json\/wp\/v2\/posts\/458423","targetHints":{"allow":["GET"]}}],"collection":[{"href":"https:\/\/www.eldigitaldeasturias.com\/noticias\/wp-json\/wp\/v2\/posts"}],"about":[{"href":"https:\/\/www.eldigitaldeasturias.com\/noticias\/wp-json\/wp\/v2\/types\/post"}],"author":[{"embeddable":true,"href":"https:\/\/www.eldigitaldeasturias.com\/noticias\/wp-json\/wp\/v2\/users\/1"}],"replies":[{"embeddable":true,"href":"https:\/\/www.eldigitaldeasturias.com\/noticias\/wp-json\/wp\/v2\/comments?post=458423"}],"version-history":[{"count":0,"href":"https:\/\/www.eldigitaldeasturias.com\/noticias\/wp-json\/wp\/v2\/posts\/458423\/revisions"}],"wp:attachment":[{"href":"https:\/\/www.eldigitaldeasturias.com\/noticias\/wp-json\/wp\/v2\/media?parent=458423"}],"wp:term":[{"taxonomy":"category","embeddable":true,"href":"https:\/\/www.eldigitaldeasturias.com\/noticias\/wp-json\/wp\/v2\/categories?post=458423"},{"taxonomy":"post_tag","embeddable":true,"href":"https:\/\/www.eldigitaldeasturias.com\/noticias\/wp-json\/wp\/v2\/tags?post=458423"}],"curies":[{"name":"wp","href":"https:\/\/api.w.org\/{rel}","templated":true}]}}