{"id":458420,"date":"2013-12-06T00:27:08","date_gmt":"2013-12-06T01:27:08","guid":{"rendered":"http:\/\/www.eldigitaldeasturias.com\/noticias\/?p=458420"},"modified":"2013-12-06T00:27:08","modified_gmt":"2013-12-06T01:27:08","slug":"ford-conseguira-rentabilidad-en-europa-en-2015","status":"publish","type":"post","link":"https:\/\/www.eldigitaldeasturias.com\/noticias\/ford-conseguira-rentabilidad-en-europa-en-2015\/","title":{"rendered":"Ford conseguir\u00e1 rentabilidad en Europa en 2015"},"content":{"rendered":"<p><img loading=\"lazy\" decoding=\"async\" class=\"alignleft size-medium wp-image-458421\" alt=\"5774494w\" src=\"https:\/\/www.eldigitaldeasturias.com\/noticias\/wp-content\/uploads\/2013\/12\/5774494w-360x210.jpg\" width=\"360\" height=\"210\" \/>Barcelona, 5 dic (EFE).- Ford Motor retornar\u00e1 a los niveles de rentabilidad en Europa en 2015, seg\u00fan anunci\u00f3 hoy el vicepresidente ejecutivo de la compa\u00f1\u00eda, Stephen Odell, en la convenci\u00f3n anual \u00abGo Further\u00bb de esta marca, celebrada en Barcelona.<\/p>\n<p>En un plazo m\u00e1s largo, hacia 2018, Odell pronostic\u00f3 que las ventas en el Viejo Continente ser\u00e1n del entorno de un mill\u00f3n de veh\u00edculos.<\/p>\n<p>En esta convenci\u00f3n, Odell se refiri\u00f3 al plan de transformaci\u00f3n que ejecuta Ford para hacer rentable la compa\u00f1\u00eda en el viejo continente y, cuyos primeros s\u00edntomas se empiezan a apreciar en este ejercicio.<\/p>\n<p>Seg\u00fan el ejecutivo de Ford, el pr\u00f3ximo a\u00f1o empezar\u00e1 a haber crecimiento de ventas en el mercado global europeo y para ello se va a pasar de 15 a 25 modelos en los pr\u00f3ximos cinco a\u00f1os, y adem\u00e1s se actuar\u00e1 sobre coste, producto y marca.<\/p>\n<p>Odell reconoci\u00f3 que en la fase de crisis de Ford en Europa se ha reducido un 18 % la capacidad manufacturera de la marca.<\/p>\n<p>Tambi\u00e9n estuvo presente en la convenci\u00f3n el presidente mundial de la marca del \u00f3valo, Bill Ford, biznieto del fundador de la marca, Henry Ford, al que evoc\u00f3.<\/p>\n<p>El m\u00e1ximo responsable augur\u00f3 \u00abcambios gratificantes\u00bb de la marca en Europa y record\u00f3 que los retos a los que se han enfrentado en esta regi\u00f3n fueron similares a los que se abordaron poco antes en Estados Unidos.<\/p>\n<p>Bill Ford no ocult\u00f3 su preocupaci\u00f3n por la evoluci\u00f3n demogr\u00e1fica de las principales ciudades en las pr\u00f3ximas d\u00e9cadas, un fen\u00f3meno que puede poner trabas a la movilidad ciudadana.<\/p>\n<p>Los trabajos de la marca apuntan en ese sentido y se centran en convertir al autom\u00f3vil del futuro en un elemento integrado en el ecosistema, por ello \u00ablas comunicaciones entre veh\u00edculos a medio plazo, van a ser algo com\u00fan\u00bb.<\/p>\n<p>La capacidad tecnol\u00f3gica de Ford se avala con desarrollos de sistemas autom\u00e1ticos de control y de conectividad de los veh\u00edculos que ya ha desarrollado, junto a los que perfeccionar\u00e1 a medio plazo.<\/p>\n<p>En Europa ya est\u00e1n presentes el sistema SYNC coordinado con las aplicaciones del m\u00f3vil en Europa, los sistemas de conducci\u00f3n antiatasco, de apertura de \u00e1ngulos de visi\u00f3n, el asiento de control de frecuencias card\u00edacas, capaz de avisar de anomal\u00edas, dispositivos de evitaci\u00f3n de obst\u00e1culos y mecanismos m\u00e1s sofisticados de aparcamiento autom\u00e1tico.<\/p>\n<p>Dentro de las tecnolog\u00edas m\u00e1s convencionales hubo especial menci\u00f3n para los motores de gasolina Ecoboost, extendido al 80 % de los veh\u00edculos de Ford en todo el mundo, y para los que se prev\u00e9 triplicar la producci\u00f3n hasta 1,3 millones de unidades anuales.<\/p>\n","protected":false},"excerpt":{"rendered":"<p>Barcelona, 5 dic (EFE).- Ford Motor retornar\u00e1 a los niveles de rentabilidad en Europa en 2015, seg\u00fan anunci\u00f3 hoy el vicepresidente ejecutivo de la compa\u00f1\u00eda, Stephen Odell, en la convenci\u00f3n anual \u00abGo Further\u00bb de esta marca, celebrada en Barcelona. En un plazo m\u00e1s largo, hacia 2018, Odell pronostic\u00f3 que las ventas en el Viejo Continente [&hellip;]<\/p>\n","protected":false},"author":1,"featured_media":458421,"comment_status":"closed","ping_status":"open","sticky":false,"template":"","format":"standard","meta":{"footnotes":""},"categories":[50],"tags":[],"class_list":["post-458420","post","type-post","status-publish","format-standard","has-post-thumbnail","hentry","category-revista-de-ocio"],"aioseo_notices":[],"aioseo_head":"\n\t\t<!-- All in One SEO Pro 5.0.1 - aioseo.com -->\n\t<meta name=\"description\" content=\"Barcelona, 5 dic (EFE).- Ford Motor retornar\u00e1 a los niveles de rentabilidad en Europa en 2015, seg\u00fan anunci\u00f3 hoy el vicepresidente ejecutivo de la compa\u00f1\u00eda, Stephen Odell, en la convenci\u00f3n anual &quot;Go Further&quot; de esta marca, celebrada en Barcelona. En un plazo m\u00e1s largo, hacia 2018, Odell pronostic\u00f3 que las ventas en el Viejo Continente\" \/>\n\t<meta name=\"robots\" content=\"max-image-preview:large\" \/>\n\t<meta name=\"author\" content=\"El Digital de Asturias\"\/>\n\t<meta name=\"google-site-verification\" content=\"UA-38556648-1\" \/>\n\t<meta name=\"msvalidate.01\" content=\"7dfe9f3f1b24437ab69f4f2559babe99\" \/>\n\t<meta name=\"keywords\" content=\"revista de ocio\" \/>\n\t<link rel=\"canonical\" href=\"https:\/\/www.eldigitaldeasturias.com\/noticias\/ford-conseguira-rentabilidad-en-europa-en-2015\/\" \/>\n\t<meta name=\"generator\" content=\"All in One SEO Pro (AIOSEO) 5.0.1\" \/>\n\t\t<meta property=\"og:locale\" content=\"es_ES\" \/>\n\t\t<meta property=\"og:site_name\" content=\"El Digital de Asturias\" \/>\n\t\t<meta property=\"og:type\" content=\"article\" \/>\n\t\t<meta property=\"og:title\" content=\"Ford conseguir\u00e1 rentabilidad en Europa en 2015 - El Digital de Asturias\" \/>\n\t\t<meta property=\"og:description\" content=\"Barcelona, 5 dic (EFE).- Ford Motor retornar\u00e1 a los niveles de rentabilidad en Europa en 2015, seg\u00fan anunci\u00f3 hoy el vicepresidente ejecutivo de la compa\u00f1\u00eda, Stephen Odell, en la convenci\u00f3n anual &quot;Go Further&quot; de esta marca, celebrada en Barcelona. En un plazo m\u00e1s largo, hacia 2018, Odell pronostic\u00f3 que las ventas en el Viejo Continente\" \/>\n\t\t<meta property=\"og:url\" content=\"https:\/\/www.eldigitaldeasturias.com\/noticias\/ford-conseguira-rentabilidad-en-europa-en-2015\/\" \/>\n\t\t<meta property=\"article:tag\" content=\"revista de ocio\" \/>\n\t\t<meta property=\"article:published_time\" content=\"2013-12-06T01:27:08+00:00\" \/>\n\t\t<meta property=\"article:modified_time\" content=\"2013-12-06T01:27:08+00:00\" \/>\n\t\t<meta property=\"article:publisher\" content=\"https:\/\/facebook.com\/eldigitaldeasturias\" \/>\n\t\t<meta name=\"twitter:card\" content=\"summary_large_image\" \/>\n\t\t<meta name=\"twitter:title\" content=\"Ford conseguir\u00e1 rentabilidad en Europa en 2015 - El Digital de Asturias\" \/>\n\t\t<meta name=\"twitter:description\" content=\"Barcelona, 5 dic (EFE).- Ford Motor retornar\u00e1 a los niveles de rentabilidad en Europa en 2015, seg\u00fan anunci\u00f3 hoy el vicepresidente ejecutivo de la compa\u00f1\u00eda, Stephen Odell, en la convenci\u00f3n anual &quot;Go Further&quot; de esta marca, celebrada en Barcelona. En un plazo m\u00e1s largo, hacia 2018, Odell pronostic\u00f3 que las ventas en el Viejo Continente\" \/>\n\t\t<meta name=\"twitter:label1\" content=\"Escrito por\" \/>\n\t\t<meta name=\"twitter:data1\" content=\"El Digital de Asturias\" \/>\n\t\t<meta name=\"twitter:label2\" content=\"Tiempo de lectura estimado\" \/>\n\t\t<meta name=\"twitter:data2\" content=\"2 minutos\" \/>\n\t\t<script type=\"application\/ld+json\" class=\"aioseo-schema\">\n\t\t\t{\"@context\":\"https:\\\/\\\/schema.org\",\"@graph\":[{\"@type\":\"BlogPosting\",\"@id\":\"https:\\\/\\\/www.eldigitaldeasturias.com\\\/noticias\\\/ford-conseguira-rentabilidad-en-europa-en-2015\\\/#blogposting\",\"name\":\"Ford conseguir\\u00e1 rentabilidad en Europa en 2015 - El Digital de Asturias\",\"headline\":\"Ford conseguir\\u00e1 rentabilidad en Europa en 2015\",\"author\":{\"@id\":\"https:\\\/\\\/www.eldigitaldeasturias.com\\\/noticias\\\/author\\\/admin\\\/#author\"},\"publisher\":{\"@id\":\"https:\\\/\\\/www.eldigitaldeasturias.com\\\/noticias\\\/#organization\"},\"image\":{\"@type\":\"ImageObject\",\"url\":458421},\"datePublished\":\"2013-12-06T00:27:08+01:00\",\"dateModified\":\"2013-12-06T00:27:08+01:00\",\"inLanguage\":\"es-ES\",\"mainEntityOfPage\":{\"@id\":\"https:\\\/\\\/www.eldigitaldeasturias.com\\\/noticias\\\/ford-conseguira-rentabilidad-en-europa-en-2015\\\/#webpage\"},\"isPartOf\":{\"@id\":\"https:\\\/\\\/www.eldigitaldeasturias.com\\\/noticias\\\/ford-conseguira-rentabilidad-en-europa-en-2015\\\/#webpage\"},\"articleSection\":\"Revista de Ocio\"},{\"@type\":\"BreadcrumbList\",\"@id\":\"https:\\\/\\\/www.eldigitaldeasturias.com\\\/noticias\\\/ford-conseguira-rentabilidad-en-europa-en-2015\\\/#breadcrumblist\",\"itemListElement\":[{\"@type\":\"ListItem\",\"@id\":\"https:\\\/\\\/www.eldigitaldeasturias.com\\\/noticias#listItem\",\"position\":1,\"name\":\"Home\",\"item\":\"https:\\\/\\\/www.eldigitaldeasturias.com\\\/noticias\",\"nextItem\":{\"@type\":\"ListItem\",\"@id\":\"https:\\\/\\\/www.eldigitaldeasturias.com\\\/noticias\\\/category\\\/revista-de-ocio\\\/#listItem\",\"name\":\"Revista de Ocio\"}},{\"@type\":\"ListItem\",\"@id\":\"https:\\\/\\\/www.eldigitaldeasturias.com\\\/noticias\\\/category\\\/revista-de-ocio\\\/#listItem\",\"position\":2,\"name\":\"Revista de Ocio\",\"item\":\"https:\\\/\\\/www.eldigitaldeasturias.com\\\/noticias\\\/category\\\/revista-de-ocio\\\/\",\"nextItem\":{\"@type\":\"ListItem\",\"@id\":\"https:\\\/\\\/www.eldigitaldeasturias.com\\\/noticias\\\/ford-conseguira-rentabilidad-en-europa-en-2015\\\/#listItem\",\"name\":\"Ford conseguir\\u00e1 rentabilidad en Europa en 2015\"},\"previousItem\":{\"@type\":\"ListItem\",\"@id\":\"https:\\\/\\\/www.eldigitaldeasturias.com\\\/noticias#listItem\",\"name\":\"Home\"}},{\"@type\":\"ListItem\",\"@id\":\"https:\\\/\\\/www.eldigitaldeasturias.com\\\/noticias\\\/ford-conseguira-rentabilidad-en-europa-en-2015\\\/#listItem\",\"position\":3,\"name\":\"Ford conseguir\\u00e1 rentabilidad en Europa en 2015\",\"previousItem\":{\"@type\":\"ListItem\",\"@id\":\"https:\\\/\\\/www.eldigitaldeasturias.com\\\/noticias\\\/category\\\/revista-de-ocio\\\/#listItem\",\"name\":\"Revista de Ocio\"}}]},{\"@type\":\"Organization\",\"@id\":\"https:\\\/\\\/www.eldigitaldeasturias.com\\\/noticias\\\/#organization\",\"name\":\"El Digital de Asturias\",\"description\":\"Hemeroteca\",\"url\":\"https:\\\/\\\/www.eldigitaldeasturias.com\\\/noticias\\\/\",\"email\":\"info@eldigitaldeasturias.com\",\"telephone\":\"+34652131393\",\"logo\":{\"@type\":\"ImageObject\",\"url\":\"https:\\\/\\\/www.eldigitaldeasturias.com\\\/noticias\\\/wp-content\\\/uploads\\\/2020\\\/12\\\/EDA.jpg\",\"@id\":\"https:\\\/\\\/www.eldigitaldeasturias.com\\\/noticias\\\/ford-conseguira-rentabilidad-en-europa-en-2015\\\/#organizationLogo\"},\"image\":{\"@id\":\"https:\\\/\\\/www.eldigitaldeasturias.com\\\/noticias\\\/ford-conseguira-rentabilidad-en-europa-en-2015\\\/#organizationLogo\"},\"sameAs\":[\"https:\\\/\\\/facebook.com\\\/eldigitaldeasturias\",\"https:\\\/\\\/www.youtube.com\\\/channel\\\/UCZP-2wLEB9Rv6erhFmqVnvg\"],\"address\":{\"@id\":\"https:\\\/\\\/www.eldigitaldeasturias.com\\\/noticias\\\/#postaladdress\",\"@type\":\"PostalAddress\",\"streetAddress\":\"san antonio 4\",\"postalCode\":\"33430\",\"addressLocality\":\"Cand\\u00e1s\",\"addressRegion\":\"Asturias\",\"addressCountry\":\"ES\"}},{\"@type\":\"Person\",\"@id\":\"https:\\\/\\\/www.eldigitaldeasturias.com\\\/noticias\\\/author\\\/admin\\\/#author\",\"url\":\"https:\\\/\\\/www.eldigitaldeasturias.com\\\/noticias\\\/author\\\/admin\\\/\",\"name\":\"El Digital de Asturias\",\"image\":{\"@type\":\"ImageObject\",\"@id\":\"https:\\\/\\\/www.eldigitaldeasturias.com\\\/noticias\\\/ford-conseguira-rentabilidad-en-europa-en-2015\\\/#authorImage\",\"url\":\"https:\\\/\\\/secure.gravatar.com\\\/avatar\\\/df2aeffc32bcd13f8d26072ef8a91b623d677766deac7f97ca815868cd41bf5e?s=96&d=mm&r=g\",\"width\":96,\"height\":96,\"caption\":\"El Digital de Asturias\"}},{\"@type\":\"WebPage\",\"@id\":\"https:\\\/\\\/www.eldigitaldeasturias.com\\\/noticias\\\/ford-conseguira-rentabilidad-en-europa-en-2015\\\/#webpage\",\"url\":\"https:\\\/\\\/www.eldigitaldeasturias.com\\\/noticias\\\/ford-conseguira-rentabilidad-en-europa-en-2015\\\/\",\"name\":\"Ford conseguir\\u00e1 rentabilidad en Europa en 2015 - El Digital de Asturias\",\"description\":\"Barcelona, 5 dic (EFE).- Ford Motor retornar\\u00e1 a los niveles de rentabilidad en Europa en 2015, seg\\u00fan anunci\\u00f3 hoy el vicepresidente ejecutivo de la compa\\u00f1\\u00eda, Stephen Odell, en la convenci\\u00f3n anual \\\"Go Further\\\" de esta marca, celebrada en Barcelona. En un plazo m\\u00e1s largo, hacia 2018, Odell pronostic\\u00f3 que las ventas en el Viejo Continente\",\"inLanguage\":\"es-ES\",\"isPartOf\":{\"@id\":\"https:\\\/\\\/www.eldigitaldeasturias.com\\\/noticias\\\/#website\"},\"breadcrumb\":{\"@id\":\"https:\\\/\\\/www.eldigitaldeasturias.com\\\/noticias\\\/ford-conseguira-rentabilidad-en-europa-en-2015\\\/#breadcrumblist\"},\"author\":{\"@id\":\"https:\\\/\\\/www.eldigitaldeasturias.com\\\/noticias\\\/author\\\/admin\\\/#author\"},\"creator\":{\"@id\":\"https:\\\/\\\/www.eldigitaldeasturias.com\\\/noticias\\\/author\\\/admin\\\/#author\"},\"image\":{\"@type\":\"ImageObject\",\"url\":458421,\"@id\":\"https:\\\/\\\/www.eldigitaldeasturias.com\\\/noticias\\\/ford-conseguira-rentabilidad-en-europa-en-2015\\\/#mainImage\"},\"primaryImageOfPage\":{\"@id\":\"https:\\\/\\\/www.eldigitaldeasturias.com\\\/noticias\\\/ford-conseguira-rentabilidad-en-europa-en-2015\\\/#mainImage\"},\"datePublished\":\"2013-12-06T00:27:08+01:00\",\"dateModified\":\"2013-12-06T00:27:08+01:00\"},{\"@type\":\"WebSite\",\"@id\":\"https:\\\/\\\/www.eldigitaldeasturias.com\\\/noticias\\\/#website\",\"url\":\"https:\\\/\\\/www.eldigitaldeasturias.com\\\/noticias\\\/\",\"name\":\"El Digital de Asturias - Diario de actualidad y noticias\",\"alternateName\":\"El Digital de Asturias - Diario de actualidad y noticias\",\"description\":\"Hemeroteca\",\"inLanguage\":\"es-ES\",\"publisher\":{\"@id\":\"https:\\\/\\\/www.eldigitaldeasturias.com\\\/noticias\\\/#organization\"}}]}\n\t\t<\/script>\n\t\t<!-- All in One SEO Pro -->\r\n\t\t<title>Ford conseguir\u00e1 rentabilidad en Europa en 2015 - El Digital de Asturias<\/title>\n\n","aioseo_head_json":{"title":"Ford conseguir\u00e1 rentabilidad en Europa en 2015 - El Digital de Asturias","description":"Barcelona, 5 dic (EFE).- Ford Motor retornar\u00e1 a los niveles de rentabilidad en Europa en 2015, seg\u00fan anunci\u00f3 hoy el vicepresidente ejecutivo de la compa\u00f1\u00eda, Stephen Odell, en la convenci\u00f3n anual \"Go Further\" de esta marca, celebrada en Barcelona. En un plazo m\u00e1s largo, hacia 2018, Odell pronostic\u00f3 que las ventas en el Viejo Continente","canonical_url":"https:\/\/www.eldigitaldeasturias.com\/noticias\/ford-conseguira-rentabilidad-en-europa-en-2015\/","robots":"max-image-preview:large","keywords":"revista de ocio","webmasterTools":{"google-site-verification":"UA-38556648-1","msvalidate.01":"7dfe9f3f1b24437ab69f4f2559babe99","miscellaneous":""},"schema":{"@context":"https:\/\/schema.org","@graph":[{"@type":"BlogPosting","@id":"https:\/\/www.eldigitaldeasturias.com\/noticias\/ford-conseguira-rentabilidad-en-europa-en-2015\/#blogposting","name":"Ford conseguir\u00e1 rentabilidad en Europa en 2015 - El Digital de Asturias","headline":"Ford conseguir\u00e1 rentabilidad en Europa en 2015","author":{"@id":"https:\/\/www.eldigitaldeasturias.com\/noticias\/author\/admin\/#author"},"publisher":{"@id":"https:\/\/www.eldigitaldeasturias.com\/noticias\/#organization"},"image":{"@type":"ImageObject","url":458421},"datePublished":"2013-12-06T00:27:08+01:00","dateModified":"2013-12-06T00:27:08+01:00","inLanguage":"es-ES","mainEntityOfPage":{"@id":"https:\/\/www.eldigitaldeasturias.com\/noticias\/ford-conseguira-rentabilidad-en-europa-en-2015\/#webpage"},"isPartOf":{"@id":"https:\/\/www.eldigitaldeasturias.com\/noticias\/ford-conseguira-rentabilidad-en-europa-en-2015\/#webpage"},"articleSection":"Revista de Ocio"},{"@type":"BreadcrumbList","@id":"https:\/\/www.eldigitaldeasturias.com\/noticias\/ford-conseguira-rentabilidad-en-europa-en-2015\/#breadcrumblist","itemListElement":[{"@type":"ListItem","@id":"https:\/\/www.eldigitaldeasturias.com\/noticias#listItem","position":1,"name":"Home","item":"https:\/\/www.eldigitaldeasturias.com\/noticias","nextItem":{"@type":"ListItem","@id":"https:\/\/www.eldigitaldeasturias.com\/noticias\/category\/revista-de-ocio\/#listItem","name":"Revista de Ocio"}},{"@type":"ListItem","@id":"https:\/\/www.eldigitaldeasturias.com\/noticias\/category\/revista-de-ocio\/#listItem","position":2,"name":"Revista de Ocio","item":"https:\/\/www.eldigitaldeasturias.com\/noticias\/category\/revista-de-ocio\/","nextItem":{"@type":"ListItem","@id":"https:\/\/www.eldigitaldeasturias.com\/noticias\/ford-conseguira-rentabilidad-en-europa-en-2015\/#listItem","name":"Ford conseguir\u00e1 rentabilidad en Europa en 2015"},"previousItem":{"@type":"ListItem","@id":"https:\/\/www.eldigitaldeasturias.com\/noticias#listItem","name":"Home"}},{"@type":"ListItem","@id":"https:\/\/www.eldigitaldeasturias.com\/noticias\/ford-conseguira-rentabilidad-en-europa-en-2015\/#listItem","position":3,"name":"Ford conseguir\u00e1 rentabilidad en Europa en 2015","previousItem":{"@type":"ListItem","@id":"https:\/\/www.eldigitaldeasturias.com\/noticias\/category\/revista-de-ocio\/#listItem","name":"Revista de Ocio"}}]},{"@type":"Organization","@id":"https:\/\/www.eldigitaldeasturias.com\/noticias\/#organization","name":"El Digital de Asturias","description":"Hemeroteca","url":"https:\/\/www.eldigitaldeasturias.com\/noticias\/","email":"info@eldigitaldeasturias.com","telephone":"+34652131393","logo":{"@type":"ImageObject","url":"https:\/\/www.eldigitaldeasturias.com\/noticias\/wp-content\/uploads\/2020\/12\/EDA.jpg","@id":"https:\/\/www.eldigitaldeasturias.com\/noticias\/ford-conseguira-rentabilidad-en-europa-en-2015\/#organizationLogo"},"image":{"@id":"https:\/\/www.eldigitaldeasturias.com\/noticias\/ford-conseguira-rentabilidad-en-europa-en-2015\/#organizationLogo"},"sameAs":["https:\/\/facebook.com\/eldigitaldeasturias","https:\/\/www.youtube.com\/channel\/UCZP-2wLEB9Rv6erhFmqVnvg"],"address":{"@id":"https:\/\/www.eldigitaldeasturias.com\/noticias\/#postaladdress","@type":"PostalAddress","streetAddress":"san antonio 4","postalCode":"33430","addressLocality":"Cand\u00e1s","addressRegion":"Asturias","addressCountry":"ES"}},{"@type":"Person","@id":"https:\/\/www.eldigitaldeasturias.com\/noticias\/author\/admin\/#author","url":"https:\/\/www.eldigitaldeasturias.com\/noticias\/author\/admin\/","name":"El Digital de Asturias","image":{"@type":"ImageObject","@id":"https:\/\/www.eldigitaldeasturias.com\/noticias\/ford-conseguira-rentabilidad-en-europa-en-2015\/#authorImage","url":"https:\/\/secure.gravatar.com\/avatar\/df2aeffc32bcd13f8d26072ef8a91b623d677766deac7f97ca815868cd41bf5e?s=96&d=mm&r=g","width":96,"height":96,"caption":"El Digital de Asturias"}},{"@type":"WebPage","@id":"https:\/\/www.eldigitaldeasturias.com\/noticias\/ford-conseguira-rentabilidad-en-europa-en-2015\/#webpage","url":"https:\/\/www.eldigitaldeasturias.com\/noticias\/ford-conseguira-rentabilidad-en-europa-en-2015\/","name":"Ford conseguir\u00e1 rentabilidad en Europa en 2015 - El Digital de Asturias","description":"Barcelona, 5 dic (EFE).- Ford Motor retornar\u00e1 a los niveles de rentabilidad en Europa en 2015, seg\u00fan anunci\u00f3 hoy el vicepresidente ejecutivo de la compa\u00f1\u00eda, Stephen Odell, en la convenci\u00f3n anual \"Go Further\" de esta marca, celebrada en Barcelona. En un plazo m\u00e1s largo, hacia 2018, Odell pronostic\u00f3 que las ventas en el Viejo Continente","inLanguage":"es-ES","isPartOf":{"@id":"https:\/\/www.eldigitaldeasturias.com\/noticias\/#website"},"breadcrumb":{"@id":"https:\/\/www.eldigitaldeasturias.com\/noticias\/ford-conseguira-rentabilidad-en-europa-en-2015\/#breadcrumblist"},"author":{"@id":"https:\/\/www.eldigitaldeasturias.com\/noticias\/author\/admin\/#author"},"creator":{"@id":"https:\/\/www.eldigitaldeasturias.com\/noticias\/author\/admin\/#author"},"image":{"@type":"ImageObject","url":458421,"@id":"https:\/\/www.eldigitaldeasturias.com\/noticias\/ford-conseguira-rentabilidad-en-europa-en-2015\/#mainImage"},"primaryImageOfPage":{"@id":"https:\/\/www.eldigitaldeasturias.com\/noticias\/ford-conseguira-rentabilidad-en-europa-en-2015\/#mainImage"},"datePublished":"2013-12-06T00:27:08+01:00","dateModified":"2013-12-06T00:27:08+01:00"},{"@type":"WebSite","@id":"https:\/\/www.eldigitaldeasturias.com\/noticias\/#website","url":"https:\/\/www.eldigitaldeasturias.com\/noticias\/","name":"El Digital de Asturias - Diario de actualidad y noticias","alternateName":"El Digital de Asturias - Diario de actualidad y noticias","description":"Hemeroteca","inLanguage":"es-ES","publisher":{"@id":"https:\/\/www.eldigitaldeasturias.com\/noticias\/#organization"}}]},"og:locale":"es_ES","og:site_name":"El Digital de Asturias","og:type":"article","og:title":"Ford conseguir\u00e1 rentabilidad en Europa en 2015 - El Digital de Asturias","og:description":"Barcelona, 5 dic (EFE).- Ford Motor retornar\u00e1 a los niveles de rentabilidad en Europa en 2015, seg\u00fan anunci\u00f3 hoy el vicepresidente ejecutivo de la compa\u00f1\u00eda, Stephen Odell, en la convenci\u00f3n anual &quot;Go Further&quot; de esta marca, celebrada en Barcelona. En un plazo m\u00e1s largo, hacia 2018, Odell pronostic\u00f3 que las ventas en el Viejo Continente","og:url":"https:\/\/www.eldigitaldeasturias.com\/noticias\/ford-conseguira-rentabilidad-en-europa-en-2015\/","article:tag":["revista de ocio"],"article:published_time":"2013-12-06T01:27:08+00:00","article:modified_time":"2013-12-06T01:27:08+00:00","article:publisher":"https:\/\/facebook.com\/eldigitaldeasturias","twitter:card":"summary_large_image","twitter:title":"Ford conseguir\u00e1 rentabilidad en Europa en 2015 - El Digital de Asturias","twitter:description":"Barcelona, 5 dic (EFE).- Ford Motor retornar\u00e1 a los niveles de rentabilidad en Europa en 2015, seg\u00fan anunci\u00f3 hoy el vicepresidente ejecutivo de la compa\u00f1\u00eda, Stephen Odell, en la convenci\u00f3n anual &quot;Go Further&quot; de esta marca, celebrada en Barcelona. En un plazo m\u00e1s largo, hacia 2018, Odell pronostic\u00f3 que las ventas en el Viejo Continente","twitter:label1":"Escrito por","twitter:data1":"El Digital de Asturias","twitter:label2":"Tiempo de lectura estimado","twitter:data2":"2 minutos"},"aioseo_meta_data":{"post_id":"458420","title":null,"description":null,"keywords":null,"keyphrases":null,"primary_term":null,"canonical_url":null,"og_title":null,"og_description":null,"og_object_type":"default","og_image_type":"default","og_image_url":null,"og_image_width":null,"og_image_height":null,"og_image_custom_url":null,"og_image_custom_fields":null,"og_video":null,"og_custom_url":null,"og_article_section":null,"og_article_tags":null,"twitter_use_og":true,"twitter_card":"default","twitter_image_type":"default","twitter_image_url":null,"twitter_image_custom_url":null,"twitter_image_custom_fields":null,"twitter_title":null,"twitter_description":null,"schema":{"blockGraphs":[],"customGraphs":[],"default":{"data":{"Article":[],"Course":[],"Dataset":[],"FAQPage":[],"Movie":[],"Person":[],"Product":[],"ProductReview":[],"Car":[],"Recipe":[],"Service":[],"SoftwareApplication":[],"WebPage":[]},"graphName":"","isEnabled":true},"graphs":[],"defaultGraph":"","defaultPostTypeGraph":""},"schema_type":null,"schema_type_options":null,"pillar_content":false,"robots_default":true,"robots_noindex":false,"robots_noarchive":false,"robots_nosnippet":false,"robots_nofollow":false,"robots_noimageindex":false,"robots_noodp":false,"robots_notranslate":false,"robots_max_snippet":null,"robots_max_videopreview":null,"robots_max_imagepreview":"none","priority":null,"frequency":null,"local_seo":null,"seo_analyzer_scan_date":"2026-05-30 05:29:55","breadcrumb_settings":null,"limit_modified_date":false,"open_ai":null,"ai":null,"created":"2020-11-14 22:46:17","updated":"2026-05-30 05:29:55","focus_keyword":null,"additional_keywords":null,"truseo_locale":null},"aioseo_breadcrumb":"<div class=\"aioseo-breadcrumbs\"><span class=\"aioseo-breadcrumb\">\n\t<a href=\"https:\/\/www.eldigitaldeasturias.com\/noticias\" title=\"Home\">Home<\/a>\n<\/span><span class=\"aioseo-breadcrumb-separator\">\u2013<\/span><span class=\"aioseo-breadcrumb\">\n\t<a href=\"https:\/\/www.eldigitaldeasturias.com\/noticias\/category\/revista-de-ocio\/\" title=\"Revista de Ocio\">Revista de Ocio<\/a>\n<\/span><span class=\"aioseo-breadcrumb-separator\">\u2013<\/span><span class=\"aioseo-breadcrumb\">\n\t<a href=\"https:\/\/www.eldigitaldeasturias.com\/noticias\/ford-conseguira-rentabilidad-en-europa-en-2015\/\" title=\"Ford conseguir\u00e1 rentabilidad en Europa en 2015\">Ford conseguir\u00e1 rentabilidad en Europa en 2015<\/a>\n<\/span><\/div>","aioseo_breadcrumb_json":[{"label":"Home","link":"https:\/\/www.eldigitaldeasturias.com\/noticias"},{"label":"Revista de Ocio","link":"https:\/\/www.eldigitaldeasturias.com\/noticias\/category\/revista-de-ocio\/"},{"label":"Ford conseguir\u00e1 rentabilidad en Europa en 2015","link":"https:\/\/www.eldigitaldeasturias.com\/noticias\/ford-conseguira-rentabilidad-en-europa-en-2015\/"}],"_links":{"self":[{"href":"https:\/\/www.eldigitaldeasturias.com\/noticias\/wp-json\/wp\/v2\/posts\/458420","targetHints":{"allow":["GET"]}}],"collection":[{"href":"https:\/\/www.eldigitaldeasturias.com\/noticias\/wp-json\/wp\/v2\/posts"}],"about":[{"href":"https:\/\/www.eldigitaldeasturias.com\/noticias\/wp-json\/wp\/v2\/types\/post"}],"author":[{"embeddable":true,"href":"https:\/\/www.eldigitaldeasturias.com\/noticias\/wp-json\/wp\/v2\/users\/1"}],"replies":[{"embeddable":true,"href":"https:\/\/www.eldigitaldeasturias.com\/noticias\/wp-json\/wp\/v2\/comments?post=458420"}],"version-history":[{"count":0,"href":"https:\/\/www.eldigitaldeasturias.com\/noticias\/wp-json\/wp\/v2\/posts\/458420\/revisions"}],"wp:attachment":[{"href":"https:\/\/www.eldigitaldeasturias.com\/noticias\/wp-json\/wp\/v2\/media?parent=458420"}],"wp:term":[{"taxonomy":"category","embeddable":true,"href":"https:\/\/www.eldigitaldeasturias.com\/noticias\/wp-json\/wp\/v2\/categories?post=458420"},{"taxonomy":"post_tag","embeddable":true,"href":"https:\/\/www.eldigitaldeasturias.com\/noticias\/wp-json\/wp\/v2\/tags?post=458420"}],"curies":[{"name":"wp","href":"https:\/\/api.w.org\/{rel}","templated":true}]}}