{"id":458417,"date":"2013-12-06T00:25:55","date_gmt":"2013-12-06T01:25:55","guid":{"rendered":"http:\/\/www.eldigitaldeasturias.com\/noticias\/?p=458417"},"modified":"2013-12-06T00:25:55","modified_gmt":"2013-12-06T01:25:55","slug":"peru-celebra-los-50-anos-de-la-novela-emblematica-de-mario-vargas-llosa","status":"publish","type":"post","link":"https:\/\/www.eldigitaldeasturias.com\/noticias\/peru-celebra-los-50-anos-de-la-novela-emblematica-de-mario-vargas-llosa\/","title":{"rendered":"Per\u00fa celebra los 50 a\u00f1os de la novela emblem\u00e1tica de Mario Vargas Llosa"},"content":{"rendered":"<p><img loading=\"lazy\" decoding=\"async\" class=\"alignleft size-medium wp-image-458418\" alt=\"5774478w\" src=\"https:\/\/www.eldigitaldeasturias.com\/noticias\/wp-content\/uploads\/2013\/12\/5774478w-360x239.jpg\" width=\"360\" height=\"239\" \/>Lima, 5 dic (EFE).- Para festejar los 50 a\u00f1os de la publicaci\u00f3n de la novela \u00abLa ciudad y los perros\u00bb, que marc\u00f3 los inicios del escritor peruano Mario Vargas Llosa, la Casa de la Literatura Peruana inaugur\u00f3 anoche un congreso y una exposici\u00f3n en su honor.<\/p>\n<p>La muestra \u00abEl poder es cada individuo. Rutas de La ciudad y los perros\u00bb ocupa tres salas temporales de la instituci\u00f3n, en la que antiguamente funcionaba una estaci\u00f3n de trenes, donde se puede observar un montaje fotogr\u00e1fico de Lima de la d\u00e9cada de 1950 junto a fragmentos de su obra, comentarios y videos.<\/p>\n<p>Mario Vargas Llosa comenz\u00f3 a escribir \u00abLa ciudad y los perros\u00bb en Madrid, en 1958, y la culmin\u00f3 en 1961 en Par\u00eds, a partir de su experiencia en el colegio militar Leoncio Prado de Lima.<\/p>\n<p>La novela se desenvuelve en un ambiente juvenil y en ella convergen diversas realidades que giran en torno a temas como el abuso de poder, la disciplina militar y la masculinidad.<\/p>\n<p>Diana Amaya, curadora de la exposici\u00f3n, que dura hasta el 13 de abril del pr\u00f3ximo a\u00f1o, dijo a Efe que su equipo demor\u00f3 cuatro meses el armar la muestra y que se recurri\u00f3 al archivo personal de Vargas Llosa, de donde proceden algunos art\u00edculos period\u00edsticos y rese\u00f1as sobre su trabajo.<\/p>\n<p>\u00abHemos partido de una idea b\u00e1sica al relacionar el interior de las salas con el interior de la novela. Lo que \u00e9sta narra, el contenido, tanto el trabajo formal, el lenguaje, como la historia misma. Y el exterior como si fuera el exterior de la novela: los comentarios, la recepci\u00f3n y las impresiones que va causando la novela a lo largo de los a\u00f1os\u00bb, detall\u00f3 Amaya.<\/p>\n<p>Para la curadora, los fragmentos de la novela exhibidos destacan por su \u00abest\u00e9tica, por su calidad en el trabajo con el lenguaje y por su significado\u00bb.<\/p>\n<p>\u00abLa ciudad y los perros\u00bb estuvo envuelta en la pol\u00e9mica desde que sali\u00f3 a la luz, pues el fuero militar se mostr\u00f3 descontento por la imagen que se presentaba en ella de su instituci\u00f3n, e incluso es conocido el rumor de que se quemaron 1.000 ejemplares de la novela en el colegio Leoncio Prado como muestra de su rechazo, record\u00f3 Amaya.<\/p>\n<p>\u00abLa sociedad se presenta como convulsionada. No s\u00f3lo son los cr\u00edticos literarios, sino el fuero militar. De pronto amenazan con enjuiciarlo (a Vargas Llosa), corren rumores de que se quemaron ejemplares de la novela\u00bb, precis\u00f3.<\/p>\n<p>El presidente del congreso sobre Vargas Llosa que se inaugur\u00f3 anoche, Agust\u00edn Prado, declar\u00f3 a Efe que \u00abLa ciudad y los perros\u00bb es un libro vigente \u00abpor su frescura\u00bb y por ser una \u00abradiograf\u00eda\u00bb de la Lima de esa \u00e9poca.<\/p>\n<p>\u00abEs una novela muy moderna. Utilizaba nuevas t\u00e9cnicas, desafiaba al lector, pero a su vez te contaba una historia tradicional\u00bb, indic\u00f3 Prado.<\/p>\n<p>Esta obra de Vargas Llosa, que ha sido traducida a decenas de idiomas y que represent\u00f3 el inicio del \u00abboom\u00bb latinoamericano junto a las novelas de Julio Cort\u00e1zar, Gabriel Garc\u00eda M\u00e1rquez y Carlos Fuentes, marc\u00f3 la pauta realista del estilo del escritor a partir de sus vivencias, se\u00f1al\u00f3 Prado.<\/p>\n<p>\u00abEn &#8216;La ciudad y los perros&#8217; se encuentran ciertos elementos como el poder, los aspectos de las jerarqu\u00edas, c\u00f3mo las personas se someten o se sublevan a las jerarqu\u00edas, y ese es el aspecto que le da la universabilidad a la obra de Vargas Llosa\u00bb, advirti\u00f3.<\/p>\n<p>\u00abUn lector for\u00e1neo puede identificarse con los cadetes del colegio militar, con sus experiencias sentimentales y con los poderes que pueden encontrar en su vida\u00bb, subray\u00f3.<\/p>\n<p>En el congreso titulado \u00abLa ciudad y los perros y el boom hispanoamericano\u00bb participar\u00e1n expertos que propondr\u00e1n diversas lecturas de las obras del Nobel de Literatura 2010 y que buscar\u00e1n crear un acercamiento con los lectores.<\/p>\n<p>Entre los invitados a este congreso que culmina el viernes se encuentran Roland Forgues, \u00c1ngel Esteban, Ana Gallego, Elena Guichot, Roy Boland, Alonso Cueto y Marco Martos, entre otros.<\/p>\n<p>Adem\u00e1s, este viernes tambi\u00e9n se inaugurar\u00e1 la muestra \u00abLas fotos de una novela\u00bb, de Morgana Vargas Llosa, hija del escritor, donde se registra c\u00f3mo el autor fue recopilando informaci\u00f3n en Par\u00eds, Londres y las Islas Marquesas para escribir su libro \u00abEl para\u00edso en la otra esquina\u00bb sobre la feminista Flora Trist\u00e1n y su nieto, el pintor Paul Gauguin.<\/p>\n<p>Por Diana Le\u00f3n Banda<\/p>\n","protected":false},"excerpt":{"rendered":"<p>Lima, 5 dic (EFE).- Para festejar los 50 a\u00f1os de la publicaci\u00f3n de la novela \u00abLa ciudad y los perros\u00bb, que marc\u00f3 los inicios del escritor peruano Mario Vargas Llosa, la Casa de la Literatura Peruana inaugur\u00f3 anoche un congreso y una exposici\u00f3n en su honor. La muestra \u00abEl poder es cada individuo. Rutas de [&hellip;]<\/p>\n","protected":false},"author":1,"featured_media":458418,"comment_status":"closed","ping_status":"open","sticky":false,"template":"","format":"standard","meta":{"footnotes":""},"categories":[50],"tags":[],"class_list":["post-458417","post","type-post","status-publish","format-standard","has-post-thumbnail","hentry","category-revista-de-ocio"],"aioseo_notices":[],"aioseo_head":"\n\t\t<!-- All in One SEO Pro 5.0.1 - aioseo.com -->\n\t<meta name=\"description\" content=\"Lima, 5 dic (EFE).- Para festejar los 50 a\u00f1os de la publicaci\u00f3n de la novela &quot;La ciudad y los perros&quot;, que marc\u00f3 los inicios del escritor peruano Mario Vargas Llosa, la Casa de la Literatura Peruana inaugur\u00f3 anoche un congreso y una exposici\u00f3n en su honor. La muestra &quot;El poder es cada individuo. Rutas de\" \/>\n\t<meta name=\"robots\" content=\"max-image-preview:large\" \/>\n\t<meta name=\"author\" content=\"El Digital de Asturias\"\/>\n\t<meta name=\"google-site-verification\" content=\"UA-38556648-1\" \/>\n\t<meta name=\"msvalidate.01\" content=\"7dfe9f3f1b24437ab69f4f2559babe99\" \/>\n\t<meta name=\"keywords\" content=\"revista de ocio\" \/>\n\t<link rel=\"canonical\" href=\"https:\/\/www.eldigitaldeasturias.com\/noticias\/peru-celebra-los-50-anos-de-la-novela-emblematica-de-mario-vargas-llosa\/\" \/>\n\t<meta name=\"generator\" content=\"All in One SEO Pro (AIOSEO) 5.0.1\" \/>\n\t\t<meta property=\"og:locale\" content=\"es_ES\" \/>\n\t\t<meta property=\"og:site_name\" content=\"El Digital de Asturias\" \/>\n\t\t<meta property=\"og:type\" content=\"article\" \/>\n\t\t<meta property=\"og:title\" content=\"Per\u00fa celebra los 50 a\u00f1os de la novela emblem\u00e1tica de Mario Vargas Llosa - El Digital de Asturias\" \/>\n\t\t<meta property=\"og:description\" content=\"Lima, 5 dic (EFE).- Para festejar los 50 a\u00f1os de la publicaci\u00f3n de la novela &quot;La ciudad y los perros&quot;, que marc\u00f3 los inicios del escritor peruano Mario Vargas Llosa, la Casa de la Literatura Peruana inaugur\u00f3 anoche un congreso y una exposici\u00f3n en su honor. La muestra &quot;El poder es cada individuo. Rutas de\" \/>\n\t\t<meta property=\"og:url\" content=\"https:\/\/www.eldigitaldeasturias.com\/noticias\/peru-celebra-los-50-anos-de-la-novela-emblematica-de-mario-vargas-llosa\/\" \/>\n\t\t<meta property=\"article:tag\" content=\"revista de ocio\" \/>\n\t\t<meta property=\"article:published_time\" content=\"2013-12-06T01:25:55+00:00\" \/>\n\t\t<meta property=\"article:modified_time\" content=\"2013-12-06T01:25:55+00:00\" \/>\n\t\t<meta property=\"article:publisher\" content=\"https:\/\/facebook.com\/eldigitaldeasturias\" \/>\n\t\t<meta name=\"twitter:card\" content=\"summary_large_image\" \/>\n\t\t<meta name=\"twitter:title\" content=\"Per\u00fa celebra los 50 a\u00f1os de la novela emblem\u00e1tica de Mario Vargas Llosa - El Digital de Asturias\" \/>\n\t\t<meta name=\"twitter:description\" content=\"Lima, 5 dic (EFE).- Para festejar los 50 a\u00f1os de la publicaci\u00f3n de la novela &quot;La ciudad y los perros&quot;, que marc\u00f3 los inicios del escritor peruano Mario Vargas Llosa, la Casa de la Literatura Peruana inaugur\u00f3 anoche un congreso y una exposici\u00f3n en su honor. La muestra &quot;El poder es cada individuo. Rutas de\" \/>\n\t\t<meta name=\"twitter:label1\" content=\"Escrito por\" \/>\n\t\t<meta name=\"twitter:data1\" content=\"El Digital de Asturias\" \/>\n\t\t<meta name=\"twitter:label2\" content=\"Tiempo de lectura estimado\" \/>\n\t\t<meta name=\"twitter:data2\" content=\"4 minutos\" \/>\n\t\t<script type=\"application\/ld+json\" class=\"aioseo-schema\">\n\t\t\t{\"@context\":\"https:\\\/\\\/schema.org\",\"@graph\":[{\"@type\":\"BlogPosting\",\"@id\":\"https:\\\/\\\/www.eldigitaldeasturias.com\\\/noticias\\\/peru-celebra-los-50-anos-de-la-novela-emblematica-de-mario-vargas-llosa\\\/#blogposting\",\"name\":\"Per\\u00fa celebra los 50 a\\u00f1os de la novela emblem\\u00e1tica de Mario Vargas Llosa - El Digital de Asturias\",\"headline\":\"Per\\u00fa celebra los 50 a\\u00f1os de la novela emblem\\u00e1tica de Mario Vargas Llosa\",\"author\":{\"@id\":\"https:\\\/\\\/www.eldigitaldeasturias.com\\\/noticias\\\/author\\\/admin\\\/#author\"},\"publisher\":{\"@id\":\"https:\\\/\\\/www.eldigitaldeasturias.com\\\/noticias\\\/#organization\"},\"image\":{\"@type\":\"ImageObject\",\"url\":458418},\"datePublished\":\"2013-12-06T00:25:55+01:00\",\"dateModified\":\"2013-12-06T00:25:55+01:00\",\"inLanguage\":\"es-ES\",\"mainEntityOfPage\":{\"@id\":\"https:\\\/\\\/www.eldigitaldeasturias.com\\\/noticias\\\/peru-celebra-los-50-anos-de-la-novela-emblematica-de-mario-vargas-llosa\\\/#webpage\"},\"isPartOf\":{\"@id\":\"https:\\\/\\\/www.eldigitaldeasturias.com\\\/noticias\\\/peru-celebra-los-50-anos-de-la-novela-emblematica-de-mario-vargas-llosa\\\/#webpage\"},\"articleSection\":\"Revista de Ocio\"},{\"@type\":\"BreadcrumbList\",\"@id\":\"https:\\\/\\\/www.eldigitaldeasturias.com\\\/noticias\\\/peru-celebra-los-50-anos-de-la-novela-emblematica-de-mario-vargas-llosa\\\/#breadcrumblist\",\"itemListElement\":[{\"@type\":\"ListItem\",\"@id\":\"https:\\\/\\\/www.eldigitaldeasturias.com\\\/noticias#listItem\",\"position\":1,\"name\":\"Home\",\"item\":\"https:\\\/\\\/www.eldigitaldeasturias.com\\\/noticias\",\"nextItem\":{\"@type\":\"ListItem\",\"@id\":\"https:\\\/\\\/www.eldigitaldeasturias.com\\\/noticias\\\/category\\\/revista-de-ocio\\\/#listItem\",\"name\":\"Revista de Ocio\"}},{\"@type\":\"ListItem\",\"@id\":\"https:\\\/\\\/www.eldigitaldeasturias.com\\\/noticias\\\/category\\\/revista-de-ocio\\\/#listItem\",\"position\":2,\"name\":\"Revista de Ocio\",\"item\":\"https:\\\/\\\/www.eldigitaldeasturias.com\\\/noticias\\\/category\\\/revista-de-ocio\\\/\",\"nextItem\":{\"@type\":\"ListItem\",\"@id\":\"https:\\\/\\\/www.eldigitaldeasturias.com\\\/noticias\\\/peru-celebra-los-50-anos-de-la-novela-emblematica-de-mario-vargas-llosa\\\/#listItem\",\"name\":\"Per\\u00fa celebra los 50 a\\u00f1os de la novela emblem\\u00e1tica de Mario Vargas Llosa\"},\"previousItem\":{\"@type\":\"ListItem\",\"@id\":\"https:\\\/\\\/www.eldigitaldeasturias.com\\\/noticias#listItem\",\"name\":\"Home\"}},{\"@type\":\"ListItem\",\"@id\":\"https:\\\/\\\/www.eldigitaldeasturias.com\\\/noticias\\\/peru-celebra-los-50-anos-de-la-novela-emblematica-de-mario-vargas-llosa\\\/#listItem\",\"position\":3,\"name\":\"Per\\u00fa celebra los 50 a\\u00f1os de la novela emblem\\u00e1tica de Mario Vargas Llosa\",\"previousItem\":{\"@type\":\"ListItem\",\"@id\":\"https:\\\/\\\/www.eldigitaldeasturias.com\\\/noticias\\\/category\\\/revista-de-ocio\\\/#listItem\",\"name\":\"Revista de Ocio\"}}]},{\"@type\":\"Organization\",\"@id\":\"https:\\\/\\\/www.eldigitaldeasturias.com\\\/noticias\\\/#organization\",\"name\":\"El Digital de Asturias\",\"description\":\"Hemeroteca\",\"url\":\"https:\\\/\\\/www.eldigitaldeasturias.com\\\/noticias\\\/\",\"email\":\"info@eldigitaldeasturias.com\",\"telephone\":\"+34652131393\",\"logo\":{\"@type\":\"ImageObject\",\"url\":\"https:\\\/\\\/www.eldigitaldeasturias.com\\\/noticias\\\/wp-content\\\/uploads\\\/2020\\\/12\\\/EDA.jpg\",\"@id\":\"https:\\\/\\\/www.eldigitaldeasturias.com\\\/noticias\\\/peru-celebra-los-50-anos-de-la-novela-emblematica-de-mario-vargas-llosa\\\/#organizationLogo\"},\"image\":{\"@id\":\"https:\\\/\\\/www.eldigitaldeasturias.com\\\/noticias\\\/peru-celebra-los-50-anos-de-la-novela-emblematica-de-mario-vargas-llosa\\\/#organizationLogo\"},\"sameAs\":[\"https:\\\/\\\/facebook.com\\\/eldigitaldeasturias\",\"https:\\\/\\\/www.youtube.com\\\/channel\\\/UCZP-2wLEB9Rv6erhFmqVnvg\"],\"address\":{\"@id\":\"https:\\\/\\\/www.eldigitaldeasturias.com\\\/noticias\\\/#postaladdress\",\"@type\":\"PostalAddress\",\"streetAddress\":\"san antonio 4\",\"postalCode\":\"33430\",\"addressLocality\":\"Cand\\u00e1s\",\"addressRegion\":\"Asturias\",\"addressCountry\":\"ES\"}},{\"@type\":\"Person\",\"@id\":\"https:\\\/\\\/www.eldigitaldeasturias.com\\\/noticias\\\/author\\\/admin\\\/#author\",\"url\":\"https:\\\/\\\/www.eldigitaldeasturias.com\\\/noticias\\\/author\\\/admin\\\/\",\"name\":\"El Digital de Asturias\",\"image\":{\"@type\":\"ImageObject\",\"@id\":\"https:\\\/\\\/www.eldigitaldeasturias.com\\\/noticias\\\/peru-celebra-los-50-anos-de-la-novela-emblematica-de-mario-vargas-llosa\\\/#authorImage\",\"url\":\"https:\\\/\\\/secure.gravatar.com\\\/avatar\\\/df2aeffc32bcd13f8d26072ef8a91b623d677766deac7f97ca815868cd41bf5e?s=96&d=mm&r=g\",\"width\":96,\"height\":96,\"caption\":\"El Digital de Asturias\"}},{\"@type\":\"WebPage\",\"@id\":\"https:\\\/\\\/www.eldigitaldeasturias.com\\\/noticias\\\/peru-celebra-los-50-anos-de-la-novela-emblematica-de-mario-vargas-llosa\\\/#webpage\",\"url\":\"https:\\\/\\\/www.eldigitaldeasturias.com\\\/noticias\\\/peru-celebra-los-50-anos-de-la-novela-emblematica-de-mario-vargas-llosa\\\/\",\"name\":\"Per\\u00fa celebra los 50 a\\u00f1os de la novela emblem\\u00e1tica de Mario Vargas Llosa - El Digital de Asturias\",\"description\":\"Lima, 5 dic (EFE).- Para festejar los 50 a\\u00f1os de la publicaci\\u00f3n de la novela \\\"La ciudad y los perros\\\", que marc\\u00f3 los inicios del escritor peruano Mario Vargas Llosa, la Casa de la Literatura Peruana inaugur\\u00f3 anoche un congreso y una exposici\\u00f3n en su honor. La muestra \\\"El poder es cada individuo. Rutas de\",\"inLanguage\":\"es-ES\",\"isPartOf\":{\"@id\":\"https:\\\/\\\/www.eldigitaldeasturias.com\\\/noticias\\\/#website\"},\"breadcrumb\":{\"@id\":\"https:\\\/\\\/www.eldigitaldeasturias.com\\\/noticias\\\/peru-celebra-los-50-anos-de-la-novela-emblematica-de-mario-vargas-llosa\\\/#breadcrumblist\"},\"author\":{\"@id\":\"https:\\\/\\\/www.eldigitaldeasturias.com\\\/noticias\\\/author\\\/admin\\\/#author\"},\"creator\":{\"@id\":\"https:\\\/\\\/www.eldigitaldeasturias.com\\\/noticias\\\/author\\\/admin\\\/#author\"},\"image\":{\"@type\":\"ImageObject\",\"url\":458418,\"@id\":\"https:\\\/\\\/www.eldigitaldeasturias.com\\\/noticias\\\/peru-celebra-los-50-anos-de-la-novela-emblematica-de-mario-vargas-llosa\\\/#mainImage\"},\"primaryImageOfPage\":{\"@id\":\"https:\\\/\\\/www.eldigitaldeasturias.com\\\/noticias\\\/peru-celebra-los-50-anos-de-la-novela-emblematica-de-mario-vargas-llosa\\\/#mainImage\"},\"datePublished\":\"2013-12-06T00:25:55+01:00\",\"dateModified\":\"2013-12-06T00:25:55+01:00\"},{\"@type\":\"WebSite\",\"@id\":\"https:\\\/\\\/www.eldigitaldeasturias.com\\\/noticias\\\/#website\",\"url\":\"https:\\\/\\\/www.eldigitaldeasturias.com\\\/noticias\\\/\",\"name\":\"El Digital de Asturias - Diario de actualidad y noticias\",\"alternateName\":\"El Digital de Asturias - Diario de actualidad y noticias\",\"description\":\"Hemeroteca\",\"inLanguage\":\"es-ES\",\"publisher\":{\"@id\":\"https:\\\/\\\/www.eldigitaldeasturias.com\\\/noticias\\\/#organization\"}}]}\n\t\t<\/script>\n\t\t<!-- All in One SEO Pro -->\r\n\t\t<title>Per\u00fa celebra los 50 a\u00f1os de la novela emblem\u00e1tica de Mario Vargas Llosa - El Digital de Asturias<\/title>\n\n","aioseo_head_json":{"title":"Per\u00fa celebra los 50 a\u00f1os de la novela emblem\u00e1tica de Mario Vargas Llosa - El Digital de Asturias","description":"Lima, 5 dic (EFE).- Para festejar los 50 a\u00f1os de la publicaci\u00f3n de la novela \"La ciudad y los perros\", que marc\u00f3 los inicios del escritor peruano Mario Vargas Llosa, la Casa de la Literatura Peruana inaugur\u00f3 anoche un congreso y una exposici\u00f3n en su honor. La muestra \"El poder es cada individuo. Rutas de","canonical_url":"https:\/\/www.eldigitaldeasturias.com\/noticias\/peru-celebra-los-50-anos-de-la-novela-emblematica-de-mario-vargas-llosa\/","robots":"max-image-preview:large","keywords":"revista de ocio","webmasterTools":{"google-site-verification":"UA-38556648-1","msvalidate.01":"7dfe9f3f1b24437ab69f4f2559babe99","miscellaneous":""},"schema":{"@context":"https:\/\/schema.org","@graph":[{"@type":"BlogPosting","@id":"https:\/\/www.eldigitaldeasturias.com\/noticias\/peru-celebra-los-50-anos-de-la-novela-emblematica-de-mario-vargas-llosa\/#blogposting","name":"Per\u00fa celebra los 50 a\u00f1os de la novela emblem\u00e1tica de Mario Vargas Llosa - El Digital de Asturias","headline":"Per\u00fa celebra los 50 a\u00f1os de la novela emblem\u00e1tica de Mario Vargas Llosa","author":{"@id":"https:\/\/www.eldigitaldeasturias.com\/noticias\/author\/admin\/#author"},"publisher":{"@id":"https:\/\/www.eldigitaldeasturias.com\/noticias\/#organization"},"image":{"@type":"ImageObject","url":458418},"datePublished":"2013-12-06T00:25:55+01:00","dateModified":"2013-12-06T00:25:55+01:00","inLanguage":"es-ES","mainEntityOfPage":{"@id":"https:\/\/www.eldigitaldeasturias.com\/noticias\/peru-celebra-los-50-anos-de-la-novela-emblematica-de-mario-vargas-llosa\/#webpage"},"isPartOf":{"@id":"https:\/\/www.eldigitaldeasturias.com\/noticias\/peru-celebra-los-50-anos-de-la-novela-emblematica-de-mario-vargas-llosa\/#webpage"},"articleSection":"Revista de Ocio"},{"@type":"BreadcrumbList","@id":"https:\/\/www.eldigitaldeasturias.com\/noticias\/peru-celebra-los-50-anos-de-la-novela-emblematica-de-mario-vargas-llosa\/#breadcrumblist","itemListElement":[{"@type":"ListItem","@id":"https:\/\/www.eldigitaldeasturias.com\/noticias#listItem","position":1,"name":"Home","item":"https:\/\/www.eldigitaldeasturias.com\/noticias","nextItem":{"@type":"ListItem","@id":"https:\/\/www.eldigitaldeasturias.com\/noticias\/category\/revista-de-ocio\/#listItem","name":"Revista de Ocio"}},{"@type":"ListItem","@id":"https:\/\/www.eldigitaldeasturias.com\/noticias\/category\/revista-de-ocio\/#listItem","position":2,"name":"Revista de Ocio","item":"https:\/\/www.eldigitaldeasturias.com\/noticias\/category\/revista-de-ocio\/","nextItem":{"@type":"ListItem","@id":"https:\/\/www.eldigitaldeasturias.com\/noticias\/peru-celebra-los-50-anos-de-la-novela-emblematica-de-mario-vargas-llosa\/#listItem","name":"Per\u00fa celebra los 50 a\u00f1os de la novela emblem\u00e1tica de Mario Vargas Llosa"},"previousItem":{"@type":"ListItem","@id":"https:\/\/www.eldigitaldeasturias.com\/noticias#listItem","name":"Home"}},{"@type":"ListItem","@id":"https:\/\/www.eldigitaldeasturias.com\/noticias\/peru-celebra-los-50-anos-de-la-novela-emblematica-de-mario-vargas-llosa\/#listItem","position":3,"name":"Per\u00fa celebra los 50 a\u00f1os de la novela emblem\u00e1tica de Mario Vargas Llosa","previousItem":{"@type":"ListItem","@id":"https:\/\/www.eldigitaldeasturias.com\/noticias\/category\/revista-de-ocio\/#listItem","name":"Revista de Ocio"}}]},{"@type":"Organization","@id":"https:\/\/www.eldigitaldeasturias.com\/noticias\/#organization","name":"El Digital de Asturias","description":"Hemeroteca","url":"https:\/\/www.eldigitaldeasturias.com\/noticias\/","email":"info@eldigitaldeasturias.com","telephone":"+34652131393","logo":{"@type":"ImageObject","url":"https:\/\/www.eldigitaldeasturias.com\/noticias\/wp-content\/uploads\/2020\/12\/EDA.jpg","@id":"https:\/\/www.eldigitaldeasturias.com\/noticias\/peru-celebra-los-50-anos-de-la-novela-emblematica-de-mario-vargas-llosa\/#organizationLogo"},"image":{"@id":"https:\/\/www.eldigitaldeasturias.com\/noticias\/peru-celebra-los-50-anos-de-la-novela-emblematica-de-mario-vargas-llosa\/#organizationLogo"},"sameAs":["https:\/\/facebook.com\/eldigitaldeasturias","https:\/\/www.youtube.com\/channel\/UCZP-2wLEB9Rv6erhFmqVnvg"],"address":{"@id":"https:\/\/www.eldigitaldeasturias.com\/noticias\/#postaladdress","@type":"PostalAddress","streetAddress":"san antonio 4","postalCode":"33430","addressLocality":"Cand\u00e1s","addressRegion":"Asturias","addressCountry":"ES"}},{"@type":"Person","@id":"https:\/\/www.eldigitaldeasturias.com\/noticias\/author\/admin\/#author","url":"https:\/\/www.eldigitaldeasturias.com\/noticias\/author\/admin\/","name":"El Digital de Asturias","image":{"@type":"ImageObject","@id":"https:\/\/www.eldigitaldeasturias.com\/noticias\/peru-celebra-los-50-anos-de-la-novela-emblematica-de-mario-vargas-llosa\/#authorImage","url":"https:\/\/secure.gravatar.com\/avatar\/df2aeffc32bcd13f8d26072ef8a91b623d677766deac7f97ca815868cd41bf5e?s=96&d=mm&r=g","width":96,"height":96,"caption":"El Digital de Asturias"}},{"@type":"WebPage","@id":"https:\/\/www.eldigitaldeasturias.com\/noticias\/peru-celebra-los-50-anos-de-la-novela-emblematica-de-mario-vargas-llosa\/#webpage","url":"https:\/\/www.eldigitaldeasturias.com\/noticias\/peru-celebra-los-50-anos-de-la-novela-emblematica-de-mario-vargas-llosa\/","name":"Per\u00fa celebra los 50 a\u00f1os de la novela emblem\u00e1tica de Mario Vargas Llosa - El Digital de Asturias","description":"Lima, 5 dic (EFE).- Para festejar los 50 a\u00f1os de la publicaci\u00f3n de la novela \"La ciudad y los perros\", que marc\u00f3 los inicios del escritor peruano Mario Vargas Llosa, la Casa de la Literatura Peruana inaugur\u00f3 anoche un congreso y una exposici\u00f3n en su honor. La muestra \"El poder es cada individuo. Rutas de","inLanguage":"es-ES","isPartOf":{"@id":"https:\/\/www.eldigitaldeasturias.com\/noticias\/#website"},"breadcrumb":{"@id":"https:\/\/www.eldigitaldeasturias.com\/noticias\/peru-celebra-los-50-anos-de-la-novela-emblematica-de-mario-vargas-llosa\/#breadcrumblist"},"author":{"@id":"https:\/\/www.eldigitaldeasturias.com\/noticias\/author\/admin\/#author"},"creator":{"@id":"https:\/\/www.eldigitaldeasturias.com\/noticias\/author\/admin\/#author"},"image":{"@type":"ImageObject","url":458418,"@id":"https:\/\/www.eldigitaldeasturias.com\/noticias\/peru-celebra-los-50-anos-de-la-novela-emblematica-de-mario-vargas-llosa\/#mainImage"},"primaryImageOfPage":{"@id":"https:\/\/www.eldigitaldeasturias.com\/noticias\/peru-celebra-los-50-anos-de-la-novela-emblematica-de-mario-vargas-llosa\/#mainImage"},"datePublished":"2013-12-06T00:25:55+01:00","dateModified":"2013-12-06T00:25:55+01:00"},{"@type":"WebSite","@id":"https:\/\/www.eldigitaldeasturias.com\/noticias\/#website","url":"https:\/\/www.eldigitaldeasturias.com\/noticias\/","name":"El Digital de Asturias - Diario de actualidad y noticias","alternateName":"El Digital de Asturias - Diario de actualidad y noticias","description":"Hemeroteca","inLanguage":"es-ES","publisher":{"@id":"https:\/\/www.eldigitaldeasturias.com\/noticias\/#organization"}}]},"og:locale":"es_ES","og:site_name":"El Digital de Asturias","og:type":"article","og:title":"Per\u00fa celebra los 50 a\u00f1os de la novela emblem\u00e1tica de Mario Vargas Llosa - El Digital de Asturias","og:description":"Lima, 5 dic (EFE).- Para festejar los 50 a\u00f1os de la publicaci\u00f3n de la novela &quot;La ciudad y los perros&quot;, que marc\u00f3 los inicios del escritor peruano Mario Vargas Llosa, la Casa de la Literatura Peruana inaugur\u00f3 anoche un congreso y una exposici\u00f3n en su honor. La muestra &quot;El poder es cada individuo. Rutas de","og:url":"https:\/\/www.eldigitaldeasturias.com\/noticias\/peru-celebra-los-50-anos-de-la-novela-emblematica-de-mario-vargas-llosa\/","article:tag":["revista de ocio"],"article:published_time":"2013-12-06T01:25:55+00:00","article:modified_time":"2013-12-06T01:25:55+00:00","article:publisher":"https:\/\/facebook.com\/eldigitaldeasturias","twitter:card":"summary_large_image","twitter:title":"Per\u00fa celebra los 50 a\u00f1os de la novela emblem\u00e1tica de Mario Vargas Llosa - El Digital de Asturias","twitter:description":"Lima, 5 dic (EFE).- Para festejar los 50 a\u00f1os de la publicaci\u00f3n de la novela &quot;La ciudad y los perros&quot;, que marc\u00f3 los inicios del escritor peruano Mario Vargas Llosa, la Casa de la Literatura Peruana inaugur\u00f3 anoche un congreso y una exposici\u00f3n en su honor. La muestra &quot;El poder es cada individuo. Rutas de","twitter:label1":"Escrito por","twitter:data1":"El Digital de Asturias","twitter:label2":"Tiempo de lectura estimado","twitter:data2":"4 minutos"},"aioseo_meta_data":{"post_id":"458417","title":null,"description":null,"keywords":null,"keyphrases":null,"primary_term":null,"canonical_url":null,"og_title":null,"og_description":null,"og_object_type":"default","og_image_type":"default","og_image_url":null,"og_image_width":null,"og_image_height":null,"og_image_custom_url":null,"og_image_custom_fields":null,"og_video":null,"og_custom_url":null,"og_article_section":null,"og_article_tags":null,"twitter_use_og":true,"twitter_card":"default","twitter_image_type":"default","twitter_image_url":null,"twitter_image_custom_url":null,"twitter_image_custom_fields":null,"twitter_title":null,"twitter_description":null,"schema":{"blockGraphs":[],"customGraphs":[],"default":{"data":{"Article":[],"Course":[],"Dataset":[],"FAQPage":[],"Movie":[],"Person":[],"Product":[],"ProductReview":[],"Car":[],"Recipe":[],"Service":[],"SoftwareApplication":[],"WebPage":[]},"graphName":"","isEnabled":true},"graphs":[],"defaultGraph":"","defaultPostTypeGraph":""},"schema_type":null,"schema_type_options":null,"pillar_content":false,"robots_default":true,"robots_noindex":false,"robots_noarchive":false,"robots_nosnippet":false,"robots_nofollow":false,"robots_noimageindex":false,"robots_noodp":false,"robots_notranslate":false,"robots_max_snippet":null,"robots_max_videopreview":null,"robots_max_imagepreview":"none","priority":null,"frequency":null,"local_seo":null,"seo_analyzer_scan_date":"2026-05-30 05:28:02","breadcrumb_settings":null,"limit_modified_date":false,"open_ai":null,"ai":null,"created":"2020-11-14 22:46:17","updated":"2026-05-30 05:28:02","focus_keyword":null,"additional_keywords":null,"truseo_locale":null},"aioseo_breadcrumb":"<div class=\"aioseo-breadcrumbs\"><span class=\"aioseo-breadcrumb\">\n\t<a href=\"https:\/\/www.eldigitaldeasturias.com\/noticias\" title=\"Home\">Home<\/a>\n<\/span><span class=\"aioseo-breadcrumb-separator\">\u2013<\/span><span class=\"aioseo-breadcrumb\">\n\t<a href=\"https:\/\/www.eldigitaldeasturias.com\/noticias\/category\/revista-de-ocio\/\" title=\"Revista de Ocio\">Revista de Ocio<\/a>\n<\/span><span class=\"aioseo-breadcrumb-separator\">\u2013<\/span><span class=\"aioseo-breadcrumb\">\n\t<a href=\"https:\/\/www.eldigitaldeasturias.com\/noticias\/peru-celebra-los-50-anos-de-la-novela-emblematica-de-mario-vargas-llosa\/\" title=\"Per\u00fa celebra los 50 a\u00f1os de la novela emblem\u00e1tica de Mario Vargas Llosa\">Per\u00fa celebra los 50 a\u00f1os de la novela emblem\u00e1tica de Mario Vargas Llosa<\/a>\n<\/span><\/div>","aioseo_breadcrumb_json":[{"label":"Home","link":"https:\/\/www.eldigitaldeasturias.com\/noticias"},{"label":"Revista de Ocio","link":"https:\/\/www.eldigitaldeasturias.com\/noticias\/category\/revista-de-ocio\/"},{"label":"Per\u00fa celebra los 50 a\u00f1os de la novela emblem\u00e1tica de Mario Vargas Llosa","link":"https:\/\/www.eldigitaldeasturias.com\/noticias\/peru-celebra-los-50-anos-de-la-novela-emblematica-de-mario-vargas-llosa\/"}],"_links":{"self":[{"href":"https:\/\/www.eldigitaldeasturias.com\/noticias\/wp-json\/wp\/v2\/posts\/458417","targetHints":{"allow":["GET"]}}],"collection":[{"href":"https:\/\/www.eldigitaldeasturias.com\/noticias\/wp-json\/wp\/v2\/posts"}],"about":[{"href":"https:\/\/www.eldigitaldeasturias.com\/noticias\/wp-json\/wp\/v2\/types\/post"}],"author":[{"embeddable":true,"href":"https:\/\/www.eldigitaldeasturias.com\/noticias\/wp-json\/wp\/v2\/users\/1"}],"replies":[{"embeddable":true,"href":"https:\/\/www.eldigitaldeasturias.com\/noticias\/wp-json\/wp\/v2\/comments?post=458417"}],"version-history":[{"count":0,"href":"https:\/\/www.eldigitaldeasturias.com\/noticias\/wp-json\/wp\/v2\/posts\/458417\/revisions"}],"wp:attachment":[{"href":"https:\/\/www.eldigitaldeasturias.com\/noticias\/wp-json\/wp\/v2\/media?parent=458417"}],"wp:term":[{"taxonomy":"category","embeddable":true,"href":"https:\/\/www.eldigitaldeasturias.com\/noticias\/wp-json\/wp\/v2\/categories?post=458417"},{"taxonomy":"post_tag","embeddable":true,"href":"https:\/\/www.eldigitaldeasturias.com\/noticias\/wp-json\/wp\/v2\/tags?post=458417"}],"curies":[{"name":"wp","href":"https:\/\/api.w.org\/{rel}","templated":true}]}}