{"id":458411,"date":"2013-12-06T00:17:57","date_gmt":"2013-12-06T01:17:57","guid":{"rendered":"http:\/\/www.eldigitaldeasturias.com\/noticias\/?p=458411"},"modified":"2013-12-06T00:17:57","modified_gmt":"2013-12-06T01:17:57","slug":"hecho-en-casa-la-llamada-a-reconquistar-la-cocina-del-cronista-pau-aurenos","status":"publish","type":"post","link":"https:\/\/www.eldigitaldeasturias.com\/noticias\/hecho-en-casa-la-llamada-a-reconquistar-la-cocina-del-cronista-pau-aurenos\/","title":{"rendered":"\u00abHecho en casa\u00bb, la llamada a reconquistar la cocina del cronista Pau Auren\u00f3s"},"content":{"rendered":"<p><img loading=\"lazy\" decoding=\"async\" class=\"alignleft size-medium wp-image-458412\" alt=\"5774185w\" src=\"https:\/\/www.eldigitaldeasturias.com\/noticias\/wp-content\/uploads\/2013\/12\/5774185w-360x239.jpg\" width=\"360\" height=\"239\" \/>Madrid, 5 dic (EFE).- Cuando un periodista gastron\u00f3mico de la premiada trayectoria de Pau Aren\u00f3s expresa en cien recetas sus conocimientos culinarios, el resultado son \u00abplatos tan sencillos como espectaculares\u00bb, en palabras del maestro Joan Roca, y una llamada a \u00abreconquistar las cocinas\u00bb, seg\u00fan el autor.<\/p>\n<p>Aren\u00f3s (Vila-real, Castell\u00f3, 1966), coordinador de la revista Dominical de El Peri\u00f3dico de Catalunya, Premio Nacional de Gastronom\u00eda en 2005 y Juan Mari Arzak en 2007, reconoce a Efe que le \u00ababurre\u00bb la cocina \u00abcorriente de las casas\u00bb, por lo que propone en \u00abHecho en casa\u00bb (Ediciones B) propuestas \u00abrupturistas sin ser de vanguardia, con un punto gamberro\u00bb.<\/p>\n<p>Huyendo de lo que ya existe y echando mano de su memoria gustativa, Aren\u00f3s, quien hace en restaurantes el 50 % de sus comidas, nunca pide una receta, ha recopilado durante un a\u00f1o los platos que elabora para su familia, un \u00abp\u00fablico duro, con los paladares muy bien entrenados\u00bb.<\/p>\n<p>\u00abEs cocina dom\u00e9stica, no profesional\u00bb, en la que no intervienen herramientas sofisticadas -\u00abtemo que la Thermomix sea un cacharro de procedencia extraterrestre para facilitar la invasi\u00f3n\u00bb, bromea-, que recorre el mundo apropi\u00e1ndose de lo que le m\u00e1s le gusta para darle su sello personal, algo que espera que tambi\u00e9n hagan los lectores de \u00abHecho en casa\u00bb.<\/p>\n<p>\u00abMi versi\u00f3n del pato Pek\u00edn se parece tanto al original como un drag\u00f3n chino a una lagartija -ejemplifica-. Me siento muy libre para hacer mis recetas o de las que me apropio, llev\u00e1ndolas a mi terreno. Soy un traidor absoluto y espero que la gente tambi\u00e9n lo haga, que altere mis recetas como le d\u00e9 la gana\u00bb.<\/p>\n<p>Este cronista gastron\u00f3mico fue un ni\u00f1o tragaldabas, pero no se asom\u00f3 a los fogones hasta que dej\u00f3 el hogar familiar en 1985 para estudiar Periodismo en Barcelona. Fue entonces cuando empez\u00f3 a cocinar, anotando sus logros y sus fallos, y a\u00fan hoy siempre lleva los bolsillos \u00abllenos de papelitos\u00bb con anotaciones de lo que ser\u00e1n sus futuras creaciones.<\/p>\n<p>Platos que se rigen por la norma de ser \u00absencillos y resultones, que tienen &#8216;algo'\u00bb, como ha dicho de ellos la cocinera espa\u00f1ola con m\u00e1s estrellas Michelin, Carme Ruscalleda, ese \u00abniac\u00bb del que hablaba Michel Bras.<\/p>\n<p>Como el \u00abdashi\u00bb de gambas reinterpretado de Nandu Jubany (Can Jubany), la versi\u00f3n de la sopa de ajos con almejas de Karlos Argui\u00f1ano y de la berenjena lacada con miso de Pascal Barbot en L&#8217;Astrance. Y propios como las lentejas verdes, los boquerones patateros, los \u00abnigiris\u00bb, la \u00abwontonfarra\u00bb y las \u00abkroketas\u00bb.<\/p>\n<p>\u00ab&#8216;Kroketas&#8217; porque es #kocinakasera fresca, desinhibida, juguetona, gamberra, convincente, eficaz, real, viajera, urbana, con k. Las t\u00e9cnicas e ingredientes est\u00e1n precedidas por la almohadilla de los &#8216;hastag'\u00bb, explica. Y sin trampa ni cart\u00f3n: todas las fotograf\u00edas de los platos las ha hecho \u00e9l mismo \u00absin m\u00e1s maquillaje que el filtro de Instagram\u00bb.<\/p>\n<p>Aren\u00f3s, que ha publicado ocho libros &#8211; los premiados \u00abLos genios del fuego\u00bb y \u00abLa cocina de los valientes\u00bb, entre ellos-, encuentra que \u00e9sta es su obra \u00abm\u00e1s divertida\u00bb, ya que no s\u00f3lo explica recetas, sin pesos ni medidas de ingredientes porque conf\u00eda m\u00e1s en el ojo y el paladar, sino tambi\u00e9n su historia y la de sus componentes, \u00abexplicaciones para re\u00edr un rato\u00bb por su tono desenfadado.<\/p>\n<p>Aunque disfruta \u00abmucho\u00bb cocinando, no pretende que nadie se pase el d\u00eda en la cocina. Sus platos tardan en prepararse unos treinta minutos y como m\u00e1ximo hora y media, \u00abpero \u00e9stas son las menos\u00bb, aclara.<\/p>\n<p>S\u00ed anima a asumir el reto de \u00abvolver a ocupar las cocinas, de convertir el acto gastron\u00f3mico en casa en una reconquista de las cocinas\u00bb, porque, adem\u00e1s de \u00abcocinar para ahorrar\u00bb, su \u00abbricococina\u00bb garantiza la diversi\u00f3n. \u00abCocina prozak, cocina antidepresiva\u00bb, recomendable para sobreponerse a la actualidad.<\/p>\n<p>Por Pilar Salas.<\/p>\n","protected":false},"excerpt":{"rendered":"<p>Madrid, 5 dic (EFE).- Cuando un periodista gastron\u00f3mico de la premiada trayectoria de Pau Aren\u00f3s expresa en cien recetas sus conocimientos culinarios, el resultado son \u00abplatos tan sencillos como espectaculares\u00bb, en palabras del maestro Joan Roca, y una llamada a \u00abreconquistar las cocinas\u00bb, seg\u00fan el autor. Aren\u00f3s (Vila-real, Castell\u00f3, 1966), coordinador de la revista Dominical [&hellip;]<\/p>\n","protected":false},"author":1,"featured_media":458412,"comment_status":"closed","ping_status":"open","sticky":false,"template":"","format":"standard","meta":{"footnotes":""},"categories":[50],"tags":[],"class_list":["post-458411","post","type-post","status-publish","format-standard","has-post-thumbnail","hentry","category-revista-de-ocio"],"aioseo_notices":[],"aioseo_head":"\n\t\t<!-- All in One SEO Pro 5.0.1 - aioseo.com -->\n\t<meta name=\"description\" content=\"Madrid, 5 dic (EFE).- Cuando un periodista gastron\u00f3mico de la premiada trayectoria de Pau Aren\u00f3s expresa en cien recetas sus conocimientos culinarios, el resultado son &quot;platos tan sencillos como espectaculares&quot;, en palabras del maestro Joan Roca, y una llamada a &quot;reconquistar las cocinas&quot;, seg\u00fan el autor. Aren\u00f3s (Vila-real, Castell\u00f3, 1966), coordinador de la revista Dominical\" \/>\n\t<meta name=\"robots\" content=\"max-image-preview:large\" \/>\n\t<meta name=\"author\" content=\"El Digital de Asturias\"\/>\n\t<meta name=\"google-site-verification\" content=\"UA-38556648-1\" \/>\n\t<meta name=\"msvalidate.01\" content=\"7dfe9f3f1b24437ab69f4f2559babe99\" \/>\n\t<meta name=\"keywords\" content=\"revista de ocio\" \/>\n\t<link rel=\"canonical\" href=\"https:\/\/www.eldigitaldeasturias.com\/noticias\/hecho-en-casa-la-llamada-a-reconquistar-la-cocina-del-cronista-pau-aurenos\/\" \/>\n\t<meta name=\"generator\" content=\"All in One SEO Pro (AIOSEO) 5.0.1\" \/>\n\t\t<meta property=\"og:locale\" content=\"es_ES\" \/>\n\t\t<meta property=\"og:site_name\" content=\"El Digital de Asturias\" \/>\n\t\t<meta property=\"og:type\" content=\"article\" \/>\n\t\t<meta property=\"og:title\" content=\"\u00abHecho en casa\u00bb, la llamada a reconquistar la cocina del cronista Pau Auren\u00f3s - El Digital de Asturias\" \/>\n\t\t<meta property=\"og:description\" content=\"Madrid, 5 dic (EFE).- Cuando un periodista gastron\u00f3mico de la premiada trayectoria de Pau Aren\u00f3s expresa en cien recetas sus conocimientos culinarios, el resultado son &quot;platos tan sencillos como espectaculares&quot;, en palabras del maestro Joan Roca, y una llamada a &quot;reconquistar las cocinas&quot;, seg\u00fan el autor. Aren\u00f3s (Vila-real, Castell\u00f3, 1966), coordinador de la revista Dominical\" \/>\n\t\t<meta property=\"og:url\" content=\"https:\/\/www.eldigitaldeasturias.com\/noticias\/hecho-en-casa-la-llamada-a-reconquistar-la-cocina-del-cronista-pau-aurenos\/\" \/>\n\t\t<meta property=\"article:tag\" content=\"revista de ocio\" \/>\n\t\t<meta property=\"article:published_time\" content=\"2013-12-06T01:17:57+00:00\" \/>\n\t\t<meta property=\"article:modified_time\" content=\"2013-12-06T01:17:57+00:00\" \/>\n\t\t<meta property=\"article:publisher\" content=\"https:\/\/facebook.com\/eldigitaldeasturias\" \/>\n\t\t<meta name=\"twitter:card\" content=\"summary_large_image\" \/>\n\t\t<meta name=\"twitter:title\" content=\"\u00abHecho en casa\u00bb, la llamada a reconquistar la cocina del cronista Pau Auren\u00f3s - El Digital de Asturias\" \/>\n\t\t<meta name=\"twitter:description\" content=\"Madrid, 5 dic (EFE).- Cuando un periodista gastron\u00f3mico de la premiada trayectoria de Pau Aren\u00f3s expresa en cien recetas sus conocimientos culinarios, el resultado son &quot;platos tan sencillos como espectaculares&quot;, en palabras del maestro Joan Roca, y una llamada a &quot;reconquistar las cocinas&quot;, seg\u00fan el autor. Aren\u00f3s (Vila-real, Castell\u00f3, 1966), coordinador de la revista Dominical\" \/>\n\t\t<meta name=\"twitter:label1\" content=\"Escrito por\" \/>\n\t\t<meta name=\"twitter:data1\" content=\"El Digital de Asturias\" \/>\n\t\t<meta name=\"twitter:label2\" content=\"Tiempo de lectura estimado\" \/>\n\t\t<meta name=\"twitter:data2\" content=\"3 minutos\" \/>\n\t\t<script type=\"application\/ld+json\" class=\"aioseo-schema\">\n\t\t\t{\"@context\":\"https:\\\/\\\/schema.org\",\"@graph\":[{\"@type\":\"BlogPosting\",\"@id\":\"https:\\\/\\\/www.eldigitaldeasturias.com\\\/noticias\\\/hecho-en-casa-la-llamada-a-reconquistar-la-cocina-del-cronista-pau-aurenos\\\/#blogposting\",\"name\":\"\\u00abHecho en casa\\u00bb, la llamada a reconquistar la cocina del cronista Pau Auren\\u00f3s - El Digital de Asturias\",\"headline\":\"\\u00abHecho en casa\\u00bb, la llamada a reconquistar la cocina del cronista Pau Auren\\u00f3s\",\"author\":{\"@id\":\"https:\\\/\\\/www.eldigitaldeasturias.com\\\/noticias\\\/author\\\/admin\\\/#author\"},\"publisher\":{\"@id\":\"https:\\\/\\\/www.eldigitaldeasturias.com\\\/noticias\\\/#organization\"},\"image\":{\"@type\":\"ImageObject\",\"url\":458412},\"datePublished\":\"2013-12-06T00:17:57+01:00\",\"dateModified\":\"2013-12-06T00:17:57+01:00\",\"inLanguage\":\"es-ES\",\"mainEntityOfPage\":{\"@id\":\"https:\\\/\\\/www.eldigitaldeasturias.com\\\/noticias\\\/hecho-en-casa-la-llamada-a-reconquistar-la-cocina-del-cronista-pau-aurenos\\\/#webpage\"},\"isPartOf\":{\"@id\":\"https:\\\/\\\/www.eldigitaldeasturias.com\\\/noticias\\\/hecho-en-casa-la-llamada-a-reconquistar-la-cocina-del-cronista-pau-aurenos\\\/#webpage\"},\"articleSection\":\"Revista de Ocio\"},{\"@type\":\"BreadcrumbList\",\"@id\":\"https:\\\/\\\/www.eldigitaldeasturias.com\\\/noticias\\\/hecho-en-casa-la-llamada-a-reconquistar-la-cocina-del-cronista-pau-aurenos\\\/#breadcrumblist\",\"itemListElement\":[{\"@type\":\"ListItem\",\"@id\":\"https:\\\/\\\/www.eldigitaldeasturias.com\\\/noticias#listItem\",\"position\":1,\"name\":\"Home\",\"item\":\"https:\\\/\\\/www.eldigitaldeasturias.com\\\/noticias\",\"nextItem\":{\"@type\":\"ListItem\",\"@id\":\"https:\\\/\\\/www.eldigitaldeasturias.com\\\/noticias\\\/category\\\/revista-de-ocio\\\/#listItem\",\"name\":\"Revista de Ocio\"}},{\"@type\":\"ListItem\",\"@id\":\"https:\\\/\\\/www.eldigitaldeasturias.com\\\/noticias\\\/category\\\/revista-de-ocio\\\/#listItem\",\"position\":2,\"name\":\"Revista de Ocio\",\"item\":\"https:\\\/\\\/www.eldigitaldeasturias.com\\\/noticias\\\/category\\\/revista-de-ocio\\\/\",\"nextItem\":{\"@type\":\"ListItem\",\"@id\":\"https:\\\/\\\/www.eldigitaldeasturias.com\\\/noticias\\\/hecho-en-casa-la-llamada-a-reconquistar-la-cocina-del-cronista-pau-aurenos\\\/#listItem\",\"name\":\"\\u00abHecho en casa\\u00bb, la llamada a reconquistar la cocina del cronista Pau Auren\\u00f3s\"},\"previousItem\":{\"@type\":\"ListItem\",\"@id\":\"https:\\\/\\\/www.eldigitaldeasturias.com\\\/noticias#listItem\",\"name\":\"Home\"}},{\"@type\":\"ListItem\",\"@id\":\"https:\\\/\\\/www.eldigitaldeasturias.com\\\/noticias\\\/hecho-en-casa-la-llamada-a-reconquistar-la-cocina-del-cronista-pau-aurenos\\\/#listItem\",\"position\":3,\"name\":\"\\u00abHecho en casa\\u00bb, la llamada a reconquistar la cocina del cronista Pau Auren\\u00f3s\",\"previousItem\":{\"@type\":\"ListItem\",\"@id\":\"https:\\\/\\\/www.eldigitaldeasturias.com\\\/noticias\\\/category\\\/revista-de-ocio\\\/#listItem\",\"name\":\"Revista de Ocio\"}}]},{\"@type\":\"Organization\",\"@id\":\"https:\\\/\\\/www.eldigitaldeasturias.com\\\/noticias\\\/#organization\",\"name\":\"El Digital de Asturias\",\"description\":\"Hemeroteca\",\"url\":\"https:\\\/\\\/www.eldigitaldeasturias.com\\\/noticias\\\/\",\"email\":\"info@eldigitaldeasturias.com\",\"telephone\":\"+34652131393\",\"logo\":{\"@type\":\"ImageObject\",\"url\":\"https:\\\/\\\/www.eldigitaldeasturias.com\\\/noticias\\\/wp-content\\\/uploads\\\/2020\\\/12\\\/EDA.jpg\",\"@id\":\"https:\\\/\\\/www.eldigitaldeasturias.com\\\/noticias\\\/hecho-en-casa-la-llamada-a-reconquistar-la-cocina-del-cronista-pau-aurenos\\\/#organizationLogo\"},\"image\":{\"@id\":\"https:\\\/\\\/www.eldigitaldeasturias.com\\\/noticias\\\/hecho-en-casa-la-llamada-a-reconquistar-la-cocina-del-cronista-pau-aurenos\\\/#organizationLogo\"},\"sameAs\":[\"https:\\\/\\\/facebook.com\\\/eldigitaldeasturias\",\"https:\\\/\\\/www.youtube.com\\\/channel\\\/UCZP-2wLEB9Rv6erhFmqVnvg\"],\"address\":{\"@id\":\"https:\\\/\\\/www.eldigitaldeasturias.com\\\/noticias\\\/#postaladdress\",\"@type\":\"PostalAddress\",\"streetAddress\":\"san antonio 4\",\"postalCode\":\"33430\",\"addressLocality\":\"Cand\\u00e1s\",\"addressRegion\":\"Asturias\",\"addressCountry\":\"ES\"}},{\"@type\":\"Person\",\"@id\":\"https:\\\/\\\/www.eldigitaldeasturias.com\\\/noticias\\\/author\\\/admin\\\/#author\",\"url\":\"https:\\\/\\\/www.eldigitaldeasturias.com\\\/noticias\\\/author\\\/admin\\\/\",\"name\":\"El Digital de Asturias\",\"image\":{\"@type\":\"ImageObject\",\"@id\":\"https:\\\/\\\/www.eldigitaldeasturias.com\\\/noticias\\\/hecho-en-casa-la-llamada-a-reconquistar-la-cocina-del-cronista-pau-aurenos\\\/#authorImage\",\"url\":\"https:\\\/\\\/secure.gravatar.com\\\/avatar\\\/df2aeffc32bcd13f8d26072ef8a91b623d677766deac7f97ca815868cd41bf5e?s=96&d=mm&r=g\",\"width\":96,\"height\":96,\"caption\":\"El Digital de Asturias\"}},{\"@type\":\"WebPage\",\"@id\":\"https:\\\/\\\/www.eldigitaldeasturias.com\\\/noticias\\\/hecho-en-casa-la-llamada-a-reconquistar-la-cocina-del-cronista-pau-aurenos\\\/#webpage\",\"url\":\"https:\\\/\\\/www.eldigitaldeasturias.com\\\/noticias\\\/hecho-en-casa-la-llamada-a-reconquistar-la-cocina-del-cronista-pau-aurenos\\\/\",\"name\":\"\\u00abHecho en casa\\u00bb, la llamada a reconquistar la cocina del cronista Pau Auren\\u00f3s - El Digital de Asturias\",\"description\":\"Madrid, 5 dic (EFE).- Cuando un periodista gastron\\u00f3mico de la premiada trayectoria de Pau Aren\\u00f3s expresa en cien recetas sus conocimientos culinarios, el resultado son \\\"platos tan sencillos como espectaculares\\\", en palabras del maestro Joan Roca, y una llamada a \\\"reconquistar las cocinas\\\", seg\\u00fan el autor. Aren\\u00f3s (Vila-real, Castell\\u00f3, 1966), coordinador de la revista Dominical\",\"inLanguage\":\"es-ES\",\"isPartOf\":{\"@id\":\"https:\\\/\\\/www.eldigitaldeasturias.com\\\/noticias\\\/#website\"},\"breadcrumb\":{\"@id\":\"https:\\\/\\\/www.eldigitaldeasturias.com\\\/noticias\\\/hecho-en-casa-la-llamada-a-reconquistar-la-cocina-del-cronista-pau-aurenos\\\/#breadcrumblist\"},\"author\":{\"@id\":\"https:\\\/\\\/www.eldigitaldeasturias.com\\\/noticias\\\/author\\\/admin\\\/#author\"},\"creator\":{\"@id\":\"https:\\\/\\\/www.eldigitaldeasturias.com\\\/noticias\\\/author\\\/admin\\\/#author\"},\"image\":{\"@type\":\"ImageObject\",\"url\":458412,\"@id\":\"https:\\\/\\\/www.eldigitaldeasturias.com\\\/noticias\\\/hecho-en-casa-la-llamada-a-reconquistar-la-cocina-del-cronista-pau-aurenos\\\/#mainImage\"},\"primaryImageOfPage\":{\"@id\":\"https:\\\/\\\/www.eldigitaldeasturias.com\\\/noticias\\\/hecho-en-casa-la-llamada-a-reconquistar-la-cocina-del-cronista-pau-aurenos\\\/#mainImage\"},\"datePublished\":\"2013-12-06T00:17:57+01:00\",\"dateModified\":\"2013-12-06T00:17:57+01:00\"},{\"@type\":\"WebSite\",\"@id\":\"https:\\\/\\\/www.eldigitaldeasturias.com\\\/noticias\\\/#website\",\"url\":\"https:\\\/\\\/www.eldigitaldeasturias.com\\\/noticias\\\/\",\"name\":\"El Digital de Asturias - Diario de actualidad y noticias\",\"alternateName\":\"El Digital de Asturias - Diario de actualidad y noticias\",\"description\":\"Hemeroteca\",\"inLanguage\":\"es-ES\",\"publisher\":{\"@id\":\"https:\\\/\\\/www.eldigitaldeasturias.com\\\/noticias\\\/#organization\"}}]}\n\t\t<\/script>\n\t\t<!-- All in One SEO Pro -->\r\n\t\t<title>\u00abHecho en casa\u00bb, la llamada a reconquistar la cocina del cronista Pau Auren\u00f3s - El Digital de Asturias<\/title>\n\n","aioseo_head_json":{"title":"\u00abHecho en casa\u00bb, la llamada a reconquistar la cocina del cronista Pau Auren\u00f3s - El Digital de Asturias","description":"Madrid, 5 dic (EFE).- Cuando un periodista gastron\u00f3mico de la premiada trayectoria de Pau Aren\u00f3s expresa en cien recetas sus conocimientos culinarios, el resultado son \"platos tan sencillos como espectaculares\", en palabras del maestro Joan Roca, y una llamada a \"reconquistar las cocinas\", seg\u00fan el autor. Aren\u00f3s (Vila-real, Castell\u00f3, 1966), coordinador de la revista Dominical","canonical_url":"https:\/\/www.eldigitaldeasturias.com\/noticias\/hecho-en-casa-la-llamada-a-reconquistar-la-cocina-del-cronista-pau-aurenos\/","robots":"max-image-preview:large","keywords":"revista de ocio","webmasterTools":{"google-site-verification":"UA-38556648-1","msvalidate.01":"7dfe9f3f1b24437ab69f4f2559babe99","miscellaneous":""},"schema":{"@context":"https:\/\/schema.org","@graph":[{"@type":"BlogPosting","@id":"https:\/\/www.eldigitaldeasturias.com\/noticias\/hecho-en-casa-la-llamada-a-reconquistar-la-cocina-del-cronista-pau-aurenos\/#blogposting","name":"\u00abHecho en casa\u00bb, la llamada a reconquistar la cocina del cronista Pau Auren\u00f3s - El Digital de Asturias","headline":"\u00abHecho en casa\u00bb, la llamada a reconquistar la cocina del cronista Pau Auren\u00f3s","author":{"@id":"https:\/\/www.eldigitaldeasturias.com\/noticias\/author\/admin\/#author"},"publisher":{"@id":"https:\/\/www.eldigitaldeasturias.com\/noticias\/#organization"},"image":{"@type":"ImageObject","url":458412},"datePublished":"2013-12-06T00:17:57+01:00","dateModified":"2013-12-06T00:17:57+01:00","inLanguage":"es-ES","mainEntityOfPage":{"@id":"https:\/\/www.eldigitaldeasturias.com\/noticias\/hecho-en-casa-la-llamada-a-reconquistar-la-cocina-del-cronista-pau-aurenos\/#webpage"},"isPartOf":{"@id":"https:\/\/www.eldigitaldeasturias.com\/noticias\/hecho-en-casa-la-llamada-a-reconquistar-la-cocina-del-cronista-pau-aurenos\/#webpage"},"articleSection":"Revista de Ocio"},{"@type":"BreadcrumbList","@id":"https:\/\/www.eldigitaldeasturias.com\/noticias\/hecho-en-casa-la-llamada-a-reconquistar-la-cocina-del-cronista-pau-aurenos\/#breadcrumblist","itemListElement":[{"@type":"ListItem","@id":"https:\/\/www.eldigitaldeasturias.com\/noticias#listItem","position":1,"name":"Home","item":"https:\/\/www.eldigitaldeasturias.com\/noticias","nextItem":{"@type":"ListItem","@id":"https:\/\/www.eldigitaldeasturias.com\/noticias\/category\/revista-de-ocio\/#listItem","name":"Revista de Ocio"}},{"@type":"ListItem","@id":"https:\/\/www.eldigitaldeasturias.com\/noticias\/category\/revista-de-ocio\/#listItem","position":2,"name":"Revista de Ocio","item":"https:\/\/www.eldigitaldeasturias.com\/noticias\/category\/revista-de-ocio\/","nextItem":{"@type":"ListItem","@id":"https:\/\/www.eldigitaldeasturias.com\/noticias\/hecho-en-casa-la-llamada-a-reconquistar-la-cocina-del-cronista-pau-aurenos\/#listItem","name":"\u00abHecho en casa\u00bb, la llamada a reconquistar la cocina del cronista Pau Auren\u00f3s"},"previousItem":{"@type":"ListItem","@id":"https:\/\/www.eldigitaldeasturias.com\/noticias#listItem","name":"Home"}},{"@type":"ListItem","@id":"https:\/\/www.eldigitaldeasturias.com\/noticias\/hecho-en-casa-la-llamada-a-reconquistar-la-cocina-del-cronista-pau-aurenos\/#listItem","position":3,"name":"\u00abHecho en casa\u00bb, la llamada a reconquistar la cocina del cronista Pau Auren\u00f3s","previousItem":{"@type":"ListItem","@id":"https:\/\/www.eldigitaldeasturias.com\/noticias\/category\/revista-de-ocio\/#listItem","name":"Revista de Ocio"}}]},{"@type":"Organization","@id":"https:\/\/www.eldigitaldeasturias.com\/noticias\/#organization","name":"El Digital de Asturias","description":"Hemeroteca","url":"https:\/\/www.eldigitaldeasturias.com\/noticias\/","email":"info@eldigitaldeasturias.com","telephone":"+34652131393","logo":{"@type":"ImageObject","url":"https:\/\/www.eldigitaldeasturias.com\/noticias\/wp-content\/uploads\/2020\/12\/EDA.jpg","@id":"https:\/\/www.eldigitaldeasturias.com\/noticias\/hecho-en-casa-la-llamada-a-reconquistar-la-cocina-del-cronista-pau-aurenos\/#organizationLogo"},"image":{"@id":"https:\/\/www.eldigitaldeasturias.com\/noticias\/hecho-en-casa-la-llamada-a-reconquistar-la-cocina-del-cronista-pau-aurenos\/#organizationLogo"},"sameAs":["https:\/\/facebook.com\/eldigitaldeasturias","https:\/\/www.youtube.com\/channel\/UCZP-2wLEB9Rv6erhFmqVnvg"],"address":{"@id":"https:\/\/www.eldigitaldeasturias.com\/noticias\/#postaladdress","@type":"PostalAddress","streetAddress":"san antonio 4","postalCode":"33430","addressLocality":"Cand\u00e1s","addressRegion":"Asturias","addressCountry":"ES"}},{"@type":"Person","@id":"https:\/\/www.eldigitaldeasturias.com\/noticias\/author\/admin\/#author","url":"https:\/\/www.eldigitaldeasturias.com\/noticias\/author\/admin\/","name":"El Digital de Asturias","image":{"@type":"ImageObject","@id":"https:\/\/www.eldigitaldeasturias.com\/noticias\/hecho-en-casa-la-llamada-a-reconquistar-la-cocina-del-cronista-pau-aurenos\/#authorImage","url":"https:\/\/secure.gravatar.com\/avatar\/df2aeffc32bcd13f8d26072ef8a91b623d677766deac7f97ca815868cd41bf5e?s=96&d=mm&r=g","width":96,"height":96,"caption":"El Digital de Asturias"}},{"@type":"WebPage","@id":"https:\/\/www.eldigitaldeasturias.com\/noticias\/hecho-en-casa-la-llamada-a-reconquistar-la-cocina-del-cronista-pau-aurenos\/#webpage","url":"https:\/\/www.eldigitaldeasturias.com\/noticias\/hecho-en-casa-la-llamada-a-reconquistar-la-cocina-del-cronista-pau-aurenos\/","name":"\u00abHecho en casa\u00bb, la llamada a reconquistar la cocina del cronista Pau Auren\u00f3s - El Digital de Asturias","description":"Madrid, 5 dic (EFE).- Cuando un periodista gastron\u00f3mico de la premiada trayectoria de Pau Aren\u00f3s expresa en cien recetas sus conocimientos culinarios, el resultado son \"platos tan sencillos como espectaculares\", en palabras del maestro Joan Roca, y una llamada a \"reconquistar las cocinas\", seg\u00fan el autor. Aren\u00f3s (Vila-real, Castell\u00f3, 1966), coordinador de la revista Dominical","inLanguage":"es-ES","isPartOf":{"@id":"https:\/\/www.eldigitaldeasturias.com\/noticias\/#website"},"breadcrumb":{"@id":"https:\/\/www.eldigitaldeasturias.com\/noticias\/hecho-en-casa-la-llamada-a-reconquistar-la-cocina-del-cronista-pau-aurenos\/#breadcrumblist"},"author":{"@id":"https:\/\/www.eldigitaldeasturias.com\/noticias\/author\/admin\/#author"},"creator":{"@id":"https:\/\/www.eldigitaldeasturias.com\/noticias\/author\/admin\/#author"},"image":{"@type":"ImageObject","url":458412,"@id":"https:\/\/www.eldigitaldeasturias.com\/noticias\/hecho-en-casa-la-llamada-a-reconquistar-la-cocina-del-cronista-pau-aurenos\/#mainImage"},"primaryImageOfPage":{"@id":"https:\/\/www.eldigitaldeasturias.com\/noticias\/hecho-en-casa-la-llamada-a-reconquistar-la-cocina-del-cronista-pau-aurenos\/#mainImage"},"datePublished":"2013-12-06T00:17:57+01:00","dateModified":"2013-12-06T00:17:57+01:00"},{"@type":"WebSite","@id":"https:\/\/www.eldigitaldeasturias.com\/noticias\/#website","url":"https:\/\/www.eldigitaldeasturias.com\/noticias\/","name":"El Digital de Asturias - Diario de actualidad y noticias","alternateName":"El Digital de Asturias - Diario de actualidad y noticias","description":"Hemeroteca","inLanguage":"es-ES","publisher":{"@id":"https:\/\/www.eldigitaldeasturias.com\/noticias\/#organization"}}]},"og:locale":"es_ES","og:site_name":"El Digital de Asturias","og:type":"article","og:title":"\u00abHecho en casa\u00bb, la llamada a reconquistar la cocina del cronista Pau Auren\u00f3s - El Digital de Asturias","og:description":"Madrid, 5 dic (EFE).- Cuando un periodista gastron\u00f3mico de la premiada trayectoria de Pau Aren\u00f3s expresa en cien recetas sus conocimientos culinarios, el resultado son &quot;platos tan sencillos como espectaculares&quot;, en palabras del maestro Joan Roca, y una llamada a &quot;reconquistar las cocinas&quot;, seg\u00fan el autor. Aren\u00f3s (Vila-real, Castell\u00f3, 1966), coordinador de la revista Dominical","og:url":"https:\/\/www.eldigitaldeasturias.com\/noticias\/hecho-en-casa-la-llamada-a-reconquistar-la-cocina-del-cronista-pau-aurenos\/","article:tag":["revista de ocio"],"article:published_time":"2013-12-06T01:17:57+00:00","article:modified_time":"2013-12-06T01:17:57+00:00","article:publisher":"https:\/\/facebook.com\/eldigitaldeasturias","twitter:card":"summary_large_image","twitter:title":"\u00abHecho en casa\u00bb, la llamada a reconquistar la cocina del cronista Pau Auren\u00f3s - El Digital de Asturias","twitter:description":"Madrid, 5 dic (EFE).- Cuando un periodista gastron\u00f3mico de la premiada trayectoria de Pau Aren\u00f3s expresa en cien recetas sus conocimientos culinarios, el resultado son &quot;platos tan sencillos como espectaculares&quot;, en palabras del maestro Joan Roca, y una llamada a &quot;reconquistar las cocinas&quot;, seg\u00fan el autor. Aren\u00f3s (Vila-real, Castell\u00f3, 1966), coordinador de la revista Dominical","twitter:label1":"Escrito por","twitter:data1":"El Digital de Asturias","twitter:label2":"Tiempo de lectura estimado","twitter:data2":"3 minutos"},"aioseo_meta_data":{"post_id":"458411","title":null,"description":null,"keywords":null,"keyphrases":null,"primary_term":null,"canonical_url":null,"og_title":null,"og_description":null,"og_object_type":"default","og_image_type":"default","og_image_url":null,"og_image_width":null,"og_image_height":null,"og_image_custom_url":null,"og_image_custom_fields":null,"og_video":null,"og_custom_url":null,"og_article_section":null,"og_article_tags":null,"twitter_use_og":true,"twitter_card":"default","twitter_image_type":"default","twitter_image_url":null,"twitter_image_custom_url":null,"twitter_image_custom_fields":null,"twitter_title":null,"twitter_description":null,"schema":{"blockGraphs":[],"customGraphs":[],"default":{"data":{"Article":[],"Course":[],"Dataset":[],"FAQPage":[],"Movie":[],"Person":[],"Product":[],"ProductReview":[],"Car":[],"Recipe":[],"Service":[],"SoftwareApplication":[],"WebPage":[]},"graphName":"","isEnabled":true},"graphs":[],"defaultGraph":"","defaultPostTypeGraph":""},"schema_type":null,"schema_type_options":null,"pillar_content":false,"robots_default":true,"robots_noindex":false,"robots_noarchive":false,"robots_nosnippet":false,"robots_nofollow":false,"robots_noimageindex":false,"robots_noodp":false,"robots_notranslate":false,"robots_max_snippet":null,"robots_max_videopreview":null,"robots_max_imagepreview":"none","priority":null,"frequency":null,"local_seo":null,"seo_analyzer_scan_date":"2026-05-30 05:28:00","breadcrumb_settings":null,"limit_modified_date":false,"open_ai":null,"ai":null,"created":"2020-11-14 22:46:17","updated":"2026-05-30 05:28:00","focus_keyword":null,"additional_keywords":null,"truseo_locale":null},"aioseo_breadcrumb":"<div class=\"aioseo-breadcrumbs\"><span class=\"aioseo-breadcrumb\">\n\t<a href=\"https:\/\/www.eldigitaldeasturias.com\/noticias\" title=\"Home\">Home<\/a>\n<\/span><span class=\"aioseo-breadcrumb-separator\">\u2013<\/span><span class=\"aioseo-breadcrumb\">\n\t<a href=\"https:\/\/www.eldigitaldeasturias.com\/noticias\/category\/revista-de-ocio\/\" title=\"Revista de Ocio\">Revista de Ocio<\/a>\n<\/span><span class=\"aioseo-breadcrumb-separator\">\u2013<\/span><span class=\"aioseo-breadcrumb\">\n\t<a href=\"https:\/\/www.eldigitaldeasturias.com\/noticias\/hecho-en-casa-la-llamada-a-reconquistar-la-cocina-del-cronista-pau-aurenos\/\" title=\"\u00abHecho en casa\u00bb, la llamada a reconquistar la cocina del cronista Pau Auren\u00f3s\">\u00abHecho en casa\u00bb, la llamada a reconquistar la cocina del cronista Pau Auren\u00f3s<\/a>\n<\/span><\/div>","aioseo_breadcrumb_json":[{"label":"Home","link":"https:\/\/www.eldigitaldeasturias.com\/noticias"},{"label":"Revista de Ocio","link":"https:\/\/www.eldigitaldeasturias.com\/noticias\/category\/revista-de-ocio\/"},{"label":"\u00abHecho en casa\u00bb, la llamada a reconquistar la cocina del cronista Pau Auren\u00f3s","link":"https:\/\/www.eldigitaldeasturias.com\/noticias\/hecho-en-casa-la-llamada-a-reconquistar-la-cocina-del-cronista-pau-aurenos\/"}],"_links":{"self":[{"href":"https:\/\/www.eldigitaldeasturias.com\/noticias\/wp-json\/wp\/v2\/posts\/458411","targetHints":{"allow":["GET"]}}],"collection":[{"href":"https:\/\/www.eldigitaldeasturias.com\/noticias\/wp-json\/wp\/v2\/posts"}],"about":[{"href":"https:\/\/www.eldigitaldeasturias.com\/noticias\/wp-json\/wp\/v2\/types\/post"}],"author":[{"embeddable":true,"href":"https:\/\/www.eldigitaldeasturias.com\/noticias\/wp-json\/wp\/v2\/users\/1"}],"replies":[{"embeddable":true,"href":"https:\/\/www.eldigitaldeasturias.com\/noticias\/wp-json\/wp\/v2\/comments?post=458411"}],"version-history":[{"count":0,"href":"https:\/\/www.eldigitaldeasturias.com\/noticias\/wp-json\/wp\/v2\/posts\/458411\/revisions"}],"wp:attachment":[{"href":"https:\/\/www.eldigitaldeasturias.com\/noticias\/wp-json\/wp\/v2\/media?parent=458411"}],"wp:term":[{"taxonomy":"category","embeddable":true,"href":"https:\/\/www.eldigitaldeasturias.com\/noticias\/wp-json\/wp\/v2\/categories?post=458411"},{"taxonomy":"post_tag","embeddable":true,"href":"https:\/\/www.eldigitaldeasturias.com\/noticias\/wp-json\/wp\/v2\/tags?post=458411"}],"curies":[{"name":"wp","href":"https:\/\/api.w.org\/{rel}","templated":true}]}}