{"id":458408,"date":"2013-12-06T00:16:37","date_gmt":"2013-12-06T01:16:37","guid":{"rendered":"http:\/\/www.eldigitaldeasturias.com\/noticias\/?p=458408"},"modified":"2013-12-06T00:16:37","modified_gmt":"2013-12-06T01:16:37","slug":"la-xiii-edicion-del-cinemamed-dedicada-a-la-migracion-y-la-convivencia","status":"publish","type":"post","link":"https:\/\/www.eldigitaldeasturias.com\/noticias\/la-xiii-edicion-del-cinemamed-dedicada-a-la-migracion-y-la-convivencia\/","title":{"rendered":"La XIII edici\u00f3n del Cinemamed, dedicada a la migraci\u00f3n y la convivencia"},"content":{"rendered":"<p><img loading=\"lazy\" decoding=\"async\" class=\"alignleft size-medium wp-image-458409\" alt=\"5774091w\" src=\"https:\/\/www.eldigitaldeasturias.com\/noticias\/wp-content\/uploads\/2013\/12\/5774091w-360x255.jpg\" width=\"360\" height=\"255\" \/>Bruselas, 5 dic (EFE).- El Festival de Cine del Mediterr\u00e1neo (Cinemamed) arranca hoy en Bruselas su XIII edici\u00f3n, dedicada este a\u00f1o a la migraci\u00f3n y la convivencia con motivo de los 50 a\u00f1os de los acuerdos de inmigraci\u00f3n turca y marroqu\u00ed.<\/p>\n<p>Gran parte de la programaci\u00f3n del Cinemamed rendir\u00e1 homenaje a los cineastas y actores surgidos de esta inmigraci\u00f3n, hasta el 12 de diciembre en el Centro Cultural Botanique.<\/p>\n<p>\u00abEl festival es un encuentro de cine que (re)descubre lo mejor de la producci\u00f3n cinematogr\u00e1fica actual de los pa\u00edses del sur en un ambiente c\u00e1lido y festivo\u00bb, indic\u00f3 la organizaci\u00f3n en un comunicado.<\/p>\n<p>Unas 70 pel\u00edculas producidas en la zona se proyectar\u00e1n a lo largo del evento, entre ellas largometrajes, cortometrajes, documentales sobre aspectos sociales y culturales, estrenos muy recientes o pel\u00edculas que \u00abpermanecieron muy poco tiempo en los cines\u00bb.<\/p>\n<p>Asimismo, el evento dedicar\u00e1 un espacio a la influencia del cine mediterr\u00e1neo en el belga, destacando 13 pel\u00edculas \u00abproducidas o coproducidas por la Federaci\u00f3n Valonia-Bruselas\u00bb.<\/p>\n<p>Ocho largometrajes de ficci\u00f3n compiten en esta edici\u00f3n por el gran premio de 8.000 euros que otorga el festival, como el turco \u00abLifelong\u00bb, de la directora Asli \u00d6zge, el israel\u00ed \u00abRock the Casbah\u00bb, de Yariv Horowitz, o el italiano \u00abViva la libert\u00e0\u00bb, de Roberto And\u00f2.<\/p>\n<p>Un cortometraje espa\u00f1ol, \u00abVoice Over\u00bb, de Mart\u00edn Rosete, as\u00ed como la pel\u00edcula \u00abLa banda Picasso\u00bb, de Fernando Colomo, se proyectar\u00e1n el pr\u00f3ximo 8 y 9 de diciembre, respectivamente.<\/p>\n<p>El jurado, compuesto mayoritariamente por mujeres, est\u00e1 presidido por la francesa Elise Larnicol y otros miembros \u00abque forman parte de la renovaci\u00f3n del cine actual\u00bb, como los directores Kadija Leclere y Mehdi Ben Attia y el actor belga-marroqu\u00ed Mourade Zeguendi.<\/p>\n<p>Por otro lado, el festival Cinemamed, que hasta ahora se celebraba cada dos a\u00f1os, pasar\u00e1 a ser anual a partir de esta edici\u00f3n, dijeron los organizadores.<\/p>\n<p>Los asistentes al evento tambi\u00e9n podr\u00e1n disfrutar de m\u00fasica en directo, un mercado mediterr\u00e1neo con cocina oriental y artesan\u00eda y una exhibici\u00f3n de m\u00fasica y danza con flamenco y ambientaci\u00f3n \u00e1rabe-andaluza, entre otros estilos de la zona.<\/p>\n<p>El festival es una iniciativa de la Comisi\u00f3n Comunitaria Francesa coorganizada junto con la asociaci\u00f3n sin \u00e1nimo de lucro Cinemamed.<\/p>\n","protected":false},"excerpt":{"rendered":"<p>Bruselas, 5 dic (EFE).- El Festival de Cine del Mediterr\u00e1neo (Cinemamed) arranca hoy en Bruselas su XIII edici\u00f3n, dedicada este a\u00f1o a la migraci\u00f3n y la convivencia con motivo de los 50 a\u00f1os de los acuerdos de inmigraci\u00f3n turca y marroqu\u00ed. Gran parte de la programaci\u00f3n del Cinemamed rendir\u00e1 homenaje a los cineastas y actores [&hellip;]<\/p>\n","protected":false},"author":1,"featured_media":458409,"comment_status":"closed","ping_status":"open","sticky":false,"template":"","format":"standard","meta":{"footnotes":""},"categories":[50],"tags":[],"class_list":["post-458408","post","type-post","status-publish","format-standard","has-post-thumbnail","hentry","category-revista-de-ocio"],"aioseo_notices":[],"aioseo_head":"\n\t\t<!-- All in One SEO Pro 5.0.1 - aioseo.com -->\n\t<meta name=\"description\" content=\"Bruselas, 5 dic (EFE).- El Festival de Cine del Mediterr\u00e1neo (Cinemamed) arranca hoy en Bruselas su XIII edici\u00f3n, dedicada este a\u00f1o a la migraci\u00f3n y la convivencia con motivo de los 50 a\u00f1os de los acuerdos de inmigraci\u00f3n turca y marroqu\u00ed. Gran parte de la programaci\u00f3n del Cinemamed rendir\u00e1 homenaje a los cineastas y actores\" \/>\n\t<meta name=\"robots\" content=\"max-image-preview:large\" \/>\n\t<meta name=\"author\" content=\"El Digital de Asturias\"\/>\n\t<meta name=\"google-site-verification\" content=\"UA-38556648-1\" \/>\n\t<meta name=\"msvalidate.01\" content=\"7dfe9f3f1b24437ab69f4f2559babe99\" \/>\n\t<meta name=\"keywords\" content=\"revista de ocio\" \/>\n\t<link rel=\"canonical\" href=\"https:\/\/www.eldigitaldeasturias.com\/noticias\/la-xiii-edicion-del-cinemamed-dedicada-a-la-migracion-y-la-convivencia\/\" \/>\n\t<meta name=\"generator\" content=\"All in One SEO Pro (AIOSEO) 5.0.1\" \/>\n\t\t<meta property=\"og:locale\" content=\"es_ES\" \/>\n\t\t<meta property=\"og:site_name\" content=\"El Digital de Asturias\" \/>\n\t\t<meta property=\"og:type\" content=\"article\" \/>\n\t\t<meta property=\"og:title\" content=\"La XIII edici\u00f3n del Cinemamed, dedicada a la migraci\u00f3n y la convivencia - El Digital de Asturias\" \/>\n\t\t<meta property=\"og:description\" content=\"Bruselas, 5 dic (EFE).- El Festival de Cine del Mediterr\u00e1neo (Cinemamed) arranca hoy en Bruselas su XIII edici\u00f3n, dedicada este a\u00f1o a la migraci\u00f3n y la convivencia con motivo de los 50 a\u00f1os de los acuerdos de inmigraci\u00f3n turca y marroqu\u00ed. Gran parte de la programaci\u00f3n del Cinemamed rendir\u00e1 homenaje a los cineastas y actores\" \/>\n\t\t<meta property=\"og:url\" content=\"https:\/\/www.eldigitaldeasturias.com\/noticias\/la-xiii-edicion-del-cinemamed-dedicada-a-la-migracion-y-la-convivencia\/\" \/>\n\t\t<meta property=\"article:tag\" content=\"revista de ocio\" \/>\n\t\t<meta property=\"article:published_time\" content=\"2013-12-06T01:16:37+00:00\" \/>\n\t\t<meta property=\"article:modified_time\" content=\"2013-12-06T01:16:37+00:00\" \/>\n\t\t<meta property=\"article:publisher\" content=\"https:\/\/facebook.com\/eldigitaldeasturias\" \/>\n\t\t<meta name=\"twitter:card\" content=\"summary_large_image\" \/>\n\t\t<meta name=\"twitter:title\" content=\"La XIII edici\u00f3n del Cinemamed, dedicada a la migraci\u00f3n y la convivencia - El Digital de Asturias\" \/>\n\t\t<meta name=\"twitter:description\" content=\"Bruselas, 5 dic (EFE).- El Festival de Cine del Mediterr\u00e1neo (Cinemamed) arranca hoy en Bruselas su XIII edici\u00f3n, dedicada este a\u00f1o a la migraci\u00f3n y la convivencia con motivo de los 50 a\u00f1os de los acuerdos de inmigraci\u00f3n turca y marroqu\u00ed. Gran parte de la programaci\u00f3n del Cinemamed rendir\u00e1 homenaje a los cineastas y actores\" \/>\n\t\t<meta name=\"twitter:label1\" content=\"Escrito por\" \/>\n\t\t<meta name=\"twitter:data1\" content=\"El Digital de Asturias\" \/>\n\t\t<meta name=\"twitter:label2\" content=\"Tiempo de lectura estimado\" \/>\n\t\t<meta name=\"twitter:data2\" content=\"2 minutos\" \/>\n\t\t<script type=\"application\/ld+json\" class=\"aioseo-schema\">\n\t\t\t{\"@context\":\"https:\\\/\\\/schema.org\",\"@graph\":[{\"@type\":\"BlogPosting\",\"@id\":\"https:\\\/\\\/www.eldigitaldeasturias.com\\\/noticias\\\/la-xiii-edicion-del-cinemamed-dedicada-a-la-migracion-y-la-convivencia\\\/#blogposting\",\"name\":\"La XIII edici\\u00f3n del Cinemamed, dedicada a la migraci\\u00f3n y la convivencia - El Digital de Asturias\",\"headline\":\"La XIII edici\\u00f3n del Cinemamed, dedicada a la migraci\\u00f3n y la convivencia\",\"author\":{\"@id\":\"https:\\\/\\\/www.eldigitaldeasturias.com\\\/noticias\\\/author\\\/admin\\\/#author\"},\"publisher\":{\"@id\":\"https:\\\/\\\/www.eldigitaldeasturias.com\\\/noticias\\\/#organization\"},\"image\":{\"@type\":\"ImageObject\",\"url\":458409},\"datePublished\":\"2013-12-06T00:16:37+01:00\",\"dateModified\":\"2013-12-06T00:16:37+01:00\",\"inLanguage\":\"es-ES\",\"mainEntityOfPage\":{\"@id\":\"https:\\\/\\\/www.eldigitaldeasturias.com\\\/noticias\\\/la-xiii-edicion-del-cinemamed-dedicada-a-la-migracion-y-la-convivencia\\\/#webpage\"},\"isPartOf\":{\"@id\":\"https:\\\/\\\/www.eldigitaldeasturias.com\\\/noticias\\\/la-xiii-edicion-del-cinemamed-dedicada-a-la-migracion-y-la-convivencia\\\/#webpage\"},\"articleSection\":\"Revista de Ocio\"},{\"@type\":\"BreadcrumbList\",\"@id\":\"https:\\\/\\\/www.eldigitaldeasturias.com\\\/noticias\\\/la-xiii-edicion-del-cinemamed-dedicada-a-la-migracion-y-la-convivencia\\\/#breadcrumblist\",\"itemListElement\":[{\"@type\":\"ListItem\",\"@id\":\"https:\\\/\\\/www.eldigitaldeasturias.com\\\/noticias#listItem\",\"position\":1,\"name\":\"Home\",\"item\":\"https:\\\/\\\/www.eldigitaldeasturias.com\\\/noticias\",\"nextItem\":{\"@type\":\"ListItem\",\"@id\":\"https:\\\/\\\/www.eldigitaldeasturias.com\\\/noticias\\\/category\\\/revista-de-ocio\\\/#listItem\",\"name\":\"Revista de Ocio\"}},{\"@type\":\"ListItem\",\"@id\":\"https:\\\/\\\/www.eldigitaldeasturias.com\\\/noticias\\\/category\\\/revista-de-ocio\\\/#listItem\",\"position\":2,\"name\":\"Revista de Ocio\",\"item\":\"https:\\\/\\\/www.eldigitaldeasturias.com\\\/noticias\\\/category\\\/revista-de-ocio\\\/\",\"nextItem\":{\"@type\":\"ListItem\",\"@id\":\"https:\\\/\\\/www.eldigitaldeasturias.com\\\/noticias\\\/la-xiii-edicion-del-cinemamed-dedicada-a-la-migracion-y-la-convivencia\\\/#listItem\",\"name\":\"La XIII edici\\u00f3n del Cinemamed, dedicada a la migraci\\u00f3n y la convivencia\"},\"previousItem\":{\"@type\":\"ListItem\",\"@id\":\"https:\\\/\\\/www.eldigitaldeasturias.com\\\/noticias#listItem\",\"name\":\"Home\"}},{\"@type\":\"ListItem\",\"@id\":\"https:\\\/\\\/www.eldigitaldeasturias.com\\\/noticias\\\/la-xiii-edicion-del-cinemamed-dedicada-a-la-migracion-y-la-convivencia\\\/#listItem\",\"position\":3,\"name\":\"La XIII edici\\u00f3n del Cinemamed, dedicada a la migraci\\u00f3n y la convivencia\",\"previousItem\":{\"@type\":\"ListItem\",\"@id\":\"https:\\\/\\\/www.eldigitaldeasturias.com\\\/noticias\\\/category\\\/revista-de-ocio\\\/#listItem\",\"name\":\"Revista de Ocio\"}}]},{\"@type\":\"Organization\",\"@id\":\"https:\\\/\\\/www.eldigitaldeasturias.com\\\/noticias\\\/#organization\",\"name\":\"El Digital de Asturias\",\"description\":\"Hemeroteca\",\"url\":\"https:\\\/\\\/www.eldigitaldeasturias.com\\\/noticias\\\/\",\"email\":\"info@eldigitaldeasturias.com\",\"telephone\":\"+34652131393\",\"logo\":{\"@type\":\"ImageObject\",\"url\":\"https:\\\/\\\/www.eldigitaldeasturias.com\\\/noticias\\\/wp-content\\\/uploads\\\/2020\\\/12\\\/EDA.jpg\",\"@id\":\"https:\\\/\\\/www.eldigitaldeasturias.com\\\/noticias\\\/la-xiii-edicion-del-cinemamed-dedicada-a-la-migracion-y-la-convivencia\\\/#organizationLogo\"},\"image\":{\"@id\":\"https:\\\/\\\/www.eldigitaldeasturias.com\\\/noticias\\\/la-xiii-edicion-del-cinemamed-dedicada-a-la-migracion-y-la-convivencia\\\/#organizationLogo\"},\"sameAs\":[\"https:\\\/\\\/facebook.com\\\/eldigitaldeasturias\",\"https:\\\/\\\/www.youtube.com\\\/channel\\\/UCZP-2wLEB9Rv6erhFmqVnvg\"],\"address\":{\"@id\":\"https:\\\/\\\/www.eldigitaldeasturias.com\\\/noticias\\\/#postaladdress\",\"@type\":\"PostalAddress\",\"streetAddress\":\"san antonio 4\",\"postalCode\":\"33430\",\"addressLocality\":\"Cand\\u00e1s\",\"addressRegion\":\"Asturias\",\"addressCountry\":\"ES\"}},{\"@type\":\"Person\",\"@id\":\"https:\\\/\\\/www.eldigitaldeasturias.com\\\/noticias\\\/author\\\/admin\\\/#author\",\"url\":\"https:\\\/\\\/www.eldigitaldeasturias.com\\\/noticias\\\/author\\\/admin\\\/\",\"name\":\"El Digital de Asturias\",\"image\":{\"@type\":\"ImageObject\",\"@id\":\"https:\\\/\\\/www.eldigitaldeasturias.com\\\/noticias\\\/la-xiii-edicion-del-cinemamed-dedicada-a-la-migracion-y-la-convivencia\\\/#authorImage\",\"url\":\"https:\\\/\\\/secure.gravatar.com\\\/avatar\\\/df2aeffc32bcd13f8d26072ef8a91b623d677766deac7f97ca815868cd41bf5e?s=96&d=mm&r=g\",\"width\":96,\"height\":96,\"caption\":\"El Digital de Asturias\"}},{\"@type\":\"WebPage\",\"@id\":\"https:\\\/\\\/www.eldigitaldeasturias.com\\\/noticias\\\/la-xiii-edicion-del-cinemamed-dedicada-a-la-migracion-y-la-convivencia\\\/#webpage\",\"url\":\"https:\\\/\\\/www.eldigitaldeasturias.com\\\/noticias\\\/la-xiii-edicion-del-cinemamed-dedicada-a-la-migracion-y-la-convivencia\\\/\",\"name\":\"La XIII edici\\u00f3n del Cinemamed, dedicada a la migraci\\u00f3n y la convivencia - El Digital de Asturias\",\"description\":\"Bruselas, 5 dic (EFE).- El Festival de Cine del Mediterr\\u00e1neo (Cinemamed) arranca hoy en Bruselas su XIII edici\\u00f3n, dedicada este a\\u00f1o a la migraci\\u00f3n y la convivencia con motivo de los 50 a\\u00f1os de los acuerdos de inmigraci\\u00f3n turca y marroqu\\u00ed. Gran parte de la programaci\\u00f3n del Cinemamed rendir\\u00e1 homenaje a los cineastas y actores\",\"inLanguage\":\"es-ES\",\"isPartOf\":{\"@id\":\"https:\\\/\\\/www.eldigitaldeasturias.com\\\/noticias\\\/#website\"},\"breadcrumb\":{\"@id\":\"https:\\\/\\\/www.eldigitaldeasturias.com\\\/noticias\\\/la-xiii-edicion-del-cinemamed-dedicada-a-la-migracion-y-la-convivencia\\\/#breadcrumblist\"},\"author\":{\"@id\":\"https:\\\/\\\/www.eldigitaldeasturias.com\\\/noticias\\\/author\\\/admin\\\/#author\"},\"creator\":{\"@id\":\"https:\\\/\\\/www.eldigitaldeasturias.com\\\/noticias\\\/author\\\/admin\\\/#author\"},\"image\":{\"@type\":\"ImageObject\",\"url\":458409,\"@id\":\"https:\\\/\\\/www.eldigitaldeasturias.com\\\/noticias\\\/la-xiii-edicion-del-cinemamed-dedicada-a-la-migracion-y-la-convivencia\\\/#mainImage\"},\"primaryImageOfPage\":{\"@id\":\"https:\\\/\\\/www.eldigitaldeasturias.com\\\/noticias\\\/la-xiii-edicion-del-cinemamed-dedicada-a-la-migracion-y-la-convivencia\\\/#mainImage\"},\"datePublished\":\"2013-12-06T00:16:37+01:00\",\"dateModified\":\"2013-12-06T00:16:37+01:00\"},{\"@type\":\"WebSite\",\"@id\":\"https:\\\/\\\/www.eldigitaldeasturias.com\\\/noticias\\\/#website\",\"url\":\"https:\\\/\\\/www.eldigitaldeasturias.com\\\/noticias\\\/\",\"name\":\"El Digital de Asturias - Diario de actualidad y noticias\",\"alternateName\":\"El Digital de Asturias - Diario de actualidad y noticias\",\"description\":\"Hemeroteca\",\"inLanguage\":\"es-ES\",\"publisher\":{\"@id\":\"https:\\\/\\\/www.eldigitaldeasturias.com\\\/noticias\\\/#organization\"}}]}\n\t\t<\/script>\n\t\t<!-- All in One SEO Pro -->\r\n\t\t<title>La XIII edici\u00f3n del Cinemamed, dedicada a la migraci\u00f3n y la convivencia - El Digital de Asturias<\/title>\n\n","aioseo_head_json":{"title":"La XIII edici\u00f3n del Cinemamed, dedicada a la migraci\u00f3n y la convivencia - El Digital de Asturias","description":"Bruselas, 5 dic (EFE).- El Festival de Cine del Mediterr\u00e1neo (Cinemamed) arranca hoy en Bruselas su XIII edici\u00f3n, dedicada este a\u00f1o a la migraci\u00f3n y la convivencia con motivo de los 50 a\u00f1os de los acuerdos de inmigraci\u00f3n turca y marroqu\u00ed. Gran parte de la programaci\u00f3n del Cinemamed rendir\u00e1 homenaje a los cineastas y actores","canonical_url":"https:\/\/www.eldigitaldeasturias.com\/noticias\/la-xiii-edicion-del-cinemamed-dedicada-a-la-migracion-y-la-convivencia\/","robots":"max-image-preview:large","keywords":"revista de ocio","webmasterTools":{"google-site-verification":"UA-38556648-1","msvalidate.01":"7dfe9f3f1b24437ab69f4f2559babe99","miscellaneous":""},"schema":{"@context":"https:\/\/schema.org","@graph":[{"@type":"BlogPosting","@id":"https:\/\/www.eldigitaldeasturias.com\/noticias\/la-xiii-edicion-del-cinemamed-dedicada-a-la-migracion-y-la-convivencia\/#blogposting","name":"La XIII edici\u00f3n del Cinemamed, dedicada a la migraci\u00f3n y la convivencia - El Digital de Asturias","headline":"La XIII edici\u00f3n del Cinemamed, dedicada a la migraci\u00f3n y la convivencia","author":{"@id":"https:\/\/www.eldigitaldeasturias.com\/noticias\/author\/admin\/#author"},"publisher":{"@id":"https:\/\/www.eldigitaldeasturias.com\/noticias\/#organization"},"image":{"@type":"ImageObject","url":458409},"datePublished":"2013-12-06T00:16:37+01:00","dateModified":"2013-12-06T00:16:37+01:00","inLanguage":"es-ES","mainEntityOfPage":{"@id":"https:\/\/www.eldigitaldeasturias.com\/noticias\/la-xiii-edicion-del-cinemamed-dedicada-a-la-migracion-y-la-convivencia\/#webpage"},"isPartOf":{"@id":"https:\/\/www.eldigitaldeasturias.com\/noticias\/la-xiii-edicion-del-cinemamed-dedicada-a-la-migracion-y-la-convivencia\/#webpage"},"articleSection":"Revista de Ocio"},{"@type":"BreadcrumbList","@id":"https:\/\/www.eldigitaldeasturias.com\/noticias\/la-xiii-edicion-del-cinemamed-dedicada-a-la-migracion-y-la-convivencia\/#breadcrumblist","itemListElement":[{"@type":"ListItem","@id":"https:\/\/www.eldigitaldeasturias.com\/noticias#listItem","position":1,"name":"Home","item":"https:\/\/www.eldigitaldeasturias.com\/noticias","nextItem":{"@type":"ListItem","@id":"https:\/\/www.eldigitaldeasturias.com\/noticias\/category\/revista-de-ocio\/#listItem","name":"Revista de Ocio"}},{"@type":"ListItem","@id":"https:\/\/www.eldigitaldeasturias.com\/noticias\/category\/revista-de-ocio\/#listItem","position":2,"name":"Revista de Ocio","item":"https:\/\/www.eldigitaldeasturias.com\/noticias\/category\/revista-de-ocio\/","nextItem":{"@type":"ListItem","@id":"https:\/\/www.eldigitaldeasturias.com\/noticias\/la-xiii-edicion-del-cinemamed-dedicada-a-la-migracion-y-la-convivencia\/#listItem","name":"La XIII edici\u00f3n del Cinemamed, dedicada a la migraci\u00f3n y la convivencia"},"previousItem":{"@type":"ListItem","@id":"https:\/\/www.eldigitaldeasturias.com\/noticias#listItem","name":"Home"}},{"@type":"ListItem","@id":"https:\/\/www.eldigitaldeasturias.com\/noticias\/la-xiii-edicion-del-cinemamed-dedicada-a-la-migracion-y-la-convivencia\/#listItem","position":3,"name":"La XIII edici\u00f3n del Cinemamed, dedicada a la migraci\u00f3n y la convivencia","previousItem":{"@type":"ListItem","@id":"https:\/\/www.eldigitaldeasturias.com\/noticias\/category\/revista-de-ocio\/#listItem","name":"Revista de Ocio"}}]},{"@type":"Organization","@id":"https:\/\/www.eldigitaldeasturias.com\/noticias\/#organization","name":"El Digital de Asturias","description":"Hemeroteca","url":"https:\/\/www.eldigitaldeasturias.com\/noticias\/","email":"info@eldigitaldeasturias.com","telephone":"+34652131393","logo":{"@type":"ImageObject","url":"https:\/\/www.eldigitaldeasturias.com\/noticias\/wp-content\/uploads\/2020\/12\/EDA.jpg","@id":"https:\/\/www.eldigitaldeasturias.com\/noticias\/la-xiii-edicion-del-cinemamed-dedicada-a-la-migracion-y-la-convivencia\/#organizationLogo"},"image":{"@id":"https:\/\/www.eldigitaldeasturias.com\/noticias\/la-xiii-edicion-del-cinemamed-dedicada-a-la-migracion-y-la-convivencia\/#organizationLogo"},"sameAs":["https:\/\/facebook.com\/eldigitaldeasturias","https:\/\/www.youtube.com\/channel\/UCZP-2wLEB9Rv6erhFmqVnvg"],"address":{"@id":"https:\/\/www.eldigitaldeasturias.com\/noticias\/#postaladdress","@type":"PostalAddress","streetAddress":"san antonio 4","postalCode":"33430","addressLocality":"Cand\u00e1s","addressRegion":"Asturias","addressCountry":"ES"}},{"@type":"Person","@id":"https:\/\/www.eldigitaldeasturias.com\/noticias\/author\/admin\/#author","url":"https:\/\/www.eldigitaldeasturias.com\/noticias\/author\/admin\/","name":"El Digital de Asturias","image":{"@type":"ImageObject","@id":"https:\/\/www.eldigitaldeasturias.com\/noticias\/la-xiii-edicion-del-cinemamed-dedicada-a-la-migracion-y-la-convivencia\/#authorImage","url":"https:\/\/secure.gravatar.com\/avatar\/df2aeffc32bcd13f8d26072ef8a91b623d677766deac7f97ca815868cd41bf5e?s=96&d=mm&r=g","width":96,"height":96,"caption":"El Digital de Asturias"}},{"@type":"WebPage","@id":"https:\/\/www.eldigitaldeasturias.com\/noticias\/la-xiii-edicion-del-cinemamed-dedicada-a-la-migracion-y-la-convivencia\/#webpage","url":"https:\/\/www.eldigitaldeasturias.com\/noticias\/la-xiii-edicion-del-cinemamed-dedicada-a-la-migracion-y-la-convivencia\/","name":"La XIII edici\u00f3n del Cinemamed, dedicada a la migraci\u00f3n y la convivencia - El Digital de Asturias","description":"Bruselas, 5 dic (EFE).- El Festival de Cine del Mediterr\u00e1neo (Cinemamed) arranca hoy en Bruselas su XIII edici\u00f3n, dedicada este a\u00f1o a la migraci\u00f3n y la convivencia con motivo de los 50 a\u00f1os de los acuerdos de inmigraci\u00f3n turca y marroqu\u00ed. Gran parte de la programaci\u00f3n del Cinemamed rendir\u00e1 homenaje a los cineastas y actores","inLanguage":"es-ES","isPartOf":{"@id":"https:\/\/www.eldigitaldeasturias.com\/noticias\/#website"},"breadcrumb":{"@id":"https:\/\/www.eldigitaldeasturias.com\/noticias\/la-xiii-edicion-del-cinemamed-dedicada-a-la-migracion-y-la-convivencia\/#breadcrumblist"},"author":{"@id":"https:\/\/www.eldigitaldeasturias.com\/noticias\/author\/admin\/#author"},"creator":{"@id":"https:\/\/www.eldigitaldeasturias.com\/noticias\/author\/admin\/#author"},"image":{"@type":"ImageObject","url":458409,"@id":"https:\/\/www.eldigitaldeasturias.com\/noticias\/la-xiii-edicion-del-cinemamed-dedicada-a-la-migracion-y-la-convivencia\/#mainImage"},"primaryImageOfPage":{"@id":"https:\/\/www.eldigitaldeasturias.com\/noticias\/la-xiii-edicion-del-cinemamed-dedicada-a-la-migracion-y-la-convivencia\/#mainImage"},"datePublished":"2013-12-06T00:16:37+01:00","dateModified":"2013-12-06T00:16:37+01:00"},{"@type":"WebSite","@id":"https:\/\/www.eldigitaldeasturias.com\/noticias\/#website","url":"https:\/\/www.eldigitaldeasturias.com\/noticias\/","name":"El Digital de Asturias - Diario de actualidad y noticias","alternateName":"El Digital de Asturias - Diario de actualidad y noticias","description":"Hemeroteca","inLanguage":"es-ES","publisher":{"@id":"https:\/\/www.eldigitaldeasturias.com\/noticias\/#organization"}}]},"og:locale":"es_ES","og:site_name":"El Digital de Asturias","og:type":"article","og:title":"La XIII edici\u00f3n del Cinemamed, dedicada a la migraci\u00f3n y la convivencia - El Digital de Asturias","og:description":"Bruselas, 5 dic (EFE).- El Festival de Cine del Mediterr\u00e1neo (Cinemamed) arranca hoy en Bruselas su XIII edici\u00f3n, dedicada este a\u00f1o a la migraci\u00f3n y la convivencia con motivo de los 50 a\u00f1os de los acuerdos de inmigraci\u00f3n turca y marroqu\u00ed. Gran parte de la programaci\u00f3n del Cinemamed rendir\u00e1 homenaje a los cineastas y actores","og:url":"https:\/\/www.eldigitaldeasturias.com\/noticias\/la-xiii-edicion-del-cinemamed-dedicada-a-la-migracion-y-la-convivencia\/","article:tag":["revista de ocio"],"article:published_time":"2013-12-06T01:16:37+00:00","article:modified_time":"2013-12-06T01:16:37+00:00","article:publisher":"https:\/\/facebook.com\/eldigitaldeasturias","twitter:card":"summary_large_image","twitter:title":"La XIII edici\u00f3n del Cinemamed, dedicada a la migraci\u00f3n y la convivencia - El Digital de Asturias","twitter:description":"Bruselas, 5 dic (EFE).- El Festival de Cine del Mediterr\u00e1neo (Cinemamed) arranca hoy en Bruselas su XIII edici\u00f3n, dedicada este a\u00f1o a la migraci\u00f3n y la convivencia con motivo de los 50 a\u00f1os de los acuerdos de inmigraci\u00f3n turca y marroqu\u00ed. Gran parte de la programaci\u00f3n del Cinemamed rendir\u00e1 homenaje a los cineastas y actores","twitter:label1":"Escrito por","twitter:data1":"El Digital de Asturias","twitter:label2":"Tiempo de lectura estimado","twitter:data2":"2 minutos"},"aioseo_meta_data":{"post_id":"458408","title":null,"description":null,"keywords":null,"keyphrases":null,"primary_term":null,"canonical_url":null,"og_title":null,"og_description":null,"og_object_type":"default","og_image_type":"default","og_image_url":null,"og_image_width":null,"og_image_height":null,"og_image_custom_url":null,"og_image_custom_fields":null,"og_video":null,"og_custom_url":null,"og_article_section":null,"og_article_tags":null,"twitter_use_og":true,"twitter_card":"default","twitter_image_type":"default","twitter_image_url":null,"twitter_image_custom_url":null,"twitter_image_custom_fields":null,"twitter_title":null,"twitter_description":null,"schema":{"blockGraphs":[],"customGraphs":[],"default":{"data":{"Article":[],"Course":[],"Dataset":[],"FAQPage":[],"Movie":[],"Person":[],"Product":[],"ProductReview":[],"Car":[],"Recipe":[],"Service":[],"SoftwareApplication":[],"WebPage":[]},"graphName":"","isEnabled":true},"graphs":[]},"schema_type":null,"schema_type_options":null,"pillar_content":false,"robots_default":true,"robots_noindex":false,"robots_noarchive":false,"robots_nosnippet":false,"robots_nofollow":false,"robots_noimageindex":false,"robots_noodp":false,"robots_notranslate":false,"robots_max_snippet":null,"robots_max_videopreview":null,"robots_max_imagepreview":"none","priority":null,"frequency":null,"local_seo":null,"seo_analyzer_scan_date":"2026-05-30 05:28:00","breadcrumb_settings":null,"limit_modified_date":false,"open_ai":null,"ai":null,"created":"2020-11-14 22:46:17","updated":"2026-05-30 05:28:00","focus_keyword":null,"additional_keywords":null,"truseo_locale":null},"aioseo_breadcrumb":"<div class=\"aioseo-breadcrumbs\"><span class=\"aioseo-breadcrumb\">\n\t<a href=\"https:\/\/www.eldigitaldeasturias.com\/noticias\" title=\"Home\">Home<\/a>\n<\/span><span class=\"aioseo-breadcrumb-separator\">\u2013<\/span><span class=\"aioseo-breadcrumb\">\n\t<a href=\"https:\/\/www.eldigitaldeasturias.com\/noticias\/category\/revista-de-ocio\/\" title=\"Revista de Ocio\">Revista de Ocio<\/a>\n<\/span><span class=\"aioseo-breadcrumb-separator\">\u2013<\/span><span class=\"aioseo-breadcrumb\">\n\t<a href=\"https:\/\/www.eldigitaldeasturias.com\/noticias\/la-xiii-edicion-del-cinemamed-dedicada-a-la-migracion-y-la-convivencia\/\" title=\"La XIII edici\u00f3n del Cinemamed, dedicada a la migraci\u00f3n y la convivencia\">La XIII edici\u00f3n del Cinemamed, dedicada a la migraci\u00f3n y la convivencia<\/a>\n<\/span><\/div>","aioseo_breadcrumb_json":[{"label":"Home","link":"https:\/\/www.eldigitaldeasturias.com\/noticias"},{"label":"Revista de Ocio","link":"https:\/\/www.eldigitaldeasturias.com\/noticias\/category\/revista-de-ocio\/"},{"label":"La XIII edici\u00f3n del Cinemamed, dedicada a la migraci\u00f3n y la convivencia","link":"https:\/\/www.eldigitaldeasturias.com\/noticias\/la-xiii-edicion-del-cinemamed-dedicada-a-la-migracion-y-la-convivencia\/"}],"_links":{"self":[{"href":"https:\/\/www.eldigitaldeasturias.com\/noticias\/wp-json\/wp\/v2\/posts\/458408","targetHints":{"allow":["GET"]}}],"collection":[{"href":"https:\/\/www.eldigitaldeasturias.com\/noticias\/wp-json\/wp\/v2\/posts"}],"about":[{"href":"https:\/\/www.eldigitaldeasturias.com\/noticias\/wp-json\/wp\/v2\/types\/post"}],"author":[{"embeddable":true,"href":"https:\/\/www.eldigitaldeasturias.com\/noticias\/wp-json\/wp\/v2\/users\/1"}],"replies":[{"embeddable":true,"href":"https:\/\/www.eldigitaldeasturias.com\/noticias\/wp-json\/wp\/v2\/comments?post=458408"}],"version-history":[{"count":0,"href":"https:\/\/www.eldigitaldeasturias.com\/noticias\/wp-json\/wp\/v2\/posts\/458408\/revisions"}],"wp:attachment":[{"href":"https:\/\/www.eldigitaldeasturias.com\/noticias\/wp-json\/wp\/v2\/media?parent=458408"}],"wp:term":[{"taxonomy":"category","embeddable":true,"href":"https:\/\/www.eldigitaldeasturias.com\/noticias\/wp-json\/wp\/v2\/categories?post=458408"},{"taxonomy":"post_tag","embeddable":true,"href":"https:\/\/www.eldigitaldeasturias.com\/noticias\/wp-json\/wp\/v2\/tags?post=458408"}],"curies":[{"name":"wp","href":"https:\/\/api.w.org\/{rel}","templated":true}]}}