{"id":458365,"date":"2013-12-05T23:56:23","date_gmt":"2013-12-06T00:56:23","guid":{"rendered":"http:\/\/www.eldigitaldeasturias.com\/noticias\/?p=458365"},"modified":"2013-12-05T23:56:23","modified_gmt":"2013-12-06T00:56:23","slug":"la-policia-llevaba-3-anos-tras-un-yate-con-cocaina-que-asalto-en-el-atlantico","status":"publish","type":"post","link":"https:\/\/www.eldigitaldeasturias.com\/noticias\/la-policia-llevaba-3-anos-tras-un-yate-con-cocaina-que-asalto-en-el-atlantico\/","title":{"rendered":"La Polic\u00eda llevaba 3 a\u00f1os tras un yate con coca\u00edna que asalt\u00f3 en el Atl\u00e1ntico"},"content":{"rendered":"<p><img loading=\"lazy\" decoding=\"async\" class=\"alignleft size-medium wp-image-458366\" alt=\"5774337w\" src=\"https:\/\/www.eldigitaldeasturias.com\/noticias\/wp-content\/uploads\/2013\/12\/5774337w-360x239.jpg\" width=\"360\" height=\"239\" \/>Las Palmas de Gran Canaria, 5 nov (EFE).- La Polic\u00eda Nacional llevaba ya tres a\u00f1os tras el velero que los GEO han asaltado en el Atl\u00e1ntico cuando transportaba hacia la pen\u00ednsula 550 kilos de coca\u00edna, en una operaci\u00f3n que ha resultado tan larga y laboriosa, que sus propios responsables la han bautizado como \u00abMartirium\u00bb.<\/p>\n<p>El patrullero de la Armada \u00abRayo\u00bb ha descargado hoy en el Arsenal militar de Las Palmas el alijo de coca\u00edna intervenido por los GEO el pasado d\u00eda 29 a 500 millas n\u00e1uticas de Canarias (926 kil\u00f3metros), en un golpe al tr\u00e1fico de drogas que se ha saldado con la detenci\u00f3n de los dos tripulantes del velero \u00abTrit\u00f3n 2000\u00bb, ambos franceses, y de un ciudadano espa\u00f1ol en Marbella (M\u00e1laga).<\/p>\n<p>Esta intervenci\u00f3n eleva ya a 3.500 kilos la coca\u00edna aprehendida por la Polic\u00eda y el Servicio de Vigilancia Aduanera en lo que va de a\u00f1o en el Atl\u00e1ntico, en el \u00e1rea de influencia de Canarias: 2.000 kilos en marzo a un pesquero en la operaci\u00f3n \u00abPe\u00f1ajara\u00bb, 500 kilos a un velero en julio en la operaci\u00f3n \u00abLagaren\u00bb y 486 kilos a otro pesquero en septiembre, en la operaci\u00f3n \u00abHojalata\u00bb.<\/p>\n<p>En este caso, se trata de una investigaci\u00f3n que se inici\u00f3 en 2010 en un juzgado de Denia (Alicante) y que destap\u00f3 la existencia de una organizaci\u00f3n hispanofrancesa que introduc\u00eda coca\u00edna en Portugal y Espa\u00f1a utilizando un yate de vela, el ahora intervenido.<\/p>\n<p>\u00abDetr\u00e1s este barco en concreto llev\u00e1bamos m\u00e1s tres a\u00f1os. Le hemos seguido por puertos de Europa y por distintos puertos de Suram\u00e9rica, le hemos seguido aqu\u00ed (en Canarias), hasta que hemos llegado a la conclusi\u00f3n de que estaba cargando la mercanc\u00eda y hemos actuado\u00bb, relatado hoy el comisario Francisco Miguel\u00e1\u00f1ez, jefe de la Brigada Central de Estupefacientes del Cuerpo Nacional de Polic\u00eda.<\/p>\n<p>El \u00abTrit\u00f3n 2000\u00bb ha prestado su \u00faltimo servicio a las mafias del narcotr\u00e1fico en un viaje que parti\u00f3 en noviembre desde el sur de Gran Canaria, desde la localidad tur\u00edstica de Puerto Rico, y que le dirigi\u00f3 hacia un punto del Atl\u00e1ntico donde carg\u00f3 la coca\u00edna.<\/p>\n<p>La Polic\u00eda considera que la hip\u00f3tesis m\u00e1s factible es que embarcara la droga de un buque nodriza en alta mar, no en tierra, y que el destino de la coca\u00edna fuera la pen\u00ednsula.<\/p>\n<p>Los investigadores tambi\u00e9n creen que la forma en la que ven\u00eda oculta la droga, formando una segunda capa que casi recubr\u00eda toda la superficie interior del yate, acredita que este velero llevaba ya tiempo preparado para trasladar coca\u00edna de Suram\u00e9rica a Europa.<\/p>\n<p>Los GEO lo abordaron de noche, mientras uno de sus tripulantes dorm\u00eda. El otro, que llevaba el tim\u00f3n, activ\u00f3 un dispositivo para incendiar el barco, pero los agentes lograron controlarlo a tiempo.<\/p>\n<p>La Brigada Central de Estupefacientes no se atreve a extraer conclusiones sobre si las repetidas operaciones en el Atl\u00e1ntico indican o no una reactivaci\u00f3n de la llamada \u00abruta africana\u00bb.<\/p>\n<p>\u00abTodos tenemos informaci\u00f3n sobre la existencia de la ruta africana y sobre la entrada de coca\u00edna en \u00c1frica, pero, que yo sepa, ni la Polic\u00eda espa\u00f1ola y la europea todav\u00eda han cogido grandes cantidades de droga en \u00c1frica. Eso est\u00e1 todav\u00eda por acreditar objetivamente\u00bb, ha se\u00f1alado hoy su comisario jefe.<\/p>\n<p>La delegada del Gobierno en Canarias, Mar\u00eda del Carmen Hern\u00e1ndez Bento, ha felicitado al Cuerpo Nacional de Polic\u00eda por este nuevo golpe al narcotr\u00e1fico y ha resaltado el papel que en esta ocasi\u00f3n ha desempe\u00f1ado la Armada, que traslad\u00f3 a los GEO al punto de asalto.<\/p>\n<p>&nbsp;<\/p>\n<p>&nbsp;<\/p>\n","protected":false},"excerpt":{"rendered":"<p>Las Palmas de Gran Canaria, 5 nov (EFE).- La Polic\u00eda Nacional llevaba ya tres a\u00f1os tras el velero que los GEO han asaltado en el Atl\u00e1ntico cuando transportaba hacia la pen\u00ednsula 550 kilos de coca\u00edna, en una operaci\u00f3n que ha resultado tan larga y laboriosa, que sus propios responsables la han bautizado como \u00abMartirium\u00bb. El [&hellip;]<\/p>\n","protected":false},"author":1,"featured_media":458366,"comment_status":"closed","ping_status":"open","sticky":false,"template":"","format":"standard","meta":{"footnotes":""},"categories":[5],"tags":[],"class_list":["post-458365","post","type-post","status-publish","format-standard","has-post-thumbnail","hentry","category-sucesos"],"aioseo_notices":[],"aioseo_head":"\n\t\t<!-- All in One SEO Pro 5.0.1 - aioseo.com -->\n\t<meta name=\"description\" content=\"Las Palmas de Gran Canaria, 5 nov (EFE).- La Polic\u00eda Nacional llevaba ya tres a\u00f1os tras el velero que los GEO han asaltado en el Atl\u00e1ntico cuando transportaba hacia la pen\u00ednsula 550 kilos de coca\u00edna, en una operaci\u00f3n que ha resultado tan larga y laboriosa, que sus propios responsables la han bautizado como &quot;Martirium&quot;. El\" \/>\n\t<meta name=\"robots\" content=\"max-image-preview:large\" \/>\n\t<meta name=\"author\" content=\"El Digital de Asturias\"\/>\n\t<meta name=\"google-site-verification\" content=\"UA-38556648-1\" \/>\n\t<meta name=\"msvalidate.01\" content=\"7dfe9f3f1b24437ab69f4f2559babe99\" \/>\n\t<meta name=\"keywords\" content=\"sucesos\" \/>\n\t<link rel=\"canonical\" href=\"https:\/\/www.eldigitaldeasturias.com\/noticias\/la-policia-llevaba-3-anos-tras-un-yate-con-cocaina-que-asalto-en-el-atlantico\/\" \/>\n\t<meta name=\"generator\" content=\"All in One SEO Pro (AIOSEO) 5.0.1\" \/>\n\t\t<meta property=\"og:locale\" content=\"es_ES\" \/>\n\t\t<meta property=\"og:site_name\" content=\"El Digital de Asturias\" \/>\n\t\t<meta property=\"og:type\" content=\"article\" \/>\n\t\t<meta property=\"og:title\" content=\"La Polic\u00eda llevaba 3 a\u00f1os tras un yate con coca\u00edna que asalt\u00f3 en el Atl\u00e1ntico - El Digital de Asturias\" \/>\n\t\t<meta property=\"og:description\" content=\"Las Palmas de Gran Canaria, 5 nov (EFE).- La Polic\u00eda Nacional llevaba ya tres a\u00f1os tras el velero que los GEO han asaltado en el Atl\u00e1ntico cuando transportaba hacia la pen\u00ednsula 550 kilos de coca\u00edna, en una operaci\u00f3n que ha resultado tan larga y laboriosa, que sus propios responsables la han bautizado como &quot;Martirium&quot;. El\" \/>\n\t\t<meta property=\"og:url\" content=\"https:\/\/www.eldigitaldeasturias.com\/noticias\/la-policia-llevaba-3-anos-tras-un-yate-con-cocaina-que-asalto-en-el-atlantico\/\" \/>\n\t\t<meta property=\"article:tag\" content=\"sucesos\" \/>\n\t\t<meta property=\"article:published_time\" content=\"2013-12-06T00:56:23+00:00\" \/>\n\t\t<meta property=\"article:modified_time\" content=\"2013-12-06T00:56:23+00:00\" \/>\n\t\t<meta property=\"article:publisher\" content=\"https:\/\/facebook.com\/eldigitaldeasturias\" \/>\n\t\t<meta name=\"twitter:card\" content=\"summary_large_image\" \/>\n\t\t<meta name=\"twitter:title\" content=\"La Polic\u00eda llevaba 3 a\u00f1os tras un yate con coca\u00edna que asalt\u00f3 en el Atl\u00e1ntico - El Digital de Asturias\" \/>\n\t\t<meta name=\"twitter:description\" content=\"Las Palmas de Gran Canaria, 5 nov (EFE).- La Polic\u00eda Nacional llevaba ya tres a\u00f1os tras el velero que los GEO han asaltado en el Atl\u00e1ntico cuando transportaba hacia la pen\u00ednsula 550 kilos de coca\u00edna, en una operaci\u00f3n que ha resultado tan larga y laboriosa, que sus propios responsables la han bautizado como &quot;Martirium&quot;. El\" \/>\n\t\t<meta name=\"twitter:label1\" content=\"Escrito por\" \/>\n\t\t<meta name=\"twitter:data1\" content=\"El Digital de Asturias\" \/>\n\t\t<meta name=\"twitter:label2\" content=\"Tiempo de lectura estimado\" \/>\n\t\t<meta name=\"twitter:data2\" content=\"3 minutos\" \/>\n\t\t<script type=\"application\/ld+json\" class=\"aioseo-schema\">\n\t\t\t{\"@context\":\"https:\\\/\\\/schema.org\",\"@graph\":[{\"@type\":\"BlogPosting\",\"@id\":\"https:\\\/\\\/www.eldigitaldeasturias.com\\\/noticias\\\/la-policia-llevaba-3-anos-tras-un-yate-con-cocaina-que-asalto-en-el-atlantico\\\/#blogposting\",\"name\":\"La Polic\\u00eda llevaba 3 a\\u00f1os tras un yate con coca\\u00edna que asalt\\u00f3 en el Atl\\u00e1ntico - El Digital de Asturias\",\"headline\":\"La Polic\\u00eda llevaba 3 a\\u00f1os tras un yate con coca\\u00edna que asalt\\u00f3 en el Atl\\u00e1ntico\",\"author\":{\"@id\":\"https:\\\/\\\/www.eldigitaldeasturias.com\\\/noticias\\\/author\\\/admin\\\/#author\"},\"publisher\":{\"@id\":\"https:\\\/\\\/www.eldigitaldeasturias.com\\\/noticias\\\/#organization\"},\"image\":{\"@type\":\"ImageObject\",\"url\":458366},\"datePublished\":\"2013-12-05T23:56:23+01:00\",\"dateModified\":\"2013-12-05T23:56:23+01:00\",\"inLanguage\":\"es-ES\",\"mainEntityOfPage\":{\"@id\":\"https:\\\/\\\/www.eldigitaldeasturias.com\\\/noticias\\\/la-policia-llevaba-3-anos-tras-un-yate-con-cocaina-que-asalto-en-el-atlantico\\\/#webpage\"},\"isPartOf\":{\"@id\":\"https:\\\/\\\/www.eldigitaldeasturias.com\\\/noticias\\\/la-policia-llevaba-3-anos-tras-un-yate-con-cocaina-que-asalto-en-el-atlantico\\\/#webpage\"},\"articleSection\":\"Sucesos\"},{\"@type\":\"BreadcrumbList\",\"@id\":\"https:\\\/\\\/www.eldigitaldeasturias.com\\\/noticias\\\/la-policia-llevaba-3-anos-tras-un-yate-con-cocaina-que-asalto-en-el-atlantico\\\/#breadcrumblist\",\"itemListElement\":[{\"@type\":\"ListItem\",\"@id\":\"https:\\\/\\\/www.eldigitaldeasturias.com\\\/noticias#listItem\",\"position\":1,\"name\":\"Home\",\"item\":\"https:\\\/\\\/www.eldigitaldeasturias.com\\\/noticias\",\"nextItem\":{\"@type\":\"ListItem\",\"@id\":\"https:\\\/\\\/www.eldigitaldeasturias.com\\\/noticias\\\/category\\\/sucesos\\\/#listItem\",\"name\":\"Sucesos\"}},{\"@type\":\"ListItem\",\"@id\":\"https:\\\/\\\/www.eldigitaldeasturias.com\\\/noticias\\\/category\\\/sucesos\\\/#listItem\",\"position\":2,\"name\":\"Sucesos\",\"item\":\"https:\\\/\\\/www.eldigitaldeasturias.com\\\/noticias\\\/category\\\/sucesos\\\/\",\"nextItem\":{\"@type\":\"ListItem\",\"@id\":\"https:\\\/\\\/www.eldigitaldeasturias.com\\\/noticias\\\/la-policia-llevaba-3-anos-tras-un-yate-con-cocaina-que-asalto-en-el-atlantico\\\/#listItem\",\"name\":\"La Polic\\u00eda llevaba 3 a\\u00f1os tras un yate con coca\\u00edna que asalt\\u00f3 en el Atl\\u00e1ntico\"},\"previousItem\":{\"@type\":\"ListItem\",\"@id\":\"https:\\\/\\\/www.eldigitaldeasturias.com\\\/noticias#listItem\",\"name\":\"Home\"}},{\"@type\":\"ListItem\",\"@id\":\"https:\\\/\\\/www.eldigitaldeasturias.com\\\/noticias\\\/la-policia-llevaba-3-anos-tras-un-yate-con-cocaina-que-asalto-en-el-atlantico\\\/#listItem\",\"position\":3,\"name\":\"La Polic\\u00eda llevaba 3 a\\u00f1os tras un yate con coca\\u00edna que asalt\\u00f3 en el Atl\\u00e1ntico\",\"previousItem\":{\"@type\":\"ListItem\",\"@id\":\"https:\\\/\\\/www.eldigitaldeasturias.com\\\/noticias\\\/category\\\/sucesos\\\/#listItem\",\"name\":\"Sucesos\"}}]},{\"@type\":\"Organization\",\"@id\":\"https:\\\/\\\/www.eldigitaldeasturias.com\\\/noticias\\\/#organization\",\"name\":\"El Digital de Asturias\",\"description\":\"Hemeroteca\",\"url\":\"https:\\\/\\\/www.eldigitaldeasturias.com\\\/noticias\\\/\",\"email\":\"info@eldigitaldeasturias.com\",\"telephone\":\"+34652131393\",\"logo\":{\"@type\":\"ImageObject\",\"url\":\"https:\\\/\\\/www.eldigitaldeasturias.com\\\/noticias\\\/wp-content\\\/uploads\\\/2020\\\/12\\\/EDA.jpg\",\"@id\":\"https:\\\/\\\/www.eldigitaldeasturias.com\\\/noticias\\\/la-policia-llevaba-3-anos-tras-un-yate-con-cocaina-que-asalto-en-el-atlantico\\\/#organizationLogo\"},\"image\":{\"@id\":\"https:\\\/\\\/www.eldigitaldeasturias.com\\\/noticias\\\/la-policia-llevaba-3-anos-tras-un-yate-con-cocaina-que-asalto-en-el-atlantico\\\/#organizationLogo\"},\"sameAs\":[\"https:\\\/\\\/facebook.com\\\/eldigitaldeasturias\",\"https:\\\/\\\/www.youtube.com\\\/channel\\\/UCZP-2wLEB9Rv6erhFmqVnvg\"],\"address\":{\"@id\":\"https:\\\/\\\/www.eldigitaldeasturias.com\\\/noticias\\\/#postaladdress\",\"@type\":\"PostalAddress\",\"streetAddress\":\"san antonio 4\",\"postalCode\":\"33430\",\"addressLocality\":\"Cand\\u00e1s\",\"addressRegion\":\"Asturias\",\"addressCountry\":\"ES\"}},{\"@type\":\"Person\",\"@id\":\"https:\\\/\\\/www.eldigitaldeasturias.com\\\/noticias\\\/author\\\/admin\\\/#author\",\"url\":\"https:\\\/\\\/www.eldigitaldeasturias.com\\\/noticias\\\/author\\\/admin\\\/\",\"name\":\"El Digital de Asturias\",\"image\":{\"@type\":\"ImageObject\",\"@id\":\"https:\\\/\\\/www.eldigitaldeasturias.com\\\/noticias\\\/la-policia-llevaba-3-anos-tras-un-yate-con-cocaina-que-asalto-en-el-atlantico\\\/#authorImage\",\"url\":\"https:\\\/\\\/secure.gravatar.com\\\/avatar\\\/df2aeffc32bcd13f8d26072ef8a91b623d677766deac7f97ca815868cd41bf5e?s=96&d=mm&r=g\",\"width\":96,\"height\":96,\"caption\":\"El Digital de Asturias\"}},{\"@type\":\"WebPage\",\"@id\":\"https:\\\/\\\/www.eldigitaldeasturias.com\\\/noticias\\\/la-policia-llevaba-3-anos-tras-un-yate-con-cocaina-que-asalto-en-el-atlantico\\\/#webpage\",\"url\":\"https:\\\/\\\/www.eldigitaldeasturias.com\\\/noticias\\\/la-policia-llevaba-3-anos-tras-un-yate-con-cocaina-que-asalto-en-el-atlantico\\\/\",\"name\":\"La Polic\\u00eda llevaba 3 a\\u00f1os tras un yate con coca\\u00edna que asalt\\u00f3 en el Atl\\u00e1ntico - El Digital de Asturias\",\"description\":\"Las Palmas de Gran Canaria, 5 nov (EFE).- La Polic\\u00eda Nacional llevaba ya tres a\\u00f1os tras el velero que los GEO han asaltado en el Atl\\u00e1ntico cuando transportaba hacia la pen\\u00ednsula 550 kilos de coca\\u00edna, en una operaci\\u00f3n que ha resultado tan larga y laboriosa, que sus propios responsables la han bautizado como \\\"Martirium\\\". El\",\"inLanguage\":\"es-ES\",\"isPartOf\":{\"@id\":\"https:\\\/\\\/www.eldigitaldeasturias.com\\\/noticias\\\/#website\"},\"breadcrumb\":{\"@id\":\"https:\\\/\\\/www.eldigitaldeasturias.com\\\/noticias\\\/la-policia-llevaba-3-anos-tras-un-yate-con-cocaina-que-asalto-en-el-atlantico\\\/#breadcrumblist\"},\"author\":{\"@id\":\"https:\\\/\\\/www.eldigitaldeasturias.com\\\/noticias\\\/author\\\/admin\\\/#author\"},\"creator\":{\"@id\":\"https:\\\/\\\/www.eldigitaldeasturias.com\\\/noticias\\\/author\\\/admin\\\/#author\"},\"image\":{\"@type\":\"ImageObject\",\"url\":458366,\"@id\":\"https:\\\/\\\/www.eldigitaldeasturias.com\\\/noticias\\\/la-policia-llevaba-3-anos-tras-un-yate-con-cocaina-que-asalto-en-el-atlantico\\\/#mainImage\"},\"primaryImageOfPage\":{\"@id\":\"https:\\\/\\\/www.eldigitaldeasturias.com\\\/noticias\\\/la-policia-llevaba-3-anos-tras-un-yate-con-cocaina-que-asalto-en-el-atlantico\\\/#mainImage\"},\"datePublished\":\"2013-12-05T23:56:23+01:00\",\"dateModified\":\"2013-12-05T23:56:23+01:00\"},{\"@type\":\"WebSite\",\"@id\":\"https:\\\/\\\/www.eldigitaldeasturias.com\\\/noticias\\\/#website\",\"url\":\"https:\\\/\\\/www.eldigitaldeasturias.com\\\/noticias\\\/\",\"name\":\"El Digital de Asturias - Diario de actualidad y noticias\",\"alternateName\":\"El Digital de Asturias - Diario de actualidad y noticias\",\"description\":\"Hemeroteca\",\"inLanguage\":\"es-ES\",\"publisher\":{\"@id\":\"https:\\\/\\\/www.eldigitaldeasturias.com\\\/noticias\\\/#organization\"}}]}\n\t\t<\/script>\n\t\t<!-- All in One SEO Pro -->\r\n\t\t<title>La Polic\u00eda llevaba 3 a\u00f1os tras un yate con coca\u00edna que asalt\u00f3 en el Atl\u00e1ntico - El Digital de Asturias<\/title>\n\n","aioseo_head_json":{"title":"La Polic\u00eda llevaba 3 a\u00f1os tras un yate con coca\u00edna que asalt\u00f3 en el Atl\u00e1ntico - El Digital de Asturias","description":"Las Palmas de Gran Canaria, 5 nov (EFE).- La Polic\u00eda Nacional llevaba ya tres a\u00f1os tras el velero que los GEO han asaltado en el Atl\u00e1ntico cuando transportaba hacia la pen\u00ednsula 550 kilos de coca\u00edna, en una operaci\u00f3n que ha resultado tan larga y laboriosa, que sus propios responsables la han bautizado como \"Martirium\". El","canonical_url":"https:\/\/www.eldigitaldeasturias.com\/noticias\/la-policia-llevaba-3-anos-tras-un-yate-con-cocaina-que-asalto-en-el-atlantico\/","robots":"max-image-preview:large","keywords":"sucesos","webmasterTools":{"google-site-verification":"UA-38556648-1","msvalidate.01":"7dfe9f3f1b24437ab69f4f2559babe99","miscellaneous":""},"schema":{"@context":"https:\/\/schema.org","@graph":[{"@type":"BlogPosting","@id":"https:\/\/www.eldigitaldeasturias.com\/noticias\/la-policia-llevaba-3-anos-tras-un-yate-con-cocaina-que-asalto-en-el-atlantico\/#blogposting","name":"La Polic\u00eda llevaba 3 a\u00f1os tras un yate con coca\u00edna que asalt\u00f3 en el Atl\u00e1ntico - El Digital de Asturias","headline":"La Polic\u00eda llevaba 3 a\u00f1os tras un yate con coca\u00edna que asalt\u00f3 en el Atl\u00e1ntico","author":{"@id":"https:\/\/www.eldigitaldeasturias.com\/noticias\/author\/admin\/#author"},"publisher":{"@id":"https:\/\/www.eldigitaldeasturias.com\/noticias\/#organization"},"image":{"@type":"ImageObject","url":458366},"datePublished":"2013-12-05T23:56:23+01:00","dateModified":"2013-12-05T23:56:23+01:00","inLanguage":"es-ES","mainEntityOfPage":{"@id":"https:\/\/www.eldigitaldeasturias.com\/noticias\/la-policia-llevaba-3-anos-tras-un-yate-con-cocaina-que-asalto-en-el-atlantico\/#webpage"},"isPartOf":{"@id":"https:\/\/www.eldigitaldeasturias.com\/noticias\/la-policia-llevaba-3-anos-tras-un-yate-con-cocaina-que-asalto-en-el-atlantico\/#webpage"},"articleSection":"Sucesos"},{"@type":"BreadcrumbList","@id":"https:\/\/www.eldigitaldeasturias.com\/noticias\/la-policia-llevaba-3-anos-tras-un-yate-con-cocaina-que-asalto-en-el-atlantico\/#breadcrumblist","itemListElement":[{"@type":"ListItem","@id":"https:\/\/www.eldigitaldeasturias.com\/noticias#listItem","position":1,"name":"Home","item":"https:\/\/www.eldigitaldeasturias.com\/noticias","nextItem":{"@type":"ListItem","@id":"https:\/\/www.eldigitaldeasturias.com\/noticias\/category\/sucesos\/#listItem","name":"Sucesos"}},{"@type":"ListItem","@id":"https:\/\/www.eldigitaldeasturias.com\/noticias\/category\/sucesos\/#listItem","position":2,"name":"Sucesos","item":"https:\/\/www.eldigitaldeasturias.com\/noticias\/category\/sucesos\/","nextItem":{"@type":"ListItem","@id":"https:\/\/www.eldigitaldeasturias.com\/noticias\/la-policia-llevaba-3-anos-tras-un-yate-con-cocaina-que-asalto-en-el-atlantico\/#listItem","name":"La Polic\u00eda llevaba 3 a\u00f1os tras un yate con coca\u00edna que asalt\u00f3 en el Atl\u00e1ntico"},"previousItem":{"@type":"ListItem","@id":"https:\/\/www.eldigitaldeasturias.com\/noticias#listItem","name":"Home"}},{"@type":"ListItem","@id":"https:\/\/www.eldigitaldeasturias.com\/noticias\/la-policia-llevaba-3-anos-tras-un-yate-con-cocaina-que-asalto-en-el-atlantico\/#listItem","position":3,"name":"La Polic\u00eda llevaba 3 a\u00f1os tras un yate con coca\u00edna que asalt\u00f3 en el Atl\u00e1ntico","previousItem":{"@type":"ListItem","@id":"https:\/\/www.eldigitaldeasturias.com\/noticias\/category\/sucesos\/#listItem","name":"Sucesos"}}]},{"@type":"Organization","@id":"https:\/\/www.eldigitaldeasturias.com\/noticias\/#organization","name":"El Digital de Asturias","description":"Hemeroteca","url":"https:\/\/www.eldigitaldeasturias.com\/noticias\/","email":"info@eldigitaldeasturias.com","telephone":"+34652131393","logo":{"@type":"ImageObject","url":"https:\/\/www.eldigitaldeasturias.com\/noticias\/wp-content\/uploads\/2020\/12\/EDA.jpg","@id":"https:\/\/www.eldigitaldeasturias.com\/noticias\/la-policia-llevaba-3-anos-tras-un-yate-con-cocaina-que-asalto-en-el-atlantico\/#organizationLogo"},"image":{"@id":"https:\/\/www.eldigitaldeasturias.com\/noticias\/la-policia-llevaba-3-anos-tras-un-yate-con-cocaina-que-asalto-en-el-atlantico\/#organizationLogo"},"sameAs":["https:\/\/facebook.com\/eldigitaldeasturias","https:\/\/www.youtube.com\/channel\/UCZP-2wLEB9Rv6erhFmqVnvg"],"address":{"@id":"https:\/\/www.eldigitaldeasturias.com\/noticias\/#postaladdress","@type":"PostalAddress","streetAddress":"san antonio 4","postalCode":"33430","addressLocality":"Cand\u00e1s","addressRegion":"Asturias","addressCountry":"ES"}},{"@type":"Person","@id":"https:\/\/www.eldigitaldeasturias.com\/noticias\/author\/admin\/#author","url":"https:\/\/www.eldigitaldeasturias.com\/noticias\/author\/admin\/","name":"El Digital de Asturias","image":{"@type":"ImageObject","@id":"https:\/\/www.eldigitaldeasturias.com\/noticias\/la-policia-llevaba-3-anos-tras-un-yate-con-cocaina-que-asalto-en-el-atlantico\/#authorImage","url":"https:\/\/secure.gravatar.com\/avatar\/df2aeffc32bcd13f8d26072ef8a91b623d677766deac7f97ca815868cd41bf5e?s=96&d=mm&r=g","width":96,"height":96,"caption":"El Digital de Asturias"}},{"@type":"WebPage","@id":"https:\/\/www.eldigitaldeasturias.com\/noticias\/la-policia-llevaba-3-anos-tras-un-yate-con-cocaina-que-asalto-en-el-atlantico\/#webpage","url":"https:\/\/www.eldigitaldeasturias.com\/noticias\/la-policia-llevaba-3-anos-tras-un-yate-con-cocaina-que-asalto-en-el-atlantico\/","name":"La Polic\u00eda llevaba 3 a\u00f1os tras un yate con coca\u00edna que asalt\u00f3 en el Atl\u00e1ntico - El Digital de Asturias","description":"Las Palmas de Gran Canaria, 5 nov (EFE).- La Polic\u00eda Nacional llevaba ya tres a\u00f1os tras el velero que los GEO han asaltado en el Atl\u00e1ntico cuando transportaba hacia la pen\u00ednsula 550 kilos de coca\u00edna, en una operaci\u00f3n que ha resultado tan larga y laboriosa, que sus propios responsables la han bautizado como \"Martirium\". El","inLanguage":"es-ES","isPartOf":{"@id":"https:\/\/www.eldigitaldeasturias.com\/noticias\/#website"},"breadcrumb":{"@id":"https:\/\/www.eldigitaldeasturias.com\/noticias\/la-policia-llevaba-3-anos-tras-un-yate-con-cocaina-que-asalto-en-el-atlantico\/#breadcrumblist"},"author":{"@id":"https:\/\/www.eldigitaldeasturias.com\/noticias\/author\/admin\/#author"},"creator":{"@id":"https:\/\/www.eldigitaldeasturias.com\/noticias\/author\/admin\/#author"},"image":{"@type":"ImageObject","url":458366,"@id":"https:\/\/www.eldigitaldeasturias.com\/noticias\/la-policia-llevaba-3-anos-tras-un-yate-con-cocaina-que-asalto-en-el-atlantico\/#mainImage"},"primaryImageOfPage":{"@id":"https:\/\/www.eldigitaldeasturias.com\/noticias\/la-policia-llevaba-3-anos-tras-un-yate-con-cocaina-que-asalto-en-el-atlantico\/#mainImage"},"datePublished":"2013-12-05T23:56:23+01:00","dateModified":"2013-12-05T23:56:23+01:00"},{"@type":"WebSite","@id":"https:\/\/www.eldigitaldeasturias.com\/noticias\/#website","url":"https:\/\/www.eldigitaldeasturias.com\/noticias\/","name":"El Digital de Asturias - Diario de actualidad y noticias","alternateName":"El Digital de Asturias - Diario de actualidad y noticias","description":"Hemeroteca","inLanguage":"es-ES","publisher":{"@id":"https:\/\/www.eldigitaldeasturias.com\/noticias\/#organization"}}]},"og:locale":"es_ES","og:site_name":"El Digital de Asturias","og:type":"article","og:title":"La Polic\u00eda llevaba 3 a\u00f1os tras un yate con coca\u00edna que asalt\u00f3 en el Atl\u00e1ntico - El Digital de Asturias","og:description":"Las Palmas de Gran Canaria, 5 nov (EFE).- La Polic\u00eda Nacional llevaba ya tres a\u00f1os tras el velero que los GEO han asaltado en el Atl\u00e1ntico cuando transportaba hacia la pen\u00ednsula 550 kilos de coca\u00edna, en una operaci\u00f3n que ha resultado tan larga y laboriosa, que sus propios responsables la han bautizado como &quot;Martirium&quot;. El","og:url":"https:\/\/www.eldigitaldeasturias.com\/noticias\/la-policia-llevaba-3-anos-tras-un-yate-con-cocaina-que-asalto-en-el-atlantico\/","article:tag":["sucesos"],"article:published_time":"2013-12-06T00:56:23+00:00","article:modified_time":"2013-12-06T00:56:23+00:00","article:publisher":"https:\/\/facebook.com\/eldigitaldeasturias","twitter:card":"summary_large_image","twitter:title":"La Polic\u00eda llevaba 3 a\u00f1os tras un yate con coca\u00edna que asalt\u00f3 en el Atl\u00e1ntico - El Digital de Asturias","twitter:description":"Las Palmas de Gran Canaria, 5 nov (EFE).- La Polic\u00eda Nacional llevaba ya tres a\u00f1os tras el velero que los GEO han asaltado en el Atl\u00e1ntico cuando transportaba hacia la pen\u00ednsula 550 kilos de coca\u00edna, en una operaci\u00f3n que ha resultado tan larga y laboriosa, que sus propios responsables la han bautizado como &quot;Martirium&quot;. El","twitter:label1":"Escrito por","twitter:data1":"El Digital de Asturias","twitter:label2":"Tiempo de lectura estimado","twitter:data2":"3 minutos"},"aioseo_meta_data":{"post_id":"458365","title":null,"description":null,"keywords":null,"keyphrases":null,"primary_term":null,"canonical_url":null,"og_title":null,"og_description":null,"og_object_type":"default","og_image_type":"default","og_image_url":null,"og_image_width":null,"og_image_height":null,"og_image_custom_url":null,"og_image_custom_fields":null,"og_video":null,"og_custom_url":null,"og_article_section":null,"og_article_tags":null,"twitter_use_og":true,"twitter_card":"default","twitter_image_type":"default","twitter_image_url":null,"twitter_image_custom_url":null,"twitter_image_custom_fields":null,"twitter_title":null,"twitter_description":null,"schema":{"blockGraphs":[],"customGraphs":[],"default":{"data":{"Article":[],"Course":[],"Dataset":[],"FAQPage":[],"Movie":[],"Person":[],"Product":[],"ProductReview":[],"Car":[],"Recipe":[],"Service":[],"SoftwareApplication":[],"WebPage":[]},"graphName":"","isEnabled":true},"graphs":[],"defaultGraph":"","defaultPostTypeGraph":""},"schema_type":null,"schema_type_options":null,"pillar_content":false,"robots_default":true,"robots_noindex":false,"robots_noarchive":false,"robots_nosnippet":false,"robots_nofollow":false,"robots_noimageindex":false,"robots_noodp":false,"robots_notranslate":false,"robots_max_snippet":null,"robots_max_videopreview":null,"robots_max_imagepreview":"none","priority":null,"frequency":null,"local_seo":null,"seo_analyzer_scan_date":"2026-05-30 05:19:27","breadcrumb_settings":null,"limit_modified_date":false,"open_ai":null,"ai":null,"created":"2020-11-14 22:46:17","updated":"2026-05-30 05:19:27","focus_keyword":null,"additional_keywords":null,"truseo_locale":null},"aioseo_breadcrumb":"<div class=\"aioseo-breadcrumbs\"><span class=\"aioseo-breadcrumb\">\n\t<a href=\"https:\/\/www.eldigitaldeasturias.com\/noticias\" title=\"Home\">Home<\/a>\n<\/span><span class=\"aioseo-breadcrumb-separator\">\u2013<\/span><span class=\"aioseo-breadcrumb\">\n\t<a href=\"https:\/\/www.eldigitaldeasturias.com\/noticias\/category\/sucesos\/\" title=\"Sucesos\">Sucesos<\/a>\n<\/span><span class=\"aioseo-breadcrumb-separator\">\u2013<\/span><span class=\"aioseo-breadcrumb\">\n\t<a href=\"https:\/\/www.eldigitaldeasturias.com\/noticias\/la-policia-llevaba-3-anos-tras-un-yate-con-cocaina-que-asalto-en-el-atlantico\/\" title=\"La Polic\u00eda llevaba 3 a\u00f1os tras un yate con coca\u00edna que asalt\u00f3 en el Atl\u00e1ntico\">La Polic\u00eda llevaba 3 a\u00f1os tras un yate con coca\u00edna que asalt\u00f3 en el Atl\u00e1ntico<\/a>\n<\/span><\/div>","aioseo_breadcrumb_json":[{"label":"Home","link":"https:\/\/www.eldigitaldeasturias.com\/noticias"},{"label":"Sucesos","link":"https:\/\/www.eldigitaldeasturias.com\/noticias\/category\/sucesos\/"},{"label":"La Polic\u00eda llevaba 3 a\u00f1os tras un yate con coca\u00edna que asalt\u00f3 en el Atl\u00e1ntico","link":"https:\/\/www.eldigitaldeasturias.com\/noticias\/la-policia-llevaba-3-anos-tras-un-yate-con-cocaina-que-asalto-en-el-atlantico\/"}],"_links":{"self":[{"href":"https:\/\/www.eldigitaldeasturias.com\/noticias\/wp-json\/wp\/v2\/posts\/458365","targetHints":{"allow":["GET"]}}],"collection":[{"href":"https:\/\/www.eldigitaldeasturias.com\/noticias\/wp-json\/wp\/v2\/posts"}],"about":[{"href":"https:\/\/www.eldigitaldeasturias.com\/noticias\/wp-json\/wp\/v2\/types\/post"}],"author":[{"embeddable":true,"href":"https:\/\/www.eldigitaldeasturias.com\/noticias\/wp-json\/wp\/v2\/users\/1"}],"replies":[{"embeddable":true,"href":"https:\/\/www.eldigitaldeasturias.com\/noticias\/wp-json\/wp\/v2\/comments?post=458365"}],"version-history":[{"count":0,"href":"https:\/\/www.eldigitaldeasturias.com\/noticias\/wp-json\/wp\/v2\/posts\/458365\/revisions"}],"wp:attachment":[{"href":"https:\/\/www.eldigitaldeasturias.com\/noticias\/wp-json\/wp\/v2\/media?parent=458365"}],"wp:term":[{"taxonomy":"category","embeddable":true,"href":"https:\/\/www.eldigitaldeasturias.com\/noticias\/wp-json\/wp\/v2\/categories?post=458365"},{"taxonomy":"post_tag","embeddable":true,"href":"https:\/\/www.eldigitaldeasturias.com\/noticias\/wp-json\/wp\/v2\/tags?post=458365"}],"curies":[{"name":"wp","href":"https:\/\/api.w.org\/{rel}","templated":true}]}}