{"id":458325,"date":"2013-12-05T23:35:27","date_gmt":"2013-12-06T00:35:27","guid":{"rendered":"http:\/\/www.eldigitaldeasturias.com\/noticias\/?p=458325"},"modified":"2013-12-05T23:35:27","modified_gmt":"2013-12-06T00:35:27","slug":"barcelona-elegida-capital-europea-del-voluntariado-2014","status":"publish","type":"post","link":"https:\/\/www.eldigitaldeasturias.com\/noticias\/barcelona-elegida-capital-europea-del-voluntariado-2014\/","title":{"rendered":"Barcelona, elegida Capital Europea del Voluntariado 2014"},"content":{"rendered":"<p><img loading=\"lazy\" decoding=\"async\" class=\"alignleft size-medium wp-image-458326\" alt=\"5774244w\" src=\"https:\/\/www.eldigitaldeasturias.com\/noticias\/wp-content\/uploads\/2013\/12\/5774244w-360x258.jpg\" width=\"360\" height=\"258\" \/>Barcelona, 5 dic (EFE).- Barcelona ha sido elegida hoy por el Parlamento Europeo Capital Europea del Voluntariado 2014, frente a otras ciudades que compet\u00edan por esta nominaci\u00f3n, Guimaraes (Portugal) y Rennes y Laval (Francia), ha informado el Ayuntamiento de la capital catalana.<\/p>\n<p>El anuncio se ha hecho esta ma\u00f1ana en un acto celebrado en el Parlamento Europeo en Bruselas, coincidiendo con la celebraci\u00f3n del D\u00eda Internacional del Voluntariado.<\/p>\n<p>El alcalde de Barcelona, Xavier Trias, y la consellera de Bienestar Social y Familia, Neus Munt\u00e9, han mostrado su satisfacci\u00f3n por este nombramiento, que han calificado de \u00abreconocimiento a la fuerza del voluntariado y a la solidaridad de los catalanes y las catalanas\u00bb.<\/p>\n<p>El pasado 3 de octubre, el Ayuntamiento de Barcelona y el Departamento de Bienestar Social y Familia de la Generalitat defendieron conjuntamente la candidatura de la capital catalana para promover el voluntariado en el \u00e1mbito local, en la Conferencia anual del Centro Europeo del Voluntariado (CVE), la organizaci\u00f3n que promueve esta convocatoria por primera vez.<\/p>\n<p>Para la preparaci\u00f3n de la candidatura, Barcelona ha contado con la colaboraci\u00f3n de la Federaci\u00f3n Catalana de Voluntariado Social (FCVS), la Federaci\u00f3n de Voluntarios de La Caixa (FASVOL) y el apoyo de m\u00e1s de un centenar de entidades e instituciones, seg\u00fan las fuentes del consistorio barcelon\u00e9s.<\/p>\n<p>Xavier Trias ha valorado la nominaci\u00f3n de Barcelona y ha querido compartir esta noticia, \u00abque llena a la ciudad de orgullo\u00bb, con las entidades y las personas sensibilizadas con la participaci\u00f3n en Barcelona.<\/p>\n<p>\u00abSi en 2014 Barcelona ser\u00e1 la Capital Europea del Voluntariado, sobre todo por la generosidad y esp\u00edritu solidario que transmiten los voluntarios y voluntarias de nuestra ciudad. Una riqueza social que agradecemos y que durante todo el 2014 reconoceremos\u00bb, ha asegurado el alcalde.<\/p>\n<p>Trias se ha mostrado convencido de que esta capitalidad servir\u00e1 para \u00abcompartir experiencias y entusiasmo para participar en la creaci\u00f3n de la Barcelona de las personas, una Barcelona que se construye con la suma de muchos actos de solidaridad y responsabilidad social\u00bb.<\/p>\n<p>Por su parte, la consellera de Bienestar Social y Familia ha explicado que \u00abse present\u00f3 esta candidatura desde el convencimiento de que el voluntariado mejora la sociedad y mejora los propios voluntarios\u00bb.<\/p>\n","protected":false},"excerpt":{"rendered":"<p>Barcelona, 5 dic (EFE).- Barcelona ha sido elegida hoy por el Parlamento Europeo Capital Europea del Voluntariado 2014, frente a otras ciudades que compet\u00edan por esta nominaci\u00f3n, Guimaraes (Portugal) y Rennes y Laval (Francia), ha informado el Ayuntamiento de la capital catalana. El anuncio se ha hecho esta ma\u00f1ana en un acto celebrado en el [&hellip;]<\/p>\n","protected":false},"author":1,"featured_media":458326,"comment_status":"closed","ping_status":"open","sticky":false,"template":"","format":"standard","meta":{"footnotes":""},"categories":[28],"tags":[],"class_list":["post-458325","post","type-post","status-publish","format-standard","has-post-thumbnail","hentry","category-sociedad"],"aioseo_notices":[],"aioseo_head":"\n\t\t<!-- All in One SEO Pro 5.0.1 - aioseo.com -->\n\t<meta name=\"description\" content=\"Barcelona, 5 dic (EFE).- Barcelona ha sido elegida hoy por el Parlamento Europeo Capital Europea del Voluntariado 2014, frente a otras ciudades que compet\u00edan por esta nominaci\u00f3n, Guimaraes (Portugal) y Rennes y Laval (Francia), ha informado el Ayuntamiento de la capital catalana. El anuncio se ha hecho esta ma\u00f1ana en un acto celebrado en el\" \/>\n\t<meta name=\"robots\" content=\"max-image-preview:large\" \/>\n\t<meta name=\"author\" content=\"El Digital de Asturias\"\/>\n\t<meta name=\"google-site-verification\" content=\"UA-38556648-1\" \/>\n\t<meta name=\"msvalidate.01\" content=\"7dfe9f3f1b24437ab69f4f2559babe99\" \/>\n\t<meta name=\"keywords\" content=\"sociedad\" \/>\n\t<link rel=\"canonical\" href=\"https:\/\/www.eldigitaldeasturias.com\/noticias\/barcelona-elegida-capital-europea-del-voluntariado-2014\/\" \/>\n\t<meta name=\"generator\" content=\"All in One SEO Pro (AIOSEO) 5.0.1\" \/>\n\t\t<meta property=\"og:locale\" content=\"es_ES\" \/>\n\t\t<meta property=\"og:site_name\" content=\"El Digital de Asturias\" \/>\n\t\t<meta property=\"og:type\" content=\"article\" \/>\n\t\t<meta property=\"og:title\" content=\"Barcelona, elegida Capital Europea del Voluntariado 2014 - El Digital de Asturias\" \/>\n\t\t<meta property=\"og:description\" content=\"Barcelona, 5 dic (EFE).- Barcelona ha sido elegida hoy por el Parlamento Europeo Capital Europea del Voluntariado 2014, frente a otras ciudades que compet\u00edan por esta nominaci\u00f3n, Guimaraes (Portugal) y Rennes y Laval (Francia), ha informado el Ayuntamiento de la capital catalana. El anuncio se ha hecho esta ma\u00f1ana en un acto celebrado en el\" \/>\n\t\t<meta property=\"og:url\" content=\"https:\/\/www.eldigitaldeasturias.com\/noticias\/barcelona-elegida-capital-europea-del-voluntariado-2014\/\" \/>\n\t\t<meta property=\"article:tag\" content=\"sociedad\" \/>\n\t\t<meta property=\"article:published_time\" content=\"2013-12-06T00:35:27+00:00\" \/>\n\t\t<meta property=\"article:modified_time\" content=\"2013-12-06T00:35:27+00:00\" \/>\n\t\t<meta property=\"article:publisher\" content=\"https:\/\/facebook.com\/eldigitaldeasturias\" \/>\n\t\t<meta name=\"twitter:card\" content=\"summary_large_image\" \/>\n\t\t<meta name=\"twitter:title\" content=\"Barcelona, elegida Capital Europea del Voluntariado 2014 - El Digital de Asturias\" \/>\n\t\t<meta name=\"twitter:description\" content=\"Barcelona, 5 dic (EFE).- Barcelona ha sido elegida hoy por el Parlamento Europeo Capital Europea del Voluntariado 2014, frente a otras ciudades que compet\u00edan por esta nominaci\u00f3n, Guimaraes (Portugal) y Rennes y Laval (Francia), ha informado el Ayuntamiento de la capital catalana. El anuncio se ha hecho esta ma\u00f1ana en un acto celebrado en el\" \/>\n\t\t<meta name=\"twitter:label1\" content=\"Escrito por\" \/>\n\t\t<meta name=\"twitter:data1\" content=\"El Digital de Asturias\" \/>\n\t\t<meta name=\"twitter:label2\" content=\"Tiempo de lectura estimado\" \/>\n\t\t<meta name=\"twitter:data2\" content=\"2 minutos\" \/>\n\t\t<script type=\"application\/ld+json\" class=\"aioseo-schema\">\n\t\t\t{\"@context\":\"https:\\\/\\\/schema.org\",\"@graph\":[{\"@type\":\"BlogPosting\",\"@id\":\"https:\\\/\\\/www.eldigitaldeasturias.com\\\/noticias\\\/barcelona-elegida-capital-europea-del-voluntariado-2014\\\/#blogposting\",\"name\":\"Barcelona, elegida Capital Europea del Voluntariado 2014 - El Digital de Asturias\",\"headline\":\"Barcelona, elegida Capital Europea del Voluntariado 2014\",\"author\":{\"@id\":\"https:\\\/\\\/www.eldigitaldeasturias.com\\\/noticias\\\/author\\\/admin\\\/#author\"},\"publisher\":{\"@id\":\"https:\\\/\\\/www.eldigitaldeasturias.com\\\/noticias\\\/#organization\"},\"image\":{\"@type\":\"ImageObject\",\"url\":458326},\"datePublished\":\"2013-12-05T23:35:27+01:00\",\"dateModified\":\"2013-12-05T23:35:27+01:00\",\"inLanguage\":\"es-ES\",\"mainEntityOfPage\":{\"@id\":\"https:\\\/\\\/www.eldigitaldeasturias.com\\\/noticias\\\/barcelona-elegida-capital-europea-del-voluntariado-2014\\\/#webpage\"},\"isPartOf\":{\"@id\":\"https:\\\/\\\/www.eldigitaldeasturias.com\\\/noticias\\\/barcelona-elegida-capital-europea-del-voluntariado-2014\\\/#webpage\"},\"articleSection\":\"Sociedad\"},{\"@type\":\"BreadcrumbList\",\"@id\":\"https:\\\/\\\/www.eldigitaldeasturias.com\\\/noticias\\\/barcelona-elegida-capital-europea-del-voluntariado-2014\\\/#breadcrumblist\",\"itemListElement\":[{\"@type\":\"ListItem\",\"@id\":\"https:\\\/\\\/www.eldigitaldeasturias.com\\\/noticias#listItem\",\"position\":1,\"name\":\"Home\",\"item\":\"https:\\\/\\\/www.eldigitaldeasturias.com\\\/noticias\",\"nextItem\":{\"@type\":\"ListItem\",\"@id\":\"https:\\\/\\\/www.eldigitaldeasturias.com\\\/noticias\\\/category\\\/sociedad\\\/#listItem\",\"name\":\"Sociedad\"}},{\"@type\":\"ListItem\",\"@id\":\"https:\\\/\\\/www.eldigitaldeasturias.com\\\/noticias\\\/category\\\/sociedad\\\/#listItem\",\"position\":2,\"name\":\"Sociedad\",\"item\":\"https:\\\/\\\/www.eldigitaldeasturias.com\\\/noticias\\\/category\\\/sociedad\\\/\",\"nextItem\":{\"@type\":\"ListItem\",\"@id\":\"https:\\\/\\\/www.eldigitaldeasturias.com\\\/noticias\\\/barcelona-elegida-capital-europea-del-voluntariado-2014\\\/#listItem\",\"name\":\"Barcelona, elegida Capital Europea del Voluntariado 2014\"},\"previousItem\":{\"@type\":\"ListItem\",\"@id\":\"https:\\\/\\\/www.eldigitaldeasturias.com\\\/noticias#listItem\",\"name\":\"Home\"}},{\"@type\":\"ListItem\",\"@id\":\"https:\\\/\\\/www.eldigitaldeasturias.com\\\/noticias\\\/barcelona-elegida-capital-europea-del-voluntariado-2014\\\/#listItem\",\"position\":3,\"name\":\"Barcelona, elegida Capital Europea del Voluntariado 2014\",\"previousItem\":{\"@type\":\"ListItem\",\"@id\":\"https:\\\/\\\/www.eldigitaldeasturias.com\\\/noticias\\\/category\\\/sociedad\\\/#listItem\",\"name\":\"Sociedad\"}}]},{\"@type\":\"Organization\",\"@id\":\"https:\\\/\\\/www.eldigitaldeasturias.com\\\/noticias\\\/#organization\",\"name\":\"El Digital de Asturias\",\"description\":\"Hemeroteca\",\"url\":\"https:\\\/\\\/www.eldigitaldeasturias.com\\\/noticias\\\/\",\"email\":\"info@eldigitaldeasturias.com\",\"telephone\":\"+34652131393\",\"logo\":{\"@type\":\"ImageObject\",\"url\":\"https:\\\/\\\/www.eldigitaldeasturias.com\\\/noticias\\\/wp-content\\\/uploads\\\/2020\\\/12\\\/EDA.jpg\",\"@id\":\"https:\\\/\\\/www.eldigitaldeasturias.com\\\/noticias\\\/barcelona-elegida-capital-europea-del-voluntariado-2014\\\/#organizationLogo\"},\"image\":{\"@id\":\"https:\\\/\\\/www.eldigitaldeasturias.com\\\/noticias\\\/barcelona-elegida-capital-europea-del-voluntariado-2014\\\/#organizationLogo\"},\"sameAs\":[\"https:\\\/\\\/facebook.com\\\/eldigitaldeasturias\",\"https:\\\/\\\/www.youtube.com\\\/channel\\\/UCZP-2wLEB9Rv6erhFmqVnvg\"],\"address\":{\"@id\":\"https:\\\/\\\/www.eldigitaldeasturias.com\\\/noticias\\\/#postaladdress\",\"@type\":\"PostalAddress\",\"streetAddress\":\"san antonio 4\",\"postalCode\":\"33430\",\"addressLocality\":\"Cand\\u00e1s\",\"addressRegion\":\"Asturias\",\"addressCountry\":\"ES\"}},{\"@type\":\"Person\",\"@id\":\"https:\\\/\\\/www.eldigitaldeasturias.com\\\/noticias\\\/author\\\/admin\\\/#author\",\"url\":\"https:\\\/\\\/www.eldigitaldeasturias.com\\\/noticias\\\/author\\\/admin\\\/\",\"name\":\"El Digital de Asturias\",\"image\":{\"@type\":\"ImageObject\",\"@id\":\"https:\\\/\\\/www.eldigitaldeasturias.com\\\/noticias\\\/barcelona-elegida-capital-europea-del-voluntariado-2014\\\/#authorImage\",\"url\":\"https:\\\/\\\/secure.gravatar.com\\\/avatar\\\/df2aeffc32bcd13f8d26072ef8a91b623d677766deac7f97ca815868cd41bf5e?s=96&d=mm&r=g\",\"width\":96,\"height\":96,\"caption\":\"El Digital de Asturias\"}},{\"@type\":\"WebPage\",\"@id\":\"https:\\\/\\\/www.eldigitaldeasturias.com\\\/noticias\\\/barcelona-elegida-capital-europea-del-voluntariado-2014\\\/#webpage\",\"url\":\"https:\\\/\\\/www.eldigitaldeasturias.com\\\/noticias\\\/barcelona-elegida-capital-europea-del-voluntariado-2014\\\/\",\"name\":\"Barcelona, elegida Capital Europea del Voluntariado 2014 - El Digital de Asturias\",\"description\":\"Barcelona, 5 dic (EFE).- Barcelona ha sido elegida hoy por el Parlamento Europeo Capital Europea del Voluntariado 2014, frente a otras ciudades que compet\\u00edan por esta nominaci\\u00f3n, Guimaraes (Portugal) y Rennes y Laval (Francia), ha informado el Ayuntamiento de la capital catalana. El anuncio se ha hecho esta ma\\u00f1ana en un acto celebrado en el\",\"inLanguage\":\"es-ES\",\"isPartOf\":{\"@id\":\"https:\\\/\\\/www.eldigitaldeasturias.com\\\/noticias\\\/#website\"},\"breadcrumb\":{\"@id\":\"https:\\\/\\\/www.eldigitaldeasturias.com\\\/noticias\\\/barcelona-elegida-capital-europea-del-voluntariado-2014\\\/#breadcrumblist\"},\"author\":{\"@id\":\"https:\\\/\\\/www.eldigitaldeasturias.com\\\/noticias\\\/author\\\/admin\\\/#author\"},\"creator\":{\"@id\":\"https:\\\/\\\/www.eldigitaldeasturias.com\\\/noticias\\\/author\\\/admin\\\/#author\"},\"image\":{\"@type\":\"ImageObject\",\"url\":458326,\"@id\":\"https:\\\/\\\/www.eldigitaldeasturias.com\\\/noticias\\\/barcelona-elegida-capital-europea-del-voluntariado-2014\\\/#mainImage\"},\"primaryImageOfPage\":{\"@id\":\"https:\\\/\\\/www.eldigitaldeasturias.com\\\/noticias\\\/barcelona-elegida-capital-europea-del-voluntariado-2014\\\/#mainImage\"},\"datePublished\":\"2013-12-05T23:35:27+01:00\",\"dateModified\":\"2013-12-05T23:35:27+01:00\"},{\"@type\":\"WebSite\",\"@id\":\"https:\\\/\\\/www.eldigitaldeasturias.com\\\/noticias\\\/#website\",\"url\":\"https:\\\/\\\/www.eldigitaldeasturias.com\\\/noticias\\\/\",\"name\":\"El Digital de Asturias - Diario de actualidad y noticias\",\"alternateName\":\"El Digital de Asturias - Diario de actualidad y noticias\",\"description\":\"Hemeroteca\",\"inLanguage\":\"es-ES\",\"publisher\":{\"@id\":\"https:\\\/\\\/www.eldigitaldeasturias.com\\\/noticias\\\/#organization\"}}]}\n\t\t<\/script>\n\t\t<!-- All in One SEO Pro -->\r\n\t\t<title>Barcelona, elegida Capital Europea del Voluntariado 2014 - El Digital de Asturias<\/title>\n\n","aioseo_head_json":{"title":"Barcelona, elegida Capital Europea del Voluntariado 2014 - El Digital de Asturias","description":"Barcelona, 5 dic (EFE).- Barcelona ha sido elegida hoy por el Parlamento Europeo Capital Europea del Voluntariado 2014, frente a otras ciudades que compet\u00edan por esta nominaci\u00f3n, Guimaraes (Portugal) y Rennes y Laval (Francia), ha informado el Ayuntamiento de la capital catalana. El anuncio se ha hecho esta ma\u00f1ana en un acto celebrado en el","canonical_url":"https:\/\/www.eldigitaldeasturias.com\/noticias\/barcelona-elegida-capital-europea-del-voluntariado-2014\/","robots":"max-image-preview:large","keywords":"sociedad","webmasterTools":{"google-site-verification":"UA-38556648-1","msvalidate.01":"7dfe9f3f1b24437ab69f4f2559babe99","miscellaneous":""},"schema":{"@context":"https:\/\/schema.org","@graph":[{"@type":"BlogPosting","@id":"https:\/\/www.eldigitaldeasturias.com\/noticias\/barcelona-elegida-capital-europea-del-voluntariado-2014\/#blogposting","name":"Barcelona, elegida Capital Europea del Voluntariado 2014 - El Digital de Asturias","headline":"Barcelona, elegida Capital Europea del Voluntariado 2014","author":{"@id":"https:\/\/www.eldigitaldeasturias.com\/noticias\/author\/admin\/#author"},"publisher":{"@id":"https:\/\/www.eldigitaldeasturias.com\/noticias\/#organization"},"image":{"@type":"ImageObject","url":458326},"datePublished":"2013-12-05T23:35:27+01:00","dateModified":"2013-12-05T23:35:27+01:00","inLanguage":"es-ES","mainEntityOfPage":{"@id":"https:\/\/www.eldigitaldeasturias.com\/noticias\/barcelona-elegida-capital-europea-del-voluntariado-2014\/#webpage"},"isPartOf":{"@id":"https:\/\/www.eldigitaldeasturias.com\/noticias\/barcelona-elegida-capital-europea-del-voluntariado-2014\/#webpage"},"articleSection":"Sociedad"},{"@type":"BreadcrumbList","@id":"https:\/\/www.eldigitaldeasturias.com\/noticias\/barcelona-elegida-capital-europea-del-voluntariado-2014\/#breadcrumblist","itemListElement":[{"@type":"ListItem","@id":"https:\/\/www.eldigitaldeasturias.com\/noticias#listItem","position":1,"name":"Home","item":"https:\/\/www.eldigitaldeasturias.com\/noticias","nextItem":{"@type":"ListItem","@id":"https:\/\/www.eldigitaldeasturias.com\/noticias\/category\/sociedad\/#listItem","name":"Sociedad"}},{"@type":"ListItem","@id":"https:\/\/www.eldigitaldeasturias.com\/noticias\/category\/sociedad\/#listItem","position":2,"name":"Sociedad","item":"https:\/\/www.eldigitaldeasturias.com\/noticias\/category\/sociedad\/","nextItem":{"@type":"ListItem","@id":"https:\/\/www.eldigitaldeasturias.com\/noticias\/barcelona-elegida-capital-europea-del-voluntariado-2014\/#listItem","name":"Barcelona, elegida Capital Europea del Voluntariado 2014"},"previousItem":{"@type":"ListItem","@id":"https:\/\/www.eldigitaldeasturias.com\/noticias#listItem","name":"Home"}},{"@type":"ListItem","@id":"https:\/\/www.eldigitaldeasturias.com\/noticias\/barcelona-elegida-capital-europea-del-voluntariado-2014\/#listItem","position":3,"name":"Barcelona, elegida Capital Europea del Voluntariado 2014","previousItem":{"@type":"ListItem","@id":"https:\/\/www.eldigitaldeasturias.com\/noticias\/category\/sociedad\/#listItem","name":"Sociedad"}}]},{"@type":"Organization","@id":"https:\/\/www.eldigitaldeasturias.com\/noticias\/#organization","name":"El Digital de Asturias","description":"Hemeroteca","url":"https:\/\/www.eldigitaldeasturias.com\/noticias\/","email":"info@eldigitaldeasturias.com","telephone":"+34652131393","logo":{"@type":"ImageObject","url":"https:\/\/www.eldigitaldeasturias.com\/noticias\/wp-content\/uploads\/2020\/12\/EDA.jpg","@id":"https:\/\/www.eldigitaldeasturias.com\/noticias\/barcelona-elegida-capital-europea-del-voluntariado-2014\/#organizationLogo"},"image":{"@id":"https:\/\/www.eldigitaldeasturias.com\/noticias\/barcelona-elegida-capital-europea-del-voluntariado-2014\/#organizationLogo"},"sameAs":["https:\/\/facebook.com\/eldigitaldeasturias","https:\/\/www.youtube.com\/channel\/UCZP-2wLEB9Rv6erhFmqVnvg"],"address":{"@id":"https:\/\/www.eldigitaldeasturias.com\/noticias\/#postaladdress","@type":"PostalAddress","streetAddress":"san antonio 4","postalCode":"33430","addressLocality":"Cand\u00e1s","addressRegion":"Asturias","addressCountry":"ES"}},{"@type":"Person","@id":"https:\/\/www.eldigitaldeasturias.com\/noticias\/author\/admin\/#author","url":"https:\/\/www.eldigitaldeasturias.com\/noticias\/author\/admin\/","name":"El Digital de Asturias","image":{"@type":"ImageObject","@id":"https:\/\/www.eldigitaldeasturias.com\/noticias\/barcelona-elegida-capital-europea-del-voluntariado-2014\/#authorImage","url":"https:\/\/secure.gravatar.com\/avatar\/df2aeffc32bcd13f8d26072ef8a91b623d677766deac7f97ca815868cd41bf5e?s=96&d=mm&r=g","width":96,"height":96,"caption":"El Digital de Asturias"}},{"@type":"WebPage","@id":"https:\/\/www.eldigitaldeasturias.com\/noticias\/barcelona-elegida-capital-europea-del-voluntariado-2014\/#webpage","url":"https:\/\/www.eldigitaldeasturias.com\/noticias\/barcelona-elegida-capital-europea-del-voluntariado-2014\/","name":"Barcelona, elegida Capital Europea del Voluntariado 2014 - El Digital de Asturias","description":"Barcelona, 5 dic (EFE).- Barcelona ha sido elegida hoy por el Parlamento Europeo Capital Europea del Voluntariado 2014, frente a otras ciudades que compet\u00edan por esta nominaci\u00f3n, Guimaraes (Portugal) y Rennes y Laval (Francia), ha informado el Ayuntamiento de la capital catalana. El anuncio se ha hecho esta ma\u00f1ana en un acto celebrado en el","inLanguage":"es-ES","isPartOf":{"@id":"https:\/\/www.eldigitaldeasturias.com\/noticias\/#website"},"breadcrumb":{"@id":"https:\/\/www.eldigitaldeasturias.com\/noticias\/barcelona-elegida-capital-europea-del-voluntariado-2014\/#breadcrumblist"},"author":{"@id":"https:\/\/www.eldigitaldeasturias.com\/noticias\/author\/admin\/#author"},"creator":{"@id":"https:\/\/www.eldigitaldeasturias.com\/noticias\/author\/admin\/#author"},"image":{"@type":"ImageObject","url":458326,"@id":"https:\/\/www.eldigitaldeasturias.com\/noticias\/barcelona-elegida-capital-europea-del-voluntariado-2014\/#mainImage"},"primaryImageOfPage":{"@id":"https:\/\/www.eldigitaldeasturias.com\/noticias\/barcelona-elegida-capital-europea-del-voluntariado-2014\/#mainImage"},"datePublished":"2013-12-05T23:35:27+01:00","dateModified":"2013-12-05T23:35:27+01:00"},{"@type":"WebSite","@id":"https:\/\/www.eldigitaldeasturias.com\/noticias\/#website","url":"https:\/\/www.eldigitaldeasturias.com\/noticias\/","name":"El Digital de Asturias - Diario de actualidad y noticias","alternateName":"El Digital de Asturias - Diario de actualidad y noticias","description":"Hemeroteca","inLanguage":"es-ES","publisher":{"@id":"https:\/\/www.eldigitaldeasturias.com\/noticias\/#organization"}}]},"og:locale":"es_ES","og:site_name":"El Digital de Asturias","og:type":"article","og:title":"Barcelona, elegida Capital Europea del Voluntariado 2014 - El Digital de Asturias","og:description":"Barcelona, 5 dic (EFE).- Barcelona ha sido elegida hoy por el Parlamento Europeo Capital Europea del Voluntariado 2014, frente a otras ciudades que compet\u00edan por esta nominaci\u00f3n, Guimaraes (Portugal) y Rennes y Laval (Francia), ha informado el Ayuntamiento de la capital catalana. El anuncio se ha hecho esta ma\u00f1ana en un acto celebrado en el","og:url":"https:\/\/www.eldigitaldeasturias.com\/noticias\/barcelona-elegida-capital-europea-del-voluntariado-2014\/","article:tag":["sociedad"],"article:published_time":"2013-12-06T00:35:27+00:00","article:modified_time":"2013-12-06T00:35:27+00:00","article:publisher":"https:\/\/facebook.com\/eldigitaldeasturias","twitter:card":"summary_large_image","twitter:title":"Barcelona, elegida Capital Europea del Voluntariado 2014 - El Digital de Asturias","twitter:description":"Barcelona, 5 dic (EFE).- Barcelona ha sido elegida hoy por el Parlamento Europeo Capital Europea del Voluntariado 2014, frente a otras ciudades que compet\u00edan por esta nominaci\u00f3n, Guimaraes (Portugal) y Rennes y Laval (Francia), ha informado el Ayuntamiento de la capital catalana. El anuncio se ha hecho esta ma\u00f1ana en un acto celebrado en el","twitter:label1":"Escrito por","twitter:data1":"El Digital de Asturias","twitter:label2":"Tiempo de lectura estimado","twitter:data2":"2 minutos"},"aioseo_meta_data":{"post_id":"458325","title":null,"description":null,"keywords":null,"keyphrases":null,"primary_term":null,"canonical_url":null,"og_title":null,"og_description":null,"og_object_type":"default","og_image_type":"default","og_image_url":null,"og_image_width":null,"og_image_height":null,"og_image_custom_url":null,"og_image_custom_fields":null,"og_video":null,"og_custom_url":null,"og_article_section":null,"og_article_tags":null,"twitter_use_og":true,"twitter_card":"default","twitter_image_type":"default","twitter_image_url":null,"twitter_image_custom_url":null,"twitter_image_custom_fields":null,"twitter_title":null,"twitter_description":null,"schema":{"blockGraphs":[],"customGraphs":[],"default":{"data":{"Article":[],"Course":[],"Dataset":[],"FAQPage":[],"Movie":[],"Person":[],"Product":[],"ProductReview":[],"Car":[],"Recipe":[],"Service":[],"SoftwareApplication":[],"WebPage":[]},"graphName":"","isEnabled":true},"graphs":[],"defaultGraph":"","defaultPostTypeGraph":""},"schema_type":null,"schema_type_options":null,"pillar_content":false,"robots_default":true,"robots_noindex":false,"robots_noarchive":false,"robots_nosnippet":false,"robots_nofollow":false,"robots_noimageindex":false,"robots_noodp":false,"robots_notranslate":false,"robots_max_snippet":null,"robots_max_videopreview":null,"robots_max_imagepreview":"none","priority":null,"frequency":null,"local_seo":null,"seo_analyzer_scan_date":"2026-05-30 05:13:10","breadcrumb_settings":null,"limit_modified_date":false,"open_ai":null,"ai":null,"created":"2020-11-14 22:46:17","updated":"2026-05-30 05:13:10","focus_keyword":null,"additional_keywords":null,"truseo_locale":null},"aioseo_breadcrumb":"<div class=\"aioseo-breadcrumbs\"><span class=\"aioseo-breadcrumb\">\n\t<a href=\"https:\/\/www.eldigitaldeasturias.com\/noticias\" title=\"Home\">Home<\/a>\n<\/span><span class=\"aioseo-breadcrumb-separator\">\u2013<\/span><span class=\"aioseo-breadcrumb\">\n\t<a href=\"https:\/\/www.eldigitaldeasturias.com\/noticias\/category\/sociedad\/\" title=\"Sociedad\">Sociedad<\/a>\n<\/span><span class=\"aioseo-breadcrumb-separator\">\u2013<\/span><span class=\"aioseo-breadcrumb\">\n\t<a href=\"https:\/\/www.eldigitaldeasturias.com\/noticias\/barcelona-elegida-capital-europea-del-voluntariado-2014\/\" title=\"Barcelona, elegida Capital Europea del Voluntariado 2014\">Barcelona, elegida Capital Europea del Voluntariado 2014<\/a>\n<\/span><\/div>","aioseo_breadcrumb_json":[{"label":"Home","link":"https:\/\/www.eldigitaldeasturias.com\/noticias"},{"label":"Sociedad","link":"https:\/\/www.eldigitaldeasturias.com\/noticias\/category\/sociedad\/"},{"label":"Barcelona, elegida Capital Europea del Voluntariado 2014","link":"https:\/\/www.eldigitaldeasturias.com\/noticias\/barcelona-elegida-capital-europea-del-voluntariado-2014\/"}],"_links":{"self":[{"href":"https:\/\/www.eldigitaldeasturias.com\/noticias\/wp-json\/wp\/v2\/posts\/458325","targetHints":{"allow":["GET"]}}],"collection":[{"href":"https:\/\/www.eldigitaldeasturias.com\/noticias\/wp-json\/wp\/v2\/posts"}],"about":[{"href":"https:\/\/www.eldigitaldeasturias.com\/noticias\/wp-json\/wp\/v2\/types\/post"}],"author":[{"embeddable":true,"href":"https:\/\/www.eldigitaldeasturias.com\/noticias\/wp-json\/wp\/v2\/users\/1"}],"replies":[{"embeddable":true,"href":"https:\/\/www.eldigitaldeasturias.com\/noticias\/wp-json\/wp\/v2\/comments?post=458325"}],"version-history":[{"count":0,"href":"https:\/\/www.eldigitaldeasturias.com\/noticias\/wp-json\/wp\/v2\/posts\/458325\/revisions"}],"wp:attachment":[{"href":"https:\/\/www.eldigitaldeasturias.com\/noticias\/wp-json\/wp\/v2\/media?parent=458325"}],"wp:term":[{"taxonomy":"category","embeddable":true,"href":"https:\/\/www.eldigitaldeasturias.com\/noticias\/wp-json\/wp\/v2\/categories?post=458325"},{"taxonomy":"post_tag","embeddable":true,"href":"https:\/\/www.eldigitaldeasturias.com\/noticias\/wp-json\/wp\/v2\/tags?post=458325"}],"curies":[{"name":"wp","href":"https:\/\/api.w.org\/{rel}","templated":true}]}}