{"id":458256,"date":"2013-12-05T22:29:21","date_gmt":"2013-12-05T23:29:21","guid":{"rendered":"http:\/\/www.eldigitaldeasturias.com\/noticias\/?p=458256"},"modified":"2013-12-05T22:29:22","modified_gmt":"2013-12-05T23:29:22","slug":"el-cirque-du-soleil-presentara-kooza-en-portaventura","status":"publish","type":"post","link":"https:\/\/www.eldigitaldeasturias.com\/noticias\/el-cirque-du-soleil-presentara-kooza-en-portaventura\/","title":{"rendered":"El Cirque du Soleil presentar\u00e1 \u00abKooza\u00bb en PortAventura"},"content":{"rendered":"<p><img loading=\"lazy\" decoding=\"async\" class=\"alignleft size-medium wp-image-458257\" alt=\"5774209w\" src=\"https:\/\/www.eldigitaldeasturias.com\/noticias\/wp-content\/uploads\/2013\/12\/5774209w-360x239.jpg\" width=\"360\" height=\"239\" \/>Salou\/Vila-seca (Tarragona), 5 dic (EFE).- El Cirque du Soleil presentar\u00e1 su espect\u00e1culo \u00abKooza\u00bb en PortAventura el pr\u00f3ximo verano tras el acuerdo firmado por ambas empresas, con lo que m\u00e1s de 2.400 personas podr\u00e1n asistir cada d\u00eda durante los meses de verano a esta representaci\u00f3n.<\/p>\n<p>Seg\u00fan ha informado hoy PortAventura, el \u00abresort\u00bb ser\u00e1 el primero de Europa en acoger un espect\u00e1culo de Cirque du Soleil, lo que para el parque representa un paso m\u00e1s en su estrategia de crear cada a\u00f1o nuevos referentes a nivel internacional para seguir incrementando el turismo extranjero.<\/p>\n<p>El presidente del comit\u00e9 ejecutivo de PortAventura, Sergio Feder, ha asegurado que est\u00e1n orgullosos de dar la bienvenida a Cirque du Soleil este verano porque, sin duda, ser\u00e1 \u00abun paso adelante en la consolidaci\u00f3n de Port Aventura como \u00ab&#8216;resort&#8217; l\u00edder de Europa\u00bb.<\/p>\n<p>Por su parte, uno de los representantes de Cirque du Soleil, Finn Taylor, ha asegurado que este acuerdo \u00abser\u00e1 una sinergia\u00bb que permitir\u00e1 entretener y divertir a los millones de visitantes que tiene el parque y al mismo tiempo llegar a sus fans.<\/p>\n<p>Seg\u00fan fuentes cercanas a esta operaci\u00f3n, si el resultado es positivo, el Cirque du Solei podr\u00eda instalarse cuatro o cinco a\u00f1os de manera permanente en el parque de la Costa Dorada.<\/p>\n<p>\u00abKooza\u00bb cuenta la historia de Innocent, un solitario melanc\u00f3lico que busca su lugar en el mundo en un espect\u00e1culo, el cual re\u00fane dos tradiciones circenses, las actuaciones acrob\u00e1ticas y el arte de los payasos.<\/p>\n<p>La compa\u00f1\u00eda canadiense Cirque du Soleil es un referente de la escena internacional que desde su creaci\u00f3n en 1984 ha buscado constantemente seducir a la imaginaci\u00f3n, estimular los sentidos y apelar a las emociones de espectadores.<\/p>\n<p>A lo largo de estos 30 a\u00f1os, m\u00e1s de 100 millones de espectadores han asistido a sus espect\u00e1culos convirti\u00e9ndolos en la compa\u00f1\u00eda teatral de m\u00e1s \u00e9xito del mundo.<\/p>\n<p>En la actualidad, el Cirque du Soleil est\u00e1 desarrollando 19 espect\u00e1culos en las principales ciudades del mundo como Par\u00eds, Nueva York, Mosc\u00fa, Londres o Las Vegas.<\/p>\n<p>Por su parte, PortAventura (European Destination Resort), con cerca de 4 millones de visitas, es un \u00abresort\u00bb vacacional tem\u00e1tico ubicado en la Costa Dorada, inaugurado en 1995 con la ilusi\u00f3n de ofrecer la oportunidad de realizar un viaje alrededor del mundo en una \u00fanica jornada.<\/p>\n<p>Adem\u00e1s, dispone de un parque acu\u00e1tico, Costa Caribe Aquatic Park, ampliado y totalmente renovado en 2013, y se completa con un centro de convenciones con capacidad para 4.000 personas.<\/p>\n","protected":false},"excerpt":{"rendered":"<p>Salou\/Vila-seca (Tarragona), 5 dic (EFE).- El Cirque du Soleil presentar\u00e1 su espect\u00e1culo \u00abKooza\u00bb en PortAventura el pr\u00f3ximo verano tras el acuerdo firmado por ambas empresas, con lo que m\u00e1s de 2.400 personas podr\u00e1n asistir cada d\u00eda durante los meses de verano a esta representaci\u00f3n. Seg\u00fan ha informado hoy PortAventura, el \u00abresort\u00bb ser\u00e1 el primero de [&hellip;]<\/p>\n","protected":false},"author":1,"featured_media":458257,"comment_status":"closed","ping_status":"open","sticky":false,"template":"","format":"standard","meta":{"footnotes":""},"categories":[50],"tags":[],"class_list":["post-458256","post","type-post","status-publish","format-standard","has-post-thumbnail","hentry","category-revista-de-ocio"],"aioseo_notices":[],"aioseo_head":"\n\t\t<!-- All in One SEO Pro 5.0.1 - aioseo.com -->\n\t<meta name=\"description\" content=\"Salou\/Vila-seca (Tarragona), 5 dic (EFE).- El Cirque du Soleil presentar\u00e1 su espect\u00e1culo &quot;Kooza&quot; en PortAventura el pr\u00f3ximo verano tras el acuerdo firmado por ambas empresas, con lo que m\u00e1s de 2.400 personas podr\u00e1n asistir cada d\u00eda durante los meses de verano a esta representaci\u00f3n. Seg\u00fan ha informado hoy PortAventura, el &quot;resort&quot; ser\u00e1 el primero de\" \/>\n\t<meta name=\"robots\" content=\"max-image-preview:large\" \/>\n\t<meta name=\"author\" content=\"El Digital de Asturias\"\/>\n\t<meta name=\"google-site-verification\" content=\"UA-38556648-1\" \/>\n\t<meta name=\"msvalidate.01\" content=\"7dfe9f3f1b24437ab69f4f2559babe99\" \/>\n\t<meta name=\"keywords\" content=\"revista de ocio\" \/>\n\t<link rel=\"canonical\" href=\"https:\/\/www.eldigitaldeasturias.com\/noticias\/el-cirque-du-soleil-presentara-kooza-en-portaventura\/\" \/>\n\t<meta name=\"generator\" content=\"All in One SEO Pro (AIOSEO) 5.0.1\" \/>\n\t\t<meta property=\"og:locale\" content=\"es_ES\" \/>\n\t\t<meta property=\"og:site_name\" content=\"El Digital de Asturias\" \/>\n\t\t<meta property=\"og:type\" content=\"article\" \/>\n\t\t<meta property=\"og:title\" content=\"El Cirque du Soleil presentar\u00e1 \u00abKooza\u00bb en PortAventura - El Digital de Asturias\" \/>\n\t\t<meta property=\"og:description\" content=\"Salou\/Vila-seca (Tarragona), 5 dic (EFE).- El Cirque du Soleil presentar\u00e1 su espect\u00e1culo &quot;Kooza&quot; en PortAventura el pr\u00f3ximo verano tras el acuerdo firmado por ambas empresas, con lo que m\u00e1s de 2.400 personas podr\u00e1n asistir cada d\u00eda durante los meses de verano a esta representaci\u00f3n. Seg\u00fan ha informado hoy PortAventura, el &quot;resort&quot; ser\u00e1 el primero de\" \/>\n\t\t<meta property=\"og:url\" content=\"https:\/\/www.eldigitaldeasturias.com\/noticias\/el-cirque-du-soleil-presentara-kooza-en-portaventura\/\" \/>\n\t\t<meta property=\"article:tag\" content=\"revista de ocio\" \/>\n\t\t<meta property=\"article:published_time\" content=\"2013-12-05T23:29:21+00:00\" \/>\n\t\t<meta property=\"article:modified_time\" content=\"2013-12-05T23:29:22+00:00\" \/>\n\t\t<meta property=\"article:publisher\" content=\"https:\/\/facebook.com\/eldigitaldeasturias\" \/>\n\t\t<meta name=\"twitter:card\" content=\"summary_large_image\" \/>\n\t\t<meta name=\"twitter:title\" content=\"El Cirque du Soleil presentar\u00e1 \u00abKooza\u00bb en PortAventura - El Digital de Asturias\" \/>\n\t\t<meta name=\"twitter:description\" content=\"Salou\/Vila-seca (Tarragona), 5 dic (EFE).- El Cirque du Soleil presentar\u00e1 su espect\u00e1culo &quot;Kooza&quot; en PortAventura el pr\u00f3ximo verano tras el acuerdo firmado por ambas empresas, con lo que m\u00e1s de 2.400 personas podr\u00e1n asistir cada d\u00eda durante los meses de verano a esta representaci\u00f3n. Seg\u00fan ha informado hoy PortAventura, el &quot;resort&quot; ser\u00e1 el primero de\" \/>\n\t\t<meta name=\"twitter:label1\" content=\"Escrito por\" \/>\n\t\t<meta name=\"twitter:data1\" content=\"El Digital de Asturias\" \/>\n\t\t<meta name=\"twitter:label2\" content=\"Tiempo de lectura estimado\" \/>\n\t\t<meta name=\"twitter:data2\" content=\"2 minutos\" \/>\n\t\t<script type=\"application\/ld+json\" class=\"aioseo-schema\">\n\t\t\t{\"@context\":\"https:\\\/\\\/schema.org\",\"@graph\":[{\"@type\":\"BlogPosting\",\"@id\":\"https:\\\/\\\/www.eldigitaldeasturias.com\\\/noticias\\\/el-cirque-du-soleil-presentara-kooza-en-portaventura\\\/#blogposting\",\"name\":\"El Cirque du Soleil presentar\\u00e1 \\u00abKooza\\u00bb en PortAventura - El Digital de Asturias\",\"headline\":\"El Cirque du Soleil presentar\\u00e1 \\u00abKooza\\u00bb en PortAventura\",\"author\":{\"@id\":\"https:\\\/\\\/www.eldigitaldeasturias.com\\\/noticias\\\/author\\\/admin\\\/#author\"},\"publisher\":{\"@id\":\"https:\\\/\\\/www.eldigitaldeasturias.com\\\/noticias\\\/#organization\"},\"image\":{\"@type\":\"ImageObject\",\"url\":458257},\"datePublished\":\"2013-12-05T22:29:21+01:00\",\"dateModified\":\"2013-12-05T22:29:22+01:00\",\"inLanguage\":\"es-ES\",\"mainEntityOfPage\":{\"@id\":\"https:\\\/\\\/www.eldigitaldeasturias.com\\\/noticias\\\/el-cirque-du-soleil-presentara-kooza-en-portaventura\\\/#webpage\"},\"isPartOf\":{\"@id\":\"https:\\\/\\\/www.eldigitaldeasturias.com\\\/noticias\\\/el-cirque-du-soleil-presentara-kooza-en-portaventura\\\/#webpage\"},\"articleSection\":\"Revista de Ocio\"},{\"@type\":\"BreadcrumbList\",\"@id\":\"https:\\\/\\\/www.eldigitaldeasturias.com\\\/noticias\\\/el-cirque-du-soleil-presentara-kooza-en-portaventura\\\/#breadcrumblist\",\"itemListElement\":[{\"@type\":\"ListItem\",\"@id\":\"https:\\\/\\\/www.eldigitaldeasturias.com\\\/noticias#listItem\",\"position\":1,\"name\":\"Home\",\"item\":\"https:\\\/\\\/www.eldigitaldeasturias.com\\\/noticias\",\"nextItem\":{\"@type\":\"ListItem\",\"@id\":\"https:\\\/\\\/www.eldigitaldeasturias.com\\\/noticias\\\/category\\\/revista-de-ocio\\\/#listItem\",\"name\":\"Revista de Ocio\"}},{\"@type\":\"ListItem\",\"@id\":\"https:\\\/\\\/www.eldigitaldeasturias.com\\\/noticias\\\/category\\\/revista-de-ocio\\\/#listItem\",\"position\":2,\"name\":\"Revista de Ocio\",\"item\":\"https:\\\/\\\/www.eldigitaldeasturias.com\\\/noticias\\\/category\\\/revista-de-ocio\\\/\",\"nextItem\":{\"@type\":\"ListItem\",\"@id\":\"https:\\\/\\\/www.eldigitaldeasturias.com\\\/noticias\\\/el-cirque-du-soleil-presentara-kooza-en-portaventura\\\/#listItem\",\"name\":\"El Cirque du Soleil presentar\\u00e1 \\u00abKooza\\u00bb en PortAventura\"},\"previousItem\":{\"@type\":\"ListItem\",\"@id\":\"https:\\\/\\\/www.eldigitaldeasturias.com\\\/noticias#listItem\",\"name\":\"Home\"}},{\"@type\":\"ListItem\",\"@id\":\"https:\\\/\\\/www.eldigitaldeasturias.com\\\/noticias\\\/el-cirque-du-soleil-presentara-kooza-en-portaventura\\\/#listItem\",\"position\":3,\"name\":\"El Cirque du Soleil presentar\\u00e1 \\u00abKooza\\u00bb en PortAventura\",\"previousItem\":{\"@type\":\"ListItem\",\"@id\":\"https:\\\/\\\/www.eldigitaldeasturias.com\\\/noticias\\\/category\\\/revista-de-ocio\\\/#listItem\",\"name\":\"Revista de Ocio\"}}]},{\"@type\":\"Organization\",\"@id\":\"https:\\\/\\\/www.eldigitaldeasturias.com\\\/noticias\\\/#organization\",\"name\":\"El Digital de Asturias\",\"description\":\"Hemeroteca\",\"url\":\"https:\\\/\\\/www.eldigitaldeasturias.com\\\/noticias\\\/\",\"email\":\"info@eldigitaldeasturias.com\",\"telephone\":\"+34652131393\",\"logo\":{\"@type\":\"ImageObject\",\"url\":\"https:\\\/\\\/www.eldigitaldeasturias.com\\\/noticias\\\/wp-content\\\/uploads\\\/2020\\\/12\\\/EDA.jpg\",\"@id\":\"https:\\\/\\\/www.eldigitaldeasturias.com\\\/noticias\\\/el-cirque-du-soleil-presentara-kooza-en-portaventura\\\/#organizationLogo\"},\"image\":{\"@id\":\"https:\\\/\\\/www.eldigitaldeasturias.com\\\/noticias\\\/el-cirque-du-soleil-presentara-kooza-en-portaventura\\\/#organizationLogo\"},\"sameAs\":[\"https:\\\/\\\/facebook.com\\\/eldigitaldeasturias\",\"https:\\\/\\\/www.youtube.com\\\/channel\\\/UCZP-2wLEB9Rv6erhFmqVnvg\"],\"address\":{\"@id\":\"https:\\\/\\\/www.eldigitaldeasturias.com\\\/noticias\\\/#postaladdress\",\"@type\":\"PostalAddress\",\"streetAddress\":\"san antonio 4\",\"postalCode\":\"33430\",\"addressLocality\":\"Cand\\u00e1s\",\"addressRegion\":\"Asturias\",\"addressCountry\":\"ES\"}},{\"@type\":\"Person\",\"@id\":\"https:\\\/\\\/www.eldigitaldeasturias.com\\\/noticias\\\/author\\\/admin\\\/#author\",\"url\":\"https:\\\/\\\/www.eldigitaldeasturias.com\\\/noticias\\\/author\\\/admin\\\/\",\"name\":\"El Digital de Asturias\",\"image\":{\"@type\":\"ImageObject\",\"@id\":\"https:\\\/\\\/www.eldigitaldeasturias.com\\\/noticias\\\/el-cirque-du-soleil-presentara-kooza-en-portaventura\\\/#authorImage\",\"url\":\"https:\\\/\\\/secure.gravatar.com\\\/avatar\\\/df2aeffc32bcd13f8d26072ef8a91b623d677766deac7f97ca815868cd41bf5e?s=96&d=mm&r=g\",\"width\":96,\"height\":96,\"caption\":\"El Digital de Asturias\"}},{\"@type\":\"WebPage\",\"@id\":\"https:\\\/\\\/www.eldigitaldeasturias.com\\\/noticias\\\/el-cirque-du-soleil-presentara-kooza-en-portaventura\\\/#webpage\",\"url\":\"https:\\\/\\\/www.eldigitaldeasturias.com\\\/noticias\\\/el-cirque-du-soleil-presentara-kooza-en-portaventura\\\/\",\"name\":\"El Cirque du Soleil presentar\\u00e1 \\u00abKooza\\u00bb en PortAventura - El Digital de Asturias\",\"description\":\"Salou\\\/Vila-seca (Tarragona), 5 dic (EFE).- El Cirque du Soleil presentar\\u00e1 su espect\\u00e1culo \\\"Kooza\\\" en PortAventura el pr\\u00f3ximo verano tras el acuerdo firmado por ambas empresas, con lo que m\\u00e1s de 2.400 personas podr\\u00e1n asistir cada d\\u00eda durante los meses de verano a esta representaci\\u00f3n. Seg\\u00fan ha informado hoy PortAventura, el \\\"resort\\\" ser\\u00e1 el primero de\",\"inLanguage\":\"es-ES\",\"isPartOf\":{\"@id\":\"https:\\\/\\\/www.eldigitaldeasturias.com\\\/noticias\\\/#website\"},\"breadcrumb\":{\"@id\":\"https:\\\/\\\/www.eldigitaldeasturias.com\\\/noticias\\\/el-cirque-du-soleil-presentara-kooza-en-portaventura\\\/#breadcrumblist\"},\"author\":{\"@id\":\"https:\\\/\\\/www.eldigitaldeasturias.com\\\/noticias\\\/author\\\/admin\\\/#author\"},\"creator\":{\"@id\":\"https:\\\/\\\/www.eldigitaldeasturias.com\\\/noticias\\\/author\\\/admin\\\/#author\"},\"image\":{\"@type\":\"ImageObject\",\"url\":458257,\"@id\":\"https:\\\/\\\/www.eldigitaldeasturias.com\\\/noticias\\\/el-cirque-du-soleil-presentara-kooza-en-portaventura\\\/#mainImage\"},\"primaryImageOfPage\":{\"@id\":\"https:\\\/\\\/www.eldigitaldeasturias.com\\\/noticias\\\/el-cirque-du-soleil-presentara-kooza-en-portaventura\\\/#mainImage\"},\"datePublished\":\"2013-12-05T22:29:21+01:00\",\"dateModified\":\"2013-12-05T22:29:22+01:00\"},{\"@type\":\"WebSite\",\"@id\":\"https:\\\/\\\/www.eldigitaldeasturias.com\\\/noticias\\\/#website\",\"url\":\"https:\\\/\\\/www.eldigitaldeasturias.com\\\/noticias\\\/\",\"name\":\"El Digital de Asturias - Diario de actualidad y noticias\",\"alternateName\":\"El Digital de Asturias - Diario de actualidad y noticias\",\"description\":\"Hemeroteca\",\"inLanguage\":\"es-ES\",\"publisher\":{\"@id\":\"https:\\\/\\\/www.eldigitaldeasturias.com\\\/noticias\\\/#organization\"}}]}\n\t\t<\/script>\n\t\t<!-- All in One SEO Pro -->\r\n\t\t<title>El Cirque du Soleil presentar\u00e1 \u00abKooza\u00bb en PortAventura - El Digital de Asturias<\/title>\n\n","aioseo_head_json":{"title":"El Cirque du Soleil presentar\u00e1 \u00abKooza\u00bb en PortAventura - El Digital de Asturias","description":"Salou\/Vila-seca (Tarragona), 5 dic (EFE).- El Cirque du Soleil presentar\u00e1 su espect\u00e1culo \"Kooza\" en PortAventura el pr\u00f3ximo verano tras el acuerdo firmado por ambas empresas, con lo que m\u00e1s de 2.400 personas podr\u00e1n asistir cada d\u00eda durante los meses de verano a esta representaci\u00f3n. Seg\u00fan ha informado hoy PortAventura, el \"resort\" ser\u00e1 el primero de","canonical_url":"https:\/\/www.eldigitaldeasturias.com\/noticias\/el-cirque-du-soleil-presentara-kooza-en-portaventura\/","robots":"max-image-preview:large","keywords":"revista de ocio","webmasterTools":{"google-site-verification":"UA-38556648-1","msvalidate.01":"7dfe9f3f1b24437ab69f4f2559babe99","miscellaneous":""},"schema":{"@context":"https:\/\/schema.org","@graph":[{"@type":"BlogPosting","@id":"https:\/\/www.eldigitaldeasturias.com\/noticias\/el-cirque-du-soleil-presentara-kooza-en-portaventura\/#blogposting","name":"El Cirque du Soleil presentar\u00e1 \u00abKooza\u00bb en PortAventura - El Digital de Asturias","headline":"El Cirque du Soleil presentar\u00e1 \u00abKooza\u00bb en PortAventura","author":{"@id":"https:\/\/www.eldigitaldeasturias.com\/noticias\/author\/admin\/#author"},"publisher":{"@id":"https:\/\/www.eldigitaldeasturias.com\/noticias\/#organization"},"image":{"@type":"ImageObject","url":458257},"datePublished":"2013-12-05T22:29:21+01:00","dateModified":"2013-12-05T22:29:22+01:00","inLanguage":"es-ES","mainEntityOfPage":{"@id":"https:\/\/www.eldigitaldeasturias.com\/noticias\/el-cirque-du-soleil-presentara-kooza-en-portaventura\/#webpage"},"isPartOf":{"@id":"https:\/\/www.eldigitaldeasturias.com\/noticias\/el-cirque-du-soleil-presentara-kooza-en-portaventura\/#webpage"},"articleSection":"Revista de Ocio"},{"@type":"BreadcrumbList","@id":"https:\/\/www.eldigitaldeasturias.com\/noticias\/el-cirque-du-soleil-presentara-kooza-en-portaventura\/#breadcrumblist","itemListElement":[{"@type":"ListItem","@id":"https:\/\/www.eldigitaldeasturias.com\/noticias#listItem","position":1,"name":"Home","item":"https:\/\/www.eldigitaldeasturias.com\/noticias","nextItem":{"@type":"ListItem","@id":"https:\/\/www.eldigitaldeasturias.com\/noticias\/category\/revista-de-ocio\/#listItem","name":"Revista de Ocio"}},{"@type":"ListItem","@id":"https:\/\/www.eldigitaldeasturias.com\/noticias\/category\/revista-de-ocio\/#listItem","position":2,"name":"Revista de Ocio","item":"https:\/\/www.eldigitaldeasturias.com\/noticias\/category\/revista-de-ocio\/","nextItem":{"@type":"ListItem","@id":"https:\/\/www.eldigitaldeasturias.com\/noticias\/el-cirque-du-soleil-presentara-kooza-en-portaventura\/#listItem","name":"El Cirque du Soleil presentar\u00e1 \u00abKooza\u00bb en PortAventura"},"previousItem":{"@type":"ListItem","@id":"https:\/\/www.eldigitaldeasturias.com\/noticias#listItem","name":"Home"}},{"@type":"ListItem","@id":"https:\/\/www.eldigitaldeasturias.com\/noticias\/el-cirque-du-soleil-presentara-kooza-en-portaventura\/#listItem","position":3,"name":"El Cirque du Soleil presentar\u00e1 \u00abKooza\u00bb en PortAventura","previousItem":{"@type":"ListItem","@id":"https:\/\/www.eldigitaldeasturias.com\/noticias\/category\/revista-de-ocio\/#listItem","name":"Revista de Ocio"}}]},{"@type":"Organization","@id":"https:\/\/www.eldigitaldeasturias.com\/noticias\/#organization","name":"El Digital de Asturias","description":"Hemeroteca","url":"https:\/\/www.eldigitaldeasturias.com\/noticias\/","email":"info@eldigitaldeasturias.com","telephone":"+34652131393","logo":{"@type":"ImageObject","url":"https:\/\/www.eldigitaldeasturias.com\/noticias\/wp-content\/uploads\/2020\/12\/EDA.jpg","@id":"https:\/\/www.eldigitaldeasturias.com\/noticias\/el-cirque-du-soleil-presentara-kooza-en-portaventura\/#organizationLogo"},"image":{"@id":"https:\/\/www.eldigitaldeasturias.com\/noticias\/el-cirque-du-soleil-presentara-kooza-en-portaventura\/#organizationLogo"},"sameAs":["https:\/\/facebook.com\/eldigitaldeasturias","https:\/\/www.youtube.com\/channel\/UCZP-2wLEB9Rv6erhFmqVnvg"],"address":{"@id":"https:\/\/www.eldigitaldeasturias.com\/noticias\/#postaladdress","@type":"PostalAddress","streetAddress":"san antonio 4","postalCode":"33430","addressLocality":"Cand\u00e1s","addressRegion":"Asturias","addressCountry":"ES"}},{"@type":"Person","@id":"https:\/\/www.eldigitaldeasturias.com\/noticias\/author\/admin\/#author","url":"https:\/\/www.eldigitaldeasturias.com\/noticias\/author\/admin\/","name":"El Digital de Asturias","image":{"@type":"ImageObject","@id":"https:\/\/www.eldigitaldeasturias.com\/noticias\/el-cirque-du-soleil-presentara-kooza-en-portaventura\/#authorImage","url":"https:\/\/secure.gravatar.com\/avatar\/df2aeffc32bcd13f8d26072ef8a91b623d677766deac7f97ca815868cd41bf5e?s=96&d=mm&r=g","width":96,"height":96,"caption":"El Digital de Asturias"}},{"@type":"WebPage","@id":"https:\/\/www.eldigitaldeasturias.com\/noticias\/el-cirque-du-soleil-presentara-kooza-en-portaventura\/#webpage","url":"https:\/\/www.eldigitaldeasturias.com\/noticias\/el-cirque-du-soleil-presentara-kooza-en-portaventura\/","name":"El Cirque du Soleil presentar\u00e1 \u00abKooza\u00bb en PortAventura - El Digital de Asturias","description":"Salou\/Vila-seca (Tarragona), 5 dic (EFE).- El Cirque du Soleil presentar\u00e1 su espect\u00e1culo \"Kooza\" en PortAventura el pr\u00f3ximo verano tras el acuerdo firmado por ambas empresas, con lo que m\u00e1s de 2.400 personas podr\u00e1n asistir cada d\u00eda durante los meses de verano a esta representaci\u00f3n. Seg\u00fan ha informado hoy PortAventura, el \"resort\" ser\u00e1 el primero de","inLanguage":"es-ES","isPartOf":{"@id":"https:\/\/www.eldigitaldeasturias.com\/noticias\/#website"},"breadcrumb":{"@id":"https:\/\/www.eldigitaldeasturias.com\/noticias\/el-cirque-du-soleil-presentara-kooza-en-portaventura\/#breadcrumblist"},"author":{"@id":"https:\/\/www.eldigitaldeasturias.com\/noticias\/author\/admin\/#author"},"creator":{"@id":"https:\/\/www.eldigitaldeasturias.com\/noticias\/author\/admin\/#author"},"image":{"@type":"ImageObject","url":458257,"@id":"https:\/\/www.eldigitaldeasturias.com\/noticias\/el-cirque-du-soleil-presentara-kooza-en-portaventura\/#mainImage"},"primaryImageOfPage":{"@id":"https:\/\/www.eldigitaldeasturias.com\/noticias\/el-cirque-du-soleil-presentara-kooza-en-portaventura\/#mainImage"},"datePublished":"2013-12-05T22:29:21+01:00","dateModified":"2013-12-05T22:29:22+01:00"},{"@type":"WebSite","@id":"https:\/\/www.eldigitaldeasturias.com\/noticias\/#website","url":"https:\/\/www.eldigitaldeasturias.com\/noticias\/","name":"El Digital de Asturias - Diario de actualidad y noticias","alternateName":"El Digital de Asturias - Diario de actualidad y noticias","description":"Hemeroteca","inLanguage":"es-ES","publisher":{"@id":"https:\/\/www.eldigitaldeasturias.com\/noticias\/#organization"}}]},"og:locale":"es_ES","og:site_name":"El Digital de Asturias","og:type":"article","og:title":"El Cirque du Soleil presentar\u00e1 \u00abKooza\u00bb en PortAventura - El Digital de Asturias","og:description":"Salou\/Vila-seca (Tarragona), 5 dic (EFE).- El Cirque du Soleil presentar\u00e1 su espect\u00e1culo &quot;Kooza&quot; en PortAventura el pr\u00f3ximo verano tras el acuerdo firmado por ambas empresas, con lo que m\u00e1s de 2.400 personas podr\u00e1n asistir cada d\u00eda durante los meses de verano a esta representaci\u00f3n. Seg\u00fan ha informado hoy PortAventura, el &quot;resort&quot; ser\u00e1 el primero de","og:url":"https:\/\/www.eldigitaldeasturias.com\/noticias\/el-cirque-du-soleil-presentara-kooza-en-portaventura\/","article:tag":["revista de ocio"],"article:published_time":"2013-12-05T23:29:21+00:00","article:modified_time":"2013-12-05T23:29:22+00:00","article:publisher":"https:\/\/facebook.com\/eldigitaldeasturias","twitter:card":"summary_large_image","twitter:title":"El Cirque du Soleil presentar\u00e1 \u00abKooza\u00bb en PortAventura - El Digital de Asturias","twitter:description":"Salou\/Vila-seca (Tarragona), 5 dic (EFE).- El Cirque du Soleil presentar\u00e1 su espect\u00e1culo &quot;Kooza&quot; en PortAventura el pr\u00f3ximo verano tras el acuerdo firmado por ambas empresas, con lo que m\u00e1s de 2.400 personas podr\u00e1n asistir cada d\u00eda durante los meses de verano a esta representaci\u00f3n. Seg\u00fan ha informado hoy PortAventura, el &quot;resort&quot; ser\u00e1 el primero de","twitter:label1":"Escrito por","twitter:data1":"El Digital de Asturias","twitter:label2":"Tiempo de lectura estimado","twitter:data2":"2 minutos"},"aioseo_meta_data":{"post_id":"458256","title":null,"description":null,"keywords":null,"keyphrases":null,"primary_term":null,"canonical_url":null,"og_title":null,"og_description":null,"og_object_type":"default","og_image_type":"default","og_image_url":null,"og_image_width":null,"og_image_height":null,"og_image_custom_url":null,"og_image_custom_fields":null,"og_video":null,"og_custom_url":null,"og_article_section":null,"og_article_tags":null,"twitter_use_og":true,"twitter_card":"default","twitter_image_type":"default","twitter_image_url":null,"twitter_image_custom_url":null,"twitter_image_custom_fields":null,"twitter_title":null,"twitter_description":null,"schema":{"blockGraphs":[],"customGraphs":[],"default":{"data":{"Article":[],"Course":[],"Dataset":[],"FAQPage":[],"Movie":[],"Person":[],"Product":[],"ProductReview":[],"Car":[],"Recipe":[],"Service":[],"SoftwareApplication":[],"WebPage":[]},"graphName":"","isEnabled":true},"graphs":[],"defaultGraph":"","defaultPostTypeGraph":""},"schema_type":null,"schema_type_options":null,"pillar_content":false,"robots_default":true,"robots_noindex":false,"robots_noarchive":false,"robots_nosnippet":false,"robots_nofollow":false,"robots_noimageindex":false,"robots_noodp":false,"robots_notranslate":false,"robots_max_snippet":null,"robots_max_videopreview":null,"robots_max_imagepreview":"none","priority":null,"frequency":null,"local_seo":null,"seo_analyzer_scan_date":"2026-05-30 04:57:57","breadcrumb_settings":null,"limit_modified_date":false,"open_ai":null,"ai":null,"created":"2020-11-14 22:46:16","updated":"2026-05-30 04:57:57","focus_keyword":null,"additional_keywords":null,"truseo_locale":null},"aioseo_breadcrumb":"<div class=\"aioseo-breadcrumbs\"><span class=\"aioseo-breadcrumb\">\n\t<a href=\"https:\/\/www.eldigitaldeasturias.com\/noticias\" title=\"Home\">Home<\/a>\n<\/span><span class=\"aioseo-breadcrumb-separator\">\u2013<\/span><span class=\"aioseo-breadcrumb\">\n\t<a href=\"https:\/\/www.eldigitaldeasturias.com\/noticias\/category\/revista-de-ocio\/\" title=\"Revista de Ocio\">Revista de Ocio<\/a>\n<\/span><span class=\"aioseo-breadcrumb-separator\">\u2013<\/span><span class=\"aioseo-breadcrumb\">\n\t<a href=\"https:\/\/www.eldigitaldeasturias.com\/noticias\/el-cirque-du-soleil-presentara-kooza-en-portaventura\/\" title=\"El Cirque du Soleil presentar\u00e1 \u00abKooza\u00bb en PortAventura\">El Cirque du Soleil presentar\u00e1 \u00abKooza\u00bb en PortAventura<\/a>\n<\/span><\/div>","aioseo_breadcrumb_json":[{"label":"Home","link":"https:\/\/www.eldigitaldeasturias.com\/noticias"},{"label":"Revista de Ocio","link":"https:\/\/www.eldigitaldeasturias.com\/noticias\/category\/revista-de-ocio\/"},{"label":"El Cirque du Soleil presentar\u00e1 \u00abKooza\u00bb en PortAventura","link":"https:\/\/www.eldigitaldeasturias.com\/noticias\/el-cirque-du-soleil-presentara-kooza-en-portaventura\/"}],"_links":{"self":[{"href":"https:\/\/www.eldigitaldeasturias.com\/noticias\/wp-json\/wp\/v2\/posts\/458256","targetHints":{"allow":["GET"]}}],"collection":[{"href":"https:\/\/www.eldigitaldeasturias.com\/noticias\/wp-json\/wp\/v2\/posts"}],"about":[{"href":"https:\/\/www.eldigitaldeasturias.com\/noticias\/wp-json\/wp\/v2\/types\/post"}],"author":[{"embeddable":true,"href":"https:\/\/www.eldigitaldeasturias.com\/noticias\/wp-json\/wp\/v2\/users\/1"}],"replies":[{"embeddable":true,"href":"https:\/\/www.eldigitaldeasturias.com\/noticias\/wp-json\/wp\/v2\/comments?post=458256"}],"version-history":[{"count":0,"href":"https:\/\/www.eldigitaldeasturias.com\/noticias\/wp-json\/wp\/v2\/posts\/458256\/revisions"}],"wp:attachment":[{"href":"https:\/\/www.eldigitaldeasturias.com\/noticias\/wp-json\/wp\/v2\/media?parent=458256"}],"wp:term":[{"taxonomy":"category","embeddable":true,"href":"https:\/\/www.eldigitaldeasturias.com\/noticias\/wp-json\/wp\/v2\/categories?post=458256"},{"taxonomy":"post_tag","embeddable":true,"href":"https:\/\/www.eldigitaldeasturias.com\/noticias\/wp-json\/wp\/v2\/tags?post=458256"}],"curies":[{"name":"wp","href":"https:\/\/api.w.org\/{rel}","templated":true}]}}