{"id":458247,"date":"2013-12-05T22:22:17","date_gmt":"2013-12-05T23:22:17","guid":{"rendered":"http:\/\/www.eldigitaldeasturias.com\/noticias\/?p=458247"},"modified":"2013-12-05T22:22:17","modified_gmt":"2013-12-05T23:22:17","slug":"la-fiscalia-francesa-dice-que-sirvent-estaba-al-frente-de-la-extorsion-y-la-falsificacion-de-eta-en-2009","status":"publish","type":"post","link":"https:\/\/www.eldigitaldeasturias.com\/noticias\/la-fiscalia-francesa-dice-que-sirvent-estaba-al-frente-de-la-extorsion-y-la-falsificacion-de-eta-en-2009\/","title":{"rendered":"La Fiscal\u00eda francesa dice que Sirvent estaba al frente de la extorsi\u00f3n y la falsificaci\u00f3n de ETA en 2009"},"content":{"rendered":"<p><img loading=\"lazy\" decoding=\"async\" class=\"alignleft size-medium wp-image-458248\" alt=\"5774210w\" src=\"https:\/\/www.eldigitaldeasturias.com\/noticias\/wp-content\/uploads\/2013\/12\/5774210w-234x320.jpg\" width=\"234\" height=\"320\" \/>Par\u00eds, 5 dic (EFE).- El etarra Ekaitz Sirvent estaba al frente de las estructuras de extorsi\u00f3n (\u00abGezi\u00bb) y de falsificaci\u00f3n (\u00abFal\u00bb) de la organizaci\u00f3n terrorista cuando fue detenido en Par\u00eds en abril de 2009, se\u00f1al\u00f3 hoy la Fiscal\u00eda francesa.<\/p>\n<p>\u00abAl ser arrestado estaba a la cabeza de esas dos estructuras\u00bb, se\u00f1al\u00f3 el fiscal Jean-Fran\u00e7ois Ricard, ante el Tribunal de lo Criminal de Par\u00eds que juzga a Sirvent junto a Ainhoa Ozaeta y Peio S\u00e1nchez Mendaza desde el pasado 25 de noviembre.<\/p>\n<p>Ricard explic\u00f3 que \u00ablos elementos de prueba son masivos\u00bb sobre la implicaci\u00f3n del primero de esos tres etarras en \u00abFal\u00bb, donde permaneci\u00f3 durante seis a\u00f1os en una misi\u00f3n que, en parte, simultane\u00f3 con la que llev\u00f3 a cabo en \u00abGezi\u00bb.<\/p>\n<p>El representante del Ministerio P\u00fablico aludi\u00f3 a la \u00abpresencia masiva\u00bb de documentos de identidad robados y falsificados en un piso franco de Champs sur Marne, en las afueras de Par\u00eds.<\/p>\n<p>El grueso de esas piezas de identificaci\u00f3n se le encontraron a Sirvent, en soporte inform\u00e1tico, cuando \u00e9l mismo fue arrestado al llegar a una estaci\u00f3n de la capital francesa el 10 de abril de 2009.<\/p>\n<p>\u00abEsos documentos estaban realmente destinados a miembros del aparato militar\u00bb para llevar a cabo operaciones, coment\u00f3 Ricard, que tambi\u00e9n estableci\u00f3 v\u00ednculos entre el taller de falsificaci\u00f3n de Champs sur Marne donde se supone que estuvo operando Sirvent y otros elementos requisados a diversos jefes de la banda.<\/p>\n<p>Igualmente sugiri\u00f3 que Sirvent pudo haberse ocupado de operaciones de cambio de divisas, puesto que de ese piso franco de las afueras de Par\u00eds hab\u00eda salido una lista con 53 agencias de cambio en la capital francesa.<\/p>\n<p>El inculpado no quiso responder a ninguna de las preguntas que sobre esas constataciones le hizo el fiscal -su contestaci\u00f3n se limit\u00f3 una y otra vez a un \u00abno tengo nada que decir\u00bb-, ni las que anteriormente le hab\u00eda hecho el presidente del tribunal, Jean-Paul Albert.<\/p>\n<p>El tribunal escuch\u00f3 tambi\u00e9n el testimonio de Gilles Le Flem, un jubilado al que el 4 de abril de 2003 una pareja de etarras, que seg\u00fan los elementos de prueba eran Sirvent y Z\u00edgor Merodio, le robaron su coche en Gradignan, cerca de Burdeos, para escapar con \u00e9l, momentos despu\u00e9s de la detenci\u00f3n en un control policial de otro miembro de la banda, Aitor Cort\u00e1zar Garc\u00eda.<\/p>\n<p>Le Flem, que tiene ahora 76 a\u00f1os, cont\u00f3 c\u00f3mo uno de los dos hombres que le abordaron se introdujo en su veh\u00edculo y, despu\u00e9s de asegurarle que hab\u00edan tenido un accidente y que ten\u00edan que ir al hospital, le sac\u00f3 una pistola con la que le apunt\u00f3.<\/p>\n<p>El jubilado sali\u00f3 del veh\u00edculo y los dos etarras huyeron con \u00e9l varios kil\u00f3metros, cuando decidieron cambiar y secuestrar a una mujer, a la que obligaron a conducirlos hasta Bayona, donde se les perdi\u00f3 el rastro.<\/p>\n<p>El juez record\u00f3 que por los hechos de Gradignan, Sirvent est\u00e1 acusado de \u00abrobo a mano armada con circunstancias agravantes\u00bb. Contra \u00e9l pesan en total una cuarentena de cargos en este juicio que se prolongar\u00e1 hasta la semana que viene.<\/p>\n","protected":false},"excerpt":{"rendered":"<p>Par\u00eds, 5 dic (EFE).- El etarra Ekaitz Sirvent estaba al frente de las estructuras de extorsi\u00f3n (\u00abGezi\u00bb) y de falsificaci\u00f3n (\u00abFal\u00bb) de la organizaci\u00f3n terrorista cuando fue detenido en Par\u00eds en abril de 2009, se\u00f1al\u00f3 hoy la Fiscal\u00eda francesa. \u00abAl ser arrestado estaba a la cabeza de esas dos estructuras\u00bb, se\u00f1al\u00f3 el fiscal Jean-Fran\u00e7ois Ricard, [&hellip;]<\/p>\n","protected":false},"author":1,"featured_media":458248,"comment_status":"closed","ping_status":"open","sticky":false,"template":"","format":"standard","meta":{"footnotes":""},"categories":[5],"tags":[],"class_list":["post-458247","post","type-post","status-publish","format-standard","has-post-thumbnail","hentry","category-sucesos"],"aioseo_notices":[],"aioseo_head":"\n\t\t<!-- All in One SEO Pro 5.0.1 - aioseo.com -->\n\t<meta name=\"description\" content=\"Par\u00eds, 5 dic (EFE).- El etarra Ekaitz Sirvent estaba al frente de las estructuras de extorsi\u00f3n (&quot;Gezi&quot;) y de falsificaci\u00f3n (&quot;Fal&quot;) de la organizaci\u00f3n terrorista cuando fue detenido en Par\u00eds en abril de 2009, se\u00f1al\u00f3 hoy la Fiscal\u00eda francesa. &quot;Al ser arrestado estaba a la cabeza de esas dos estructuras&quot;, se\u00f1al\u00f3 el fiscal Jean-Fran\u00e7ois Ricard,\" \/>\n\t<meta name=\"robots\" content=\"max-image-preview:large\" \/>\n\t<meta name=\"author\" content=\"El Digital de Asturias\"\/>\n\t<meta name=\"google-site-verification\" content=\"UA-38556648-1\" \/>\n\t<meta name=\"msvalidate.01\" content=\"7dfe9f3f1b24437ab69f4f2559babe99\" \/>\n\t<meta name=\"keywords\" content=\"sucesos\" \/>\n\t<link rel=\"canonical\" href=\"https:\/\/www.eldigitaldeasturias.com\/noticias\/la-fiscalia-francesa-dice-que-sirvent-estaba-al-frente-de-la-extorsion-y-la-falsificacion-de-eta-en-2009\/\" \/>\n\t<meta name=\"generator\" content=\"All in One SEO Pro (AIOSEO) 5.0.1\" \/>\n\t\t<meta property=\"og:locale\" content=\"es_ES\" \/>\n\t\t<meta property=\"og:site_name\" content=\"El Digital de Asturias\" \/>\n\t\t<meta property=\"og:type\" content=\"article\" \/>\n\t\t<meta property=\"og:title\" content=\"La Fiscal\u00eda francesa dice que Sirvent estaba al frente de la extorsi\u00f3n y la falsificaci\u00f3n de ETA en 2009 - El Digital de Asturias\" \/>\n\t\t<meta property=\"og:description\" content=\"Par\u00eds, 5 dic (EFE).- El etarra Ekaitz Sirvent estaba al frente de las estructuras de extorsi\u00f3n (&quot;Gezi&quot;) y de falsificaci\u00f3n (&quot;Fal&quot;) de la organizaci\u00f3n terrorista cuando fue detenido en Par\u00eds en abril de 2009, se\u00f1al\u00f3 hoy la Fiscal\u00eda francesa. &quot;Al ser arrestado estaba a la cabeza de esas dos estructuras&quot;, se\u00f1al\u00f3 el fiscal Jean-Fran\u00e7ois Ricard,\" \/>\n\t\t<meta property=\"og:url\" content=\"https:\/\/www.eldigitaldeasturias.com\/noticias\/la-fiscalia-francesa-dice-que-sirvent-estaba-al-frente-de-la-extorsion-y-la-falsificacion-de-eta-en-2009\/\" \/>\n\t\t<meta property=\"article:tag\" content=\"sucesos\" \/>\n\t\t<meta property=\"article:published_time\" content=\"2013-12-05T23:22:17+00:00\" \/>\n\t\t<meta property=\"article:modified_time\" content=\"2013-12-05T23:22:17+00:00\" \/>\n\t\t<meta property=\"article:publisher\" content=\"https:\/\/facebook.com\/eldigitaldeasturias\" \/>\n\t\t<meta name=\"twitter:card\" content=\"summary_large_image\" \/>\n\t\t<meta name=\"twitter:title\" content=\"La Fiscal\u00eda francesa dice que Sirvent estaba al frente de la extorsi\u00f3n y la falsificaci\u00f3n de ETA en 2009 - El Digital de Asturias\" \/>\n\t\t<meta name=\"twitter:description\" content=\"Par\u00eds, 5 dic (EFE).- El etarra Ekaitz Sirvent estaba al frente de las estructuras de extorsi\u00f3n (&quot;Gezi&quot;) y de falsificaci\u00f3n (&quot;Fal&quot;) de la organizaci\u00f3n terrorista cuando fue detenido en Par\u00eds en abril de 2009, se\u00f1al\u00f3 hoy la Fiscal\u00eda francesa. &quot;Al ser arrestado estaba a la cabeza de esas dos estructuras&quot;, se\u00f1al\u00f3 el fiscal Jean-Fran\u00e7ois Ricard,\" \/>\n\t\t<meta name=\"twitter:label1\" content=\"Escrito por\" \/>\n\t\t<meta name=\"twitter:data1\" content=\"El Digital de Asturias\" \/>\n\t\t<meta name=\"twitter:label2\" content=\"Tiempo de lectura estimado\" \/>\n\t\t<meta name=\"twitter:data2\" content=\"3 minutos\" \/>\n\t\t<script type=\"application\/ld+json\" class=\"aioseo-schema\">\n\t\t\t{\"@context\":\"https:\\\/\\\/schema.org\",\"@graph\":[{\"@type\":\"BlogPosting\",\"@id\":\"https:\\\/\\\/www.eldigitaldeasturias.com\\\/noticias\\\/la-fiscalia-francesa-dice-que-sirvent-estaba-al-frente-de-la-extorsion-y-la-falsificacion-de-eta-en-2009\\\/#blogposting\",\"name\":\"La Fiscal\\u00eda francesa dice que Sirvent estaba al frente de la extorsi\\u00f3n y la falsificaci\\u00f3n de ETA en 2009 - El Digital de Asturias\",\"headline\":\"La Fiscal\\u00eda francesa dice que Sirvent estaba al frente de la extorsi\\u00f3n y la falsificaci\\u00f3n de ETA en 2009\",\"author\":{\"@id\":\"https:\\\/\\\/www.eldigitaldeasturias.com\\\/noticias\\\/author\\\/admin\\\/#author\"},\"publisher\":{\"@id\":\"https:\\\/\\\/www.eldigitaldeasturias.com\\\/noticias\\\/#organization\"},\"image\":{\"@type\":\"ImageObject\",\"url\":458248},\"datePublished\":\"2013-12-05T22:22:17+01:00\",\"dateModified\":\"2013-12-05T22:22:17+01:00\",\"inLanguage\":\"es-ES\",\"mainEntityOfPage\":{\"@id\":\"https:\\\/\\\/www.eldigitaldeasturias.com\\\/noticias\\\/la-fiscalia-francesa-dice-que-sirvent-estaba-al-frente-de-la-extorsion-y-la-falsificacion-de-eta-en-2009\\\/#webpage\"},\"isPartOf\":{\"@id\":\"https:\\\/\\\/www.eldigitaldeasturias.com\\\/noticias\\\/la-fiscalia-francesa-dice-que-sirvent-estaba-al-frente-de-la-extorsion-y-la-falsificacion-de-eta-en-2009\\\/#webpage\"},\"articleSection\":\"Sucesos\"},{\"@type\":\"BreadcrumbList\",\"@id\":\"https:\\\/\\\/www.eldigitaldeasturias.com\\\/noticias\\\/la-fiscalia-francesa-dice-que-sirvent-estaba-al-frente-de-la-extorsion-y-la-falsificacion-de-eta-en-2009\\\/#breadcrumblist\",\"itemListElement\":[{\"@type\":\"ListItem\",\"@id\":\"https:\\\/\\\/www.eldigitaldeasturias.com\\\/noticias#listItem\",\"position\":1,\"name\":\"Home\",\"item\":\"https:\\\/\\\/www.eldigitaldeasturias.com\\\/noticias\",\"nextItem\":{\"@type\":\"ListItem\",\"@id\":\"https:\\\/\\\/www.eldigitaldeasturias.com\\\/noticias\\\/category\\\/sucesos\\\/#listItem\",\"name\":\"Sucesos\"}},{\"@type\":\"ListItem\",\"@id\":\"https:\\\/\\\/www.eldigitaldeasturias.com\\\/noticias\\\/category\\\/sucesos\\\/#listItem\",\"position\":2,\"name\":\"Sucesos\",\"item\":\"https:\\\/\\\/www.eldigitaldeasturias.com\\\/noticias\\\/category\\\/sucesos\\\/\",\"nextItem\":{\"@type\":\"ListItem\",\"@id\":\"https:\\\/\\\/www.eldigitaldeasturias.com\\\/noticias\\\/la-fiscalia-francesa-dice-que-sirvent-estaba-al-frente-de-la-extorsion-y-la-falsificacion-de-eta-en-2009\\\/#listItem\",\"name\":\"La Fiscal\\u00eda francesa dice que Sirvent estaba al frente de la extorsi\\u00f3n y la falsificaci\\u00f3n de ETA en 2009\"},\"previousItem\":{\"@type\":\"ListItem\",\"@id\":\"https:\\\/\\\/www.eldigitaldeasturias.com\\\/noticias#listItem\",\"name\":\"Home\"}},{\"@type\":\"ListItem\",\"@id\":\"https:\\\/\\\/www.eldigitaldeasturias.com\\\/noticias\\\/la-fiscalia-francesa-dice-que-sirvent-estaba-al-frente-de-la-extorsion-y-la-falsificacion-de-eta-en-2009\\\/#listItem\",\"position\":3,\"name\":\"La Fiscal\\u00eda francesa dice que Sirvent estaba al frente de la extorsi\\u00f3n y la falsificaci\\u00f3n de ETA en 2009\",\"previousItem\":{\"@type\":\"ListItem\",\"@id\":\"https:\\\/\\\/www.eldigitaldeasturias.com\\\/noticias\\\/category\\\/sucesos\\\/#listItem\",\"name\":\"Sucesos\"}}]},{\"@type\":\"Organization\",\"@id\":\"https:\\\/\\\/www.eldigitaldeasturias.com\\\/noticias\\\/#organization\",\"name\":\"El Digital de Asturias\",\"description\":\"Hemeroteca\",\"url\":\"https:\\\/\\\/www.eldigitaldeasturias.com\\\/noticias\\\/\",\"email\":\"info@eldigitaldeasturias.com\",\"telephone\":\"+34652131393\",\"logo\":{\"@type\":\"ImageObject\",\"url\":\"https:\\\/\\\/www.eldigitaldeasturias.com\\\/noticias\\\/wp-content\\\/uploads\\\/2020\\\/12\\\/EDA.jpg\",\"@id\":\"https:\\\/\\\/www.eldigitaldeasturias.com\\\/noticias\\\/la-fiscalia-francesa-dice-que-sirvent-estaba-al-frente-de-la-extorsion-y-la-falsificacion-de-eta-en-2009\\\/#organizationLogo\"},\"image\":{\"@id\":\"https:\\\/\\\/www.eldigitaldeasturias.com\\\/noticias\\\/la-fiscalia-francesa-dice-que-sirvent-estaba-al-frente-de-la-extorsion-y-la-falsificacion-de-eta-en-2009\\\/#organizationLogo\"},\"sameAs\":[\"https:\\\/\\\/facebook.com\\\/eldigitaldeasturias\",\"https:\\\/\\\/www.youtube.com\\\/channel\\\/UCZP-2wLEB9Rv6erhFmqVnvg\"],\"address\":{\"@id\":\"https:\\\/\\\/www.eldigitaldeasturias.com\\\/noticias\\\/#postaladdress\",\"@type\":\"PostalAddress\",\"streetAddress\":\"san antonio 4\",\"postalCode\":\"33430\",\"addressLocality\":\"Cand\\u00e1s\",\"addressRegion\":\"Asturias\",\"addressCountry\":\"ES\"}},{\"@type\":\"Person\",\"@id\":\"https:\\\/\\\/www.eldigitaldeasturias.com\\\/noticias\\\/author\\\/admin\\\/#author\",\"url\":\"https:\\\/\\\/www.eldigitaldeasturias.com\\\/noticias\\\/author\\\/admin\\\/\",\"name\":\"El Digital de Asturias\",\"image\":{\"@type\":\"ImageObject\",\"@id\":\"https:\\\/\\\/www.eldigitaldeasturias.com\\\/noticias\\\/la-fiscalia-francesa-dice-que-sirvent-estaba-al-frente-de-la-extorsion-y-la-falsificacion-de-eta-en-2009\\\/#authorImage\",\"url\":\"https:\\\/\\\/secure.gravatar.com\\\/avatar\\\/df2aeffc32bcd13f8d26072ef8a91b623d677766deac7f97ca815868cd41bf5e?s=96&d=mm&r=g\",\"width\":96,\"height\":96,\"caption\":\"El Digital de Asturias\"}},{\"@type\":\"WebPage\",\"@id\":\"https:\\\/\\\/www.eldigitaldeasturias.com\\\/noticias\\\/la-fiscalia-francesa-dice-que-sirvent-estaba-al-frente-de-la-extorsion-y-la-falsificacion-de-eta-en-2009\\\/#webpage\",\"url\":\"https:\\\/\\\/www.eldigitaldeasturias.com\\\/noticias\\\/la-fiscalia-francesa-dice-que-sirvent-estaba-al-frente-de-la-extorsion-y-la-falsificacion-de-eta-en-2009\\\/\",\"name\":\"La Fiscal\\u00eda francesa dice que Sirvent estaba al frente de la extorsi\\u00f3n y la falsificaci\\u00f3n de ETA en 2009 - El Digital de Asturias\",\"description\":\"Par\\u00eds, 5 dic (EFE).- El etarra Ekaitz Sirvent estaba al frente de las estructuras de extorsi\\u00f3n (\\\"Gezi\\\") y de falsificaci\\u00f3n (\\\"Fal\\\") de la organizaci\\u00f3n terrorista cuando fue detenido en Par\\u00eds en abril de 2009, se\\u00f1al\\u00f3 hoy la Fiscal\\u00eda francesa. \\\"Al ser arrestado estaba a la cabeza de esas dos estructuras\\\", se\\u00f1al\\u00f3 el fiscal Jean-Fran\\u00e7ois Ricard,\",\"inLanguage\":\"es-ES\",\"isPartOf\":{\"@id\":\"https:\\\/\\\/www.eldigitaldeasturias.com\\\/noticias\\\/#website\"},\"breadcrumb\":{\"@id\":\"https:\\\/\\\/www.eldigitaldeasturias.com\\\/noticias\\\/la-fiscalia-francesa-dice-que-sirvent-estaba-al-frente-de-la-extorsion-y-la-falsificacion-de-eta-en-2009\\\/#breadcrumblist\"},\"author\":{\"@id\":\"https:\\\/\\\/www.eldigitaldeasturias.com\\\/noticias\\\/author\\\/admin\\\/#author\"},\"creator\":{\"@id\":\"https:\\\/\\\/www.eldigitaldeasturias.com\\\/noticias\\\/author\\\/admin\\\/#author\"},\"image\":{\"@type\":\"ImageObject\",\"url\":458248,\"@id\":\"https:\\\/\\\/www.eldigitaldeasturias.com\\\/noticias\\\/la-fiscalia-francesa-dice-que-sirvent-estaba-al-frente-de-la-extorsion-y-la-falsificacion-de-eta-en-2009\\\/#mainImage\"},\"primaryImageOfPage\":{\"@id\":\"https:\\\/\\\/www.eldigitaldeasturias.com\\\/noticias\\\/la-fiscalia-francesa-dice-que-sirvent-estaba-al-frente-de-la-extorsion-y-la-falsificacion-de-eta-en-2009\\\/#mainImage\"},\"datePublished\":\"2013-12-05T22:22:17+01:00\",\"dateModified\":\"2013-12-05T22:22:17+01:00\"},{\"@type\":\"WebSite\",\"@id\":\"https:\\\/\\\/www.eldigitaldeasturias.com\\\/noticias\\\/#website\",\"url\":\"https:\\\/\\\/www.eldigitaldeasturias.com\\\/noticias\\\/\",\"name\":\"El Digital de Asturias - Diario de actualidad y noticias\",\"alternateName\":\"El Digital de Asturias - Diario de actualidad y noticias\",\"description\":\"Hemeroteca\",\"inLanguage\":\"es-ES\",\"publisher\":{\"@id\":\"https:\\\/\\\/www.eldigitaldeasturias.com\\\/noticias\\\/#organization\"}}]}\n\t\t<\/script>\n\t\t<!-- All in One SEO Pro -->\r\n\t\t<title>La Fiscal\u00eda francesa dice que Sirvent estaba al frente de la extorsi\u00f3n y la falsificaci\u00f3n de ETA en 2009 - El Digital de Asturias<\/title>\n\n","aioseo_head_json":{"title":"La Fiscal\u00eda francesa dice que Sirvent estaba al frente de la extorsi\u00f3n y la falsificaci\u00f3n de ETA en 2009 - El Digital de Asturias","description":"Par\u00eds, 5 dic (EFE).- El etarra Ekaitz Sirvent estaba al frente de las estructuras de extorsi\u00f3n (\"Gezi\") y de falsificaci\u00f3n (\"Fal\") de la organizaci\u00f3n terrorista cuando fue detenido en Par\u00eds en abril de 2009, se\u00f1al\u00f3 hoy la Fiscal\u00eda francesa. \"Al ser arrestado estaba a la cabeza de esas dos estructuras\", se\u00f1al\u00f3 el fiscal Jean-Fran\u00e7ois Ricard,","canonical_url":"https:\/\/www.eldigitaldeasturias.com\/noticias\/la-fiscalia-francesa-dice-que-sirvent-estaba-al-frente-de-la-extorsion-y-la-falsificacion-de-eta-en-2009\/","robots":"max-image-preview:large","keywords":"sucesos","webmasterTools":{"google-site-verification":"UA-38556648-1","msvalidate.01":"7dfe9f3f1b24437ab69f4f2559babe99","miscellaneous":""},"schema":{"@context":"https:\/\/schema.org","@graph":[{"@type":"BlogPosting","@id":"https:\/\/www.eldigitaldeasturias.com\/noticias\/la-fiscalia-francesa-dice-que-sirvent-estaba-al-frente-de-la-extorsion-y-la-falsificacion-de-eta-en-2009\/#blogposting","name":"La Fiscal\u00eda francesa dice que Sirvent estaba al frente de la extorsi\u00f3n y la falsificaci\u00f3n de ETA en 2009 - El Digital de Asturias","headline":"La Fiscal\u00eda francesa dice que Sirvent estaba al frente de la extorsi\u00f3n y la falsificaci\u00f3n de ETA en 2009","author":{"@id":"https:\/\/www.eldigitaldeasturias.com\/noticias\/author\/admin\/#author"},"publisher":{"@id":"https:\/\/www.eldigitaldeasturias.com\/noticias\/#organization"},"image":{"@type":"ImageObject","url":458248},"datePublished":"2013-12-05T22:22:17+01:00","dateModified":"2013-12-05T22:22:17+01:00","inLanguage":"es-ES","mainEntityOfPage":{"@id":"https:\/\/www.eldigitaldeasturias.com\/noticias\/la-fiscalia-francesa-dice-que-sirvent-estaba-al-frente-de-la-extorsion-y-la-falsificacion-de-eta-en-2009\/#webpage"},"isPartOf":{"@id":"https:\/\/www.eldigitaldeasturias.com\/noticias\/la-fiscalia-francesa-dice-que-sirvent-estaba-al-frente-de-la-extorsion-y-la-falsificacion-de-eta-en-2009\/#webpage"},"articleSection":"Sucesos"},{"@type":"BreadcrumbList","@id":"https:\/\/www.eldigitaldeasturias.com\/noticias\/la-fiscalia-francesa-dice-que-sirvent-estaba-al-frente-de-la-extorsion-y-la-falsificacion-de-eta-en-2009\/#breadcrumblist","itemListElement":[{"@type":"ListItem","@id":"https:\/\/www.eldigitaldeasturias.com\/noticias#listItem","position":1,"name":"Home","item":"https:\/\/www.eldigitaldeasturias.com\/noticias","nextItem":{"@type":"ListItem","@id":"https:\/\/www.eldigitaldeasturias.com\/noticias\/category\/sucesos\/#listItem","name":"Sucesos"}},{"@type":"ListItem","@id":"https:\/\/www.eldigitaldeasturias.com\/noticias\/category\/sucesos\/#listItem","position":2,"name":"Sucesos","item":"https:\/\/www.eldigitaldeasturias.com\/noticias\/category\/sucesos\/","nextItem":{"@type":"ListItem","@id":"https:\/\/www.eldigitaldeasturias.com\/noticias\/la-fiscalia-francesa-dice-que-sirvent-estaba-al-frente-de-la-extorsion-y-la-falsificacion-de-eta-en-2009\/#listItem","name":"La Fiscal\u00eda francesa dice que Sirvent estaba al frente de la extorsi\u00f3n y la falsificaci\u00f3n de ETA en 2009"},"previousItem":{"@type":"ListItem","@id":"https:\/\/www.eldigitaldeasturias.com\/noticias#listItem","name":"Home"}},{"@type":"ListItem","@id":"https:\/\/www.eldigitaldeasturias.com\/noticias\/la-fiscalia-francesa-dice-que-sirvent-estaba-al-frente-de-la-extorsion-y-la-falsificacion-de-eta-en-2009\/#listItem","position":3,"name":"La Fiscal\u00eda francesa dice que Sirvent estaba al frente de la extorsi\u00f3n y la falsificaci\u00f3n de ETA en 2009","previousItem":{"@type":"ListItem","@id":"https:\/\/www.eldigitaldeasturias.com\/noticias\/category\/sucesos\/#listItem","name":"Sucesos"}}]},{"@type":"Organization","@id":"https:\/\/www.eldigitaldeasturias.com\/noticias\/#organization","name":"El Digital de Asturias","description":"Hemeroteca","url":"https:\/\/www.eldigitaldeasturias.com\/noticias\/","email":"info@eldigitaldeasturias.com","telephone":"+34652131393","logo":{"@type":"ImageObject","url":"https:\/\/www.eldigitaldeasturias.com\/noticias\/wp-content\/uploads\/2020\/12\/EDA.jpg","@id":"https:\/\/www.eldigitaldeasturias.com\/noticias\/la-fiscalia-francesa-dice-que-sirvent-estaba-al-frente-de-la-extorsion-y-la-falsificacion-de-eta-en-2009\/#organizationLogo"},"image":{"@id":"https:\/\/www.eldigitaldeasturias.com\/noticias\/la-fiscalia-francesa-dice-que-sirvent-estaba-al-frente-de-la-extorsion-y-la-falsificacion-de-eta-en-2009\/#organizationLogo"},"sameAs":["https:\/\/facebook.com\/eldigitaldeasturias","https:\/\/www.youtube.com\/channel\/UCZP-2wLEB9Rv6erhFmqVnvg"],"address":{"@id":"https:\/\/www.eldigitaldeasturias.com\/noticias\/#postaladdress","@type":"PostalAddress","streetAddress":"san antonio 4","postalCode":"33430","addressLocality":"Cand\u00e1s","addressRegion":"Asturias","addressCountry":"ES"}},{"@type":"Person","@id":"https:\/\/www.eldigitaldeasturias.com\/noticias\/author\/admin\/#author","url":"https:\/\/www.eldigitaldeasturias.com\/noticias\/author\/admin\/","name":"El Digital de Asturias","image":{"@type":"ImageObject","@id":"https:\/\/www.eldigitaldeasturias.com\/noticias\/la-fiscalia-francesa-dice-que-sirvent-estaba-al-frente-de-la-extorsion-y-la-falsificacion-de-eta-en-2009\/#authorImage","url":"https:\/\/secure.gravatar.com\/avatar\/df2aeffc32bcd13f8d26072ef8a91b623d677766deac7f97ca815868cd41bf5e?s=96&d=mm&r=g","width":96,"height":96,"caption":"El Digital de Asturias"}},{"@type":"WebPage","@id":"https:\/\/www.eldigitaldeasturias.com\/noticias\/la-fiscalia-francesa-dice-que-sirvent-estaba-al-frente-de-la-extorsion-y-la-falsificacion-de-eta-en-2009\/#webpage","url":"https:\/\/www.eldigitaldeasturias.com\/noticias\/la-fiscalia-francesa-dice-que-sirvent-estaba-al-frente-de-la-extorsion-y-la-falsificacion-de-eta-en-2009\/","name":"La Fiscal\u00eda francesa dice que Sirvent estaba al frente de la extorsi\u00f3n y la falsificaci\u00f3n de ETA en 2009 - El Digital de Asturias","description":"Par\u00eds, 5 dic (EFE).- El etarra Ekaitz Sirvent estaba al frente de las estructuras de extorsi\u00f3n (\"Gezi\") y de falsificaci\u00f3n (\"Fal\") de la organizaci\u00f3n terrorista cuando fue detenido en Par\u00eds en abril de 2009, se\u00f1al\u00f3 hoy la Fiscal\u00eda francesa. \"Al ser arrestado estaba a la cabeza de esas dos estructuras\", se\u00f1al\u00f3 el fiscal Jean-Fran\u00e7ois Ricard,","inLanguage":"es-ES","isPartOf":{"@id":"https:\/\/www.eldigitaldeasturias.com\/noticias\/#website"},"breadcrumb":{"@id":"https:\/\/www.eldigitaldeasturias.com\/noticias\/la-fiscalia-francesa-dice-que-sirvent-estaba-al-frente-de-la-extorsion-y-la-falsificacion-de-eta-en-2009\/#breadcrumblist"},"author":{"@id":"https:\/\/www.eldigitaldeasturias.com\/noticias\/author\/admin\/#author"},"creator":{"@id":"https:\/\/www.eldigitaldeasturias.com\/noticias\/author\/admin\/#author"},"image":{"@type":"ImageObject","url":458248,"@id":"https:\/\/www.eldigitaldeasturias.com\/noticias\/la-fiscalia-francesa-dice-que-sirvent-estaba-al-frente-de-la-extorsion-y-la-falsificacion-de-eta-en-2009\/#mainImage"},"primaryImageOfPage":{"@id":"https:\/\/www.eldigitaldeasturias.com\/noticias\/la-fiscalia-francesa-dice-que-sirvent-estaba-al-frente-de-la-extorsion-y-la-falsificacion-de-eta-en-2009\/#mainImage"},"datePublished":"2013-12-05T22:22:17+01:00","dateModified":"2013-12-05T22:22:17+01:00"},{"@type":"WebSite","@id":"https:\/\/www.eldigitaldeasturias.com\/noticias\/#website","url":"https:\/\/www.eldigitaldeasturias.com\/noticias\/","name":"El Digital de Asturias - Diario de actualidad y noticias","alternateName":"El Digital de Asturias - Diario de actualidad y noticias","description":"Hemeroteca","inLanguage":"es-ES","publisher":{"@id":"https:\/\/www.eldigitaldeasturias.com\/noticias\/#organization"}}]},"og:locale":"es_ES","og:site_name":"El Digital de Asturias","og:type":"article","og:title":"La Fiscal\u00eda francesa dice que Sirvent estaba al frente de la extorsi\u00f3n y la falsificaci\u00f3n de ETA en 2009 - El Digital de Asturias","og:description":"Par\u00eds, 5 dic (EFE).- El etarra Ekaitz Sirvent estaba al frente de las estructuras de extorsi\u00f3n (&quot;Gezi&quot;) y de falsificaci\u00f3n (&quot;Fal&quot;) de la organizaci\u00f3n terrorista cuando fue detenido en Par\u00eds en abril de 2009, se\u00f1al\u00f3 hoy la Fiscal\u00eda francesa. &quot;Al ser arrestado estaba a la cabeza de esas dos estructuras&quot;, se\u00f1al\u00f3 el fiscal Jean-Fran\u00e7ois Ricard,","og:url":"https:\/\/www.eldigitaldeasturias.com\/noticias\/la-fiscalia-francesa-dice-que-sirvent-estaba-al-frente-de-la-extorsion-y-la-falsificacion-de-eta-en-2009\/","article:tag":["sucesos"],"article:published_time":"2013-12-05T23:22:17+00:00","article:modified_time":"2013-12-05T23:22:17+00:00","article:publisher":"https:\/\/facebook.com\/eldigitaldeasturias","twitter:card":"summary_large_image","twitter:title":"La Fiscal\u00eda francesa dice que Sirvent estaba al frente de la extorsi\u00f3n y la falsificaci\u00f3n de ETA en 2009 - El Digital de Asturias","twitter:description":"Par\u00eds, 5 dic (EFE).- El etarra Ekaitz Sirvent estaba al frente de las estructuras de extorsi\u00f3n (&quot;Gezi&quot;) y de falsificaci\u00f3n (&quot;Fal&quot;) de la organizaci\u00f3n terrorista cuando fue detenido en Par\u00eds en abril de 2009, se\u00f1al\u00f3 hoy la Fiscal\u00eda francesa. &quot;Al ser arrestado estaba a la cabeza de esas dos estructuras&quot;, se\u00f1al\u00f3 el fiscal Jean-Fran\u00e7ois Ricard,","twitter:label1":"Escrito por","twitter:data1":"El Digital de Asturias","twitter:label2":"Tiempo de lectura estimado","twitter:data2":"3 minutos"},"aioseo_meta_data":{"post_id":"458247","title":null,"description":null,"keywords":null,"keyphrases":null,"primary_term":null,"canonical_url":null,"og_title":null,"og_description":null,"og_object_type":"default","og_image_type":"default","og_image_url":null,"og_image_width":null,"og_image_height":null,"og_image_custom_url":null,"og_image_custom_fields":null,"og_video":null,"og_custom_url":null,"og_article_section":null,"og_article_tags":null,"twitter_use_og":true,"twitter_card":"default","twitter_image_type":"default","twitter_image_url":null,"twitter_image_custom_url":null,"twitter_image_custom_fields":null,"twitter_title":null,"twitter_description":null,"schema":{"blockGraphs":[],"customGraphs":[],"default":{"data":{"Article":[],"Course":[],"Dataset":[],"FAQPage":[],"Movie":[],"Person":[],"Product":[],"ProductReview":[],"Car":[],"Recipe":[],"Service":[],"SoftwareApplication":[],"WebPage":[]},"graphName":"","isEnabled":true},"graphs":[],"defaultGraph":"","defaultPostTypeGraph":""},"schema_type":null,"schema_type_options":null,"pillar_content":false,"robots_default":true,"robots_noindex":false,"robots_noarchive":false,"robots_nosnippet":false,"robots_nofollow":false,"robots_noimageindex":false,"robots_noodp":false,"robots_notranslate":false,"robots_max_snippet":null,"robots_max_videopreview":null,"robots_max_imagepreview":"none","priority":null,"frequency":null,"local_seo":null,"seo_analyzer_scan_date":"2026-05-30 04:55:12","breadcrumb_settings":null,"limit_modified_date":false,"open_ai":null,"ai":null,"created":"2020-11-14 22:46:16","updated":"2026-05-30 04:55:12","focus_keyword":null,"additional_keywords":null,"truseo_locale":null},"aioseo_breadcrumb":"<div class=\"aioseo-breadcrumbs\"><span class=\"aioseo-breadcrumb\">\n\t<a href=\"https:\/\/www.eldigitaldeasturias.com\/noticias\" title=\"Home\">Home<\/a>\n<\/span><span class=\"aioseo-breadcrumb-separator\">\u2013<\/span><span class=\"aioseo-breadcrumb\">\n\t<a href=\"https:\/\/www.eldigitaldeasturias.com\/noticias\/category\/sucesos\/\" title=\"Sucesos\">Sucesos<\/a>\n<\/span><span class=\"aioseo-breadcrumb-separator\">\u2013<\/span><span class=\"aioseo-breadcrumb\">\n\t<a href=\"https:\/\/www.eldigitaldeasturias.com\/noticias\/la-fiscalia-francesa-dice-que-sirvent-estaba-al-frente-de-la-extorsion-y-la-falsificacion-de-eta-en-2009\/\" title=\"La Fiscal\u00eda francesa dice que Sirvent estaba al frente de la extorsi\u00f3n y la falsificaci\u00f3n de ETA en 2009\">La Fiscal\u00eda francesa dice que Sirvent estaba al frente de la extorsi\u00f3n y la falsificaci\u00f3n de ETA en 2009<\/a>\n<\/span><\/div>","aioseo_breadcrumb_json":[{"label":"Home","link":"https:\/\/www.eldigitaldeasturias.com\/noticias"},{"label":"Sucesos","link":"https:\/\/www.eldigitaldeasturias.com\/noticias\/category\/sucesos\/"},{"label":"La Fiscal\u00eda francesa dice que Sirvent estaba al frente de la extorsi\u00f3n y la falsificaci\u00f3n de ETA en 2009","link":"https:\/\/www.eldigitaldeasturias.com\/noticias\/la-fiscalia-francesa-dice-que-sirvent-estaba-al-frente-de-la-extorsion-y-la-falsificacion-de-eta-en-2009\/"}],"_links":{"self":[{"href":"https:\/\/www.eldigitaldeasturias.com\/noticias\/wp-json\/wp\/v2\/posts\/458247","targetHints":{"allow":["GET"]}}],"collection":[{"href":"https:\/\/www.eldigitaldeasturias.com\/noticias\/wp-json\/wp\/v2\/posts"}],"about":[{"href":"https:\/\/www.eldigitaldeasturias.com\/noticias\/wp-json\/wp\/v2\/types\/post"}],"author":[{"embeddable":true,"href":"https:\/\/www.eldigitaldeasturias.com\/noticias\/wp-json\/wp\/v2\/users\/1"}],"replies":[{"embeddable":true,"href":"https:\/\/www.eldigitaldeasturias.com\/noticias\/wp-json\/wp\/v2\/comments?post=458247"}],"version-history":[{"count":0,"href":"https:\/\/www.eldigitaldeasturias.com\/noticias\/wp-json\/wp\/v2\/posts\/458247\/revisions"}],"wp:attachment":[{"href":"https:\/\/www.eldigitaldeasturias.com\/noticias\/wp-json\/wp\/v2\/media?parent=458247"}],"wp:term":[{"taxonomy":"category","embeddable":true,"href":"https:\/\/www.eldigitaldeasturias.com\/noticias\/wp-json\/wp\/v2\/categories?post=458247"},{"taxonomy":"post_tag","embeddable":true,"href":"https:\/\/www.eldigitaldeasturias.com\/noticias\/wp-json\/wp\/v2\/tags?post=458247"}],"curies":[{"name":"wp","href":"https:\/\/api.w.org\/{rel}","templated":true}]}}