{"id":458228,"date":"2013-12-05T22:04:55","date_gmt":"2013-12-05T23:04:55","guid":{"rendered":"http:\/\/www.eldigitaldeasturias.com\/noticias\/?p=458228"},"modified":"2013-12-05T22:04:55","modified_gmt":"2013-12-05T23:04:55","slug":"escritores-piden-en-la-feria-de-guadalajara-descentralizar-la-literatura","status":"publish","type":"post","link":"https:\/\/www.eldigitaldeasturias.com\/noticias\/escritores-piden-en-la-feria-de-guadalajara-descentralizar-la-literatura\/","title":{"rendered":"Escritores piden en la Feria de Guadalajara \u00abdescentralizar\u00bb la literatura"},"content":{"rendered":"<p><img loading=\"lazy\" decoding=\"async\" class=\"alignleft size-medium wp-image-458229\" alt=\"5774128w\" src=\"https:\/\/www.eldigitaldeasturias.com\/noticias\/wp-content\/uploads\/2013\/12\/5774128w-213x320.jpg\" width=\"213\" height=\"320\" \/>Guadalajara (M\u00e9xico), 5 dic (EFE).- Varios escritores latinoamericanos que participan en la Feria Internacional del Libro de Guadalajara (FIL) instaron a \u00abdescentralizar\u00bb los foros e iniciativas que determinan qu\u00e9 es la buena literatura y fomentan los programas para apoyar a los nuevos autores.<\/p>\n<p>Proyectos como Bogot\u00e1 39, de Colombia, el de Los 25 secretos mejor guardados de Am\u00e9rica Latina, impulsado por la FIL, y los que promueve la revista brit\u00e1nica Granta, fueron algunas de las iniciativas que valoraron como positivas en ocasiones, pero capaces tambi\u00e9n de volverse contra ellos.<\/p>\n<p>\u00abCreo que mientras m\u00e1s descentralizado est\u00e9 el mundo de las letras, mucho mejor. Mientras m\u00e1s circuitos alternativos se creen, mucho mejor\u00bb, dijo este mi\u00e9rcoles en rueda de prensa el boliviano Edmundo Paz Sold\u00e1n.<\/p>\n<p>Consider\u00f3 que \u00absi hay varios lugares donde est\u00e1n surgiendo nombres (&#8230;) todo eso es \u00fatil\u00bb m\u00e1s all\u00e1 de que sean Madrid, Ciudad de M\u00e9xico, Barcelona o Buenos Aires, por citar algunos, los lugares que proyecten a los nuevos talentos literarios.<\/p>\n<p>Paz Sold\u00e1n lament\u00f3, por ejemplo, que al pedirle una antolog\u00eda andina en un encargo desde Estados Unidos, le marcaran \u00abla cancha\u00bb acotando qui\u00e9n est\u00e1 dentro de las letras andinas, considerando en ellas a autores de Ecuador, Bolivia y Per\u00fa nada m\u00e1s, no a los de Colombia.<\/p>\n<p>Por su parte el colombiano Juan \u00c1lvarez llam\u00f3 la atenci\u00f3n sobre la importancia que tienen \u00ablos procesos\u00bb para seleccionar a los escritores que se suman a los nuevos proyectos literarios.<\/p>\n<p>Lament\u00f3 que en ocasiones importen m\u00e1s los nombres que los procesos que conducen a determinadas selecciones y, con iron\u00eda, invit\u00f3 a quienes los organizan a introducir cl\u00e1usulas que \u00abobliguen\u00bb a los autores elegidos a dejar la literatura si la obra literaria que crean tras participar no es de la calidad que se les exigi\u00f3.<\/p>\n<p>\u00abLa gente, a medida que se hace m\u00e1s famosa, tiende a escribir peores libros, aunque eso es dif\u00edcil de demostrar; no estoy seguro\u00bb, agreg\u00f3.<\/p>\n<p>A su vez la argentina Mar\u00eda Teresa Andruetto deplor\u00f3 tambi\u00e9n que quiz\u00e1s en estos procesos \u00abinteresen m\u00e1s los nombres que las obras\u00bb, cuando deb\u00eda ser al rev\u00e9s.<\/p>\n<p>Una representante de la FIL, Melina Flores, explic\u00f3 que en la experiencia de la feria mexicana con la iniciativa llamada \u00abLos veinticinco secretos mejor guardados de Am\u00e9rica Latina\u00bb, lanzada hace dos a\u00f1os, se dieron cuenta de que 25 participantes \u00abno eran suficientes y no pod\u00edamos encajonar a tantos pa\u00edses\u00bb con esa cifra de exponentes.<\/p>\n<p>Se\u00f1al\u00f3 que tal vez lo recomendable es tratar estos programas con m\u00e1s humildad y propiciar \u00fanicamente foros \u00abde autores que charlen\u00bb y que se percaten de que \u00abtienen m\u00e1s coincidencias adem\u00e1s del idioma\u00bb.<\/p>\n","protected":false},"excerpt":{"rendered":"<p>Guadalajara (M\u00e9xico), 5 dic (EFE).- Varios escritores latinoamericanos que participan en la Feria Internacional del Libro de Guadalajara (FIL) instaron a \u00abdescentralizar\u00bb los foros e iniciativas que determinan qu\u00e9 es la buena literatura y fomentan los programas para apoyar a los nuevos autores. Proyectos como Bogot\u00e1 39, de Colombia, el de Los 25 secretos mejor [&hellip;]<\/p>\n","protected":false},"author":1,"featured_media":458229,"comment_status":"closed","ping_status":"open","sticky":false,"template":"","format":"standard","meta":{"footnotes":""},"categories":[50],"tags":[],"class_list":["post-458228","post","type-post","status-publish","format-standard","has-post-thumbnail","hentry","category-revista-de-ocio"],"aioseo_notices":[],"aioseo_head":"\n\t\t<!-- All in One SEO Pro 5.0.1 - aioseo.com -->\n\t<meta name=\"description\" content=\"Guadalajara (M\u00e9xico), 5 dic (EFE).- Varios escritores latinoamericanos que participan en la Feria Internacional del Libro de Guadalajara (FIL) instaron a &quot;descentralizar&quot; los foros e iniciativas que determinan qu\u00e9 es la buena literatura y fomentan los programas para apoyar a los nuevos autores. Proyectos como Bogot\u00e1 39, de Colombia, el de Los 25 secretos mejor\" \/>\n\t<meta name=\"robots\" content=\"max-image-preview:large\" \/>\n\t<meta name=\"author\" content=\"El Digital de Asturias\"\/>\n\t<meta name=\"google-site-verification\" content=\"UA-38556648-1\" \/>\n\t<meta name=\"msvalidate.01\" content=\"7dfe9f3f1b24437ab69f4f2559babe99\" \/>\n\t<meta name=\"keywords\" content=\"revista de ocio\" \/>\n\t<link rel=\"canonical\" href=\"https:\/\/www.eldigitaldeasturias.com\/noticias\/escritores-piden-en-la-feria-de-guadalajara-descentralizar-la-literatura\/\" \/>\n\t<meta name=\"generator\" content=\"All in One SEO Pro (AIOSEO) 5.0.1\" \/>\n\t\t<meta property=\"og:locale\" content=\"es_ES\" \/>\n\t\t<meta property=\"og:site_name\" content=\"El Digital de Asturias\" \/>\n\t\t<meta property=\"og:type\" content=\"article\" \/>\n\t\t<meta property=\"og:title\" content=\"Escritores piden en la Feria de Guadalajara \u00abdescentralizar\u00bb la literatura - El Digital de Asturias\" \/>\n\t\t<meta property=\"og:description\" content=\"Guadalajara (M\u00e9xico), 5 dic (EFE).- Varios escritores latinoamericanos que participan en la Feria Internacional del Libro de Guadalajara (FIL) instaron a &quot;descentralizar&quot; los foros e iniciativas que determinan qu\u00e9 es la buena literatura y fomentan los programas para apoyar a los nuevos autores. Proyectos como Bogot\u00e1 39, de Colombia, el de Los 25 secretos mejor\" \/>\n\t\t<meta property=\"og:url\" content=\"https:\/\/www.eldigitaldeasturias.com\/noticias\/escritores-piden-en-la-feria-de-guadalajara-descentralizar-la-literatura\/\" \/>\n\t\t<meta property=\"article:tag\" content=\"revista de ocio\" \/>\n\t\t<meta property=\"article:published_time\" content=\"2013-12-05T23:04:55+00:00\" \/>\n\t\t<meta property=\"article:modified_time\" content=\"2013-12-05T23:04:55+00:00\" \/>\n\t\t<meta property=\"article:publisher\" content=\"https:\/\/facebook.com\/eldigitaldeasturias\" \/>\n\t\t<meta name=\"twitter:card\" content=\"summary_large_image\" \/>\n\t\t<meta name=\"twitter:title\" content=\"Escritores piden en la Feria de Guadalajara \u00abdescentralizar\u00bb la literatura - El Digital de Asturias\" \/>\n\t\t<meta name=\"twitter:description\" content=\"Guadalajara (M\u00e9xico), 5 dic (EFE).- Varios escritores latinoamericanos que participan en la Feria Internacional del Libro de Guadalajara (FIL) instaron a &quot;descentralizar&quot; los foros e iniciativas que determinan qu\u00e9 es la buena literatura y fomentan los programas para apoyar a los nuevos autores. Proyectos como Bogot\u00e1 39, de Colombia, el de Los 25 secretos mejor\" \/>\n\t\t<meta name=\"twitter:label1\" content=\"Escrito por\" \/>\n\t\t<meta name=\"twitter:data1\" content=\"El Digital de Asturias\" \/>\n\t\t<meta name=\"twitter:label2\" content=\"Tiempo de lectura estimado\" \/>\n\t\t<meta name=\"twitter:data2\" content=\"2 minutos\" \/>\n\t\t<script type=\"application\/ld+json\" class=\"aioseo-schema\">\n\t\t\t{\"@context\":\"https:\\\/\\\/schema.org\",\"@graph\":[{\"@type\":\"BlogPosting\",\"@id\":\"https:\\\/\\\/www.eldigitaldeasturias.com\\\/noticias\\\/escritores-piden-en-la-feria-de-guadalajara-descentralizar-la-literatura\\\/#blogposting\",\"name\":\"Escritores piden en la Feria de Guadalajara \\u00abdescentralizar\\u00bb la literatura - El Digital de Asturias\",\"headline\":\"Escritores piden en la Feria de Guadalajara \\u00abdescentralizar\\u00bb la literatura\",\"author\":{\"@id\":\"https:\\\/\\\/www.eldigitaldeasturias.com\\\/noticias\\\/author\\\/admin\\\/#author\"},\"publisher\":{\"@id\":\"https:\\\/\\\/www.eldigitaldeasturias.com\\\/noticias\\\/#organization\"},\"image\":{\"@type\":\"ImageObject\",\"url\":458229},\"datePublished\":\"2013-12-05T22:04:55+01:00\",\"dateModified\":\"2013-12-05T22:04:55+01:00\",\"inLanguage\":\"es-ES\",\"mainEntityOfPage\":{\"@id\":\"https:\\\/\\\/www.eldigitaldeasturias.com\\\/noticias\\\/escritores-piden-en-la-feria-de-guadalajara-descentralizar-la-literatura\\\/#webpage\"},\"isPartOf\":{\"@id\":\"https:\\\/\\\/www.eldigitaldeasturias.com\\\/noticias\\\/escritores-piden-en-la-feria-de-guadalajara-descentralizar-la-literatura\\\/#webpage\"},\"articleSection\":\"Revista de Ocio\"},{\"@type\":\"BreadcrumbList\",\"@id\":\"https:\\\/\\\/www.eldigitaldeasturias.com\\\/noticias\\\/escritores-piden-en-la-feria-de-guadalajara-descentralizar-la-literatura\\\/#breadcrumblist\",\"itemListElement\":[{\"@type\":\"ListItem\",\"@id\":\"https:\\\/\\\/www.eldigitaldeasturias.com\\\/noticias#listItem\",\"position\":1,\"name\":\"Home\",\"item\":\"https:\\\/\\\/www.eldigitaldeasturias.com\\\/noticias\",\"nextItem\":{\"@type\":\"ListItem\",\"@id\":\"https:\\\/\\\/www.eldigitaldeasturias.com\\\/noticias\\\/category\\\/revista-de-ocio\\\/#listItem\",\"name\":\"Revista de Ocio\"}},{\"@type\":\"ListItem\",\"@id\":\"https:\\\/\\\/www.eldigitaldeasturias.com\\\/noticias\\\/category\\\/revista-de-ocio\\\/#listItem\",\"position\":2,\"name\":\"Revista de Ocio\",\"item\":\"https:\\\/\\\/www.eldigitaldeasturias.com\\\/noticias\\\/category\\\/revista-de-ocio\\\/\",\"nextItem\":{\"@type\":\"ListItem\",\"@id\":\"https:\\\/\\\/www.eldigitaldeasturias.com\\\/noticias\\\/escritores-piden-en-la-feria-de-guadalajara-descentralizar-la-literatura\\\/#listItem\",\"name\":\"Escritores piden en la Feria de Guadalajara \\u00abdescentralizar\\u00bb la literatura\"},\"previousItem\":{\"@type\":\"ListItem\",\"@id\":\"https:\\\/\\\/www.eldigitaldeasturias.com\\\/noticias#listItem\",\"name\":\"Home\"}},{\"@type\":\"ListItem\",\"@id\":\"https:\\\/\\\/www.eldigitaldeasturias.com\\\/noticias\\\/escritores-piden-en-la-feria-de-guadalajara-descentralizar-la-literatura\\\/#listItem\",\"position\":3,\"name\":\"Escritores piden en la Feria de Guadalajara \\u00abdescentralizar\\u00bb la literatura\",\"previousItem\":{\"@type\":\"ListItem\",\"@id\":\"https:\\\/\\\/www.eldigitaldeasturias.com\\\/noticias\\\/category\\\/revista-de-ocio\\\/#listItem\",\"name\":\"Revista de Ocio\"}}]},{\"@type\":\"Organization\",\"@id\":\"https:\\\/\\\/www.eldigitaldeasturias.com\\\/noticias\\\/#organization\",\"name\":\"El Digital de Asturias\",\"description\":\"Hemeroteca\",\"url\":\"https:\\\/\\\/www.eldigitaldeasturias.com\\\/noticias\\\/\",\"email\":\"info@eldigitaldeasturias.com\",\"telephone\":\"+34652131393\",\"logo\":{\"@type\":\"ImageObject\",\"url\":\"https:\\\/\\\/www.eldigitaldeasturias.com\\\/noticias\\\/wp-content\\\/uploads\\\/2020\\\/12\\\/EDA.jpg\",\"@id\":\"https:\\\/\\\/www.eldigitaldeasturias.com\\\/noticias\\\/escritores-piden-en-la-feria-de-guadalajara-descentralizar-la-literatura\\\/#organizationLogo\"},\"image\":{\"@id\":\"https:\\\/\\\/www.eldigitaldeasturias.com\\\/noticias\\\/escritores-piden-en-la-feria-de-guadalajara-descentralizar-la-literatura\\\/#organizationLogo\"},\"sameAs\":[\"https:\\\/\\\/facebook.com\\\/eldigitaldeasturias\",\"https:\\\/\\\/www.youtube.com\\\/channel\\\/UCZP-2wLEB9Rv6erhFmqVnvg\"],\"address\":{\"@id\":\"https:\\\/\\\/www.eldigitaldeasturias.com\\\/noticias\\\/#postaladdress\",\"@type\":\"PostalAddress\",\"streetAddress\":\"san antonio 4\",\"postalCode\":\"33430\",\"addressLocality\":\"Cand\\u00e1s\",\"addressRegion\":\"Asturias\",\"addressCountry\":\"ES\"}},{\"@type\":\"Person\",\"@id\":\"https:\\\/\\\/www.eldigitaldeasturias.com\\\/noticias\\\/author\\\/admin\\\/#author\",\"url\":\"https:\\\/\\\/www.eldigitaldeasturias.com\\\/noticias\\\/author\\\/admin\\\/\",\"name\":\"El Digital de Asturias\",\"image\":{\"@type\":\"ImageObject\",\"@id\":\"https:\\\/\\\/www.eldigitaldeasturias.com\\\/noticias\\\/escritores-piden-en-la-feria-de-guadalajara-descentralizar-la-literatura\\\/#authorImage\",\"url\":\"https:\\\/\\\/secure.gravatar.com\\\/avatar\\\/df2aeffc32bcd13f8d26072ef8a91b623d677766deac7f97ca815868cd41bf5e?s=96&d=mm&r=g\",\"width\":96,\"height\":96,\"caption\":\"El Digital de Asturias\"}},{\"@type\":\"WebPage\",\"@id\":\"https:\\\/\\\/www.eldigitaldeasturias.com\\\/noticias\\\/escritores-piden-en-la-feria-de-guadalajara-descentralizar-la-literatura\\\/#webpage\",\"url\":\"https:\\\/\\\/www.eldigitaldeasturias.com\\\/noticias\\\/escritores-piden-en-la-feria-de-guadalajara-descentralizar-la-literatura\\\/\",\"name\":\"Escritores piden en la Feria de Guadalajara \\u00abdescentralizar\\u00bb la literatura - El Digital de Asturias\",\"description\":\"Guadalajara (M\\u00e9xico), 5 dic (EFE).- Varios escritores latinoamericanos que participan en la Feria Internacional del Libro de Guadalajara (FIL) instaron a \\\"descentralizar\\\" los foros e iniciativas que determinan qu\\u00e9 es la buena literatura y fomentan los programas para apoyar a los nuevos autores. Proyectos como Bogot\\u00e1 39, de Colombia, el de Los 25 secretos mejor\",\"inLanguage\":\"es-ES\",\"isPartOf\":{\"@id\":\"https:\\\/\\\/www.eldigitaldeasturias.com\\\/noticias\\\/#website\"},\"breadcrumb\":{\"@id\":\"https:\\\/\\\/www.eldigitaldeasturias.com\\\/noticias\\\/escritores-piden-en-la-feria-de-guadalajara-descentralizar-la-literatura\\\/#breadcrumblist\"},\"author\":{\"@id\":\"https:\\\/\\\/www.eldigitaldeasturias.com\\\/noticias\\\/author\\\/admin\\\/#author\"},\"creator\":{\"@id\":\"https:\\\/\\\/www.eldigitaldeasturias.com\\\/noticias\\\/author\\\/admin\\\/#author\"},\"image\":{\"@type\":\"ImageObject\",\"url\":458229,\"@id\":\"https:\\\/\\\/www.eldigitaldeasturias.com\\\/noticias\\\/escritores-piden-en-la-feria-de-guadalajara-descentralizar-la-literatura\\\/#mainImage\"},\"primaryImageOfPage\":{\"@id\":\"https:\\\/\\\/www.eldigitaldeasturias.com\\\/noticias\\\/escritores-piden-en-la-feria-de-guadalajara-descentralizar-la-literatura\\\/#mainImage\"},\"datePublished\":\"2013-12-05T22:04:55+01:00\",\"dateModified\":\"2013-12-05T22:04:55+01:00\"},{\"@type\":\"WebSite\",\"@id\":\"https:\\\/\\\/www.eldigitaldeasturias.com\\\/noticias\\\/#website\",\"url\":\"https:\\\/\\\/www.eldigitaldeasturias.com\\\/noticias\\\/\",\"name\":\"El Digital de Asturias - Diario de actualidad y noticias\",\"alternateName\":\"El Digital de Asturias - Diario de actualidad y noticias\",\"description\":\"Hemeroteca\",\"inLanguage\":\"es-ES\",\"publisher\":{\"@id\":\"https:\\\/\\\/www.eldigitaldeasturias.com\\\/noticias\\\/#organization\"}}]}\n\t\t<\/script>\n\t\t<!-- All in One SEO Pro -->\r\n\t\t<title>Escritores piden en la Feria de Guadalajara \u00abdescentralizar\u00bb la literatura - El Digital de Asturias<\/title>\n\n","aioseo_head_json":{"title":"Escritores piden en la Feria de Guadalajara \u00abdescentralizar\u00bb la literatura - El Digital de Asturias","description":"Guadalajara (M\u00e9xico), 5 dic (EFE).- Varios escritores latinoamericanos que participan en la Feria Internacional del Libro de Guadalajara (FIL) instaron a \"descentralizar\" los foros e iniciativas que determinan qu\u00e9 es la buena literatura y fomentan los programas para apoyar a los nuevos autores. Proyectos como Bogot\u00e1 39, de Colombia, el de Los 25 secretos mejor","canonical_url":"https:\/\/www.eldigitaldeasturias.com\/noticias\/escritores-piden-en-la-feria-de-guadalajara-descentralizar-la-literatura\/","robots":"max-image-preview:large","keywords":"revista de ocio","webmasterTools":{"google-site-verification":"UA-38556648-1","msvalidate.01":"7dfe9f3f1b24437ab69f4f2559babe99","miscellaneous":""},"schema":{"@context":"https:\/\/schema.org","@graph":[{"@type":"BlogPosting","@id":"https:\/\/www.eldigitaldeasturias.com\/noticias\/escritores-piden-en-la-feria-de-guadalajara-descentralizar-la-literatura\/#blogposting","name":"Escritores piden en la Feria de Guadalajara \u00abdescentralizar\u00bb la literatura - El Digital de Asturias","headline":"Escritores piden en la Feria de Guadalajara \u00abdescentralizar\u00bb la literatura","author":{"@id":"https:\/\/www.eldigitaldeasturias.com\/noticias\/author\/admin\/#author"},"publisher":{"@id":"https:\/\/www.eldigitaldeasturias.com\/noticias\/#organization"},"image":{"@type":"ImageObject","url":458229},"datePublished":"2013-12-05T22:04:55+01:00","dateModified":"2013-12-05T22:04:55+01:00","inLanguage":"es-ES","mainEntityOfPage":{"@id":"https:\/\/www.eldigitaldeasturias.com\/noticias\/escritores-piden-en-la-feria-de-guadalajara-descentralizar-la-literatura\/#webpage"},"isPartOf":{"@id":"https:\/\/www.eldigitaldeasturias.com\/noticias\/escritores-piden-en-la-feria-de-guadalajara-descentralizar-la-literatura\/#webpage"},"articleSection":"Revista de Ocio"},{"@type":"BreadcrumbList","@id":"https:\/\/www.eldigitaldeasturias.com\/noticias\/escritores-piden-en-la-feria-de-guadalajara-descentralizar-la-literatura\/#breadcrumblist","itemListElement":[{"@type":"ListItem","@id":"https:\/\/www.eldigitaldeasturias.com\/noticias#listItem","position":1,"name":"Home","item":"https:\/\/www.eldigitaldeasturias.com\/noticias","nextItem":{"@type":"ListItem","@id":"https:\/\/www.eldigitaldeasturias.com\/noticias\/category\/revista-de-ocio\/#listItem","name":"Revista de Ocio"}},{"@type":"ListItem","@id":"https:\/\/www.eldigitaldeasturias.com\/noticias\/category\/revista-de-ocio\/#listItem","position":2,"name":"Revista de Ocio","item":"https:\/\/www.eldigitaldeasturias.com\/noticias\/category\/revista-de-ocio\/","nextItem":{"@type":"ListItem","@id":"https:\/\/www.eldigitaldeasturias.com\/noticias\/escritores-piden-en-la-feria-de-guadalajara-descentralizar-la-literatura\/#listItem","name":"Escritores piden en la Feria de Guadalajara \u00abdescentralizar\u00bb la literatura"},"previousItem":{"@type":"ListItem","@id":"https:\/\/www.eldigitaldeasturias.com\/noticias#listItem","name":"Home"}},{"@type":"ListItem","@id":"https:\/\/www.eldigitaldeasturias.com\/noticias\/escritores-piden-en-la-feria-de-guadalajara-descentralizar-la-literatura\/#listItem","position":3,"name":"Escritores piden en la Feria de Guadalajara \u00abdescentralizar\u00bb la literatura","previousItem":{"@type":"ListItem","@id":"https:\/\/www.eldigitaldeasturias.com\/noticias\/category\/revista-de-ocio\/#listItem","name":"Revista de Ocio"}}]},{"@type":"Organization","@id":"https:\/\/www.eldigitaldeasturias.com\/noticias\/#organization","name":"El Digital de Asturias","description":"Hemeroteca","url":"https:\/\/www.eldigitaldeasturias.com\/noticias\/","email":"info@eldigitaldeasturias.com","telephone":"+34652131393","logo":{"@type":"ImageObject","url":"https:\/\/www.eldigitaldeasturias.com\/noticias\/wp-content\/uploads\/2020\/12\/EDA.jpg","@id":"https:\/\/www.eldigitaldeasturias.com\/noticias\/escritores-piden-en-la-feria-de-guadalajara-descentralizar-la-literatura\/#organizationLogo"},"image":{"@id":"https:\/\/www.eldigitaldeasturias.com\/noticias\/escritores-piden-en-la-feria-de-guadalajara-descentralizar-la-literatura\/#organizationLogo"},"sameAs":["https:\/\/facebook.com\/eldigitaldeasturias","https:\/\/www.youtube.com\/channel\/UCZP-2wLEB9Rv6erhFmqVnvg"],"address":{"@id":"https:\/\/www.eldigitaldeasturias.com\/noticias\/#postaladdress","@type":"PostalAddress","streetAddress":"san antonio 4","postalCode":"33430","addressLocality":"Cand\u00e1s","addressRegion":"Asturias","addressCountry":"ES"}},{"@type":"Person","@id":"https:\/\/www.eldigitaldeasturias.com\/noticias\/author\/admin\/#author","url":"https:\/\/www.eldigitaldeasturias.com\/noticias\/author\/admin\/","name":"El Digital de Asturias","image":{"@type":"ImageObject","@id":"https:\/\/www.eldigitaldeasturias.com\/noticias\/escritores-piden-en-la-feria-de-guadalajara-descentralizar-la-literatura\/#authorImage","url":"https:\/\/secure.gravatar.com\/avatar\/df2aeffc32bcd13f8d26072ef8a91b623d677766deac7f97ca815868cd41bf5e?s=96&d=mm&r=g","width":96,"height":96,"caption":"El Digital de Asturias"}},{"@type":"WebPage","@id":"https:\/\/www.eldigitaldeasturias.com\/noticias\/escritores-piden-en-la-feria-de-guadalajara-descentralizar-la-literatura\/#webpage","url":"https:\/\/www.eldigitaldeasturias.com\/noticias\/escritores-piden-en-la-feria-de-guadalajara-descentralizar-la-literatura\/","name":"Escritores piden en la Feria de Guadalajara \u00abdescentralizar\u00bb la literatura - El Digital de Asturias","description":"Guadalajara (M\u00e9xico), 5 dic (EFE).- Varios escritores latinoamericanos que participan en la Feria Internacional del Libro de Guadalajara (FIL) instaron a \"descentralizar\" los foros e iniciativas que determinan qu\u00e9 es la buena literatura y fomentan los programas para apoyar a los nuevos autores. Proyectos como Bogot\u00e1 39, de Colombia, el de Los 25 secretos mejor","inLanguage":"es-ES","isPartOf":{"@id":"https:\/\/www.eldigitaldeasturias.com\/noticias\/#website"},"breadcrumb":{"@id":"https:\/\/www.eldigitaldeasturias.com\/noticias\/escritores-piden-en-la-feria-de-guadalajara-descentralizar-la-literatura\/#breadcrumblist"},"author":{"@id":"https:\/\/www.eldigitaldeasturias.com\/noticias\/author\/admin\/#author"},"creator":{"@id":"https:\/\/www.eldigitaldeasturias.com\/noticias\/author\/admin\/#author"},"image":{"@type":"ImageObject","url":458229,"@id":"https:\/\/www.eldigitaldeasturias.com\/noticias\/escritores-piden-en-la-feria-de-guadalajara-descentralizar-la-literatura\/#mainImage"},"primaryImageOfPage":{"@id":"https:\/\/www.eldigitaldeasturias.com\/noticias\/escritores-piden-en-la-feria-de-guadalajara-descentralizar-la-literatura\/#mainImage"},"datePublished":"2013-12-05T22:04:55+01:00","dateModified":"2013-12-05T22:04:55+01:00"},{"@type":"WebSite","@id":"https:\/\/www.eldigitaldeasturias.com\/noticias\/#website","url":"https:\/\/www.eldigitaldeasturias.com\/noticias\/","name":"El Digital de Asturias - Diario de actualidad y noticias","alternateName":"El Digital de Asturias - Diario de actualidad y noticias","description":"Hemeroteca","inLanguage":"es-ES","publisher":{"@id":"https:\/\/www.eldigitaldeasturias.com\/noticias\/#organization"}}]},"og:locale":"es_ES","og:site_name":"El Digital de Asturias","og:type":"article","og:title":"Escritores piden en la Feria de Guadalajara \u00abdescentralizar\u00bb la literatura - El Digital de Asturias","og:description":"Guadalajara (M\u00e9xico), 5 dic (EFE).- Varios escritores latinoamericanos que participan en la Feria Internacional del Libro de Guadalajara (FIL) instaron a &quot;descentralizar&quot; los foros e iniciativas que determinan qu\u00e9 es la buena literatura y fomentan los programas para apoyar a los nuevos autores. Proyectos como Bogot\u00e1 39, de Colombia, el de Los 25 secretos mejor","og:url":"https:\/\/www.eldigitaldeasturias.com\/noticias\/escritores-piden-en-la-feria-de-guadalajara-descentralizar-la-literatura\/","article:tag":["revista de ocio"],"article:published_time":"2013-12-05T23:04:55+00:00","article:modified_time":"2013-12-05T23:04:55+00:00","article:publisher":"https:\/\/facebook.com\/eldigitaldeasturias","twitter:card":"summary_large_image","twitter:title":"Escritores piden en la Feria de Guadalajara \u00abdescentralizar\u00bb la literatura - El Digital de Asturias","twitter:description":"Guadalajara (M\u00e9xico), 5 dic (EFE).- Varios escritores latinoamericanos que participan en la Feria Internacional del Libro de Guadalajara (FIL) instaron a &quot;descentralizar&quot; los foros e iniciativas que determinan qu\u00e9 es la buena literatura y fomentan los programas para apoyar a los nuevos autores. Proyectos como Bogot\u00e1 39, de Colombia, el de Los 25 secretos mejor","twitter:label1":"Escrito por","twitter:data1":"El Digital de Asturias","twitter:label2":"Tiempo de lectura estimado","twitter:data2":"2 minutos"},"aioseo_meta_data":{"post_id":"458228","title":null,"description":null,"keywords":null,"keyphrases":null,"primary_term":null,"canonical_url":null,"og_title":null,"og_description":null,"og_object_type":"default","og_image_type":"default","og_image_url":null,"og_image_width":null,"og_image_height":null,"og_image_custom_url":null,"og_image_custom_fields":null,"og_video":null,"og_custom_url":null,"og_article_section":null,"og_article_tags":null,"twitter_use_og":true,"twitter_card":"default","twitter_image_type":"default","twitter_image_url":null,"twitter_image_custom_url":null,"twitter_image_custom_fields":null,"twitter_title":null,"twitter_description":null,"schema":{"blockGraphs":[],"customGraphs":[],"default":{"data":{"Article":[],"Course":[],"Dataset":[],"FAQPage":[],"Movie":[],"Person":[],"Product":[],"ProductReview":[],"Car":[],"Recipe":[],"Service":[],"SoftwareApplication":[],"WebPage":[]},"graphName":"","isEnabled":true},"graphs":[],"defaultGraph":"","defaultPostTypeGraph":""},"schema_type":null,"schema_type_options":null,"pillar_content":false,"robots_default":true,"robots_noindex":false,"robots_noarchive":false,"robots_nosnippet":false,"robots_nofollow":false,"robots_noimageindex":false,"robots_noodp":false,"robots_notranslate":false,"robots_max_snippet":null,"robots_max_videopreview":null,"robots_max_imagepreview":"none","priority":null,"frequency":null,"local_seo":null,"seo_analyzer_scan_date":"2026-05-30 04:53:04","breadcrumb_settings":null,"limit_modified_date":false,"open_ai":null,"ai":null,"created":"2020-11-14 22:46:16","updated":"2026-05-30 04:53:04","focus_keyword":null,"additional_keywords":null,"truseo_locale":null},"aioseo_breadcrumb":"<div class=\"aioseo-breadcrumbs\"><span class=\"aioseo-breadcrumb\">\n\t<a href=\"https:\/\/www.eldigitaldeasturias.com\/noticias\" title=\"Home\">Home<\/a>\n<\/span><span class=\"aioseo-breadcrumb-separator\">\u2013<\/span><span class=\"aioseo-breadcrumb\">\n\t<a href=\"https:\/\/www.eldigitaldeasturias.com\/noticias\/category\/revista-de-ocio\/\" title=\"Revista de Ocio\">Revista de Ocio<\/a>\n<\/span><span class=\"aioseo-breadcrumb-separator\">\u2013<\/span><span class=\"aioseo-breadcrumb\">\n\t<a href=\"https:\/\/www.eldigitaldeasturias.com\/noticias\/escritores-piden-en-la-feria-de-guadalajara-descentralizar-la-literatura\/\" title=\"Escritores piden en la Feria de Guadalajara \u00abdescentralizar\u00bb la literatura\">Escritores piden en la Feria de Guadalajara \u00abdescentralizar\u00bb la literatura<\/a>\n<\/span><\/div>","aioseo_breadcrumb_json":[{"label":"Home","link":"https:\/\/www.eldigitaldeasturias.com\/noticias"},{"label":"Revista de Ocio","link":"https:\/\/www.eldigitaldeasturias.com\/noticias\/category\/revista-de-ocio\/"},{"label":"Escritores piden en la Feria de Guadalajara \u00abdescentralizar\u00bb la literatura","link":"https:\/\/www.eldigitaldeasturias.com\/noticias\/escritores-piden-en-la-feria-de-guadalajara-descentralizar-la-literatura\/"}],"_links":{"self":[{"href":"https:\/\/www.eldigitaldeasturias.com\/noticias\/wp-json\/wp\/v2\/posts\/458228","targetHints":{"allow":["GET"]}}],"collection":[{"href":"https:\/\/www.eldigitaldeasturias.com\/noticias\/wp-json\/wp\/v2\/posts"}],"about":[{"href":"https:\/\/www.eldigitaldeasturias.com\/noticias\/wp-json\/wp\/v2\/types\/post"}],"author":[{"embeddable":true,"href":"https:\/\/www.eldigitaldeasturias.com\/noticias\/wp-json\/wp\/v2\/users\/1"}],"replies":[{"embeddable":true,"href":"https:\/\/www.eldigitaldeasturias.com\/noticias\/wp-json\/wp\/v2\/comments?post=458228"}],"version-history":[{"count":0,"href":"https:\/\/www.eldigitaldeasturias.com\/noticias\/wp-json\/wp\/v2\/posts\/458228\/revisions"}],"wp:attachment":[{"href":"https:\/\/www.eldigitaldeasturias.com\/noticias\/wp-json\/wp\/v2\/media?parent=458228"}],"wp:term":[{"taxonomy":"category","embeddable":true,"href":"https:\/\/www.eldigitaldeasturias.com\/noticias\/wp-json\/wp\/v2\/categories?post=458228"},{"taxonomy":"post_tag","embeddable":true,"href":"https:\/\/www.eldigitaldeasturias.com\/noticias\/wp-json\/wp\/v2\/tags?post=458228"}],"curies":[{"name":"wp","href":"https:\/\/api.w.org\/{rel}","templated":true}]}}