{"id":458222,"date":"2013-12-05T22:02:04","date_gmt":"2013-12-05T23:02:04","guid":{"rendered":"http:\/\/www.eldigitaldeasturias.com\/noticias\/?p=458222"},"modified":"2013-12-05T22:02:04","modified_gmt":"2013-12-05T23:02:04","slug":"amos-oz-cuando-leo-a-garcia-marquez-soy-de-macondo-de-aracataca","status":"publish","type":"post","link":"https:\/\/www.eldigitaldeasturias.com\/noticias\/amos-oz-cuando-leo-a-garcia-marquez-soy-de-macondo-de-aracataca\/","title":{"rendered":"Amos Oz: \u00abCuando leo a Garc\u00eda M\u00e1rquez soy de Macondo, de Aracataca\u00bb"},"content":{"rendered":"<p><img loading=\"lazy\" decoding=\"async\" class=\"alignleft size-medium wp-image-458223\" alt=\"5774063w\" src=\"https:\/\/www.eldigitaldeasturias.com\/noticias\/wp-content\/uploads\/2013\/12\/5774063w-360x235.jpg\" width=\"360\" height=\"235\" \/>Guadalajara (M\u00e9xico), 5 dic (EFE).- El escritor israel\u00ed Amos Oz se hizo presente este mi\u00e9rcoes en la Feria Internacional del Libro de Guadalajara (FIL) con una entrevista pregrabada en la que expres\u00f3 su profunda devoci\u00f3n por la literatura y por la capacidad que tiene para hacernos vivir situaciones que no son propiamente nuestras.<\/p>\n<p>\u00abCualquiera de nosotros puede ser israel\u00ed, o mexicano o jud\u00edo (&#8230;). Esto es lo que hace (la literatura): Cuando leo a Garc\u00eda M\u00e1rquez soy de Macondo, de Aracataca\u00bb, declar\u00f3 en la entrevista, difundida en presencia de sus hijos, Galia y Daniel Oz, quienes comentaron las palabras de su padre.<\/p>\n<p>\u00abEllos son las mejores partes de m\u00ed\u00bb, dijo el autor israel\u00ed, quien ofreci\u00f3 una disculpa \u00abpor no poder ir f\u00edsicamente\u00bb a M\u00e9xico y a cambio dej\u00f3 sus reflexiones en la entrevista que le hizo un canal p\u00fablico mexicano.<\/p>\n<p>Amos Oz (Jerusal\u00e9n, 1939) se\u00f1al\u00f3 que leyendo ficciones \u00abcualquier hombre puede ser una mujer, cualquier mujer, un hombre, un ni\u00f1o puede ser un anciano y un anciano, un jovencito hasta cierto punto\u00bb.<\/p>\n<p>Consider\u00f3 \u00abun milagro\u00bb las ocasiones en que los libros le \u00abdevuelven la carta de un seguidor\u00bb que a veces ha entendido sus obras mejor que \u00e9l mismo.<\/p>\n<p>Indic\u00f3 que ese proceso de recreaci\u00f3n \u00abno es completamente satisfactorio\u00bb pero a continuaci\u00f3n recalc\u00f3 que vale la pena experimentarlo \u00abhasta cierto punto\u00bb.<\/p>\n<p>Tambi\u00e9n consider\u00f3 que \u00ableer literatura es el mejor modo de viajar\u00bb, y tambi\u00e9n el m\u00e1s barato, que adem\u00e1s te permite, si te sumerges en un texto de Marcel Proust, ser invitado a \u00ablos dormitorios, las cocinas\u00bb que aparecen en una historia e incluso convertirte \u00aben parte de otro pa\u00eds\u00bb.<\/p>\n<p>Amos Oz confes\u00f3 que de lo que escribe es de lo que m\u00e1s conoce, que en su caso es \u00abal pueblo jud\u00edo\u00bb, del que dijo que ha construido una sociedad que \u00abviene de una pel\u00edcula de (Federico) Fellini, no de una de (Ingmar) Bergman\u00bb.<\/p>\n<p>M\u00e1s que otra cosa consider\u00f3 el pilar de la cultura jud\u00eda la sucesi\u00f3n de textos que se han escrito durante miles de a\u00f1os, los mismos que se llevaron siempre los jud\u00edos cuando fueron perseguidos u oprimidos.<\/p>\n<p>\u00abLa l\u00ednea de los jud\u00edos no es de sangre, no tiene que ver con las gentes\u00bb sino con \u00abuna inmensa colecci\u00f3n de textos escritos durante miles de a\u00f1os\u00bb y que est\u00e1n interrelacionados.<\/p>\n<p>\u00abLos textos son las pir\u00e1mides de los jud\u00edos, sus catedrales, son lo mismo que la Gran Muralla es para los chinos (&#8230;). Somos un pueblo de textos\u00bb, abund\u00f3.<\/p>\n<p>Tras escuchar las palabras de su padre, Galia Oz confes\u00f3 que ella misma no es \u00abuna admiradora todo el tiempo de la tradici\u00f3n jud\u00eda basada en textos\u00bb porque cree que esa postura exalta cierto tipo de chauvinismo y pretende \u00abmantener la tribu junta, sin que entre otro de afuera\u00bb.<\/p>\n<p>Consider\u00f3 que esa noci\u00f3n entronca con un \u00abenfoque fan\u00e1tico\u00bb que a\u00fan hoy existe en una pugna entre el liberalismo y \u00abel universalismo\u00bb por un lado, y por otro desde \u00abel aspecto teol\u00f3gico nacionalista\u00bb.<\/p>\n<p>La actividad form\u00f3 parte del programa de Israel en la XXVII edici\u00f3n de la Feria Internacional del Libro de Guadalajara, que este a\u00f1o tiene al Estado de Israel y a la cultura hebrea como invitados de honor.<\/p>\n","protected":false},"excerpt":{"rendered":"<p>Guadalajara (M\u00e9xico), 5 dic (EFE).- El escritor israel\u00ed Amos Oz se hizo presente este mi\u00e9rcoes en la Feria Internacional del Libro de Guadalajara (FIL) con una entrevista pregrabada en la que expres\u00f3 su profunda devoci\u00f3n por la literatura y por la capacidad que tiene para hacernos vivir situaciones que no son propiamente nuestras. \u00abCualquiera de [&hellip;]<\/p>\n","protected":false},"author":1,"featured_media":458223,"comment_status":"closed","ping_status":"open","sticky":false,"template":"","format":"standard","meta":{"footnotes":""},"categories":[50],"tags":[],"class_list":["post-458222","post","type-post","status-publish","format-standard","has-post-thumbnail","hentry","category-revista-de-ocio"],"aioseo_notices":[],"aioseo_head":"\n\t\t<!-- All in One SEO Pro 5.0.1 - aioseo.com -->\n\t<meta name=\"description\" content=\"Guadalajara (M\u00e9xico), 5 dic (EFE).- El escritor israel\u00ed Amos Oz se hizo presente este mi\u00e9rcoes en la Feria Internacional del Libro de Guadalajara (FIL) con una entrevista pregrabada en la que expres\u00f3 su profunda devoci\u00f3n por la literatura y por la capacidad que tiene para hacernos vivir situaciones que no son propiamente nuestras. &quot;Cualquiera de\" \/>\n\t<meta name=\"robots\" content=\"max-image-preview:large\" \/>\n\t<meta name=\"author\" content=\"El Digital de Asturias\"\/>\n\t<meta name=\"google-site-verification\" content=\"UA-38556648-1\" \/>\n\t<meta name=\"msvalidate.01\" content=\"7dfe9f3f1b24437ab69f4f2559babe99\" \/>\n\t<meta name=\"keywords\" content=\"revista de ocio\" \/>\n\t<link rel=\"canonical\" href=\"https:\/\/www.eldigitaldeasturias.com\/noticias\/amos-oz-cuando-leo-a-garcia-marquez-soy-de-macondo-de-aracataca\/\" \/>\n\t<meta name=\"generator\" content=\"All in One SEO Pro (AIOSEO) 5.0.1\" \/>\n\t\t<meta property=\"og:locale\" content=\"es_ES\" \/>\n\t\t<meta property=\"og:site_name\" content=\"El Digital de Asturias\" \/>\n\t\t<meta property=\"og:type\" content=\"article\" \/>\n\t\t<meta property=\"og:title\" content=\"Amos Oz: \u00abCuando leo a Garc\u00eda M\u00e1rquez soy de Macondo, de Aracataca\u00bb - El Digital de Asturias\" \/>\n\t\t<meta property=\"og:description\" content=\"Guadalajara (M\u00e9xico), 5 dic (EFE).- El escritor israel\u00ed Amos Oz se hizo presente este mi\u00e9rcoes en la Feria Internacional del Libro de Guadalajara (FIL) con una entrevista pregrabada en la que expres\u00f3 su profunda devoci\u00f3n por la literatura y por la capacidad que tiene para hacernos vivir situaciones que no son propiamente nuestras. &quot;Cualquiera de\" \/>\n\t\t<meta property=\"og:url\" content=\"https:\/\/www.eldigitaldeasturias.com\/noticias\/amos-oz-cuando-leo-a-garcia-marquez-soy-de-macondo-de-aracataca\/\" \/>\n\t\t<meta property=\"article:tag\" content=\"revista de ocio\" \/>\n\t\t<meta property=\"article:published_time\" content=\"2013-12-05T23:02:04+00:00\" \/>\n\t\t<meta property=\"article:modified_time\" content=\"2013-12-05T23:02:04+00:00\" \/>\n\t\t<meta property=\"article:publisher\" content=\"https:\/\/facebook.com\/eldigitaldeasturias\" \/>\n\t\t<meta name=\"twitter:card\" content=\"summary_large_image\" \/>\n\t\t<meta name=\"twitter:title\" content=\"Amos Oz: \u00abCuando leo a Garc\u00eda M\u00e1rquez soy de Macondo, de Aracataca\u00bb - El Digital de Asturias\" \/>\n\t\t<meta name=\"twitter:description\" content=\"Guadalajara (M\u00e9xico), 5 dic (EFE).- El escritor israel\u00ed Amos Oz se hizo presente este mi\u00e9rcoes en la Feria Internacional del Libro de Guadalajara (FIL) con una entrevista pregrabada en la que expres\u00f3 su profunda devoci\u00f3n por la literatura y por la capacidad que tiene para hacernos vivir situaciones que no son propiamente nuestras. &quot;Cualquiera de\" \/>\n\t\t<meta name=\"twitter:label1\" content=\"Escrito por\" \/>\n\t\t<meta name=\"twitter:data1\" content=\"El Digital de Asturias\" \/>\n\t\t<meta name=\"twitter:label2\" content=\"Tiempo de lectura estimado\" \/>\n\t\t<meta name=\"twitter:data2\" content=\"3 minutos\" \/>\n\t\t<script type=\"application\/ld+json\" class=\"aioseo-schema\">\n\t\t\t{\"@context\":\"https:\\\/\\\/schema.org\",\"@graph\":[{\"@type\":\"BlogPosting\",\"@id\":\"https:\\\/\\\/www.eldigitaldeasturias.com\\\/noticias\\\/amos-oz-cuando-leo-a-garcia-marquez-soy-de-macondo-de-aracataca\\\/#blogposting\",\"name\":\"Amos Oz: \\u00abCuando leo a Garc\\u00eda M\\u00e1rquez soy de Macondo, de Aracataca\\u00bb - El Digital de Asturias\",\"headline\":\"Amos Oz: \\u00abCuando leo a Garc\\u00eda M\\u00e1rquez soy de Macondo, de Aracataca\\u00bb\",\"author\":{\"@id\":\"https:\\\/\\\/www.eldigitaldeasturias.com\\\/noticias\\\/author\\\/admin\\\/#author\"},\"publisher\":{\"@id\":\"https:\\\/\\\/www.eldigitaldeasturias.com\\\/noticias\\\/#organization\"},\"image\":{\"@type\":\"ImageObject\",\"url\":458223},\"datePublished\":\"2013-12-05T22:02:04+01:00\",\"dateModified\":\"2013-12-05T22:02:04+01:00\",\"inLanguage\":\"es-ES\",\"mainEntityOfPage\":{\"@id\":\"https:\\\/\\\/www.eldigitaldeasturias.com\\\/noticias\\\/amos-oz-cuando-leo-a-garcia-marquez-soy-de-macondo-de-aracataca\\\/#webpage\"},\"isPartOf\":{\"@id\":\"https:\\\/\\\/www.eldigitaldeasturias.com\\\/noticias\\\/amos-oz-cuando-leo-a-garcia-marquez-soy-de-macondo-de-aracataca\\\/#webpage\"},\"articleSection\":\"Revista de Ocio\"},{\"@type\":\"BreadcrumbList\",\"@id\":\"https:\\\/\\\/www.eldigitaldeasturias.com\\\/noticias\\\/amos-oz-cuando-leo-a-garcia-marquez-soy-de-macondo-de-aracataca\\\/#breadcrumblist\",\"itemListElement\":[{\"@type\":\"ListItem\",\"@id\":\"https:\\\/\\\/www.eldigitaldeasturias.com\\\/noticias#listItem\",\"position\":1,\"name\":\"Home\",\"item\":\"https:\\\/\\\/www.eldigitaldeasturias.com\\\/noticias\",\"nextItem\":{\"@type\":\"ListItem\",\"@id\":\"https:\\\/\\\/www.eldigitaldeasturias.com\\\/noticias\\\/category\\\/revista-de-ocio\\\/#listItem\",\"name\":\"Revista de Ocio\"}},{\"@type\":\"ListItem\",\"@id\":\"https:\\\/\\\/www.eldigitaldeasturias.com\\\/noticias\\\/category\\\/revista-de-ocio\\\/#listItem\",\"position\":2,\"name\":\"Revista de Ocio\",\"item\":\"https:\\\/\\\/www.eldigitaldeasturias.com\\\/noticias\\\/category\\\/revista-de-ocio\\\/\",\"nextItem\":{\"@type\":\"ListItem\",\"@id\":\"https:\\\/\\\/www.eldigitaldeasturias.com\\\/noticias\\\/amos-oz-cuando-leo-a-garcia-marquez-soy-de-macondo-de-aracataca\\\/#listItem\",\"name\":\"Amos Oz: \\u00abCuando leo a Garc\\u00eda M\\u00e1rquez soy de Macondo, de Aracataca\\u00bb\"},\"previousItem\":{\"@type\":\"ListItem\",\"@id\":\"https:\\\/\\\/www.eldigitaldeasturias.com\\\/noticias#listItem\",\"name\":\"Home\"}},{\"@type\":\"ListItem\",\"@id\":\"https:\\\/\\\/www.eldigitaldeasturias.com\\\/noticias\\\/amos-oz-cuando-leo-a-garcia-marquez-soy-de-macondo-de-aracataca\\\/#listItem\",\"position\":3,\"name\":\"Amos Oz: \\u00abCuando leo a Garc\\u00eda M\\u00e1rquez soy de Macondo, de Aracataca\\u00bb\",\"previousItem\":{\"@type\":\"ListItem\",\"@id\":\"https:\\\/\\\/www.eldigitaldeasturias.com\\\/noticias\\\/category\\\/revista-de-ocio\\\/#listItem\",\"name\":\"Revista de Ocio\"}}]},{\"@type\":\"Organization\",\"@id\":\"https:\\\/\\\/www.eldigitaldeasturias.com\\\/noticias\\\/#organization\",\"name\":\"El Digital de Asturias\",\"description\":\"Hemeroteca\",\"url\":\"https:\\\/\\\/www.eldigitaldeasturias.com\\\/noticias\\\/\",\"email\":\"info@eldigitaldeasturias.com\",\"telephone\":\"+34652131393\",\"logo\":{\"@type\":\"ImageObject\",\"url\":\"https:\\\/\\\/www.eldigitaldeasturias.com\\\/noticias\\\/wp-content\\\/uploads\\\/2020\\\/12\\\/EDA.jpg\",\"@id\":\"https:\\\/\\\/www.eldigitaldeasturias.com\\\/noticias\\\/amos-oz-cuando-leo-a-garcia-marquez-soy-de-macondo-de-aracataca\\\/#organizationLogo\"},\"image\":{\"@id\":\"https:\\\/\\\/www.eldigitaldeasturias.com\\\/noticias\\\/amos-oz-cuando-leo-a-garcia-marquez-soy-de-macondo-de-aracataca\\\/#organizationLogo\"},\"sameAs\":[\"https:\\\/\\\/facebook.com\\\/eldigitaldeasturias\",\"https:\\\/\\\/www.youtube.com\\\/channel\\\/UCZP-2wLEB9Rv6erhFmqVnvg\"],\"address\":{\"@id\":\"https:\\\/\\\/www.eldigitaldeasturias.com\\\/noticias\\\/#postaladdress\",\"@type\":\"PostalAddress\",\"streetAddress\":\"san antonio 4\",\"postalCode\":\"33430\",\"addressLocality\":\"Cand\\u00e1s\",\"addressRegion\":\"Asturias\",\"addressCountry\":\"ES\"}},{\"@type\":\"Person\",\"@id\":\"https:\\\/\\\/www.eldigitaldeasturias.com\\\/noticias\\\/author\\\/admin\\\/#author\",\"url\":\"https:\\\/\\\/www.eldigitaldeasturias.com\\\/noticias\\\/author\\\/admin\\\/\",\"name\":\"El Digital de Asturias\",\"image\":{\"@type\":\"ImageObject\",\"@id\":\"https:\\\/\\\/www.eldigitaldeasturias.com\\\/noticias\\\/amos-oz-cuando-leo-a-garcia-marquez-soy-de-macondo-de-aracataca\\\/#authorImage\",\"url\":\"https:\\\/\\\/secure.gravatar.com\\\/avatar\\\/df2aeffc32bcd13f8d26072ef8a91b623d677766deac7f97ca815868cd41bf5e?s=96&d=mm&r=g\",\"width\":96,\"height\":96,\"caption\":\"El Digital de Asturias\"}},{\"@type\":\"WebPage\",\"@id\":\"https:\\\/\\\/www.eldigitaldeasturias.com\\\/noticias\\\/amos-oz-cuando-leo-a-garcia-marquez-soy-de-macondo-de-aracataca\\\/#webpage\",\"url\":\"https:\\\/\\\/www.eldigitaldeasturias.com\\\/noticias\\\/amos-oz-cuando-leo-a-garcia-marquez-soy-de-macondo-de-aracataca\\\/\",\"name\":\"Amos Oz: \\u00abCuando leo a Garc\\u00eda M\\u00e1rquez soy de Macondo, de Aracataca\\u00bb - El Digital de Asturias\",\"description\":\"Guadalajara (M\\u00e9xico), 5 dic (EFE).- El escritor israel\\u00ed Amos Oz se hizo presente este mi\\u00e9rcoes en la Feria Internacional del Libro de Guadalajara (FIL) con una entrevista pregrabada en la que expres\\u00f3 su profunda devoci\\u00f3n por la literatura y por la capacidad que tiene para hacernos vivir situaciones que no son propiamente nuestras. \\\"Cualquiera de\",\"inLanguage\":\"es-ES\",\"isPartOf\":{\"@id\":\"https:\\\/\\\/www.eldigitaldeasturias.com\\\/noticias\\\/#website\"},\"breadcrumb\":{\"@id\":\"https:\\\/\\\/www.eldigitaldeasturias.com\\\/noticias\\\/amos-oz-cuando-leo-a-garcia-marquez-soy-de-macondo-de-aracataca\\\/#breadcrumblist\"},\"author\":{\"@id\":\"https:\\\/\\\/www.eldigitaldeasturias.com\\\/noticias\\\/author\\\/admin\\\/#author\"},\"creator\":{\"@id\":\"https:\\\/\\\/www.eldigitaldeasturias.com\\\/noticias\\\/author\\\/admin\\\/#author\"},\"image\":{\"@type\":\"ImageObject\",\"url\":458223,\"@id\":\"https:\\\/\\\/www.eldigitaldeasturias.com\\\/noticias\\\/amos-oz-cuando-leo-a-garcia-marquez-soy-de-macondo-de-aracataca\\\/#mainImage\"},\"primaryImageOfPage\":{\"@id\":\"https:\\\/\\\/www.eldigitaldeasturias.com\\\/noticias\\\/amos-oz-cuando-leo-a-garcia-marquez-soy-de-macondo-de-aracataca\\\/#mainImage\"},\"datePublished\":\"2013-12-05T22:02:04+01:00\",\"dateModified\":\"2013-12-05T22:02:04+01:00\"},{\"@type\":\"WebSite\",\"@id\":\"https:\\\/\\\/www.eldigitaldeasturias.com\\\/noticias\\\/#website\",\"url\":\"https:\\\/\\\/www.eldigitaldeasturias.com\\\/noticias\\\/\",\"name\":\"El Digital de Asturias - Diario de actualidad y noticias\",\"alternateName\":\"El Digital de Asturias - Diario de actualidad y noticias\",\"description\":\"Hemeroteca\",\"inLanguage\":\"es-ES\",\"publisher\":{\"@id\":\"https:\\\/\\\/www.eldigitaldeasturias.com\\\/noticias\\\/#organization\"}}]}\n\t\t<\/script>\n\t\t<!-- All in One SEO Pro -->\r\n\t\t<title>Amos Oz: \u00abCuando leo a Garc\u00eda M\u00e1rquez soy de Macondo, de Aracataca\u00bb - El Digital de Asturias<\/title>\n\n","aioseo_head_json":{"title":"Amos Oz: \u00abCuando leo a Garc\u00eda M\u00e1rquez soy de Macondo, de Aracataca\u00bb - El Digital de Asturias","description":"Guadalajara (M\u00e9xico), 5 dic (EFE).- El escritor israel\u00ed Amos Oz se hizo presente este mi\u00e9rcoes en la Feria Internacional del Libro de Guadalajara (FIL) con una entrevista pregrabada en la que expres\u00f3 su profunda devoci\u00f3n por la literatura y por la capacidad que tiene para hacernos vivir situaciones que no son propiamente nuestras. \"Cualquiera de","canonical_url":"https:\/\/www.eldigitaldeasturias.com\/noticias\/amos-oz-cuando-leo-a-garcia-marquez-soy-de-macondo-de-aracataca\/","robots":"max-image-preview:large","keywords":"revista de ocio","webmasterTools":{"google-site-verification":"UA-38556648-1","msvalidate.01":"7dfe9f3f1b24437ab69f4f2559babe99","miscellaneous":""},"schema":{"@context":"https:\/\/schema.org","@graph":[{"@type":"BlogPosting","@id":"https:\/\/www.eldigitaldeasturias.com\/noticias\/amos-oz-cuando-leo-a-garcia-marquez-soy-de-macondo-de-aracataca\/#blogposting","name":"Amos Oz: \u00abCuando leo a Garc\u00eda M\u00e1rquez soy de Macondo, de Aracataca\u00bb - El Digital de Asturias","headline":"Amos Oz: \u00abCuando leo a Garc\u00eda M\u00e1rquez soy de Macondo, de Aracataca\u00bb","author":{"@id":"https:\/\/www.eldigitaldeasturias.com\/noticias\/author\/admin\/#author"},"publisher":{"@id":"https:\/\/www.eldigitaldeasturias.com\/noticias\/#organization"},"image":{"@type":"ImageObject","url":458223},"datePublished":"2013-12-05T22:02:04+01:00","dateModified":"2013-12-05T22:02:04+01:00","inLanguage":"es-ES","mainEntityOfPage":{"@id":"https:\/\/www.eldigitaldeasturias.com\/noticias\/amos-oz-cuando-leo-a-garcia-marquez-soy-de-macondo-de-aracataca\/#webpage"},"isPartOf":{"@id":"https:\/\/www.eldigitaldeasturias.com\/noticias\/amos-oz-cuando-leo-a-garcia-marquez-soy-de-macondo-de-aracataca\/#webpage"},"articleSection":"Revista de Ocio"},{"@type":"BreadcrumbList","@id":"https:\/\/www.eldigitaldeasturias.com\/noticias\/amos-oz-cuando-leo-a-garcia-marquez-soy-de-macondo-de-aracataca\/#breadcrumblist","itemListElement":[{"@type":"ListItem","@id":"https:\/\/www.eldigitaldeasturias.com\/noticias#listItem","position":1,"name":"Home","item":"https:\/\/www.eldigitaldeasturias.com\/noticias","nextItem":{"@type":"ListItem","@id":"https:\/\/www.eldigitaldeasturias.com\/noticias\/category\/revista-de-ocio\/#listItem","name":"Revista de Ocio"}},{"@type":"ListItem","@id":"https:\/\/www.eldigitaldeasturias.com\/noticias\/category\/revista-de-ocio\/#listItem","position":2,"name":"Revista de Ocio","item":"https:\/\/www.eldigitaldeasturias.com\/noticias\/category\/revista-de-ocio\/","nextItem":{"@type":"ListItem","@id":"https:\/\/www.eldigitaldeasturias.com\/noticias\/amos-oz-cuando-leo-a-garcia-marquez-soy-de-macondo-de-aracataca\/#listItem","name":"Amos Oz: \u00abCuando leo a Garc\u00eda M\u00e1rquez soy de Macondo, de Aracataca\u00bb"},"previousItem":{"@type":"ListItem","@id":"https:\/\/www.eldigitaldeasturias.com\/noticias#listItem","name":"Home"}},{"@type":"ListItem","@id":"https:\/\/www.eldigitaldeasturias.com\/noticias\/amos-oz-cuando-leo-a-garcia-marquez-soy-de-macondo-de-aracataca\/#listItem","position":3,"name":"Amos Oz: \u00abCuando leo a Garc\u00eda M\u00e1rquez soy de Macondo, de Aracataca\u00bb","previousItem":{"@type":"ListItem","@id":"https:\/\/www.eldigitaldeasturias.com\/noticias\/category\/revista-de-ocio\/#listItem","name":"Revista de Ocio"}}]},{"@type":"Organization","@id":"https:\/\/www.eldigitaldeasturias.com\/noticias\/#organization","name":"El Digital de Asturias","description":"Hemeroteca","url":"https:\/\/www.eldigitaldeasturias.com\/noticias\/","email":"info@eldigitaldeasturias.com","telephone":"+34652131393","logo":{"@type":"ImageObject","url":"https:\/\/www.eldigitaldeasturias.com\/noticias\/wp-content\/uploads\/2020\/12\/EDA.jpg","@id":"https:\/\/www.eldigitaldeasturias.com\/noticias\/amos-oz-cuando-leo-a-garcia-marquez-soy-de-macondo-de-aracataca\/#organizationLogo"},"image":{"@id":"https:\/\/www.eldigitaldeasturias.com\/noticias\/amos-oz-cuando-leo-a-garcia-marquez-soy-de-macondo-de-aracataca\/#organizationLogo"},"sameAs":["https:\/\/facebook.com\/eldigitaldeasturias","https:\/\/www.youtube.com\/channel\/UCZP-2wLEB9Rv6erhFmqVnvg"],"address":{"@id":"https:\/\/www.eldigitaldeasturias.com\/noticias\/#postaladdress","@type":"PostalAddress","streetAddress":"san antonio 4","postalCode":"33430","addressLocality":"Cand\u00e1s","addressRegion":"Asturias","addressCountry":"ES"}},{"@type":"Person","@id":"https:\/\/www.eldigitaldeasturias.com\/noticias\/author\/admin\/#author","url":"https:\/\/www.eldigitaldeasturias.com\/noticias\/author\/admin\/","name":"El Digital de Asturias","image":{"@type":"ImageObject","@id":"https:\/\/www.eldigitaldeasturias.com\/noticias\/amos-oz-cuando-leo-a-garcia-marquez-soy-de-macondo-de-aracataca\/#authorImage","url":"https:\/\/secure.gravatar.com\/avatar\/df2aeffc32bcd13f8d26072ef8a91b623d677766deac7f97ca815868cd41bf5e?s=96&d=mm&r=g","width":96,"height":96,"caption":"El Digital de Asturias"}},{"@type":"WebPage","@id":"https:\/\/www.eldigitaldeasturias.com\/noticias\/amos-oz-cuando-leo-a-garcia-marquez-soy-de-macondo-de-aracataca\/#webpage","url":"https:\/\/www.eldigitaldeasturias.com\/noticias\/amos-oz-cuando-leo-a-garcia-marquez-soy-de-macondo-de-aracataca\/","name":"Amos Oz: \u00abCuando leo a Garc\u00eda M\u00e1rquez soy de Macondo, de Aracataca\u00bb - El Digital de Asturias","description":"Guadalajara (M\u00e9xico), 5 dic (EFE).- El escritor israel\u00ed Amos Oz se hizo presente este mi\u00e9rcoes en la Feria Internacional del Libro de Guadalajara (FIL) con una entrevista pregrabada en la que expres\u00f3 su profunda devoci\u00f3n por la literatura y por la capacidad que tiene para hacernos vivir situaciones que no son propiamente nuestras. \"Cualquiera de","inLanguage":"es-ES","isPartOf":{"@id":"https:\/\/www.eldigitaldeasturias.com\/noticias\/#website"},"breadcrumb":{"@id":"https:\/\/www.eldigitaldeasturias.com\/noticias\/amos-oz-cuando-leo-a-garcia-marquez-soy-de-macondo-de-aracataca\/#breadcrumblist"},"author":{"@id":"https:\/\/www.eldigitaldeasturias.com\/noticias\/author\/admin\/#author"},"creator":{"@id":"https:\/\/www.eldigitaldeasturias.com\/noticias\/author\/admin\/#author"},"image":{"@type":"ImageObject","url":458223,"@id":"https:\/\/www.eldigitaldeasturias.com\/noticias\/amos-oz-cuando-leo-a-garcia-marquez-soy-de-macondo-de-aracataca\/#mainImage"},"primaryImageOfPage":{"@id":"https:\/\/www.eldigitaldeasturias.com\/noticias\/amos-oz-cuando-leo-a-garcia-marquez-soy-de-macondo-de-aracataca\/#mainImage"},"datePublished":"2013-12-05T22:02:04+01:00","dateModified":"2013-12-05T22:02:04+01:00"},{"@type":"WebSite","@id":"https:\/\/www.eldigitaldeasturias.com\/noticias\/#website","url":"https:\/\/www.eldigitaldeasturias.com\/noticias\/","name":"El Digital de Asturias - Diario de actualidad y noticias","alternateName":"El Digital de Asturias - Diario de actualidad y noticias","description":"Hemeroteca","inLanguage":"es-ES","publisher":{"@id":"https:\/\/www.eldigitaldeasturias.com\/noticias\/#organization"}}]},"og:locale":"es_ES","og:site_name":"El Digital de Asturias","og:type":"article","og:title":"Amos Oz: \u00abCuando leo a Garc\u00eda M\u00e1rquez soy de Macondo, de Aracataca\u00bb - El Digital de Asturias","og:description":"Guadalajara (M\u00e9xico), 5 dic (EFE).- El escritor israel\u00ed Amos Oz se hizo presente este mi\u00e9rcoes en la Feria Internacional del Libro de Guadalajara (FIL) con una entrevista pregrabada en la que expres\u00f3 su profunda devoci\u00f3n por la literatura y por la capacidad que tiene para hacernos vivir situaciones que no son propiamente nuestras. &quot;Cualquiera de","og:url":"https:\/\/www.eldigitaldeasturias.com\/noticias\/amos-oz-cuando-leo-a-garcia-marquez-soy-de-macondo-de-aracataca\/","article:tag":["revista de ocio"],"article:published_time":"2013-12-05T23:02:04+00:00","article:modified_time":"2013-12-05T23:02:04+00:00","article:publisher":"https:\/\/facebook.com\/eldigitaldeasturias","twitter:card":"summary_large_image","twitter:title":"Amos Oz: \u00abCuando leo a Garc\u00eda M\u00e1rquez soy de Macondo, de Aracataca\u00bb - El Digital de Asturias","twitter:description":"Guadalajara (M\u00e9xico), 5 dic (EFE).- El escritor israel\u00ed Amos Oz se hizo presente este mi\u00e9rcoes en la Feria Internacional del Libro de Guadalajara (FIL) con una entrevista pregrabada en la que expres\u00f3 su profunda devoci\u00f3n por la literatura y por la capacidad que tiene para hacernos vivir situaciones que no son propiamente nuestras. &quot;Cualquiera de","twitter:label1":"Escrito por","twitter:data1":"El Digital de Asturias","twitter:label2":"Tiempo de lectura estimado","twitter:data2":"3 minutos"},"aioseo_meta_data":{"post_id":"458222","title":null,"description":null,"keywords":null,"keyphrases":null,"primary_term":null,"canonical_url":null,"og_title":null,"og_description":null,"og_object_type":"default","og_image_type":"default","og_image_url":null,"og_image_width":null,"og_image_height":null,"og_image_custom_url":null,"og_image_custom_fields":null,"og_video":null,"og_custom_url":null,"og_article_section":null,"og_article_tags":null,"twitter_use_og":true,"twitter_card":"default","twitter_image_type":"default","twitter_image_url":null,"twitter_image_custom_url":null,"twitter_image_custom_fields":null,"twitter_title":null,"twitter_description":null,"schema":{"blockGraphs":[],"customGraphs":[],"default":{"data":{"Article":[],"Course":[],"Dataset":[],"FAQPage":[],"Movie":[],"Person":[],"Product":[],"ProductReview":[],"Car":[],"Recipe":[],"Service":[],"SoftwareApplication":[],"WebPage":[]},"graphName":"","isEnabled":true},"graphs":[],"defaultGraph":"","defaultPostTypeGraph":""},"schema_type":null,"schema_type_options":null,"pillar_content":false,"robots_default":true,"robots_noindex":false,"robots_noarchive":false,"robots_nosnippet":false,"robots_nofollow":false,"robots_noimageindex":false,"robots_noodp":false,"robots_notranslate":false,"robots_max_snippet":null,"robots_max_videopreview":null,"robots_max_imagepreview":"none","priority":null,"frequency":null,"local_seo":null,"seo_analyzer_scan_date":"2026-05-30 04:51:08","breadcrumb_settings":null,"limit_modified_date":false,"open_ai":null,"ai":null,"created":"2020-11-14 22:46:16","updated":"2026-05-30 04:51:08","focus_keyword":null,"additional_keywords":null,"truseo_locale":null},"aioseo_breadcrumb":"<div class=\"aioseo-breadcrumbs\"><span class=\"aioseo-breadcrumb\">\n\t<a href=\"https:\/\/www.eldigitaldeasturias.com\/noticias\" title=\"Home\">Home<\/a>\n<\/span><span class=\"aioseo-breadcrumb-separator\">\u2013<\/span><span class=\"aioseo-breadcrumb\">\n\t<a href=\"https:\/\/www.eldigitaldeasturias.com\/noticias\/category\/revista-de-ocio\/\" title=\"Revista de Ocio\">Revista de Ocio<\/a>\n<\/span><span class=\"aioseo-breadcrumb-separator\">\u2013<\/span><span class=\"aioseo-breadcrumb\">\n\t<a href=\"https:\/\/www.eldigitaldeasturias.com\/noticias\/amos-oz-cuando-leo-a-garcia-marquez-soy-de-macondo-de-aracataca\/\" title=\"Amos Oz: \u00abCuando leo a Garc\u00eda M\u00e1rquez soy de Macondo, de Aracataca\u00bb\">Amos Oz: \u00abCuando leo a Garc\u00eda M\u00e1rquez soy de Macondo, de Aracataca\u00bb<\/a>\n<\/span><\/div>","aioseo_breadcrumb_json":[{"label":"Home","link":"https:\/\/www.eldigitaldeasturias.com\/noticias"},{"label":"Revista de Ocio","link":"https:\/\/www.eldigitaldeasturias.com\/noticias\/category\/revista-de-ocio\/"},{"label":"Amos Oz: \u00abCuando leo a Garc\u00eda M\u00e1rquez soy de Macondo, de Aracataca\u00bb","link":"https:\/\/www.eldigitaldeasturias.com\/noticias\/amos-oz-cuando-leo-a-garcia-marquez-soy-de-macondo-de-aracataca\/"}],"_links":{"self":[{"href":"https:\/\/www.eldigitaldeasturias.com\/noticias\/wp-json\/wp\/v2\/posts\/458222","targetHints":{"allow":["GET"]}}],"collection":[{"href":"https:\/\/www.eldigitaldeasturias.com\/noticias\/wp-json\/wp\/v2\/posts"}],"about":[{"href":"https:\/\/www.eldigitaldeasturias.com\/noticias\/wp-json\/wp\/v2\/types\/post"}],"author":[{"embeddable":true,"href":"https:\/\/www.eldigitaldeasturias.com\/noticias\/wp-json\/wp\/v2\/users\/1"}],"replies":[{"embeddable":true,"href":"https:\/\/www.eldigitaldeasturias.com\/noticias\/wp-json\/wp\/v2\/comments?post=458222"}],"version-history":[{"count":0,"href":"https:\/\/www.eldigitaldeasturias.com\/noticias\/wp-json\/wp\/v2\/posts\/458222\/revisions"}],"wp:attachment":[{"href":"https:\/\/www.eldigitaldeasturias.com\/noticias\/wp-json\/wp\/v2\/media?parent=458222"}],"wp:term":[{"taxonomy":"category","embeddable":true,"href":"https:\/\/www.eldigitaldeasturias.com\/noticias\/wp-json\/wp\/v2\/categories?post=458222"},{"taxonomy":"post_tag","embeddable":true,"href":"https:\/\/www.eldigitaldeasturias.com\/noticias\/wp-json\/wp\/v2\/tags?post=458222"}],"curies":[{"name":"wp","href":"https:\/\/api.w.org\/{rel}","templated":true}]}}