{"id":458200,"date":"2013-12-05T21:38:43","date_gmt":"2013-12-05T22:38:43","guid":{"rendered":"http:\/\/www.eldigitaldeasturias.com\/noticias\/?p=458200"},"modified":"2013-12-05T21:38:56","modified_gmt":"2013-12-05T22:38:56","slug":"el-bilbao-bbk-live-2014-contara-con-los-escoceses-franz-ferdinand","status":"publish","type":"post","link":"https:\/\/www.eldigitaldeasturias.com\/noticias\/el-bilbao-bbk-live-2014-contara-con-los-escoceses-franz-ferdinand\/","title":{"rendered":"El Bilbao BBK Live 2014 contar\u00e1 con los escoceses Franz Ferdinand"},"content":{"rendered":"<p><img loading=\"lazy\" decoding=\"async\" class=\"alignleft size-medium wp-image-458201\" alt=\"5773946w\" src=\"https:\/\/www.eldigitaldeasturias.com\/noticias\/wp-content\/uploads\/2013\/12\/5773946w-360x239.jpg\" width=\"360\" height=\"239\" \/>Bilbao, 5 dic (EFE).- El Bilbao BBK Live ha anunciado hoy la contrataci\u00f3n de la banda escocesa Franz Ferdinand y del hawaiano Jack Johnson para la edici\u00f3n del pr\u00f3ximo a\u00f1o, que se celebrar\u00e1 en la capital vizca\u00edna del 10 al 12 de julio.<\/p>\n<p>Los organizadores del Bilbao BBK Live han se\u00f1alado que Franz Ferdinand, que impact\u00f3 en 2004 con su rock bailable en respuesta a la neoyorquinos The Strokes, ser\u00e1 uno de los \u00abgrupos destacados\u00bb de la pr\u00f3xima edici\u00f3n, pero no lo anuncian como uno de los tres cabezas de cartel, seg\u00fan informa en un comunicado.<\/p>\n<p>En cuanto a Jack Johnson, la de 2014 ser\u00e1 su segunda actuaci\u00f3n en el festival bilba\u00edno, en el que ya triunf\u00f3 en 2011 con su folk rock.<\/p>\n<p>Adem\u00e1s, el Bilbao BBK Live ha anunciado tambi\u00e9n a la banda estadounidense Poli\u00e7a, que se une a los ya conocidos Phoenix, The Lumineers, The 1975, Elliot Brood, Los Enemigos, El Columpio Asesino y Dorian.<\/p>\n","protected":false},"excerpt":{"rendered":"<p>Bilbao, 5 dic (EFE).- El Bilbao BBK Live ha anunciado hoy la contrataci\u00f3n de la banda escocesa Franz Ferdinand y del hawaiano Jack Johnson para la edici\u00f3n del pr\u00f3ximo a\u00f1o, que se celebrar\u00e1 en la capital vizca\u00edna del 10 al 12 de julio. Los organizadores del Bilbao BBK Live han se\u00f1alado que Franz Ferdinand, que [&hellip;]<\/p>\n","protected":false},"author":1,"featured_media":458201,"comment_status":"closed","ping_status":"open","sticky":false,"template":"","format":"standard","meta":{"footnotes":""},"categories":[50],"tags":[],"class_list":["post-458200","post","type-post","status-publish","format-standard","has-post-thumbnail","hentry","category-revista-de-ocio"],"aioseo_notices":[],"aioseo_head":"\n\t\t<!-- All in One SEO Pro 5.0.1 - aioseo.com -->\n\t<meta name=\"description\" content=\"Bilbao, 5 dic (EFE).- El Bilbao BBK Live ha anunciado hoy la contrataci\u00f3n de la banda escocesa Franz Ferdinand y del hawaiano Jack Johnson para la edici\u00f3n del pr\u00f3ximo a\u00f1o, que se celebrar\u00e1 en la capital vizca\u00edna del 10 al 12 de julio. Los organizadores del Bilbao BBK Live han se\u00f1alado que Franz Ferdinand, que\" \/>\n\t<meta name=\"robots\" content=\"max-image-preview:large\" \/>\n\t<meta name=\"author\" content=\"El Digital de Asturias\"\/>\n\t<meta name=\"google-site-verification\" content=\"UA-38556648-1\" \/>\n\t<meta name=\"msvalidate.01\" content=\"7dfe9f3f1b24437ab69f4f2559babe99\" \/>\n\t<meta name=\"keywords\" content=\"revista de ocio\" \/>\n\t<link rel=\"canonical\" href=\"https:\/\/www.eldigitaldeasturias.com\/noticias\/el-bilbao-bbk-live-2014-contara-con-los-escoceses-franz-ferdinand\/\" \/>\n\t<meta name=\"generator\" content=\"All in One SEO Pro (AIOSEO) 5.0.1\" \/>\n\t\t<meta property=\"og:locale\" content=\"es_ES\" \/>\n\t\t<meta property=\"og:site_name\" content=\"El Digital de Asturias\" \/>\n\t\t<meta property=\"og:type\" content=\"article\" \/>\n\t\t<meta property=\"og:title\" content=\"El Bilbao BBK Live 2014 contar\u00e1 con los escoceses Franz Ferdinand - El Digital de Asturias\" \/>\n\t\t<meta property=\"og:description\" content=\"Bilbao, 5 dic (EFE).- El Bilbao BBK Live ha anunciado hoy la contrataci\u00f3n de la banda escocesa Franz Ferdinand y del hawaiano Jack Johnson para la edici\u00f3n del pr\u00f3ximo a\u00f1o, que se celebrar\u00e1 en la capital vizca\u00edna del 10 al 12 de julio. Los organizadores del Bilbao BBK Live han se\u00f1alado que Franz Ferdinand, que\" \/>\n\t\t<meta property=\"og:url\" content=\"https:\/\/www.eldigitaldeasturias.com\/noticias\/el-bilbao-bbk-live-2014-contara-con-los-escoceses-franz-ferdinand\/\" \/>\n\t\t<meta property=\"article:tag\" content=\"revista de ocio\" \/>\n\t\t<meta property=\"article:published_time\" content=\"2013-12-05T22:38:43+00:00\" \/>\n\t\t<meta property=\"article:modified_time\" content=\"2013-12-05T22:38:56+00:00\" \/>\n\t\t<meta property=\"article:publisher\" content=\"https:\/\/facebook.com\/eldigitaldeasturias\" \/>\n\t\t<meta name=\"twitter:card\" content=\"summary_large_image\" \/>\n\t\t<meta name=\"twitter:title\" content=\"El Bilbao BBK Live 2014 contar\u00e1 con los escoceses Franz Ferdinand - El Digital de Asturias\" \/>\n\t\t<meta name=\"twitter:description\" content=\"Bilbao, 5 dic (EFE).- El Bilbao BBK Live ha anunciado hoy la contrataci\u00f3n de la banda escocesa Franz Ferdinand y del hawaiano Jack Johnson para la edici\u00f3n del pr\u00f3ximo a\u00f1o, que se celebrar\u00e1 en la capital vizca\u00edna del 10 al 12 de julio. Los organizadores del Bilbao BBK Live han se\u00f1alado que Franz Ferdinand, que\" \/>\n\t\t<meta name=\"twitter:label1\" content=\"Escrito por\" \/>\n\t\t<meta name=\"twitter:data1\" content=\"El Digital de Asturias\" \/>\n\t\t<meta name=\"twitter:label2\" content=\"Tiempo de lectura estimado\" \/>\n\t\t<meta name=\"twitter:data2\" content=\"1 minuto\" \/>\n\t\t<script type=\"application\/ld+json\" class=\"aioseo-schema\">\n\t\t\t{\"@context\":\"https:\\\/\\\/schema.org\",\"@graph\":[{\"@type\":\"BlogPosting\",\"@id\":\"https:\\\/\\\/www.eldigitaldeasturias.com\\\/noticias\\\/el-bilbao-bbk-live-2014-contara-con-los-escoceses-franz-ferdinand\\\/#blogposting\",\"name\":\"El Bilbao BBK Live 2014 contar\\u00e1 con los escoceses Franz Ferdinand - El Digital de Asturias\",\"headline\":\"El Bilbao BBK Live 2014 contar\\u00e1 con los escoceses Franz Ferdinand\",\"author\":{\"@id\":\"https:\\\/\\\/www.eldigitaldeasturias.com\\\/noticias\\\/author\\\/admin\\\/#author\"},\"publisher\":{\"@id\":\"https:\\\/\\\/www.eldigitaldeasturias.com\\\/noticias\\\/#organization\"},\"image\":{\"@type\":\"ImageObject\",\"url\":458201},\"datePublished\":\"2013-12-05T21:38:43+01:00\",\"dateModified\":\"2013-12-05T21:38:56+01:00\",\"inLanguage\":\"es-ES\",\"mainEntityOfPage\":{\"@id\":\"https:\\\/\\\/www.eldigitaldeasturias.com\\\/noticias\\\/el-bilbao-bbk-live-2014-contara-con-los-escoceses-franz-ferdinand\\\/#webpage\"},\"isPartOf\":{\"@id\":\"https:\\\/\\\/www.eldigitaldeasturias.com\\\/noticias\\\/el-bilbao-bbk-live-2014-contara-con-los-escoceses-franz-ferdinand\\\/#webpage\"},\"articleSection\":\"Revista de Ocio\"},{\"@type\":\"BreadcrumbList\",\"@id\":\"https:\\\/\\\/www.eldigitaldeasturias.com\\\/noticias\\\/el-bilbao-bbk-live-2014-contara-con-los-escoceses-franz-ferdinand\\\/#breadcrumblist\",\"itemListElement\":[{\"@type\":\"ListItem\",\"@id\":\"https:\\\/\\\/www.eldigitaldeasturias.com\\\/noticias#listItem\",\"position\":1,\"name\":\"Home\",\"item\":\"https:\\\/\\\/www.eldigitaldeasturias.com\\\/noticias\",\"nextItem\":{\"@type\":\"ListItem\",\"@id\":\"https:\\\/\\\/www.eldigitaldeasturias.com\\\/noticias\\\/category\\\/revista-de-ocio\\\/#listItem\",\"name\":\"Revista de Ocio\"}},{\"@type\":\"ListItem\",\"@id\":\"https:\\\/\\\/www.eldigitaldeasturias.com\\\/noticias\\\/category\\\/revista-de-ocio\\\/#listItem\",\"position\":2,\"name\":\"Revista de Ocio\",\"item\":\"https:\\\/\\\/www.eldigitaldeasturias.com\\\/noticias\\\/category\\\/revista-de-ocio\\\/\",\"nextItem\":{\"@type\":\"ListItem\",\"@id\":\"https:\\\/\\\/www.eldigitaldeasturias.com\\\/noticias\\\/el-bilbao-bbk-live-2014-contara-con-los-escoceses-franz-ferdinand\\\/#listItem\",\"name\":\"El Bilbao BBK Live 2014 contar\\u00e1 con los escoceses Franz Ferdinand\"},\"previousItem\":{\"@type\":\"ListItem\",\"@id\":\"https:\\\/\\\/www.eldigitaldeasturias.com\\\/noticias#listItem\",\"name\":\"Home\"}},{\"@type\":\"ListItem\",\"@id\":\"https:\\\/\\\/www.eldigitaldeasturias.com\\\/noticias\\\/el-bilbao-bbk-live-2014-contara-con-los-escoceses-franz-ferdinand\\\/#listItem\",\"position\":3,\"name\":\"El Bilbao BBK Live 2014 contar\\u00e1 con los escoceses Franz Ferdinand\",\"previousItem\":{\"@type\":\"ListItem\",\"@id\":\"https:\\\/\\\/www.eldigitaldeasturias.com\\\/noticias\\\/category\\\/revista-de-ocio\\\/#listItem\",\"name\":\"Revista de Ocio\"}}]},{\"@type\":\"Organization\",\"@id\":\"https:\\\/\\\/www.eldigitaldeasturias.com\\\/noticias\\\/#organization\",\"name\":\"El Digital de Asturias\",\"description\":\"Hemeroteca\",\"url\":\"https:\\\/\\\/www.eldigitaldeasturias.com\\\/noticias\\\/\",\"email\":\"info@eldigitaldeasturias.com\",\"telephone\":\"+34652131393\",\"logo\":{\"@type\":\"ImageObject\",\"url\":\"https:\\\/\\\/www.eldigitaldeasturias.com\\\/noticias\\\/wp-content\\\/uploads\\\/2020\\\/12\\\/EDA.jpg\",\"@id\":\"https:\\\/\\\/www.eldigitaldeasturias.com\\\/noticias\\\/el-bilbao-bbk-live-2014-contara-con-los-escoceses-franz-ferdinand\\\/#organizationLogo\"},\"image\":{\"@id\":\"https:\\\/\\\/www.eldigitaldeasturias.com\\\/noticias\\\/el-bilbao-bbk-live-2014-contara-con-los-escoceses-franz-ferdinand\\\/#organizationLogo\"},\"sameAs\":[\"https:\\\/\\\/facebook.com\\\/eldigitaldeasturias\",\"https:\\\/\\\/www.youtube.com\\\/channel\\\/UCZP-2wLEB9Rv6erhFmqVnvg\"],\"address\":{\"@id\":\"https:\\\/\\\/www.eldigitaldeasturias.com\\\/noticias\\\/#postaladdress\",\"@type\":\"PostalAddress\",\"streetAddress\":\"san antonio 4\",\"postalCode\":\"33430\",\"addressLocality\":\"Cand\\u00e1s\",\"addressRegion\":\"Asturias\",\"addressCountry\":\"ES\"}},{\"@type\":\"Person\",\"@id\":\"https:\\\/\\\/www.eldigitaldeasturias.com\\\/noticias\\\/author\\\/admin\\\/#author\",\"url\":\"https:\\\/\\\/www.eldigitaldeasturias.com\\\/noticias\\\/author\\\/admin\\\/\",\"name\":\"El Digital de Asturias\",\"image\":{\"@type\":\"ImageObject\",\"@id\":\"https:\\\/\\\/www.eldigitaldeasturias.com\\\/noticias\\\/el-bilbao-bbk-live-2014-contara-con-los-escoceses-franz-ferdinand\\\/#authorImage\",\"url\":\"https:\\\/\\\/secure.gravatar.com\\\/avatar\\\/df2aeffc32bcd13f8d26072ef8a91b623d677766deac7f97ca815868cd41bf5e?s=96&d=mm&r=g\",\"width\":96,\"height\":96,\"caption\":\"El Digital de Asturias\"}},{\"@type\":\"WebPage\",\"@id\":\"https:\\\/\\\/www.eldigitaldeasturias.com\\\/noticias\\\/el-bilbao-bbk-live-2014-contara-con-los-escoceses-franz-ferdinand\\\/#webpage\",\"url\":\"https:\\\/\\\/www.eldigitaldeasturias.com\\\/noticias\\\/el-bilbao-bbk-live-2014-contara-con-los-escoceses-franz-ferdinand\\\/\",\"name\":\"El Bilbao BBK Live 2014 contar\\u00e1 con los escoceses Franz Ferdinand - El Digital de Asturias\",\"description\":\"Bilbao, 5 dic (EFE).- El Bilbao BBK Live ha anunciado hoy la contrataci\\u00f3n de la banda escocesa Franz Ferdinand y del hawaiano Jack Johnson para la edici\\u00f3n del pr\\u00f3ximo a\\u00f1o, que se celebrar\\u00e1 en la capital vizca\\u00edna del 10 al 12 de julio. Los organizadores del Bilbao BBK Live han se\\u00f1alado que Franz Ferdinand, que\",\"inLanguage\":\"es-ES\",\"isPartOf\":{\"@id\":\"https:\\\/\\\/www.eldigitaldeasturias.com\\\/noticias\\\/#website\"},\"breadcrumb\":{\"@id\":\"https:\\\/\\\/www.eldigitaldeasturias.com\\\/noticias\\\/el-bilbao-bbk-live-2014-contara-con-los-escoceses-franz-ferdinand\\\/#breadcrumblist\"},\"author\":{\"@id\":\"https:\\\/\\\/www.eldigitaldeasturias.com\\\/noticias\\\/author\\\/admin\\\/#author\"},\"creator\":{\"@id\":\"https:\\\/\\\/www.eldigitaldeasturias.com\\\/noticias\\\/author\\\/admin\\\/#author\"},\"image\":{\"@type\":\"ImageObject\",\"url\":458201,\"@id\":\"https:\\\/\\\/www.eldigitaldeasturias.com\\\/noticias\\\/el-bilbao-bbk-live-2014-contara-con-los-escoceses-franz-ferdinand\\\/#mainImage\"},\"primaryImageOfPage\":{\"@id\":\"https:\\\/\\\/www.eldigitaldeasturias.com\\\/noticias\\\/el-bilbao-bbk-live-2014-contara-con-los-escoceses-franz-ferdinand\\\/#mainImage\"},\"datePublished\":\"2013-12-05T21:38:43+01:00\",\"dateModified\":\"2013-12-05T21:38:56+01:00\"},{\"@type\":\"WebSite\",\"@id\":\"https:\\\/\\\/www.eldigitaldeasturias.com\\\/noticias\\\/#website\",\"url\":\"https:\\\/\\\/www.eldigitaldeasturias.com\\\/noticias\\\/\",\"name\":\"El Digital de Asturias - Diario de actualidad y noticias\",\"alternateName\":\"El Digital de Asturias - Diario de actualidad y noticias\",\"description\":\"Hemeroteca\",\"inLanguage\":\"es-ES\",\"publisher\":{\"@id\":\"https:\\\/\\\/www.eldigitaldeasturias.com\\\/noticias\\\/#organization\"}}]}\n\t\t<\/script>\n\t\t<!-- All in One SEO Pro -->\r\n\t\t<title>El Bilbao BBK Live 2014 contar\u00e1 con los escoceses Franz Ferdinand - El Digital de Asturias<\/title>\n\n","aioseo_head_json":{"title":"El Bilbao BBK Live 2014 contar\u00e1 con los escoceses Franz Ferdinand - El Digital de Asturias","description":"Bilbao, 5 dic (EFE).- El Bilbao BBK Live ha anunciado hoy la contrataci\u00f3n de la banda escocesa Franz Ferdinand y del hawaiano Jack Johnson para la edici\u00f3n del pr\u00f3ximo a\u00f1o, que se celebrar\u00e1 en la capital vizca\u00edna del 10 al 12 de julio. Los organizadores del Bilbao BBK Live han se\u00f1alado que Franz Ferdinand, que","canonical_url":"https:\/\/www.eldigitaldeasturias.com\/noticias\/el-bilbao-bbk-live-2014-contara-con-los-escoceses-franz-ferdinand\/","robots":"max-image-preview:large","keywords":"revista de ocio","webmasterTools":{"google-site-verification":"UA-38556648-1","msvalidate.01":"7dfe9f3f1b24437ab69f4f2559babe99","miscellaneous":""},"schema":{"@context":"https:\/\/schema.org","@graph":[{"@type":"BlogPosting","@id":"https:\/\/www.eldigitaldeasturias.com\/noticias\/el-bilbao-bbk-live-2014-contara-con-los-escoceses-franz-ferdinand\/#blogposting","name":"El Bilbao BBK Live 2014 contar\u00e1 con los escoceses Franz Ferdinand - El Digital de Asturias","headline":"El Bilbao BBK Live 2014 contar\u00e1 con los escoceses Franz Ferdinand","author":{"@id":"https:\/\/www.eldigitaldeasturias.com\/noticias\/author\/admin\/#author"},"publisher":{"@id":"https:\/\/www.eldigitaldeasturias.com\/noticias\/#organization"},"image":{"@type":"ImageObject","url":458201},"datePublished":"2013-12-05T21:38:43+01:00","dateModified":"2013-12-05T21:38:56+01:00","inLanguage":"es-ES","mainEntityOfPage":{"@id":"https:\/\/www.eldigitaldeasturias.com\/noticias\/el-bilbao-bbk-live-2014-contara-con-los-escoceses-franz-ferdinand\/#webpage"},"isPartOf":{"@id":"https:\/\/www.eldigitaldeasturias.com\/noticias\/el-bilbao-bbk-live-2014-contara-con-los-escoceses-franz-ferdinand\/#webpage"},"articleSection":"Revista de Ocio"},{"@type":"BreadcrumbList","@id":"https:\/\/www.eldigitaldeasturias.com\/noticias\/el-bilbao-bbk-live-2014-contara-con-los-escoceses-franz-ferdinand\/#breadcrumblist","itemListElement":[{"@type":"ListItem","@id":"https:\/\/www.eldigitaldeasturias.com\/noticias#listItem","position":1,"name":"Home","item":"https:\/\/www.eldigitaldeasturias.com\/noticias","nextItem":{"@type":"ListItem","@id":"https:\/\/www.eldigitaldeasturias.com\/noticias\/category\/revista-de-ocio\/#listItem","name":"Revista de Ocio"}},{"@type":"ListItem","@id":"https:\/\/www.eldigitaldeasturias.com\/noticias\/category\/revista-de-ocio\/#listItem","position":2,"name":"Revista de Ocio","item":"https:\/\/www.eldigitaldeasturias.com\/noticias\/category\/revista-de-ocio\/","nextItem":{"@type":"ListItem","@id":"https:\/\/www.eldigitaldeasturias.com\/noticias\/el-bilbao-bbk-live-2014-contara-con-los-escoceses-franz-ferdinand\/#listItem","name":"El Bilbao BBK Live 2014 contar\u00e1 con los escoceses Franz Ferdinand"},"previousItem":{"@type":"ListItem","@id":"https:\/\/www.eldigitaldeasturias.com\/noticias#listItem","name":"Home"}},{"@type":"ListItem","@id":"https:\/\/www.eldigitaldeasturias.com\/noticias\/el-bilbao-bbk-live-2014-contara-con-los-escoceses-franz-ferdinand\/#listItem","position":3,"name":"El Bilbao BBK Live 2014 contar\u00e1 con los escoceses Franz Ferdinand","previousItem":{"@type":"ListItem","@id":"https:\/\/www.eldigitaldeasturias.com\/noticias\/category\/revista-de-ocio\/#listItem","name":"Revista de Ocio"}}]},{"@type":"Organization","@id":"https:\/\/www.eldigitaldeasturias.com\/noticias\/#organization","name":"El Digital de Asturias","description":"Hemeroteca","url":"https:\/\/www.eldigitaldeasturias.com\/noticias\/","email":"info@eldigitaldeasturias.com","telephone":"+34652131393","logo":{"@type":"ImageObject","url":"https:\/\/www.eldigitaldeasturias.com\/noticias\/wp-content\/uploads\/2020\/12\/EDA.jpg","@id":"https:\/\/www.eldigitaldeasturias.com\/noticias\/el-bilbao-bbk-live-2014-contara-con-los-escoceses-franz-ferdinand\/#organizationLogo"},"image":{"@id":"https:\/\/www.eldigitaldeasturias.com\/noticias\/el-bilbao-bbk-live-2014-contara-con-los-escoceses-franz-ferdinand\/#organizationLogo"},"sameAs":["https:\/\/facebook.com\/eldigitaldeasturias","https:\/\/www.youtube.com\/channel\/UCZP-2wLEB9Rv6erhFmqVnvg"],"address":{"@id":"https:\/\/www.eldigitaldeasturias.com\/noticias\/#postaladdress","@type":"PostalAddress","streetAddress":"san antonio 4","postalCode":"33430","addressLocality":"Cand\u00e1s","addressRegion":"Asturias","addressCountry":"ES"}},{"@type":"Person","@id":"https:\/\/www.eldigitaldeasturias.com\/noticias\/author\/admin\/#author","url":"https:\/\/www.eldigitaldeasturias.com\/noticias\/author\/admin\/","name":"El Digital de Asturias","image":{"@type":"ImageObject","@id":"https:\/\/www.eldigitaldeasturias.com\/noticias\/el-bilbao-bbk-live-2014-contara-con-los-escoceses-franz-ferdinand\/#authorImage","url":"https:\/\/secure.gravatar.com\/avatar\/df2aeffc32bcd13f8d26072ef8a91b623d677766deac7f97ca815868cd41bf5e?s=96&d=mm&r=g","width":96,"height":96,"caption":"El Digital de Asturias"}},{"@type":"WebPage","@id":"https:\/\/www.eldigitaldeasturias.com\/noticias\/el-bilbao-bbk-live-2014-contara-con-los-escoceses-franz-ferdinand\/#webpage","url":"https:\/\/www.eldigitaldeasturias.com\/noticias\/el-bilbao-bbk-live-2014-contara-con-los-escoceses-franz-ferdinand\/","name":"El Bilbao BBK Live 2014 contar\u00e1 con los escoceses Franz Ferdinand - El Digital de Asturias","description":"Bilbao, 5 dic (EFE).- El Bilbao BBK Live ha anunciado hoy la contrataci\u00f3n de la banda escocesa Franz Ferdinand y del hawaiano Jack Johnson para la edici\u00f3n del pr\u00f3ximo a\u00f1o, que se celebrar\u00e1 en la capital vizca\u00edna del 10 al 12 de julio. Los organizadores del Bilbao BBK Live han se\u00f1alado que Franz Ferdinand, que","inLanguage":"es-ES","isPartOf":{"@id":"https:\/\/www.eldigitaldeasturias.com\/noticias\/#website"},"breadcrumb":{"@id":"https:\/\/www.eldigitaldeasturias.com\/noticias\/el-bilbao-bbk-live-2014-contara-con-los-escoceses-franz-ferdinand\/#breadcrumblist"},"author":{"@id":"https:\/\/www.eldigitaldeasturias.com\/noticias\/author\/admin\/#author"},"creator":{"@id":"https:\/\/www.eldigitaldeasturias.com\/noticias\/author\/admin\/#author"},"image":{"@type":"ImageObject","url":458201,"@id":"https:\/\/www.eldigitaldeasturias.com\/noticias\/el-bilbao-bbk-live-2014-contara-con-los-escoceses-franz-ferdinand\/#mainImage"},"primaryImageOfPage":{"@id":"https:\/\/www.eldigitaldeasturias.com\/noticias\/el-bilbao-bbk-live-2014-contara-con-los-escoceses-franz-ferdinand\/#mainImage"},"datePublished":"2013-12-05T21:38:43+01:00","dateModified":"2013-12-05T21:38:56+01:00"},{"@type":"WebSite","@id":"https:\/\/www.eldigitaldeasturias.com\/noticias\/#website","url":"https:\/\/www.eldigitaldeasturias.com\/noticias\/","name":"El Digital de Asturias - Diario de actualidad y noticias","alternateName":"El Digital de Asturias - Diario de actualidad y noticias","description":"Hemeroteca","inLanguage":"es-ES","publisher":{"@id":"https:\/\/www.eldigitaldeasturias.com\/noticias\/#organization"}}]},"og:locale":"es_ES","og:site_name":"El Digital de Asturias","og:type":"article","og:title":"El Bilbao BBK Live 2014 contar\u00e1 con los escoceses Franz Ferdinand - El Digital de Asturias","og:description":"Bilbao, 5 dic (EFE).- El Bilbao BBK Live ha anunciado hoy la contrataci\u00f3n de la banda escocesa Franz Ferdinand y del hawaiano Jack Johnson para la edici\u00f3n del pr\u00f3ximo a\u00f1o, que se celebrar\u00e1 en la capital vizca\u00edna del 10 al 12 de julio. Los organizadores del Bilbao BBK Live han se\u00f1alado que Franz Ferdinand, que","og:url":"https:\/\/www.eldigitaldeasturias.com\/noticias\/el-bilbao-bbk-live-2014-contara-con-los-escoceses-franz-ferdinand\/","article:tag":["revista de ocio"],"article:published_time":"2013-12-05T22:38:43+00:00","article:modified_time":"2013-12-05T22:38:56+00:00","article:publisher":"https:\/\/facebook.com\/eldigitaldeasturias","twitter:card":"summary_large_image","twitter:title":"El Bilbao BBK Live 2014 contar\u00e1 con los escoceses Franz Ferdinand - El Digital de Asturias","twitter:description":"Bilbao, 5 dic (EFE).- El Bilbao BBK Live ha anunciado hoy la contrataci\u00f3n de la banda escocesa Franz Ferdinand y del hawaiano Jack Johnson para la edici\u00f3n del pr\u00f3ximo a\u00f1o, que se celebrar\u00e1 en la capital vizca\u00edna del 10 al 12 de julio. Los organizadores del Bilbao BBK Live han se\u00f1alado que Franz Ferdinand, que","twitter:label1":"Escrito por","twitter:data1":"El Digital de Asturias","twitter:label2":"Tiempo de lectura estimado","twitter:data2":"1 minuto"},"aioseo_meta_data":{"post_id":"458200","title":null,"description":null,"keywords":null,"keyphrases":null,"primary_term":null,"canonical_url":null,"og_title":null,"og_description":null,"og_object_type":"default","og_image_type":"default","og_image_url":null,"og_image_width":null,"og_image_height":null,"og_image_custom_url":null,"og_image_custom_fields":null,"og_video":null,"og_custom_url":null,"og_article_section":null,"og_article_tags":null,"twitter_use_og":true,"twitter_card":"default","twitter_image_type":"default","twitter_image_url":null,"twitter_image_custom_url":null,"twitter_image_custom_fields":null,"twitter_title":null,"twitter_description":null,"schema":{"blockGraphs":[],"customGraphs":[],"default":{"data":{"Article":[],"Course":[],"Dataset":[],"FAQPage":[],"Movie":[],"Person":[],"Product":[],"ProductReview":[],"Car":[],"Recipe":[],"Service":[],"SoftwareApplication":[],"WebPage":[]},"graphName":"","isEnabled":true},"graphs":[],"defaultGraph":"","defaultPostTypeGraph":""},"schema_type":null,"schema_type_options":null,"pillar_content":false,"robots_default":true,"robots_noindex":false,"robots_noarchive":false,"robots_nosnippet":false,"robots_nofollow":false,"robots_noimageindex":false,"robots_noodp":false,"robots_notranslate":false,"robots_max_snippet":null,"robots_max_videopreview":null,"robots_max_imagepreview":"none","priority":null,"frequency":null,"local_seo":null,"seo_analyzer_scan_date":"2026-05-30 04:48:11","breadcrumb_settings":null,"limit_modified_date":false,"open_ai":null,"ai":null,"created":"2020-11-14 22:46:16","updated":"2026-05-30 04:48:11","focus_keyword":null,"additional_keywords":null,"truseo_locale":null},"aioseo_breadcrumb":"<div class=\"aioseo-breadcrumbs\"><span class=\"aioseo-breadcrumb\">\n\t<a href=\"https:\/\/www.eldigitaldeasturias.com\/noticias\" title=\"Home\">Home<\/a>\n<\/span><span class=\"aioseo-breadcrumb-separator\">\u2013<\/span><span class=\"aioseo-breadcrumb\">\n\t<a href=\"https:\/\/www.eldigitaldeasturias.com\/noticias\/category\/revista-de-ocio\/\" title=\"Revista de Ocio\">Revista de Ocio<\/a>\n<\/span><span class=\"aioseo-breadcrumb-separator\">\u2013<\/span><span class=\"aioseo-breadcrumb\">\n\t<a href=\"https:\/\/www.eldigitaldeasturias.com\/noticias\/el-bilbao-bbk-live-2014-contara-con-los-escoceses-franz-ferdinand\/\" title=\"El Bilbao BBK Live 2014 contar\u00e1 con los escoceses Franz Ferdinand\">El Bilbao BBK Live 2014 contar\u00e1 con los escoceses Franz Ferdinand<\/a>\n<\/span><\/div>","aioseo_breadcrumb_json":[{"label":"Home","link":"https:\/\/www.eldigitaldeasturias.com\/noticias"},{"label":"Revista de Ocio","link":"https:\/\/www.eldigitaldeasturias.com\/noticias\/category\/revista-de-ocio\/"},{"label":"El Bilbao BBK Live 2014 contar\u00e1 con los escoceses Franz Ferdinand","link":"https:\/\/www.eldigitaldeasturias.com\/noticias\/el-bilbao-bbk-live-2014-contara-con-los-escoceses-franz-ferdinand\/"}],"_links":{"self":[{"href":"https:\/\/www.eldigitaldeasturias.com\/noticias\/wp-json\/wp\/v2\/posts\/458200","targetHints":{"allow":["GET"]}}],"collection":[{"href":"https:\/\/www.eldigitaldeasturias.com\/noticias\/wp-json\/wp\/v2\/posts"}],"about":[{"href":"https:\/\/www.eldigitaldeasturias.com\/noticias\/wp-json\/wp\/v2\/types\/post"}],"author":[{"embeddable":true,"href":"https:\/\/www.eldigitaldeasturias.com\/noticias\/wp-json\/wp\/v2\/users\/1"}],"replies":[{"embeddable":true,"href":"https:\/\/www.eldigitaldeasturias.com\/noticias\/wp-json\/wp\/v2\/comments?post=458200"}],"version-history":[{"count":0,"href":"https:\/\/www.eldigitaldeasturias.com\/noticias\/wp-json\/wp\/v2\/posts\/458200\/revisions"}],"wp:attachment":[{"href":"https:\/\/www.eldigitaldeasturias.com\/noticias\/wp-json\/wp\/v2\/media?parent=458200"}],"wp:term":[{"taxonomy":"category","embeddable":true,"href":"https:\/\/www.eldigitaldeasturias.com\/noticias\/wp-json\/wp\/v2\/categories?post=458200"},{"taxonomy":"post_tag","embeddable":true,"href":"https:\/\/www.eldigitaldeasturias.com\/noticias\/wp-json\/wp\/v2\/tags?post=458200"}],"curies":[{"name":"wp","href":"https:\/\/api.w.org\/{rel}","templated":true}]}}