{"id":458188,"date":"2013-12-05T21:27:30","date_gmt":"2013-12-05T22:27:30","guid":{"rendered":"http:\/\/www.eldigitaldeasturias.com\/noticias\/?p=458188"},"modified":"2013-12-05T21:27:30","modified_gmt":"2013-12-05T22:27:30","slug":"julio-iglesias-dice-ahora-canto-mejor-que-cuando-empece","status":"publish","type":"post","link":"https:\/\/www.eldigitaldeasturias.com\/noticias\/julio-iglesias-dice-ahora-canto-mejor-que-cuando-empece\/","title":{"rendered":"Julio Iglesias dice \u00abahora canto mejor que cuando empec\u00e9\u00bb"},"content":{"rendered":"<p><img loading=\"lazy\" decoding=\"async\" class=\"alignleft size-medium wp-image-458189\" alt=\"5773777w\" src=\"https:\/\/www.eldigitaldeasturias.com\/noticias\/wp-content\/uploads\/2013\/12\/5773777w-360x232.jpg\" width=\"360\" height=\"232\" \/>Hong Kong, 5 dic (EFE).- El cantante espa\u00f1ol Julio Iglesias presenta hoy ante el p\u00fablico de Hong Kong su \u00faltimo disco recopilatorio, con los \u00e9xitos m\u00e1s rom\u00e1nticos de sus 45 a\u00f1os de carrera musical, del que afirm\u00f3 sentirse muy satisfecho, \u00abporque creo que ahora canto mejor que cuando empec\u00e9\u00bb.<\/p>\n<p>\u00abSoy un adicto a los escenarios y ah\u00ed seguir\u00e9 hasta que la gente me siga queriendo y hasta que mi cuerpo y mi mente me lo permitan\u00bb, explic\u00f3 Julio Iglesias a Efe en una entrevista a trav\u00e9s de correo electr\u00f3nico, a su llegada a Hong Kong.<\/p>\n<p>Su \u00faltimo trabajo recoge los 37 temas rom\u00e1nticos m\u00e1s destacados de su carrera musical, interpretados en cinco lenguas diferentes, \u00abun trabajo muy especial para m\u00ed, porque hemos podido mantener la esencia de todas las canciones pero d\u00e1ndoles un toque moderno\u00bb, se\u00f1al\u00f3.<\/p>\n<p>\u00abNada me har\u00eda m\u00e1s feliz que ver a este p\u00fablico disfrutar de mi conciertos. Me encanta China y estoy muy agradecido por el cari\u00f1o que me han venido demostrando a trav\u00e9s de d\u00e9cadas\u00bb, se\u00f1al\u00f3 el popular artista del romance latino.<\/p>\n<p>Seg\u00fan recuerda, \u00abviv\u00ed en Hong Kong hace a\u00f1os, durante mi primer matrimonio, y tengo muy buenos recuerdos de la gente y de esta ciudad, as\u00ed que para m\u00ed es un privilegio volver a tocar aqu\u00ed\u00bb, afirm\u00f3.<\/p>\n<p>Durante su gira por China el pasado abril, el cantante espa\u00f1ol recibi\u00f3 el premio al artista latino m\u00e1s internacional del pa\u00eds asi\u00e1tico, que le entreg\u00f3 el laureado pianista chino Lang Lang.<\/p>\n<p>\u00abPara m\u00ed, \u00e9se ha sido un momento muy especial, porque este galard\u00f3n no ven\u00eda a reconocer la cantidad de discos que he vendido, o el n\u00famero de actuaciones que he llevado a cabo, sino que est\u00e1 basado en el cari\u00f1o de la gente de este pa\u00eds\u00bb, expres\u00f3 el artista espa\u00f1ol.<\/p>\n<p>Iglesias a\u00f1adi\u00f3 que su conexi\u00f3n con el gigante asi\u00e1tico comenz\u00f3 hace ya d\u00e9cadas y en los a\u00f1os noventa se convirti\u00f3 en el primer artista internacional que particip\u00f3 en un programa de televisi\u00f3n en directo en la televisi\u00f3n p\u00fablica del pa\u00eds.<\/p>\n<p>A\u00f1os despu\u00e9s, el ministro de Cultura le nombr\u00f3 el primer artista extranjero que m\u00e1s discos hab\u00eda vendido en el pa\u00eds.<\/p>\n<p>\u00abEstas son muestras de cari\u00f1o que hacen que China siempre haya ocupado un lugar especial en mi coraz\u00f3n\u00bb, se\u00f1al\u00f3.<\/p>\n<p>\u00abSiempre hay algo con lo que uno sue\u00f1a y desea. Si uno deja de so\u00f1ar, deja entonces de vivir\u00bb, explic\u00f3 el cantante al ser preguntado si le faltaba algo por conseguir en su carrera. \u00abAhora mismo, mi mayor deseo es poder seguir ofreciendo a mi audiencia lo mejor de m\u00ed, y para eso debo seguir aprendiendo\u00bb, a\u00f1adi\u00f3.<\/p>\n<p>Seg\u00fan el artista latino, su \u00abpasi\u00f3n\u00bb por la m\u00fasica y el p\u00fablico es lo que ha permanecido vigente a lo largo de su dilatada carrera, que arranc\u00f3 con su triunfo en el Festival de la Canci\u00f3n de Benidorm en 1968, con el tema \u00abLa vida sigue igual\u00bb, que compuso despu\u00e9s de que las secuelas de un accidente de tr\u00e1fico le alejara de su carrera como futbolista profesional.<\/p>\n<p>Julio Iglesias, que cumpli\u00f3 este a\u00f1o 70 a\u00f1os, entr\u00f3 en el Libro Guinness de los R\u00e9cord de este a\u00f1o por ser el artista latino que m\u00e1s discos ha vendido, m\u00e1s de 300 millones, interpretados en 14 idiomas diferentes, entre ellos el mandar\u00edn.<\/p>\n<p>Hong Kong es la segunda cita del artista espa\u00f1ol con el p\u00fablico asi\u00e1tico durante este mes, despu\u00e9s de ofrecer un concierto esta semana en Yakarta.<\/p>\n<p>Tras el recital en la antigua colonia brit\u00e1nica, Iglesias ofrecer\u00e1 dos conciertos m\u00e1s en Jap\u00f3n.<\/p>\n","protected":false},"excerpt":{"rendered":"<p>Hong Kong, 5 dic (EFE).- El cantante espa\u00f1ol Julio Iglesias presenta hoy ante el p\u00fablico de Hong Kong su \u00faltimo disco recopilatorio, con los \u00e9xitos m\u00e1s rom\u00e1nticos de sus 45 a\u00f1os de carrera musical, del que afirm\u00f3 sentirse muy satisfecho, \u00abporque creo que ahora canto mejor que cuando empec\u00e9\u00bb. \u00abSoy un adicto a los escenarios [&hellip;]<\/p>\n","protected":false},"author":1,"featured_media":458189,"comment_status":"closed","ping_status":"open","sticky":false,"template":"","format":"standard","meta":{"footnotes":""},"categories":[28],"tags":[],"class_list":["post-458188","post","type-post","status-publish","format-standard","has-post-thumbnail","hentry","category-sociedad"],"aioseo_notices":[],"aioseo_head":"\n\t\t<!-- All in One SEO Pro 5.0.1 - aioseo.com -->\n\t<meta name=\"description\" content=\"Hong Kong, 5 dic (EFE).- El cantante espa\u00f1ol Julio Iglesias presenta hoy ante el p\u00fablico de Hong Kong su \u00faltimo disco recopilatorio, con los \u00e9xitos m\u00e1s rom\u00e1nticos de sus 45 a\u00f1os de carrera musical, del que afirm\u00f3 sentirse muy satisfecho, &quot;porque creo que ahora canto mejor que cuando empec\u00e9&quot;. &quot;Soy un adicto a los escenarios\" \/>\n\t<meta name=\"robots\" content=\"max-image-preview:large\" \/>\n\t<meta name=\"author\" content=\"El Digital de Asturias\"\/>\n\t<meta name=\"google-site-verification\" content=\"UA-38556648-1\" \/>\n\t<meta name=\"msvalidate.01\" content=\"7dfe9f3f1b24437ab69f4f2559babe99\" \/>\n\t<meta name=\"keywords\" content=\"sociedad\" \/>\n\t<link rel=\"canonical\" href=\"https:\/\/www.eldigitaldeasturias.com\/noticias\/julio-iglesias-dice-ahora-canto-mejor-que-cuando-empece\/\" \/>\n\t<meta name=\"generator\" content=\"All in One SEO Pro (AIOSEO) 5.0.1\" \/>\n\t\t<meta property=\"og:locale\" content=\"es_ES\" \/>\n\t\t<meta property=\"og:site_name\" content=\"El Digital de Asturias\" \/>\n\t\t<meta property=\"og:type\" content=\"article\" \/>\n\t\t<meta property=\"og:title\" content=\"Julio Iglesias dice \u00abahora canto mejor que cuando empec\u00e9\u00bb - El Digital de Asturias\" \/>\n\t\t<meta property=\"og:description\" content=\"Hong Kong, 5 dic (EFE).- El cantante espa\u00f1ol Julio Iglesias presenta hoy ante el p\u00fablico de Hong Kong su \u00faltimo disco recopilatorio, con los \u00e9xitos m\u00e1s rom\u00e1nticos de sus 45 a\u00f1os de carrera musical, del que afirm\u00f3 sentirse muy satisfecho, &quot;porque creo que ahora canto mejor que cuando empec\u00e9&quot;. &quot;Soy un adicto a los escenarios\" \/>\n\t\t<meta property=\"og:url\" content=\"https:\/\/www.eldigitaldeasturias.com\/noticias\/julio-iglesias-dice-ahora-canto-mejor-que-cuando-empece\/\" \/>\n\t\t<meta property=\"article:tag\" content=\"sociedad\" \/>\n\t\t<meta property=\"article:published_time\" content=\"2013-12-05T22:27:30+00:00\" \/>\n\t\t<meta property=\"article:modified_time\" content=\"2013-12-05T22:27:30+00:00\" \/>\n\t\t<meta property=\"article:publisher\" content=\"https:\/\/facebook.com\/eldigitaldeasturias\" \/>\n\t\t<meta name=\"twitter:card\" content=\"summary_large_image\" \/>\n\t\t<meta name=\"twitter:title\" content=\"Julio Iglesias dice \u00abahora canto mejor que cuando empec\u00e9\u00bb - El Digital de Asturias\" \/>\n\t\t<meta name=\"twitter:description\" content=\"Hong Kong, 5 dic (EFE).- El cantante espa\u00f1ol Julio Iglesias presenta hoy ante el p\u00fablico de Hong Kong su \u00faltimo disco recopilatorio, con los \u00e9xitos m\u00e1s rom\u00e1nticos de sus 45 a\u00f1os de carrera musical, del que afirm\u00f3 sentirse muy satisfecho, &quot;porque creo que ahora canto mejor que cuando empec\u00e9&quot;. &quot;Soy un adicto a los escenarios\" \/>\n\t\t<meta name=\"twitter:label1\" content=\"Escrito por\" \/>\n\t\t<meta name=\"twitter:data1\" content=\"El Digital de Asturias\" \/>\n\t\t<meta name=\"twitter:label2\" content=\"Tiempo de lectura estimado\" \/>\n\t\t<meta name=\"twitter:data2\" content=\"3 minutos\" \/>\n\t\t<script type=\"application\/ld+json\" class=\"aioseo-schema\">\n\t\t\t{\"@context\":\"https:\\\/\\\/schema.org\",\"@graph\":[{\"@type\":\"BlogPosting\",\"@id\":\"https:\\\/\\\/www.eldigitaldeasturias.com\\\/noticias\\\/julio-iglesias-dice-ahora-canto-mejor-que-cuando-empece\\\/#blogposting\",\"name\":\"Julio Iglesias dice \\u00abahora canto mejor que cuando empec\\u00e9\\u00bb - El Digital de Asturias\",\"headline\":\"Julio Iglesias dice \\u00abahora canto mejor que cuando empec\\u00e9\\u00bb\",\"author\":{\"@id\":\"https:\\\/\\\/www.eldigitaldeasturias.com\\\/noticias\\\/author\\\/admin\\\/#author\"},\"publisher\":{\"@id\":\"https:\\\/\\\/www.eldigitaldeasturias.com\\\/noticias\\\/#organization\"},\"image\":{\"@type\":\"ImageObject\",\"url\":458189},\"datePublished\":\"2013-12-05T21:27:30+01:00\",\"dateModified\":\"2013-12-05T21:27:30+01:00\",\"inLanguage\":\"es-ES\",\"mainEntityOfPage\":{\"@id\":\"https:\\\/\\\/www.eldigitaldeasturias.com\\\/noticias\\\/julio-iglesias-dice-ahora-canto-mejor-que-cuando-empece\\\/#webpage\"},\"isPartOf\":{\"@id\":\"https:\\\/\\\/www.eldigitaldeasturias.com\\\/noticias\\\/julio-iglesias-dice-ahora-canto-mejor-que-cuando-empece\\\/#webpage\"},\"articleSection\":\"Sociedad\"},{\"@type\":\"BreadcrumbList\",\"@id\":\"https:\\\/\\\/www.eldigitaldeasturias.com\\\/noticias\\\/julio-iglesias-dice-ahora-canto-mejor-que-cuando-empece\\\/#breadcrumblist\",\"itemListElement\":[{\"@type\":\"ListItem\",\"@id\":\"https:\\\/\\\/www.eldigitaldeasturias.com\\\/noticias#listItem\",\"position\":1,\"name\":\"Home\",\"item\":\"https:\\\/\\\/www.eldigitaldeasturias.com\\\/noticias\",\"nextItem\":{\"@type\":\"ListItem\",\"@id\":\"https:\\\/\\\/www.eldigitaldeasturias.com\\\/noticias\\\/category\\\/sociedad\\\/#listItem\",\"name\":\"Sociedad\"}},{\"@type\":\"ListItem\",\"@id\":\"https:\\\/\\\/www.eldigitaldeasturias.com\\\/noticias\\\/category\\\/sociedad\\\/#listItem\",\"position\":2,\"name\":\"Sociedad\",\"item\":\"https:\\\/\\\/www.eldigitaldeasturias.com\\\/noticias\\\/category\\\/sociedad\\\/\",\"nextItem\":{\"@type\":\"ListItem\",\"@id\":\"https:\\\/\\\/www.eldigitaldeasturias.com\\\/noticias\\\/julio-iglesias-dice-ahora-canto-mejor-que-cuando-empece\\\/#listItem\",\"name\":\"Julio Iglesias dice \\u00abahora canto mejor que cuando empec\\u00e9\\u00bb\"},\"previousItem\":{\"@type\":\"ListItem\",\"@id\":\"https:\\\/\\\/www.eldigitaldeasturias.com\\\/noticias#listItem\",\"name\":\"Home\"}},{\"@type\":\"ListItem\",\"@id\":\"https:\\\/\\\/www.eldigitaldeasturias.com\\\/noticias\\\/julio-iglesias-dice-ahora-canto-mejor-que-cuando-empece\\\/#listItem\",\"position\":3,\"name\":\"Julio Iglesias dice \\u00abahora canto mejor que cuando empec\\u00e9\\u00bb\",\"previousItem\":{\"@type\":\"ListItem\",\"@id\":\"https:\\\/\\\/www.eldigitaldeasturias.com\\\/noticias\\\/category\\\/sociedad\\\/#listItem\",\"name\":\"Sociedad\"}}]},{\"@type\":\"Organization\",\"@id\":\"https:\\\/\\\/www.eldigitaldeasturias.com\\\/noticias\\\/#organization\",\"name\":\"El Digital de Asturias\",\"description\":\"Hemeroteca\",\"url\":\"https:\\\/\\\/www.eldigitaldeasturias.com\\\/noticias\\\/\",\"email\":\"info@eldigitaldeasturias.com\",\"telephone\":\"+34652131393\",\"logo\":{\"@type\":\"ImageObject\",\"url\":\"https:\\\/\\\/www.eldigitaldeasturias.com\\\/noticias\\\/wp-content\\\/uploads\\\/2020\\\/12\\\/EDA.jpg\",\"@id\":\"https:\\\/\\\/www.eldigitaldeasturias.com\\\/noticias\\\/julio-iglesias-dice-ahora-canto-mejor-que-cuando-empece\\\/#organizationLogo\"},\"image\":{\"@id\":\"https:\\\/\\\/www.eldigitaldeasturias.com\\\/noticias\\\/julio-iglesias-dice-ahora-canto-mejor-que-cuando-empece\\\/#organizationLogo\"},\"sameAs\":[\"https:\\\/\\\/facebook.com\\\/eldigitaldeasturias\",\"https:\\\/\\\/www.youtube.com\\\/channel\\\/UCZP-2wLEB9Rv6erhFmqVnvg\"],\"address\":{\"@id\":\"https:\\\/\\\/www.eldigitaldeasturias.com\\\/noticias\\\/#postaladdress\",\"@type\":\"PostalAddress\",\"streetAddress\":\"san antonio 4\",\"postalCode\":\"33430\",\"addressLocality\":\"Cand\\u00e1s\",\"addressRegion\":\"Asturias\",\"addressCountry\":\"ES\"}},{\"@type\":\"Person\",\"@id\":\"https:\\\/\\\/www.eldigitaldeasturias.com\\\/noticias\\\/author\\\/admin\\\/#author\",\"url\":\"https:\\\/\\\/www.eldigitaldeasturias.com\\\/noticias\\\/author\\\/admin\\\/\",\"name\":\"El Digital de Asturias\",\"image\":{\"@type\":\"ImageObject\",\"@id\":\"https:\\\/\\\/www.eldigitaldeasturias.com\\\/noticias\\\/julio-iglesias-dice-ahora-canto-mejor-que-cuando-empece\\\/#authorImage\",\"url\":\"https:\\\/\\\/secure.gravatar.com\\\/avatar\\\/df2aeffc32bcd13f8d26072ef8a91b623d677766deac7f97ca815868cd41bf5e?s=96&d=mm&r=g\",\"width\":96,\"height\":96,\"caption\":\"El Digital de Asturias\"}},{\"@type\":\"WebPage\",\"@id\":\"https:\\\/\\\/www.eldigitaldeasturias.com\\\/noticias\\\/julio-iglesias-dice-ahora-canto-mejor-que-cuando-empece\\\/#webpage\",\"url\":\"https:\\\/\\\/www.eldigitaldeasturias.com\\\/noticias\\\/julio-iglesias-dice-ahora-canto-mejor-que-cuando-empece\\\/\",\"name\":\"Julio Iglesias dice \\u00abahora canto mejor que cuando empec\\u00e9\\u00bb - El Digital de Asturias\",\"description\":\"Hong Kong, 5 dic (EFE).- El cantante espa\\u00f1ol Julio Iglesias presenta hoy ante el p\\u00fablico de Hong Kong su \\u00faltimo disco recopilatorio, con los \\u00e9xitos m\\u00e1s rom\\u00e1nticos de sus 45 a\\u00f1os de carrera musical, del que afirm\\u00f3 sentirse muy satisfecho, \\\"porque creo que ahora canto mejor que cuando empec\\u00e9\\\". \\\"Soy un adicto a los escenarios\",\"inLanguage\":\"es-ES\",\"isPartOf\":{\"@id\":\"https:\\\/\\\/www.eldigitaldeasturias.com\\\/noticias\\\/#website\"},\"breadcrumb\":{\"@id\":\"https:\\\/\\\/www.eldigitaldeasturias.com\\\/noticias\\\/julio-iglesias-dice-ahora-canto-mejor-que-cuando-empece\\\/#breadcrumblist\"},\"author\":{\"@id\":\"https:\\\/\\\/www.eldigitaldeasturias.com\\\/noticias\\\/author\\\/admin\\\/#author\"},\"creator\":{\"@id\":\"https:\\\/\\\/www.eldigitaldeasturias.com\\\/noticias\\\/author\\\/admin\\\/#author\"},\"image\":{\"@type\":\"ImageObject\",\"url\":458189,\"@id\":\"https:\\\/\\\/www.eldigitaldeasturias.com\\\/noticias\\\/julio-iglesias-dice-ahora-canto-mejor-que-cuando-empece\\\/#mainImage\"},\"primaryImageOfPage\":{\"@id\":\"https:\\\/\\\/www.eldigitaldeasturias.com\\\/noticias\\\/julio-iglesias-dice-ahora-canto-mejor-que-cuando-empece\\\/#mainImage\"},\"datePublished\":\"2013-12-05T21:27:30+01:00\",\"dateModified\":\"2013-12-05T21:27:30+01:00\"},{\"@type\":\"WebSite\",\"@id\":\"https:\\\/\\\/www.eldigitaldeasturias.com\\\/noticias\\\/#website\",\"url\":\"https:\\\/\\\/www.eldigitaldeasturias.com\\\/noticias\\\/\",\"name\":\"El Digital de Asturias - Diario de actualidad y noticias\",\"alternateName\":\"El Digital de Asturias - Diario de actualidad y noticias\",\"description\":\"Hemeroteca\",\"inLanguage\":\"es-ES\",\"publisher\":{\"@id\":\"https:\\\/\\\/www.eldigitaldeasturias.com\\\/noticias\\\/#organization\"}}]}\n\t\t<\/script>\n\t\t<!-- All in One SEO Pro -->\r\n\t\t<title>Julio Iglesias dice \u00abahora canto mejor que cuando empec\u00e9\u00bb - El Digital de Asturias<\/title>\n\n","aioseo_head_json":{"title":"Julio Iglesias dice \u00abahora canto mejor que cuando empec\u00e9\u00bb - El Digital de Asturias","description":"Hong Kong, 5 dic (EFE).- El cantante espa\u00f1ol Julio Iglesias presenta hoy ante el p\u00fablico de Hong Kong su \u00faltimo disco recopilatorio, con los \u00e9xitos m\u00e1s rom\u00e1nticos de sus 45 a\u00f1os de carrera musical, del que afirm\u00f3 sentirse muy satisfecho, \"porque creo que ahora canto mejor que cuando empec\u00e9\". \"Soy un adicto a los escenarios","canonical_url":"https:\/\/www.eldigitaldeasturias.com\/noticias\/julio-iglesias-dice-ahora-canto-mejor-que-cuando-empece\/","robots":"max-image-preview:large","keywords":"sociedad","webmasterTools":{"google-site-verification":"UA-38556648-1","msvalidate.01":"7dfe9f3f1b24437ab69f4f2559babe99","miscellaneous":""},"schema":{"@context":"https:\/\/schema.org","@graph":[{"@type":"BlogPosting","@id":"https:\/\/www.eldigitaldeasturias.com\/noticias\/julio-iglesias-dice-ahora-canto-mejor-que-cuando-empece\/#blogposting","name":"Julio Iglesias dice \u00abahora canto mejor que cuando empec\u00e9\u00bb - El Digital de Asturias","headline":"Julio Iglesias dice \u00abahora canto mejor que cuando empec\u00e9\u00bb","author":{"@id":"https:\/\/www.eldigitaldeasturias.com\/noticias\/author\/admin\/#author"},"publisher":{"@id":"https:\/\/www.eldigitaldeasturias.com\/noticias\/#organization"},"image":{"@type":"ImageObject","url":458189},"datePublished":"2013-12-05T21:27:30+01:00","dateModified":"2013-12-05T21:27:30+01:00","inLanguage":"es-ES","mainEntityOfPage":{"@id":"https:\/\/www.eldigitaldeasturias.com\/noticias\/julio-iglesias-dice-ahora-canto-mejor-que-cuando-empece\/#webpage"},"isPartOf":{"@id":"https:\/\/www.eldigitaldeasturias.com\/noticias\/julio-iglesias-dice-ahora-canto-mejor-que-cuando-empece\/#webpage"},"articleSection":"Sociedad"},{"@type":"BreadcrumbList","@id":"https:\/\/www.eldigitaldeasturias.com\/noticias\/julio-iglesias-dice-ahora-canto-mejor-que-cuando-empece\/#breadcrumblist","itemListElement":[{"@type":"ListItem","@id":"https:\/\/www.eldigitaldeasturias.com\/noticias#listItem","position":1,"name":"Home","item":"https:\/\/www.eldigitaldeasturias.com\/noticias","nextItem":{"@type":"ListItem","@id":"https:\/\/www.eldigitaldeasturias.com\/noticias\/category\/sociedad\/#listItem","name":"Sociedad"}},{"@type":"ListItem","@id":"https:\/\/www.eldigitaldeasturias.com\/noticias\/category\/sociedad\/#listItem","position":2,"name":"Sociedad","item":"https:\/\/www.eldigitaldeasturias.com\/noticias\/category\/sociedad\/","nextItem":{"@type":"ListItem","@id":"https:\/\/www.eldigitaldeasturias.com\/noticias\/julio-iglesias-dice-ahora-canto-mejor-que-cuando-empece\/#listItem","name":"Julio Iglesias dice \u00abahora canto mejor que cuando empec\u00e9\u00bb"},"previousItem":{"@type":"ListItem","@id":"https:\/\/www.eldigitaldeasturias.com\/noticias#listItem","name":"Home"}},{"@type":"ListItem","@id":"https:\/\/www.eldigitaldeasturias.com\/noticias\/julio-iglesias-dice-ahora-canto-mejor-que-cuando-empece\/#listItem","position":3,"name":"Julio Iglesias dice \u00abahora canto mejor que cuando empec\u00e9\u00bb","previousItem":{"@type":"ListItem","@id":"https:\/\/www.eldigitaldeasturias.com\/noticias\/category\/sociedad\/#listItem","name":"Sociedad"}}]},{"@type":"Organization","@id":"https:\/\/www.eldigitaldeasturias.com\/noticias\/#organization","name":"El Digital de Asturias","description":"Hemeroteca","url":"https:\/\/www.eldigitaldeasturias.com\/noticias\/","email":"info@eldigitaldeasturias.com","telephone":"+34652131393","logo":{"@type":"ImageObject","url":"https:\/\/www.eldigitaldeasturias.com\/noticias\/wp-content\/uploads\/2020\/12\/EDA.jpg","@id":"https:\/\/www.eldigitaldeasturias.com\/noticias\/julio-iglesias-dice-ahora-canto-mejor-que-cuando-empece\/#organizationLogo"},"image":{"@id":"https:\/\/www.eldigitaldeasturias.com\/noticias\/julio-iglesias-dice-ahora-canto-mejor-que-cuando-empece\/#organizationLogo"},"sameAs":["https:\/\/facebook.com\/eldigitaldeasturias","https:\/\/www.youtube.com\/channel\/UCZP-2wLEB9Rv6erhFmqVnvg"],"address":{"@id":"https:\/\/www.eldigitaldeasturias.com\/noticias\/#postaladdress","@type":"PostalAddress","streetAddress":"san antonio 4","postalCode":"33430","addressLocality":"Cand\u00e1s","addressRegion":"Asturias","addressCountry":"ES"}},{"@type":"Person","@id":"https:\/\/www.eldigitaldeasturias.com\/noticias\/author\/admin\/#author","url":"https:\/\/www.eldigitaldeasturias.com\/noticias\/author\/admin\/","name":"El Digital de Asturias","image":{"@type":"ImageObject","@id":"https:\/\/www.eldigitaldeasturias.com\/noticias\/julio-iglesias-dice-ahora-canto-mejor-que-cuando-empece\/#authorImage","url":"https:\/\/secure.gravatar.com\/avatar\/df2aeffc32bcd13f8d26072ef8a91b623d677766deac7f97ca815868cd41bf5e?s=96&d=mm&r=g","width":96,"height":96,"caption":"El Digital de Asturias"}},{"@type":"WebPage","@id":"https:\/\/www.eldigitaldeasturias.com\/noticias\/julio-iglesias-dice-ahora-canto-mejor-que-cuando-empece\/#webpage","url":"https:\/\/www.eldigitaldeasturias.com\/noticias\/julio-iglesias-dice-ahora-canto-mejor-que-cuando-empece\/","name":"Julio Iglesias dice \u00abahora canto mejor que cuando empec\u00e9\u00bb - El Digital de Asturias","description":"Hong Kong, 5 dic (EFE).- El cantante espa\u00f1ol Julio Iglesias presenta hoy ante el p\u00fablico de Hong Kong su \u00faltimo disco recopilatorio, con los \u00e9xitos m\u00e1s rom\u00e1nticos de sus 45 a\u00f1os de carrera musical, del que afirm\u00f3 sentirse muy satisfecho, \"porque creo que ahora canto mejor que cuando empec\u00e9\". \"Soy un adicto a los escenarios","inLanguage":"es-ES","isPartOf":{"@id":"https:\/\/www.eldigitaldeasturias.com\/noticias\/#website"},"breadcrumb":{"@id":"https:\/\/www.eldigitaldeasturias.com\/noticias\/julio-iglesias-dice-ahora-canto-mejor-que-cuando-empece\/#breadcrumblist"},"author":{"@id":"https:\/\/www.eldigitaldeasturias.com\/noticias\/author\/admin\/#author"},"creator":{"@id":"https:\/\/www.eldigitaldeasturias.com\/noticias\/author\/admin\/#author"},"image":{"@type":"ImageObject","url":458189,"@id":"https:\/\/www.eldigitaldeasturias.com\/noticias\/julio-iglesias-dice-ahora-canto-mejor-que-cuando-empece\/#mainImage"},"primaryImageOfPage":{"@id":"https:\/\/www.eldigitaldeasturias.com\/noticias\/julio-iglesias-dice-ahora-canto-mejor-que-cuando-empece\/#mainImage"},"datePublished":"2013-12-05T21:27:30+01:00","dateModified":"2013-12-05T21:27:30+01:00"},{"@type":"WebSite","@id":"https:\/\/www.eldigitaldeasturias.com\/noticias\/#website","url":"https:\/\/www.eldigitaldeasturias.com\/noticias\/","name":"El Digital de Asturias - Diario de actualidad y noticias","alternateName":"El Digital de Asturias - Diario de actualidad y noticias","description":"Hemeroteca","inLanguage":"es-ES","publisher":{"@id":"https:\/\/www.eldigitaldeasturias.com\/noticias\/#organization"}}]},"og:locale":"es_ES","og:site_name":"El Digital de Asturias","og:type":"article","og:title":"Julio Iglesias dice \u00abahora canto mejor que cuando empec\u00e9\u00bb - El Digital de Asturias","og:description":"Hong Kong, 5 dic (EFE).- El cantante espa\u00f1ol Julio Iglesias presenta hoy ante el p\u00fablico de Hong Kong su \u00faltimo disco recopilatorio, con los \u00e9xitos m\u00e1s rom\u00e1nticos de sus 45 a\u00f1os de carrera musical, del que afirm\u00f3 sentirse muy satisfecho, &quot;porque creo que ahora canto mejor que cuando empec\u00e9&quot;. &quot;Soy un adicto a los escenarios","og:url":"https:\/\/www.eldigitaldeasturias.com\/noticias\/julio-iglesias-dice-ahora-canto-mejor-que-cuando-empece\/","article:tag":["sociedad"],"article:published_time":"2013-12-05T22:27:30+00:00","article:modified_time":"2013-12-05T22:27:30+00:00","article:publisher":"https:\/\/facebook.com\/eldigitaldeasturias","twitter:card":"summary_large_image","twitter:title":"Julio Iglesias dice \u00abahora canto mejor que cuando empec\u00e9\u00bb - El Digital de Asturias","twitter:description":"Hong Kong, 5 dic (EFE).- El cantante espa\u00f1ol Julio Iglesias presenta hoy ante el p\u00fablico de Hong Kong su \u00faltimo disco recopilatorio, con los \u00e9xitos m\u00e1s rom\u00e1nticos de sus 45 a\u00f1os de carrera musical, del que afirm\u00f3 sentirse muy satisfecho, &quot;porque creo que ahora canto mejor que cuando empec\u00e9&quot;. &quot;Soy un adicto a los escenarios","twitter:label1":"Escrito por","twitter:data1":"El Digital de Asturias","twitter:label2":"Tiempo de lectura estimado","twitter:data2":"3 minutos"},"aioseo_meta_data":{"post_id":"458188","title":null,"description":null,"keywords":null,"keyphrases":null,"primary_term":null,"canonical_url":null,"og_title":null,"og_description":null,"og_object_type":"default","og_image_type":"default","og_image_url":null,"og_image_width":null,"og_image_height":null,"og_image_custom_url":null,"og_image_custom_fields":null,"og_video":null,"og_custom_url":null,"og_article_section":null,"og_article_tags":null,"twitter_use_og":true,"twitter_card":"default","twitter_image_type":"default","twitter_image_url":null,"twitter_image_custom_url":null,"twitter_image_custom_fields":null,"twitter_title":null,"twitter_description":null,"schema":{"blockGraphs":[],"customGraphs":[],"default":{"data":{"Article":[],"Course":[],"Dataset":[],"FAQPage":[],"Movie":[],"Person":[],"Product":[],"ProductReview":[],"Car":[],"Recipe":[],"Service":[],"SoftwareApplication":[],"WebPage":[]},"graphName":"","isEnabled":true},"graphs":[],"defaultGraph":"","defaultPostTypeGraph":""},"schema_type":null,"schema_type_options":null,"pillar_content":false,"robots_default":true,"robots_noindex":false,"robots_noarchive":false,"robots_nosnippet":false,"robots_nofollow":false,"robots_noimageindex":false,"robots_noodp":false,"robots_notranslate":false,"robots_max_snippet":null,"robots_max_videopreview":null,"robots_max_imagepreview":"none","priority":null,"frequency":null,"local_seo":null,"seo_analyzer_scan_date":"2026-05-30 04:46:22","breadcrumb_settings":null,"limit_modified_date":false,"open_ai":null,"ai":null,"created":"2020-11-14 22:46:16","updated":"2026-05-30 04:46:22","focus_keyword":null,"additional_keywords":null,"truseo_locale":null},"aioseo_breadcrumb":"<div class=\"aioseo-breadcrumbs\"><span class=\"aioseo-breadcrumb\">\n\t<a href=\"https:\/\/www.eldigitaldeasturias.com\/noticias\" title=\"Home\">Home<\/a>\n<\/span><span class=\"aioseo-breadcrumb-separator\">\u2013<\/span><span class=\"aioseo-breadcrumb\">\n\t<a href=\"https:\/\/www.eldigitaldeasturias.com\/noticias\/category\/sociedad\/\" title=\"Sociedad\">Sociedad<\/a>\n<\/span><span class=\"aioseo-breadcrumb-separator\">\u2013<\/span><span class=\"aioseo-breadcrumb\">\n\t<a href=\"https:\/\/www.eldigitaldeasturias.com\/noticias\/julio-iglesias-dice-ahora-canto-mejor-que-cuando-empece\/\" title=\"Julio Iglesias dice \u00abahora canto mejor que cuando empec\u00e9\u00bb\">Julio Iglesias dice \u00abahora canto mejor que cuando empec\u00e9\u00bb<\/a>\n<\/span><\/div>","aioseo_breadcrumb_json":[{"label":"Home","link":"https:\/\/www.eldigitaldeasturias.com\/noticias"},{"label":"Sociedad","link":"https:\/\/www.eldigitaldeasturias.com\/noticias\/category\/sociedad\/"},{"label":"Julio Iglesias dice \u00abahora canto mejor que cuando empec\u00e9\u00bb","link":"https:\/\/www.eldigitaldeasturias.com\/noticias\/julio-iglesias-dice-ahora-canto-mejor-que-cuando-empece\/"}],"_links":{"self":[{"href":"https:\/\/www.eldigitaldeasturias.com\/noticias\/wp-json\/wp\/v2\/posts\/458188","targetHints":{"allow":["GET"]}}],"collection":[{"href":"https:\/\/www.eldigitaldeasturias.com\/noticias\/wp-json\/wp\/v2\/posts"}],"about":[{"href":"https:\/\/www.eldigitaldeasturias.com\/noticias\/wp-json\/wp\/v2\/types\/post"}],"author":[{"embeddable":true,"href":"https:\/\/www.eldigitaldeasturias.com\/noticias\/wp-json\/wp\/v2\/users\/1"}],"replies":[{"embeddable":true,"href":"https:\/\/www.eldigitaldeasturias.com\/noticias\/wp-json\/wp\/v2\/comments?post=458188"}],"version-history":[{"count":0,"href":"https:\/\/www.eldigitaldeasturias.com\/noticias\/wp-json\/wp\/v2\/posts\/458188\/revisions"}],"wp:attachment":[{"href":"https:\/\/www.eldigitaldeasturias.com\/noticias\/wp-json\/wp\/v2\/media?parent=458188"}],"wp:term":[{"taxonomy":"category","embeddable":true,"href":"https:\/\/www.eldigitaldeasturias.com\/noticias\/wp-json\/wp\/v2\/categories?post=458188"},{"taxonomy":"post_tag","embeddable":true,"href":"https:\/\/www.eldigitaldeasturias.com\/noticias\/wp-json\/wp\/v2\/tags?post=458188"}],"curies":[{"name":"wp","href":"https:\/\/api.w.org\/{rel}","templated":true}]}}