{"id":458179,"date":"2013-12-05T21:21:12","date_gmt":"2013-12-05T22:21:12","guid":{"rendered":"http:\/\/www.eldigitaldeasturias.com\/noticias\/?p=458179"},"modified":"2013-12-05T21:21:12","modified_gmt":"2013-12-05T22:21:12","slug":"investigan-la-sustraccion-de-material-de-la-sede-de-rtvv","status":"publish","type":"post","link":"https:\/\/www.eldigitaldeasturias.com\/noticias\/investigan-la-sustraccion-de-material-de-la-sede-de-rtvv\/","title":{"rendered":"Investigan la sustracci\u00f3n de material de la sede de RTVV"},"content":{"rendered":"<p><img loading=\"lazy\" decoding=\"async\" class=\"alignleft size-medium wp-image-458180\" alt=\"5773771w\" src=\"https:\/\/www.eldigitaldeasturias.com\/noticias\/wp-content\/uploads\/2013\/12\/5773771w-360x230.jpg\" width=\"360\" height=\"230\" \/>Valencia, 5 dic (EFE).- El Juzgado de Instrucci\u00f3n n\u00famero 1 de Paterna (Valencia), en funciones de guardia, ha abierto una causa por la supuesta sustracci\u00f3n de material de las instalaciones de Nou con las que Radiotelevisi\u00f3n Valenciana (RTVV) cuenta en la localidad valenciana de Burjassot.<\/p>\n<p>Seg\u00fan ha informado hoy a Efe el Tribunal Superior de Justicia valenciano, la causa se abri\u00f3 el pasado lunes tras la denuncia interpuesta ante este juzgado por un particular, en la que afirmaba que se ha sustra\u00eddo material de la sede de la televisi\u00f3n auton\u00f3mica, sin que las fuentes hayan podido precisar de qu\u00e9 material se trata.<\/p>\n<p>El diario Las Provincias informa hoy de que se tratar\u00eda de \u00abmaterial de car\u00e1cter sensible\u00bb y \u00abcomprometido\u00bb, entre el que \u00abfigura al menos una cinta\u00bb, sin que se sepa si se hurt\u00f3 el mismo d\u00eda del fundido a negro de Nou, el viernes pasado, o en d\u00edas posteriores.<\/p>\n<p>El TSJ ha apuntado que, en el marco de esta causa, el juzgado no ha acordado \u00abde momento\u00bb diligencia alguna por los hechos denunciados.<\/p>\n","protected":false},"excerpt":{"rendered":"<p>Valencia, 5 dic (EFE).- El Juzgado de Instrucci\u00f3n n\u00famero 1 de Paterna (Valencia), en funciones de guardia, ha abierto una causa por la supuesta sustracci\u00f3n de material de las instalaciones de Nou con las que Radiotelevisi\u00f3n Valenciana (RTVV) cuenta en la localidad valenciana de Burjassot. Seg\u00fan ha informado hoy a Efe el Tribunal Superior de [&hellip;]<\/p>\n","protected":false},"author":1,"featured_media":458180,"comment_status":"closed","ping_status":"open","sticky":false,"template":"","format":"standard","meta":{"footnotes":""},"categories":[5],"tags":[],"class_list":["post-458179","post","type-post","status-publish","format-standard","has-post-thumbnail","hentry","category-sucesos"],"aioseo_notices":[],"aioseo_head":"\n\t\t<!-- All in One SEO Pro 5.0.1 - aioseo.com -->\n\t<meta name=\"description\" content=\"Valencia, 5 dic (EFE).- El Juzgado de Instrucci\u00f3n n\u00famero 1 de Paterna (Valencia), en funciones de guardia, ha abierto una causa por la supuesta sustracci\u00f3n de material de las instalaciones de Nou con las que Radiotelevisi\u00f3n Valenciana (RTVV) cuenta en la localidad valenciana de Burjassot. Seg\u00fan ha informado hoy a Efe el Tribunal Superior de\" \/>\n\t<meta name=\"robots\" content=\"max-image-preview:large\" \/>\n\t<meta name=\"author\" content=\"El Digital de Asturias\"\/>\n\t<meta name=\"google-site-verification\" content=\"UA-38556648-1\" \/>\n\t<meta name=\"msvalidate.01\" content=\"7dfe9f3f1b24437ab69f4f2559babe99\" \/>\n\t<meta name=\"keywords\" content=\"sucesos\" \/>\n\t<link rel=\"canonical\" href=\"https:\/\/www.eldigitaldeasturias.com\/noticias\/investigan-la-sustraccion-de-material-de-la-sede-de-rtvv\/\" \/>\n\t<meta name=\"generator\" content=\"All in One SEO Pro (AIOSEO) 5.0.1\" \/>\n\t\t<meta property=\"og:locale\" content=\"es_ES\" \/>\n\t\t<meta property=\"og:site_name\" content=\"El Digital de Asturias\" \/>\n\t\t<meta property=\"og:type\" content=\"article\" \/>\n\t\t<meta property=\"og:title\" content=\"Investigan la sustracci\u00f3n de material de la sede de RTVV - El Digital de Asturias\" \/>\n\t\t<meta property=\"og:description\" content=\"Valencia, 5 dic (EFE).- El Juzgado de Instrucci\u00f3n n\u00famero 1 de Paterna (Valencia), en funciones de guardia, ha abierto una causa por la supuesta sustracci\u00f3n de material de las instalaciones de Nou con las que Radiotelevisi\u00f3n Valenciana (RTVV) cuenta en la localidad valenciana de Burjassot. Seg\u00fan ha informado hoy a Efe el Tribunal Superior de\" \/>\n\t\t<meta property=\"og:url\" content=\"https:\/\/www.eldigitaldeasturias.com\/noticias\/investigan-la-sustraccion-de-material-de-la-sede-de-rtvv\/\" \/>\n\t\t<meta property=\"article:tag\" content=\"sucesos\" \/>\n\t\t<meta property=\"article:published_time\" content=\"2013-12-05T22:21:12+00:00\" \/>\n\t\t<meta property=\"article:modified_time\" content=\"2013-12-05T22:21:12+00:00\" \/>\n\t\t<meta property=\"article:publisher\" content=\"https:\/\/facebook.com\/eldigitaldeasturias\" \/>\n\t\t<meta name=\"twitter:card\" content=\"summary_large_image\" \/>\n\t\t<meta name=\"twitter:title\" content=\"Investigan la sustracci\u00f3n de material de la sede de RTVV - El Digital de Asturias\" \/>\n\t\t<meta name=\"twitter:description\" content=\"Valencia, 5 dic (EFE).- El Juzgado de Instrucci\u00f3n n\u00famero 1 de Paterna (Valencia), en funciones de guardia, ha abierto una causa por la supuesta sustracci\u00f3n de material de las instalaciones de Nou con las que Radiotelevisi\u00f3n Valenciana (RTVV) cuenta en la localidad valenciana de Burjassot. Seg\u00fan ha informado hoy a Efe el Tribunal Superior de\" \/>\n\t\t<meta name=\"twitter:label1\" content=\"Escrito por\" \/>\n\t\t<meta name=\"twitter:data1\" content=\"El Digital de Asturias\" \/>\n\t\t<meta name=\"twitter:label2\" content=\"Tiempo de lectura estimado\" \/>\n\t\t<meta name=\"twitter:data2\" content=\"1 minuto\" \/>\n\t\t<script type=\"application\/ld+json\" class=\"aioseo-schema\">\n\t\t\t{\"@context\":\"https:\\\/\\\/schema.org\",\"@graph\":[{\"@type\":\"BlogPosting\",\"@id\":\"https:\\\/\\\/www.eldigitaldeasturias.com\\\/noticias\\\/investigan-la-sustraccion-de-material-de-la-sede-de-rtvv\\\/#blogposting\",\"name\":\"Investigan la sustracci\\u00f3n de material de la sede de RTVV - El Digital de Asturias\",\"headline\":\"Investigan la sustracci\\u00f3n de material de la sede de RTVV\",\"author\":{\"@id\":\"https:\\\/\\\/www.eldigitaldeasturias.com\\\/noticias\\\/author\\\/admin\\\/#author\"},\"publisher\":{\"@id\":\"https:\\\/\\\/www.eldigitaldeasturias.com\\\/noticias\\\/#organization\"},\"image\":{\"@type\":\"ImageObject\",\"url\":458180},\"datePublished\":\"2013-12-05T21:21:12+01:00\",\"dateModified\":\"2013-12-05T21:21:12+01:00\",\"inLanguage\":\"es-ES\",\"mainEntityOfPage\":{\"@id\":\"https:\\\/\\\/www.eldigitaldeasturias.com\\\/noticias\\\/investigan-la-sustraccion-de-material-de-la-sede-de-rtvv\\\/#webpage\"},\"isPartOf\":{\"@id\":\"https:\\\/\\\/www.eldigitaldeasturias.com\\\/noticias\\\/investigan-la-sustraccion-de-material-de-la-sede-de-rtvv\\\/#webpage\"},\"articleSection\":\"Sucesos\"},{\"@type\":\"BreadcrumbList\",\"@id\":\"https:\\\/\\\/www.eldigitaldeasturias.com\\\/noticias\\\/investigan-la-sustraccion-de-material-de-la-sede-de-rtvv\\\/#breadcrumblist\",\"itemListElement\":[{\"@type\":\"ListItem\",\"@id\":\"https:\\\/\\\/www.eldigitaldeasturias.com\\\/noticias#listItem\",\"position\":1,\"name\":\"Home\",\"item\":\"https:\\\/\\\/www.eldigitaldeasturias.com\\\/noticias\",\"nextItem\":{\"@type\":\"ListItem\",\"@id\":\"https:\\\/\\\/www.eldigitaldeasturias.com\\\/noticias\\\/category\\\/sucesos\\\/#listItem\",\"name\":\"Sucesos\"}},{\"@type\":\"ListItem\",\"@id\":\"https:\\\/\\\/www.eldigitaldeasturias.com\\\/noticias\\\/category\\\/sucesos\\\/#listItem\",\"position\":2,\"name\":\"Sucesos\",\"item\":\"https:\\\/\\\/www.eldigitaldeasturias.com\\\/noticias\\\/category\\\/sucesos\\\/\",\"nextItem\":{\"@type\":\"ListItem\",\"@id\":\"https:\\\/\\\/www.eldigitaldeasturias.com\\\/noticias\\\/investigan-la-sustraccion-de-material-de-la-sede-de-rtvv\\\/#listItem\",\"name\":\"Investigan la sustracci\\u00f3n de material de la sede de RTVV\"},\"previousItem\":{\"@type\":\"ListItem\",\"@id\":\"https:\\\/\\\/www.eldigitaldeasturias.com\\\/noticias#listItem\",\"name\":\"Home\"}},{\"@type\":\"ListItem\",\"@id\":\"https:\\\/\\\/www.eldigitaldeasturias.com\\\/noticias\\\/investigan-la-sustraccion-de-material-de-la-sede-de-rtvv\\\/#listItem\",\"position\":3,\"name\":\"Investigan la sustracci\\u00f3n de material de la sede de RTVV\",\"previousItem\":{\"@type\":\"ListItem\",\"@id\":\"https:\\\/\\\/www.eldigitaldeasturias.com\\\/noticias\\\/category\\\/sucesos\\\/#listItem\",\"name\":\"Sucesos\"}}]},{\"@type\":\"Organization\",\"@id\":\"https:\\\/\\\/www.eldigitaldeasturias.com\\\/noticias\\\/#organization\",\"name\":\"El Digital de Asturias\",\"description\":\"Hemeroteca\",\"url\":\"https:\\\/\\\/www.eldigitaldeasturias.com\\\/noticias\\\/\",\"email\":\"info@eldigitaldeasturias.com\",\"telephone\":\"+34652131393\",\"logo\":{\"@type\":\"ImageObject\",\"url\":\"https:\\\/\\\/www.eldigitaldeasturias.com\\\/noticias\\\/wp-content\\\/uploads\\\/2020\\\/12\\\/EDA.jpg\",\"@id\":\"https:\\\/\\\/www.eldigitaldeasturias.com\\\/noticias\\\/investigan-la-sustraccion-de-material-de-la-sede-de-rtvv\\\/#organizationLogo\"},\"image\":{\"@id\":\"https:\\\/\\\/www.eldigitaldeasturias.com\\\/noticias\\\/investigan-la-sustraccion-de-material-de-la-sede-de-rtvv\\\/#organizationLogo\"},\"sameAs\":[\"https:\\\/\\\/facebook.com\\\/eldigitaldeasturias\",\"https:\\\/\\\/www.youtube.com\\\/channel\\\/UCZP-2wLEB9Rv6erhFmqVnvg\"],\"address\":{\"@id\":\"https:\\\/\\\/www.eldigitaldeasturias.com\\\/noticias\\\/#postaladdress\",\"@type\":\"PostalAddress\",\"streetAddress\":\"san antonio 4\",\"postalCode\":\"33430\",\"addressLocality\":\"Cand\\u00e1s\",\"addressRegion\":\"Asturias\",\"addressCountry\":\"ES\"}},{\"@type\":\"Person\",\"@id\":\"https:\\\/\\\/www.eldigitaldeasturias.com\\\/noticias\\\/author\\\/admin\\\/#author\",\"url\":\"https:\\\/\\\/www.eldigitaldeasturias.com\\\/noticias\\\/author\\\/admin\\\/\",\"name\":\"El Digital de Asturias\",\"image\":{\"@type\":\"ImageObject\",\"@id\":\"https:\\\/\\\/www.eldigitaldeasturias.com\\\/noticias\\\/investigan-la-sustraccion-de-material-de-la-sede-de-rtvv\\\/#authorImage\",\"url\":\"https:\\\/\\\/secure.gravatar.com\\\/avatar\\\/df2aeffc32bcd13f8d26072ef8a91b623d677766deac7f97ca815868cd41bf5e?s=96&d=mm&r=g\",\"width\":96,\"height\":96,\"caption\":\"El Digital de Asturias\"}},{\"@type\":\"WebPage\",\"@id\":\"https:\\\/\\\/www.eldigitaldeasturias.com\\\/noticias\\\/investigan-la-sustraccion-de-material-de-la-sede-de-rtvv\\\/#webpage\",\"url\":\"https:\\\/\\\/www.eldigitaldeasturias.com\\\/noticias\\\/investigan-la-sustraccion-de-material-de-la-sede-de-rtvv\\\/\",\"name\":\"Investigan la sustracci\\u00f3n de material de la sede de RTVV - El Digital de Asturias\",\"description\":\"Valencia, 5 dic (EFE).- El Juzgado de Instrucci\\u00f3n n\\u00famero 1 de Paterna (Valencia), en funciones de guardia, ha abierto una causa por la supuesta sustracci\\u00f3n de material de las instalaciones de Nou con las que Radiotelevisi\\u00f3n Valenciana (RTVV) cuenta en la localidad valenciana de Burjassot. Seg\\u00fan ha informado hoy a Efe el Tribunal Superior de\",\"inLanguage\":\"es-ES\",\"isPartOf\":{\"@id\":\"https:\\\/\\\/www.eldigitaldeasturias.com\\\/noticias\\\/#website\"},\"breadcrumb\":{\"@id\":\"https:\\\/\\\/www.eldigitaldeasturias.com\\\/noticias\\\/investigan-la-sustraccion-de-material-de-la-sede-de-rtvv\\\/#breadcrumblist\"},\"author\":{\"@id\":\"https:\\\/\\\/www.eldigitaldeasturias.com\\\/noticias\\\/author\\\/admin\\\/#author\"},\"creator\":{\"@id\":\"https:\\\/\\\/www.eldigitaldeasturias.com\\\/noticias\\\/author\\\/admin\\\/#author\"},\"image\":{\"@type\":\"ImageObject\",\"url\":458180,\"@id\":\"https:\\\/\\\/www.eldigitaldeasturias.com\\\/noticias\\\/investigan-la-sustraccion-de-material-de-la-sede-de-rtvv\\\/#mainImage\"},\"primaryImageOfPage\":{\"@id\":\"https:\\\/\\\/www.eldigitaldeasturias.com\\\/noticias\\\/investigan-la-sustraccion-de-material-de-la-sede-de-rtvv\\\/#mainImage\"},\"datePublished\":\"2013-12-05T21:21:12+01:00\",\"dateModified\":\"2013-12-05T21:21:12+01:00\"},{\"@type\":\"WebSite\",\"@id\":\"https:\\\/\\\/www.eldigitaldeasturias.com\\\/noticias\\\/#website\",\"url\":\"https:\\\/\\\/www.eldigitaldeasturias.com\\\/noticias\\\/\",\"name\":\"El Digital de Asturias - Diario de actualidad y noticias\",\"alternateName\":\"El Digital de Asturias - Diario de actualidad y noticias\",\"description\":\"Hemeroteca\",\"inLanguage\":\"es-ES\",\"publisher\":{\"@id\":\"https:\\\/\\\/www.eldigitaldeasturias.com\\\/noticias\\\/#organization\"}}]}\n\t\t<\/script>\n\t\t<!-- All in One SEO Pro -->\r\n\t\t<title>Investigan la sustracci\u00f3n de material de la sede de RTVV - El Digital de Asturias<\/title>\n\n","aioseo_head_json":{"title":"Investigan la sustracci\u00f3n de material de la sede de RTVV - El Digital de Asturias","description":"Valencia, 5 dic (EFE).- El Juzgado de Instrucci\u00f3n n\u00famero 1 de Paterna (Valencia), en funciones de guardia, ha abierto una causa por la supuesta sustracci\u00f3n de material de las instalaciones de Nou con las que Radiotelevisi\u00f3n Valenciana (RTVV) cuenta en la localidad valenciana de Burjassot. Seg\u00fan ha informado hoy a Efe el Tribunal Superior de","canonical_url":"https:\/\/www.eldigitaldeasturias.com\/noticias\/investigan-la-sustraccion-de-material-de-la-sede-de-rtvv\/","robots":"max-image-preview:large","keywords":"sucesos","webmasterTools":{"google-site-verification":"UA-38556648-1","msvalidate.01":"7dfe9f3f1b24437ab69f4f2559babe99","miscellaneous":""},"schema":{"@context":"https:\/\/schema.org","@graph":[{"@type":"BlogPosting","@id":"https:\/\/www.eldigitaldeasturias.com\/noticias\/investigan-la-sustraccion-de-material-de-la-sede-de-rtvv\/#blogposting","name":"Investigan la sustracci\u00f3n de material de la sede de RTVV - El Digital de Asturias","headline":"Investigan la sustracci\u00f3n de material de la sede de RTVV","author":{"@id":"https:\/\/www.eldigitaldeasturias.com\/noticias\/author\/admin\/#author"},"publisher":{"@id":"https:\/\/www.eldigitaldeasturias.com\/noticias\/#organization"},"image":{"@type":"ImageObject","url":458180},"datePublished":"2013-12-05T21:21:12+01:00","dateModified":"2013-12-05T21:21:12+01:00","inLanguage":"es-ES","mainEntityOfPage":{"@id":"https:\/\/www.eldigitaldeasturias.com\/noticias\/investigan-la-sustraccion-de-material-de-la-sede-de-rtvv\/#webpage"},"isPartOf":{"@id":"https:\/\/www.eldigitaldeasturias.com\/noticias\/investigan-la-sustraccion-de-material-de-la-sede-de-rtvv\/#webpage"},"articleSection":"Sucesos"},{"@type":"BreadcrumbList","@id":"https:\/\/www.eldigitaldeasturias.com\/noticias\/investigan-la-sustraccion-de-material-de-la-sede-de-rtvv\/#breadcrumblist","itemListElement":[{"@type":"ListItem","@id":"https:\/\/www.eldigitaldeasturias.com\/noticias#listItem","position":1,"name":"Home","item":"https:\/\/www.eldigitaldeasturias.com\/noticias","nextItem":{"@type":"ListItem","@id":"https:\/\/www.eldigitaldeasturias.com\/noticias\/category\/sucesos\/#listItem","name":"Sucesos"}},{"@type":"ListItem","@id":"https:\/\/www.eldigitaldeasturias.com\/noticias\/category\/sucesos\/#listItem","position":2,"name":"Sucesos","item":"https:\/\/www.eldigitaldeasturias.com\/noticias\/category\/sucesos\/","nextItem":{"@type":"ListItem","@id":"https:\/\/www.eldigitaldeasturias.com\/noticias\/investigan-la-sustraccion-de-material-de-la-sede-de-rtvv\/#listItem","name":"Investigan la sustracci\u00f3n de material de la sede de RTVV"},"previousItem":{"@type":"ListItem","@id":"https:\/\/www.eldigitaldeasturias.com\/noticias#listItem","name":"Home"}},{"@type":"ListItem","@id":"https:\/\/www.eldigitaldeasturias.com\/noticias\/investigan-la-sustraccion-de-material-de-la-sede-de-rtvv\/#listItem","position":3,"name":"Investigan la sustracci\u00f3n de material de la sede de RTVV","previousItem":{"@type":"ListItem","@id":"https:\/\/www.eldigitaldeasturias.com\/noticias\/category\/sucesos\/#listItem","name":"Sucesos"}}]},{"@type":"Organization","@id":"https:\/\/www.eldigitaldeasturias.com\/noticias\/#organization","name":"El Digital de Asturias","description":"Hemeroteca","url":"https:\/\/www.eldigitaldeasturias.com\/noticias\/","email":"info@eldigitaldeasturias.com","telephone":"+34652131393","logo":{"@type":"ImageObject","url":"https:\/\/www.eldigitaldeasturias.com\/noticias\/wp-content\/uploads\/2020\/12\/EDA.jpg","@id":"https:\/\/www.eldigitaldeasturias.com\/noticias\/investigan-la-sustraccion-de-material-de-la-sede-de-rtvv\/#organizationLogo"},"image":{"@id":"https:\/\/www.eldigitaldeasturias.com\/noticias\/investigan-la-sustraccion-de-material-de-la-sede-de-rtvv\/#organizationLogo"},"sameAs":["https:\/\/facebook.com\/eldigitaldeasturias","https:\/\/www.youtube.com\/channel\/UCZP-2wLEB9Rv6erhFmqVnvg"],"address":{"@id":"https:\/\/www.eldigitaldeasturias.com\/noticias\/#postaladdress","@type":"PostalAddress","streetAddress":"san antonio 4","postalCode":"33430","addressLocality":"Cand\u00e1s","addressRegion":"Asturias","addressCountry":"ES"}},{"@type":"Person","@id":"https:\/\/www.eldigitaldeasturias.com\/noticias\/author\/admin\/#author","url":"https:\/\/www.eldigitaldeasturias.com\/noticias\/author\/admin\/","name":"El Digital de Asturias","image":{"@type":"ImageObject","@id":"https:\/\/www.eldigitaldeasturias.com\/noticias\/investigan-la-sustraccion-de-material-de-la-sede-de-rtvv\/#authorImage","url":"https:\/\/secure.gravatar.com\/avatar\/df2aeffc32bcd13f8d26072ef8a91b623d677766deac7f97ca815868cd41bf5e?s=96&d=mm&r=g","width":96,"height":96,"caption":"El Digital de Asturias"}},{"@type":"WebPage","@id":"https:\/\/www.eldigitaldeasturias.com\/noticias\/investigan-la-sustraccion-de-material-de-la-sede-de-rtvv\/#webpage","url":"https:\/\/www.eldigitaldeasturias.com\/noticias\/investigan-la-sustraccion-de-material-de-la-sede-de-rtvv\/","name":"Investigan la sustracci\u00f3n de material de la sede de RTVV - El Digital de Asturias","description":"Valencia, 5 dic (EFE).- El Juzgado de Instrucci\u00f3n n\u00famero 1 de Paterna (Valencia), en funciones de guardia, ha abierto una causa por la supuesta sustracci\u00f3n de material de las instalaciones de Nou con las que Radiotelevisi\u00f3n Valenciana (RTVV) cuenta en la localidad valenciana de Burjassot. Seg\u00fan ha informado hoy a Efe el Tribunal Superior de","inLanguage":"es-ES","isPartOf":{"@id":"https:\/\/www.eldigitaldeasturias.com\/noticias\/#website"},"breadcrumb":{"@id":"https:\/\/www.eldigitaldeasturias.com\/noticias\/investigan-la-sustraccion-de-material-de-la-sede-de-rtvv\/#breadcrumblist"},"author":{"@id":"https:\/\/www.eldigitaldeasturias.com\/noticias\/author\/admin\/#author"},"creator":{"@id":"https:\/\/www.eldigitaldeasturias.com\/noticias\/author\/admin\/#author"},"image":{"@type":"ImageObject","url":458180,"@id":"https:\/\/www.eldigitaldeasturias.com\/noticias\/investigan-la-sustraccion-de-material-de-la-sede-de-rtvv\/#mainImage"},"primaryImageOfPage":{"@id":"https:\/\/www.eldigitaldeasturias.com\/noticias\/investigan-la-sustraccion-de-material-de-la-sede-de-rtvv\/#mainImage"},"datePublished":"2013-12-05T21:21:12+01:00","dateModified":"2013-12-05T21:21:12+01:00"},{"@type":"WebSite","@id":"https:\/\/www.eldigitaldeasturias.com\/noticias\/#website","url":"https:\/\/www.eldigitaldeasturias.com\/noticias\/","name":"El Digital de Asturias - Diario de actualidad y noticias","alternateName":"El Digital de Asturias - Diario de actualidad y noticias","description":"Hemeroteca","inLanguage":"es-ES","publisher":{"@id":"https:\/\/www.eldigitaldeasturias.com\/noticias\/#organization"}}]},"og:locale":"es_ES","og:site_name":"El Digital de Asturias","og:type":"article","og:title":"Investigan la sustracci\u00f3n de material de la sede de RTVV - El Digital de Asturias","og:description":"Valencia, 5 dic (EFE).- El Juzgado de Instrucci\u00f3n n\u00famero 1 de Paterna (Valencia), en funciones de guardia, ha abierto una causa por la supuesta sustracci\u00f3n de material de las instalaciones de Nou con las que Radiotelevisi\u00f3n Valenciana (RTVV) cuenta en la localidad valenciana de Burjassot. Seg\u00fan ha informado hoy a Efe el Tribunal Superior de","og:url":"https:\/\/www.eldigitaldeasturias.com\/noticias\/investigan-la-sustraccion-de-material-de-la-sede-de-rtvv\/","article:tag":["sucesos"],"article:published_time":"2013-12-05T22:21:12+00:00","article:modified_time":"2013-12-05T22:21:12+00:00","article:publisher":"https:\/\/facebook.com\/eldigitaldeasturias","twitter:card":"summary_large_image","twitter:title":"Investigan la sustracci\u00f3n de material de la sede de RTVV - El Digital de Asturias","twitter:description":"Valencia, 5 dic (EFE).- El Juzgado de Instrucci\u00f3n n\u00famero 1 de Paterna (Valencia), en funciones de guardia, ha abierto una causa por la supuesta sustracci\u00f3n de material de las instalaciones de Nou con las que Radiotelevisi\u00f3n Valenciana (RTVV) cuenta en la localidad valenciana de Burjassot. Seg\u00fan ha informado hoy a Efe el Tribunal Superior de","twitter:label1":"Escrito por","twitter:data1":"El Digital de Asturias","twitter:label2":"Tiempo de lectura estimado","twitter:data2":"1 minuto"},"aioseo_meta_data":{"post_id":"458179","title":null,"description":null,"keywords":null,"keyphrases":null,"primary_term":null,"canonical_url":null,"og_title":null,"og_description":null,"og_object_type":"default","og_image_type":"default","og_image_url":null,"og_image_width":null,"og_image_height":null,"og_image_custom_url":null,"og_image_custom_fields":null,"og_video":null,"og_custom_url":null,"og_article_section":null,"og_article_tags":null,"twitter_use_og":true,"twitter_card":"default","twitter_image_type":"default","twitter_image_url":null,"twitter_image_custom_url":null,"twitter_image_custom_fields":null,"twitter_title":null,"twitter_description":null,"schema":{"blockGraphs":[],"customGraphs":[],"default":{"data":{"Article":[],"Course":[],"Dataset":[],"FAQPage":[],"Movie":[],"Person":[],"Product":[],"ProductReview":[],"Car":[],"Recipe":[],"Service":[],"SoftwareApplication":[],"WebPage":[]},"graphName":"","isEnabled":true},"graphs":[],"defaultGraph":"","defaultPostTypeGraph":""},"schema_type":null,"schema_type_options":null,"pillar_content":false,"robots_default":true,"robots_noindex":false,"robots_noarchive":false,"robots_nosnippet":false,"robots_nofollow":false,"robots_noimageindex":false,"robots_noodp":false,"robots_notranslate":false,"robots_max_snippet":null,"robots_max_videopreview":null,"robots_max_imagepreview":"none","priority":null,"frequency":null,"local_seo":null,"seo_analyzer_scan_date":"2026-05-30 04:41:50","breadcrumb_settings":null,"limit_modified_date":false,"open_ai":null,"ai":null,"created":"2020-11-14 22:46:16","updated":"2026-05-30 04:41:50","focus_keyword":null,"additional_keywords":null,"truseo_locale":null},"aioseo_breadcrumb":"<div class=\"aioseo-breadcrumbs\"><span class=\"aioseo-breadcrumb\">\n\t<a href=\"https:\/\/www.eldigitaldeasturias.com\/noticias\" title=\"Home\">Home<\/a>\n<\/span><span class=\"aioseo-breadcrumb-separator\">\u2013<\/span><span class=\"aioseo-breadcrumb\">\n\t<a href=\"https:\/\/www.eldigitaldeasturias.com\/noticias\/category\/sucesos\/\" title=\"Sucesos\">Sucesos<\/a>\n<\/span><span class=\"aioseo-breadcrumb-separator\">\u2013<\/span><span class=\"aioseo-breadcrumb\">\n\t<a href=\"https:\/\/www.eldigitaldeasturias.com\/noticias\/investigan-la-sustraccion-de-material-de-la-sede-de-rtvv\/\" title=\"Investigan la sustracci\u00f3n de material de la sede de RTVV\">Investigan la sustracci\u00f3n de material de la sede de RTVV<\/a>\n<\/span><\/div>","aioseo_breadcrumb_json":[{"label":"Home","link":"https:\/\/www.eldigitaldeasturias.com\/noticias"},{"label":"Sucesos","link":"https:\/\/www.eldigitaldeasturias.com\/noticias\/category\/sucesos\/"},{"label":"Investigan la sustracci\u00f3n de material de la sede de RTVV","link":"https:\/\/www.eldigitaldeasturias.com\/noticias\/investigan-la-sustraccion-de-material-de-la-sede-de-rtvv\/"}],"_links":{"self":[{"href":"https:\/\/www.eldigitaldeasturias.com\/noticias\/wp-json\/wp\/v2\/posts\/458179","targetHints":{"allow":["GET"]}}],"collection":[{"href":"https:\/\/www.eldigitaldeasturias.com\/noticias\/wp-json\/wp\/v2\/posts"}],"about":[{"href":"https:\/\/www.eldigitaldeasturias.com\/noticias\/wp-json\/wp\/v2\/types\/post"}],"author":[{"embeddable":true,"href":"https:\/\/www.eldigitaldeasturias.com\/noticias\/wp-json\/wp\/v2\/users\/1"}],"replies":[{"embeddable":true,"href":"https:\/\/www.eldigitaldeasturias.com\/noticias\/wp-json\/wp\/v2\/comments?post=458179"}],"version-history":[{"count":0,"href":"https:\/\/www.eldigitaldeasturias.com\/noticias\/wp-json\/wp\/v2\/posts\/458179\/revisions"}],"wp:attachment":[{"href":"https:\/\/www.eldigitaldeasturias.com\/noticias\/wp-json\/wp\/v2\/media?parent=458179"}],"wp:term":[{"taxonomy":"category","embeddable":true,"href":"https:\/\/www.eldigitaldeasturias.com\/noticias\/wp-json\/wp\/v2\/categories?post=458179"},{"taxonomy":"post_tag","embeddable":true,"href":"https:\/\/www.eldigitaldeasturias.com\/noticias\/wp-json\/wp\/v2\/tags?post=458179"}],"curies":[{"name":"wp","href":"https:\/\/api.w.org\/{rel}","templated":true}]}}