{"id":458167,"date":"2013-12-05T21:15:17","date_gmt":"2013-12-05T22:15:17","guid":{"rendered":"http:\/\/www.eldigitaldeasturias.com\/noticias\/?p=458167"},"modified":"2013-12-05T21:15:17","modified_gmt":"2013-12-05T22:15:17","slug":"mujeres-saudies-lanzan-una-nueva-campana-para-reclamar-su-derecho-a-conducir","status":"publish","type":"post","link":"https:\/\/www.eldigitaldeasturias.com\/noticias\/mujeres-saudies-lanzan-una-nueva-campana-para-reclamar-su-derecho-a-conducir\/","title":{"rendered":"Mujeres saud\u00edes lanzan una nueva campa\u00f1a para reclamar su derecho a conducir"},"content":{"rendered":"<p><img loading=\"lazy\" decoding=\"async\" class=\"alignleft size-medium wp-image-458168\" alt=\"5773649w\" src=\"https:\/\/www.eldigitaldeasturias.com\/noticias\/wp-content\/uploads\/2013\/12\/5773649w-360x239.jpg\" width=\"360\" height=\"239\" \/>Riad, 5 dic (EFE).- Varias activistas de Arabia Saud\u00ed han lanzado una nueva campa\u00f1a para instar a las mujeres a conducir en las calles del reino a finales de mes y exigir as\u00ed el fin de esta prohibici\u00f3n, inform\u00f3 hoy una de las responsables de la iniciativa.<\/p>\n<p>Nasima al Sada defini\u00f3 en su cuenta de Twitter la idea como \u00abuna convocatoria a las mujeres saud\u00edes para que conduzcan sus coches el pr\u00f3ximo d\u00eda 28 en todas las avenidas del reino\u00bb.<\/p>\n<p>En ese sentido, la activista subray\u00f3 que el objetivo de esa movilizaci\u00f3n \u00abes recordar ese derecho (a conducir) para que no muera\u00bb.<\/p>\n<p>\u00abProseguiremos en esto hasta lograr nuestros derechos\u00bb, indic\u00f3 Al Sada, que enfatiz\u00f3 que esta nueva campa\u00f1a completa la celebrada el pasado 26 de octubre, cuando tambi\u00e9n llamaron a las mujeres a tomar las calles al volante.<\/p>\n<p>Hace una semana, las activistas Aziza al Yusef e Iman al Nashfan volvieron a desafiar la prohibici\u00f3n de conducir a las mujeres, con un viaje por Riad que acab\u00f3 con su retenci\u00f3n en comisar\u00eda durante unas horas.<\/p>\n<p>En la comisar\u00eda, fueron obligadas a citar a sus respectivos tutores (varones) para que firmaran un compromiso escrito de que no les permitir\u00e1n conducir de nuevo.<\/p>\n<p>Al Yusef se reuni\u00f3 el mes pasado con el ministro de Interior, Mohamed bin Nayef, para tratar esta demanda, despu\u00e9s de que el 30 de octubre las autoridades saud\u00edes ratificaran la prohibici\u00f3n de que las mujeres conduzcan solas o acompa\u00f1adas.<\/p>\n<p>El muft\u00ed general del pa\u00eds (m\u00e1xima autoridad religiosa), Abdulaziz al Sheij, ha restado recientemente importancia al debate y ha instado a impedir que las mujeres conduzcan para \u00abproteger la sociedad del mal que conlleva\u00bb esta pr\u00e1ctica.<\/p>\n<p>En Arabia Saud\u00ed rige una estricta interpretaci\u00f3n de la ley isl\u00e1mica o \u00abshar\u00eda\u00bb, que impone la segregaci\u00f3n de sexos en espacios p\u00fablicos. Las mujeres no pueden conducir ni tampoco viajar fuera del pa\u00eds sin un var\u00f3n de la familia, entre otras restricciones.<\/p>\n","protected":false},"excerpt":{"rendered":"<p>Riad, 5 dic (EFE).- Varias activistas de Arabia Saud\u00ed han lanzado una nueva campa\u00f1a para instar a las mujeres a conducir en las calles del reino a finales de mes y exigir as\u00ed el fin de esta prohibici\u00f3n, inform\u00f3 hoy una de las responsables de la iniciativa. Nasima al Sada defini\u00f3 en su cuenta de [&hellip;]<\/p>\n","protected":false},"author":1,"featured_media":458168,"comment_status":"closed","ping_status":"open","sticky":false,"template":"","format":"standard","meta":{"footnotes":""},"categories":[28],"tags":[],"class_list":["post-458167","post","type-post","status-publish","format-standard","has-post-thumbnail","hentry","category-sociedad"],"aioseo_notices":[],"aioseo_head":"\n\t\t<!-- All in One SEO Pro 5.0.1 - aioseo.com -->\n\t<meta name=\"description\" content=\"Riad, 5 dic (EFE).- Varias activistas de Arabia Saud\u00ed han lanzado una nueva campa\u00f1a para instar a las mujeres a conducir en las calles del reino a finales de mes y exigir as\u00ed el fin de esta prohibici\u00f3n, inform\u00f3 hoy una de las responsables de la iniciativa. Nasima al Sada defini\u00f3 en su cuenta de\" \/>\n\t<meta name=\"robots\" content=\"max-image-preview:large\" \/>\n\t<meta name=\"author\" content=\"El Digital de Asturias\"\/>\n\t<meta name=\"google-site-verification\" content=\"UA-38556648-1\" \/>\n\t<meta name=\"msvalidate.01\" content=\"7dfe9f3f1b24437ab69f4f2559babe99\" \/>\n\t<meta name=\"keywords\" content=\"sociedad\" \/>\n\t<link rel=\"canonical\" href=\"https:\/\/www.eldigitaldeasturias.com\/noticias\/mujeres-saudies-lanzan-una-nueva-campana-para-reclamar-su-derecho-a-conducir\/\" \/>\n\t<meta name=\"generator\" content=\"All in One SEO Pro (AIOSEO) 5.0.1\" \/>\n\t\t<meta property=\"og:locale\" content=\"es_ES\" \/>\n\t\t<meta property=\"og:site_name\" content=\"El Digital de Asturias\" \/>\n\t\t<meta property=\"og:type\" content=\"article\" \/>\n\t\t<meta property=\"og:title\" content=\"Mujeres saud\u00edes lanzan una nueva campa\u00f1a para reclamar su derecho a conducir - El Digital de Asturias\" \/>\n\t\t<meta property=\"og:description\" content=\"Riad, 5 dic (EFE).- Varias activistas de Arabia Saud\u00ed han lanzado una nueva campa\u00f1a para instar a las mujeres a conducir en las calles del reino a finales de mes y exigir as\u00ed el fin de esta prohibici\u00f3n, inform\u00f3 hoy una de las responsables de la iniciativa. Nasima al Sada defini\u00f3 en su cuenta de\" \/>\n\t\t<meta property=\"og:url\" content=\"https:\/\/www.eldigitaldeasturias.com\/noticias\/mujeres-saudies-lanzan-una-nueva-campana-para-reclamar-su-derecho-a-conducir\/\" \/>\n\t\t<meta property=\"article:tag\" content=\"sociedad\" \/>\n\t\t<meta property=\"article:published_time\" content=\"2013-12-05T22:15:17+00:00\" \/>\n\t\t<meta property=\"article:modified_time\" content=\"2013-12-05T22:15:17+00:00\" \/>\n\t\t<meta property=\"article:publisher\" content=\"https:\/\/facebook.com\/eldigitaldeasturias\" \/>\n\t\t<meta name=\"twitter:card\" content=\"summary_large_image\" \/>\n\t\t<meta name=\"twitter:title\" content=\"Mujeres saud\u00edes lanzan una nueva campa\u00f1a para reclamar su derecho a conducir - El Digital de Asturias\" \/>\n\t\t<meta name=\"twitter:description\" content=\"Riad, 5 dic (EFE).- Varias activistas de Arabia Saud\u00ed han lanzado una nueva campa\u00f1a para instar a las mujeres a conducir en las calles del reino a finales de mes y exigir as\u00ed el fin de esta prohibici\u00f3n, inform\u00f3 hoy una de las responsables de la iniciativa. Nasima al Sada defini\u00f3 en su cuenta de\" \/>\n\t\t<meta name=\"twitter:label1\" content=\"Escrito por\" \/>\n\t\t<meta name=\"twitter:data1\" content=\"El Digital de Asturias\" \/>\n\t\t<meta name=\"twitter:label2\" content=\"Tiempo de lectura estimado\" \/>\n\t\t<meta name=\"twitter:data2\" content=\"2 minutos\" \/>\n\t\t<script type=\"application\/ld+json\" class=\"aioseo-schema\">\n\t\t\t{\"@context\":\"https:\\\/\\\/schema.org\",\"@graph\":[{\"@type\":\"BlogPosting\",\"@id\":\"https:\\\/\\\/www.eldigitaldeasturias.com\\\/noticias\\\/mujeres-saudies-lanzan-una-nueva-campana-para-reclamar-su-derecho-a-conducir\\\/#blogposting\",\"name\":\"Mujeres saud\\u00edes lanzan una nueva campa\\u00f1a para reclamar su derecho a conducir - El Digital de Asturias\",\"headline\":\"Mujeres saud\\u00edes lanzan una nueva campa\\u00f1a para reclamar su derecho a conducir\",\"author\":{\"@id\":\"https:\\\/\\\/www.eldigitaldeasturias.com\\\/noticias\\\/author\\\/admin\\\/#author\"},\"publisher\":{\"@id\":\"https:\\\/\\\/www.eldigitaldeasturias.com\\\/noticias\\\/#organization\"},\"image\":{\"@type\":\"ImageObject\",\"url\":458168},\"datePublished\":\"2013-12-05T21:15:17+01:00\",\"dateModified\":\"2013-12-05T21:15:17+01:00\",\"inLanguage\":\"es-ES\",\"mainEntityOfPage\":{\"@id\":\"https:\\\/\\\/www.eldigitaldeasturias.com\\\/noticias\\\/mujeres-saudies-lanzan-una-nueva-campana-para-reclamar-su-derecho-a-conducir\\\/#webpage\"},\"isPartOf\":{\"@id\":\"https:\\\/\\\/www.eldigitaldeasturias.com\\\/noticias\\\/mujeres-saudies-lanzan-una-nueva-campana-para-reclamar-su-derecho-a-conducir\\\/#webpage\"},\"articleSection\":\"Sociedad\"},{\"@type\":\"BreadcrumbList\",\"@id\":\"https:\\\/\\\/www.eldigitaldeasturias.com\\\/noticias\\\/mujeres-saudies-lanzan-una-nueva-campana-para-reclamar-su-derecho-a-conducir\\\/#breadcrumblist\",\"itemListElement\":[{\"@type\":\"ListItem\",\"@id\":\"https:\\\/\\\/www.eldigitaldeasturias.com\\\/noticias#listItem\",\"position\":1,\"name\":\"Home\",\"item\":\"https:\\\/\\\/www.eldigitaldeasturias.com\\\/noticias\",\"nextItem\":{\"@type\":\"ListItem\",\"@id\":\"https:\\\/\\\/www.eldigitaldeasturias.com\\\/noticias\\\/category\\\/sociedad\\\/#listItem\",\"name\":\"Sociedad\"}},{\"@type\":\"ListItem\",\"@id\":\"https:\\\/\\\/www.eldigitaldeasturias.com\\\/noticias\\\/category\\\/sociedad\\\/#listItem\",\"position\":2,\"name\":\"Sociedad\",\"item\":\"https:\\\/\\\/www.eldigitaldeasturias.com\\\/noticias\\\/category\\\/sociedad\\\/\",\"nextItem\":{\"@type\":\"ListItem\",\"@id\":\"https:\\\/\\\/www.eldigitaldeasturias.com\\\/noticias\\\/mujeres-saudies-lanzan-una-nueva-campana-para-reclamar-su-derecho-a-conducir\\\/#listItem\",\"name\":\"Mujeres saud\\u00edes lanzan una nueva campa\\u00f1a para reclamar su derecho a conducir\"},\"previousItem\":{\"@type\":\"ListItem\",\"@id\":\"https:\\\/\\\/www.eldigitaldeasturias.com\\\/noticias#listItem\",\"name\":\"Home\"}},{\"@type\":\"ListItem\",\"@id\":\"https:\\\/\\\/www.eldigitaldeasturias.com\\\/noticias\\\/mujeres-saudies-lanzan-una-nueva-campana-para-reclamar-su-derecho-a-conducir\\\/#listItem\",\"position\":3,\"name\":\"Mujeres saud\\u00edes lanzan una nueva campa\\u00f1a para reclamar su derecho a conducir\",\"previousItem\":{\"@type\":\"ListItem\",\"@id\":\"https:\\\/\\\/www.eldigitaldeasturias.com\\\/noticias\\\/category\\\/sociedad\\\/#listItem\",\"name\":\"Sociedad\"}}]},{\"@type\":\"Organization\",\"@id\":\"https:\\\/\\\/www.eldigitaldeasturias.com\\\/noticias\\\/#organization\",\"name\":\"El Digital de Asturias\",\"description\":\"Hemeroteca\",\"url\":\"https:\\\/\\\/www.eldigitaldeasturias.com\\\/noticias\\\/\",\"email\":\"info@eldigitaldeasturias.com\",\"telephone\":\"+34652131393\",\"logo\":{\"@type\":\"ImageObject\",\"url\":\"https:\\\/\\\/www.eldigitaldeasturias.com\\\/noticias\\\/wp-content\\\/uploads\\\/2020\\\/12\\\/EDA.jpg\",\"@id\":\"https:\\\/\\\/www.eldigitaldeasturias.com\\\/noticias\\\/mujeres-saudies-lanzan-una-nueva-campana-para-reclamar-su-derecho-a-conducir\\\/#organizationLogo\"},\"image\":{\"@id\":\"https:\\\/\\\/www.eldigitaldeasturias.com\\\/noticias\\\/mujeres-saudies-lanzan-una-nueva-campana-para-reclamar-su-derecho-a-conducir\\\/#organizationLogo\"},\"sameAs\":[\"https:\\\/\\\/facebook.com\\\/eldigitaldeasturias\",\"https:\\\/\\\/www.youtube.com\\\/channel\\\/UCZP-2wLEB9Rv6erhFmqVnvg\"],\"address\":{\"@id\":\"https:\\\/\\\/www.eldigitaldeasturias.com\\\/noticias\\\/#postaladdress\",\"@type\":\"PostalAddress\",\"streetAddress\":\"san antonio 4\",\"postalCode\":\"33430\",\"addressLocality\":\"Cand\\u00e1s\",\"addressRegion\":\"Asturias\",\"addressCountry\":\"ES\"}},{\"@type\":\"Person\",\"@id\":\"https:\\\/\\\/www.eldigitaldeasturias.com\\\/noticias\\\/author\\\/admin\\\/#author\",\"url\":\"https:\\\/\\\/www.eldigitaldeasturias.com\\\/noticias\\\/author\\\/admin\\\/\",\"name\":\"El Digital de Asturias\",\"image\":{\"@type\":\"ImageObject\",\"@id\":\"https:\\\/\\\/www.eldigitaldeasturias.com\\\/noticias\\\/mujeres-saudies-lanzan-una-nueva-campana-para-reclamar-su-derecho-a-conducir\\\/#authorImage\",\"url\":\"https:\\\/\\\/secure.gravatar.com\\\/avatar\\\/df2aeffc32bcd13f8d26072ef8a91b623d677766deac7f97ca815868cd41bf5e?s=96&d=mm&r=g\",\"width\":96,\"height\":96,\"caption\":\"El Digital de Asturias\"}},{\"@type\":\"WebPage\",\"@id\":\"https:\\\/\\\/www.eldigitaldeasturias.com\\\/noticias\\\/mujeres-saudies-lanzan-una-nueva-campana-para-reclamar-su-derecho-a-conducir\\\/#webpage\",\"url\":\"https:\\\/\\\/www.eldigitaldeasturias.com\\\/noticias\\\/mujeres-saudies-lanzan-una-nueva-campana-para-reclamar-su-derecho-a-conducir\\\/\",\"name\":\"Mujeres saud\\u00edes lanzan una nueva campa\\u00f1a para reclamar su derecho a conducir - El Digital de Asturias\",\"description\":\"Riad, 5 dic (EFE).- Varias activistas de Arabia Saud\\u00ed han lanzado una nueva campa\\u00f1a para instar a las mujeres a conducir en las calles del reino a finales de mes y exigir as\\u00ed el fin de esta prohibici\\u00f3n, inform\\u00f3 hoy una de las responsables de la iniciativa. Nasima al Sada defini\\u00f3 en su cuenta de\",\"inLanguage\":\"es-ES\",\"isPartOf\":{\"@id\":\"https:\\\/\\\/www.eldigitaldeasturias.com\\\/noticias\\\/#website\"},\"breadcrumb\":{\"@id\":\"https:\\\/\\\/www.eldigitaldeasturias.com\\\/noticias\\\/mujeres-saudies-lanzan-una-nueva-campana-para-reclamar-su-derecho-a-conducir\\\/#breadcrumblist\"},\"author\":{\"@id\":\"https:\\\/\\\/www.eldigitaldeasturias.com\\\/noticias\\\/author\\\/admin\\\/#author\"},\"creator\":{\"@id\":\"https:\\\/\\\/www.eldigitaldeasturias.com\\\/noticias\\\/author\\\/admin\\\/#author\"},\"image\":{\"@type\":\"ImageObject\",\"url\":458168,\"@id\":\"https:\\\/\\\/www.eldigitaldeasturias.com\\\/noticias\\\/mujeres-saudies-lanzan-una-nueva-campana-para-reclamar-su-derecho-a-conducir\\\/#mainImage\"},\"primaryImageOfPage\":{\"@id\":\"https:\\\/\\\/www.eldigitaldeasturias.com\\\/noticias\\\/mujeres-saudies-lanzan-una-nueva-campana-para-reclamar-su-derecho-a-conducir\\\/#mainImage\"},\"datePublished\":\"2013-12-05T21:15:17+01:00\",\"dateModified\":\"2013-12-05T21:15:17+01:00\"},{\"@type\":\"WebSite\",\"@id\":\"https:\\\/\\\/www.eldigitaldeasturias.com\\\/noticias\\\/#website\",\"url\":\"https:\\\/\\\/www.eldigitaldeasturias.com\\\/noticias\\\/\",\"name\":\"El Digital de Asturias - Diario de actualidad y noticias\",\"alternateName\":\"El Digital de Asturias - Diario de actualidad y noticias\",\"description\":\"Hemeroteca\",\"inLanguage\":\"es-ES\",\"publisher\":{\"@id\":\"https:\\\/\\\/www.eldigitaldeasturias.com\\\/noticias\\\/#organization\"}}]}\n\t\t<\/script>\n\t\t<!-- All in One SEO Pro -->\r\n\t\t<title>Mujeres saud\u00edes lanzan una nueva campa\u00f1a para reclamar su derecho a conducir - El Digital de Asturias<\/title>\n\n","aioseo_head_json":{"title":"Mujeres saud\u00edes lanzan una nueva campa\u00f1a para reclamar su derecho a conducir - El Digital de Asturias","description":"Riad, 5 dic (EFE).- Varias activistas de Arabia Saud\u00ed han lanzado una nueva campa\u00f1a para instar a las mujeres a conducir en las calles del reino a finales de mes y exigir as\u00ed el fin de esta prohibici\u00f3n, inform\u00f3 hoy una de las responsables de la iniciativa. Nasima al Sada defini\u00f3 en su cuenta de","canonical_url":"https:\/\/www.eldigitaldeasturias.com\/noticias\/mujeres-saudies-lanzan-una-nueva-campana-para-reclamar-su-derecho-a-conducir\/","robots":"max-image-preview:large","keywords":"sociedad","webmasterTools":{"google-site-verification":"UA-38556648-1","msvalidate.01":"7dfe9f3f1b24437ab69f4f2559babe99","miscellaneous":""},"schema":{"@context":"https:\/\/schema.org","@graph":[{"@type":"BlogPosting","@id":"https:\/\/www.eldigitaldeasturias.com\/noticias\/mujeres-saudies-lanzan-una-nueva-campana-para-reclamar-su-derecho-a-conducir\/#blogposting","name":"Mujeres saud\u00edes lanzan una nueva campa\u00f1a para reclamar su derecho a conducir - El Digital de Asturias","headline":"Mujeres saud\u00edes lanzan una nueva campa\u00f1a para reclamar su derecho a conducir","author":{"@id":"https:\/\/www.eldigitaldeasturias.com\/noticias\/author\/admin\/#author"},"publisher":{"@id":"https:\/\/www.eldigitaldeasturias.com\/noticias\/#organization"},"image":{"@type":"ImageObject","url":458168},"datePublished":"2013-12-05T21:15:17+01:00","dateModified":"2013-12-05T21:15:17+01:00","inLanguage":"es-ES","mainEntityOfPage":{"@id":"https:\/\/www.eldigitaldeasturias.com\/noticias\/mujeres-saudies-lanzan-una-nueva-campana-para-reclamar-su-derecho-a-conducir\/#webpage"},"isPartOf":{"@id":"https:\/\/www.eldigitaldeasturias.com\/noticias\/mujeres-saudies-lanzan-una-nueva-campana-para-reclamar-su-derecho-a-conducir\/#webpage"},"articleSection":"Sociedad"},{"@type":"BreadcrumbList","@id":"https:\/\/www.eldigitaldeasturias.com\/noticias\/mujeres-saudies-lanzan-una-nueva-campana-para-reclamar-su-derecho-a-conducir\/#breadcrumblist","itemListElement":[{"@type":"ListItem","@id":"https:\/\/www.eldigitaldeasturias.com\/noticias#listItem","position":1,"name":"Home","item":"https:\/\/www.eldigitaldeasturias.com\/noticias","nextItem":{"@type":"ListItem","@id":"https:\/\/www.eldigitaldeasturias.com\/noticias\/category\/sociedad\/#listItem","name":"Sociedad"}},{"@type":"ListItem","@id":"https:\/\/www.eldigitaldeasturias.com\/noticias\/category\/sociedad\/#listItem","position":2,"name":"Sociedad","item":"https:\/\/www.eldigitaldeasturias.com\/noticias\/category\/sociedad\/","nextItem":{"@type":"ListItem","@id":"https:\/\/www.eldigitaldeasturias.com\/noticias\/mujeres-saudies-lanzan-una-nueva-campana-para-reclamar-su-derecho-a-conducir\/#listItem","name":"Mujeres saud\u00edes lanzan una nueva campa\u00f1a para reclamar su derecho a conducir"},"previousItem":{"@type":"ListItem","@id":"https:\/\/www.eldigitaldeasturias.com\/noticias#listItem","name":"Home"}},{"@type":"ListItem","@id":"https:\/\/www.eldigitaldeasturias.com\/noticias\/mujeres-saudies-lanzan-una-nueva-campana-para-reclamar-su-derecho-a-conducir\/#listItem","position":3,"name":"Mujeres saud\u00edes lanzan una nueva campa\u00f1a para reclamar su derecho a conducir","previousItem":{"@type":"ListItem","@id":"https:\/\/www.eldigitaldeasturias.com\/noticias\/category\/sociedad\/#listItem","name":"Sociedad"}}]},{"@type":"Organization","@id":"https:\/\/www.eldigitaldeasturias.com\/noticias\/#organization","name":"El Digital de Asturias","description":"Hemeroteca","url":"https:\/\/www.eldigitaldeasturias.com\/noticias\/","email":"info@eldigitaldeasturias.com","telephone":"+34652131393","logo":{"@type":"ImageObject","url":"https:\/\/www.eldigitaldeasturias.com\/noticias\/wp-content\/uploads\/2020\/12\/EDA.jpg","@id":"https:\/\/www.eldigitaldeasturias.com\/noticias\/mujeres-saudies-lanzan-una-nueva-campana-para-reclamar-su-derecho-a-conducir\/#organizationLogo"},"image":{"@id":"https:\/\/www.eldigitaldeasturias.com\/noticias\/mujeres-saudies-lanzan-una-nueva-campana-para-reclamar-su-derecho-a-conducir\/#organizationLogo"},"sameAs":["https:\/\/facebook.com\/eldigitaldeasturias","https:\/\/www.youtube.com\/channel\/UCZP-2wLEB9Rv6erhFmqVnvg"],"address":{"@id":"https:\/\/www.eldigitaldeasturias.com\/noticias\/#postaladdress","@type":"PostalAddress","streetAddress":"san antonio 4","postalCode":"33430","addressLocality":"Cand\u00e1s","addressRegion":"Asturias","addressCountry":"ES"}},{"@type":"Person","@id":"https:\/\/www.eldigitaldeasturias.com\/noticias\/author\/admin\/#author","url":"https:\/\/www.eldigitaldeasturias.com\/noticias\/author\/admin\/","name":"El Digital de Asturias","image":{"@type":"ImageObject","@id":"https:\/\/www.eldigitaldeasturias.com\/noticias\/mujeres-saudies-lanzan-una-nueva-campana-para-reclamar-su-derecho-a-conducir\/#authorImage","url":"https:\/\/secure.gravatar.com\/avatar\/df2aeffc32bcd13f8d26072ef8a91b623d677766deac7f97ca815868cd41bf5e?s=96&d=mm&r=g","width":96,"height":96,"caption":"El Digital de Asturias"}},{"@type":"WebPage","@id":"https:\/\/www.eldigitaldeasturias.com\/noticias\/mujeres-saudies-lanzan-una-nueva-campana-para-reclamar-su-derecho-a-conducir\/#webpage","url":"https:\/\/www.eldigitaldeasturias.com\/noticias\/mujeres-saudies-lanzan-una-nueva-campana-para-reclamar-su-derecho-a-conducir\/","name":"Mujeres saud\u00edes lanzan una nueva campa\u00f1a para reclamar su derecho a conducir - El Digital de Asturias","description":"Riad, 5 dic (EFE).- Varias activistas de Arabia Saud\u00ed han lanzado una nueva campa\u00f1a para instar a las mujeres a conducir en las calles del reino a finales de mes y exigir as\u00ed el fin de esta prohibici\u00f3n, inform\u00f3 hoy una de las responsables de la iniciativa. Nasima al Sada defini\u00f3 en su cuenta de","inLanguage":"es-ES","isPartOf":{"@id":"https:\/\/www.eldigitaldeasturias.com\/noticias\/#website"},"breadcrumb":{"@id":"https:\/\/www.eldigitaldeasturias.com\/noticias\/mujeres-saudies-lanzan-una-nueva-campana-para-reclamar-su-derecho-a-conducir\/#breadcrumblist"},"author":{"@id":"https:\/\/www.eldigitaldeasturias.com\/noticias\/author\/admin\/#author"},"creator":{"@id":"https:\/\/www.eldigitaldeasturias.com\/noticias\/author\/admin\/#author"},"image":{"@type":"ImageObject","url":458168,"@id":"https:\/\/www.eldigitaldeasturias.com\/noticias\/mujeres-saudies-lanzan-una-nueva-campana-para-reclamar-su-derecho-a-conducir\/#mainImage"},"primaryImageOfPage":{"@id":"https:\/\/www.eldigitaldeasturias.com\/noticias\/mujeres-saudies-lanzan-una-nueva-campana-para-reclamar-su-derecho-a-conducir\/#mainImage"},"datePublished":"2013-12-05T21:15:17+01:00","dateModified":"2013-12-05T21:15:17+01:00"},{"@type":"WebSite","@id":"https:\/\/www.eldigitaldeasturias.com\/noticias\/#website","url":"https:\/\/www.eldigitaldeasturias.com\/noticias\/","name":"El Digital de Asturias - Diario de actualidad y noticias","alternateName":"El Digital de Asturias - Diario de actualidad y noticias","description":"Hemeroteca","inLanguage":"es-ES","publisher":{"@id":"https:\/\/www.eldigitaldeasturias.com\/noticias\/#organization"}}]},"og:locale":"es_ES","og:site_name":"El Digital de Asturias","og:type":"article","og:title":"Mujeres saud\u00edes lanzan una nueva campa\u00f1a para reclamar su derecho a conducir - El Digital de Asturias","og:description":"Riad, 5 dic (EFE).- Varias activistas de Arabia Saud\u00ed han lanzado una nueva campa\u00f1a para instar a las mujeres a conducir en las calles del reino a finales de mes y exigir as\u00ed el fin de esta prohibici\u00f3n, inform\u00f3 hoy una de las responsables de la iniciativa. Nasima al Sada defini\u00f3 en su cuenta de","og:url":"https:\/\/www.eldigitaldeasturias.com\/noticias\/mujeres-saudies-lanzan-una-nueva-campana-para-reclamar-su-derecho-a-conducir\/","article:tag":["sociedad"],"article:published_time":"2013-12-05T22:15:17+00:00","article:modified_time":"2013-12-05T22:15:17+00:00","article:publisher":"https:\/\/facebook.com\/eldigitaldeasturias","twitter:card":"summary_large_image","twitter:title":"Mujeres saud\u00edes lanzan una nueva campa\u00f1a para reclamar su derecho a conducir - El Digital de Asturias","twitter:description":"Riad, 5 dic (EFE).- Varias activistas de Arabia Saud\u00ed han lanzado una nueva campa\u00f1a para instar a las mujeres a conducir en las calles del reino a finales de mes y exigir as\u00ed el fin de esta prohibici\u00f3n, inform\u00f3 hoy una de las responsables de la iniciativa. Nasima al Sada defini\u00f3 en su cuenta de","twitter:label1":"Escrito por","twitter:data1":"El Digital de Asturias","twitter:label2":"Tiempo de lectura estimado","twitter:data2":"2 minutos"},"aioseo_meta_data":{"post_id":"458167","title":null,"description":null,"keywords":null,"keyphrases":null,"primary_term":null,"canonical_url":null,"og_title":null,"og_description":null,"og_object_type":"default","og_image_type":"default","og_image_url":null,"og_image_width":null,"og_image_height":null,"og_image_custom_url":null,"og_image_custom_fields":null,"og_video":null,"og_custom_url":null,"og_article_section":null,"og_article_tags":null,"twitter_use_og":true,"twitter_card":"default","twitter_image_type":"default","twitter_image_url":null,"twitter_image_custom_url":null,"twitter_image_custom_fields":null,"twitter_title":null,"twitter_description":null,"schema":{"blockGraphs":[],"customGraphs":[],"default":{"data":{"Article":[],"Course":[],"Dataset":[],"FAQPage":[],"Movie":[],"Person":[],"Product":[],"ProductReview":[],"Car":[],"Recipe":[],"Service":[],"SoftwareApplication":[],"WebPage":[]},"graphName":"","isEnabled":true},"graphs":[],"defaultGraph":"","defaultPostTypeGraph":""},"schema_type":null,"schema_type_options":null,"pillar_content":false,"robots_default":true,"robots_noindex":false,"robots_noarchive":false,"robots_nosnippet":false,"robots_nofollow":false,"robots_noimageindex":false,"robots_noodp":false,"robots_notranslate":false,"robots_max_snippet":null,"robots_max_videopreview":null,"robots_max_imagepreview":"none","priority":null,"frequency":null,"local_seo":null,"seo_analyzer_scan_date":"2026-05-30 04:39:20","breadcrumb_settings":null,"limit_modified_date":false,"open_ai":null,"ai":null,"created":"2020-11-14 22:46:16","updated":"2026-05-30 04:39:20","focus_keyword":null,"additional_keywords":null,"truseo_locale":null},"aioseo_breadcrumb":"<div class=\"aioseo-breadcrumbs\"><span class=\"aioseo-breadcrumb\">\n\t<a href=\"https:\/\/www.eldigitaldeasturias.com\/noticias\" title=\"Home\">Home<\/a>\n<\/span><span class=\"aioseo-breadcrumb-separator\">\u2013<\/span><span class=\"aioseo-breadcrumb\">\n\t<a href=\"https:\/\/www.eldigitaldeasturias.com\/noticias\/category\/sociedad\/\" title=\"Sociedad\">Sociedad<\/a>\n<\/span><span class=\"aioseo-breadcrumb-separator\">\u2013<\/span><span class=\"aioseo-breadcrumb\">\n\t<a href=\"https:\/\/www.eldigitaldeasturias.com\/noticias\/mujeres-saudies-lanzan-una-nueva-campana-para-reclamar-su-derecho-a-conducir\/\" title=\"Mujeres saud\u00edes lanzan una nueva campa\u00f1a para reclamar su derecho a conducir\">Mujeres saud\u00edes lanzan una nueva campa\u00f1a para reclamar su derecho a conducir<\/a>\n<\/span><\/div>","aioseo_breadcrumb_json":[{"label":"Home","link":"https:\/\/www.eldigitaldeasturias.com\/noticias"},{"label":"Sociedad","link":"https:\/\/www.eldigitaldeasturias.com\/noticias\/category\/sociedad\/"},{"label":"Mujeres saud\u00edes lanzan una nueva campa\u00f1a para reclamar su derecho a conducir","link":"https:\/\/www.eldigitaldeasturias.com\/noticias\/mujeres-saudies-lanzan-una-nueva-campana-para-reclamar-su-derecho-a-conducir\/"}],"_links":{"self":[{"href":"https:\/\/www.eldigitaldeasturias.com\/noticias\/wp-json\/wp\/v2\/posts\/458167","targetHints":{"allow":["GET"]}}],"collection":[{"href":"https:\/\/www.eldigitaldeasturias.com\/noticias\/wp-json\/wp\/v2\/posts"}],"about":[{"href":"https:\/\/www.eldigitaldeasturias.com\/noticias\/wp-json\/wp\/v2\/types\/post"}],"author":[{"embeddable":true,"href":"https:\/\/www.eldigitaldeasturias.com\/noticias\/wp-json\/wp\/v2\/users\/1"}],"replies":[{"embeddable":true,"href":"https:\/\/www.eldigitaldeasturias.com\/noticias\/wp-json\/wp\/v2\/comments?post=458167"}],"version-history":[{"count":0,"href":"https:\/\/www.eldigitaldeasturias.com\/noticias\/wp-json\/wp\/v2\/posts\/458167\/revisions"}],"wp:attachment":[{"href":"https:\/\/www.eldigitaldeasturias.com\/noticias\/wp-json\/wp\/v2\/media?parent=458167"}],"wp:term":[{"taxonomy":"category","embeddable":true,"href":"https:\/\/www.eldigitaldeasturias.com\/noticias\/wp-json\/wp\/v2\/categories?post=458167"},{"taxonomy":"post_tag","embeddable":true,"href":"https:\/\/www.eldigitaldeasturias.com\/noticias\/wp-json\/wp\/v2\/tags?post=458167"}],"curies":[{"name":"wp","href":"https:\/\/api.w.org\/{rel}","templated":true}]}}