{"id":458161,"date":"2013-12-05T21:13:03","date_gmt":"2013-12-05T22:13:03","guid":{"rendered":"http:\/\/www.eldigitaldeasturias.com\/noticias\/?p=458161"},"modified":"2013-12-05T21:13:03","modified_gmt":"2013-12-05T22:13:03","slug":"expertos-belgas-piden-que-el-cigarrillo-electronico-solo-se-venda-en-farmacia","status":"publish","type":"post","link":"https:\/\/www.eldigitaldeasturias.com\/noticias\/expertos-belgas-piden-que-el-cigarrillo-electronico-solo-se-venda-en-farmacia\/","title":{"rendered":"Expertos belgas piden que el cigarrillo electr\u00f3nico s\u00f3lo se venda en farmacia"},"content":{"rendered":"<p><img loading=\"lazy\" decoding=\"async\" class=\"alignleft size-medium wp-image-458162\" alt=\"5773631w\" src=\"https:\/\/www.eldigitaldeasturias.com\/noticias\/wp-content\/uploads\/2013\/12\/5773631w-360x246.jpg\" width=\"360\" height=\"246\" \/>Bruselas, 5 dic (EFE).- El cigarrillo electr\u00f3nico no debe venderse libremente fuera de las farmacias, seg\u00fan un informe del Consejo Superior de Salud de B\u00e9lgica cuyos detalles publica hoy el diario \u00abLe Soir\u00bb.<\/p>\n<p>Neum\u00f3logos, onc\u00f3logos y toxic\u00f3logos de esta instituci\u00f3n alertan de la presencia en esos cigarrillos de sustancias t\u00f3xicas \u00aben cantidades insuficientemente conocidas y cuya seguridad a largo plazo no ha sido suficientemente estudiada\u00bb.<\/p>\n<p>Al mismo tiempo cuestionan la \u00abgran diversidad de productos\u00bb que a su juicio \u00abcrean diferentes problemas en materia de etiquetado o dosis de la nicotina\u00bb.<\/p>\n<p>El informe destaca que el cigarrillo electr\u00f3nico se vende hoy en d\u00eda como un nuevo medio para dejar de fumar, y como tal debe igualmente \u00abestar sometido a criterios de seguridad y eficacia\u00bb.<\/p>\n<p>\u00abNing\u00fan producto comercializado hoy en nuestro pa\u00eds responde a esas condiciones\u00bb, alertan los expertos belgas.<\/p>\n<p>El Consejo Superior de Salud indica adem\u00e1s que la eficacia de este producto \u00abno siempre est\u00e1 probada\u00bb frente a otros remedios para dejar de fumar como los chicles o los parches de nicotina, y que incluso podr\u00eda mantener la adicci\u00f3n al tabaco por la \u00abcontinuidad gestual con el verdadero cigarrillo\u00bb.<\/p>\n<p>As\u00ed, considera que el cigarrillo electr\u00f3nico podr\u00eda ser un \u00abcaballo de Troya para el verdadero cigarrillo\u00bb.<\/p>\n<p>Los expertos tambi\u00e9n recomiendan realizar m\u00e1s estudios, as\u00ed como \u00abprohibir la afirmaci\u00f3n de que mejoran la salud\u00bb.<\/p>\n<p>Para los expertos sanitarios belgas, el cigarrillo electr\u00f3nico debe ser tratado, en consecuencia, como \u00abun medicamento\u00bb, ser vendido en farmacias y limitarse su publicidad.<\/p>\n<p>A su vez, piden que fumar este tipo de cigarrillo siga estando vetado en lugares donde se proh\u00edbe fumar.<\/p>\n<p>El cigarrillo electr\u00f3nico es un fen\u00f3meno \u00aben alza\u00bb en B\u00e9lgica, donde el 2 % de los ciudadanos lo usan regularmente, una cifra que se calcula que ir\u00e1 en aumento, destaca \u00abLe Soir\u00bb.<\/p>\n<p>El informe ser\u00e1 examinado por la ministra belga de Sanidad, Laurette Onkelinx.<\/p>\n","protected":false},"excerpt":{"rendered":"<p>Bruselas, 5 dic (EFE).- El cigarrillo electr\u00f3nico no debe venderse libremente fuera de las farmacias, seg\u00fan un informe del Consejo Superior de Salud de B\u00e9lgica cuyos detalles publica hoy el diario \u00abLe Soir\u00bb. Neum\u00f3logos, onc\u00f3logos y toxic\u00f3logos de esta instituci\u00f3n alertan de la presencia en esos cigarrillos de sustancias t\u00f3xicas \u00aben cantidades insuficientemente conocidas y [&hellip;]<\/p>\n","protected":false},"author":1,"featured_media":458162,"comment_status":"closed","ping_status":"open","sticky":false,"template":"","format":"standard","meta":{"footnotes":""},"categories":[28],"tags":[],"class_list":["post-458161","post","type-post","status-publish","format-standard","has-post-thumbnail","hentry","category-sociedad"],"aioseo_notices":[],"aioseo_head":"\n\t\t<!-- All in One SEO Pro 5.0.1 - aioseo.com -->\n\t<meta name=\"description\" content=\"Bruselas, 5 dic (EFE).- El cigarrillo electr\u00f3nico no debe venderse libremente fuera de las farmacias, seg\u00fan un informe del Consejo Superior de Salud de B\u00e9lgica cuyos detalles publica hoy el diario &quot;Le Soir&quot;. Neum\u00f3logos, onc\u00f3logos y toxic\u00f3logos de esta instituci\u00f3n alertan de la presencia en esos cigarrillos de sustancias t\u00f3xicas &quot;en cantidades insuficientemente conocidas y\" \/>\n\t<meta name=\"robots\" content=\"max-image-preview:large\" \/>\n\t<meta name=\"author\" content=\"El Digital de Asturias\"\/>\n\t<meta name=\"google-site-verification\" content=\"UA-38556648-1\" \/>\n\t<meta name=\"msvalidate.01\" content=\"7dfe9f3f1b24437ab69f4f2559babe99\" \/>\n\t<meta name=\"keywords\" content=\"sociedad\" \/>\n\t<link rel=\"canonical\" href=\"https:\/\/www.eldigitaldeasturias.com\/noticias\/expertos-belgas-piden-que-el-cigarrillo-electronico-solo-se-venda-en-farmacia\/\" \/>\n\t<meta name=\"generator\" content=\"All in One SEO Pro (AIOSEO) 5.0.1\" \/>\n\t\t<meta property=\"og:locale\" content=\"es_ES\" \/>\n\t\t<meta property=\"og:site_name\" content=\"El Digital de Asturias\" \/>\n\t\t<meta property=\"og:type\" content=\"article\" \/>\n\t\t<meta property=\"og:title\" content=\"Expertos belgas piden que el cigarrillo electr\u00f3nico s\u00f3lo se venda en farmacia - El Digital de Asturias\" \/>\n\t\t<meta property=\"og:description\" content=\"Bruselas, 5 dic (EFE).- El cigarrillo electr\u00f3nico no debe venderse libremente fuera de las farmacias, seg\u00fan un informe del Consejo Superior de Salud de B\u00e9lgica cuyos detalles publica hoy el diario &quot;Le Soir&quot;. Neum\u00f3logos, onc\u00f3logos y toxic\u00f3logos de esta instituci\u00f3n alertan de la presencia en esos cigarrillos de sustancias t\u00f3xicas &quot;en cantidades insuficientemente conocidas y\" \/>\n\t\t<meta property=\"og:url\" content=\"https:\/\/www.eldigitaldeasturias.com\/noticias\/expertos-belgas-piden-que-el-cigarrillo-electronico-solo-se-venda-en-farmacia\/\" \/>\n\t\t<meta property=\"article:tag\" content=\"sociedad\" \/>\n\t\t<meta property=\"article:published_time\" content=\"2013-12-05T22:13:03+00:00\" \/>\n\t\t<meta property=\"article:modified_time\" content=\"2013-12-05T22:13:03+00:00\" \/>\n\t\t<meta property=\"article:publisher\" content=\"https:\/\/facebook.com\/eldigitaldeasturias\" \/>\n\t\t<meta name=\"twitter:card\" content=\"summary_large_image\" \/>\n\t\t<meta name=\"twitter:title\" content=\"Expertos belgas piden que el cigarrillo electr\u00f3nico s\u00f3lo se venda en farmacia - El Digital de Asturias\" \/>\n\t\t<meta name=\"twitter:description\" content=\"Bruselas, 5 dic (EFE).- El cigarrillo electr\u00f3nico no debe venderse libremente fuera de las farmacias, seg\u00fan un informe del Consejo Superior de Salud de B\u00e9lgica cuyos detalles publica hoy el diario &quot;Le Soir&quot;. Neum\u00f3logos, onc\u00f3logos y toxic\u00f3logos de esta instituci\u00f3n alertan de la presencia en esos cigarrillos de sustancias t\u00f3xicas &quot;en cantidades insuficientemente conocidas y\" \/>\n\t\t<meta name=\"twitter:label1\" content=\"Escrito por\" \/>\n\t\t<meta name=\"twitter:data1\" content=\"El Digital de Asturias\" \/>\n\t\t<meta name=\"twitter:label2\" content=\"Tiempo de lectura estimado\" \/>\n\t\t<meta name=\"twitter:data2\" content=\"2 minutos\" \/>\n\t\t<script type=\"application\/ld+json\" class=\"aioseo-schema\">\n\t\t\t{\"@context\":\"https:\\\/\\\/schema.org\",\"@graph\":[{\"@type\":\"BlogPosting\",\"@id\":\"https:\\\/\\\/www.eldigitaldeasturias.com\\\/noticias\\\/expertos-belgas-piden-que-el-cigarrillo-electronico-solo-se-venda-en-farmacia\\\/#blogposting\",\"name\":\"Expertos belgas piden que el cigarrillo electr\\u00f3nico s\\u00f3lo se venda en farmacia - El Digital de Asturias\",\"headline\":\"Expertos belgas piden que el cigarrillo electr\\u00f3nico s\\u00f3lo se venda en farmacia\",\"author\":{\"@id\":\"https:\\\/\\\/www.eldigitaldeasturias.com\\\/noticias\\\/author\\\/admin\\\/#author\"},\"publisher\":{\"@id\":\"https:\\\/\\\/www.eldigitaldeasturias.com\\\/noticias\\\/#organization\"},\"image\":{\"@type\":\"ImageObject\",\"url\":458162},\"datePublished\":\"2013-12-05T21:13:03+01:00\",\"dateModified\":\"2013-12-05T21:13:03+01:00\",\"inLanguage\":\"es-ES\",\"mainEntityOfPage\":{\"@id\":\"https:\\\/\\\/www.eldigitaldeasturias.com\\\/noticias\\\/expertos-belgas-piden-que-el-cigarrillo-electronico-solo-se-venda-en-farmacia\\\/#webpage\"},\"isPartOf\":{\"@id\":\"https:\\\/\\\/www.eldigitaldeasturias.com\\\/noticias\\\/expertos-belgas-piden-que-el-cigarrillo-electronico-solo-se-venda-en-farmacia\\\/#webpage\"},\"articleSection\":\"Sociedad\"},{\"@type\":\"BreadcrumbList\",\"@id\":\"https:\\\/\\\/www.eldigitaldeasturias.com\\\/noticias\\\/expertos-belgas-piden-que-el-cigarrillo-electronico-solo-se-venda-en-farmacia\\\/#breadcrumblist\",\"itemListElement\":[{\"@type\":\"ListItem\",\"@id\":\"https:\\\/\\\/www.eldigitaldeasturias.com\\\/noticias#listItem\",\"position\":1,\"name\":\"Home\",\"item\":\"https:\\\/\\\/www.eldigitaldeasturias.com\\\/noticias\",\"nextItem\":{\"@type\":\"ListItem\",\"@id\":\"https:\\\/\\\/www.eldigitaldeasturias.com\\\/noticias\\\/category\\\/sociedad\\\/#listItem\",\"name\":\"Sociedad\"}},{\"@type\":\"ListItem\",\"@id\":\"https:\\\/\\\/www.eldigitaldeasturias.com\\\/noticias\\\/category\\\/sociedad\\\/#listItem\",\"position\":2,\"name\":\"Sociedad\",\"item\":\"https:\\\/\\\/www.eldigitaldeasturias.com\\\/noticias\\\/category\\\/sociedad\\\/\",\"nextItem\":{\"@type\":\"ListItem\",\"@id\":\"https:\\\/\\\/www.eldigitaldeasturias.com\\\/noticias\\\/expertos-belgas-piden-que-el-cigarrillo-electronico-solo-se-venda-en-farmacia\\\/#listItem\",\"name\":\"Expertos belgas piden que el cigarrillo electr\\u00f3nico s\\u00f3lo se venda en farmacia\"},\"previousItem\":{\"@type\":\"ListItem\",\"@id\":\"https:\\\/\\\/www.eldigitaldeasturias.com\\\/noticias#listItem\",\"name\":\"Home\"}},{\"@type\":\"ListItem\",\"@id\":\"https:\\\/\\\/www.eldigitaldeasturias.com\\\/noticias\\\/expertos-belgas-piden-que-el-cigarrillo-electronico-solo-se-venda-en-farmacia\\\/#listItem\",\"position\":3,\"name\":\"Expertos belgas piden que el cigarrillo electr\\u00f3nico s\\u00f3lo se venda en farmacia\",\"previousItem\":{\"@type\":\"ListItem\",\"@id\":\"https:\\\/\\\/www.eldigitaldeasturias.com\\\/noticias\\\/category\\\/sociedad\\\/#listItem\",\"name\":\"Sociedad\"}}]},{\"@type\":\"Organization\",\"@id\":\"https:\\\/\\\/www.eldigitaldeasturias.com\\\/noticias\\\/#organization\",\"name\":\"El Digital de Asturias\",\"description\":\"Hemeroteca\",\"url\":\"https:\\\/\\\/www.eldigitaldeasturias.com\\\/noticias\\\/\",\"email\":\"info@eldigitaldeasturias.com\",\"telephone\":\"+34652131393\",\"logo\":{\"@type\":\"ImageObject\",\"url\":\"https:\\\/\\\/www.eldigitaldeasturias.com\\\/noticias\\\/wp-content\\\/uploads\\\/2020\\\/12\\\/EDA.jpg\",\"@id\":\"https:\\\/\\\/www.eldigitaldeasturias.com\\\/noticias\\\/expertos-belgas-piden-que-el-cigarrillo-electronico-solo-se-venda-en-farmacia\\\/#organizationLogo\"},\"image\":{\"@id\":\"https:\\\/\\\/www.eldigitaldeasturias.com\\\/noticias\\\/expertos-belgas-piden-que-el-cigarrillo-electronico-solo-se-venda-en-farmacia\\\/#organizationLogo\"},\"sameAs\":[\"https:\\\/\\\/facebook.com\\\/eldigitaldeasturias\",\"https:\\\/\\\/www.youtube.com\\\/channel\\\/UCZP-2wLEB9Rv6erhFmqVnvg\"],\"address\":{\"@id\":\"https:\\\/\\\/www.eldigitaldeasturias.com\\\/noticias\\\/#postaladdress\",\"@type\":\"PostalAddress\",\"streetAddress\":\"san antonio 4\",\"postalCode\":\"33430\",\"addressLocality\":\"Cand\\u00e1s\",\"addressRegion\":\"Asturias\",\"addressCountry\":\"ES\"}},{\"@type\":\"Person\",\"@id\":\"https:\\\/\\\/www.eldigitaldeasturias.com\\\/noticias\\\/author\\\/admin\\\/#author\",\"url\":\"https:\\\/\\\/www.eldigitaldeasturias.com\\\/noticias\\\/author\\\/admin\\\/\",\"name\":\"El Digital de Asturias\",\"image\":{\"@type\":\"ImageObject\",\"@id\":\"https:\\\/\\\/www.eldigitaldeasturias.com\\\/noticias\\\/expertos-belgas-piden-que-el-cigarrillo-electronico-solo-se-venda-en-farmacia\\\/#authorImage\",\"url\":\"https:\\\/\\\/secure.gravatar.com\\\/avatar\\\/df2aeffc32bcd13f8d26072ef8a91b623d677766deac7f97ca815868cd41bf5e?s=96&d=mm&r=g\",\"width\":96,\"height\":96,\"caption\":\"El Digital de Asturias\"}},{\"@type\":\"WebPage\",\"@id\":\"https:\\\/\\\/www.eldigitaldeasturias.com\\\/noticias\\\/expertos-belgas-piden-que-el-cigarrillo-electronico-solo-se-venda-en-farmacia\\\/#webpage\",\"url\":\"https:\\\/\\\/www.eldigitaldeasturias.com\\\/noticias\\\/expertos-belgas-piden-que-el-cigarrillo-electronico-solo-se-venda-en-farmacia\\\/\",\"name\":\"Expertos belgas piden que el cigarrillo electr\\u00f3nico s\\u00f3lo se venda en farmacia - El Digital de Asturias\",\"description\":\"Bruselas, 5 dic (EFE).- El cigarrillo electr\\u00f3nico no debe venderse libremente fuera de las farmacias, seg\\u00fan un informe del Consejo Superior de Salud de B\\u00e9lgica cuyos detalles publica hoy el diario \\\"Le Soir\\\". Neum\\u00f3logos, onc\\u00f3logos y toxic\\u00f3logos de esta instituci\\u00f3n alertan de la presencia en esos cigarrillos de sustancias t\\u00f3xicas \\\"en cantidades insuficientemente conocidas y\",\"inLanguage\":\"es-ES\",\"isPartOf\":{\"@id\":\"https:\\\/\\\/www.eldigitaldeasturias.com\\\/noticias\\\/#website\"},\"breadcrumb\":{\"@id\":\"https:\\\/\\\/www.eldigitaldeasturias.com\\\/noticias\\\/expertos-belgas-piden-que-el-cigarrillo-electronico-solo-se-venda-en-farmacia\\\/#breadcrumblist\"},\"author\":{\"@id\":\"https:\\\/\\\/www.eldigitaldeasturias.com\\\/noticias\\\/author\\\/admin\\\/#author\"},\"creator\":{\"@id\":\"https:\\\/\\\/www.eldigitaldeasturias.com\\\/noticias\\\/author\\\/admin\\\/#author\"},\"image\":{\"@type\":\"ImageObject\",\"url\":458162,\"@id\":\"https:\\\/\\\/www.eldigitaldeasturias.com\\\/noticias\\\/expertos-belgas-piden-que-el-cigarrillo-electronico-solo-se-venda-en-farmacia\\\/#mainImage\"},\"primaryImageOfPage\":{\"@id\":\"https:\\\/\\\/www.eldigitaldeasturias.com\\\/noticias\\\/expertos-belgas-piden-que-el-cigarrillo-electronico-solo-se-venda-en-farmacia\\\/#mainImage\"},\"datePublished\":\"2013-12-05T21:13:03+01:00\",\"dateModified\":\"2013-12-05T21:13:03+01:00\"},{\"@type\":\"WebSite\",\"@id\":\"https:\\\/\\\/www.eldigitaldeasturias.com\\\/noticias\\\/#website\",\"url\":\"https:\\\/\\\/www.eldigitaldeasturias.com\\\/noticias\\\/\",\"name\":\"El Digital de Asturias - Diario de actualidad y noticias\",\"alternateName\":\"El Digital de Asturias - Diario de actualidad y noticias\",\"description\":\"Hemeroteca\",\"inLanguage\":\"es-ES\",\"publisher\":{\"@id\":\"https:\\\/\\\/www.eldigitaldeasturias.com\\\/noticias\\\/#organization\"}}]}\n\t\t<\/script>\n\t\t<!-- All in One SEO Pro -->\r\n\t\t<title>Expertos belgas piden que el cigarrillo electr\u00f3nico s\u00f3lo se venda en farmacia - El Digital de Asturias<\/title>\n\n","aioseo_head_json":{"title":"Expertos belgas piden que el cigarrillo electr\u00f3nico s\u00f3lo se venda en farmacia - El Digital de Asturias","description":"Bruselas, 5 dic (EFE).- El cigarrillo electr\u00f3nico no debe venderse libremente fuera de las farmacias, seg\u00fan un informe del Consejo Superior de Salud de B\u00e9lgica cuyos detalles publica hoy el diario \"Le Soir\". Neum\u00f3logos, onc\u00f3logos y toxic\u00f3logos de esta instituci\u00f3n alertan de la presencia en esos cigarrillos de sustancias t\u00f3xicas \"en cantidades insuficientemente conocidas y","canonical_url":"https:\/\/www.eldigitaldeasturias.com\/noticias\/expertos-belgas-piden-que-el-cigarrillo-electronico-solo-se-venda-en-farmacia\/","robots":"max-image-preview:large","keywords":"sociedad","webmasterTools":{"google-site-verification":"UA-38556648-1","msvalidate.01":"7dfe9f3f1b24437ab69f4f2559babe99","miscellaneous":""},"schema":{"@context":"https:\/\/schema.org","@graph":[{"@type":"BlogPosting","@id":"https:\/\/www.eldigitaldeasturias.com\/noticias\/expertos-belgas-piden-que-el-cigarrillo-electronico-solo-se-venda-en-farmacia\/#blogposting","name":"Expertos belgas piden que el cigarrillo electr\u00f3nico s\u00f3lo se venda en farmacia - El Digital de Asturias","headline":"Expertos belgas piden que el cigarrillo electr\u00f3nico s\u00f3lo se venda en farmacia","author":{"@id":"https:\/\/www.eldigitaldeasturias.com\/noticias\/author\/admin\/#author"},"publisher":{"@id":"https:\/\/www.eldigitaldeasturias.com\/noticias\/#organization"},"image":{"@type":"ImageObject","url":458162},"datePublished":"2013-12-05T21:13:03+01:00","dateModified":"2013-12-05T21:13:03+01:00","inLanguage":"es-ES","mainEntityOfPage":{"@id":"https:\/\/www.eldigitaldeasturias.com\/noticias\/expertos-belgas-piden-que-el-cigarrillo-electronico-solo-se-venda-en-farmacia\/#webpage"},"isPartOf":{"@id":"https:\/\/www.eldigitaldeasturias.com\/noticias\/expertos-belgas-piden-que-el-cigarrillo-electronico-solo-se-venda-en-farmacia\/#webpage"},"articleSection":"Sociedad"},{"@type":"BreadcrumbList","@id":"https:\/\/www.eldigitaldeasturias.com\/noticias\/expertos-belgas-piden-que-el-cigarrillo-electronico-solo-se-venda-en-farmacia\/#breadcrumblist","itemListElement":[{"@type":"ListItem","@id":"https:\/\/www.eldigitaldeasturias.com\/noticias#listItem","position":1,"name":"Home","item":"https:\/\/www.eldigitaldeasturias.com\/noticias","nextItem":{"@type":"ListItem","@id":"https:\/\/www.eldigitaldeasturias.com\/noticias\/category\/sociedad\/#listItem","name":"Sociedad"}},{"@type":"ListItem","@id":"https:\/\/www.eldigitaldeasturias.com\/noticias\/category\/sociedad\/#listItem","position":2,"name":"Sociedad","item":"https:\/\/www.eldigitaldeasturias.com\/noticias\/category\/sociedad\/","nextItem":{"@type":"ListItem","@id":"https:\/\/www.eldigitaldeasturias.com\/noticias\/expertos-belgas-piden-que-el-cigarrillo-electronico-solo-se-venda-en-farmacia\/#listItem","name":"Expertos belgas piden que el cigarrillo electr\u00f3nico s\u00f3lo se venda en farmacia"},"previousItem":{"@type":"ListItem","@id":"https:\/\/www.eldigitaldeasturias.com\/noticias#listItem","name":"Home"}},{"@type":"ListItem","@id":"https:\/\/www.eldigitaldeasturias.com\/noticias\/expertos-belgas-piden-que-el-cigarrillo-electronico-solo-se-venda-en-farmacia\/#listItem","position":3,"name":"Expertos belgas piden que el cigarrillo electr\u00f3nico s\u00f3lo se venda en farmacia","previousItem":{"@type":"ListItem","@id":"https:\/\/www.eldigitaldeasturias.com\/noticias\/category\/sociedad\/#listItem","name":"Sociedad"}}]},{"@type":"Organization","@id":"https:\/\/www.eldigitaldeasturias.com\/noticias\/#organization","name":"El Digital de Asturias","description":"Hemeroteca","url":"https:\/\/www.eldigitaldeasturias.com\/noticias\/","email":"info@eldigitaldeasturias.com","telephone":"+34652131393","logo":{"@type":"ImageObject","url":"https:\/\/www.eldigitaldeasturias.com\/noticias\/wp-content\/uploads\/2020\/12\/EDA.jpg","@id":"https:\/\/www.eldigitaldeasturias.com\/noticias\/expertos-belgas-piden-que-el-cigarrillo-electronico-solo-se-venda-en-farmacia\/#organizationLogo"},"image":{"@id":"https:\/\/www.eldigitaldeasturias.com\/noticias\/expertos-belgas-piden-que-el-cigarrillo-electronico-solo-se-venda-en-farmacia\/#organizationLogo"},"sameAs":["https:\/\/facebook.com\/eldigitaldeasturias","https:\/\/www.youtube.com\/channel\/UCZP-2wLEB9Rv6erhFmqVnvg"],"address":{"@id":"https:\/\/www.eldigitaldeasturias.com\/noticias\/#postaladdress","@type":"PostalAddress","streetAddress":"san antonio 4","postalCode":"33430","addressLocality":"Cand\u00e1s","addressRegion":"Asturias","addressCountry":"ES"}},{"@type":"Person","@id":"https:\/\/www.eldigitaldeasturias.com\/noticias\/author\/admin\/#author","url":"https:\/\/www.eldigitaldeasturias.com\/noticias\/author\/admin\/","name":"El Digital de Asturias","image":{"@type":"ImageObject","@id":"https:\/\/www.eldigitaldeasturias.com\/noticias\/expertos-belgas-piden-que-el-cigarrillo-electronico-solo-se-venda-en-farmacia\/#authorImage","url":"https:\/\/secure.gravatar.com\/avatar\/df2aeffc32bcd13f8d26072ef8a91b623d677766deac7f97ca815868cd41bf5e?s=96&d=mm&r=g","width":96,"height":96,"caption":"El Digital de Asturias"}},{"@type":"WebPage","@id":"https:\/\/www.eldigitaldeasturias.com\/noticias\/expertos-belgas-piden-que-el-cigarrillo-electronico-solo-se-venda-en-farmacia\/#webpage","url":"https:\/\/www.eldigitaldeasturias.com\/noticias\/expertos-belgas-piden-que-el-cigarrillo-electronico-solo-se-venda-en-farmacia\/","name":"Expertos belgas piden que el cigarrillo electr\u00f3nico s\u00f3lo se venda en farmacia - El Digital de Asturias","description":"Bruselas, 5 dic (EFE).- El cigarrillo electr\u00f3nico no debe venderse libremente fuera de las farmacias, seg\u00fan un informe del Consejo Superior de Salud de B\u00e9lgica cuyos detalles publica hoy el diario \"Le Soir\". Neum\u00f3logos, onc\u00f3logos y toxic\u00f3logos de esta instituci\u00f3n alertan de la presencia en esos cigarrillos de sustancias t\u00f3xicas \"en cantidades insuficientemente conocidas y","inLanguage":"es-ES","isPartOf":{"@id":"https:\/\/www.eldigitaldeasturias.com\/noticias\/#website"},"breadcrumb":{"@id":"https:\/\/www.eldigitaldeasturias.com\/noticias\/expertos-belgas-piden-que-el-cigarrillo-electronico-solo-se-venda-en-farmacia\/#breadcrumblist"},"author":{"@id":"https:\/\/www.eldigitaldeasturias.com\/noticias\/author\/admin\/#author"},"creator":{"@id":"https:\/\/www.eldigitaldeasturias.com\/noticias\/author\/admin\/#author"},"image":{"@type":"ImageObject","url":458162,"@id":"https:\/\/www.eldigitaldeasturias.com\/noticias\/expertos-belgas-piden-que-el-cigarrillo-electronico-solo-se-venda-en-farmacia\/#mainImage"},"primaryImageOfPage":{"@id":"https:\/\/www.eldigitaldeasturias.com\/noticias\/expertos-belgas-piden-que-el-cigarrillo-electronico-solo-se-venda-en-farmacia\/#mainImage"},"datePublished":"2013-12-05T21:13:03+01:00","dateModified":"2013-12-05T21:13:03+01:00"},{"@type":"WebSite","@id":"https:\/\/www.eldigitaldeasturias.com\/noticias\/#website","url":"https:\/\/www.eldigitaldeasturias.com\/noticias\/","name":"El Digital de Asturias - Diario de actualidad y noticias","alternateName":"El Digital de Asturias - Diario de actualidad y noticias","description":"Hemeroteca","inLanguage":"es-ES","publisher":{"@id":"https:\/\/www.eldigitaldeasturias.com\/noticias\/#organization"}}]},"og:locale":"es_ES","og:site_name":"El Digital de Asturias","og:type":"article","og:title":"Expertos belgas piden que el cigarrillo electr\u00f3nico s\u00f3lo se venda en farmacia - El Digital de Asturias","og:description":"Bruselas, 5 dic (EFE).- El cigarrillo electr\u00f3nico no debe venderse libremente fuera de las farmacias, seg\u00fan un informe del Consejo Superior de Salud de B\u00e9lgica cuyos detalles publica hoy el diario &quot;Le Soir&quot;. Neum\u00f3logos, onc\u00f3logos y toxic\u00f3logos de esta instituci\u00f3n alertan de la presencia en esos cigarrillos de sustancias t\u00f3xicas &quot;en cantidades insuficientemente conocidas y","og:url":"https:\/\/www.eldigitaldeasturias.com\/noticias\/expertos-belgas-piden-que-el-cigarrillo-electronico-solo-se-venda-en-farmacia\/","article:tag":["sociedad"],"article:published_time":"2013-12-05T22:13:03+00:00","article:modified_time":"2013-12-05T22:13:03+00:00","article:publisher":"https:\/\/facebook.com\/eldigitaldeasturias","twitter:card":"summary_large_image","twitter:title":"Expertos belgas piden que el cigarrillo electr\u00f3nico s\u00f3lo se venda en farmacia - El Digital de Asturias","twitter:description":"Bruselas, 5 dic (EFE).- El cigarrillo electr\u00f3nico no debe venderse libremente fuera de las farmacias, seg\u00fan un informe del Consejo Superior de Salud de B\u00e9lgica cuyos detalles publica hoy el diario &quot;Le Soir&quot;. Neum\u00f3logos, onc\u00f3logos y toxic\u00f3logos de esta instituci\u00f3n alertan de la presencia en esos cigarrillos de sustancias t\u00f3xicas &quot;en cantidades insuficientemente conocidas y","twitter:label1":"Escrito por","twitter:data1":"El Digital de Asturias","twitter:label2":"Tiempo de lectura estimado","twitter:data2":"2 minutos"},"aioseo_meta_data":{"post_id":"458161","title":null,"description":null,"keywords":null,"keyphrases":null,"primary_term":null,"canonical_url":null,"og_title":null,"og_description":null,"og_object_type":"default","og_image_type":"default","og_image_url":null,"og_image_width":null,"og_image_height":null,"og_image_custom_url":null,"og_image_custom_fields":null,"og_video":null,"og_custom_url":null,"og_article_section":null,"og_article_tags":null,"twitter_use_og":true,"twitter_card":"default","twitter_image_type":"default","twitter_image_url":null,"twitter_image_custom_url":null,"twitter_image_custom_fields":null,"twitter_title":null,"twitter_description":null,"schema":{"blockGraphs":[],"customGraphs":[],"default":{"data":{"Article":[],"Course":[],"Dataset":[],"FAQPage":[],"Movie":[],"Person":[],"Product":[],"ProductReview":[],"Car":[],"Recipe":[],"Service":[],"SoftwareApplication":[],"WebPage":[]},"graphName":"","isEnabled":true},"graphs":[],"defaultGraph":"","defaultPostTypeGraph":""},"schema_type":null,"schema_type_options":null,"pillar_content":false,"robots_default":true,"robots_noindex":false,"robots_noarchive":false,"robots_nosnippet":false,"robots_nofollow":false,"robots_noimageindex":false,"robots_noodp":false,"robots_notranslate":false,"robots_max_snippet":null,"robots_max_videopreview":null,"robots_max_imagepreview":"none","priority":null,"frequency":null,"local_seo":null,"seo_analyzer_scan_date":"2026-05-30 04:36:28","breadcrumb_settings":null,"limit_modified_date":false,"open_ai":null,"ai":null,"created":"2020-11-14 22:46:16","updated":"2026-05-30 04:36:28","focus_keyword":null,"additional_keywords":null,"truseo_locale":null},"aioseo_breadcrumb":"<div class=\"aioseo-breadcrumbs\"><span class=\"aioseo-breadcrumb\">\n\t<a href=\"https:\/\/www.eldigitaldeasturias.com\/noticias\" title=\"Home\">Home<\/a>\n<\/span><span class=\"aioseo-breadcrumb-separator\">\u2013<\/span><span class=\"aioseo-breadcrumb\">\n\t<a href=\"https:\/\/www.eldigitaldeasturias.com\/noticias\/category\/sociedad\/\" title=\"Sociedad\">Sociedad<\/a>\n<\/span><span class=\"aioseo-breadcrumb-separator\">\u2013<\/span><span class=\"aioseo-breadcrumb\">\n\t<a href=\"https:\/\/www.eldigitaldeasturias.com\/noticias\/expertos-belgas-piden-que-el-cigarrillo-electronico-solo-se-venda-en-farmacia\/\" title=\"Expertos belgas piden que el cigarrillo electr\u00f3nico s\u00f3lo se venda en farmacia\">Expertos belgas piden que el cigarrillo electr\u00f3nico s\u00f3lo se venda en farmacia<\/a>\n<\/span><\/div>","aioseo_breadcrumb_json":[{"label":"Home","link":"https:\/\/www.eldigitaldeasturias.com\/noticias"},{"label":"Sociedad","link":"https:\/\/www.eldigitaldeasturias.com\/noticias\/category\/sociedad\/"},{"label":"Expertos belgas piden que el cigarrillo electr\u00f3nico s\u00f3lo se venda en farmacia","link":"https:\/\/www.eldigitaldeasturias.com\/noticias\/expertos-belgas-piden-que-el-cigarrillo-electronico-solo-se-venda-en-farmacia\/"}],"_links":{"self":[{"href":"https:\/\/www.eldigitaldeasturias.com\/noticias\/wp-json\/wp\/v2\/posts\/458161","targetHints":{"allow":["GET"]}}],"collection":[{"href":"https:\/\/www.eldigitaldeasturias.com\/noticias\/wp-json\/wp\/v2\/posts"}],"about":[{"href":"https:\/\/www.eldigitaldeasturias.com\/noticias\/wp-json\/wp\/v2\/types\/post"}],"author":[{"embeddable":true,"href":"https:\/\/www.eldigitaldeasturias.com\/noticias\/wp-json\/wp\/v2\/users\/1"}],"replies":[{"embeddable":true,"href":"https:\/\/www.eldigitaldeasturias.com\/noticias\/wp-json\/wp\/v2\/comments?post=458161"}],"version-history":[{"count":0,"href":"https:\/\/www.eldigitaldeasturias.com\/noticias\/wp-json\/wp\/v2\/posts\/458161\/revisions"}],"wp:attachment":[{"href":"https:\/\/www.eldigitaldeasturias.com\/noticias\/wp-json\/wp\/v2\/media?parent=458161"}],"wp:term":[{"taxonomy":"category","embeddable":true,"href":"https:\/\/www.eldigitaldeasturias.com\/noticias\/wp-json\/wp\/v2\/categories?post=458161"},{"taxonomy":"post_tag","embeddable":true,"href":"https:\/\/www.eldigitaldeasturias.com\/noticias\/wp-json\/wp\/v2\/tags?post=458161"}],"curies":[{"name":"wp","href":"https:\/\/api.w.org\/{rel}","templated":true}]}}