{"id":458144,"date":"2013-12-05T21:01:33","date_gmt":"2013-12-05T22:01:33","guid":{"rendered":"http:\/\/www.eldigitaldeasturias.com\/noticias\/?p=458144"},"modified":"2013-12-05T21:01:54","modified_gmt":"2013-12-05T22:01:54","slug":"la-fiesta-del-buey-en-el-amazonas","status":"publish","type":"post","link":"https:\/\/www.eldigitaldeasturias.com\/noticias\/la-fiesta-del-buey-en-el-amazonas\/","title":{"rendered":"La fiesta del Buey en el Amazonas"},"content":{"rendered":"<p><img loading=\"lazy\" decoding=\"async\" class=\"alignleft size-medium wp-image-458145\" alt=\"Wo der Fu\u00dfball nicht K\u00f6nig ist - Das Fest des Ochsen am Amazonas\" src=\"https:\/\/www.eldigitaldeasturias.com\/noticias\/wp-content\/uploads\/2013\/12\/LA_FIESTA_DEL_BUEY1_E_36561012-360x239.jpg\" width=\"360\" height=\"239\" \/>PARINTINS, Brasil (dpa) &#8211; En la isla de Tupinambarana en el Amazonas la vida suele ser tranquila. Pero hoy este lugar de 100.000 habitantes todo parece estar pasar arriba. Largas filas de personas recorren sin cesar las calles de la segunda mayor ciudad del estado de Amazonas. Brasil vive una fiebre futbol\u00edstica conforme se acerca el Mundial, pero todas estas personas no van hoy al estadio a ver un juego de pelota, sino a celebrar la Fiesta del Buey.<\/p>\n<p>Desde hace 100 a\u00f1os celebran los habitantes de Parintins en la \u00faltima semana de junio la Fiesta del Buey o Boi-Bumb\u00e1, seg\u00fan una tradici\u00f3n que los inmigrantes llevaron del norte de Brasil a la regi\u00f3n del Amazonas despu\u00e9s de un periodo largo de sequ\u00eda. Seg\u00fan la leyenda, Catirina, la mujer embarazada de un agricultor, ten\u00eda grandes ganas de comer lengua de buey. Su marido Francisco mat\u00f3 entonces al buey de su se\u00f1or, quien se enter\u00f3 pronto de lo ocurrido.<\/p>\n<p>Para escapar a un castigo, Francisco pidi\u00f3 a un cham\u00e1n que le devolviera la vida al animal. Cuando esto ocurri\u00f3, se celebr\u00f3 en todo el lugar, y en Parintins sigue haci\u00e9ndose hasta hoy. Con el paso del tiempo no s\u00f3lo se cantaba y bailaba, sino que las fiestas fueron creciendo y creciendo hasta convertirse en un verdadero festival.<\/p>\n<p><img loading=\"lazy\" decoding=\"async\" class=\"alignright size-medium wp-image-458146\" alt=\"Wo der Fu\u00dfball nicht K\u00f6nig ist - Das Fest des Ochsen am Amazonas\" src=\"https:\/\/www.eldigitaldeasturias.com\/noticias\/wp-content\/uploads\/2013\/12\/LA_FIESTA_DEL_BUEY3_E_36561012-360x239.jpg\" width=\"360\" height=\"239\" \/>El estadio conocido como el Bumb\u00f3dromo est\u00e1 a punto de reventar. Cada uno de los 20.000 asientos est\u00e1 ocupado desde hace horas, mientras muchos otros tratan de acceder a las instalaciones. El ambiente est\u00e1 cargado y los asistentes se dividen entre los rojos y los azules. Al igual que en el f\u00fatbol, se trata de los hinchas de dos equipos que escenifican en el estadio la historia de Catirina y Francisco.<\/p>\n<p>Esta tarde, el equipo rojo es el primero en tener la oportunidad de convencer al jurado con su versi\u00f3n. Cientos de personas con tambores inician con sus golpes r\u00edtmicos el desfile de hasta 3.500 bailarines, m\u00fasicos, cantances y actores que en las siguientes dos horas y media despliegan en el estadio un torrente de baile y m\u00fasica. Una y otra vez cambian las im\u00e1genes gigantes del escenario y los participantes.<\/p>\n<p>La representaci\u00f3n alcanza dimensiones que nada tiene que envidiar al famoso carnaval de Rio de Janeiro. Los bailarines, cantantes, m\u00fasicos, estatistas, decorados y dise\u00f1adores de vestidos se preparan durante un a\u00f1o para esta fiesta. Componen, ensayan, cosen disfraces o construyen figuras gigantes de papier mache.<\/p>\n<p><img loading=\"lazy\" decoding=\"async\" class=\"alignleft size-medium wp-image-458147\" alt=\"Wo der Fu\u00dfball nicht K\u00f6nig ist - Das Fest des Ochsen am Amazonas\" src=\"https:\/\/www.eldigitaldeasturias.com\/noticias\/wp-content\/uploads\/2013\/12\/LA_FIESTA_DEL_BUEY2_E_36561012-223x320.jpg\" width=\"223\" height=\"320\" \/>El festival de Paritins recupera elementos folcl\u00f3ricoa del pasado del pa\u00eds, mitos y leyendas, aunque la\u00a0 historia del buey recorre como un hilo rojo toda la representaci\u00f3n. En el escenario aparecen una y otra vez los botos, los delfines de agua dulce del Amazonas, que seg\u00fan la leyenda se transforman por la noche en hombres apuestos y conquistan a las j\u00f3venes. O la anaconda, la serpiente gigante de la que los chamanes reciben sus poderes de videncia y curaci\u00f3n y que protege a las personas, aunque tambi\u00e9n puede traer desgracias con una gran inundaci\u00f3n. Y naturalmente abundan las escenas de peces, pescadores y barcos.<\/p>\n<p>Despu\u00e9s de cinco horas, la representaci\u00f3n termina con una gran final de danza y tambores. Como observador ajeno al lugar, en medio de esta fiesta para los sentidos resulta totalmente imposible decidir cu\u00e1l de los dos equipos podr\u00eda haberse llevado hoy el mayor n\u00famero de puntos.<\/p>\n<p>INFORMACI\u00d3N B\u00c1SICA: Amazonas<\/p>\n<p>Reservas: Las entradas para el festival est\u00e1n altamente cotizadas en todo Brasil, por lo que se recomienda reservarlas a tiempo junto con los pasajes de avi\u00f3n o barco y la habitaci\u00f3n de hotel. El festival tiene lugar la \u00faltima semana de junio.<\/p>\n<p>C\u00f3mo llegar: Los vuelos a Manaus desde el extranjero son contad\u00edsimos. Suele ser necesario hacer escala.<\/p>\n","protected":false},"excerpt":{"rendered":"<p>PARINTINS, Brasil (dpa) &#8211; En la isla de Tupinambarana en el Amazonas la vida suele ser tranquila. Pero hoy este lugar de 100.000 habitantes todo parece estar pasar arriba. Largas filas de personas recorren sin cesar las calles de la segunda mayor ciudad del estado de Amazonas. Brasil vive una fiebre futbol\u00edstica conforme se acerca [&hellip;]<\/p>\n","protected":false},"author":1,"featured_media":458146,"comment_status":"closed","ping_status":"open","sticky":false,"template":"","format":"standard","meta":{"footnotes":""},"categories":[50],"tags":[],"class_list":["post-458144","post","type-post","status-publish","format-standard","has-post-thumbnail","hentry","category-revista-de-ocio"],"aioseo_notices":[],"aioseo_head":"\n\t\t<!-- All in One SEO Pro 5.0.1 - aioseo.com -->\n\t<meta name=\"description\" content=\"PARINTINS, Brasil (dpa) - En la isla de Tupinambarana en el Amazonas la vida suele ser tranquila. Pero hoy este lugar de 100.000 habitantes todo parece estar pasar arriba. Largas filas de personas recorren sin cesar las calles de la segunda mayor ciudad del estado de Amazonas. Brasil vive una fiebre futbol\u00edstica conforme se acerca\" \/>\n\t<meta name=\"robots\" content=\"max-image-preview:large\" \/>\n\t<meta name=\"author\" content=\"El Digital de Asturias\"\/>\n\t<meta name=\"google-site-verification\" content=\"UA-38556648-1\" \/>\n\t<meta name=\"msvalidate.01\" content=\"7dfe9f3f1b24437ab69f4f2559babe99\" \/>\n\t<meta name=\"keywords\" content=\"revista de ocio\" \/>\n\t<link rel=\"canonical\" href=\"https:\/\/www.eldigitaldeasturias.com\/noticias\/la-fiesta-del-buey-en-el-amazonas\/\" \/>\n\t<meta name=\"generator\" content=\"All in One SEO Pro (AIOSEO) 5.0.1\" \/>\n\t\t<meta property=\"og:locale\" content=\"es_ES\" \/>\n\t\t<meta property=\"og:site_name\" content=\"El Digital de Asturias\" \/>\n\t\t<meta property=\"og:type\" content=\"article\" \/>\n\t\t<meta property=\"og:title\" content=\"La fiesta del Buey en el Amazonas - El Digital de Asturias\" \/>\n\t\t<meta property=\"og:description\" content=\"PARINTINS, Brasil (dpa) - En la isla de Tupinambarana en el Amazonas la vida suele ser tranquila. Pero hoy este lugar de 100.000 habitantes todo parece estar pasar arriba. Largas filas de personas recorren sin cesar las calles de la segunda mayor ciudad del estado de Amazonas. Brasil vive una fiebre futbol\u00edstica conforme se acerca\" \/>\n\t\t<meta property=\"og:url\" content=\"https:\/\/www.eldigitaldeasturias.com\/noticias\/la-fiesta-del-buey-en-el-amazonas\/\" \/>\n\t\t<meta property=\"article:tag\" content=\"revista de ocio\" \/>\n\t\t<meta property=\"article:published_time\" content=\"2013-12-05T22:01:33+00:00\" \/>\n\t\t<meta property=\"article:modified_time\" content=\"2013-12-05T22:01:54+00:00\" \/>\n\t\t<meta property=\"article:publisher\" content=\"https:\/\/facebook.com\/eldigitaldeasturias\" \/>\n\t\t<meta name=\"twitter:card\" content=\"summary_large_image\" \/>\n\t\t<meta name=\"twitter:title\" content=\"La fiesta del Buey en el Amazonas - El Digital de Asturias\" \/>\n\t\t<meta name=\"twitter:description\" content=\"PARINTINS, Brasil (dpa) - En la isla de Tupinambarana en el Amazonas la vida suele ser tranquila. Pero hoy este lugar de 100.000 habitantes todo parece estar pasar arriba. Largas filas de personas recorren sin cesar las calles de la segunda mayor ciudad del estado de Amazonas. Brasil vive una fiebre futbol\u00edstica conforme se acerca\" \/>\n\t\t<meta name=\"twitter:label1\" content=\"Escrito por\" \/>\n\t\t<meta name=\"twitter:data1\" content=\"El Digital de Asturias\" \/>\n\t\t<meta name=\"twitter:label2\" content=\"Tiempo de lectura estimado\" \/>\n\t\t<meta name=\"twitter:data2\" content=\"3 minutos\" \/>\n\t\t<script type=\"application\/ld+json\" class=\"aioseo-schema\">\n\t\t\t{\"@context\":\"https:\\\/\\\/schema.org\",\"@graph\":[{\"@type\":\"BlogPosting\",\"@id\":\"https:\\\/\\\/www.eldigitaldeasturias.com\\\/noticias\\\/la-fiesta-del-buey-en-el-amazonas\\\/#blogposting\",\"name\":\"La fiesta del Buey en el Amazonas - El Digital de Asturias\",\"headline\":\"La fiesta del Buey en el Amazonas\",\"author\":{\"@id\":\"https:\\\/\\\/www.eldigitaldeasturias.com\\\/noticias\\\/author\\\/admin\\\/#author\"},\"publisher\":{\"@id\":\"https:\\\/\\\/www.eldigitaldeasturias.com\\\/noticias\\\/#organization\"},\"image\":{\"@type\":\"ImageObject\",\"url\":458146},\"datePublished\":\"2013-12-05T21:01:33+01:00\",\"dateModified\":\"2013-12-05T21:01:54+01:00\",\"inLanguage\":\"es-ES\",\"mainEntityOfPage\":{\"@id\":\"https:\\\/\\\/www.eldigitaldeasturias.com\\\/noticias\\\/la-fiesta-del-buey-en-el-amazonas\\\/#webpage\"},\"isPartOf\":{\"@id\":\"https:\\\/\\\/www.eldigitaldeasturias.com\\\/noticias\\\/la-fiesta-del-buey-en-el-amazonas\\\/#webpage\"},\"articleSection\":\"Revista de Ocio\"},{\"@type\":\"BreadcrumbList\",\"@id\":\"https:\\\/\\\/www.eldigitaldeasturias.com\\\/noticias\\\/la-fiesta-del-buey-en-el-amazonas\\\/#breadcrumblist\",\"itemListElement\":[{\"@type\":\"ListItem\",\"@id\":\"https:\\\/\\\/www.eldigitaldeasturias.com\\\/noticias#listItem\",\"position\":1,\"name\":\"Home\",\"item\":\"https:\\\/\\\/www.eldigitaldeasturias.com\\\/noticias\",\"nextItem\":{\"@type\":\"ListItem\",\"@id\":\"https:\\\/\\\/www.eldigitaldeasturias.com\\\/noticias\\\/category\\\/revista-de-ocio\\\/#listItem\",\"name\":\"Revista de Ocio\"}},{\"@type\":\"ListItem\",\"@id\":\"https:\\\/\\\/www.eldigitaldeasturias.com\\\/noticias\\\/category\\\/revista-de-ocio\\\/#listItem\",\"position\":2,\"name\":\"Revista de Ocio\",\"item\":\"https:\\\/\\\/www.eldigitaldeasturias.com\\\/noticias\\\/category\\\/revista-de-ocio\\\/\",\"nextItem\":{\"@type\":\"ListItem\",\"@id\":\"https:\\\/\\\/www.eldigitaldeasturias.com\\\/noticias\\\/la-fiesta-del-buey-en-el-amazonas\\\/#listItem\",\"name\":\"La fiesta del Buey en el Amazonas\"},\"previousItem\":{\"@type\":\"ListItem\",\"@id\":\"https:\\\/\\\/www.eldigitaldeasturias.com\\\/noticias#listItem\",\"name\":\"Home\"}},{\"@type\":\"ListItem\",\"@id\":\"https:\\\/\\\/www.eldigitaldeasturias.com\\\/noticias\\\/la-fiesta-del-buey-en-el-amazonas\\\/#listItem\",\"position\":3,\"name\":\"La fiesta del Buey en el Amazonas\",\"previousItem\":{\"@type\":\"ListItem\",\"@id\":\"https:\\\/\\\/www.eldigitaldeasturias.com\\\/noticias\\\/category\\\/revista-de-ocio\\\/#listItem\",\"name\":\"Revista de Ocio\"}}]},{\"@type\":\"Organization\",\"@id\":\"https:\\\/\\\/www.eldigitaldeasturias.com\\\/noticias\\\/#organization\",\"name\":\"El Digital de Asturias\",\"description\":\"Hemeroteca\",\"url\":\"https:\\\/\\\/www.eldigitaldeasturias.com\\\/noticias\\\/\",\"email\":\"info@eldigitaldeasturias.com\",\"telephone\":\"+34652131393\",\"logo\":{\"@type\":\"ImageObject\",\"url\":\"https:\\\/\\\/www.eldigitaldeasturias.com\\\/noticias\\\/wp-content\\\/uploads\\\/2020\\\/12\\\/EDA.jpg\",\"@id\":\"https:\\\/\\\/www.eldigitaldeasturias.com\\\/noticias\\\/la-fiesta-del-buey-en-el-amazonas\\\/#organizationLogo\"},\"image\":{\"@id\":\"https:\\\/\\\/www.eldigitaldeasturias.com\\\/noticias\\\/la-fiesta-del-buey-en-el-amazonas\\\/#organizationLogo\"},\"sameAs\":[\"https:\\\/\\\/facebook.com\\\/eldigitaldeasturias\",\"https:\\\/\\\/www.youtube.com\\\/channel\\\/UCZP-2wLEB9Rv6erhFmqVnvg\"],\"address\":{\"@id\":\"https:\\\/\\\/www.eldigitaldeasturias.com\\\/noticias\\\/#postaladdress\",\"@type\":\"PostalAddress\",\"streetAddress\":\"san antonio 4\",\"postalCode\":\"33430\",\"addressLocality\":\"Cand\\u00e1s\",\"addressRegion\":\"Asturias\",\"addressCountry\":\"ES\"}},{\"@type\":\"Person\",\"@id\":\"https:\\\/\\\/www.eldigitaldeasturias.com\\\/noticias\\\/author\\\/admin\\\/#author\",\"url\":\"https:\\\/\\\/www.eldigitaldeasturias.com\\\/noticias\\\/author\\\/admin\\\/\",\"name\":\"El Digital de Asturias\",\"image\":{\"@type\":\"ImageObject\",\"@id\":\"https:\\\/\\\/www.eldigitaldeasturias.com\\\/noticias\\\/la-fiesta-del-buey-en-el-amazonas\\\/#authorImage\",\"url\":\"https:\\\/\\\/secure.gravatar.com\\\/avatar\\\/df2aeffc32bcd13f8d26072ef8a91b623d677766deac7f97ca815868cd41bf5e?s=96&d=mm&r=g\",\"width\":96,\"height\":96,\"caption\":\"El Digital de Asturias\"}},{\"@type\":\"WebPage\",\"@id\":\"https:\\\/\\\/www.eldigitaldeasturias.com\\\/noticias\\\/la-fiesta-del-buey-en-el-amazonas\\\/#webpage\",\"url\":\"https:\\\/\\\/www.eldigitaldeasturias.com\\\/noticias\\\/la-fiesta-del-buey-en-el-amazonas\\\/\",\"name\":\"La fiesta del Buey en el Amazonas - El Digital de Asturias\",\"description\":\"PARINTINS, Brasil (dpa) - En la isla de Tupinambarana en el Amazonas la vida suele ser tranquila. Pero hoy este lugar de 100.000 habitantes todo parece estar pasar arriba. Largas filas de personas recorren sin cesar las calles de la segunda mayor ciudad del estado de Amazonas. Brasil vive una fiebre futbol\\u00edstica conforme se acerca\",\"inLanguage\":\"es-ES\",\"isPartOf\":{\"@id\":\"https:\\\/\\\/www.eldigitaldeasturias.com\\\/noticias\\\/#website\"},\"breadcrumb\":{\"@id\":\"https:\\\/\\\/www.eldigitaldeasturias.com\\\/noticias\\\/la-fiesta-del-buey-en-el-amazonas\\\/#breadcrumblist\"},\"author\":{\"@id\":\"https:\\\/\\\/www.eldigitaldeasturias.com\\\/noticias\\\/author\\\/admin\\\/#author\"},\"creator\":{\"@id\":\"https:\\\/\\\/www.eldigitaldeasturias.com\\\/noticias\\\/author\\\/admin\\\/#author\"},\"image\":{\"@type\":\"ImageObject\",\"url\":458146,\"@id\":\"https:\\\/\\\/www.eldigitaldeasturias.com\\\/noticias\\\/la-fiesta-del-buey-en-el-amazonas\\\/#mainImage\"},\"primaryImageOfPage\":{\"@id\":\"https:\\\/\\\/www.eldigitaldeasturias.com\\\/noticias\\\/la-fiesta-del-buey-en-el-amazonas\\\/#mainImage\"},\"datePublished\":\"2013-12-05T21:01:33+01:00\",\"dateModified\":\"2013-12-05T21:01:54+01:00\"},{\"@type\":\"WebSite\",\"@id\":\"https:\\\/\\\/www.eldigitaldeasturias.com\\\/noticias\\\/#website\",\"url\":\"https:\\\/\\\/www.eldigitaldeasturias.com\\\/noticias\\\/\",\"name\":\"El Digital de Asturias - Diario de actualidad y noticias\",\"alternateName\":\"El Digital de Asturias - Diario de actualidad y noticias\",\"description\":\"Hemeroteca\",\"inLanguage\":\"es-ES\",\"publisher\":{\"@id\":\"https:\\\/\\\/www.eldigitaldeasturias.com\\\/noticias\\\/#organization\"}}]}\n\t\t<\/script>\n\t\t<!-- All in One SEO Pro -->\r\n\t\t<title>La fiesta del Buey en el Amazonas - El Digital de Asturias<\/title>\n\n","aioseo_head_json":{"title":"La fiesta del Buey en el Amazonas - El Digital de Asturias","description":"PARINTINS, Brasil (dpa) - En la isla de Tupinambarana en el Amazonas la vida suele ser tranquila. Pero hoy este lugar de 100.000 habitantes todo parece estar pasar arriba. Largas filas de personas recorren sin cesar las calles de la segunda mayor ciudad del estado de Amazonas. Brasil vive una fiebre futbol\u00edstica conforme se acerca","canonical_url":"https:\/\/www.eldigitaldeasturias.com\/noticias\/la-fiesta-del-buey-en-el-amazonas\/","robots":"max-image-preview:large","keywords":"revista de ocio","webmasterTools":{"google-site-verification":"UA-38556648-1","msvalidate.01":"7dfe9f3f1b24437ab69f4f2559babe99","miscellaneous":""},"schema":{"@context":"https:\/\/schema.org","@graph":[{"@type":"BlogPosting","@id":"https:\/\/www.eldigitaldeasturias.com\/noticias\/la-fiesta-del-buey-en-el-amazonas\/#blogposting","name":"La fiesta del Buey en el Amazonas - El Digital de Asturias","headline":"La fiesta del Buey en el Amazonas","author":{"@id":"https:\/\/www.eldigitaldeasturias.com\/noticias\/author\/admin\/#author"},"publisher":{"@id":"https:\/\/www.eldigitaldeasturias.com\/noticias\/#organization"},"image":{"@type":"ImageObject","url":458146},"datePublished":"2013-12-05T21:01:33+01:00","dateModified":"2013-12-05T21:01:54+01:00","inLanguage":"es-ES","mainEntityOfPage":{"@id":"https:\/\/www.eldigitaldeasturias.com\/noticias\/la-fiesta-del-buey-en-el-amazonas\/#webpage"},"isPartOf":{"@id":"https:\/\/www.eldigitaldeasturias.com\/noticias\/la-fiesta-del-buey-en-el-amazonas\/#webpage"},"articleSection":"Revista de Ocio"},{"@type":"BreadcrumbList","@id":"https:\/\/www.eldigitaldeasturias.com\/noticias\/la-fiesta-del-buey-en-el-amazonas\/#breadcrumblist","itemListElement":[{"@type":"ListItem","@id":"https:\/\/www.eldigitaldeasturias.com\/noticias#listItem","position":1,"name":"Home","item":"https:\/\/www.eldigitaldeasturias.com\/noticias","nextItem":{"@type":"ListItem","@id":"https:\/\/www.eldigitaldeasturias.com\/noticias\/category\/revista-de-ocio\/#listItem","name":"Revista de Ocio"}},{"@type":"ListItem","@id":"https:\/\/www.eldigitaldeasturias.com\/noticias\/category\/revista-de-ocio\/#listItem","position":2,"name":"Revista de Ocio","item":"https:\/\/www.eldigitaldeasturias.com\/noticias\/category\/revista-de-ocio\/","nextItem":{"@type":"ListItem","@id":"https:\/\/www.eldigitaldeasturias.com\/noticias\/la-fiesta-del-buey-en-el-amazonas\/#listItem","name":"La fiesta del Buey en el Amazonas"},"previousItem":{"@type":"ListItem","@id":"https:\/\/www.eldigitaldeasturias.com\/noticias#listItem","name":"Home"}},{"@type":"ListItem","@id":"https:\/\/www.eldigitaldeasturias.com\/noticias\/la-fiesta-del-buey-en-el-amazonas\/#listItem","position":3,"name":"La fiesta del Buey en el Amazonas","previousItem":{"@type":"ListItem","@id":"https:\/\/www.eldigitaldeasturias.com\/noticias\/category\/revista-de-ocio\/#listItem","name":"Revista de Ocio"}}]},{"@type":"Organization","@id":"https:\/\/www.eldigitaldeasturias.com\/noticias\/#organization","name":"El Digital de Asturias","description":"Hemeroteca","url":"https:\/\/www.eldigitaldeasturias.com\/noticias\/","email":"info@eldigitaldeasturias.com","telephone":"+34652131393","logo":{"@type":"ImageObject","url":"https:\/\/www.eldigitaldeasturias.com\/noticias\/wp-content\/uploads\/2020\/12\/EDA.jpg","@id":"https:\/\/www.eldigitaldeasturias.com\/noticias\/la-fiesta-del-buey-en-el-amazonas\/#organizationLogo"},"image":{"@id":"https:\/\/www.eldigitaldeasturias.com\/noticias\/la-fiesta-del-buey-en-el-amazonas\/#organizationLogo"},"sameAs":["https:\/\/facebook.com\/eldigitaldeasturias","https:\/\/www.youtube.com\/channel\/UCZP-2wLEB9Rv6erhFmqVnvg"],"address":{"@id":"https:\/\/www.eldigitaldeasturias.com\/noticias\/#postaladdress","@type":"PostalAddress","streetAddress":"san antonio 4","postalCode":"33430","addressLocality":"Cand\u00e1s","addressRegion":"Asturias","addressCountry":"ES"}},{"@type":"Person","@id":"https:\/\/www.eldigitaldeasturias.com\/noticias\/author\/admin\/#author","url":"https:\/\/www.eldigitaldeasturias.com\/noticias\/author\/admin\/","name":"El Digital de Asturias","image":{"@type":"ImageObject","@id":"https:\/\/www.eldigitaldeasturias.com\/noticias\/la-fiesta-del-buey-en-el-amazonas\/#authorImage","url":"https:\/\/secure.gravatar.com\/avatar\/df2aeffc32bcd13f8d26072ef8a91b623d677766deac7f97ca815868cd41bf5e?s=96&d=mm&r=g","width":96,"height":96,"caption":"El Digital de Asturias"}},{"@type":"WebPage","@id":"https:\/\/www.eldigitaldeasturias.com\/noticias\/la-fiesta-del-buey-en-el-amazonas\/#webpage","url":"https:\/\/www.eldigitaldeasturias.com\/noticias\/la-fiesta-del-buey-en-el-amazonas\/","name":"La fiesta del Buey en el Amazonas - El Digital de Asturias","description":"PARINTINS, Brasil (dpa) - En la isla de Tupinambarana en el Amazonas la vida suele ser tranquila. Pero hoy este lugar de 100.000 habitantes todo parece estar pasar arriba. Largas filas de personas recorren sin cesar las calles de la segunda mayor ciudad del estado de Amazonas. Brasil vive una fiebre futbol\u00edstica conforme se acerca","inLanguage":"es-ES","isPartOf":{"@id":"https:\/\/www.eldigitaldeasturias.com\/noticias\/#website"},"breadcrumb":{"@id":"https:\/\/www.eldigitaldeasturias.com\/noticias\/la-fiesta-del-buey-en-el-amazonas\/#breadcrumblist"},"author":{"@id":"https:\/\/www.eldigitaldeasturias.com\/noticias\/author\/admin\/#author"},"creator":{"@id":"https:\/\/www.eldigitaldeasturias.com\/noticias\/author\/admin\/#author"},"image":{"@type":"ImageObject","url":458146,"@id":"https:\/\/www.eldigitaldeasturias.com\/noticias\/la-fiesta-del-buey-en-el-amazonas\/#mainImage"},"primaryImageOfPage":{"@id":"https:\/\/www.eldigitaldeasturias.com\/noticias\/la-fiesta-del-buey-en-el-amazonas\/#mainImage"},"datePublished":"2013-12-05T21:01:33+01:00","dateModified":"2013-12-05T21:01:54+01:00"},{"@type":"WebSite","@id":"https:\/\/www.eldigitaldeasturias.com\/noticias\/#website","url":"https:\/\/www.eldigitaldeasturias.com\/noticias\/","name":"El Digital de Asturias - Diario de actualidad y noticias","alternateName":"El Digital de Asturias - Diario de actualidad y noticias","description":"Hemeroteca","inLanguage":"es-ES","publisher":{"@id":"https:\/\/www.eldigitaldeasturias.com\/noticias\/#organization"}}]},"og:locale":"es_ES","og:site_name":"El Digital de Asturias","og:type":"article","og:title":"La fiesta del Buey en el Amazonas - El Digital de Asturias","og:description":"PARINTINS, Brasil (dpa) - En la isla de Tupinambarana en el Amazonas la vida suele ser tranquila. Pero hoy este lugar de 100.000 habitantes todo parece estar pasar arriba. Largas filas de personas recorren sin cesar las calles de la segunda mayor ciudad del estado de Amazonas. Brasil vive una fiebre futbol\u00edstica conforme se acerca","og:url":"https:\/\/www.eldigitaldeasturias.com\/noticias\/la-fiesta-del-buey-en-el-amazonas\/","article:tag":["revista de ocio"],"article:published_time":"2013-12-05T22:01:33+00:00","article:modified_time":"2013-12-05T22:01:54+00:00","article:publisher":"https:\/\/facebook.com\/eldigitaldeasturias","twitter:card":"summary_large_image","twitter:title":"La fiesta del Buey en el Amazonas - El Digital de Asturias","twitter:description":"PARINTINS, Brasil (dpa) - En la isla de Tupinambarana en el Amazonas la vida suele ser tranquila. Pero hoy este lugar de 100.000 habitantes todo parece estar pasar arriba. Largas filas de personas recorren sin cesar las calles de la segunda mayor ciudad del estado de Amazonas. Brasil vive una fiebre futbol\u00edstica conforme se acerca","twitter:label1":"Escrito por","twitter:data1":"El Digital de Asturias","twitter:label2":"Tiempo de lectura estimado","twitter:data2":"3 minutos"},"aioseo_meta_data":{"post_id":"458144","title":null,"description":null,"keywords":null,"keyphrases":null,"primary_term":null,"canonical_url":null,"og_title":null,"og_description":null,"og_object_type":"default","og_image_type":"default","og_image_url":null,"og_image_width":null,"og_image_height":null,"og_image_custom_url":null,"og_image_custom_fields":null,"og_video":null,"og_custom_url":null,"og_article_section":null,"og_article_tags":null,"twitter_use_og":true,"twitter_card":"default","twitter_image_type":"default","twitter_image_url":null,"twitter_image_custom_url":null,"twitter_image_custom_fields":null,"twitter_title":null,"twitter_description":null,"schema":{"blockGraphs":[],"customGraphs":[],"default":{"data":{"Article":[],"Course":[],"Dataset":[],"FAQPage":[],"Movie":[],"Person":[],"Product":[],"ProductReview":[],"Car":[],"Recipe":[],"Service":[],"SoftwareApplication":[],"WebPage":[]},"graphName":"","isEnabled":true},"graphs":[],"defaultGraph":"","defaultPostTypeGraph":""},"schema_type":null,"schema_type_options":null,"pillar_content":false,"robots_default":true,"robots_noindex":false,"robots_noarchive":false,"robots_nosnippet":false,"robots_nofollow":false,"robots_noimageindex":false,"robots_noodp":false,"robots_notranslate":false,"robots_max_snippet":null,"robots_max_videopreview":null,"robots_max_imagepreview":"none","priority":null,"frequency":null,"local_seo":null,"seo_analyzer_scan_date":"2026-05-30 04:34:42","breadcrumb_settings":null,"limit_modified_date":false,"open_ai":null,"ai":null,"created":"2020-11-14 22:46:14","updated":"2026-05-30 04:34:42","focus_keyword":null,"additional_keywords":null,"truseo_locale":null},"aioseo_breadcrumb":"<div class=\"aioseo-breadcrumbs\"><span class=\"aioseo-breadcrumb\">\n\t<a href=\"https:\/\/www.eldigitaldeasturias.com\/noticias\" title=\"Home\">Home<\/a>\n<\/span><span class=\"aioseo-breadcrumb-separator\">\u2013<\/span><span class=\"aioseo-breadcrumb\">\n\t<a href=\"https:\/\/www.eldigitaldeasturias.com\/noticias\/category\/revista-de-ocio\/\" title=\"Revista de Ocio\">Revista de Ocio<\/a>\n<\/span><span class=\"aioseo-breadcrumb-separator\">\u2013<\/span><span class=\"aioseo-breadcrumb\">\n\t<a href=\"https:\/\/www.eldigitaldeasturias.com\/noticias\/la-fiesta-del-buey-en-el-amazonas\/\" title=\"La fiesta del Buey en el Amazonas\">La fiesta del Buey en el Amazonas<\/a>\n<\/span><\/div>","aioseo_breadcrumb_json":[{"label":"Home","link":"https:\/\/www.eldigitaldeasturias.com\/noticias"},{"label":"Revista de Ocio","link":"https:\/\/www.eldigitaldeasturias.com\/noticias\/category\/revista-de-ocio\/"},{"label":"La fiesta del Buey en el Amazonas","link":"https:\/\/www.eldigitaldeasturias.com\/noticias\/la-fiesta-del-buey-en-el-amazonas\/"}],"_links":{"self":[{"href":"https:\/\/www.eldigitaldeasturias.com\/noticias\/wp-json\/wp\/v2\/posts\/458144","targetHints":{"allow":["GET"]}}],"collection":[{"href":"https:\/\/www.eldigitaldeasturias.com\/noticias\/wp-json\/wp\/v2\/posts"}],"about":[{"href":"https:\/\/www.eldigitaldeasturias.com\/noticias\/wp-json\/wp\/v2\/types\/post"}],"author":[{"embeddable":true,"href":"https:\/\/www.eldigitaldeasturias.com\/noticias\/wp-json\/wp\/v2\/users\/1"}],"replies":[{"embeddable":true,"href":"https:\/\/www.eldigitaldeasturias.com\/noticias\/wp-json\/wp\/v2\/comments?post=458144"}],"version-history":[{"count":0,"href":"https:\/\/www.eldigitaldeasturias.com\/noticias\/wp-json\/wp\/v2\/posts\/458144\/revisions"}],"wp:attachment":[{"href":"https:\/\/www.eldigitaldeasturias.com\/noticias\/wp-json\/wp\/v2\/media?parent=458144"}],"wp:term":[{"taxonomy":"category","embeddable":true,"href":"https:\/\/www.eldigitaldeasturias.com\/noticias\/wp-json\/wp\/v2\/categories?post=458144"},{"taxonomy":"post_tag","embeddable":true,"href":"https:\/\/www.eldigitaldeasturias.com\/noticias\/wp-json\/wp\/v2\/tags?post=458144"}],"curies":[{"name":"wp","href":"https:\/\/api.w.org\/{rel}","templated":true}]}}