{"id":458127,"date":"2013-12-05T20:39:05","date_gmt":"2013-12-05T21:39:05","guid":{"rendered":"http:\/\/www.eldigitaldeasturias.com\/noticias\/?p=458127"},"modified":"2013-12-05T20:39:05","modified_gmt":"2013-12-05T21:39:05","slug":"aviles-el-pp-da-el-primer-paso-hacia-una-posible-mocion-de-censura-contra-varela","status":"publish","type":"post","link":"https:\/\/www.eldigitaldeasturias.com\/noticias\/aviles-el-pp-da-el-primer-paso-hacia-una-posible-mocion-de-censura-contra-varela\/","title":{"rendered":"Avil\u00e9s : El PP da el primer paso hacia una posible moci\u00f3n de censura contra Varela"},"content":{"rendered":"<p><img loading=\"lazy\" decoding=\"async\" class=\"alignleft size-medium wp-image-1995\" alt=\"aviles2\" src=\"https:\/\/www.eldigitaldeasturias.com\/noticias\/wp-content\/uploads\/2013\/09\/aviles2-360x270.jpg\" width=\"360\" height=\"270\" \/>Avil\u00e9s, 5 dic (EFE).- La Junta Directiva del PP de Avil\u00e9s ha decidido hoy en una reuni\u00f3n de car\u00e1cter extraordinario dar el primer paso desde la oposici\u00f3n hacia la posible presentaci\u00f3n de una moci\u00f3n de censura contra la alcaldesa de la ciudad, la socialista Pilar Varela, en el supuesto de que hubiera consenso para ello.<\/p>\n<p>Al finalizar la reuni\u00f3n, el presidente de la Junta Local, Joaqu\u00edn Ar\u00e9stegui, ha se\u00f1alado a Efe que esta iniciativa obedece al \u00absentido de la responsabilidad\u00bb de su partido y que el grupo municipal tiene ahora la encomienda de buscar un acuerdo con el resto de formaciones para explicar su proyecto alternativo al de Varela.<\/p>\n<p>El PP ha decido, adem\u00e1s, como ya lo hab\u00eda hecho en la anterior ocasi\u00f3n en que Varela se someti\u00f3 a una cuesti\u00f3n de confianza, que sea su portavoz y cabeza de cartel en las anteriores elecciones, el candidato a la Alcald\u00eda de esa posible moci\u00f3n.<\/p>\n<p>Los \u00f3rganos de direcci\u00f3n de los otros dos grupos de la oposici\u00f3n de Avil\u00e9s, Foro e IU, tambi\u00e9n han anunciado que mantendr\u00e1n por separado reuniones internas para fijar su postura ante la moci\u00f3n de confianza presentada por Varela.<\/p>\n<p>La alcaldesa se someti\u00f3 el pasado lunes a una cuesti\u00f3n de confianza vinculada a los presupuestos de 2014, que perdi\u00f3 ante la mayor\u00eda que conforman los tres grupos de la oposici\u00f3n, frente al socialista que sostiene al gobierno local.<\/p>\n<p>Foro, PP e IU tienen ahora hasta el pr\u00f3ximo 2 de enero de plazo para ponerse de acuerdo en una propuesta presupuestaria alternativa para 2014 y un candidato a la alcald\u00eda que la defienda.<\/p>\n<p>En el caso probable de que, tal como sucedi\u00f3 en la anterior ocasi\u00f3n en que Varela present\u00f3 una moci\u00f3n de confianza, los grupos no logren ese acuerdo, la alcaldesa quedar\u00eda confirmada en su puesto y ver\u00eda aprobada su propuesta econ\u00f3mica aprobada.<\/p>\n","protected":false},"excerpt":{"rendered":"<p>Avil\u00e9s, 5 dic (EFE).- La Junta Directiva del PP de Avil\u00e9s ha decidido hoy en una reuni\u00f3n de car\u00e1cter extraordinario dar el primer paso desde la oposici\u00f3n hacia la posible presentaci\u00f3n de una moci\u00f3n de censura contra la alcaldesa de la ciudad, la socialista Pilar Varela, en el supuesto de que hubiera consenso para ello. [&hellip;]<\/p>\n","protected":false},"author":1,"featured_media":1132184,"comment_status":"closed","ping_status":"open","sticky":false,"template":"","format":"standard","meta":{"footnotes":""},"categories":[12],"tags":[],"class_list":["post-458127","post","type-post","status-publish","format-standard","has-post-thumbnail","hentry","category-actualidad-asturias"],"aioseo_notices":[],"aioseo_head":"\n\t\t<!-- All in One SEO Pro 5.0.1 - aioseo.com -->\n\t<meta name=\"description\" content=\"Avil\u00e9s, 5 dic (EFE).- La Junta Directiva del PP de Avil\u00e9s ha decidido hoy en una reuni\u00f3n de car\u00e1cter extraordinario dar el primer paso desde la oposici\u00f3n hacia la posible presentaci\u00f3n de una moci\u00f3n de censura contra la alcaldesa de la ciudad, la socialista Pilar Varela, en el supuesto de que hubiera consenso para ello.\" \/>\n\t<meta name=\"robots\" content=\"max-image-preview:large\" \/>\n\t<meta name=\"author\" content=\"El Digital de Asturias\"\/>\n\t<meta name=\"google-site-verification\" content=\"UA-38556648-1\" \/>\n\t<meta name=\"msvalidate.01\" content=\"7dfe9f3f1b24437ab69f4f2559babe99\" \/>\n\t<meta name=\"keywords\" content=\"actualidad asturias\" \/>\n\t<link rel=\"canonical\" href=\"https:\/\/www.eldigitaldeasturias.com\/noticias\/aviles-el-pp-da-el-primer-paso-hacia-una-posible-mocion-de-censura-contra-varela\/\" \/>\n\t<meta name=\"generator\" content=\"All in One SEO Pro (AIOSEO) 5.0.1\" \/>\n\t\t<meta property=\"og:locale\" content=\"es_ES\" \/>\n\t\t<meta property=\"og:site_name\" content=\"El Digital de Asturias\" \/>\n\t\t<meta property=\"og:type\" content=\"article\" \/>\n\t\t<meta property=\"og:title\" content=\"Avil\u00e9s : El PP da el primer paso hacia una posible moci\u00f3n de censura contra Varela - El Digital de Asturias\" \/>\n\t\t<meta property=\"og:description\" content=\"Avil\u00e9s, 5 dic (EFE).- La Junta Directiva del PP de Avil\u00e9s ha decidido hoy en una reuni\u00f3n de car\u00e1cter extraordinario dar el primer paso desde la oposici\u00f3n hacia la posible presentaci\u00f3n de una moci\u00f3n de censura contra la alcaldesa de la ciudad, la socialista Pilar Varela, en el supuesto de que hubiera consenso para ello.\" \/>\n\t\t<meta property=\"og:url\" content=\"https:\/\/www.eldigitaldeasturias.com\/noticias\/aviles-el-pp-da-el-primer-paso-hacia-una-posible-mocion-de-censura-contra-varela\/\" \/>\n\t\t<meta property=\"og:image\" content=\"https:\/\/www.eldigitaldeasturias.com\/noticias\/wp-content\/uploads\/2026\/06\/Contenidos.jpg\" \/>\n\t\t<meta property=\"og:image:secure_url\" content=\"https:\/\/www.eldigitaldeasturias.com\/noticias\/wp-content\/uploads\/2026\/06\/Contenidos.jpg\" \/>\n\t\t<meta property=\"og:image:width\" content=\"1265\" \/>\n\t\t<meta property=\"og:image:height\" content=\"697\" \/>\n\t\t<meta property=\"article:tag\" content=\"actualidad asturias\" \/>\n\t\t<meta property=\"article:published_time\" content=\"2013-12-05T21:39:05+00:00\" \/>\n\t\t<meta property=\"article:modified_time\" content=\"2013-12-05T21:39:05+00:00\" \/>\n\t\t<meta property=\"article:publisher\" content=\"https:\/\/facebook.com\/eldigitaldeasturias\" \/>\n\t\t<meta name=\"twitter:card\" content=\"summary_large_image\" \/>\n\t\t<meta name=\"twitter:title\" content=\"Avil\u00e9s : El PP da el primer paso hacia una posible moci\u00f3n de censura contra Varela - El Digital de Asturias\" \/>\n\t\t<meta name=\"twitter:description\" content=\"Avil\u00e9s, 5 dic (EFE).- La Junta Directiva del PP de Avil\u00e9s ha decidido hoy en una reuni\u00f3n de car\u00e1cter extraordinario dar el primer paso desde la oposici\u00f3n hacia la posible presentaci\u00f3n de una moci\u00f3n de censura contra la alcaldesa de la ciudad, la socialista Pilar Varela, en el supuesto de que hubiera consenso para ello.\" \/>\n\t\t<meta name=\"twitter:image\" content=\"https:\/\/www.eldigitaldeasturias.com\/noticias\/wp-content\/uploads\/2026\/06\/Contenidos.jpg\" \/>\n\t\t<meta name=\"twitter:label1\" content=\"Escrito por\" \/>\n\t\t<meta name=\"twitter:data1\" content=\"El Digital de Asturias\" \/>\n\t\t<meta name=\"twitter:label2\" content=\"Tiempo de lectura estimado\" \/>\n\t\t<meta name=\"twitter:data2\" content=\"2 minutos\" \/>\n\t\t<script type=\"application\/ld+json\" class=\"aioseo-schema\">\n\t\t\t{\"@context\":\"https:\\\/\\\/schema.org\",\"@graph\":[{\"@type\":\"BlogPosting\",\"@id\":\"https:\\\/\\\/www.eldigitaldeasturias.com\\\/noticias\\\/aviles-el-pp-da-el-primer-paso-hacia-una-posible-mocion-de-censura-contra-varela\\\/#blogposting\",\"name\":\"Avil\\u00e9s : El PP da el primer paso hacia una posible moci\\u00f3n de censura contra Varela - El Digital de Asturias\",\"headline\":\"Avil\\u00e9s : El PP da el primer paso hacia una posible moci\\u00f3n de censura contra Varela\",\"author\":{\"@id\":\"https:\\\/\\\/www.eldigitaldeasturias.com\\\/noticias\\\/author\\\/admin\\\/#author\"},\"publisher\":{\"@id\":\"https:\\\/\\\/www.eldigitaldeasturias.com\\\/noticias\\\/#organization\"},\"image\":{\"@type\":\"ImageObject\",\"url\":\"https:\\\/\\\/www.eldigitaldeasturias.com\\\/noticias\\\/wp-content\\\/uploads\\\/2026\\\/06\\\/Contenidos.jpg\",\"width\":1265,\"height\":697,\"caption\":\"Contenidos\"},\"datePublished\":\"2013-12-05T20:39:05+01:00\",\"dateModified\":\"2013-12-05T20:39:05+01:00\",\"inLanguage\":\"es-ES\",\"mainEntityOfPage\":{\"@id\":\"https:\\\/\\\/www.eldigitaldeasturias.com\\\/noticias\\\/aviles-el-pp-da-el-primer-paso-hacia-una-posible-mocion-de-censura-contra-varela\\\/#webpage\"},\"isPartOf\":{\"@id\":\"https:\\\/\\\/www.eldigitaldeasturias.com\\\/noticias\\\/aviles-el-pp-da-el-primer-paso-hacia-una-posible-mocion-de-censura-contra-varela\\\/#webpage\"},\"articleSection\":\"Actualidad Asturias\"},{\"@type\":\"BreadcrumbList\",\"@id\":\"https:\\\/\\\/www.eldigitaldeasturias.com\\\/noticias\\\/aviles-el-pp-da-el-primer-paso-hacia-una-posible-mocion-de-censura-contra-varela\\\/#breadcrumblist\",\"itemListElement\":[{\"@type\":\"ListItem\",\"@id\":\"https:\\\/\\\/www.eldigitaldeasturias.com\\\/noticias#listItem\",\"position\":1,\"name\":\"Home\",\"item\":\"https:\\\/\\\/www.eldigitaldeasturias.com\\\/noticias\",\"nextItem\":{\"@type\":\"ListItem\",\"@id\":\"https:\\\/\\\/www.eldigitaldeasturias.com\\\/noticias\\\/category\\\/actualidad-asturias\\\/#listItem\",\"name\":\"Actualidad Asturias\"}},{\"@type\":\"ListItem\",\"@id\":\"https:\\\/\\\/www.eldigitaldeasturias.com\\\/noticias\\\/category\\\/actualidad-asturias\\\/#listItem\",\"position\":2,\"name\":\"Actualidad Asturias\",\"item\":\"https:\\\/\\\/www.eldigitaldeasturias.com\\\/noticias\\\/category\\\/actualidad-asturias\\\/\",\"nextItem\":{\"@type\":\"ListItem\",\"@id\":\"https:\\\/\\\/www.eldigitaldeasturias.com\\\/noticias\\\/aviles-el-pp-da-el-primer-paso-hacia-una-posible-mocion-de-censura-contra-varela\\\/#listItem\",\"name\":\"Avil\\u00e9s : El PP da el primer paso hacia una posible moci\\u00f3n de censura contra Varela\"},\"previousItem\":{\"@type\":\"ListItem\",\"@id\":\"https:\\\/\\\/www.eldigitaldeasturias.com\\\/noticias#listItem\",\"name\":\"Home\"}},{\"@type\":\"ListItem\",\"@id\":\"https:\\\/\\\/www.eldigitaldeasturias.com\\\/noticias\\\/aviles-el-pp-da-el-primer-paso-hacia-una-posible-mocion-de-censura-contra-varela\\\/#listItem\",\"position\":3,\"name\":\"Avil\\u00e9s : El PP da el primer paso hacia una posible moci\\u00f3n de censura contra Varela\",\"previousItem\":{\"@type\":\"ListItem\",\"@id\":\"https:\\\/\\\/www.eldigitaldeasturias.com\\\/noticias\\\/category\\\/actualidad-asturias\\\/#listItem\",\"name\":\"Actualidad Asturias\"}}]},{\"@type\":\"Organization\",\"@id\":\"https:\\\/\\\/www.eldigitaldeasturias.com\\\/noticias\\\/#organization\",\"name\":\"El Digital de Asturias\",\"description\":\"Hemeroteca\",\"url\":\"https:\\\/\\\/www.eldigitaldeasturias.com\\\/noticias\\\/\",\"email\":\"info@eldigitaldeasturias.com\",\"telephone\":\"+34652131393\",\"logo\":{\"@type\":\"ImageObject\",\"url\":\"https:\\\/\\\/www.eldigitaldeasturias.com\\\/noticias\\\/wp-content\\\/uploads\\\/2020\\\/12\\\/EDA.jpg\",\"@id\":\"https:\\\/\\\/www.eldigitaldeasturias.com\\\/noticias\\\/aviles-el-pp-da-el-primer-paso-hacia-una-posible-mocion-de-censura-contra-varela\\\/#organizationLogo\"},\"image\":{\"@id\":\"https:\\\/\\\/www.eldigitaldeasturias.com\\\/noticias\\\/aviles-el-pp-da-el-primer-paso-hacia-una-posible-mocion-de-censura-contra-varela\\\/#organizationLogo\"},\"sameAs\":[\"https:\\\/\\\/facebook.com\\\/eldigitaldeasturias\",\"https:\\\/\\\/www.youtube.com\\\/channel\\\/UCZP-2wLEB9Rv6erhFmqVnvg\"],\"address\":{\"@id\":\"https:\\\/\\\/www.eldigitaldeasturias.com\\\/noticias\\\/#postaladdress\",\"@type\":\"PostalAddress\",\"streetAddress\":\"san antonio 4\",\"postalCode\":\"33430\",\"addressLocality\":\"Cand\\u00e1s\",\"addressRegion\":\"Asturias\",\"addressCountry\":\"ES\"}},{\"@type\":\"Person\",\"@id\":\"https:\\\/\\\/www.eldigitaldeasturias.com\\\/noticias\\\/author\\\/admin\\\/#author\",\"url\":\"https:\\\/\\\/www.eldigitaldeasturias.com\\\/noticias\\\/author\\\/admin\\\/\",\"name\":\"El Digital de Asturias\",\"image\":{\"@type\":\"ImageObject\",\"@id\":\"https:\\\/\\\/www.eldigitaldeasturias.com\\\/noticias\\\/aviles-el-pp-da-el-primer-paso-hacia-una-posible-mocion-de-censura-contra-varela\\\/#authorImage\",\"url\":\"https:\\\/\\\/secure.gravatar.com\\\/avatar\\\/df2aeffc32bcd13f8d26072ef8a91b623d677766deac7f97ca815868cd41bf5e?s=96&d=mm&r=g\",\"width\":96,\"height\":96,\"caption\":\"El Digital de Asturias\"}},{\"@type\":\"WebPage\",\"@id\":\"https:\\\/\\\/www.eldigitaldeasturias.com\\\/noticias\\\/aviles-el-pp-da-el-primer-paso-hacia-una-posible-mocion-de-censura-contra-varela\\\/#webpage\",\"url\":\"https:\\\/\\\/www.eldigitaldeasturias.com\\\/noticias\\\/aviles-el-pp-da-el-primer-paso-hacia-una-posible-mocion-de-censura-contra-varela\\\/\",\"name\":\"Avil\\u00e9s : El PP da el primer paso hacia una posible moci\\u00f3n de censura contra Varela - El Digital de Asturias\",\"description\":\"Avil\\u00e9s, 5 dic (EFE).- La Junta Directiva del PP de Avil\\u00e9s ha decidido hoy en una reuni\\u00f3n de car\\u00e1cter extraordinario dar el primer paso desde la oposici\\u00f3n hacia la posible presentaci\\u00f3n de una moci\\u00f3n de censura contra la alcaldesa de la ciudad, la socialista Pilar Varela, en el supuesto de que hubiera consenso para ello.\",\"inLanguage\":\"es-ES\",\"isPartOf\":{\"@id\":\"https:\\\/\\\/www.eldigitaldeasturias.com\\\/noticias\\\/#website\"},\"breadcrumb\":{\"@id\":\"https:\\\/\\\/www.eldigitaldeasturias.com\\\/noticias\\\/aviles-el-pp-da-el-primer-paso-hacia-una-posible-mocion-de-censura-contra-varela\\\/#breadcrumblist\"},\"author\":{\"@id\":\"https:\\\/\\\/www.eldigitaldeasturias.com\\\/noticias\\\/author\\\/admin\\\/#author\"},\"creator\":{\"@id\":\"https:\\\/\\\/www.eldigitaldeasturias.com\\\/noticias\\\/author\\\/admin\\\/#author\"},\"image\":{\"@type\":\"ImageObject\",\"url\":\"https:\\\/\\\/www.eldigitaldeasturias.com\\\/noticias\\\/wp-content\\\/uploads\\\/2026\\\/06\\\/Contenidos.jpg\",\"@id\":\"https:\\\/\\\/www.eldigitaldeasturias.com\\\/noticias\\\/aviles-el-pp-da-el-primer-paso-hacia-una-posible-mocion-de-censura-contra-varela\\\/#mainImage\",\"width\":1265,\"height\":697,\"caption\":\"Contenidos\"},\"primaryImageOfPage\":{\"@id\":\"https:\\\/\\\/www.eldigitaldeasturias.com\\\/noticias\\\/aviles-el-pp-da-el-primer-paso-hacia-una-posible-mocion-de-censura-contra-varela\\\/#mainImage\"},\"datePublished\":\"2013-12-05T20:39:05+01:00\",\"dateModified\":\"2013-12-05T20:39:05+01:00\"},{\"@type\":\"WebSite\",\"@id\":\"https:\\\/\\\/www.eldigitaldeasturias.com\\\/noticias\\\/#website\",\"url\":\"https:\\\/\\\/www.eldigitaldeasturias.com\\\/noticias\\\/\",\"name\":\"El Digital de Asturias - Diario de actualidad y noticias\",\"alternateName\":\"El Digital de Asturias - Diario de actualidad y noticias\",\"description\":\"Hemeroteca\",\"inLanguage\":\"es-ES\",\"publisher\":{\"@id\":\"https:\\\/\\\/www.eldigitaldeasturias.com\\\/noticias\\\/#organization\"}}]}\n\t\t<\/script>\n\t\t<!-- All in One SEO Pro -->\r\n\t\t<title>Avil\u00e9s : El PP da el primer paso hacia una posible moci\u00f3n de censura contra Varela - El Digital de Asturias<\/title>\n\n","aioseo_head_json":{"title":"Avil\u00e9s : El PP da el primer paso hacia una posible moci\u00f3n de censura contra Varela - El Digital de Asturias","description":"Avil\u00e9s, 5 dic (EFE).- La Junta Directiva del PP de Avil\u00e9s ha decidido hoy en una reuni\u00f3n de car\u00e1cter extraordinario dar el primer paso desde la oposici\u00f3n hacia la posible presentaci\u00f3n de una moci\u00f3n de censura contra la alcaldesa de la ciudad, la socialista Pilar Varela, en el supuesto de que hubiera consenso para ello.","canonical_url":"https:\/\/www.eldigitaldeasturias.com\/noticias\/aviles-el-pp-da-el-primer-paso-hacia-una-posible-mocion-de-censura-contra-varela\/","robots":"max-image-preview:large","keywords":"actualidad asturias","webmasterTools":{"google-site-verification":"UA-38556648-1","msvalidate.01":"7dfe9f3f1b24437ab69f4f2559babe99","miscellaneous":""},"schema":{"@context":"https:\/\/schema.org","@graph":[{"@type":"BlogPosting","@id":"https:\/\/www.eldigitaldeasturias.com\/noticias\/aviles-el-pp-da-el-primer-paso-hacia-una-posible-mocion-de-censura-contra-varela\/#blogposting","name":"Avil\u00e9s : El PP da el primer paso hacia una posible moci\u00f3n de censura contra Varela - El Digital de Asturias","headline":"Avil\u00e9s : El PP da el primer paso hacia una posible moci\u00f3n de censura contra Varela","author":{"@id":"https:\/\/www.eldigitaldeasturias.com\/noticias\/author\/admin\/#author"},"publisher":{"@id":"https:\/\/www.eldigitaldeasturias.com\/noticias\/#organization"},"image":{"@type":"ImageObject","url":"https:\/\/www.eldigitaldeasturias.com\/noticias\/wp-content\/uploads\/2026\/06\/Contenidos.jpg","width":1265,"height":697,"caption":"Contenidos"},"datePublished":"2013-12-05T20:39:05+01:00","dateModified":"2013-12-05T20:39:05+01:00","inLanguage":"es-ES","mainEntityOfPage":{"@id":"https:\/\/www.eldigitaldeasturias.com\/noticias\/aviles-el-pp-da-el-primer-paso-hacia-una-posible-mocion-de-censura-contra-varela\/#webpage"},"isPartOf":{"@id":"https:\/\/www.eldigitaldeasturias.com\/noticias\/aviles-el-pp-da-el-primer-paso-hacia-una-posible-mocion-de-censura-contra-varela\/#webpage"},"articleSection":"Actualidad Asturias"},{"@type":"BreadcrumbList","@id":"https:\/\/www.eldigitaldeasturias.com\/noticias\/aviles-el-pp-da-el-primer-paso-hacia-una-posible-mocion-de-censura-contra-varela\/#breadcrumblist","itemListElement":[{"@type":"ListItem","@id":"https:\/\/www.eldigitaldeasturias.com\/noticias#listItem","position":1,"name":"Home","item":"https:\/\/www.eldigitaldeasturias.com\/noticias","nextItem":{"@type":"ListItem","@id":"https:\/\/www.eldigitaldeasturias.com\/noticias\/category\/actualidad-asturias\/#listItem","name":"Actualidad Asturias"}},{"@type":"ListItem","@id":"https:\/\/www.eldigitaldeasturias.com\/noticias\/category\/actualidad-asturias\/#listItem","position":2,"name":"Actualidad Asturias","item":"https:\/\/www.eldigitaldeasturias.com\/noticias\/category\/actualidad-asturias\/","nextItem":{"@type":"ListItem","@id":"https:\/\/www.eldigitaldeasturias.com\/noticias\/aviles-el-pp-da-el-primer-paso-hacia-una-posible-mocion-de-censura-contra-varela\/#listItem","name":"Avil\u00e9s : El PP da el primer paso hacia una posible moci\u00f3n de censura contra Varela"},"previousItem":{"@type":"ListItem","@id":"https:\/\/www.eldigitaldeasturias.com\/noticias#listItem","name":"Home"}},{"@type":"ListItem","@id":"https:\/\/www.eldigitaldeasturias.com\/noticias\/aviles-el-pp-da-el-primer-paso-hacia-una-posible-mocion-de-censura-contra-varela\/#listItem","position":3,"name":"Avil\u00e9s : El PP da el primer paso hacia una posible moci\u00f3n de censura contra Varela","previousItem":{"@type":"ListItem","@id":"https:\/\/www.eldigitaldeasturias.com\/noticias\/category\/actualidad-asturias\/#listItem","name":"Actualidad Asturias"}}]},{"@type":"Organization","@id":"https:\/\/www.eldigitaldeasturias.com\/noticias\/#organization","name":"El Digital de Asturias","description":"Hemeroteca","url":"https:\/\/www.eldigitaldeasturias.com\/noticias\/","email":"info@eldigitaldeasturias.com","telephone":"+34652131393","logo":{"@type":"ImageObject","url":"https:\/\/www.eldigitaldeasturias.com\/noticias\/wp-content\/uploads\/2020\/12\/EDA.jpg","@id":"https:\/\/www.eldigitaldeasturias.com\/noticias\/aviles-el-pp-da-el-primer-paso-hacia-una-posible-mocion-de-censura-contra-varela\/#organizationLogo"},"image":{"@id":"https:\/\/www.eldigitaldeasturias.com\/noticias\/aviles-el-pp-da-el-primer-paso-hacia-una-posible-mocion-de-censura-contra-varela\/#organizationLogo"},"sameAs":["https:\/\/facebook.com\/eldigitaldeasturias","https:\/\/www.youtube.com\/channel\/UCZP-2wLEB9Rv6erhFmqVnvg"],"address":{"@id":"https:\/\/www.eldigitaldeasturias.com\/noticias\/#postaladdress","@type":"PostalAddress","streetAddress":"san antonio 4","postalCode":"33430","addressLocality":"Cand\u00e1s","addressRegion":"Asturias","addressCountry":"ES"}},{"@type":"Person","@id":"https:\/\/www.eldigitaldeasturias.com\/noticias\/author\/admin\/#author","url":"https:\/\/www.eldigitaldeasturias.com\/noticias\/author\/admin\/","name":"El Digital de Asturias","image":{"@type":"ImageObject","@id":"https:\/\/www.eldigitaldeasturias.com\/noticias\/aviles-el-pp-da-el-primer-paso-hacia-una-posible-mocion-de-censura-contra-varela\/#authorImage","url":"https:\/\/secure.gravatar.com\/avatar\/df2aeffc32bcd13f8d26072ef8a91b623d677766deac7f97ca815868cd41bf5e?s=96&d=mm&r=g","width":96,"height":96,"caption":"El Digital de Asturias"}},{"@type":"WebPage","@id":"https:\/\/www.eldigitaldeasturias.com\/noticias\/aviles-el-pp-da-el-primer-paso-hacia-una-posible-mocion-de-censura-contra-varela\/#webpage","url":"https:\/\/www.eldigitaldeasturias.com\/noticias\/aviles-el-pp-da-el-primer-paso-hacia-una-posible-mocion-de-censura-contra-varela\/","name":"Avil\u00e9s : El PP da el primer paso hacia una posible moci\u00f3n de censura contra Varela - El Digital de Asturias","description":"Avil\u00e9s, 5 dic (EFE).- La Junta Directiva del PP de Avil\u00e9s ha decidido hoy en una reuni\u00f3n de car\u00e1cter extraordinario dar el primer paso desde la oposici\u00f3n hacia la posible presentaci\u00f3n de una moci\u00f3n de censura contra la alcaldesa de la ciudad, la socialista Pilar Varela, en el supuesto de que hubiera consenso para ello.","inLanguage":"es-ES","isPartOf":{"@id":"https:\/\/www.eldigitaldeasturias.com\/noticias\/#website"},"breadcrumb":{"@id":"https:\/\/www.eldigitaldeasturias.com\/noticias\/aviles-el-pp-da-el-primer-paso-hacia-una-posible-mocion-de-censura-contra-varela\/#breadcrumblist"},"author":{"@id":"https:\/\/www.eldigitaldeasturias.com\/noticias\/author\/admin\/#author"},"creator":{"@id":"https:\/\/www.eldigitaldeasturias.com\/noticias\/author\/admin\/#author"},"image":{"@type":"ImageObject","url":"https:\/\/www.eldigitaldeasturias.com\/noticias\/wp-content\/uploads\/2026\/06\/Contenidos.jpg","@id":"https:\/\/www.eldigitaldeasturias.com\/noticias\/aviles-el-pp-da-el-primer-paso-hacia-una-posible-mocion-de-censura-contra-varela\/#mainImage","width":1265,"height":697,"caption":"Contenidos"},"primaryImageOfPage":{"@id":"https:\/\/www.eldigitaldeasturias.com\/noticias\/aviles-el-pp-da-el-primer-paso-hacia-una-posible-mocion-de-censura-contra-varela\/#mainImage"},"datePublished":"2013-12-05T20:39:05+01:00","dateModified":"2013-12-05T20:39:05+01:00"},{"@type":"WebSite","@id":"https:\/\/www.eldigitaldeasturias.com\/noticias\/#website","url":"https:\/\/www.eldigitaldeasturias.com\/noticias\/","name":"El Digital de Asturias - Diario de actualidad y noticias","alternateName":"El Digital de Asturias - Diario de actualidad y noticias","description":"Hemeroteca","inLanguage":"es-ES","publisher":{"@id":"https:\/\/www.eldigitaldeasturias.com\/noticias\/#organization"}}]},"og:locale":"es_ES","og:site_name":"El Digital de Asturias","og:type":"article","og:title":"Avil\u00e9s : El PP da el primer paso hacia una posible moci\u00f3n de censura contra Varela - El Digital de Asturias","og:description":"Avil\u00e9s, 5 dic (EFE).- La Junta Directiva del PP de Avil\u00e9s ha decidido hoy en una reuni\u00f3n de car\u00e1cter extraordinario dar el primer paso desde la oposici\u00f3n hacia la posible presentaci\u00f3n de una moci\u00f3n de censura contra la alcaldesa de la ciudad, la socialista Pilar Varela, en el supuesto de que hubiera consenso para ello.","og:url":"https:\/\/www.eldigitaldeasturias.com\/noticias\/aviles-el-pp-da-el-primer-paso-hacia-una-posible-mocion-de-censura-contra-varela\/","og:image":"https:\/\/www.eldigitaldeasturias.com\/noticias\/wp-content\/uploads\/2026\/06\/Contenidos.jpg","og:image:secure_url":"https:\/\/www.eldigitaldeasturias.com\/noticias\/wp-content\/uploads\/2026\/06\/Contenidos.jpg","og:image:width":1265,"og:image:height":697,"article:tag":["actualidad asturias"],"article:published_time":"2013-12-05T21:39:05+00:00","article:modified_time":"2013-12-05T21:39:05+00:00","article:publisher":"https:\/\/facebook.com\/eldigitaldeasturias","twitter:card":"summary_large_image","twitter:title":"Avil\u00e9s : El PP da el primer paso hacia una posible moci\u00f3n de censura contra Varela - El Digital de Asturias","twitter:description":"Avil\u00e9s, 5 dic (EFE).- La Junta Directiva del PP de Avil\u00e9s ha decidido hoy en una reuni\u00f3n de car\u00e1cter extraordinario dar el primer paso desde la oposici\u00f3n hacia la posible presentaci\u00f3n de una moci\u00f3n de censura contra la alcaldesa de la ciudad, la socialista Pilar Varela, en el supuesto de que hubiera consenso para ello.","twitter:image":"https:\/\/www.eldigitaldeasturias.com\/noticias\/wp-content\/uploads\/2026\/06\/Contenidos.jpg","twitter:label1":"Escrito por","twitter:data1":"El Digital de Asturias","twitter:label2":"Tiempo de lectura estimado","twitter:data2":"2 minutos"},"aioseo_meta_data":{"post_id":"458127","title":null,"description":null,"keywords":null,"keyphrases":null,"primary_term":null,"canonical_url":null,"og_title":null,"og_description":null,"og_object_type":"default","og_image_type":"default","og_image_url":null,"og_image_width":null,"og_image_height":null,"og_image_custom_url":null,"og_image_custom_fields":null,"og_video":null,"og_custom_url":null,"og_article_section":null,"og_article_tags":null,"twitter_use_og":true,"twitter_card":"default","twitter_image_type":"default","twitter_image_url":null,"twitter_image_custom_url":null,"twitter_image_custom_fields":null,"twitter_title":null,"twitter_description":null,"schema":{"blockGraphs":[],"customGraphs":[],"default":{"data":{"Article":[],"Course":[],"Dataset":[],"FAQPage":[],"Movie":[],"Person":[],"Product":[],"ProductReview":[],"Car":[],"Recipe":[],"Service":[],"SoftwareApplication":[],"WebPage":[]},"graphName":"","isEnabled":true},"graphs":[],"defaultGraph":"","defaultPostTypeGraph":""},"schema_type":null,"schema_type_options":null,"pillar_content":false,"robots_default":true,"robots_noindex":false,"robots_noarchive":false,"robots_nosnippet":false,"robots_nofollow":false,"robots_noimageindex":false,"robots_noodp":false,"robots_notranslate":false,"robots_max_snippet":null,"robots_max_videopreview":null,"robots_max_imagepreview":"none","priority":null,"frequency":null,"local_seo":null,"seo_analyzer_scan_date":"2026-05-30 04:32:00","breadcrumb_settings":null,"limit_modified_date":false,"open_ai":null,"ai":null,"created":"2020-11-14 22:46:14","updated":"2026-05-30 04:32:00","focus_keyword":null,"additional_keywords":null,"truseo_locale":null},"aioseo_breadcrumb":"<div class=\"aioseo-breadcrumbs\"><span class=\"aioseo-breadcrumb\">\n\t<a href=\"https:\/\/www.eldigitaldeasturias.com\/noticias\" title=\"Home\">Home<\/a>\n<\/span><span class=\"aioseo-breadcrumb-separator\">\u2013<\/span><span class=\"aioseo-breadcrumb\">\n\t<a href=\"https:\/\/www.eldigitaldeasturias.com\/noticias\/category\/actualidad-asturias\/\" title=\"Actualidad Asturias\">Actualidad Asturias<\/a>\n<\/span><span class=\"aioseo-breadcrumb-separator\">\u2013<\/span><span class=\"aioseo-breadcrumb\">\n\t<a href=\"https:\/\/www.eldigitaldeasturias.com\/noticias\/aviles-el-pp-da-el-primer-paso-hacia-una-posible-mocion-de-censura-contra-varela\/\" title=\"Avil\u00e9s : El PP da el primer paso hacia una posible moci\u00f3n de censura contra Varela\">Avil\u00e9s : El PP da el primer paso hacia una posible moci\u00f3n de censura contra Varela<\/a>\n<\/span><\/div>","aioseo_breadcrumb_json":[{"label":"Home","link":"https:\/\/www.eldigitaldeasturias.com\/noticias"},{"label":"Actualidad Asturias","link":"https:\/\/www.eldigitaldeasturias.com\/noticias\/category\/actualidad-asturias\/"},{"label":"Avil\u00e9s : El PP da el primer paso hacia una posible moci\u00f3n de censura contra Varela","link":"https:\/\/www.eldigitaldeasturias.com\/noticias\/aviles-el-pp-da-el-primer-paso-hacia-una-posible-mocion-de-censura-contra-varela\/"}],"_links":{"self":[{"href":"https:\/\/www.eldigitaldeasturias.com\/noticias\/wp-json\/wp\/v2\/posts\/458127","targetHints":{"allow":["GET"]}}],"collection":[{"href":"https:\/\/www.eldigitaldeasturias.com\/noticias\/wp-json\/wp\/v2\/posts"}],"about":[{"href":"https:\/\/www.eldigitaldeasturias.com\/noticias\/wp-json\/wp\/v2\/types\/post"}],"author":[{"embeddable":true,"href":"https:\/\/www.eldigitaldeasturias.com\/noticias\/wp-json\/wp\/v2\/users\/1"}],"replies":[{"embeddable":true,"href":"https:\/\/www.eldigitaldeasturias.com\/noticias\/wp-json\/wp\/v2\/comments?post=458127"}],"version-history":[{"count":0,"href":"https:\/\/www.eldigitaldeasturias.com\/noticias\/wp-json\/wp\/v2\/posts\/458127\/revisions"}],"wp:featuredmedia":[{"embeddable":true,"href":"https:\/\/www.eldigitaldeasturias.com\/noticias\/wp-json\/wp\/v2\/media\/1132184"}],"wp:attachment":[{"href":"https:\/\/www.eldigitaldeasturias.com\/noticias\/wp-json\/wp\/v2\/media?parent=458127"}],"wp:term":[{"taxonomy":"category","embeddable":true,"href":"https:\/\/www.eldigitaldeasturias.com\/noticias\/wp-json\/wp\/v2\/categories?post=458127"},{"taxonomy":"post_tag","embeddable":true,"href":"https:\/\/www.eldigitaldeasturias.com\/noticias\/wp-json\/wp\/v2\/tags?post=458127"}],"curies":[{"name":"wp","href":"https:\/\/api.w.org\/{rel}","templated":true}]}}