{"id":458123,"date":"2013-12-05T20:28:55","date_gmt":"2013-12-05T21:28:55","guid":{"rendered":"http:\/\/www.eldigitaldeasturias.com\/noticias\/?p=458123"},"modified":"2013-12-05T20:28:55","modified_gmt":"2013-12-05T21:28:55","slug":"hallan-el-cadaver-de-un-hombre-de-56-anos-entre-ujo-y-figaredo","status":"publish","type":"post","link":"https:\/\/www.eldigitaldeasturias.com\/noticias\/hallan-el-cadaver-de-un-hombre-de-56-anos-entre-ujo-y-figaredo\/","title":{"rendered":"Hallan el cad\u00e1ver de un hombre de 56 a\u00f1os entre Ujo y Figaredo"},"content":{"rendered":"<p><img loading=\"lazy\" decoding=\"async\" class=\"alignleft size-medium wp-image-348\" alt=\"guardiacivil_\" src=\"https:\/\/www.eldigitaldeasturias.com\/noticias\/wp-content\/uploads\/2013\/09\/guardiacivil_-360x270.jpg\" width=\"360\" height=\"270\" \/>Mieres, 5 dic (EFE).- El cad\u00e1ver de un hombre de 56 a\u00f1os cuyas iniciales se corresponden con B.E.B, ha aparecido en la madrugada de hoy en el paseo fluvial que discurre eentre las localidades mierenses de Ujo y Figaredo, seg\u00fan ha informado la Guardia Civil.<\/p>\n<p>Seg\u00fan las mismas fuentes, la llamada que alertaba de la presencia del cuerpo se recibi\u00f3 entre las 4:30 y 5:00 horas de hoy.<\/p>\n<p>El cad\u00e1ver, seg\u00fan las mismas fuentes, ha sido trasladado al instituto de medicina legal de La Corredoria, donde se le realizar\u00e1 la autopsia con el fin de aclarar las circunstancia del fallecimiento.<\/p>\n<p>La polic\u00eda judicial de la Guardia Civil de Oviedo ha abierto ya diligencias para determinar las causas de su muerte.<\/p>\n","protected":false},"excerpt":{"rendered":"<p>Mieres, 5 dic (EFE).- El cad\u00e1ver de un hombre de 56 a\u00f1os cuyas iniciales se corresponden con B.E.B, ha aparecido en la madrugada de hoy en el paseo fluvial que discurre eentre las localidades mierenses de Ujo y Figaredo, seg\u00fan ha informado la Guardia Civil. Seg\u00fan las mismas fuentes, la llamada que alertaba de la [&hellip;]<\/p>\n","protected":false},"author":1,"featured_media":1132184,"comment_status":"closed","ping_status":"open","sticky":false,"template":"","format":"standard","meta":{"footnotes":""},"categories":[12],"tags":[],"class_list":["post-458123","post","type-post","status-publish","format-standard","has-post-thumbnail","hentry","category-actualidad-asturias"],"aioseo_notices":[],"aioseo_head":"\n\t\t<!-- All in One SEO Pro 5.0.1 - aioseo.com -->\n\t<meta name=\"description\" content=\"Mieres, 5 dic (EFE).- El cad\u00e1ver de un hombre de 56 a\u00f1os cuyas iniciales se corresponden con B.E.B, ha aparecido en la madrugada de hoy en el paseo fluvial que discurre eentre las localidades mierenses de Ujo y Figaredo, seg\u00fan ha informado la Guardia Civil. Seg\u00fan las mismas fuentes, la llamada que alertaba de la\" \/>\n\t<meta name=\"robots\" content=\"max-image-preview:large\" \/>\n\t<meta name=\"author\" content=\"El Digital de Asturias\"\/>\n\t<meta name=\"google-site-verification\" content=\"UA-38556648-1\" \/>\n\t<meta name=\"msvalidate.01\" content=\"7dfe9f3f1b24437ab69f4f2559babe99\" \/>\n\t<meta name=\"keywords\" content=\"actualidad asturias\" \/>\n\t<link rel=\"canonical\" href=\"https:\/\/www.eldigitaldeasturias.com\/noticias\/hallan-el-cadaver-de-un-hombre-de-56-anos-entre-ujo-y-figaredo\/\" \/>\n\t<meta name=\"generator\" content=\"All in One SEO Pro (AIOSEO) 5.0.1\" \/>\n\t\t<meta property=\"og:locale\" content=\"es_ES\" \/>\n\t\t<meta property=\"og:site_name\" content=\"El Digital de Asturias\" \/>\n\t\t<meta property=\"og:type\" content=\"article\" \/>\n\t\t<meta property=\"og:title\" content=\"Hallan el cad\u00e1ver de un hombre de 56 a\u00f1os entre Ujo y Figaredo - El Digital de Asturias\" \/>\n\t\t<meta property=\"og:description\" content=\"Mieres, 5 dic (EFE).- El cad\u00e1ver de un hombre de 56 a\u00f1os cuyas iniciales se corresponden con B.E.B, ha aparecido en la madrugada de hoy en el paseo fluvial que discurre eentre las localidades mierenses de Ujo y Figaredo, seg\u00fan ha informado la Guardia Civil. Seg\u00fan las mismas fuentes, la llamada que alertaba de la\" \/>\n\t\t<meta property=\"og:url\" content=\"https:\/\/www.eldigitaldeasturias.com\/noticias\/hallan-el-cadaver-de-un-hombre-de-56-anos-entre-ujo-y-figaredo\/\" \/>\n\t\t<meta property=\"og:image\" content=\"https:\/\/www.eldigitaldeasturias.com\/noticias\/wp-content\/uploads\/2026\/06\/Contenidos.jpg\" \/>\n\t\t<meta property=\"og:image:secure_url\" content=\"https:\/\/www.eldigitaldeasturias.com\/noticias\/wp-content\/uploads\/2026\/06\/Contenidos.jpg\" \/>\n\t\t<meta property=\"og:image:width\" content=\"1265\" \/>\n\t\t<meta property=\"og:image:height\" content=\"697\" \/>\n\t\t<meta property=\"article:tag\" content=\"actualidad asturias\" \/>\n\t\t<meta property=\"article:published_time\" content=\"2013-12-05T21:28:55+00:00\" \/>\n\t\t<meta property=\"article:modified_time\" content=\"2013-12-05T21:28:55+00:00\" \/>\n\t\t<meta property=\"article:publisher\" content=\"https:\/\/facebook.com\/eldigitaldeasturias\" \/>\n\t\t<meta name=\"twitter:card\" content=\"summary_large_image\" \/>\n\t\t<meta name=\"twitter:title\" content=\"Hallan el cad\u00e1ver de un hombre de 56 a\u00f1os entre Ujo y Figaredo - El Digital de Asturias\" \/>\n\t\t<meta name=\"twitter:description\" content=\"Mieres, 5 dic (EFE).- El cad\u00e1ver de un hombre de 56 a\u00f1os cuyas iniciales se corresponden con B.E.B, ha aparecido en la madrugada de hoy en el paseo fluvial que discurre eentre las localidades mierenses de Ujo y Figaredo, seg\u00fan ha informado la Guardia Civil. Seg\u00fan las mismas fuentes, la llamada que alertaba de la\" \/>\n\t\t<meta name=\"twitter:image\" content=\"https:\/\/www.eldigitaldeasturias.com\/noticias\/wp-content\/uploads\/2026\/06\/Contenidos.jpg\" \/>\n\t\t<meta name=\"twitter:label1\" content=\"Escrito por\" \/>\n\t\t<meta name=\"twitter:data1\" content=\"El Digital de Asturias\" \/>\n\t\t<meta name=\"twitter:label2\" content=\"Tiempo de lectura estimado\" \/>\n\t\t<meta name=\"twitter:data2\" content=\"1 minuto\" \/>\n\t\t<script type=\"application\/ld+json\" class=\"aioseo-schema\">\n\t\t\t{\"@context\":\"https:\\\/\\\/schema.org\",\"@graph\":[{\"@type\":\"BlogPosting\",\"@id\":\"https:\\\/\\\/www.eldigitaldeasturias.com\\\/noticias\\\/hallan-el-cadaver-de-un-hombre-de-56-anos-entre-ujo-y-figaredo\\\/#blogposting\",\"name\":\"Hallan el cad\\u00e1ver de un hombre de 56 a\\u00f1os entre Ujo y Figaredo - El Digital de Asturias\",\"headline\":\"Hallan el cad\\u00e1ver de un hombre de 56 a\\u00f1os entre Ujo y Figaredo\",\"author\":{\"@id\":\"https:\\\/\\\/www.eldigitaldeasturias.com\\\/noticias\\\/author\\\/admin\\\/#author\"},\"publisher\":{\"@id\":\"https:\\\/\\\/www.eldigitaldeasturias.com\\\/noticias\\\/#organization\"},\"image\":{\"@type\":\"ImageObject\",\"url\":\"https:\\\/\\\/www.eldigitaldeasturias.com\\\/noticias\\\/wp-content\\\/uploads\\\/2026\\\/06\\\/Contenidos.jpg\",\"width\":1265,\"height\":697,\"caption\":\"Contenidos\"},\"datePublished\":\"2013-12-05T20:28:55+01:00\",\"dateModified\":\"2013-12-05T20:28:55+01:00\",\"inLanguage\":\"es-ES\",\"mainEntityOfPage\":{\"@id\":\"https:\\\/\\\/www.eldigitaldeasturias.com\\\/noticias\\\/hallan-el-cadaver-de-un-hombre-de-56-anos-entre-ujo-y-figaredo\\\/#webpage\"},\"isPartOf\":{\"@id\":\"https:\\\/\\\/www.eldigitaldeasturias.com\\\/noticias\\\/hallan-el-cadaver-de-un-hombre-de-56-anos-entre-ujo-y-figaredo\\\/#webpage\"},\"articleSection\":\"Actualidad Asturias\"},{\"@type\":\"BreadcrumbList\",\"@id\":\"https:\\\/\\\/www.eldigitaldeasturias.com\\\/noticias\\\/hallan-el-cadaver-de-un-hombre-de-56-anos-entre-ujo-y-figaredo\\\/#breadcrumblist\",\"itemListElement\":[{\"@type\":\"ListItem\",\"@id\":\"https:\\\/\\\/www.eldigitaldeasturias.com\\\/noticias#listItem\",\"position\":1,\"name\":\"Home\",\"item\":\"https:\\\/\\\/www.eldigitaldeasturias.com\\\/noticias\",\"nextItem\":{\"@type\":\"ListItem\",\"@id\":\"https:\\\/\\\/www.eldigitaldeasturias.com\\\/noticias\\\/category\\\/actualidad-asturias\\\/#listItem\",\"name\":\"Actualidad Asturias\"}},{\"@type\":\"ListItem\",\"@id\":\"https:\\\/\\\/www.eldigitaldeasturias.com\\\/noticias\\\/category\\\/actualidad-asturias\\\/#listItem\",\"position\":2,\"name\":\"Actualidad Asturias\",\"item\":\"https:\\\/\\\/www.eldigitaldeasturias.com\\\/noticias\\\/category\\\/actualidad-asturias\\\/\",\"nextItem\":{\"@type\":\"ListItem\",\"@id\":\"https:\\\/\\\/www.eldigitaldeasturias.com\\\/noticias\\\/hallan-el-cadaver-de-un-hombre-de-56-anos-entre-ujo-y-figaredo\\\/#listItem\",\"name\":\"Hallan el cad\\u00e1ver de un hombre de 56 a\\u00f1os entre Ujo y Figaredo\"},\"previousItem\":{\"@type\":\"ListItem\",\"@id\":\"https:\\\/\\\/www.eldigitaldeasturias.com\\\/noticias#listItem\",\"name\":\"Home\"}},{\"@type\":\"ListItem\",\"@id\":\"https:\\\/\\\/www.eldigitaldeasturias.com\\\/noticias\\\/hallan-el-cadaver-de-un-hombre-de-56-anos-entre-ujo-y-figaredo\\\/#listItem\",\"position\":3,\"name\":\"Hallan el cad\\u00e1ver de un hombre de 56 a\\u00f1os entre Ujo y Figaredo\",\"previousItem\":{\"@type\":\"ListItem\",\"@id\":\"https:\\\/\\\/www.eldigitaldeasturias.com\\\/noticias\\\/category\\\/actualidad-asturias\\\/#listItem\",\"name\":\"Actualidad Asturias\"}}]},{\"@type\":\"Organization\",\"@id\":\"https:\\\/\\\/www.eldigitaldeasturias.com\\\/noticias\\\/#organization\",\"name\":\"El Digital de Asturias\",\"description\":\"Hemeroteca\",\"url\":\"https:\\\/\\\/www.eldigitaldeasturias.com\\\/noticias\\\/\",\"email\":\"info@eldigitaldeasturias.com\",\"telephone\":\"+34652131393\",\"logo\":{\"@type\":\"ImageObject\",\"url\":\"https:\\\/\\\/www.eldigitaldeasturias.com\\\/noticias\\\/wp-content\\\/uploads\\\/2020\\\/12\\\/EDA.jpg\",\"@id\":\"https:\\\/\\\/www.eldigitaldeasturias.com\\\/noticias\\\/hallan-el-cadaver-de-un-hombre-de-56-anos-entre-ujo-y-figaredo\\\/#organizationLogo\"},\"image\":{\"@id\":\"https:\\\/\\\/www.eldigitaldeasturias.com\\\/noticias\\\/hallan-el-cadaver-de-un-hombre-de-56-anos-entre-ujo-y-figaredo\\\/#organizationLogo\"},\"sameAs\":[\"https:\\\/\\\/facebook.com\\\/eldigitaldeasturias\",\"https:\\\/\\\/www.youtube.com\\\/channel\\\/UCZP-2wLEB9Rv6erhFmqVnvg\"],\"address\":{\"@id\":\"https:\\\/\\\/www.eldigitaldeasturias.com\\\/noticias\\\/#postaladdress\",\"@type\":\"PostalAddress\",\"streetAddress\":\"san antonio 4\",\"postalCode\":\"33430\",\"addressLocality\":\"Cand\\u00e1s\",\"addressRegion\":\"Asturias\",\"addressCountry\":\"ES\"}},{\"@type\":\"Person\",\"@id\":\"https:\\\/\\\/www.eldigitaldeasturias.com\\\/noticias\\\/author\\\/admin\\\/#author\",\"url\":\"https:\\\/\\\/www.eldigitaldeasturias.com\\\/noticias\\\/author\\\/admin\\\/\",\"name\":\"El Digital de Asturias\",\"image\":{\"@type\":\"ImageObject\",\"@id\":\"https:\\\/\\\/www.eldigitaldeasturias.com\\\/noticias\\\/hallan-el-cadaver-de-un-hombre-de-56-anos-entre-ujo-y-figaredo\\\/#authorImage\",\"url\":\"https:\\\/\\\/secure.gravatar.com\\\/avatar\\\/df2aeffc32bcd13f8d26072ef8a91b623d677766deac7f97ca815868cd41bf5e?s=96&d=mm&r=g\",\"width\":96,\"height\":96,\"caption\":\"El Digital de Asturias\"}},{\"@type\":\"WebPage\",\"@id\":\"https:\\\/\\\/www.eldigitaldeasturias.com\\\/noticias\\\/hallan-el-cadaver-de-un-hombre-de-56-anos-entre-ujo-y-figaredo\\\/#webpage\",\"url\":\"https:\\\/\\\/www.eldigitaldeasturias.com\\\/noticias\\\/hallan-el-cadaver-de-un-hombre-de-56-anos-entre-ujo-y-figaredo\\\/\",\"name\":\"Hallan el cad\\u00e1ver de un hombre de 56 a\\u00f1os entre Ujo y Figaredo - El Digital de Asturias\",\"description\":\"Mieres, 5 dic (EFE).- El cad\\u00e1ver de un hombre de 56 a\\u00f1os cuyas iniciales se corresponden con B.E.B, ha aparecido en la madrugada de hoy en el paseo fluvial que discurre eentre las localidades mierenses de Ujo y Figaredo, seg\\u00fan ha informado la Guardia Civil. Seg\\u00fan las mismas fuentes, la llamada que alertaba de la\",\"inLanguage\":\"es-ES\",\"isPartOf\":{\"@id\":\"https:\\\/\\\/www.eldigitaldeasturias.com\\\/noticias\\\/#website\"},\"breadcrumb\":{\"@id\":\"https:\\\/\\\/www.eldigitaldeasturias.com\\\/noticias\\\/hallan-el-cadaver-de-un-hombre-de-56-anos-entre-ujo-y-figaredo\\\/#breadcrumblist\"},\"author\":{\"@id\":\"https:\\\/\\\/www.eldigitaldeasturias.com\\\/noticias\\\/author\\\/admin\\\/#author\"},\"creator\":{\"@id\":\"https:\\\/\\\/www.eldigitaldeasturias.com\\\/noticias\\\/author\\\/admin\\\/#author\"},\"image\":{\"@type\":\"ImageObject\",\"url\":\"https:\\\/\\\/www.eldigitaldeasturias.com\\\/noticias\\\/wp-content\\\/uploads\\\/2026\\\/06\\\/Contenidos.jpg\",\"@id\":\"https:\\\/\\\/www.eldigitaldeasturias.com\\\/noticias\\\/hallan-el-cadaver-de-un-hombre-de-56-anos-entre-ujo-y-figaredo\\\/#mainImage\",\"width\":1265,\"height\":697,\"caption\":\"Contenidos\"},\"primaryImageOfPage\":{\"@id\":\"https:\\\/\\\/www.eldigitaldeasturias.com\\\/noticias\\\/hallan-el-cadaver-de-un-hombre-de-56-anos-entre-ujo-y-figaredo\\\/#mainImage\"},\"datePublished\":\"2013-12-05T20:28:55+01:00\",\"dateModified\":\"2013-12-05T20:28:55+01:00\"},{\"@type\":\"WebSite\",\"@id\":\"https:\\\/\\\/www.eldigitaldeasturias.com\\\/noticias\\\/#website\",\"url\":\"https:\\\/\\\/www.eldigitaldeasturias.com\\\/noticias\\\/\",\"name\":\"El Digital de Asturias - Diario de actualidad y noticias\",\"alternateName\":\"El Digital de Asturias - Diario de actualidad y noticias\",\"description\":\"Hemeroteca\",\"inLanguage\":\"es-ES\",\"publisher\":{\"@id\":\"https:\\\/\\\/www.eldigitaldeasturias.com\\\/noticias\\\/#organization\"}}]}\n\t\t<\/script>\n\t\t<!-- All in One SEO Pro -->\r\n\t\t<title>Hallan el cad\u00e1ver de un hombre de 56 a\u00f1os entre Ujo y Figaredo - El Digital de Asturias<\/title>\n\n","aioseo_head_json":{"title":"Hallan el cad\u00e1ver de un hombre de 56 a\u00f1os entre Ujo y Figaredo - El Digital de Asturias","description":"Mieres, 5 dic (EFE).- El cad\u00e1ver de un hombre de 56 a\u00f1os cuyas iniciales se corresponden con B.E.B, ha aparecido en la madrugada de hoy en el paseo fluvial que discurre eentre las localidades mierenses de Ujo y Figaredo, seg\u00fan ha informado la Guardia Civil. Seg\u00fan las mismas fuentes, la llamada que alertaba de la","canonical_url":"https:\/\/www.eldigitaldeasturias.com\/noticias\/hallan-el-cadaver-de-un-hombre-de-56-anos-entre-ujo-y-figaredo\/","robots":"max-image-preview:large","keywords":"actualidad asturias","webmasterTools":{"google-site-verification":"UA-38556648-1","msvalidate.01":"7dfe9f3f1b24437ab69f4f2559babe99","miscellaneous":""},"schema":{"@context":"https:\/\/schema.org","@graph":[{"@type":"BlogPosting","@id":"https:\/\/www.eldigitaldeasturias.com\/noticias\/hallan-el-cadaver-de-un-hombre-de-56-anos-entre-ujo-y-figaredo\/#blogposting","name":"Hallan el cad\u00e1ver de un hombre de 56 a\u00f1os entre Ujo y Figaredo - El Digital de Asturias","headline":"Hallan el cad\u00e1ver de un hombre de 56 a\u00f1os entre Ujo y Figaredo","author":{"@id":"https:\/\/www.eldigitaldeasturias.com\/noticias\/author\/admin\/#author"},"publisher":{"@id":"https:\/\/www.eldigitaldeasturias.com\/noticias\/#organization"},"image":{"@type":"ImageObject","url":"https:\/\/www.eldigitaldeasturias.com\/noticias\/wp-content\/uploads\/2026\/06\/Contenidos.jpg","width":1265,"height":697,"caption":"Contenidos"},"datePublished":"2013-12-05T20:28:55+01:00","dateModified":"2013-12-05T20:28:55+01:00","inLanguage":"es-ES","mainEntityOfPage":{"@id":"https:\/\/www.eldigitaldeasturias.com\/noticias\/hallan-el-cadaver-de-un-hombre-de-56-anos-entre-ujo-y-figaredo\/#webpage"},"isPartOf":{"@id":"https:\/\/www.eldigitaldeasturias.com\/noticias\/hallan-el-cadaver-de-un-hombre-de-56-anos-entre-ujo-y-figaredo\/#webpage"},"articleSection":"Actualidad Asturias"},{"@type":"BreadcrumbList","@id":"https:\/\/www.eldigitaldeasturias.com\/noticias\/hallan-el-cadaver-de-un-hombre-de-56-anos-entre-ujo-y-figaredo\/#breadcrumblist","itemListElement":[{"@type":"ListItem","@id":"https:\/\/www.eldigitaldeasturias.com\/noticias#listItem","position":1,"name":"Home","item":"https:\/\/www.eldigitaldeasturias.com\/noticias","nextItem":{"@type":"ListItem","@id":"https:\/\/www.eldigitaldeasturias.com\/noticias\/category\/actualidad-asturias\/#listItem","name":"Actualidad Asturias"}},{"@type":"ListItem","@id":"https:\/\/www.eldigitaldeasturias.com\/noticias\/category\/actualidad-asturias\/#listItem","position":2,"name":"Actualidad Asturias","item":"https:\/\/www.eldigitaldeasturias.com\/noticias\/category\/actualidad-asturias\/","nextItem":{"@type":"ListItem","@id":"https:\/\/www.eldigitaldeasturias.com\/noticias\/hallan-el-cadaver-de-un-hombre-de-56-anos-entre-ujo-y-figaredo\/#listItem","name":"Hallan el cad\u00e1ver de un hombre de 56 a\u00f1os entre Ujo y Figaredo"},"previousItem":{"@type":"ListItem","@id":"https:\/\/www.eldigitaldeasturias.com\/noticias#listItem","name":"Home"}},{"@type":"ListItem","@id":"https:\/\/www.eldigitaldeasturias.com\/noticias\/hallan-el-cadaver-de-un-hombre-de-56-anos-entre-ujo-y-figaredo\/#listItem","position":3,"name":"Hallan el cad\u00e1ver de un hombre de 56 a\u00f1os entre Ujo y Figaredo","previousItem":{"@type":"ListItem","@id":"https:\/\/www.eldigitaldeasturias.com\/noticias\/category\/actualidad-asturias\/#listItem","name":"Actualidad Asturias"}}]},{"@type":"Organization","@id":"https:\/\/www.eldigitaldeasturias.com\/noticias\/#organization","name":"El Digital de Asturias","description":"Hemeroteca","url":"https:\/\/www.eldigitaldeasturias.com\/noticias\/","email":"info@eldigitaldeasturias.com","telephone":"+34652131393","logo":{"@type":"ImageObject","url":"https:\/\/www.eldigitaldeasturias.com\/noticias\/wp-content\/uploads\/2020\/12\/EDA.jpg","@id":"https:\/\/www.eldigitaldeasturias.com\/noticias\/hallan-el-cadaver-de-un-hombre-de-56-anos-entre-ujo-y-figaredo\/#organizationLogo"},"image":{"@id":"https:\/\/www.eldigitaldeasturias.com\/noticias\/hallan-el-cadaver-de-un-hombre-de-56-anos-entre-ujo-y-figaredo\/#organizationLogo"},"sameAs":["https:\/\/facebook.com\/eldigitaldeasturias","https:\/\/www.youtube.com\/channel\/UCZP-2wLEB9Rv6erhFmqVnvg"],"address":{"@id":"https:\/\/www.eldigitaldeasturias.com\/noticias\/#postaladdress","@type":"PostalAddress","streetAddress":"san antonio 4","postalCode":"33430","addressLocality":"Cand\u00e1s","addressRegion":"Asturias","addressCountry":"ES"}},{"@type":"Person","@id":"https:\/\/www.eldigitaldeasturias.com\/noticias\/author\/admin\/#author","url":"https:\/\/www.eldigitaldeasturias.com\/noticias\/author\/admin\/","name":"El Digital de Asturias","image":{"@type":"ImageObject","@id":"https:\/\/www.eldigitaldeasturias.com\/noticias\/hallan-el-cadaver-de-un-hombre-de-56-anos-entre-ujo-y-figaredo\/#authorImage","url":"https:\/\/secure.gravatar.com\/avatar\/df2aeffc32bcd13f8d26072ef8a91b623d677766deac7f97ca815868cd41bf5e?s=96&d=mm&r=g","width":96,"height":96,"caption":"El Digital de Asturias"}},{"@type":"WebPage","@id":"https:\/\/www.eldigitaldeasturias.com\/noticias\/hallan-el-cadaver-de-un-hombre-de-56-anos-entre-ujo-y-figaredo\/#webpage","url":"https:\/\/www.eldigitaldeasturias.com\/noticias\/hallan-el-cadaver-de-un-hombre-de-56-anos-entre-ujo-y-figaredo\/","name":"Hallan el cad\u00e1ver de un hombre de 56 a\u00f1os entre Ujo y Figaredo - El Digital de Asturias","description":"Mieres, 5 dic (EFE).- El cad\u00e1ver de un hombre de 56 a\u00f1os cuyas iniciales se corresponden con B.E.B, ha aparecido en la madrugada de hoy en el paseo fluvial que discurre eentre las localidades mierenses de Ujo y Figaredo, seg\u00fan ha informado la Guardia Civil. Seg\u00fan las mismas fuentes, la llamada que alertaba de la","inLanguage":"es-ES","isPartOf":{"@id":"https:\/\/www.eldigitaldeasturias.com\/noticias\/#website"},"breadcrumb":{"@id":"https:\/\/www.eldigitaldeasturias.com\/noticias\/hallan-el-cadaver-de-un-hombre-de-56-anos-entre-ujo-y-figaredo\/#breadcrumblist"},"author":{"@id":"https:\/\/www.eldigitaldeasturias.com\/noticias\/author\/admin\/#author"},"creator":{"@id":"https:\/\/www.eldigitaldeasturias.com\/noticias\/author\/admin\/#author"},"image":{"@type":"ImageObject","url":"https:\/\/www.eldigitaldeasturias.com\/noticias\/wp-content\/uploads\/2026\/06\/Contenidos.jpg","@id":"https:\/\/www.eldigitaldeasturias.com\/noticias\/hallan-el-cadaver-de-un-hombre-de-56-anos-entre-ujo-y-figaredo\/#mainImage","width":1265,"height":697,"caption":"Contenidos"},"primaryImageOfPage":{"@id":"https:\/\/www.eldigitaldeasturias.com\/noticias\/hallan-el-cadaver-de-un-hombre-de-56-anos-entre-ujo-y-figaredo\/#mainImage"},"datePublished":"2013-12-05T20:28:55+01:00","dateModified":"2013-12-05T20:28:55+01:00"},{"@type":"WebSite","@id":"https:\/\/www.eldigitaldeasturias.com\/noticias\/#website","url":"https:\/\/www.eldigitaldeasturias.com\/noticias\/","name":"El Digital de Asturias - Diario de actualidad y noticias","alternateName":"El Digital de Asturias - Diario de actualidad y noticias","description":"Hemeroteca","inLanguage":"es-ES","publisher":{"@id":"https:\/\/www.eldigitaldeasturias.com\/noticias\/#organization"}}]},"og:locale":"es_ES","og:site_name":"El Digital de Asturias","og:type":"article","og:title":"Hallan el cad\u00e1ver de un hombre de 56 a\u00f1os entre Ujo y Figaredo - El Digital de Asturias","og:description":"Mieres, 5 dic (EFE).- El cad\u00e1ver de un hombre de 56 a\u00f1os cuyas iniciales se corresponden con B.E.B, ha aparecido en la madrugada de hoy en el paseo fluvial que discurre eentre las localidades mierenses de Ujo y Figaredo, seg\u00fan ha informado la Guardia Civil. Seg\u00fan las mismas fuentes, la llamada que alertaba de la","og:url":"https:\/\/www.eldigitaldeasturias.com\/noticias\/hallan-el-cadaver-de-un-hombre-de-56-anos-entre-ujo-y-figaredo\/","og:image":"https:\/\/www.eldigitaldeasturias.com\/noticias\/wp-content\/uploads\/2026\/06\/Contenidos.jpg","og:image:secure_url":"https:\/\/www.eldigitaldeasturias.com\/noticias\/wp-content\/uploads\/2026\/06\/Contenidos.jpg","og:image:width":1265,"og:image:height":697,"article:tag":["actualidad asturias"],"article:published_time":"2013-12-05T21:28:55+00:00","article:modified_time":"2013-12-05T21:28:55+00:00","article:publisher":"https:\/\/facebook.com\/eldigitaldeasturias","twitter:card":"summary_large_image","twitter:title":"Hallan el cad\u00e1ver de un hombre de 56 a\u00f1os entre Ujo y Figaredo - El Digital de Asturias","twitter:description":"Mieres, 5 dic (EFE).- El cad\u00e1ver de un hombre de 56 a\u00f1os cuyas iniciales se corresponden con B.E.B, ha aparecido en la madrugada de hoy en el paseo fluvial que discurre eentre las localidades mierenses de Ujo y Figaredo, seg\u00fan ha informado la Guardia Civil. Seg\u00fan las mismas fuentes, la llamada que alertaba de la","twitter:image":"https:\/\/www.eldigitaldeasturias.com\/noticias\/wp-content\/uploads\/2026\/06\/Contenidos.jpg","twitter:label1":"Escrito por","twitter:data1":"El Digital de Asturias","twitter:label2":"Tiempo de lectura estimado","twitter:data2":"1 minuto"},"aioseo_meta_data":{"post_id":"458123","title":null,"description":null,"keywords":null,"keyphrases":null,"primary_term":null,"canonical_url":null,"og_title":null,"og_description":null,"og_object_type":"default","og_image_type":"default","og_image_url":null,"og_image_width":null,"og_image_height":null,"og_image_custom_url":null,"og_image_custom_fields":null,"og_video":null,"og_custom_url":null,"og_article_section":null,"og_article_tags":null,"twitter_use_og":true,"twitter_card":"default","twitter_image_type":"default","twitter_image_url":null,"twitter_image_custom_url":null,"twitter_image_custom_fields":null,"twitter_title":null,"twitter_description":null,"schema":{"blockGraphs":[],"customGraphs":[],"default":{"data":{"Article":[],"Course":[],"Dataset":[],"FAQPage":[],"Movie":[],"Person":[],"Product":[],"ProductReview":[],"Car":[],"Recipe":[],"Service":[],"SoftwareApplication":[],"WebPage":[]},"graphName":"","isEnabled":true},"graphs":[],"defaultGraph":"","defaultPostTypeGraph":""},"schema_type":null,"schema_type_options":null,"pillar_content":false,"robots_default":true,"robots_noindex":false,"robots_noarchive":false,"robots_nosnippet":false,"robots_nofollow":false,"robots_noimageindex":false,"robots_noodp":false,"robots_notranslate":false,"robots_max_snippet":null,"robots_max_videopreview":null,"robots_max_imagepreview":"none","priority":null,"frequency":null,"local_seo":null,"seo_analyzer_scan_date":"2026-05-30 04:29:04","breadcrumb_settings":null,"limit_modified_date":false,"open_ai":null,"ai":null,"created":"2020-11-14 22:46:14","updated":"2026-05-30 04:29:04","focus_keyword":null,"additional_keywords":null,"truseo_locale":null},"aioseo_breadcrumb":"<div class=\"aioseo-breadcrumbs\"><span class=\"aioseo-breadcrumb\">\n\t<a href=\"https:\/\/www.eldigitaldeasturias.com\/noticias\" title=\"Home\">Home<\/a>\n<\/span><span class=\"aioseo-breadcrumb-separator\">\u2013<\/span><span class=\"aioseo-breadcrumb\">\n\t<a href=\"https:\/\/www.eldigitaldeasturias.com\/noticias\/category\/actualidad-asturias\/\" title=\"Actualidad Asturias\">Actualidad Asturias<\/a>\n<\/span><span class=\"aioseo-breadcrumb-separator\">\u2013<\/span><span class=\"aioseo-breadcrumb\">\n\t<a href=\"https:\/\/www.eldigitaldeasturias.com\/noticias\/hallan-el-cadaver-de-un-hombre-de-56-anos-entre-ujo-y-figaredo\/\" title=\"Hallan el cad\u00e1ver de un hombre de 56 a\u00f1os entre Ujo y Figaredo\">Hallan el cad\u00e1ver de un hombre de 56 a\u00f1os entre Ujo y Figaredo<\/a>\n<\/span><\/div>","aioseo_breadcrumb_json":[{"label":"Home","link":"https:\/\/www.eldigitaldeasturias.com\/noticias"},{"label":"Actualidad Asturias","link":"https:\/\/www.eldigitaldeasturias.com\/noticias\/category\/actualidad-asturias\/"},{"label":"Hallan el cad\u00e1ver de un hombre de 56 a\u00f1os entre Ujo y Figaredo","link":"https:\/\/www.eldigitaldeasturias.com\/noticias\/hallan-el-cadaver-de-un-hombre-de-56-anos-entre-ujo-y-figaredo\/"}],"_links":{"self":[{"href":"https:\/\/www.eldigitaldeasturias.com\/noticias\/wp-json\/wp\/v2\/posts\/458123","targetHints":{"allow":["GET"]}}],"collection":[{"href":"https:\/\/www.eldigitaldeasturias.com\/noticias\/wp-json\/wp\/v2\/posts"}],"about":[{"href":"https:\/\/www.eldigitaldeasturias.com\/noticias\/wp-json\/wp\/v2\/types\/post"}],"author":[{"embeddable":true,"href":"https:\/\/www.eldigitaldeasturias.com\/noticias\/wp-json\/wp\/v2\/users\/1"}],"replies":[{"embeddable":true,"href":"https:\/\/www.eldigitaldeasturias.com\/noticias\/wp-json\/wp\/v2\/comments?post=458123"}],"version-history":[{"count":0,"href":"https:\/\/www.eldigitaldeasturias.com\/noticias\/wp-json\/wp\/v2\/posts\/458123\/revisions"}],"wp:featuredmedia":[{"embeddable":true,"href":"https:\/\/www.eldigitaldeasturias.com\/noticias\/wp-json\/wp\/v2\/media\/1132184"}],"wp:attachment":[{"href":"https:\/\/www.eldigitaldeasturias.com\/noticias\/wp-json\/wp\/v2\/media?parent=458123"}],"wp:term":[{"taxonomy":"category","embeddable":true,"href":"https:\/\/www.eldigitaldeasturias.com\/noticias\/wp-json\/wp\/v2\/categories?post=458123"},{"taxonomy":"post_tag","embeddable":true,"href":"https:\/\/www.eldigitaldeasturias.com\/noticias\/wp-json\/wp\/v2\/tags?post=458123"}],"curies":[{"name":"wp","href":"https:\/\/api.w.org\/{rel}","templated":true}]}}