{"id":458115,"date":"2013-12-05T20:23:23","date_gmt":"2013-12-05T21:23:23","guid":{"rendered":"http:\/\/www.eldigitaldeasturias.com\/noticias\/?p=458115"},"modified":"2013-12-05T20:23:46","modified_gmt":"2013-12-05T21:23:46","slug":"el-principado-anima-a-los-jovenes-a-adquirir-el-compromiso-del-voluntariado","status":"publish","type":"post","link":"https:\/\/www.eldigitaldeasturias.com\/noticias\/el-principado-anima-a-los-jovenes-a-adquirir-el-compromiso-del-voluntariado\/","title":{"rendered":"El Principado anima a los j\u00f3venes a adquirir el compromiso del voluntariado"},"content":{"rendered":"<p><img loading=\"lazy\" decoding=\"async\" class=\"alignleft size-medium wp-image-458116\" alt=\"2013_10_31 consejera Bienestar en la Junta 2\" src=\"https:\/\/www.eldigitaldeasturias.com\/noticias\/wp-content\/uploads\/2013\/12\/2013_10_31-consejera-Bienestar-en-la-Junta-2-360x285.jpg\" width=\"360\" height=\"285\" \/>Oviedo, 5 dic (EFE).- La consejera de Bienestar Social y Vivienda, Esther D\u00edaz, ha presidido hoy en Oviedo el acto institucional del D\u00eda Internacional del Voluntariado y ha animado a los j\u00f3venes a adquirir el compromiso del voluntariado como medio para participar e involucrarse en la construcci\u00f3n de la sociedad.<\/p>\n<p>Seg\u00fan ha informado el Gobierno regional, D\u00edaz ha destacado el trabajo de las entidades que desarrollan su labor en este campo y ha insistido en la importancia de que los j\u00f3venes se impliquen.<\/p>\n<p>A su juicio, su participaci\u00f3n como voluntarios en organizaciones no gubernamentales les permitir\u00e1 contar con herramientas para transformar la realidad y lograr una sociedad m\u00e1s justa y solidaria.<\/p>\n<p>M\u00e1s de 300 alumnos de varios centros educativos han asistido esta ma\u00f1ana al acto de entrega de los premios del IX Concurso de Carteles \u00abVoluntad es lo que te diferencia\u00bb, que se organiza cada a\u00f1o para fomentar el voluntariado y en el que han participado 23 centros educativos que han presentado en total 214 carteles.<\/p>\n","protected":false},"excerpt":{"rendered":"<p>Oviedo, 5 dic (EFE).- La consejera de Bienestar Social y Vivienda, Esther D\u00edaz, ha presidido hoy en Oviedo el acto institucional del D\u00eda Internacional del Voluntariado y ha animado a los j\u00f3venes a adquirir el compromiso del voluntariado como medio para participar e involucrarse en la construcci\u00f3n de la sociedad. Seg\u00fan ha informado el Gobierno [&hellip;]<\/p>\n","protected":false},"author":1,"featured_media":458116,"comment_status":"closed","ping_status":"open","sticky":false,"template":"","format":"standard","meta":{"footnotes":""},"categories":[12],"tags":[],"class_list":["post-458115","post","type-post","status-publish","format-standard","has-post-thumbnail","hentry","category-actualidad-asturias"],"aioseo_notices":[],"aioseo_head":"\n\t\t<!-- All in One SEO Pro 5.0.1 - aioseo.com -->\n\t<meta name=\"description\" content=\"Oviedo, 5 dic (EFE).- La consejera de Bienestar Social y Vivienda, Esther D\u00edaz, ha presidido hoy en Oviedo el acto institucional del D\u00eda Internacional del Voluntariado y ha animado a los j\u00f3venes a adquirir el compromiso del voluntariado como medio para participar e involucrarse en la construcci\u00f3n de la sociedad. Seg\u00fan ha informado el Gobierno\" \/>\n\t<meta name=\"robots\" content=\"max-image-preview:large\" \/>\n\t<meta name=\"author\" content=\"El Digital de Asturias\"\/>\n\t<meta name=\"google-site-verification\" content=\"UA-38556648-1\" \/>\n\t<meta name=\"msvalidate.01\" content=\"7dfe9f3f1b24437ab69f4f2559babe99\" \/>\n\t<meta name=\"keywords\" content=\"actualidad asturias\" \/>\n\t<link rel=\"canonical\" href=\"https:\/\/www.eldigitaldeasturias.com\/noticias\/el-principado-anima-a-los-jovenes-a-adquirir-el-compromiso-del-voluntariado\/\" \/>\n\t<meta name=\"generator\" content=\"All in One SEO Pro (AIOSEO) 5.0.1\" \/>\n\t\t<meta property=\"og:locale\" content=\"es_ES\" \/>\n\t\t<meta property=\"og:site_name\" content=\"El Digital de Asturias\" \/>\n\t\t<meta property=\"og:type\" content=\"article\" \/>\n\t\t<meta property=\"og:title\" content=\"El Principado anima a los j\u00f3venes a adquirir el compromiso del voluntariado - El Digital de Asturias\" \/>\n\t\t<meta property=\"og:description\" content=\"Oviedo, 5 dic (EFE).- La consejera de Bienestar Social y Vivienda, Esther D\u00edaz, ha presidido hoy en Oviedo el acto institucional del D\u00eda Internacional del Voluntariado y ha animado a los j\u00f3venes a adquirir el compromiso del voluntariado como medio para participar e involucrarse en la construcci\u00f3n de la sociedad. Seg\u00fan ha informado el Gobierno\" \/>\n\t\t<meta property=\"og:url\" content=\"https:\/\/www.eldigitaldeasturias.com\/noticias\/el-principado-anima-a-los-jovenes-a-adquirir-el-compromiso-del-voluntariado\/\" \/>\n\t\t<meta property=\"article:tag\" content=\"actualidad asturias\" \/>\n\t\t<meta property=\"article:published_time\" content=\"2013-12-05T21:23:23+00:00\" \/>\n\t\t<meta property=\"article:modified_time\" content=\"2013-12-05T21:23:46+00:00\" \/>\n\t\t<meta property=\"article:publisher\" content=\"https:\/\/facebook.com\/eldigitaldeasturias\" \/>\n\t\t<meta name=\"twitter:card\" content=\"summary_large_image\" \/>\n\t\t<meta name=\"twitter:title\" content=\"El Principado anima a los j\u00f3venes a adquirir el compromiso del voluntariado - El Digital de Asturias\" \/>\n\t\t<meta name=\"twitter:description\" content=\"Oviedo, 5 dic (EFE).- La consejera de Bienestar Social y Vivienda, Esther D\u00edaz, ha presidido hoy en Oviedo el acto institucional del D\u00eda Internacional del Voluntariado y ha animado a los j\u00f3venes a adquirir el compromiso del voluntariado como medio para participar e involucrarse en la construcci\u00f3n de la sociedad. Seg\u00fan ha informado el Gobierno\" \/>\n\t\t<meta name=\"twitter:label1\" content=\"Escrito por\" \/>\n\t\t<meta name=\"twitter:data1\" content=\"El Digital de Asturias\" \/>\n\t\t<meta name=\"twitter:label2\" content=\"Tiempo de lectura estimado\" \/>\n\t\t<meta name=\"twitter:data2\" content=\"1 minuto\" \/>\n\t\t<script type=\"application\/ld+json\" class=\"aioseo-schema\">\n\t\t\t{\"@context\":\"https:\\\/\\\/schema.org\",\"@graph\":[{\"@type\":\"BlogPosting\",\"@id\":\"https:\\\/\\\/www.eldigitaldeasturias.com\\\/noticias\\\/el-principado-anima-a-los-jovenes-a-adquirir-el-compromiso-del-voluntariado\\\/#blogposting\",\"name\":\"El Principado anima a los j\\u00f3venes a adquirir el compromiso del voluntariado - El Digital de Asturias\",\"headline\":\"El Principado anima a los j\\u00f3venes a adquirir el compromiso del voluntariado\",\"author\":{\"@id\":\"https:\\\/\\\/www.eldigitaldeasturias.com\\\/noticias\\\/author\\\/admin\\\/#author\"},\"publisher\":{\"@id\":\"https:\\\/\\\/www.eldigitaldeasturias.com\\\/noticias\\\/#organization\"},\"image\":{\"@type\":\"ImageObject\",\"url\":458116},\"datePublished\":\"2013-12-05T20:23:23+01:00\",\"dateModified\":\"2013-12-05T20:23:46+01:00\",\"inLanguage\":\"es-ES\",\"mainEntityOfPage\":{\"@id\":\"https:\\\/\\\/www.eldigitaldeasturias.com\\\/noticias\\\/el-principado-anima-a-los-jovenes-a-adquirir-el-compromiso-del-voluntariado\\\/#webpage\"},\"isPartOf\":{\"@id\":\"https:\\\/\\\/www.eldigitaldeasturias.com\\\/noticias\\\/el-principado-anima-a-los-jovenes-a-adquirir-el-compromiso-del-voluntariado\\\/#webpage\"},\"articleSection\":\"Actualidad Asturias\"},{\"@type\":\"BreadcrumbList\",\"@id\":\"https:\\\/\\\/www.eldigitaldeasturias.com\\\/noticias\\\/el-principado-anima-a-los-jovenes-a-adquirir-el-compromiso-del-voluntariado\\\/#breadcrumblist\",\"itemListElement\":[{\"@type\":\"ListItem\",\"@id\":\"https:\\\/\\\/www.eldigitaldeasturias.com\\\/noticias#listItem\",\"position\":1,\"name\":\"Home\",\"item\":\"https:\\\/\\\/www.eldigitaldeasturias.com\\\/noticias\",\"nextItem\":{\"@type\":\"ListItem\",\"@id\":\"https:\\\/\\\/www.eldigitaldeasturias.com\\\/noticias\\\/category\\\/actualidad-asturias\\\/#listItem\",\"name\":\"Actualidad Asturias\"}},{\"@type\":\"ListItem\",\"@id\":\"https:\\\/\\\/www.eldigitaldeasturias.com\\\/noticias\\\/category\\\/actualidad-asturias\\\/#listItem\",\"position\":2,\"name\":\"Actualidad Asturias\",\"item\":\"https:\\\/\\\/www.eldigitaldeasturias.com\\\/noticias\\\/category\\\/actualidad-asturias\\\/\",\"nextItem\":{\"@type\":\"ListItem\",\"@id\":\"https:\\\/\\\/www.eldigitaldeasturias.com\\\/noticias\\\/el-principado-anima-a-los-jovenes-a-adquirir-el-compromiso-del-voluntariado\\\/#listItem\",\"name\":\"El Principado anima a los j\\u00f3venes a adquirir el compromiso del voluntariado\"},\"previousItem\":{\"@type\":\"ListItem\",\"@id\":\"https:\\\/\\\/www.eldigitaldeasturias.com\\\/noticias#listItem\",\"name\":\"Home\"}},{\"@type\":\"ListItem\",\"@id\":\"https:\\\/\\\/www.eldigitaldeasturias.com\\\/noticias\\\/el-principado-anima-a-los-jovenes-a-adquirir-el-compromiso-del-voluntariado\\\/#listItem\",\"position\":3,\"name\":\"El Principado anima a los j\\u00f3venes a adquirir el compromiso del voluntariado\",\"previousItem\":{\"@type\":\"ListItem\",\"@id\":\"https:\\\/\\\/www.eldigitaldeasturias.com\\\/noticias\\\/category\\\/actualidad-asturias\\\/#listItem\",\"name\":\"Actualidad Asturias\"}}]},{\"@type\":\"Organization\",\"@id\":\"https:\\\/\\\/www.eldigitaldeasturias.com\\\/noticias\\\/#organization\",\"name\":\"El Digital de Asturias\",\"description\":\"Hemeroteca\",\"url\":\"https:\\\/\\\/www.eldigitaldeasturias.com\\\/noticias\\\/\",\"email\":\"info@eldigitaldeasturias.com\",\"telephone\":\"+34652131393\",\"logo\":{\"@type\":\"ImageObject\",\"url\":\"https:\\\/\\\/www.eldigitaldeasturias.com\\\/noticias\\\/wp-content\\\/uploads\\\/2020\\\/12\\\/EDA.jpg\",\"@id\":\"https:\\\/\\\/www.eldigitaldeasturias.com\\\/noticias\\\/el-principado-anima-a-los-jovenes-a-adquirir-el-compromiso-del-voluntariado\\\/#organizationLogo\"},\"image\":{\"@id\":\"https:\\\/\\\/www.eldigitaldeasturias.com\\\/noticias\\\/el-principado-anima-a-los-jovenes-a-adquirir-el-compromiso-del-voluntariado\\\/#organizationLogo\"},\"sameAs\":[\"https:\\\/\\\/facebook.com\\\/eldigitaldeasturias\",\"https:\\\/\\\/www.youtube.com\\\/channel\\\/UCZP-2wLEB9Rv6erhFmqVnvg\"],\"address\":{\"@id\":\"https:\\\/\\\/www.eldigitaldeasturias.com\\\/noticias\\\/#postaladdress\",\"@type\":\"PostalAddress\",\"streetAddress\":\"san antonio 4\",\"postalCode\":\"33430\",\"addressLocality\":\"Cand\\u00e1s\",\"addressRegion\":\"Asturias\",\"addressCountry\":\"ES\"}},{\"@type\":\"Person\",\"@id\":\"https:\\\/\\\/www.eldigitaldeasturias.com\\\/noticias\\\/author\\\/admin\\\/#author\",\"url\":\"https:\\\/\\\/www.eldigitaldeasturias.com\\\/noticias\\\/author\\\/admin\\\/\",\"name\":\"El Digital de Asturias\",\"image\":{\"@type\":\"ImageObject\",\"@id\":\"https:\\\/\\\/www.eldigitaldeasturias.com\\\/noticias\\\/el-principado-anima-a-los-jovenes-a-adquirir-el-compromiso-del-voluntariado\\\/#authorImage\",\"url\":\"https:\\\/\\\/secure.gravatar.com\\\/avatar\\\/df2aeffc32bcd13f8d26072ef8a91b623d677766deac7f97ca815868cd41bf5e?s=96&d=mm&r=g\",\"width\":96,\"height\":96,\"caption\":\"El Digital de Asturias\"}},{\"@type\":\"WebPage\",\"@id\":\"https:\\\/\\\/www.eldigitaldeasturias.com\\\/noticias\\\/el-principado-anima-a-los-jovenes-a-adquirir-el-compromiso-del-voluntariado\\\/#webpage\",\"url\":\"https:\\\/\\\/www.eldigitaldeasturias.com\\\/noticias\\\/el-principado-anima-a-los-jovenes-a-adquirir-el-compromiso-del-voluntariado\\\/\",\"name\":\"El Principado anima a los j\\u00f3venes a adquirir el compromiso del voluntariado - El Digital de Asturias\",\"description\":\"Oviedo, 5 dic (EFE).- La consejera de Bienestar Social y Vivienda, Esther D\\u00edaz, ha presidido hoy en Oviedo el acto institucional del D\\u00eda Internacional del Voluntariado y ha animado a los j\\u00f3venes a adquirir el compromiso del voluntariado como medio para participar e involucrarse en la construcci\\u00f3n de la sociedad. Seg\\u00fan ha informado el Gobierno\",\"inLanguage\":\"es-ES\",\"isPartOf\":{\"@id\":\"https:\\\/\\\/www.eldigitaldeasturias.com\\\/noticias\\\/#website\"},\"breadcrumb\":{\"@id\":\"https:\\\/\\\/www.eldigitaldeasturias.com\\\/noticias\\\/el-principado-anima-a-los-jovenes-a-adquirir-el-compromiso-del-voluntariado\\\/#breadcrumblist\"},\"author\":{\"@id\":\"https:\\\/\\\/www.eldigitaldeasturias.com\\\/noticias\\\/author\\\/admin\\\/#author\"},\"creator\":{\"@id\":\"https:\\\/\\\/www.eldigitaldeasturias.com\\\/noticias\\\/author\\\/admin\\\/#author\"},\"image\":{\"@type\":\"ImageObject\",\"url\":458116,\"@id\":\"https:\\\/\\\/www.eldigitaldeasturias.com\\\/noticias\\\/el-principado-anima-a-los-jovenes-a-adquirir-el-compromiso-del-voluntariado\\\/#mainImage\"},\"primaryImageOfPage\":{\"@id\":\"https:\\\/\\\/www.eldigitaldeasturias.com\\\/noticias\\\/el-principado-anima-a-los-jovenes-a-adquirir-el-compromiso-del-voluntariado\\\/#mainImage\"},\"datePublished\":\"2013-12-05T20:23:23+01:00\",\"dateModified\":\"2013-12-05T20:23:46+01:00\"},{\"@type\":\"WebSite\",\"@id\":\"https:\\\/\\\/www.eldigitaldeasturias.com\\\/noticias\\\/#website\",\"url\":\"https:\\\/\\\/www.eldigitaldeasturias.com\\\/noticias\\\/\",\"name\":\"El Digital de Asturias - Diario de actualidad y noticias\",\"alternateName\":\"El Digital de Asturias - Diario de actualidad y noticias\",\"description\":\"Hemeroteca\",\"inLanguage\":\"es-ES\",\"publisher\":{\"@id\":\"https:\\\/\\\/www.eldigitaldeasturias.com\\\/noticias\\\/#organization\"}}]}\n\t\t<\/script>\n\t\t<!-- All in One SEO Pro -->\r\n\t\t<title>El Principado anima a los j\u00f3venes a adquirir el compromiso del voluntariado - El Digital de Asturias<\/title>\n\n","aioseo_head_json":{"title":"El Principado anima a los j\u00f3venes a adquirir el compromiso del voluntariado - El Digital de Asturias","description":"Oviedo, 5 dic (EFE).- La consejera de Bienestar Social y Vivienda, Esther D\u00edaz, ha presidido hoy en Oviedo el acto institucional del D\u00eda Internacional del Voluntariado y ha animado a los j\u00f3venes a adquirir el compromiso del voluntariado como medio para participar e involucrarse en la construcci\u00f3n de la sociedad. Seg\u00fan ha informado el Gobierno","canonical_url":"https:\/\/www.eldigitaldeasturias.com\/noticias\/el-principado-anima-a-los-jovenes-a-adquirir-el-compromiso-del-voluntariado\/","robots":"max-image-preview:large","keywords":"actualidad asturias","webmasterTools":{"google-site-verification":"UA-38556648-1","msvalidate.01":"7dfe9f3f1b24437ab69f4f2559babe99","miscellaneous":""},"schema":{"@context":"https:\/\/schema.org","@graph":[{"@type":"BlogPosting","@id":"https:\/\/www.eldigitaldeasturias.com\/noticias\/el-principado-anima-a-los-jovenes-a-adquirir-el-compromiso-del-voluntariado\/#blogposting","name":"El Principado anima a los j\u00f3venes a adquirir el compromiso del voluntariado - El Digital de Asturias","headline":"El Principado anima a los j\u00f3venes a adquirir el compromiso del voluntariado","author":{"@id":"https:\/\/www.eldigitaldeasturias.com\/noticias\/author\/admin\/#author"},"publisher":{"@id":"https:\/\/www.eldigitaldeasturias.com\/noticias\/#organization"},"image":{"@type":"ImageObject","url":458116},"datePublished":"2013-12-05T20:23:23+01:00","dateModified":"2013-12-05T20:23:46+01:00","inLanguage":"es-ES","mainEntityOfPage":{"@id":"https:\/\/www.eldigitaldeasturias.com\/noticias\/el-principado-anima-a-los-jovenes-a-adquirir-el-compromiso-del-voluntariado\/#webpage"},"isPartOf":{"@id":"https:\/\/www.eldigitaldeasturias.com\/noticias\/el-principado-anima-a-los-jovenes-a-adquirir-el-compromiso-del-voluntariado\/#webpage"},"articleSection":"Actualidad Asturias"},{"@type":"BreadcrumbList","@id":"https:\/\/www.eldigitaldeasturias.com\/noticias\/el-principado-anima-a-los-jovenes-a-adquirir-el-compromiso-del-voluntariado\/#breadcrumblist","itemListElement":[{"@type":"ListItem","@id":"https:\/\/www.eldigitaldeasturias.com\/noticias#listItem","position":1,"name":"Home","item":"https:\/\/www.eldigitaldeasturias.com\/noticias","nextItem":{"@type":"ListItem","@id":"https:\/\/www.eldigitaldeasturias.com\/noticias\/category\/actualidad-asturias\/#listItem","name":"Actualidad Asturias"}},{"@type":"ListItem","@id":"https:\/\/www.eldigitaldeasturias.com\/noticias\/category\/actualidad-asturias\/#listItem","position":2,"name":"Actualidad Asturias","item":"https:\/\/www.eldigitaldeasturias.com\/noticias\/category\/actualidad-asturias\/","nextItem":{"@type":"ListItem","@id":"https:\/\/www.eldigitaldeasturias.com\/noticias\/el-principado-anima-a-los-jovenes-a-adquirir-el-compromiso-del-voluntariado\/#listItem","name":"El Principado anima a los j\u00f3venes a adquirir el compromiso del voluntariado"},"previousItem":{"@type":"ListItem","@id":"https:\/\/www.eldigitaldeasturias.com\/noticias#listItem","name":"Home"}},{"@type":"ListItem","@id":"https:\/\/www.eldigitaldeasturias.com\/noticias\/el-principado-anima-a-los-jovenes-a-adquirir-el-compromiso-del-voluntariado\/#listItem","position":3,"name":"El Principado anima a los j\u00f3venes a adquirir el compromiso del voluntariado","previousItem":{"@type":"ListItem","@id":"https:\/\/www.eldigitaldeasturias.com\/noticias\/category\/actualidad-asturias\/#listItem","name":"Actualidad Asturias"}}]},{"@type":"Organization","@id":"https:\/\/www.eldigitaldeasturias.com\/noticias\/#organization","name":"El Digital de Asturias","description":"Hemeroteca","url":"https:\/\/www.eldigitaldeasturias.com\/noticias\/","email":"info@eldigitaldeasturias.com","telephone":"+34652131393","logo":{"@type":"ImageObject","url":"https:\/\/www.eldigitaldeasturias.com\/noticias\/wp-content\/uploads\/2020\/12\/EDA.jpg","@id":"https:\/\/www.eldigitaldeasturias.com\/noticias\/el-principado-anima-a-los-jovenes-a-adquirir-el-compromiso-del-voluntariado\/#organizationLogo"},"image":{"@id":"https:\/\/www.eldigitaldeasturias.com\/noticias\/el-principado-anima-a-los-jovenes-a-adquirir-el-compromiso-del-voluntariado\/#organizationLogo"},"sameAs":["https:\/\/facebook.com\/eldigitaldeasturias","https:\/\/www.youtube.com\/channel\/UCZP-2wLEB9Rv6erhFmqVnvg"],"address":{"@id":"https:\/\/www.eldigitaldeasturias.com\/noticias\/#postaladdress","@type":"PostalAddress","streetAddress":"san antonio 4","postalCode":"33430","addressLocality":"Cand\u00e1s","addressRegion":"Asturias","addressCountry":"ES"}},{"@type":"Person","@id":"https:\/\/www.eldigitaldeasturias.com\/noticias\/author\/admin\/#author","url":"https:\/\/www.eldigitaldeasturias.com\/noticias\/author\/admin\/","name":"El Digital de Asturias","image":{"@type":"ImageObject","@id":"https:\/\/www.eldigitaldeasturias.com\/noticias\/el-principado-anima-a-los-jovenes-a-adquirir-el-compromiso-del-voluntariado\/#authorImage","url":"https:\/\/secure.gravatar.com\/avatar\/df2aeffc32bcd13f8d26072ef8a91b623d677766deac7f97ca815868cd41bf5e?s=96&d=mm&r=g","width":96,"height":96,"caption":"El Digital de Asturias"}},{"@type":"WebPage","@id":"https:\/\/www.eldigitaldeasturias.com\/noticias\/el-principado-anima-a-los-jovenes-a-adquirir-el-compromiso-del-voluntariado\/#webpage","url":"https:\/\/www.eldigitaldeasturias.com\/noticias\/el-principado-anima-a-los-jovenes-a-adquirir-el-compromiso-del-voluntariado\/","name":"El Principado anima a los j\u00f3venes a adquirir el compromiso del voluntariado - El Digital de Asturias","description":"Oviedo, 5 dic (EFE).- La consejera de Bienestar Social y Vivienda, Esther D\u00edaz, ha presidido hoy en Oviedo el acto institucional del D\u00eda Internacional del Voluntariado y ha animado a los j\u00f3venes a adquirir el compromiso del voluntariado como medio para participar e involucrarse en la construcci\u00f3n de la sociedad. Seg\u00fan ha informado el Gobierno","inLanguage":"es-ES","isPartOf":{"@id":"https:\/\/www.eldigitaldeasturias.com\/noticias\/#website"},"breadcrumb":{"@id":"https:\/\/www.eldigitaldeasturias.com\/noticias\/el-principado-anima-a-los-jovenes-a-adquirir-el-compromiso-del-voluntariado\/#breadcrumblist"},"author":{"@id":"https:\/\/www.eldigitaldeasturias.com\/noticias\/author\/admin\/#author"},"creator":{"@id":"https:\/\/www.eldigitaldeasturias.com\/noticias\/author\/admin\/#author"},"image":{"@type":"ImageObject","url":458116,"@id":"https:\/\/www.eldigitaldeasturias.com\/noticias\/el-principado-anima-a-los-jovenes-a-adquirir-el-compromiso-del-voluntariado\/#mainImage"},"primaryImageOfPage":{"@id":"https:\/\/www.eldigitaldeasturias.com\/noticias\/el-principado-anima-a-los-jovenes-a-adquirir-el-compromiso-del-voluntariado\/#mainImage"},"datePublished":"2013-12-05T20:23:23+01:00","dateModified":"2013-12-05T20:23:46+01:00"},{"@type":"WebSite","@id":"https:\/\/www.eldigitaldeasturias.com\/noticias\/#website","url":"https:\/\/www.eldigitaldeasturias.com\/noticias\/","name":"El Digital de Asturias - Diario de actualidad y noticias","alternateName":"El Digital de Asturias - Diario de actualidad y noticias","description":"Hemeroteca","inLanguage":"es-ES","publisher":{"@id":"https:\/\/www.eldigitaldeasturias.com\/noticias\/#organization"}}]},"og:locale":"es_ES","og:site_name":"El Digital de Asturias","og:type":"article","og:title":"El Principado anima a los j\u00f3venes a adquirir el compromiso del voluntariado - El Digital de Asturias","og:description":"Oviedo, 5 dic (EFE).- La consejera de Bienestar Social y Vivienda, Esther D\u00edaz, ha presidido hoy en Oviedo el acto institucional del D\u00eda Internacional del Voluntariado y ha animado a los j\u00f3venes a adquirir el compromiso del voluntariado como medio para participar e involucrarse en la construcci\u00f3n de la sociedad. Seg\u00fan ha informado el Gobierno","og:url":"https:\/\/www.eldigitaldeasturias.com\/noticias\/el-principado-anima-a-los-jovenes-a-adquirir-el-compromiso-del-voluntariado\/","article:tag":["actualidad asturias"],"article:published_time":"2013-12-05T21:23:23+00:00","article:modified_time":"2013-12-05T21:23:46+00:00","article:publisher":"https:\/\/facebook.com\/eldigitaldeasturias","twitter:card":"summary_large_image","twitter:title":"El Principado anima a los j\u00f3venes a adquirir el compromiso del voluntariado - El Digital de Asturias","twitter:description":"Oviedo, 5 dic (EFE).- La consejera de Bienestar Social y Vivienda, Esther D\u00edaz, ha presidido hoy en Oviedo el acto institucional del D\u00eda Internacional del Voluntariado y ha animado a los j\u00f3venes a adquirir el compromiso del voluntariado como medio para participar e involucrarse en la construcci\u00f3n de la sociedad. Seg\u00fan ha informado el Gobierno","twitter:label1":"Escrito por","twitter:data1":"El Digital de Asturias","twitter:label2":"Tiempo de lectura estimado","twitter:data2":"1 minuto"},"aioseo_meta_data":{"post_id":"458115","title":null,"description":null,"keywords":null,"keyphrases":null,"primary_term":null,"canonical_url":null,"og_title":null,"og_description":null,"og_object_type":"default","og_image_type":"default","og_image_url":null,"og_image_width":null,"og_image_height":null,"og_image_custom_url":null,"og_image_custom_fields":null,"og_video":null,"og_custom_url":null,"og_article_section":null,"og_article_tags":null,"twitter_use_og":true,"twitter_card":"default","twitter_image_type":"default","twitter_image_url":null,"twitter_image_custom_url":null,"twitter_image_custom_fields":null,"twitter_title":null,"twitter_description":null,"schema":{"blockGraphs":[],"customGraphs":[],"default":{"data":{"Article":[],"Course":[],"Dataset":[],"FAQPage":[],"Movie":[],"Person":[],"Product":[],"ProductReview":[],"Car":[],"Recipe":[],"Service":[],"SoftwareApplication":[],"WebPage":[]},"graphName":"","isEnabled":true},"graphs":[],"defaultGraph":"","defaultPostTypeGraph":""},"schema_type":null,"schema_type_options":null,"pillar_content":false,"robots_default":true,"robots_noindex":false,"robots_noarchive":false,"robots_nosnippet":false,"robots_nofollow":false,"robots_noimageindex":false,"robots_noodp":false,"robots_notranslate":false,"robots_max_snippet":null,"robots_max_videopreview":null,"robots_max_imagepreview":"none","priority":null,"frequency":null,"local_seo":null,"seo_analyzer_scan_date":"2026-05-30 04:29:03","breadcrumb_settings":null,"limit_modified_date":false,"open_ai":null,"ai":null,"created":"2020-11-14 22:46:14","updated":"2026-05-30 04:29:03","focus_keyword":null,"additional_keywords":null,"truseo_locale":null},"aioseo_breadcrumb":"<div class=\"aioseo-breadcrumbs\"><span class=\"aioseo-breadcrumb\">\n\t<a href=\"https:\/\/www.eldigitaldeasturias.com\/noticias\" title=\"Home\">Home<\/a>\n<\/span><span class=\"aioseo-breadcrumb-separator\">\u2013<\/span><span class=\"aioseo-breadcrumb\">\n\t<a href=\"https:\/\/www.eldigitaldeasturias.com\/noticias\/category\/actualidad-asturias\/\" title=\"Actualidad Asturias\">Actualidad Asturias<\/a>\n<\/span><span class=\"aioseo-breadcrumb-separator\">\u2013<\/span><span class=\"aioseo-breadcrumb\">\n\t<a href=\"https:\/\/www.eldigitaldeasturias.com\/noticias\/el-principado-anima-a-los-jovenes-a-adquirir-el-compromiso-del-voluntariado\/\" title=\"El Principado anima a los j\u00f3venes a adquirir el compromiso del voluntariado\">El Principado anima a los j\u00f3venes a adquirir el compromiso del voluntariado<\/a>\n<\/span><\/div>","aioseo_breadcrumb_json":[{"label":"Home","link":"https:\/\/www.eldigitaldeasturias.com\/noticias"},{"label":"Actualidad Asturias","link":"https:\/\/www.eldigitaldeasturias.com\/noticias\/category\/actualidad-asturias\/"},{"label":"El Principado anima a los j\u00f3venes a adquirir el compromiso del voluntariado","link":"https:\/\/www.eldigitaldeasturias.com\/noticias\/el-principado-anima-a-los-jovenes-a-adquirir-el-compromiso-del-voluntariado\/"}],"_links":{"self":[{"href":"https:\/\/www.eldigitaldeasturias.com\/noticias\/wp-json\/wp\/v2\/posts\/458115","targetHints":{"allow":["GET"]}}],"collection":[{"href":"https:\/\/www.eldigitaldeasturias.com\/noticias\/wp-json\/wp\/v2\/posts"}],"about":[{"href":"https:\/\/www.eldigitaldeasturias.com\/noticias\/wp-json\/wp\/v2\/types\/post"}],"author":[{"embeddable":true,"href":"https:\/\/www.eldigitaldeasturias.com\/noticias\/wp-json\/wp\/v2\/users\/1"}],"replies":[{"embeddable":true,"href":"https:\/\/www.eldigitaldeasturias.com\/noticias\/wp-json\/wp\/v2\/comments?post=458115"}],"version-history":[{"count":0,"href":"https:\/\/www.eldigitaldeasturias.com\/noticias\/wp-json\/wp\/v2\/posts\/458115\/revisions"}],"wp:attachment":[{"href":"https:\/\/www.eldigitaldeasturias.com\/noticias\/wp-json\/wp\/v2\/media?parent=458115"}],"wp:term":[{"taxonomy":"category","embeddable":true,"href":"https:\/\/www.eldigitaldeasturias.com\/noticias\/wp-json\/wp\/v2\/categories?post=458115"},{"taxonomy":"post_tag","embeddable":true,"href":"https:\/\/www.eldigitaldeasturias.com\/noticias\/wp-json\/wp\/v2\/tags?post=458115"}],"curies":[{"name":"wp","href":"https:\/\/api.w.org\/{rel}","templated":true}]}}