{"id":458107,"date":"2013-12-05T20:15:46","date_gmt":"2013-12-05T21:15:46","guid":{"rendered":"http:\/\/www.eldigitaldeasturias.com\/noticias\/?p=458107"},"modified":"2013-12-05T20:15:46","modified_gmt":"2013-12-05T21:15:46","slug":"alta-gracia-recuerda-el-legado-de-manuel-de-falla-en-cadiz-granada-y-argentina","status":"publish","type":"post","link":"https:\/\/www.eldigitaldeasturias.com\/noticias\/alta-gracia-recuerda-el-legado-de-manuel-de-falla-en-cadiz-granada-y-argentina\/","title":{"rendered":"Alta Gracia recuerda el legado de Manuel de Falla en C\u00e1diz, Granada y Argentina"},"content":{"rendered":"<p><img loading=\"lazy\" decoding=\"async\" class=\"alignleft size-medium wp-image-458108\" alt=\"5773527w\" src=\"https:\/\/www.eldigitaldeasturias.com\/noticias\/wp-content\/uploads\/2013\/12\/5773527w-360x224.jpg\" width=\"360\" height=\"224\" \/>Buenos Aires, 5 dic (EFE).- C\u00e1diz, Granada y la ciudad argentina de Alta Gracia son las tres ciudades que marcaron la vida del compositor gaditano Manuel de Falla, cuyo legado se reivindicar\u00e1 esta semana en un Festival Internacional que se celebra en el municipio argentino, donde Falla pas\u00f3 los \u00faltimos d\u00edas de su vida.<\/p>\n<p>El festival ser\u00e1 reinaugurado hoy, despu\u00e9s de algunas ediciones aisladas en la d\u00e9cada de los noventa del pasado siglo, con el objetivo de convertirse en un encuentro anual obligado para los seguidores del m\u00fasico espa\u00f1ol.<\/p>\n<p>Alta Gracia toma as\u00ed el relevo de Granada, ciudad en la que el artista gaditano pas\u00f3 casi dos d\u00e9cadas, que ha celebrado ya 14 ediciones del Festival Manuel de Falla, y que ahora refuerza sus lazos con el municipio argentino a trav\u00e9s de la figura del compositor.<\/p>\n<p>En la presentaci\u00f3n del evento, celebrada el lunes pasado en la Canciller\u00eda de la Embajada espa\u00f1ola en Buenos Aires, el alcalde de Alta Gracia, Walter Saieg, explic\u00f3 que quiere \u00abinstitucionalizarlo para que no se lo lleve el viento\u00bb y que prev\u00e9 invitar a una representaci\u00f3n de C\u00e1diz el pr\u00f3ximo a\u00f1o.<\/p>\n<p>Manuel de Falla comenz\u00f3 sus estudios de piano a los 9 a\u00f1os de edad, estren\u00f3 \u00abSerenata andaluza\u00bb en el Ateneo de Madrid con 24 y se mud\u00f3 a Par\u00eds siete a\u00f1os despu\u00e9s, donde conoci\u00f3 a grandes figuras del arte del siglo XX como Isaac Alb\u00e9niz o Pablo Picasso.<\/p>\n<p>Tras el final de la Guerra Civil espa\u00f1ola, Falla se exili\u00f3 a Argentina, donde recal\u00f3 en el municipio de Alta Gracia, en la provincia de C\u00f3rdoba, a unos 700 kil\u00f3metros al noroeste de Buenos Aires.<\/p>\n<p>Saieg apunt\u00f3 a que el compositor escogi\u00f3 su ciudad para pasar los \u00faltimos a\u00f1os de su vida, porque \u00able recordaba a su amada Granada\u00bb.<\/p>\n<p>La sobrina nieta del artista, Elena Garc\u00eda de Paredes, record\u00f3 que \u00abBuenos Aires y C\u00f3rdoba se volcaron con \u00e9l\u00bb, y en su exilio coincidi\u00f3 con \u00abgrandes amigos como el poeta granadino Federico Garc\u00eda Lorca, el m\u00fasico ruso Igor Stravinski o el compositor argentino Juan Jos\u00e9 Castro.<\/p>\n<p>\u00abEn la Avenida de Mayo hab\u00eda discusiones entre espa\u00f1oles de los dos bandos, pero a Falla lo respetaban en todas partes\u00bb, record\u00f3 su descendiente, que descubri\u00f3 otro detalle sobre su amor a los dos pa\u00edses: \u00abEn un brazo llevaba un reloj con la hora argentina, y en el otro, uno con la hora espa\u00f1ola\u00bb.<\/p>\n<p>El festival celebra hoy su acto inaugural, que incluye la actuaci\u00f3n de la guitarrista Fernanda Zappa y de la cantaora flamenca onubense Argentina L\u00f3pez.<\/p>\n<p>Durante esta semana, y hasta el pr\u00f3ximo domingo 8 de diciembre, abrir\u00e1 sus puertas el Museo Manuel de Falla, construido en la que fuera su vivienda en el municipio cordob\u00e9s, y desde el que se puede contemplar la c\u00fapula del Santuario de Gruta, adonde iba a rezar.<\/p>\n<p>Los siguientes d\u00edas se ofrecer\u00e1n actuaciones en directo con las grandes obras del compositor espa\u00f1ol, empezando por un \u00abtr\u00edptico musical\u00bb del Ballet Hispania, que sintetiza las partes fundamentales de sus grandes obras, con preminencia de \u00abEl sombrero de tres picos\u00bb.<\/p>\n<p>El s\u00e1bado, la Camerata Bariloche, un conjunto argentino de m\u00fasica de c\u00e1mara reconocido en todo el mundo, interpretar\u00e1 \u00abEl amor brujo\u00bb, mientras que el domingo ser\u00e1 el turno de la Agrupaci\u00f3n Coral Santo Tom\u00e9, con \u00abLa vida breve\u00bb, en el centenario de su estreno.<\/p>\n<p>Adem\u00e1s, llegar\u00e1 desde Granada el Archivo Manuel de Falla, que recopila borradores de cartas, radiograf\u00edas, facturas de hoteles, partituras, libros y recuerdos personales que dej\u00f3 en esta ciudad, adonde ten\u00eda pensado regresar alg\u00fan d\u00eda.<\/p>\n<p>El festival cuenta con el apoyo y reconocimiento de la Secretar\u00eda de Cultura de Argentina, la Embajada de Espa\u00f1a, la Junta de Andaluc\u00eda y la Secretar\u00eda General Iberoamericana, entre otras instituciones de ambos pa\u00edses, que se unen al homenaje al genio gaditano.<\/p>\n<p>Por V\u00edctor Ventura.<\/p>\n","protected":false},"excerpt":{"rendered":"<p>Buenos Aires, 5 dic (EFE).- C\u00e1diz, Granada y la ciudad argentina de Alta Gracia son las tres ciudades que marcaron la vida del compositor gaditano Manuel de Falla, cuyo legado se reivindicar\u00e1 esta semana en un Festival Internacional que se celebra en el municipio argentino, donde Falla pas\u00f3 los \u00faltimos d\u00edas de su vida. El [&hellip;]<\/p>\n","protected":false},"author":1,"featured_media":458108,"comment_status":"closed","ping_status":"open","sticky":false,"template":"","format":"standard","meta":{"footnotes":""},"categories":[28],"tags":[],"class_list":["post-458107","post","type-post","status-publish","format-standard","has-post-thumbnail","hentry","category-sociedad"],"aioseo_notices":[],"aioseo_head":"\n\t\t<!-- All in One SEO Pro 5.0.1 - aioseo.com -->\n\t<meta name=\"description\" content=\"Buenos Aires, 5 dic (EFE).- C\u00e1diz, Granada y la ciudad argentina de Alta Gracia son las tres ciudades que marcaron la vida del compositor gaditano Manuel de Falla, cuyo legado se reivindicar\u00e1 esta semana en un Festival Internacional que se celebra en el municipio argentino, donde Falla pas\u00f3 los \u00faltimos d\u00edas de su vida. El\" \/>\n\t<meta name=\"robots\" content=\"max-image-preview:large\" \/>\n\t<meta name=\"author\" content=\"El Digital de Asturias\"\/>\n\t<meta name=\"google-site-verification\" content=\"UA-38556648-1\" \/>\n\t<meta name=\"msvalidate.01\" content=\"7dfe9f3f1b24437ab69f4f2559babe99\" \/>\n\t<meta name=\"keywords\" content=\"sociedad\" \/>\n\t<link rel=\"canonical\" href=\"https:\/\/www.eldigitaldeasturias.com\/noticias\/alta-gracia-recuerda-el-legado-de-manuel-de-falla-en-cadiz-granada-y-argentina\/\" \/>\n\t<meta name=\"generator\" content=\"All in One SEO Pro (AIOSEO) 5.0.1\" \/>\n\t\t<meta property=\"og:locale\" content=\"es_ES\" \/>\n\t\t<meta property=\"og:site_name\" content=\"El Digital de Asturias\" \/>\n\t\t<meta property=\"og:type\" content=\"article\" \/>\n\t\t<meta property=\"og:title\" content=\"Alta Gracia recuerda el legado de Manuel de Falla en C\u00e1diz, Granada y Argentina - El Digital de Asturias\" \/>\n\t\t<meta property=\"og:description\" content=\"Buenos Aires, 5 dic (EFE).- C\u00e1diz, Granada y la ciudad argentina de Alta Gracia son las tres ciudades que marcaron la vida del compositor gaditano Manuel de Falla, cuyo legado se reivindicar\u00e1 esta semana en un Festival Internacional que se celebra en el municipio argentino, donde Falla pas\u00f3 los \u00faltimos d\u00edas de su vida. El\" \/>\n\t\t<meta property=\"og:url\" content=\"https:\/\/www.eldigitaldeasturias.com\/noticias\/alta-gracia-recuerda-el-legado-de-manuel-de-falla-en-cadiz-granada-y-argentina\/\" \/>\n\t\t<meta property=\"article:tag\" content=\"sociedad\" \/>\n\t\t<meta property=\"article:published_time\" content=\"2013-12-05T21:15:46+00:00\" \/>\n\t\t<meta property=\"article:modified_time\" content=\"2013-12-05T21:15:46+00:00\" \/>\n\t\t<meta property=\"article:publisher\" content=\"https:\/\/facebook.com\/eldigitaldeasturias\" \/>\n\t\t<meta name=\"twitter:card\" content=\"summary_large_image\" \/>\n\t\t<meta name=\"twitter:title\" content=\"Alta Gracia recuerda el legado de Manuel de Falla en C\u00e1diz, Granada y Argentina - El Digital de Asturias\" \/>\n\t\t<meta name=\"twitter:description\" content=\"Buenos Aires, 5 dic (EFE).- C\u00e1diz, Granada y la ciudad argentina de Alta Gracia son las tres ciudades que marcaron la vida del compositor gaditano Manuel de Falla, cuyo legado se reivindicar\u00e1 esta semana en un Festival Internacional que se celebra en el municipio argentino, donde Falla pas\u00f3 los \u00faltimos d\u00edas de su vida. El\" \/>\n\t\t<meta name=\"twitter:label1\" content=\"Escrito por\" \/>\n\t\t<meta name=\"twitter:data1\" content=\"El Digital de Asturias\" \/>\n\t\t<meta name=\"twitter:label2\" content=\"Tiempo de lectura estimado\" \/>\n\t\t<meta name=\"twitter:data2\" content=\"3 minutos\" \/>\n\t\t<script type=\"application\/ld+json\" class=\"aioseo-schema\">\n\t\t\t{\"@context\":\"https:\\\/\\\/schema.org\",\"@graph\":[{\"@type\":\"BlogPosting\",\"@id\":\"https:\\\/\\\/www.eldigitaldeasturias.com\\\/noticias\\\/alta-gracia-recuerda-el-legado-de-manuel-de-falla-en-cadiz-granada-y-argentina\\\/#blogposting\",\"name\":\"Alta Gracia recuerda el legado de Manuel de Falla en C\\u00e1diz, Granada y Argentina - El Digital de Asturias\",\"headline\":\"Alta Gracia recuerda el legado de Manuel de Falla en C\\u00e1diz, Granada y Argentina\",\"author\":{\"@id\":\"https:\\\/\\\/www.eldigitaldeasturias.com\\\/noticias\\\/author\\\/admin\\\/#author\"},\"publisher\":{\"@id\":\"https:\\\/\\\/www.eldigitaldeasturias.com\\\/noticias\\\/#organization\"},\"image\":{\"@type\":\"ImageObject\",\"url\":458108},\"datePublished\":\"2013-12-05T20:15:46+01:00\",\"dateModified\":\"2013-12-05T20:15:46+01:00\",\"inLanguage\":\"es-ES\",\"mainEntityOfPage\":{\"@id\":\"https:\\\/\\\/www.eldigitaldeasturias.com\\\/noticias\\\/alta-gracia-recuerda-el-legado-de-manuel-de-falla-en-cadiz-granada-y-argentina\\\/#webpage\"},\"isPartOf\":{\"@id\":\"https:\\\/\\\/www.eldigitaldeasturias.com\\\/noticias\\\/alta-gracia-recuerda-el-legado-de-manuel-de-falla-en-cadiz-granada-y-argentina\\\/#webpage\"},\"articleSection\":\"Sociedad\"},{\"@type\":\"BreadcrumbList\",\"@id\":\"https:\\\/\\\/www.eldigitaldeasturias.com\\\/noticias\\\/alta-gracia-recuerda-el-legado-de-manuel-de-falla-en-cadiz-granada-y-argentina\\\/#breadcrumblist\",\"itemListElement\":[{\"@type\":\"ListItem\",\"@id\":\"https:\\\/\\\/www.eldigitaldeasturias.com\\\/noticias#listItem\",\"position\":1,\"name\":\"Home\",\"item\":\"https:\\\/\\\/www.eldigitaldeasturias.com\\\/noticias\",\"nextItem\":{\"@type\":\"ListItem\",\"@id\":\"https:\\\/\\\/www.eldigitaldeasturias.com\\\/noticias\\\/category\\\/sociedad\\\/#listItem\",\"name\":\"Sociedad\"}},{\"@type\":\"ListItem\",\"@id\":\"https:\\\/\\\/www.eldigitaldeasturias.com\\\/noticias\\\/category\\\/sociedad\\\/#listItem\",\"position\":2,\"name\":\"Sociedad\",\"item\":\"https:\\\/\\\/www.eldigitaldeasturias.com\\\/noticias\\\/category\\\/sociedad\\\/\",\"nextItem\":{\"@type\":\"ListItem\",\"@id\":\"https:\\\/\\\/www.eldigitaldeasturias.com\\\/noticias\\\/alta-gracia-recuerda-el-legado-de-manuel-de-falla-en-cadiz-granada-y-argentina\\\/#listItem\",\"name\":\"Alta Gracia recuerda el legado de Manuel de Falla en C\\u00e1diz, Granada y Argentina\"},\"previousItem\":{\"@type\":\"ListItem\",\"@id\":\"https:\\\/\\\/www.eldigitaldeasturias.com\\\/noticias#listItem\",\"name\":\"Home\"}},{\"@type\":\"ListItem\",\"@id\":\"https:\\\/\\\/www.eldigitaldeasturias.com\\\/noticias\\\/alta-gracia-recuerda-el-legado-de-manuel-de-falla-en-cadiz-granada-y-argentina\\\/#listItem\",\"position\":3,\"name\":\"Alta Gracia recuerda el legado de Manuel de Falla en C\\u00e1diz, Granada y Argentina\",\"previousItem\":{\"@type\":\"ListItem\",\"@id\":\"https:\\\/\\\/www.eldigitaldeasturias.com\\\/noticias\\\/category\\\/sociedad\\\/#listItem\",\"name\":\"Sociedad\"}}]},{\"@type\":\"Organization\",\"@id\":\"https:\\\/\\\/www.eldigitaldeasturias.com\\\/noticias\\\/#organization\",\"name\":\"El Digital de Asturias\",\"description\":\"Hemeroteca\",\"url\":\"https:\\\/\\\/www.eldigitaldeasturias.com\\\/noticias\\\/\",\"email\":\"info@eldigitaldeasturias.com\",\"telephone\":\"+34652131393\",\"logo\":{\"@type\":\"ImageObject\",\"url\":\"https:\\\/\\\/www.eldigitaldeasturias.com\\\/noticias\\\/wp-content\\\/uploads\\\/2020\\\/12\\\/EDA.jpg\",\"@id\":\"https:\\\/\\\/www.eldigitaldeasturias.com\\\/noticias\\\/alta-gracia-recuerda-el-legado-de-manuel-de-falla-en-cadiz-granada-y-argentina\\\/#organizationLogo\"},\"image\":{\"@id\":\"https:\\\/\\\/www.eldigitaldeasturias.com\\\/noticias\\\/alta-gracia-recuerda-el-legado-de-manuel-de-falla-en-cadiz-granada-y-argentina\\\/#organizationLogo\"},\"sameAs\":[\"https:\\\/\\\/facebook.com\\\/eldigitaldeasturias\",\"https:\\\/\\\/www.youtube.com\\\/channel\\\/UCZP-2wLEB9Rv6erhFmqVnvg\"],\"address\":{\"@id\":\"https:\\\/\\\/www.eldigitaldeasturias.com\\\/noticias\\\/#postaladdress\",\"@type\":\"PostalAddress\",\"streetAddress\":\"san antonio 4\",\"postalCode\":\"33430\",\"addressLocality\":\"Cand\\u00e1s\",\"addressRegion\":\"Asturias\",\"addressCountry\":\"ES\"}},{\"@type\":\"Person\",\"@id\":\"https:\\\/\\\/www.eldigitaldeasturias.com\\\/noticias\\\/author\\\/admin\\\/#author\",\"url\":\"https:\\\/\\\/www.eldigitaldeasturias.com\\\/noticias\\\/author\\\/admin\\\/\",\"name\":\"El Digital de Asturias\",\"image\":{\"@type\":\"ImageObject\",\"@id\":\"https:\\\/\\\/www.eldigitaldeasturias.com\\\/noticias\\\/alta-gracia-recuerda-el-legado-de-manuel-de-falla-en-cadiz-granada-y-argentina\\\/#authorImage\",\"url\":\"https:\\\/\\\/secure.gravatar.com\\\/avatar\\\/df2aeffc32bcd13f8d26072ef8a91b623d677766deac7f97ca815868cd41bf5e?s=96&d=mm&r=g\",\"width\":96,\"height\":96,\"caption\":\"El Digital de Asturias\"}},{\"@type\":\"WebPage\",\"@id\":\"https:\\\/\\\/www.eldigitaldeasturias.com\\\/noticias\\\/alta-gracia-recuerda-el-legado-de-manuel-de-falla-en-cadiz-granada-y-argentina\\\/#webpage\",\"url\":\"https:\\\/\\\/www.eldigitaldeasturias.com\\\/noticias\\\/alta-gracia-recuerda-el-legado-de-manuel-de-falla-en-cadiz-granada-y-argentina\\\/\",\"name\":\"Alta Gracia recuerda el legado de Manuel de Falla en C\\u00e1diz, Granada y Argentina - El Digital de Asturias\",\"description\":\"Buenos Aires, 5 dic (EFE).- C\\u00e1diz, Granada y la ciudad argentina de Alta Gracia son las tres ciudades que marcaron la vida del compositor gaditano Manuel de Falla, cuyo legado se reivindicar\\u00e1 esta semana en un Festival Internacional que se celebra en el municipio argentino, donde Falla pas\\u00f3 los \\u00faltimos d\\u00edas de su vida. El\",\"inLanguage\":\"es-ES\",\"isPartOf\":{\"@id\":\"https:\\\/\\\/www.eldigitaldeasturias.com\\\/noticias\\\/#website\"},\"breadcrumb\":{\"@id\":\"https:\\\/\\\/www.eldigitaldeasturias.com\\\/noticias\\\/alta-gracia-recuerda-el-legado-de-manuel-de-falla-en-cadiz-granada-y-argentina\\\/#breadcrumblist\"},\"author\":{\"@id\":\"https:\\\/\\\/www.eldigitaldeasturias.com\\\/noticias\\\/author\\\/admin\\\/#author\"},\"creator\":{\"@id\":\"https:\\\/\\\/www.eldigitaldeasturias.com\\\/noticias\\\/author\\\/admin\\\/#author\"},\"image\":{\"@type\":\"ImageObject\",\"url\":458108,\"@id\":\"https:\\\/\\\/www.eldigitaldeasturias.com\\\/noticias\\\/alta-gracia-recuerda-el-legado-de-manuel-de-falla-en-cadiz-granada-y-argentina\\\/#mainImage\"},\"primaryImageOfPage\":{\"@id\":\"https:\\\/\\\/www.eldigitaldeasturias.com\\\/noticias\\\/alta-gracia-recuerda-el-legado-de-manuel-de-falla-en-cadiz-granada-y-argentina\\\/#mainImage\"},\"datePublished\":\"2013-12-05T20:15:46+01:00\",\"dateModified\":\"2013-12-05T20:15:46+01:00\"},{\"@type\":\"WebSite\",\"@id\":\"https:\\\/\\\/www.eldigitaldeasturias.com\\\/noticias\\\/#website\",\"url\":\"https:\\\/\\\/www.eldigitaldeasturias.com\\\/noticias\\\/\",\"name\":\"El Digital de Asturias - Diario de actualidad y noticias\",\"alternateName\":\"El Digital de Asturias - Diario de actualidad y noticias\",\"description\":\"Hemeroteca\",\"inLanguage\":\"es-ES\",\"publisher\":{\"@id\":\"https:\\\/\\\/www.eldigitaldeasturias.com\\\/noticias\\\/#organization\"}}]}\n\t\t<\/script>\n\t\t<!-- All in One SEO Pro -->\r\n\t\t<title>Alta Gracia recuerda el legado de Manuel de Falla en C\u00e1diz, Granada y Argentina - El Digital de Asturias<\/title>\n\n","aioseo_head_json":{"title":"Alta Gracia recuerda el legado de Manuel de Falla en C\u00e1diz, Granada y Argentina - El Digital de Asturias","description":"Buenos Aires, 5 dic (EFE).- C\u00e1diz, Granada y la ciudad argentina de Alta Gracia son las tres ciudades que marcaron la vida del compositor gaditano Manuel de Falla, cuyo legado se reivindicar\u00e1 esta semana en un Festival Internacional que se celebra en el municipio argentino, donde Falla pas\u00f3 los \u00faltimos d\u00edas de su vida. El","canonical_url":"https:\/\/www.eldigitaldeasturias.com\/noticias\/alta-gracia-recuerda-el-legado-de-manuel-de-falla-en-cadiz-granada-y-argentina\/","robots":"max-image-preview:large","keywords":"sociedad","webmasterTools":{"google-site-verification":"UA-38556648-1","msvalidate.01":"7dfe9f3f1b24437ab69f4f2559babe99","miscellaneous":""},"schema":{"@context":"https:\/\/schema.org","@graph":[{"@type":"BlogPosting","@id":"https:\/\/www.eldigitaldeasturias.com\/noticias\/alta-gracia-recuerda-el-legado-de-manuel-de-falla-en-cadiz-granada-y-argentina\/#blogposting","name":"Alta Gracia recuerda el legado de Manuel de Falla en C\u00e1diz, Granada y Argentina - El Digital de Asturias","headline":"Alta Gracia recuerda el legado de Manuel de Falla en C\u00e1diz, Granada y Argentina","author":{"@id":"https:\/\/www.eldigitaldeasturias.com\/noticias\/author\/admin\/#author"},"publisher":{"@id":"https:\/\/www.eldigitaldeasturias.com\/noticias\/#organization"},"image":{"@type":"ImageObject","url":458108},"datePublished":"2013-12-05T20:15:46+01:00","dateModified":"2013-12-05T20:15:46+01:00","inLanguage":"es-ES","mainEntityOfPage":{"@id":"https:\/\/www.eldigitaldeasturias.com\/noticias\/alta-gracia-recuerda-el-legado-de-manuel-de-falla-en-cadiz-granada-y-argentina\/#webpage"},"isPartOf":{"@id":"https:\/\/www.eldigitaldeasturias.com\/noticias\/alta-gracia-recuerda-el-legado-de-manuel-de-falla-en-cadiz-granada-y-argentina\/#webpage"},"articleSection":"Sociedad"},{"@type":"BreadcrumbList","@id":"https:\/\/www.eldigitaldeasturias.com\/noticias\/alta-gracia-recuerda-el-legado-de-manuel-de-falla-en-cadiz-granada-y-argentina\/#breadcrumblist","itemListElement":[{"@type":"ListItem","@id":"https:\/\/www.eldigitaldeasturias.com\/noticias#listItem","position":1,"name":"Home","item":"https:\/\/www.eldigitaldeasturias.com\/noticias","nextItem":{"@type":"ListItem","@id":"https:\/\/www.eldigitaldeasturias.com\/noticias\/category\/sociedad\/#listItem","name":"Sociedad"}},{"@type":"ListItem","@id":"https:\/\/www.eldigitaldeasturias.com\/noticias\/category\/sociedad\/#listItem","position":2,"name":"Sociedad","item":"https:\/\/www.eldigitaldeasturias.com\/noticias\/category\/sociedad\/","nextItem":{"@type":"ListItem","@id":"https:\/\/www.eldigitaldeasturias.com\/noticias\/alta-gracia-recuerda-el-legado-de-manuel-de-falla-en-cadiz-granada-y-argentina\/#listItem","name":"Alta Gracia recuerda el legado de Manuel de Falla en C\u00e1diz, Granada y Argentina"},"previousItem":{"@type":"ListItem","@id":"https:\/\/www.eldigitaldeasturias.com\/noticias#listItem","name":"Home"}},{"@type":"ListItem","@id":"https:\/\/www.eldigitaldeasturias.com\/noticias\/alta-gracia-recuerda-el-legado-de-manuel-de-falla-en-cadiz-granada-y-argentina\/#listItem","position":3,"name":"Alta Gracia recuerda el legado de Manuel de Falla en C\u00e1diz, Granada y Argentina","previousItem":{"@type":"ListItem","@id":"https:\/\/www.eldigitaldeasturias.com\/noticias\/category\/sociedad\/#listItem","name":"Sociedad"}}]},{"@type":"Organization","@id":"https:\/\/www.eldigitaldeasturias.com\/noticias\/#organization","name":"El Digital de Asturias","description":"Hemeroteca","url":"https:\/\/www.eldigitaldeasturias.com\/noticias\/","email":"info@eldigitaldeasturias.com","telephone":"+34652131393","logo":{"@type":"ImageObject","url":"https:\/\/www.eldigitaldeasturias.com\/noticias\/wp-content\/uploads\/2020\/12\/EDA.jpg","@id":"https:\/\/www.eldigitaldeasturias.com\/noticias\/alta-gracia-recuerda-el-legado-de-manuel-de-falla-en-cadiz-granada-y-argentina\/#organizationLogo"},"image":{"@id":"https:\/\/www.eldigitaldeasturias.com\/noticias\/alta-gracia-recuerda-el-legado-de-manuel-de-falla-en-cadiz-granada-y-argentina\/#organizationLogo"},"sameAs":["https:\/\/facebook.com\/eldigitaldeasturias","https:\/\/www.youtube.com\/channel\/UCZP-2wLEB9Rv6erhFmqVnvg"],"address":{"@id":"https:\/\/www.eldigitaldeasturias.com\/noticias\/#postaladdress","@type":"PostalAddress","streetAddress":"san antonio 4","postalCode":"33430","addressLocality":"Cand\u00e1s","addressRegion":"Asturias","addressCountry":"ES"}},{"@type":"Person","@id":"https:\/\/www.eldigitaldeasturias.com\/noticias\/author\/admin\/#author","url":"https:\/\/www.eldigitaldeasturias.com\/noticias\/author\/admin\/","name":"El Digital de Asturias","image":{"@type":"ImageObject","@id":"https:\/\/www.eldigitaldeasturias.com\/noticias\/alta-gracia-recuerda-el-legado-de-manuel-de-falla-en-cadiz-granada-y-argentina\/#authorImage","url":"https:\/\/secure.gravatar.com\/avatar\/df2aeffc32bcd13f8d26072ef8a91b623d677766deac7f97ca815868cd41bf5e?s=96&d=mm&r=g","width":96,"height":96,"caption":"El Digital de Asturias"}},{"@type":"WebPage","@id":"https:\/\/www.eldigitaldeasturias.com\/noticias\/alta-gracia-recuerda-el-legado-de-manuel-de-falla-en-cadiz-granada-y-argentina\/#webpage","url":"https:\/\/www.eldigitaldeasturias.com\/noticias\/alta-gracia-recuerda-el-legado-de-manuel-de-falla-en-cadiz-granada-y-argentina\/","name":"Alta Gracia recuerda el legado de Manuel de Falla en C\u00e1diz, Granada y Argentina - El Digital de Asturias","description":"Buenos Aires, 5 dic (EFE).- C\u00e1diz, Granada y la ciudad argentina de Alta Gracia son las tres ciudades que marcaron la vida del compositor gaditano Manuel de Falla, cuyo legado se reivindicar\u00e1 esta semana en un Festival Internacional que se celebra en el municipio argentino, donde Falla pas\u00f3 los \u00faltimos d\u00edas de su vida. El","inLanguage":"es-ES","isPartOf":{"@id":"https:\/\/www.eldigitaldeasturias.com\/noticias\/#website"},"breadcrumb":{"@id":"https:\/\/www.eldigitaldeasturias.com\/noticias\/alta-gracia-recuerda-el-legado-de-manuel-de-falla-en-cadiz-granada-y-argentina\/#breadcrumblist"},"author":{"@id":"https:\/\/www.eldigitaldeasturias.com\/noticias\/author\/admin\/#author"},"creator":{"@id":"https:\/\/www.eldigitaldeasturias.com\/noticias\/author\/admin\/#author"},"image":{"@type":"ImageObject","url":458108,"@id":"https:\/\/www.eldigitaldeasturias.com\/noticias\/alta-gracia-recuerda-el-legado-de-manuel-de-falla-en-cadiz-granada-y-argentina\/#mainImage"},"primaryImageOfPage":{"@id":"https:\/\/www.eldigitaldeasturias.com\/noticias\/alta-gracia-recuerda-el-legado-de-manuel-de-falla-en-cadiz-granada-y-argentina\/#mainImage"},"datePublished":"2013-12-05T20:15:46+01:00","dateModified":"2013-12-05T20:15:46+01:00"},{"@type":"WebSite","@id":"https:\/\/www.eldigitaldeasturias.com\/noticias\/#website","url":"https:\/\/www.eldigitaldeasturias.com\/noticias\/","name":"El Digital de Asturias - Diario de actualidad y noticias","alternateName":"El Digital de Asturias - Diario de actualidad y noticias","description":"Hemeroteca","inLanguage":"es-ES","publisher":{"@id":"https:\/\/www.eldigitaldeasturias.com\/noticias\/#organization"}}]},"og:locale":"es_ES","og:site_name":"El Digital de Asturias","og:type":"article","og:title":"Alta Gracia recuerda el legado de Manuel de Falla en C\u00e1diz, Granada y Argentina - El Digital de Asturias","og:description":"Buenos Aires, 5 dic (EFE).- C\u00e1diz, Granada y la ciudad argentina de Alta Gracia son las tres ciudades que marcaron la vida del compositor gaditano Manuel de Falla, cuyo legado se reivindicar\u00e1 esta semana en un Festival Internacional que se celebra en el municipio argentino, donde Falla pas\u00f3 los \u00faltimos d\u00edas de su vida. El","og:url":"https:\/\/www.eldigitaldeasturias.com\/noticias\/alta-gracia-recuerda-el-legado-de-manuel-de-falla-en-cadiz-granada-y-argentina\/","article:tag":["sociedad"],"article:published_time":"2013-12-05T21:15:46+00:00","article:modified_time":"2013-12-05T21:15:46+00:00","article:publisher":"https:\/\/facebook.com\/eldigitaldeasturias","twitter:card":"summary_large_image","twitter:title":"Alta Gracia recuerda el legado de Manuel de Falla en C\u00e1diz, Granada y Argentina - El Digital de Asturias","twitter:description":"Buenos Aires, 5 dic (EFE).- C\u00e1diz, Granada y la ciudad argentina de Alta Gracia son las tres ciudades que marcaron la vida del compositor gaditano Manuel de Falla, cuyo legado se reivindicar\u00e1 esta semana en un Festival Internacional que se celebra en el municipio argentino, donde Falla pas\u00f3 los \u00faltimos d\u00edas de su vida. El","twitter:label1":"Escrito por","twitter:data1":"El Digital de Asturias","twitter:label2":"Tiempo de lectura estimado","twitter:data2":"3 minutos"},"aioseo_meta_data":{"post_id":"458107","title":null,"description":null,"keywords":null,"keyphrases":null,"primary_term":null,"canonical_url":null,"og_title":null,"og_description":null,"og_object_type":"default","og_image_type":"default","og_image_url":null,"og_image_width":null,"og_image_height":null,"og_image_custom_url":null,"og_image_custom_fields":null,"og_video":null,"og_custom_url":null,"og_article_section":null,"og_article_tags":null,"twitter_use_og":true,"twitter_card":"default","twitter_image_type":"default","twitter_image_url":null,"twitter_image_custom_url":null,"twitter_image_custom_fields":null,"twitter_title":null,"twitter_description":null,"schema":{"blockGraphs":[],"customGraphs":[],"default":{"data":{"Article":[],"Course":[],"Dataset":[],"FAQPage":[],"Movie":[],"Person":[],"Product":[],"ProductReview":[],"Car":[],"Recipe":[],"Service":[],"SoftwareApplication":[],"WebPage":[]},"graphName":"","isEnabled":true},"graphs":[],"defaultGraph":"","defaultPostTypeGraph":""},"schema_type":null,"schema_type_options":null,"pillar_content":false,"robots_default":true,"robots_noindex":false,"robots_noarchive":false,"robots_nosnippet":false,"robots_nofollow":false,"robots_noimageindex":false,"robots_noodp":false,"robots_notranslate":false,"robots_max_snippet":null,"robots_max_videopreview":null,"robots_max_imagepreview":"none","priority":null,"frequency":null,"local_seo":null,"seo_analyzer_scan_date":"2026-05-30 04:26:12","breadcrumb_settings":null,"limit_modified_date":false,"open_ai":null,"ai":null,"created":"2020-11-14 22:46:14","updated":"2026-05-30 04:26:12","focus_keyword":null,"additional_keywords":null,"truseo_locale":null},"aioseo_breadcrumb":"<div class=\"aioseo-breadcrumbs\"><span class=\"aioseo-breadcrumb\">\n\t<a href=\"https:\/\/www.eldigitaldeasturias.com\/noticias\" title=\"Home\">Home<\/a>\n<\/span><span class=\"aioseo-breadcrumb-separator\">\u2013<\/span><span class=\"aioseo-breadcrumb\">\n\t<a href=\"https:\/\/www.eldigitaldeasturias.com\/noticias\/category\/sociedad\/\" title=\"Sociedad\">Sociedad<\/a>\n<\/span><span class=\"aioseo-breadcrumb-separator\">\u2013<\/span><span class=\"aioseo-breadcrumb\">\n\t<a href=\"https:\/\/www.eldigitaldeasturias.com\/noticias\/alta-gracia-recuerda-el-legado-de-manuel-de-falla-en-cadiz-granada-y-argentina\/\" title=\"Alta Gracia recuerda el legado de Manuel de Falla en C\u00e1diz, Granada y Argentina\">Alta Gracia recuerda el legado de Manuel de Falla en C\u00e1diz, Granada y Argentina<\/a>\n<\/span><\/div>","aioseo_breadcrumb_json":[{"label":"Home","link":"https:\/\/www.eldigitaldeasturias.com\/noticias"},{"label":"Sociedad","link":"https:\/\/www.eldigitaldeasturias.com\/noticias\/category\/sociedad\/"},{"label":"Alta Gracia recuerda el legado de Manuel de Falla en C\u00e1diz, Granada y Argentina","link":"https:\/\/www.eldigitaldeasturias.com\/noticias\/alta-gracia-recuerda-el-legado-de-manuel-de-falla-en-cadiz-granada-y-argentina\/"}],"_links":{"self":[{"href":"https:\/\/www.eldigitaldeasturias.com\/noticias\/wp-json\/wp\/v2\/posts\/458107","targetHints":{"allow":["GET"]}}],"collection":[{"href":"https:\/\/www.eldigitaldeasturias.com\/noticias\/wp-json\/wp\/v2\/posts"}],"about":[{"href":"https:\/\/www.eldigitaldeasturias.com\/noticias\/wp-json\/wp\/v2\/types\/post"}],"author":[{"embeddable":true,"href":"https:\/\/www.eldigitaldeasturias.com\/noticias\/wp-json\/wp\/v2\/users\/1"}],"replies":[{"embeddable":true,"href":"https:\/\/www.eldigitaldeasturias.com\/noticias\/wp-json\/wp\/v2\/comments?post=458107"}],"version-history":[{"count":0,"href":"https:\/\/www.eldigitaldeasturias.com\/noticias\/wp-json\/wp\/v2\/posts\/458107\/revisions"}],"wp:attachment":[{"href":"https:\/\/www.eldigitaldeasturias.com\/noticias\/wp-json\/wp\/v2\/media?parent=458107"}],"wp:term":[{"taxonomy":"category","embeddable":true,"href":"https:\/\/www.eldigitaldeasturias.com\/noticias\/wp-json\/wp\/v2\/categories?post=458107"},{"taxonomy":"post_tag","embeddable":true,"href":"https:\/\/www.eldigitaldeasturias.com\/noticias\/wp-json\/wp\/v2\/tags?post=458107"}],"curies":[{"name":"wp","href":"https:\/\/api.w.org\/{rel}","templated":true}]}}