{"id":458101,"date":"2013-12-05T20:01:52","date_gmt":"2013-12-05T21:01:52","guid":{"rendered":"http:\/\/www.eldigitaldeasturias.com\/noticias\/?p=458101"},"modified":"2013-12-05T20:01:52","modified_gmt":"2013-12-05T21:01:52","slug":"peru-presenta-la-muestra-arqueologica-el-oro-y-los-incas-en-australia","status":"publish","type":"post","link":"https:\/\/www.eldigitaldeasturias.com\/noticias\/peru-presenta-la-muestra-arqueologica-el-oro-y-los-incas-en-australia\/","title":{"rendered":"Per\u00fa presenta la muestra arqueol\u00f3gica \u00abEl oro y los incas\u00bb en Australia"},"content":{"rendered":"<p><img loading=\"lazy\" decoding=\"async\" class=\"alignleft size-medium wp-image-458102\" alt=\"5773642w\" src=\"https:\/\/www.eldigitaldeasturias.com\/noticias\/wp-content\/uploads\/2013\/12\/5773642w-213x320.jpg\" width=\"213\" height=\"320\" \/>S\u00eddney (Australia), 5 dic (EFE).- La ministra peruana de Cultura, Diana \u00c1lvarez, present\u00f3 hoy en Camberra la muestra arqueol\u00f3gica \u00abEl oro y los Incas: los mundos perdidos de Per\u00fa\u00bb, que re\u00fane m\u00e1s de 200 artefactos prehisp\u00e1nicos de oro, joyas, tejidos y cer\u00e1micas, informan los medios locales.<\/p>\n<p>Esta colecci\u00f3n prehisp\u00e1nica, que se exhibir\u00e1 para el p\u00fablico en la Galer\u00eda Nacional de Australia del 6 de diciembre de 2013 al 21 de abril de 2014, incluye artefactos tanto de la \u00e9poca de los incas como de sus antecesores, como son las culturas Chav\u00edn, Nazca, Moche y Chim\u00fa.<\/p>\n<p>La ministra \u00c1lvarez destac\u00f3 lo \u00abimpresionante\u00bb que se ve la muestra fuera del pa\u00eds y record\u00f3 \u00ablas dificultades que se afrontan para preservar los lugares arqueol\u00f3gicos\u00bb en Per\u00fa, seg\u00fan el portal del diario Canberra Times.<\/p>\n<p>Antes de la llegada de los espa\u00f1oles a Per\u00fa, muchas culturas florecieron y desaparecieron o fueron absorbidas por otras, aunque gran parte de su legado material, en forma de objetos, joyas y cer\u00e1micas, fueron enterrados por sus due\u00f1os, y las piezas de oro y platas que no cayeron en manos de los conquistadores fueron preservadas en las tumbas precoloniales.<\/p>\n<p>\u00abLos incas hicieron alianzas con otras civilizaciones que los precedieron, lo que les permiti\u00f3 preservar muchos estilos art\u00edsticos\u00bb, dijo la ministra.<\/p>\n<p>El director de la Galer\u00eda Nacional de Australia, Ron Radford, indic\u00f3 que los objetos de la muestra \u00abhab\u00edan sido enterrados junto a cad\u00e1veres. Se trata de un arte funerario\u00bb, seg\u00fan la cadena local ABC.<\/p>\n<p>Radford tambi\u00e9n destac\u00f3 la calidad de los tejidos de m\u00e1s de dos mil a\u00f1os de antig\u00fcedad que forman parte de la muestra y que se conservan \u00abcomo si hubieran sido hechos ayer\u00bb.<\/p>\n<p>La colecci\u00f3n de objetos de 18 culturas prehisp\u00e1nicas, que incluye peque\u00f1as piezas metal\u00fargicas o talladas en piedra de hasta 3.000 a\u00f1os de antig\u00fcedad, provienen del Museo Nacional en Lima y de otras partes de Per\u00fa.<\/p>\n","protected":false},"excerpt":{"rendered":"<p>S\u00eddney (Australia), 5 dic (EFE).- La ministra peruana de Cultura, Diana \u00c1lvarez, present\u00f3 hoy en Camberra la muestra arqueol\u00f3gica \u00abEl oro y los Incas: los mundos perdidos de Per\u00fa\u00bb, que re\u00fane m\u00e1s de 200 artefactos prehisp\u00e1nicos de oro, joyas, tejidos y cer\u00e1micas, informan los medios locales. Esta colecci\u00f3n prehisp\u00e1nica, que se exhibir\u00e1 para el p\u00fablico [&hellip;]<\/p>\n","protected":false},"author":1,"featured_media":458102,"comment_status":"closed","ping_status":"open","sticky":false,"template":"","format":"standard","meta":{"footnotes":""},"categories":[2],"tags":[],"class_list":["post-458101","post","type-post","status-publish","format-standard","has-post-thumbnail","hentry","category-agenda"],"aioseo_notices":[],"aioseo_head":"\n\t\t<!-- All in One SEO Pro 5.0.1 - aioseo.com -->\n\t<meta name=\"description\" content=\"S\u00eddney (Australia), 5 dic (EFE).- La ministra peruana de Cultura, Diana \u00c1lvarez, present\u00f3 hoy en Camberra la muestra arqueol\u00f3gica &quot;El oro y los Incas: los mundos perdidos de Per\u00fa&quot;, que re\u00fane m\u00e1s de 200 artefactos prehisp\u00e1nicos de oro, joyas, tejidos y cer\u00e1micas, informan los medios locales. Esta colecci\u00f3n prehisp\u00e1nica, que se exhibir\u00e1 para el p\u00fablico\" \/>\n\t<meta name=\"robots\" content=\"max-image-preview:large\" \/>\n\t<meta name=\"author\" content=\"El Digital de Asturias\"\/>\n\t<meta name=\"google-site-verification\" content=\"UA-38556648-1\" \/>\n\t<meta name=\"msvalidate.01\" content=\"7dfe9f3f1b24437ab69f4f2559babe99\" \/>\n\t<meta name=\"keywords\" content=\"agenda\" \/>\n\t<link rel=\"canonical\" href=\"https:\/\/www.eldigitaldeasturias.com\/noticias\/peru-presenta-la-muestra-arqueologica-el-oro-y-los-incas-en-australia\/\" \/>\n\t<meta name=\"generator\" content=\"All in One SEO Pro (AIOSEO) 5.0.1\" \/>\n\t\t<meta property=\"og:locale\" content=\"es_ES\" \/>\n\t\t<meta property=\"og:site_name\" content=\"El Digital de Asturias\" \/>\n\t\t<meta property=\"og:type\" content=\"article\" \/>\n\t\t<meta property=\"og:title\" content=\"Per\u00fa presenta la muestra arqueol\u00f3gica \u00abEl oro y los incas\u00bb en Australia - El Digital de Asturias\" \/>\n\t\t<meta property=\"og:description\" content=\"S\u00eddney (Australia), 5 dic (EFE).- La ministra peruana de Cultura, Diana \u00c1lvarez, present\u00f3 hoy en Camberra la muestra arqueol\u00f3gica &quot;El oro y los Incas: los mundos perdidos de Per\u00fa&quot;, que re\u00fane m\u00e1s de 200 artefactos prehisp\u00e1nicos de oro, joyas, tejidos y cer\u00e1micas, informan los medios locales. Esta colecci\u00f3n prehisp\u00e1nica, que se exhibir\u00e1 para el p\u00fablico\" \/>\n\t\t<meta property=\"og:url\" content=\"https:\/\/www.eldigitaldeasturias.com\/noticias\/peru-presenta-la-muestra-arqueologica-el-oro-y-los-incas-en-australia\/\" \/>\n\t\t<meta property=\"article:tag\" content=\"agenda\" \/>\n\t\t<meta property=\"article:published_time\" content=\"2013-12-05T21:01:52+00:00\" \/>\n\t\t<meta property=\"article:modified_time\" content=\"2013-12-05T21:01:52+00:00\" \/>\n\t\t<meta property=\"article:publisher\" content=\"https:\/\/facebook.com\/eldigitaldeasturias\" \/>\n\t\t<meta name=\"twitter:card\" content=\"summary_large_image\" \/>\n\t\t<meta name=\"twitter:title\" content=\"Per\u00fa presenta la muestra arqueol\u00f3gica \u00abEl oro y los incas\u00bb en Australia - El Digital de Asturias\" \/>\n\t\t<meta name=\"twitter:description\" content=\"S\u00eddney (Australia), 5 dic (EFE).- La ministra peruana de Cultura, Diana \u00c1lvarez, present\u00f3 hoy en Camberra la muestra arqueol\u00f3gica &quot;El oro y los Incas: los mundos perdidos de Per\u00fa&quot;, que re\u00fane m\u00e1s de 200 artefactos prehisp\u00e1nicos de oro, joyas, tejidos y cer\u00e1micas, informan los medios locales. Esta colecci\u00f3n prehisp\u00e1nica, que se exhibir\u00e1 para el p\u00fablico\" \/>\n\t\t<meta name=\"twitter:label1\" content=\"Escrito por\" \/>\n\t\t<meta name=\"twitter:data1\" content=\"El Digital de Asturias\" \/>\n\t\t<meta name=\"twitter:label2\" content=\"Tiempo de lectura estimado\" \/>\n\t\t<meta name=\"twitter:data2\" content=\"2 minutos\" \/>\n\t\t<script type=\"application\/ld+json\" class=\"aioseo-schema\">\n\t\t\t{\"@context\":\"https:\\\/\\\/schema.org\",\"@graph\":[{\"@type\":\"BlogPosting\",\"@id\":\"https:\\\/\\\/www.eldigitaldeasturias.com\\\/noticias\\\/peru-presenta-la-muestra-arqueologica-el-oro-y-los-incas-en-australia\\\/#blogposting\",\"name\":\"Per\\u00fa presenta la muestra arqueol\\u00f3gica \\u00abEl oro y los incas\\u00bb en Australia - El Digital de Asturias\",\"headline\":\"Per\\u00fa presenta la muestra arqueol\\u00f3gica \\u00abEl oro y los incas\\u00bb en Australia\",\"author\":{\"@id\":\"https:\\\/\\\/www.eldigitaldeasturias.com\\\/noticias\\\/author\\\/admin\\\/#author\"},\"publisher\":{\"@id\":\"https:\\\/\\\/www.eldigitaldeasturias.com\\\/noticias\\\/#organization\"},\"image\":{\"@type\":\"ImageObject\",\"url\":458102},\"datePublished\":\"2013-12-05T20:01:52+01:00\",\"dateModified\":\"2013-12-05T20:01:52+01:00\",\"inLanguage\":\"es-ES\",\"mainEntityOfPage\":{\"@id\":\"https:\\\/\\\/www.eldigitaldeasturias.com\\\/noticias\\\/peru-presenta-la-muestra-arqueologica-el-oro-y-los-incas-en-australia\\\/#webpage\"},\"isPartOf\":{\"@id\":\"https:\\\/\\\/www.eldigitaldeasturias.com\\\/noticias\\\/peru-presenta-la-muestra-arqueologica-el-oro-y-los-incas-en-australia\\\/#webpage\"},\"articleSection\":\"Agenda\"},{\"@type\":\"BreadcrumbList\",\"@id\":\"https:\\\/\\\/www.eldigitaldeasturias.com\\\/noticias\\\/peru-presenta-la-muestra-arqueologica-el-oro-y-los-incas-en-australia\\\/#breadcrumblist\",\"itemListElement\":[{\"@type\":\"ListItem\",\"@id\":\"https:\\\/\\\/www.eldigitaldeasturias.com\\\/noticias#listItem\",\"position\":1,\"name\":\"Home\",\"item\":\"https:\\\/\\\/www.eldigitaldeasturias.com\\\/noticias\",\"nextItem\":{\"@type\":\"ListItem\",\"@id\":\"https:\\\/\\\/www.eldigitaldeasturias.com\\\/noticias\\\/category\\\/agenda\\\/#listItem\",\"name\":\"Agenda\"}},{\"@type\":\"ListItem\",\"@id\":\"https:\\\/\\\/www.eldigitaldeasturias.com\\\/noticias\\\/category\\\/agenda\\\/#listItem\",\"position\":2,\"name\":\"Agenda\",\"item\":\"https:\\\/\\\/www.eldigitaldeasturias.com\\\/noticias\\\/category\\\/agenda\\\/\",\"nextItem\":{\"@type\":\"ListItem\",\"@id\":\"https:\\\/\\\/www.eldigitaldeasturias.com\\\/noticias\\\/peru-presenta-la-muestra-arqueologica-el-oro-y-los-incas-en-australia\\\/#listItem\",\"name\":\"Per\\u00fa presenta la muestra arqueol\\u00f3gica \\u00abEl oro y los incas\\u00bb en Australia\"},\"previousItem\":{\"@type\":\"ListItem\",\"@id\":\"https:\\\/\\\/www.eldigitaldeasturias.com\\\/noticias#listItem\",\"name\":\"Home\"}},{\"@type\":\"ListItem\",\"@id\":\"https:\\\/\\\/www.eldigitaldeasturias.com\\\/noticias\\\/peru-presenta-la-muestra-arqueologica-el-oro-y-los-incas-en-australia\\\/#listItem\",\"position\":3,\"name\":\"Per\\u00fa presenta la muestra arqueol\\u00f3gica \\u00abEl oro y los incas\\u00bb en Australia\",\"previousItem\":{\"@type\":\"ListItem\",\"@id\":\"https:\\\/\\\/www.eldigitaldeasturias.com\\\/noticias\\\/category\\\/agenda\\\/#listItem\",\"name\":\"Agenda\"}}]},{\"@type\":\"Organization\",\"@id\":\"https:\\\/\\\/www.eldigitaldeasturias.com\\\/noticias\\\/#organization\",\"name\":\"El Digital de Asturias\",\"description\":\"Hemeroteca\",\"url\":\"https:\\\/\\\/www.eldigitaldeasturias.com\\\/noticias\\\/\",\"email\":\"info@eldigitaldeasturias.com\",\"telephone\":\"+34652131393\",\"logo\":{\"@type\":\"ImageObject\",\"url\":\"https:\\\/\\\/www.eldigitaldeasturias.com\\\/noticias\\\/wp-content\\\/uploads\\\/2020\\\/12\\\/EDA.jpg\",\"@id\":\"https:\\\/\\\/www.eldigitaldeasturias.com\\\/noticias\\\/peru-presenta-la-muestra-arqueologica-el-oro-y-los-incas-en-australia\\\/#organizationLogo\"},\"image\":{\"@id\":\"https:\\\/\\\/www.eldigitaldeasturias.com\\\/noticias\\\/peru-presenta-la-muestra-arqueologica-el-oro-y-los-incas-en-australia\\\/#organizationLogo\"},\"sameAs\":[\"https:\\\/\\\/facebook.com\\\/eldigitaldeasturias\",\"https:\\\/\\\/www.youtube.com\\\/channel\\\/UCZP-2wLEB9Rv6erhFmqVnvg\"],\"address\":{\"@id\":\"https:\\\/\\\/www.eldigitaldeasturias.com\\\/noticias\\\/#postaladdress\",\"@type\":\"PostalAddress\",\"streetAddress\":\"san antonio 4\",\"postalCode\":\"33430\",\"addressLocality\":\"Cand\\u00e1s\",\"addressRegion\":\"Asturias\",\"addressCountry\":\"ES\"}},{\"@type\":\"Person\",\"@id\":\"https:\\\/\\\/www.eldigitaldeasturias.com\\\/noticias\\\/author\\\/admin\\\/#author\",\"url\":\"https:\\\/\\\/www.eldigitaldeasturias.com\\\/noticias\\\/author\\\/admin\\\/\",\"name\":\"El Digital de Asturias\",\"image\":{\"@type\":\"ImageObject\",\"@id\":\"https:\\\/\\\/www.eldigitaldeasturias.com\\\/noticias\\\/peru-presenta-la-muestra-arqueologica-el-oro-y-los-incas-en-australia\\\/#authorImage\",\"url\":\"https:\\\/\\\/secure.gravatar.com\\\/avatar\\\/df2aeffc32bcd13f8d26072ef8a91b623d677766deac7f97ca815868cd41bf5e?s=96&d=mm&r=g\",\"width\":96,\"height\":96,\"caption\":\"El Digital de Asturias\"}},{\"@type\":\"WebPage\",\"@id\":\"https:\\\/\\\/www.eldigitaldeasturias.com\\\/noticias\\\/peru-presenta-la-muestra-arqueologica-el-oro-y-los-incas-en-australia\\\/#webpage\",\"url\":\"https:\\\/\\\/www.eldigitaldeasturias.com\\\/noticias\\\/peru-presenta-la-muestra-arqueologica-el-oro-y-los-incas-en-australia\\\/\",\"name\":\"Per\\u00fa presenta la muestra arqueol\\u00f3gica \\u00abEl oro y los incas\\u00bb en Australia - El Digital de Asturias\",\"description\":\"S\\u00eddney (Australia), 5 dic (EFE).- La ministra peruana de Cultura, Diana \\u00c1lvarez, present\\u00f3 hoy en Camberra la muestra arqueol\\u00f3gica \\\"El oro y los Incas: los mundos perdidos de Per\\u00fa\\\", que re\\u00fane m\\u00e1s de 200 artefactos prehisp\\u00e1nicos de oro, joyas, tejidos y cer\\u00e1micas, informan los medios locales. Esta colecci\\u00f3n prehisp\\u00e1nica, que se exhibir\\u00e1 para el p\\u00fablico\",\"inLanguage\":\"es-ES\",\"isPartOf\":{\"@id\":\"https:\\\/\\\/www.eldigitaldeasturias.com\\\/noticias\\\/#website\"},\"breadcrumb\":{\"@id\":\"https:\\\/\\\/www.eldigitaldeasturias.com\\\/noticias\\\/peru-presenta-la-muestra-arqueologica-el-oro-y-los-incas-en-australia\\\/#breadcrumblist\"},\"author\":{\"@id\":\"https:\\\/\\\/www.eldigitaldeasturias.com\\\/noticias\\\/author\\\/admin\\\/#author\"},\"creator\":{\"@id\":\"https:\\\/\\\/www.eldigitaldeasturias.com\\\/noticias\\\/author\\\/admin\\\/#author\"},\"image\":{\"@type\":\"ImageObject\",\"url\":458102,\"@id\":\"https:\\\/\\\/www.eldigitaldeasturias.com\\\/noticias\\\/peru-presenta-la-muestra-arqueologica-el-oro-y-los-incas-en-australia\\\/#mainImage\"},\"primaryImageOfPage\":{\"@id\":\"https:\\\/\\\/www.eldigitaldeasturias.com\\\/noticias\\\/peru-presenta-la-muestra-arqueologica-el-oro-y-los-incas-en-australia\\\/#mainImage\"},\"datePublished\":\"2013-12-05T20:01:52+01:00\",\"dateModified\":\"2013-12-05T20:01:52+01:00\"},{\"@type\":\"WebSite\",\"@id\":\"https:\\\/\\\/www.eldigitaldeasturias.com\\\/noticias\\\/#website\",\"url\":\"https:\\\/\\\/www.eldigitaldeasturias.com\\\/noticias\\\/\",\"name\":\"El Digital de Asturias - Diario de actualidad y noticias\",\"alternateName\":\"El Digital de Asturias - Diario de actualidad y noticias\",\"description\":\"Hemeroteca\",\"inLanguage\":\"es-ES\",\"publisher\":{\"@id\":\"https:\\\/\\\/www.eldigitaldeasturias.com\\\/noticias\\\/#organization\"}}]}\n\t\t<\/script>\n\t\t<!-- All in One SEO Pro -->\r\n\t\t<title>Per\u00fa presenta la muestra arqueol\u00f3gica \u00abEl oro y los incas\u00bb en Australia - El Digital de Asturias<\/title>\n\n","aioseo_head_json":{"title":"Per\u00fa presenta la muestra arqueol\u00f3gica \u00abEl oro y los incas\u00bb en Australia - El Digital de Asturias","description":"S\u00eddney (Australia), 5 dic (EFE).- La ministra peruana de Cultura, Diana \u00c1lvarez, present\u00f3 hoy en Camberra la muestra arqueol\u00f3gica \"El oro y los Incas: los mundos perdidos de Per\u00fa\", que re\u00fane m\u00e1s de 200 artefactos prehisp\u00e1nicos de oro, joyas, tejidos y cer\u00e1micas, informan los medios locales. Esta colecci\u00f3n prehisp\u00e1nica, que se exhibir\u00e1 para el p\u00fablico","canonical_url":"https:\/\/www.eldigitaldeasturias.com\/noticias\/peru-presenta-la-muestra-arqueologica-el-oro-y-los-incas-en-australia\/","robots":"max-image-preview:large","keywords":"agenda","webmasterTools":{"google-site-verification":"UA-38556648-1","msvalidate.01":"7dfe9f3f1b24437ab69f4f2559babe99","miscellaneous":""},"schema":{"@context":"https:\/\/schema.org","@graph":[{"@type":"BlogPosting","@id":"https:\/\/www.eldigitaldeasturias.com\/noticias\/peru-presenta-la-muestra-arqueologica-el-oro-y-los-incas-en-australia\/#blogposting","name":"Per\u00fa presenta la muestra arqueol\u00f3gica \u00abEl oro y los incas\u00bb en Australia - El Digital de Asturias","headline":"Per\u00fa presenta la muestra arqueol\u00f3gica \u00abEl oro y los incas\u00bb en Australia","author":{"@id":"https:\/\/www.eldigitaldeasturias.com\/noticias\/author\/admin\/#author"},"publisher":{"@id":"https:\/\/www.eldigitaldeasturias.com\/noticias\/#organization"},"image":{"@type":"ImageObject","url":458102},"datePublished":"2013-12-05T20:01:52+01:00","dateModified":"2013-12-05T20:01:52+01:00","inLanguage":"es-ES","mainEntityOfPage":{"@id":"https:\/\/www.eldigitaldeasturias.com\/noticias\/peru-presenta-la-muestra-arqueologica-el-oro-y-los-incas-en-australia\/#webpage"},"isPartOf":{"@id":"https:\/\/www.eldigitaldeasturias.com\/noticias\/peru-presenta-la-muestra-arqueologica-el-oro-y-los-incas-en-australia\/#webpage"},"articleSection":"Agenda"},{"@type":"BreadcrumbList","@id":"https:\/\/www.eldigitaldeasturias.com\/noticias\/peru-presenta-la-muestra-arqueologica-el-oro-y-los-incas-en-australia\/#breadcrumblist","itemListElement":[{"@type":"ListItem","@id":"https:\/\/www.eldigitaldeasturias.com\/noticias#listItem","position":1,"name":"Home","item":"https:\/\/www.eldigitaldeasturias.com\/noticias","nextItem":{"@type":"ListItem","@id":"https:\/\/www.eldigitaldeasturias.com\/noticias\/category\/agenda\/#listItem","name":"Agenda"}},{"@type":"ListItem","@id":"https:\/\/www.eldigitaldeasturias.com\/noticias\/category\/agenda\/#listItem","position":2,"name":"Agenda","item":"https:\/\/www.eldigitaldeasturias.com\/noticias\/category\/agenda\/","nextItem":{"@type":"ListItem","@id":"https:\/\/www.eldigitaldeasturias.com\/noticias\/peru-presenta-la-muestra-arqueologica-el-oro-y-los-incas-en-australia\/#listItem","name":"Per\u00fa presenta la muestra arqueol\u00f3gica \u00abEl oro y los incas\u00bb en Australia"},"previousItem":{"@type":"ListItem","@id":"https:\/\/www.eldigitaldeasturias.com\/noticias#listItem","name":"Home"}},{"@type":"ListItem","@id":"https:\/\/www.eldigitaldeasturias.com\/noticias\/peru-presenta-la-muestra-arqueologica-el-oro-y-los-incas-en-australia\/#listItem","position":3,"name":"Per\u00fa presenta la muestra arqueol\u00f3gica \u00abEl oro y los incas\u00bb en Australia","previousItem":{"@type":"ListItem","@id":"https:\/\/www.eldigitaldeasturias.com\/noticias\/category\/agenda\/#listItem","name":"Agenda"}}]},{"@type":"Organization","@id":"https:\/\/www.eldigitaldeasturias.com\/noticias\/#organization","name":"El Digital de Asturias","description":"Hemeroteca","url":"https:\/\/www.eldigitaldeasturias.com\/noticias\/","email":"info@eldigitaldeasturias.com","telephone":"+34652131393","logo":{"@type":"ImageObject","url":"https:\/\/www.eldigitaldeasturias.com\/noticias\/wp-content\/uploads\/2020\/12\/EDA.jpg","@id":"https:\/\/www.eldigitaldeasturias.com\/noticias\/peru-presenta-la-muestra-arqueologica-el-oro-y-los-incas-en-australia\/#organizationLogo"},"image":{"@id":"https:\/\/www.eldigitaldeasturias.com\/noticias\/peru-presenta-la-muestra-arqueologica-el-oro-y-los-incas-en-australia\/#organizationLogo"},"sameAs":["https:\/\/facebook.com\/eldigitaldeasturias","https:\/\/www.youtube.com\/channel\/UCZP-2wLEB9Rv6erhFmqVnvg"],"address":{"@id":"https:\/\/www.eldigitaldeasturias.com\/noticias\/#postaladdress","@type":"PostalAddress","streetAddress":"san antonio 4","postalCode":"33430","addressLocality":"Cand\u00e1s","addressRegion":"Asturias","addressCountry":"ES"}},{"@type":"Person","@id":"https:\/\/www.eldigitaldeasturias.com\/noticias\/author\/admin\/#author","url":"https:\/\/www.eldigitaldeasturias.com\/noticias\/author\/admin\/","name":"El Digital de Asturias","image":{"@type":"ImageObject","@id":"https:\/\/www.eldigitaldeasturias.com\/noticias\/peru-presenta-la-muestra-arqueologica-el-oro-y-los-incas-en-australia\/#authorImage","url":"https:\/\/secure.gravatar.com\/avatar\/df2aeffc32bcd13f8d26072ef8a91b623d677766deac7f97ca815868cd41bf5e?s=96&d=mm&r=g","width":96,"height":96,"caption":"El Digital de Asturias"}},{"@type":"WebPage","@id":"https:\/\/www.eldigitaldeasturias.com\/noticias\/peru-presenta-la-muestra-arqueologica-el-oro-y-los-incas-en-australia\/#webpage","url":"https:\/\/www.eldigitaldeasturias.com\/noticias\/peru-presenta-la-muestra-arqueologica-el-oro-y-los-incas-en-australia\/","name":"Per\u00fa presenta la muestra arqueol\u00f3gica \u00abEl oro y los incas\u00bb en Australia - El Digital de Asturias","description":"S\u00eddney (Australia), 5 dic (EFE).- La ministra peruana de Cultura, Diana \u00c1lvarez, present\u00f3 hoy en Camberra la muestra arqueol\u00f3gica \"El oro y los Incas: los mundos perdidos de Per\u00fa\", que re\u00fane m\u00e1s de 200 artefactos prehisp\u00e1nicos de oro, joyas, tejidos y cer\u00e1micas, informan los medios locales. Esta colecci\u00f3n prehisp\u00e1nica, que se exhibir\u00e1 para el p\u00fablico","inLanguage":"es-ES","isPartOf":{"@id":"https:\/\/www.eldigitaldeasturias.com\/noticias\/#website"},"breadcrumb":{"@id":"https:\/\/www.eldigitaldeasturias.com\/noticias\/peru-presenta-la-muestra-arqueologica-el-oro-y-los-incas-en-australia\/#breadcrumblist"},"author":{"@id":"https:\/\/www.eldigitaldeasturias.com\/noticias\/author\/admin\/#author"},"creator":{"@id":"https:\/\/www.eldigitaldeasturias.com\/noticias\/author\/admin\/#author"},"image":{"@type":"ImageObject","url":458102,"@id":"https:\/\/www.eldigitaldeasturias.com\/noticias\/peru-presenta-la-muestra-arqueologica-el-oro-y-los-incas-en-australia\/#mainImage"},"primaryImageOfPage":{"@id":"https:\/\/www.eldigitaldeasturias.com\/noticias\/peru-presenta-la-muestra-arqueologica-el-oro-y-los-incas-en-australia\/#mainImage"},"datePublished":"2013-12-05T20:01:52+01:00","dateModified":"2013-12-05T20:01:52+01:00"},{"@type":"WebSite","@id":"https:\/\/www.eldigitaldeasturias.com\/noticias\/#website","url":"https:\/\/www.eldigitaldeasturias.com\/noticias\/","name":"El Digital de Asturias - Diario de actualidad y noticias","alternateName":"El Digital de Asturias - Diario de actualidad y noticias","description":"Hemeroteca","inLanguage":"es-ES","publisher":{"@id":"https:\/\/www.eldigitaldeasturias.com\/noticias\/#organization"}}]},"og:locale":"es_ES","og:site_name":"El Digital de Asturias","og:type":"article","og:title":"Per\u00fa presenta la muestra arqueol\u00f3gica \u00abEl oro y los incas\u00bb en Australia - El Digital de Asturias","og:description":"S\u00eddney (Australia), 5 dic (EFE).- La ministra peruana de Cultura, Diana \u00c1lvarez, present\u00f3 hoy en Camberra la muestra arqueol\u00f3gica &quot;El oro y los Incas: los mundos perdidos de Per\u00fa&quot;, que re\u00fane m\u00e1s de 200 artefactos prehisp\u00e1nicos de oro, joyas, tejidos y cer\u00e1micas, informan los medios locales. Esta colecci\u00f3n prehisp\u00e1nica, que se exhibir\u00e1 para el p\u00fablico","og:url":"https:\/\/www.eldigitaldeasturias.com\/noticias\/peru-presenta-la-muestra-arqueologica-el-oro-y-los-incas-en-australia\/","article:tag":["agenda"],"article:published_time":"2013-12-05T21:01:52+00:00","article:modified_time":"2013-12-05T21:01:52+00:00","article:publisher":"https:\/\/facebook.com\/eldigitaldeasturias","twitter:card":"summary_large_image","twitter:title":"Per\u00fa presenta la muestra arqueol\u00f3gica \u00abEl oro y los incas\u00bb en Australia - El Digital de Asturias","twitter:description":"S\u00eddney (Australia), 5 dic (EFE).- La ministra peruana de Cultura, Diana \u00c1lvarez, present\u00f3 hoy en Camberra la muestra arqueol\u00f3gica &quot;El oro y los Incas: los mundos perdidos de Per\u00fa&quot;, que re\u00fane m\u00e1s de 200 artefactos prehisp\u00e1nicos de oro, joyas, tejidos y cer\u00e1micas, informan los medios locales. Esta colecci\u00f3n prehisp\u00e1nica, que se exhibir\u00e1 para el p\u00fablico","twitter:label1":"Escrito por","twitter:data1":"El Digital de Asturias","twitter:label2":"Tiempo de lectura estimado","twitter:data2":"2 minutos"},"aioseo_meta_data":{"post_id":"458101","title":null,"description":null,"keywords":null,"keyphrases":null,"primary_term":null,"canonical_url":null,"og_title":null,"og_description":null,"og_object_type":"default","og_image_type":"default","og_image_url":null,"og_image_width":null,"og_image_height":null,"og_image_custom_url":null,"og_image_custom_fields":null,"og_video":null,"og_custom_url":null,"og_article_section":null,"og_article_tags":null,"twitter_use_og":true,"twitter_card":"default","twitter_image_type":"default","twitter_image_url":null,"twitter_image_custom_url":null,"twitter_image_custom_fields":null,"twitter_title":null,"twitter_description":null,"schema":{"blockGraphs":[],"customGraphs":[],"default":{"data":{"Article":[],"Course":[],"Dataset":[],"FAQPage":[],"Movie":[],"Person":[],"Product":[],"ProductReview":[],"Car":[],"Recipe":[],"Service":[],"SoftwareApplication":[],"WebPage":[]},"graphName":"","isEnabled":true},"graphs":[],"defaultGraph":"","defaultPostTypeGraph":""},"schema_type":null,"schema_type_options":null,"pillar_content":false,"robots_default":true,"robots_noindex":false,"robots_noarchive":false,"robots_nosnippet":false,"robots_nofollow":false,"robots_noimageindex":false,"robots_noodp":false,"robots_notranslate":false,"robots_max_snippet":null,"robots_max_videopreview":null,"robots_max_imagepreview":"none","priority":null,"frequency":null,"local_seo":null,"seo_analyzer_scan_date":"2026-05-30 04:24:14","breadcrumb_settings":null,"limit_modified_date":false,"open_ai":null,"ai":null,"created":"2020-11-14 22:46:14","updated":"2026-05-30 04:24:14","focus_keyword":null,"additional_keywords":null,"truseo_locale":null},"aioseo_breadcrumb":"<div class=\"aioseo-breadcrumbs\"><span class=\"aioseo-breadcrumb\">\n\t<a href=\"https:\/\/www.eldigitaldeasturias.com\/noticias\" title=\"Home\">Home<\/a>\n<\/span><span class=\"aioseo-breadcrumb-separator\">\u2013<\/span><span class=\"aioseo-breadcrumb\">\n\t<a href=\"https:\/\/www.eldigitaldeasturias.com\/noticias\/category\/agenda\/\" title=\"Agenda\">Agenda<\/a>\n<\/span><span class=\"aioseo-breadcrumb-separator\">\u2013<\/span><span class=\"aioseo-breadcrumb\">\n\t<a href=\"https:\/\/www.eldigitaldeasturias.com\/noticias\/peru-presenta-la-muestra-arqueologica-el-oro-y-los-incas-en-australia\/\" title=\"Per\u00fa presenta la muestra arqueol\u00f3gica \u00abEl oro y los incas\u00bb en Australia\">Per\u00fa presenta la muestra arqueol\u00f3gica \u00abEl oro y los incas\u00bb en Australia<\/a>\n<\/span><\/div>","aioseo_breadcrumb_json":[{"label":"Home","link":"https:\/\/www.eldigitaldeasturias.com\/noticias"},{"label":"Agenda","link":"https:\/\/www.eldigitaldeasturias.com\/noticias\/category\/agenda\/"},{"label":"Per\u00fa presenta la muestra arqueol\u00f3gica \u00abEl oro y los incas\u00bb en Australia","link":"https:\/\/www.eldigitaldeasturias.com\/noticias\/peru-presenta-la-muestra-arqueologica-el-oro-y-los-incas-en-australia\/"}],"_links":{"self":[{"href":"https:\/\/www.eldigitaldeasturias.com\/noticias\/wp-json\/wp\/v2\/posts\/458101","targetHints":{"allow":["GET"]}}],"collection":[{"href":"https:\/\/www.eldigitaldeasturias.com\/noticias\/wp-json\/wp\/v2\/posts"}],"about":[{"href":"https:\/\/www.eldigitaldeasturias.com\/noticias\/wp-json\/wp\/v2\/types\/post"}],"author":[{"embeddable":true,"href":"https:\/\/www.eldigitaldeasturias.com\/noticias\/wp-json\/wp\/v2\/users\/1"}],"replies":[{"embeddable":true,"href":"https:\/\/www.eldigitaldeasturias.com\/noticias\/wp-json\/wp\/v2\/comments?post=458101"}],"version-history":[{"count":0,"href":"https:\/\/www.eldigitaldeasturias.com\/noticias\/wp-json\/wp\/v2\/posts\/458101\/revisions"}],"wp:attachment":[{"href":"https:\/\/www.eldigitaldeasturias.com\/noticias\/wp-json\/wp\/v2\/media?parent=458101"}],"wp:term":[{"taxonomy":"category","embeddable":true,"href":"https:\/\/www.eldigitaldeasturias.com\/noticias\/wp-json\/wp\/v2\/categories?post=458101"},{"taxonomy":"post_tag","embeddable":true,"href":"https:\/\/www.eldigitaldeasturias.com\/noticias\/wp-json\/wp\/v2\/tags?post=458101"}],"curies":[{"name":"wp","href":"https:\/\/api.w.org\/{rel}","templated":true}]}}