{"id":458095,"date":"2013-12-05T19:58:48","date_gmt":"2013-12-05T20:58:48","guid":{"rendered":"http:\/\/www.eldigitaldeasturias.com\/noticias\/?p=458095"},"modified":"2013-12-05T19:58:48","modified_gmt":"2013-12-05T20:58:48","slug":"mingote-tendra-una-escultura-en-el-parque-del-retiro","status":"publish","type":"post","link":"https:\/\/www.eldigitaldeasturias.com\/noticias\/mingote-tendra-una-escultura-en-el-parque-del-retiro\/","title":{"rendered":"Mingote tendr\u00e1 una escultura en el parque del Retiro"},"content":{"rendered":"<p><img loading=\"lazy\" decoding=\"async\" class=\"alignleft size-medium wp-image-458096\" alt=\"5773842w\" src=\"https:\/\/www.eldigitaldeasturias.com\/noticias\/wp-content\/uploads\/2013\/12\/5773842w-220x320.jpg\" width=\"220\" height=\"320\" \/>Madrid, 5 dic (EFE).- El dibujante, humorista, escritor y acad\u00e9mico de la Lengua Antonio Mingote, fallecido en Madrid el 3 de abril de 2012, tendr\u00e1 una escultura en el parque del Retiro, ha anunciado hoy el Gobierno de la capital en rueda de prensa tras su reuni\u00f3n semanal.<\/p>\n<p>La escultura, obra de la madrile\u00f1a Alicia Garc\u00eda Huertas, fue escogida ayer por el jurado del concurso convocado por el \u00c1rea de Las Artes, Deporte y Turismo.<\/p>\n<p>El Ayuntamiento realiz\u00f3 la convocatoria, cedi\u00f3 el espacio dentro del parque y se encargar\u00e1 del mantenimiento del monumento, ubicado en el entorno del quiosco de m\u00fasica y la estaci\u00f3n de Metro del mismo nombre, decorada con sus personajes, pero el proyecto, denominado \u00abMingote vivo\u00bb, contar\u00e1 con un 100 por cien de financiaci\u00f3n privada.<\/p>\n<p>Con esta escultura, el Ayuntamiento de Madrid quiere rendir homenaje a uno de sus vecinos m\u00e1s queridos por los ciudadanos desde que lleg\u00f3 a la capital en 1944.<\/p>\n<p>Aunque naci\u00f3 en Sitges y pas\u00f3 su juventud entre Daroca, Teruel y Calatayud, Antonio Mingote vivi\u00f3 en Madrid 66 a\u00f1os y para \u00e9l la capital era \u00abcomo esa mujer sin la que no puedes vivir\u00bb.<\/p>\n<p>De hecho, su obra gr\u00e1fica forma parte del paisaje urbano y del patrimonio hist\u00f3rico de Madrid.<\/p>\n<p>La ciudad y la regi\u00f3n le han concedido a Antonio Mingote sus m\u00e1ximos galardones: la Medalla de Oro del Ayuntamiento de Madrid en 1995, y la Medalla de Oro de la Comunidad de Madrid en 2010.<\/p>\n<p>El concurso para erigir un monumento a Antonio Mingote especificaba en las bases de su convocatoria que hubiera un patrocinador que llevara a cabo la realizaci\u00f3n de un proyecto art\u00edstico y su ejecuci\u00f3n e instalaci\u00f3n, como el que ha sido seleccionado por unanimidad por el Jurado, \u00abMingote vivo\u00bb, de Alicia G. Huertas.<\/p>\n<p>De acuerdo con las bases de la convocatoria, tanto el tema como su formalizaci\u00f3n eran libres, siempre teniendo en cuenta los valores hist\u00f3rico-art\u00edsticos y ambientales de El Retiro, por lo que las propuestas, aunque resueltas con un lenguaje formal y material contempor\u00e1neo, deber\u00edan integrarse arm\u00f3nicamente en el entorno y adecuarse a la escala humana, propia de la cotidianeidad que reflej\u00f3 siempre la obra de Mingote.<\/p>\n","protected":false},"excerpt":{"rendered":"<p>Madrid, 5 dic (EFE).- El dibujante, humorista, escritor y acad\u00e9mico de la Lengua Antonio Mingote, fallecido en Madrid el 3 de abril de 2012, tendr\u00e1 una escultura en el parque del Retiro, ha anunciado hoy el Gobierno de la capital en rueda de prensa tras su reuni\u00f3n semanal. La escultura, obra de la madrile\u00f1a Alicia [&hellip;]<\/p>\n","protected":false},"author":1,"featured_media":458096,"comment_status":"closed","ping_status":"open","sticky":false,"template":"","format":"standard","meta":{"footnotes":""},"categories":[50],"tags":[],"class_list":["post-458095","post","type-post","status-publish","format-standard","has-post-thumbnail","hentry","category-revista-de-ocio"],"aioseo_notices":[],"aioseo_head":"\n\t\t<!-- All in One SEO Pro 5.0.1 - aioseo.com -->\n\t<meta name=\"description\" content=\"Madrid, 5 dic (EFE).- El dibujante, humorista, escritor y acad\u00e9mico de la Lengua Antonio Mingote, fallecido en Madrid el 3 de abril de 2012, tendr\u00e1 una escultura en el parque del Retiro, ha anunciado hoy el Gobierno de la capital en rueda de prensa tras su reuni\u00f3n semanal. La escultura, obra de la madrile\u00f1a Alicia\" \/>\n\t<meta name=\"robots\" content=\"max-image-preview:large\" \/>\n\t<meta name=\"author\" content=\"El Digital de Asturias\"\/>\n\t<meta name=\"google-site-verification\" content=\"UA-38556648-1\" \/>\n\t<meta name=\"msvalidate.01\" content=\"7dfe9f3f1b24437ab69f4f2559babe99\" \/>\n\t<meta name=\"keywords\" content=\"revista de ocio\" \/>\n\t<link rel=\"canonical\" href=\"https:\/\/www.eldigitaldeasturias.com\/noticias\/mingote-tendra-una-escultura-en-el-parque-del-retiro\/\" \/>\n\t<meta name=\"generator\" content=\"All in One SEO Pro (AIOSEO) 5.0.1\" \/>\n\t\t<meta property=\"og:locale\" content=\"es_ES\" \/>\n\t\t<meta property=\"og:site_name\" content=\"El Digital de Asturias\" \/>\n\t\t<meta property=\"og:type\" content=\"article\" \/>\n\t\t<meta property=\"og:title\" content=\"Mingote tendr\u00e1 una escultura en el parque del Retiro - El Digital de Asturias\" \/>\n\t\t<meta property=\"og:description\" content=\"Madrid, 5 dic (EFE).- El dibujante, humorista, escritor y acad\u00e9mico de la Lengua Antonio Mingote, fallecido en Madrid el 3 de abril de 2012, tendr\u00e1 una escultura en el parque del Retiro, ha anunciado hoy el Gobierno de la capital en rueda de prensa tras su reuni\u00f3n semanal. La escultura, obra de la madrile\u00f1a Alicia\" \/>\n\t\t<meta property=\"og:url\" content=\"https:\/\/www.eldigitaldeasturias.com\/noticias\/mingote-tendra-una-escultura-en-el-parque-del-retiro\/\" \/>\n\t\t<meta property=\"article:tag\" content=\"revista de ocio\" \/>\n\t\t<meta property=\"article:published_time\" content=\"2013-12-05T20:58:48+00:00\" \/>\n\t\t<meta property=\"article:modified_time\" content=\"2013-12-05T20:58:48+00:00\" \/>\n\t\t<meta property=\"article:publisher\" content=\"https:\/\/facebook.com\/eldigitaldeasturias\" \/>\n\t\t<meta name=\"twitter:card\" content=\"summary_large_image\" \/>\n\t\t<meta name=\"twitter:title\" content=\"Mingote tendr\u00e1 una escultura en el parque del Retiro - El Digital de Asturias\" \/>\n\t\t<meta name=\"twitter:description\" content=\"Madrid, 5 dic (EFE).- El dibujante, humorista, escritor y acad\u00e9mico de la Lengua Antonio Mingote, fallecido en Madrid el 3 de abril de 2012, tendr\u00e1 una escultura en el parque del Retiro, ha anunciado hoy el Gobierno de la capital en rueda de prensa tras su reuni\u00f3n semanal. La escultura, obra de la madrile\u00f1a Alicia\" \/>\n\t\t<meta name=\"twitter:label1\" content=\"Escrito por\" \/>\n\t\t<meta name=\"twitter:data1\" content=\"El Digital de Asturias\" \/>\n\t\t<meta name=\"twitter:label2\" content=\"Tiempo de lectura estimado\" \/>\n\t\t<meta name=\"twitter:data2\" content=\"2 minutos\" \/>\n\t\t<script type=\"application\/ld+json\" class=\"aioseo-schema\">\n\t\t\t{\"@context\":\"https:\\\/\\\/schema.org\",\"@graph\":[{\"@type\":\"BlogPosting\",\"@id\":\"https:\\\/\\\/www.eldigitaldeasturias.com\\\/noticias\\\/mingote-tendra-una-escultura-en-el-parque-del-retiro\\\/#blogposting\",\"name\":\"Mingote tendr\\u00e1 una escultura en el parque del Retiro - El Digital de Asturias\",\"headline\":\"Mingote tendr\\u00e1 una escultura en el parque del Retiro\",\"author\":{\"@id\":\"https:\\\/\\\/www.eldigitaldeasturias.com\\\/noticias\\\/author\\\/admin\\\/#author\"},\"publisher\":{\"@id\":\"https:\\\/\\\/www.eldigitaldeasturias.com\\\/noticias\\\/#organization\"},\"image\":{\"@type\":\"ImageObject\",\"url\":458096},\"datePublished\":\"2013-12-05T19:58:48+01:00\",\"dateModified\":\"2013-12-05T19:58:48+01:00\",\"inLanguage\":\"es-ES\",\"mainEntityOfPage\":{\"@id\":\"https:\\\/\\\/www.eldigitaldeasturias.com\\\/noticias\\\/mingote-tendra-una-escultura-en-el-parque-del-retiro\\\/#webpage\"},\"isPartOf\":{\"@id\":\"https:\\\/\\\/www.eldigitaldeasturias.com\\\/noticias\\\/mingote-tendra-una-escultura-en-el-parque-del-retiro\\\/#webpage\"},\"articleSection\":\"Revista de Ocio\"},{\"@type\":\"BreadcrumbList\",\"@id\":\"https:\\\/\\\/www.eldigitaldeasturias.com\\\/noticias\\\/mingote-tendra-una-escultura-en-el-parque-del-retiro\\\/#breadcrumblist\",\"itemListElement\":[{\"@type\":\"ListItem\",\"@id\":\"https:\\\/\\\/www.eldigitaldeasturias.com\\\/noticias#listItem\",\"position\":1,\"name\":\"Home\",\"item\":\"https:\\\/\\\/www.eldigitaldeasturias.com\\\/noticias\",\"nextItem\":{\"@type\":\"ListItem\",\"@id\":\"https:\\\/\\\/www.eldigitaldeasturias.com\\\/noticias\\\/category\\\/revista-de-ocio\\\/#listItem\",\"name\":\"Revista de Ocio\"}},{\"@type\":\"ListItem\",\"@id\":\"https:\\\/\\\/www.eldigitaldeasturias.com\\\/noticias\\\/category\\\/revista-de-ocio\\\/#listItem\",\"position\":2,\"name\":\"Revista de Ocio\",\"item\":\"https:\\\/\\\/www.eldigitaldeasturias.com\\\/noticias\\\/category\\\/revista-de-ocio\\\/\",\"nextItem\":{\"@type\":\"ListItem\",\"@id\":\"https:\\\/\\\/www.eldigitaldeasturias.com\\\/noticias\\\/mingote-tendra-una-escultura-en-el-parque-del-retiro\\\/#listItem\",\"name\":\"Mingote tendr\\u00e1 una escultura en el parque del Retiro\"},\"previousItem\":{\"@type\":\"ListItem\",\"@id\":\"https:\\\/\\\/www.eldigitaldeasturias.com\\\/noticias#listItem\",\"name\":\"Home\"}},{\"@type\":\"ListItem\",\"@id\":\"https:\\\/\\\/www.eldigitaldeasturias.com\\\/noticias\\\/mingote-tendra-una-escultura-en-el-parque-del-retiro\\\/#listItem\",\"position\":3,\"name\":\"Mingote tendr\\u00e1 una escultura en el parque del Retiro\",\"previousItem\":{\"@type\":\"ListItem\",\"@id\":\"https:\\\/\\\/www.eldigitaldeasturias.com\\\/noticias\\\/category\\\/revista-de-ocio\\\/#listItem\",\"name\":\"Revista de Ocio\"}}]},{\"@type\":\"Organization\",\"@id\":\"https:\\\/\\\/www.eldigitaldeasturias.com\\\/noticias\\\/#organization\",\"name\":\"El Digital de Asturias\",\"description\":\"Hemeroteca\",\"url\":\"https:\\\/\\\/www.eldigitaldeasturias.com\\\/noticias\\\/\",\"email\":\"info@eldigitaldeasturias.com\",\"telephone\":\"+34652131393\",\"logo\":{\"@type\":\"ImageObject\",\"url\":\"https:\\\/\\\/www.eldigitaldeasturias.com\\\/noticias\\\/wp-content\\\/uploads\\\/2020\\\/12\\\/EDA.jpg\",\"@id\":\"https:\\\/\\\/www.eldigitaldeasturias.com\\\/noticias\\\/mingote-tendra-una-escultura-en-el-parque-del-retiro\\\/#organizationLogo\"},\"image\":{\"@id\":\"https:\\\/\\\/www.eldigitaldeasturias.com\\\/noticias\\\/mingote-tendra-una-escultura-en-el-parque-del-retiro\\\/#organizationLogo\"},\"sameAs\":[\"https:\\\/\\\/facebook.com\\\/eldigitaldeasturias\",\"https:\\\/\\\/www.youtube.com\\\/channel\\\/UCZP-2wLEB9Rv6erhFmqVnvg\"],\"address\":{\"@id\":\"https:\\\/\\\/www.eldigitaldeasturias.com\\\/noticias\\\/#postaladdress\",\"@type\":\"PostalAddress\",\"streetAddress\":\"san antonio 4\",\"postalCode\":\"33430\",\"addressLocality\":\"Cand\\u00e1s\",\"addressRegion\":\"Asturias\",\"addressCountry\":\"ES\"}},{\"@type\":\"Person\",\"@id\":\"https:\\\/\\\/www.eldigitaldeasturias.com\\\/noticias\\\/author\\\/admin\\\/#author\",\"url\":\"https:\\\/\\\/www.eldigitaldeasturias.com\\\/noticias\\\/author\\\/admin\\\/\",\"name\":\"El Digital de Asturias\",\"image\":{\"@type\":\"ImageObject\",\"@id\":\"https:\\\/\\\/www.eldigitaldeasturias.com\\\/noticias\\\/mingote-tendra-una-escultura-en-el-parque-del-retiro\\\/#authorImage\",\"url\":\"https:\\\/\\\/secure.gravatar.com\\\/avatar\\\/df2aeffc32bcd13f8d26072ef8a91b623d677766deac7f97ca815868cd41bf5e?s=96&d=mm&r=g\",\"width\":96,\"height\":96,\"caption\":\"El Digital de Asturias\"}},{\"@type\":\"WebPage\",\"@id\":\"https:\\\/\\\/www.eldigitaldeasturias.com\\\/noticias\\\/mingote-tendra-una-escultura-en-el-parque-del-retiro\\\/#webpage\",\"url\":\"https:\\\/\\\/www.eldigitaldeasturias.com\\\/noticias\\\/mingote-tendra-una-escultura-en-el-parque-del-retiro\\\/\",\"name\":\"Mingote tendr\\u00e1 una escultura en el parque del Retiro - El Digital de Asturias\",\"description\":\"Madrid, 5 dic (EFE).- El dibujante, humorista, escritor y acad\\u00e9mico de la Lengua Antonio Mingote, fallecido en Madrid el 3 de abril de 2012, tendr\\u00e1 una escultura en el parque del Retiro, ha anunciado hoy el Gobierno de la capital en rueda de prensa tras su reuni\\u00f3n semanal. La escultura, obra de la madrile\\u00f1a Alicia\",\"inLanguage\":\"es-ES\",\"isPartOf\":{\"@id\":\"https:\\\/\\\/www.eldigitaldeasturias.com\\\/noticias\\\/#website\"},\"breadcrumb\":{\"@id\":\"https:\\\/\\\/www.eldigitaldeasturias.com\\\/noticias\\\/mingote-tendra-una-escultura-en-el-parque-del-retiro\\\/#breadcrumblist\"},\"author\":{\"@id\":\"https:\\\/\\\/www.eldigitaldeasturias.com\\\/noticias\\\/author\\\/admin\\\/#author\"},\"creator\":{\"@id\":\"https:\\\/\\\/www.eldigitaldeasturias.com\\\/noticias\\\/author\\\/admin\\\/#author\"},\"image\":{\"@type\":\"ImageObject\",\"url\":458096,\"@id\":\"https:\\\/\\\/www.eldigitaldeasturias.com\\\/noticias\\\/mingote-tendra-una-escultura-en-el-parque-del-retiro\\\/#mainImage\"},\"primaryImageOfPage\":{\"@id\":\"https:\\\/\\\/www.eldigitaldeasturias.com\\\/noticias\\\/mingote-tendra-una-escultura-en-el-parque-del-retiro\\\/#mainImage\"},\"datePublished\":\"2013-12-05T19:58:48+01:00\",\"dateModified\":\"2013-12-05T19:58:48+01:00\"},{\"@type\":\"WebSite\",\"@id\":\"https:\\\/\\\/www.eldigitaldeasturias.com\\\/noticias\\\/#website\",\"url\":\"https:\\\/\\\/www.eldigitaldeasturias.com\\\/noticias\\\/\",\"name\":\"El Digital de Asturias - Diario de actualidad y noticias\",\"alternateName\":\"El Digital de Asturias - Diario de actualidad y noticias\",\"description\":\"Hemeroteca\",\"inLanguage\":\"es-ES\",\"publisher\":{\"@id\":\"https:\\\/\\\/www.eldigitaldeasturias.com\\\/noticias\\\/#organization\"}}]}\n\t\t<\/script>\n\t\t<!-- All in One SEO Pro -->\r\n\t\t<title>Mingote tendr\u00e1 una escultura en el parque del Retiro - El Digital de Asturias<\/title>\n\n","aioseo_head_json":{"title":"Mingote tendr\u00e1 una escultura en el parque del Retiro - El Digital de Asturias","description":"Madrid, 5 dic (EFE).- El dibujante, humorista, escritor y acad\u00e9mico de la Lengua Antonio Mingote, fallecido en Madrid el 3 de abril de 2012, tendr\u00e1 una escultura en el parque del Retiro, ha anunciado hoy el Gobierno de la capital en rueda de prensa tras su reuni\u00f3n semanal. La escultura, obra de la madrile\u00f1a Alicia","canonical_url":"https:\/\/www.eldigitaldeasturias.com\/noticias\/mingote-tendra-una-escultura-en-el-parque-del-retiro\/","robots":"max-image-preview:large","keywords":"revista de ocio","webmasterTools":{"google-site-verification":"UA-38556648-1","msvalidate.01":"7dfe9f3f1b24437ab69f4f2559babe99","miscellaneous":""},"schema":{"@context":"https:\/\/schema.org","@graph":[{"@type":"BlogPosting","@id":"https:\/\/www.eldigitaldeasturias.com\/noticias\/mingote-tendra-una-escultura-en-el-parque-del-retiro\/#blogposting","name":"Mingote tendr\u00e1 una escultura en el parque del Retiro - El Digital de Asturias","headline":"Mingote tendr\u00e1 una escultura en el parque del Retiro","author":{"@id":"https:\/\/www.eldigitaldeasturias.com\/noticias\/author\/admin\/#author"},"publisher":{"@id":"https:\/\/www.eldigitaldeasturias.com\/noticias\/#organization"},"image":{"@type":"ImageObject","url":458096},"datePublished":"2013-12-05T19:58:48+01:00","dateModified":"2013-12-05T19:58:48+01:00","inLanguage":"es-ES","mainEntityOfPage":{"@id":"https:\/\/www.eldigitaldeasturias.com\/noticias\/mingote-tendra-una-escultura-en-el-parque-del-retiro\/#webpage"},"isPartOf":{"@id":"https:\/\/www.eldigitaldeasturias.com\/noticias\/mingote-tendra-una-escultura-en-el-parque-del-retiro\/#webpage"},"articleSection":"Revista de Ocio"},{"@type":"BreadcrumbList","@id":"https:\/\/www.eldigitaldeasturias.com\/noticias\/mingote-tendra-una-escultura-en-el-parque-del-retiro\/#breadcrumblist","itemListElement":[{"@type":"ListItem","@id":"https:\/\/www.eldigitaldeasturias.com\/noticias#listItem","position":1,"name":"Home","item":"https:\/\/www.eldigitaldeasturias.com\/noticias","nextItem":{"@type":"ListItem","@id":"https:\/\/www.eldigitaldeasturias.com\/noticias\/category\/revista-de-ocio\/#listItem","name":"Revista de Ocio"}},{"@type":"ListItem","@id":"https:\/\/www.eldigitaldeasturias.com\/noticias\/category\/revista-de-ocio\/#listItem","position":2,"name":"Revista de Ocio","item":"https:\/\/www.eldigitaldeasturias.com\/noticias\/category\/revista-de-ocio\/","nextItem":{"@type":"ListItem","@id":"https:\/\/www.eldigitaldeasturias.com\/noticias\/mingote-tendra-una-escultura-en-el-parque-del-retiro\/#listItem","name":"Mingote tendr\u00e1 una escultura en el parque del Retiro"},"previousItem":{"@type":"ListItem","@id":"https:\/\/www.eldigitaldeasturias.com\/noticias#listItem","name":"Home"}},{"@type":"ListItem","@id":"https:\/\/www.eldigitaldeasturias.com\/noticias\/mingote-tendra-una-escultura-en-el-parque-del-retiro\/#listItem","position":3,"name":"Mingote tendr\u00e1 una escultura en el parque del Retiro","previousItem":{"@type":"ListItem","@id":"https:\/\/www.eldigitaldeasturias.com\/noticias\/category\/revista-de-ocio\/#listItem","name":"Revista de Ocio"}}]},{"@type":"Organization","@id":"https:\/\/www.eldigitaldeasturias.com\/noticias\/#organization","name":"El Digital de Asturias","description":"Hemeroteca","url":"https:\/\/www.eldigitaldeasturias.com\/noticias\/","email":"info@eldigitaldeasturias.com","telephone":"+34652131393","logo":{"@type":"ImageObject","url":"https:\/\/www.eldigitaldeasturias.com\/noticias\/wp-content\/uploads\/2020\/12\/EDA.jpg","@id":"https:\/\/www.eldigitaldeasturias.com\/noticias\/mingote-tendra-una-escultura-en-el-parque-del-retiro\/#organizationLogo"},"image":{"@id":"https:\/\/www.eldigitaldeasturias.com\/noticias\/mingote-tendra-una-escultura-en-el-parque-del-retiro\/#organizationLogo"},"sameAs":["https:\/\/facebook.com\/eldigitaldeasturias","https:\/\/www.youtube.com\/channel\/UCZP-2wLEB9Rv6erhFmqVnvg"],"address":{"@id":"https:\/\/www.eldigitaldeasturias.com\/noticias\/#postaladdress","@type":"PostalAddress","streetAddress":"san antonio 4","postalCode":"33430","addressLocality":"Cand\u00e1s","addressRegion":"Asturias","addressCountry":"ES"}},{"@type":"Person","@id":"https:\/\/www.eldigitaldeasturias.com\/noticias\/author\/admin\/#author","url":"https:\/\/www.eldigitaldeasturias.com\/noticias\/author\/admin\/","name":"El Digital de Asturias","image":{"@type":"ImageObject","@id":"https:\/\/www.eldigitaldeasturias.com\/noticias\/mingote-tendra-una-escultura-en-el-parque-del-retiro\/#authorImage","url":"https:\/\/secure.gravatar.com\/avatar\/df2aeffc32bcd13f8d26072ef8a91b623d677766deac7f97ca815868cd41bf5e?s=96&d=mm&r=g","width":96,"height":96,"caption":"El Digital de Asturias"}},{"@type":"WebPage","@id":"https:\/\/www.eldigitaldeasturias.com\/noticias\/mingote-tendra-una-escultura-en-el-parque-del-retiro\/#webpage","url":"https:\/\/www.eldigitaldeasturias.com\/noticias\/mingote-tendra-una-escultura-en-el-parque-del-retiro\/","name":"Mingote tendr\u00e1 una escultura en el parque del Retiro - El Digital de Asturias","description":"Madrid, 5 dic (EFE).- El dibujante, humorista, escritor y acad\u00e9mico de la Lengua Antonio Mingote, fallecido en Madrid el 3 de abril de 2012, tendr\u00e1 una escultura en el parque del Retiro, ha anunciado hoy el Gobierno de la capital en rueda de prensa tras su reuni\u00f3n semanal. La escultura, obra de la madrile\u00f1a Alicia","inLanguage":"es-ES","isPartOf":{"@id":"https:\/\/www.eldigitaldeasturias.com\/noticias\/#website"},"breadcrumb":{"@id":"https:\/\/www.eldigitaldeasturias.com\/noticias\/mingote-tendra-una-escultura-en-el-parque-del-retiro\/#breadcrumblist"},"author":{"@id":"https:\/\/www.eldigitaldeasturias.com\/noticias\/author\/admin\/#author"},"creator":{"@id":"https:\/\/www.eldigitaldeasturias.com\/noticias\/author\/admin\/#author"},"image":{"@type":"ImageObject","url":458096,"@id":"https:\/\/www.eldigitaldeasturias.com\/noticias\/mingote-tendra-una-escultura-en-el-parque-del-retiro\/#mainImage"},"primaryImageOfPage":{"@id":"https:\/\/www.eldigitaldeasturias.com\/noticias\/mingote-tendra-una-escultura-en-el-parque-del-retiro\/#mainImage"},"datePublished":"2013-12-05T19:58:48+01:00","dateModified":"2013-12-05T19:58:48+01:00"},{"@type":"WebSite","@id":"https:\/\/www.eldigitaldeasturias.com\/noticias\/#website","url":"https:\/\/www.eldigitaldeasturias.com\/noticias\/","name":"El Digital de Asturias - Diario de actualidad y noticias","alternateName":"El Digital de Asturias - Diario de actualidad y noticias","description":"Hemeroteca","inLanguage":"es-ES","publisher":{"@id":"https:\/\/www.eldigitaldeasturias.com\/noticias\/#organization"}}]},"og:locale":"es_ES","og:site_name":"El Digital de Asturias","og:type":"article","og:title":"Mingote tendr\u00e1 una escultura en el parque del Retiro - El Digital de Asturias","og:description":"Madrid, 5 dic (EFE).- El dibujante, humorista, escritor y acad\u00e9mico de la Lengua Antonio Mingote, fallecido en Madrid el 3 de abril de 2012, tendr\u00e1 una escultura en el parque del Retiro, ha anunciado hoy el Gobierno de la capital en rueda de prensa tras su reuni\u00f3n semanal. La escultura, obra de la madrile\u00f1a Alicia","og:url":"https:\/\/www.eldigitaldeasturias.com\/noticias\/mingote-tendra-una-escultura-en-el-parque-del-retiro\/","article:tag":["revista de ocio"],"article:published_time":"2013-12-05T20:58:48+00:00","article:modified_time":"2013-12-05T20:58:48+00:00","article:publisher":"https:\/\/facebook.com\/eldigitaldeasturias","twitter:card":"summary_large_image","twitter:title":"Mingote tendr\u00e1 una escultura en el parque del Retiro - El Digital de Asturias","twitter:description":"Madrid, 5 dic (EFE).- El dibujante, humorista, escritor y acad\u00e9mico de la Lengua Antonio Mingote, fallecido en Madrid el 3 de abril de 2012, tendr\u00e1 una escultura en el parque del Retiro, ha anunciado hoy el Gobierno de la capital en rueda de prensa tras su reuni\u00f3n semanal. La escultura, obra de la madrile\u00f1a Alicia","twitter:label1":"Escrito por","twitter:data1":"El Digital de Asturias","twitter:label2":"Tiempo de lectura estimado","twitter:data2":"2 minutos"},"aioseo_meta_data":{"post_id":"458095","title":null,"description":null,"keywords":null,"keyphrases":null,"primary_term":null,"canonical_url":null,"og_title":null,"og_description":null,"og_object_type":"default","og_image_type":"default","og_image_url":null,"og_image_width":null,"og_image_height":null,"og_image_custom_url":null,"og_image_custom_fields":null,"og_video":null,"og_custom_url":null,"og_article_section":null,"og_article_tags":null,"twitter_use_og":true,"twitter_card":"default","twitter_image_type":"default","twitter_image_url":null,"twitter_image_custom_url":null,"twitter_image_custom_fields":null,"twitter_title":null,"twitter_description":null,"schema":{"blockGraphs":[],"customGraphs":[],"default":{"data":{"Article":[],"Course":[],"Dataset":[],"FAQPage":[],"Movie":[],"Person":[],"Product":[],"ProductReview":[],"Car":[],"Recipe":[],"Service":[],"SoftwareApplication":[],"WebPage":[]},"graphName":"","isEnabled":true},"graphs":[],"defaultGraph":"","defaultPostTypeGraph":""},"schema_type":null,"schema_type_options":null,"pillar_content":false,"robots_default":true,"robots_noindex":false,"robots_noarchive":false,"robots_nosnippet":false,"robots_nofollow":false,"robots_noimageindex":false,"robots_noodp":false,"robots_notranslate":false,"robots_max_snippet":null,"robots_max_videopreview":null,"robots_max_imagepreview":"none","priority":null,"frequency":null,"local_seo":null,"seo_analyzer_scan_date":"2026-05-30 04:24:13","breadcrumb_settings":null,"limit_modified_date":false,"open_ai":null,"ai":null,"created":"2020-11-14 22:46:14","updated":"2026-05-30 04:24:13","focus_keyword":null,"additional_keywords":null,"truseo_locale":null},"aioseo_breadcrumb":"<div class=\"aioseo-breadcrumbs\"><span class=\"aioseo-breadcrumb\">\n\t<a href=\"https:\/\/www.eldigitaldeasturias.com\/noticias\" title=\"Home\">Home<\/a>\n<\/span><span class=\"aioseo-breadcrumb-separator\">\u2013<\/span><span class=\"aioseo-breadcrumb\">\n\t<a href=\"https:\/\/www.eldigitaldeasturias.com\/noticias\/category\/revista-de-ocio\/\" title=\"Revista de Ocio\">Revista de Ocio<\/a>\n<\/span><span class=\"aioseo-breadcrumb-separator\">\u2013<\/span><span class=\"aioseo-breadcrumb\">\n\t<a href=\"https:\/\/www.eldigitaldeasturias.com\/noticias\/mingote-tendra-una-escultura-en-el-parque-del-retiro\/\" title=\"Mingote tendr\u00e1 una escultura en el parque del Retiro\">Mingote tendr\u00e1 una escultura en el parque del Retiro<\/a>\n<\/span><\/div>","aioseo_breadcrumb_json":[{"label":"Home","link":"https:\/\/www.eldigitaldeasturias.com\/noticias"},{"label":"Revista de Ocio","link":"https:\/\/www.eldigitaldeasturias.com\/noticias\/category\/revista-de-ocio\/"},{"label":"Mingote tendr\u00e1 una escultura en el parque del Retiro","link":"https:\/\/www.eldigitaldeasturias.com\/noticias\/mingote-tendra-una-escultura-en-el-parque-del-retiro\/"}],"_links":{"self":[{"href":"https:\/\/www.eldigitaldeasturias.com\/noticias\/wp-json\/wp\/v2\/posts\/458095","targetHints":{"allow":["GET"]}}],"collection":[{"href":"https:\/\/www.eldigitaldeasturias.com\/noticias\/wp-json\/wp\/v2\/posts"}],"about":[{"href":"https:\/\/www.eldigitaldeasturias.com\/noticias\/wp-json\/wp\/v2\/types\/post"}],"author":[{"embeddable":true,"href":"https:\/\/www.eldigitaldeasturias.com\/noticias\/wp-json\/wp\/v2\/users\/1"}],"replies":[{"embeddable":true,"href":"https:\/\/www.eldigitaldeasturias.com\/noticias\/wp-json\/wp\/v2\/comments?post=458095"}],"version-history":[{"count":0,"href":"https:\/\/www.eldigitaldeasturias.com\/noticias\/wp-json\/wp\/v2\/posts\/458095\/revisions"}],"wp:attachment":[{"href":"https:\/\/www.eldigitaldeasturias.com\/noticias\/wp-json\/wp\/v2\/media?parent=458095"}],"wp:term":[{"taxonomy":"category","embeddable":true,"href":"https:\/\/www.eldigitaldeasturias.com\/noticias\/wp-json\/wp\/v2\/categories?post=458095"},{"taxonomy":"post_tag","embeddable":true,"href":"https:\/\/www.eldigitaldeasturias.com\/noticias\/wp-json\/wp\/v2\/tags?post=458095"}],"curies":[{"name":"wp","href":"https:\/\/api.w.org\/{rel}","templated":true}]}}