{"id":458083,"date":"2013-12-05T19:52:25","date_gmt":"2013-12-05T20:52:25","guid":{"rendered":"http:\/\/www.eldigitaldeasturias.com\/noticias\/?p=458083"},"modified":"2013-12-05T19:52:25","modified_gmt":"2013-12-05T20:52:25","slug":"el-psoe-dice-que-foro-solo-quiere-obstaculizar-el-presupuesto-de-asturias-no-debatirlo","status":"publish","type":"post","link":"https:\/\/www.eldigitaldeasturias.com\/noticias\/el-psoe-dice-que-foro-solo-quiere-obstaculizar-el-presupuesto-de-asturias-no-debatirlo\/","title":{"rendered":"El PSOE dice que Foro s\u00f3lo quiere obstaculizar el presupuesto de Asturias, no debatirlo"},"content":{"rendered":"<p><img loading=\"lazy\" decoding=\"async\" class=\"alignleft size-medium wp-image-681\" alt=\"palamento_20130913133437_8001\" src=\"https:\/\/www.eldigitaldeasturias.com\/noticias\/wp-content\/uploads\/2013\/09\/palamento_20130913133437_8001-360x240.jpg\" width=\"360\" height=\"240\" \/>Oviedo, 5 dic (EFE).- El portavoz socialista en el parlamento asturiano, Fernando Lastra, ha asegurado hoy que desde Foro se act\u00faa con el \u00fanico af\u00e1n de obstaculizar que Asturias cuente con unos presupuestos regionales en 2014 y con \u00e1nimo de debatir, aunque sea para rechazarlo.<\/p>\n<p>Lastra ha hecho estas declaraciones a ra\u00edz de que Foro Asturias anunciase que recurrir\u00e1 ante el Tribunal Constitucional el procedimiento acordado ayer por PSOE, PP e IU para tramitar el presupuesto del Principado de 2014 por considerar que va contra los derechos que la Carta Magna otorga a los diputados y es contrario al reglamento del Parlamento asturiano.<\/p>\n<p>Lastra ha afirmado que no puede tener una opini\u00f3n favorable a esa iniciativa porque s\u00f3lo intenta \u00abobstruir y poner trabas al trabajo parlamentario\u00bb para que el presupuesto no siga su curso, a pesar de que contribuye al 17 por ciento del PIB regional.<\/p>\n<p>Ha recordado que el calendario acordado para tramitar esta ley es similar al de a\u00f1os pasados y que la esencia del debate parlamentario es el intercambio de opiniones, que es lo que se va hacer durante diciembre, \u00abcon luz y taqu\u00edgrafos\u00bb, con esta ley, \u00abtanto para quienes quieran discutirla o apoyarla, como para quien quiera rechazarla sin siquiera leerla\u00bb.<\/p>\n<p>Lastra tambi\u00e9n ha calificado de \u00abconjeturas\u00bb y \u00abpellizcos de monja del se\u00f1or Cascos\u00bb las acusaciones vertidas desde Foro sobre la existencia de un pacto entre PP y PSOE para mantener el Gobierno de Javier Fern\u00e1ndez.<\/p>\n<p>Ante la posibilidad de llegar a acuerdos con el PP para el presupuesto del pr\u00f3ximo a\u00f1o, ha afirmado que el margen de negociaci\u00f3n es amplio, pero que el punto de partida no puede ser una enmienda de totalidad que exija la devoluci\u00f3n del proyecto de ley.<\/p>\n<p>Lastra se refer\u00eda as\u00ed a la posibilidad de incluir en una negociaci\u00f3n las rebajas fiscales que defiende el PP y que afectar\u00eda, por lo tanto, al estado de ingresos que fija el Parlamento.<\/p>\n<p>La portavoz popular, Mercedes Fern\u00e1ndez, tambi\u00e9n ha criticado el anuncio de Foro ya que, en su opini\u00f3n lo importante es debatir el presupuesto y no enredarse en si el calendario debe ir en un sentido u otro.<\/p>\n<p>Tras afirmar que se trata de un debate alejado de lo que interesa a los ciudadanos, ha se\u00f1alado que el presunto pacto entre el PP y el PSOE que viene denunciando Foro Asturias no tiene credibilidad alguna.<\/p>\n<p>En este sentido, ha se\u00f1alado que el presidente de Foro, Francisco \u00c1lvarez Cascos, dijo que iba a tener un grupo parlamentario propio en el Congreso o que el PP iba a apoyar la ley de endeudamiento de los socialistas asturianos, \u00abpresagios en los que se ha equivocado de forma sistem\u00e1tica y que le hacen perder credibilidad\u00bb.<\/p>\n<p>Desde IU, su portavoz, \u00c1ngel Gonz\u00e1lez, se ha limitado a se\u00f1alar que es cierto que el Reglamento de la C\u00e1mara no prev\u00e9 que los presupuestos se tramiten por la v\u00eda urgente, pero que tambi\u00e9n lo es que siempre se ha hecho en unos plazos similares, tras advertir de que no se sabe nada a\u00fan del recurso que en el mismo sentido present\u00f3 Foro el pasado a\u00f1o.<\/p>\n<p>M\u00e1s cr\u00edtico se ha mostrado el diputado de UPyD, Ignacio Prendes, que ha incidido en que el calendario fijado ayer para tramitar este proyecto de ley \u00abhurta el debate\u00bb a los diputados y a los ciudadanos.<\/p>\n<p>No obstante, ha se\u00f1alado que no comparte la v\u00eda anunciada por Foro para oponerse al calendario y ha asegurado que su formaci\u00f3n combatir\u00e1 estas pr\u00e1cticas pol\u00edticamente.<\/p>\n","protected":false},"excerpt":{"rendered":"<p>Oviedo, 5 dic (EFE).- El portavoz socialista en el parlamento asturiano, Fernando Lastra, ha asegurado hoy que desde Foro se act\u00faa con el \u00fanico af\u00e1n de obstaculizar que Asturias cuente con unos presupuestos regionales en 2014 y con \u00e1nimo de debatir, aunque sea para rechazarlo. Lastra ha hecho estas declaraciones a ra\u00edz de que Foro [&hellip;]<\/p>\n","protected":false},"author":1,"featured_media":1132184,"comment_status":"closed","ping_status":"open","sticky":false,"template":"","format":"standard","meta":{"footnotes":""},"categories":[12],"tags":[],"class_list":["post-458083","post","type-post","status-publish","format-standard","has-post-thumbnail","hentry","category-actualidad-asturias"],"aioseo_notices":[],"aioseo_head":"\n\t\t<!-- All in One SEO Pro 5.0.1 - aioseo.com -->\n\t<meta name=\"description\" content=\"Oviedo, 5 dic (EFE).- El portavoz socialista en el parlamento asturiano, Fernando Lastra, ha asegurado hoy que desde Foro se act\u00faa con el \u00fanico af\u00e1n de obstaculizar que Asturias cuente con unos presupuestos regionales en 2014 y con \u00e1nimo de debatir, aunque sea para rechazarlo. Lastra ha hecho estas declaraciones a ra\u00edz de que Foro\" \/>\n\t<meta name=\"robots\" content=\"max-image-preview:large\" \/>\n\t<meta name=\"author\" content=\"El Digital de Asturias\"\/>\n\t<meta name=\"google-site-verification\" content=\"UA-38556648-1\" \/>\n\t<meta name=\"msvalidate.01\" content=\"7dfe9f3f1b24437ab69f4f2559babe99\" \/>\n\t<meta name=\"keywords\" content=\"actualidad asturias\" \/>\n\t<link rel=\"canonical\" href=\"https:\/\/www.eldigitaldeasturias.com\/noticias\/el-psoe-dice-que-foro-solo-quiere-obstaculizar-el-presupuesto-de-asturias-no-debatirlo\/\" \/>\n\t<meta name=\"generator\" content=\"All in One SEO Pro (AIOSEO) 5.0.1\" \/>\n\t\t<meta property=\"og:locale\" content=\"es_ES\" \/>\n\t\t<meta property=\"og:site_name\" content=\"El Digital de Asturias\" \/>\n\t\t<meta property=\"og:type\" content=\"article\" \/>\n\t\t<meta property=\"og:title\" content=\"El PSOE dice que Foro s\u00f3lo quiere obstaculizar el presupuesto de Asturias, no debatirlo - El Digital de Asturias\" \/>\n\t\t<meta property=\"og:description\" content=\"Oviedo, 5 dic (EFE).- El portavoz socialista en el parlamento asturiano, Fernando Lastra, ha asegurado hoy que desde Foro se act\u00faa con el \u00fanico af\u00e1n de obstaculizar que Asturias cuente con unos presupuestos regionales en 2014 y con \u00e1nimo de debatir, aunque sea para rechazarlo. Lastra ha hecho estas declaraciones a ra\u00edz de que Foro\" \/>\n\t\t<meta property=\"og:url\" content=\"https:\/\/www.eldigitaldeasturias.com\/noticias\/el-psoe-dice-que-foro-solo-quiere-obstaculizar-el-presupuesto-de-asturias-no-debatirlo\/\" \/>\n\t\t<meta property=\"og:image\" content=\"https:\/\/www.eldigitaldeasturias.com\/noticias\/wp-content\/uploads\/2026\/06\/Contenidos.jpg\" \/>\n\t\t<meta property=\"og:image:secure_url\" content=\"https:\/\/www.eldigitaldeasturias.com\/noticias\/wp-content\/uploads\/2026\/06\/Contenidos.jpg\" \/>\n\t\t<meta property=\"og:image:width\" content=\"1265\" \/>\n\t\t<meta property=\"og:image:height\" content=\"697\" \/>\n\t\t<meta property=\"article:tag\" content=\"actualidad asturias\" \/>\n\t\t<meta property=\"article:published_time\" content=\"2013-12-05T20:52:25+00:00\" \/>\n\t\t<meta property=\"article:modified_time\" content=\"2013-12-05T20:52:25+00:00\" \/>\n\t\t<meta property=\"article:publisher\" content=\"https:\/\/facebook.com\/eldigitaldeasturias\" \/>\n\t\t<meta name=\"twitter:card\" content=\"summary_large_image\" \/>\n\t\t<meta name=\"twitter:title\" content=\"El PSOE dice que Foro s\u00f3lo quiere obstaculizar el presupuesto de Asturias, no debatirlo - El Digital de Asturias\" \/>\n\t\t<meta name=\"twitter:description\" content=\"Oviedo, 5 dic (EFE).- El portavoz socialista en el parlamento asturiano, Fernando Lastra, ha asegurado hoy que desde Foro se act\u00faa con el \u00fanico af\u00e1n de obstaculizar que Asturias cuente con unos presupuestos regionales en 2014 y con \u00e1nimo de debatir, aunque sea para rechazarlo. Lastra ha hecho estas declaraciones a ra\u00edz de que Foro\" \/>\n\t\t<meta name=\"twitter:image\" content=\"https:\/\/www.eldigitaldeasturias.com\/noticias\/wp-content\/uploads\/2026\/06\/Contenidos.jpg\" \/>\n\t\t<meta name=\"twitter:label1\" content=\"Escrito por\" \/>\n\t\t<meta name=\"twitter:data1\" content=\"El Digital de Asturias\" \/>\n\t\t<meta name=\"twitter:label2\" content=\"Tiempo de lectura estimado\" \/>\n\t\t<meta name=\"twitter:data2\" content=\"3 minutos\" \/>\n\t\t<script type=\"application\/ld+json\" class=\"aioseo-schema\">\n\t\t\t{\"@context\":\"https:\\\/\\\/schema.org\",\"@graph\":[{\"@type\":\"BlogPosting\",\"@id\":\"https:\\\/\\\/www.eldigitaldeasturias.com\\\/noticias\\\/el-psoe-dice-que-foro-solo-quiere-obstaculizar-el-presupuesto-de-asturias-no-debatirlo\\\/#blogposting\",\"name\":\"El PSOE dice que Foro s\\u00f3lo quiere obstaculizar el presupuesto de Asturias, no debatirlo - El Digital de Asturias\",\"headline\":\"El PSOE dice que Foro s\\u00f3lo quiere obstaculizar el presupuesto de Asturias, no debatirlo\",\"author\":{\"@id\":\"https:\\\/\\\/www.eldigitaldeasturias.com\\\/noticias\\\/author\\\/admin\\\/#author\"},\"publisher\":{\"@id\":\"https:\\\/\\\/www.eldigitaldeasturias.com\\\/noticias\\\/#organization\"},\"image\":{\"@type\":\"ImageObject\",\"url\":\"https:\\\/\\\/www.eldigitaldeasturias.com\\\/noticias\\\/wp-content\\\/uploads\\\/2026\\\/06\\\/Contenidos.jpg\",\"width\":1265,\"height\":697,\"caption\":\"Contenidos\"},\"datePublished\":\"2013-12-05T19:52:25+01:00\",\"dateModified\":\"2013-12-05T19:52:25+01:00\",\"inLanguage\":\"es-ES\",\"mainEntityOfPage\":{\"@id\":\"https:\\\/\\\/www.eldigitaldeasturias.com\\\/noticias\\\/el-psoe-dice-que-foro-solo-quiere-obstaculizar-el-presupuesto-de-asturias-no-debatirlo\\\/#webpage\"},\"isPartOf\":{\"@id\":\"https:\\\/\\\/www.eldigitaldeasturias.com\\\/noticias\\\/el-psoe-dice-que-foro-solo-quiere-obstaculizar-el-presupuesto-de-asturias-no-debatirlo\\\/#webpage\"},\"articleSection\":\"Actualidad Asturias\"},{\"@type\":\"BreadcrumbList\",\"@id\":\"https:\\\/\\\/www.eldigitaldeasturias.com\\\/noticias\\\/el-psoe-dice-que-foro-solo-quiere-obstaculizar-el-presupuesto-de-asturias-no-debatirlo\\\/#breadcrumblist\",\"itemListElement\":[{\"@type\":\"ListItem\",\"@id\":\"https:\\\/\\\/www.eldigitaldeasturias.com\\\/noticias#listItem\",\"position\":1,\"name\":\"Home\",\"item\":\"https:\\\/\\\/www.eldigitaldeasturias.com\\\/noticias\",\"nextItem\":{\"@type\":\"ListItem\",\"@id\":\"https:\\\/\\\/www.eldigitaldeasturias.com\\\/noticias\\\/category\\\/actualidad-asturias\\\/#listItem\",\"name\":\"Actualidad Asturias\"}},{\"@type\":\"ListItem\",\"@id\":\"https:\\\/\\\/www.eldigitaldeasturias.com\\\/noticias\\\/category\\\/actualidad-asturias\\\/#listItem\",\"position\":2,\"name\":\"Actualidad Asturias\",\"item\":\"https:\\\/\\\/www.eldigitaldeasturias.com\\\/noticias\\\/category\\\/actualidad-asturias\\\/\",\"nextItem\":{\"@type\":\"ListItem\",\"@id\":\"https:\\\/\\\/www.eldigitaldeasturias.com\\\/noticias\\\/el-psoe-dice-que-foro-solo-quiere-obstaculizar-el-presupuesto-de-asturias-no-debatirlo\\\/#listItem\",\"name\":\"El PSOE dice que Foro s\\u00f3lo quiere obstaculizar el presupuesto de Asturias, no debatirlo\"},\"previousItem\":{\"@type\":\"ListItem\",\"@id\":\"https:\\\/\\\/www.eldigitaldeasturias.com\\\/noticias#listItem\",\"name\":\"Home\"}},{\"@type\":\"ListItem\",\"@id\":\"https:\\\/\\\/www.eldigitaldeasturias.com\\\/noticias\\\/el-psoe-dice-que-foro-solo-quiere-obstaculizar-el-presupuesto-de-asturias-no-debatirlo\\\/#listItem\",\"position\":3,\"name\":\"El PSOE dice que Foro s\\u00f3lo quiere obstaculizar el presupuesto de Asturias, no debatirlo\",\"previousItem\":{\"@type\":\"ListItem\",\"@id\":\"https:\\\/\\\/www.eldigitaldeasturias.com\\\/noticias\\\/category\\\/actualidad-asturias\\\/#listItem\",\"name\":\"Actualidad Asturias\"}}]},{\"@type\":\"Organization\",\"@id\":\"https:\\\/\\\/www.eldigitaldeasturias.com\\\/noticias\\\/#organization\",\"name\":\"El Digital de Asturias\",\"description\":\"Hemeroteca\",\"url\":\"https:\\\/\\\/www.eldigitaldeasturias.com\\\/noticias\\\/\",\"email\":\"info@eldigitaldeasturias.com\",\"telephone\":\"+34652131393\",\"logo\":{\"@type\":\"ImageObject\",\"url\":\"https:\\\/\\\/www.eldigitaldeasturias.com\\\/noticias\\\/wp-content\\\/uploads\\\/2020\\\/12\\\/EDA.jpg\",\"@id\":\"https:\\\/\\\/www.eldigitaldeasturias.com\\\/noticias\\\/el-psoe-dice-que-foro-solo-quiere-obstaculizar-el-presupuesto-de-asturias-no-debatirlo\\\/#organizationLogo\"},\"image\":{\"@id\":\"https:\\\/\\\/www.eldigitaldeasturias.com\\\/noticias\\\/el-psoe-dice-que-foro-solo-quiere-obstaculizar-el-presupuesto-de-asturias-no-debatirlo\\\/#organizationLogo\"},\"sameAs\":[\"https:\\\/\\\/facebook.com\\\/eldigitaldeasturias\",\"https:\\\/\\\/www.youtube.com\\\/channel\\\/UCZP-2wLEB9Rv6erhFmqVnvg\"],\"address\":{\"@id\":\"https:\\\/\\\/www.eldigitaldeasturias.com\\\/noticias\\\/#postaladdress\",\"@type\":\"PostalAddress\",\"streetAddress\":\"san antonio 4\",\"postalCode\":\"33430\",\"addressLocality\":\"Cand\\u00e1s\",\"addressRegion\":\"Asturias\",\"addressCountry\":\"ES\"}},{\"@type\":\"Person\",\"@id\":\"https:\\\/\\\/www.eldigitaldeasturias.com\\\/noticias\\\/author\\\/admin\\\/#author\",\"url\":\"https:\\\/\\\/www.eldigitaldeasturias.com\\\/noticias\\\/author\\\/admin\\\/\",\"name\":\"El Digital de Asturias\",\"image\":{\"@type\":\"ImageObject\",\"@id\":\"https:\\\/\\\/www.eldigitaldeasturias.com\\\/noticias\\\/el-psoe-dice-que-foro-solo-quiere-obstaculizar-el-presupuesto-de-asturias-no-debatirlo\\\/#authorImage\",\"url\":\"https:\\\/\\\/secure.gravatar.com\\\/avatar\\\/df2aeffc32bcd13f8d26072ef8a91b623d677766deac7f97ca815868cd41bf5e?s=96&d=mm&r=g\",\"width\":96,\"height\":96,\"caption\":\"El Digital de Asturias\"}},{\"@type\":\"WebPage\",\"@id\":\"https:\\\/\\\/www.eldigitaldeasturias.com\\\/noticias\\\/el-psoe-dice-que-foro-solo-quiere-obstaculizar-el-presupuesto-de-asturias-no-debatirlo\\\/#webpage\",\"url\":\"https:\\\/\\\/www.eldigitaldeasturias.com\\\/noticias\\\/el-psoe-dice-que-foro-solo-quiere-obstaculizar-el-presupuesto-de-asturias-no-debatirlo\\\/\",\"name\":\"El PSOE dice que Foro s\\u00f3lo quiere obstaculizar el presupuesto de Asturias, no debatirlo - El Digital de Asturias\",\"description\":\"Oviedo, 5 dic (EFE).- El portavoz socialista en el parlamento asturiano, Fernando Lastra, ha asegurado hoy que desde Foro se act\\u00faa con el \\u00fanico af\\u00e1n de obstaculizar que Asturias cuente con unos presupuestos regionales en 2014 y con \\u00e1nimo de debatir, aunque sea para rechazarlo. Lastra ha hecho estas declaraciones a ra\\u00edz de que Foro\",\"inLanguage\":\"es-ES\",\"isPartOf\":{\"@id\":\"https:\\\/\\\/www.eldigitaldeasturias.com\\\/noticias\\\/#website\"},\"breadcrumb\":{\"@id\":\"https:\\\/\\\/www.eldigitaldeasturias.com\\\/noticias\\\/el-psoe-dice-que-foro-solo-quiere-obstaculizar-el-presupuesto-de-asturias-no-debatirlo\\\/#breadcrumblist\"},\"author\":{\"@id\":\"https:\\\/\\\/www.eldigitaldeasturias.com\\\/noticias\\\/author\\\/admin\\\/#author\"},\"creator\":{\"@id\":\"https:\\\/\\\/www.eldigitaldeasturias.com\\\/noticias\\\/author\\\/admin\\\/#author\"},\"image\":{\"@type\":\"ImageObject\",\"url\":\"https:\\\/\\\/www.eldigitaldeasturias.com\\\/noticias\\\/wp-content\\\/uploads\\\/2026\\\/06\\\/Contenidos.jpg\",\"@id\":\"https:\\\/\\\/www.eldigitaldeasturias.com\\\/noticias\\\/el-psoe-dice-que-foro-solo-quiere-obstaculizar-el-presupuesto-de-asturias-no-debatirlo\\\/#mainImage\",\"width\":1265,\"height\":697,\"caption\":\"Contenidos\"},\"primaryImageOfPage\":{\"@id\":\"https:\\\/\\\/www.eldigitaldeasturias.com\\\/noticias\\\/el-psoe-dice-que-foro-solo-quiere-obstaculizar-el-presupuesto-de-asturias-no-debatirlo\\\/#mainImage\"},\"datePublished\":\"2013-12-05T19:52:25+01:00\",\"dateModified\":\"2013-12-05T19:52:25+01:00\"},{\"@type\":\"WebSite\",\"@id\":\"https:\\\/\\\/www.eldigitaldeasturias.com\\\/noticias\\\/#website\",\"url\":\"https:\\\/\\\/www.eldigitaldeasturias.com\\\/noticias\\\/\",\"name\":\"El Digital de Asturias - Diario de actualidad y noticias\",\"alternateName\":\"El Digital de Asturias - Diario de actualidad y noticias\",\"description\":\"Hemeroteca\",\"inLanguage\":\"es-ES\",\"publisher\":{\"@id\":\"https:\\\/\\\/www.eldigitaldeasturias.com\\\/noticias\\\/#organization\"}}]}\n\t\t<\/script>\n\t\t<!-- All in One SEO Pro -->\r\n\t\t<title>El PSOE dice que Foro s\u00f3lo quiere obstaculizar el presupuesto de Asturias, no debatirlo - El Digital de Asturias<\/title>\n\n","aioseo_head_json":{"title":"El PSOE dice que Foro s\u00f3lo quiere obstaculizar el presupuesto de Asturias, no debatirlo - El Digital de Asturias","description":"Oviedo, 5 dic (EFE).- El portavoz socialista en el parlamento asturiano, Fernando Lastra, ha asegurado hoy que desde Foro se act\u00faa con el \u00fanico af\u00e1n de obstaculizar que Asturias cuente con unos presupuestos regionales en 2014 y con \u00e1nimo de debatir, aunque sea para rechazarlo. Lastra ha hecho estas declaraciones a ra\u00edz de que Foro","canonical_url":"https:\/\/www.eldigitaldeasturias.com\/noticias\/el-psoe-dice-que-foro-solo-quiere-obstaculizar-el-presupuesto-de-asturias-no-debatirlo\/","robots":"max-image-preview:large","keywords":"actualidad asturias","webmasterTools":{"google-site-verification":"UA-38556648-1","msvalidate.01":"7dfe9f3f1b24437ab69f4f2559babe99","miscellaneous":""},"schema":{"@context":"https:\/\/schema.org","@graph":[{"@type":"BlogPosting","@id":"https:\/\/www.eldigitaldeasturias.com\/noticias\/el-psoe-dice-que-foro-solo-quiere-obstaculizar-el-presupuesto-de-asturias-no-debatirlo\/#blogposting","name":"El PSOE dice que Foro s\u00f3lo quiere obstaculizar el presupuesto de Asturias, no debatirlo - El Digital de Asturias","headline":"El PSOE dice que Foro s\u00f3lo quiere obstaculizar el presupuesto de Asturias, no debatirlo","author":{"@id":"https:\/\/www.eldigitaldeasturias.com\/noticias\/author\/admin\/#author"},"publisher":{"@id":"https:\/\/www.eldigitaldeasturias.com\/noticias\/#organization"},"image":{"@type":"ImageObject","url":"https:\/\/www.eldigitaldeasturias.com\/noticias\/wp-content\/uploads\/2026\/06\/Contenidos.jpg","width":1265,"height":697,"caption":"Contenidos"},"datePublished":"2013-12-05T19:52:25+01:00","dateModified":"2013-12-05T19:52:25+01:00","inLanguage":"es-ES","mainEntityOfPage":{"@id":"https:\/\/www.eldigitaldeasturias.com\/noticias\/el-psoe-dice-que-foro-solo-quiere-obstaculizar-el-presupuesto-de-asturias-no-debatirlo\/#webpage"},"isPartOf":{"@id":"https:\/\/www.eldigitaldeasturias.com\/noticias\/el-psoe-dice-que-foro-solo-quiere-obstaculizar-el-presupuesto-de-asturias-no-debatirlo\/#webpage"},"articleSection":"Actualidad Asturias"},{"@type":"BreadcrumbList","@id":"https:\/\/www.eldigitaldeasturias.com\/noticias\/el-psoe-dice-que-foro-solo-quiere-obstaculizar-el-presupuesto-de-asturias-no-debatirlo\/#breadcrumblist","itemListElement":[{"@type":"ListItem","@id":"https:\/\/www.eldigitaldeasturias.com\/noticias#listItem","position":1,"name":"Home","item":"https:\/\/www.eldigitaldeasturias.com\/noticias","nextItem":{"@type":"ListItem","@id":"https:\/\/www.eldigitaldeasturias.com\/noticias\/category\/actualidad-asturias\/#listItem","name":"Actualidad Asturias"}},{"@type":"ListItem","@id":"https:\/\/www.eldigitaldeasturias.com\/noticias\/category\/actualidad-asturias\/#listItem","position":2,"name":"Actualidad Asturias","item":"https:\/\/www.eldigitaldeasturias.com\/noticias\/category\/actualidad-asturias\/","nextItem":{"@type":"ListItem","@id":"https:\/\/www.eldigitaldeasturias.com\/noticias\/el-psoe-dice-que-foro-solo-quiere-obstaculizar-el-presupuesto-de-asturias-no-debatirlo\/#listItem","name":"El PSOE dice que Foro s\u00f3lo quiere obstaculizar el presupuesto de Asturias, no debatirlo"},"previousItem":{"@type":"ListItem","@id":"https:\/\/www.eldigitaldeasturias.com\/noticias#listItem","name":"Home"}},{"@type":"ListItem","@id":"https:\/\/www.eldigitaldeasturias.com\/noticias\/el-psoe-dice-que-foro-solo-quiere-obstaculizar-el-presupuesto-de-asturias-no-debatirlo\/#listItem","position":3,"name":"El PSOE dice que Foro s\u00f3lo quiere obstaculizar el presupuesto de Asturias, no debatirlo","previousItem":{"@type":"ListItem","@id":"https:\/\/www.eldigitaldeasturias.com\/noticias\/category\/actualidad-asturias\/#listItem","name":"Actualidad Asturias"}}]},{"@type":"Organization","@id":"https:\/\/www.eldigitaldeasturias.com\/noticias\/#organization","name":"El Digital de Asturias","description":"Hemeroteca","url":"https:\/\/www.eldigitaldeasturias.com\/noticias\/","email":"info@eldigitaldeasturias.com","telephone":"+34652131393","logo":{"@type":"ImageObject","url":"https:\/\/www.eldigitaldeasturias.com\/noticias\/wp-content\/uploads\/2020\/12\/EDA.jpg","@id":"https:\/\/www.eldigitaldeasturias.com\/noticias\/el-psoe-dice-que-foro-solo-quiere-obstaculizar-el-presupuesto-de-asturias-no-debatirlo\/#organizationLogo"},"image":{"@id":"https:\/\/www.eldigitaldeasturias.com\/noticias\/el-psoe-dice-que-foro-solo-quiere-obstaculizar-el-presupuesto-de-asturias-no-debatirlo\/#organizationLogo"},"sameAs":["https:\/\/facebook.com\/eldigitaldeasturias","https:\/\/www.youtube.com\/channel\/UCZP-2wLEB9Rv6erhFmqVnvg"],"address":{"@id":"https:\/\/www.eldigitaldeasturias.com\/noticias\/#postaladdress","@type":"PostalAddress","streetAddress":"san antonio 4","postalCode":"33430","addressLocality":"Cand\u00e1s","addressRegion":"Asturias","addressCountry":"ES"}},{"@type":"Person","@id":"https:\/\/www.eldigitaldeasturias.com\/noticias\/author\/admin\/#author","url":"https:\/\/www.eldigitaldeasturias.com\/noticias\/author\/admin\/","name":"El Digital de Asturias","image":{"@type":"ImageObject","@id":"https:\/\/www.eldigitaldeasturias.com\/noticias\/el-psoe-dice-que-foro-solo-quiere-obstaculizar-el-presupuesto-de-asturias-no-debatirlo\/#authorImage","url":"https:\/\/secure.gravatar.com\/avatar\/df2aeffc32bcd13f8d26072ef8a91b623d677766deac7f97ca815868cd41bf5e?s=96&d=mm&r=g","width":96,"height":96,"caption":"El Digital de Asturias"}},{"@type":"WebPage","@id":"https:\/\/www.eldigitaldeasturias.com\/noticias\/el-psoe-dice-que-foro-solo-quiere-obstaculizar-el-presupuesto-de-asturias-no-debatirlo\/#webpage","url":"https:\/\/www.eldigitaldeasturias.com\/noticias\/el-psoe-dice-que-foro-solo-quiere-obstaculizar-el-presupuesto-de-asturias-no-debatirlo\/","name":"El PSOE dice que Foro s\u00f3lo quiere obstaculizar el presupuesto de Asturias, no debatirlo - El Digital de Asturias","description":"Oviedo, 5 dic (EFE).- El portavoz socialista en el parlamento asturiano, Fernando Lastra, ha asegurado hoy que desde Foro se act\u00faa con el \u00fanico af\u00e1n de obstaculizar que Asturias cuente con unos presupuestos regionales en 2014 y con \u00e1nimo de debatir, aunque sea para rechazarlo. Lastra ha hecho estas declaraciones a ra\u00edz de que Foro","inLanguage":"es-ES","isPartOf":{"@id":"https:\/\/www.eldigitaldeasturias.com\/noticias\/#website"},"breadcrumb":{"@id":"https:\/\/www.eldigitaldeasturias.com\/noticias\/el-psoe-dice-que-foro-solo-quiere-obstaculizar-el-presupuesto-de-asturias-no-debatirlo\/#breadcrumblist"},"author":{"@id":"https:\/\/www.eldigitaldeasturias.com\/noticias\/author\/admin\/#author"},"creator":{"@id":"https:\/\/www.eldigitaldeasturias.com\/noticias\/author\/admin\/#author"},"image":{"@type":"ImageObject","url":"https:\/\/www.eldigitaldeasturias.com\/noticias\/wp-content\/uploads\/2026\/06\/Contenidos.jpg","@id":"https:\/\/www.eldigitaldeasturias.com\/noticias\/el-psoe-dice-que-foro-solo-quiere-obstaculizar-el-presupuesto-de-asturias-no-debatirlo\/#mainImage","width":1265,"height":697,"caption":"Contenidos"},"primaryImageOfPage":{"@id":"https:\/\/www.eldigitaldeasturias.com\/noticias\/el-psoe-dice-que-foro-solo-quiere-obstaculizar-el-presupuesto-de-asturias-no-debatirlo\/#mainImage"},"datePublished":"2013-12-05T19:52:25+01:00","dateModified":"2013-12-05T19:52:25+01:00"},{"@type":"WebSite","@id":"https:\/\/www.eldigitaldeasturias.com\/noticias\/#website","url":"https:\/\/www.eldigitaldeasturias.com\/noticias\/","name":"El Digital de Asturias - Diario de actualidad y noticias","alternateName":"El Digital de Asturias - Diario de actualidad y noticias","description":"Hemeroteca","inLanguage":"es-ES","publisher":{"@id":"https:\/\/www.eldigitaldeasturias.com\/noticias\/#organization"}}]},"og:locale":"es_ES","og:site_name":"El Digital de Asturias","og:type":"article","og:title":"El PSOE dice que Foro s\u00f3lo quiere obstaculizar el presupuesto de Asturias, no debatirlo - El Digital de Asturias","og:description":"Oviedo, 5 dic (EFE).- El portavoz socialista en el parlamento asturiano, Fernando Lastra, ha asegurado hoy que desde Foro se act\u00faa con el \u00fanico af\u00e1n de obstaculizar que Asturias cuente con unos presupuestos regionales en 2014 y con \u00e1nimo de debatir, aunque sea para rechazarlo. Lastra ha hecho estas declaraciones a ra\u00edz de que Foro","og:url":"https:\/\/www.eldigitaldeasturias.com\/noticias\/el-psoe-dice-que-foro-solo-quiere-obstaculizar-el-presupuesto-de-asturias-no-debatirlo\/","og:image":"https:\/\/www.eldigitaldeasturias.com\/noticias\/wp-content\/uploads\/2026\/06\/Contenidos.jpg","og:image:secure_url":"https:\/\/www.eldigitaldeasturias.com\/noticias\/wp-content\/uploads\/2026\/06\/Contenidos.jpg","og:image:width":1265,"og:image:height":697,"article:tag":["actualidad asturias"],"article:published_time":"2013-12-05T20:52:25+00:00","article:modified_time":"2013-12-05T20:52:25+00:00","article:publisher":"https:\/\/facebook.com\/eldigitaldeasturias","twitter:card":"summary_large_image","twitter:title":"El PSOE dice que Foro s\u00f3lo quiere obstaculizar el presupuesto de Asturias, no debatirlo - El Digital de Asturias","twitter:description":"Oviedo, 5 dic (EFE).- El portavoz socialista en el parlamento asturiano, Fernando Lastra, ha asegurado hoy que desde Foro se act\u00faa con el \u00fanico af\u00e1n de obstaculizar que Asturias cuente con unos presupuestos regionales en 2014 y con \u00e1nimo de debatir, aunque sea para rechazarlo. Lastra ha hecho estas declaraciones a ra\u00edz de que Foro","twitter:image":"https:\/\/www.eldigitaldeasturias.com\/noticias\/wp-content\/uploads\/2026\/06\/Contenidos.jpg","twitter:label1":"Escrito por","twitter:data1":"El Digital de Asturias","twitter:label2":"Tiempo de lectura estimado","twitter:data2":"3 minutos"},"aioseo_meta_data":{"post_id":"458083","title":null,"description":null,"keywords":null,"keyphrases":null,"primary_term":null,"canonical_url":null,"og_title":null,"og_description":null,"og_object_type":"default","og_image_type":"default","og_image_url":null,"og_image_width":null,"og_image_height":null,"og_image_custom_url":null,"og_image_custom_fields":null,"og_video":null,"og_custom_url":null,"og_article_section":null,"og_article_tags":null,"twitter_use_og":true,"twitter_card":"default","twitter_image_type":"default","twitter_image_url":null,"twitter_image_custom_url":null,"twitter_image_custom_fields":null,"twitter_title":null,"twitter_description":null,"schema":{"blockGraphs":[],"customGraphs":[],"default":{"data":{"Article":[],"Course":[],"Dataset":[],"FAQPage":[],"Movie":[],"Person":[],"Product":[],"ProductReview":[],"Car":[],"Recipe":[],"Service":[],"SoftwareApplication":[],"WebPage":[]},"graphName":"","isEnabled":true},"graphs":[],"defaultGraph":"","defaultPostTypeGraph":""},"schema_type":null,"schema_type_options":null,"pillar_content":false,"robots_default":true,"robots_noindex":false,"robots_noarchive":false,"robots_nosnippet":false,"robots_nofollow":false,"robots_noimageindex":false,"robots_noodp":false,"robots_notranslate":false,"robots_max_snippet":null,"robots_max_videopreview":null,"robots_max_imagepreview":"none","priority":null,"frequency":null,"local_seo":null,"seo_analyzer_scan_date":"2026-05-30 04:22:04","breadcrumb_settings":null,"limit_modified_date":false,"open_ai":null,"ai":null,"created":"2020-11-14 22:46:14","updated":"2026-05-30 04:22:04","focus_keyword":null,"additional_keywords":null,"truseo_locale":null},"aioseo_breadcrumb":"<div class=\"aioseo-breadcrumbs\"><span class=\"aioseo-breadcrumb\">\n\t<a href=\"https:\/\/www.eldigitaldeasturias.com\/noticias\" title=\"Home\">Home<\/a>\n<\/span><span class=\"aioseo-breadcrumb-separator\">\u2013<\/span><span class=\"aioseo-breadcrumb\">\n\t<a href=\"https:\/\/www.eldigitaldeasturias.com\/noticias\/category\/actualidad-asturias\/\" title=\"Actualidad Asturias\">Actualidad Asturias<\/a>\n<\/span><span class=\"aioseo-breadcrumb-separator\">\u2013<\/span><span class=\"aioseo-breadcrumb\">\n\t<a href=\"https:\/\/www.eldigitaldeasturias.com\/noticias\/el-psoe-dice-que-foro-solo-quiere-obstaculizar-el-presupuesto-de-asturias-no-debatirlo\/\" title=\"El PSOE dice que Foro s\u00f3lo quiere obstaculizar el presupuesto de Asturias, no debatirlo\">El PSOE dice que Foro s\u00f3lo quiere obstaculizar el presupuesto de Asturias, no debatirlo<\/a>\n<\/span><\/div>","aioseo_breadcrumb_json":[{"label":"Home","link":"https:\/\/www.eldigitaldeasturias.com\/noticias"},{"label":"Actualidad Asturias","link":"https:\/\/www.eldigitaldeasturias.com\/noticias\/category\/actualidad-asturias\/"},{"label":"El PSOE dice que Foro s\u00f3lo quiere obstaculizar el presupuesto de Asturias, no debatirlo","link":"https:\/\/www.eldigitaldeasturias.com\/noticias\/el-psoe-dice-que-foro-solo-quiere-obstaculizar-el-presupuesto-de-asturias-no-debatirlo\/"}],"_links":{"self":[{"href":"https:\/\/www.eldigitaldeasturias.com\/noticias\/wp-json\/wp\/v2\/posts\/458083","targetHints":{"allow":["GET"]}}],"collection":[{"href":"https:\/\/www.eldigitaldeasturias.com\/noticias\/wp-json\/wp\/v2\/posts"}],"about":[{"href":"https:\/\/www.eldigitaldeasturias.com\/noticias\/wp-json\/wp\/v2\/types\/post"}],"author":[{"embeddable":true,"href":"https:\/\/www.eldigitaldeasturias.com\/noticias\/wp-json\/wp\/v2\/users\/1"}],"replies":[{"embeddable":true,"href":"https:\/\/www.eldigitaldeasturias.com\/noticias\/wp-json\/wp\/v2\/comments?post=458083"}],"version-history":[{"count":0,"href":"https:\/\/www.eldigitaldeasturias.com\/noticias\/wp-json\/wp\/v2\/posts\/458083\/revisions"}],"wp:featuredmedia":[{"embeddable":true,"href":"https:\/\/www.eldigitaldeasturias.com\/noticias\/wp-json\/wp\/v2\/media\/1132184"}],"wp:attachment":[{"href":"https:\/\/www.eldigitaldeasturias.com\/noticias\/wp-json\/wp\/v2\/media?parent=458083"}],"wp:term":[{"taxonomy":"category","embeddable":true,"href":"https:\/\/www.eldigitaldeasturias.com\/noticias\/wp-json\/wp\/v2\/categories?post=458083"},{"taxonomy":"post_tag","embeddable":true,"href":"https:\/\/www.eldigitaldeasturias.com\/noticias\/wp-json\/wp\/v2\/tags?post=458083"}],"curies":[{"name":"wp","href":"https:\/\/api.w.org\/{rel}","templated":true}]}}