{"id":458081,"date":"2013-12-05T19:50:37","date_gmt":"2013-12-05T20:50:37","guid":{"rendered":"http:\/\/www.eldigitaldeasturias.com\/noticias\/?p=458081"},"modified":"2013-12-05T19:50:37","modified_gmt":"2013-12-05T20:50:37","slug":"asturex-invertira-mas-de-cinco-millones-de-euros-en-su-plan-de-accion-para-2014","status":"publish","type":"post","link":"https:\/\/www.eldigitaldeasturias.com\/noticias\/asturex-invertira-mas-de-cinco-millones-de-euros-en-su-plan-de-accion-para-2014\/","title":{"rendered":"Asturex invertir\u00e1 m\u00e1s de cinco millones de euros en su plan de acci\u00f3n para 2014"},"content":{"rendered":"<p><img loading=\"lazy\" decoding=\"async\" class=\"alignleft size-medium wp-image-3048\" alt=\"2013_09_25 Reunion Consejo Gobierno 1\" src=\"https:\/\/www.eldigitaldeasturias.com\/noticias\/wp-content\/uploads\/2013\/09\/2013_09_25-Reunion-Consejo-Gobierno-1-360x224.jpg\" width=\"360\" height=\"224\" \/>La Sociedad de Promoci\u00f3n Exterior del Principado (Asturex), dependiente de la Consejer\u00eda de Econom\u00eda y Empleo, ha aprobado un ambicioso plan de acci\u00f3n para 2014 en el que apuesta sobre todo por la especializaci\u00f3n de acciones comerciales por sectores econ\u00f3micos y por el desarrollo de proyectos de internacionalizaci\u00f3n individuales para empresas y en el que invertir\u00e1, junto con el Instituto de Desarrollo Econ\u00f3mico del Principado de Asturias (IDEPA), 5,1 millones de euros.<\/p>\n<p>El plan introduce varias novedades en la estrategia de internacionalizaci\u00f3n, una de ellas es la definici\u00f3n y desarrollo de acciones comerciales por sectores. En concreto, se definen cuatro programas sectoriales, todos ellos consensuados con las asociaciones correspondientes, entre ellas la Confederaci\u00f3n Asturiana de la Construcci\u00f3n (CAC), la Federaci\u00f3n de Empresarios del Metal y Afines (Femetal), el Cluster TIC.<\/p>\n<p>Estos cuatro programas sectoriales que guiar\u00e1n la apertura de las empresas asturianas al mercado exterior se refiere al sector agroalimentario, metalmec\u00e1nico, construcci\u00f3n y a las empresas de tecnolog\u00edas de la informaci\u00f3n y la comunicaci\u00f3n (TIC) y de base tecnol\u00f3gica. Cada uno de estos planes sectoriales contempla misiones comerciales directas, la participaci\u00f3n en ferias y una apuesta clara por las misiones inversas. El objetivo de Asturex es realizar 60 acciones comerciales durante el pr\u00f3ximo a\u00f1o, lo que supondr\u00e1 triplicar las operaciones desarrolladas en 2013.<\/p>\n<p>Otra de las novedades del nuevo plan es la especializaci\u00f3n de la red de promotores exteriores de Asturex, de modo que se buscar\u00e1n consultores especializados para el desarrollo de las acciones de los diferentes sectores. Adem\u00e1s y por primera vez, se pondr\u00e1n en marcha dos nuevas herramientas de apoyo a la internacionalizaci\u00f3n de las empresas asturianas. Por un lado, se dise\u00f1ar\u00e1n proyectos individuales a medida para las empresas y est\u00e1 previsto trabajar con un centenar de empresas de manera individualizada; por otro, se apoyar\u00e1 la constituci\u00f3n de consorcios de exportaci\u00f3n, figura b\u00e1sica para la cooperaci\u00f3n entre las empresas, lo que permitir\u00e1 a las compa\u00f1\u00edas asturianas ganar dimensi\u00f3n en los mercados internacionales. Asimismo, Asturex reforzar\u00e1 el programa de iniciaci\u00f3n a las exportaciones, clave para el futuro de las empresas asturianas.<\/p>\n<p>El plan de acci\u00f3n para 2014 de Asturex se asienta sobre los criterios estrat\u00e9gicos establecidos en el Programa de Internacionalizaci\u00f3n 2013-2015, aprobado por el consejo de administraci\u00f3n el pasado mes de julio. Este programa contempla entre sus objetivos la especializaci\u00f3n de las acciones comerciales, la cooperaci\u00f3n empresarial para que las empresas de la regi\u00f3n ganen dimensi\u00f3n internacional y el enfoque al cliente a trav\u00e9s de acciones a medida.<\/p>\n","protected":false},"excerpt":{"rendered":"<p>La Sociedad de Promoci\u00f3n Exterior del Principado (Asturex), dependiente de la Consejer\u00eda de Econom\u00eda y Empleo, ha aprobado un ambicioso plan de acci\u00f3n para 2014 en el que apuesta sobre todo por la especializaci\u00f3n de acciones comerciales por sectores econ\u00f3micos y por el desarrollo de proyectos de internacionalizaci\u00f3n individuales para empresas y en el que [&hellip;]<\/p>\n","protected":false},"author":1,"featured_media":1132184,"comment_status":"closed","ping_status":"open","sticky":false,"template":"","format":"standard","meta":{"footnotes":""},"categories":[12],"tags":[],"class_list":["post-458081","post","type-post","status-publish","format-standard","has-post-thumbnail","hentry","category-actualidad-asturias"],"aioseo_notices":[],"aioseo_head":"\n\t\t<!-- All in One SEO Pro 5.0.1 - aioseo.com -->\n\t<meta name=\"description\" content=\"La Sociedad de Promoci\u00f3n Exterior del Principado (Asturex), dependiente de la Consejer\u00eda de Econom\u00eda y Empleo, ha aprobado un ambicioso plan de acci\u00f3n para 2014 en el que apuesta sobre todo por la especializaci\u00f3n de acciones comerciales por sectores econ\u00f3micos y por el desarrollo de proyectos de internacionalizaci\u00f3n individuales para empresas y en el que\" \/>\n\t<meta name=\"robots\" content=\"max-image-preview:large\" \/>\n\t<meta name=\"author\" content=\"El Digital de Asturias\"\/>\n\t<meta name=\"google-site-verification\" content=\"UA-38556648-1\" \/>\n\t<meta name=\"msvalidate.01\" content=\"7dfe9f3f1b24437ab69f4f2559babe99\" \/>\n\t<meta name=\"keywords\" content=\"actualidad asturias\" \/>\n\t<link rel=\"canonical\" href=\"https:\/\/www.eldigitaldeasturias.com\/noticias\/asturex-invertira-mas-de-cinco-millones-de-euros-en-su-plan-de-accion-para-2014\/\" \/>\n\t<meta name=\"generator\" content=\"All in One SEO Pro (AIOSEO) 5.0.1\" \/>\n\t\t<meta property=\"og:locale\" content=\"es_ES\" \/>\n\t\t<meta property=\"og:site_name\" content=\"El Digital de Asturias\" \/>\n\t\t<meta property=\"og:type\" content=\"article\" \/>\n\t\t<meta property=\"og:title\" content=\"Asturex invertir\u00e1 m\u00e1s de cinco millones de euros en su plan de acci\u00f3n para 2014 - El Digital de Asturias\" \/>\n\t\t<meta property=\"og:description\" content=\"La Sociedad de Promoci\u00f3n Exterior del Principado (Asturex), dependiente de la Consejer\u00eda de Econom\u00eda y Empleo, ha aprobado un ambicioso plan de acci\u00f3n para 2014 en el que apuesta sobre todo por la especializaci\u00f3n de acciones comerciales por sectores econ\u00f3micos y por el desarrollo de proyectos de internacionalizaci\u00f3n individuales para empresas y en el que\" \/>\n\t\t<meta property=\"og:url\" content=\"https:\/\/www.eldigitaldeasturias.com\/noticias\/asturex-invertira-mas-de-cinco-millones-de-euros-en-su-plan-de-accion-para-2014\/\" \/>\n\t\t<meta property=\"og:image\" content=\"https:\/\/www.eldigitaldeasturias.com\/noticias\/wp-content\/uploads\/2026\/06\/Contenidos.jpg\" \/>\n\t\t<meta property=\"og:image:secure_url\" content=\"https:\/\/www.eldigitaldeasturias.com\/noticias\/wp-content\/uploads\/2026\/06\/Contenidos.jpg\" \/>\n\t\t<meta property=\"og:image:width\" content=\"1265\" \/>\n\t\t<meta property=\"og:image:height\" content=\"697\" \/>\n\t\t<meta property=\"article:tag\" content=\"actualidad asturias\" \/>\n\t\t<meta property=\"article:published_time\" content=\"2013-12-05T20:50:37+00:00\" \/>\n\t\t<meta property=\"article:modified_time\" content=\"2013-12-05T20:50:37+00:00\" \/>\n\t\t<meta property=\"article:publisher\" content=\"https:\/\/facebook.com\/eldigitaldeasturias\" \/>\n\t\t<meta name=\"twitter:card\" content=\"summary_large_image\" \/>\n\t\t<meta name=\"twitter:title\" content=\"Asturex invertir\u00e1 m\u00e1s de cinco millones de euros en su plan de acci\u00f3n para 2014 - El Digital de Asturias\" \/>\n\t\t<meta name=\"twitter:description\" content=\"La Sociedad de Promoci\u00f3n Exterior del Principado (Asturex), dependiente de la Consejer\u00eda de Econom\u00eda y Empleo, ha aprobado un ambicioso plan de acci\u00f3n para 2014 en el que apuesta sobre todo por la especializaci\u00f3n de acciones comerciales por sectores econ\u00f3micos y por el desarrollo de proyectos de internacionalizaci\u00f3n individuales para empresas y en el que\" \/>\n\t\t<meta name=\"twitter:image\" content=\"https:\/\/www.eldigitaldeasturias.com\/noticias\/wp-content\/uploads\/2026\/06\/Contenidos.jpg\" \/>\n\t\t<meta name=\"twitter:label1\" content=\"Escrito por\" \/>\n\t\t<meta name=\"twitter:data1\" content=\"El Digital de Asturias\" \/>\n\t\t<meta name=\"twitter:label2\" content=\"Tiempo de lectura estimado\" \/>\n\t\t<meta name=\"twitter:data2\" content=\"2 minutos\" \/>\n\t\t<script type=\"application\/ld+json\" class=\"aioseo-schema\">\n\t\t\t{\"@context\":\"https:\\\/\\\/schema.org\",\"@graph\":[{\"@type\":\"BlogPosting\",\"@id\":\"https:\\\/\\\/www.eldigitaldeasturias.com\\\/noticias\\\/asturex-invertira-mas-de-cinco-millones-de-euros-en-su-plan-de-accion-para-2014\\\/#blogposting\",\"name\":\"Asturex invertir\\u00e1 m\\u00e1s de cinco millones de euros en su plan de acci\\u00f3n para 2014 - El Digital de Asturias\",\"headline\":\"Asturex invertir\\u00e1 m\\u00e1s de cinco millones de euros en su plan de acci\\u00f3n para 2014\",\"author\":{\"@id\":\"https:\\\/\\\/www.eldigitaldeasturias.com\\\/noticias\\\/author\\\/admin\\\/#author\"},\"publisher\":{\"@id\":\"https:\\\/\\\/www.eldigitaldeasturias.com\\\/noticias\\\/#organization\"},\"image\":{\"@type\":\"ImageObject\",\"url\":\"https:\\\/\\\/www.eldigitaldeasturias.com\\\/noticias\\\/wp-content\\\/uploads\\\/2026\\\/06\\\/Contenidos.jpg\",\"width\":1265,\"height\":697,\"caption\":\"Contenidos\"},\"datePublished\":\"2013-12-05T19:50:37+01:00\",\"dateModified\":\"2013-12-05T19:50:37+01:00\",\"inLanguage\":\"es-ES\",\"mainEntityOfPage\":{\"@id\":\"https:\\\/\\\/www.eldigitaldeasturias.com\\\/noticias\\\/asturex-invertira-mas-de-cinco-millones-de-euros-en-su-plan-de-accion-para-2014\\\/#webpage\"},\"isPartOf\":{\"@id\":\"https:\\\/\\\/www.eldigitaldeasturias.com\\\/noticias\\\/asturex-invertira-mas-de-cinco-millones-de-euros-en-su-plan-de-accion-para-2014\\\/#webpage\"},\"articleSection\":\"Actualidad Asturias\"},{\"@type\":\"BreadcrumbList\",\"@id\":\"https:\\\/\\\/www.eldigitaldeasturias.com\\\/noticias\\\/asturex-invertira-mas-de-cinco-millones-de-euros-en-su-plan-de-accion-para-2014\\\/#breadcrumblist\",\"itemListElement\":[{\"@type\":\"ListItem\",\"@id\":\"https:\\\/\\\/www.eldigitaldeasturias.com\\\/noticias#listItem\",\"position\":1,\"name\":\"Home\",\"item\":\"https:\\\/\\\/www.eldigitaldeasturias.com\\\/noticias\",\"nextItem\":{\"@type\":\"ListItem\",\"@id\":\"https:\\\/\\\/www.eldigitaldeasturias.com\\\/noticias\\\/category\\\/actualidad-asturias\\\/#listItem\",\"name\":\"Actualidad Asturias\"}},{\"@type\":\"ListItem\",\"@id\":\"https:\\\/\\\/www.eldigitaldeasturias.com\\\/noticias\\\/category\\\/actualidad-asturias\\\/#listItem\",\"position\":2,\"name\":\"Actualidad Asturias\",\"item\":\"https:\\\/\\\/www.eldigitaldeasturias.com\\\/noticias\\\/category\\\/actualidad-asturias\\\/\",\"nextItem\":{\"@type\":\"ListItem\",\"@id\":\"https:\\\/\\\/www.eldigitaldeasturias.com\\\/noticias\\\/asturex-invertira-mas-de-cinco-millones-de-euros-en-su-plan-de-accion-para-2014\\\/#listItem\",\"name\":\"Asturex invertir\\u00e1 m\\u00e1s de cinco millones de euros en su plan de acci\\u00f3n para 2014\"},\"previousItem\":{\"@type\":\"ListItem\",\"@id\":\"https:\\\/\\\/www.eldigitaldeasturias.com\\\/noticias#listItem\",\"name\":\"Home\"}},{\"@type\":\"ListItem\",\"@id\":\"https:\\\/\\\/www.eldigitaldeasturias.com\\\/noticias\\\/asturex-invertira-mas-de-cinco-millones-de-euros-en-su-plan-de-accion-para-2014\\\/#listItem\",\"position\":3,\"name\":\"Asturex invertir\\u00e1 m\\u00e1s de cinco millones de euros en su plan de acci\\u00f3n para 2014\",\"previousItem\":{\"@type\":\"ListItem\",\"@id\":\"https:\\\/\\\/www.eldigitaldeasturias.com\\\/noticias\\\/category\\\/actualidad-asturias\\\/#listItem\",\"name\":\"Actualidad Asturias\"}}]},{\"@type\":\"Organization\",\"@id\":\"https:\\\/\\\/www.eldigitaldeasturias.com\\\/noticias\\\/#organization\",\"name\":\"El Digital de Asturias\",\"description\":\"Hemeroteca\",\"url\":\"https:\\\/\\\/www.eldigitaldeasturias.com\\\/noticias\\\/\",\"email\":\"info@eldigitaldeasturias.com\",\"telephone\":\"+34652131393\",\"logo\":{\"@type\":\"ImageObject\",\"url\":\"https:\\\/\\\/www.eldigitaldeasturias.com\\\/noticias\\\/wp-content\\\/uploads\\\/2020\\\/12\\\/EDA.jpg\",\"@id\":\"https:\\\/\\\/www.eldigitaldeasturias.com\\\/noticias\\\/asturex-invertira-mas-de-cinco-millones-de-euros-en-su-plan-de-accion-para-2014\\\/#organizationLogo\"},\"image\":{\"@id\":\"https:\\\/\\\/www.eldigitaldeasturias.com\\\/noticias\\\/asturex-invertira-mas-de-cinco-millones-de-euros-en-su-plan-de-accion-para-2014\\\/#organizationLogo\"},\"sameAs\":[\"https:\\\/\\\/facebook.com\\\/eldigitaldeasturias\",\"https:\\\/\\\/www.youtube.com\\\/channel\\\/UCZP-2wLEB9Rv6erhFmqVnvg\"],\"address\":{\"@id\":\"https:\\\/\\\/www.eldigitaldeasturias.com\\\/noticias\\\/#postaladdress\",\"@type\":\"PostalAddress\",\"streetAddress\":\"san antonio 4\",\"postalCode\":\"33430\",\"addressLocality\":\"Cand\\u00e1s\",\"addressRegion\":\"Asturias\",\"addressCountry\":\"ES\"}},{\"@type\":\"Person\",\"@id\":\"https:\\\/\\\/www.eldigitaldeasturias.com\\\/noticias\\\/author\\\/admin\\\/#author\",\"url\":\"https:\\\/\\\/www.eldigitaldeasturias.com\\\/noticias\\\/author\\\/admin\\\/\",\"name\":\"El Digital de Asturias\",\"image\":{\"@type\":\"ImageObject\",\"@id\":\"https:\\\/\\\/www.eldigitaldeasturias.com\\\/noticias\\\/asturex-invertira-mas-de-cinco-millones-de-euros-en-su-plan-de-accion-para-2014\\\/#authorImage\",\"url\":\"https:\\\/\\\/secure.gravatar.com\\\/avatar\\\/df2aeffc32bcd13f8d26072ef8a91b623d677766deac7f97ca815868cd41bf5e?s=96&d=mm&r=g\",\"width\":96,\"height\":96,\"caption\":\"El Digital de Asturias\"}},{\"@type\":\"WebPage\",\"@id\":\"https:\\\/\\\/www.eldigitaldeasturias.com\\\/noticias\\\/asturex-invertira-mas-de-cinco-millones-de-euros-en-su-plan-de-accion-para-2014\\\/#webpage\",\"url\":\"https:\\\/\\\/www.eldigitaldeasturias.com\\\/noticias\\\/asturex-invertira-mas-de-cinco-millones-de-euros-en-su-plan-de-accion-para-2014\\\/\",\"name\":\"Asturex invertir\\u00e1 m\\u00e1s de cinco millones de euros en su plan de acci\\u00f3n para 2014 - El Digital de Asturias\",\"description\":\"La Sociedad de Promoci\\u00f3n Exterior del Principado (Asturex), dependiente de la Consejer\\u00eda de Econom\\u00eda y Empleo, ha aprobado un ambicioso plan de acci\\u00f3n para 2014 en el que apuesta sobre todo por la especializaci\\u00f3n de acciones comerciales por sectores econ\\u00f3micos y por el desarrollo de proyectos de internacionalizaci\\u00f3n individuales para empresas y en el que\",\"inLanguage\":\"es-ES\",\"isPartOf\":{\"@id\":\"https:\\\/\\\/www.eldigitaldeasturias.com\\\/noticias\\\/#website\"},\"breadcrumb\":{\"@id\":\"https:\\\/\\\/www.eldigitaldeasturias.com\\\/noticias\\\/asturex-invertira-mas-de-cinco-millones-de-euros-en-su-plan-de-accion-para-2014\\\/#breadcrumblist\"},\"author\":{\"@id\":\"https:\\\/\\\/www.eldigitaldeasturias.com\\\/noticias\\\/author\\\/admin\\\/#author\"},\"creator\":{\"@id\":\"https:\\\/\\\/www.eldigitaldeasturias.com\\\/noticias\\\/author\\\/admin\\\/#author\"},\"image\":{\"@type\":\"ImageObject\",\"url\":\"https:\\\/\\\/www.eldigitaldeasturias.com\\\/noticias\\\/wp-content\\\/uploads\\\/2026\\\/06\\\/Contenidos.jpg\",\"@id\":\"https:\\\/\\\/www.eldigitaldeasturias.com\\\/noticias\\\/asturex-invertira-mas-de-cinco-millones-de-euros-en-su-plan-de-accion-para-2014\\\/#mainImage\",\"width\":1265,\"height\":697,\"caption\":\"Contenidos\"},\"primaryImageOfPage\":{\"@id\":\"https:\\\/\\\/www.eldigitaldeasturias.com\\\/noticias\\\/asturex-invertira-mas-de-cinco-millones-de-euros-en-su-plan-de-accion-para-2014\\\/#mainImage\"},\"datePublished\":\"2013-12-05T19:50:37+01:00\",\"dateModified\":\"2013-12-05T19:50:37+01:00\"},{\"@type\":\"WebSite\",\"@id\":\"https:\\\/\\\/www.eldigitaldeasturias.com\\\/noticias\\\/#website\",\"url\":\"https:\\\/\\\/www.eldigitaldeasturias.com\\\/noticias\\\/\",\"name\":\"El Digital de Asturias - Diario de actualidad y noticias\",\"alternateName\":\"El Digital de Asturias - Diario de actualidad y noticias\",\"description\":\"Hemeroteca\",\"inLanguage\":\"es-ES\",\"publisher\":{\"@id\":\"https:\\\/\\\/www.eldigitaldeasturias.com\\\/noticias\\\/#organization\"}}]}\n\t\t<\/script>\n\t\t<!-- All in One SEO Pro -->\r\n\t\t<title>Asturex invertir\u00e1 m\u00e1s de cinco millones de euros en su plan de acci\u00f3n para 2014 - El Digital de Asturias<\/title>\n\n","aioseo_head_json":{"title":"Asturex invertir\u00e1 m\u00e1s de cinco millones de euros en su plan de acci\u00f3n para 2014 - El Digital de Asturias","description":"La Sociedad de Promoci\u00f3n Exterior del Principado (Asturex), dependiente de la Consejer\u00eda de Econom\u00eda y Empleo, ha aprobado un ambicioso plan de acci\u00f3n para 2014 en el que apuesta sobre todo por la especializaci\u00f3n de acciones comerciales por sectores econ\u00f3micos y por el desarrollo de proyectos de internacionalizaci\u00f3n individuales para empresas y en el que","canonical_url":"https:\/\/www.eldigitaldeasturias.com\/noticias\/asturex-invertira-mas-de-cinco-millones-de-euros-en-su-plan-de-accion-para-2014\/","robots":"max-image-preview:large","keywords":"actualidad asturias","webmasterTools":{"google-site-verification":"UA-38556648-1","msvalidate.01":"7dfe9f3f1b24437ab69f4f2559babe99","miscellaneous":""},"schema":{"@context":"https:\/\/schema.org","@graph":[{"@type":"BlogPosting","@id":"https:\/\/www.eldigitaldeasturias.com\/noticias\/asturex-invertira-mas-de-cinco-millones-de-euros-en-su-plan-de-accion-para-2014\/#blogposting","name":"Asturex invertir\u00e1 m\u00e1s de cinco millones de euros en su plan de acci\u00f3n para 2014 - El Digital de Asturias","headline":"Asturex invertir\u00e1 m\u00e1s de cinco millones de euros en su plan de acci\u00f3n para 2014","author":{"@id":"https:\/\/www.eldigitaldeasturias.com\/noticias\/author\/admin\/#author"},"publisher":{"@id":"https:\/\/www.eldigitaldeasturias.com\/noticias\/#organization"},"image":{"@type":"ImageObject","url":"https:\/\/www.eldigitaldeasturias.com\/noticias\/wp-content\/uploads\/2026\/06\/Contenidos.jpg","width":1265,"height":697,"caption":"Contenidos"},"datePublished":"2013-12-05T19:50:37+01:00","dateModified":"2013-12-05T19:50:37+01:00","inLanguage":"es-ES","mainEntityOfPage":{"@id":"https:\/\/www.eldigitaldeasturias.com\/noticias\/asturex-invertira-mas-de-cinco-millones-de-euros-en-su-plan-de-accion-para-2014\/#webpage"},"isPartOf":{"@id":"https:\/\/www.eldigitaldeasturias.com\/noticias\/asturex-invertira-mas-de-cinco-millones-de-euros-en-su-plan-de-accion-para-2014\/#webpage"},"articleSection":"Actualidad Asturias"},{"@type":"BreadcrumbList","@id":"https:\/\/www.eldigitaldeasturias.com\/noticias\/asturex-invertira-mas-de-cinco-millones-de-euros-en-su-plan-de-accion-para-2014\/#breadcrumblist","itemListElement":[{"@type":"ListItem","@id":"https:\/\/www.eldigitaldeasturias.com\/noticias#listItem","position":1,"name":"Home","item":"https:\/\/www.eldigitaldeasturias.com\/noticias","nextItem":{"@type":"ListItem","@id":"https:\/\/www.eldigitaldeasturias.com\/noticias\/category\/actualidad-asturias\/#listItem","name":"Actualidad Asturias"}},{"@type":"ListItem","@id":"https:\/\/www.eldigitaldeasturias.com\/noticias\/category\/actualidad-asturias\/#listItem","position":2,"name":"Actualidad Asturias","item":"https:\/\/www.eldigitaldeasturias.com\/noticias\/category\/actualidad-asturias\/","nextItem":{"@type":"ListItem","@id":"https:\/\/www.eldigitaldeasturias.com\/noticias\/asturex-invertira-mas-de-cinco-millones-de-euros-en-su-plan-de-accion-para-2014\/#listItem","name":"Asturex invertir\u00e1 m\u00e1s de cinco millones de euros en su plan de acci\u00f3n para 2014"},"previousItem":{"@type":"ListItem","@id":"https:\/\/www.eldigitaldeasturias.com\/noticias#listItem","name":"Home"}},{"@type":"ListItem","@id":"https:\/\/www.eldigitaldeasturias.com\/noticias\/asturex-invertira-mas-de-cinco-millones-de-euros-en-su-plan-de-accion-para-2014\/#listItem","position":3,"name":"Asturex invertir\u00e1 m\u00e1s de cinco millones de euros en su plan de acci\u00f3n para 2014","previousItem":{"@type":"ListItem","@id":"https:\/\/www.eldigitaldeasturias.com\/noticias\/category\/actualidad-asturias\/#listItem","name":"Actualidad Asturias"}}]},{"@type":"Organization","@id":"https:\/\/www.eldigitaldeasturias.com\/noticias\/#organization","name":"El Digital de Asturias","description":"Hemeroteca","url":"https:\/\/www.eldigitaldeasturias.com\/noticias\/","email":"info@eldigitaldeasturias.com","telephone":"+34652131393","logo":{"@type":"ImageObject","url":"https:\/\/www.eldigitaldeasturias.com\/noticias\/wp-content\/uploads\/2020\/12\/EDA.jpg","@id":"https:\/\/www.eldigitaldeasturias.com\/noticias\/asturex-invertira-mas-de-cinco-millones-de-euros-en-su-plan-de-accion-para-2014\/#organizationLogo"},"image":{"@id":"https:\/\/www.eldigitaldeasturias.com\/noticias\/asturex-invertira-mas-de-cinco-millones-de-euros-en-su-plan-de-accion-para-2014\/#organizationLogo"},"sameAs":["https:\/\/facebook.com\/eldigitaldeasturias","https:\/\/www.youtube.com\/channel\/UCZP-2wLEB9Rv6erhFmqVnvg"],"address":{"@id":"https:\/\/www.eldigitaldeasturias.com\/noticias\/#postaladdress","@type":"PostalAddress","streetAddress":"san antonio 4","postalCode":"33430","addressLocality":"Cand\u00e1s","addressRegion":"Asturias","addressCountry":"ES"}},{"@type":"Person","@id":"https:\/\/www.eldigitaldeasturias.com\/noticias\/author\/admin\/#author","url":"https:\/\/www.eldigitaldeasturias.com\/noticias\/author\/admin\/","name":"El Digital de Asturias","image":{"@type":"ImageObject","@id":"https:\/\/www.eldigitaldeasturias.com\/noticias\/asturex-invertira-mas-de-cinco-millones-de-euros-en-su-plan-de-accion-para-2014\/#authorImage","url":"https:\/\/secure.gravatar.com\/avatar\/df2aeffc32bcd13f8d26072ef8a91b623d677766deac7f97ca815868cd41bf5e?s=96&d=mm&r=g","width":96,"height":96,"caption":"El Digital de Asturias"}},{"@type":"WebPage","@id":"https:\/\/www.eldigitaldeasturias.com\/noticias\/asturex-invertira-mas-de-cinco-millones-de-euros-en-su-plan-de-accion-para-2014\/#webpage","url":"https:\/\/www.eldigitaldeasturias.com\/noticias\/asturex-invertira-mas-de-cinco-millones-de-euros-en-su-plan-de-accion-para-2014\/","name":"Asturex invertir\u00e1 m\u00e1s de cinco millones de euros en su plan de acci\u00f3n para 2014 - El Digital de Asturias","description":"La Sociedad de Promoci\u00f3n Exterior del Principado (Asturex), dependiente de la Consejer\u00eda de Econom\u00eda y Empleo, ha aprobado un ambicioso plan de acci\u00f3n para 2014 en el que apuesta sobre todo por la especializaci\u00f3n de acciones comerciales por sectores econ\u00f3micos y por el desarrollo de proyectos de internacionalizaci\u00f3n individuales para empresas y en el que","inLanguage":"es-ES","isPartOf":{"@id":"https:\/\/www.eldigitaldeasturias.com\/noticias\/#website"},"breadcrumb":{"@id":"https:\/\/www.eldigitaldeasturias.com\/noticias\/asturex-invertira-mas-de-cinco-millones-de-euros-en-su-plan-de-accion-para-2014\/#breadcrumblist"},"author":{"@id":"https:\/\/www.eldigitaldeasturias.com\/noticias\/author\/admin\/#author"},"creator":{"@id":"https:\/\/www.eldigitaldeasturias.com\/noticias\/author\/admin\/#author"},"image":{"@type":"ImageObject","url":"https:\/\/www.eldigitaldeasturias.com\/noticias\/wp-content\/uploads\/2026\/06\/Contenidos.jpg","@id":"https:\/\/www.eldigitaldeasturias.com\/noticias\/asturex-invertira-mas-de-cinco-millones-de-euros-en-su-plan-de-accion-para-2014\/#mainImage","width":1265,"height":697,"caption":"Contenidos"},"primaryImageOfPage":{"@id":"https:\/\/www.eldigitaldeasturias.com\/noticias\/asturex-invertira-mas-de-cinco-millones-de-euros-en-su-plan-de-accion-para-2014\/#mainImage"},"datePublished":"2013-12-05T19:50:37+01:00","dateModified":"2013-12-05T19:50:37+01:00"},{"@type":"WebSite","@id":"https:\/\/www.eldigitaldeasturias.com\/noticias\/#website","url":"https:\/\/www.eldigitaldeasturias.com\/noticias\/","name":"El Digital de Asturias - Diario de actualidad y noticias","alternateName":"El Digital de Asturias - Diario de actualidad y noticias","description":"Hemeroteca","inLanguage":"es-ES","publisher":{"@id":"https:\/\/www.eldigitaldeasturias.com\/noticias\/#organization"}}]},"og:locale":"es_ES","og:site_name":"El Digital de Asturias","og:type":"article","og:title":"Asturex invertir\u00e1 m\u00e1s de cinco millones de euros en su plan de acci\u00f3n para 2014 - El Digital de Asturias","og:description":"La Sociedad de Promoci\u00f3n Exterior del Principado (Asturex), dependiente de la Consejer\u00eda de Econom\u00eda y Empleo, ha aprobado un ambicioso plan de acci\u00f3n para 2014 en el que apuesta sobre todo por la especializaci\u00f3n de acciones comerciales por sectores econ\u00f3micos y por el desarrollo de proyectos de internacionalizaci\u00f3n individuales para empresas y en el que","og:url":"https:\/\/www.eldigitaldeasturias.com\/noticias\/asturex-invertira-mas-de-cinco-millones-de-euros-en-su-plan-de-accion-para-2014\/","og:image":"https:\/\/www.eldigitaldeasturias.com\/noticias\/wp-content\/uploads\/2026\/06\/Contenidos.jpg","og:image:secure_url":"https:\/\/www.eldigitaldeasturias.com\/noticias\/wp-content\/uploads\/2026\/06\/Contenidos.jpg","og:image:width":1265,"og:image:height":697,"article:tag":["actualidad asturias"],"article:published_time":"2013-12-05T20:50:37+00:00","article:modified_time":"2013-12-05T20:50:37+00:00","article:publisher":"https:\/\/facebook.com\/eldigitaldeasturias","twitter:card":"summary_large_image","twitter:title":"Asturex invertir\u00e1 m\u00e1s de cinco millones de euros en su plan de acci\u00f3n para 2014 - El Digital de Asturias","twitter:description":"La Sociedad de Promoci\u00f3n Exterior del Principado (Asturex), dependiente de la Consejer\u00eda de Econom\u00eda y Empleo, ha aprobado un ambicioso plan de acci\u00f3n para 2014 en el que apuesta sobre todo por la especializaci\u00f3n de acciones comerciales por sectores econ\u00f3micos y por el desarrollo de proyectos de internacionalizaci\u00f3n individuales para empresas y en el que","twitter:image":"https:\/\/www.eldigitaldeasturias.com\/noticias\/wp-content\/uploads\/2026\/06\/Contenidos.jpg","twitter:label1":"Escrito por","twitter:data1":"El Digital de Asturias","twitter:label2":"Tiempo de lectura estimado","twitter:data2":"2 minutos"},"aioseo_meta_data":{"post_id":"458081","title":null,"description":null,"keywords":null,"keyphrases":null,"primary_term":null,"canonical_url":null,"og_title":null,"og_description":null,"og_object_type":"default","og_image_type":"default","og_image_url":null,"og_image_width":null,"og_image_height":null,"og_image_custom_url":null,"og_image_custom_fields":null,"og_video":null,"og_custom_url":null,"og_article_section":null,"og_article_tags":null,"twitter_use_og":true,"twitter_card":"default","twitter_image_type":"default","twitter_image_url":null,"twitter_image_custom_url":null,"twitter_image_custom_fields":null,"twitter_title":null,"twitter_description":null,"schema":{"blockGraphs":[],"customGraphs":[],"default":{"data":{"Article":[],"Course":[],"Dataset":[],"FAQPage":[],"Movie":[],"Person":[],"Product":[],"ProductReview":[],"Car":[],"Recipe":[],"Service":[],"SoftwareApplication":[],"WebPage":[]},"graphName":"","isEnabled":true},"graphs":[],"defaultGraph":"","defaultPostTypeGraph":""},"schema_type":null,"schema_type_options":null,"pillar_content":false,"robots_default":true,"robots_noindex":false,"robots_noarchive":false,"robots_nosnippet":false,"robots_nofollow":false,"robots_noimageindex":false,"robots_noodp":false,"robots_notranslate":false,"robots_max_snippet":null,"robots_max_videopreview":null,"robots_max_imagepreview":"none","priority":null,"frequency":null,"local_seo":null,"seo_analyzer_scan_date":"2026-05-30 04:22:03","breadcrumb_settings":null,"limit_modified_date":false,"open_ai":null,"ai":null,"created":"2020-11-14 22:46:14","updated":"2026-05-30 04:22:03","focus_keyword":null,"additional_keywords":null,"truseo_locale":null},"aioseo_breadcrumb":"<div class=\"aioseo-breadcrumbs\"><span class=\"aioseo-breadcrumb\">\n\t<a href=\"https:\/\/www.eldigitaldeasturias.com\/noticias\" title=\"Home\">Home<\/a>\n<\/span><span class=\"aioseo-breadcrumb-separator\">\u2013<\/span><span class=\"aioseo-breadcrumb\">\n\t<a href=\"https:\/\/www.eldigitaldeasturias.com\/noticias\/category\/actualidad-asturias\/\" title=\"Actualidad Asturias\">Actualidad Asturias<\/a>\n<\/span><span class=\"aioseo-breadcrumb-separator\">\u2013<\/span><span class=\"aioseo-breadcrumb\">\n\t<a href=\"https:\/\/www.eldigitaldeasturias.com\/noticias\/asturex-invertira-mas-de-cinco-millones-de-euros-en-su-plan-de-accion-para-2014\/\" title=\"Asturex invertir\u00e1 m\u00e1s de cinco millones de euros en su plan de acci\u00f3n para 2014\">Asturex invertir\u00e1 m\u00e1s de cinco millones de euros en su plan de acci\u00f3n para 2014<\/a>\n<\/span><\/div>","aioseo_breadcrumb_json":[{"label":"Home","link":"https:\/\/www.eldigitaldeasturias.com\/noticias"},{"label":"Actualidad Asturias","link":"https:\/\/www.eldigitaldeasturias.com\/noticias\/category\/actualidad-asturias\/"},{"label":"Asturex invertir\u00e1 m\u00e1s de cinco millones de euros en su plan de acci\u00f3n para 2014","link":"https:\/\/www.eldigitaldeasturias.com\/noticias\/asturex-invertira-mas-de-cinco-millones-de-euros-en-su-plan-de-accion-para-2014\/"}],"_links":{"self":[{"href":"https:\/\/www.eldigitaldeasturias.com\/noticias\/wp-json\/wp\/v2\/posts\/458081","targetHints":{"allow":["GET"]}}],"collection":[{"href":"https:\/\/www.eldigitaldeasturias.com\/noticias\/wp-json\/wp\/v2\/posts"}],"about":[{"href":"https:\/\/www.eldigitaldeasturias.com\/noticias\/wp-json\/wp\/v2\/types\/post"}],"author":[{"embeddable":true,"href":"https:\/\/www.eldigitaldeasturias.com\/noticias\/wp-json\/wp\/v2\/users\/1"}],"replies":[{"embeddable":true,"href":"https:\/\/www.eldigitaldeasturias.com\/noticias\/wp-json\/wp\/v2\/comments?post=458081"}],"version-history":[{"count":0,"href":"https:\/\/www.eldigitaldeasturias.com\/noticias\/wp-json\/wp\/v2\/posts\/458081\/revisions"}],"wp:featuredmedia":[{"embeddable":true,"href":"https:\/\/www.eldigitaldeasturias.com\/noticias\/wp-json\/wp\/v2\/media\/1132184"}],"wp:attachment":[{"href":"https:\/\/www.eldigitaldeasturias.com\/noticias\/wp-json\/wp\/v2\/media?parent=458081"}],"wp:term":[{"taxonomy":"category","embeddable":true,"href":"https:\/\/www.eldigitaldeasturias.com\/noticias\/wp-json\/wp\/v2\/categories?post=458081"},{"taxonomy":"post_tag","embeddable":true,"href":"https:\/\/www.eldigitaldeasturias.com\/noticias\/wp-json\/wp\/v2\/tags?post=458081"}],"curies":[{"name":"wp","href":"https:\/\/api.w.org\/{rel}","templated":true}]}}