{"id":458071,"date":"2013-12-05T19:36:59","date_gmt":"2013-12-05T20:36:59","guid":{"rendered":"http:\/\/www.eldigitaldeasturias.com\/noticias\/?p=458071"},"modified":"2013-12-05T19:36:59","modified_gmt":"2013-12-05T20:36:59","slug":"foro-lleva-de-nuevo-al-constitucional-la-tramitacion-del-presupuesto-regional","status":"publish","type":"post","link":"https:\/\/www.eldigitaldeasturias.com\/noticias\/foro-lleva-de-nuevo-al-constitucional-la-tramitacion-del-presupuesto-regional\/","title":{"rendered":"Foro lleva de nuevo al Constitucional la tramitaci\u00f3n del presupuesto regional"},"content":{"rendered":"<p><img loading=\"lazy\" decoding=\"async\" class=\"alignleft size-medium wp-image-189\" alt=\"coto_20130918113636_800\" src=\"https:\/\/www.eldigitaldeasturias.com\/noticias\/wp-content\/uploads\/2013\/09\/coto_20130918113636_800-321x320.jpg\" width=\"321\" height=\"320\" \/>Oviedo, 5 dic (EFE).- Foro Asturias ha anunciado hoy que recurrir\u00e1 ante el Tribunal Constitucional el procedimiento acordado ayer por PSOE, PP e IU para tramitar el presupuesto del Principado de 2014 por considerar que va contra los derechos que la Carta Magna otorga a los diputados y es contrario al reglamento del Parlamento asturiano.<\/p>\n<p>Foro Asturias ya recurri\u00f3 ante el mismo tribunal el proceso seguido para aprobar las cuentas regionales del presente ejercicio, recurso que a\u00fan est\u00e1 sin resolver.<\/p>\n<p>Seg\u00fan la portavoz parlamentaria de la formaci\u00f3n, Cristina Coto, el acuerdo alcanzado ayer por socialistas, populares e IU para evitar la prorroga de los presupuestos de 2013 durante unos d\u00edas supone una \u00abviolaci\u00f3n de las m\u00e1s elementales normas de funcionamiento democr\u00e1tico\u00bb en la Junta General del Principado.<\/p>\n<p>Para Coto, no s\u00f3lo se ha vulnerado la Constituci\u00f3n \u00abal cercenar y perturbar el desarrollo de las funciones propias de los diputados\u00bb, sino que los plazos impuestos infringen el Reglamento de la C\u00e1mara, pues la duraci\u00f3n tendr\u00eda que haber sido mucho de la acordado.<\/p>\n<p>De hecho, ha asegurado que \u00abtras las \u00f3rdenes dadas\u00bb por el delegado del Gobierno, Gabino de Lorenzo,el PSOE y PP aprobaron una tramitaci\u00f3n, \u00abno urgente, sino de extrema urgencia\u00bb para el proyecto de Ley de Presupuestos \u00abcomo paso previo a su aprobaci\u00f3n\u00bb.<\/p>\n<p>\u00abEstamos ante el segundo acto de una gran farsa llamada PPSOE\u00bb, ha incidido la portavoz popular, tras destacar que el primero se vivi\u00f3 en la etapa de Gobierno de Foro, con el \u00absabotaje continuado del PP\u00bb al Ejecutivo que presid\u00eda Francisco \u00c1lvarez-Cascos, \u00abpara devolver el Gobierno al PSOE\u00bb.<\/p>\n<p>En su opini\u00f3n, tras unos meses de disimulo, PP y PSOE vuelven a unir sus votos ahora\u00a0 para mantener al Gobierno de Javier Fern\u00e1ndez, una vez que ha sido \u00ababandonado por sus socios preferentes: IU y UPyD\u00bb.<\/p>\n<p>El acuerdo alcanzado ayer en el Parlamento forma parte, seg\u00fan la portavoz de Foro, de una operaci\u00f3n mayor que incluye a ayuntamientos como el de Oviedo, \u00abdonde PP y PSOE consensuaron el IBI y un gravamen a las viviendas vac\u00edas\u00bb; Avil\u00e9s, donde tambi\u00e9n pactaron la subida del IBI; o Gij\u00f3n, donde se unieron para evitar una bajada del IBI.<\/p>\n<p>Coto ha criticado tambi\u00e9n que el PP, que buzone\u00f3 la regi\u00f3n hace un mes para reclamar la bajada de tres impuestos, haya permitido con su apoyo que pueda entrar en vigor en 2014 la subida del impuesto sobre Patrimonio que incluye el proyecto de ley de Presupuestos y que, seg\u00fan ha subrayado, coloca a Asturias junto a Catalu\u00f1a como las comunidades con mayor presi\u00f3n fiscal del pa\u00eds.<\/p>\n","protected":false},"excerpt":{"rendered":"<p>Oviedo, 5 dic (EFE).- Foro Asturias ha anunciado hoy que recurrir\u00e1 ante el Tribunal Constitucional el procedimiento acordado ayer por PSOE, PP e IU para tramitar el presupuesto del Principado de 2014 por considerar que va contra los derechos que la Carta Magna otorga a los diputados y es contrario al reglamento del Parlamento asturiano. [&hellip;]<\/p>\n","protected":false},"author":1,"featured_media":1132184,"comment_status":"closed","ping_status":"open","sticky":false,"template":"","format":"standard","meta":{"footnotes":""},"categories":[12],"tags":[],"class_list":["post-458071","post","type-post","status-publish","format-standard","has-post-thumbnail","hentry","category-actualidad-asturias"],"aioseo_notices":[],"aioseo_head":"\n\t\t<!-- All in One SEO Pro 5.0.1 - aioseo.com -->\n\t<meta name=\"description\" content=\"Oviedo, 5 dic (EFE).- Foro Asturias ha anunciado hoy que recurrir\u00e1 ante el Tribunal Constitucional el procedimiento acordado ayer por PSOE, PP e IU para tramitar el presupuesto del Principado de 2014 por considerar que va contra los derechos que la Carta Magna otorga a los diputados y es contrario al reglamento del Parlamento asturiano.\" \/>\n\t<meta name=\"robots\" content=\"max-image-preview:large\" \/>\n\t<meta name=\"author\" content=\"El Digital de Asturias\"\/>\n\t<meta name=\"google-site-verification\" content=\"UA-38556648-1\" \/>\n\t<meta name=\"msvalidate.01\" content=\"7dfe9f3f1b24437ab69f4f2559babe99\" \/>\n\t<meta name=\"keywords\" content=\"actualidad asturias\" \/>\n\t<link rel=\"canonical\" href=\"https:\/\/www.eldigitaldeasturias.com\/noticias\/foro-lleva-de-nuevo-al-constitucional-la-tramitacion-del-presupuesto-regional\/\" \/>\n\t<meta name=\"generator\" content=\"All in One SEO Pro (AIOSEO) 5.0.1\" \/>\n\t\t<meta property=\"og:locale\" content=\"es_ES\" \/>\n\t\t<meta property=\"og:site_name\" content=\"El Digital de Asturias\" \/>\n\t\t<meta property=\"og:type\" content=\"article\" \/>\n\t\t<meta property=\"og:title\" content=\"Foro lleva de nuevo al Constitucional la tramitaci\u00f3n del presupuesto regional - El Digital de Asturias\" \/>\n\t\t<meta property=\"og:description\" content=\"Oviedo, 5 dic (EFE).- Foro Asturias ha anunciado hoy que recurrir\u00e1 ante el Tribunal Constitucional el procedimiento acordado ayer por PSOE, PP e IU para tramitar el presupuesto del Principado de 2014 por considerar que va contra los derechos que la Carta Magna otorga a los diputados y es contrario al reglamento del Parlamento asturiano.\" \/>\n\t\t<meta property=\"og:url\" content=\"https:\/\/www.eldigitaldeasturias.com\/noticias\/foro-lleva-de-nuevo-al-constitucional-la-tramitacion-del-presupuesto-regional\/\" \/>\n\t\t<meta property=\"og:image\" content=\"https:\/\/www.eldigitaldeasturias.com\/noticias\/wp-content\/uploads\/2026\/06\/Contenidos.jpg\" \/>\n\t\t<meta property=\"og:image:secure_url\" content=\"https:\/\/www.eldigitaldeasturias.com\/noticias\/wp-content\/uploads\/2026\/06\/Contenidos.jpg\" \/>\n\t\t<meta property=\"og:image:width\" content=\"1265\" \/>\n\t\t<meta property=\"og:image:height\" content=\"697\" \/>\n\t\t<meta property=\"article:tag\" content=\"actualidad asturias\" \/>\n\t\t<meta property=\"article:published_time\" content=\"2013-12-05T20:36:59+00:00\" \/>\n\t\t<meta property=\"article:modified_time\" content=\"2013-12-05T20:36:59+00:00\" \/>\n\t\t<meta property=\"article:publisher\" content=\"https:\/\/facebook.com\/eldigitaldeasturias\" \/>\n\t\t<meta name=\"twitter:card\" content=\"summary_large_image\" \/>\n\t\t<meta name=\"twitter:title\" content=\"Foro lleva de nuevo al Constitucional la tramitaci\u00f3n del presupuesto regional - El Digital de Asturias\" \/>\n\t\t<meta name=\"twitter:description\" content=\"Oviedo, 5 dic (EFE).- Foro Asturias ha anunciado hoy que recurrir\u00e1 ante el Tribunal Constitucional el procedimiento acordado ayer por PSOE, PP e IU para tramitar el presupuesto del Principado de 2014 por considerar que va contra los derechos que la Carta Magna otorga a los diputados y es contrario al reglamento del Parlamento asturiano.\" \/>\n\t\t<meta name=\"twitter:image\" content=\"https:\/\/www.eldigitaldeasturias.com\/noticias\/wp-content\/uploads\/2026\/06\/Contenidos.jpg\" \/>\n\t\t<meta name=\"twitter:label1\" content=\"Escrito por\" \/>\n\t\t<meta name=\"twitter:data1\" content=\"El Digital de Asturias\" \/>\n\t\t<meta name=\"twitter:label2\" content=\"Tiempo de lectura estimado\" \/>\n\t\t<meta name=\"twitter:data2\" content=\"2 minutos\" \/>\n\t\t<script type=\"application\/ld+json\" class=\"aioseo-schema\">\n\t\t\t{\"@context\":\"https:\\\/\\\/schema.org\",\"@graph\":[{\"@type\":\"BlogPosting\",\"@id\":\"https:\\\/\\\/www.eldigitaldeasturias.com\\\/noticias\\\/foro-lleva-de-nuevo-al-constitucional-la-tramitacion-del-presupuesto-regional\\\/#blogposting\",\"name\":\"Foro lleva de nuevo al Constitucional la tramitaci\\u00f3n del presupuesto regional - El Digital de Asturias\",\"headline\":\"Foro lleva de nuevo al Constitucional la tramitaci\\u00f3n del presupuesto regional\",\"author\":{\"@id\":\"https:\\\/\\\/www.eldigitaldeasturias.com\\\/noticias\\\/author\\\/admin\\\/#author\"},\"publisher\":{\"@id\":\"https:\\\/\\\/www.eldigitaldeasturias.com\\\/noticias\\\/#organization\"},\"image\":{\"@type\":\"ImageObject\",\"url\":\"https:\\\/\\\/www.eldigitaldeasturias.com\\\/noticias\\\/wp-content\\\/uploads\\\/2026\\\/06\\\/Contenidos.jpg\",\"width\":1265,\"height\":697,\"caption\":\"Contenidos\"},\"datePublished\":\"2013-12-05T19:36:59+01:00\",\"dateModified\":\"2013-12-05T19:36:59+01:00\",\"inLanguage\":\"es-ES\",\"mainEntityOfPage\":{\"@id\":\"https:\\\/\\\/www.eldigitaldeasturias.com\\\/noticias\\\/foro-lleva-de-nuevo-al-constitucional-la-tramitacion-del-presupuesto-regional\\\/#webpage\"},\"isPartOf\":{\"@id\":\"https:\\\/\\\/www.eldigitaldeasturias.com\\\/noticias\\\/foro-lleva-de-nuevo-al-constitucional-la-tramitacion-del-presupuesto-regional\\\/#webpage\"},\"articleSection\":\"Actualidad Asturias\"},{\"@type\":\"BreadcrumbList\",\"@id\":\"https:\\\/\\\/www.eldigitaldeasturias.com\\\/noticias\\\/foro-lleva-de-nuevo-al-constitucional-la-tramitacion-del-presupuesto-regional\\\/#breadcrumblist\",\"itemListElement\":[{\"@type\":\"ListItem\",\"@id\":\"https:\\\/\\\/www.eldigitaldeasturias.com\\\/noticias#listItem\",\"position\":1,\"name\":\"Home\",\"item\":\"https:\\\/\\\/www.eldigitaldeasturias.com\\\/noticias\",\"nextItem\":{\"@type\":\"ListItem\",\"@id\":\"https:\\\/\\\/www.eldigitaldeasturias.com\\\/noticias\\\/category\\\/actualidad-asturias\\\/#listItem\",\"name\":\"Actualidad Asturias\"}},{\"@type\":\"ListItem\",\"@id\":\"https:\\\/\\\/www.eldigitaldeasturias.com\\\/noticias\\\/category\\\/actualidad-asturias\\\/#listItem\",\"position\":2,\"name\":\"Actualidad Asturias\",\"item\":\"https:\\\/\\\/www.eldigitaldeasturias.com\\\/noticias\\\/category\\\/actualidad-asturias\\\/\",\"nextItem\":{\"@type\":\"ListItem\",\"@id\":\"https:\\\/\\\/www.eldigitaldeasturias.com\\\/noticias\\\/foro-lleva-de-nuevo-al-constitucional-la-tramitacion-del-presupuesto-regional\\\/#listItem\",\"name\":\"Foro lleva de nuevo al Constitucional la tramitaci\\u00f3n del presupuesto regional\"},\"previousItem\":{\"@type\":\"ListItem\",\"@id\":\"https:\\\/\\\/www.eldigitaldeasturias.com\\\/noticias#listItem\",\"name\":\"Home\"}},{\"@type\":\"ListItem\",\"@id\":\"https:\\\/\\\/www.eldigitaldeasturias.com\\\/noticias\\\/foro-lleva-de-nuevo-al-constitucional-la-tramitacion-del-presupuesto-regional\\\/#listItem\",\"position\":3,\"name\":\"Foro lleva de nuevo al Constitucional la tramitaci\\u00f3n del presupuesto regional\",\"previousItem\":{\"@type\":\"ListItem\",\"@id\":\"https:\\\/\\\/www.eldigitaldeasturias.com\\\/noticias\\\/category\\\/actualidad-asturias\\\/#listItem\",\"name\":\"Actualidad Asturias\"}}]},{\"@type\":\"Organization\",\"@id\":\"https:\\\/\\\/www.eldigitaldeasturias.com\\\/noticias\\\/#organization\",\"name\":\"El Digital de Asturias\",\"description\":\"Hemeroteca\",\"url\":\"https:\\\/\\\/www.eldigitaldeasturias.com\\\/noticias\\\/\",\"email\":\"info@eldigitaldeasturias.com\",\"telephone\":\"+34652131393\",\"logo\":{\"@type\":\"ImageObject\",\"url\":\"https:\\\/\\\/www.eldigitaldeasturias.com\\\/noticias\\\/wp-content\\\/uploads\\\/2020\\\/12\\\/EDA.jpg\",\"@id\":\"https:\\\/\\\/www.eldigitaldeasturias.com\\\/noticias\\\/foro-lleva-de-nuevo-al-constitucional-la-tramitacion-del-presupuesto-regional\\\/#organizationLogo\"},\"image\":{\"@id\":\"https:\\\/\\\/www.eldigitaldeasturias.com\\\/noticias\\\/foro-lleva-de-nuevo-al-constitucional-la-tramitacion-del-presupuesto-regional\\\/#organizationLogo\"},\"sameAs\":[\"https:\\\/\\\/facebook.com\\\/eldigitaldeasturias\",\"https:\\\/\\\/www.youtube.com\\\/channel\\\/UCZP-2wLEB9Rv6erhFmqVnvg\"],\"address\":{\"@id\":\"https:\\\/\\\/www.eldigitaldeasturias.com\\\/noticias\\\/#postaladdress\",\"@type\":\"PostalAddress\",\"streetAddress\":\"san antonio 4\",\"postalCode\":\"33430\",\"addressLocality\":\"Cand\\u00e1s\",\"addressRegion\":\"Asturias\",\"addressCountry\":\"ES\"}},{\"@type\":\"Person\",\"@id\":\"https:\\\/\\\/www.eldigitaldeasturias.com\\\/noticias\\\/author\\\/admin\\\/#author\",\"url\":\"https:\\\/\\\/www.eldigitaldeasturias.com\\\/noticias\\\/author\\\/admin\\\/\",\"name\":\"El Digital de Asturias\",\"image\":{\"@type\":\"ImageObject\",\"@id\":\"https:\\\/\\\/www.eldigitaldeasturias.com\\\/noticias\\\/foro-lleva-de-nuevo-al-constitucional-la-tramitacion-del-presupuesto-regional\\\/#authorImage\",\"url\":\"https:\\\/\\\/secure.gravatar.com\\\/avatar\\\/df2aeffc32bcd13f8d26072ef8a91b623d677766deac7f97ca815868cd41bf5e?s=96&d=mm&r=g\",\"width\":96,\"height\":96,\"caption\":\"El Digital de Asturias\"}},{\"@type\":\"WebPage\",\"@id\":\"https:\\\/\\\/www.eldigitaldeasturias.com\\\/noticias\\\/foro-lleva-de-nuevo-al-constitucional-la-tramitacion-del-presupuesto-regional\\\/#webpage\",\"url\":\"https:\\\/\\\/www.eldigitaldeasturias.com\\\/noticias\\\/foro-lleva-de-nuevo-al-constitucional-la-tramitacion-del-presupuesto-regional\\\/\",\"name\":\"Foro lleva de nuevo al Constitucional la tramitaci\\u00f3n del presupuesto regional - El Digital de Asturias\",\"description\":\"Oviedo, 5 dic (EFE).- Foro Asturias ha anunciado hoy que recurrir\\u00e1 ante el Tribunal Constitucional el procedimiento acordado ayer por PSOE, PP e IU para tramitar el presupuesto del Principado de 2014 por considerar que va contra los derechos que la Carta Magna otorga a los diputados y es contrario al reglamento del Parlamento asturiano.\",\"inLanguage\":\"es-ES\",\"isPartOf\":{\"@id\":\"https:\\\/\\\/www.eldigitaldeasturias.com\\\/noticias\\\/#website\"},\"breadcrumb\":{\"@id\":\"https:\\\/\\\/www.eldigitaldeasturias.com\\\/noticias\\\/foro-lleva-de-nuevo-al-constitucional-la-tramitacion-del-presupuesto-regional\\\/#breadcrumblist\"},\"author\":{\"@id\":\"https:\\\/\\\/www.eldigitaldeasturias.com\\\/noticias\\\/author\\\/admin\\\/#author\"},\"creator\":{\"@id\":\"https:\\\/\\\/www.eldigitaldeasturias.com\\\/noticias\\\/author\\\/admin\\\/#author\"},\"image\":{\"@type\":\"ImageObject\",\"url\":\"https:\\\/\\\/www.eldigitaldeasturias.com\\\/noticias\\\/wp-content\\\/uploads\\\/2026\\\/06\\\/Contenidos.jpg\",\"@id\":\"https:\\\/\\\/www.eldigitaldeasturias.com\\\/noticias\\\/foro-lleva-de-nuevo-al-constitucional-la-tramitacion-del-presupuesto-regional\\\/#mainImage\",\"width\":1265,\"height\":697,\"caption\":\"Contenidos\"},\"primaryImageOfPage\":{\"@id\":\"https:\\\/\\\/www.eldigitaldeasturias.com\\\/noticias\\\/foro-lleva-de-nuevo-al-constitucional-la-tramitacion-del-presupuesto-regional\\\/#mainImage\"},\"datePublished\":\"2013-12-05T19:36:59+01:00\",\"dateModified\":\"2013-12-05T19:36:59+01:00\"},{\"@type\":\"WebSite\",\"@id\":\"https:\\\/\\\/www.eldigitaldeasturias.com\\\/noticias\\\/#website\",\"url\":\"https:\\\/\\\/www.eldigitaldeasturias.com\\\/noticias\\\/\",\"name\":\"El Digital de Asturias - Diario de actualidad y noticias\",\"alternateName\":\"El Digital de Asturias - Diario de actualidad y noticias\",\"description\":\"Hemeroteca\",\"inLanguage\":\"es-ES\",\"publisher\":{\"@id\":\"https:\\\/\\\/www.eldigitaldeasturias.com\\\/noticias\\\/#organization\"}}]}\n\t\t<\/script>\n\t\t<!-- All in One SEO Pro -->\r\n\t\t<title>Foro lleva de nuevo al Constitucional la tramitaci\u00f3n del presupuesto regional - El Digital de Asturias<\/title>\n\n","aioseo_head_json":{"title":"Foro lleva de nuevo al Constitucional la tramitaci\u00f3n del presupuesto regional - El Digital de Asturias","description":"Oviedo, 5 dic (EFE).- Foro Asturias ha anunciado hoy que recurrir\u00e1 ante el Tribunal Constitucional el procedimiento acordado ayer por PSOE, PP e IU para tramitar el presupuesto del Principado de 2014 por considerar que va contra los derechos que la Carta Magna otorga a los diputados y es contrario al reglamento del Parlamento asturiano.","canonical_url":"https:\/\/www.eldigitaldeasturias.com\/noticias\/foro-lleva-de-nuevo-al-constitucional-la-tramitacion-del-presupuesto-regional\/","robots":"max-image-preview:large","keywords":"actualidad asturias","webmasterTools":{"google-site-verification":"UA-38556648-1","msvalidate.01":"7dfe9f3f1b24437ab69f4f2559babe99","miscellaneous":""},"schema":{"@context":"https:\/\/schema.org","@graph":[{"@type":"BlogPosting","@id":"https:\/\/www.eldigitaldeasturias.com\/noticias\/foro-lleva-de-nuevo-al-constitucional-la-tramitacion-del-presupuesto-regional\/#blogposting","name":"Foro lleva de nuevo al Constitucional la tramitaci\u00f3n del presupuesto regional - El Digital de Asturias","headline":"Foro lleva de nuevo al Constitucional la tramitaci\u00f3n del presupuesto regional","author":{"@id":"https:\/\/www.eldigitaldeasturias.com\/noticias\/author\/admin\/#author"},"publisher":{"@id":"https:\/\/www.eldigitaldeasturias.com\/noticias\/#organization"},"image":{"@type":"ImageObject","url":"https:\/\/www.eldigitaldeasturias.com\/noticias\/wp-content\/uploads\/2026\/06\/Contenidos.jpg","width":1265,"height":697,"caption":"Contenidos"},"datePublished":"2013-12-05T19:36:59+01:00","dateModified":"2013-12-05T19:36:59+01:00","inLanguage":"es-ES","mainEntityOfPage":{"@id":"https:\/\/www.eldigitaldeasturias.com\/noticias\/foro-lleva-de-nuevo-al-constitucional-la-tramitacion-del-presupuesto-regional\/#webpage"},"isPartOf":{"@id":"https:\/\/www.eldigitaldeasturias.com\/noticias\/foro-lleva-de-nuevo-al-constitucional-la-tramitacion-del-presupuesto-regional\/#webpage"},"articleSection":"Actualidad Asturias"},{"@type":"BreadcrumbList","@id":"https:\/\/www.eldigitaldeasturias.com\/noticias\/foro-lleva-de-nuevo-al-constitucional-la-tramitacion-del-presupuesto-regional\/#breadcrumblist","itemListElement":[{"@type":"ListItem","@id":"https:\/\/www.eldigitaldeasturias.com\/noticias#listItem","position":1,"name":"Home","item":"https:\/\/www.eldigitaldeasturias.com\/noticias","nextItem":{"@type":"ListItem","@id":"https:\/\/www.eldigitaldeasturias.com\/noticias\/category\/actualidad-asturias\/#listItem","name":"Actualidad Asturias"}},{"@type":"ListItem","@id":"https:\/\/www.eldigitaldeasturias.com\/noticias\/category\/actualidad-asturias\/#listItem","position":2,"name":"Actualidad Asturias","item":"https:\/\/www.eldigitaldeasturias.com\/noticias\/category\/actualidad-asturias\/","nextItem":{"@type":"ListItem","@id":"https:\/\/www.eldigitaldeasturias.com\/noticias\/foro-lleva-de-nuevo-al-constitucional-la-tramitacion-del-presupuesto-regional\/#listItem","name":"Foro lleva de nuevo al Constitucional la tramitaci\u00f3n del presupuesto regional"},"previousItem":{"@type":"ListItem","@id":"https:\/\/www.eldigitaldeasturias.com\/noticias#listItem","name":"Home"}},{"@type":"ListItem","@id":"https:\/\/www.eldigitaldeasturias.com\/noticias\/foro-lleva-de-nuevo-al-constitucional-la-tramitacion-del-presupuesto-regional\/#listItem","position":3,"name":"Foro lleva de nuevo al Constitucional la tramitaci\u00f3n del presupuesto regional","previousItem":{"@type":"ListItem","@id":"https:\/\/www.eldigitaldeasturias.com\/noticias\/category\/actualidad-asturias\/#listItem","name":"Actualidad Asturias"}}]},{"@type":"Organization","@id":"https:\/\/www.eldigitaldeasturias.com\/noticias\/#organization","name":"El Digital de Asturias","description":"Hemeroteca","url":"https:\/\/www.eldigitaldeasturias.com\/noticias\/","email":"info@eldigitaldeasturias.com","telephone":"+34652131393","logo":{"@type":"ImageObject","url":"https:\/\/www.eldigitaldeasturias.com\/noticias\/wp-content\/uploads\/2020\/12\/EDA.jpg","@id":"https:\/\/www.eldigitaldeasturias.com\/noticias\/foro-lleva-de-nuevo-al-constitucional-la-tramitacion-del-presupuesto-regional\/#organizationLogo"},"image":{"@id":"https:\/\/www.eldigitaldeasturias.com\/noticias\/foro-lleva-de-nuevo-al-constitucional-la-tramitacion-del-presupuesto-regional\/#organizationLogo"},"sameAs":["https:\/\/facebook.com\/eldigitaldeasturias","https:\/\/www.youtube.com\/channel\/UCZP-2wLEB9Rv6erhFmqVnvg"],"address":{"@id":"https:\/\/www.eldigitaldeasturias.com\/noticias\/#postaladdress","@type":"PostalAddress","streetAddress":"san antonio 4","postalCode":"33430","addressLocality":"Cand\u00e1s","addressRegion":"Asturias","addressCountry":"ES"}},{"@type":"Person","@id":"https:\/\/www.eldigitaldeasturias.com\/noticias\/author\/admin\/#author","url":"https:\/\/www.eldigitaldeasturias.com\/noticias\/author\/admin\/","name":"El Digital de Asturias","image":{"@type":"ImageObject","@id":"https:\/\/www.eldigitaldeasturias.com\/noticias\/foro-lleva-de-nuevo-al-constitucional-la-tramitacion-del-presupuesto-regional\/#authorImage","url":"https:\/\/secure.gravatar.com\/avatar\/df2aeffc32bcd13f8d26072ef8a91b623d677766deac7f97ca815868cd41bf5e?s=96&d=mm&r=g","width":96,"height":96,"caption":"El Digital de Asturias"}},{"@type":"WebPage","@id":"https:\/\/www.eldigitaldeasturias.com\/noticias\/foro-lleva-de-nuevo-al-constitucional-la-tramitacion-del-presupuesto-regional\/#webpage","url":"https:\/\/www.eldigitaldeasturias.com\/noticias\/foro-lleva-de-nuevo-al-constitucional-la-tramitacion-del-presupuesto-regional\/","name":"Foro lleva de nuevo al Constitucional la tramitaci\u00f3n del presupuesto regional - El Digital de Asturias","description":"Oviedo, 5 dic (EFE).- Foro Asturias ha anunciado hoy que recurrir\u00e1 ante el Tribunal Constitucional el procedimiento acordado ayer por PSOE, PP e IU para tramitar el presupuesto del Principado de 2014 por considerar que va contra los derechos que la Carta Magna otorga a los diputados y es contrario al reglamento del Parlamento asturiano.","inLanguage":"es-ES","isPartOf":{"@id":"https:\/\/www.eldigitaldeasturias.com\/noticias\/#website"},"breadcrumb":{"@id":"https:\/\/www.eldigitaldeasturias.com\/noticias\/foro-lleva-de-nuevo-al-constitucional-la-tramitacion-del-presupuesto-regional\/#breadcrumblist"},"author":{"@id":"https:\/\/www.eldigitaldeasturias.com\/noticias\/author\/admin\/#author"},"creator":{"@id":"https:\/\/www.eldigitaldeasturias.com\/noticias\/author\/admin\/#author"},"image":{"@type":"ImageObject","url":"https:\/\/www.eldigitaldeasturias.com\/noticias\/wp-content\/uploads\/2026\/06\/Contenidos.jpg","@id":"https:\/\/www.eldigitaldeasturias.com\/noticias\/foro-lleva-de-nuevo-al-constitucional-la-tramitacion-del-presupuesto-regional\/#mainImage","width":1265,"height":697,"caption":"Contenidos"},"primaryImageOfPage":{"@id":"https:\/\/www.eldigitaldeasturias.com\/noticias\/foro-lleva-de-nuevo-al-constitucional-la-tramitacion-del-presupuesto-regional\/#mainImage"},"datePublished":"2013-12-05T19:36:59+01:00","dateModified":"2013-12-05T19:36:59+01:00"},{"@type":"WebSite","@id":"https:\/\/www.eldigitaldeasturias.com\/noticias\/#website","url":"https:\/\/www.eldigitaldeasturias.com\/noticias\/","name":"El Digital de Asturias - Diario de actualidad y noticias","alternateName":"El Digital de Asturias - Diario de actualidad y noticias","description":"Hemeroteca","inLanguage":"es-ES","publisher":{"@id":"https:\/\/www.eldigitaldeasturias.com\/noticias\/#organization"}}]},"og:locale":"es_ES","og:site_name":"El Digital de Asturias","og:type":"article","og:title":"Foro lleva de nuevo al Constitucional la tramitaci\u00f3n del presupuesto regional - El Digital de Asturias","og:description":"Oviedo, 5 dic (EFE).- Foro Asturias ha anunciado hoy que recurrir\u00e1 ante el Tribunal Constitucional el procedimiento acordado ayer por PSOE, PP e IU para tramitar el presupuesto del Principado de 2014 por considerar que va contra los derechos que la Carta Magna otorga a los diputados y es contrario al reglamento del Parlamento asturiano.","og:url":"https:\/\/www.eldigitaldeasturias.com\/noticias\/foro-lleva-de-nuevo-al-constitucional-la-tramitacion-del-presupuesto-regional\/","og:image":"https:\/\/www.eldigitaldeasturias.com\/noticias\/wp-content\/uploads\/2026\/06\/Contenidos.jpg","og:image:secure_url":"https:\/\/www.eldigitaldeasturias.com\/noticias\/wp-content\/uploads\/2026\/06\/Contenidos.jpg","og:image:width":1265,"og:image:height":697,"article:tag":["actualidad asturias"],"article:published_time":"2013-12-05T20:36:59+00:00","article:modified_time":"2013-12-05T20:36:59+00:00","article:publisher":"https:\/\/facebook.com\/eldigitaldeasturias","twitter:card":"summary_large_image","twitter:title":"Foro lleva de nuevo al Constitucional la tramitaci\u00f3n del presupuesto regional - El Digital de Asturias","twitter:description":"Oviedo, 5 dic (EFE).- Foro Asturias ha anunciado hoy que recurrir\u00e1 ante el Tribunal Constitucional el procedimiento acordado ayer por PSOE, PP e IU para tramitar el presupuesto del Principado de 2014 por considerar que va contra los derechos que la Carta Magna otorga a los diputados y es contrario al reglamento del Parlamento asturiano.","twitter:image":"https:\/\/www.eldigitaldeasturias.com\/noticias\/wp-content\/uploads\/2026\/06\/Contenidos.jpg","twitter:label1":"Escrito por","twitter:data1":"El Digital de Asturias","twitter:label2":"Tiempo de lectura estimado","twitter:data2":"2 minutos"},"aioseo_meta_data":{"post_id":"458071","title":null,"description":null,"keywords":null,"keyphrases":null,"primary_term":null,"canonical_url":null,"og_title":null,"og_description":null,"og_object_type":"default","og_image_type":"default","og_image_url":null,"og_image_width":null,"og_image_height":null,"og_image_custom_url":null,"og_image_custom_fields":null,"og_video":null,"og_custom_url":null,"og_article_section":null,"og_article_tags":null,"twitter_use_og":true,"twitter_card":"default","twitter_image_type":"default","twitter_image_url":null,"twitter_image_custom_url":null,"twitter_image_custom_fields":null,"twitter_title":null,"twitter_description":null,"schema":{"blockGraphs":[],"customGraphs":[],"default":{"data":{"Article":[],"Course":[],"Dataset":[],"FAQPage":[],"Movie":[],"Person":[],"Product":[],"ProductReview":[],"Car":[],"Recipe":[],"Service":[],"SoftwareApplication":[],"WebPage":[]},"graphName":"","isEnabled":true},"graphs":[],"defaultGraph":"","defaultPostTypeGraph":""},"schema_type":null,"schema_type_options":null,"pillar_content":false,"robots_default":true,"robots_noindex":false,"robots_noarchive":false,"robots_nosnippet":false,"robots_nofollow":false,"robots_noimageindex":false,"robots_noodp":false,"robots_notranslate":false,"robots_max_snippet":null,"robots_max_videopreview":null,"robots_max_imagepreview":"none","priority":null,"frequency":null,"local_seo":null,"seo_analyzer_scan_date":"2026-05-30 04:16:58","breadcrumb_settings":null,"limit_modified_date":false,"open_ai":null,"ai":null,"created":"2020-11-14 22:46:14","updated":"2026-05-30 04:16:58","focus_keyword":null,"additional_keywords":null,"truseo_locale":null},"aioseo_breadcrumb":"<div class=\"aioseo-breadcrumbs\"><span class=\"aioseo-breadcrumb\">\n\t<a href=\"https:\/\/www.eldigitaldeasturias.com\/noticias\" title=\"Home\">Home<\/a>\n<\/span><span class=\"aioseo-breadcrumb-separator\">\u2013<\/span><span class=\"aioseo-breadcrumb\">\n\t<a href=\"https:\/\/www.eldigitaldeasturias.com\/noticias\/category\/actualidad-asturias\/\" title=\"Actualidad Asturias\">Actualidad Asturias<\/a>\n<\/span><span class=\"aioseo-breadcrumb-separator\">\u2013<\/span><span class=\"aioseo-breadcrumb\">\n\t<a href=\"https:\/\/www.eldigitaldeasturias.com\/noticias\/foro-lleva-de-nuevo-al-constitucional-la-tramitacion-del-presupuesto-regional\/\" title=\"Foro lleva de nuevo al Constitucional la tramitaci\u00f3n del presupuesto regional\">Foro lleva de nuevo al Constitucional la tramitaci\u00f3n del presupuesto regional<\/a>\n<\/span><\/div>","aioseo_breadcrumb_json":[{"label":"Home","link":"https:\/\/www.eldigitaldeasturias.com\/noticias"},{"label":"Actualidad Asturias","link":"https:\/\/www.eldigitaldeasturias.com\/noticias\/category\/actualidad-asturias\/"},{"label":"Foro lleva de nuevo al Constitucional la tramitaci\u00f3n del presupuesto regional","link":"https:\/\/www.eldigitaldeasturias.com\/noticias\/foro-lleva-de-nuevo-al-constitucional-la-tramitacion-del-presupuesto-regional\/"}],"_links":{"self":[{"href":"https:\/\/www.eldigitaldeasturias.com\/noticias\/wp-json\/wp\/v2\/posts\/458071","targetHints":{"allow":["GET"]}}],"collection":[{"href":"https:\/\/www.eldigitaldeasturias.com\/noticias\/wp-json\/wp\/v2\/posts"}],"about":[{"href":"https:\/\/www.eldigitaldeasturias.com\/noticias\/wp-json\/wp\/v2\/types\/post"}],"author":[{"embeddable":true,"href":"https:\/\/www.eldigitaldeasturias.com\/noticias\/wp-json\/wp\/v2\/users\/1"}],"replies":[{"embeddable":true,"href":"https:\/\/www.eldigitaldeasturias.com\/noticias\/wp-json\/wp\/v2\/comments?post=458071"}],"version-history":[{"count":0,"href":"https:\/\/www.eldigitaldeasturias.com\/noticias\/wp-json\/wp\/v2\/posts\/458071\/revisions"}],"wp:featuredmedia":[{"embeddable":true,"href":"https:\/\/www.eldigitaldeasturias.com\/noticias\/wp-json\/wp\/v2\/media\/1132184"}],"wp:attachment":[{"href":"https:\/\/www.eldigitaldeasturias.com\/noticias\/wp-json\/wp\/v2\/media?parent=458071"}],"wp:term":[{"taxonomy":"category","embeddable":true,"href":"https:\/\/www.eldigitaldeasturias.com\/noticias\/wp-json\/wp\/v2\/categories?post=458071"},{"taxonomy":"post_tag","embeddable":true,"href":"https:\/\/www.eldigitaldeasturias.com\/noticias\/wp-json\/wp\/v2\/tags?post=458071"}],"curies":[{"name":"wp","href":"https:\/\/api.w.org\/{rel}","templated":true}]}}