{"id":458029,"date":"2013-12-05T02:06:53","date_gmt":"2013-12-05T03:06:53","guid":{"rendered":"http:\/\/www.eldigitaldeasturias.com\/noticias\/?p=458029"},"modified":"2013-12-05T02:06:53","modified_gmt":"2013-12-05T03:06:53","slug":"muere-en-guatemala-la-madre-de-ricardo-arjona","status":"publish","type":"post","link":"https:\/\/www.eldigitaldeasturias.com\/noticias\/muere-en-guatemala-la-madre-de-ricardo-arjona\/","title":{"rendered":"Muere en Guatemala la madre de Ricardo Arjona"},"content":{"rendered":"<p><img loading=\"lazy\" decoding=\"async\" class=\"alignleft size-medium wp-image-458030\" alt=\"5773196w\" src=\"https:\/\/www.eldigitaldeasturias.com\/noticias\/wp-content\/uploads\/2013\/12\/5773196w-360x229.jpg\" width=\"360\" height=\"229\" \/>Guatemala, 4 nov (EFE).- Nohem\u00ed Morales viuda de Arjona, madre del cantautor guatemalteco Ricardo Arjona, muri\u00f3 hoy en un hospital privado de la capital guatemalteca como consecuencia de una larga enfermedad, informaron fuentes de la familiar del artista.<\/p>\n<p>Medios locales informaron en sus ediciones digitales de que la madre de Arjona, de 71 a\u00f1os, muri\u00f3 de una complicaci\u00f3n card\u00edaca como desenlace de una enfermedad que padec\u00eda desde hac\u00eda varios a\u00f1os.<\/p>\n<p>En su \u00faltimo \u00e1lbum \u00abIndependiente\u00bb, Arjona incluy\u00f3 \u00abMi novia se est\u00e1 poniendo vieja\u00bb, una canci\u00f3n dedicada a su madre la cual fue n\u00famero uno en varios pa\u00edses de Am\u00e9rica Latina.<\/p>\n<p>Ricardo Arjona Moscoso, padre del artista, falleci\u00f3 en esta capital el 27 de septiembre de 2010, por causas naturales.<\/p>\n<p>Se desconoce si el cantante, quien vive entre Miami (EE.UU.) y M\u00e9xico, llegar\u00e1 al pa\u00eds para estar presente en las exequias de su madre.<\/p>\n","protected":false},"excerpt":{"rendered":"<p>Guatemala, 4 nov (EFE).- Nohem\u00ed Morales viuda de Arjona, madre del cantautor guatemalteco Ricardo Arjona, muri\u00f3 hoy en un hospital privado de la capital guatemalteca como consecuencia de una larga enfermedad, informaron fuentes de la familiar del artista. Medios locales informaron en sus ediciones digitales de que la madre de Arjona, de 71 a\u00f1os, muri\u00f3 [&hellip;]<\/p>\n","protected":false},"author":1,"featured_media":458030,"comment_status":"closed","ping_status":"open","sticky":false,"template":"","format":"standard","meta":{"footnotes":""},"categories":[28],"tags":[],"class_list":["post-458029","post","type-post","status-publish","format-standard","has-post-thumbnail","hentry","category-sociedad"],"aioseo_notices":[],"aioseo_head":"\n\t\t<!-- All in One SEO Pro 5.0.1 - aioseo.com -->\n\t<meta name=\"description\" content=\"Guatemala, 4 nov (EFE).- Nohem\u00ed Morales viuda de Arjona, madre del cantautor guatemalteco Ricardo Arjona, muri\u00f3 hoy en un hospital privado de la capital guatemalteca como consecuencia de una larga enfermedad, informaron fuentes de la familiar del artista. Medios locales informaron en sus ediciones digitales de que la madre de Arjona, de 71 a\u00f1os, muri\u00f3\" \/>\n\t<meta name=\"robots\" content=\"max-image-preview:large\" \/>\n\t<meta name=\"author\" content=\"El Digital de Asturias\"\/>\n\t<meta name=\"google-site-verification\" content=\"UA-38556648-1\" \/>\n\t<meta name=\"msvalidate.01\" content=\"7dfe9f3f1b24437ab69f4f2559babe99\" \/>\n\t<meta name=\"keywords\" content=\"sociedad\" \/>\n\t<link rel=\"canonical\" href=\"https:\/\/www.eldigitaldeasturias.com\/noticias\/muere-en-guatemala-la-madre-de-ricardo-arjona\/\" \/>\n\t<meta name=\"generator\" content=\"All in One SEO Pro (AIOSEO) 5.0.1\" \/>\n\t\t<meta property=\"og:locale\" content=\"es_ES\" \/>\n\t\t<meta property=\"og:site_name\" content=\"El Digital de Asturias\" \/>\n\t\t<meta property=\"og:type\" content=\"article\" \/>\n\t\t<meta property=\"og:title\" content=\"Muere en Guatemala la madre de Ricardo Arjona - El Digital de Asturias\" \/>\n\t\t<meta property=\"og:description\" content=\"Guatemala, 4 nov (EFE).- Nohem\u00ed Morales viuda de Arjona, madre del cantautor guatemalteco Ricardo Arjona, muri\u00f3 hoy en un hospital privado de la capital guatemalteca como consecuencia de una larga enfermedad, informaron fuentes de la familiar del artista. Medios locales informaron en sus ediciones digitales de que la madre de Arjona, de 71 a\u00f1os, muri\u00f3\" \/>\n\t\t<meta property=\"og:url\" content=\"https:\/\/www.eldigitaldeasturias.com\/noticias\/muere-en-guatemala-la-madre-de-ricardo-arjona\/\" \/>\n\t\t<meta property=\"article:tag\" content=\"sociedad\" \/>\n\t\t<meta property=\"article:published_time\" content=\"2013-12-05T03:06:53+00:00\" \/>\n\t\t<meta property=\"article:modified_time\" content=\"2013-12-05T03:06:53+00:00\" \/>\n\t\t<meta property=\"article:publisher\" content=\"https:\/\/facebook.com\/eldigitaldeasturias\" \/>\n\t\t<meta name=\"twitter:card\" content=\"summary_large_image\" \/>\n\t\t<meta name=\"twitter:title\" content=\"Muere en Guatemala la madre de Ricardo Arjona - El Digital de Asturias\" \/>\n\t\t<meta name=\"twitter:description\" content=\"Guatemala, 4 nov (EFE).- Nohem\u00ed Morales viuda de Arjona, madre del cantautor guatemalteco Ricardo Arjona, muri\u00f3 hoy en un hospital privado de la capital guatemalteca como consecuencia de una larga enfermedad, informaron fuentes de la familiar del artista. Medios locales informaron en sus ediciones digitales de que la madre de Arjona, de 71 a\u00f1os, muri\u00f3\" \/>\n\t\t<meta name=\"twitter:label1\" content=\"Escrito por\" \/>\n\t\t<meta name=\"twitter:data1\" content=\"El Digital de Asturias\" \/>\n\t\t<meta name=\"twitter:label2\" content=\"Tiempo de lectura estimado\" \/>\n\t\t<meta name=\"twitter:data2\" content=\"1 minuto\" \/>\n\t\t<script type=\"application\/ld+json\" class=\"aioseo-schema\">\n\t\t\t{\"@context\":\"https:\\\/\\\/schema.org\",\"@graph\":[{\"@type\":\"BlogPosting\",\"@id\":\"https:\\\/\\\/www.eldigitaldeasturias.com\\\/noticias\\\/muere-en-guatemala-la-madre-de-ricardo-arjona\\\/#blogposting\",\"name\":\"Muere en Guatemala la madre de Ricardo Arjona - El Digital de Asturias\",\"headline\":\"Muere en Guatemala la madre de Ricardo Arjona\",\"author\":{\"@id\":\"https:\\\/\\\/www.eldigitaldeasturias.com\\\/noticias\\\/author\\\/admin\\\/#author\"},\"publisher\":{\"@id\":\"https:\\\/\\\/www.eldigitaldeasturias.com\\\/noticias\\\/#organization\"},\"image\":{\"@type\":\"ImageObject\",\"url\":458030},\"datePublished\":\"2013-12-05T02:06:53+01:00\",\"dateModified\":\"2013-12-05T02:06:53+01:00\",\"inLanguage\":\"es-ES\",\"mainEntityOfPage\":{\"@id\":\"https:\\\/\\\/www.eldigitaldeasturias.com\\\/noticias\\\/muere-en-guatemala-la-madre-de-ricardo-arjona\\\/#webpage\"},\"isPartOf\":{\"@id\":\"https:\\\/\\\/www.eldigitaldeasturias.com\\\/noticias\\\/muere-en-guatemala-la-madre-de-ricardo-arjona\\\/#webpage\"},\"articleSection\":\"Sociedad\"},{\"@type\":\"BreadcrumbList\",\"@id\":\"https:\\\/\\\/www.eldigitaldeasturias.com\\\/noticias\\\/muere-en-guatemala-la-madre-de-ricardo-arjona\\\/#breadcrumblist\",\"itemListElement\":[{\"@type\":\"ListItem\",\"@id\":\"https:\\\/\\\/www.eldigitaldeasturias.com\\\/noticias#listItem\",\"position\":1,\"name\":\"Home\",\"item\":\"https:\\\/\\\/www.eldigitaldeasturias.com\\\/noticias\",\"nextItem\":{\"@type\":\"ListItem\",\"@id\":\"https:\\\/\\\/www.eldigitaldeasturias.com\\\/noticias\\\/category\\\/sociedad\\\/#listItem\",\"name\":\"Sociedad\"}},{\"@type\":\"ListItem\",\"@id\":\"https:\\\/\\\/www.eldigitaldeasturias.com\\\/noticias\\\/category\\\/sociedad\\\/#listItem\",\"position\":2,\"name\":\"Sociedad\",\"item\":\"https:\\\/\\\/www.eldigitaldeasturias.com\\\/noticias\\\/category\\\/sociedad\\\/\",\"nextItem\":{\"@type\":\"ListItem\",\"@id\":\"https:\\\/\\\/www.eldigitaldeasturias.com\\\/noticias\\\/muere-en-guatemala-la-madre-de-ricardo-arjona\\\/#listItem\",\"name\":\"Muere en Guatemala la madre de Ricardo Arjona\"},\"previousItem\":{\"@type\":\"ListItem\",\"@id\":\"https:\\\/\\\/www.eldigitaldeasturias.com\\\/noticias#listItem\",\"name\":\"Home\"}},{\"@type\":\"ListItem\",\"@id\":\"https:\\\/\\\/www.eldigitaldeasturias.com\\\/noticias\\\/muere-en-guatemala-la-madre-de-ricardo-arjona\\\/#listItem\",\"position\":3,\"name\":\"Muere en Guatemala la madre de Ricardo Arjona\",\"previousItem\":{\"@type\":\"ListItem\",\"@id\":\"https:\\\/\\\/www.eldigitaldeasturias.com\\\/noticias\\\/category\\\/sociedad\\\/#listItem\",\"name\":\"Sociedad\"}}]},{\"@type\":\"Organization\",\"@id\":\"https:\\\/\\\/www.eldigitaldeasturias.com\\\/noticias\\\/#organization\",\"name\":\"El Digital de Asturias\",\"description\":\"Hemeroteca\",\"url\":\"https:\\\/\\\/www.eldigitaldeasturias.com\\\/noticias\\\/\",\"email\":\"info@eldigitaldeasturias.com\",\"telephone\":\"+34652131393\",\"logo\":{\"@type\":\"ImageObject\",\"url\":\"https:\\\/\\\/www.eldigitaldeasturias.com\\\/noticias\\\/wp-content\\\/uploads\\\/2020\\\/12\\\/EDA.jpg\",\"@id\":\"https:\\\/\\\/www.eldigitaldeasturias.com\\\/noticias\\\/muere-en-guatemala-la-madre-de-ricardo-arjona\\\/#organizationLogo\"},\"image\":{\"@id\":\"https:\\\/\\\/www.eldigitaldeasturias.com\\\/noticias\\\/muere-en-guatemala-la-madre-de-ricardo-arjona\\\/#organizationLogo\"},\"sameAs\":[\"https:\\\/\\\/facebook.com\\\/eldigitaldeasturias\",\"https:\\\/\\\/www.youtube.com\\\/channel\\\/UCZP-2wLEB9Rv6erhFmqVnvg\"],\"address\":{\"@id\":\"https:\\\/\\\/www.eldigitaldeasturias.com\\\/noticias\\\/#postaladdress\",\"@type\":\"PostalAddress\",\"streetAddress\":\"san antonio 4\",\"postalCode\":\"33430\",\"addressLocality\":\"Cand\\u00e1s\",\"addressRegion\":\"Asturias\",\"addressCountry\":\"ES\"}},{\"@type\":\"Person\",\"@id\":\"https:\\\/\\\/www.eldigitaldeasturias.com\\\/noticias\\\/author\\\/admin\\\/#author\",\"url\":\"https:\\\/\\\/www.eldigitaldeasturias.com\\\/noticias\\\/author\\\/admin\\\/\",\"name\":\"El Digital de Asturias\",\"image\":{\"@type\":\"ImageObject\",\"@id\":\"https:\\\/\\\/www.eldigitaldeasturias.com\\\/noticias\\\/muere-en-guatemala-la-madre-de-ricardo-arjona\\\/#authorImage\",\"url\":\"https:\\\/\\\/secure.gravatar.com\\\/avatar\\\/df2aeffc32bcd13f8d26072ef8a91b623d677766deac7f97ca815868cd41bf5e?s=96&d=mm&r=g\",\"width\":96,\"height\":96,\"caption\":\"El Digital de Asturias\"}},{\"@type\":\"WebPage\",\"@id\":\"https:\\\/\\\/www.eldigitaldeasturias.com\\\/noticias\\\/muere-en-guatemala-la-madre-de-ricardo-arjona\\\/#webpage\",\"url\":\"https:\\\/\\\/www.eldigitaldeasturias.com\\\/noticias\\\/muere-en-guatemala-la-madre-de-ricardo-arjona\\\/\",\"name\":\"Muere en Guatemala la madre de Ricardo Arjona - El Digital de Asturias\",\"description\":\"Guatemala, 4 nov (EFE).- Nohem\\u00ed Morales viuda de Arjona, madre del cantautor guatemalteco Ricardo Arjona, muri\\u00f3 hoy en un hospital privado de la capital guatemalteca como consecuencia de una larga enfermedad, informaron fuentes de la familiar del artista. Medios locales informaron en sus ediciones digitales de que la madre de Arjona, de 71 a\\u00f1os, muri\\u00f3\",\"inLanguage\":\"es-ES\",\"isPartOf\":{\"@id\":\"https:\\\/\\\/www.eldigitaldeasturias.com\\\/noticias\\\/#website\"},\"breadcrumb\":{\"@id\":\"https:\\\/\\\/www.eldigitaldeasturias.com\\\/noticias\\\/muere-en-guatemala-la-madre-de-ricardo-arjona\\\/#breadcrumblist\"},\"author\":{\"@id\":\"https:\\\/\\\/www.eldigitaldeasturias.com\\\/noticias\\\/author\\\/admin\\\/#author\"},\"creator\":{\"@id\":\"https:\\\/\\\/www.eldigitaldeasturias.com\\\/noticias\\\/author\\\/admin\\\/#author\"},\"image\":{\"@type\":\"ImageObject\",\"url\":458030,\"@id\":\"https:\\\/\\\/www.eldigitaldeasturias.com\\\/noticias\\\/muere-en-guatemala-la-madre-de-ricardo-arjona\\\/#mainImage\"},\"primaryImageOfPage\":{\"@id\":\"https:\\\/\\\/www.eldigitaldeasturias.com\\\/noticias\\\/muere-en-guatemala-la-madre-de-ricardo-arjona\\\/#mainImage\"},\"datePublished\":\"2013-12-05T02:06:53+01:00\",\"dateModified\":\"2013-12-05T02:06:53+01:00\"},{\"@type\":\"WebSite\",\"@id\":\"https:\\\/\\\/www.eldigitaldeasturias.com\\\/noticias\\\/#website\",\"url\":\"https:\\\/\\\/www.eldigitaldeasturias.com\\\/noticias\\\/\",\"name\":\"El Digital de Asturias - Diario de actualidad y noticias\",\"alternateName\":\"El Digital de Asturias - Diario de actualidad y noticias\",\"description\":\"Hemeroteca\",\"inLanguage\":\"es-ES\",\"publisher\":{\"@id\":\"https:\\\/\\\/www.eldigitaldeasturias.com\\\/noticias\\\/#organization\"}}]}\n\t\t<\/script>\n\t\t<!-- All in One SEO Pro -->\r\n\t\t<title>Muere en Guatemala la madre de Ricardo Arjona - El Digital de Asturias<\/title>\n\n","aioseo_head_json":{"title":"Muere en Guatemala la madre de Ricardo Arjona - El Digital de Asturias","description":"Guatemala, 4 nov (EFE).- Nohem\u00ed Morales viuda de Arjona, madre del cantautor guatemalteco Ricardo Arjona, muri\u00f3 hoy en un hospital privado de la capital guatemalteca como consecuencia de una larga enfermedad, informaron fuentes de la familiar del artista. Medios locales informaron en sus ediciones digitales de que la madre de Arjona, de 71 a\u00f1os, muri\u00f3","canonical_url":"https:\/\/www.eldigitaldeasturias.com\/noticias\/muere-en-guatemala-la-madre-de-ricardo-arjona\/","robots":"max-image-preview:large","keywords":"sociedad","webmasterTools":{"google-site-verification":"UA-38556648-1","msvalidate.01":"7dfe9f3f1b24437ab69f4f2559babe99","miscellaneous":""},"schema":{"@context":"https:\/\/schema.org","@graph":[{"@type":"BlogPosting","@id":"https:\/\/www.eldigitaldeasturias.com\/noticias\/muere-en-guatemala-la-madre-de-ricardo-arjona\/#blogposting","name":"Muere en Guatemala la madre de Ricardo Arjona - El Digital de Asturias","headline":"Muere en Guatemala la madre de Ricardo Arjona","author":{"@id":"https:\/\/www.eldigitaldeasturias.com\/noticias\/author\/admin\/#author"},"publisher":{"@id":"https:\/\/www.eldigitaldeasturias.com\/noticias\/#organization"},"image":{"@type":"ImageObject","url":458030},"datePublished":"2013-12-05T02:06:53+01:00","dateModified":"2013-12-05T02:06:53+01:00","inLanguage":"es-ES","mainEntityOfPage":{"@id":"https:\/\/www.eldigitaldeasturias.com\/noticias\/muere-en-guatemala-la-madre-de-ricardo-arjona\/#webpage"},"isPartOf":{"@id":"https:\/\/www.eldigitaldeasturias.com\/noticias\/muere-en-guatemala-la-madre-de-ricardo-arjona\/#webpage"},"articleSection":"Sociedad"},{"@type":"BreadcrumbList","@id":"https:\/\/www.eldigitaldeasturias.com\/noticias\/muere-en-guatemala-la-madre-de-ricardo-arjona\/#breadcrumblist","itemListElement":[{"@type":"ListItem","@id":"https:\/\/www.eldigitaldeasturias.com\/noticias#listItem","position":1,"name":"Home","item":"https:\/\/www.eldigitaldeasturias.com\/noticias","nextItem":{"@type":"ListItem","@id":"https:\/\/www.eldigitaldeasturias.com\/noticias\/category\/sociedad\/#listItem","name":"Sociedad"}},{"@type":"ListItem","@id":"https:\/\/www.eldigitaldeasturias.com\/noticias\/category\/sociedad\/#listItem","position":2,"name":"Sociedad","item":"https:\/\/www.eldigitaldeasturias.com\/noticias\/category\/sociedad\/","nextItem":{"@type":"ListItem","@id":"https:\/\/www.eldigitaldeasturias.com\/noticias\/muere-en-guatemala-la-madre-de-ricardo-arjona\/#listItem","name":"Muere en Guatemala la madre de Ricardo Arjona"},"previousItem":{"@type":"ListItem","@id":"https:\/\/www.eldigitaldeasturias.com\/noticias#listItem","name":"Home"}},{"@type":"ListItem","@id":"https:\/\/www.eldigitaldeasturias.com\/noticias\/muere-en-guatemala-la-madre-de-ricardo-arjona\/#listItem","position":3,"name":"Muere en Guatemala la madre de Ricardo Arjona","previousItem":{"@type":"ListItem","@id":"https:\/\/www.eldigitaldeasturias.com\/noticias\/category\/sociedad\/#listItem","name":"Sociedad"}}]},{"@type":"Organization","@id":"https:\/\/www.eldigitaldeasturias.com\/noticias\/#organization","name":"El Digital de Asturias","description":"Hemeroteca","url":"https:\/\/www.eldigitaldeasturias.com\/noticias\/","email":"info@eldigitaldeasturias.com","telephone":"+34652131393","logo":{"@type":"ImageObject","url":"https:\/\/www.eldigitaldeasturias.com\/noticias\/wp-content\/uploads\/2020\/12\/EDA.jpg","@id":"https:\/\/www.eldigitaldeasturias.com\/noticias\/muere-en-guatemala-la-madre-de-ricardo-arjona\/#organizationLogo"},"image":{"@id":"https:\/\/www.eldigitaldeasturias.com\/noticias\/muere-en-guatemala-la-madre-de-ricardo-arjona\/#organizationLogo"},"sameAs":["https:\/\/facebook.com\/eldigitaldeasturias","https:\/\/www.youtube.com\/channel\/UCZP-2wLEB9Rv6erhFmqVnvg"],"address":{"@id":"https:\/\/www.eldigitaldeasturias.com\/noticias\/#postaladdress","@type":"PostalAddress","streetAddress":"san antonio 4","postalCode":"33430","addressLocality":"Cand\u00e1s","addressRegion":"Asturias","addressCountry":"ES"}},{"@type":"Person","@id":"https:\/\/www.eldigitaldeasturias.com\/noticias\/author\/admin\/#author","url":"https:\/\/www.eldigitaldeasturias.com\/noticias\/author\/admin\/","name":"El Digital de Asturias","image":{"@type":"ImageObject","@id":"https:\/\/www.eldigitaldeasturias.com\/noticias\/muere-en-guatemala-la-madre-de-ricardo-arjona\/#authorImage","url":"https:\/\/secure.gravatar.com\/avatar\/df2aeffc32bcd13f8d26072ef8a91b623d677766deac7f97ca815868cd41bf5e?s=96&d=mm&r=g","width":96,"height":96,"caption":"El Digital de Asturias"}},{"@type":"WebPage","@id":"https:\/\/www.eldigitaldeasturias.com\/noticias\/muere-en-guatemala-la-madre-de-ricardo-arjona\/#webpage","url":"https:\/\/www.eldigitaldeasturias.com\/noticias\/muere-en-guatemala-la-madre-de-ricardo-arjona\/","name":"Muere en Guatemala la madre de Ricardo Arjona - El Digital de Asturias","description":"Guatemala, 4 nov (EFE).- Nohem\u00ed Morales viuda de Arjona, madre del cantautor guatemalteco Ricardo Arjona, muri\u00f3 hoy en un hospital privado de la capital guatemalteca como consecuencia de una larga enfermedad, informaron fuentes de la familiar del artista. Medios locales informaron en sus ediciones digitales de que la madre de Arjona, de 71 a\u00f1os, muri\u00f3","inLanguage":"es-ES","isPartOf":{"@id":"https:\/\/www.eldigitaldeasturias.com\/noticias\/#website"},"breadcrumb":{"@id":"https:\/\/www.eldigitaldeasturias.com\/noticias\/muere-en-guatemala-la-madre-de-ricardo-arjona\/#breadcrumblist"},"author":{"@id":"https:\/\/www.eldigitaldeasturias.com\/noticias\/author\/admin\/#author"},"creator":{"@id":"https:\/\/www.eldigitaldeasturias.com\/noticias\/author\/admin\/#author"},"image":{"@type":"ImageObject","url":458030,"@id":"https:\/\/www.eldigitaldeasturias.com\/noticias\/muere-en-guatemala-la-madre-de-ricardo-arjona\/#mainImage"},"primaryImageOfPage":{"@id":"https:\/\/www.eldigitaldeasturias.com\/noticias\/muere-en-guatemala-la-madre-de-ricardo-arjona\/#mainImage"},"datePublished":"2013-12-05T02:06:53+01:00","dateModified":"2013-12-05T02:06:53+01:00"},{"@type":"WebSite","@id":"https:\/\/www.eldigitaldeasturias.com\/noticias\/#website","url":"https:\/\/www.eldigitaldeasturias.com\/noticias\/","name":"El Digital de Asturias - Diario de actualidad y noticias","alternateName":"El Digital de Asturias - Diario de actualidad y noticias","description":"Hemeroteca","inLanguage":"es-ES","publisher":{"@id":"https:\/\/www.eldigitaldeasturias.com\/noticias\/#organization"}}]},"og:locale":"es_ES","og:site_name":"El Digital de Asturias","og:type":"article","og:title":"Muere en Guatemala la madre de Ricardo Arjona - El Digital de Asturias","og:description":"Guatemala, 4 nov (EFE).- Nohem\u00ed Morales viuda de Arjona, madre del cantautor guatemalteco Ricardo Arjona, muri\u00f3 hoy en un hospital privado de la capital guatemalteca como consecuencia de una larga enfermedad, informaron fuentes de la familiar del artista. Medios locales informaron en sus ediciones digitales de que la madre de Arjona, de 71 a\u00f1os, muri\u00f3","og:url":"https:\/\/www.eldigitaldeasturias.com\/noticias\/muere-en-guatemala-la-madre-de-ricardo-arjona\/","article:tag":["sociedad"],"article:published_time":"2013-12-05T03:06:53+00:00","article:modified_time":"2013-12-05T03:06:53+00:00","article:publisher":"https:\/\/facebook.com\/eldigitaldeasturias","twitter:card":"summary_large_image","twitter:title":"Muere en Guatemala la madre de Ricardo Arjona - El Digital de Asturias","twitter:description":"Guatemala, 4 nov (EFE).- Nohem\u00ed Morales viuda de Arjona, madre del cantautor guatemalteco Ricardo Arjona, muri\u00f3 hoy en un hospital privado de la capital guatemalteca como consecuencia de una larga enfermedad, informaron fuentes de la familiar del artista. Medios locales informaron en sus ediciones digitales de que la madre de Arjona, de 71 a\u00f1os, muri\u00f3","twitter:label1":"Escrito por","twitter:data1":"El Digital de Asturias","twitter:label2":"Tiempo de lectura estimado","twitter:data2":"1 minuto"},"aioseo_meta_data":{"post_id":"458029","title":null,"description":null,"keywords":null,"keyphrases":null,"primary_term":null,"canonical_url":null,"og_title":null,"og_description":null,"og_object_type":"default","og_image_type":"default","og_image_url":null,"og_image_width":null,"og_image_height":null,"og_image_custom_url":null,"og_image_custom_fields":null,"og_video":null,"og_custom_url":null,"og_article_section":null,"og_article_tags":null,"twitter_use_og":true,"twitter_card":"default","twitter_image_type":"default","twitter_image_url":null,"twitter_image_custom_url":null,"twitter_image_custom_fields":null,"twitter_title":null,"twitter_description":null,"schema":{"blockGraphs":[],"customGraphs":[],"default":{"data":{"Article":[],"Course":[],"Dataset":[],"FAQPage":[],"Movie":[],"Person":[],"Product":[],"ProductReview":[],"Car":[],"Recipe":[],"Service":[],"SoftwareApplication":[],"WebPage":[]},"graphName":"","isEnabled":true},"graphs":[],"defaultGraph":"","defaultPostTypeGraph":""},"schema_type":null,"schema_type_options":null,"pillar_content":false,"robots_default":true,"robots_noindex":false,"robots_noarchive":false,"robots_nosnippet":false,"robots_nofollow":false,"robots_noimageindex":false,"robots_noodp":false,"robots_notranslate":false,"robots_max_snippet":null,"robots_max_videopreview":null,"robots_max_imagepreview":"none","priority":null,"frequency":null,"local_seo":null,"seo_analyzer_scan_date":"2026-05-30 04:06:08","breadcrumb_settings":null,"limit_modified_date":false,"open_ai":null,"ai":null,"created":"2020-11-14 22:46:14","updated":"2026-05-30 04:06:08","focus_keyword":null,"additional_keywords":null,"truseo_locale":null},"aioseo_breadcrumb":"<div class=\"aioseo-breadcrumbs\"><span class=\"aioseo-breadcrumb\">\n\t<a href=\"https:\/\/www.eldigitaldeasturias.com\/noticias\" title=\"Home\">Home<\/a>\n<\/span><span class=\"aioseo-breadcrumb-separator\">\u2013<\/span><span class=\"aioseo-breadcrumb\">\n\t<a href=\"https:\/\/www.eldigitaldeasturias.com\/noticias\/category\/sociedad\/\" title=\"Sociedad\">Sociedad<\/a>\n<\/span><span class=\"aioseo-breadcrumb-separator\">\u2013<\/span><span class=\"aioseo-breadcrumb\">\n\t<a href=\"https:\/\/www.eldigitaldeasturias.com\/noticias\/muere-en-guatemala-la-madre-de-ricardo-arjona\/\" title=\"Muere en Guatemala la madre de Ricardo Arjona\">Muere en Guatemala la madre de Ricardo Arjona<\/a>\n<\/span><\/div>","aioseo_breadcrumb_json":[{"label":"Home","link":"https:\/\/www.eldigitaldeasturias.com\/noticias"},{"label":"Sociedad","link":"https:\/\/www.eldigitaldeasturias.com\/noticias\/category\/sociedad\/"},{"label":"Muere en Guatemala la madre de Ricardo Arjona","link":"https:\/\/www.eldigitaldeasturias.com\/noticias\/muere-en-guatemala-la-madre-de-ricardo-arjona\/"}],"_links":{"self":[{"href":"https:\/\/www.eldigitaldeasturias.com\/noticias\/wp-json\/wp\/v2\/posts\/458029","targetHints":{"allow":["GET"]}}],"collection":[{"href":"https:\/\/www.eldigitaldeasturias.com\/noticias\/wp-json\/wp\/v2\/posts"}],"about":[{"href":"https:\/\/www.eldigitaldeasturias.com\/noticias\/wp-json\/wp\/v2\/types\/post"}],"author":[{"embeddable":true,"href":"https:\/\/www.eldigitaldeasturias.com\/noticias\/wp-json\/wp\/v2\/users\/1"}],"replies":[{"embeddable":true,"href":"https:\/\/www.eldigitaldeasturias.com\/noticias\/wp-json\/wp\/v2\/comments?post=458029"}],"version-history":[{"count":0,"href":"https:\/\/www.eldigitaldeasturias.com\/noticias\/wp-json\/wp\/v2\/posts\/458029\/revisions"}],"wp:attachment":[{"href":"https:\/\/www.eldigitaldeasturias.com\/noticias\/wp-json\/wp\/v2\/media?parent=458029"}],"wp:term":[{"taxonomy":"category","embeddable":true,"href":"https:\/\/www.eldigitaldeasturias.com\/noticias\/wp-json\/wp\/v2\/categories?post=458029"},{"taxonomy":"post_tag","embeddable":true,"href":"https:\/\/www.eldigitaldeasturias.com\/noticias\/wp-json\/wp\/v2\/tags?post=458029"}],"curies":[{"name":"wp","href":"https:\/\/api.w.org\/{rel}","templated":true}]}}