{"id":458013,"date":"2013-12-05T01:01:11","date_gmt":"2013-12-05T02:01:11","guid":{"rendered":"http:\/\/www.eldigitaldeasturias.com\/noticias\/?p=458013"},"modified":"2013-12-05T01:15:04","modified_gmt":"2013-12-05T02:15:04","slug":"josep-pedrerol-se-despide-de-punto-pelota","status":"publish","type":"post","link":"https:\/\/www.eldigitaldeasturias.com\/noticias\/josep-pedrerol-se-despide-de-punto-pelota\/","title":{"rendered":"Josep Pedrerol se despide de \u00abPunto Pelota\u00bb"},"content":{"rendered":"<p><img loading=\"lazy\" decoding=\"async\" class=\"alignleft size-medium wp-image-458014\" alt=\"5772949w\" src=\"https:\/\/www.eldigitaldeasturias.com\/noticias\/wp-content\/uploads\/2013\/12\/5772949w-214x320.jpg\" width=\"214\" height=\"320\" \/>Madrid, 4 dic (EFE).- Josep Pedrerol, sustituido desde hoy por Carlos Garc\u00eda Hirschfeld como director y presentador del programa \u00abPunto Pelota\u00bb de Intereconom\u00eda TV, anunci\u00f3 un pronto regreso a la pantalla: \u00abpronto estaremos juntos de nuevo\u00bb.<\/p>\n<p>\u00abEspero que (Julio) Ariza (propietario del grupo Intereconom\u00eda) no consiga arruinarme. Te das cuenta de que la fidelidad en esta profesi\u00f3n vale para poco. Esto ha servido para darse cuenta de que la familia de El Chiringuito est\u00e1 m\u00e1s viva y unida que nunca\u00bb, dijo a EFE.<\/p>\n<p>Pedrerol relat\u00f3 uno de los d\u00edas m\u00e1s complicados de su larga carrera. \u00abLos redactores han llegado a la sede de trabajo y un vigilante de seguridad les ha impedido la entrada. Me han llamado para decirme que no pod\u00edan entrar y hemos ido con la Polic\u00eda para que levantaran acta de lo ocurrido\u00bb.<\/p>\n<p>\u00abEs llamativo que te deban seis meses y adem\u00e1s te despidan. Ped\u00ed un cr\u00e9dito personal para pagar a la gente por adelantado y ahora Intereconomia me lo paga de esta manera\u00bb, a\u00f1adi\u00f3.<\/p>\n<p>\u00abPunto Pelota\u00bb, se\u00f1al\u00f3, \u00abno es un banquillo, ni un cesped ni un nombre. El \u00e9xito del programa es la complicidad entre los espectadores y nosotros. Y un mensaje para ellos directo: nadie nos va a silenciar. Pronto estaremos juntos de nuevo\u00bb.<\/p>\n<p>El periodista y presentador de televisi\u00f3n Carlos Garc\u00eda Hirschfeld sustituye desde hoy a Pedrerol, que hasta ahora dirig\u00eda y presentaba el programa deportivo nocturno de Intereconom\u00eda TV \u00abPunto Pelota\u00bb, seg\u00fan ha informado la cadena en un comunicado.<\/p>\n<p>Garc\u00eda Hirschfeld comenz\u00f3 su carrera en Antena 3 como colaborador y pronto pas\u00f3 a presentar y dirigir programas, y a continuaci\u00f3n trabaj\u00f3 en Telemadrid, donde present\u00f3 durante dos a\u00f1os el programa deportivo \u00abF\u00fatbol es F\u00fatbol\u00bb.<\/p>\n<p>Tras su paso por La 1 de TVE, comienza ahora su andadura en Intereconom\u00eda TV con un programa deportivo, donde \u00abse siente como pez en el agua\u00bb, apunta el comunicado.<\/p>\n<p>\u00abSalto a la cancha, nunca mejor dicho, con la m\u00e1xima ilusi\u00f3n. Presentar &#8216;Punto Pelota&#8217; es un reto y un privilegio. Trataremos de respetar todo lo bueno del programa, que es mucho, y de mejorar en todo aquello donde se pueda mejorar\u00bb, ha se\u00f1alado Garc\u00eda Hirschfeld.<\/p>\n","protected":false},"excerpt":{"rendered":"<p>Madrid, 4 dic (EFE).- Josep Pedrerol, sustituido desde hoy por Carlos Garc\u00eda Hirschfeld como director y presentador del programa \u00abPunto Pelota\u00bb de Intereconom\u00eda TV, anunci\u00f3 un pronto regreso a la pantalla: \u00abpronto estaremos juntos de nuevo\u00bb. \u00abEspero que (Julio) Ariza (propietario del grupo Intereconom\u00eda) no consiga arruinarme. Te das cuenta de que la fidelidad en [&hellip;]<\/p>\n","protected":false},"author":1,"featured_media":458014,"comment_status":"closed","ping_status":"open","sticky":false,"template":"","format":"standard","meta":{"footnotes":""},"categories":[50],"tags":[],"class_list":["post-458013","post","type-post","status-publish","format-standard","has-post-thumbnail","hentry","category-revista-de-ocio"],"aioseo_notices":[],"aioseo_head":"\n\t\t<!-- All in One SEO Pro 5.0.1 - aioseo.com -->\n\t<meta name=\"description\" content=\"Madrid, 4 dic (EFE).- Josep Pedrerol, sustituido desde hoy por Carlos Garc\u00eda Hirschfeld como director y presentador del programa &quot;Punto Pelota&quot; de Intereconom\u00eda TV, anunci\u00f3 un pronto regreso a la pantalla: &quot;pronto estaremos juntos de nuevo&quot;. &quot;Espero que (Julio) Ariza (propietario del grupo Intereconom\u00eda) no consiga arruinarme. Te das cuenta de que la fidelidad en\" \/>\n\t<meta name=\"robots\" content=\"max-image-preview:large\" \/>\n\t<meta name=\"author\" content=\"El Digital de Asturias\"\/>\n\t<meta name=\"google-site-verification\" content=\"UA-38556648-1\" \/>\n\t<meta name=\"msvalidate.01\" content=\"7dfe9f3f1b24437ab69f4f2559babe99\" \/>\n\t<meta name=\"keywords\" content=\"revista de ocio\" \/>\n\t<link rel=\"canonical\" href=\"https:\/\/www.eldigitaldeasturias.com\/noticias\/josep-pedrerol-se-despide-de-punto-pelota\/\" \/>\n\t<meta name=\"generator\" content=\"All in One SEO Pro (AIOSEO) 5.0.1\" \/>\n\t\t<meta property=\"og:locale\" content=\"es_ES\" \/>\n\t\t<meta property=\"og:site_name\" content=\"El Digital de Asturias\" \/>\n\t\t<meta property=\"og:type\" content=\"article\" \/>\n\t\t<meta property=\"og:title\" content=\"Josep Pedrerol se despide de \u00abPunto Pelota\u00bb - El Digital de Asturias\" \/>\n\t\t<meta property=\"og:description\" content=\"Madrid, 4 dic (EFE).- Josep Pedrerol, sustituido desde hoy por Carlos Garc\u00eda Hirschfeld como director y presentador del programa &quot;Punto Pelota&quot; de Intereconom\u00eda TV, anunci\u00f3 un pronto regreso a la pantalla: &quot;pronto estaremos juntos de nuevo&quot;. &quot;Espero que (Julio) Ariza (propietario del grupo Intereconom\u00eda) no consiga arruinarme. Te das cuenta de que la fidelidad en\" \/>\n\t\t<meta property=\"og:url\" content=\"https:\/\/www.eldigitaldeasturias.com\/noticias\/josep-pedrerol-se-despide-de-punto-pelota\/\" \/>\n\t\t<meta property=\"article:tag\" content=\"revista de ocio\" \/>\n\t\t<meta property=\"article:published_time\" content=\"2013-12-05T02:01:11+00:00\" \/>\n\t\t<meta property=\"article:modified_time\" content=\"2013-12-05T02:15:04+00:00\" \/>\n\t\t<meta property=\"article:publisher\" content=\"https:\/\/facebook.com\/eldigitaldeasturias\" \/>\n\t\t<meta name=\"twitter:card\" content=\"summary_large_image\" \/>\n\t\t<meta name=\"twitter:title\" content=\"Josep Pedrerol se despide de \u00abPunto Pelota\u00bb - El Digital de Asturias\" \/>\n\t\t<meta name=\"twitter:description\" content=\"Madrid, 4 dic (EFE).- Josep Pedrerol, sustituido desde hoy por Carlos Garc\u00eda Hirschfeld como director y presentador del programa &quot;Punto Pelota&quot; de Intereconom\u00eda TV, anunci\u00f3 un pronto regreso a la pantalla: &quot;pronto estaremos juntos de nuevo&quot;. &quot;Espero que (Julio) Ariza (propietario del grupo Intereconom\u00eda) no consiga arruinarme. Te das cuenta de que la fidelidad en\" \/>\n\t\t<meta name=\"twitter:label1\" content=\"Escrito por\" \/>\n\t\t<meta name=\"twitter:data1\" content=\"El Digital de Asturias\" \/>\n\t\t<meta name=\"twitter:label2\" content=\"Tiempo de lectura estimado\" \/>\n\t\t<meta name=\"twitter:data2\" content=\"2 minutos\" \/>\n\t\t<script type=\"application\/ld+json\" class=\"aioseo-schema\">\n\t\t\t{\"@context\":\"https:\\\/\\\/schema.org\",\"@graph\":[{\"@type\":\"BlogPosting\",\"@id\":\"https:\\\/\\\/www.eldigitaldeasturias.com\\\/noticias\\\/josep-pedrerol-se-despide-de-punto-pelota\\\/#blogposting\",\"name\":\"Josep Pedrerol se despide de \\u00abPunto Pelota\\u00bb - El Digital de Asturias\",\"headline\":\"Josep Pedrerol se despide de \\u00abPunto Pelota\\u00bb\",\"author\":{\"@id\":\"https:\\\/\\\/www.eldigitaldeasturias.com\\\/noticias\\\/author\\\/admin\\\/#author\"},\"publisher\":{\"@id\":\"https:\\\/\\\/www.eldigitaldeasturias.com\\\/noticias\\\/#organization\"},\"image\":{\"@type\":\"ImageObject\",\"url\":458014},\"datePublished\":\"2013-12-05T01:01:11+01:00\",\"dateModified\":\"2013-12-05T01:15:04+01:00\",\"inLanguage\":\"es-ES\",\"mainEntityOfPage\":{\"@id\":\"https:\\\/\\\/www.eldigitaldeasturias.com\\\/noticias\\\/josep-pedrerol-se-despide-de-punto-pelota\\\/#webpage\"},\"isPartOf\":{\"@id\":\"https:\\\/\\\/www.eldigitaldeasturias.com\\\/noticias\\\/josep-pedrerol-se-despide-de-punto-pelota\\\/#webpage\"},\"articleSection\":\"Revista de Ocio\"},{\"@type\":\"BreadcrumbList\",\"@id\":\"https:\\\/\\\/www.eldigitaldeasturias.com\\\/noticias\\\/josep-pedrerol-se-despide-de-punto-pelota\\\/#breadcrumblist\",\"itemListElement\":[{\"@type\":\"ListItem\",\"@id\":\"https:\\\/\\\/www.eldigitaldeasturias.com\\\/noticias#listItem\",\"position\":1,\"name\":\"Home\",\"item\":\"https:\\\/\\\/www.eldigitaldeasturias.com\\\/noticias\",\"nextItem\":{\"@type\":\"ListItem\",\"@id\":\"https:\\\/\\\/www.eldigitaldeasturias.com\\\/noticias\\\/category\\\/revista-de-ocio\\\/#listItem\",\"name\":\"Revista de Ocio\"}},{\"@type\":\"ListItem\",\"@id\":\"https:\\\/\\\/www.eldigitaldeasturias.com\\\/noticias\\\/category\\\/revista-de-ocio\\\/#listItem\",\"position\":2,\"name\":\"Revista de Ocio\",\"item\":\"https:\\\/\\\/www.eldigitaldeasturias.com\\\/noticias\\\/category\\\/revista-de-ocio\\\/\",\"nextItem\":{\"@type\":\"ListItem\",\"@id\":\"https:\\\/\\\/www.eldigitaldeasturias.com\\\/noticias\\\/josep-pedrerol-se-despide-de-punto-pelota\\\/#listItem\",\"name\":\"Josep Pedrerol se despide de \\u00abPunto Pelota\\u00bb\"},\"previousItem\":{\"@type\":\"ListItem\",\"@id\":\"https:\\\/\\\/www.eldigitaldeasturias.com\\\/noticias#listItem\",\"name\":\"Home\"}},{\"@type\":\"ListItem\",\"@id\":\"https:\\\/\\\/www.eldigitaldeasturias.com\\\/noticias\\\/josep-pedrerol-se-despide-de-punto-pelota\\\/#listItem\",\"position\":3,\"name\":\"Josep Pedrerol se despide de \\u00abPunto Pelota\\u00bb\",\"previousItem\":{\"@type\":\"ListItem\",\"@id\":\"https:\\\/\\\/www.eldigitaldeasturias.com\\\/noticias\\\/category\\\/revista-de-ocio\\\/#listItem\",\"name\":\"Revista de Ocio\"}}]},{\"@type\":\"Organization\",\"@id\":\"https:\\\/\\\/www.eldigitaldeasturias.com\\\/noticias\\\/#organization\",\"name\":\"El Digital de Asturias\",\"description\":\"Hemeroteca\",\"url\":\"https:\\\/\\\/www.eldigitaldeasturias.com\\\/noticias\\\/\",\"email\":\"info@eldigitaldeasturias.com\",\"telephone\":\"+34652131393\",\"logo\":{\"@type\":\"ImageObject\",\"url\":\"https:\\\/\\\/www.eldigitaldeasturias.com\\\/noticias\\\/wp-content\\\/uploads\\\/2020\\\/12\\\/EDA.jpg\",\"@id\":\"https:\\\/\\\/www.eldigitaldeasturias.com\\\/noticias\\\/josep-pedrerol-se-despide-de-punto-pelota\\\/#organizationLogo\"},\"image\":{\"@id\":\"https:\\\/\\\/www.eldigitaldeasturias.com\\\/noticias\\\/josep-pedrerol-se-despide-de-punto-pelota\\\/#organizationLogo\"},\"sameAs\":[\"https:\\\/\\\/facebook.com\\\/eldigitaldeasturias\",\"https:\\\/\\\/www.youtube.com\\\/channel\\\/UCZP-2wLEB9Rv6erhFmqVnvg\"],\"address\":{\"@id\":\"https:\\\/\\\/www.eldigitaldeasturias.com\\\/noticias\\\/#postaladdress\",\"@type\":\"PostalAddress\",\"streetAddress\":\"san antonio 4\",\"postalCode\":\"33430\",\"addressLocality\":\"Cand\\u00e1s\",\"addressRegion\":\"Asturias\",\"addressCountry\":\"ES\"}},{\"@type\":\"Person\",\"@id\":\"https:\\\/\\\/www.eldigitaldeasturias.com\\\/noticias\\\/author\\\/admin\\\/#author\",\"url\":\"https:\\\/\\\/www.eldigitaldeasturias.com\\\/noticias\\\/author\\\/admin\\\/\",\"name\":\"El Digital de Asturias\",\"image\":{\"@type\":\"ImageObject\",\"@id\":\"https:\\\/\\\/www.eldigitaldeasturias.com\\\/noticias\\\/josep-pedrerol-se-despide-de-punto-pelota\\\/#authorImage\",\"url\":\"https:\\\/\\\/secure.gravatar.com\\\/avatar\\\/df2aeffc32bcd13f8d26072ef8a91b623d677766deac7f97ca815868cd41bf5e?s=96&d=mm&r=g\",\"width\":96,\"height\":96,\"caption\":\"El Digital de Asturias\"}},{\"@type\":\"WebPage\",\"@id\":\"https:\\\/\\\/www.eldigitaldeasturias.com\\\/noticias\\\/josep-pedrerol-se-despide-de-punto-pelota\\\/#webpage\",\"url\":\"https:\\\/\\\/www.eldigitaldeasturias.com\\\/noticias\\\/josep-pedrerol-se-despide-de-punto-pelota\\\/\",\"name\":\"Josep Pedrerol se despide de \\u00abPunto Pelota\\u00bb - El Digital de Asturias\",\"description\":\"Madrid, 4 dic (EFE).- Josep Pedrerol, sustituido desde hoy por Carlos Garc\\u00eda Hirschfeld como director y presentador del programa \\\"Punto Pelota\\\" de Intereconom\\u00eda TV, anunci\\u00f3 un pronto regreso a la pantalla: \\\"pronto estaremos juntos de nuevo\\\". \\\"Espero que (Julio) Ariza (propietario del grupo Intereconom\\u00eda) no consiga arruinarme. Te das cuenta de que la fidelidad en\",\"inLanguage\":\"es-ES\",\"isPartOf\":{\"@id\":\"https:\\\/\\\/www.eldigitaldeasturias.com\\\/noticias\\\/#website\"},\"breadcrumb\":{\"@id\":\"https:\\\/\\\/www.eldigitaldeasturias.com\\\/noticias\\\/josep-pedrerol-se-despide-de-punto-pelota\\\/#breadcrumblist\"},\"author\":{\"@id\":\"https:\\\/\\\/www.eldigitaldeasturias.com\\\/noticias\\\/author\\\/admin\\\/#author\"},\"creator\":{\"@id\":\"https:\\\/\\\/www.eldigitaldeasturias.com\\\/noticias\\\/author\\\/admin\\\/#author\"},\"image\":{\"@type\":\"ImageObject\",\"url\":458014,\"@id\":\"https:\\\/\\\/www.eldigitaldeasturias.com\\\/noticias\\\/josep-pedrerol-se-despide-de-punto-pelota\\\/#mainImage\"},\"primaryImageOfPage\":{\"@id\":\"https:\\\/\\\/www.eldigitaldeasturias.com\\\/noticias\\\/josep-pedrerol-se-despide-de-punto-pelota\\\/#mainImage\"},\"datePublished\":\"2013-12-05T01:01:11+01:00\",\"dateModified\":\"2013-12-05T01:15:04+01:00\"},{\"@type\":\"WebSite\",\"@id\":\"https:\\\/\\\/www.eldigitaldeasturias.com\\\/noticias\\\/#website\",\"url\":\"https:\\\/\\\/www.eldigitaldeasturias.com\\\/noticias\\\/\",\"name\":\"El Digital de Asturias - Diario de actualidad y noticias\",\"alternateName\":\"El Digital de Asturias - Diario de actualidad y noticias\",\"description\":\"Hemeroteca\",\"inLanguage\":\"es-ES\",\"publisher\":{\"@id\":\"https:\\\/\\\/www.eldigitaldeasturias.com\\\/noticias\\\/#organization\"}}]}\n\t\t<\/script>\n\t\t<!-- All in One SEO Pro -->\r\n\t\t<title>Josep Pedrerol se despide de \u00abPunto Pelota\u00bb - El Digital de Asturias<\/title>\n\n","aioseo_head_json":{"title":"Josep Pedrerol se despide de \u00abPunto Pelota\u00bb - El Digital de Asturias","description":"Madrid, 4 dic (EFE).- Josep Pedrerol, sustituido desde hoy por Carlos Garc\u00eda Hirschfeld como director y presentador del programa \"Punto Pelota\" de Intereconom\u00eda TV, anunci\u00f3 un pronto regreso a la pantalla: \"pronto estaremos juntos de nuevo\". \"Espero que (Julio) Ariza (propietario del grupo Intereconom\u00eda) no consiga arruinarme. Te das cuenta de que la fidelidad en","canonical_url":"https:\/\/www.eldigitaldeasturias.com\/noticias\/josep-pedrerol-se-despide-de-punto-pelota\/","robots":"max-image-preview:large","keywords":"revista de ocio","webmasterTools":{"google-site-verification":"UA-38556648-1","msvalidate.01":"7dfe9f3f1b24437ab69f4f2559babe99","miscellaneous":""},"schema":{"@context":"https:\/\/schema.org","@graph":[{"@type":"BlogPosting","@id":"https:\/\/www.eldigitaldeasturias.com\/noticias\/josep-pedrerol-se-despide-de-punto-pelota\/#blogposting","name":"Josep Pedrerol se despide de \u00abPunto Pelota\u00bb - El Digital de Asturias","headline":"Josep Pedrerol se despide de \u00abPunto Pelota\u00bb","author":{"@id":"https:\/\/www.eldigitaldeasturias.com\/noticias\/author\/admin\/#author"},"publisher":{"@id":"https:\/\/www.eldigitaldeasturias.com\/noticias\/#organization"},"image":{"@type":"ImageObject","url":458014},"datePublished":"2013-12-05T01:01:11+01:00","dateModified":"2013-12-05T01:15:04+01:00","inLanguage":"es-ES","mainEntityOfPage":{"@id":"https:\/\/www.eldigitaldeasturias.com\/noticias\/josep-pedrerol-se-despide-de-punto-pelota\/#webpage"},"isPartOf":{"@id":"https:\/\/www.eldigitaldeasturias.com\/noticias\/josep-pedrerol-se-despide-de-punto-pelota\/#webpage"},"articleSection":"Revista de Ocio"},{"@type":"BreadcrumbList","@id":"https:\/\/www.eldigitaldeasturias.com\/noticias\/josep-pedrerol-se-despide-de-punto-pelota\/#breadcrumblist","itemListElement":[{"@type":"ListItem","@id":"https:\/\/www.eldigitaldeasturias.com\/noticias#listItem","position":1,"name":"Home","item":"https:\/\/www.eldigitaldeasturias.com\/noticias","nextItem":{"@type":"ListItem","@id":"https:\/\/www.eldigitaldeasturias.com\/noticias\/category\/revista-de-ocio\/#listItem","name":"Revista de Ocio"}},{"@type":"ListItem","@id":"https:\/\/www.eldigitaldeasturias.com\/noticias\/category\/revista-de-ocio\/#listItem","position":2,"name":"Revista de Ocio","item":"https:\/\/www.eldigitaldeasturias.com\/noticias\/category\/revista-de-ocio\/","nextItem":{"@type":"ListItem","@id":"https:\/\/www.eldigitaldeasturias.com\/noticias\/josep-pedrerol-se-despide-de-punto-pelota\/#listItem","name":"Josep Pedrerol se despide de \u00abPunto Pelota\u00bb"},"previousItem":{"@type":"ListItem","@id":"https:\/\/www.eldigitaldeasturias.com\/noticias#listItem","name":"Home"}},{"@type":"ListItem","@id":"https:\/\/www.eldigitaldeasturias.com\/noticias\/josep-pedrerol-se-despide-de-punto-pelota\/#listItem","position":3,"name":"Josep Pedrerol se despide de \u00abPunto Pelota\u00bb","previousItem":{"@type":"ListItem","@id":"https:\/\/www.eldigitaldeasturias.com\/noticias\/category\/revista-de-ocio\/#listItem","name":"Revista de Ocio"}}]},{"@type":"Organization","@id":"https:\/\/www.eldigitaldeasturias.com\/noticias\/#organization","name":"El Digital de Asturias","description":"Hemeroteca","url":"https:\/\/www.eldigitaldeasturias.com\/noticias\/","email":"info@eldigitaldeasturias.com","telephone":"+34652131393","logo":{"@type":"ImageObject","url":"https:\/\/www.eldigitaldeasturias.com\/noticias\/wp-content\/uploads\/2020\/12\/EDA.jpg","@id":"https:\/\/www.eldigitaldeasturias.com\/noticias\/josep-pedrerol-se-despide-de-punto-pelota\/#organizationLogo"},"image":{"@id":"https:\/\/www.eldigitaldeasturias.com\/noticias\/josep-pedrerol-se-despide-de-punto-pelota\/#organizationLogo"},"sameAs":["https:\/\/facebook.com\/eldigitaldeasturias","https:\/\/www.youtube.com\/channel\/UCZP-2wLEB9Rv6erhFmqVnvg"],"address":{"@id":"https:\/\/www.eldigitaldeasturias.com\/noticias\/#postaladdress","@type":"PostalAddress","streetAddress":"san antonio 4","postalCode":"33430","addressLocality":"Cand\u00e1s","addressRegion":"Asturias","addressCountry":"ES"}},{"@type":"Person","@id":"https:\/\/www.eldigitaldeasturias.com\/noticias\/author\/admin\/#author","url":"https:\/\/www.eldigitaldeasturias.com\/noticias\/author\/admin\/","name":"El Digital de Asturias","image":{"@type":"ImageObject","@id":"https:\/\/www.eldigitaldeasturias.com\/noticias\/josep-pedrerol-se-despide-de-punto-pelota\/#authorImage","url":"https:\/\/secure.gravatar.com\/avatar\/df2aeffc32bcd13f8d26072ef8a91b623d677766deac7f97ca815868cd41bf5e?s=96&d=mm&r=g","width":96,"height":96,"caption":"El Digital de Asturias"}},{"@type":"WebPage","@id":"https:\/\/www.eldigitaldeasturias.com\/noticias\/josep-pedrerol-se-despide-de-punto-pelota\/#webpage","url":"https:\/\/www.eldigitaldeasturias.com\/noticias\/josep-pedrerol-se-despide-de-punto-pelota\/","name":"Josep Pedrerol se despide de \u00abPunto Pelota\u00bb - El Digital de Asturias","description":"Madrid, 4 dic (EFE).- Josep Pedrerol, sustituido desde hoy por Carlos Garc\u00eda Hirschfeld como director y presentador del programa \"Punto Pelota\" de Intereconom\u00eda TV, anunci\u00f3 un pronto regreso a la pantalla: \"pronto estaremos juntos de nuevo\". \"Espero que (Julio) Ariza (propietario del grupo Intereconom\u00eda) no consiga arruinarme. Te das cuenta de que la fidelidad en","inLanguage":"es-ES","isPartOf":{"@id":"https:\/\/www.eldigitaldeasturias.com\/noticias\/#website"},"breadcrumb":{"@id":"https:\/\/www.eldigitaldeasturias.com\/noticias\/josep-pedrerol-se-despide-de-punto-pelota\/#breadcrumblist"},"author":{"@id":"https:\/\/www.eldigitaldeasturias.com\/noticias\/author\/admin\/#author"},"creator":{"@id":"https:\/\/www.eldigitaldeasturias.com\/noticias\/author\/admin\/#author"},"image":{"@type":"ImageObject","url":458014,"@id":"https:\/\/www.eldigitaldeasturias.com\/noticias\/josep-pedrerol-se-despide-de-punto-pelota\/#mainImage"},"primaryImageOfPage":{"@id":"https:\/\/www.eldigitaldeasturias.com\/noticias\/josep-pedrerol-se-despide-de-punto-pelota\/#mainImage"},"datePublished":"2013-12-05T01:01:11+01:00","dateModified":"2013-12-05T01:15:04+01:00"},{"@type":"WebSite","@id":"https:\/\/www.eldigitaldeasturias.com\/noticias\/#website","url":"https:\/\/www.eldigitaldeasturias.com\/noticias\/","name":"El Digital de Asturias - Diario de actualidad y noticias","alternateName":"El Digital de Asturias - Diario de actualidad y noticias","description":"Hemeroteca","inLanguage":"es-ES","publisher":{"@id":"https:\/\/www.eldigitaldeasturias.com\/noticias\/#organization"}}]},"og:locale":"es_ES","og:site_name":"El Digital de Asturias","og:type":"article","og:title":"Josep Pedrerol se despide de \u00abPunto Pelota\u00bb - El Digital de Asturias","og:description":"Madrid, 4 dic (EFE).- Josep Pedrerol, sustituido desde hoy por Carlos Garc\u00eda Hirschfeld como director y presentador del programa &quot;Punto Pelota&quot; de Intereconom\u00eda TV, anunci\u00f3 un pronto regreso a la pantalla: &quot;pronto estaremos juntos de nuevo&quot;. &quot;Espero que (Julio) Ariza (propietario del grupo Intereconom\u00eda) no consiga arruinarme. Te das cuenta de que la fidelidad en","og:url":"https:\/\/www.eldigitaldeasturias.com\/noticias\/josep-pedrerol-se-despide-de-punto-pelota\/","article:tag":["revista de ocio"],"article:published_time":"2013-12-05T02:01:11+00:00","article:modified_time":"2013-12-05T02:15:04+00:00","article:publisher":"https:\/\/facebook.com\/eldigitaldeasturias","twitter:card":"summary_large_image","twitter:title":"Josep Pedrerol se despide de \u00abPunto Pelota\u00bb - El Digital de Asturias","twitter:description":"Madrid, 4 dic (EFE).- Josep Pedrerol, sustituido desde hoy por Carlos Garc\u00eda Hirschfeld como director y presentador del programa &quot;Punto Pelota&quot; de Intereconom\u00eda TV, anunci\u00f3 un pronto regreso a la pantalla: &quot;pronto estaremos juntos de nuevo&quot;. &quot;Espero que (Julio) Ariza (propietario del grupo Intereconom\u00eda) no consiga arruinarme. Te das cuenta de que la fidelidad en","twitter:label1":"Escrito por","twitter:data1":"El Digital de Asturias","twitter:label2":"Tiempo de lectura estimado","twitter:data2":"2 minutos"},"aioseo_meta_data":{"post_id":"458013","title":null,"description":null,"keywords":null,"keyphrases":null,"primary_term":null,"canonical_url":null,"og_title":null,"og_description":null,"og_object_type":"default","og_image_type":"default","og_image_url":null,"og_image_width":null,"og_image_height":null,"og_image_custom_url":null,"og_image_custom_fields":null,"og_video":null,"og_custom_url":null,"og_article_section":null,"og_article_tags":null,"twitter_use_og":true,"twitter_card":"default","twitter_image_type":"default","twitter_image_url":null,"twitter_image_custom_url":null,"twitter_image_custom_fields":null,"twitter_title":null,"twitter_description":null,"schema":{"blockGraphs":[],"customGraphs":[],"default":{"data":{"Article":[],"Course":[],"Dataset":[],"FAQPage":[],"Movie":[],"Person":[],"Product":[],"ProductReview":[],"Car":[],"Recipe":[],"Service":[],"SoftwareApplication":[],"WebPage":[]},"graphName":"","isEnabled":true},"graphs":[],"defaultGraph":"","defaultPostTypeGraph":""},"schema_type":null,"schema_type_options":null,"pillar_content":false,"robots_default":true,"robots_noindex":false,"robots_noarchive":false,"robots_nosnippet":false,"robots_nofollow":false,"robots_noimageindex":false,"robots_noodp":false,"robots_notranslate":false,"robots_max_snippet":null,"robots_max_videopreview":null,"robots_max_imagepreview":"none","priority":null,"frequency":null,"local_seo":null,"seo_analyzer_scan_date":"2026-05-30 04:01:05","breadcrumb_settings":null,"limit_modified_date":false,"open_ai":null,"ai":null,"created":"2020-11-14 22:46:13","updated":"2026-05-30 04:01:05","focus_keyword":null,"additional_keywords":null,"truseo_locale":null},"aioseo_breadcrumb":"<div class=\"aioseo-breadcrumbs\"><span class=\"aioseo-breadcrumb\">\n\t<a href=\"https:\/\/www.eldigitaldeasturias.com\/noticias\" title=\"Home\">Home<\/a>\n<\/span><span class=\"aioseo-breadcrumb-separator\">\u2013<\/span><span class=\"aioseo-breadcrumb\">\n\t<a href=\"https:\/\/www.eldigitaldeasturias.com\/noticias\/category\/revista-de-ocio\/\" title=\"Revista de Ocio\">Revista de Ocio<\/a>\n<\/span><span class=\"aioseo-breadcrumb-separator\">\u2013<\/span><span class=\"aioseo-breadcrumb\">\n\t<a href=\"https:\/\/www.eldigitaldeasturias.com\/noticias\/josep-pedrerol-se-despide-de-punto-pelota\/\" title=\"Josep Pedrerol se despide de \u00abPunto Pelota\u00bb\">Josep Pedrerol se despide de \u00abPunto Pelota\u00bb<\/a>\n<\/span><\/div>","aioseo_breadcrumb_json":[{"label":"Home","link":"https:\/\/www.eldigitaldeasturias.com\/noticias"},{"label":"Revista de Ocio","link":"https:\/\/www.eldigitaldeasturias.com\/noticias\/category\/revista-de-ocio\/"},{"label":"Josep Pedrerol se despide de \u00abPunto Pelota\u00bb","link":"https:\/\/www.eldigitaldeasturias.com\/noticias\/josep-pedrerol-se-despide-de-punto-pelota\/"}],"_links":{"self":[{"href":"https:\/\/www.eldigitaldeasturias.com\/noticias\/wp-json\/wp\/v2\/posts\/458013","targetHints":{"allow":["GET"]}}],"collection":[{"href":"https:\/\/www.eldigitaldeasturias.com\/noticias\/wp-json\/wp\/v2\/posts"}],"about":[{"href":"https:\/\/www.eldigitaldeasturias.com\/noticias\/wp-json\/wp\/v2\/types\/post"}],"author":[{"embeddable":true,"href":"https:\/\/www.eldigitaldeasturias.com\/noticias\/wp-json\/wp\/v2\/users\/1"}],"replies":[{"embeddable":true,"href":"https:\/\/www.eldigitaldeasturias.com\/noticias\/wp-json\/wp\/v2\/comments?post=458013"}],"version-history":[{"count":0,"href":"https:\/\/www.eldigitaldeasturias.com\/noticias\/wp-json\/wp\/v2\/posts\/458013\/revisions"}],"wp:attachment":[{"href":"https:\/\/www.eldigitaldeasturias.com\/noticias\/wp-json\/wp\/v2\/media?parent=458013"}],"wp:term":[{"taxonomy":"category","embeddable":true,"href":"https:\/\/www.eldigitaldeasturias.com\/noticias\/wp-json\/wp\/v2\/categories?post=458013"},{"taxonomy":"post_tag","embeddable":true,"href":"https:\/\/www.eldigitaldeasturias.com\/noticias\/wp-json\/wp\/v2\/tags?post=458013"}],"curies":[{"name":"wp","href":"https:\/\/api.w.org\/{rel}","templated":true}]}}